{"id":21130,"date":"2025-09-29T18:02:18","date_gmt":"2025-09-29T16:02:18","guid":{"rendered":"https:\/\/archiv.siov.sk\/?p=21130"},"modified":"2025-10-15T21:56:46","modified_gmt":"2025-10-15T19:56:46","slug":"ucit-sa-inak-konferencia","status":"publish","type":"post","link":"https:\/\/archiv.siov.sk\/en\/ucit-sa-inak-konferencia\/","title":{"rendered":"Beyond Classrooms: Alternative Adult Learning Spaces"},"content":{"rendered":"<h3><strong>Beyond Classrooms: <span data-teams=\"true\">Alternative Adult Learning Spaces<\/span><\/strong><\/h3>\n<p><strong>Professional conference with international participation<\/strong><\/p>\n<ul>\n<li>October 16, 2025<\/li>\n<li>Hotel \u00a0Park Inn by Radisson Danube, Bratislava<\/li>\n<\/ul>\n<p>Come and be inspired at a professional conference organized by the State Institute for Vocational Education in cooperation with the National Coordinator for Adult Education.<\/p>\n<p>Today, adult education is increasingly taking place outside traditional classrooms: in companies, libraries, community cafes, or online.<\/p>\n<p>The event will show you how these and other alternative spaces can work in practice, what their advantages, pitfalls, and potential are. You can look forward to inspiring contributions from experts from academia and practice, an overview of current data on adult education in Slovakia, examples from abroad, and three practical workshops with lecturers who have long been active in the fields of financial literacy, media education, and human potential development.<\/p>\n<p>The informal networking session at the end will give you the opportunity to make new contacts, share experiences, and discuss opportunities for cooperation in the field of adult education.<\/p>\n<h3><span style=\"text-decoration: underline;\">CONFERENCE PROGRAM<\/span><\/h3>\n<p>8:30 \u2013 9:00   Registration, morning coffee<\/p>\n<p>9:00 \u2013 9:10   Conference opening<\/p>\n<p>9:10 \u2013 10:40   Expert contributions I.<\/p>\n<p>10:40 \u2013 11:00  Coffee break<\/p>\n<p>11:00 \u2013 12:30  Expert contributions II.<\/p>\n<p>12:30 \u2013 13:30  Lunch<\/p>\n<p>13:30 \u2013 15:00 Workshops<\/p>\n<p>15:00 \u2013 15:30 Summary and conclusion<\/p>\n<p>15:30 \u2013 16:30  Informal networking<\/p>\n<h4><span style=\"text-decoration: underline;\">Expert contributions I.<\/span><\/h4>\n<p><strong>What shapes alternative approaches to adult education in Slovakia\u00a0<\/strong><\/p>\n<p>Michaela Beran Sl\u00e1dkayov\u00e1 \u05c0 Univerzita Mateja Bela v\u202fBanskej Bystrici \u05c0 michaela.sladkayova@umb.sk<\/p>\n<p><strong>Results of the 2022 Adult Education Survey in the Slovak Republic<\/strong><\/p>\n<p>\u013duba Habod\u00e1szov\u00e1 \u05c0 State Institute for Vocational Education \u05c0 luba.habodaszova@siov.sk<\/p>\n<p>Ivana Studen\u00e1 \u05c0 Slovak Academy of Sciences \u05c0 ivana.studena@savba.sk<\/p>\n<p><strong style=\"font-size: 16px;\">Results of mapping adult learning spaces in the Slovak Republic<\/strong><\/p>\n<p>Tom\u00e1\u0161 Jan\u010di \u05c0 State Institute for Vocational Education and Training \u05c0 tomas.janci@siov.sk<\/p>\n<p><strong>Digit\u00e1lne ob\u010dianstvo pre v\u0161etky gener\u00e1cie<\/strong><\/p>\n<p>Nat\u00e1lia Babicov\u00e1 \u05c0 DigiQ \u05c0 natalia.babicova@digiq.sk<\/p>\n<h4><span style=\"text-decoration: underline;\">Expert contributions II.<\/span><\/h4>\n<p><strong>Community education in Ireland<\/strong><\/p>\n<p>Larisa \u0218ioneriu \u05c0 AONTAS The National Adult Learning Organisation Ireland \u05c0  lsioneriu@aontas.com<\/p>\n<p><strong>SmartLab \u2013 digital technologies for everyone in your library<\/strong><\/p>\n<p>D\u00e1vid Baranko \u05c0 Slovak Centre of Scientific and Technical Information \u05c0 david.baranko@cvtisr.sk<\/p>\n<p><strong>Education as the Elixir of Youth<\/strong><\/p>\n<p>Klaudia Bedn\u00e1rov\u00e1 \u05c0 Kogneo \u05c0 bednarova@kogneo.org<\/p>\n<p>&nbsp;<\/p>\n<h4><span style=\"text-decoration: underline;\">WORKSHOPS<\/span><\/h4>\n<p><strong style=\"font-size: 16px;\"><br \/>\nMoney Mindset<\/strong><\/p>\n<p><em>Denisa Francanov\u00e1 \u05c0 National Bank of Slovakia \u05c0 denisa.francanova@nbs.sk\u00a0\u00a0<\/em><\/p>\n<p>An interactive workshop on why people make irrational decisions about money despite the availability of facts and logical arguments. Participants will learn about the key factors that influence our financial decisions and how to develop a healthier relationship with money.<\/p>\n<p>About the lecturer:<br \/>\n<img decoding=\"async\" class=\"alignright wp-image-21181 size-full\" src=\"https:\/\/archiv.siov.sk\/wp-content\/uploads\/2025\/09\/francanova-foto.jpg\" alt=\"\" width=\"121\" height=\"180\" srcset=\"https:\/\/archiv.siov.sk\/wp-content\/uploads\/2025\/09\/francanova-foto.jpg 121w, https:\/\/archiv.siov.sk\/wp-content\/uploads\/2025\/09\/francanova-foto-8x12.jpg 8w\" sizes=\"(max-width: 121px) 100vw, 121px\" \/>D. Francanov\u00e1 is a member of the 5pe\u0148az\u00ed lecturing team at the National Bank of Slovakia, which is dedicated to financial literacy education with a focus on developing critical thinking and a healthy relationship with finance. Educational activities are tailored to different target groups.<\/p>\n<p>She has many years of experience as a lecturer in national and international projects, particularly in the field of financial education and social economy. She has collaborated on projects such as Bridges Out of Poverty (USA, Czech Republic, Slovakia) and Second Chance Schools (Sweden, Slovakia) and has translated professional methodologies in the fields of education, psychology, and social inclusion. <em>Mosty z chudoby<\/em> (USA, \u010cR, SR), <em>\u0160koly druhej \u0161ance<\/em> (\u0160v\u00e9dsko, SR) a prekladala odborn\u00e9 metodiky z oblasti vzdel\u00e1vania, psychol\u00f3gie a soci\u00e1lnej inkl\u00fazie.<\/p>\n<p>&nbsp;<\/p>\n<p><strong>Media literacy through play at any age<\/strong><\/p>\n<p><em>Alexandra Katkinov\u00e1 \u05c0 Seesame \u05c0 konspiratori.sk \u05c0 katkinova@seesame.com\u00a0<\/em><\/p>\n<p>A practical workshop focused on developing media literacy in seniors. You will learn to recognize misinformation, identify reliable sources, and try out an interactive quiz. We will show you a proven approach that helps hundreds of seniors cope with information chaos.<\/p>\n<p>About the lecturer:<br \/>\n<img decoding=\"async\" class=\"alignright wp-image-21141 size-thumbnail\" src=\"https:\/\/archiv.siov.sk\/wp-content\/uploads\/2025\/09\/Alexandra-Katkinova-150x150.jpg\" alt=\"A. Katkinov\u00e1\" width=\"150\" height=\"150\" \/>A. Katkinov\u00e1 is a communication expert, experienced facilitator, and trainer. She leads workshops on various topics in the field of communication and education. As part of the Kon\u0161pir\u00e1tori.sk project, she is involved in activities to strengthen media skills and develop critical thinking. She regularly conducts training for students at schools throughout Slovakia and for other target groups, including teachers and seniors.<\/p>\n<p>&nbsp;<\/p>\n<p><strong>70:20:10 \u2013 the ideal ratio for successful development<\/strong><\/p>\n<p><em>Alexandra Budinsk\u00e1 \u05c0 Ateli\u00e9r Rozvoja \u05c0 info@atelierrozvoja.sk\u00a0<\/em><\/p>\n<p>How do adults learn most effectively? Why is formal education just the tip of the iceberg, and why does real development take place outside of training? Discover the 70:20:10 model and learn how to apply it in your organization and personal development. The workshop also includes a mini individual growth plan.<\/p>\n<p>About the lecturer:<\/p>\n<p><img decoding=\"async\" class=\"alignright wp-image-21142 size-thumbnail\" src=\"https:\/\/archiv.siov.sk\/wp-content\/uploads\/2025\/09\/Alexandra-Budinska-150x150.jpg\" alt=\"A. Budinsk\u00e1\" width=\"150\" height=\"150\" \/>A. Budinsk\u00e1 is an internationally certified coach (ICF), lecturer, and consultant in the field of human potential development. She focuses primarily on workplace coaching\u2014both individual and team\u2014and on developing communication skills, stress management, and supporting corporate culture. She has many years of experience in the corporate environment, where she worked as an internal coach, lecturer, and project manager. She is a member of the Slovak Association of Coaches, coordinator of the \u017dilina Regional Coaches Club, and an active lecturer at a coaching school. She also works externally with companies, individuals, and community initiatives.<\/p>\n<p data-start=\"424\" data-end=\"630\"><strong data-start=\"424\" data-end=\"548\"><br \/>\nDon't miss this opportunity to meet experts, share your experiences, and look at adult education from a different angle. We look forward to seeing you there.<\/strong><\/p>\n<p data-start=\"632\" data-end=\"799\"><strong data-start=\"635\" data-end=\"718\">Please register by October 10, 2025, at the latest, using the registration form:<\/strong><br data-start=\"718\" data-end=\"721\" \/><a class=\"decorated-link\" href=\"https:\/\/forms.office.com\/e\/RneY3VWY4g\" target=\"_new\" rel=\"noopener\" data-start=\"721\" data-end=\"799\">https:\/\/forms.office.com\/e\/RneY3VWY4g<\/a><\/p>\n<p><a href=\"https:\/\/archiv.siov.sk\/wp-content\/uploads\/2025\/10\/ucit-sa-inak.pdf\" target=\"_blank\" rel=\"noopener\"><img loading=\"lazy\" decoding=\"async\" class=\"wp-image-21525 aligncenter\" src=\"https:\/\/archiv.siov.sk\/wp-content\/uploads\/2025\/10\/Program-Ucit-sa-inak-EN.png\" alt=\"program\" width=\"390\" height=\"550\" srcset=\"https:\/\/archiv.siov.sk\/wp-content\/uploads\/2025\/10\/Program-Ucit-sa-inak-EN.png 1240w, https:\/\/archiv.siov.sk\/wp-content\/uploads\/2025\/10\/Program-Ucit-sa-inak-EN-213x300.png 213w, https:\/\/archiv.siov.sk\/wp-content\/uploads\/2025\/10\/Program-Ucit-sa-inak-EN-726x1024.png 726w, https:\/\/archiv.siov.sk\/wp-content\/uploads\/2025\/10\/Program-Ucit-sa-inak-EN-768x1083.png 768w, https:\/\/archiv.siov.sk\/wp-content\/uploads\/2025\/10\/Program-Ucit-sa-inak-EN-1090x1536.png 1090w, https:\/\/archiv.siov.sk\/wp-content\/uploads\/2025\/10\/Program-Ucit-sa-inak-EN-9x12.png 9w\" sizes=\"(max-width: 390px) 100vw, 390px\" \/><\/a><\/p>\n<p>&nbsp;<\/p>","protected":false},"excerpt":{"rendered":"<p>U\u010di\u0165 sa inak: alternat\u00edvne priestory vzdel\u00e1vania dospel\u00fdch Odborn\u00e1 konferencia s medzin\u00e1rodnou \u00fa\u010das\u0165ou 16. okt\u00f3ber 2025 Hotel \u00a0Park Inn by Radisson Danube, Rybn\u00e9 n\u00e1m. 1, Bratislava Pr\u00ed\u010fte sa in\u0161pirova\u0165 na odborn\u00fa konferenciu, ktor\u00fa organizuje \u0160t\u00e1tny in\u0161tit\u00fat odborn\u00e9ho vzdel\u00e1vania a N\u00e1rodn\u00fd koordin\u00e1tor vzdel\u00e1vania dospel\u00fdch. Vzdel\u00e1vanie dospel\u00fdch sa dnes \u010doraz \u010dastej\u0161ie odohr\u00e1va mimo klasick\u00fdch u\u010debn\u00ed: vo firm\u00e1ch, kni\u017eniciach, [&hellip;]<\/p>\n","protected":false},"author":10,"featured_media":21134,"comment_status":"closed","ping_status":"closed","sticky":false,"template":"","format":"standard","meta":{"site-sidebar-layout":"default","site-content-layout":"","ast-site-content-layout":"default","site-content-style":"default","site-sidebar-style":"default","ast-global-header-display":"","ast-banner-title-visibility":"","ast-main-header-display":"","ast-hfb-above-header-display":"","ast-hfb-below-header-display":"","ast-hfb-mobile-header-display":"","site-post-title":"","ast-breadcrumbs-content":"","ast-featured-img":"","footer-sml-layout":"","ast-disable-related-posts":"","theme-transparent-header-meta":"default","adv-header-id-meta":"","stick-header-meta":"default","header-above-stick-meta":"","header-main-stick-meta":"","header-below-stick-meta":"","astra-migrate-meta-layouts":"set","ast-page-background-enabled":"default","ast-page-background-meta":{"desktop":{"background-color":"var(--ast-global-color-4)","background-image":"","background-repeat":"repeat","background-position":"center center","background-size":"auto","background-attachment":"scroll","background-type":"","background-media":"","overlay-type":"","overlay-color":"","overlay-opacity":"","overlay-gradient":""},"tablet":{"background-color":"","background-image":"","background-repeat":"repeat","background-position":"center center","background-size":"auto","background-attachment":"scroll","background-type":"","background-media":"","overlay-type":"","overlay-color":"","overlay-opacity":"","overlay-gradient":""},"mobile":{"background-color":"","background-image":"","background-repeat":"repeat","background-position":"center center","background-size":"auto","background-attachment":"scroll","background-type":"","background-media":"","overlay-type":"","overlay-color":"","overlay-opacity":"","overlay-gradient":""}},"ast-content-background-meta":{"desktop":{"background-color":"var(--ast-global-color-5)","background-image":"","background-repeat":"repeat","background-position":"center center","background-size":"auto","background-attachment":"scroll","background-type":"","background-media":"","overlay-type":"","overlay-color":"","overlay-opacity":"","overlay-gradient":""},"tablet":{"background-color":"var(--ast-global-color-5)","background-image":"","background-repeat":"repeat","background-position":"center center","background-size":"auto","background-attachment":"scroll","background-type":"","background-media":"","overlay-type":"","overlay-color":"","overlay-opacity":"","overlay-gradient":""},"mobile":{"background-color":"var(--ast-global-color-5)","background-image":"","background-repeat":"repeat","background-position":"center center","background-size":"auto","background-attachment":"scroll","background-type":"","background-media":"","overlay-type":"","overlay-color":"","overlay-opacity":"","overlay-gradient":""}},"footnotes":""},"categories":[1],"tags":[],"class_list":["post-21130","post","type-post","status-publish","format-standard","has-post-thumbnail","hentry","category-aktuality"],"yoast_head":"<!-- This site is optimized with the Yoast SEO plugin v27.5 - https:\/\/yoast.com\/product\/yoast-seo-wordpress\/ -->\n<title>U\u010di\u0165 sa inak - konferencia o nov\u00fdch pr\u00edstupoch k vzdel\u00e1vaniu dospel\u00fdch - \u0160IOV - \u0161t\u00e1tny in\u0161tit\u00fat odborn\u00e9ho vzdel\u00e1vania<\/title>\n<meta name=\"description\" content=\"Zistite, ako sa dnes vzdel\u00e1vaj\u00fa dospel\u00ed mimo tradi\u010dn\u00fdch u\u010debn\u00ed. Konferencia s medzin\u00e1rodnou \u00fa\u010das\u0165ou prin\u00e1\u0161a in\u0161pir\u00e1cie a nov\u00e9 pr\u00edstupy z praxe.\" \/>\n<meta name=\"robots\" content=\"index, follow, max-snippet:-1, max-image-preview:large, max-video-preview:-1\" \/>\n<link rel=\"canonical\" href=\"https:\/\/archiv.siov.sk\/en\/ucit-sa-inak-konferencia\/\" \/>\n<meta property=\"og:locale\" content=\"en_GB\" \/>\n<meta property=\"og:type\" content=\"article\" \/>\n<meta property=\"og:title\" content=\"U\u010di\u0165 sa inak - konferencia o nov\u00fdch pr\u00edstupoch k vzdel\u00e1vaniu dospel\u00fdch - \u0160IOV - \u0161t\u00e1tny in\u0161tit\u00fat odborn\u00e9ho vzdel\u00e1vania\" \/>\n<meta property=\"og:description\" content=\"Zistite, ako sa dnes vzdel\u00e1vaj\u00fa dospel\u00ed mimo tradi\u010dn\u00fdch u\u010debn\u00ed. Konferencia s medzin\u00e1rodnou \u00fa\u010das\u0165ou prin\u00e1\u0161a in\u0161pir\u00e1cie a nov\u00e9 pr\u00edstupy z praxe.\" \/>\n<meta property=\"og:url\" content=\"https:\/\/archiv.siov.sk\/en\/ucit-sa-inak-konferencia\/\" \/>\n<meta property=\"og:site_name\" content=\"\u0160IOV - \u0161t\u00e1tny in\u0161tit\u00fat odborn\u00e9ho vzdel\u00e1vania\" \/>\n<meta property=\"article:publisher\" content=\"https:\/\/www.facebook.com\/Statnyinstitutodbornehovzdelavania\" \/>\n<meta property=\"article:published_time\" content=\"2025-09-29T16:02:18+00:00\" \/>\n<meta property=\"article:modified_time\" content=\"2025-10-15T19:56:46+00:00\" \/>\n<meta property=\"og:image\" content=\"https:\/\/archiv.siov.sk\/wp-content\/uploads\/2025\/09\/ucit-sa-inak-1024x724.png\" \/>\n\t<meta property=\"og:image:width\" content=\"1024\" \/>\n\t<meta property=\"og:image:height\" content=\"724\" \/>\n\t<meta property=\"og:image:type\" content=\"image\/png\" \/>\n<meta name=\"author\" content=\"Gabriela Budayov\u00e1\" \/>\n<meta name=\"twitter:card\" content=\"summary_large_image\" \/>\n<meta name=\"twitter:label1\" content=\"Written by\" \/>\n\t<meta name=\"twitter:data1\" content=\"Gabriela Budayov\u00e1\" \/>\n\t<meta name=\"twitter:label2\" content=\"Estimated reading time\" \/>\n\t<meta name=\"twitter:data2\" content=\"5 minutes\" \/>\n<script type=\"application\/ld+json\" class=\"yoast-schema-graph\">{\"@context\":\"https:\\\/\\\/schema.org\",\"@graph\":[{\"@type\":\"Article\",\"@id\":\"https:\\\/\\\/archiv.siov.sk\\\/ucit-sa-inak-konferencia\\\/#article\",\"isPartOf\":{\"@id\":\"https:\\\/\\\/archiv.siov.sk\\\/ucit-sa-inak-konferencia\\\/\"},\"author\":{\"name\":\"Gabriela Budayov\u00e1\",\"@id\":\"https:\\\/\\\/archiv.siov.sk\\\/#\\\/schema\\\/person\\\/2d35146a9c0fa51b027e8ff319cee627\"},\"headline\":\"U\u010di\u0165 sa inak &#8211; konferencia o nov\u00fdch pr\u00edstupoch k vzdel\u00e1vaniu dospel\u00fdch\",\"datePublished\":\"2025-09-29T16:02:18+00:00\",\"dateModified\":\"2025-10-15T19:56:46+00:00\",\"mainEntityOfPage\":{\"@id\":\"https:\\\/\\\/archiv.siov.sk\\\/ucit-sa-inak-konferencia\\\/\"},\"wordCount\":974,\"publisher\":{\"@id\":\"https:\\\/\\\/archiv.siov.sk\\\/#organization\"},\"image\":{\"@id\":\"https:\\\/\\\/archiv.siov.sk\\\/ucit-sa-inak-konferencia\\\/#primaryimage\"},\"thumbnailUrl\":\"https:\\\/\\\/archiv.siov.sk\\\/wp-content\\\/uploads\\\/2025\\\/09\\\/ucit-sa-inak.png\",\"articleSection\":[\"Aktuality\"],\"inLanguage\":\"en-GB\"},{\"@type\":\"WebPage\",\"@id\":\"https:\\\/\\\/archiv.siov.sk\\\/ucit-sa-inak-konferencia\\\/\",\"url\":\"https:\\\/\\\/archiv.siov.sk\\\/ucit-sa-inak-konferencia\\\/\",\"name\":\"U\u010di\u0165 sa inak - konferencia o nov\u00fdch pr\u00edstupoch k vzdel\u00e1vaniu dospel\u00fdch - \u0160IOV - \u0161t\u00e1tny in\u0161tit\u00fat odborn\u00e9ho vzdel\u00e1vania\",\"isPartOf\":{\"@id\":\"https:\\\/\\\/archiv.siov.sk\\\/#website\"},\"primaryImageOfPage\":{\"@id\":\"https:\\\/\\\/archiv.siov.sk\\\/ucit-sa-inak-konferencia\\\/#primaryimage\"},\"image\":{\"@id\":\"https:\\\/\\\/archiv.siov.sk\\\/ucit-sa-inak-konferencia\\\/#primaryimage\"},\"thumbnailUrl\":\"https:\\\/\\\/archiv.siov.sk\\\/wp-content\\\/uploads\\\/2025\\\/09\\\/ucit-sa-inak.png\",\"datePublished\":\"2025-09-29T16:02:18+00:00\",\"dateModified\":\"2025-10-15T19:56:46+00:00\",\"description\":\"Zistite, ako sa dnes vzdel\u00e1vaj\u00fa dospel\u00ed mimo tradi\u010dn\u00fdch u\u010debn\u00ed. Konferencia s medzin\u00e1rodnou \u00fa\u010das\u0165ou prin\u00e1\u0161a in\u0161pir\u00e1cie a nov\u00e9 pr\u00edstupy z praxe.\",\"breadcrumb\":{\"@id\":\"https:\\\/\\\/archiv.siov.sk\\\/ucit-sa-inak-konferencia\\\/#breadcrumb\"},\"inLanguage\":\"en-GB\",\"potentialAction\":[{\"@type\":\"ReadAction\",\"target\":[\"https:\\\/\\\/archiv.siov.sk\\\/ucit-sa-inak-konferencia\\\/\"]}]},{\"@type\":\"ImageObject\",\"inLanguage\":\"en-GB\",\"@id\":\"https:\\\/\\\/archiv.siov.sk\\\/ucit-sa-inak-konferencia\\\/#primaryimage\",\"url\":\"https:\\\/\\\/archiv.siov.sk\\\/wp-content\\\/uploads\\\/2025\\\/09\\\/ucit-sa-inak.png\",\"contentUrl\":\"https:\\\/\\\/archiv.siov.sk\\\/wp-content\\\/uploads\\\/2025\\\/09\\\/ucit-sa-inak.png\",\"width\":2245,\"height\":1587,\"caption\":\"vzdelavanie_dospelych\"},{\"@type\":\"BreadcrumbList\",\"@id\":\"https:\\\/\\\/archiv.siov.sk\\\/ucit-sa-inak-konferencia\\\/#breadcrumb\",\"itemListElement\":[{\"@type\":\"ListItem\",\"position\":1,\"name\":\"Home\",\"item\":\"https:\\\/\\\/archiv.siov.sk\\\/\"},{\"@type\":\"ListItem\",\"position\":2,\"name\":\"U\u010di\u0165 sa inak &#8211; konferencia o nov\u00fdch pr\u00edstupoch k vzdel\u00e1vaniu dospel\u00fdch\"}]},{\"@type\":\"WebSite\",\"@id\":\"https:\\\/\\\/archiv.siov.sk\\\/#website\",\"url\":\"https:\\\/\\\/archiv.siov.sk\\\/\",\"name\":\"\u0160IOV - \u0161t\u00e1tny in\u0161tit\u00fat odborn\u00e9ho vzdel\u00e1vania\",\"description\":\"\",\"publisher\":{\"@id\":\"https:\\\/\\\/archiv.siov.sk\\\/#organization\"},\"potentialAction\":[{\"@type\":\"SearchAction\",\"target\":{\"@type\":\"EntryPoint\",\"urlTemplate\":\"https:\\\/\\\/archiv.siov.sk\\\/?s={search_term_string}\"},\"query-input\":{\"@type\":\"PropertyValueSpecification\",\"valueRequired\":true,\"valueName\":\"search_term_string\"}}],\"inLanguage\":\"en-GB\"},{\"@type\":\"Organization\",\"@id\":\"https:\\\/\\\/archiv.siov.sk\\\/#organization\",\"name\":\"\u0160IOV - \u0161t\u00e1tny in\u0161tit\u00fat odborn\u00e9ho vzdel\u00e1vania\",\"url\":\"https:\\\/\\\/archiv.siov.sk\\\/\",\"logo\":{\"@type\":\"ImageObject\",\"inLanguage\":\"en-GB\",\"@id\":\"https:\\\/\\\/archiv.siov.sk\\\/#\\\/schema\\\/logo\\\/image\\\/\",\"url\":\"https:\\\/\\\/archiv.siov.sk\\\/wp-content\\\/uploads\\\/2024\\\/02\\\/logo-SIOV.png\",\"contentUrl\":\"https:\\\/\\\/archiv.siov.sk\\\/wp-content\\\/uploads\\\/2024\\\/02\\\/logo-SIOV.png\",\"width\":431,\"height\":143,\"caption\":\"\u0160IOV - \u0161t\u00e1tny in\u0161tit\u00fat odborn\u00e9ho vzdel\u00e1vania\"},\"image\":{\"@id\":\"https:\\\/\\\/archiv.siov.sk\\\/#\\\/schema\\\/logo\\\/image\\\/\"},\"sameAs\":[\"https:\\\/\\\/www.facebook.com\\\/Statnyinstitutodbornehovzdelavania\"]},{\"@type\":\"Person\",\"@id\":\"https:\\\/\\\/archiv.siov.sk\\\/#\\\/schema\\\/person\\\/2d35146a9c0fa51b027e8ff319cee627\",\"name\":\"Gabriela Budayov\u00e1\",\"url\":\"https:\\\/\\\/archiv.siov.sk\\\/en\\\/author\\\/gabriela-budayova\\\/\"}]}<\/script>\n<!-- \/ Yoast SEO plugin. -->","yoast_head_json":{"title":"U\u010di\u0165 sa inak - konferencia o nov\u00fdch pr\u00edstupoch k vzdel\u00e1vaniu dospel\u00fdch - \u0160IOV - \u0161t\u00e1tny in\u0161tit\u00fat odborn\u00e9ho vzdel\u00e1vania","description":"Zistite, ako sa dnes vzdel\u00e1vaj\u00fa dospel\u00ed mimo tradi\u010dn\u00fdch u\u010debn\u00ed. Konferencia s medzin\u00e1rodnou \u00fa\u010das\u0165ou prin\u00e1\u0161a in\u0161pir\u00e1cie a nov\u00e9 pr\u00edstupy z praxe.","robots":{"index":"index","follow":"follow","max-snippet":"max-snippet:-1","max-image-preview":"max-image-preview:large","max-video-preview":"max-video-preview:-1"},"canonical":"https:\/\/archiv.siov.sk\/en\/ucit-sa-inak-konferencia\/","og_locale":"en_GB","og_type":"article","og_title":"U\u010di\u0165 sa inak - konferencia o nov\u00fdch pr\u00edstupoch k vzdel\u00e1vaniu dospel\u00fdch - \u0160IOV - \u0161t\u00e1tny in\u0161tit\u00fat odborn\u00e9ho vzdel\u00e1vania","og_description":"Zistite, ako sa dnes vzdel\u00e1vaj\u00fa dospel\u00ed mimo tradi\u010dn\u00fdch u\u010debn\u00ed. Konferencia s medzin\u00e1rodnou \u00fa\u010das\u0165ou prin\u00e1\u0161a in\u0161pir\u00e1cie a nov\u00e9 pr\u00edstupy z praxe.","og_url":"https:\/\/archiv.siov.sk\/en\/ucit-sa-inak-konferencia\/","og_site_name":"\u0160IOV - \u0161t\u00e1tny in\u0161tit\u00fat odborn\u00e9ho vzdel\u00e1vania","article_publisher":"https:\/\/www.facebook.com\/Statnyinstitutodbornehovzdelavania","article_published_time":"2025-09-29T16:02:18+00:00","article_modified_time":"2025-10-15T19:56:46+00:00","og_image":[{"width":1024,"height":724,"url":"https:\/\/archiv.siov.sk\/wp-content\/uploads\/2025\/09\/ucit-sa-inak-1024x724.png","type":"image\/png"}],"author":"Gabriela Budayov\u00e1","twitter_card":"summary_large_image","twitter_misc":{"Written by":"Gabriela Budayov\u00e1","Estimated reading time":"5 minutes"},"schema":{"@context":"https:\/\/schema.org","@graph":[{"@type":"Article","@id":"https:\/\/archiv.siov.sk\/ucit-sa-inak-konferencia\/#article","isPartOf":{"@id":"https:\/\/archiv.siov.sk\/ucit-sa-inak-konferencia\/"},"author":{"name":"Gabriela Budayov\u00e1","@id":"https:\/\/archiv.siov.sk\/#\/schema\/person\/2d35146a9c0fa51b027e8ff319cee627"},"headline":"U\u010di\u0165 sa inak &#8211; konferencia o nov\u00fdch pr\u00edstupoch k vzdel\u00e1vaniu dospel\u00fdch","datePublished":"2025-09-29T16:02:18+00:00","dateModified":"2025-10-15T19:56:46+00:00","mainEntityOfPage":{"@id":"https:\/\/archiv.siov.sk\/ucit-sa-inak-konferencia\/"},"wordCount":974,"publisher":{"@id":"https:\/\/archiv.siov.sk\/#organization"},"image":{"@id":"https:\/\/archiv.siov.sk\/ucit-sa-inak-konferencia\/#primaryimage"},"thumbnailUrl":"https:\/\/archiv.siov.sk\/wp-content\/uploads\/2025\/09\/ucit-sa-inak.png","articleSection":["Aktuality"],"inLanguage":"en-GB"},{"@type":"WebPage","@id":"https:\/\/archiv.siov.sk\/ucit-sa-inak-konferencia\/","url":"https:\/\/archiv.siov.sk\/ucit-sa-inak-konferencia\/","name":"U\u010di\u0165 sa inak - konferencia o nov\u00fdch pr\u00edstupoch k vzdel\u00e1vaniu dospel\u00fdch - \u0160IOV - \u0161t\u00e1tny in\u0161tit\u00fat odborn\u00e9ho vzdel\u00e1vania","isPartOf":{"@id":"https:\/\/archiv.siov.sk\/#website"},"primaryImageOfPage":{"@id":"https:\/\/archiv.siov.sk\/ucit-sa-inak-konferencia\/#primaryimage"},"image":{"@id":"https:\/\/archiv.siov.sk\/ucit-sa-inak-konferencia\/#primaryimage"},"thumbnailUrl":"https:\/\/archiv.siov.sk\/wp-content\/uploads\/2025\/09\/ucit-sa-inak.png","datePublished":"2025-09-29T16:02:18+00:00","dateModified":"2025-10-15T19:56:46+00:00","description":"Zistite, ako sa dnes vzdel\u00e1vaj\u00fa dospel\u00ed mimo tradi\u010dn\u00fdch u\u010debn\u00ed. Konferencia s medzin\u00e1rodnou \u00fa\u010das\u0165ou prin\u00e1\u0161a in\u0161pir\u00e1cie a nov\u00e9 pr\u00edstupy z praxe.","breadcrumb":{"@id":"https:\/\/archiv.siov.sk\/ucit-sa-inak-konferencia\/#breadcrumb"},"inLanguage":"en-GB","potentialAction":[{"@type":"ReadAction","target":["https:\/\/archiv.siov.sk\/ucit-sa-inak-konferencia\/"]}]},{"@type":"ImageObject","inLanguage":"en-GB","@id":"https:\/\/archiv.siov.sk\/ucit-sa-inak-konferencia\/#primaryimage","url":"https:\/\/archiv.siov.sk\/wp-content\/uploads\/2025\/09\/ucit-sa-inak.png","contentUrl":"https:\/\/archiv.siov.sk\/wp-content\/uploads\/2025\/09\/ucit-sa-inak.png","width":2245,"height":1587,"caption":"vzdelavanie_dospelych"},{"@type":"BreadcrumbList","@id":"https:\/\/archiv.siov.sk\/ucit-sa-inak-konferencia\/#breadcrumb","itemListElement":[{"@type":"ListItem","position":1,"name":"Home","item":"https:\/\/archiv.siov.sk\/"},{"@type":"ListItem","position":2,"name":"U\u010di\u0165 sa inak &#8211; konferencia o nov\u00fdch pr\u00edstupoch k vzdel\u00e1vaniu dospel\u00fdch"}]},{"@type":"WebSite","@id":"https:\/\/archiv.siov.sk\/#website","url":"https:\/\/archiv.siov.sk\/","name":"\u0160IOV - \u0161t\u00e1tny in\u0161tit\u00fat odborn\u00e9ho vzdel\u00e1vania","description":"","publisher":{"@id":"https:\/\/archiv.siov.sk\/#organization"},"potentialAction":[{"@type":"SearchAction","target":{"@type":"EntryPoint","urlTemplate":"https:\/\/archiv.siov.sk\/?s={search_term_string}"},"query-input":{"@type":"PropertyValueSpecification","valueRequired":true,"valueName":"search_term_string"}}],"inLanguage":"en-GB"},{"@type":"Organization","@id":"https:\/\/archiv.siov.sk\/#organization","name":"\u0160IOV - \u0161t\u00e1tny in\u0161tit\u00fat odborn\u00e9ho vzdel\u00e1vania","url":"https:\/\/archiv.siov.sk\/","logo":{"@type":"ImageObject","inLanguage":"en-GB","@id":"https:\/\/archiv.siov.sk\/#\/schema\/logo\/image\/","url":"https:\/\/archiv.siov.sk\/wp-content\/uploads\/2024\/02\/logo-SIOV.png","contentUrl":"https:\/\/archiv.siov.sk\/wp-content\/uploads\/2024\/02\/logo-SIOV.png","width":431,"height":143,"caption":"\u0160IOV - \u0161t\u00e1tny in\u0161tit\u00fat odborn\u00e9ho vzdel\u00e1vania"},"image":{"@id":"https:\/\/archiv.siov.sk\/#\/schema\/logo\/image\/"},"sameAs":["https:\/\/www.facebook.com\/Statnyinstitutodbornehovzdelavania"]},{"@type":"Person","@id":"https:\/\/archiv.siov.sk\/#\/schema\/person\/2d35146a9c0fa51b027e8ff319cee627","name":"Gabriela Budayov\u00e1","url":"https:\/\/archiv.siov.sk\/en\/author\/gabriela-budayova\/"}]}},"_links":{"self":[{"href":"https:\/\/archiv.siov.sk\/en\/wp-json\/wp\/v2\/posts\/21130","targetHints":{"allow":["GET"]}}],"collection":[{"href":"https:\/\/archiv.siov.sk\/en\/wp-json\/wp\/v2\/posts"}],"about":[{"href":"https:\/\/archiv.siov.sk\/en\/wp-json\/wp\/v2\/types\/post"}],"author":[{"embeddable":true,"href":"https:\/\/archiv.siov.sk\/en\/wp-json\/wp\/v2\/users\/10"}],"replies":[{"embeddable":true,"href":"https:\/\/archiv.siov.sk\/en\/wp-json\/wp\/v2\/comments?post=21130"}],"version-history":[{"count":30,"href":"https:\/\/archiv.siov.sk\/en\/wp-json\/wp\/v2\/posts\/21130\/revisions"}],"predecessor-version":[{"id":21530,"href":"https:\/\/archiv.siov.sk\/en\/wp-json\/wp\/v2\/posts\/21130\/revisions\/21530"}],"wp:featuredmedia":[{"embeddable":true,"href":"https:\/\/archiv.siov.sk\/en\/wp-json\/wp\/v2\/media\/21134"}],"wp:attachment":[{"href":"https:\/\/archiv.siov.sk\/en\/wp-json\/wp\/v2\/media?parent=21130"}],"wp:term":[{"taxonomy":"category","embeddable":true,"href":"https:\/\/archiv.siov.sk\/en\/wp-json\/wp\/v2\/categories?post=21130"},{"taxonomy":"post_tag","embeddable":true,"href":"https:\/\/archiv.siov.sk\/en\/wp-json\/wp\/v2\/tags?post=21130"}],"curies":[{"name":"wp","href":"https:\/\/api.w.org\/{rel}","templated":true}]}}