{"id":21093,"date":"2025-09-12T09:33:45","date_gmt":"2025-09-12T07:33:45","guid":{"rendered":"https:\/\/archiv.siov.sk\/?p=21093"},"modified":"2025-09-26T10:13:11","modified_gmt":"2025-09-26T08:13:11","slug":"stredne-odborne-skoly-v-oblasti-dopravy-sa-predstavili-vo-vrutkach-na-tradicnom-podujati-studuj-dopravu","status":"publish","type":"post","link":"https:\/\/archiv.siov.sk\/en\/stredne-odborne-skoly-v-oblasti-dopravy-sa-predstavili-vo-vrutkach-na-tradicnom-podujati-studuj-dopravu\/","title":{"rendered":"Stredn\u00e9 odborn\u00e9 \u0161koly v oblasti dopravy sa predstavili vo Vr\u00fatkach na tradi\u010dnom podujat\u00ed \u0160tuduj dopravu"},"content":{"rendered":"<p style=\"text-align: justify;\">Cie\u013eom podujatia, ktor\u00e9ho sa z\u00fa\u010dastnil aj \u0160t\u00e1tny in\u0161tit\u00fat odborn\u00e9ho vzdel\u00e1vania bolo zv\u00fd\u0161i\u0165 z\u00e1ujem o\u00a0\u0161t\u00fadium na stredn\u00fdch odborn\u00fdch \u0161kol\u00e1ch a\u00a0vysok\u00fdch \u0161kol\u00e1ch v\u00a0oblasti dopravy a\u00a0po\u0161tov\u00fdch slu\u017eieb.<\/p>\n<p style=\"text-align: justify;\">N\u00e1v\u0161tevn\u00edkom vystavovatelia vo Vr\u00fatkach v\u00a0polovici septembra predstavili dopravn\u00e9 a\u00a0po\u0161tov\u00e9 odbory. \u017diakom poskytli aj kari\u00e9rne poradenstvo s\u00a0odpor\u00fa\u010dan\u00edm \u010fal\u0161ieho \u0161tudijn\u00e9ho smerovania a\u00a0v\u00fdberu povolania. S\u00fa\u010das\u0165ou akcie bol tie\u017e sprievodn\u00fd program a\u00a0v\u00a0r\u00e1mci neho uk\u00e1\u017eky povolan\u00ed najm\u00e4 v\u00a0\u017eelezni\u010dnej a\u00a0cestnej doprave, riadenie ru\u0161\u0148a cez vlakov\u00fd trena\u017e\u00e9r, prehliadka autobusov, kami\u00f3na, ru\u0161\u0148a aj dopravn\u00e1 v\u00fdchova s\u00a0inform\u00e1ciami o\u00a0bezpe\u010dnosti cestnej prem\u00e1vky a\u00a0cyklistickej dopravy.<\/p>\n<p style=\"text-align: justify;\">\u00da\u010dastn\u00edci si mohli vysk\u00fa\u0161a\u0165 dopravn\u00e9 simul\u00e1tory vr\u00e1tane toho imituj\u00faceho prevr\u00e1tenie vozidla, virtu\u00e1lnu realitu, n\u00e1cvik poskytovania prvej pomoci, svoje vedomosti a\u00a0zru\u010dnosti si preverili v\u00a0dopravn\u00fdch kv\u00edzoch, s\u00fa\u0165a\u017eiach a\u00a0kreat\u00edvnych aktivit\u00e1ch.<\/p>\n<p style=\"text-align: justify;\">V\u00a0snahe pribl\u00ed\u017ei\u0165 verejnosti mo\u017enosti stredo\u0161kolsk\u00e9ho odborn\u00e9ho vzdel\u00e1vania v oblasti dopravy a\u00a0po\u0161tov\u00fdch slu\u017eieb Ministerstvo dopravy SR v\u00a0spolupr\u00e1ci so \u017eelezni\u010dn\u00fdmi spolo\u010dnos\u0165ami, vybran\u00fdmi region\u00e1lnymi partnermi, univerzitami a stredn\u00fdmi odborn\u00fdmi \u0161kolami pravidelne organizuje pre \u017eiakov z\u00e1kladn\u00fdch \u0161k\u00f4l v\u00a0r\u00f4znych \u010dastiach Slovenska podujatia s n\u00e1zvom \u0160tuduj dopravu.<\/p>\n<p>&nbsp;<\/p>","protected":false},"excerpt":{"rendered":"<p>Cie\u013eom podujatia, ktor\u00e9ho sa z\u00fa\u010dastnil aj \u0160t\u00e1tny in\u0161tit\u00fat odborn\u00e9ho vzdel\u00e1vania bolo zv\u00fd\u0161i\u0165 z\u00e1ujem o\u00a0\u0161t\u00fadium na stredn\u00fdch odborn\u00fdch \u0161kol\u00e1ch a\u00a0vysok\u00fdch \u0161kol\u00e1ch v\u00a0oblasti dopravy a\u00a0po\u0161tov\u00fdch slu\u017eieb. N\u00e1v\u0161tevn\u00edkom vystavovatelia vo Vr\u00fatkach v\u00a0polovici septembra predstavili dopravn\u00e9 a\u00a0po\u0161tov\u00e9 odbory. \u017diakom poskytli aj kari\u00e9rne poradenstvo s\u00a0odpor\u00fa\u010dan\u00edm \u010fal\u0161ieho \u0161tudijn\u00e9ho smerovania a\u00a0v\u00fdberu povolania. S\u00fa\u010das\u0165ou akcie bol tie\u017e sprievodn\u00fd program a\u00a0v\u00a0r\u00e1mci neho uk\u00e1\u017eky povolan\u00ed [&hellip;]<\/p>\n","protected":false},"author":6,"featured_media":21095,"comment_status":"closed","ping_status":"closed","sticky":false,"template":"","format":"standard","meta":{"site-sidebar-layout":"default","site-content-layout":"","ast-site-content-layout":"default","site-content-style":"default","site-sidebar-style":"default","ast-global-header-display":"","ast-banner-title-visibility":"","ast-main-header-display":"","ast-hfb-above-header-display":"","ast-hfb-below-header-display":"","ast-hfb-mobile-header-display":"","site-post-title":"","ast-breadcrumbs-content":"","ast-featured-img":"","footer-sml-layout":"","ast-disable-related-posts":"","theme-transparent-header-meta":"default","adv-header-id-meta":"","stick-header-meta":"default","header-above-stick-meta":"","header-main-stick-meta":"","header-below-stick-meta":"","astra-migrate-meta-layouts":"set","ast-page-background-enabled":"default","ast-page-background-meta":{"desktop":{"background-color":"var(--ast-global-color-4)","background-image":"","background-repeat":"repeat","background-position":"center center","background-size":"auto","background-attachment":"scroll","background-type":"","background-media":"","overlay-type":"","overlay-color":"","overlay-opacity":"","overlay-gradient":""},"tablet":{"background-color":"","background-image":"","background-repeat":"repeat","background-position":"center center","background-size":"auto","background-attachment":"scroll","background-type":"","background-media":"","overlay-type":"","overlay-color":"","overlay-opacity":"","overlay-gradient":""},"mobile":{"background-color":"","background-image":"","background-repeat":"repeat","background-position":"center center","background-size":"auto","background-attachment":"scroll","background-type":"","background-media":"","overlay-type":"","overlay-color":"","overlay-opacity":"","overlay-gradient":""}},"ast-content-background-meta":{"desktop":{"background-color":"var(--ast-global-color-5)","background-image":"","background-repeat":"repeat","background-position":"center center","background-size":"auto","background-attachment":"scroll","background-type":"","background-media":"","overlay-type":"","overlay-color":"","overlay-opacity":"","overlay-gradient":""},"tablet":{"background-color":"var(--ast-global-color-5)","background-image":"","background-repeat":"repeat","background-position":"center center","background-size":"auto","background-attachment":"scroll","background-type":"","background-media":"","overlay-type":"","overlay-color":"","overlay-opacity":"","overlay-gradient":""},"mobile":{"background-color":"var(--ast-global-color-5)","background-image":"","background-repeat":"repeat","background-position":"center center","background-size":"auto","background-attachment":"scroll","background-type":"","background-media":"","overlay-type":"","overlay-color":"","overlay-opacity":"","overlay-gradient":""}},"footnotes":""},"categories":[1],"tags":[],"class_list":["post-21093","post","type-post","status-publish","format-standard","has-post-thumbnail","hentry","category-aktuality"],"yoast_head":"<!-- This site is optimized with the Yoast SEO plugin v27.5 - https:\/\/yoast.com\/product\/yoast-seo-wordpress\/ -->\n<title>Stredn\u00e9 odborn\u00e9 \u0161koly v oblasti dopravy sa predstavili vo Vr\u00fatkach na tradi\u010dnom podujat\u00ed \u0160tuduj dopravu - \u0160IOV - \u0161t\u00e1tny in\u0161tit\u00fat odborn\u00e9ho vzdel\u00e1vania<\/title>\n<meta name=\"robots\" content=\"index, follow, max-snippet:-1, max-image-preview:large, max-video-preview:-1\" \/>\n<link rel=\"canonical\" href=\"https:\/\/archiv.siov.sk\/en\/stredne-odborne-skoly-v-oblasti-dopravy-sa-predstavili-vo-vrutkach-na-tradicnom-podujati-studuj-dopravu\/\" \/>\n<meta property=\"og:locale\" content=\"en_GB\" \/>\n<meta property=\"og:type\" content=\"article\" \/>\n<meta property=\"og:title\" content=\"Stredn\u00e9 odborn\u00e9 \u0161koly v oblasti dopravy sa predstavili vo Vr\u00fatkach na tradi\u010dnom podujat\u00ed \u0160tuduj dopravu - \u0160IOV - \u0161t\u00e1tny in\u0161tit\u00fat odborn\u00e9ho vzdel\u00e1vania\" \/>\n<meta property=\"og:description\" content=\"Cie\u013eom podujatia, ktor\u00e9ho sa z\u00fa\u010dastnil aj \u0160t\u00e1tny in\u0161tit\u00fat odborn\u00e9ho vzdel\u00e1vania bolo zv\u00fd\u0161i\u0165 z\u00e1ujem o\u00a0\u0161t\u00fadium na stredn\u00fdch odborn\u00fdch \u0161kol\u00e1ch a\u00a0vysok\u00fdch \u0161kol\u00e1ch v\u00a0oblasti dopravy a\u00a0po\u0161tov\u00fdch slu\u017eieb. N\u00e1v\u0161tevn\u00edkom vystavovatelia vo Vr\u00fatkach v\u00a0polovici septembra predstavili dopravn\u00e9 a\u00a0po\u0161tov\u00e9 odbory. \u017diakom poskytli aj kari\u00e9rne poradenstvo s\u00a0odpor\u00fa\u010dan\u00edm \u010fal\u0161ieho \u0161tudijn\u00e9ho smerovania a\u00a0v\u00fdberu povolania. S\u00fa\u010das\u0165ou akcie bol tie\u017e sprievodn\u00fd program a\u00a0v\u00a0r\u00e1mci neho uk\u00e1\u017eky povolan\u00ed [&hellip;]\" \/>\n<meta property=\"og:url\" content=\"https:\/\/archiv.siov.sk\/en\/stredne-odborne-skoly-v-oblasti-dopravy-sa-predstavili-vo-vrutkach-na-tradicnom-podujati-studuj-dopravu\/\" \/>\n<meta property=\"og:site_name\" content=\"\u0160IOV - \u0161t\u00e1tny in\u0161tit\u00fat odborn\u00e9ho vzdel\u00e1vania\" \/>\n<meta property=\"article:publisher\" content=\"https:\/\/www.facebook.com\/Statnyinstitutodbornehovzdelavania\" \/>\n<meta property=\"article:published_time\" content=\"2025-09-12T07:33:45+00:00\" \/>\n<meta property=\"article:modified_time\" content=\"2025-09-26T08:13:11+00:00\" \/>\n<meta property=\"og:image\" content=\"https:\/\/archiv.siov.sk\/wp-content\/uploads\/2025\/09\/studuj-dopravu-scaled.jpg\" \/>\n\t<meta property=\"og:image:width\" content=\"2560\" \/>\n\t<meta property=\"og:image:height\" content=\"2306\" \/>\n\t<meta property=\"og:image:type\" content=\"image\/jpeg\" \/>\n<meta name=\"author\" content=\"Katar\u00edna Kov\u00e1\u010dov\u00e1\" \/>\n<meta name=\"twitter:card\" content=\"summary_large_image\" \/>\n<meta name=\"twitter:label1\" content=\"Written by\" \/>\n\t<meta name=\"twitter:data1\" content=\"Katar\u00edna Kov\u00e1\u010dov\u00e1\" \/>\n\t<meta name=\"twitter:label2\" content=\"Estimated reading time\" \/>\n\t<meta name=\"twitter:data2\" content=\"2 minutes\" \/>\n<script type=\"application\/ld+json\" class=\"yoast-schema-graph\">{\"@context\":\"https:\\\/\\\/schema.org\",\"@graph\":[{\"@type\":\"Article\",\"@id\":\"https:\\\/\\\/archiv.siov.sk\\\/stredne-odborne-skoly-v-oblasti-dopravy-sa-predstavili-vo-vrutkach-na-tradicnom-podujati-studuj-dopravu\\\/#article\",\"isPartOf\":{\"@id\":\"https:\\\/\\\/archiv.siov.sk\\\/stredne-odborne-skoly-v-oblasti-dopravy-sa-predstavili-vo-vrutkach-na-tradicnom-podujati-studuj-dopravu\\\/\"},\"author\":{\"name\":\"Katar\u00edna Kov\u00e1\u010dov\u00e1\",\"@id\":\"https:\\\/\\\/archiv.siov.sk\\\/#\\\/schema\\\/person\\\/e42d633fbd958c6a726e8834d8965e6c\"},\"headline\":\"Stredn\u00e9 odborn\u00e9 \u0161koly v oblasti dopravy sa predstavili vo Vr\u00fatkach na tradi\u010dnom podujat\u00ed \u0160tuduj dopravu\",\"datePublished\":\"2025-09-12T07:33:45+00:00\",\"dateModified\":\"2025-09-26T08:13:11+00:00\",\"mainEntityOfPage\":{\"@id\":\"https:\\\/\\\/archiv.siov.sk\\\/stredne-odborne-skoly-v-oblasti-dopravy-sa-predstavili-vo-vrutkach-na-tradicnom-podujati-studuj-dopravu\\\/\"},\"wordCount\":266,\"publisher\":{\"@id\":\"https:\\\/\\\/archiv.siov.sk\\\/#organization\"},\"image\":{\"@id\":\"https:\\\/\\\/archiv.siov.sk\\\/stredne-odborne-skoly-v-oblasti-dopravy-sa-predstavili-vo-vrutkach-na-tradicnom-podujati-studuj-dopravu\\\/#primaryimage\"},\"thumbnailUrl\":\"https:\\\/\\\/archiv.siov.sk\\\/wp-content\\\/uploads\\\/2025\\\/09\\\/studuj-dopravu-scaled.jpg\",\"articleSection\":[\"Aktuality\"],\"inLanguage\":\"en-GB\"},{\"@type\":\"WebPage\",\"@id\":\"https:\\\/\\\/archiv.siov.sk\\\/stredne-odborne-skoly-v-oblasti-dopravy-sa-predstavili-vo-vrutkach-na-tradicnom-podujati-studuj-dopravu\\\/\",\"url\":\"https:\\\/\\\/archiv.siov.sk\\\/stredne-odborne-skoly-v-oblasti-dopravy-sa-predstavili-vo-vrutkach-na-tradicnom-podujati-studuj-dopravu\\\/\",\"name\":\"Stredn\u00e9 odborn\u00e9 \u0161koly v oblasti dopravy sa predstavili vo Vr\u00fatkach na tradi\u010dnom podujat\u00ed \u0160tuduj dopravu - \u0160IOV - \u0161t\u00e1tny in\u0161tit\u00fat odborn\u00e9ho vzdel\u00e1vania\",\"isPartOf\":{\"@id\":\"https:\\\/\\\/archiv.siov.sk\\\/#website\"},\"primaryImageOfPage\":{\"@id\":\"https:\\\/\\\/archiv.siov.sk\\\/stredne-odborne-skoly-v-oblasti-dopravy-sa-predstavili-vo-vrutkach-na-tradicnom-podujati-studuj-dopravu\\\/#primaryimage\"},\"image\":{\"@id\":\"https:\\\/\\\/archiv.siov.sk\\\/stredne-odborne-skoly-v-oblasti-dopravy-sa-predstavili-vo-vrutkach-na-tradicnom-podujati-studuj-dopravu\\\/#primaryimage\"},\"thumbnailUrl\":\"https:\\\/\\\/archiv.siov.sk\\\/wp-content\\\/uploads\\\/2025\\\/09\\\/studuj-dopravu-scaled.jpg\",\"datePublished\":\"2025-09-12T07:33:45+00:00\",\"dateModified\":\"2025-09-26T08:13:11+00:00\",\"breadcrumb\":{\"@id\":\"https:\\\/\\\/archiv.siov.sk\\\/stredne-odborne-skoly-v-oblasti-dopravy-sa-predstavili-vo-vrutkach-na-tradicnom-podujati-studuj-dopravu\\\/#breadcrumb\"},\"inLanguage\":\"en-GB\",\"potentialAction\":[{\"@type\":\"ReadAction\",\"target\":[\"https:\\\/\\\/archiv.siov.sk\\\/stredne-odborne-skoly-v-oblasti-dopravy-sa-predstavili-vo-vrutkach-na-tradicnom-podujati-studuj-dopravu\\\/\"]}]},{\"@type\":\"ImageObject\",\"inLanguage\":\"en-GB\",\"@id\":\"https:\\\/\\\/archiv.siov.sk\\\/stredne-odborne-skoly-v-oblasti-dopravy-sa-predstavili-vo-vrutkach-na-tradicnom-podujati-studuj-dopravu\\\/#primaryimage\",\"url\":\"https:\\\/\\\/archiv.siov.sk\\\/wp-content\\\/uploads\\\/2025\\\/09\\\/studuj-dopravu-scaled.jpg\",\"contentUrl\":\"https:\\\/\\\/archiv.siov.sk\\\/wp-content\\\/uploads\\\/2025\\\/09\\\/studuj-dopravu-scaled.jpg\",\"width\":2560,\"height\":2306},{\"@type\":\"BreadcrumbList\",\"@id\":\"https:\\\/\\\/archiv.siov.sk\\\/stredne-odborne-skoly-v-oblasti-dopravy-sa-predstavili-vo-vrutkach-na-tradicnom-podujati-studuj-dopravu\\\/#breadcrumb\",\"itemListElement\":[{\"@type\":\"ListItem\",\"position\":1,\"name\":\"Home\",\"item\":\"https:\\\/\\\/archiv.siov.sk\\\/\"},{\"@type\":\"ListItem\",\"position\":2,\"name\":\"Stredn\u00e9 odborn\u00e9 \u0161koly v oblasti dopravy sa predstavili vo Vr\u00fatkach na tradi\u010dnom podujat\u00ed \u0160tuduj dopravu\"}]},{\"@type\":\"WebSite\",\"@id\":\"https:\\\/\\\/archiv.siov.sk\\\/#website\",\"url\":\"https:\\\/\\\/archiv.siov.sk\\\/\",\"name\":\"\u0160IOV - \u0161t\u00e1tny in\u0161tit\u00fat odborn\u00e9ho vzdel\u00e1vania\",\"description\":\"\",\"publisher\":{\"@id\":\"https:\\\/\\\/archiv.siov.sk\\\/#organization\"},\"potentialAction\":[{\"@type\":\"SearchAction\",\"target\":{\"@type\":\"EntryPoint\",\"urlTemplate\":\"https:\\\/\\\/archiv.siov.sk\\\/?s={search_term_string}\"},\"query-input\":{\"@type\":\"PropertyValueSpecification\",\"valueRequired\":true,\"valueName\":\"search_term_string\"}}],\"inLanguage\":\"en-GB\"},{\"@type\":\"Organization\",\"@id\":\"https:\\\/\\\/archiv.siov.sk\\\/#organization\",\"name\":\"\u0160IOV - \u0161t\u00e1tny in\u0161tit\u00fat odborn\u00e9ho vzdel\u00e1vania\",\"url\":\"https:\\\/\\\/archiv.siov.sk\\\/\",\"logo\":{\"@type\":\"ImageObject\",\"inLanguage\":\"en-GB\",\"@id\":\"https:\\\/\\\/archiv.siov.sk\\\/#\\\/schema\\\/logo\\\/image\\\/\",\"url\":\"https:\\\/\\\/archiv.siov.sk\\\/wp-content\\\/uploads\\\/2024\\\/02\\\/logo-SIOV.png\",\"contentUrl\":\"https:\\\/\\\/archiv.siov.sk\\\/wp-content\\\/uploads\\\/2024\\\/02\\\/logo-SIOV.png\",\"width\":431,\"height\":143,\"caption\":\"\u0160IOV - \u0161t\u00e1tny in\u0161tit\u00fat odborn\u00e9ho vzdel\u00e1vania\"},\"image\":{\"@id\":\"https:\\\/\\\/archiv.siov.sk\\\/#\\\/schema\\\/logo\\\/image\\\/\"},\"sameAs\":[\"https:\\\/\\\/www.facebook.com\\\/Statnyinstitutodbornehovzdelavania\"]},{\"@type\":\"Person\",\"@id\":\"https:\\\/\\\/archiv.siov.sk\\\/#\\\/schema\\\/person\\\/e42d633fbd958c6a726e8834d8965e6c\",\"name\":\"Katar\u00edna Kov\u00e1\u010dov\u00e1\",\"url\":\"https:\\\/\\\/archiv.siov.sk\\\/en\\\/author\\\/katkakovacova\\\/\"}]}<\/script>\n<!-- \/ Yoast SEO plugin. -->","yoast_head_json":{"title":"Stredn\u00e9 odborn\u00e9 \u0161koly v oblasti dopravy sa predstavili vo Vr\u00fatkach na tradi\u010dnom podujat\u00ed \u0160tuduj dopravu - \u0160IOV - \u0161t\u00e1tny in\u0161tit\u00fat odborn\u00e9ho vzdel\u00e1vania","robots":{"index":"index","follow":"follow","max-snippet":"max-snippet:-1","max-image-preview":"max-image-preview:large","max-video-preview":"max-video-preview:-1"},"canonical":"https:\/\/archiv.siov.sk\/en\/stredne-odborne-skoly-v-oblasti-dopravy-sa-predstavili-vo-vrutkach-na-tradicnom-podujati-studuj-dopravu\/","og_locale":"en_GB","og_type":"article","og_title":"Stredn\u00e9 odborn\u00e9 \u0161koly v oblasti dopravy sa predstavili vo Vr\u00fatkach na tradi\u010dnom podujat\u00ed \u0160tuduj dopravu - \u0160IOV - \u0161t\u00e1tny in\u0161tit\u00fat odborn\u00e9ho vzdel\u00e1vania","og_description":"Cie\u013eom podujatia, ktor\u00e9ho sa z\u00fa\u010dastnil aj \u0160t\u00e1tny in\u0161tit\u00fat odborn\u00e9ho vzdel\u00e1vania bolo zv\u00fd\u0161i\u0165 z\u00e1ujem o\u00a0\u0161t\u00fadium na stredn\u00fdch odborn\u00fdch \u0161kol\u00e1ch a\u00a0vysok\u00fdch \u0161kol\u00e1ch v\u00a0oblasti dopravy a\u00a0po\u0161tov\u00fdch slu\u017eieb. N\u00e1v\u0161tevn\u00edkom vystavovatelia vo Vr\u00fatkach v\u00a0polovici septembra predstavili dopravn\u00e9 a\u00a0po\u0161tov\u00e9 odbory. \u017diakom poskytli aj kari\u00e9rne poradenstvo s\u00a0odpor\u00fa\u010dan\u00edm \u010fal\u0161ieho \u0161tudijn\u00e9ho smerovania a\u00a0v\u00fdberu povolania. S\u00fa\u010das\u0165ou akcie bol tie\u017e sprievodn\u00fd program a\u00a0v\u00a0r\u00e1mci neho uk\u00e1\u017eky povolan\u00ed [&hellip;]","og_url":"https:\/\/archiv.siov.sk\/en\/stredne-odborne-skoly-v-oblasti-dopravy-sa-predstavili-vo-vrutkach-na-tradicnom-podujati-studuj-dopravu\/","og_site_name":"\u0160IOV - \u0161t\u00e1tny in\u0161tit\u00fat odborn\u00e9ho vzdel\u00e1vania","article_publisher":"https:\/\/www.facebook.com\/Statnyinstitutodbornehovzdelavania","article_published_time":"2025-09-12T07:33:45+00:00","article_modified_time":"2025-09-26T08:13:11+00:00","og_image":[{"width":2560,"height":2306,"url":"https:\/\/archiv.siov.sk\/wp-content\/uploads\/2025\/09\/studuj-dopravu-scaled.jpg","type":"image\/jpeg"}],"author":"Katar\u00edna Kov\u00e1\u010dov\u00e1","twitter_card":"summary_large_image","twitter_misc":{"Written by":"Katar\u00edna Kov\u00e1\u010dov\u00e1","Estimated reading time":"2 minutes"},"schema":{"@context":"https:\/\/schema.org","@graph":[{"@type":"Article","@id":"https:\/\/archiv.siov.sk\/stredne-odborne-skoly-v-oblasti-dopravy-sa-predstavili-vo-vrutkach-na-tradicnom-podujati-studuj-dopravu\/#article","isPartOf":{"@id":"https:\/\/archiv.siov.sk\/stredne-odborne-skoly-v-oblasti-dopravy-sa-predstavili-vo-vrutkach-na-tradicnom-podujati-studuj-dopravu\/"},"author":{"name":"Katar\u00edna Kov\u00e1\u010dov\u00e1","@id":"https:\/\/archiv.siov.sk\/#\/schema\/person\/e42d633fbd958c6a726e8834d8965e6c"},"headline":"Stredn\u00e9 odborn\u00e9 \u0161koly v oblasti dopravy sa predstavili vo Vr\u00fatkach na tradi\u010dnom podujat\u00ed \u0160tuduj dopravu","datePublished":"2025-09-12T07:33:45+00:00","dateModified":"2025-09-26T08:13:11+00:00","mainEntityOfPage":{"@id":"https:\/\/archiv.siov.sk\/stredne-odborne-skoly-v-oblasti-dopravy-sa-predstavili-vo-vrutkach-na-tradicnom-podujati-studuj-dopravu\/"},"wordCount":266,"publisher":{"@id":"https:\/\/archiv.siov.sk\/#organization"},"image":{"@id":"https:\/\/archiv.siov.sk\/stredne-odborne-skoly-v-oblasti-dopravy-sa-predstavili-vo-vrutkach-na-tradicnom-podujati-studuj-dopravu\/#primaryimage"},"thumbnailUrl":"https:\/\/archiv.siov.sk\/wp-content\/uploads\/2025\/09\/studuj-dopravu-scaled.jpg","articleSection":["Aktuality"],"inLanguage":"en-GB"},{"@type":"WebPage","@id":"https:\/\/archiv.siov.sk\/stredne-odborne-skoly-v-oblasti-dopravy-sa-predstavili-vo-vrutkach-na-tradicnom-podujati-studuj-dopravu\/","url":"https:\/\/archiv.siov.sk\/stredne-odborne-skoly-v-oblasti-dopravy-sa-predstavili-vo-vrutkach-na-tradicnom-podujati-studuj-dopravu\/","name":"Stredn\u00e9 odborn\u00e9 \u0161koly v oblasti dopravy sa predstavili vo Vr\u00fatkach na tradi\u010dnom podujat\u00ed \u0160tuduj dopravu - \u0160IOV - \u0161t\u00e1tny in\u0161tit\u00fat odborn\u00e9ho vzdel\u00e1vania","isPartOf":{"@id":"https:\/\/archiv.siov.sk\/#website"},"primaryImageOfPage":{"@id":"https:\/\/archiv.siov.sk\/stredne-odborne-skoly-v-oblasti-dopravy-sa-predstavili-vo-vrutkach-na-tradicnom-podujati-studuj-dopravu\/#primaryimage"},"image":{"@id":"https:\/\/archiv.siov.sk\/stredne-odborne-skoly-v-oblasti-dopravy-sa-predstavili-vo-vrutkach-na-tradicnom-podujati-studuj-dopravu\/#primaryimage"},"thumbnailUrl":"https:\/\/archiv.siov.sk\/wp-content\/uploads\/2025\/09\/studuj-dopravu-scaled.jpg","datePublished":"2025-09-12T07:33:45+00:00","dateModified":"2025-09-26T08:13:11+00:00","breadcrumb":{"@id":"https:\/\/archiv.siov.sk\/stredne-odborne-skoly-v-oblasti-dopravy-sa-predstavili-vo-vrutkach-na-tradicnom-podujati-studuj-dopravu\/#breadcrumb"},"inLanguage":"en-GB","potentialAction":[{"@type":"ReadAction","target":["https:\/\/archiv.siov.sk\/stredne-odborne-skoly-v-oblasti-dopravy-sa-predstavili-vo-vrutkach-na-tradicnom-podujati-studuj-dopravu\/"]}]},{"@type":"ImageObject","inLanguage":"en-GB","@id":"https:\/\/archiv.siov.sk\/stredne-odborne-skoly-v-oblasti-dopravy-sa-predstavili-vo-vrutkach-na-tradicnom-podujati-studuj-dopravu\/#primaryimage","url":"https:\/\/archiv.siov.sk\/wp-content\/uploads\/2025\/09\/studuj-dopravu-scaled.jpg","contentUrl":"https:\/\/archiv.siov.sk\/wp-content\/uploads\/2025\/09\/studuj-dopravu-scaled.jpg","width":2560,"height":2306},{"@type":"BreadcrumbList","@id":"https:\/\/archiv.siov.sk\/stredne-odborne-skoly-v-oblasti-dopravy-sa-predstavili-vo-vrutkach-na-tradicnom-podujati-studuj-dopravu\/#breadcrumb","itemListElement":[{"@type":"ListItem","position":1,"name":"Home","item":"https:\/\/archiv.siov.sk\/"},{"@type":"ListItem","position":2,"name":"Stredn\u00e9 odborn\u00e9 \u0161koly v oblasti dopravy sa predstavili vo Vr\u00fatkach na tradi\u010dnom podujat\u00ed \u0160tuduj dopravu"}]},{"@type":"WebSite","@id":"https:\/\/archiv.siov.sk\/#website","url":"https:\/\/archiv.siov.sk\/","name":"\u0160IOV - \u0161t\u00e1tny in\u0161tit\u00fat odborn\u00e9ho vzdel\u00e1vania","description":"","publisher":{"@id":"https:\/\/archiv.siov.sk\/#organization"},"potentialAction":[{"@type":"SearchAction","target":{"@type":"EntryPoint","urlTemplate":"https:\/\/archiv.siov.sk\/?s={search_term_string}"},"query-input":{"@type":"PropertyValueSpecification","valueRequired":true,"valueName":"search_term_string"}}],"inLanguage":"en-GB"},{"@type":"Organization","@id":"https:\/\/archiv.siov.sk\/#organization","name":"\u0160IOV - \u0161t\u00e1tny in\u0161tit\u00fat odborn\u00e9ho vzdel\u00e1vania","url":"https:\/\/archiv.siov.sk\/","logo":{"@type":"ImageObject","inLanguage":"en-GB","@id":"https:\/\/archiv.siov.sk\/#\/schema\/logo\/image\/","url":"https:\/\/archiv.siov.sk\/wp-content\/uploads\/2024\/02\/logo-SIOV.png","contentUrl":"https:\/\/archiv.siov.sk\/wp-content\/uploads\/2024\/02\/logo-SIOV.png","width":431,"height":143,"caption":"\u0160IOV - \u0161t\u00e1tny in\u0161tit\u00fat odborn\u00e9ho vzdel\u00e1vania"},"image":{"@id":"https:\/\/archiv.siov.sk\/#\/schema\/logo\/image\/"},"sameAs":["https:\/\/www.facebook.com\/Statnyinstitutodbornehovzdelavania"]},{"@type":"Person","@id":"https:\/\/archiv.siov.sk\/#\/schema\/person\/e42d633fbd958c6a726e8834d8965e6c","name":"Katar\u00edna Kov\u00e1\u010dov\u00e1","url":"https:\/\/archiv.siov.sk\/en\/author\/katkakovacova\/"}]}},"_links":{"self":[{"href":"https:\/\/archiv.siov.sk\/en\/wp-json\/wp\/v2\/posts\/21093","targetHints":{"allow":["GET"]}}],"collection":[{"href":"https:\/\/archiv.siov.sk\/en\/wp-json\/wp\/v2\/posts"}],"about":[{"href":"https:\/\/archiv.siov.sk\/en\/wp-json\/wp\/v2\/types\/post"}],"author":[{"embeddable":true,"href":"https:\/\/archiv.siov.sk\/en\/wp-json\/wp\/v2\/users\/6"}],"replies":[{"embeddable":true,"href":"https:\/\/archiv.siov.sk\/en\/wp-json\/wp\/v2\/comments?post=21093"}],"version-history":[{"count":6,"href":"https:\/\/archiv.siov.sk\/en\/wp-json\/wp\/v2\/posts\/21093\/revisions"}],"predecessor-version":[{"id":21109,"href":"https:\/\/archiv.siov.sk\/en\/wp-json\/wp\/v2\/posts\/21093\/revisions\/21109"}],"wp:featuredmedia":[{"embeddable":true,"href":"https:\/\/archiv.siov.sk\/en\/wp-json\/wp\/v2\/media\/21095"}],"wp:attachment":[{"href":"https:\/\/archiv.siov.sk\/en\/wp-json\/wp\/v2\/media?parent=21093"}],"wp:term":[{"taxonomy":"category","embeddable":true,"href":"https:\/\/archiv.siov.sk\/en\/wp-json\/wp\/v2\/categories?post=21093"},{"taxonomy":"post_tag","embeddable":true,"href":"https:\/\/archiv.siov.sk\/en\/wp-json\/wp\/v2\/tags?post=21093"}],"curies":[{"name":"wp","href":"https:\/\/api.w.org\/{rel}","templated":true}]}}