{"id":21010,"date":"2025-09-16T14:39:40","date_gmt":"2025-09-16T12:39:40","guid":{"rendered":"https:\/\/archiv.siov.sk\/?p=21010"},"modified":"2025-09-16T14:40:03","modified_gmt":"2025-09-16T12:40:03","slug":"mimoriadny-uspech-slovenskych-stredoskolakov-v-celoeuropskej-konkurencii-na-euroskills-2025","status":"publish","type":"post","link":"https:\/\/archiv.siov.sk\/en\/mimoriadny-uspech-slovenskych-stredoskolakov-v-celoeuropskej-konkurencii-na-euroskills-2025\/","title":{"rendered":"Mimoriadny \u00faspech slovensk\u00fdch stredo\u0161kol\u00e1kov v celoeur\u00f3pskej konkurencii na EuroSkills 2025"},"content":{"rendered":"<p style=\"text-align: justify;\"><strong>N\u00e1\u0161 t\u00edm<\/strong> z\u00faro\u010dil v\u0161etky svoje vedomosti, zru\u010dnosti a\u00a0nieko\u013ekot\u00fd\u017ed\u0148ov\u00fa intenz\u00edvnu pr\u00edpravu a\u00a0z najv\u00e4\u010d\u0161ieho eur\u00f3pskeho podujatia zameran\u00e9ho na odborn\u00e9 vzdel\u00e1vanie a\u00a0zru\u010dnosti priniesol <strong>zlat\u00fa a bronzov\u00fa medailu, medailu excelentnosti a\u00a0ocenenie Best of Nation<\/strong>. V\u00a0r\u00e1mci deviatich ro\u010dn\u00edkov EuroSkills, ktor\u00fdch sa Slovensko z\u00fa\u010dastnilo ide o\u00a0na\u0161u naj\u00faspe\u0161nej\u0161iu reprezent\u00e1ciu.<\/p>\n<p style=\"text-align: justify;\"><a href=\"https:\/\/euroskills2025.com\/\"><strong>EuroSkills 2025<\/strong><\/a> v\u00a0d\u00e1nskom Herningu prebiehalo od <strong>9. do 13. septembra 2025<\/strong> a\u00a0po\u010das troch dn\u00ed v\u00a0r\u00e1mci neho s\u00fa\u0165a\u017eilo <strong>597 mlad\u00fdch talentov z\u00a032 eur\u00f3pskych kraj\u00edn v\u00a038 r\u00f4znych zru\u010dnostiach<\/strong>.<\/p>\n<p style=\"text-align: justify;\">Slovensko bolo naj\u00faspe\u0161nej\u0161ie <strong>v\u00a0elektronike<\/strong>, z\u00a0ktorej si <strong>zlat\u00fa medailu<\/strong> odviezol Daniel Viskup zo Strednej priemyselnej \u0161koly elektrotechnickej Karola Adlera v\u00a0Bratislave. S\u00fa\u0165a\u017eiaci <strong>webdeveloper<\/strong> Ivan Pol\u00e1k zo Strednej priemyselnej \u0161koly elektrotechnickej H\u00e1lov\u00e1 v\u00a0Bratislave z\u00edskal <strong>bronzov\u00fa medailu<\/strong>, <strong>mechatronikom<\/strong> Martinovi Filu\u0161ovi a\u00a0Nikolasovi Chytilovi, Stredn\u00e1 priemyseln\u00e1 \u0161kola technick\u00e1 Trnava, patr\u00ed <strong>ocenenie Best of Nation<\/strong>. A\u00a0napokon v\u00a0odbore <strong>chladiaca a\u00a0klimatiza\u010dn\u00e1 technika<\/strong> z\u00edskal <strong>medailu excelentnosti<\/strong> Jakub St\u00edskal, absolvent Strednej odbornej \u0161koly technickej v\u00a0Zlat\u00fdch Moravciach nominovan\u00fd na s\u00fa\u0165a\u017e Slovensk\u00fdm zv\u00e4zom pre chladenie, klimatiz\u00e1ciu a\u00a0tepeln\u00e9 \u010derpadl\u00e1.<\/p>\n<p><img fetchpriority=\"high\" decoding=\"async\" class=\"size-medium wp-image-21013 aligncenter\" src=\"https:\/\/archiv.siov.sk\/wp-content\/uploads\/2025\/09\/foto_zlaty-a-bronzovy-slovensky-medailista-na-EuroSkills-2025-225x300.jpeg\" alt=\"\" width=\"225\" height=\"300\" srcset=\"https:\/\/archiv.siov.sk\/wp-content\/uploads\/2025\/09\/foto_zlaty-a-bronzovy-slovensky-medailista-na-EuroSkills-2025-225x300.jpeg 225w, https:\/\/archiv.siov.sk\/wp-content\/uploads\/2025\/09\/foto_zlaty-a-bronzovy-slovensky-medailista-na-EuroSkills-2025-768x1024.jpeg 768w, https:\/\/archiv.siov.sk\/wp-content\/uploads\/2025\/09\/foto_zlaty-a-bronzovy-slovensky-medailista-na-EuroSkills-2025-1152x1536.jpeg 1152w, https:\/\/archiv.siov.sk\/wp-content\/uploads\/2025\/09\/foto_zlaty-a-bronzovy-slovensky-medailista-na-EuroSkills-2025-9x12.jpeg 9w, https:\/\/archiv.siov.sk\/wp-content\/uploads\/2025\/09\/foto_zlaty-a-bronzovy-slovensky-medailista-na-EuroSkills-2025.jpeg 1200w\" sizes=\"(max-width: 225px) 100vw, 225px\" \/><\/p>\n<p style=\"text-align: justify;\">\u201eT\u00fd\u017ede\u0148 bol pln\u00fd em\u00f3ci\u00ed, stresu, ale aj nad\u0161enia. Od za\u010diatku bolo mojim cie\u013eom skon\u010di\u0165 v\u00a0top p\u00e4\u0165ke, ke\u010f\u017ee s\u00faperi patrili k\u00a0absol\u00fatnej eur\u00f3pskej \u0161pi\u010dke. Podarilo sa mi vybojova\u0165 \u0161tvrt\u00e9 miesto a\u00a0z\u00edska\u0165 medailu za excelentn\u00fd v\u00fdkon, za \u010do som ve\u013emi v\u010fa\u010dn\u00fd. T\u00e1to sk\u00fasenos\u0165 je pre m\u0148a obrovskou \u017eivotnou \u0161kolou a\u00a0z\u00e1\u017eitkom, na ktor\u00fd nikdy nezabudnem,\u201c zhrnul po s\u00fa\u0165a\u017ei Jakub.<\/p>\n<p style=\"text-align: justify;\">Okrem s\u00fa\u0165a\u017eiacich a\u00a0z\u00e1stupcov \u0160t\u00e1tneho in\u0161tit\u00fatu odborn\u00e9ho vzdel\u00e1vania (\u0160IOV) boli s\u00fa\u010das\u0165ou na\u0161ej reprezent\u00e1cie aj <strong>experti pre ka\u017ed\u00fd odbor<\/strong>. V\u00a0chladiacej a\u00a0klimatiza\u010dnej technike bol na\u0161im expertom Peter Havala. Na ocenenie je pod\u013ea vlastn\u00fdch slov ve\u013emi hrd\u00fd. \u201eBola to skvel\u00e1 pr\u00edle\u017eitos\u0165 uk\u00e1za\u0165, \u017ee aj ako mal\u00e1 krajina\u00a0 m\u00e1me \u010do pon\u00faknu\u0165 a\u00a0vieme dr\u017ea\u0165 krok s\u00a0najlep\u0161\u00edmi v\u00a0Eur\u00f3pe,\u201c dodal.<\/p>\n<p style=\"text-align: justify;\">\u201eVe\u013emi si cen\u00edm, \u017ee som sa mohol z\u00fa\u010dastni\u0165 takto ve\u013ekej s\u00fa\u0165a\u017ee. O\u00a0v\u00fdsledku mojej pr\u00e1ce som do poslednej chv\u00edle nevedel a\u00a0samozrejme ma mimoriadne pote\u0161il. Som ve\u013emi r\u00e1d, \u017ee moja a\u00a0expertova snaha padla na \u00farodn\u00fa p\u00f4du,\u201c pop\u00edsal pocity zo s\u00fa\u0165a\u017ee n\u00e1\u0161 zlat\u00fd medailista Daniel Viskup. \u201e\u00darove\u0148 s\u00fa\u0165a\u017ee bola tento rok op\u00e4\u0165 vysok\u00e1 s\u00a0vynikaj\u00facimi s\u00fa\u0165a\u017eiacimi z\u00a0celej Eur\u00f3py. Som na Daniela hrd\u00fd. Jeho vedomosti, talent a\u00a0s\u00fastredenos\u0165 ho odl\u00ed\u0161ili od ostatn\u00fdch. Je pre m\u0148a c\u0165ou, \u017ee som mohol by\u0165 s\u00fa\u010das\u0165ou jeho \u00faspechu,\u201c dodal expert odboru elektronika Tom\u00e1\u0161 Pavl\u00ed\u010dek.<\/p>\n<p style=\"text-align: justify;\">Slovensko na EuroSkills 2025 celkovo reprezentovali <strong>12 v\u00ed\u0165azi s\u00fa\u0165a\u017e\u00ed Skills Slovakia v\u00a010 profesi\u00e1ch<\/strong> \u2013 floristika, mechatronika, grafick\u00fd dizajn, chladiaca a\u00a0klimatiza\u010dn\u00e1 technika, kuch\u00e1r, elektronika, mur\u00e1r, kadern\u00edk, webdeveloper a\u00a0podnikanie.<\/p>\n<p><img decoding=\"async\" class=\"size-medium wp-image-21014 aligncenter\" src=\"https:\/\/archiv.siov.sk\/wp-content\/uploads\/2025\/09\/foto_kopletna-slovenska-reprezentacia-na-EuroSkills-2025-300x226.jpeg\" alt=\"\" width=\"300\" height=\"226\" srcset=\"https:\/\/archiv.siov.sk\/wp-content\/uploads\/2025\/09\/foto_kopletna-slovenska-reprezentacia-na-EuroSkills-2025-300x226.jpeg 300w, https:\/\/archiv.siov.sk\/wp-content\/uploads\/2025\/09\/foto_kopletna-slovenska-reprezentacia-na-EuroSkills-2025-1024x773.jpeg 1024w, https:\/\/archiv.siov.sk\/wp-content\/uploads\/2025\/09\/foto_kopletna-slovenska-reprezentacia-na-EuroSkills-2025-768x580.jpeg 768w, https:\/\/archiv.siov.sk\/wp-content\/uploads\/2025\/09\/foto_kopletna-slovenska-reprezentacia-na-EuroSkills-2025-1536x1159.jpeg 1536w, https:\/\/archiv.siov.sk\/wp-content\/uploads\/2025\/09\/foto_kopletna-slovenska-reprezentacia-na-EuroSkills-2025-16x12.jpeg 16w, https:\/\/archiv.siov.sk\/wp-content\/uploads\/2025\/09\/foto_kopletna-slovenska-reprezentacia-na-EuroSkills-2025.jpeg 2035w\" sizes=\"(max-width: 300px) 100vw, 300px\" \/><\/p>\n<p style=\"text-align: justify;\">S\u00fa\u0165a\u017e EuroSkills Herning 2025 nielen\u017ee osl\u00e1vila najlep\u0161ie eur\u00f3pske talenty v oblasti zru\u010dnost\u00ed, ale tie\u017e in\u0161pirovala nov\u00fa gener\u00e1ciu k odborn\u00e9mu vzdel\u00e1vaniu a kari\u00e9re. Z\u00e1rove\u0148 odovzdala pomyseln\u00fa vlajku \u010fal\u0161ej hostite\u013eskej krajine a\u00a0za\u010dalo sa odpo\u010d\u00edtavanie do EuroSkills D\u00fcsseldorf 2027.<\/p>\n<p><a href=\"https:\/\/worldskillseurope.org\/index.php\/what-we-do\/skills-competitions-euroskills-event\/euroskills-results\">Kompletn\u00e9 v\u00fdsledky EuroSkills 2025<\/a><\/p>","protected":false},"excerpt":{"rendered":"<p>N\u00e1\u0161 t\u00edm z\u00faro\u010dil v\u0161etky svoje vedomosti, zru\u010dnosti a\u00a0nieko\u013ekot\u00fd\u017ed\u0148ov\u00fa intenz\u00edvnu pr\u00edpravu a\u00a0z najv\u00e4\u010d\u0161ieho eur\u00f3pskeho podujatia zameran\u00e9ho na odborn\u00e9 vzdel\u00e1vanie a\u00a0zru\u010dnosti priniesol zlat\u00fa a bronzov\u00fa medailu, medailu excelentnosti a\u00a0ocenenie Best of Nation. V\u00a0r\u00e1mci deviatich ro\u010dn\u00edkov EuroSkills, ktor\u00fdch sa Slovensko z\u00fa\u010dastnilo ide o\u00a0na\u0161u naj\u00faspe\u0161nej\u0161iu reprezent\u00e1ciu. EuroSkills 2025 v\u00a0d\u00e1nskom Herningu prebiehalo od 9. do 13. septembra 2025 a\u00a0po\u010das troch [&hellip;]<\/p>\n","protected":false},"author":6,"featured_media":21012,"comment_status":"closed","ping_status":"closed","sticky":false,"template":"","format":"standard","meta":{"site-sidebar-layout":"default","site-content-layout":"","ast-site-content-layout":"default","site-content-style":"default","site-sidebar-style":"default","ast-global-header-display":"","ast-banner-title-visibility":"","ast-main-header-display":"","ast-hfb-above-header-display":"","ast-hfb-below-header-display":"","ast-hfb-mobile-header-display":"","site-post-title":"","ast-breadcrumbs-content":"","ast-featured-img":"","footer-sml-layout":"","ast-disable-related-posts":"","theme-transparent-header-meta":"default","adv-header-id-meta":"","stick-header-meta":"default","header-above-stick-meta":"","header-main-stick-meta":"","header-below-stick-meta":"","astra-migrate-meta-layouts":"set","ast-page-background-enabled":"default","ast-page-background-meta":{"desktop":{"background-color":"var(--ast-global-color-4)","background-image":"","background-repeat":"repeat","background-position":"center center","background-size":"auto","background-attachment":"scroll","background-type":"","background-media":"","overlay-type":"","overlay-color":"","overlay-opacity":"","overlay-gradient":""},"tablet":{"background-color":"","background-image":"","background-repeat":"repeat","background-position":"center center","background-size":"auto","background-attachment":"scroll","background-type":"","background-media":"","overlay-type":"","overlay-color":"","overlay-opacity":"","overlay-gradient":""},"mobile":{"background-color":"","background-image":"","background-repeat":"repeat","background-position":"center center","background-size":"auto","background-attachment":"scroll","background-type":"","background-media":"","overlay-type":"","overlay-color":"","overlay-opacity":"","overlay-gradient":""}},"ast-content-background-meta":{"desktop":{"background-color":"var(--ast-global-color-5)","background-image":"","background-repeat":"repeat","background-position":"center center","background-size":"auto","background-attachment":"scroll","background-type":"","background-media":"","overlay-type":"","overlay-color":"","overlay-opacity":"","overlay-gradient":""},"tablet":{"background-color":"var(--ast-global-color-5)","background-image":"","background-repeat":"repeat","background-position":"center center","background-size":"auto","background-attachment":"scroll","background-type":"","background-media":"","overlay-type":"","overlay-color":"","overlay-opacity":"","overlay-gradient":""},"mobile":{"background-color":"var(--ast-global-color-5)","background-image":"","background-repeat":"repeat","background-position":"center center","background-size":"auto","background-attachment":"scroll","background-type":"","background-media":"","overlay-type":"","overlay-color":"","overlay-opacity":"","overlay-gradient":""}},"footnotes":""},"categories":[1],"tags":[],"class_list":["post-21010","post","type-post","status-publish","format-standard","has-post-thumbnail","hentry","category-aktuality"],"yoast_head":"<!-- This site is optimized with the Yoast SEO plugin v27.5 - https:\/\/yoast.com\/product\/yoast-seo-wordpress\/ -->\n<title>Mimoriadny \u00faspech slovensk\u00fdch stredo\u0161kol\u00e1kov v celoeur\u00f3pskej konkurencii na EuroSkills 2025 - \u0160IOV - \u0161t\u00e1tny in\u0161tit\u00fat odborn\u00e9ho vzdel\u00e1vania<\/title>\n<meta name=\"robots\" content=\"index, follow, max-snippet:-1, max-image-preview:large, max-video-preview:-1\" \/>\n<link rel=\"canonical\" href=\"https:\/\/archiv.siov.sk\/en\/mimoriadny-uspech-slovenskych-stredoskolakov-v-celoeuropskej-konkurencii-na-euroskills-2025\/\" \/>\n<meta property=\"og:locale\" content=\"en_GB\" \/>\n<meta property=\"og:type\" content=\"article\" \/>\n<meta property=\"og:title\" content=\"Mimoriadny \u00faspech slovensk\u00fdch stredo\u0161kol\u00e1kov v celoeur\u00f3pskej konkurencii na EuroSkills 2025 - \u0160IOV - \u0161t\u00e1tny in\u0161tit\u00fat odborn\u00e9ho vzdel\u00e1vania\" \/>\n<meta property=\"og:description\" content=\"N\u00e1\u0161 t\u00edm z\u00faro\u010dil v\u0161etky svoje vedomosti, zru\u010dnosti a\u00a0nieko\u013ekot\u00fd\u017ed\u0148ov\u00fa intenz\u00edvnu pr\u00edpravu a\u00a0z najv\u00e4\u010d\u0161ieho eur\u00f3pskeho podujatia zameran\u00e9ho na odborn\u00e9 vzdel\u00e1vanie a\u00a0zru\u010dnosti priniesol zlat\u00fa a bronzov\u00fa medailu, medailu excelentnosti a\u00a0ocenenie Best of Nation. V\u00a0r\u00e1mci deviatich ro\u010dn\u00edkov EuroSkills, ktor\u00fdch sa Slovensko z\u00fa\u010dastnilo ide o\u00a0na\u0161u naj\u00faspe\u0161nej\u0161iu reprezent\u00e1ciu. EuroSkills 2025 v\u00a0d\u00e1nskom Herningu prebiehalo od 9. do 13. septembra 2025 a\u00a0po\u010das troch [&hellip;]\" \/>\n<meta property=\"og:url\" content=\"https:\/\/archiv.siov.sk\/en\/mimoriadny-uspech-slovenskych-stredoskolakov-v-celoeuropskej-konkurencii-na-euroskills-2025\/\" \/>\n<meta property=\"og:site_name\" content=\"\u0160IOV - \u0161t\u00e1tny in\u0161tit\u00fat odborn\u00e9ho vzdel\u00e1vania\" \/>\n<meta property=\"article:publisher\" content=\"https:\/\/www.facebook.com\/Statnyinstitutodbornehovzdelavania\" \/>\n<meta property=\"article:published_time\" content=\"2025-09-16T12:39:40+00:00\" \/>\n<meta property=\"article:modified_time\" content=\"2025-09-16T12:40:03+00:00\" \/>\n<meta property=\"og:image\" content=\"https:\/\/archiv.siov.sk\/wp-content\/uploads\/2025\/09\/foto_oceneni-slovenski-sutaziaci-na-EuroSkills-2025.jpeg\" \/>\n\t<meta property=\"og:image:width\" content=\"1600\" \/>\n\t<meta property=\"og:image:height\" content=\"1200\" \/>\n\t<meta property=\"og:image:type\" content=\"image\/jpeg\" \/>\n<meta name=\"author\" content=\"Katar\u00edna Kov\u00e1\u010dov\u00e1\" \/>\n<meta name=\"twitter:card\" content=\"summary_large_image\" \/>\n<meta name=\"twitter:label1\" content=\"Written by\" \/>\n\t<meta name=\"twitter:data1\" content=\"Katar\u00edna Kov\u00e1\u010dov\u00e1\" \/>\n\t<meta name=\"twitter:label2\" content=\"Estimated reading time\" \/>\n\t<meta name=\"twitter:data2\" content=\"4 minutes\" \/>\n<script type=\"application\/ld+json\" class=\"yoast-schema-graph\">{\"@context\":\"https:\\\/\\\/schema.org\",\"@graph\":[{\"@type\":\"Article\",\"@id\":\"https:\\\/\\\/archiv.siov.sk\\\/mimoriadny-uspech-slovenskych-stredoskolakov-v-celoeuropskej-konkurencii-na-euroskills-2025\\\/#article\",\"isPartOf\":{\"@id\":\"https:\\\/\\\/archiv.siov.sk\\\/mimoriadny-uspech-slovenskych-stredoskolakov-v-celoeuropskej-konkurencii-na-euroskills-2025\\\/\"},\"author\":{\"name\":\"Katar\u00edna Kov\u00e1\u010dov\u00e1\",\"@id\":\"https:\\\/\\\/archiv.siov.sk\\\/#\\\/schema\\\/person\\\/e42d633fbd958c6a726e8834d8965e6c\"},\"headline\":\"Mimoriadny \u00faspech slovensk\u00fdch stredo\u0161kol\u00e1kov v celoeur\u00f3pskej konkurencii na EuroSkills 2025\",\"datePublished\":\"2025-09-16T12:39:40+00:00\",\"dateModified\":\"2025-09-16T12:40:03+00:00\",\"mainEntityOfPage\":{\"@id\":\"https:\\\/\\\/archiv.siov.sk\\\/mimoriadny-uspech-slovenskych-stredoskolakov-v-celoeuropskej-konkurencii-na-euroskills-2025\\\/\"},\"wordCount\":596,\"publisher\":{\"@id\":\"https:\\\/\\\/archiv.siov.sk\\\/#organization\"},\"image\":{\"@id\":\"https:\\\/\\\/archiv.siov.sk\\\/mimoriadny-uspech-slovenskych-stredoskolakov-v-celoeuropskej-konkurencii-na-euroskills-2025\\\/#primaryimage\"},\"thumbnailUrl\":\"https:\\\/\\\/archiv.siov.sk\\\/wp-content\\\/uploads\\\/2025\\\/09\\\/foto_oceneni-slovenski-sutaziaci-na-EuroSkills-2025.jpeg\",\"articleSection\":[\"Aktuality\"],\"inLanguage\":\"en-GB\"},{\"@type\":\"WebPage\",\"@id\":\"https:\\\/\\\/archiv.siov.sk\\\/mimoriadny-uspech-slovenskych-stredoskolakov-v-celoeuropskej-konkurencii-na-euroskills-2025\\\/\",\"url\":\"https:\\\/\\\/archiv.siov.sk\\\/mimoriadny-uspech-slovenskych-stredoskolakov-v-celoeuropskej-konkurencii-na-euroskills-2025\\\/\",\"name\":\"Mimoriadny \u00faspech slovensk\u00fdch stredo\u0161kol\u00e1kov v celoeur\u00f3pskej konkurencii na EuroSkills 2025 - \u0160IOV - \u0161t\u00e1tny in\u0161tit\u00fat odborn\u00e9ho vzdel\u00e1vania\",\"isPartOf\":{\"@id\":\"https:\\\/\\\/archiv.siov.sk\\\/#website\"},\"primaryImageOfPage\":{\"@id\":\"https:\\\/\\\/archiv.siov.sk\\\/mimoriadny-uspech-slovenskych-stredoskolakov-v-celoeuropskej-konkurencii-na-euroskills-2025\\\/#primaryimage\"},\"image\":{\"@id\":\"https:\\\/\\\/archiv.siov.sk\\\/mimoriadny-uspech-slovenskych-stredoskolakov-v-celoeuropskej-konkurencii-na-euroskills-2025\\\/#primaryimage\"},\"thumbnailUrl\":\"https:\\\/\\\/archiv.siov.sk\\\/wp-content\\\/uploads\\\/2025\\\/09\\\/foto_oceneni-slovenski-sutaziaci-na-EuroSkills-2025.jpeg\",\"datePublished\":\"2025-09-16T12:39:40+00:00\",\"dateModified\":\"2025-09-16T12:40:03+00:00\",\"breadcrumb\":{\"@id\":\"https:\\\/\\\/archiv.siov.sk\\\/mimoriadny-uspech-slovenskych-stredoskolakov-v-celoeuropskej-konkurencii-na-euroskills-2025\\\/#breadcrumb\"},\"inLanguage\":\"en-GB\",\"potentialAction\":[{\"@type\":\"ReadAction\",\"target\":[\"https:\\\/\\\/archiv.siov.sk\\\/mimoriadny-uspech-slovenskych-stredoskolakov-v-celoeuropskej-konkurencii-na-euroskills-2025\\\/\"]}]},{\"@type\":\"ImageObject\",\"inLanguage\":\"en-GB\",\"@id\":\"https:\\\/\\\/archiv.siov.sk\\\/mimoriadny-uspech-slovenskych-stredoskolakov-v-celoeuropskej-konkurencii-na-euroskills-2025\\\/#primaryimage\",\"url\":\"https:\\\/\\\/archiv.siov.sk\\\/wp-content\\\/uploads\\\/2025\\\/09\\\/foto_oceneni-slovenski-sutaziaci-na-EuroSkills-2025.jpeg\",\"contentUrl\":\"https:\\\/\\\/archiv.siov.sk\\\/wp-content\\\/uploads\\\/2025\\\/09\\\/foto_oceneni-slovenski-sutaziaci-na-EuroSkills-2025.jpeg\",\"width\":1600,\"height\":1200},{\"@type\":\"BreadcrumbList\",\"@id\":\"https:\\\/\\\/archiv.siov.sk\\\/mimoriadny-uspech-slovenskych-stredoskolakov-v-celoeuropskej-konkurencii-na-euroskills-2025\\\/#breadcrumb\",\"itemListElement\":[{\"@type\":\"ListItem\",\"position\":1,\"name\":\"Home\",\"item\":\"https:\\\/\\\/archiv.siov.sk\\\/\"},{\"@type\":\"ListItem\",\"position\":2,\"name\":\"Mimoriadny \u00faspech slovensk\u00fdch stredo\u0161kol\u00e1kov v celoeur\u00f3pskej konkurencii na EuroSkills 2025\"}]},{\"@type\":\"WebSite\",\"@id\":\"https:\\\/\\\/archiv.siov.sk\\\/#website\",\"url\":\"https:\\\/\\\/archiv.siov.sk\\\/\",\"name\":\"\u0160IOV - \u0161t\u00e1tny in\u0161tit\u00fat odborn\u00e9ho vzdel\u00e1vania\",\"description\":\"\",\"publisher\":{\"@id\":\"https:\\\/\\\/archiv.siov.sk\\\/#organization\"},\"potentialAction\":[{\"@type\":\"SearchAction\",\"target\":{\"@type\":\"EntryPoint\",\"urlTemplate\":\"https:\\\/\\\/archiv.siov.sk\\\/?s={search_term_string}\"},\"query-input\":{\"@type\":\"PropertyValueSpecification\",\"valueRequired\":true,\"valueName\":\"search_term_string\"}}],\"inLanguage\":\"en-GB\"},{\"@type\":\"Organization\",\"@id\":\"https:\\\/\\\/archiv.siov.sk\\\/#organization\",\"name\":\"\u0160IOV - \u0161t\u00e1tny in\u0161tit\u00fat odborn\u00e9ho vzdel\u00e1vania\",\"url\":\"https:\\\/\\\/archiv.siov.sk\\\/\",\"logo\":{\"@type\":\"ImageObject\",\"inLanguage\":\"en-GB\",\"@id\":\"https:\\\/\\\/archiv.siov.sk\\\/#\\\/schema\\\/logo\\\/image\\\/\",\"url\":\"https:\\\/\\\/archiv.siov.sk\\\/wp-content\\\/uploads\\\/2024\\\/02\\\/logo-SIOV.png\",\"contentUrl\":\"https:\\\/\\\/archiv.siov.sk\\\/wp-content\\\/uploads\\\/2024\\\/02\\\/logo-SIOV.png\",\"width\":431,\"height\":143,\"caption\":\"\u0160IOV - \u0161t\u00e1tny in\u0161tit\u00fat odborn\u00e9ho vzdel\u00e1vania\"},\"image\":{\"@id\":\"https:\\\/\\\/archiv.siov.sk\\\/#\\\/schema\\\/logo\\\/image\\\/\"},\"sameAs\":[\"https:\\\/\\\/www.facebook.com\\\/Statnyinstitutodbornehovzdelavania\"]},{\"@type\":\"Person\",\"@id\":\"https:\\\/\\\/archiv.siov.sk\\\/#\\\/schema\\\/person\\\/e42d633fbd958c6a726e8834d8965e6c\",\"name\":\"Katar\u00edna Kov\u00e1\u010dov\u00e1\",\"url\":\"https:\\\/\\\/archiv.siov.sk\\\/en\\\/author\\\/katkakovacova\\\/\"}]}<\/script>\n<!-- \/ Yoast SEO plugin. -->","yoast_head_json":{"title":"Mimoriadny \u00faspech slovensk\u00fdch stredo\u0161kol\u00e1kov v celoeur\u00f3pskej konkurencii na EuroSkills 2025 - \u0160IOV - \u0161t\u00e1tny in\u0161tit\u00fat odborn\u00e9ho vzdel\u00e1vania","robots":{"index":"index","follow":"follow","max-snippet":"max-snippet:-1","max-image-preview":"max-image-preview:large","max-video-preview":"max-video-preview:-1"},"canonical":"https:\/\/archiv.siov.sk\/en\/mimoriadny-uspech-slovenskych-stredoskolakov-v-celoeuropskej-konkurencii-na-euroskills-2025\/","og_locale":"en_GB","og_type":"article","og_title":"Mimoriadny \u00faspech slovensk\u00fdch stredo\u0161kol\u00e1kov v celoeur\u00f3pskej konkurencii na EuroSkills 2025 - \u0160IOV - \u0161t\u00e1tny in\u0161tit\u00fat odborn\u00e9ho vzdel\u00e1vania","og_description":"N\u00e1\u0161 t\u00edm z\u00faro\u010dil v\u0161etky svoje vedomosti, zru\u010dnosti a\u00a0nieko\u013ekot\u00fd\u017ed\u0148ov\u00fa intenz\u00edvnu pr\u00edpravu a\u00a0z najv\u00e4\u010d\u0161ieho eur\u00f3pskeho podujatia zameran\u00e9ho na odborn\u00e9 vzdel\u00e1vanie a\u00a0zru\u010dnosti priniesol zlat\u00fa a bronzov\u00fa medailu, medailu excelentnosti a\u00a0ocenenie Best of Nation. V\u00a0r\u00e1mci deviatich ro\u010dn\u00edkov EuroSkills, ktor\u00fdch sa Slovensko z\u00fa\u010dastnilo ide o\u00a0na\u0161u naj\u00faspe\u0161nej\u0161iu reprezent\u00e1ciu. EuroSkills 2025 v\u00a0d\u00e1nskom Herningu prebiehalo od 9. do 13. septembra 2025 a\u00a0po\u010das troch [&hellip;]","og_url":"https:\/\/archiv.siov.sk\/en\/mimoriadny-uspech-slovenskych-stredoskolakov-v-celoeuropskej-konkurencii-na-euroskills-2025\/","og_site_name":"\u0160IOV - \u0161t\u00e1tny in\u0161tit\u00fat odborn\u00e9ho vzdel\u00e1vania","article_publisher":"https:\/\/www.facebook.com\/Statnyinstitutodbornehovzdelavania","article_published_time":"2025-09-16T12:39:40+00:00","article_modified_time":"2025-09-16T12:40:03+00:00","og_image":[{"width":1600,"height":1200,"url":"https:\/\/archiv.siov.sk\/wp-content\/uploads\/2025\/09\/foto_oceneni-slovenski-sutaziaci-na-EuroSkills-2025.jpeg","type":"image\/jpeg"}],"author":"Katar\u00edna Kov\u00e1\u010dov\u00e1","twitter_card":"summary_large_image","twitter_misc":{"Written by":"Katar\u00edna Kov\u00e1\u010dov\u00e1","Estimated reading time":"4 minutes"},"schema":{"@context":"https:\/\/schema.org","@graph":[{"@type":"Article","@id":"https:\/\/archiv.siov.sk\/mimoriadny-uspech-slovenskych-stredoskolakov-v-celoeuropskej-konkurencii-na-euroskills-2025\/#article","isPartOf":{"@id":"https:\/\/archiv.siov.sk\/mimoriadny-uspech-slovenskych-stredoskolakov-v-celoeuropskej-konkurencii-na-euroskills-2025\/"},"author":{"name":"Katar\u00edna Kov\u00e1\u010dov\u00e1","@id":"https:\/\/archiv.siov.sk\/#\/schema\/person\/e42d633fbd958c6a726e8834d8965e6c"},"headline":"Mimoriadny \u00faspech slovensk\u00fdch stredo\u0161kol\u00e1kov v celoeur\u00f3pskej konkurencii na EuroSkills 2025","datePublished":"2025-09-16T12:39:40+00:00","dateModified":"2025-09-16T12:40:03+00:00","mainEntityOfPage":{"@id":"https:\/\/archiv.siov.sk\/mimoriadny-uspech-slovenskych-stredoskolakov-v-celoeuropskej-konkurencii-na-euroskills-2025\/"},"wordCount":596,"publisher":{"@id":"https:\/\/archiv.siov.sk\/#organization"},"image":{"@id":"https:\/\/archiv.siov.sk\/mimoriadny-uspech-slovenskych-stredoskolakov-v-celoeuropskej-konkurencii-na-euroskills-2025\/#primaryimage"},"thumbnailUrl":"https:\/\/archiv.siov.sk\/wp-content\/uploads\/2025\/09\/foto_oceneni-slovenski-sutaziaci-na-EuroSkills-2025.jpeg","articleSection":["Aktuality"],"inLanguage":"en-GB"},{"@type":"WebPage","@id":"https:\/\/archiv.siov.sk\/mimoriadny-uspech-slovenskych-stredoskolakov-v-celoeuropskej-konkurencii-na-euroskills-2025\/","url":"https:\/\/archiv.siov.sk\/mimoriadny-uspech-slovenskych-stredoskolakov-v-celoeuropskej-konkurencii-na-euroskills-2025\/","name":"Mimoriadny \u00faspech slovensk\u00fdch stredo\u0161kol\u00e1kov v celoeur\u00f3pskej konkurencii na EuroSkills 2025 - \u0160IOV - \u0161t\u00e1tny in\u0161tit\u00fat odborn\u00e9ho vzdel\u00e1vania","isPartOf":{"@id":"https:\/\/archiv.siov.sk\/#website"},"primaryImageOfPage":{"@id":"https:\/\/archiv.siov.sk\/mimoriadny-uspech-slovenskych-stredoskolakov-v-celoeuropskej-konkurencii-na-euroskills-2025\/#primaryimage"},"image":{"@id":"https:\/\/archiv.siov.sk\/mimoriadny-uspech-slovenskych-stredoskolakov-v-celoeuropskej-konkurencii-na-euroskills-2025\/#primaryimage"},"thumbnailUrl":"https:\/\/archiv.siov.sk\/wp-content\/uploads\/2025\/09\/foto_oceneni-slovenski-sutaziaci-na-EuroSkills-2025.jpeg","datePublished":"2025-09-16T12:39:40+00:00","dateModified":"2025-09-16T12:40:03+00:00","breadcrumb":{"@id":"https:\/\/archiv.siov.sk\/mimoriadny-uspech-slovenskych-stredoskolakov-v-celoeuropskej-konkurencii-na-euroskills-2025\/#breadcrumb"},"inLanguage":"en-GB","potentialAction":[{"@type":"ReadAction","target":["https:\/\/archiv.siov.sk\/mimoriadny-uspech-slovenskych-stredoskolakov-v-celoeuropskej-konkurencii-na-euroskills-2025\/"]}]},{"@type":"ImageObject","inLanguage":"en-GB","@id":"https:\/\/archiv.siov.sk\/mimoriadny-uspech-slovenskych-stredoskolakov-v-celoeuropskej-konkurencii-na-euroskills-2025\/#primaryimage","url":"https:\/\/archiv.siov.sk\/wp-content\/uploads\/2025\/09\/foto_oceneni-slovenski-sutaziaci-na-EuroSkills-2025.jpeg","contentUrl":"https:\/\/archiv.siov.sk\/wp-content\/uploads\/2025\/09\/foto_oceneni-slovenski-sutaziaci-na-EuroSkills-2025.jpeg","width":1600,"height":1200},{"@type":"BreadcrumbList","@id":"https:\/\/archiv.siov.sk\/mimoriadny-uspech-slovenskych-stredoskolakov-v-celoeuropskej-konkurencii-na-euroskills-2025\/#breadcrumb","itemListElement":[{"@type":"ListItem","position":1,"name":"Home","item":"https:\/\/archiv.siov.sk\/"},{"@type":"ListItem","position":2,"name":"Mimoriadny \u00faspech slovensk\u00fdch stredo\u0161kol\u00e1kov v celoeur\u00f3pskej konkurencii na EuroSkills 2025"}]},{"@type":"WebSite","@id":"https:\/\/archiv.siov.sk\/#website","url":"https:\/\/archiv.siov.sk\/","name":"\u0160IOV - \u0161t\u00e1tny in\u0161tit\u00fat odborn\u00e9ho vzdel\u00e1vania","description":"","publisher":{"@id":"https:\/\/archiv.siov.sk\/#organization"},"potentialAction":[{"@type":"SearchAction","target":{"@type":"EntryPoint","urlTemplate":"https:\/\/archiv.siov.sk\/?s={search_term_string}"},"query-input":{"@type":"PropertyValueSpecification","valueRequired":true,"valueName":"search_term_string"}}],"inLanguage":"en-GB"},{"@type":"Organization","@id":"https:\/\/archiv.siov.sk\/#organization","name":"\u0160IOV - \u0161t\u00e1tny in\u0161tit\u00fat odborn\u00e9ho vzdel\u00e1vania","url":"https:\/\/archiv.siov.sk\/","logo":{"@type":"ImageObject","inLanguage":"en-GB","@id":"https:\/\/archiv.siov.sk\/#\/schema\/logo\/image\/","url":"https:\/\/archiv.siov.sk\/wp-content\/uploads\/2024\/02\/logo-SIOV.png","contentUrl":"https:\/\/archiv.siov.sk\/wp-content\/uploads\/2024\/02\/logo-SIOV.png","width":431,"height":143,"caption":"\u0160IOV - \u0161t\u00e1tny in\u0161tit\u00fat odborn\u00e9ho vzdel\u00e1vania"},"image":{"@id":"https:\/\/archiv.siov.sk\/#\/schema\/logo\/image\/"},"sameAs":["https:\/\/www.facebook.com\/Statnyinstitutodbornehovzdelavania"]},{"@type":"Person","@id":"https:\/\/archiv.siov.sk\/#\/schema\/person\/e42d633fbd958c6a726e8834d8965e6c","name":"Katar\u00edna Kov\u00e1\u010dov\u00e1","url":"https:\/\/archiv.siov.sk\/en\/author\/katkakovacova\/"}]}},"_links":{"self":[{"href":"https:\/\/archiv.siov.sk\/en\/wp-json\/wp\/v2\/posts\/21010","targetHints":{"allow":["GET"]}}],"collection":[{"href":"https:\/\/archiv.siov.sk\/en\/wp-json\/wp\/v2\/posts"}],"about":[{"href":"https:\/\/archiv.siov.sk\/en\/wp-json\/wp\/v2\/types\/post"}],"author":[{"embeddable":true,"href":"https:\/\/archiv.siov.sk\/en\/wp-json\/wp\/v2\/users\/6"}],"replies":[{"embeddable":true,"href":"https:\/\/archiv.siov.sk\/en\/wp-json\/wp\/v2\/comments?post=21010"}],"version-history":[{"count":2,"href":"https:\/\/archiv.siov.sk\/en\/wp-json\/wp\/v2\/posts\/21010\/revisions"}],"predecessor-version":[{"id":21015,"href":"https:\/\/archiv.siov.sk\/en\/wp-json\/wp\/v2\/posts\/21010\/revisions\/21015"}],"wp:featuredmedia":[{"embeddable":true,"href":"https:\/\/archiv.siov.sk\/en\/wp-json\/wp\/v2\/media\/21012"}],"wp:attachment":[{"href":"https:\/\/archiv.siov.sk\/en\/wp-json\/wp\/v2\/media?parent=21010"}],"wp:term":[{"taxonomy":"category","embeddable":true,"href":"https:\/\/archiv.siov.sk\/en\/wp-json\/wp\/v2\/categories?post=21010"},{"taxonomy":"post_tag","embeddable":true,"href":"https:\/\/archiv.siov.sk\/en\/wp-json\/wp\/v2\/tags?post=21010"}],"curies":[{"name":"wp","href":"https:\/\/api.w.org\/{rel}","templated":true}]}}