{"id":20947,"date":"2025-09-11T14:18:58","date_gmt":"2025-09-11T12:18:58","guid":{"rendered":"https:\/\/archiv.siov.sk\/?p=20947"},"modified":"2025-09-11T14:27:53","modified_gmt":"2025-09-11T12:27:53","slug":"festival-zrucnosti-2025-prepaja-skoly-expertov-aj-verejnost","status":"publish","type":"post","link":"https:\/\/archiv.siov.sk\/en\/festival-zrucnosti-2025-prepaja-skoly-expertov-aj-verejnost\/","title":{"rendered":"Festival zru\u010dnost\u00ed 2025 prepoj\u00ed \u0161koly, expertov aj verejnos\u0165"},"content":{"rendered":"<p>Tret\u00ed ro\u010dn\u00edk Festivalu zru\u010dnost\u00ed od\u0161tartuje 22. septembra 2025 pod z\u00e1\u0161titou \u0160t\u00e1tneho in\u0161tit\u00fatu odborn\u00e9ho vzdel\u00e1vania (\u0160IOV) v spolupr\u00e1ci s Ministerstvom \u0161kolstva, v\u00fdskumu, v\u00fdvoja a ml\u00e1de\u017ee SR a \u010fal\u0161\u00edmi partnermi. Po\u010das piatich dn\u00ed, od 22. do 26. septembra 2025, festival prinesie s\u00e9riu podujat\u00ed v Bratislave, ale aj v \u010fal\u0161\u00edch slovensk\u00fdch mest\u00e1ch, zameran\u00fdch na podporu rozvoja zru\u010dnost\u00ed, zv\u00fd\u0161enie kvality vo vzdel\u00e1van\u00ed a prep\u00e1janie te\u00f3rie s praxou. Festival je bezplatn\u00fd a otvoren\u00fd pre \u0161irok\u00fa verejnos\u0165, so zameran\u00edm na \u017eiakov, pedag\u00f3gov, odborn\u00edkov, ako aj v\u0161etk\u00fdch z\u00e1ujemcov o kvalitn\u00e9 vzdel\u00e1vanie a celo\u017eivotn\u00e9 u\u010denie sa.<\/p>\n<p><strong>Program Festivalu zru\u010dnost\u00ed 2025:<\/strong><\/p>\n<p>22. SEPTEMBER \u2013 KONFERENCIA AKO SLOVENSKO PODPORUJE ROZVOJ ZRU\u010cNOST\u00cd<\/p>\n<p>23. SEPTEMBER \u2013 AKAD\u00c9MIA TALENTOV A TRH REMESIEL<\/p>\n<p>24. SEPTEMBER \u2013 KONFERENCIA ZABEZPE\u010cOVANIE KVALITY VO VZDEL\u00c1VAN\u00cd: OD STRAT\u00c9GI\u00cd K PRAXI<\/p>\n<p>25. SEPTEMBER \u2013 PREZENT\u00c1CIA ZRU\u010cNOST\u00cd PRE VEREJNOS\u0164<\/p>\n<p>22. \u2013 26. SEPTEMBER \u2013 VZDEL\u00c1VACIE AKTIVITY PO CELOM SLOVENSKU<\/p>\n<p><strong>Viac inform\u00e1ci\u00ed, program a registr\u00e1cia na konferencie: <a href=\"https:\/\/archiv.siov.sk\/en\/festival-zrucnosti\/\" target=\"_blank\" rel=\"noopener\">https:\/\/archiv.siov.sk\/festival-zrucnosti\/\u00a0<\/a><\/strong><\/p>\n<p>\u2014\u2014\u2014\u2014\u2014\u2014\u2014\u2014\u2014\u2014\u2014\u2014\u2014\u2014\u2014\u2014\u2014\u2014\u2014\u2014\u2014\u2014\u2014\u2014\u2014\u2014\u2014\u2014\u2014\u2014\u2014\u2014\u2014\u2014\u2014\u2014\u2014\u2014\u2014\u2014\u2014\u2014\u2014\u2014\u2014\u2014\u2014\u2014\u2014\u2014\u2014\u2014\u2014\u2014\u2014\u2014\u2014\u2014\u2014\u2014\u2014\u2014\u2014\u2014\u2014\u2014\u2014\u2014\u2014\u2014\u2014\u2014\u2014\u2014-<\/p>\n<h4><strong>22. SEPTEMBER (pondelok) \u2013 Konferencia\u00a0<\/strong><em><strong>Ako Slovensko podporuje rozvoj zru\u010dnost\u00ed?<\/strong><br \/>\n<\/em><strong>Miesto a \u010das: Radisson Blu Carlton Hotel, Bratislava, 13:30 \u2013 17:30<\/strong><\/h4>\n<p>Festival otvor\u00ed odborn\u00e9 podujatie zameran\u00e9 na predstavenie najnov\u0161\u00edch legislat\u00edvnych zmien a in\u0161titucion\u00e1lneho zabezpe\u010denia vo vzdel\u00e1van\u00ed dospel\u00fdch zaveden\u00fdch z\u00e1konom o vzdel\u00e1van\u00ed dospel\u00fdch v roku 2025. Konferencia predstav\u00ed nov\u00e9 prvky v syst\u00e9me vzdel\u00e1vania, sp\u00f4sob a podmienky ich realiz\u00e1cie.<\/p>\n<p>Program sa zameria na t\u00e9my ako\u00a0<strong>certifik\u00e1cia in\u0161tit\u00faci\u00ed vzdel\u00e1vania dospel\u00fdch<\/strong>,\u00a0<strong>akredit\u00e1cia vzdel\u00e1vac\u00edch programov<\/strong>,\u00a0<strong>overovanie vzdel\u00e1vac\u00edch v\u00fdstupov<\/strong>, ale aj aktu\u00e1lne trendy ako\u00a0<strong>digit\u00e1lne a zelen\u00e9 zru\u010dnosti<\/strong>\u00a0\u010di\u00a0<strong>kari\u00e9rov\u00e9 poradenstvo pre dospel\u00fdch<\/strong>. \u00da\u010dastn\u00edci sa dozvedia viac aj o pripravovan\u00fdch individu\u00e1lnych vzdel\u00e1vac\u00edch \u00fa\u010dtoch, ako poskytova\u0165 mikroosved\u010denia alebo si da\u0165 overi\u0165 zru\u010dnosti z\u00edskan\u00e9 mimo form\u00e1lneho vzdel\u00e1vania.<\/p>\n<p>Medzi re\u010dn\u00edkmi vyst\u00fapia odborn\u00edci z Ministerstva \u0161kolstva, v\u00fdskumu, v\u00fdvoja a ml\u00e1de\u017ee SR, z\u00e1stupcovia Aliancie sektorov\u00fdch r\u00e1d, Digit\u00e1lnej koal\u00edcie a Zdru\u017eenia pre kari\u00e9rov\u00e9 poradenstvo a rozvoj kari\u00e9ry.<\/p>\n<p>Registr\u00e1cia na podujatie:\u00a0<a role=\"link\" href=\"https:\/\/forms.office.com\/e\/t4K1nkV1nb\" target=\"_blank\" rel=\"noopener\">https:\/\/forms.office.com\/e\/t4K1nkV1nb<\/a><\/p>\n<p><img fetchpriority=\"high\" decoding=\"async\" class=\"alignnone wp-image-20434\" src=\"https:\/\/archiv.siov.sk\/wp-content\/uploads\/2025\/08\/Pozvanka-na-podujatie-pre-odbornikov-vo-vzdelavani_pondelok_FZ_2025-min-1-300x212.png\" sizes=\"(max-width: 450px) 100vw, 450px\" srcset=\"https:\/\/archiv.siov.sk\/wp-content\/uploads\/2025\/08\/Pozvanka-na-podujatie-pre-odbornikov-vo-vzdelavani_pondelok_FZ_2025-min-1-300x212.png 300w, https:\/\/archiv.siov.sk\/wp-content\/uploads\/2025\/08\/Pozvanka-na-podujatie-pre-odbornikov-vo-vzdelavani_pondelok_FZ_2025-min-1-1024x724.png 1024w, https:\/\/archiv.siov.sk\/wp-content\/uploads\/2025\/08\/Pozvanka-na-podujatie-pre-odbornikov-vo-vzdelavani_pondelok_FZ_2025-min-1-768x543.png 768w, https:\/\/archiv.siov.sk\/wp-content\/uploads\/2025\/08\/Pozvanka-na-podujatie-pre-odbornikov-vo-vzdelavani_pondelok_FZ_2025-min-1-1536x1086.png 1536w\" alt=\"\" width=\"450\" height=\"318\" \/><\/p>\n<h4><strong>23. SEPTEMBER (utorok) \u2013 Akad\u00e9mia talentov a Trh remesiel<\/strong><em><br \/>\n<\/em><strong>Miesto a \u010das: Nivy centrum Bratislava, 9:00 \u2013 17:00<\/strong><\/h4>\n<p>Tento de\u0148 bude patri\u0165 mlad\u00fdm talentom.\u00a0<strong>Akad\u00e9mia stredo\u0161kolsk\u00fdch talentov<\/strong>\u00a0predstav\u00ed v\u00fdnimo\u010dn\u00e9 \u00faspechy \u017eiakov stredn\u00fdch odborn\u00fdch \u0161k\u00f4l od inovat\u00edvnych projektov a s\u00fa\u0165a\u017en\u00fdch pr\u00e1c a\u017e po aktivity, ktor\u00e9 dokazuj\u00fa ich tvorivos\u0165, technick\u00fa zru\u010dnos\u0165 a anga\u017eovanos\u0165. Cie\u013eom podujatia je nielen oceni\u0165 ich doteraj\u0161ie \u00faspechy, ale aj in\u0161pirova\u0165 ich rovesn\u00edkov k vlastnej aktivite a rozvoju po\u010das \u0161t\u00fadia.<\/p>\n<p>Popoludn\u00ed sa n\u00e1v\u0161tevn\u00edci presun\u00fa na\u00a0<strong>Trh remesiel <\/strong>(2. poschodie), kde sa v st\u00e1nkoch predstavia \u0161koly prostredn\u00edctvom praktick\u00fdch uk\u00e1\u017eok, pr\u00edpadne ponuky produktov a slu\u017eieb, ktor\u00e9 ich \u0161kolu reprezentuj\u00fa. Budete ma\u0165 mo\u017enos\u0165 zapoji\u0165 sa do vybran\u00fdch aktiv\u00edt ako napr\u00edklad:<\/p>\n<ul data-start=\"1833\" data-end=\"2016\">\n<li data-start=\"1833\" data-end=\"1855\">\n<p data-start=\"1835\" data-end=\"1855\"><strong data-start=\"1835\" data-end=\"1852\">\u010dajov\u00fd ritu\u00e1l<\/strong>,<\/p>\n<\/li>\n<li data-start=\"1856\" data-end=\"1900\">\n<p data-start=\"1858\" data-end=\"1900\"><strong data-start=\"1858\" data-end=\"1897\">v\u00fdroba bi\u017eut\u00e9rie a mydiel<\/strong>,<\/p>\n<\/li>\n<li data-start=\"1901\" data-end=\"1925\">\n<p data-start=\"1903\" data-end=\"1925\"><strong data-start=\"1903\" data-end=\"1922\">zauj\u00edmav\u00e9 chemick\u00e9 pokusy<\/strong>,<\/p>\n<\/li>\n<li data-start=\"1926\" data-end=\"1958\">\n<p data-start=\"1928\" data-end=\"1958\"><strong data-start=\"1928\" data-end=\"1955\">uk\u00e1\u017eky \u00fa\u010desov a l\u00ed\u010denia<\/strong>,<\/p>\n<\/li>\n<li data-start=\"1959\" data-end=\"1996\">\n<p data-start=\"1961\" data-end=\"1996\"><strong data-start=\"1961\" data-end=\"1993\">predaj \u0161tudentsk\u00fdch v\u00fdrobkov <\/strong>a mnoho \u010fal\u0161ieho.<\/p>\n<\/li>\n<\/ul>\n<p data-start=\"2018\" data-end=\"2107\">Podujatie uk\u00e1\u017ee, \u017ee odborn\u00e9 vzdel\u00e1vanie je kreat\u00edvne, praktick\u00e9 a m\u00e1 \u010do pon\u00faknu\u0165 ka\u017ed\u00e9mu.<\/p>\n<p>Registr\u00e1cia \u0161k\u00f4l bola ukon\u010den\u00e1. Vstup na podujatie je vo\u013en\u00fd.<\/p>\n<p><img decoding=\"async\" class=\"alignnone wp-image-20502\" src=\"https:\/\/archiv.siov.sk\/wp-content\/uploads\/2025\/08\/Pozvanka-na-Akademiu-talentov-a-Trh-remesiel_utorok_FZ_2025-min-300x212.png\" sizes=\"(max-width: 450px) 100vw, 450px\" srcset=\"https:\/\/archiv.siov.sk\/wp-content\/uploads\/2025\/08\/Pozvanka-na-Akademiu-talentov-a-Trh-remesiel_utorok_FZ_2025-min-300x212.png 300w, https:\/\/archiv.siov.sk\/wp-content\/uploads\/2025\/08\/Pozvanka-na-Akademiu-talentov-a-Trh-remesiel_utorok_FZ_2025-min-1024x724.png 1024w, https:\/\/archiv.siov.sk\/wp-content\/uploads\/2025\/08\/Pozvanka-na-Akademiu-talentov-a-Trh-remesiel_utorok_FZ_2025-min-768x543.png 768w, https:\/\/archiv.siov.sk\/wp-content\/uploads\/2025\/08\/Pozvanka-na-Akademiu-talentov-a-Trh-remesiel_utorok_FZ_2025-min-1536x1086.png 1536w\" alt=\"\" width=\"450\" height=\"318\" \/><\/p>\n<h4><strong>24. SEPTEMBER (streda) \u2013 Konferencia\u00a0<em>Zabezpe\u010dovanie kvality vo vzdel\u00e1van\u00ed<br \/>\n<\/em>Miesto a \u010das:<\/strong>\u00a0<strong>\u00darad pre normaliz\u00e1ciu, metrol\u00f3giu a sk\u00fa\u0161obn\u00edctvo SR, Bratislava, 9:30 \u2013 15:30<\/strong><\/h4>\n<p>Tret\u00ed de\u0148 festivalu sa bude nies\u0165 v znamen\u00ed\u00a0<strong>kvality vo vzdel\u00e1van\u00ed<\/strong>. Odborn\u00e1 konferencia otvor\u00ed priestor pre diskusiu o o zabezpe\u010dovan\u00ed kvality vo vzdel\u00e1van\u00ed a potrebe spolo\u010dnej\u00a0<strong>strat\u00e9gie kvality<\/strong>, v\u00fdmene sk\u00fasenost\u00ed a prezent\u00e1cii \u00faspe\u0161n\u00fdch pr\u00edkladov z praxe. Cie\u013eom je posilni\u0165 spolo\u010dn\u00e9 \u00fasilie smeruj\u00face k systematick\u00e9mu zvy\u0161ovaniu kvality odborn\u00e9ho vzdel\u00e1vania a pr\u00edpravy. Do diskusie sa zapoja z\u00e1stupcovia Aliancie sektorov\u00fdch r\u00e1d, Digit\u00e1lnej koal\u00edcie, \u0160t\u00e1tnej \u0161kolskej in\u0161pekcie, Asoci\u00e1cie stredn\u00fdch odborn\u00fdch \u0161k\u00f4l a \u010fal\u0161ie organiz\u00e1cie p\u00f4sobiace v oblasti kvality a rozvoja vzdel\u00e1vania.<\/p>\n<p>Registr\u00e1cia na podujatie:\u00a0<a role=\"link\" href=\"https:\/\/forms.office.com\/e\/GpHaTxghcz\" target=\"_blank\" rel=\"noopener\">https:\/\/forms.office.com\/e\/GpHaTxghcz<\/a><\/p>\n<p>Na konferenciu nadvia\u017ee 20. jubilejn\u00e1 konferencia o kvalite a spolo\u010denskej zodpovednosti, ktor\u00fa organizuje \u00darad pre normaliz\u00e1ciu, metrol\u00f3giu a sk\u00fa\u0161obn\u00edctvo SR d\u0148a\u00a0<strong>25. septembra 2025<\/strong>.<br \/>\n<a role=\"link\" href=\"https:\/\/cafcentrum.unms.sk\/skolenie\/385?utm_source=chatgpt.com\" target=\"_blank\" rel=\"noopener\">Viac inform\u00e1ci\u00ed TU<\/a><\/p>\n<p><img decoding=\"async\" class=\"alignnone wp-image-20729\" src=\"https:\/\/archiv.siov.sk\/wp-content\/uploads\/2025\/09\/4.-Pozvanka-na-konferenciu-o-kvalite-vo-vzdelavani_FZ_2025-3-300x212.png\" sizes=\"(max-width: 450px) 100vw, 450px\" srcset=\"https:\/\/archiv.siov.sk\/wp-content\/uploads\/2025\/09\/4.-Pozvanka-na-konferenciu-o-kvalite-vo-vzdelavani_FZ_2025-3-300x212.png 300w, https:\/\/archiv.siov.sk\/wp-content\/uploads\/2025\/09\/4.-Pozvanka-na-konferenciu-o-kvalite-vo-vzdelavani_FZ_2025-3-1024x724.png 1024w, https:\/\/archiv.siov.sk\/wp-content\/uploads\/2025\/09\/4.-Pozvanka-na-konferenciu-o-kvalite-vo-vzdelavani_FZ_2025-3-768x543.png 768w, https:\/\/archiv.siov.sk\/wp-content\/uploads\/2025\/09\/4.-Pozvanka-na-konferenciu-o-kvalite-vo-vzdelavani_FZ_2025-3-1536x1086.png 1536w\" alt=\"\" width=\"450\" height=\"318\" \/><\/p>\n<h4><strong>25. SEPTEMBER (\u0161tvrtok) \u2013 Prezent\u00e1cia zru\u010dnost\u00ed pre verejnos\u0165\u00a0<em><br \/>\n<\/em>Miesto a \u010das:<\/strong>\u00a0<strong>Nivy centrum Bratislava, 12:00 \u2013 17:00<\/strong><\/h4>\n<p>\u0160tvrtok bude venovan\u00fd v\u0161etk\u00fdm, ktor\u00ed sa chc\u00fa rozv\u00edja\u0165 \u2013 \u010di u\u017e osobnostne, profesijne alebo si len roz\u0161\u00edri\u0165 obzory. V neform\u00e1lnej, interakt\u00edvnej atmosf\u00e9re bud\u00fa ma\u0165 n\u00e1v\u0161tevn\u00edci mo\u017enos\u0165 zapoji\u0165 sa do aktiv\u00edt, ktor\u00e9 im pom\u00f4\u017eu zorientova\u0165 sa v\u202fmo\u017enostiach vzdel\u00e1vania, dobrovo\u013en\u00edctva, digit\u00e1lnych zru\u010dnost\u00ed aj ekologick\u00e9ho spr\u00e1vania.<\/p>\n<ul>\n<li data-start=\"743\" data-end=\"958\"><strong data-start=\"746\" data-end=\"804\">Ako sa vzdel\u00e1va\u0165 v ka\u017edom veku a dr\u017ea\u0165 krok so zmenami<\/strong><br data-start=\"804\" data-end=\"807\" \/>\u2013 digit\u00e1lne n\u00e1stroje pre seniorov aj zamestnan\u00fdch, ktor\u00e9 pom\u00e1haj\u00fa rozv\u00edja\u0165 schopnosti v\u202fr\u00fdchlo sa meniacom svete (MIRRI SR, Digit\u00e1lna koal\u00edcia, KOGNEO)<\/li>\n<li data-start=\"960\" data-end=\"1135\"><strong data-start=\"963\" data-end=\"1023\">Ako hospod\u00e1ri\u0165 s peniazmi a rozv\u00edja\u0165 finan\u010dn\u00fa gramotnos\u0165<\/strong><br data-start=\"1023\" data-end=\"1026\" \/>\u2013 z\u00e1bavn\u00e9 aktivity a simul\u00e1cie na t\u00e9mu financi\u00ed, vhodn\u00e9 pre v\u0161etky vekov\u00e9 kateg\u00f3rie (N\u00e1rodn\u00e1 banka Slovenska)<\/li>\n<li data-start=\"1137\" data-end=\"1348\"><strong data-start=\"1140\" data-end=\"1210\">Ako sa m\u00f4\u017eem zapoji\u0165 do zmyslupln\u00fdch projektov doma aj v zahrani\u010d\u00ed<\/strong><br data-start=\"1210\" data-end=\"1213\" \/>\u2013 mo\u017enosti \u0161t\u00fadia, st\u00e1\u017e\u00ed, dobrovo\u013en\u00edctva a u\u010denia sa v r\u00f4znych krajin\u00e1ch (SAAIC, Bratislavsk\u00e9 dobrovo\u013en\u00edcke centrum, \u010clovek v ohrozen\u00ed)<\/li>\n<li data-start=\"1350\" data-end=\"1547\"><strong data-start=\"1353\" data-end=\"1415\">Ako z\u00edska\u0165 preh\u013ead o trhu pr\u00e1ce a akreditovanom vzdel\u00e1van\u00ed<\/strong><br data-start=\"1415\" data-end=\"1418\" \/>\u2013 poradenstvo pre dospel\u00fdch aj zamestn\u00e1vate\u013eov o tom, \u010do je dnes \u017eiadan\u00e9 a ako si doplni\u0165 kvalifik\u00e1ciu (Aliancia sektorov\u00fdch r\u00e1d)<\/li>\n<li data-start=\"1549\" data-end=\"1686\"><strong data-start=\"1552\" data-end=\"1618\">Ako sa rozhodn\u00fa\u0165 o \u010fal\u0161om smerovan\u00ed \u2013 kari\u00e9ra, \u0161kola, profesia<\/strong><br data-start=\"1618\" data-end=\"1621\" \/>\u2013 mo\u017enos\u0165 poradi\u0165 sa s profesion\u00e1lnym kari\u00e9rov\u00fdm poradcom (ZPRKP)<\/li>\n<li data-start=\"1688\" data-end=\"1836\"><strong data-start=\"1691\" data-end=\"1748\">Ako m\u00f4\u017eeme prispie\u0165 k ochrane pr\u00edrody a udr\u017eate\u013enosti<\/strong><br data-start=\"1748\" data-end=\"1751\" \/>\u2013 jednoduch\u00e9 environment\u00e1lne tipy a aktivity (Strom \u017eivota)<\/li>\n<li data-start=\"1838\" data-end=\"1981\"><strong data-start=\"1841\" data-end=\"1890\">Ako sa u\u010d\u00edme cez trad\u00edcie a vlastn\u00fa tvorivos\u0165<\/strong><br data-start=\"1890\" data-end=\"1893\" \/>\u2013 praktick\u00e9 uk\u00e1\u017eky tradi\u010dn\u00fdch techn\u00edk ako tkanie \u010di pr\u00e1ca s pr\u00edrodn\u00fdmi materi\u00e1lmi (\u00da\u013dUV)<\/li>\n<li data-start=\"1983\" data-end=\"2138\"><strong data-start=\"1986\" data-end=\"2048\">Ako objavi\u0165 svoj potenci\u00e1l a rozv\u00edja\u0165 podnikate\u013esk\u00e9 n\u00e1pady<\/strong><br data-start=\"2048\" data-end=\"2051\" \/>\u2013 roz\u0161\u00edren\u00e1 realita ako n\u00e1stroj na spozn\u00e1vanie vlastn\u00fdch siln\u00fdch str\u00e1nok (JA Slovensko)<\/li>\n<\/ul>\n<p>N\u00e1v\u0161tevn\u00edci sa bud\u00fa m\u00f4c\u0165 zapoji\u0165 do s\u00fa\u0165a\u017ee o dar\u010deky od na\u0161ich partnerov. Sta\u010d\u00ed absolvova\u0165 nieko\u013eko interakt\u00edvnych aktiv\u00edt a vy\u017erebova\u0165 si odmenu! Programom bude sprev\u00e1dza\u0165 moder\u00e1torka Barbara \u201eBabsy\u201c Jagu\u0161\u00e1k. Vstup na podujatie je vo\u013en\u00fd, bez nutnosti registr\u00e1cie.<\/p>\n<p><img loading=\"lazy\" decoding=\"async\" class=\"alignnone wp-image-20631\" src=\"https:\/\/archiv.siov.sk\/wp-content\/uploads\/2025\/09\/Pozvanka-pre-verejnost-na-Prezentaciu-zrucnosti_stvrtok_FZ_2025-min-3-300x212.png\" sizes=\"(max-width: 450px) 100vw, 450px\" srcset=\"https:\/\/archiv.siov.sk\/wp-content\/uploads\/2025\/09\/Pozvanka-pre-verejnost-na-Prezentaciu-zrucnosti_stvrtok_FZ_2025-min-3-300x212.png 300w, https:\/\/archiv.siov.sk\/wp-content\/uploads\/2025\/09\/Pozvanka-pre-verejnost-na-Prezentaciu-zrucnosti_stvrtok_FZ_2025-min-3-1024x724.png 1024w, https:\/\/archiv.siov.sk\/wp-content\/uploads\/2025\/09\/Pozvanka-pre-verejnost-na-Prezentaciu-zrucnosti_stvrtok_FZ_2025-min-3-768x543.png 768w, https:\/\/archiv.siov.sk\/wp-content\/uploads\/2025\/09\/Pozvanka-pre-verejnost-na-Prezentaciu-zrucnosti_stvrtok_FZ_2025-min-3-1536x1086.png 1536w\" alt=\"\" width=\"450\" height=\"318\" \/><\/p>\n<h4><strong>22. \u2013 26. SEPTEMBER (cel\u00fd t\u00fd\u017ede\u0148) \u2013 Vzdel\u00e1vacie aktivity po celom Slovensku<em><br \/>\n<\/em>Miesto a \u010das:<\/strong>\u00a0<strong>Slovensko, cel\u00fd t\u00fd\u017ede\u0148<\/strong><\/h4>\n<p>Po\u010das cel\u00e9ho t\u00fd\u017ed\u0148a sa uskuto\u010dnia viacer\u00e9 <strong>workshopy \u010di vzdel\u00e1vacie aktivity v r\u00f4znych mest\u00e1ch Slovenska<\/strong>, ktor\u00e9 sa zameriavaj\u00fa na \u0161irok\u00e9 spektrum t\u00e9m \u2013 od praktick\u00fdch remeseln\u00fdch zru\u010dnost\u00ed, cez digit\u00e1lne kompetencie a\u017e po kari\u00e9rov\u00e9 a osobnostn\u00e9 poradenstvo.<\/p>\n<p>Registr\u00e1cia vzdel\u00e1vac\u00edch aktiv\u00edt:\u00a0<a role=\"link\" href=\"https:\/\/forms.office.com\/e\/5R98RHbrHx\" target=\"_blank\" rel=\"noopener\">https:\/\/forms.office.com\/e\/5R98RHbrHx<\/a><\/p>\n<p><img loading=\"lazy\" decoding=\"async\" class=\"alignnone wp-image-20651\" src=\"https:\/\/archiv.siov.sk\/wp-content\/uploads\/2025\/09\/Pozvanka-pre-vzdelavacie-organizacie_FZ_2025-300x212.png\" sizes=\"(max-width: 450px) 100vw, 450px\" srcset=\"https:\/\/archiv.siov.sk\/wp-content\/uploads\/2025\/09\/Pozvanka-pre-vzdelavacie-organizacie_FZ_2025-300x212.png 300w, https:\/\/archiv.siov.sk\/wp-content\/uploads\/2025\/09\/Pozvanka-pre-vzdelavacie-organizacie_FZ_2025-1024x724.png 1024w, https:\/\/archiv.siov.sk\/wp-content\/uploads\/2025\/09\/Pozvanka-pre-vzdelavacie-organizacie_FZ_2025-768x543.png 768w\" alt=\"\" width=\"450\" height=\"318\" \/><\/p>\n<p>Te\u0161\u00edme sa na va\u0161u \u00fa\u010das\u0165.<\/p>","protected":false},"excerpt":{"rendered":"<p>Tret\u00ed ro\u010dn\u00edk Festivalu zru\u010dnost\u00ed od\u0161tartuje 22. septembra 2025 pod z\u00e1\u0161titou \u0160t\u00e1tneho in\u0161tit\u00fatu odborn\u00e9ho vzdel\u00e1vania (\u0160IOV) v spolupr\u00e1ci s Ministerstvom \u0161kolstva, v\u00fdskumu, v\u00fdvoja a ml\u00e1de\u017ee SR a \u010fal\u0161\u00edmi partnermi. Po\u010das piatich dn\u00ed, od 22. do 26. septembra 2025, festival prinesie s\u00e9riu podujat\u00ed v Bratislave, ale aj v \u010fal\u0161\u00edch slovensk\u00fdch mest\u00e1ch, zameran\u00fdch na podporu rozvoja zru\u010dnost\u00ed, zv\u00fd\u0161enie [&hellip;]<\/p>\n","protected":false},"author":10,"featured_media":20949,"comment_status":"closed","ping_status":"closed","sticky":false,"template":"","format":"standard","meta":{"site-sidebar-layout":"default","site-content-layout":"","ast-site-content-layout":"default","site-content-style":"default","site-sidebar-style":"default","ast-global-header-display":"","ast-banner-title-visibility":"","ast-main-header-display":"","ast-hfb-above-header-display":"","ast-hfb-below-header-display":"","ast-hfb-mobile-header-display":"","site-post-title":"","ast-breadcrumbs-content":"","ast-featured-img":"","footer-sml-layout":"","ast-disable-related-posts":"","theme-transparent-header-meta":"default","adv-header-id-meta":"","stick-header-meta":"default","header-above-stick-meta":"","header-main-stick-meta":"","header-below-stick-meta":"","astra-migrate-meta-layouts":"set","ast-page-background-enabled":"default","ast-page-background-meta":{"desktop":{"background-color":"var(--ast-global-color-4)","background-image":"","background-repeat":"repeat","background-position":"center center","background-size":"auto","background-attachment":"scroll","background-type":"","background-media":"","overlay-type":"","overlay-color":"","overlay-opacity":"","overlay-gradient":""},"tablet":{"background-color":"","background-image":"","background-repeat":"repeat","background-position":"center center","background-size":"auto","background-attachment":"scroll","background-type":"","background-media":"","overlay-type":"","overlay-color":"","overlay-opacity":"","overlay-gradient":""},"mobile":{"background-color":"","background-image":"","background-repeat":"repeat","background-position":"center center","background-size":"auto","background-attachment":"scroll","background-type":"","background-media":"","overlay-type":"","overlay-color":"","overlay-opacity":"","overlay-gradient":""}},"ast-content-background-meta":{"desktop":{"background-color":"var(--ast-global-color-5)","background-image":"","background-repeat":"repeat","background-position":"center center","background-size":"auto","background-attachment":"scroll","background-type":"","background-media":"","overlay-type":"","overlay-color":"","overlay-opacity":"","overlay-gradient":""},"tablet":{"background-color":"var(--ast-global-color-5)","background-image":"","background-repeat":"repeat","background-position":"center center","background-size":"auto","background-attachment":"scroll","background-type":"","background-media":"","overlay-type":"","overlay-color":"","overlay-opacity":"","overlay-gradient":""},"mobile":{"background-color":"var(--ast-global-color-5)","background-image":"","background-repeat":"repeat","background-position":"center center","background-size":"auto","background-attachment":"scroll","background-type":"","background-media":"","overlay-type":"","overlay-color":"","overlay-opacity":"","overlay-gradient":""}},"footnotes":""},"categories":[1],"tags":[],"class_list":["post-20947","post","type-post","status-publish","format-standard","has-post-thumbnail","hentry","category-aktuality"],"yoast_head":"<!-- This site is optimized with the Yoast SEO plugin v27.5 - https:\/\/yoast.com\/product\/yoast-seo-wordpress\/ -->\n<title>Festival zru\u010dnost\u00ed 2025 prepoj\u00ed \u0161koly, expertov aj verejnos\u0165 - \u0160IOV - \u0161t\u00e1tny in\u0161tit\u00fat odborn\u00e9ho vzdel\u00e1vania<\/title>\n<meta name=\"robots\" content=\"index, follow, max-snippet:-1, max-image-preview:large, max-video-preview:-1\" \/>\n<link rel=\"canonical\" href=\"https:\/\/archiv.siov.sk\/en\/festival-zrucnosti-2025-prepaja-skoly-expertov-aj-verejnost\/\" \/>\n<meta property=\"og:locale\" content=\"en_GB\" \/>\n<meta property=\"og:type\" content=\"article\" \/>\n<meta property=\"og:title\" content=\"Festival zru\u010dnost\u00ed 2025 prepoj\u00ed \u0161koly, expertov aj verejnos\u0165 - \u0160IOV - \u0161t\u00e1tny in\u0161tit\u00fat odborn\u00e9ho vzdel\u00e1vania\" \/>\n<meta property=\"og:description\" content=\"Tret\u00ed ro\u010dn\u00edk Festivalu zru\u010dnost\u00ed od\u0161tartuje 22. septembra 2025 pod z\u00e1\u0161titou \u0160t\u00e1tneho in\u0161tit\u00fatu odborn\u00e9ho vzdel\u00e1vania (\u0160IOV) v spolupr\u00e1ci s Ministerstvom \u0161kolstva, v\u00fdskumu, v\u00fdvoja a ml\u00e1de\u017ee SR a \u010fal\u0161\u00edmi partnermi. Po\u010das piatich dn\u00ed, od 22. do 26. septembra 2025, festival prinesie s\u00e9riu podujat\u00ed v Bratislave, ale aj v \u010fal\u0161\u00edch slovensk\u00fdch mest\u00e1ch, zameran\u00fdch na podporu rozvoja zru\u010dnost\u00ed, zv\u00fd\u0161enie [&hellip;]\" \/>\n<meta property=\"og:url\" content=\"https:\/\/archiv.siov.sk\/en\/festival-zrucnosti-2025-prepaja-skoly-expertov-aj-verejnost\/\" \/>\n<meta property=\"og:site_name\" content=\"\u0160IOV - \u0161t\u00e1tny in\u0161tit\u00fat odborn\u00e9ho vzdel\u00e1vania\" \/>\n<meta property=\"article:publisher\" content=\"https:\/\/www.facebook.com\/Statnyinstitutodbornehovzdelavania\" \/>\n<meta property=\"article:published_time\" content=\"2025-09-11T12:18:58+00:00\" \/>\n<meta property=\"article:modified_time\" content=\"2025-09-11T12:27:53+00:00\" \/>\n<meta property=\"og:image\" content=\"https:\/\/archiv.siov.sk\/wp-content\/uploads\/2025\/09\/Prehlad-podujati_FZ_2025.png\" \/>\n\t<meta property=\"og:image:width\" content=\"1050\" \/>\n\t<meta property=\"og:image:height\" content=\"750\" \/>\n\t<meta property=\"og:image:type\" content=\"image\/png\" \/>\n<meta name=\"author\" content=\"Gabriela Budayov\u00e1\" \/>\n<meta name=\"twitter:card\" content=\"summary_large_image\" \/>\n<meta name=\"twitter:label1\" content=\"Written by\" \/>\n\t<meta name=\"twitter:data1\" content=\"Gabriela Budayov\u00e1\" \/>\n\t<meta name=\"twitter:label2\" content=\"Estimated reading time\" \/>\n\t<meta name=\"twitter:data2\" content=\"7 minutes\" \/>\n<script type=\"application\/ld+json\" class=\"yoast-schema-graph\">{\"@context\":\"https:\\\/\\\/schema.org\",\"@graph\":[{\"@type\":\"Article\",\"@id\":\"https:\\\/\\\/archiv.siov.sk\\\/festival-zrucnosti-2025-prepaja-skoly-expertov-aj-verejnost\\\/#article\",\"isPartOf\":{\"@id\":\"https:\\\/\\\/archiv.siov.sk\\\/festival-zrucnosti-2025-prepaja-skoly-expertov-aj-verejnost\\\/\"},\"author\":{\"name\":\"Gabriela Budayov\u00e1\",\"@id\":\"https:\\\/\\\/archiv.siov.sk\\\/#\\\/schema\\\/person\\\/2d35146a9c0fa51b027e8ff319cee627\"},\"headline\":\"Festival zru\u010dnost\u00ed 2025 prepoj\u00ed \u0161koly, expertov aj verejnos\u0165\",\"datePublished\":\"2025-09-11T12:18:58+00:00\",\"dateModified\":\"2025-09-11T12:27:53+00:00\",\"mainEntityOfPage\":{\"@id\":\"https:\\\/\\\/archiv.siov.sk\\\/festival-zrucnosti-2025-prepaja-skoly-expertov-aj-verejnost\\\/\"},\"wordCount\":1235,\"publisher\":{\"@id\":\"https:\\\/\\\/archiv.siov.sk\\\/#organization\"},\"image\":{\"@id\":\"https:\\\/\\\/archiv.siov.sk\\\/festival-zrucnosti-2025-prepaja-skoly-expertov-aj-verejnost\\\/#primaryimage\"},\"thumbnailUrl\":\"https:\\\/\\\/archiv.siov.sk\\\/wp-content\\\/uploads\\\/2025\\\/09\\\/Prehlad-podujati_FZ_2025.png\",\"articleSection\":[\"Aktuality\"],\"inLanguage\":\"en-GB\"},{\"@type\":\"WebPage\",\"@id\":\"https:\\\/\\\/archiv.siov.sk\\\/festival-zrucnosti-2025-prepaja-skoly-expertov-aj-verejnost\\\/\",\"url\":\"https:\\\/\\\/archiv.siov.sk\\\/festival-zrucnosti-2025-prepaja-skoly-expertov-aj-verejnost\\\/\",\"name\":\"Festival zru\u010dnost\u00ed 2025 prepoj\u00ed \u0161koly, expertov aj verejnos\u0165 - \u0160IOV - \u0161t\u00e1tny in\u0161tit\u00fat odborn\u00e9ho vzdel\u00e1vania\",\"isPartOf\":{\"@id\":\"https:\\\/\\\/archiv.siov.sk\\\/#website\"},\"primaryImageOfPage\":{\"@id\":\"https:\\\/\\\/archiv.siov.sk\\\/festival-zrucnosti-2025-prepaja-skoly-expertov-aj-verejnost\\\/#primaryimage\"},\"image\":{\"@id\":\"https:\\\/\\\/archiv.siov.sk\\\/festival-zrucnosti-2025-prepaja-skoly-expertov-aj-verejnost\\\/#primaryimage\"},\"thumbnailUrl\":\"https:\\\/\\\/archiv.siov.sk\\\/wp-content\\\/uploads\\\/2025\\\/09\\\/Prehlad-podujati_FZ_2025.png\",\"datePublished\":\"2025-09-11T12:18:58+00:00\",\"dateModified\":\"2025-09-11T12:27:53+00:00\",\"breadcrumb\":{\"@id\":\"https:\\\/\\\/archiv.siov.sk\\\/festival-zrucnosti-2025-prepaja-skoly-expertov-aj-verejnost\\\/#breadcrumb\"},\"inLanguage\":\"en-GB\",\"potentialAction\":[{\"@type\":\"ReadAction\",\"target\":[\"https:\\\/\\\/archiv.siov.sk\\\/festival-zrucnosti-2025-prepaja-skoly-expertov-aj-verejnost\\\/\"]}]},{\"@type\":\"ImageObject\",\"inLanguage\":\"en-GB\",\"@id\":\"https:\\\/\\\/archiv.siov.sk\\\/festival-zrucnosti-2025-prepaja-skoly-expertov-aj-verejnost\\\/#primaryimage\",\"url\":\"https:\\\/\\\/archiv.siov.sk\\\/wp-content\\\/uploads\\\/2025\\\/09\\\/Prehlad-podujati_FZ_2025.png\",\"contentUrl\":\"https:\\\/\\\/archiv.siov.sk\\\/wp-content\\\/uploads\\\/2025\\\/09\\\/Prehlad-podujati_FZ_2025.png\",\"width\":1050,\"height\":750,\"caption\":\"festival zrucnosti program\"},{\"@type\":\"BreadcrumbList\",\"@id\":\"https:\\\/\\\/archiv.siov.sk\\\/festival-zrucnosti-2025-prepaja-skoly-expertov-aj-verejnost\\\/#breadcrumb\",\"itemListElement\":[{\"@type\":\"ListItem\",\"position\":1,\"name\":\"Home\",\"item\":\"https:\\\/\\\/archiv.siov.sk\\\/\"},{\"@type\":\"ListItem\",\"position\":2,\"name\":\"Festival zru\u010dnost\u00ed 2025 prepoj\u00ed \u0161koly, expertov aj verejnos\u0165\"}]},{\"@type\":\"WebSite\",\"@id\":\"https:\\\/\\\/archiv.siov.sk\\\/#website\",\"url\":\"https:\\\/\\\/archiv.siov.sk\\\/\",\"name\":\"\u0160IOV - \u0161t\u00e1tny in\u0161tit\u00fat odborn\u00e9ho vzdel\u00e1vania\",\"description\":\"\",\"publisher\":{\"@id\":\"https:\\\/\\\/archiv.siov.sk\\\/#organization\"},\"potentialAction\":[{\"@type\":\"SearchAction\",\"target\":{\"@type\":\"EntryPoint\",\"urlTemplate\":\"https:\\\/\\\/archiv.siov.sk\\\/?s={search_term_string}\"},\"query-input\":{\"@type\":\"PropertyValueSpecification\",\"valueRequired\":true,\"valueName\":\"search_term_string\"}}],\"inLanguage\":\"en-GB\"},{\"@type\":\"Organization\",\"@id\":\"https:\\\/\\\/archiv.siov.sk\\\/#organization\",\"name\":\"\u0160IOV - \u0161t\u00e1tny in\u0161tit\u00fat odborn\u00e9ho vzdel\u00e1vania\",\"url\":\"https:\\\/\\\/archiv.siov.sk\\\/\",\"logo\":{\"@type\":\"ImageObject\",\"inLanguage\":\"en-GB\",\"@id\":\"https:\\\/\\\/archiv.siov.sk\\\/#\\\/schema\\\/logo\\\/image\\\/\",\"url\":\"https:\\\/\\\/archiv.siov.sk\\\/wp-content\\\/uploads\\\/2024\\\/02\\\/logo-SIOV.png\",\"contentUrl\":\"https:\\\/\\\/archiv.siov.sk\\\/wp-content\\\/uploads\\\/2024\\\/02\\\/logo-SIOV.png\",\"width\":431,\"height\":143,\"caption\":\"\u0160IOV - \u0161t\u00e1tny in\u0161tit\u00fat odborn\u00e9ho vzdel\u00e1vania\"},\"image\":{\"@id\":\"https:\\\/\\\/archiv.siov.sk\\\/#\\\/schema\\\/logo\\\/image\\\/\"},\"sameAs\":[\"https:\\\/\\\/www.facebook.com\\\/Statnyinstitutodbornehovzdelavania\"]},{\"@type\":\"Person\",\"@id\":\"https:\\\/\\\/archiv.siov.sk\\\/#\\\/schema\\\/person\\\/2d35146a9c0fa51b027e8ff319cee627\",\"name\":\"Gabriela Budayov\u00e1\",\"url\":\"https:\\\/\\\/archiv.siov.sk\\\/en\\\/author\\\/gabriela-budayova\\\/\"}]}<\/script>\n<!-- \/ Yoast SEO plugin. -->","yoast_head_json":{"title":"Festival zru\u010dnost\u00ed 2025 prepoj\u00ed \u0161koly, expertov aj verejnos\u0165 - \u0160IOV - \u0161t\u00e1tny in\u0161tit\u00fat odborn\u00e9ho vzdel\u00e1vania","robots":{"index":"index","follow":"follow","max-snippet":"max-snippet:-1","max-image-preview":"max-image-preview:large","max-video-preview":"max-video-preview:-1"},"canonical":"https:\/\/archiv.siov.sk\/en\/festival-zrucnosti-2025-prepaja-skoly-expertov-aj-verejnost\/","og_locale":"en_GB","og_type":"article","og_title":"Festival zru\u010dnost\u00ed 2025 prepoj\u00ed \u0161koly, expertov aj verejnos\u0165 - \u0160IOV - \u0161t\u00e1tny in\u0161tit\u00fat odborn\u00e9ho vzdel\u00e1vania","og_description":"Tret\u00ed ro\u010dn\u00edk Festivalu zru\u010dnost\u00ed od\u0161tartuje 22. septembra 2025 pod z\u00e1\u0161titou \u0160t\u00e1tneho in\u0161tit\u00fatu odborn\u00e9ho vzdel\u00e1vania (\u0160IOV) v spolupr\u00e1ci s Ministerstvom \u0161kolstva, v\u00fdskumu, v\u00fdvoja a ml\u00e1de\u017ee SR a \u010fal\u0161\u00edmi partnermi. Po\u010das piatich dn\u00ed, od 22. do 26. septembra 2025, festival prinesie s\u00e9riu podujat\u00ed v Bratislave, ale aj v \u010fal\u0161\u00edch slovensk\u00fdch mest\u00e1ch, zameran\u00fdch na podporu rozvoja zru\u010dnost\u00ed, zv\u00fd\u0161enie [&hellip;]","og_url":"https:\/\/archiv.siov.sk\/en\/festival-zrucnosti-2025-prepaja-skoly-expertov-aj-verejnost\/","og_site_name":"\u0160IOV - \u0161t\u00e1tny in\u0161tit\u00fat odborn\u00e9ho vzdel\u00e1vania","article_publisher":"https:\/\/www.facebook.com\/Statnyinstitutodbornehovzdelavania","article_published_time":"2025-09-11T12:18:58+00:00","article_modified_time":"2025-09-11T12:27:53+00:00","og_image":[{"width":1050,"height":750,"url":"https:\/\/archiv.siov.sk\/wp-content\/uploads\/2025\/09\/Prehlad-podujati_FZ_2025.png","type":"image\/png"}],"author":"Gabriela Budayov\u00e1","twitter_card":"summary_large_image","twitter_misc":{"Written by":"Gabriela Budayov\u00e1","Estimated reading time":"7 minutes"},"schema":{"@context":"https:\/\/schema.org","@graph":[{"@type":"Article","@id":"https:\/\/archiv.siov.sk\/festival-zrucnosti-2025-prepaja-skoly-expertov-aj-verejnost\/#article","isPartOf":{"@id":"https:\/\/archiv.siov.sk\/festival-zrucnosti-2025-prepaja-skoly-expertov-aj-verejnost\/"},"author":{"name":"Gabriela Budayov\u00e1","@id":"https:\/\/archiv.siov.sk\/#\/schema\/person\/2d35146a9c0fa51b027e8ff319cee627"},"headline":"Festival zru\u010dnost\u00ed 2025 prepoj\u00ed \u0161koly, expertov aj verejnos\u0165","datePublished":"2025-09-11T12:18:58+00:00","dateModified":"2025-09-11T12:27:53+00:00","mainEntityOfPage":{"@id":"https:\/\/archiv.siov.sk\/festival-zrucnosti-2025-prepaja-skoly-expertov-aj-verejnost\/"},"wordCount":1235,"publisher":{"@id":"https:\/\/archiv.siov.sk\/#organization"},"image":{"@id":"https:\/\/archiv.siov.sk\/festival-zrucnosti-2025-prepaja-skoly-expertov-aj-verejnost\/#primaryimage"},"thumbnailUrl":"https:\/\/archiv.siov.sk\/wp-content\/uploads\/2025\/09\/Prehlad-podujati_FZ_2025.png","articleSection":["Aktuality"],"inLanguage":"en-GB"},{"@type":"WebPage","@id":"https:\/\/archiv.siov.sk\/festival-zrucnosti-2025-prepaja-skoly-expertov-aj-verejnost\/","url":"https:\/\/archiv.siov.sk\/festival-zrucnosti-2025-prepaja-skoly-expertov-aj-verejnost\/","name":"Festival zru\u010dnost\u00ed 2025 prepoj\u00ed \u0161koly, expertov aj verejnos\u0165 - \u0160IOV - \u0161t\u00e1tny in\u0161tit\u00fat odborn\u00e9ho vzdel\u00e1vania","isPartOf":{"@id":"https:\/\/archiv.siov.sk\/#website"},"primaryImageOfPage":{"@id":"https:\/\/archiv.siov.sk\/festival-zrucnosti-2025-prepaja-skoly-expertov-aj-verejnost\/#primaryimage"},"image":{"@id":"https:\/\/archiv.siov.sk\/festival-zrucnosti-2025-prepaja-skoly-expertov-aj-verejnost\/#primaryimage"},"thumbnailUrl":"https:\/\/archiv.siov.sk\/wp-content\/uploads\/2025\/09\/Prehlad-podujati_FZ_2025.png","datePublished":"2025-09-11T12:18:58+00:00","dateModified":"2025-09-11T12:27:53+00:00","breadcrumb":{"@id":"https:\/\/archiv.siov.sk\/festival-zrucnosti-2025-prepaja-skoly-expertov-aj-verejnost\/#breadcrumb"},"inLanguage":"en-GB","potentialAction":[{"@type":"ReadAction","target":["https:\/\/archiv.siov.sk\/festival-zrucnosti-2025-prepaja-skoly-expertov-aj-verejnost\/"]}]},{"@type":"ImageObject","inLanguage":"en-GB","@id":"https:\/\/archiv.siov.sk\/festival-zrucnosti-2025-prepaja-skoly-expertov-aj-verejnost\/#primaryimage","url":"https:\/\/archiv.siov.sk\/wp-content\/uploads\/2025\/09\/Prehlad-podujati_FZ_2025.png","contentUrl":"https:\/\/archiv.siov.sk\/wp-content\/uploads\/2025\/09\/Prehlad-podujati_FZ_2025.png","width":1050,"height":750,"caption":"festival zrucnosti program"},{"@type":"BreadcrumbList","@id":"https:\/\/archiv.siov.sk\/festival-zrucnosti-2025-prepaja-skoly-expertov-aj-verejnost\/#breadcrumb","itemListElement":[{"@type":"ListItem","position":1,"name":"Home","item":"https:\/\/archiv.siov.sk\/"},{"@type":"ListItem","position":2,"name":"Festival zru\u010dnost\u00ed 2025 prepoj\u00ed \u0161koly, expertov aj verejnos\u0165"}]},{"@type":"WebSite","@id":"https:\/\/archiv.siov.sk\/#website","url":"https:\/\/archiv.siov.sk\/","name":"\u0160IOV - \u0161t\u00e1tny in\u0161tit\u00fat odborn\u00e9ho vzdel\u00e1vania","description":"","publisher":{"@id":"https:\/\/archiv.siov.sk\/#organization"},"potentialAction":[{"@type":"SearchAction","target":{"@type":"EntryPoint","urlTemplate":"https:\/\/archiv.siov.sk\/?s={search_term_string}"},"query-input":{"@type":"PropertyValueSpecification","valueRequired":true,"valueName":"search_term_string"}}],"inLanguage":"en-GB"},{"@type":"Organization","@id":"https:\/\/archiv.siov.sk\/#organization","name":"\u0160IOV - \u0161t\u00e1tny in\u0161tit\u00fat odborn\u00e9ho vzdel\u00e1vania","url":"https:\/\/archiv.siov.sk\/","logo":{"@type":"ImageObject","inLanguage":"en-GB","@id":"https:\/\/archiv.siov.sk\/#\/schema\/logo\/image\/","url":"https:\/\/archiv.siov.sk\/wp-content\/uploads\/2024\/02\/logo-SIOV.png","contentUrl":"https:\/\/archiv.siov.sk\/wp-content\/uploads\/2024\/02\/logo-SIOV.png","width":431,"height":143,"caption":"\u0160IOV - \u0161t\u00e1tny in\u0161tit\u00fat odborn\u00e9ho vzdel\u00e1vania"},"image":{"@id":"https:\/\/archiv.siov.sk\/#\/schema\/logo\/image\/"},"sameAs":["https:\/\/www.facebook.com\/Statnyinstitutodbornehovzdelavania"]},{"@type":"Person","@id":"https:\/\/archiv.siov.sk\/#\/schema\/person\/2d35146a9c0fa51b027e8ff319cee627","name":"Gabriela Budayov\u00e1","url":"https:\/\/archiv.siov.sk\/en\/author\/gabriela-budayova\/"}]}},"_links":{"self":[{"href":"https:\/\/archiv.siov.sk\/en\/wp-json\/wp\/v2\/posts\/20947","targetHints":{"allow":["GET"]}}],"collection":[{"href":"https:\/\/archiv.siov.sk\/en\/wp-json\/wp\/v2\/posts"}],"about":[{"href":"https:\/\/archiv.siov.sk\/en\/wp-json\/wp\/v2\/types\/post"}],"author":[{"embeddable":true,"href":"https:\/\/archiv.siov.sk\/en\/wp-json\/wp\/v2\/users\/10"}],"replies":[{"embeddable":true,"href":"https:\/\/archiv.siov.sk\/en\/wp-json\/wp\/v2\/comments?post=20947"}],"version-history":[{"count":16,"href":"https:\/\/archiv.siov.sk\/en\/wp-json\/wp\/v2\/posts\/20947\/revisions"}],"predecessor-version":[{"id":20965,"href":"https:\/\/archiv.siov.sk\/en\/wp-json\/wp\/v2\/posts\/20947\/revisions\/20965"}],"wp:featuredmedia":[{"embeddable":true,"href":"https:\/\/archiv.siov.sk\/en\/wp-json\/wp\/v2\/media\/20949"}],"wp:attachment":[{"href":"https:\/\/archiv.siov.sk\/en\/wp-json\/wp\/v2\/media?parent=20947"}],"wp:term":[{"taxonomy":"category","embeddable":true,"href":"https:\/\/archiv.siov.sk\/en\/wp-json\/wp\/v2\/categories?post=20947"},{"taxonomy":"post_tag","embeddable":true,"href":"https:\/\/archiv.siov.sk\/en\/wp-json\/wp\/v2\/tags?post=20947"}],"curies":[{"name":"wp","href":"https:\/\/api.w.org\/{rel}","templated":true}]}}