{"id":20905,"date":"2025-09-09T14:46:27","date_gmt":"2025-09-09T12:46:27","guid":{"rendered":"https:\/\/archiv.siov.sk\/?p=20905"},"modified":"2025-09-09T17:03:12","modified_gmt":"2025-09-09T15:03:12","slug":"inspirativny-den-o-obcianskom-vzdelavani-pre-ucitelov-strednych-odbornych-skol","status":"publish","type":"post","link":"https:\/\/archiv.siov.sk\/en\/inspirativny-den-o-obcianskom-vzdelavani-pre-ucitelov-strednych-odbornych-skol\/","title":{"rendered":"In\u0161pirat\u00edvny de\u0148 o ob\u010dianskom vzdel\u00e1van\u00ed pre u\u010dite\u013eov stredn\u00fdch odborn\u00fdch \u0161k\u00f4l"},"content":{"rendered":"<p>\u0160t\u00e1tny in\u0161tit\u00fat odborn\u00e9ho vzdel\u00e1vania, In\u0161tit\u00fat pre akt\u00edvne ob\u010dianstvo a program <em data-start=\"501\" data-end=\"526\">\u0160koly, ktor\u00e9 menia svet<\/em> v\u00e1s poz\u00fdvaj\u00fa na celodenn\u00fd semin\u00e1r, venovan\u00fd ob\u010dianskemu vzdel\u00e1vaniu na stredn\u00fdch odborn\u00fdch \u0161kol\u00e1ch.<br data-start=\"626\" data-end=\"629\" \/>Podujatie je bezplatn\u00e9 a ur\u010den\u00e9 v\u0161etk\u00fdm pedag\u00f3gom, ktor\u00ed chc\u00fa reagova\u0165 na v\u00fdzvy dne\u0161nej spolo\u010dnosti a podpori\u0165 akt\u00edvne ob\u010dianstvo mlad\u00fdch \u013eud\u00ed.<\/p>\n<p><strong data-start=\"306\" data-end=\"315\">Kedy:<\/strong> utorok, 30. septembra 2025 | <strong data-start=\"345\" data-end=\"353\">\u010cas:<\/strong> 8:30 \u2013 16:30<br data-start=\"366\" data-end=\"369\" \/><strong data-start=\"369\" data-end=\"377\">Kde:<\/strong> Goethe-Institut Bratislava (Panensk\u00e1 33)<\/p>\n<h3 data-start=\"774\" data-end=\"807\">Pre koho je podujatie ur\u010den\u00e9?<\/h3>\n<p data-start=\"809\" data-end=\"1144\">Semin\u00e1r je \u0161it\u00fd na mieru <strong data-start=\"834\" data-end=\"883\">u\u010dite\u013eom a u\u010dite\u013ek\u00e1m stredn\u00fdch odborn\u00fdch \u0161k\u00f4l<\/strong>, a to nielen t\u00fdm, ktor\u00ed vyu\u010duj\u00fa spolo\u010denskovedn\u00e9 predmety. Poz\u00fdvame aj pedag\u00f3gov odborn\u00fdch predmetov, majstrov odbornej v\u00fdchovy \u010di z\u00e1stupcov vedenia \u0161k\u00f4l \u2013 jednoducho v\u0161etk\u00fdch, ktor\u00ed maj\u00fa z\u00e1ujem o vytv\u00e1ranie demokratickej a hodnotovo ukotvenej \u0161kolnej kult\u00fary.<\/p>\n<p data-start=\"809\" data-end=\"1144\"><img fetchpriority=\"high\" decoding=\"async\" class=\"wp-image-20909 aligncenter\" src=\"https:\/\/archiv.siov.sk\/wp-content\/uploads\/2025\/09\/obcianske_vzdelavanie-300x213.png\" alt=\"\u0161iov ipao\" width=\"450\" height=\"319\" srcset=\"https:\/\/archiv.siov.sk\/wp-content\/uploads\/2025\/09\/obcianske_vzdelavanie-300x213.png 300w, https:\/\/archiv.siov.sk\/wp-content\/uploads\/2025\/09\/obcianske_vzdelavanie-1024x726.png 1024w, https:\/\/archiv.siov.sk\/wp-content\/uploads\/2025\/09\/obcianske_vzdelavanie-768x545.png 768w, https:\/\/archiv.siov.sk\/wp-content\/uploads\/2025\/09\/obcianske_vzdelavanie-1536x1090.png 1536w, https:\/\/archiv.siov.sk\/wp-content\/uploads\/2025\/09\/obcianske_vzdelavanie-18x12.png 18w, https:\/\/archiv.siov.sk\/wp-content\/uploads\/2025\/09\/obcianske_vzdelavanie.png 1748w\" sizes=\"(max-width: 450px) 100vw, 450px\" \/><\/p>\n<h3 data-start=\"1146\" data-end=\"1173\">\u010comu sa budeme venova\u0165?<\/h3>\n<ul data-start=\"1175\" data-end=\"1534\">\n<li data-start=\"1175\" data-end=\"1252\">\n<p data-start=\"1177\" data-end=\"1252\">Ako vies\u0165 <strong data-start=\"1187\" data-end=\"1212\">medzigenera\u010dn\u00fd dial\u00f3g<\/strong> a rozv\u00edja\u0165 <strong data-start=\"1224\" data-end=\"1235\">empatiu<\/strong> u mlad\u00fdch \u013eud\u00ed<\/p>\n<\/li>\n<li data-start=\"1253\" data-end=\"1320\">\n<p data-start=\"1255\" data-end=\"1320\">Ako <strong data-start=\"1259\" data-end=\"1287\">motivova\u0165 \u017eiakov zvn\u00fatra<\/strong>, podpori\u0165 ich rast a zvedavos\u0165<\/p>\n<\/li>\n<li data-start=\"1321\" data-end=\"1394\">\n<p data-start=\"1323\" data-end=\"1394\">Ako rozv\u00edja\u0165 <strong data-start=\"1336\" data-end=\"1357\">kritick\u00e9 myslenie<\/strong> v dobe dezinform\u00e1ci\u00ed a deepfake<\/p>\n<\/li>\n<li data-start=\"1395\" data-end=\"1459\">\n<p data-start=\"1397\" data-end=\"1459\">Ako posilni\u0165 <strong data-start=\"1410\" data-end=\"1457\">demokratick\u00e9 povedomie a akt\u00edvne ob\u010dianstvo<\/strong><\/p>\n<\/li>\n<li data-start=\"1460\" data-end=\"1534\">\n<p data-start=\"1462\" data-end=\"1534\">A ako pri tom v\u0161etkom nezab\u00fada\u0165 na vlastn\u00fa<strong data-start=\"1505\" data-end=\"1534\">\u00a0psychohygienu<\/strong><\/p>\n<\/li>\n<\/ul>\n<h3 data-start=\"1536\" data-end=\"1568\">\u010co si zo semin\u00e1ra odnesiete?<\/h3>\n<ul>\n<li>Praktick\u00e9 n\u00e1stroje, osved\u010den\u00e9 metodiky a vide\u00e1 vyu\u017eite\u013en\u00e9 v ka\u017edodennej v\u00fdu\u010dbe<\/li>\n<li>Priestor na v\u00fdmenu sk\u00fasenost\u00ed a diskusiu o aktu\u00e1lnych spolo\u010densk\u00fdch t\u00e9mach<\/li>\n<li>In\u0161pir\u00e1ciu zo zahrani\u010dia \u2013 semin\u00e1r \u010derp\u00e1 aj z dobrej praxe nemeck\u00e9ho Bundesinstitutu f\u00fcr Berufsbildung<\/li>\n<\/ul>\n<h3 data-start=\"1849\" data-end=\"1864\">Registr\u00e1cia<\/h3>\n<p data-start=\"1866\" data-end=\"2050\">Po\u010det miest je obmedzen\u00fd, preto je potrebn\u00e9 sa vopred zaregistrova\u0165 prostredn\u00edctvom <strong><a href=\"https:\/\/forms.office.com\/Pages\/DesignPageV2.aspx?subpage=design&amp;token=5155ee4a670d499a95a89e43dcf60cba&amp;id=38TFcgj8m0y0A5W96Wle1BWXQ5LQyIxGio-A3OrSE6VUMjJPQkUzNE1FUVhYNlo0SkZHNVZWTTdBWC4u\" target=\"_blank\" rel=\"noopener\">FORMUL\u00c1RA<\/a>.<\/strong><br \/>\nOb\u010derstvenie bude zabezpe\u010den\u00e9 po\u010das cel\u00e9ho d\u0148a.<\/p>\n<p data-start=\"1866\" data-end=\"2050\">Pr\u00ed\u010fte sa in\u0161pirova\u0165, diskutova\u0165, zdie\u013ea\u0165 sk\u00fasenosti a na\u010derpa\u0165 nov\u00e9 podnety pre va\u0161u pedagogick\u00fa prax. Te\u0161\u00edme sa na v\u00e1s!<\/p>\n<figure id=\"attachment_19606\" aria-describedby=\"caption-attachment-19606\" style=\"width: 400px\" class=\"wp-caption aligncenter\"><img decoding=\"async\" class=\"wp-image-19606\" src=\"https:\/\/archiv.siov.sk\/wp-content\/uploads\/2025\/06\/spolufinancovane-EU-300x86.png\" alt=\"spolufinancovany EU logo\" width=\"400\" height=\"114\" srcset=\"https:\/\/archiv.siov.sk\/wp-content\/uploads\/2025\/06\/spolufinancovane-EU-300x86.png 300w, https:\/\/archiv.siov.sk\/wp-content\/uploads\/2025\/06\/spolufinancovane-EU-18x5.png 18w, https:\/\/archiv.siov.sk\/wp-content\/uploads\/2025\/06\/spolufinancovane-EU.png 600w\" sizes=\"(max-width: 400px) 100vw, 400px\" \/><figcaption id=\"caption-attachment-19606\" class=\"wp-caption-text\">Financovan\u00e9 Eur\u00f3pskou \u00faniou. Vyjadren\u00e9 n\u00e1zory a postoje s\u00fa n\u00e1zormi a vyhl\u00e1seniami autora a nemusia nevyhnutne odr\u00e1\u017ea\u0165 n\u00e1zory a stanovisk\u00e1 Eur\u00f3pskej \u00fanie alebo Eur\u00f3pskej v\u00fdkonnej agent\u00fary pre vzdel\u00e1vanie a kult\u00faru (EACEA). Eur\u00f3pska \u00fania ani EACEA za ne nepreberaj\u00fa \u017eiadnu zodpovednos\u0165.<\/figcaption><\/figure>","protected":false},"excerpt":{"rendered":"<p>\u0160t\u00e1tny in\u0161tit\u00fat odborn\u00e9ho vzdel\u00e1vania, In\u0161tit\u00fat pre akt\u00edvne ob\u010dianstvo a program \u0160koly, ktor\u00e9 menia svet v\u00e1s poz\u00fdvaj\u00fa na celodenn\u00fd semin\u00e1r, venovan\u00fd ob\u010dianskemu vzdel\u00e1vaniu na stredn\u00fdch odborn\u00fdch \u0161kol\u00e1ch.Podujatie je bezplatn\u00e9 a ur\u010den\u00e9 v\u0161etk\u00fdm pedag\u00f3gom, ktor\u00ed chc\u00fa reagova\u0165 na v\u00fdzvy dne\u0161nej spolo\u010dnosti a podpori\u0165 akt\u00edvne ob\u010dianstvo mlad\u00fdch \u013eud\u00ed. Kedy: utorok, 30. septembra 2025 | \u010cas: 8:30 \u2013 16:30Kde: [&hellip;]<\/p>\n","protected":false},"author":10,"featured_media":20907,"comment_status":"closed","ping_status":"closed","sticky":false,"template":"","format":"standard","meta":{"site-sidebar-layout":"default","site-content-layout":"","ast-site-content-layout":"default","site-content-style":"default","site-sidebar-style":"default","ast-global-header-display":"","ast-banner-title-visibility":"","ast-main-header-display":"","ast-hfb-above-header-display":"","ast-hfb-below-header-display":"","ast-hfb-mobile-header-display":"","site-post-title":"","ast-breadcrumbs-content":"","ast-featured-img":"","footer-sml-layout":"","ast-disable-related-posts":"","theme-transparent-header-meta":"default","adv-header-id-meta":"","stick-header-meta":"default","header-above-stick-meta":"","header-main-stick-meta":"","header-below-stick-meta":"","astra-migrate-meta-layouts":"set","ast-page-background-enabled":"default","ast-page-background-meta":{"desktop":{"background-color":"var(--ast-global-color-4)","background-image":"","background-repeat":"repeat","background-position":"center center","background-size":"auto","background-attachment":"scroll","background-type":"","background-media":"","overlay-type":"","overlay-color":"","overlay-opacity":"","overlay-gradient":""},"tablet":{"background-color":"","background-image":"","background-repeat":"repeat","background-position":"center center","background-size":"auto","background-attachment":"scroll","background-type":"","background-media":"","overlay-type":"","overlay-color":"","overlay-opacity":"","overlay-gradient":""},"mobile":{"background-color":"","background-image":"","background-repeat":"repeat","background-position":"center center","background-size":"auto","background-attachment":"scroll","background-type":"","background-media":"","overlay-type":"","overlay-color":"","overlay-opacity":"","overlay-gradient":""}},"ast-content-background-meta":{"desktop":{"background-color":"var(--ast-global-color-5)","background-image":"","background-repeat":"repeat","background-position":"center center","background-size":"auto","background-attachment":"scroll","background-type":"","background-media":"","overlay-type":"","overlay-color":"","overlay-opacity":"","overlay-gradient":""},"tablet":{"background-color":"var(--ast-global-color-5)","background-image":"","background-repeat":"repeat","background-position":"center center","background-size":"auto","background-attachment":"scroll","background-type":"","background-media":"","overlay-type":"","overlay-color":"","overlay-opacity":"","overlay-gradient":""},"mobile":{"background-color":"var(--ast-global-color-5)","background-image":"","background-repeat":"repeat","background-position":"center center","background-size":"auto","background-attachment":"scroll","background-type":"","background-media":"","overlay-type":"","overlay-color":"","overlay-opacity":"","overlay-gradient":""}},"footnotes":""},"categories":[1],"tags":[],"class_list":["post-20905","post","type-post","status-publish","format-standard","has-post-thumbnail","hentry","category-aktuality"],"yoast_head":"<!-- This site is optimized with the Yoast SEO plugin v27.5 - https:\/\/yoast.com\/product\/yoast-seo-wordpress\/ -->\n<title>In\u0161pirat\u00edvny de\u0148 o ob\u010dianskom vzdel\u00e1van\u00ed pre u\u010dite\u013eov stredn\u00fdch odborn\u00fdch \u0161k\u00f4l - \u0160IOV - \u0161t\u00e1tny in\u0161tit\u00fat odborn\u00e9ho vzdel\u00e1vania<\/title>\n<meta name=\"robots\" content=\"index, follow, max-snippet:-1, max-image-preview:large, max-video-preview:-1\" \/>\n<link rel=\"canonical\" href=\"https:\/\/archiv.siov.sk\/en\/inspirativny-den-o-obcianskom-vzdelavani-pre-ucitelov-strednych-odbornych-skol\/\" \/>\n<meta property=\"og:locale\" content=\"en_GB\" \/>\n<meta property=\"og:type\" content=\"article\" \/>\n<meta property=\"og:title\" content=\"In\u0161pirat\u00edvny de\u0148 o ob\u010dianskom vzdel\u00e1van\u00ed pre u\u010dite\u013eov stredn\u00fdch odborn\u00fdch \u0161k\u00f4l - \u0160IOV - \u0161t\u00e1tny in\u0161tit\u00fat odborn\u00e9ho vzdel\u00e1vania\" \/>\n<meta property=\"og:description\" content=\"\u0160t\u00e1tny in\u0161tit\u00fat odborn\u00e9ho vzdel\u00e1vania, In\u0161tit\u00fat pre akt\u00edvne ob\u010dianstvo a program \u0160koly, ktor\u00e9 menia svet v\u00e1s poz\u00fdvaj\u00fa na celodenn\u00fd semin\u00e1r, venovan\u00fd ob\u010dianskemu vzdel\u00e1vaniu na stredn\u00fdch odborn\u00fdch \u0161kol\u00e1ch.Podujatie je bezplatn\u00e9 a ur\u010den\u00e9 v\u0161etk\u00fdm pedag\u00f3gom, ktor\u00ed chc\u00fa reagova\u0165 na v\u00fdzvy dne\u0161nej spolo\u010dnosti a podpori\u0165 akt\u00edvne ob\u010dianstvo mlad\u00fdch \u013eud\u00ed. Kedy: utorok, 30. septembra 2025 | \u010cas: 8:30 \u2013 16:30Kde: [&hellip;]\" \/>\n<meta property=\"og:url\" content=\"https:\/\/archiv.siov.sk\/en\/inspirativny-den-o-obcianskom-vzdelavani-pre-ucitelov-strednych-odbornych-skol\/\" \/>\n<meta property=\"og:site_name\" content=\"\u0160IOV - \u0161t\u00e1tny in\u0161tit\u00fat odborn\u00e9ho vzdel\u00e1vania\" \/>\n<meta property=\"article:publisher\" content=\"https:\/\/www.facebook.com\/Statnyinstitutodbornehovzdelavania\" \/>\n<meta property=\"article:published_time\" content=\"2025-09-09T12:46:27+00:00\" \/>\n<meta property=\"article:modified_time\" content=\"2025-09-09T15:03:12+00:00\" \/>\n<meta property=\"og:image\" content=\"https:\/\/archiv.siov.sk\/wp-content\/uploads\/2025\/09\/Dizajn-bez-nazvu-1.png\" \/>\n\t<meta property=\"og:image:width\" content=\"1344\" \/>\n\t<meta property=\"og:image:height\" content=\"756\" \/>\n\t<meta property=\"og:image:type\" content=\"image\/png\" \/>\n<meta name=\"author\" content=\"Gabriela Budayov\u00e1\" \/>\n<meta name=\"twitter:card\" content=\"summary_large_image\" \/>\n<meta name=\"twitter:label1\" content=\"Written by\" \/>\n\t<meta name=\"twitter:data1\" content=\"Gabriela Budayov\u00e1\" \/>\n\t<meta name=\"twitter:label2\" content=\"Estimated reading time\" \/>\n\t<meta name=\"twitter:data2\" content=\"3 minutes\" \/>\n<script type=\"application\/ld+json\" class=\"yoast-schema-graph\">{\"@context\":\"https:\\\/\\\/schema.org\",\"@graph\":[{\"@type\":\"Article\",\"@id\":\"https:\\\/\\\/archiv.siov.sk\\\/inspirativny-den-o-obcianskom-vzdelavani-pre-ucitelov-strednych-odbornych-skol\\\/#article\",\"isPartOf\":{\"@id\":\"https:\\\/\\\/archiv.siov.sk\\\/inspirativny-den-o-obcianskom-vzdelavani-pre-ucitelov-strednych-odbornych-skol\\\/\"},\"author\":{\"name\":\"Gabriela Budayov\u00e1\",\"@id\":\"https:\\\/\\\/archiv.siov.sk\\\/#\\\/schema\\\/person\\\/2d35146a9c0fa51b027e8ff319cee627\"},\"headline\":\"In\u0161pirat\u00edvny de\u0148 o ob\u010dianskom vzdel\u00e1van\u00ed pre u\u010dite\u013eov stredn\u00fdch odborn\u00fdch \u0161k\u00f4l\",\"datePublished\":\"2025-09-09T12:46:27+00:00\",\"dateModified\":\"2025-09-09T15:03:12+00:00\",\"mainEntityOfPage\":{\"@id\":\"https:\\\/\\\/archiv.siov.sk\\\/inspirativny-den-o-obcianskom-vzdelavani-pre-ucitelov-strednych-odbornych-skol\\\/\"},\"wordCount\":403,\"publisher\":{\"@id\":\"https:\\\/\\\/archiv.siov.sk\\\/#organization\"},\"image\":{\"@id\":\"https:\\\/\\\/archiv.siov.sk\\\/inspirativny-den-o-obcianskom-vzdelavani-pre-ucitelov-strednych-odbornych-skol\\\/#primaryimage\"},\"thumbnailUrl\":\"https:\\\/\\\/archiv.siov.sk\\\/wp-content\\\/uploads\\\/2025\\\/09\\\/Dizajn-bez-nazvu-1.png\",\"articleSection\":[\"Aktuality\"],\"inLanguage\":\"en-GB\"},{\"@type\":\"WebPage\",\"@id\":\"https:\\\/\\\/archiv.siov.sk\\\/inspirativny-den-o-obcianskom-vzdelavani-pre-ucitelov-strednych-odbornych-skol\\\/\",\"url\":\"https:\\\/\\\/archiv.siov.sk\\\/inspirativny-den-o-obcianskom-vzdelavani-pre-ucitelov-strednych-odbornych-skol\\\/\",\"name\":\"In\u0161pirat\u00edvny de\u0148 o ob\u010dianskom vzdel\u00e1van\u00ed pre u\u010dite\u013eov stredn\u00fdch odborn\u00fdch \u0161k\u00f4l - \u0160IOV - \u0161t\u00e1tny in\u0161tit\u00fat odborn\u00e9ho vzdel\u00e1vania\",\"isPartOf\":{\"@id\":\"https:\\\/\\\/archiv.siov.sk\\\/#website\"},\"primaryImageOfPage\":{\"@id\":\"https:\\\/\\\/archiv.siov.sk\\\/inspirativny-den-o-obcianskom-vzdelavani-pre-ucitelov-strednych-odbornych-skol\\\/#primaryimage\"},\"image\":{\"@id\":\"https:\\\/\\\/archiv.siov.sk\\\/inspirativny-den-o-obcianskom-vzdelavani-pre-ucitelov-strednych-odbornych-skol\\\/#primaryimage\"},\"thumbnailUrl\":\"https:\\\/\\\/archiv.siov.sk\\\/wp-content\\\/uploads\\\/2025\\\/09\\\/Dizajn-bez-nazvu-1.png\",\"datePublished\":\"2025-09-09T12:46:27+00:00\",\"dateModified\":\"2025-09-09T15:03:12+00:00\",\"breadcrumb\":{\"@id\":\"https:\\\/\\\/archiv.siov.sk\\\/inspirativny-den-o-obcianskom-vzdelavani-pre-ucitelov-strednych-odbornych-skol\\\/#breadcrumb\"},\"inLanguage\":\"en-GB\",\"potentialAction\":[{\"@type\":\"ReadAction\",\"target\":[\"https:\\\/\\\/archiv.siov.sk\\\/inspirativny-den-o-obcianskom-vzdelavani-pre-ucitelov-strednych-odbornych-skol\\\/\"]}]},{\"@type\":\"ImageObject\",\"inLanguage\":\"en-GB\",\"@id\":\"https:\\\/\\\/archiv.siov.sk\\\/inspirativny-den-o-obcianskom-vzdelavani-pre-ucitelov-strednych-odbornych-skol\\\/#primaryimage\",\"url\":\"https:\\\/\\\/archiv.siov.sk\\\/wp-content\\\/uploads\\\/2025\\\/09\\\/Dizajn-bez-nazvu-1.png\",\"contentUrl\":\"https:\\\/\\\/archiv.siov.sk\\\/wp-content\\\/uploads\\\/2025\\\/09\\\/Dizajn-bez-nazvu-1.png\",\"width\":1344,\"height\":756,\"caption\":\"seminar obcianske vzdelavanie\"},{\"@type\":\"BreadcrumbList\",\"@id\":\"https:\\\/\\\/archiv.siov.sk\\\/inspirativny-den-o-obcianskom-vzdelavani-pre-ucitelov-strednych-odbornych-skol\\\/#breadcrumb\",\"itemListElement\":[{\"@type\":\"ListItem\",\"position\":1,\"name\":\"Home\",\"item\":\"https:\\\/\\\/archiv.siov.sk\\\/\"},{\"@type\":\"ListItem\",\"position\":2,\"name\":\"In\u0161pirat\u00edvny de\u0148 o ob\u010dianskom vzdel\u00e1van\u00ed pre u\u010dite\u013eov stredn\u00fdch odborn\u00fdch \u0161k\u00f4l\"}]},{\"@type\":\"WebSite\",\"@id\":\"https:\\\/\\\/archiv.siov.sk\\\/#website\",\"url\":\"https:\\\/\\\/archiv.siov.sk\\\/\",\"name\":\"\u0160IOV - \u0161t\u00e1tny in\u0161tit\u00fat odborn\u00e9ho vzdel\u00e1vania\",\"description\":\"\",\"publisher\":{\"@id\":\"https:\\\/\\\/archiv.siov.sk\\\/#organization\"},\"potentialAction\":[{\"@type\":\"SearchAction\",\"target\":{\"@type\":\"EntryPoint\",\"urlTemplate\":\"https:\\\/\\\/archiv.siov.sk\\\/?s={search_term_string}\"},\"query-input\":{\"@type\":\"PropertyValueSpecification\",\"valueRequired\":true,\"valueName\":\"search_term_string\"}}],\"inLanguage\":\"en-GB\"},{\"@type\":\"Organization\",\"@id\":\"https:\\\/\\\/archiv.siov.sk\\\/#organization\",\"name\":\"\u0160IOV - \u0161t\u00e1tny in\u0161tit\u00fat odborn\u00e9ho vzdel\u00e1vania\",\"url\":\"https:\\\/\\\/archiv.siov.sk\\\/\",\"logo\":{\"@type\":\"ImageObject\",\"inLanguage\":\"en-GB\",\"@id\":\"https:\\\/\\\/archiv.siov.sk\\\/#\\\/schema\\\/logo\\\/image\\\/\",\"url\":\"https:\\\/\\\/archiv.siov.sk\\\/wp-content\\\/uploads\\\/2024\\\/02\\\/logo-SIOV.png\",\"contentUrl\":\"https:\\\/\\\/archiv.siov.sk\\\/wp-content\\\/uploads\\\/2024\\\/02\\\/logo-SIOV.png\",\"width\":431,\"height\":143,\"caption\":\"\u0160IOV - \u0161t\u00e1tny in\u0161tit\u00fat odborn\u00e9ho vzdel\u00e1vania\"},\"image\":{\"@id\":\"https:\\\/\\\/archiv.siov.sk\\\/#\\\/schema\\\/logo\\\/image\\\/\"},\"sameAs\":[\"https:\\\/\\\/www.facebook.com\\\/Statnyinstitutodbornehovzdelavania\"]},{\"@type\":\"Person\",\"@id\":\"https:\\\/\\\/archiv.siov.sk\\\/#\\\/schema\\\/person\\\/2d35146a9c0fa51b027e8ff319cee627\",\"name\":\"Gabriela Budayov\u00e1\",\"url\":\"https:\\\/\\\/archiv.siov.sk\\\/en\\\/author\\\/gabriela-budayova\\\/\"}]}<\/script>\n<!-- \/ Yoast SEO plugin. -->","yoast_head_json":{"title":"In\u0161pirat\u00edvny de\u0148 o ob\u010dianskom vzdel\u00e1van\u00ed pre u\u010dite\u013eov stredn\u00fdch odborn\u00fdch \u0161k\u00f4l - \u0160IOV - \u0161t\u00e1tny in\u0161tit\u00fat odborn\u00e9ho vzdel\u00e1vania","robots":{"index":"index","follow":"follow","max-snippet":"max-snippet:-1","max-image-preview":"max-image-preview:large","max-video-preview":"max-video-preview:-1"},"canonical":"https:\/\/archiv.siov.sk\/en\/inspirativny-den-o-obcianskom-vzdelavani-pre-ucitelov-strednych-odbornych-skol\/","og_locale":"en_GB","og_type":"article","og_title":"In\u0161pirat\u00edvny de\u0148 o ob\u010dianskom vzdel\u00e1van\u00ed pre u\u010dite\u013eov stredn\u00fdch odborn\u00fdch \u0161k\u00f4l - \u0160IOV - \u0161t\u00e1tny in\u0161tit\u00fat odborn\u00e9ho vzdel\u00e1vania","og_description":"\u0160t\u00e1tny in\u0161tit\u00fat odborn\u00e9ho vzdel\u00e1vania, In\u0161tit\u00fat pre akt\u00edvne ob\u010dianstvo a program \u0160koly, ktor\u00e9 menia svet v\u00e1s poz\u00fdvaj\u00fa na celodenn\u00fd semin\u00e1r, venovan\u00fd ob\u010dianskemu vzdel\u00e1vaniu na stredn\u00fdch odborn\u00fdch \u0161kol\u00e1ch.Podujatie je bezplatn\u00e9 a ur\u010den\u00e9 v\u0161etk\u00fdm pedag\u00f3gom, ktor\u00ed chc\u00fa reagova\u0165 na v\u00fdzvy dne\u0161nej spolo\u010dnosti a podpori\u0165 akt\u00edvne ob\u010dianstvo mlad\u00fdch \u013eud\u00ed. Kedy: utorok, 30. septembra 2025 | \u010cas: 8:30 \u2013 16:30Kde: [&hellip;]","og_url":"https:\/\/archiv.siov.sk\/en\/inspirativny-den-o-obcianskom-vzdelavani-pre-ucitelov-strednych-odbornych-skol\/","og_site_name":"\u0160IOV - \u0161t\u00e1tny in\u0161tit\u00fat odborn\u00e9ho vzdel\u00e1vania","article_publisher":"https:\/\/www.facebook.com\/Statnyinstitutodbornehovzdelavania","article_published_time":"2025-09-09T12:46:27+00:00","article_modified_time":"2025-09-09T15:03:12+00:00","og_image":[{"width":1344,"height":756,"url":"https:\/\/archiv.siov.sk\/wp-content\/uploads\/2025\/09\/Dizajn-bez-nazvu-1.png","type":"image\/png"}],"author":"Gabriela Budayov\u00e1","twitter_card":"summary_large_image","twitter_misc":{"Written by":"Gabriela Budayov\u00e1","Estimated reading time":"3 minutes"},"schema":{"@context":"https:\/\/schema.org","@graph":[{"@type":"Article","@id":"https:\/\/archiv.siov.sk\/inspirativny-den-o-obcianskom-vzdelavani-pre-ucitelov-strednych-odbornych-skol\/#article","isPartOf":{"@id":"https:\/\/archiv.siov.sk\/inspirativny-den-o-obcianskom-vzdelavani-pre-ucitelov-strednych-odbornych-skol\/"},"author":{"name":"Gabriela Budayov\u00e1","@id":"https:\/\/archiv.siov.sk\/#\/schema\/person\/2d35146a9c0fa51b027e8ff319cee627"},"headline":"In\u0161pirat\u00edvny de\u0148 o ob\u010dianskom vzdel\u00e1van\u00ed pre u\u010dite\u013eov stredn\u00fdch odborn\u00fdch \u0161k\u00f4l","datePublished":"2025-09-09T12:46:27+00:00","dateModified":"2025-09-09T15:03:12+00:00","mainEntityOfPage":{"@id":"https:\/\/archiv.siov.sk\/inspirativny-den-o-obcianskom-vzdelavani-pre-ucitelov-strednych-odbornych-skol\/"},"wordCount":403,"publisher":{"@id":"https:\/\/archiv.siov.sk\/#organization"},"image":{"@id":"https:\/\/archiv.siov.sk\/inspirativny-den-o-obcianskom-vzdelavani-pre-ucitelov-strednych-odbornych-skol\/#primaryimage"},"thumbnailUrl":"https:\/\/archiv.siov.sk\/wp-content\/uploads\/2025\/09\/Dizajn-bez-nazvu-1.png","articleSection":["Aktuality"],"inLanguage":"en-GB"},{"@type":"WebPage","@id":"https:\/\/archiv.siov.sk\/inspirativny-den-o-obcianskom-vzdelavani-pre-ucitelov-strednych-odbornych-skol\/","url":"https:\/\/archiv.siov.sk\/inspirativny-den-o-obcianskom-vzdelavani-pre-ucitelov-strednych-odbornych-skol\/","name":"In\u0161pirat\u00edvny de\u0148 o ob\u010dianskom vzdel\u00e1van\u00ed pre u\u010dite\u013eov stredn\u00fdch odborn\u00fdch \u0161k\u00f4l - \u0160IOV - \u0161t\u00e1tny in\u0161tit\u00fat odborn\u00e9ho vzdel\u00e1vania","isPartOf":{"@id":"https:\/\/archiv.siov.sk\/#website"},"primaryImageOfPage":{"@id":"https:\/\/archiv.siov.sk\/inspirativny-den-o-obcianskom-vzdelavani-pre-ucitelov-strednych-odbornych-skol\/#primaryimage"},"image":{"@id":"https:\/\/archiv.siov.sk\/inspirativny-den-o-obcianskom-vzdelavani-pre-ucitelov-strednych-odbornych-skol\/#primaryimage"},"thumbnailUrl":"https:\/\/archiv.siov.sk\/wp-content\/uploads\/2025\/09\/Dizajn-bez-nazvu-1.png","datePublished":"2025-09-09T12:46:27+00:00","dateModified":"2025-09-09T15:03:12+00:00","breadcrumb":{"@id":"https:\/\/archiv.siov.sk\/inspirativny-den-o-obcianskom-vzdelavani-pre-ucitelov-strednych-odbornych-skol\/#breadcrumb"},"inLanguage":"en-GB","potentialAction":[{"@type":"ReadAction","target":["https:\/\/archiv.siov.sk\/inspirativny-den-o-obcianskom-vzdelavani-pre-ucitelov-strednych-odbornych-skol\/"]}]},{"@type":"ImageObject","inLanguage":"en-GB","@id":"https:\/\/archiv.siov.sk\/inspirativny-den-o-obcianskom-vzdelavani-pre-ucitelov-strednych-odbornych-skol\/#primaryimage","url":"https:\/\/archiv.siov.sk\/wp-content\/uploads\/2025\/09\/Dizajn-bez-nazvu-1.png","contentUrl":"https:\/\/archiv.siov.sk\/wp-content\/uploads\/2025\/09\/Dizajn-bez-nazvu-1.png","width":1344,"height":756,"caption":"seminar obcianske vzdelavanie"},{"@type":"BreadcrumbList","@id":"https:\/\/archiv.siov.sk\/inspirativny-den-o-obcianskom-vzdelavani-pre-ucitelov-strednych-odbornych-skol\/#breadcrumb","itemListElement":[{"@type":"ListItem","position":1,"name":"Home","item":"https:\/\/archiv.siov.sk\/"},{"@type":"ListItem","position":2,"name":"In\u0161pirat\u00edvny de\u0148 o ob\u010dianskom vzdel\u00e1van\u00ed pre u\u010dite\u013eov stredn\u00fdch odborn\u00fdch \u0161k\u00f4l"}]},{"@type":"WebSite","@id":"https:\/\/archiv.siov.sk\/#website","url":"https:\/\/archiv.siov.sk\/","name":"\u0160IOV - \u0161t\u00e1tny in\u0161tit\u00fat odborn\u00e9ho vzdel\u00e1vania","description":"","publisher":{"@id":"https:\/\/archiv.siov.sk\/#organization"},"potentialAction":[{"@type":"SearchAction","target":{"@type":"EntryPoint","urlTemplate":"https:\/\/archiv.siov.sk\/?s={search_term_string}"},"query-input":{"@type":"PropertyValueSpecification","valueRequired":true,"valueName":"search_term_string"}}],"inLanguage":"en-GB"},{"@type":"Organization","@id":"https:\/\/archiv.siov.sk\/#organization","name":"\u0160IOV - \u0161t\u00e1tny in\u0161tit\u00fat odborn\u00e9ho vzdel\u00e1vania","url":"https:\/\/archiv.siov.sk\/","logo":{"@type":"ImageObject","inLanguage":"en-GB","@id":"https:\/\/archiv.siov.sk\/#\/schema\/logo\/image\/","url":"https:\/\/archiv.siov.sk\/wp-content\/uploads\/2024\/02\/logo-SIOV.png","contentUrl":"https:\/\/archiv.siov.sk\/wp-content\/uploads\/2024\/02\/logo-SIOV.png","width":431,"height":143,"caption":"\u0160IOV - \u0161t\u00e1tny in\u0161tit\u00fat odborn\u00e9ho vzdel\u00e1vania"},"image":{"@id":"https:\/\/archiv.siov.sk\/#\/schema\/logo\/image\/"},"sameAs":["https:\/\/www.facebook.com\/Statnyinstitutodbornehovzdelavania"]},{"@type":"Person","@id":"https:\/\/archiv.siov.sk\/#\/schema\/person\/2d35146a9c0fa51b027e8ff319cee627","name":"Gabriela Budayov\u00e1","url":"https:\/\/archiv.siov.sk\/en\/author\/gabriela-budayova\/"}]}},"_links":{"self":[{"href":"https:\/\/archiv.siov.sk\/en\/wp-json\/wp\/v2\/posts\/20905","targetHints":{"allow":["GET"]}}],"collection":[{"href":"https:\/\/archiv.siov.sk\/en\/wp-json\/wp\/v2\/posts"}],"about":[{"href":"https:\/\/archiv.siov.sk\/en\/wp-json\/wp\/v2\/types\/post"}],"author":[{"embeddable":true,"href":"https:\/\/archiv.siov.sk\/en\/wp-json\/wp\/v2\/users\/10"}],"replies":[{"embeddable":true,"href":"https:\/\/archiv.siov.sk\/en\/wp-json\/wp\/v2\/comments?post=20905"}],"version-history":[{"count":7,"href":"https:\/\/archiv.siov.sk\/en\/wp-json\/wp\/v2\/posts\/20905\/revisions"}],"predecessor-version":[{"id":20915,"href":"https:\/\/archiv.siov.sk\/en\/wp-json\/wp\/v2\/posts\/20905\/revisions\/20915"}],"wp:featuredmedia":[{"embeddable":true,"href":"https:\/\/archiv.siov.sk\/en\/wp-json\/wp\/v2\/media\/20907"}],"wp:attachment":[{"href":"https:\/\/archiv.siov.sk\/en\/wp-json\/wp\/v2\/media?parent=20905"}],"wp:term":[{"taxonomy":"category","embeddable":true,"href":"https:\/\/archiv.siov.sk\/en\/wp-json\/wp\/v2\/categories?post=20905"},{"taxonomy":"post_tag","embeddable":true,"href":"https:\/\/archiv.siov.sk\/en\/wp-json\/wp\/v2\/tags?post=20905"}],"curies":[{"name":"wp","href":"https:\/\/api.w.org\/{rel}","templated":true}]}}