{"id":20882,"date":"2025-09-08T11:43:00","date_gmt":"2025-09-08T09:43:00","guid":{"rendered":"https:\/\/archiv.siov.sk\/?p=20882"},"modified":"2025-09-08T11:43:25","modified_gmt":"2025-09-08T09:43:25","slug":"slovenska-reprezentacia-zabojuje-na-euroskills-2025-v-desiatich-odboroch","status":"publish","type":"post","link":"https:\/\/archiv.siov.sk\/en\/slovenska-reprezentacia-zabojuje-na-euroskills-2025-v-desiatich-odboroch\/","title":{"rendered":"Slovensk\u00e1 reprezent\u00e1cia zabojuje na EuroSkills 2025 v desiatich odboroch"},"content":{"rendered":"<p style=\"text-align: justify;\">Nieko\u013ekot\u00fd\u017ed\u0148ov\u00e1 intenz\u00edvna pr\u00edprava, o\u010dak\u00e1vania, mo\u017eno nap\u00e4tie, ale hlavne odhodlanie. To v\u0161etko si so sebou vezie dvan\u00e1stka na\u0161ich s\u00fa\u0165a\u017eiacich \u017eiakov do <strong>d\u00e1nskeho Herningu<\/strong>, ktor\u00fd bude <strong>9.-13. septembra<\/strong> dejiskom s\u00fa\u0165a\u017ee <a href=\"https:\/\/euroskills2025.com\/\"><strong>EuroSkills 2025<\/strong><\/a>, na ktorej bude pribli\u017ene 600 z\u00e1stupcov z\u00a0celej Eur\u00f3py bojova\u0165 o\u00a0medaily v\u00a038 r\u00f4znych zru\u010dnostiach.<\/p>\n<p style=\"text-align: justify;\">Slovensko bud\u00fa na tomto nielen pre odborn\u00e9 vzdel\u00e1vanie a\u00a0zru\u010dnosti mimoriadnom podujat\u00ed reprezentova\u0165 <strong>12 v\u00ed\u0165azi s\u00fa\u0165a\u017e\u00ed Skills Slovakia v\u00a010 profesi\u00e1ch<\/strong> \u2013 floristika, mechatronika, grafick\u00fd dizajn, chladiaca a\u00a0klimatiza\u010dn\u00e1 technika, kuch\u00e1r, elektrotechnika, mur\u00e1r, kadern\u00edk, webdeveloper a\u00a0podnikanie.<\/p>\n<p><img fetchpriority=\"high\" decoding=\"async\" class=\"alignnone size-medium wp-image-20884 aligncenter\" src=\"https:\/\/archiv.siov.sk\/wp-content\/uploads\/2025\/09\/abb6bc6c-8bc1-4bd7-8897-fe1dd254a01e-300x225.jpg\" alt=\"\" width=\"300\" height=\"225\" srcset=\"https:\/\/archiv.siov.sk\/wp-content\/uploads\/2025\/09\/abb6bc6c-8bc1-4bd7-8897-fe1dd254a01e-300x225.jpg 300w, https:\/\/archiv.siov.sk\/wp-content\/uploads\/2025\/09\/abb6bc6c-8bc1-4bd7-8897-fe1dd254a01e-1024x768.jpg 1024w, https:\/\/archiv.siov.sk\/wp-content\/uploads\/2025\/09\/abb6bc6c-8bc1-4bd7-8897-fe1dd254a01e-768x576.jpg 768w, https:\/\/archiv.siov.sk\/wp-content\/uploads\/2025\/09\/abb6bc6c-8bc1-4bd7-8897-fe1dd254a01e-1536x1152.jpg 1536w, https:\/\/archiv.siov.sk\/wp-content\/uploads\/2025\/09\/abb6bc6c-8bc1-4bd7-8897-fe1dd254a01e-16x12.jpg 16w, https:\/\/archiv.siov.sk\/wp-content\/uploads\/2025\/09\/abb6bc6c-8bc1-4bd7-8897-fe1dd254a01e.jpg 1600w\" sizes=\"(max-width: 300px) 100vw, 300px\" \/><\/p>\n<p style=\"text-align: justify;\">V\u00a0<strong>podnikan\u00ed <\/strong>si sily s\u00a0konkurenciou zmeria <strong>dvoj\u010dlenn\u00fd t\u00edm zo S\u00fakromnej strednej odbornej \u0161koly podnikania vo Zvolene tvoren\u00fd Nat\u00e1liou a\u00a0Oliverom<\/strong>. \u201eJe to pre n\u00e1s prv\u00e1 ve\u013ek\u00e1 medzin\u00e1rodn\u00e1 s\u00fa\u0165a\u017e a\u00a0teda nov\u00e1 sk\u00fasenos\u0165. Budeme sa sna\u017ei\u0165 poda\u0165 \u010do najlep\u0161\u00ed v\u00fdkon a\u00a0reprezentova\u0165 n\u00e1\u0161 odbor a\u00a0krajinu najlep\u0161ie ako budeme vedie\u0165. Sk\u00fasenosti z\u00a0predch\u00e1dzaj\u00facich s\u00fa\u0165a\u017e\u00ed n\u00e1m dali ve\u013emi ve\u013ea. Tak\u017ee okrem pr\u00edpravy budeme pracova\u0165 aj s nimi,\u201c pribl\u00ed\u017eil pred s\u00fa\u0165a\u017eou Oliver. \u201eUr\u010dite sa chyst\u00e1me vyda\u0165 zo seba maximum a\u00a0navz\u00e1jom sa podporova\u0165. Okrem toho, \u017ee sme spolu\u017eiaci, vych\u00e1dzame dobre aj ako kamar\u00e1ti, \u010do pod\u013ea m\u0148a hr\u00e1 v\u00a0n\u00e1\u0161 prospech. U\u017e sme si vysk\u00fa\u0161ali, ako sa potiahnu\u0165, ke\u010f treba,\u201c doplnila Nat\u00e1lia.<\/p>\n<p style=\"text-align: justify;\">Okrem s\u00fa\u0165a\u017eiacich a\u00a0z\u00e1stupcov \u0160t\u00e1tneho in\u0161tit\u00fatu odborn\u00e9ho vzdel\u00e1vania (\u0160IOV) s\u00fa s\u00fa\u010das\u0165ou na\u0161ej reprezent\u00e1cie aj <strong>experti pre ka\u017ed\u00fd odbor<\/strong>. Pred s\u00fa\u0165a\u017eou maj\u00fa na starosti pr\u00edpravu s\u00fa\u0165a\u017eiacich a po\u010das nej d\u00e1vaj\u00fa pozor na dodr\u017eiavanie pravidiel. \u201eNa\u0161ou \u00falohou je zabezpe\u010di\u0165, aby cel\u00fd proces prebiehal \u010do mo\u017eno najhlad\u0161ie a\u00a0najr\u00fdchlej\u0161ie. Jednotliv\u00ed experti sa s\u00a0hlavn\u00fdm expertom dohodn\u00fa, kto bude ma\u0165 ak\u00fa \u00falohu,\u201c zhrnul <strong>Milan Da\u0148o dlhoro\u010dn\u00fd expert v\u00a0odbore mechatronika<\/strong>. Pr\u00e1ve dlhoro\u010dn\u00e9 sk\u00fasenosti aj zo 7 s\u00fa\u0165a\u017e\u00ed EuroSkills s\u00fa pre neho pri pr\u00edprave a\u00a0\u010dinnosti experta mimoriadne d\u00f4le\u017eit\u00e9. \u201eNajm\u00e4 pre detaily, ktor\u00e9 pom\u00e1haj\u00fa pri rie\u0161en\u00ed \u00faloh a\u00a0ktor\u00e9 u\u017e m\u00e1m napozeran\u00e9. To s\u00fa v\u017edy prv\u00e9 veci, ktor\u00e9 s\u00fa\u0165a\u017eiacim hovor\u00edm, aby postupovali spr\u00e1vnym sp\u00f4sobom a\u00a0t\u00fdm p\u00e1dom nestr\u00e1cali \u010das.\u201c S\u00fa\u0165a\u017e pod\u013ea neho d\u00e1va \u017eiakom rozh\u013ead a\u00a0mimoriadne cenn\u00e9 sk\u00fasenosti. \u201eNiekedy to b\u00fdva aj trochu zr\u00e1\u017eka s\u00a0realitou. Ale u\u017eito\u010dn\u00e1. Tak\u00e1, ktor\u00e1 im pom\u00e1ha pri rie\u0161en\u00ed probl\u00e9mov. M\u00f4\u017eu sledova\u0165 ako sa daj\u00fa veci robi\u0165 inak, mo\u017eno r\u00fdchlej\u0161ie, lep\u0161ie,\u201c uzavrel.<\/p>\n<p style=\"text-align: justify;\"><strong>Riadite\u013e \u0160t\u00e1tneho in\u0161tit\u00fatu odborn\u00e9ho vzdel\u00e1vania (\u0160IOV) Branislav Had\u00e1r<\/strong> ver\u00ed, \u017ee slovensk\u00ed s\u00fa\u0165a\u017eiaci v\u00a0medzin\u00e1rodnej konkurencii nesklam\u00fa a\u00a0predov\u0161etk\u00fdm vy\u0165a\u017eia maximum z\u00a0mo\u017enosti z\u00edska\u0165 nov\u00e9 sk\u00fasenost\u00ed, kontakty a\u00a0rozh\u013ead. \u201ePoradi\u0165 si so stresom, konkuren\u010dn\u00fdm tlakom a\u00a0v\u00f4bec rozsahom cel\u00e9ho EuroSkills nie je jednoduch\u00e9, ale pr\u00edprava na\u0161ich s\u00fa\u0165a\u017eiacich aj sk\u00fasenosti z\u00a0minul\u00fdch ro\u010dn\u00edkov nazna\u010duj\u00fa, \u017ee to na\u0161a reprezent\u00e1cia zvl\u00e1dne, zabojuje na maximum a\u00a0ver\u00edme, \u017ee z\u00edska aj pekn\u00e9 umiestnenia.\u201c<\/p>\n<p style=\"text-align: justify;\"><strong>EuroSkills Herning 2025<\/strong> m\u00e1 by\u0165 doteraz najv\u00e4\u010d\u0161\u00edm a najlep\u0161\u00edm podujat\u00edm EuroSkills. Okrem s\u00fa\u0165a\u017ee svetovej \u00farovne, ktor\u00e1 bude oslavova\u0165 najtalentovanej\u0161\u00edch mlad\u00fdch profesion\u00e1lov v Eur\u00f3pe, D\u00e1nsko vyu\u017e\u00edva pr\u00edle\u017eitos\u0165 vytvori\u0165 priestor na zv\u00fd\u0161enie zamerania na rozvoj technick\u00e9ho a odborn\u00e9ho vzdel\u00e1vania a pr\u00edpravy. Popri samotn\u00fdch s\u00fa\u0165a\u017eiach pon\u00fakne uk\u00e1\u017eky zru\u010dnost\u00ed a\u00a0mo\u017enos\u0165 vysk\u00fa\u0161a\u0165 si remesl\u00e1 v\u00a0\u0161peci\u00e1lnych priestoroch Try-A-Skill. Cel\u00e9 podujatie sa bude nies\u0165 v\u00a0t\u00e9me udr\u017eate\u013enosti a\u00a0zelenej transform\u00e1cie.<\/p>\n<p>EuroSkills je najv\u00e4\u010d\u0161ie eur\u00f3pske podujatie zameran\u00e9 na odborn\u00e9 vzdel\u00e1vanie a\u00a0zru\u010dnosti, ktor\u00e9 ka\u017ed\u00e9 dva roky sp\u00e1ja mlad\u00e9 talenty z\u00a0cel\u00e9ho kontinentu.<\/p>","protected":false},"excerpt":{"rendered":"<p>Nieko\u013ekot\u00fd\u017ed\u0148ov\u00e1 intenz\u00edvna pr\u00edprava, o\u010dak\u00e1vania, mo\u017eno nap\u00e4tie, ale hlavne odhodlanie. To v\u0161etko si so sebou vezie dvan\u00e1stka na\u0161ich s\u00fa\u0165a\u017eiacich \u017eiakov do d\u00e1nskeho Herningu, ktor\u00fd bude 9.-13. septembra dejiskom s\u00fa\u0165a\u017ee EuroSkills 2025, na ktorej bude pribli\u017ene 600 z\u00e1stupcov z\u00a0celej Eur\u00f3py bojova\u0165 o\u00a0medaily v\u00a038 r\u00f4znych zru\u010dnostiach. Slovensko bud\u00fa na tomto nielen pre odborn\u00e9 vzdel\u00e1vanie a\u00a0zru\u010dnosti mimoriadnom podujat\u00ed reprezentova\u0165 [&hellip;]<\/p>\n","protected":false},"author":6,"featured_media":20885,"comment_status":"closed","ping_status":"closed","sticky":false,"template":"","format":"standard","meta":{"site-sidebar-layout":"default","site-content-layout":"","ast-site-content-layout":"default","site-content-style":"default","site-sidebar-style":"default","ast-global-header-display":"","ast-banner-title-visibility":"","ast-main-header-display":"","ast-hfb-above-header-display":"","ast-hfb-below-header-display":"","ast-hfb-mobile-header-display":"","site-post-title":"","ast-breadcrumbs-content":"","ast-featured-img":"","footer-sml-layout":"","ast-disable-related-posts":"","theme-transparent-header-meta":"default","adv-header-id-meta":"","stick-header-meta":"default","header-above-stick-meta":"","header-main-stick-meta":"","header-below-stick-meta":"","astra-migrate-meta-layouts":"set","ast-page-background-enabled":"default","ast-page-background-meta":{"desktop":{"background-color":"var(--ast-global-color-4)","background-image":"","background-repeat":"repeat","background-position":"center center","background-size":"auto","background-attachment":"scroll","background-type":"","background-media":"","overlay-type":"","overlay-color":"","overlay-opacity":"","overlay-gradient":""},"tablet":{"background-color":"","background-image":"","background-repeat":"repeat","background-position":"center center","background-size":"auto","background-attachment":"scroll","background-type":"","background-media":"","overlay-type":"","overlay-color":"","overlay-opacity":"","overlay-gradient":""},"mobile":{"background-color":"","background-image":"","background-repeat":"repeat","background-position":"center center","background-size":"auto","background-attachment":"scroll","background-type":"","background-media":"","overlay-type":"","overlay-color":"","overlay-opacity":"","overlay-gradient":""}},"ast-content-background-meta":{"desktop":{"background-color":"var(--ast-global-color-5)","background-image":"","background-repeat":"repeat","background-position":"center center","background-size":"auto","background-attachment":"scroll","background-type":"","background-media":"","overlay-type":"","overlay-color":"","overlay-opacity":"","overlay-gradient":""},"tablet":{"background-color":"var(--ast-global-color-5)","background-image":"","background-repeat":"repeat","background-position":"center center","background-size":"auto","background-attachment":"scroll","background-type":"","background-media":"","overlay-type":"","overlay-color":"","overlay-opacity":"","overlay-gradient":""},"mobile":{"background-color":"var(--ast-global-color-5)","background-image":"","background-repeat":"repeat","background-position":"center center","background-size":"auto","background-attachment":"scroll","background-type":"","background-media":"","overlay-type":"","overlay-color":"","overlay-opacity":"","overlay-gradient":""}},"footnotes":""},"categories":[1],"tags":[],"class_list":["post-20882","post","type-post","status-publish","format-standard","has-post-thumbnail","hentry","category-aktuality"],"yoast_head":"<!-- This site is optimized with the Yoast SEO plugin v27.5 - https:\/\/yoast.com\/product\/yoast-seo-wordpress\/ -->\n<title>Slovensk\u00e1 reprezent\u00e1cia zabojuje na EuroSkills 2025 v desiatich odboroch - \u0160IOV - \u0161t\u00e1tny in\u0161tit\u00fat odborn\u00e9ho vzdel\u00e1vania<\/title>\n<meta name=\"robots\" content=\"index, follow, max-snippet:-1, max-image-preview:large, max-video-preview:-1\" \/>\n<link rel=\"canonical\" href=\"https:\/\/archiv.siov.sk\/en\/slovenska-reprezentacia-zabojuje-na-euroskills-2025-v-desiatich-odboroch\/\" \/>\n<meta property=\"og:locale\" content=\"en_GB\" \/>\n<meta property=\"og:type\" content=\"article\" \/>\n<meta property=\"og:title\" content=\"Slovensk\u00e1 reprezent\u00e1cia zabojuje na EuroSkills 2025 v desiatich odboroch - \u0160IOV - \u0161t\u00e1tny in\u0161tit\u00fat odborn\u00e9ho vzdel\u00e1vania\" \/>\n<meta property=\"og:description\" content=\"Nieko\u013ekot\u00fd\u017ed\u0148ov\u00e1 intenz\u00edvna pr\u00edprava, o\u010dak\u00e1vania, mo\u017eno nap\u00e4tie, ale hlavne odhodlanie. To v\u0161etko si so sebou vezie dvan\u00e1stka na\u0161ich s\u00fa\u0165a\u017eiacich \u017eiakov do d\u00e1nskeho Herningu, ktor\u00fd bude 9.-13. septembra dejiskom s\u00fa\u0165a\u017ee EuroSkills 2025, na ktorej bude pribli\u017ene 600 z\u00e1stupcov z\u00a0celej Eur\u00f3py bojova\u0165 o\u00a0medaily v\u00a038 r\u00f4znych zru\u010dnostiach. Slovensko bud\u00fa na tomto nielen pre odborn\u00e9 vzdel\u00e1vanie a\u00a0zru\u010dnosti mimoriadnom podujat\u00ed reprezentova\u0165 [&hellip;]\" \/>\n<meta property=\"og:url\" content=\"https:\/\/archiv.siov.sk\/en\/slovenska-reprezentacia-zabojuje-na-euroskills-2025-v-desiatich-odboroch\/\" \/>\n<meta property=\"og:site_name\" content=\"\u0160IOV - \u0161t\u00e1tny in\u0161tit\u00fat odborn\u00e9ho vzdel\u00e1vania\" \/>\n<meta property=\"article:publisher\" content=\"https:\/\/www.facebook.com\/Statnyinstitutodbornehovzdelavania\" \/>\n<meta property=\"article:published_time\" content=\"2025-09-08T09:43:00+00:00\" \/>\n<meta property=\"article:modified_time\" content=\"2025-09-08T09:43:25+00:00\" \/>\n<meta property=\"og:image\" content=\"https:\/\/archiv.siov.sk\/wp-content\/uploads\/2025\/09\/e6ac6115-1ed4-4824-9636-0799d3658062.jpg\" \/>\n\t<meta property=\"og:image:width\" content=\"1600\" \/>\n\t<meta property=\"og:image:height\" content=\"1200\" \/>\n\t<meta property=\"og:image:type\" content=\"image\/jpeg\" \/>\n<meta name=\"author\" content=\"Katar\u00edna Kov\u00e1\u010dov\u00e1\" \/>\n<meta name=\"twitter:card\" content=\"summary_large_image\" \/>\n<meta name=\"twitter:label1\" content=\"Written by\" \/>\n\t<meta name=\"twitter:data1\" content=\"Katar\u00edna Kov\u00e1\u010dov\u00e1\" \/>\n\t<meta name=\"twitter:label2\" content=\"Estimated reading time\" \/>\n\t<meta name=\"twitter:data2\" content=\"4 minutes\" \/>\n<script type=\"application\/ld+json\" class=\"yoast-schema-graph\">{\"@context\":\"https:\\\/\\\/schema.org\",\"@graph\":[{\"@type\":\"Article\",\"@id\":\"https:\\\/\\\/archiv.siov.sk\\\/slovenska-reprezentacia-zabojuje-na-euroskills-2025-v-desiatich-odboroch\\\/#article\",\"isPartOf\":{\"@id\":\"https:\\\/\\\/archiv.siov.sk\\\/slovenska-reprezentacia-zabojuje-na-euroskills-2025-v-desiatich-odboroch\\\/\"},\"author\":{\"name\":\"Katar\u00edna Kov\u00e1\u010dov\u00e1\",\"@id\":\"https:\\\/\\\/archiv.siov.sk\\\/#\\\/schema\\\/person\\\/e42d633fbd958c6a726e8834d8965e6c\"},\"headline\":\"Slovensk\u00e1 reprezent\u00e1cia zabojuje na EuroSkills 2025 v desiatich odboroch\",\"datePublished\":\"2025-09-08T09:43:00+00:00\",\"dateModified\":\"2025-09-08T09:43:25+00:00\",\"mainEntityOfPage\":{\"@id\":\"https:\\\/\\\/archiv.siov.sk\\\/slovenska-reprezentacia-zabojuje-na-euroskills-2025-v-desiatich-odboroch\\\/\"},\"wordCount\":703,\"publisher\":{\"@id\":\"https:\\\/\\\/archiv.siov.sk\\\/#organization\"},\"image\":{\"@id\":\"https:\\\/\\\/archiv.siov.sk\\\/slovenska-reprezentacia-zabojuje-na-euroskills-2025-v-desiatich-odboroch\\\/#primaryimage\"},\"thumbnailUrl\":\"https:\\\/\\\/archiv.siov.sk\\\/wp-content\\\/uploads\\\/2025\\\/09\\\/e6ac6115-1ed4-4824-9636-0799d3658062.jpg\",\"articleSection\":[\"Aktuality\"],\"inLanguage\":\"en-GB\"},{\"@type\":\"WebPage\",\"@id\":\"https:\\\/\\\/archiv.siov.sk\\\/slovenska-reprezentacia-zabojuje-na-euroskills-2025-v-desiatich-odboroch\\\/\",\"url\":\"https:\\\/\\\/archiv.siov.sk\\\/slovenska-reprezentacia-zabojuje-na-euroskills-2025-v-desiatich-odboroch\\\/\",\"name\":\"Slovensk\u00e1 reprezent\u00e1cia zabojuje na EuroSkills 2025 v desiatich odboroch - \u0160IOV - \u0161t\u00e1tny in\u0161tit\u00fat odborn\u00e9ho vzdel\u00e1vania\",\"isPartOf\":{\"@id\":\"https:\\\/\\\/archiv.siov.sk\\\/#website\"},\"primaryImageOfPage\":{\"@id\":\"https:\\\/\\\/archiv.siov.sk\\\/slovenska-reprezentacia-zabojuje-na-euroskills-2025-v-desiatich-odboroch\\\/#primaryimage\"},\"image\":{\"@id\":\"https:\\\/\\\/archiv.siov.sk\\\/slovenska-reprezentacia-zabojuje-na-euroskills-2025-v-desiatich-odboroch\\\/#primaryimage\"},\"thumbnailUrl\":\"https:\\\/\\\/archiv.siov.sk\\\/wp-content\\\/uploads\\\/2025\\\/09\\\/e6ac6115-1ed4-4824-9636-0799d3658062.jpg\",\"datePublished\":\"2025-09-08T09:43:00+00:00\",\"dateModified\":\"2025-09-08T09:43:25+00:00\",\"breadcrumb\":{\"@id\":\"https:\\\/\\\/archiv.siov.sk\\\/slovenska-reprezentacia-zabojuje-na-euroskills-2025-v-desiatich-odboroch\\\/#breadcrumb\"},\"inLanguage\":\"en-GB\",\"potentialAction\":[{\"@type\":\"ReadAction\",\"target\":[\"https:\\\/\\\/archiv.siov.sk\\\/slovenska-reprezentacia-zabojuje-na-euroskills-2025-v-desiatich-odboroch\\\/\"]}]},{\"@type\":\"ImageObject\",\"inLanguage\":\"en-GB\",\"@id\":\"https:\\\/\\\/archiv.siov.sk\\\/slovenska-reprezentacia-zabojuje-na-euroskills-2025-v-desiatich-odboroch\\\/#primaryimage\",\"url\":\"https:\\\/\\\/archiv.siov.sk\\\/wp-content\\\/uploads\\\/2025\\\/09\\\/e6ac6115-1ed4-4824-9636-0799d3658062.jpg\",\"contentUrl\":\"https:\\\/\\\/archiv.siov.sk\\\/wp-content\\\/uploads\\\/2025\\\/09\\\/e6ac6115-1ed4-4824-9636-0799d3658062.jpg\",\"width\":1600,\"height\":1200},{\"@type\":\"BreadcrumbList\",\"@id\":\"https:\\\/\\\/archiv.siov.sk\\\/slovenska-reprezentacia-zabojuje-na-euroskills-2025-v-desiatich-odboroch\\\/#breadcrumb\",\"itemListElement\":[{\"@type\":\"ListItem\",\"position\":1,\"name\":\"Home\",\"item\":\"https:\\\/\\\/archiv.siov.sk\\\/\"},{\"@type\":\"ListItem\",\"position\":2,\"name\":\"Slovensk\u00e1 reprezent\u00e1cia zabojuje na EuroSkills 2025 v desiatich odboroch\"}]},{\"@type\":\"WebSite\",\"@id\":\"https:\\\/\\\/archiv.siov.sk\\\/#website\",\"url\":\"https:\\\/\\\/archiv.siov.sk\\\/\",\"name\":\"\u0160IOV - \u0161t\u00e1tny in\u0161tit\u00fat odborn\u00e9ho vzdel\u00e1vania\",\"description\":\"\",\"publisher\":{\"@id\":\"https:\\\/\\\/archiv.siov.sk\\\/#organization\"},\"potentialAction\":[{\"@type\":\"SearchAction\",\"target\":{\"@type\":\"EntryPoint\",\"urlTemplate\":\"https:\\\/\\\/archiv.siov.sk\\\/?s={search_term_string}\"},\"query-input\":{\"@type\":\"PropertyValueSpecification\",\"valueRequired\":true,\"valueName\":\"search_term_string\"}}],\"inLanguage\":\"en-GB\"},{\"@type\":\"Organization\",\"@id\":\"https:\\\/\\\/archiv.siov.sk\\\/#organization\",\"name\":\"\u0160IOV - \u0161t\u00e1tny in\u0161tit\u00fat odborn\u00e9ho vzdel\u00e1vania\",\"url\":\"https:\\\/\\\/archiv.siov.sk\\\/\",\"logo\":{\"@type\":\"ImageObject\",\"inLanguage\":\"en-GB\",\"@id\":\"https:\\\/\\\/archiv.siov.sk\\\/#\\\/schema\\\/logo\\\/image\\\/\",\"url\":\"https:\\\/\\\/archiv.siov.sk\\\/wp-content\\\/uploads\\\/2024\\\/02\\\/logo-SIOV.png\",\"contentUrl\":\"https:\\\/\\\/archiv.siov.sk\\\/wp-content\\\/uploads\\\/2024\\\/02\\\/logo-SIOV.png\",\"width\":431,\"height\":143,\"caption\":\"\u0160IOV - \u0161t\u00e1tny in\u0161tit\u00fat odborn\u00e9ho vzdel\u00e1vania\"},\"image\":{\"@id\":\"https:\\\/\\\/archiv.siov.sk\\\/#\\\/schema\\\/logo\\\/image\\\/\"},\"sameAs\":[\"https:\\\/\\\/www.facebook.com\\\/Statnyinstitutodbornehovzdelavania\"]},{\"@type\":\"Person\",\"@id\":\"https:\\\/\\\/archiv.siov.sk\\\/#\\\/schema\\\/person\\\/e42d633fbd958c6a726e8834d8965e6c\",\"name\":\"Katar\u00edna Kov\u00e1\u010dov\u00e1\",\"url\":\"https:\\\/\\\/archiv.siov.sk\\\/en\\\/author\\\/katkakovacova\\\/\"}]}<\/script>\n<!-- \/ Yoast SEO plugin. -->","yoast_head_json":{"title":"Slovensk\u00e1 reprezent\u00e1cia zabojuje na EuroSkills 2025 v desiatich odboroch - \u0160IOV - \u0161t\u00e1tny in\u0161tit\u00fat odborn\u00e9ho vzdel\u00e1vania","robots":{"index":"index","follow":"follow","max-snippet":"max-snippet:-1","max-image-preview":"max-image-preview:large","max-video-preview":"max-video-preview:-1"},"canonical":"https:\/\/archiv.siov.sk\/en\/slovenska-reprezentacia-zabojuje-na-euroskills-2025-v-desiatich-odboroch\/","og_locale":"en_GB","og_type":"article","og_title":"Slovensk\u00e1 reprezent\u00e1cia zabojuje na EuroSkills 2025 v desiatich odboroch - \u0160IOV - \u0161t\u00e1tny in\u0161tit\u00fat odborn\u00e9ho vzdel\u00e1vania","og_description":"Nieko\u013ekot\u00fd\u017ed\u0148ov\u00e1 intenz\u00edvna pr\u00edprava, o\u010dak\u00e1vania, mo\u017eno nap\u00e4tie, ale hlavne odhodlanie. To v\u0161etko si so sebou vezie dvan\u00e1stka na\u0161ich s\u00fa\u0165a\u017eiacich \u017eiakov do d\u00e1nskeho Herningu, ktor\u00fd bude 9.-13. septembra dejiskom s\u00fa\u0165a\u017ee EuroSkills 2025, na ktorej bude pribli\u017ene 600 z\u00e1stupcov z\u00a0celej Eur\u00f3py bojova\u0165 o\u00a0medaily v\u00a038 r\u00f4znych zru\u010dnostiach. Slovensko bud\u00fa na tomto nielen pre odborn\u00e9 vzdel\u00e1vanie a\u00a0zru\u010dnosti mimoriadnom podujat\u00ed reprezentova\u0165 [&hellip;]","og_url":"https:\/\/archiv.siov.sk\/en\/slovenska-reprezentacia-zabojuje-na-euroskills-2025-v-desiatich-odboroch\/","og_site_name":"\u0160IOV - \u0161t\u00e1tny in\u0161tit\u00fat odborn\u00e9ho vzdel\u00e1vania","article_publisher":"https:\/\/www.facebook.com\/Statnyinstitutodbornehovzdelavania","article_published_time":"2025-09-08T09:43:00+00:00","article_modified_time":"2025-09-08T09:43:25+00:00","og_image":[{"width":1600,"height":1200,"url":"https:\/\/archiv.siov.sk\/wp-content\/uploads\/2025\/09\/e6ac6115-1ed4-4824-9636-0799d3658062.jpg","type":"image\/jpeg"}],"author":"Katar\u00edna Kov\u00e1\u010dov\u00e1","twitter_card":"summary_large_image","twitter_misc":{"Written by":"Katar\u00edna Kov\u00e1\u010dov\u00e1","Estimated reading time":"4 minutes"},"schema":{"@context":"https:\/\/schema.org","@graph":[{"@type":"Article","@id":"https:\/\/archiv.siov.sk\/slovenska-reprezentacia-zabojuje-na-euroskills-2025-v-desiatich-odboroch\/#article","isPartOf":{"@id":"https:\/\/archiv.siov.sk\/slovenska-reprezentacia-zabojuje-na-euroskills-2025-v-desiatich-odboroch\/"},"author":{"name":"Katar\u00edna Kov\u00e1\u010dov\u00e1","@id":"https:\/\/archiv.siov.sk\/#\/schema\/person\/e42d633fbd958c6a726e8834d8965e6c"},"headline":"Slovensk\u00e1 reprezent\u00e1cia zabojuje na EuroSkills 2025 v desiatich odboroch","datePublished":"2025-09-08T09:43:00+00:00","dateModified":"2025-09-08T09:43:25+00:00","mainEntityOfPage":{"@id":"https:\/\/archiv.siov.sk\/slovenska-reprezentacia-zabojuje-na-euroskills-2025-v-desiatich-odboroch\/"},"wordCount":703,"publisher":{"@id":"https:\/\/archiv.siov.sk\/#organization"},"image":{"@id":"https:\/\/archiv.siov.sk\/slovenska-reprezentacia-zabojuje-na-euroskills-2025-v-desiatich-odboroch\/#primaryimage"},"thumbnailUrl":"https:\/\/archiv.siov.sk\/wp-content\/uploads\/2025\/09\/e6ac6115-1ed4-4824-9636-0799d3658062.jpg","articleSection":["Aktuality"],"inLanguage":"en-GB"},{"@type":"WebPage","@id":"https:\/\/archiv.siov.sk\/slovenska-reprezentacia-zabojuje-na-euroskills-2025-v-desiatich-odboroch\/","url":"https:\/\/archiv.siov.sk\/slovenska-reprezentacia-zabojuje-na-euroskills-2025-v-desiatich-odboroch\/","name":"Slovensk\u00e1 reprezent\u00e1cia zabojuje na EuroSkills 2025 v desiatich odboroch - \u0160IOV - \u0161t\u00e1tny in\u0161tit\u00fat odborn\u00e9ho vzdel\u00e1vania","isPartOf":{"@id":"https:\/\/archiv.siov.sk\/#website"},"primaryImageOfPage":{"@id":"https:\/\/archiv.siov.sk\/slovenska-reprezentacia-zabojuje-na-euroskills-2025-v-desiatich-odboroch\/#primaryimage"},"image":{"@id":"https:\/\/archiv.siov.sk\/slovenska-reprezentacia-zabojuje-na-euroskills-2025-v-desiatich-odboroch\/#primaryimage"},"thumbnailUrl":"https:\/\/archiv.siov.sk\/wp-content\/uploads\/2025\/09\/e6ac6115-1ed4-4824-9636-0799d3658062.jpg","datePublished":"2025-09-08T09:43:00+00:00","dateModified":"2025-09-08T09:43:25+00:00","breadcrumb":{"@id":"https:\/\/archiv.siov.sk\/slovenska-reprezentacia-zabojuje-na-euroskills-2025-v-desiatich-odboroch\/#breadcrumb"},"inLanguage":"en-GB","potentialAction":[{"@type":"ReadAction","target":["https:\/\/archiv.siov.sk\/slovenska-reprezentacia-zabojuje-na-euroskills-2025-v-desiatich-odboroch\/"]}]},{"@type":"ImageObject","inLanguage":"en-GB","@id":"https:\/\/archiv.siov.sk\/slovenska-reprezentacia-zabojuje-na-euroskills-2025-v-desiatich-odboroch\/#primaryimage","url":"https:\/\/archiv.siov.sk\/wp-content\/uploads\/2025\/09\/e6ac6115-1ed4-4824-9636-0799d3658062.jpg","contentUrl":"https:\/\/archiv.siov.sk\/wp-content\/uploads\/2025\/09\/e6ac6115-1ed4-4824-9636-0799d3658062.jpg","width":1600,"height":1200},{"@type":"BreadcrumbList","@id":"https:\/\/archiv.siov.sk\/slovenska-reprezentacia-zabojuje-na-euroskills-2025-v-desiatich-odboroch\/#breadcrumb","itemListElement":[{"@type":"ListItem","position":1,"name":"Home","item":"https:\/\/archiv.siov.sk\/"},{"@type":"ListItem","position":2,"name":"Slovensk\u00e1 reprezent\u00e1cia zabojuje na EuroSkills 2025 v desiatich odboroch"}]},{"@type":"WebSite","@id":"https:\/\/archiv.siov.sk\/#website","url":"https:\/\/archiv.siov.sk\/","name":"\u0160IOV - \u0161t\u00e1tny in\u0161tit\u00fat odborn\u00e9ho vzdel\u00e1vania","description":"","publisher":{"@id":"https:\/\/archiv.siov.sk\/#organization"},"potentialAction":[{"@type":"SearchAction","target":{"@type":"EntryPoint","urlTemplate":"https:\/\/archiv.siov.sk\/?s={search_term_string}"},"query-input":{"@type":"PropertyValueSpecification","valueRequired":true,"valueName":"search_term_string"}}],"inLanguage":"en-GB"},{"@type":"Organization","@id":"https:\/\/archiv.siov.sk\/#organization","name":"\u0160IOV - \u0161t\u00e1tny in\u0161tit\u00fat odborn\u00e9ho vzdel\u00e1vania","url":"https:\/\/archiv.siov.sk\/","logo":{"@type":"ImageObject","inLanguage":"en-GB","@id":"https:\/\/archiv.siov.sk\/#\/schema\/logo\/image\/","url":"https:\/\/archiv.siov.sk\/wp-content\/uploads\/2024\/02\/logo-SIOV.png","contentUrl":"https:\/\/archiv.siov.sk\/wp-content\/uploads\/2024\/02\/logo-SIOV.png","width":431,"height":143,"caption":"\u0160IOV - \u0161t\u00e1tny in\u0161tit\u00fat odborn\u00e9ho vzdel\u00e1vania"},"image":{"@id":"https:\/\/archiv.siov.sk\/#\/schema\/logo\/image\/"},"sameAs":["https:\/\/www.facebook.com\/Statnyinstitutodbornehovzdelavania"]},{"@type":"Person","@id":"https:\/\/archiv.siov.sk\/#\/schema\/person\/e42d633fbd958c6a726e8834d8965e6c","name":"Katar\u00edna Kov\u00e1\u010dov\u00e1","url":"https:\/\/archiv.siov.sk\/en\/author\/katkakovacova\/"}]}},"_links":{"self":[{"href":"https:\/\/archiv.siov.sk\/en\/wp-json\/wp\/v2\/posts\/20882","targetHints":{"allow":["GET"]}}],"collection":[{"href":"https:\/\/archiv.siov.sk\/en\/wp-json\/wp\/v2\/posts"}],"about":[{"href":"https:\/\/archiv.siov.sk\/en\/wp-json\/wp\/v2\/types\/post"}],"author":[{"embeddable":true,"href":"https:\/\/archiv.siov.sk\/en\/wp-json\/wp\/v2\/users\/6"}],"replies":[{"embeddable":true,"href":"https:\/\/archiv.siov.sk\/en\/wp-json\/wp\/v2\/comments?post=20882"}],"version-history":[{"count":2,"href":"https:\/\/archiv.siov.sk\/en\/wp-json\/wp\/v2\/posts\/20882\/revisions"}],"predecessor-version":[{"id":20886,"href":"https:\/\/archiv.siov.sk\/en\/wp-json\/wp\/v2\/posts\/20882\/revisions\/20886"}],"wp:featuredmedia":[{"embeddable":true,"href":"https:\/\/archiv.siov.sk\/en\/wp-json\/wp\/v2\/media\/20885"}],"wp:attachment":[{"href":"https:\/\/archiv.siov.sk\/en\/wp-json\/wp\/v2\/media?parent=20882"}],"wp:term":[{"taxonomy":"category","embeddable":true,"href":"https:\/\/archiv.siov.sk\/en\/wp-json\/wp\/v2\/categories?post=20882"},{"taxonomy":"post_tag","embeddable":true,"href":"https:\/\/archiv.siov.sk\/en\/wp-json\/wp\/v2\/tags?post=20882"}],"curies":[{"name":"wp","href":"https:\/\/api.w.org\/{rel}","templated":true}]}}