{"id":20866,"date":"2025-09-08T11:06:06","date_gmt":"2025-09-08T09:06:06","guid":{"rendered":"https:\/\/archiv.siov.sk\/?p=20866"},"modified":"2025-10-17T10:32:30","modified_gmt":"2025-10-17T08:32:30","slug":"podnikanie-s-poslanim-tema-27-rocnika-medzinarodneho-veltrhu-cvicnych-firiem-slovensko-2025","status":"publish","type":"post","link":"https:\/\/archiv.siov.sk\/en\/podnikanie-s-poslanim-tema-27-rocnika-medzinarodneho-veltrhu-cvicnych-firiem-slovensko-2025\/","title":{"rendered":"Podnikanie s poslan\u00edm \u2013 t\u00e9ma 27. ro\u010dn\u00edka Medzin\u00e1rodn\u00e9ho ve\u013etrhu cvi\u010dn\u00fdch firiem Slovensko 2025"},"content":{"rendered":"<p data-start=\"155\" data-end=\"367\">\u0160t\u00e1tny in\u0161tit\u00fat odborn\u00e9ho vzdel\u00e1vania poz\u00fdva na <strong>27. ro\u010dn\u00edk Medzin\u00e1rodn\u00e9ho ve\u013etrhu cvi\u010dn\u00fdch firiem Slovensko 2025 (MVCF)<\/strong>, ktor\u00fd sa uskuto\u010dn\u00ed <strong data-start=\"285\" data-end=\"364\">26. \u2013 27. novembra v Peugeot ar\u00e9ne N\u00e1rodn\u00e9ho tenisov\u00e9ho centra v Bratislave<\/strong>.<\/p>\n<p data-start=\"369\" data-end=\"529\">Tohtoro\u010dn\u00fd ve\u013etrh nesie t\u00e9mu <strong data-start=\"398\" data-end=\"425\">\u201ePodnikanie s poslan\u00edm\u201c<\/strong> \u2013 zameriame sa na rie\u0161enie spolo\u010densk\u00fdch v\u00fdziev prostredn\u00edctvom inovat\u00edvnych podnikate\u013esk\u00fdch n\u00e1padov.<\/p>\n<p data-start=\"531\" data-end=\"562\"><strong data-start=\"534\" data-end=\"560\">Pre\u010do sa oplat\u00ed pr\u00eds\u0165?<\/strong><\/p>\n<ul data-start=\"563\" data-end=\"897\">\n<li data-start=\"563\" data-end=\"668\">\n<p data-start=\"565\" data-end=\"668\">jedine\u010dn\u00e1 mo\u017enos\u0165 pre \u017eiakov a \u0161tudentov zo Slovenska i zo zahrani\u010dia vysk\u00fa\u0161a\u0165 si podnikanie v praxi,<\/p>\n<\/li>\n<li data-start=\"563\" data-end=\"668\">\n<p data-start=\"565\" data-end=\"668\">pr\u00edle\u017eitos\u0165 z\u00edska\u0165 sk\u00fasenosti, kontakty a partnersk\u00e9 vz\u0165ahy,<\/p>\n<\/li>\n<li data-start=\"734\" data-end=\"812\">\n<p data-start=\"736\" data-end=\"812\">mo\u017enos\u0165 prezentova\u0165 sa v cudzom jazyku a komunikova\u0165 s re\u00e1lnymi partnermi,<\/p>\n<\/li>\n<li data-start=\"813\" data-end=\"897\">\n<p data-start=\"815\" data-end=\"897\">priestor pre rozvoj podnikate\u013esk\u00e9ho vzdel\u00e1vania prostredn\u00edctvom cvi\u010dn\u00fdch firiem.<\/p>\n<\/li>\n<\/ul>\n<p data-start=\"899\" data-end=\"1315\"><strong data-start=\"902\" data-end=\"933\">S\u00fa\u0165a\u017ee a sprievodn\u00fd program<\/strong><br data-start=\"933\" data-end=\"936\" \/>Aj tento rok sa m\u00f4\u017eete te\u0161i\u0165 na atrakt\u00edvne s\u00fa\u0165a\u017ee \u2013 hodnotenie imid\u017eu st\u00e1nku, ktor\u00e9 zah\u0155\u0148a katal\u00f3g, logo, slogan a vizitku, s\u00fa\u0165a\u017e <strong data-start=\"1054\" data-end=\"1074\">E-prezent\u00e1cia CF<\/strong>, <strong data-start=\"1076\" data-end=\"1114\">\u201e90 sek\u00fand vo v\u00fd\u0165ahu\u201c v angli\u010dtine<\/strong>, ocenenie v kateg\u00f3ri\u00e1ch <strong data-start=\"1145\" data-end=\"1178\">Zodpovedn\u00e1 a udr\u017eate\u013en\u00e1 firma<\/strong> \u010di <strong data-start=\"1182\" data-end=\"1225\">najlep\u0161ia reprezentantka a reprezentant<\/strong>. Absol\u00fatnym v\u00ed\u0165azom sa stane cvi\u010dn\u00e1 firma s najvy\u0161\u0161\u00edm po\u010dtom bodov naprie\u010d kateg\u00f3riami.<\/p>\n<p data-start=\"1317\" data-end=\"1413\">Okrem toho v\u00e1s \u010dakaj\u00fa <strong data-start=\"1339\" data-end=\"1387\">interakt\u00edvne podujatia, predn\u00e1\u0161ky a semin\u00e1re<\/strong> so zauj\u00edmav\u00fdmi hos\u0165ami.<\/p>\n<p data-start=\"1415\" data-end=\"1462\"><strong data-start=\"1418\" data-end=\"1460\">Prihl\u00e1\u0161ku n\u00e1jdete tu:<\/strong><\/p>\n<p>SK prihlasovac\u00ed formul\u00e1r:\u00a0<a href=\"https:\/\/forms.gle\/p7GhUs5kZKVBaABK7\">https:\/\/forms.gle\/p7GhUs5kZKVBaABK7<\/a><\/p>\n<p>EN prihlasovac\u00ed formul\u00e1r:\u00a0<a href=\"https:\/\/forms.gle\/ZvLcAszFLMSUvkhr5\">https:\/\/forms.gle\/ZvLcAszFLMSUvkhr5<\/a><\/p>\n<p data-start=\"1464\" data-end=\"1608\">Srde\u010dne poz\u00fdvame v\u0161etk\u00fdch \u2013 \u00fa\u010dastn\u00edkov, prezentuj\u00facich, partnerov aj n\u00e1v\u0161tevn\u00edkov \u2013 na <strong data-start=\"1551\" data-end=\"1606\">Medzin\u00e1rodn\u00fd ve\u013etrh cvi\u010dn\u00fdch firiem Slovensko 2025.<\/strong><\/p>","protected":false},"excerpt":{"rendered":"<p>\u0160t\u00e1tny in\u0161tit\u00fat odborn\u00e9ho vzdel\u00e1vania poz\u00fdva na 27. ro\u010dn\u00edk Medzin\u00e1rodn\u00e9ho ve\u013etrhu cvi\u010dn\u00fdch firiem Slovensko 2025 (MVCF), ktor\u00fd sa uskuto\u010dn\u00ed 26. \u2013 27. novembra v Peugeot ar\u00e9ne N\u00e1rodn\u00e9ho tenisov\u00e9ho centra v Bratislave. Tohtoro\u010dn\u00fd ve\u013etrh nesie t\u00e9mu \u201ePodnikanie s poslan\u00edm\u201c \u2013 zameriame sa na rie\u0161enie spolo\u010densk\u00fdch v\u00fdziev prostredn\u00edctvom inovat\u00edvnych podnikate\u013esk\u00fdch n\u00e1padov. Pre\u010do sa oplat\u00ed pr\u00eds\u0165? jedine\u010dn\u00e1 mo\u017enos\u0165 pre [&hellip;]<\/p>\n","protected":false},"author":11,"featured_media":20872,"comment_status":"closed","ping_status":"closed","sticky":false,"template":"","format":"standard","meta":{"site-sidebar-layout":"default","site-content-layout":"","ast-site-content-layout":"default","site-content-style":"default","site-sidebar-style":"default","ast-global-header-display":"","ast-banner-title-visibility":"","ast-main-header-display":"","ast-hfb-above-header-display":"","ast-hfb-below-header-display":"","ast-hfb-mobile-header-display":"","site-post-title":"","ast-breadcrumbs-content":"","ast-featured-img":"","footer-sml-layout":"","ast-disable-related-posts":"","theme-transparent-header-meta":"default","adv-header-id-meta":"","stick-header-meta":"default","header-above-stick-meta":"","header-main-stick-meta":"","header-below-stick-meta":"","astra-migrate-meta-layouts":"set","ast-page-background-enabled":"default","ast-page-background-meta":{"desktop":{"background-color":"var(--ast-global-color-4)","background-image":"","background-repeat":"repeat","background-position":"center center","background-size":"auto","background-attachment":"scroll","background-type":"","background-media":"","overlay-type":"","overlay-color":"","overlay-opacity":"","overlay-gradient":""},"tablet":{"background-color":"","background-image":"","background-repeat":"repeat","background-position":"center center","background-size":"auto","background-attachment":"scroll","background-type":"","background-media":"","overlay-type":"","overlay-color":"","overlay-opacity":"","overlay-gradient":""},"mobile":{"background-color":"","background-image":"","background-repeat":"repeat","background-position":"center center","background-size":"auto","background-attachment":"scroll","background-type":"","background-media":"","overlay-type":"","overlay-color":"","overlay-opacity":"","overlay-gradient":""}},"ast-content-background-meta":{"desktop":{"background-color":"var(--ast-global-color-5)","background-image":"","background-repeat":"repeat","background-position":"center center","background-size":"auto","background-attachment":"scroll","background-type":"","background-media":"","overlay-type":"","overlay-color":"","overlay-opacity":"","overlay-gradient":""},"tablet":{"background-color":"var(--ast-global-color-5)","background-image":"","background-repeat":"repeat","background-position":"center center","background-size":"auto","background-attachment":"scroll","background-type":"","background-media":"","overlay-type":"","overlay-color":"","overlay-opacity":"","overlay-gradient":""},"mobile":{"background-color":"var(--ast-global-color-5)","background-image":"","background-repeat":"repeat","background-position":"center center","background-size":"auto","background-attachment":"scroll","background-type":"","background-media":"","overlay-type":"","overlay-color":"","overlay-opacity":"","overlay-gradient":""}},"footnotes":""},"categories":[1],"tags":[],"class_list":["post-20866","post","type-post","status-publish","format-standard","has-post-thumbnail","hentry","category-aktuality"],"yoast_head":"<!-- This site is optimized with the Yoast SEO plugin v27.5 - https:\/\/yoast.com\/product\/yoast-seo-wordpress\/ -->\n<title>Podnikanie s poslan\u00edm \u2013 t\u00e9ma 27. ro\u010dn\u00edka Medzin\u00e1rodn\u00e9ho ve\u013etrhu cvi\u010dn\u00fdch firiem Slovensko 2025 - \u0160IOV - \u0161t\u00e1tny in\u0161tit\u00fat odborn\u00e9ho vzdel\u00e1vania<\/title>\n<meta name=\"robots\" content=\"index, follow, max-snippet:-1, max-image-preview:large, max-video-preview:-1\" \/>\n<link rel=\"canonical\" href=\"https:\/\/archiv.siov.sk\/en\/podnikanie-s-poslanim-tema-27-rocnika-medzinarodneho-veltrhu-cvicnych-firiem-slovensko-2025\/\" \/>\n<meta property=\"og:locale\" content=\"en_GB\" \/>\n<meta property=\"og:type\" content=\"article\" \/>\n<meta property=\"og:title\" content=\"Podnikanie s poslan\u00edm \u2013 t\u00e9ma 27. ro\u010dn\u00edka Medzin\u00e1rodn\u00e9ho ve\u013etrhu cvi\u010dn\u00fdch firiem Slovensko 2025 - \u0160IOV - \u0161t\u00e1tny in\u0161tit\u00fat odborn\u00e9ho vzdel\u00e1vania\" \/>\n<meta property=\"og:description\" content=\"\u0160t\u00e1tny in\u0161tit\u00fat odborn\u00e9ho vzdel\u00e1vania poz\u00fdva na 27. ro\u010dn\u00edk Medzin\u00e1rodn\u00e9ho ve\u013etrhu cvi\u010dn\u00fdch firiem Slovensko 2025 (MVCF), ktor\u00fd sa uskuto\u010dn\u00ed 26. \u2013 27. novembra v Peugeot ar\u00e9ne N\u00e1rodn\u00e9ho tenisov\u00e9ho centra v Bratislave. Tohtoro\u010dn\u00fd ve\u013etrh nesie t\u00e9mu \u201ePodnikanie s poslan\u00edm\u201c \u2013 zameriame sa na rie\u0161enie spolo\u010densk\u00fdch v\u00fdziev prostredn\u00edctvom inovat\u00edvnych podnikate\u013esk\u00fdch n\u00e1padov. Pre\u010do sa oplat\u00ed pr\u00eds\u0165? jedine\u010dn\u00e1 mo\u017enos\u0165 pre [&hellip;]\" \/>\n<meta property=\"og:url\" content=\"https:\/\/archiv.siov.sk\/en\/podnikanie-s-poslanim-tema-27-rocnika-medzinarodneho-veltrhu-cvicnych-firiem-slovensko-2025\/\" \/>\n<meta property=\"og:site_name\" content=\"\u0160IOV - \u0161t\u00e1tny in\u0161tit\u00fat odborn\u00e9ho vzdel\u00e1vania\" \/>\n<meta property=\"article:publisher\" content=\"https:\/\/www.facebook.com\/Statnyinstitutodbornehovzdelavania\" \/>\n<meta property=\"article:published_time\" content=\"2025-09-08T09:06:06+00:00\" \/>\n<meta property=\"article:modified_time\" content=\"2025-10-17T08:32:30+00:00\" \/>\n<meta property=\"og:image\" content=\"https:\/\/archiv.siov.sk\/wp-content\/uploads\/2025\/09\/obr.-cestaprofika.sk-3.jpg\" \/>\n\t<meta property=\"og:image:width\" content=\"2560\" \/>\n\t<meta property=\"og:image:height\" content=\"925\" \/>\n\t<meta property=\"og:image:type\" content=\"image\/jpeg\" \/>\n<meta name=\"author\" content=\"Sylvia Hamadejova\" \/>\n<meta name=\"twitter:card\" content=\"summary_large_image\" \/>\n<meta name=\"twitter:label1\" content=\"Written by\" \/>\n\t<meta name=\"twitter:data1\" content=\"Sylvia Hamadejova\" \/>\n\t<meta name=\"twitter:label2\" content=\"Estimated reading time\" \/>\n\t<meta name=\"twitter:data2\" content=\"2 minutes\" \/>\n<script type=\"application\/ld+json\" class=\"yoast-schema-graph\">{\"@context\":\"https:\\\/\\\/schema.org\",\"@graph\":[{\"@type\":\"Article\",\"@id\":\"https:\\\/\\\/archiv.siov.sk\\\/podnikanie-s-poslanim-tema-27-rocnika-medzinarodneho-veltrhu-cvicnych-firiem-slovensko-2025\\\/#article\",\"isPartOf\":{\"@id\":\"https:\\\/\\\/archiv.siov.sk\\\/podnikanie-s-poslanim-tema-27-rocnika-medzinarodneho-veltrhu-cvicnych-firiem-slovensko-2025\\\/\"},\"author\":{\"name\":\"Sylvia Hamadejova\",\"@id\":\"https:\\\/\\\/archiv.siov.sk\\\/#\\\/schema\\\/person\\\/70de33c3c88facac4a386ef06f733b92\"},\"headline\":\"Podnikanie s poslan\u00edm \u2013 t\u00e9ma 27. ro\u010dn\u00edka Medzin\u00e1rodn\u00e9ho ve\u013etrhu cvi\u010dn\u00fdch firiem Slovensko 2025\",\"datePublished\":\"2025-09-08T09:06:06+00:00\",\"dateModified\":\"2025-10-17T08:32:30+00:00\",\"mainEntityOfPage\":{\"@id\":\"https:\\\/\\\/archiv.siov.sk\\\/podnikanie-s-poslanim-tema-27-rocnika-medzinarodneho-veltrhu-cvicnych-firiem-slovensko-2025\\\/\"},\"wordCount\":308,\"publisher\":{\"@id\":\"https:\\\/\\\/archiv.siov.sk\\\/#organization\"},\"image\":{\"@id\":\"https:\\\/\\\/archiv.siov.sk\\\/podnikanie-s-poslanim-tema-27-rocnika-medzinarodneho-veltrhu-cvicnych-firiem-slovensko-2025\\\/#primaryimage\"},\"thumbnailUrl\":\"https:\\\/\\\/archiv.siov.sk\\\/wp-content\\\/uploads\\\/2025\\\/09\\\/obr.-cestaprofika.sk-3.jpg\",\"articleSection\":[\"Aktuality\"],\"inLanguage\":\"en-GB\"},{\"@type\":\"WebPage\",\"@id\":\"https:\\\/\\\/archiv.siov.sk\\\/podnikanie-s-poslanim-tema-27-rocnika-medzinarodneho-veltrhu-cvicnych-firiem-slovensko-2025\\\/\",\"url\":\"https:\\\/\\\/archiv.siov.sk\\\/podnikanie-s-poslanim-tema-27-rocnika-medzinarodneho-veltrhu-cvicnych-firiem-slovensko-2025\\\/\",\"name\":\"Podnikanie s poslan\u00edm \u2013 t\u00e9ma 27. ro\u010dn\u00edka Medzin\u00e1rodn\u00e9ho ve\u013etrhu cvi\u010dn\u00fdch firiem Slovensko 2025 - \u0160IOV - \u0161t\u00e1tny in\u0161tit\u00fat odborn\u00e9ho vzdel\u00e1vania\",\"isPartOf\":{\"@id\":\"https:\\\/\\\/archiv.siov.sk\\\/#website\"},\"primaryImageOfPage\":{\"@id\":\"https:\\\/\\\/archiv.siov.sk\\\/podnikanie-s-poslanim-tema-27-rocnika-medzinarodneho-veltrhu-cvicnych-firiem-slovensko-2025\\\/#primaryimage\"},\"image\":{\"@id\":\"https:\\\/\\\/archiv.siov.sk\\\/podnikanie-s-poslanim-tema-27-rocnika-medzinarodneho-veltrhu-cvicnych-firiem-slovensko-2025\\\/#primaryimage\"},\"thumbnailUrl\":\"https:\\\/\\\/archiv.siov.sk\\\/wp-content\\\/uploads\\\/2025\\\/09\\\/obr.-cestaprofika.sk-3.jpg\",\"datePublished\":\"2025-09-08T09:06:06+00:00\",\"dateModified\":\"2025-10-17T08:32:30+00:00\",\"breadcrumb\":{\"@id\":\"https:\\\/\\\/archiv.siov.sk\\\/podnikanie-s-poslanim-tema-27-rocnika-medzinarodneho-veltrhu-cvicnych-firiem-slovensko-2025\\\/#breadcrumb\"},\"inLanguage\":\"en-GB\",\"potentialAction\":[{\"@type\":\"ReadAction\",\"target\":[\"https:\\\/\\\/archiv.siov.sk\\\/podnikanie-s-poslanim-tema-27-rocnika-medzinarodneho-veltrhu-cvicnych-firiem-slovensko-2025\\\/\"]}]},{\"@type\":\"ImageObject\",\"inLanguage\":\"en-GB\",\"@id\":\"https:\\\/\\\/archiv.siov.sk\\\/podnikanie-s-poslanim-tema-27-rocnika-medzinarodneho-veltrhu-cvicnych-firiem-slovensko-2025\\\/#primaryimage\",\"url\":\"https:\\\/\\\/archiv.siov.sk\\\/wp-content\\\/uploads\\\/2025\\\/09\\\/obr.-cestaprofika.sk-3.jpg\",\"contentUrl\":\"https:\\\/\\\/archiv.siov.sk\\\/wp-content\\\/uploads\\\/2025\\\/09\\\/obr.-cestaprofika.sk-3.jpg\",\"width\":2560,\"height\":925},{\"@type\":\"BreadcrumbList\",\"@id\":\"https:\\\/\\\/archiv.siov.sk\\\/podnikanie-s-poslanim-tema-27-rocnika-medzinarodneho-veltrhu-cvicnych-firiem-slovensko-2025\\\/#breadcrumb\",\"itemListElement\":[{\"@type\":\"ListItem\",\"position\":1,\"name\":\"Home\",\"item\":\"https:\\\/\\\/archiv.siov.sk\\\/\"},{\"@type\":\"ListItem\",\"position\":2,\"name\":\"Podnikanie s poslan\u00edm \u2013 t\u00e9ma 27. ro\u010dn\u00edka Medzin\u00e1rodn\u00e9ho ve\u013etrhu cvi\u010dn\u00fdch firiem Slovensko 2025\"}]},{\"@type\":\"WebSite\",\"@id\":\"https:\\\/\\\/archiv.siov.sk\\\/#website\",\"url\":\"https:\\\/\\\/archiv.siov.sk\\\/\",\"name\":\"\u0160IOV - \u0161t\u00e1tny in\u0161tit\u00fat odborn\u00e9ho vzdel\u00e1vania\",\"description\":\"\",\"publisher\":{\"@id\":\"https:\\\/\\\/archiv.siov.sk\\\/#organization\"},\"potentialAction\":[{\"@type\":\"SearchAction\",\"target\":{\"@type\":\"EntryPoint\",\"urlTemplate\":\"https:\\\/\\\/archiv.siov.sk\\\/?s={search_term_string}\"},\"query-input\":{\"@type\":\"PropertyValueSpecification\",\"valueRequired\":true,\"valueName\":\"search_term_string\"}}],\"inLanguage\":\"en-GB\"},{\"@type\":\"Organization\",\"@id\":\"https:\\\/\\\/archiv.siov.sk\\\/#organization\",\"name\":\"\u0160IOV - \u0161t\u00e1tny in\u0161tit\u00fat odborn\u00e9ho vzdel\u00e1vania\",\"url\":\"https:\\\/\\\/archiv.siov.sk\\\/\",\"logo\":{\"@type\":\"ImageObject\",\"inLanguage\":\"en-GB\",\"@id\":\"https:\\\/\\\/archiv.siov.sk\\\/#\\\/schema\\\/logo\\\/image\\\/\",\"url\":\"https:\\\/\\\/archiv.siov.sk\\\/wp-content\\\/uploads\\\/2024\\\/02\\\/logo-SIOV.png\",\"contentUrl\":\"https:\\\/\\\/archiv.siov.sk\\\/wp-content\\\/uploads\\\/2024\\\/02\\\/logo-SIOV.png\",\"width\":431,\"height\":143,\"caption\":\"\u0160IOV - \u0161t\u00e1tny in\u0161tit\u00fat odborn\u00e9ho vzdel\u00e1vania\"},\"image\":{\"@id\":\"https:\\\/\\\/archiv.siov.sk\\\/#\\\/schema\\\/logo\\\/image\\\/\"},\"sameAs\":[\"https:\\\/\\\/www.facebook.com\\\/Statnyinstitutodbornehovzdelavania\"]},{\"@type\":\"Person\",\"@id\":\"https:\\\/\\\/archiv.siov.sk\\\/#\\\/schema\\\/person\\\/70de33c3c88facac4a386ef06f733b92\",\"name\":\"Sylvia Hamadejova\",\"url\":\"https:\\\/\\\/archiv.siov.sk\\\/en\\\/author\\\/hamadejovas\\\/\"}]}<\/script>\n<!-- \/ Yoast SEO plugin. -->","yoast_head_json":{"title":"Podnikanie s poslan\u00edm \u2013 t\u00e9ma 27. ro\u010dn\u00edka Medzin\u00e1rodn\u00e9ho ve\u013etrhu cvi\u010dn\u00fdch firiem Slovensko 2025 - \u0160IOV - \u0161t\u00e1tny in\u0161tit\u00fat odborn\u00e9ho vzdel\u00e1vania","robots":{"index":"index","follow":"follow","max-snippet":"max-snippet:-1","max-image-preview":"max-image-preview:large","max-video-preview":"max-video-preview:-1"},"canonical":"https:\/\/archiv.siov.sk\/en\/podnikanie-s-poslanim-tema-27-rocnika-medzinarodneho-veltrhu-cvicnych-firiem-slovensko-2025\/","og_locale":"en_GB","og_type":"article","og_title":"Podnikanie s poslan\u00edm \u2013 t\u00e9ma 27. ro\u010dn\u00edka Medzin\u00e1rodn\u00e9ho ve\u013etrhu cvi\u010dn\u00fdch firiem Slovensko 2025 - \u0160IOV - \u0161t\u00e1tny in\u0161tit\u00fat odborn\u00e9ho vzdel\u00e1vania","og_description":"\u0160t\u00e1tny in\u0161tit\u00fat odborn\u00e9ho vzdel\u00e1vania poz\u00fdva na 27. ro\u010dn\u00edk Medzin\u00e1rodn\u00e9ho ve\u013etrhu cvi\u010dn\u00fdch firiem Slovensko 2025 (MVCF), ktor\u00fd sa uskuto\u010dn\u00ed 26. \u2013 27. novembra v Peugeot ar\u00e9ne N\u00e1rodn\u00e9ho tenisov\u00e9ho centra v Bratislave. Tohtoro\u010dn\u00fd ve\u013etrh nesie t\u00e9mu \u201ePodnikanie s poslan\u00edm\u201c \u2013 zameriame sa na rie\u0161enie spolo\u010densk\u00fdch v\u00fdziev prostredn\u00edctvom inovat\u00edvnych podnikate\u013esk\u00fdch n\u00e1padov. Pre\u010do sa oplat\u00ed pr\u00eds\u0165? jedine\u010dn\u00e1 mo\u017enos\u0165 pre [&hellip;]","og_url":"https:\/\/archiv.siov.sk\/en\/podnikanie-s-poslanim-tema-27-rocnika-medzinarodneho-veltrhu-cvicnych-firiem-slovensko-2025\/","og_site_name":"\u0160IOV - \u0161t\u00e1tny in\u0161tit\u00fat odborn\u00e9ho vzdel\u00e1vania","article_publisher":"https:\/\/www.facebook.com\/Statnyinstitutodbornehovzdelavania","article_published_time":"2025-09-08T09:06:06+00:00","article_modified_time":"2025-10-17T08:32:30+00:00","og_image":[{"width":2560,"height":925,"url":"https:\/\/archiv.siov.sk\/wp-content\/uploads\/2025\/09\/obr.-cestaprofika.sk-3.jpg","type":"image\/jpeg"}],"author":"Sylvia Hamadejova","twitter_card":"summary_large_image","twitter_misc":{"Written by":"Sylvia Hamadejova","Estimated reading time":"2 minutes"},"schema":{"@context":"https:\/\/schema.org","@graph":[{"@type":"Article","@id":"https:\/\/archiv.siov.sk\/podnikanie-s-poslanim-tema-27-rocnika-medzinarodneho-veltrhu-cvicnych-firiem-slovensko-2025\/#article","isPartOf":{"@id":"https:\/\/archiv.siov.sk\/podnikanie-s-poslanim-tema-27-rocnika-medzinarodneho-veltrhu-cvicnych-firiem-slovensko-2025\/"},"author":{"name":"Sylvia Hamadejova","@id":"https:\/\/archiv.siov.sk\/#\/schema\/person\/70de33c3c88facac4a386ef06f733b92"},"headline":"Podnikanie s poslan\u00edm \u2013 t\u00e9ma 27. ro\u010dn\u00edka Medzin\u00e1rodn\u00e9ho ve\u013etrhu cvi\u010dn\u00fdch firiem Slovensko 2025","datePublished":"2025-09-08T09:06:06+00:00","dateModified":"2025-10-17T08:32:30+00:00","mainEntityOfPage":{"@id":"https:\/\/archiv.siov.sk\/podnikanie-s-poslanim-tema-27-rocnika-medzinarodneho-veltrhu-cvicnych-firiem-slovensko-2025\/"},"wordCount":308,"publisher":{"@id":"https:\/\/archiv.siov.sk\/#organization"},"image":{"@id":"https:\/\/archiv.siov.sk\/podnikanie-s-poslanim-tema-27-rocnika-medzinarodneho-veltrhu-cvicnych-firiem-slovensko-2025\/#primaryimage"},"thumbnailUrl":"https:\/\/archiv.siov.sk\/wp-content\/uploads\/2025\/09\/obr.-cestaprofika.sk-3.jpg","articleSection":["Aktuality"],"inLanguage":"en-GB"},{"@type":"WebPage","@id":"https:\/\/archiv.siov.sk\/podnikanie-s-poslanim-tema-27-rocnika-medzinarodneho-veltrhu-cvicnych-firiem-slovensko-2025\/","url":"https:\/\/archiv.siov.sk\/podnikanie-s-poslanim-tema-27-rocnika-medzinarodneho-veltrhu-cvicnych-firiem-slovensko-2025\/","name":"Podnikanie s poslan\u00edm \u2013 t\u00e9ma 27. ro\u010dn\u00edka Medzin\u00e1rodn\u00e9ho ve\u013etrhu cvi\u010dn\u00fdch firiem Slovensko 2025 - \u0160IOV - \u0161t\u00e1tny in\u0161tit\u00fat odborn\u00e9ho vzdel\u00e1vania","isPartOf":{"@id":"https:\/\/archiv.siov.sk\/#website"},"primaryImageOfPage":{"@id":"https:\/\/archiv.siov.sk\/podnikanie-s-poslanim-tema-27-rocnika-medzinarodneho-veltrhu-cvicnych-firiem-slovensko-2025\/#primaryimage"},"image":{"@id":"https:\/\/archiv.siov.sk\/podnikanie-s-poslanim-tema-27-rocnika-medzinarodneho-veltrhu-cvicnych-firiem-slovensko-2025\/#primaryimage"},"thumbnailUrl":"https:\/\/archiv.siov.sk\/wp-content\/uploads\/2025\/09\/obr.-cestaprofika.sk-3.jpg","datePublished":"2025-09-08T09:06:06+00:00","dateModified":"2025-10-17T08:32:30+00:00","breadcrumb":{"@id":"https:\/\/archiv.siov.sk\/podnikanie-s-poslanim-tema-27-rocnika-medzinarodneho-veltrhu-cvicnych-firiem-slovensko-2025\/#breadcrumb"},"inLanguage":"en-GB","potentialAction":[{"@type":"ReadAction","target":["https:\/\/archiv.siov.sk\/podnikanie-s-poslanim-tema-27-rocnika-medzinarodneho-veltrhu-cvicnych-firiem-slovensko-2025\/"]}]},{"@type":"ImageObject","inLanguage":"en-GB","@id":"https:\/\/archiv.siov.sk\/podnikanie-s-poslanim-tema-27-rocnika-medzinarodneho-veltrhu-cvicnych-firiem-slovensko-2025\/#primaryimage","url":"https:\/\/archiv.siov.sk\/wp-content\/uploads\/2025\/09\/obr.-cestaprofika.sk-3.jpg","contentUrl":"https:\/\/archiv.siov.sk\/wp-content\/uploads\/2025\/09\/obr.-cestaprofika.sk-3.jpg","width":2560,"height":925},{"@type":"BreadcrumbList","@id":"https:\/\/archiv.siov.sk\/podnikanie-s-poslanim-tema-27-rocnika-medzinarodneho-veltrhu-cvicnych-firiem-slovensko-2025\/#breadcrumb","itemListElement":[{"@type":"ListItem","position":1,"name":"Home","item":"https:\/\/archiv.siov.sk\/"},{"@type":"ListItem","position":2,"name":"Podnikanie s poslan\u00edm \u2013 t\u00e9ma 27. ro\u010dn\u00edka Medzin\u00e1rodn\u00e9ho ve\u013etrhu cvi\u010dn\u00fdch firiem Slovensko 2025"}]},{"@type":"WebSite","@id":"https:\/\/archiv.siov.sk\/#website","url":"https:\/\/archiv.siov.sk\/","name":"\u0160IOV - \u0161t\u00e1tny in\u0161tit\u00fat odborn\u00e9ho vzdel\u00e1vania","description":"","publisher":{"@id":"https:\/\/archiv.siov.sk\/#organization"},"potentialAction":[{"@type":"SearchAction","target":{"@type":"EntryPoint","urlTemplate":"https:\/\/archiv.siov.sk\/?s={search_term_string}"},"query-input":{"@type":"PropertyValueSpecification","valueRequired":true,"valueName":"search_term_string"}}],"inLanguage":"en-GB"},{"@type":"Organization","@id":"https:\/\/archiv.siov.sk\/#organization","name":"\u0160IOV - \u0161t\u00e1tny in\u0161tit\u00fat odborn\u00e9ho vzdel\u00e1vania","url":"https:\/\/archiv.siov.sk\/","logo":{"@type":"ImageObject","inLanguage":"en-GB","@id":"https:\/\/archiv.siov.sk\/#\/schema\/logo\/image\/","url":"https:\/\/archiv.siov.sk\/wp-content\/uploads\/2024\/02\/logo-SIOV.png","contentUrl":"https:\/\/archiv.siov.sk\/wp-content\/uploads\/2024\/02\/logo-SIOV.png","width":431,"height":143,"caption":"\u0160IOV - \u0161t\u00e1tny in\u0161tit\u00fat odborn\u00e9ho vzdel\u00e1vania"},"image":{"@id":"https:\/\/archiv.siov.sk\/#\/schema\/logo\/image\/"},"sameAs":["https:\/\/www.facebook.com\/Statnyinstitutodbornehovzdelavania"]},{"@type":"Person","@id":"https:\/\/archiv.siov.sk\/#\/schema\/person\/70de33c3c88facac4a386ef06f733b92","name":"Sylvia Hamadejova","url":"https:\/\/archiv.siov.sk\/en\/author\/hamadejovas\/"}]}},"_links":{"self":[{"href":"https:\/\/archiv.siov.sk\/en\/wp-json\/wp\/v2\/posts\/20866","targetHints":{"allow":["GET"]}}],"collection":[{"href":"https:\/\/archiv.siov.sk\/en\/wp-json\/wp\/v2\/posts"}],"about":[{"href":"https:\/\/archiv.siov.sk\/en\/wp-json\/wp\/v2\/types\/post"}],"author":[{"embeddable":true,"href":"https:\/\/archiv.siov.sk\/en\/wp-json\/wp\/v2\/users\/11"}],"replies":[{"embeddable":true,"href":"https:\/\/archiv.siov.sk\/en\/wp-json\/wp\/v2\/comments?post=20866"}],"version-history":[{"count":8,"href":"https:\/\/archiv.siov.sk\/en\/wp-json\/wp\/v2\/posts\/20866\/revisions"}],"predecessor-version":[{"id":21533,"href":"https:\/\/archiv.siov.sk\/en\/wp-json\/wp\/v2\/posts\/20866\/revisions\/21533"}],"wp:featuredmedia":[{"embeddable":true,"href":"https:\/\/archiv.siov.sk\/en\/wp-json\/wp\/v2\/media\/20872"}],"wp:attachment":[{"href":"https:\/\/archiv.siov.sk\/en\/wp-json\/wp\/v2\/media?parent=20866"}],"wp:term":[{"taxonomy":"category","embeddable":true,"href":"https:\/\/archiv.siov.sk\/en\/wp-json\/wp\/v2\/categories?post=20866"},{"taxonomy":"post_tag","embeddable":true,"href":"https:\/\/archiv.siov.sk\/en\/wp-json\/wp\/v2\/tags?post=20866"}],"curies":[{"name":"wp","href":"https:\/\/api.w.org\/{rel}","templated":true}]}}