{"id":20828,"date":"2025-09-05T19:56:07","date_gmt":"2025-09-05T17:56:07","guid":{"rendered":"https:\/\/archiv.siov.sk\/?p=20828"},"modified":"2025-09-08T09:35:06","modified_gmt":"2025-09-08T07:35:06","slug":"memoranda-zamerane-na-modernizaciu-odborneho-vzdelavania-a-nove-prilezitosti-pre-mladych-v-troch-klucovych-sektoroch-slovenskej-ekonomiky","status":"publish","type":"post","link":"https:\/\/archiv.siov.sk\/en\/memoranda-zamerane-na-modernizaciu-odborneho-vzdelavania-a-nove-prilezitosti-pre-mladych-v-troch-klucovych-sektoroch-slovenskej-ekonomiky\/","title":{"rendered":"Memorand\u00e1 zameran\u00e9 na moderniz\u00e1ciu odborn\u00e9ho vzdel\u00e1vania a nov\u00e9 pr\u00edle\u017eitosti pre mlad\u00fdch v troch k\u013e\u00fa\u010dov\u00fdch sektoroch slovenskej ekonomiky"},"content":{"rendered":"<div data-elementor-type=\"wp-post\" data-elementor-id=\"20828\" class=\"elementor elementor-20828\" data-elementor-post-type=\"post\">\n\t\t\t\t<div class=\"elementor-element elementor-element-38d1ce15 e-flex e-con-boxed e-con e-parent\" data-id=\"38d1ce15\" data-element_type=\"container\" data-e-type=\"container\">\n\t\t\t\t\t<div class=\"e-con-inner\">\n\t\t\t\t<div class=\"elementor-element elementor-element-15834d9a elementor-widget elementor-widget-text-editor\" data-id=\"15834d9a\" data-element_type=\"widget\" data-e-type=\"widget\" data-widget_type=\"text-editor.default\">\n\t\t\t\t<div class=\"elementor-widget-container\">\n\t\t\t\t\t\t\t\t\t<p><strong>Prv\u00fd t\u00fd\u017ede\u0148 \u0161kolsk\u00e9ho roka priniesol podpis dvoch nov\u00fdch memor\u00e1nd so sektormi po\u013enohospod\u00e1rstva a potravin\u00e1rstva, ktor\u00e9 nadv\u00e4zuj\u00fa na minul\u00fd t\u00fd\u017ede\u0148 uzavret\u00e9 memorandum so stavebn\u00fdm sektorom.<\/strong><\/p><p>T\u00e1to iniciat\u00edva <strong>\u0160t\u00e1tneho in\u0161tit\u00fatu odborn\u00e9ho vzdel\u00e1vania (\u0160IOV)<\/strong> prep\u00e1ja stredn\u00e9 odborn\u00e9 \u0161koly, zamestn\u00e1vate\u013eov a stavovsk\u00e9 organiz\u00e1cie v k\u013e\u00fa\u010dov\u00fdch sektoroch slovenskej ekonomiky, ktor\u00e9 z\u00e1pasia s nedostatkom mlad\u00fdch odborn\u00edkov, no z\u00e1rove\u0148 pon\u00fakaj\u00fa priestor pre inov\u00e1cie a modern\u00e9 formy vzdel\u00e1vania prepojen\u00e9 s trad\u00edciou remesla. Memorand\u00e1 sa uzatv\u00e1raj\u00fa na obdobie do 31. decembra 2028 s cie\u013eom prinies\u0165 inovat\u00edvne impulzy do odborn\u00e9ho vzdel\u00e1vania a jeho prepojenie s realitou trhu pr\u00e1ce, \u010d\u00edm podporuj\u00fa udr\u017eate\u013en\u00fa zmenu v sektore.<\/p><p>V r\u00e1mci projektu <a href=\"https:\/\/cestaprofika.sk\/\" target=\"_blank\" rel=\"noopener\"><em>\u201eZlep\u0161enie kvality a atrakt\u00edvnosti odborn\u00e9ho vzdel\u00e1vania a pr\u00edpravy v s\u00falade s potrebami trhu pr\u00e1ce\u201c<\/em><\/a>, realizovan\u00e9ho cez <a href=\"https:\/\/swiss-contribution.sk\/\" target=\"_blank\" rel=\"noopener\">Program \u0161vaj\u010diarsko-slovenskej spolupr\u00e1ce<\/a>, sa pod dohodu so \u0160IOV v stavebnom sektore podp\u00edsali <a href=\"https:\/\/www.zsps.sk\/web\/\" target=\"_blank\" rel=\"noopener\">Zv\u00e4z stavebn\u00fdch podnikate\u013eov Slovenska (ZSPS)<\/a>, <a href=\"https:\/\/www.ruzsr.sk\/sk\/\" target=\"_blank\" rel=\"noopener\">Republikov\u00e1 \u00fania zamestn\u00e1vate\u013eov<\/a>, <a href=\"https:\/\/www.szk.sk\/\" target=\"_blank\" rel=\"noopener\">Slovensk\u00e1 \u017eivnostensk\u00e1 komora<\/a> a tri odborn\u00e9 \u0161koly: <a href=\"https:\/\/sostar.sk\/\" target=\"_blank\" rel=\"noopener\">SO\u0160 technol\u00f3gi\u00ed a remesiel Bratislava<\/a>, <a href=\"https:\/\/www.sospb.sk\/\" target=\"_blank\" rel=\"noopener\">SO\u0160 remesiel Pova\u017esk\u00e1 Bystrica<\/a> a <a href=\"https:\/\/www.soskuke.sk\/\" target=\"_blank\" rel=\"noopener\">SO\u0160 technick\u00e1 Ko\u0161ice<\/a>.<\/p><p>V sektore po\u013enohospod\u00e1rstva sa do spolupr\u00e1ce so \u0160IOV zapojili AGROMA\u010cAJ a.s., <a href=\"https:\/\/www.sppk.sk\/uvod\" target=\"_blank\" rel=\"noopener\">Slovensk\u00e1 po\u013enohospod\u00e1rska a potravin\u00e1rska komora<\/a>, Slovensk\u00e1 \u017eivnostensk\u00e1 komora a <a href=\"https:\/\/sostechga.edupage.org\/\" target=\"_blank\" rel=\"noopener\">SO\u0160 technick\u00e1 Galanta<\/a>. V potravin\u00e1rskom sektore \u0160IOV spolupracuje s <a href=\"https:\/\/www.penam.sk\/\" target=\"_blank\" rel=\"noopener\">PENAM SLOVAKIA, a.s.<\/a>, Slovenskou po\u013enohospod\u00e1rskou a potravin\u00e1rskou komorou, Slovenskou \u017eivnostenskou komorou a <a href=\"https:\/\/sospotravinarska.edupage.org\/about\/?subpage=1\" target=\"_blank\" rel=\"noopener\">Strednou odbornou \u0161kolou potravin\u00e1rskou v Nitre<\/a>.<\/p><p>\u0160peci\u00e1lnu pozornos\u0165 v\u00a0sektore po\u013enohospod\u00e1rstva bude projekt venova\u0165 podpore nov\u00e9ho \u0161tudijn\u00e9ho odboru agromechatronik, v\u00a0ktorom sa pripravuj\u00fa bud\u00faci, dnes na trhu ve\u013emi \u017eiadan\u00ed, \u0161pecialisti na modern\u00fa po\u013enohospod\u00e1rsku techniku. \u00a0Preto \u0160IOV podp\u00edsal aj memorandum o\u00a0spolupr\u00e1ci so zdru\u017een\u00edm <a href=\"https:\/\/agrion.sk\/\" target=\"_blank\" rel=\"noreferrer noopener\" data-type=\"link\" data-id=\"https:\/\/agrion.sk\/\">AGRION &#8211; Zdru\u017eenie dod\u00e1vate\u013eov po\u013enohospod\u00e1rskej techniky<\/a>, SPPK\u00a0a 4 \u0161kolami, ktor\u00e9 na Slovensku tento odbor vyu\u010duj\u00fa: Stredn\u00e1 odborn\u00e1 \u0161kola technick\u00e1 Galanta, <a href=\"https:\/\/www.sospruske.sk\/\" target=\"_blank\" rel=\"noopener\">Stredn\u00e1 odborn\u00e1 \u0161kola Prusk\u00e9<\/a>, <a href=\"https:\/\/www.sostap.sk\/\" target=\"_blank\" rel=\"noreferrer noopener\">Stredn\u00e1 odborn\u00e1 \u0161kola technick\u00e1 a agropotravin\u00e1rska v Rimavskej Sobote<\/a>, <a href=\"https:\/\/sosmoldava.edupage.org\/\" target=\"_blank\" rel=\"noreferrer noopener\" data-type=\"link\" data-id=\"https:\/\/sosmoldava.edupage.org\/\">Gymn\u00e1zium \u0160tefana Moysesa a Stredn\u00e1 odborn\u00e1 \u0161kola agrotechnick\u00e1 &#8211; Agrotechnikai Szakk\u00f6z\u00e9piskola v Moldave nad Bodvou<\/a>.<\/p><p><em>\u201eBez prosperuj\u00faceho odborn\u00e9ho \u0161kolstva, ktor\u00e9 je priamo prepojen\u00e9 s praxou, sa \u017eiadny sektor nem\u00f4\u017ee rozv\u00edja\u0165. Tieto memorand\u00e1 s\u00fa d\u00f4kazom odhodlania \u0161kolstva, zamestn\u00e1vate\u013eov,\u00a0 podnikate\u013esk\u00fdch a\u00a0profesijn\u00fdch organiz\u00e1ci\u00ed vytvori\u0165 bud\u00facnos\u0165 zalo\u017een\u00fa na re\u00e1lnych sk\u00fasenostiach a kvalitnej pr\u00edprave odborn\u00edkov,\u201c<\/em> hovor\u00ed riadite\u013e \u0160IOV Branislav Had\u00e1r.<\/p><p><strong>Pre\u010do je iniciat\u00edva d\u00f4le\u017eit\u00e1?<\/strong><\/p><p>Podpis memor\u00e1nd e\u0161te viac prep\u00e1ja \u0161koly s praxou a umo\u017e\u0148uje \u017eiakom z\u00edskava\u0165 cenn\u00e9 sk\u00fasenosti priamo u zamestn\u00e1vate\u013eov. Memorand\u00e1 prin\u00e1\u0161aj\u00fa moderniz\u00e1ciu \u0161kolsk\u00fdch programov pod\u013ea potrieb trhu pr\u00e1ce, zvy\u0161uj\u00fa atraktivitu k\u013e\u00fa\u010dov\u00fdch sektorov \u2013 stavebn\u00edctva, potravin\u00e1rstva a po\u013enohospod\u00e1rstva \u2013 pre mlad\u00fdch \u013eud\u00ed a vytv\u00e1raj\u00fa synergick\u00e9 prepojenie medzi \u0161kolami, podnikmi a odborn\u00fdmi in\u0161tit\u00faciami.<\/p>\t\t\t\t\t\t\t\t<\/div>\n\t\t\t\t<\/div>\n\t\t\t\t\t<\/div>\n\t\t\t\t<\/div>\n\t\t<div class=\"elementor-element elementor-element-8df9473 e-flex e-con-boxed e-con e-parent\" data-id=\"8df9473\" data-element_type=\"container\" data-e-type=\"container\">\n\t\t\t\t\t<div class=\"e-con-inner\">\n\t\t\t\t<div class=\"elementor-element elementor-element-332cdfd elementor-widget elementor-widget-gallery\" data-id=\"332cdfd\" data-element_type=\"widget\" data-e-type=\"widget\" data-settings=\"{&quot;lazyload&quot;:&quot;yes&quot;,&quot;gallery_layout&quot;:&quot;grid&quot;,&quot;columns&quot;:4,&quot;columns_tablet&quot;:2,&quot;columns_mobile&quot;:1,&quot;gap&quot;:{&quot;unit&quot;:&quot;px&quot;,&quot;size&quot;:10,&quot;sizes&quot;:[]},&quot;gap_tablet&quot;:{&quot;unit&quot;:&quot;px&quot;,&quot;size&quot;:10,&quot;sizes&quot;:[]},&quot;gap_mobile&quot;:{&quot;unit&quot;:&quot;px&quot;,&quot;size&quot;:10,&quot;sizes&quot;:[]},&quot;link_to&quot;:&quot;file&quot;,&quot;aspect_ratio&quot;:&quot;3:2&quot;,&quot;overlay_background&quot;:&quot;yes&quot;,&quot;content_hover_animation&quot;:&quot;fade-in&quot;}\" data-widget_type=\"gallery.default\">\n\t\t\t\t<div class=\"elementor-widget-container\">\n\t\t\t\t\t\t\t<div class=\"elementor-gallery__container\">\n\t\t\t\t\t\t\t<a class=\"e-gallery-item elementor-gallery-item elementor-animated-content\" href=\"https:\/\/archiv.siov.sk\/wp-content\/uploads\/2025\/09\/IMG_8172-scaled.jpeg\" data-elementor-open-lightbox=\"yes\" data-elementor-lightbox-slideshow=\"332cdfd\" data-elementor-lightbox-title=\"IMG_8172\" data-e-action-hash=\"#elementor-action%3Aaction%3Dlightbox%26settings%3DeyJpZCI6MjA4MzMsInVybCI6Imh0dHBzOlwvXC9hcmNoaXYuc2lvdi5za1wvd3AtY29udGVudFwvdXBsb2Fkc1wvMjAyNVwvMDlcL0lNR184MTcyLXNjYWxlZC5qcGVnIiwic2xpZGVzaG93IjoiMzMyY2RmZCJ9\">\n\t\t\t\t\t<div class=\"e-gallery-image elementor-gallery-item__image\" data-thumbnail=\"https:\/\/archiv.siov.sk\/wp-content\/uploads\/2025\/09\/IMG_8172-225x300.jpeg\" data-width=\"225\" data-height=\"300\" aria-label=\"\" role=\"img\" ><\/div>\n\t\t\t\t\t\t\t\t\t\t\t<div class=\"elementor-gallery-item__overlay\"><\/div>\n\t\t\t\t\t\t\t\t\t\t\t\t\t\t<\/a>\n\t\t\t\t\t\t\t<a class=\"e-gallery-item elementor-gallery-item elementor-animated-content\" href=\"https:\/\/archiv.siov.sk\/wp-content\/uploads\/2025\/09\/IMG_8175-scaled.jpeg\" data-elementor-open-lightbox=\"yes\" data-elementor-lightbox-slideshow=\"332cdfd\" data-elementor-lightbox-title=\"IMG_8175\" data-e-action-hash=\"#elementor-action%3Aaction%3Dlightbox%26settings%3DeyJpZCI6MjA4MzQsInVybCI6Imh0dHBzOlwvXC9hcmNoaXYuc2lvdi5za1wvd3AtY29udGVudFwvdXBsb2Fkc1wvMjAyNVwvMDlcL0lNR184MTc1LXNjYWxlZC5qcGVnIiwic2xpZGVzaG93IjoiMzMyY2RmZCJ9\">\n\t\t\t\t\t<div class=\"e-gallery-image elementor-gallery-item__image\" data-thumbnail=\"https:\/\/archiv.siov.sk\/wp-content\/uploads\/2025\/09\/IMG_8175-225x300.jpeg\" data-width=\"225\" data-height=\"300\" aria-label=\"\" role=\"img\" ><\/div>\n\t\t\t\t\t\t\t\t\t\t\t<div class=\"elementor-gallery-item__overlay\"><\/div>\n\t\t\t\t\t\t\t\t\t\t\t\t\t\t<\/a>\n\t\t\t\t\t\t\t<a class=\"e-gallery-item elementor-gallery-item elementor-animated-content\" href=\"https:\/\/archiv.siov.sk\/wp-content\/uploads\/2025\/09\/IMG_8184-scaled.jpeg\" data-elementor-open-lightbox=\"yes\" data-elementor-lightbox-slideshow=\"332cdfd\" data-elementor-lightbox-title=\"IMG_8184\" data-e-action-hash=\"#elementor-action%3Aaction%3Dlightbox%26settings%3DeyJpZCI6MjA4MzUsInVybCI6Imh0dHBzOlwvXC9hcmNoaXYuc2lvdi5za1wvd3AtY29udGVudFwvdXBsb2Fkc1wvMjAyNVwvMDlcL0lNR184MTg0LXNjYWxlZC5qcGVnIiwic2xpZGVzaG93IjoiMzMyY2RmZCJ9\">\n\t\t\t\t\t<div class=\"e-gallery-image elementor-gallery-item__image\" data-thumbnail=\"https:\/\/archiv.siov.sk\/wp-content\/uploads\/2025\/09\/IMG_8184-300x225.jpeg\" data-width=\"300\" data-height=\"225\" aria-label=\"\" role=\"img\" ><\/div>\n\t\t\t\t\t\t\t\t\t\t\t<div class=\"elementor-gallery-item__overlay\"><\/div>\n\t\t\t\t\t\t\t\t\t\t\t\t\t\t<\/a>\n\t\t\t\t\t\t\t<a class=\"e-gallery-item elementor-gallery-item elementor-animated-content\" href=\"https:\/\/archiv.siov.sk\/wp-content\/uploads\/2025\/09\/IMG_8186-scaled.jpeg\" data-elementor-open-lightbox=\"yes\" data-elementor-lightbox-slideshow=\"332cdfd\" data-elementor-lightbox-title=\"IMG_8186\" data-e-action-hash=\"#elementor-action%3Aaction%3Dlightbox%26settings%3DeyJpZCI6MjA4MzYsInVybCI6Imh0dHBzOlwvXC9hcmNoaXYuc2lvdi5za1wvd3AtY29udGVudFwvdXBsb2Fkc1wvMjAyNVwvMDlcL0lNR184MTg2LXNjYWxlZC5qcGVnIiwic2xpZGVzaG93IjoiMzMyY2RmZCJ9\">\n\t\t\t\t\t<div class=\"e-gallery-image elementor-gallery-item__image\" data-thumbnail=\"https:\/\/archiv.siov.sk\/wp-content\/uploads\/2025\/09\/IMG_8186-300x225.jpeg\" data-width=\"300\" data-height=\"225\" aria-label=\"\" role=\"img\" ><\/div>\n\t\t\t\t\t\t\t\t\t\t\t<div class=\"elementor-gallery-item__overlay\"><\/div>\n\t\t\t\t\t\t\t\t\t\t\t\t\t\t<\/a>\n\t\t\t\t\t\t\t<a class=\"e-gallery-item elementor-gallery-item elementor-animated-content\" href=\"https:\/\/archiv.siov.sk\/wp-content\/uploads\/2025\/09\/IMG_8192-scaled.jpeg\" data-elementor-open-lightbox=\"yes\" data-elementor-lightbox-slideshow=\"332cdfd\" data-elementor-lightbox-title=\"IMG_8192\" data-e-action-hash=\"#elementor-action%3Aaction%3Dlightbox%26settings%3DeyJpZCI6MjA4MzcsInVybCI6Imh0dHBzOlwvXC9hcmNoaXYuc2lvdi5za1wvd3AtY29udGVudFwvdXBsb2Fkc1wvMjAyNVwvMDlcL0lNR184MTkyLXNjYWxlZC5qcGVnIiwic2xpZGVzaG93IjoiMzMyY2RmZCJ9\">\n\t\t\t\t\t<div class=\"e-gallery-image elementor-gallery-item__image\" data-thumbnail=\"https:\/\/archiv.siov.sk\/wp-content\/uploads\/2025\/09\/IMG_8192-225x300.jpeg\" data-width=\"225\" data-height=\"300\" aria-label=\"\" role=\"img\" ><\/div>\n\t\t\t\t\t\t\t\t\t\t\t<div class=\"elementor-gallery-item__overlay\"><\/div>\n\t\t\t\t\t\t\t\t\t\t\t\t\t\t<\/a>\n\t\t\t\t\t\t\t<a class=\"e-gallery-item elementor-gallery-item elementor-animated-content\" href=\"https:\/\/archiv.siov.sk\/wp-content\/uploads\/2025\/09\/IMG_8208-scaled.jpeg\" data-elementor-open-lightbox=\"yes\" data-elementor-lightbox-slideshow=\"332cdfd\" data-elementor-lightbox-title=\"IMG_8208\" data-e-action-hash=\"#elementor-action%3Aaction%3Dlightbox%26settings%3DeyJpZCI6MjA4MzgsInVybCI6Imh0dHBzOlwvXC9hcmNoaXYuc2lvdi5za1wvd3AtY29udGVudFwvdXBsb2Fkc1wvMjAyNVwvMDlcL0lNR184MjA4LXNjYWxlZC5qcGVnIiwic2xpZGVzaG93IjoiMzMyY2RmZCJ9\">\n\t\t\t\t\t<div class=\"e-gallery-image elementor-gallery-item__image\" data-thumbnail=\"https:\/\/archiv.siov.sk\/wp-content\/uploads\/2025\/09\/IMG_8208-225x300.jpeg\" data-width=\"225\" data-height=\"300\" aria-label=\"\" role=\"img\" ><\/div>\n\t\t\t\t\t\t\t\t\t\t\t<div class=\"elementor-gallery-item__overlay\"><\/div>\n\t\t\t\t\t\t\t\t\t\t\t\t\t\t<\/a>\n\t\t\t\t\t\t\t<a class=\"e-gallery-item elementor-gallery-item elementor-animated-content\" href=\"https:\/\/archiv.siov.sk\/wp-content\/uploads\/2025\/09\/memoranda_titulka-scaled-e1757311232871.jpeg\" data-elementor-open-lightbox=\"yes\" data-elementor-lightbox-slideshow=\"332cdfd\" data-elementor-lightbox-title=\"memoranda_titulka\" data-e-action-hash=\"#elementor-action%3Aaction%3Dlightbox%26settings%3DeyJpZCI6MjA4MzEsInVybCI6Imh0dHBzOlwvXC9hcmNoaXYuc2lvdi5za1wvd3AtY29udGVudFwvdXBsb2Fkc1wvMjAyNVwvMDlcL21lbW9yYW5kYV90aXR1bGthLXNjYWxlZC1lMTc1NzMxMTIzMjg3MS5qcGVnIiwic2xpZGVzaG93IjoiMzMyY2RmZCJ9\">\n\t\t\t\t\t<div class=\"e-gallery-image elementor-gallery-item__image\" data-thumbnail=\"https:\/\/archiv.siov.sk\/wp-content\/uploads\/2025\/09\/memoranda_titulka-scaled-e1757311232871-300x191.jpeg\" data-width=\"300\" data-height=\"191\" aria-label=\"\" role=\"img\" ><\/div>\n\t\t\t\t\t\t\t\t\t\t\t<div class=\"elementor-gallery-item__overlay\"><\/div>\n\t\t\t\t\t\t\t\t\t\t\t\t\t\t<\/a>\n\t\t\t\t\t\t\t<a class=\"e-gallery-item elementor-gallery-item elementor-animated-content\" href=\"https:\/\/archiv.siov.sk\/wp-content\/uploads\/2025\/09\/SIOV_podpis-memoranda.jpg\" data-elementor-open-lightbox=\"yes\" data-elementor-lightbox-slideshow=\"332cdfd\" data-elementor-lightbox-title=\"\u0160IOV_podpis memoranda\" data-e-action-hash=\"#elementor-action%3Aaction%3Dlightbox%26settings%3DeyJpZCI6MjA4NDEsInVybCI6Imh0dHBzOlwvXC9hcmNoaXYuc2lvdi5za1wvd3AtY29udGVudFwvdXBsb2Fkc1wvMjAyNVwvMDlcL1NJT1ZfcG9kcGlzLW1lbW9yYW5kYS5qcGciLCJzbGlkZXNob3ciOiIzMzJjZGZkIn0%3D\">\n\t\t\t\t\t<div class=\"e-gallery-image elementor-gallery-item__image\" data-thumbnail=\"https:\/\/archiv.siov.sk\/wp-content\/uploads\/2025\/09\/SIOV_podpis-memoranda-300x228.jpg\" data-width=\"300\" data-height=\"228\" aria-label=\"\" role=\"img\" ><\/div>\n\t\t\t\t\t\t\t\t\t\t\t<div class=\"elementor-gallery-item__overlay\"><\/div>\n\t\t\t\t\t\t\t\t\t\t\t\t\t\t<\/a>\n\t\t\t\t\t\t\t<a class=\"e-gallery-item elementor-gallery-item elementor-animated-content\" href=\"https:\/\/archiv.siov.sk\/wp-content\/uploads\/2025\/09\/IMG_8228-scaled.jpeg\" data-elementor-open-lightbox=\"yes\" data-elementor-lightbox-slideshow=\"332cdfd\" data-elementor-lightbox-title=\"IMG_8228\" data-e-action-hash=\"#elementor-action%3Aaction%3Dlightbox%26settings%3DeyJpZCI6MjA4NDUsInVybCI6Imh0dHBzOlwvXC9hcmNoaXYuc2lvdi5za1wvd3AtY29udGVudFwvdXBsb2Fkc1wvMjAyNVwvMDlcL0lNR184MjI4LXNjYWxlZC5qcGVnIiwic2xpZGVzaG93IjoiMzMyY2RmZCJ9\">\n\t\t\t\t\t<div class=\"e-gallery-image elementor-gallery-item__image\" data-thumbnail=\"https:\/\/archiv.siov.sk\/wp-content\/uploads\/2025\/09\/IMG_8228-225x300.jpeg\" data-width=\"225\" data-height=\"300\" aria-label=\"\" role=\"img\" ><\/div>\n\t\t\t\t\t\t\t\t\t\t\t<div class=\"elementor-gallery-item__overlay\"><\/div>\n\t\t\t\t\t\t\t\t\t\t\t\t\t\t<\/a>\n\t\t\t\t\t\t\t<a class=\"e-gallery-item elementor-gallery-item elementor-animated-content\" href=\"https:\/\/archiv.siov.sk\/wp-content\/uploads\/2025\/08\/IMG_7894-scaled.jpeg\" data-elementor-open-lightbox=\"yes\" data-elementor-lightbox-slideshow=\"332cdfd\" data-elementor-lightbox-title=\"IMG_7894\" data-e-action-hash=\"#elementor-action%3Aaction%3Dlightbox%26settings%3DeyJpZCI6MjA2MDAsInVybCI6Imh0dHBzOlwvXC9hcmNoaXYuc2lvdi5za1wvd3AtY29udGVudFwvdXBsb2Fkc1wvMjAyNVwvMDhcL0lNR183ODk0LXNjYWxlZC5qcGVnIiwic2xpZGVzaG93IjoiMzMyY2RmZCJ9\">\n\t\t\t\t\t<div class=\"e-gallery-image elementor-gallery-item__image\" data-thumbnail=\"https:\/\/archiv.siov.sk\/wp-content\/uploads\/2025\/08\/IMG_7894-225x300.jpeg\" data-width=\"225\" data-height=\"300\" aria-label=\"\" role=\"img\" ><\/div>\n\t\t\t\t\t\t\t\t\t\t\t<div class=\"elementor-gallery-item__overlay\"><\/div>\n\t\t\t\t\t\t\t\t\t\t\t\t\t\t<\/a>\n\t\t\t\t\t\t\t<a class=\"e-gallery-item elementor-gallery-item elementor-animated-content\" href=\"https:\/\/archiv.siov.sk\/wp-content\/uploads\/2025\/08\/IMG_7912-scaled.jpeg\" data-elementor-open-lightbox=\"yes\" data-elementor-lightbox-slideshow=\"332cdfd\" data-elementor-lightbox-title=\"IMG_7912\" data-e-action-hash=\"#elementor-action%3Aaction%3Dlightbox%26settings%3DeyJpZCI6MjA1OTcsInVybCI6Imh0dHBzOlwvXC9hcmNoaXYuc2lvdi5za1wvd3AtY29udGVudFwvdXBsb2Fkc1wvMjAyNVwvMDhcL0lNR183OTEyLXNjYWxlZC5qcGVnIiwic2xpZGVzaG93IjoiMzMyY2RmZCJ9\">\n\t\t\t\t\t<div class=\"e-gallery-image elementor-gallery-item__image\" data-thumbnail=\"https:\/\/archiv.siov.sk\/wp-content\/uploads\/2025\/08\/IMG_7912-300x225.jpeg\" data-width=\"300\" data-height=\"225\" aria-label=\"\" role=\"img\" ><\/div>\n\t\t\t\t\t\t\t\t\t\t\t<div class=\"elementor-gallery-item__overlay\"><\/div>\n\t\t\t\t\t\t\t\t\t\t\t\t\t\t<\/a>\n\t\t\t\t\t\t\t<a class=\"e-gallery-item elementor-gallery-item elementor-animated-content\" href=\"https:\/\/archiv.siov.sk\/wp-content\/uploads\/2025\/08\/IMG_7877-scaled.jpeg\" data-elementor-open-lightbox=\"yes\" data-elementor-lightbox-slideshow=\"332cdfd\" data-elementor-lightbox-title=\"IMG_7877\" data-e-action-hash=\"#elementor-action%3Aaction%3Dlightbox%26settings%3DeyJpZCI6MjA2MTMsInVybCI6Imh0dHBzOlwvXC9hcmNoaXYuc2lvdi5za1wvd3AtY29udGVudFwvdXBsb2Fkc1wvMjAyNVwvMDhcL0lNR183ODc3LXNjYWxlZC5qcGVnIiwic2xpZGVzaG93IjoiMzMyY2RmZCJ9\">\n\t\t\t\t\t<div class=\"e-gallery-image elementor-gallery-item__image\" data-thumbnail=\"https:\/\/archiv.siov.sk\/wp-content\/uploads\/2025\/08\/IMG_7877-300x225.jpeg\" data-width=\"300\" data-height=\"225\" aria-label=\"\" role=\"img\" ><\/div>\n\t\t\t\t\t\t\t\t\t\t\t<div class=\"elementor-gallery-item__overlay\"><\/div>\n\t\t\t\t\t\t\t\t\t\t\t\t\t\t<\/a>\n\t\t\t\t\t<\/div>\n\t\t\t\t\t<\/div>\n\t\t\t\t<\/div>\n\t\t\t\t\t<\/div>\n\t\t\t\t<\/div>\n\t\t\t\t<\/div>","protected":false},"excerpt":{"rendered":"<p>Prv\u00fd t\u00fd\u017ede\u0148 \u0161kolsk\u00e9ho roka priniesol podpis dvoch nov\u00fdch memor\u00e1nd so sektormi po\u013enohospod\u00e1rstva a potravin\u00e1rstva, ktor\u00e9 nadv\u00e4zuj\u00fa na minul\u00fd t\u00fd\u017ede\u0148 uzavret\u00e9 memorandum so stavebn\u00fdm sektorom. T\u00e1to iniciat\u00edva \u0160t\u00e1tneho in\u0161tit\u00fatu odborn\u00e9ho vzdel\u00e1vania (\u0160IOV) prep\u00e1ja stredn\u00e9 odborn\u00e9 \u0161koly, zamestn\u00e1vate\u013eov a stavovsk\u00e9 organiz\u00e1cie v k\u013e\u00fa\u010dov\u00fdch sektoroch slovenskej ekonomiky, ktor\u00e9 z\u00e1pasia s nedostatkom mlad\u00fdch odborn\u00edkov, no z\u00e1rove\u0148 pon\u00fakaj\u00fa priestor pre [&hellip;]<\/p>\n","protected":false},"author":11,"featured_media":20831,"comment_status":"closed","ping_status":"closed","sticky":false,"template":"","format":"standard","meta":{"site-sidebar-layout":"default","site-content-layout":"","ast-site-content-layout":"default","site-content-style":"default","site-sidebar-style":"default","ast-global-header-display":"","ast-banner-title-visibility":"","ast-main-header-display":"","ast-hfb-above-header-display":"","ast-hfb-below-header-display":"","ast-hfb-mobile-header-display":"","site-post-title":"","ast-breadcrumbs-content":"","ast-featured-img":"","footer-sml-layout":"","ast-disable-related-posts":"","theme-transparent-header-meta":"default","adv-header-id-meta":"","stick-header-meta":"default","header-above-stick-meta":"","header-main-stick-meta":"","header-below-stick-meta":"","astra-migrate-meta-layouts":"set","ast-page-background-enabled":"default","ast-page-background-meta":{"desktop":{"background-color":"var(--ast-global-color-4)","background-image":"","background-repeat":"repeat","background-position":"center center","background-size":"auto","background-attachment":"scroll","background-type":"","background-media":"","overlay-type":"","overlay-color":"","overlay-opacity":"","overlay-gradient":""},"tablet":{"background-color":"","background-image":"","background-repeat":"repeat","background-position":"center center","background-size":"auto","background-attachment":"scroll","background-type":"","background-media":"","overlay-type":"","overlay-color":"","overlay-opacity":"","overlay-gradient":""},"mobile":{"background-color":"","background-image":"","background-repeat":"repeat","background-position":"center center","background-size":"auto","background-attachment":"scroll","background-type":"","background-media":"","overlay-type":"","overlay-color":"","overlay-opacity":"","overlay-gradient":""}},"ast-content-background-meta":{"desktop":{"background-color":"var(--ast-global-color-5)","background-image":"","background-repeat":"repeat","background-position":"center center","background-size":"auto","background-attachment":"scroll","background-type":"","background-media":"","overlay-type":"","overlay-color":"","overlay-opacity":"","overlay-gradient":""},"tablet":{"background-color":"var(--ast-global-color-5)","background-image":"","background-repeat":"repeat","background-position":"center center","background-size":"auto","background-attachment":"scroll","background-type":"","background-media":"","overlay-type":"","overlay-color":"","overlay-opacity":"","overlay-gradient":""},"mobile":{"background-color":"var(--ast-global-color-5)","background-image":"","background-repeat":"repeat","background-position":"center center","background-size":"auto","background-attachment":"scroll","background-type":"","background-media":"","overlay-type":"","overlay-color":"","overlay-opacity":"","overlay-gradient":""}},"footnotes":""},"categories":[1],"tags":[],"class_list":["post-20828","post","type-post","status-publish","format-standard","has-post-thumbnail","hentry","category-aktuality"],"yoast_head":"<!-- This site is optimized with the Yoast SEO plugin v27.5 - https:\/\/yoast.com\/product\/yoast-seo-wordpress\/ -->\n<title>Memorand\u00e1 zameran\u00e9 na moderniz\u00e1ciu odborn\u00e9ho vzdel\u00e1vania a nov\u00e9 pr\u00edle\u017eitosti pre mlad\u00fdch v troch k\u013e\u00fa\u010dov\u00fdch sektoroch slovenskej ekonomiky - \u0160IOV - \u0161t\u00e1tny in\u0161tit\u00fat odborn\u00e9ho vzdel\u00e1vania<\/title>\n<meta name=\"robots\" content=\"index, follow, max-snippet:-1, max-image-preview:large, max-video-preview:-1\" \/>\n<link rel=\"canonical\" href=\"https:\/\/archiv.siov.sk\/en\/memoranda-zamerane-na-modernizaciu-odborneho-vzdelavania-a-nove-prilezitosti-pre-mladych-v-troch-klucovych-sektoroch-slovenskej-ekonomiky\/\" \/>\n<meta property=\"og:locale\" content=\"en_GB\" \/>\n<meta property=\"og:type\" content=\"article\" \/>\n<meta property=\"og:title\" content=\"Memorand\u00e1 zameran\u00e9 na moderniz\u00e1ciu odborn\u00e9ho vzdel\u00e1vania a nov\u00e9 pr\u00edle\u017eitosti pre mlad\u00fdch v troch k\u013e\u00fa\u010dov\u00fdch sektoroch slovenskej ekonomiky - \u0160IOV - \u0161t\u00e1tny in\u0161tit\u00fat odborn\u00e9ho vzdel\u00e1vania\" \/>\n<meta property=\"og:description\" content=\"Prv\u00fd t\u00fd\u017ede\u0148 \u0161kolsk\u00e9ho roka priniesol podpis dvoch nov\u00fdch memor\u00e1nd so sektormi po\u013enohospod\u00e1rstva a potravin\u00e1rstva, ktor\u00e9 nadv\u00e4zuj\u00fa na minul\u00fd t\u00fd\u017ede\u0148 uzavret\u00e9 memorandum so stavebn\u00fdm sektorom. T\u00e1to iniciat\u00edva \u0160t\u00e1tneho in\u0161tit\u00fatu odborn\u00e9ho vzdel\u00e1vania (\u0160IOV) prep\u00e1ja stredn\u00e9 odborn\u00e9 \u0161koly, zamestn\u00e1vate\u013eov a stavovsk\u00e9 organiz\u00e1cie v k\u013e\u00fa\u010dov\u00fdch sektoroch slovenskej ekonomiky, ktor\u00e9 z\u00e1pasia s nedostatkom mlad\u00fdch odborn\u00edkov, no z\u00e1rove\u0148 pon\u00fakaj\u00fa priestor pre [&hellip;]\" \/>\n<meta property=\"og:url\" content=\"https:\/\/archiv.siov.sk\/en\/memoranda-zamerane-na-modernizaciu-odborneho-vzdelavania-a-nove-prilezitosti-pre-mladych-v-troch-klucovych-sektoroch-slovenskej-ekonomiky\/\" \/>\n<meta property=\"og:site_name\" content=\"\u0160IOV - \u0161t\u00e1tny in\u0161tit\u00fat odborn\u00e9ho vzdel\u00e1vania\" \/>\n<meta property=\"article:publisher\" content=\"https:\/\/www.facebook.com\/Statnyinstitutodbornehovzdelavania\" \/>\n<meta property=\"article:published_time\" content=\"2025-09-05T17:56:07+00:00\" \/>\n<meta property=\"article:modified_time\" content=\"2025-09-08T07:35:06+00:00\" \/>\n<meta property=\"og:image\" content=\"https:\/\/archiv.siov.sk\/wp-content\/uploads\/2025\/09\/memoranda_titulka-scaled-e1757311232871.jpeg\" \/>\n\t<meta property=\"og:image:width\" content=\"2560\" \/>\n\t<meta property=\"og:image:height\" content=\"1626\" \/>\n\t<meta property=\"og:image:type\" content=\"image\/jpeg\" \/>\n<meta name=\"author\" content=\"Sylvia Hamadejova\" \/>\n<meta name=\"twitter:card\" content=\"summary_large_image\" \/>\n<meta name=\"twitter:label1\" content=\"Written by\" \/>\n\t<meta name=\"twitter:data1\" content=\"Sylvia Hamadejova\" \/>\n\t<meta name=\"twitter:label2\" content=\"Estimated reading time\" \/>\n\t<meta name=\"twitter:data2\" content=\"3 minutes\" \/>\n<script type=\"application\/ld+json\" class=\"yoast-schema-graph\">{\"@context\":\"https:\\\/\\\/schema.org\",\"@graph\":[{\"@type\":\"Article\",\"@id\":\"https:\\\/\\\/archiv.siov.sk\\\/memoranda-zamerane-na-modernizaciu-odborneho-vzdelavania-a-nove-prilezitosti-pre-mladych-v-troch-klucovych-sektoroch-slovenskej-ekonomiky\\\/#article\",\"isPartOf\":{\"@id\":\"https:\\\/\\\/archiv.siov.sk\\\/memoranda-zamerane-na-modernizaciu-odborneho-vzdelavania-a-nove-prilezitosti-pre-mladych-v-troch-klucovych-sektoroch-slovenskej-ekonomiky\\\/\"},\"author\":{\"name\":\"Sylvia Hamadejova\",\"@id\":\"https:\\\/\\\/archiv.siov.sk\\\/#\\\/schema\\\/person\\\/70de33c3c88facac4a386ef06f733b92\"},\"headline\":\"Memorand\u00e1 zameran\u00e9 na moderniz\u00e1ciu odborn\u00e9ho vzdel\u00e1vania a nov\u00e9 pr\u00edle\u017eitosti pre mlad\u00fdch v troch k\u013e\u00fa\u010dov\u00fdch sektoroch slovenskej ekonomiky\",\"datePublished\":\"2025-09-05T17:56:07+00:00\",\"dateModified\":\"2025-09-08T07:35:06+00:00\",\"mainEntityOfPage\":{\"@id\":\"https:\\\/\\\/archiv.siov.sk\\\/memoranda-zamerane-na-modernizaciu-odborneho-vzdelavania-a-nove-prilezitosti-pre-mladych-v-troch-klucovych-sektoroch-slovenskej-ekonomiky\\\/\"},\"wordCount\":543,\"publisher\":{\"@id\":\"https:\\\/\\\/archiv.siov.sk\\\/#organization\"},\"image\":{\"@id\":\"https:\\\/\\\/archiv.siov.sk\\\/memoranda-zamerane-na-modernizaciu-odborneho-vzdelavania-a-nove-prilezitosti-pre-mladych-v-troch-klucovych-sektoroch-slovenskej-ekonomiky\\\/#primaryimage\"},\"thumbnailUrl\":\"https:\\\/\\\/archiv.siov.sk\\\/wp-content\\\/uploads\\\/2025\\\/09\\\/memoranda_titulka-scaled-e1757311232871.jpeg\",\"articleSection\":[\"Aktuality\"],\"inLanguage\":\"en-GB\"},{\"@type\":\"WebPage\",\"@id\":\"https:\\\/\\\/archiv.siov.sk\\\/memoranda-zamerane-na-modernizaciu-odborneho-vzdelavania-a-nove-prilezitosti-pre-mladych-v-troch-klucovych-sektoroch-slovenskej-ekonomiky\\\/\",\"url\":\"https:\\\/\\\/archiv.siov.sk\\\/memoranda-zamerane-na-modernizaciu-odborneho-vzdelavania-a-nove-prilezitosti-pre-mladych-v-troch-klucovych-sektoroch-slovenskej-ekonomiky\\\/\",\"name\":\"Memorand\u00e1 zameran\u00e9 na moderniz\u00e1ciu odborn\u00e9ho vzdel\u00e1vania a nov\u00e9 pr\u00edle\u017eitosti pre mlad\u00fdch v troch k\u013e\u00fa\u010dov\u00fdch sektoroch slovenskej ekonomiky - \u0160IOV - \u0161t\u00e1tny in\u0161tit\u00fat odborn\u00e9ho vzdel\u00e1vania\",\"isPartOf\":{\"@id\":\"https:\\\/\\\/archiv.siov.sk\\\/#website\"},\"primaryImageOfPage\":{\"@id\":\"https:\\\/\\\/archiv.siov.sk\\\/memoranda-zamerane-na-modernizaciu-odborneho-vzdelavania-a-nove-prilezitosti-pre-mladych-v-troch-klucovych-sektoroch-slovenskej-ekonomiky\\\/#primaryimage\"},\"image\":{\"@id\":\"https:\\\/\\\/archiv.siov.sk\\\/memoranda-zamerane-na-modernizaciu-odborneho-vzdelavania-a-nove-prilezitosti-pre-mladych-v-troch-klucovych-sektoroch-slovenskej-ekonomiky\\\/#primaryimage\"},\"thumbnailUrl\":\"https:\\\/\\\/archiv.siov.sk\\\/wp-content\\\/uploads\\\/2025\\\/09\\\/memoranda_titulka-scaled-e1757311232871.jpeg\",\"datePublished\":\"2025-09-05T17:56:07+00:00\",\"dateModified\":\"2025-09-08T07:35:06+00:00\",\"breadcrumb\":{\"@id\":\"https:\\\/\\\/archiv.siov.sk\\\/memoranda-zamerane-na-modernizaciu-odborneho-vzdelavania-a-nove-prilezitosti-pre-mladych-v-troch-klucovych-sektoroch-slovenskej-ekonomiky\\\/#breadcrumb\"},\"inLanguage\":\"en-GB\",\"potentialAction\":[{\"@type\":\"ReadAction\",\"target\":[\"https:\\\/\\\/archiv.siov.sk\\\/memoranda-zamerane-na-modernizaciu-odborneho-vzdelavania-a-nove-prilezitosti-pre-mladych-v-troch-klucovych-sektoroch-slovenskej-ekonomiky\\\/\"]}]},{\"@type\":\"ImageObject\",\"inLanguage\":\"en-GB\",\"@id\":\"https:\\\/\\\/archiv.siov.sk\\\/memoranda-zamerane-na-modernizaciu-odborneho-vzdelavania-a-nove-prilezitosti-pre-mladych-v-troch-klucovych-sektoroch-slovenskej-ekonomiky\\\/#primaryimage\",\"url\":\"https:\\\/\\\/archiv.siov.sk\\\/wp-content\\\/uploads\\\/2025\\\/09\\\/memoranda_titulka-scaled-e1757311232871.jpeg\",\"contentUrl\":\"https:\\\/\\\/archiv.siov.sk\\\/wp-content\\\/uploads\\\/2025\\\/09\\\/memoranda_titulka-scaled-e1757311232871.jpeg\",\"width\":2560,\"height\":1626},{\"@type\":\"BreadcrumbList\",\"@id\":\"https:\\\/\\\/archiv.siov.sk\\\/memoranda-zamerane-na-modernizaciu-odborneho-vzdelavania-a-nove-prilezitosti-pre-mladych-v-troch-klucovych-sektoroch-slovenskej-ekonomiky\\\/#breadcrumb\",\"itemListElement\":[{\"@type\":\"ListItem\",\"position\":1,\"name\":\"Home\",\"item\":\"https:\\\/\\\/archiv.siov.sk\\\/\"},{\"@type\":\"ListItem\",\"position\":2,\"name\":\"Memorand\u00e1 zameran\u00e9 na moderniz\u00e1ciu odborn\u00e9ho vzdel\u00e1vania a nov\u00e9 pr\u00edle\u017eitosti pre mlad\u00fdch v troch k\u013e\u00fa\u010dov\u00fdch sektoroch slovenskej ekonomiky\"}]},{\"@type\":\"WebSite\",\"@id\":\"https:\\\/\\\/archiv.siov.sk\\\/#website\",\"url\":\"https:\\\/\\\/archiv.siov.sk\\\/\",\"name\":\"\u0160IOV - \u0161t\u00e1tny in\u0161tit\u00fat odborn\u00e9ho vzdel\u00e1vania\",\"description\":\"\",\"publisher\":{\"@id\":\"https:\\\/\\\/archiv.siov.sk\\\/#organization\"},\"potentialAction\":[{\"@type\":\"SearchAction\",\"target\":{\"@type\":\"EntryPoint\",\"urlTemplate\":\"https:\\\/\\\/archiv.siov.sk\\\/?s={search_term_string}\"},\"query-input\":{\"@type\":\"PropertyValueSpecification\",\"valueRequired\":true,\"valueName\":\"search_term_string\"}}],\"inLanguage\":\"en-GB\"},{\"@type\":\"Organization\",\"@id\":\"https:\\\/\\\/archiv.siov.sk\\\/#organization\",\"name\":\"\u0160IOV - \u0161t\u00e1tny in\u0161tit\u00fat odborn\u00e9ho vzdel\u00e1vania\",\"url\":\"https:\\\/\\\/archiv.siov.sk\\\/\",\"logo\":{\"@type\":\"ImageObject\",\"inLanguage\":\"en-GB\",\"@id\":\"https:\\\/\\\/archiv.siov.sk\\\/#\\\/schema\\\/logo\\\/image\\\/\",\"url\":\"https:\\\/\\\/archiv.siov.sk\\\/wp-content\\\/uploads\\\/2024\\\/02\\\/logo-SIOV.png\",\"contentUrl\":\"https:\\\/\\\/archiv.siov.sk\\\/wp-content\\\/uploads\\\/2024\\\/02\\\/logo-SIOV.png\",\"width\":431,\"height\":143,\"caption\":\"\u0160IOV - \u0161t\u00e1tny in\u0161tit\u00fat odborn\u00e9ho vzdel\u00e1vania\"},\"image\":{\"@id\":\"https:\\\/\\\/archiv.siov.sk\\\/#\\\/schema\\\/logo\\\/image\\\/\"},\"sameAs\":[\"https:\\\/\\\/www.facebook.com\\\/Statnyinstitutodbornehovzdelavania\"]},{\"@type\":\"Person\",\"@id\":\"https:\\\/\\\/archiv.siov.sk\\\/#\\\/schema\\\/person\\\/70de33c3c88facac4a386ef06f733b92\",\"name\":\"Sylvia Hamadejova\",\"url\":\"https:\\\/\\\/archiv.siov.sk\\\/en\\\/author\\\/hamadejovas\\\/\"}]}<\/script>\n<!-- \/ Yoast SEO plugin. -->","yoast_head_json":{"title":"Memorand\u00e1 zameran\u00e9 na moderniz\u00e1ciu odborn\u00e9ho vzdel\u00e1vania a nov\u00e9 pr\u00edle\u017eitosti pre mlad\u00fdch v troch k\u013e\u00fa\u010dov\u00fdch sektoroch slovenskej ekonomiky - \u0160IOV - \u0161t\u00e1tny in\u0161tit\u00fat odborn\u00e9ho vzdel\u00e1vania","robots":{"index":"index","follow":"follow","max-snippet":"max-snippet:-1","max-image-preview":"max-image-preview:large","max-video-preview":"max-video-preview:-1"},"canonical":"https:\/\/archiv.siov.sk\/en\/memoranda-zamerane-na-modernizaciu-odborneho-vzdelavania-a-nove-prilezitosti-pre-mladych-v-troch-klucovych-sektoroch-slovenskej-ekonomiky\/","og_locale":"en_GB","og_type":"article","og_title":"Memorand\u00e1 zameran\u00e9 na moderniz\u00e1ciu odborn\u00e9ho vzdel\u00e1vania a nov\u00e9 pr\u00edle\u017eitosti pre mlad\u00fdch v troch k\u013e\u00fa\u010dov\u00fdch sektoroch slovenskej ekonomiky - \u0160IOV - \u0161t\u00e1tny in\u0161tit\u00fat odborn\u00e9ho vzdel\u00e1vania","og_description":"Prv\u00fd t\u00fd\u017ede\u0148 \u0161kolsk\u00e9ho roka priniesol podpis dvoch nov\u00fdch memor\u00e1nd so sektormi po\u013enohospod\u00e1rstva a potravin\u00e1rstva, ktor\u00e9 nadv\u00e4zuj\u00fa na minul\u00fd t\u00fd\u017ede\u0148 uzavret\u00e9 memorandum so stavebn\u00fdm sektorom. T\u00e1to iniciat\u00edva \u0160t\u00e1tneho in\u0161tit\u00fatu odborn\u00e9ho vzdel\u00e1vania (\u0160IOV) prep\u00e1ja stredn\u00e9 odborn\u00e9 \u0161koly, zamestn\u00e1vate\u013eov a stavovsk\u00e9 organiz\u00e1cie v k\u013e\u00fa\u010dov\u00fdch sektoroch slovenskej ekonomiky, ktor\u00e9 z\u00e1pasia s nedostatkom mlad\u00fdch odborn\u00edkov, no z\u00e1rove\u0148 pon\u00fakaj\u00fa priestor pre [&hellip;]","og_url":"https:\/\/archiv.siov.sk\/en\/memoranda-zamerane-na-modernizaciu-odborneho-vzdelavania-a-nove-prilezitosti-pre-mladych-v-troch-klucovych-sektoroch-slovenskej-ekonomiky\/","og_site_name":"\u0160IOV - \u0161t\u00e1tny in\u0161tit\u00fat odborn\u00e9ho vzdel\u00e1vania","article_publisher":"https:\/\/www.facebook.com\/Statnyinstitutodbornehovzdelavania","article_published_time":"2025-09-05T17:56:07+00:00","article_modified_time":"2025-09-08T07:35:06+00:00","og_image":[{"width":2560,"height":1626,"url":"https:\/\/archiv.siov.sk\/wp-content\/uploads\/2025\/09\/memoranda_titulka-scaled-e1757311232871.jpeg","type":"image\/jpeg"}],"author":"Sylvia Hamadejova","twitter_card":"summary_large_image","twitter_misc":{"Written by":"Sylvia Hamadejova","Estimated reading time":"3 minutes"},"schema":{"@context":"https:\/\/schema.org","@graph":[{"@type":"Article","@id":"https:\/\/archiv.siov.sk\/memoranda-zamerane-na-modernizaciu-odborneho-vzdelavania-a-nove-prilezitosti-pre-mladych-v-troch-klucovych-sektoroch-slovenskej-ekonomiky\/#article","isPartOf":{"@id":"https:\/\/archiv.siov.sk\/memoranda-zamerane-na-modernizaciu-odborneho-vzdelavania-a-nove-prilezitosti-pre-mladych-v-troch-klucovych-sektoroch-slovenskej-ekonomiky\/"},"author":{"name":"Sylvia Hamadejova","@id":"https:\/\/archiv.siov.sk\/#\/schema\/person\/70de33c3c88facac4a386ef06f733b92"},"headline":"Memorand\u00e1 zameran\u00e9 na moderniz\u00e1ciu odborn\u00e9ho vzdel\u00e1vania a nov\u00e9 pr\u00edle\u017eitosti pre mlad\u00fdch v troch k\u013e\u00fa\u010dov\u00fdch sektoroch slovenskej ekonomiky","datePublished":"2025-09-05T17:56:07+00:00","dateModified":"2025-09-08T07:35:06+00:00","mainEntityOfPage":{"@id":"https:\/\/archiv.siov.sk\/memoranda-zamerane-na-modernizaciu-odborneho-vzdelavania-a-nove-prilezitosti-pre-mladych-v-troch-klucovych-sektoroch-slovenskej-ekonomiky\/"},"wordCount":543,"publisher":{"@id":"https:\/\/archiv.siov.sk\/#organization"},"image":{"@id":"https:\/\/archiv.siov.sk\/memoranda-zamerane-na-modernizaciu-odborneho-vzdelavania-a-nove-prilezitosti-pre-mladych-v-troch-klucovych-sektoroch-slovenskej-ekonomiky\/#primaryimage"},"thumbnailUrl":"https:\/\/archiv.siov.sk\/wp-content\/uploads\/2025\/09\/memoranda_titulka-scaled-e1757311232871.jpeg","articleSection":["Aktuality"],"inLanguage":"en-GB"},{"@type":"WebPage","@id":"https:\/\/archiv.siov.sk\/memoranda-zamerane-na-modernizaciu-odborneho-vzdelavania-a-nove-prilezitosti-pre-mladych-v-troch-klucovych-sektoroch-slovenskej-ekonomiky\/","url":"https:\/\/archiv.siov.sk\/memoranda-zamerane-na-modernizaciu-odborneho-vzdelavania-a-nove-prilezitosti-pre-mladych-v-troch-klucovych-sektoroch-slovenskej-ekonomiky\/","name":"Memorand\u00e1 zameran\u00e9 na moderniz\u00e1ciu odborn\u00e9ho vzdel\u00e1vania a nov\u00e9 pr\u00edle\u017eitosti pre mlad\u00fdch v troch k\u013e\u00fa\u010dov\u00fdch sektoroch slovenskej ekonomiky - \u0160IOV - \u0161t\u00e1tny in\u0161tit\u00fat odborn\u00e9ho vzdel\u00e1vania","isPartOf":{"@id":"https:\/\/archiv.siov.sk\/#website"},"primaryImageOfPage":{"@id":"https:\/\/archiv.siov.sk\/memoranda-zamerane-na-modernizaciu-odborneho-vzdelavania-a-nove-prilezitosti-pre-mladych-v-troch-klucovych-sektoroch-slovenskej-ekonomiky\/#primaryimage"},"image":{"@id":"https:\/\/archiv.siov.sk\/memoranda-zamerane-na-modernizaciu-odborneho-vzdelavania-a-nove-prilezitosti-pre-mladych-v-troch-klucovych-sektoroch-slovenskej-ekonomiky\/#primaryimage"},"thumbnailUrl":"https:\/\/archiv.siov.sk\/wp-content\/uploads\/2025\/09\/memoranda_titulka-scaled-e1757311232871.jpeg","datePublished":"2025-09-05T17:56:07+00:00","dateModified":"2025-09-08T07:35:06+00:00","breadcrumb":{"@id":"https:\/\/archiv.siov.sk\/memoranda-zamerane-na-modernizaciu-odborneho-vzdelavania-a-nove-prilezitosti-pre-mladych-v-troch-klucovych-sektoroch-slovenskej-ekonomiky\/#breadcrumb"},"inLanguage":"en-GB","potentialAction":[{"@type":"ReadAction","target":["https:\/\/archiv.siov.sk\/memoranda-zamerane-na-modernizaciu-odborneho-vzdelavania-a-nove-prilezitosti-pre-mladych-v-troch-klucovych-sektoroch-slovenskej-ekonomiky\/"]}]},{"@type":"ImageObject","inLanguage":"en-GB","@id":"https:\/\/archiv.siov.sk\/memoranda-zamerane-na-modernizaciu-odborneho-vzdelavania-a-nove-prilezitosti-pre-mladych-v-troch-klucovych-sektoroch-slovenskej-ekonomiky\/#primaryimage","url":"https:\/\/archiv.siov.sk\/wp-content\/uploads\/2025\/09\/memoranda_titulka-scaled-e1757311232871.jpeg","contentUrl":"https:\/\/archiv.siov.sk\/wp-content\/uploads\/2025\/09\/memoranda_titulka-scaled-e1757311232871.jpeg","width":2560,"height":1626},{"@type":"BreadcrumbList","@id":"https:\/\/archiv.siov.sk\/memoranda-zamerane-na-modernizaciu-odborneho-vzdelavania-a-nove-prilezitosti-pre-mladych-v-troch-klucovych-sektoroch-slovenskej-ekonomiky\/#breadcrumb","itemListElement":[{"@type":"ListItem","position":1,"name":"Home","item":"https:\/\/archiv.siov.sk\/"},{"@type":"ListItem","position":2,"name":"Memorand\u00e1 zameran\u00e9 na moderniz\u00e1ciu odborn\u00e9ho vzdel\u00e1vania a nov\u00e9 pr\u00edle\u017eitosti pre mlad\u00fdch v troch k\u013e\u00fa\u010dov\u00fdch sektoroch slovenskej ekonomiky"}]},{"@type":"WebSite","@id":"https:\/\/archiv.siov.sk\/#website","url":"https:\/\/archiv.siov.sk\/","name":"\u0160IOV - \u0161t\u00e1tny in\u0161tit\u00fat odborn\u00e9ho vzdel\u00e1vania","description":"","publisher":{"@id":"https:\/\/archiv.siov.sk\/#organization"},"potentialAction":[{"@type":"SearchAction","target":{"@type":"EntryPoint","urlTemplate":"https:\/\/archiv.siov.sk\/?s={search_term_string}"},"query-input":{"@type":"PropertyValueSpecification","valueRequired":true,"valueName":"search_term_string"}}],"inLanguage":"en-GB"},{"@type":"Organization","@id":"https:\/\/archiv.siov.sk\/#organization","name":"\u0160IOV - \u0161t\u00e1tny in\u0161tit\u00fat odborn\u00e9ho vzdel\u00e1vania","url":"https:\/\/archiv.siov.sk\/","logo":{"@type":"ImageObject","inLanguage":"en-GB","@id":"https:\/\/archiv.siov.sk\/#\/schema\/logo\/image\/","url":"https:\/\/archiv.siov.sk\/wp-content\/uploads\/2024\/02\/logo-SIOV.png","contentUrl":"https:\/\/archiv.siov.sk\/wp-content\/uploads\/2024\/02\/logo-SIOV.png","width":431,"height":143,"caption":"\u0160IOV - \u0161t\u00e1tny in\u0161tit\u00fat odborn\u00e9ho vzdel\u00e1vania"},"image":{"@id":"https:\/\/archiv.siov.sk\/#\/schema\/logo\/image\/"},"sameAs":["https:\/\/www.facebook.com\/Statnyinstitutodbornehovzdelavania"]},{"@type":"Person","@id":"https:\/\/archiv.siov.sk\/#\/schema\/person\/70de33c3c88facac4a386ef06f733b92","name":"Sylvia Hamadejova","url":"https:\/\/archiv.siov.sk\/en\/author\/hamadejovas\/"}]}},"_links":{"self":[{"href":"https:\/\/archiv.siov.sk\/en\/wp-json\/wp\/v2\/posts\/20828","targetHints":{"allow":["GET"]}}],"collection":[{"href":"https:\/\/archiv.siov.sk\/en\/wp-json\/wp\/v2\/posts"}],"about":[{"href":"https:\/\/archiv.siov.sk\/en\/wp-json\/wp\/v2\/types\/post"}],"author":[{"embeddable":true,"href":"https:\/\/archiv.siov.sk\/en\/wp-json\/wp\/v2\/users\/11"}],"replies":[{"embeddable":true,"href":"https:\/\/archiv.siov.sk\/en\/wp-json\/wp\/v2\/comments?post=20828"}],"version-history":[{"count":23,"href":"https:\/\/archiv.siov.sk\/en\/wp-json\/wp\/v2\/posts\/20828\/revisions"}],"predecessor-version":[{"id":20864,"href":"https:\/\/archiv.siov.sk\/en\/wp-json\/wp\/v2\/posts\/20828\/revisions\/20864"}],"wp:featuredmedia":[{"embeddable":true,"href":"https:\/\/archiv.siov.sk\/en\/wp-json\/wp\/v2\/media\/20831"}],"wp:attachment":[{"href":"https:\/\/archiv.siov.sk\/en\/wp-json\/wp\/v2\/media?parent=20828"}],"wp:term":[{"taxonomy":"category","embeddable":true,"href":"https:\/\/archiv.siov.sk\/en\/wp-json\/wp\/v2\/categories?post=20828"},{"taxonomy":"post_tag","embeddable":true,"href":"https:\/\/archiv.siov.sk\/en\/wp-json\/wp\/v2\/tags?post=20828"}],"curies":[{"name":"wp","href":"https:\/\/api.w.org\/{rel}","templated":true}]}}