{"id":20786,"date":"2025-09-04T05:45:15","date_gmt":"2025-09-04T03:45:15","guid":{"rendered":"https:\/\/archiv.siov.sk\/?p=20786"},"modified":"2025-10-01T15:35:05","modified_gmt":"2025-10-01T13:35:05","slug":"08-epale-platforma-vzdelavania-dospelych-v-europe","status":"publish","type":"post","link":"https:\/\/archiv.siov.sk\/en\/08-epale-platforma-vzdelavania-dospelych-v-europe\/","title":{"rendered":"#08 EPALE: platforma vzdel\u00e1vania dospel\u00fdch v Eur\u00f3pe"},"content":{"rendered":"<p>Platforma EPALE\u00a0u\u017e desa\u0165 rokov podporuje odborn\u00edkov, in\u0161tit\u00facie aj jednotlivcov, ktor\u00ed sa venuj\u00fa vzdel\u00e1vaniu dospel\u00fdch. Ako sa za ten \u010das vyv\u00edjala? Komu m\u00f4\u017ee sl\u00fa\u017ei\u0165 a ak\u00e9 pr\u00edle\u017eitosti dnes pon\u00faka?<\/p>\n<p data-start=\"526\" data-end=\"991\">V tejto epiz\u00f3de sa o svoje sk\u00fasenosti podelia <strong data-start=\"572\" data-end=\"605\">Monika Petlu\u0161ov\u00e1 a Peter Ma\u013ea<\/strong>, slovensk\u00ed koordin\u00e1tori iniciat\u00edvy EPALE, ktor\u00ed pribli\u017euj\u00fa z\u00e1kulisie fungovania platformy, prezr\u00e1dzaj\u00fa, ako sa jej dar\u00ed prep\u00e1ja\u0165 komunitu, in\u0161pirova\u0165 odborn\u00edkov a zvy\u0161ova\u0165 povedomie o v\u00fdzname celo\u017eivotn\u00e9ho vzdel\u00e1vania. Re\u010d bude aj o aktu\u00e1lnych aktivit\u00e1ch a pripravovan\u00fdch podujatiach, medzi ktor\u00fdmi nebude ch\u00fdba\u0165 ani <strong data-start=\"910\" data-end=\"937\">Festival zru\u010dnost\u00ed 2025<\/strong>, kde sa s kolegami z EPALE m\u00f4\u017eete stretn\u00fa\u0165 osobne.<\/p>\n<blockquote data-start=\"993\" data-end=\"1313\">\n<p data-start=\"995\" data-end=\"1313\"><strong data-start=\"995\" data-end=\"1010\">Peter Ma\u013ea:<\/strong> \u201eVzdel\u00e1vanie dospel\u00fdch sa nesp\u00e1ja len s profesijn\u00fdm \u017eivotom, zah\u0155\u0148a aj osobnostn\u00fd rozvoj, rozvoj z\u00e1ujmov, kognit\u00edvnych funkci\u00ed, ob\u010diansku particip\u00e1ciu, rozvoj digit\u00e1lnych a zelen\u00fdch zru\u010dnost\u00ed&#8230; M\u00f4\u017eem to zhrn\u00fa\u0165 tak, \u017ee vzdel\u00e1vanie je celo\u017eivotn\u00fd proces pre lep\u0161\u00ed \u017eivot, nie len pre kari\u00e9ru \u010dloveka.\u201c<\/p>\n<\/blockquote>\n<p><iframe data-testid=\"embed-iframe\" style=\"border-radius:12px\" src=\"https:\/\/open.spotify.com\/embed\/episode\/6vinjPOXDWUfgHL7KaivSA?utm_source=generator\" width=\"100%\" height=\"352\" frameborder=\"0\" allowfullscreen=\"\" allow=\"autoplay; clipboard-write; encrypted-media; fullscreen; picture-in-picture\" loading=\"lazy\"><\/iframe><\/p>","protected":false},"excerpt":{"rendered":"<p>Platforma EPALE\u00a0u\u017e desa\u0165 rokov podporuje odborn\u00edkov, in\u0161tit\u00facie aj jednotlivcov, ktor\u00ed sa venuj\u00fa vzdel\u00e1vaniu dospel\u00fdch. Ako sa za ten \u010das vyv\u00edjala? Komu m\u00f4\u017ee sl\u00fa\u017ei\u0165 a ak\u00e9 pr\u00edle\u017eitosti dnes pon\u00faka? V tejto epiz\u00f3de sa o svoje sk\u00fasenosti podelia Monika Petlu\u0161ov\u00e1 a Peter Ma\u013ea, slovensk\u00ed koordin\u00e1tori iniciat\u00edvy EPALE, ktor\u00ed pribli\u017euj\u00fa z\u00e1kulisie fungovania platformy, prezr\u00e1dzaj\u00fa, ako sa jej dar\u00ed [&hellip;]<\/p>\n","protected":false},"author":10,"featured_media":20787,"comment_status":"closed","ping_status":"closed","sticky":false,"template":"","format":"standard","meta":{"site-sidebar-layout":"default","site-content-layout":"","ast-site-content-layout":"default","site-content-style":"default","site-sidebar-style":"default","ast-global-header-display":"","ast-banner-title-visibility":"","ast-main-header-display":"","ast-hfb-above-header-display":"","ast-hfb-below-header-display":"","ast-hfb-mobile-header-display":"","site-post-title":"","ast-breadcrumbs-content":"","ast-featured-img":"","footer-sml-layout":"","ast-disable-related-posts":"","theme-transparent-header-meta":"default","adv-header-id-meta":"","stick-header-meta":"default","header-above-stick-meta":"","header-main-stick-meta":"","header-below-stick-meta":"","astra-migrate-meta-layouts":"set","ast-page-background-enabled":"default","ast-page-background-meta":{"desktop":{"background-color":"var(--ast-global-color-4)","background-image":"","background-repeat":"repeat","background-position":"center center","background-size":"auto","background-attachment":"scroll","background-type":"","background-media":"","overlay-type":"","overlay-color":"","overlay-opacity":"","overlay-gradient":""},"tablet":{"background-color":"","background-image":"","background-repeat":"repeat","background-position":"center center","background-size":"auto","background-attachment":"scroll","background-type":"","background-media":"","overlay-type":"","overlay-color":"","overlay-opacity":"","overlay-gradient":""},"mobile":{"background-color":"","background-image":"","background-repeat":"repeat","background-position":"center center","background-size":"auto","background-attachment":"scroll","background-type":"","background-media":"","overlay-type":"","overlay-color":"","overlay-opacity":"","overlay-gradient":""}},"ast-content-background-meta":{"desktop":{"background-color":"var(--ast-global-color-5)","background-image":"","background-repeat":"repeat","background-position":"center center","background-size":"auto","background-attachment":"scroll","background-type":"","background-media":"","overlay-type":"","overlay-color":"","overlay-opacity":"","overlay-gradient":""},"tablet":{"background-color":"var(--ast-global-color-5)","background-image":"","background-repeat":"repeat","background-position":"center center","background-size":"auto","background-attachment":"scroll","background-type":"","background-media":"","overlay-type":"","overlay-color":"","overlay-opacity":"","overlay-gradient":""},"mobile":{"background-color":"var(--ast-global-color-5)","background-image":"","background-repeat":"repeat","background-position":"center center","background-size":"auto","background-attachment":"scroll","background-type":"","background-media":"","overlay-type":"","overlay-color":"","overlay-opacity":"","overlay-gradient":""}},"footnotes":""},"categories":[29],"tags":[],"class_list":["post-20786","post","type-post","status-publish","format-standard","has-post-thumbnail","hentry","category-podcast"],"yoast_head":"<!-- This site is optimized with the Yoast SEO plugin v27.5 - https:\/\/yoast.com\/product\/yoast-seo-wordpress\/ -->\n<title>#08 EPALE: platforma vzdel\u00e1vania dospel\u00fdch v Eur\u00f3pe - \u0160IOV - \u0161t\u00e1tny in\u0161tit\u00fat odborn\u00e9ho vzdel\u00e1vania<\/title>\n<meta name=\"robots\" content=\"index, follow, max-snippet:-1, max-image-preview:large, max-video-preview:-1\" \/>\n<link rel=\"canonical\" href=\"https:\/\/archiv.siov.sk\/en\/08-epale-platforma-vzdelavania-dospelych-v-europe\/\" \/>\n<meta property=\"og:locale\" content=\"en_GB\" \/>\n<meta property=\"og:type\" content=\"article\" \/>\n<meta property=\"og:title\" content=\"#08 EPALE: platforma vzdel\u00e1vania dospel\u00fdch v Eur\u00f3pe - \u0160IOV - \u0161t\u00e1tny in\u0161tit\u00fat odborn\u00e9ho vzdel\u00e1vania\" \/>\n<meta property=\"og:description\" content=\"Platforma EPALE\u00a0u\u017e desa\u0165 rokov podporuje odborn\u00edkov, in\u0161tit\u00facie aj jednotlivcov, ktor\u00ed sa venuj\u00fa vzdel\u00e1vaniu dospel\u00fdch. Ako sa za ten \u010das vyv\u00edjala? Komu m\u00f4\u017ee sl\u00fa\u017ei\u0165 a ak\u00e9 pr\u00edle\u017eitosti dnes pon\u00faka? V tejto epiz\u00f3de sa o svoje sk\u00fasenosti podelia Monika Petlu\u0161ov\u00e1 a Peter Ma\u013ea, slovensk\u00ed koordin\u00e1tori iniciat\u00edvy EPALE, ktor\u00ed pribli\u017euj\u00fa z\u00e1kulisie fungovania platformy, prezr\u00e1dzaj\u00fa, ako sa jej dar\u00ed [&hellip;]\" \/>\n<meta property=\"og:url\" content=\"https:\/\/archiv.siov.sk\/en\/08-epale-platforma-vzdelavania-dospelych-v-europe\/\" \/>\n<meta property=\"og:site_name\" content=\"\u0160IOV - \u0161t\u00e1tny in\u0161tit\u00fat odborn\u00e9ho vzdel\u00e1vania\" \/>\n<meta property=\"article:publisher\" content=\"https:\/\/www.facebook.com\/Statnyinstitutodbornehovzdelavania\" \/>\n<meta property=\"article:published_time\" content=\"2025-09-04T03:45:15+00:00\" \/>\n<meta property=\"article:modified_time\" content=\"2025-10-01T13:35:05+00:00\" \/>\n<meta property=\"og:image\" content=\"https:\/\/archiv.siov.sk\/wp-content\/uploads\/2025\/09\/SIOV-PLUS-epale1.png\" \/>\n\t<meta property=\"og:image:width\" content=\"2500\" \/>\n\t<meta property=\"og:image:height\" content=\"2500\" \/>\n\t<meta property=\"og:image:type\" content=\"image\/png\" \/>\n<meta name=\"author\" content=\"Gabriela Budayov\u00e1\" \/>\n<meta name=\"twitter:card\" content=\"summary_large_image\" \/>\n<meta name=\"twitter:label1\" content=\"Written by\" \/>\n\t<meta name=\"twitter:data1\" content=\"Gabriela Budayov\u00e1\" \/>\n\t<meta name=\"twitter:label2\" content=\"Estimated reading time\" \/>\n\t<meta name=\"twitter:data2\" content=\"1 minute\" \/>\n<script type=\"application\/ld+json\" class=\"yoast-schema-graph\">{\"@context\":\"https:\\\/\\\/schema.org\",\"@graph\":[{\"@type\":\"Article\",\"@id\":\"https:\\\/\\\/archiv.siov.sk\\\/08-epale-platforma-vzdelavania-dospelych-v-europe\\\/#article\",\"isPartOf\":{\"@id\":\"https:\\\/\\\/archiv.siov.sk\\\/08-epale-platforma-vzdelavania-dospelych-v-europe\\\/\"},\"author\":{\"name\":\"Gabriela Budayov\u00e1\",\"@id\":\"https:\\\/\\\/archiv.siov.sk\\\/#\\\/schema\\\/person\\\/2d35146a9c0fa51b027e8ff319cee627\"},\"headline\":\"#08 EPALE: platforma vzdel\u00e1vania dospel\u00fdch v Eur\u00f3pe\",\"datePublished\":\"2025-09-04T03:45:15+00:00\",\"dateModified\":\"2025-10-01T13:35:05+00:00\",\"mainEntityOfPage\":{\"@id\":\"https:\\\/\\\/archiv.siov.sk\\\/08-epale-platforma-vzdelavania-dospelych-v-europe\\\/\"},\"wordCount\":195,\"publisher\":{\"@id\":\"https:\\\/\\\/archiv.siov.sk\\\/#organization\"},\"image\":{\"@id\":\"https:\\\/\\\/archiv.siov.sk\\\/08-epale-platforma-vzdelavania-dospelych-v-europe\\\/#primaryimage\"},\"thumbnailUrl\":\"https:\\\/\\\/archiv.siov.sk\\\/wp-content\\\/uploads\\\/2025\\\/09\\\/SIOV-PLUS-epale1.png\",\"articleSection\":[\"Podcast\"],\"inLanguage\":\"en-GB\"},{\"@type\":\"WebPage\",\"@id\":\"https:\\\/\\\/archiv.siov.sk\\\/08-epale-platforma-vzdelavania-dospelych-v-europe\\\/\",\"url\":\"https:\\\/\\\/archiv.siov.sk\\\/08-epale-platforma-vzdelavania-dospelych-v-europe\\\/\",\"name\":\"#08 EPALE: platforma vzdel\u00e1vania dospel\u00fdch v Eur\u00f3pe - \u0160IOV - \u0161t\u00e1tny in\u0161tit\u00fat odborn\u00e9ho vzdel\u00e1vania\",\"isPartOf\":{\"@id\":\"https:\\\/\\\/archiv.siov.sk\\\/#website\"},\"primaryImageOfPage\":{\"@id\":\"https:\\\/\\\/archiv.siov.sk\\\/08-epale-platforma-vzdelavania-dospelych-v-europe\\\/#primaryimage\"},\"image\":{\"@id\":\"https:\\\/\\\/archiv.siov.sk\\\/08-epale-platforma-vzdelavania-dospelych-v-europe\\\/#primaryimage\"},\"thumbnailUrl\":\"https:\\\/\\\/archiv.siov.sk\\\/wp-content\\\/uploads\\\/2025\\\/09\\\/SIOV-PLUS-epale1.png\",\"datePublished\":\"2025-09-04T03:45:15+00:00\",\"dateModified\":\"2025-10-01T13:35:05+00:00\",\"breadcrumb\":{\"@id\":\"https:\\\/\\\/archiv.siov.sk\\\/08-epale-platforma-vzdelavania-dospelych-v-europe\\\/#breadcrumb\"},\"inLanguage\":\"en-GB\",\"potentialAction\":[{\"@type\":\"ReadAction\",\"target\":[\"https:\\\/\\\/archiv.siov.sk\\\/08-epale-platforma-vzdelavania-dospelych-v-europe\\\/\"]}]},{\"@type\":\"ImageObject\",\"inLanguage\":\"en-GB\",\"@id\":\"https:\\\/\\\/archiv.siov.sk\\\/08-epale-platforma-vzdelavania-dospelych-v-europe\\\/#primaryimage\",\"url\":\"https:\\\/\\\/archiv.siov.sk\\\/wp-content\\\/uploads\\\/2025\\\/09\\\/SIOV-PLUS-epale1.png\",\"contentUrl\":\"https:\\\/\\\/archiv.siov.sk\\\/wp-content\\\/uploads\\\/2025\\\/09\\\/SIOV-PLUS-epale1.png\",\"width\":2500,\"height\":2500,\"caption\":\"cover obrazok epale\"},{\"@type\":\"BreadcrumbList\",\"@id\":\"https:\\\/\\\/archiv.siov.sk\\\/08-epale-platforma-vzdelavania-dospelych-v-europe\\\/#breadcrumb\",\"itemListElement\":[{\"@type\":\"ListItem\",\"position\":1,\"name\":\"Home\",\"item\":\"https:\\\/\\\/archiv.siov.sk\\\/\"},{\"@type\":\"ListItem\",\"position\":2,\"name\":\"#08 EPALE: platforma vzdel\u00e1vania dospel\u00fdch v Eur\u00f3pe\"}]},{\"@type\":\"WebSite\",\"@id\":\"https:\\\/\\\/archiv.siov.sk\\\/#website\",\"url\":\"https:\\\/\\\/archiv.siov.sk\\\/\",\"name\":\"\u0160IOV - \u0161t\u00e1tny in\u0161tit\u00fat odborn\u00e9ho vzdel\u00e1vania\",\"description\":\"\",\"publisher\":{\"@id\":\"https:\\\/\\\/archiv.siov.sk\\\/#organization\"},\"potentialAction\":[{\"@type\":\"SearchAction\",\"target\":{\"@type\":\"EntryPoint\",\"urlTemplate\":\"https:\\\/\\\/archiv.siov.sk\\\/?s={search_term_string}\"},\"query-input\":{\"@type\":\"PropertyValueSpecification\",\"valueRequired\":true,\"valueName\":\"search_term_string\"}}],\"inLanguage\":\"en-GB\"},{\"@type\":\"Organization\",\"@id\":\"https:\\\/\\\/archiv.siov.sk\\\/#organization\",\"name\":\"\u0160IOV - \u0161t\u00e1tny in\u0161tit\u00fat odborn\u00e9ho vzdel\u00e1vania\",\"url\":\"https:\\\/\\\/archiv.siov.sk\\\/\",\"logo\":{\"@type\":\"ImageObject\",\"inLanguage\":\"en-GB\",\"@id\":\"https:\\\/\\\/archiv.siov.sk\\\/#\\\/schema\\\/logo\\\/image\\\/\",\"url\":\"https:\\\/\\\/archiv.siov.sk\\\/wp-content\\\/uploads\\\/2024\\\/02\\\/logo-SIOV.png\",\"contentUrl\":\"https:\\\/\\\/archiv.siov.sk\\\/wp-content\\\/uploads\\\/2024\\\/02\\\/logo-SIOV.png\",\"width\":431,\"height\":143,\"caption\":\"\u0160IOV - \u0161t\u00e1tny in\u0161tit\u00fat odborn\u00e9ho vzdel\u00e1vania\"},\"image\":{\"@id\":\"https:\\\/\\\/archiv.siov.sk\\\/#\\\/schema\\\/logo\\\/image\\\/\"},\"sameAs\":[\"https:\\\/\\\/www.facebook.com\\\/Statnyinstitutodbornehovzdelavania\"]},{\"@type\":\"Person\",\"@id\":\"https:\\\/\\\/archiv.siov.sk\\\/#\\\/schema\\\/person\\\/2d35146a9c0fa51b027e8ff319cee627\",\"name\":\"Gabriela Budayov\u00e1\",\"url\":\"https:\\\/\\\/archiv.siov.sk\\\/en\\\/author\\\/gabriela-budayova\\\/\"}]}<\/script>\n<!-- \/ Yoast SEO plugin. -->","yoast_head_json":{"title":"#08 EPALE: platforma vzdel\u00e1vania dospel\u00fdch v Eur\u00f3pe - \u0160IOV - \u0161t\u00e1tny in\u0161tit\u00fat odborn\u00e9ho vzdel\u00e1vania","robots":{"index":"index","follow":"follow","max-snippet":"max-snippet:-1","max-image-preview":"max-image-preview:large","max-video-preview":"max-video-preview:-1"},"canonical":"https:\/\/archiv.siov.sk\/en\/08-epale-platforma-vzdelavania-dospelych-v-europe\/","og_locale":"en_GB","og_type":"article","og_title":"#08 EPALE: platforma vzdel\u00e1vania dospel\u00fdch v Eur\u00f3pe - \u0160IOV - \u0161t\u00e1tny in\u0161tit\u00fat odborn\u00e9ho vzdel\u00e1vania","og_description":"Platforma EPALE\u00a0u\u017e desa\u0165 rokov podporuje odborn\u00edkov, in\u0161tit\u00facie aj jednotlivcov, ktor\u00ed sa venuj\u00fa vzdel\u00e1vaniu dospel\u00fdch. Ako sa za ten \u010das vyv\u00edjala? Komu m\u00f4\u017ee sl\u00fa\u017ei\u0165 a ak\u00e9 pr\u00edle\u017eitosti dnes pon\u00faka? V tejto epiz\u00f3de sa o svoje sk\u00fasenosti podelia Monika Petlu\u0161ov\u00e1 a Peter Ma\u013ea, slovensk\u00ed koordin\u00e1tori iniciat\u00edvy EPALE, ktor\u00ed pribli\u017euj\u00fa z\u00e1kulisie fungovania platformy, prezr\u00e1dzaj\u00fa, ako sa jej dar\u00ed [&hellip;]","og_url":"https:\/\/archiv.siov.sk\/en\/08-epale-platforma-vzdelavania-dospelych-v-europe\/","og_site_name":"\u0160IOV - \u0161t\u00e1tny in\u0161tit\u00fat odborn\u00e9ho vzdel\u00e1vania","article_publisher":"https:\/\/www.facebook.com\/Statnyinstitutodbornehovzdelavania","article_published_time":"2025-09-04T03:45:15+00:00","article_modified_time":"2025-10-01T13:35:05+00:00","og_image":[{"width":2500,"height":2500,"url":"https:\/\/archiv.siov.sk\/wp-content\/uploads\/2025\/09\/SIOV-PLUS-epale1.png","type":"image\/png"}],"author":"Gabriela Budayov\u00e1","twitter_card":"summary_large_image","twitter_misc":{"Written by":"Gabriela Budayov\u00e1","Estimated reading time":"1 minute"},"schema":{"@context":"https:\/\/schema.org","@graph":[{"@type":"Article","@id":"https:\/\/archiv.siov.sk\/08-epale-platforma-vzdelavania-dospelych-v-europe\/#article","isPartOf":{"@id":"https:\/\/archiv.siov.sk\/08-epale-platforma-vzdelavania-dospelych-v-europe\/"},"author":{"name":"Gabriela Budayov\u00e1","@id":"https:\/\/archiv.siov.sk\/#\/schema\/person\/2d35146a9c0fa51b027e8ff319cee627"},"headline":"#08 EPALE: platforma vzdel\u00e1vania dospel\u00fdch v Eur\u00f3pe","datePublished":"2025-09-04T03:45:15+00:00","dateModified":"2025-10-01T13:35:05+00:00","mainEntityOfPage":{"@id":"https:\/\/archiv.siov.sk\/08-epale-platforma-vzdelavania-dospelych-v-europe\/"},"wordCount":195,"publisher":{"@id":"https:\/\/archiv.siov.sk\/#organization"},"image":{"@id":"https:\/\/archiv.siov.sk\/08-epale-platforma-vzdelavania-dospelych-v-europe\/#primaryimage"},"thumbnailUrl":"https:\/\/archiv.siov.sk\/wp-content\/uploads\/2025\/09\/SIOV-PLUS-epale1.png","articleSection":["Podcast"],"inLanguage":"en-GB"},{"@type":"WebPage","@id":"https:\/\/archiv.siov.sk\/08-epale-platforma-vzdelavania-dospelych-v-europe\/","url":"https:\/\/archiv.siov.sk\/08-epale-platforma-vzdelavania-dospelych-v-europe\/","name":"#08 EPALE: platforma vzdel\u00e1vania dospel\u00fdch v Eur\u00f3pe - \u0160IOV - \u0161t\u00e1tny in\u0161tit\u00fat odborn\u00e9ho vzdel\u00e1vania","isPartOf":{"@id":"https:\/\/archiv.siov.sk\/#website"},"primaryImageOfPage":{"@id":"https:\/\/archiv.siov.sk\/08-epale-platforma-vzdelavania-dospelych-v-europe\/#primaryimage"},"image":{"@id":"https:\/\/archiv.siov.sk\/08-epale-platforma-vzdelavania-dospelych-v-europe\/#primaryimage"},"thumbnailUrl":"https:\/\/archiv.siov.sk\/wp-content\/uploads\/2025\/09\/SIOV-PLUS-epale1.png","datePublished":"2025-09-04T03:45:15+00:00","dateModified":"2025-10-01T13:35:05+00:00","breadcrumb":{"@id":"https:\/\/archiv.siov.sk\/08-epale-platforma-vzdelavania-dospelych-v-europe\/#breadcrumb"},"inLanguage":"en-GB","potentialAction":[{"@type":"ReadAction","target":["https:\/\/archiv.siov.sk\/08-epale-platforma-vzdelavania-dospelych-v-europe\/"]}]},{"@type":"ImageObject","inLanguage":"en-GB","@id":"https:\/\/archiv.siov.sk\/08-epale-platforma-vzdelavania-dospelych-v-europe\/#primaryimage","url":"https:\/\/archiv.siov.sk\/wp-content\/uploads\/2025\/09\/SIOV-PLUS-epale1.png","contentUrl":"https:\/\/archiv.siov.sk\/wp-content\/uploads\/2025\/09\/SIOV-PLUS-epale1.png","width":2500,"height":2500,"caption":"cover obrazok epale"},{"@type":"BreadcrumbList","@id":"https:\/\/archiv.siov.sk\/08-epale-platforma-vzdelavania-dospelych-v-europe\/#breadcrumb","itemListElement":[{"@type":"ListItem","position":1,"name":"Home","item":"https:\/\/archiv.siov.sk\/"},{"@type":"ListItem","position":2,"name":"#08 EPALE: platforma vzdel\u00e1vania dospel\u00fdch v Eur\u00f3pe"}]},{"@type":"WebSite","@id":"https:\/\/archiv.siov.sk\/#website","url":"https:\/\/archiv.siov.sk\/","name":"\u0160IOV - \u0161t\u00e1tny in\u0161tit\u00fat odborn\u00e9ho vzdel\u00e1vania","description":"","publisher":{"@id":"https:\/\/archiv.siov.sk\/#organization"},"potentialAction":[{"@type":"SearchAction","target":{"@type":"EntryPoint","urlTemplate":"https:\/\/archiv.siov.sk\/?s={search_term_string}"},"query-input":{"@type":"PropertyValueSpecification","valueRequired":true,"valueName":"search_term_string"}}],"inLanguage":"en-GB"},{"@type":"Organization","@id":"https:\/\/archiv.siov.sk\/#organization","name":"\u0160IOV - \u0161t\u00e1tny in\u0161tit\u00fat odborn\u00e9ho vzdel\u00e1vania","url":"https:\/\/archiv.siov.sk\/","logo":{"@type":"ImageObject","inLanguage":"en-GB","@id":"https:\/\/archiv.siov.sk\/#\/schema\/logo\/image\/","url":"https:\/\/archiv.siov.sk\/wp-content\/uploads\/2024\/02\/logo-SIOV.png","contentUrl":"https:\/\/archiv.siov.sk\/wp-content\/uploads\/2024\/02\/logo-SIOV.png","width":431,"height":143,"caption":"\u0160IOV - \u0161t\u00e1tny in\u0161tit\u00fat odborn\u00e9ho vzdel\u00e1vania"},"image":{"@id":"https:\/\/archiv.siov.sk\/#\/schema\/logo\/image\/"},"sameAs":["https:\/\/www.facebook.com\/Statnyinstitutodbornehovzdelavania"]},{"@type":"Person","@id":"https:\/\/archiv.siov.sk\/#\/schema\/person\/2d35146a9c0fa51b027e8ff319cee627","name":"Gabriela Budayov\u00e1","url":"https:\/\/archiv.siov.sk\/en\/author\/gabriela-budayova\/"}]}},"_links":{"self":[{"href":"https:\/\/archiv.siov.sk\/en\/wp-json\/wp\/v2\/posts\/20786","targetHints":{"allow":["GET"]}}],"collection":[{"href":"https:\/\/archiv.siov.sk\/en\/wp-json\/wp\/v2\/posts"}],"about":[{"href":"https:\/\/archiv.siov.sk\/en\/wp-json\/wp\/v2\/types\/post"}],"author":[{"embeddable":true,"href":"https:\/\/archiv.siov.sk\/en\/wp-json\/wp\/v2\/users\/10"}],"replies":[{"embeddable":true,"href":"https:\/\/archiv.siov.sk\/en\/wp-json\/wp\/v2\/comments?post=20786"}],"version-history":[{"count":8,"href":"https:\/\/archiv.siov.sk\/en\/wp-json\/wp\/v2\/posts\/20786\/revisions"}],"predecessor-version":[{"id":21432,"href":"https:\/\/archiv.siov.sk\/en\/wp-json\/wp\/v2\/posts\/20786\/revisions\/21432"}],"wp:featuredmedia":[{"embeddable":true,"href":"https:\/\/archiv.siov.sk\/en\/wp-json\/wp\/v2\/media\/20787"}],"wp:attachment":[{"href":"https:\/\/archiv.siov.sk\/en\/wp-json\/wp\/v2\/media?parent=20786"}],"wp:term":[{"taxonomy":"category","embeddable":true,"href":"https:\/\/archiv.siov.sk\/en\/wp-json\/wp\/v2\/categories?post=20786"},{"taxonomy":"post_tag","embeddable":true,"href":"https:\/\/archiv.siov.sk\/en\/wp-json\/wp\/v2\/tags?post=20786"}],"curies":[{"name":"wp","href":"https:\/\/api.w.org\/{rel}","templated":true}]}}