{"id":20707,"date":"2025-09-02T14:48:50","date_gmt":"2025-09-02T12:48:50","guid":{"rendered":"https:\/\/archiv.siov.sk\/?p=20707"},"modified":"2025-09-03T06:40:03","modified_gmt":"2025-09-03T04:40:03","slug":"tyzden-plny-zrucnosti-kvality-a-inspiracie","status":"publish","type":"post","link":"https:\/\/archiv.siov.sk\/en\/tyzden-plny-zrucnosti-kvality-a-inspiracie\/","title":{"rendered":"T\u00fd\u017ede\u0148 pln\u00fd zru\u010dnost\u00ed, kvality a in\u0161pir\u00e1cie"},"content":{"rendered":"<div data-elementor-type=\"wp-post\" data-elementor-id=\"20707\" class=\"elementor elementor-20707\" data-elementor-post-type=\"post\">\n\t\t\t\t<div class=\"elementor-element elementor-element-6af469d1 e-flex e-con-boxed e-con e-parent\" data-id=\"6af469d1\" data-element_type=\"container\" data-e-type=\"container\">\n\t\t\t\t\t<div class=\"e-con-inner\">\n\t\t\t\t<div class=\"elementor-element elementor-element-239c41d0 elementor-widget elementor-widget-text-editor\" data-id=\"239c41d0\" data-element_type=\"widget\" data-e-type=\"widget\" data-widget_type=\"text-editor.default\">\n\t\t\t\t<div class=\"elementor-widget-container\">\n\t\t\t\t\t\t\t\t\t<p>Tret\u00ed ro\u010dn\u00edk Festivalu zru\u010dnost\u00ed od\u0161tartuje 22. septembra 2025 pod z\u00e1\u0161titou \u0160t\u00e1tneho in\u0161tit\u00fatu odborn\u00e9ho vzdel\u00e1vania (\u0160IOV) v spolupr\u00e1ci s Ministerstvom \u0161kolstva, v\u00fdskumu, v\u00fdvoja a ml\u00e1de\u017ee SR a \u010fal\u0161\u00edmi partnermi. Po\u010das piatich dn\u00ed, od 22. do 26. septembra 2025, festival prinesie s\u00e9riu podujat\u00ed po celom Slovensku, zameran\u00fdch na podporu rozvoja zru\u010dnost\u00ed, zv\u00fd\u0161enie kvality vo vzdel\u00e1van\u00ed a prep\u00e1janie te\u00f3rie s praxou. Festival je bezplatn\u00fd a otvoren\u00fd pre \u0161irok\u00fa verejnos\u0165, so zameran\u00edm na \u017eiakov, pedag\u00f3gov, odborn\u00edkov, ako aj v\u0161etk\u00fdch z\u00e1ujemcov o kvalitn\u00e9 vzdel\u00e1vanie a celo\u017eivotn\u00e9 u\u010denie sa.<\/p><p><strong>Program Festivalu zru\u010dnost\u00ed 2025:<\/strong><\/p><p>22. SEPTEMBER &#8211; KONFERENCIA AKO SLOVENSKO PODPORUJE ROZVOJ ZRU\u010cNOST\u00cd<\/p><p>23. SEPTEMBER &#8211; AKAD\u00c9MIA TALENTOV A TRH REMESIEL<\/p><p>24. SEPTEMBER &#8211; KONFERENCIA ZABEZPE\u010cOVANIE KVALITY VO VZDEL\u00c1VAN\u00cd: OD STRAT\u00c9GI\u00cd k PRAXI<\/p><p>25. SEPTEMBER &#8211; PREZENT\u00c1CIA ZRU\u010cNOST\u00cd PRE VEREJNOS\u0164<\/p><p>22. &#8211; 26. SEPTEMBER &#8211; VZDEL\u00c1VACIE AKTIVITY PO CELOM SLOVENSKU<br \/>&#8212;&#8212;&#8212;&#8212;&#8212;&#8212;&#8212;&#8212;&#8212;&#8212;&#8212;&#8212;&#8212;&#8212;&#8212;&#8212;&#8212;&#8212;&#8212;&#8212;&#8212;&#8212;&#8212;&#8212;&#8212;&#8212;&#8212;&#8212;&#8212;&#8212;&#8212;&#8212;&#8212;&#8212;&#8212;&#8212;&#8212;&#8212;&#8212;&#8212;&#8212;&#8212;&#8212;&#8212;&#8212;&#8212;&#8212;&#8212;&#8212;&#8212;&#8212;&#8212;&#8212;&#8212;&#8212;&#8212;&#8212;&#8212;&#8212;&#8212;&#8212;&#8212;&#8212;&#8212;&#8212;&#8212;&#8212;&#8212;&#8212;&#8212;&#8212;&#8212;&#8212;&#8212;-<\/p><h4><strong>22. SEPTEMBER (pondelok) &#8211; Konferencia <\/strong><em><strong>Ako Slovensko podporuje rozvoj zru\u010dnost\u00ed?<\/strong><br \/><\/em><strong>Miesto a \u010das: Radisson Blu Carlton Hotel, Bratislava, 13:30 &#8211; 17:30<\/strong><\/h4><p><span style=\"font-size: 16px;\">Festival otvor\u00ed odborn\u00e9 podujatie zameran\u00e9 na predstavenie najnov\u0161\u00edch legislat\u00edvnych zmien a in\u0161titucion\u00e1lneho zabezpe\u010denia vo vzdel\u00e1van\u00ed dospel\u00fdch zaveden\u00fdch z\u00e1konom o vzdel\u00e1van\u00ed dospel\u00fdch v roku 2025. Konferencia predstav\u00ed nov\u00e9 prvky v syst\u00e9me vzdel\u00e1vania, sp\u00f4sob a podmienky ich realiz\u00e1cie.<\/span><\/p><p>Program sa zameria na t\u00e9my ako <strong>certifik\u00e1cia in\u0161tit\u00faci\u00ed vzdel\u00e1vania dospel\u00fdch<\/strong>, <strong>akredit\u00e1cia vzdel\u00e1vac\u00edch programov<\/strong>, <strong>overovanie vzdel\u00e1vac\u00edch v\u00fdstupov<\/strong>, ale aj aktu\u00e1lne trendy ako <strong>digit\u00e1lne a zelen\u00e9 zru\u010dnosti<\/strong> \u010di <strong>kari\u00e9rov\u00e9 poradenstvo pre dospel\u00fdch<\/strong>. \u00da\u010dastn\u00edci sa dozvedia viac aj o pripravovan\u00fdch individu\u00e1lnych vzdel\u00e1vac\u00edch \u00fa\u010dtoch , ako poskytova\u0165 mikroosved\u010denia alebo si da\u0165 overi\u0165 zru\u010dnost\u00ediz\u00edskan\u00e9 mimo form\u00e1lneho vzdel\u00e1vania.<\/p><p>Medzi re\u010dn\u00edkmi vyst\u00fapia odborn\u00edci z Ministerstva \u0161kolstva, v\u00fdskumu, v\u00fdvoja a ml\u00e1de\u017ee SR, z\u00e1stupcovia Aliancie sektorov\u00fdch r\u00e1d, Digit\u00e1lnej koal\u00edcie a Zdru\u017eenia pre kari\u00e9rov\u00e9 poradenstvo a rozvoj kari\u00e9ry.<\/p><p>Registr\u00e1cia na podujatie: <a href=\"https:\/\/forms.office.com\/e\/t4K1nkV1nb\">https:\/\/forms.office.com\/e\/t4K1nkV1nb<\/a><\/p><p><img fetchpriority=\"high\" decoding=\"async\" class=\"alignnone wp-image-20434\" src=\"https:\/\/siov.sk\/wp-content\/uploads\/2025\/08\/Pozvanka-na-podujatie-pre-odbornikov-vo-vzdelavani_pondelok_FZ_2025-min-1-300x212.png\" alt=\"\" width=\"450\" height=\"318\" srcset=\"https:\/\/archiv.siov.sk\/wp-content\/uploads\/2025\/08\/Pozvanka-na-podujatie-pre-odbornikov-vo-vzdelavani_pondelok_FZ_2025-min-1-300x212.png 300w, https:\/\/archiv.siov.sk\/wp-content\/uploads\/2025\/08\/Pozvanka-na-podujatie-pre-odbornikov-vo-vzdelavani_pondelok_FZ_2025-min-1-1024x724.png 1024w, https:\/\/archiv.siov.sk\/wp-content\/uploads\/2025\/08\/Pozvanka-na-podujatie-pre-odbornikov-vo-vzdelavani_pondelok_FZ_2025-min-1-768x543.png 768w, https:\/\/archiv.siov.sk\/wp-content\/uploads\/2025\/08\/Pozvanka-na-podujatie-pre-odbornikov-vo-vzdelavani_pondelok_FZ_2025-min-1-1536x1086.png 1536w\" sizes=\"(max-width: 450px) 100vw, 450px\" \/><\/p><h4><strong>23. SEPTEMBER (utorok) &#8211; Akad\u00e9mia talentov a Trh remesiel<\/strong><em><br \/><\/em><strong>Miesto a \u010das: Nivy centrum Bratislava, 9:00 &#8211; 17:00<\/strong><\/h4><p><span style=\"font-size: 16px;\">Tento de\u0148 bude patri\u0165 mlad\u00fdm talentom. <\/span><strong style=\"font-size: 16px;\">Akad\u00e9mia stredo\u0161kolsk\u00fdch talentov<\/strong><span style=\"font-size: 16px;\"> predstav\u00ed v\u00fdnimo\u010dn\u00e9 \u00faspechy \u017eiakov stredn\u00fdch odborn\u00fdch \u0161k\u00f4l od inovat\u00edvnych projektov a s\u00fa\u0165a\u017en\u00fdch pr\u00e1c a\u017e po aktivity, ktor\u00e9 dokazuj\u00fa ich tvorivos\u0165, technick\u00fa zru\u010dnos\u0165 a anga\u017eovanos\u0165. Cie\u013eom podujatia je nielen oceni\u0165 ich doteraj\u0161ie \u00faspechy, ale aj in\u0161pirova\u0165 ich rovesn\u00edkov k vlastnej aktivite a rozvoju po\u010das \u0161t\u00fadia.<\/span><\/p><p>Popoludn\u00ed sa n\u00e1v\u0161tevn\u00edci presun\u00fa na <strong>Trh remesiel<\/strong>, kde sa v st\u00e1nkoch predstavia \u0161koly prostredn\u00edctvom praktick\u00fdch uk\u00e1\u017eok, pr\u00edpadne ponuky produktov a\u00a0slu\u017eieb, ktor\u00e9 ich \u0161kolu reprezentuj\u00fa. Tradi\u010dn\u00e9 i modern\u00e9 techniky, \u017eiv\u00e9 prezent\u00e1cie a mo\u017enos\u0165 zapoji\u0165 sa do vybran\u00fdch aktiv\u00edt vytvoria jedine\u010dn\u00fa atmosf\u00e9ru, ktor\u00e1 uk\u00e1\u017ee, \u017ee odborn\u00e9 vzdel\u00e1vanie je nielen u\u017eito\u010dn\u00e9, ale aj kreat\u00edvne a z\u00e1bavn\u00e9.<\/p><p>Registr\u00e1cia na podujatie: <a href=\"https:\/\/forms.office.com\/e\/isXmdPAbn3\">https:\/\/forms.office.com\/e\/isXmdPAbn3<\/a><\/p><p><img decoding=\"async\" class=\"alignnone wp-image-20502\" src=\"https:\/\/siov.sk\/wp-content\/uploads\/2025\/08\/Pozvanka-na-Akademiu-talentov-a-Trh-remesiel_utorok_FZ_2025-min-300x212.png\" alt=\"\" width=\"450\" height=\"318\" srcset=\"https:\/\/archiv.siov.sk\/wp-content\/uploads\/2025\/08\/Pozvanka-na-Akademiu-talentov-a-Trh-remesiel_utorok_FZ_2025-min-300x212.png 300w, https:\/\/archiv.siov.sk\/wp-content\/uploads\/2025\/08\/Pozvanka-na-Akademiu-talentov-a-Trh-remesiel_utorok_FZ_2025-min-1024x724.png 1024w, https:\/\/archiv.siov.sk\/wp-content\/uploads\/2025\/08\/Pozvanka-na-Akademiu-talentov-a-Trh-remesiel_utorok_FZ_2025-min-768x543.png 768w, https:\/\/archiv.siov.sk\/wp-content\/uploads\/2025\/08\/Pozvanka-na-Akademiu-talentov-a-Trh-remesiel_utorok_FZ_2025-min-1536x1086.png 1536w\" sizes=\"(max-width: 450px) 100vw, 450px\" \/><\/p><h4><strong>24. SEPTEMBER (streda) &#8211; Konferencia <em>Zabezpe\u010dovanie kvality vo vzdel\u00e1van\u00ed<br \/><\/em>Miesto a \u010das:<\/strong> <strong>\u00darad pre normaliz\u00e1ciu, metrol\u00f3giu a sk\u00fa\u0161obn\u00edctvo SR, Bratislava, 9:30 &#8211; 15:30<\/strong><\/h4><p>Tret\u00ed de\u0148 festivalu sa bude nies\u0165 v znamen\u00ed <strong>kvality vo vzdel\u00e1van\u00ed<\/strong>. Odborn\u00e1 konferencia otvor\u00ed priestor pre diskusiu o o zabezpe\u010dovan\u00ed kvality vo vzdel\u00e1van\u00ed a potrebe spolo\u010dnej <strong>strat\u00e9gie kvality<\/strong>, v\u00fdmene sk\u00fasenost\u00ed a prezent\u00e1cii \u00faspe\u0161n\u00fdch pr\u00edkladov z praxe. Cie\u013eom je posilni\u0165 spolo\u010dn\u00e9 \u00fasilie smeruj\u00face k systematick\u00e9mu zvy\u0161ovaniu kvality odborn\u00e9ho vzdel\u00e1vania a pr\u00edpravy. Do diskusie sa zapoja z\u00e1stupcovia Aliancie sektorov\u00fdch r\u00e1d, Digit\u00e1lnej koal\u00edcie, \u0160t\u00e1tnej \u0161kolskej in\u0161pekcie, Asoci\u00e1cie stredn\u00fdch odborn\u00fdch \u0161k\u00f4l a \u010fal\u0161ie organiz\u00e1cie p\u00f4sobiace v oblasti kvality a rozvoja vzdel\u00e1vania.<\/p><p>Registr\u00e1cia na podujatie: <a href=\"https:\/\/forms.office.com\/e\/GpHaTxghcz\">https:\/\/forms.office.com\/e\/GpHaTxghcz<\/a><\/p><p>Na konferenciu nadvia\u017ee 20. jubilejn\u00e1 konferencia o kvalite a spolo\u010denskej zodpovednosti, ktor\u00fa organizuje \u00darad pre normaliz\u00e1ciu, metrol\u00f3giu a sk\u00fa\u0161obn\u00edctvo SR d\u0148a <strong>25. septembra 2025<\/strong>.<br \/><a href=\"https:\/\/cafcentrum.unms.sk\/skolenie\/385?utm_source=chatgpt.com\">Viac inform\u00e1ci\u00ed TU<\/a><\/p><p><img decoding=\"async\" class=\"alignnone wp-image-20729\" src=\"https:\/\/siov.sk\/wp-content\/uploads\/2025\/09\/4.-Pozvanka-na-konferenciu-o-kvalite-vo-vzdelavani_FZ_2025-3-300x212.png\" alt=\"\" width=\"450\" height=\"318\" srcset=\"https:\/\/archiv.siov.sk\/wp-content\/uploads\/2025\/09\/4.-Pozvanka-na-konferenciu-o-kvalite-vo-vzdelavani_FZ_2025-3-300x212.png 300w, https:\/\/archiv.siov.sk\/wp-content\/uploads\/2025\/09\/4.-Pozvanka-na-konferenciu-o-kvalite-vo-vzdelavani_FZ_2025-3-1024x724.png 1024w, https:\/\/archiv.siov.sk\/wp-content\/uploads\/2025\/09\/4.-Pozvanka-na-konferenciu-o-kvalite-vo-vzdelavani_FZ_2025-3-768x543.png 768w, https:\/\/archiv.siov.sk\/wp-content\/uploads\/2025\/09\/4.-Pozvanka-na-konferenciu-o-kvalite-vo-vzdelavani_FZ_2025-3-1536x1086.png 1536w\" sizes=\"(max-width: 450px) 100vw, 450px\" \/><\/p><h4><strong>25. SEPTEMBER (\u0161tvrtok) &#8211; Prezent\u00e1cia zru\u010dnost\u00ed pre verejnos\u0165\u00a0<em><br \/><\/em>Miesto a \u010das:<\/strong> <strong>Nivy centrum Bratislava, 12:00 &#8211; 17:00<\/strong><\/h4><p>Festival sa v tento de\u0148 otvor\u00ed \u0161irokej verejnosti. N\u00e1v\u0161tevn\u00edci v\u0161etk\u00fdch vekov\u00fdch kateg\u00f3ri\u00ed bud\u00fa ma\u0165 mo\u017enos\u0165 za\u017ei\u0165 <strong>interakt\u00edvne aktivity a praktick\u00e9 uk\u00e1\u017eky zru\u010dnost\u00ed<\/strong>, ktor\u00e9 m\u00f4\u017eu rozv\u00edja\u0165 v r\u00f4znych form\u00e1ch vzdel\u00e1vania.<\/p><p>Na podujat\u00ed sa predstavia viacer\u00e9 in\u0161tit\u00facie \u2013 <strong>Ministerstvo invest\u00edci\u00ed, region\u00e1lneho rozvoja a informatiz\u00e1cie SR, Strom \u017eivota, JA Slovensko, Europass, Digit\u00e1lna koal\u00edcia, Zdru\u017eenie pre kari\u00e9rov\u00e9 poradenstvo a rozvoj kari\u00e9ry<\/strong> a \u010fal\u0161\u00ed partneri. Ka\u017ed\u00e1 z organiz\u00e1ci\u00ed prinesie do programu vlastn\u00fd origin\u00e1lny obsah \u2013 od workshopov, kv\u00edzov, poradenstva a\u017e po uk\u00e1\u017eky vzdel\u00e1vac\u00edch pom\u00f4cok a interakt\u00edvnych n\u00e1strojov.<br \/>Programom bude sprev\u00e1dza\u0165 moder\u00e1torka Barbara \u201eBabsy\u201c Jagu\u0161\u00e1k. Vstup na podujatie je vo\u013en\u00fd, bez nutnosti registr\u00e1cie.<\/p><p><img loading=\"lazy\" decoding=\"async\" class=\"alignnone wp-image-20631\" src=\"https:\/\/siov.sk\/wp-content\/uploads\/2025\/09\/Pozvanka-pre-verejnost-na-Prezentaciu-zrucnosti_stvrtok_FZ_2025-min-3-300x212.png\" alt=\"\" width=\"450\" height=\"318\" srcset=\"https:\/\/archiv.siov.sk\/wp-content\/uploads\/2025\/09\/Pozvanka-pre-verejnost-na-Prezentaciu-zrucnosti_stvrtok_FZ_2025-min-3-300x212.png 300w, https:\/\/archiv.siov.sk\/wp-content\/uploads\/2025\/09\/Pozvanka-pre-verejnost-na-Prezentaciu-zrucnosti_stvrtok_FZ_2025-min-3-1024x724.png 1024w, https:\/\/archiv.siov.sk\/wp-content\/uploads\/2025\/09\/Pozvanka-pre-verejnost-na-Prezentaciu-zrucnosti_stvrtok_FZ_2025-min-3-768x543.png 768w, https:\/\/archiv.siov.sk\/wp-content\/uploads\/2025\/09\/Pozvanka-pre-verejnost-na-Prezentaciu-zrucnosti_stvrtok_FZ_2025-min-3-1536x1086.png 1536w\" sizes=\"(max-width: 450px) 100vw, 450px\" \/><\/p><h4><strong>22. &#8211; 26. SEPTEMBER (cel\u00fd t\u00fd\u017ede\u0148) &#8211; Vzdel\u00e1vacie aktivity po celom Slovensku<em><br \/><\/em>Miesto a \u010das:<\/strong> <strong>Slovensko, cel\u00fd t\u00fd\u017ede\u0148<\/strong><\/h4><p>Po\u010das cel\u00e9ho t\u00fd\u017ed\u0148a sa uskuto\u010dn\u00ed mno\u017estvo <strong>workshopov, \u0161kolen\u00ed, predn\u00e1\u0161ok a semin\u00e1rov v r\u00f4znych mest\u00e1ch Slovenska<\/strong>, ktor\u00e9 sa zameriavaj\u00fa na \u0161irok\u00e9 spektrum t\u00e9m \u2013 od praktick\u00fdch remeseln\u00fdch zru\u010dnost\u00ed, cez digit\u00e1lne kompetencie a\u017e po kari\u00e9rov\u00e9 a osobnostn\u00e9 poradenstvo.<\/p><p>Tieto aktivity bud\u00fa ur\u010den\u00e9 nielen pre \u017eiakov a pedag\u00f3gov, ale aj pre <strong>dospel\u00fdch, seniorov a v\u0161etk\u00fdch, ktor\u00ed sa chc\u00fa vzdel\u00e1va\u0165, zlep\u0161ova\u0165 alebo op\u00e4tovne vst\u00fapi\u0165 na trh pr\u00e1ce<\/strong>. Cie\u013eom je uk\u00e1za\u0165, \u017ee u\u010denie a rozvoj zru\u010dnost\u00ed je celo\u017eivotn\u00fdm procesom a pr\u00edstupn\u00fdm pre ka\u017ed\u00e9ho \u2013 bez oh\u013eadu na vek, p\u00f4vod \u010di predch\u00e1dzaj\u00face vzdelanie.<\/p><p>Registr\u00e1cia vzdel\u00e1vac\u00edch aktiv\u00edt: <a href=\"https:\/\/forms.office.com\/e\/5R98RHbrHx\">https:\/\/forms.office.com\/e\/5R98RHbrHx<\/a><\/p><p><img loading=\"lazy\" decoding=\"async\" class=\"alignnone wp-image-20651\" src=\"https:\/\/siov.sk\/wp-content\/uploads\/2025\/09\/Pozvanka-pre-vzdelavacie-organizacie_FZ_2025-300x212.png\" alt=\"\" width=\"450\" height=\"318\" srcset=\"https:\/\/archiv.siov.sk\/wp-content\/uploads\/2025\/09\/Pozvanka-pre-vzdelavacie-organizacie_FZ_2025-300x212.png 300w, https:\/\/archiv.siov.sk\/wp-content\/uploads\/2025\/09\/Pozvanka-pre-vzdelavacie-organizacie_FZ_2025-1024x724.png 1024w, https:\/\/archiv.siov.sk\/wp-content\/uploads\/2025\/09\/Pozvanka-pre-vzdelavacie-organizacie_FZ_2025-768x543.png 768w\" sizes=\"(max-width: 450px) 100vw, 450px\" \/><\/p><p>Te\u0161\u00edme sa na va\u0161u \u00fa\u010das\u0165.<\/p><figure id=\"attachment_19606\" aria-describedby=\"caption-attachment-19606\" style=\"width: 400px\" class=\"wp-caption aligncenter\"><img loading=\"lazy\" decoding=\"async\" class=\"wp-image-19606\" src=\"https:\/\/siov.sk\/wp-content\/uploads\/2025\/06\/spolufinancovane-EU-300x86.png\" alt=\"spolufinancovany EU logo\" width=\"400\" height=\"114\" srcset=\"https:\/\/archiv.siov.sk\/wp-content\/uploads\/2025\/06\/spolufinancovane-EU-300x86.png 300w, https:\/\/archiv.siov.sk\/wp-content\/uploads\/2025\/06\/spolufinancovane-EU-18x5.png 18w, https:\/\/archiv.siov.sk\/wp-content\/uploads\/2025\/06\/spolufinancovane-EU.png 600w\" sizes=\"(max-width: 400px) 100vw, 400px\" \/><figcaption id=\"caption-attachment-19606\" class=\"wp-caption-text\">Financovan\u00e9 Eur\u00f3pskou \u00faniou. Vyjadren\u00e9 n\u00e1zory a postoje s\u00fa n\u00e1zormi a vyhl\u00e1seniami autora a nemusia nevyhnutne odr\u00e1\u017ea\u0165 n\u00e1zory a stanovisk\u00e1 Eur\u00f3pskej \u00fanie alebo Eur\u00f3pskej v\u00fdkonnej agent\u00fary pre vzdel\u00e1vanie a kult\u00faru (EACEA). Eur\u00f3pska \u00fania ani EACEA za ne nepreberaj\u00fa \u017eiadnu zodpovednos\u0165.<\/figcaption><\/figure>\t\t\t\t\t\t\t\t<\/div>\n\t\t\t\t<\/div>\n\t\t\t\t\t<\/div>\n\t\t\t\t<\/div>\n\t\t\t\t<\/div>","protected":false},"excerpt":{"rendered":"<p>Tret\u00ed ro\u010dn\u00edk Festivalu zru\u010dnost\u00ed od\u0161tartuje 22. septembra 2025 pod z\u00e1\u0161titou \u0160t\u00e1tneho in\u0161tit\u00fatu odborn\u00e9ho vzdel\u00e1vania (\u0160IOV) v spolupr\u00e1ci s Ministerstvom \u0161kolstva, v\u00fdskumu, v\u00fdvoja a ml\u00e1de\u017ee SR a \u010fal\u0161\u00edmi partnermi. Po\u010das piatich dn\u00ed, od 22. do 26. septembra 2025, festival prinesie s\u00e9riu podujat\u00ed po celom Slovensku, zameran\u00fdch na podporu rozvoja zru\u010dnost\u00ed, zv\u00fd\u0161enie kvality vo vzdel\u00e1van\u00ed a prep\u00e1janie [&hellip;]<\/p>\n","protected":false},"author":10,"featured_media":20718,"comment_status":"closed","ping_status":"closed","sticky":false,"template":"","format":"standard","meta":{"site-sidebar-layout":"default","site-content-layout":"","ast-site-content-layout":"default","site-content-style":"default","site-sidebar-style":"default","ast-global-header-display":"","ast-banner-title-visibility":"","ast-main-header-display":"","ast-hfb-above-header-display":"","ast-hfb-below-header-display":"","ast-hfb-mobile-header-display":"","site-post-title":"","ast-breadcrumbs-content":"","ast-featured-img":"","footer-sml-layout":"","ast-disable-related-posts":"","theme-transparent-header-meta":"default","adv-header-id-meta":"","stick-header-meta":"default","header-above-stick-meta":"","header-main-stick-meta":"","header-below-stick-meta":"","astra-migrate-meta-layouts":"set","ast-page-background-enabled":"default","ast-page-background-meta":{"desktop":{"background-color":"var(--ast-global-color-4)","background-image":"","background-repeat":"repeat","background-position":"center center","background-size":"auto","background-attachment":"scroll","background-type":"","background-media":"","overlay-type":"","overlay-color":"","overlay-opacity":"","overlay-gradient":""},"tablet":{"background-color":"","background-image":"","background-repeat":"repeat","background-position":"center center","background-size":"auto","background-attachment":"scroll","background-type":"","background-media":"","overlay-type":"","overlay-color":"","overlay-opacity":"","overlay-gradient":""},"mobile":{"background-color":"","background-image":"","background-repeat":"repeat","background-position":"center center","background-size":"auto","background-attachment":"scroll","background-type":"","background-media":"","overlay-type":"","overlay-color":"","overlay-opacity":"","overlay-gradient":""}},"ast-content-background-meta":{"desktop":{"background-color":"var(--ast-global-color-5)","background-image":"","background-repeat":"repeat","background-position":"center center","background-size":"auto","background-attachment":"scroll","background-type":"","background-media":"","overlay-type":"","overlay-color":"","overlay-opacity":"","overlay-gradient":""},"tablet":{"background-color":"var(--ast-global-color-5)","background-image":"","background-repeat":"repeat","background-position":"center center","background-size":"auto","background-attachment":"scroll","background-type":"","background-media":"","overlay-type":"","overlay-color":"","overlay-opacity":"","overlay-gradient":""},"mobile":{"background-color":"var(--ast-global-color-5)","background-image":"","background-repeat":"repeat","background-position":"center center","background-size":"auto","background-attachment":"scroll","background-type":"","background-media":"","overlay-type":"","overlay-color":"","overlay-opacity":"","overlay-gradient":""}},"footnotes":""},"categories":[1],"tags":[],"class_list":["post-20707","post","type-post","status-publish","format-standard","has-post-thumbnail","hentry","category-aktuality"],"yoast_head":"<!-- This site is optimized with the Yoast SEO plugin v27.5 - https:\/\/yoast.com\/product\/yoast-seo-wordpress\/ -->\n<title>T\u00fd\u017ede\u0148 pln\u00fd zru\u010dnost\u00ed, kvality a in\u0161pir\u00e1cie - \u0160IOV - \u0161t\u00e1tny in\u0161tit\u00fat odborn\u00e9ho vzdel\u00e1vania<\/title>\n<meta name=\"robots\" content=\"index, follow, max-snippet:-1, max-image-preview:large, max-video-preview:-1\" \/>\n<link rel=\"canonical\" href=\"https:\/\/archiv.siov.sk\/en\/tyzden-plny-zrucnosti-kvality-a-inspiracie\/\" \/>\n<meta property=\"og:locale\" content=\"en_GB\" \/>\n<meta property=\"og:type\" content=\"article\" \/>\n<meta property=\"og:title\" content=\"T\u00fd\u017ede\u0148 pln\u00fd zru\u010dnost\u00ed, kvality a in\u0161pir\u00e1cie - \u0160IOV - \u0161t\u00e1tny in\u0161tit\u00fat odborn\u00e9ho vzdel\u00e1vania\" \/>\n<meta property=\"og:description\" content=\"Tret\u00ed ro\u010dn\u00edk Festivalu zru\u010dnost\u00ed od\u0161tartuje 22. septembra 2025 pod z\u00e1\u0161titou \u0160t\u00e1tneho in\u0161tit\u00fatu odborn\u00e9ho vzdel\u00e1vania (\u0160IOV) v spolupr\u00e1ci s Ministerstvom \u0161kolstva, v\u00fdskumu, v\u00fdvoja a ml\u00e1de\u017ee SR a \u010fal\u0161\u00edmi partnermi. Po\u010das piatich dn\u00ed, od 22. do 26. septembra 2025, festival prinesie s\u00e9riu podujat\u00ed po celom Slovensku, zameran\u00fdch na podporu rozvoja zru\u010dnost\u00ed, zv\u00fd\u0161enie kvality vo vzdel\u00e1van\u00ed a prep\u00e1janie [&hellip;]\" \/>\n<meta property=\"og:url\" content=\"https:\/\/archiv.siov.sk\/en\/tyzden-plny-zrucnosti-kvality-a-inspiracie\/\" \/>\n<meta property=\"og:site_name\" content=\"\u0160IOV - \u0161t\u00e1tny in\u0161tit\u00fat odborn\u00e9ho vzdel\u00e1vania\" \/>\n<meta property=\"article:publisher\" content=\"https:\/\/www.facebook.com\/Statnyinstitutodbornehovzdelavania\" \/>\n<meta property=\"article:published_time\" content=\"2025-09-02T12:48:50+00:00\" \/>\n<meta property=\"article:modified_time\" content=\"2025-09-03T04:40:03+00:00\" \/>\n<meta property=\"og:image\" content=\"https:\/\/archiv.siov.sk\/wp-content\/uploads\/2025\/09\/Titulna-na-Facebook_FZ_2025-1024x577.png\" \/>\n\t<meta property=\"og:image:width\" content=\"1024\" \/>\n\t<meta property=\"og:image:height\" content=\"577\" \/>\n\t<meta property=\"og:image:type\" content=\"image\/png\" \/>\n<meta name=\"author\" content=\"Gabriela Budayov\u00e1\" \/>\n<meta name=\"twitter:card\" content=\"summary_large_image\" \/>\n<meta name=\"twitter:label1\" content=\"Written by\" \/>\n\t<meta name=\"twitter:data1\" content=\"Gabriela Budayov\u00e1\" \/>\n\t<meta name=\"twitter:label2\" content=\"Estimated reading time\" \/>\n\t<meta name=\"twitter:data2\" content=\"6 minutes\" \/>\n<script type=\"application\/ld+json\" class=\"yoast-schema-graph\">{\"@context\":\"https:\\\/\\\/schema.org\",\"@graph\":[{\"@type\":\"Article\",\"@id\":\"https:\\\/\\\/archiv.siov.sk\\\/tyzden-plny-zrucnosti-kvality-a-inspiracie\\\/#article\",\"isPartOf\":{\"@id\":\"https:\\\/\\\/archiv.siov.sk\\\/tyzden-plny-zrucnosti-kvality-a-inspiracie\\\/\"},\"author\":{\"name\":\"Gabriela Budayov\u00e1\",\"@id\":\"https:\\\/\\\/archiv.siov.sk\\\/#\\\/schema\\\/person\\\/2d35146a9c0fa51b027e8ff319cee627\"},\"headline\":\"T\u00fd\u017ede\u0148 pln\u00fd zru\u010dnost\u00ed, kvality a in\u0161pir\u00e1cie\",\"datePublished\":\"2025-09-02T12:48:50+00:00\",\"dateModified\":\"2025-09-03T04:40:03+00:00\",\"mainEntityOfPage\":{\"@id\":\"https:\\\/\\\/archiv.siov.sk\\\/tyzden-plny-zrucnosti-kvality-a-inspiracie\\\/\"},\"wordCount\":1109,\"publisher\":{\"@id\":\"https:\\\/\\\/archiv.siov.sk\\\/#organization\"},\"image\":{\"@id\":\"https:\\\/\\\/archiv.siov.sk\\\/tyzden-plny-zrucnosti-kvality-a-inspiracie\\\/#primaryimage\"},\"thumbnailUrl\":\"https:\\\/\\\/archiv.siov.sk\\\/wp-content\\\/uploads\\\/2025\\\/09\\\/Titulna-na-Facebook_FZ_2025.png\",\"articleSection\":[\"Aktuality\"],\"inLanguage\":\"en-GB\"},{\"@type\":\"WebPage\",\"@id\":\"https:\\\/\\\/archiv.siov.sk\\\/tyzden-plny-zrucnosti-kvality-a-inspiracie\\\/\",\"url\":\"https:\\\/\\\/archiv.siov.sk\\\/tyzden-plny-zrucnosti-kvality-a-inspiracie\\\/\",\"name\":\"T\u00fd\u017ede\u0148 pln\u00fd zru\u010dnost\u00ed, kvality a in\u0161pir\u00e1cie - \u0160IOV - \u0161t\u00e1tny in\u0161tit\u00fat odborn\u00e9ho vzdel\u00e1vania\",\"isPartOf\":{\"@id\":\"https:\\\/\\\/archiv.siov.sk\\\/#website\"},\"primaryImageOfPage\":{\"@id\":\"https:\\\/\\\/archiv.siov.sk\\\/tyzden-plny-zrucnosti-kvality-a-inspiracie\\\/#primaryimage\"},\"image\":{\"@id\":\"https:\\\/\\\/archiv.siov.sk\\\/tyzden-plny-zrucnosti-kvality-a-inspiracie\\\/#primaryimage\"},\"thumbnailUrl\":\"https:\\\/\\\/archiv.siov.sk\\\/wp-content\\\/uploads\\\/2025\\\/09\\\/Titulna-na-Facebook_FZ_2025.png\",\"datePublished\":\"2025-09-02T12:48:50+00:00\",\"dateModified\":\"2025-09-03T04:40:03+00:00\",\"breadcrumb\":{\"@id\":\"https:\\\/\\\/archiv.siov.sk\\\/tyzden-plny-zrucnosti-kvality-a-inspiracie\\\/#breadcrumb\"},\"inLanguage\":\"en-GB\",\"potentialAction\":[{\"@type\":\"ReadAction\",\"target\":[\"https:\\\/\\\/archiv.siov.sk\\\/tyzden-plny-zrucnosti-kvality-a-inspiracie\\\/\"]}]},{\"@type\":\"ImageObject\",\"inLanguage\":\"en-GB\",\"@id\":\"https:\\\/\\\/archiv.siov.sk\\\/tyzden-plny-zrucnosti-kvality-a-inspiracie\\\/#primaryimage\",\"url\":\"https:\\\/\\\/archiv.siov.sk\\\/wp-content\\\/uploads\\\/2025\\\/09\\\/Titulna-na-Facebook_FZ_2025.png\",\"contentUrl\":\"https:\\\/\\\/archiv.siov.sk\\\/wp-content\\\/uploads\\\/2025\\\/09\\\/Titulna-na-Facebook_FZ_2025.png\",\"width\":1640,\"height\":924,\"caption\":\"Festival zrucnosti \u0161iov\"},{\"@type\":\"BreadcrumbList\",\"@id\":\"https:\\\/\\\/archiv.siov.sk\\\/tyzden-plny-zrucnosti-kvality-a-inspiracie\\\/#breadcrumb\",\"itemListElement\":[{\"@type\":\"ListItem\",\"position\":1,\"name\":\"Home\",\"item\":\"https:\\\/\\\/archiv.siov.sk\\\/\"},{\"@type\":\"ListItem\",\"position\":2,\"name\":\"T\u00fd\u017ede\u0148 pln\u00fd zru\u010dnost\u00ed, kvality a in\u0161pir\u00e1cie\"}]},{\"@type\":\"WebSite\",\"@id\":\"https:\\\/\\\/archiv.siov.sk\\\/#website\",\"url\":\"https:\\\/\\\/archiv.siov.sk\\\/\",\"name\":\"\u0160IOV - \u0161t\u00e1tny in\u0161tit\u00fat odborn\u00e9ho vzdel\u00e1vania\",\"description\":\"\",\"publisher\":{\"@id\":\"https:\\\/\\\/archiv.siov.sk\\\/#organization\"},\"potentialAction\":[{\"@type\":\"SearchAction\",\"target\":{\"@type\":\"EntryPoint\",\"urlTemplate\":\"https:\\\/\\\/archiv.siov.sk\\\/?s={search_term_string}\"},\"query-input\":{\"@type\":\"PropertyValueSpecification\",\"valueRequired\":true,\"valueName\":\"search_term_string\"}}],\"inLanguage\":\"en-GB\"},{\"@type\":\"Organization\",\"@id\":\"https:\\\/\\\/archiv.siov.sk\\\/#organization\",\"name\":\"\u0160IOV - \u0161t\u00e1tny in\u0161tit\u00fat odborn\u00e9ho vzdel\u00e1vania\",\"url\":\"https:\\\/\\\/archiv.siov.sk\\\/\",\"logo\":{\"@type\":\"ImageObject\",\"inLanguage\":\"en-GB\",\"@id\":\"https:\\\/\\\/archiv.siov.sk\\\/#\\\/schema\\\/logo\\\/image\\\/\",\"url\":\"https:\\\/\\\/archiv.siov.sk\\\/wp-content\\\/uploads\\\/2024\\\/02\\\/logo-SIOV.png\",\"contentUrl\":\"https:\\\/\\\/archiv.siov.sk\\\/wp-content\\\/uploads\\\/2024\\\/02\\\/logo-SIOV.png\",\"width\":431,\"height\":143,\"caption\":\"\u0160IOV - \u0161t\u00e1tny in\u0161tit\u00fat odborn\u00e9ho vzdel\u00e1vania\"},\"image\":{\"@id\":\"https:\\\/\\\/archiv.siov.sk\\\/#\\\/schema\\\/logo\\\/image\\\/\"},\"sameAs\":[\"https:\\\/\\\/www.facebook.com\\\/Statnyinstitutodbornehovzdelavania\"]},{\"@type\":\"Person\",\"@id\":\"https:\\\/\\\/archiv.siov.sk\\\/#\\\/schema\\\/person\\\/2d35146a9c0fa51b027e8ff319cee627\",\"name\":\"Gabriela Budayov\u00e1\",\"url\":\"https:\\\/\\\/archiv.siov.sk\\\/en\\\/author\\\/gabriela-budayova\\\/\"}]}<\/script>\n<!-- \/ Yoast SEO plugin. -->","yoast_head_json":{"title":"T\u00fd\u017ede\u0148 pln\u00fd zru\u010dnost\u00ed, kvality a in\u0161pir\u00e1cie - \u0160IOV - \u0161t\u00e1tny in\u0161tit\u00fat odborn\u00e9ho vzdel\u00e1vania","robots":{"index":"index","follow":"follow","max-snippet":"max-snippet:-1","max-image-preview":"max-image-preview:large","max-video-preview":"max-video-preview:-1"},"canonical":"https:\/\/archiv.siov.sk\/en\/tyzden-plny-zrucnosti-kvality-a-inspiracie\/","og_locale":"en_GB","og_type":"article","og_title":"T\u00fd\u017ede\u0148 pln\u00fd zru\u010dnost\u00ed, kvality a in\u0161pir\u00e1cie - \u0160IOV - \u0161t\u00e1tny in\u0161tit\u00fat odborn\u00e9ho vzdel\u00e1vania","og_description":"Tret\u00ed ro\u010dn\u00edk Festivalu zru\u010dnost\u00ed od\u0161tartuje 22. septembra 2025 pod z\u00e1\u0161titou \u0160t\u00e1tneho in\u0161tit\u00fatu odborn\u00e9ho vzdel\u00e1vania (\u0160IOV) v spolupr\u00e1ci s Ministerstvom \u0161kolstva, v\u00fdskumu, v\u00fdvoja a ml\u00e1de\u017ee SR a \u010fal\u0161\u00edmi partnermi. Po\u010das piatich dn\u00ed, od 22. do 26. septembra 2025, festival prinesie s\u00e9riu podujat\u00ed po celom Slovensku, zameran\u00fdch na podporu rozvoja zru\u010dnost\u00ed, zv\u00fd\u0161enie kvality vo vzdel\u00e1van\u00ed a prep\u00e1janie [&hellip;]","og_url":"https:\/\/archiv.siov.sk\/en\/tyzden-plny-zrucnosti-kvality-a-inspiracie\/","og_site_name":"\u0160IOV - \u0161t\u00e1tny in\u0161tit\u00fat odborn\u00e9ho vzdel\u00e1vania","article_publisher":"https:\/\/www.facebook.com\/Statnyinstitutodbornehovzdelavania","article_published_time":"2025-09-02T12:48:50+00:00","article_modified_time":"2025-09-03T04:40:03+00:00","og_image":[{"width":1024,"height":577,"url":"https:\/\/archiv.siov.sk\/wp-content\/uploads\/2025\/09\/Titulna-na-Facebook_FZ_2025-1024x577.png","type":"image\/png"}],"author":"Gabriela Budayov\u00e1","twitter_card":"summary_large_image","twitter_misc":{"Written by":"Gabriela Budayov\u00e1","Estimated reading time":"6 minutes"},"schema":{"@context":"https:\/\/schema.org","@graph":[{"@type":"Article","@id":"https:\/\/archiv.siov.sk\/tyzden-plny-zrucnosti-kvality-a-inspiracie\/#article","isPartOf":{"@id":"https:\/\/archiv.siov.sk\/tyzden-plny-zrucnosti-kvality-a-inspiracie\/"},"author":{"name":"Gabriela Budayov\u00e1","@id":"https:\/\/archiv.siov.sk\/#\/schema\/person\/2d35146a9c0fa51b027e8ff319cee627"},"headline":"T\u00fd\u017ede\u0148 pln\u00fd zru\u010dnost\u00ed, kvality a in\u0161pir\u00e1cie","datePublished":"2025-09-02T12:48:50+00:00","dateModified":"2025-09-03T04:40:03+00:00","mainEntityOfPage":{"@id":"https:\/\/archiv.siov.sk\/tyzden-plny-zrucnosti-kvality-a-inspiracie\/"},"wordCount":1109,"publisher":{"@id":"https:\/\/archiv.siov.sk\/#organization"},"image":{"@id":"https:\/\/archiv.siov.sk\/tyzden-plny-zrucnosti-kvality-a-inspiracie\/#primaryimage"},"thumbnailUrl":"https:\/\/archiv.siov.sk\/wp-content\/uploads\/2025\/09\/Titulna-na-Facebook_FZ_2025.png","articleSection":["Aktuality"],"inLanguage":"en-GB"},{"@type":"WebPage","@id":"https:\/\/archiv.siov.sk\/tyzden-plny-zrucnosti-kvality-a-inspiracie\/","url":"https:\/\/archiv.siov.sk\/tyzden-plny-zrucnosti-kvality-a-inspiracie\/","name":"T\u00fd\u017ede\u0148 pln\u00fd zru\u010dnost\u00ed, kvality a in\u0161pir\u00e1cie - \u0160IOV - \u0161t\u00e1tny in\u0161tit\u00fat odborn\u00e9ho vzdel\u00e1vania","isPartOf":{"@id":"https:\/\/archiv.siov.sk\/#website"},"primaryImageOfPage":{"@id":"https:\/\/archiv.siov.sk\/tyzden-plny-zrucnosti-kvality-a-inspiracie\/#primaryimage"},"image":{"@id":"https:\/\/archiv.siov.sk\/tyzden-plny-zrucnosti-kvality-a-inspiracie\/#primaryimage"},"thumbnailUrl":"https:\/\/archiv.siov.sk\/wp-content\/uploads\/2025\/09\/Titulna-na-Facebook_FZ_2025.png","datePublished":"2025-09-02T12:48:50+00:00","dateModified":"2025-09-03T04:40:03+00:00","breadcrumb":{"@id":"https:\/\/archiv.siov.sk\/tyzden-plny-zrucnosti-kvality-a-inspiracie\/#breadcrumb"},"inLanguage":"en-GB","potentialAction":[{"@type":"ReadAction","target":["https:\/\/archiv.siov.sk\/tyzden-plny-zrucnosti-kvality-a-inspiracie\/"]}]},{"@type":"ImageObject","inLanguage":"en-GB","@id":"https:\/\/archiv.siov.sk\/tyzden-plny-zrucnosti-kvality-a-inspiracie\/#primaryimage","url":"https:\/\/archiv.siov.sk\/wp-content\/uploads\/2025\/09\/Titulna-na-Facebook_FZ_2025.png","contentUrl":"https:\/\/archiv.siov.sk\/wp-content\/uploads\/2025\/09\/Titulna-na-Facebook_FZ_2025.png","width":1640,"height":924,"caption":"Festival zrucnosti \u0161iov"},{"@type":"BreadcrumbList","@id":"https:\/\/archiv.siov.sk\/tyzden-plny-zrucnosti-kvality-a-inspiracie\/#breadcrumb","itemListElement":[{"@type":"ListItem","position":1,"name":"Home","item":"https:\/\/archiv.siov.sk\/"},{"@type":"ListItem","position":2,"name":"T\u00fd\u017ede\u0148 pln\u00fd zru\u010dnost\u00ed, kvality a in\u0161pir\u00e1cie"}]},{"@type":"WebSite","@id":"https:\/\/archiv.siov.sk\/#website","url":"https:\/\/archiv.siov.sk\/","name":"\u0160IOV - \u0161t\u00e1tny in\u0161tit\u00fat odborn\u00e9ho vzdel\u00e1vania","description":"","publisher":{"@id":"https:\/\/archiv.siov.sk\/#organization"},"potentialAction":[{"@type":"SearchAction","target":{"@type":"EntryPoint","urlTemplate":"https:\/\/archiv.siov.sk\/?s={search_term_string}"},"query-input":{"@type":"PropertyValueSpecification","valueRequired":true,"valueName":"search_term_string"}}],"inLanguage":"en-GB"},{"@type":"Organization","@id":"https:\/\/archiv.siov.sk\/#organization","name":"\u0160IOV - \u0161t\u00e1tny in\u0161tit\u00fat odborn\u00e9ho vzdel\u00e1vania","url":"https:\/\/archiv.siov.sk\/","logo":{"@type":"ImageObject","inLanguage":"en-GB","@id":"https:\/\/archiv.siov.sk\/#\/schema\/logo\/image\/","url":"https:\/\/archiv.siov.sk\/wp-content\/uploads\/2024\/02\/logo-SIOV.png","contentUrl":"https:\/\/archiv.siov.sk\/wp-content\/uploads\/2024\/02\/logo-SIOV.png","width":431,"height":143,"caption":"\u0160IOV - \u0161t\u00e1tny in\u0161tit\u00fat odborn\u00e9ho vzdel\u00e1vania"},"image":{"@id":"https:\/\/archiv.siov.sk\/#\/schema\/logo\/image\/"},"sameAs":["https:\/\/www.facebook.com\/Statnyinstitutodbornehovzdelavania"]},{"@type":"Person","@id":"https:\/\/archiv.siov.sk\/#\/schema\/person\/2d35146a9c0fa51b027e8ff319cee627","name":"Gabriela Budayov\u00e1","url":"https:\/\/archiv.siov.sk\/en\/author\/gabriela-budayova\/"}]}},"_links":{"self":[{"href":"https:\/\/archiv.siov.sk\/en\/wp-json\/wp\/v2\/posts\/20707","targetHints":{"allow":["GET"]}}],"collection":[{"href":"https:\/\/archiv.siov.sk\/en\/wp-json\/wp\/v2\/posts"}],"about":[{"href":"https:\/\/archiv.siov.sk\/en\/wp-json\/wp\/v2\/types\/post"}],"author":[{"embeddable":true,"href":"https:\/\/archiv.siov.sk\/en\/wp-json\/wp\/v2\/users\/10"}],"replies":[{"embeddable":true,"href":"https:\/\/archiv.siov.sk\/en\/wp-json\/wp\/v2\/comments?post=20707"}],"version-history":[{"count":15,"href":"https:\/\/archiv.siov.sk\/en\/wp-json\/wp\/v2\/posts\/20707\/revisions"}],"predecessor-version":[{"id":20746,"href":"https:\/\/archiv.siov.sk\/en\/wp-json\/wp\/v2\/posts\/20707\/revisions\/20746"}],"wp:featuredmedia":[{"embeddable":true,"href":"https:\/\/archiv.siov.sk\/en\/wp-json\/wp\/v2\/media\/20718"}],"wp:attachment":[{"href":"https:\/\/archiv.siov.sk\/en\/wp-json\/wp\/v2\/media?parent=20707"}],"wp:term":[{"taxonomy":"category","embeddable":true,"href":"https:\/\/archiv.siov.sk\/en\/wp-json\/wp\/v2\/categories?post=20707"},{"taxonomy":"post_tag","embeddable":true,"href":"https:\/\/archiv.siov.sk\/en\/wp-json\/wp\/v2\/tags?post=20707"}],"curies":[{"name":"wp","href":"https:\/\/api.w.org\/{rel}","templated":true}]}}