{"id":20685,"date":"2025-09-01T15:00:56","date_gmt":"2025-09-01T13:00:56","guid":{"rendered":"https:\/\/archiv.siov.sk\/?p=20685"},"modified":"2025-09-01T15:53:46","modified_gmt":"2025-09-01T13:53:46","slug":"pozvanka-na-instruktazny-seminar-k-certifikacii-vzdelavacich-institucii-pre-stredne-odborne-skoly","status":"publish","type":"post","link":"https:\/\/archiv.siov.sk\/en\/pozvanka-na-instruktazny-seminar-k-certifikacii-vzdelavacich-institucii-pre-stredne-odborne-skoly\/","title":{"rendered":"Pozv\u00e1nka na in\u0161trukt\u00e1\u017eny semin\u00e1r k certifik\u00e1cii vzdel\u00e1vac\u00edch in\u0161tit\u00faci\u00ed pre stredn\u00e9 odborn\u00e9 \u0161koly"},"content":{"rendered":"<p>\u0160t\u00e1tny in\u0161tit\u00fat odborn\u00e9ho vzdel\u00e1vania v\u00e1s poz\u00fdva na in\u0161trukt\u00e1\u017eny semin\u00e1r k certifik\u00e1cii in\u0161tit\u00faci\u00ed vzdel\u00e1vania dospel\u00fdch, ktor\u00fd sa uskuto\u010dn\u00ed vo \u0161tvrtok <strong>18. septembra 2025<\/strong> v Poprade.<\/p>\n<p>T\u00e9ma semin\u00e1ra priamo s\u00favis\u00ed s <strong>nov\u00fdm z\u00e1konom o vzdel\u00e1van\u00ed dospel\u00fdch<\/strong>, ktor\u00fd nadobudol \u00fa\u010dinnos\u0165 1. janu\u00e1ra 2025 a zav\u00e1dza povinn\u00fa <strong>certifik\u00e1ciu vzdel\u00e1vac\u00edch in\u0161tit\u00faci\u00ed<\/strong>. Certifik\u00e1cia sa st\u00e1va k\u013e\u00fa\u010dov\u00fdm n\u00e1strojom zvy\u0161ovania kvality a d\u00f4veryhodnosti vzdel\u00e1vania, ktor\u00e9 ovplyvn\u00ed aj pr\u00edstup k \u0161t\u00e1tnym n\u00e1strojom, napr\u00edklad k pripravovan\u00fdm <strong>individu\u00e1lnym vzdel\u00e1vac\u00edm \u00fa\u010dtom<\/strong>.<\/p>\n<p>K\u00fdm prv\u00e9 dva semin\u00e1re v Banskej Bystrici a Bratislave boli ur\u010den\u00e9 pre vzdel\u00e1vacie in\u0161tit\u00facie mimo \u0161kolsk\u00e9ho prostredia, Poprad bude prv\u00fdm miestom, kde sa semin\u00e1r zameria priamo na stredn\u00e9 odborn\u00e9 \u0161koly poskytuj\u00face kurzy pre dospel\u00fdch, ktor\u00e9 maj\u00fa z\u00e1ujem o z\u00e1pis do <strong>Registra certifikovan\u00fdch vzdel\u00e1vac\u00edch in\u0161tit\u00faci\u00ed<\/strong>.<\/p>\n<p><strong>T\u00e9ma semin\u00e1ra: Ako vyplni\u0165 sebahodnotiacu spr\u00e1vu<\/strong><\/p>\n<ul>\n<li><strong>D\u00e1tum a \u010das:<\/strong> 18. septembra 2025, 8:30 \u2013 13:30 hod.<\/li>\n<li><strong>Miesto konania:<\/strong> S\u00fakromn\u00e1 stredn\u00e1 odborn\u00e1 \u0161kola slu\u017eieb, SNP 1253, 058 01 Poprad<\/li>\n<\/ul>\n<p><strong>Organiza\u010dn\u00e9 inform\u00e1cie:<\/strong><\/p>\n<ul>\n<li><strong>\u00da\u010das\u0165 na semin\u00e1ri je bezplatn\u00e1.<\/strong><\/li>\n<li><strong>Po\u010det miest je obmedzen\u00fd, registr\u00e1cia je otvoren\u00e1 do naplnenia kapacity.<\/strong><\/li>\n<li><strong>Prihl\u00e1si\u0165 sa m\u00f4\u017eete cez formul\u00e1r:<\/strong><br \/>\n<a href=\"https:\/\/forms.office.com\/e\/WFmYNqFbab?utm_source=chatgpt.com\" target=\"_blank\" rel=\"noopener\">https:\/\/forms.office.com\/e\/WFmYNqFbab<\/a><\/li>\n<\/ul>\n<p>V pr\u00edpade ot\u00e1zok n\u00e1s nev\u00e1hajte kontaktova\u0165 e-mailom na: <strong>certifikacia@epivu.sk<\/strong><br \/>\nTe\u0161\u00edme sa na Va\u0161u \u00fa\u010das\u0165!<\/p>\n<figure id=\"attachment_18660\" aria-describedby=\"caption-attachment-18660\" style=\"width: 480px\" class=\"wp-caption aligncenter\"><img decoding=\"async\" class=\"wp-image-18660\" src=\"https:\/\/archiv.siov.sk\/wp-content\/uploads\/2025\/04\/loga_np_kvalita-300x46.png\" alt=\"loga_kvalita_projekt\" width=\"480\" height=\"74\" srcset=\"https:\/\/archiv.siov.sk\/wp-content\/uploads\/2025\/04\/loga_np_kvalita-300x46.png 300w, https:\/\/archiv.siov.sk\/wp-content\/uploads\/2025\/04\/loga_np_kvalita-1024x158.png 1024w, https:\/\/archiv.siov.sk\/wp-content\/uploads\/2025\/04\/loga_np_kvalita-768x119.png 768w, https:\/\/archiv.siov.sk\/wp-content\/uploads\/2025\/04\/loga_np_kvalita-18x3.png 18w, https:\/\/archiv.siov.sk\/wp-content\/uploads\/2025\/04\/elementor\/thumbs\/loga_np_kvalita-r5cjqsfvrn5sfhsjyrw97tvig25lp3e6m5t1uzcj7g.png 450w, https:\/\/archiv.siov.sk\/wp-content\/uploads\/2025\/04\/loga_np_kvalita.png 1229w\" sizes=\"(max-width: 480px) 100vw, 480px\" \/><figcaption id=\"caption-attachment-18660\" class=\"wp-caption-text\">Aktivita je realizovan\u00e1 v r\u00e1mci n\u00e1rodn\u00e9ho projektu Zavedenie mana\u017e\u00e9rstva kvality v OVP a VD spolufinancovan\u00e9ho Eur\u00f3pskou \u00faniou v r\u00e1mci Programu Slovensko.<\/figcaption><\/figure>","protected":false},"excerpt":{"rendered":"<p>\u0160t\u00e1tny in\u0161tit\u00fat odborn\u00e9ho vzdel\u00e1vania v\u00e1s poz\u00fdva na in\u0161trukt\u00e1\u017eny semin\u00e1r k certifik\u00e1cii in\u0161tit\u00faci\u00ed vzdel\u00e1vania dospel\u00fdch, ktor\u00fd sa uskuto\u010dn\u00ed vo \u0161tvrtok 18. septembra 2025 v Poprade. T\u00e9ma semin\u00e1ra priamo s\u00favis\u00ed s nov\u00fdm z\u00e1konom o vzdel\u00e1van\u00ed dospel\u00fdch, ktor\u00fd nadobudol \u00fa\u010dinnos\u0165 1. janu\u00e1ra 2025 a zav\u00e1dza povinn\u00fa certifik\u00e1ciu vzdel\u00e1vac\u00edch in\u0161tit\u00faci\u00ed. Certifik\u00e1cia sa st\u00e1va k\u013e\u00fa\u010dov\u00fdm n\u00e1strojom zvy\u0161ovania kvality a d\u00f4veryhodnosti [&hellip;]<\/p>\n","protected":false},"author":10,"featured_media":20684,"comment_status":"closed","ping_status":"closed","sticky":false,"template":"","format":"standard","meta":{"site-sidebar-layout":"default","site-content-layout":"","ast-site-content-layout":"default","site-content-style":"default","site-sidebar-style":"default","ast-global-header-display":"","ast-banner-title-visibility":"","ast-main-header-display":"","ast-hfb-above-header-display":"","ast-hfb-below-header-display":"","ast-hfb-mobile-header-display":"","site-post-title":"","ast-breadcrumbs-content":"","ast-featured-img":"","footer-sml-layout":"","ast-disable-related-posts":"","theme-transparent-header-meta":"default","adv-header-id-meta":"","stick-header-meta":"default","header-above-stick-meta":"","header-main-stick-meta":"","header-below-stick-meta":"","astra-migrate-meta-layouts":"set","ast-page-background-enabled":"default","ast-page-background-meta":{"desktop":{"background-color":"var(--ast-global-color-4)","background-image":"","background-repeat":"repeat","background-position":"center center","background-size":"auto","background-attachment":"scroll","background-type":"","background-media":"","overlay-type":"","overlay-color":"","overlay-opacity":"","overlay-gradient":""},"tablet":{"background-color":"","background-image":"","background-repeat":"repeat","background-position":"center center","background-size":"auto","background-attachment":"scroll","background-type":"","background-media":"","overlay-type":"","overlay-color":"","overlay-opacity":"","overlay-gradient":""},"mobile":{"background-color":"","background-image":"","background-repeat":"repeat","background-position":"center center","background-size":"auto","background-attachment":"scroll","background-type":"","background-media":"","overlay-type":"","overlay-color":"","overlay-opacity":"","overlay-gradient":""}},"ast-content-background-meta":{"desktop":{"background-color":"var(--ast-global-color-5)","background-image":"","background-repeat":"repeat","background-position":"center center","background-size":"auto","background-attachment":"scroll","background-type":"","background-media":"","overlay-type":"","overlay-color":"","overlay-opacity":"","overlay-gradient":""},"tablet":{"background-color":"var(--ast-global-color-5)","background-image":"","background-repeat":"repeat","background-position":"center center","background-size":"auto","background-attachment":"scroll","background-type":"","background-media":"","overlay-type":"","overlay-color":"","overlay-opacity":"","overlay-gradient":""},"mobile":{"background-color":"var(--ast-global-color-5)","background-image":"","background-repeat":"repeat","background-position":"center center","background-size":"auto","background-attachment":"scroll","background-type":"","background-media":"","overlay-type":"","overlay-color":"","overlay-opacity":"","overlay-gradient":""}},"footnotes":""},"categories":[1],"tags":[],"class_list":["post-20685","post","type-post","status-publish","format-standard","has-post-thumbnail","hentry","category-aktuality"],"yoast_head":"<!-- This site is optimized with the Yoast SEO plugin v27.5 - https:\/\/yoast.com\/product\/yoast-seo-wordpress\/ -->\n<title>Pozv\u00e1nka na in\u0161trukt\u00e1\u017eny semin\u00e1r k certifik\u00e1cii vzdel\u00e1vac\u00edch in\u0161tit\u00faci\u00ed pre stredn\u00e9 odborn\u00e9 \u0161koly - \u0160IOV - \u0161t\u00e1tny in\u0161tit\u00fat odborn\u00e9ho vzdel\u00e1vania<\/title>\n<meta name=\"robots\" content=\"index, follow, max-snippet:-1, max-image-preview:large, max-video-preview:-1\" \/>\n<link rel=\"canonical\" href=\"https:\/\/archiv.siov.sk\/en\/pozvanka-na-instruktazny-seminar-k-certifikacii-vzdelavacich-institucii-pre-stredne-odborne-skoly\/\" \/>\n<meta property=\"og:locale\" content=\"en_GB\" \/>\n<meta property=\"og:type\" content=\"article\" \/>\n<meta property=\"og:title\" content=\"Pozv\u00e1nka na in\u0161trukt\u00e1\u017eny semin\u00e1r k certifik\u00e1cii vzdel\u00e1vac\u00edch in\u0161tit\u00faci\u00ed pre stredn\u00e9 odborn\u00e9 \u0161koly - \u0160IOV - \u0161t\u00e1tny in\u0161tit\u00fat odborn\u00e9ho vzdel\u00e1vania\" \/>\n<meta property=\"og:description\" content=\"\u0160t\u00e1tny in\u0161tit\u00fat odborn\u00e9ho vzdel\u00e1vania v\u00e1s poz\u00fdva na in\u0161trukt\u00e1\u017eny semin\u00e1r k certifik\u00e1cii in\u0161tit\u00faci\u00ed vzdel\u00e1vania dospel\u00fdch, ktor\u00fd sa uskuto\u010dn\u00ed vo \u0161tvrtok 18. septembra 2025 v Poprade. T\u00e9ma semin\u00e1ra priamo s\u00favis\u00ed s nov\u00fdm z\u00e1konom o vzdel\u00e1van\u00ed dospel\u00fdch, ktor\u00fd nadobudol \u00fa\u010dinnos\u0165 1. janu\u00e1ra 2025 a zav\u00e1dza povinn\u00fa certifik\u00e1ciu vzdel\u00e1vac\u00edch in\u0161tit\u00faci\u00ed. Certifik\u00e1cia sa st\u00e1va k\u013e\u00fa\u010dov\u00fdm n\u00e1strojom zvy\u0161ovania kvality a d\u00f4veryhodnosti [&hellip;]\" \/>\n<meta property=\"og:url\" content=\"https:\/\/archiv.siov.sk\/en\/pozvanka-na-instruktazny-seminar-k-certifikacii-vzdelavacich-institucii-pre-stredne-odborne-skoly\/\" \/>\n<meta property=\"og:site_name\" content=\"\u0160IOV - \u0161t\u00e1tny in\u0161tit\u00fat odborn\u00e9ho vzdel\u00e1vania\" \/>\n<meta property=\"article:publisher\" content=\"https:\/\/www.facebook.com\/Statnyinstitutodbornehovzdelavania\" \/>\n<meta property=\"article:published_time\" content=\"2025-09-01T13:00:56+00:00\" \/>\n<meta property=\"article:modified_time\" content=\"2025-09-01T13:53:46+00:00\" \/>\n<meta property=\"og:image\" content=\"https:\/\/archiv.siov.sk\/wp-content\/uploads\/2025\/09\/Instruktazny-seminar-PP.png\" \/>\n\t<meta property=\"og:image:width\" content=\"1748\" \/>\n\t<meta property=\"og:image:height\" content=\"1240\" \/>\n\t<meta property=\"og:image:type\" content=\"image\/png\" \/>\n<meta name=\"author\" content=\"Gabriela Budayov\u00e1\" \/>\n<meta name=\"twitter:card\" content=\"summary_large_image\" \/>\n<meta name=\"twitter:label1\" content=\"Written by\" \/>\n\t<meta name=\"twitter:data1\" content=\"Gabriela Budayov\u00e1\" \/>\n\t<meta name=\"twitter:label2\" content=\"Estimated reading time\" \/>\n\t<meta name=\"twitter:data2\" content=\"2 minutes\" \/>\n<script type=\"application\/ld+json\" class=\"yoast-schema-graph\">{\"@context\":\"https:\\\/\\\/schema.org\",\"@graph\":[{\"@type\":\"Article\",\"@id\":\"https:\\\/\\\/archiv.siov.sk\\\/pozvanka-na-instruktazny-seminar-k-certifikacii-vzdelavacich-institucii-pre-stredne-odborne-skoly\\\/#article\",\"isPartOf\":{\"@id\":\"https:\\\/\\\/archiv.siov.sk\\\/pozvanka-na-instruktazny-seminar-k-certifikacii-vzdelavacich-institucii-pre-stredne-odborne-skoly\\\/\"},\"author\":{\"name\":\"Gabriela Budayov\u00e1\",\"@id\":\"https:\\\/\\\/archiv.siov.sk\\\/#\\\/schema\\\/person\\\/2d35146a9c0fa51b027e8ff319cee627\"},\"headline\":\"Pozv\u00e1nka na in\u0161trukt\u00e1\u017eny semin\u00e1r k certifik\u00e1cii vzdel\u00e1vac\u00edch in\u0161tit\u00faci\u00ed pre stredn\u00e9 odborn\u00e9 \u0161koly\",\"datePublished\":\"2025-09-01T13:00:56+00:00\",\"dateModified\":\"2025-09-01T13:53:46+00:00\",\"mainEntityOfPage\":{\"@id\":\"https:\\\/\\\/archiv.siov.sk\\\/pozvanka-na-instruktazny-seminar-k-certifikacii-vzdelavacich-institucii-pre-stredne-odborne-skoly\\\/\"},\"wordCount\":313,\"publisher\":{\"@id\":\"https:\\\/\\\/archiv.siov.sk\\\/#organization\"},\"image\":{\"@id\":\"https:\\\/\\\/archiv.siov.sk\\\/pozvanka-na-instruktazny-seminar-k-certifikacii-vzdelavacich-institucii-pre-stredne-odborne-skoly\\\/#primaryimage\"},\"thumbnailUrl\":\"https:\\\/\\\/archiv.siov.sk\\\/wp-content\\\/uploads\\\/2025\\\/09\\\/Instruktazny-seminar-PP.png\",\"articleSection\":[\"Aktuality\"],\"inLanguage\":\"en-GB\"},{\"@type\":\"WebPage\",\"@id\":\"https:\\\/\\\/archiv.siov.sk\\\/pozvanka-na-instruktazny-seminar-k-certifikacii-vzdelavacich-institucii-pre-stredne-odborne-skoly\\\/\",\"url\":\"https:\\\/\\\/archiv.siov.sk\\\/pozvanka-na-instruktazny-seminar-k-certifikacii-vzdelavacich-institucii-pre-stredne-odborne-skoly\\\/\",\"name\":\"Pozv\u00e1nka na in\u0161trukt\u00e1\u017eny semin\u00e1r k certifik\u00e1cii vzdel\u00e1vac\u00edch in\u0161tit\u00faci\u00ed pre stredn\u00e9 odborn\u00e9 \u0161koly - \u0160IOV - \u0161t\u00e1tny in\u0161tit\u00fat odborn\u00e9ho vzdel\u00e1vania\",\"isPartOf\":{\"@id\":\"https:\\\/\\\/archiv.siov.sk\\\/#website\"},\"primaryImageOfPage\":{\"@id\":\"https:\\\/\\\/archiv.siov.sk\\\/pozvanka-na-instruktazny-seminar-k-certifikacii-vzdelavacich-institucii-pre-stredne-odborne-skoly\\\/#primaryimage\"},\"image\":{\"@id\":\"https:\\\/\\\/archiv.siov.sk\\\/pozvanka-na-instruktazny-seminar-k-certifikacii-vzdelavacich-institucii-pre-stredne-odborne-skoly\\\/#primaryimage\"},\"thumbnailUrl\":\"https:\\\/\\\/archiv.siov.sk\\\/wp-content\\\/uploads\\\/2025\\\/09\\\/Instruktazny-seminar-PP.png\",\"datePublished\":\"2025-09-01T13:00:56+00:00\",\"dateModified\":\"2025-09-01T13:53:46+00:00\",\"breadcrumb\":{\"@id\":\"https:\\\/\\\/archiv.siov.sk\\\/pozvanka-na-instruktazny-seminar-k-certifikacii-vzdelavacich-institucii-pre-stredne-odborne-skoly\\\/#breadcrumb\"},\"inLanguage\":\"en-GB\",\"potentialAction\":[{\"@type\":\"ReadAction\",\"target\":[\"https:\\\/\\\/archiv.siov.sk\\\/pozvanka-na-instruktazny-seminar-k-certifikacii-vzdelavacich-institucii-pre-stredne-odborne-skoly\\\/\"]}]},{\"@type\":\"ImageObject\",\"inLanguage\":\"en-GB\",\"@id\":\"https:\\\/\\\/archiv.siov.sk\\\/pozvanka-na-instruktazny-seminar-k-certifikacii-vzdelavacich-institucii-pre-stredne-odborne-skoly\\\/#primaryimage\",\"url\":\"https:\\\/\\\/archiv.siov.sk\\\/wp-content\\\/uploads\\\/2025\\\/09\\\/Instruktazny-seminar-PP.png\",\"contentUrl\":\"https:\\\/\\\/archiv.siov.sk\\\/wp-content\\\/uploads\\\/2025\\\/09\\\/Instruktazny-seminar-PP.png\",\"width\":1748,\"height\":1240,\"caption\":\"plagatik_pozvanka\"},{\"@type\":\"BreadcrumbList\",\"@id\":\"https:\\\/\\\/archiv.siov.sk\\\/pozvanka-na-instruktazny-seminar-k-certifikacii-vzdelavacich-institucii-pre-stredne-odborne-skoly\\\/#breadcrumb\",\"itemListElement\":[{\"@type\":\"ListItem\",\"position\":1,\"name\":\"Home\",\"item\":\"https:\\\/\\\/archiv.siov.sk\\\/\"},{\"@type\":\"ListItem\",\"position\":2,\"name\":\"Pozv\u00e1nka na in\u0161trukt\u00e1\u017eny semin\u00e1r k certifik\u00e1cii vzdel\u00e1vac\u00edch in\u0161tit\u00faci\u00ed pre stredn\u00e9 odborn\u00e9 \u0161koly\"}]},{\"@type\":\"WebSite\",\"@id\":\"https:\\\/\\\/archiv.siov.sk\\\/#website\",\"url\":\"https:\\\/\\\/archiv.siov.sk\\\/\",\"name\":\"\u0160IOV - \u0161t\u00e1tny in\u0161tit\u00fat odborn\u00e9ho vzdel\u00e1vania\",\"description\":\"\",\"publisher\":{\"@id\":\"https:\\\/\\\/archiv.siov.sk\\\/#organization\"},\"potentialAction\":[{\"@type\":\"SearchAction\",\"target\":{\"@type\":\"EntryPoint\",\"urlTemplate\":\"https:\\\/\\\/archiv.siov.sk\\\/?s={search_term_string}\"},\"query-input\":{\"@type\":\"PropertyValueSpecification\",\"valueRequired\":true,\"valueName\":\"search_term_string\"}}],\"inLanguage\":\"en-GB\"},{\"@type\":\"Organization\",\"@id\":\"https:\\\/\\\/archiv.siov.sk\\\/#organization\",\"name\":\"\u0160IOV - \u0161t\u00e1tny in\u0161tit\u00fat odborn\u00e9ho vzdel\u00e1vania\",\"url\":\"https:\\\/\\\/archiv.siov.sk\\\/\",\"logo\":{\"@type\":\"ImageObject\",\"inLanguage\":\"en-GB\",\"@id\":\"https:\\\/\\\/archiv.siov.sk\\\/#\\\/schema\\\/logo\\\/image\\\/\",\"url\":\"https:\\\/\\\/archiv.siov.sk\\\/wp-content\\\/uploads\\\/2024\\\/02\\\/logo-SIOV.png\",\"contentUrl\":\"https:\\\/\\\/archiv.siov.sk\\\/wp-content\\\/uploads\\\/2024\\\/02\\\/logo-SIOV.png\",\"width\":431,\"height\":143,\"caption\":\"\u0160IOV - \u0161t\u00e1tny in\u0161tit\u00fat odborn\u00e9ho vzdel\u00e1vania\"},\"image\":{\"@id\":\"https:\\\/\\\/archiv.siov.sk\\\/#\\\/schema\\\/logo\\\/image\\\/\"},\"sameAs\":[\"https:\\\/\\\/www.facebook.com\\\/Statnyinstitutodbornehovzdelavania\"]},{\"@type\":\"Person\",\"@id\":\"https:\\\/\\\/archiv.siov.sk\\\/#\\\/schema\\\/person\\\/2d35146a9c0fa51b027e8ff319cee627\",\"name\":\"Gabriela Budayov\u00e1\",\"url\":\"https:\\\/\\\/archiv.siov.sk\\\/en\\\/author\\\/gabriela-budayova\\\/\"}]}<\/script>\n<!-- \/ Yoast SEO plugin. -->","yoast_head_json":{"title":"Pozv\u00e1nka na in\u0161trukt\u00e1\u017eny semin\u00e1r k certifik\u00e1cii vzdel\u00e1vac\u00edch in\u0161tit\u00faci\u00ed pre stredn\u00e9 odborn\u00e9 \u0161koly - \u0160IOV - \u0161t\u00e1tny in\u0161tit\u00fat odborn\u00e9ho vzdel\u00e1vania","robots":{"index":"index","follow":"follow","max-snippet":"max-snippet:-1","max-image-preview":"max-image-preview:large","max-video-preview":"max-video-preview:-1"},"canonical":"https:\/\/archiv.siov.sk\/en\/pozvanka-na-instruktazny-seminar-k-certifikacii-vzdelavacich-institucii-pre-stredne-odborne-skoly\/","og_locale":"en_GB","og_type":"article","og_title":"Pozv\u00e1nka na in\u0161trukt\u00e1\u017eny semin\u00e1r k certifik\u00e1cii vzdel\u00e1vac\u00edch in\u0161tit\u00faci\u00ed pre stredn\u00e9 odborn\u00e9 \u0161koly - \u0160IOV - \u0161t\u00e1tny in\u0161tit\u00fat odborn\u00e9ho vzdel\u00e1vania","og_description":"\u0160t\u00e1tny in\u0161tit\u00fat odborn\u00e9ho vzdel\u00e1vania v\u00e1s poz\u00fdva na in\u0161trukt\u00e1\u017eny semin\u00e1r k certifik\u00e1cii in\u0161tit\u00faci\u00ed vzdel\u00e1vania dospel\u00fdch, ktor\u00fd sa uskuto\u010dn\u00ed vo \u0161tvrtok 18. septembra 2025 v Poprade. T\u00e9ma semin\u00e1ra priamo s\u00favis\u00ed s nov\u00fdm z\u00e1konom o vzdel\u00e1van\u00ed dospel\u00fdch, ktor\u00fd nadobudol \u00fa\u010dinnos\u0165 1. janu\u00e1ra 2025 a zav\u00e1dza povinn\u00fa certifik\u00e1ciu vzdel\u00e1vac\u00edch in\u0161tit\u00faci\u00ed. Certifik\u00e1cia sa st\u00e1va k\u013e\u00fa\u010dov\u00fdm n\u00e1strojom zvy\u0161ovania kvality a d\u00f4veryhodnosti [&hellip;]","og_url":"https:\/\/archiv.siov.sk\/en\/pozvanka-na-instruktazny-seminar-k-certifikacii-vzdelavacich-institucii-pre-stredne-odborne-skoly\/","og_site_name":"\u0160IOV - \u0161t\u00e1tny in\u0161tit\u00fat odborn\u00e9ho vzdel\u00e1vania","article_publisher":"https:\/\/www.facebook.com\/Statnyinstitutodbornehovzdelavania","article_published_time":"2025-09-01T13:00:56+00:00","article_modified_time":"2025-09-01T13:53:46+00:00","og_image":[{"width":1748,"height":1240,"url":"https:\/\/archiv.siov.sk\/wp-content\/uploads\/2025\/09\/Instruktazny-seminar-PP.png","type":"image\/png"}],"author":"Gabriela Budayov\u00e1","twitter_card":"summary_large_image","twitter_misc":{"Written by":"Gabriela Budayov\u00e1","Estimated reading time":"2 minutes"},"schema":{"@context":"https:\/\/schema.org","@graph":[{"@type":"Article","@id":"https:\/\/archiv.siov.sk\/pozvanka-na-instruktazny-seminar-k-certifikacii-vzdelavacich-institucii-pre-stredne-odborne-skoly\/#article","isPartOf":{"@id":"https:\/\/archiv.siov.sk\/pozvanka-na-instruktazny-seminar-k-certifikacii-vzdelavacich-institucii-pre-stredne-odborne-skoly\/"},"author":{"name":"Gabriela Budayov\u00e1","@id":"https:\/\/archiv.siov.sk\/#\/schema\/person\/2d35146a9c0fa51b027e8ff319cee627"},"headline":"Pozv\u00e1nka na in\u0161trukt\u00e1\u017eny semin\u00e1r k certifik\u00e1cii vzdel\u00e1vac\u00edch in\u0161tit\u00faci\u00ed pre stredn\u00e9 odborn\u00e9 \u0161koly","datePublished":"2025-09-01T13:00:56+00:00","dateModified":"2025-09-01T13:53:46+00:00","mainEntityOfPage":{"@id":"https:\/\/archiv.siov.sk\/pozvanka-na-instruktazny-seminar-k-certifikacii-vzdelavacich-institucii-pre-stredne-odborne-skoly\/"},"wordCount":313,"publisher":{"@id":"https:\/\/archiv.siov.sk\/#organization"},"image":{"@id":"https:\/\/archiv.siov.sk\/pozvanka-na-instruktazny-seminar-k-certifikacii-vzdelavacich-institucii-pre-stredne-odborne-skoly\/#primaryimage"},"thumbnailUrl":"https:\/\/archiv.siov.sk\/wp-content\/uploads\/2025\/09\/Instruktazny-seminar-PP.png","articleSection":["Aktuality"],"inLanguage":"en-GB"},{"@type":"WebPage","@id":"https:\/\/archiv.siov.sk\/pozvanka-na-instruktazny-seminar-k-certifikacii-vzdelavacich-institucii-pre-stredne-odborne-skoly\/","url":"https:\/\/archiv.siov.sk\/pozvanka-na-instruktazny-seminar-k-certifikacii-vzdelavacich-institucii-pre-stredne-odborne-skoly\/","name":"Pozv\u00e1nka na in\u0161trukt\u00e1\u017eny semin\u00e1r k certifik\u00e1cii vzdel\u00e1vac\u00edch in\u0161tit\u00faci\u00ed pre stredn\u00e9 odborn\u00e9 \u0161koly - \u0160IOV - \u0161t\u00e1tny in\u0161tit\u00fat odborn\u00e9ho vzdel\u00e1vania","isPartOf":{"@id":"https:\/\/archiv.siov.sk\/#website"},"primaryImageOfPage":{"@id":"https:\/\/archiv.siov.sk\/pozvanka-na-instruktazny-seminar-k-certifikacii-vzdelavacich-institucii-pre-stredne-odborne-skoly\/#primaryimage"},"image":{"@id":"https:\/\/archiv.siov.sk\/pozvanka-na-instruktazny-seminar-k-certifikacii-vzdelavacich-institucii-pre-stredne-odborne-skoly\/#primaryimage"},"thumbnailUrl":"https:\/\/archiv.siov.sk\/wp-content\/uploads\/2025\/09\/Instruktazny-seminar-PP.png","datePublished":"2025-09-01T13:00:56+00:00","dateModified":"2025-09-01T13:53:46+00:00","breadcrumb":{"@id":"https:\/\/archiv.siov.sk\/pozvanka-na-instruktazny-seminar-k-certifikacii-vzdelavacich-institucii-pre-stredne-odborne-skoly\/#breadcrumb"},"inLanguage":"en-GB","potentialAction":[{"@type":"ReadAction","target":["https:\/\/archiv.siov.sk\/pozvanka-na-instruktazny-seminar-k-certifikacii-vzdelavacich-institucii-pre-stredne-odborne-skoly\/"]}]},{"@type":"ImageObject","inLanguage":"en-GB","@id":"https:\/\/archiv.siov.sk\/pozvanka-na-instruktazny-seminar-k-certifikacii-vzdelavacich-institucii-pre-stredne-odborne-skoly\/#primaryimage","url":"https:\/\/archiv.siov.sk\/wp-content\/uploads\/2025\/09\/Instruktazny-seminar-PP.png","contentUrl":"https:\/\/archiv.siov.sk\/wp-content\/uploads\/2025\/09\/Instruktazny-seminar-PP.png","width":1748,"height":1240,"caption":"plagatik_pozvanka"},{"@type":"BreadcrumbList","@id":"https:\/\/archiv.siov.sk\/pozvanka-na-instruktazny-seminar-k-certifikacii-vzdelavacich-institucii-pre-stredne-odborne-skoly\/#breadcrumb","itemListElement":[{"@type":"ListItem","position":1,"name":"Home","item":"https:\/\/archiv.siov.sk\/"},{"@type":"ListItem","position":2,"name":"Pozv\u00e1nka na in\u0161trukt\u00e1\u017eny semin\u00e1r k certifik\u00e1cii vzdel\u00e1vac\u00edch in\u0161tit\u00faci\u00ed pre stredn\u00e9 odborn\u00e9 \u0161koly"}]},{"@type":"WebSite","@id":"https:\/\/archiv.siov.sk\/#website","url":"https:\/\/archiv.siov.sk\/","name":"\u0160IOV - \u0161t\u00e1tny in\u0161tit\u00fat odborn\u00e9ho vzdel\u00e1vania","description":"","publisher":{"@id":"https:\/\/archiv.siov.sk\/#organization"},"potentialAction":[{"@type":"SearchAction","target":{"@type":"EntryPoint","urlTemplate":"https:\/\/archiv.siov.sk\/?s={search_term_string}"},"query-input":{"@type":"PropertyValueSpecification","valueRequired":true,"valueName":"search_term_string"}}],"inLanguage":"en-GB"},{"@type":"Organization","@id":"https:\/\/archiv.siov.sk\/#organization","name":"\u0160IOV - \u0161t\u00e1tny in\u0161tit\u00fat odborn\u00e9ho vzdel\u00e1vania","url":"https:\/\/archiv.siov.sk\/","logo":{"@type":"ImageObject","inLanguage":"en-GB","@id":"https:\/\/archiv.siov.sk\/#\/schema\/logo\/image\/","url":"https:\/\/archiv.siov.sk\/wp-content\/uploads\/2024\/02\/logo-SIOV.png","contentUrl":"https:\/\/archiv.siov.sk\/wp-content\/uploads\/2024\/02\/logo-SIOV.png","width":431,"height":143,"caption":"\u0160IOV - \u0161t\u00e1tny in\u0161tit\u00fat odborn\u00e9ho vzdel\u00e1vania"},"image":{"@id":"https:\/\/archiv.siov.sk\/#\/schema\/logo\/image\/"},"sameAs":["https:\/\/www.facebook.com\/Statnyinstitutodbornehovzdelavania"]},{"@type":"Person","@id":"https:\/\/archiv.siov.sk\/#\/schema\/person\/2d35146a9c0fa51b027e8ff319cee627","name":"Gabriela Budayov\u00e1","url":"https:\/\/archiv.siov.sk\/en\/author\/gabriela-budayova\/"}]}},"_links":{"self":[{"href":"https:\/\/archiv.siov.sk\/en\/wp-json\/wp\/v2\/posts\/20685","targetHints":{"allow":["GET"]}}],"collection":[{"href":"https:\/\/archiv.siov.sk\/en\/wp-json\/wp\/v2\/posts"}],"about":[{"href":"https:\/\/archiv.siov.sk\/en\/wp-json\/wp\/v2\/types\/post"}],"author":[{"embeddable":true,"href":"https:\/\/archiv.siov.sk\/en\/wp-json\/wp\/v2\/users\/10"}],"replies":[{"embeddable":true,"href":"https:\/\/archiv.siov.sk\/en\/wp-json\/wp\/v2\/comments?post=20685"}],"version-history":[{"count":5,"href":"https:\/\/archiv.siov.sk\/en\/wp-json\/wp\/v2\/posts\/20685\/revisions"}],"predecessor-version":[{"id":20690,"href":"https:\/\/archiv.siov.sk\/en\/wp-json\/wp\/v2\/posts\/20685\/revisions\/20690"}],"wp:featuredmedia":[{"embeddable":true,"href":"https:\/\/archiv.siov.sk\/en\/wp-json\/wp\/v2\/media\/20684"}],"wp:attachment":[{"href":"https:\/\/archiv.siov.sk\/en\/wp-json\/wp\/v2\/media?parent=20685"}],"wp:term":[{"taxonomy":"category","embeddable":true,"href":"https:\/\/archiv.siov.sk\/en\/wp-json\/wp\/v2\/categories?post=20685"},{"taxonomy":"post_tag","embeddable":true,"href":"https:\/\/archiv.siov.sk\/en\/wp-json\/wp\/v2\/tags?post=20685"}],"curies":[{"name":"wp","href":"https:\/\/api.w.org\/{rel}","templated":true}]}}