{"id":20567,"date":"2025-08-15T13:22:40","date_gmt":"2025-08-15T11:22:40","guid":{"rendered":"https:\/\/archiv.siov.sk\/?p=20567"},"modified":"2025-08-27T13:41:22","modified_gmt":"2025-08-27T11:41:22","slug":"pripravy-na-euroskills-2025-vrcholia-kompletna-reprezentacia-slovenska-sa-stretla-na-siov-e","status":"publish","type":"post","link":"https:\/\/archiv.siov.sk\/en\/pripravy-na-euroskills-2025-vrcholia-kompletna-reprezentacia-slovenska-sa-stretla-na-siov-e\/","title":{"rendered":"Pr\u00edpravy na EuroSkills 2025 vrcholia. Kompletn\u00e1 reprezent\u00e1cia Slovenska sa stretla na \u0160IOV-e"},"content":{"rendered":"<p style=\"text-align: justify;\">Dvan\u00e1stka na\u0161ich s\u00fa\u0165a\u017eiacich onedlho vycestuje do d\u00e1nskeho Herningu, aby n\u00e1s reprezentovala na majstrovstv\u00e1ch Eur\u00f3py mlad\u00fdch profesion\u00e1lov EuroSkills 2025. A\u017e 600 z\u00e1stupcov z\u00a0r\u00f4znych kraj\u00edn tu zabojuje o medaily v 38 zru\u010dnostiach. S\u00fa\u010das\u0165ou vrcholiacej pr\u00edpravy bolo aj stretnutie s\u00fa\u0165a\u017eiacich, expertov a\u00a0z\u00e1stupcov \u0160t\u00e1tneho in\u0161tit\u00fatu odborn\u00e9ho vzdel\u00e1vania v\u00a0polovici augusta.<\/p>\n<p style=\"text-align: justify;\">Ak\u00fd program maj\u00fa s\u00fa\u0165a\u017eiaci pred sebou? Ako by\u0165 v\u010das na s\u00fa\u0165a\u017enom stanovisku a\u00a0dosta\u0165 zo seba maximum? \u010co v\u00a0pr\u00edpade, \u017ee v\u0161etko nep\u00f4jde \u00faplne hladko? Ako je to so stravovan\u00edm, ubytovan\u00edm a\u00a0\u010do v\u0161etko si vzia\u0165 so sebou? Odpovede na tieto a\u00a0mno\u017estvo \u010fal\u0161\u00edch ot\u00e1zok si s\u00fa\u0165a\u017eiaci po \u00favodnom predstaven\u00ed pre\u0161li na spolo\u010dnom stretnut\u00ed s\u00a0expertami a\u00a0\u201e\u0161iov\u00e1kmi\u201c. Osobn\u00e9 sk\u00fasenosti a\u00a0praktick\u00e9 rady pridal s\u00fa\u0165a\u017eiaci mur\u00e1r z <a href=\"https:\/\/euroskills2023.org\/index.html\">posledn\u00e9ho EuroSkills<\/a>, ktor\u00e9 prebehlo pred dvoma rokmi v\u00a0Po\u013esku. Stretnutie bolo priestorom aj na zdie\u013eanie o\u010dak\u00e1van\u00ed, sk\u00fasenost\u00ed a\u00a0met\u00f3d expertov. \u201eExpert m\u00e1 na starosti jednak pr\u00edpravu s\u00fa\u0165a\u017eiacich a\u00a0potom priamo na s\u00fa\u0165a\u017ei dodr\u017eiavanie pravidiel. Po\u010das celej s\u00fa\u0165a\u017ee musia experti d\u00e1va\u0165 pozor, aby v\u0161etci dodr\u017eiavali pravidl\u00e1. Na\u0161ou \u00falohou je zabezpe\u010di\u0165, aby cel\u00fd proces prebiehal \u010do mo\u017eno najhlad\u0161ie a\u00a0najr\u00fdchlej\u0161ie,\u201c zhrnul z\u00e1klad poz\u00edcie dlhoro\u010dn\u00fd expert v\u00a0kateg\u00f3rii mechatronik Milan Da\u0148o.<\/p>\n<p style=\"text-align: justify;\">Tento rok Slovensko zabojuje s\u00a012 v\u00ed\u0165azmi Skills Slovakia v\u00a010 profesi\u00e1ch &#8211; web developer, web grafik, chladiaca a\u00a0klimatiza\u010dn\u00e1 technika, elektronika, kadern\u00edk, floristika, podnikanie, kuch\u00e1r, mur\u00e1r, mechatronik. \u201ePr\u00edprava u\u017e samozrejme prebieha, chod\u00edm sa pripravova\u0165 aj do Ledn\u00edc, na t\u00fd\u017ede\u0148 som u\u017e bol a\u00a0e\u0161te ma dva t\u00fd\u017edne \u010dakaj\u00fa. V\u0161etky zadania dostanem a\u017e tam, tak\u017ee si tr\u00e9nujem v\u0161eobecn\u00e9 veci, ktor\u00e9 viem. Mojim cie\u013eom je \u00faspe\u0161ne sa z\u00fa\u010dastni\u0165 a\u00a0u\u017ei\u0165 si to,\u201c pop\u00edsal po stretnut\u00ed s\u00fa\u0165a\u017eiaci\u00a0 odboru floristika Pavol Klin\u010d\u00fach.<\/p>\n<p style=\"text-align: justify;\">Pr\u00edprava na takto ve\u013ek\u00e9 podujatie a\u00a0hlavne takto ve\u013ek\u00fa konkurenciu je mimoriadna a\u00a0rozsiahla a\u00a0pravdepodobne bude prebieha\u0165 do poslednej mo\u017enej chv\u00edle. Ver\u00edme, \u017ee stretnutie \u00fa\u010dastn\u00edkov bolo jej u\u017eito\u010dnou s\u00fa\u010das\u0165ou. Na\u0161im reprezentantom dr\u017e\u00edme palce, prajeme pevn\u00e9 nervy a\u00a0te\u0161\u00edme sa na \u00faspechy.<\/p>\n<p style=\"text-align: justify;\"><a href=\"https:\/\/euroskills2025.com\/\">EuroSkills Herning 2025<\/a>\u00a0m\u00e1 by\u0165 doteraz najv\u00e4\u010d\u0161ou a najlep\u0161ou s\u00fa\u0165a\u017eou EuroSkills. Okrem s\u00fa\u0165a\u017ee svetovej \u00farovne, ktor\u00e1 bude oslavova\u0165 najtalentovanej\u0161\u00edch mlad\u00fdch profesion\u00e1lov v Eur\u00f3pe, D\u00e1nsko vyu\u017e\u00edva pr\u00edle\u017eitos\u0165 usporiada\u0165 podujatie na zv\u00fd\u0161enie n\u00e1rodn\u00e9ho zamerania na rozvoj technick\u00e9ho a odborn\u00e9ho vzdel\u00e1vania a pr\u00edpravy. D\u00e1 priestor s\u00fa\u0165a\u017eiam a medzin\u00e1rodn\u00e9mu porovnaniu zru\u010dnost\u00ed a z\u00e1rove\u0148 prinesie v\u00fdznamn\u00fa pr\u00edle\u017eitos\u0165 pom\u00f4c\u0165 zv\u00fd\u0161i\u0165 \u0161tandardy excelentnosti medzi mlad\u00fdmi odborn\u00edkmi a \u0161tudentmi, \u010do podporuje rast priemyslu, ekonomiky a produktivity.<\/p>\n<div id='gallery-1' class='gallery galleryid-20567 gallery-columns-3 gallery-size-medium'><figure class='gallery-item'>\n\t\t\t<div class='gallery-icon portrait'>\n\t\t\t\t<img fetchpriority=\"high\" decoding=\"async\" width=\"225\" height=\"300\" src=\"https:\/\/archiv.siov.sk\/wp-content\/uploads\/2025\/08\/9ae17726-72a5-4f8b-8aa8-87ca630f0af1-225x300.jpg\" class=\"attachment-medium size-medium\" alt=\"\" srcset=\"https:\/\/archiv.siov.sk\/wp-content\/uploads\/2025\/08\/9ae17726-72a5-4f8b-8aa8-87ca630f0af1-225x300.jpg 225w, https:\/\/archiv.siov.sk\/wp-content\/uploads\/2025\/08\/9ae17726-72a5-4f8b-8aa8-87ca630f0af1-768x1024.jpg 768w, https:\/\/archiv.siov.sk\/wp-content\/uploads\/2025\/08\/9ae17726-72a5-4f8b-8aa8-87ca630f0af1-1152x1536.jpg 1152w, https:\/\/archiv.siov.sk\/wp-content\/uploads\/2025\/08\/9ae17726-72a5-4f8b-8aa8-87ca630f0af1-9x12.jpg 9w, https:\/\/archiv.siov.sk\/wp-content\/uploads\/2025\/08\/9ae17726-72a5-4f8b-8aa8-87ca630f0af1.jpg 1536w\" sizes=\"(max-width: 225px) 100vw, 225px\" \/>\n\t\t\t<\/div><\/figure><figure class='gallery-item'>\n\t\t\t<div class='gallery-icon portrait'>\n\t\t\t\t<img decoding=\"async\" width=\"225\" height=\"300\" src=\"https:\/\/archiv.siov.sk\/wp-content\/uploads\/2025\/08\/ee63a321-e512-4caa-9410-4f7ae09cea37-225x300.jpg\" class=\"attachment-medium size-medium\" alt=\"\" srcset=\"https:\/\/archiv.siov.sk\/wp-content\/uploads\/2025\/08\/ee63a321-e512-4caa-9410-4f7ae09cea37-225x300.jpg 225w, https:\/\/archiv.siov.sk\/wp-content\/uploads\/2025\/08\/ee63a321-e512-4caa-9410-4f7ae09cea37-768x1024.jpg 768w, https:\/\/archiv.siov.sk\/wp-content\/uploads\/2025\/08\/ee63a321-e512-4caa-9410-4f7ae09cea37-1152x1536.jpg 1152w, https:\/\/archiv.siov.sk\/wp-content\/uploads\/2025\/08\/ee63a321-e512-4caa-9410-4f7ae09cea37-9x12.jpg 9w, https:\/\/archiv.siov.sk\/wp-content\/uploads\/2025\/08\/ee63a321-e512-4caa-9410-4f7ae09cea37.jpg 1536w\" sizes=\"(max-width: 225px) 100vw, 225px\" \/>\n\t\t\t<\/div><\/figure><figure class='gallery-item'>\n\t\t\t<div class='gallery-icon portrait'>\n\t\t\t\t<img decoding=\"async\" width=\"225\" height=\"300\" src=\"https:\/\/archiv.siov.sk\/wp-content\/uploads\/2025\/08\/43c698a9-2848-4217-a079-0a0bb175ee3e-225x300.jpg\" class=\"attachment-medium size-medium\" alt=\"\" srcset=\"https:\/\/archiv.siov.sk\/wp-content\/uploads\/2025\/08\/43c698a9-2848-4217-a079-0a0bb175ee3e-225x300.jpg 225w, https:\/\/archiv.siov.sk\/wp-content\/uploads\/2025\/08\/43c698a9-2848-4217-a079-0a0bb175ee3e-768x1024.jpg 768w, https:\/\/archiv.siov.sk\/wp-content\/uploads\/2025\/08\/43c698a9-2848-4217-a079-0a0bb175ee3e-1152x1536.jpg 1152w, https:\/\/archiv.siov.sk\/wp-content\/uploads\/2025\/08\/43c698a9-2848-4217-a079-0a0bb175ee3e-9x12.jpg 9w, https:\/\/archiv.siov.sk\/wp-content\/uploads\/2025\/08\/43c698a9-2848-4217-a079-0a0bb175ee3e.jpg 1536w\" sizes=\"(max-width: 225px) 100vw, 225px\" \/>\n\t\t\t<\/div><\/figure><figure class='gallery-item'>\n\t\t\t<div class='gallery-icon portrait'>\n\t\t\t\t<img loading=\"lazy\" decoding=\"async\" width=\"225\" height=\"300\" src=\"https:\/\/archiv.siov.sk\/wp-content\/uploads\/2025\/08\/5e721cf8-8d89-4c42-8b88-6236667aaab6-225x300.jpg\" class=\"attachment-medium size-medium\" alt=\"\" srcset=\"https:\/\/archiv.siov.sk\/wp-content\/uploads\/2025\/08\/5e721cf8-8d89-4c42-8b88-6236667aaab6-225x300.jpg 225w, https:\/\/archiv.siov.sk\/wp-content\/uploads\/2025\/08\/5e721cf8-8d89-4c42-8b88-6236667aaab6-768x1024.jpg 768w, https:\/\/archiv.siov.sk\/wp-content\/uploads\/2025\/08\/5e721cf8-8d89-4c42-8b88-6236667aaab6-1152x1536.jpg 1152w, https:\/\/archiv.siov.sk\/wp-content\/uploads\/2025\/08\/5e721cf8-8d89-4c42-8b88-6236667aaab6-9x12.jpg 9w, https:\/\/archiv.siov.sk\/wp-content\/uploads\/2025\/08\/5e721cf8-8d89-4c42-8b88-6236667aaab6.jpg 1536w\" sizes=\"(max-width: 225px) 100vw, 225px\" \/>\n\t\t\t<\/div><\/figure>\n\t\t<\/div>","protected":false},"excerpt":{"rendered":"<p>Dvan\u00e1stka na\u0161ich s\u00fa\u0165a\u017eiacich onedlho vycestuje do d\u00e1nskeho Herningu, aby n\u00e1s reprezentovala na majstrovstv\u00e1ch Eur\u00f3py mlad\u00fdch profesion\u00e1lov EuroSkills 2025. A\u017e 600 z\u00e1stupcov z\u00a0r\u00f4znych kraj\u00edn tu zabojuje o medaily v 38 zru\u010dnostiach. S\u00fa\u010das\u0165ou vrcholiacej pr\u00edpravy bolo aj stretnutie s\u00fa\u0165a\u017eiacich, expertov a\u00a0z\u00e1stupcov \u0160t\u00e1tneho in\u0161tit\u00fatu odborn\u00e9ho vzdel\u00e1vania v\u00a0polovici augusta. Ak\u00fd program maj\u00fa s\u00fa\u0165a\u017eiaci pred sebou? Ako by\u0165 v\u010das na [&hellip;]<\/p>\n","protected":false},"author":6,"featured_media":20548,"comment_status":"closed","ping_status":"closed","sticky":false,"template":"","format":"standard","meta":{"site-sidebar-layout":"default","site-content-layout":"","ast-site-content-layout":"default","site-content-style":"default","site-sidebar-style":"default","ast-global-header-display":"","ast-banner-title-visibility":"","ast-main-header-display":"","ast-hfb-above-header-display":"","ast-hfb-below-header-display":"","ast-hfb-mobile-header-display":"","site-post-title":"","ast-breadcrumbs-content":"","ast-featured-img":"","footer-sml-layout":"","ast-disable-related-posts":"","theme-transparent-header-meta":"default","adv-header-id-meta":"","stick-header-meta":"default","header-above-stick-meta":"","header-main-stick-meta":"","header-below-stick-meta":"","astra-migrate-meta-layouts":"set","ast-page-background-enabled":"default","ast-page-background-meta":{"desktop":{"background-color":"var(--ast-global-color-4)","background-image":"","background-repeat":"repeat","background-position":"center center","background-size":"auto","background-attachment":"scroll","background-type":"","background-media":"","overlay-type":"","overlay-color":"","overlay-opacity":"","overlay-gradient":""},"tablet":{"background-color":"","background-image":"","background-repeat":"repeat","background-position":"center center","background-size":"auto","background-attachment":"scroll","background-type":"","background-media":"","overlay-type":"","overlay-color":"","overlay-opacity":"","overlay-gradient":""},"mobile":{"background-color":"","background-image":"","background-repeat":"repeat","background-position":"center center","background-size":"auto","background-attachment":"scroll","background-type":"","background-media":"","overlay-type":"","overlay-color":"","overlay-opacity":"","overlay-gradient":""}},"ast-content-background-meta":{"desktop":{"background-color":"var(--ast-global-color-5)","background-image":"","background-repeat":"repeat","background-position":"center center","background-size":"auto","background-attachment":"scroll","background-type":"","background-media":"","overlay-type":"","overlay-color":"","overlay-opacity":"","overlay-gradient":""},"tablet":{"background-color":"var(--ast-global-color-5)","background-image":"","background-repeat":"repeat","background-position":"center center","background-size":"auto","background-attachment":"scroll","background-type":"","background-media":"","overlay-type":"","overlay-color":"","overlay-opacity":"","overlay-gradient":""},"mobile":{"background-color":"var(--ast-global-color-5)","background-image":"","background-repeat":"repeat","background-position":"center center","background-size":"auto","background-attachment":"scroll","background-type":"","background-media":"","overlay-type":"","overlay-color":"","overlay-opacity":"","overlay-gradient":""}},"footnotes":""},"categories":[1],"tags":[],"class_list":["post-20567","post","type-post","status-publish","format-standard","has-post-thumbnail","hentry","category-aktuality"],"yoast_head":"<!-- This site is optimized with the Yoast SEO plugin v27.5 - https:\/\/yoast.com\/product\/yoast-seo-wordpress\/ -->\n<title>Pr\u00edpravy na EuroSkills 2025 vrcholia. Kompletn\u00e1 reprezent\u00e1cia Slovenska sa stretla na \u0160IOV-e - \u0160IOV - \u0161t\u00e1tny in\u0161tit\u00fat odborn\u00e9ho vzdel\u00e1vania<\/title>\n<meta name=\"robots\" content=\"index, follow, max-snippet:-1, max-image-preview:large, max-video-preview:-1\" \/>\n<link rel=\"canonical\" href=\"https:\/\/archiv.siov.sk\/en\/pripravy-na-euroskills-2025-vrcholia-kompletna-reprezentacia-slovenska-sa-stretla-na-siov-e\/\" \/>\n<meta property=\"og:locale\" content=\"en_GB\" \/>\n<meta property=\"og:type\" content=\"article\" \/>\n<meta property=\"og:title\" content=\"Pr\u00edpravy na EuroSkills 2025 vrcholia. Kompletn\u00e1 reprezent\u00e1cia Slovenska sa stretla na \u0160IOV-e - \u0160IOV - \u0161t\u00e1tny in\u0161tit\u00fat odborn\u00e9ho vzdel\u00e1vania\" \/>\n<meta property=\"og:description\" content=\"Dvan\u00e1stka na\u0161ich s\u00fa\u0165a\u017eiacich onedlho vycestuje do d\u00e1nskeho Herningu, aby n\u00e1s reprezentovala na majstrovstv\u00e1ch Eur\u00f3py mlad\u00fdch profesion\u00e1lov EuroSkills 2025. A\u017e 600 z\u00e1stupcov z\u00a0r\u00f4znych kraj\u00edn tu zabojuje o medaily v 38 zru\u010dnostiach. S\u00fa\u010das\u0165ou vrcholiacej pr\u00edpravy bolo aj stretnutie s\u00fa\u0165a\u017eiacich, expertov a\u00a0z\u00e1stupcov \u0160t\u00e1tneho in\u0161tit\u00fatu odborn\u00e9ho vzdel\u00e1vania v\u00a0polovici augusta. Ak\u00fd program maj\u00fa s\u00fa\u0165a\u017eiaci pred sebou? Ako by\u0165 v\u010das na [&hellip;]\" \/>\n<meta property=\"og:url\" content=\"https:\/\/archiv.siov.sk\/en\/pripravy-na-euroskills-2025-vrcholia-kompletna-reprezentacia-slovenska-sa-stretla-na-siov-e\/\" \/>\n<meta property=\"og:site_name\" content=\"\u0160IOV - \u0161t\u00e1tny in\u0161tit\u00fat odborn\u00e9ho vzdel\u00e1vania\" \/>\n<meta property=\"article:publisher\" content=\"https:\/\/www.facebook.com\/Statnyinstitutodbornehovzdelavania\" \/>\n<meta property=\"article:published_time\" content=\"2025-08-15T11:22:40+00:00\" \/>\n<meta property=\"article:modified_time\" content=\"2025-08-27T11:41:22+00:00\" \/>\n<meta property=\"og:image\" content=\"https:\/\/archiv.siov.sk\/wp-content\/uploads\/2025\/08\/51b43797-ce59-46f8-b8ab-d9f1f083fc90-1.jpg\" \/>\n\t<meta property=\"og:image:width\" content=\"1974\" \/>\n\t<meta property=\"og:image:height\" content=\"1392\" \/>\n\t<meta property=\"og:image:type\" content=\"image\/jpeg\" \/>\n<meta name=\"author\" content=\"Katar\u00edna Kov\u00e1\u010dov\u00e1\" \/>\n<meta name=\"twitter:card\" content=\"summary_large_image\" \/>\n<meta name=\"twitter:label1\" content=\"Written by\" \/>\n\t<meta name=\"twitter:data1\" content=\"Katar\u00edna Kov\u00e1\u010dov\u00e1\" \/>\n\t<meta name=\"twitter:label2\" content=\"Estimated reading time\" \/>\n\t<meta name=\"twitter:data2\" content=\"3 minutes\" \/>\n<script type=\"application\/ld+json\" class=\"yoast-schema-graph\">{\"@context\":\"https:\\\/\\\/schema.org\",\"@graph\":[{\"@type\":\"Article\",\"@id\":\"https:\\\/\\\/archiv.siov.sk\\\/pripravy-na-euroskills-2025-vrcholia-kompletna-reprezentacia-slovenska-sa-stretla-na-siov-e\\\/#article\",\"isPartOf\":{\"@id\":\"https:\\\/\\\/archiv.siov.sk\\\/pripravy-na-euroskills-2025-vrcholia-kompletna-reprezentacia-slovenska-sa-stretla-na-siov-e\\\/\"},\"author\":{\"name\":\"Katar\u00edna Kov\u00e1\u010dov\u00e1\",\"@id\":\"https:\\\/\\\/archiv.siov.sk\\\/#\\\/schema\\\/person\\\/e42d633fbd958c6a726e8834d8965e6c\"},\"headline\":\"Pr\u00edpravy na EuroSkills 2025 vrcholia. Kompletn\u00e1 reprezent\u00e1cia Slovenska sa stretla na \u0160IOV-e\",\"datePublished\":\"2025-08-15T11:22:40+00:00\",\"dateModified\":\"2025-08-27T11:41:22+00:00\",\"mainEntityOfPage\":{\"@id\":\"https:\\\/\\\/archiv.siov.sk\\\/pripravy-na-euroskills-2025-vrcholia-kompletna-reprezentacia-slovenska-sa-stretla-na-siov-e\\\/\"},\"wordCount\":535,\"publisher\":{\"@id\":\"https:\\\/\\\/archiv.siov.sk\\\/#organization\"},\"image\":{\"@id\":\"https:\\\/\\\/archiv.siov.sk\\\/pripravy-na-euroskills-2025-vrcholia-kompletna-reprezentacia-slovenska-sa-stretla-na-siov-e\\\/#primaryimage\"},\"thumbnailUrl\":\"https:\\\/\\\/archiv.siov.sk\\\/wp-content\\\/uploads\\\/2025\\\/08\\\/51b43797-ce59-46f8-b8ab-d9f1f083fc90-1.jpg\",\"articleSection\":[\"Aktuality\"],\"inLanguage\":\"en-GB\"},{\"@type\":\"WebPage\",\"@id\":\"https:\\\/\\\/archiv.siov.sk\\\/pripravy-na-euroskills-2025-vrcholia-kompletna-reprezentacia-slovenska-sa-stretla-na-siov-e\\\/\",\"url\":\"https:\\\/\\\/archiv.siov.sk\\\/pripravy-na-euroskills-2025-vrcholia-kompletna-reprezentacia-slovenska-sa-stretla-na-siov-e\\\/\",\"name\":\"Pr\u00edpravy na EuroSkills 2025 vrcholia. Kompletn\u00e1 reprezent\u00e1cia Slovenska sa stretla na \u0160IOV-e - \u0160IOV - \u0161t\u00e1tny in\u0161tit\u00fat odborn\u00e9ho vzdel\u00e1vania\",\"isPartOf\":{\"@id\":\"https:\\\/\\\/archiv.siov.sk\\\/#website\"},\"primaryImageOfPage\":{\"@id\":\"https:\\\/\\\/archiv.siov.sk\\\/pripravy-na-euroskills-2025-vrcholia-kompletna-reprezentacia-slovenska-sa-stretla-na-siov-e\\\/#primaryimage\"},\"image\":{\"@id\":\"https:\\\/\\\/archiv.siov.sk\\\/pripravy-na-euroskills-2025-vrcholia-kompletna-reprezentacia-slovenska-sa-stretla-na-siov-e\\\/#primaryimage\"},\"thumbnailUrl\":\"https:\\\/\\\/archiv.siov.sk\\\/wp-content\\\/uploads\\\/2025\\\/08\\\/51b43797-ce59-46f8-b8ab-d9f1f083fc90-1.jpg\",\"datePublished\":\"2025-08-15T11:22:40+00:00\",\"dateModified\":\"2025-08-27T11:41:22+00:00\",\"breadcrumb\":{\"@id\":\"https:\\\/\\\/archiv.siov.sk\\\/pripravy-na-euroskills-2025-vrcholia-kompletna-reprezentacia-slovenska-sa-stretla-na-siov-e\\\/#breadcrumb\"},\"inLanguage\":\"en-GB\",\"potentialAction\":[{\"@type\":\"ReadAction\",\"target\":[\"https:\\\/\\\/archiv.siov.sk\\\/pripravy-na-euroskills-2025-vrcholia-kompletna-reprezentacia-slovenska-sa-stretla-na-siov-e\\\/\"]}]},{\"@type\":\"ImageObject\",\"inLanguage\":\"en-GB\",\"@id\":\"https:\\\/\\\/archiv.siov.sk\\\/pripravy-na-euroskills-2025-vrcholia-kompletna-reprezentacia-slovenska-sa-stretla-na-siov-e\\\/#primaryimage\",\"url\":\"https:\\\/\\\/archiv.siov.sk\\\/wp-content\\\/uploads\\\/2025\\\/08\\\/51b43797-ce59-46f8-b8ab-d9f1f083fc90-1.jpg\",\"contentUrl\":\"https:\\\/\\\/archiv.siov.sk\\\/wp-content\\\/uploads\\\/2025\\\/08\\\/51b43797-ce59-46f8-b8ab-d9f1f083fc90-1.jpg\",\"width\":1974,\"height\":1392},{\"@type\":\"BreadcrumbList\",\"@id\":\"https:\\\/\\\/archiv.siov.sk\\\/pripravy-na-euroskills-2025-vrcholia-kompletna-reprezentacia-slovenska-sa-stretla-na-siov-e\\\/#breadcrumb\",\"itemListElement\":[{\"@type\":\"ListItem\",\"position\":1,\"name\":\"Home\",\"item\":\"https:\\\/\\\/archiv.siov.sk\\\/\"},{\"@type\":\"ListItem\",\"position\":2,\"name\":\"Pr\u00edpravy na EuroSkills 2025 vrcholia. Kompletn\u00e1 reprezent\u00e1cia Slovenska sa stretla na \u0160IOV-e\"}]},{\"@type\":\"WebSite\",\"@id\":\"https:\\\/\\\/archiv.siov.sk\\\/#website\",\"url\":\"https:\\\/\\\/archiv.siov.sk\\\/\",\"name\":\"\u0160IOV - \u0161t\u00e1tny in\u0161tit\u00fat odborn\u00e9ho vzdel\u00e1vania\",\"description\":\"\",\"publisher\":{\"@id\":\"https:\\\/\\\/archiv.siov.sk\\\/#organization\"},\"potentialAction\":[{\"@type\":\"SearchAction\",\"target\":{\"@type\":\"EntryPoint\",\"urlTemplate\":\"https:\\\/\\\/archiv.siov.sk\\\/?s={search_term_string}\"},\"query-input\":{\"@type\":\"PropertyValueSpecification\",\"valueRequired\":true,\"valueName\":\"search_term_string\"}}],\"inLanguage\":\"en-GB\"},{\"@type\":\"Organization\",\"@id\":\"https:\\\/\\\/archiv.siov.sk\\\/#organization\",\"name\":\"\u0160IOV - \u0161t\u00e1tny in\u0161tit\u00fat odborn\u00e9ho vzdel\u00e1vania\",\"url\":\"https:\\\/\\\/archiv.siov.sk\\\/\",\"logo\":{\"@type\":\"ImageObject\",\"inLanguage\":\"en-GB\",\"@id\":\"https:\\\/\\\/archiv.siov.sk\\\/#\\\/schema\\\/logo\\\/image\\\/\",\"url\":\"https:\\\/\\\/archiv.siov.sk\\\/wp-content\\\/uploads\\\/2024\\\/02\\\/logo-SIOV.png\",\"contentUrl\":\"https:\\\/\\\/archiv.siov.sk\\\/wp-content\\\/uploads\\\/2024\\\/02\\\/logo-SIOV.png\",\"width\":431,\"height\":143,\"caption\":\"\u0160IOV - \u0161t\u00e1tny in\u0161tit\u00fat odborn\u00e9ho vzdel\u00e1vania\"},\"image\":{\"@id\":\"https:\\\/\\\/archiv.siov.sk\\\/#\\\/schema\\\/logo\\\/image\\\/\"},\"sameAs\":[\"https:\\\/\\\/www.facebook.com\\\/Statnyinstitutodbornehovzdelavania\"]},{\"@type\":\"Person\",\"@id\":\"https:\\\/\\\/archiv.siov.sk\\\/#\\\/schema\\\/person\\\/e42d633fbd958c6a726e8834d8965e6c\",\"name\":\"Katar\u00edna Kov\u00e1\u010dov\u00e1\",\"url\":\"https:\\\/\\\/archiv.siov.sk\\\/en\\\/author\\\/katkakovacova\\\/\"}]}<\/script>\n<!-- \/ Yoast SEO plugin. -->","yoast_head_json":{"title":"Pr\u00edpravy na EuroSkills 2025 vrcholia. Kompletn\u00e1 reprezent\u00e1cia Slovenska sa stretla na \u0160IOV-e - \u0160IOV - \u0161t\u00e1tny in\u0161tit\u00fat odborn\u00e9ho vzdel\u00e1vania","robots":{"index":"index","follow":"follow","max-snippet":"max-snippet:-1","max-image-preview":"max-image-preview:large","max-video-preview":"max-video-preview:-1"},"canonical":"https:\/\/archiv.siov.sk\/en\/pripravy-na-euroskills-2025-vrcholia-kompletna-reprezentacia-slovenska-sa-stretla-na-siov-e\/","og_locale":"en_GB","og_type":"article","og_title":"Pr\u00edpravy na EuroSkills 2025 vrcholia. Kompletn\u00e1 reprezent\u00e1cia Slovenska sa stretla na \u0160IOV-e - \u0160IOV - \u0161t\u00e1tny in\u0161tit\u00fat odborn\u00e9ho vzdel\u00e1vania","og_description":"Dvan\u00e1stka na\u0161ich s\u00fa\u0165a\u017eiacich onedlho vycestuje do d\u00e1nskeho Herningu, aby n\u00e1s reprezentovala na majstrovstv\u00e1ch Eur\u00f3py mlad\u00fdch profesion\u00e1lov EuroSkills 2025. A\u017e 600 z\u00e1stupcov z\u00a0r\u00f4znych kraj\u00edn tu zabojuje o medaily v 38 zru\u010dnostiach. S\u00fa\u010das\u0165ou vrcholiacej pr\u00edpravy bolo aj stretnutie s\u00fa\u0165a\u017eiacich, expertov a\u00a0z\u00e1stupcov \u0160t\u00e1tneho in\u0161tit\u00fatu odborn\u00e9ho vzdel\u00e1vania v\u00a0polovici augusta. Ak\u00fd program maj\u00fa s\u00fa\u0165a\u017eiaci pred sebou? Ako by\u0165 v\u010das na [&hellip;]","og_url":"https:\/\/archiv.siov.sk\/en\/pripravy-na-euroskills-2025-vrcholia-kompletna-reprezentacia-slovenska-sa-stretla-na-siov-e\/","og_site_name":"\u0160IOV - \u0161t\u00e1tny in\u0161tit\u00fat odborn\u00e9ho vzdel\u00e1vania","article_publisher":"https:\/\/www.facebook.com\/Statnyinstitutodbornehovzdelavania","article_published_time":"2025-08-15T11:22:40+00:00","article_modified_time":"2025-08-27T11:41:22+00:00","og_image":[{"width":1974,"height":1392,"url":"https:\/\/archiv.siov.sk\/wp-content\/uploads\/2025\/08\/51b43797-ce59-46f8-b8ab-d9f1f083fc90-1.jpg","type":"image\/jpeg"}],"author":"Katar\u00edna Kov\u00e1\u010dov\u00e1","twitter_card":"summary_large_image","twitter_misc":{"Written by":"Katar\u00edna Kov\u00e1\u010dov\u00e1","Estimated reading time":"3 minutes"},"schema":{"@context":"https:\/\/schema.org","@graph":[{"@type":"Article","@id":"https:\/\/archiv.siov.sk\/pripravy-na-euroskills-2025-vrcholia-kompletna-reprezentacia-slovenska-sa-stretla-na-siov-e\/#article","isPartOf":{"@id":"https:\/\/archiv.siov.sk\/pripravy-na-euroskills-2025-vrcholia-kompletna-reprezentacia-slovenska-sa-stretla-na-siov-e\/"},"author":{"name":"Katar\u00edna Kov\u00e1\u010dov\u00e1","@id":"https:\/\/archiv.siov.sk\/#\/schema\/person\/e42d633fbd958c6a726e8834d8965e6c"},"headline":"Pr\u00edpravy na EuroSkills 2025 vrcholia. Kompletn\u00e1 reprezent\u00e1cia Slovenska sa stretla na \u0160IOV-e","datePublished":"2025-08-15T11:22:40+00:00","dateModified":"2025-08-27T11:41:22+00:00","mainEntityOfPage":{"@id":"https:\/\/archiv.siov.sk\/pripravy-na-euroskills-2025-vrcholia-kompletna-reprezentacia-slovenska-sa-stretla-na-siov-e\/"},"wordCount":535,"publisher":{"@id":"https:\/\/archiv.siov.sk\/#organization"},"image":{"@id":"https:\/\/archiv.siov.sk\/pripravy-na-euroskills-2025-vrcholia-kompletna-reprezentacia-slovenska-sa-stretla-na-siov-e\/#primaryimage"},"thumbnailUrl":"https:\/\/archiv.siov.sk\/wp-content\/uploads\/2025\/08\/51b43797-ce59-46f8-b8ab-d9f1f083fc90-1.jpg","articleSection":["Aktuality"],"inLanguage":"en-GB"},{"@type":"WebPage","@id":"https:\/\/archiv.siov.sk\/pripravy-na-euroskills-2025-vrcholia-kompletna-reprezentacia-slovenska-sa-stretla-na-siov-e\/","url":"https:\/\/archiv.siov.sk\/pripravy-na-euroskills-2025-vrcholia-kompletna-reprezentacia-slovenska-sa-stretla-na-siov-e\/","name":"Pr\u00edpravy na EuroSkills 2025 vrcholia. Kompletn\u00e1 reprezent\u00e1cia Slovenska sa stretla na \u0160IOV-e - \u0160IOV - \u0161t\u00e1tny in\u0161tit\u00fat odborn\u00e9ho vzdel\u00e1vania","isPartOf":{"@id":"https:\/\/archiv.siov.sk\/#website"},"primaryImageOfPage":{"@id":"https:\/\/archiv.siov.sk\/pripravy-na-euroskills-2025-vrcholia-kompletna-reprezentacia-slovenska-sa-stretla-na-siov-e\/#primaryimage"},"image":{"@id":"https:\/\/archiv.siov.sk\/pripravy-na-euroskills-2025-vrcholia-kompletna-reprezentacia-slovenska-sa-stretla-na-siov-e\/#primaryimage"},"thumbnailUrl":"https:\/\/archiv.siov.sk\/wp-content\/uploads\/2025\/08\/51b43797-ce59-46f8-b8ab-d9f1f083fc90-1.jpg","datePublished":"2025-08-15T11:22:40+00:00","dateModified":"2025-08-27T11:41:22+00:00","breadcrumb":{"@id":"https:\/\/archiv.siov.sk\/pripravy-na-euroskills-2025-vrcholia-kompletna-reprezentacia-slovenska-sa-stretla-na-siov-e\/#breadcrumb"},"inLanguage":"en-GB","potentialAction":[{"@type":"ReadAction","target":["https:\/\/archiv.siov.sk\/pripravy-na-euroskills-2025-vrcholia-kompletna-reprezentacia-slovenska-sa-stretla-na-siov-e\/"]}]},{"@type":"ImageObject","inLanguage":"en-GB","@id":"https:\/\/archiv.siov.sk\/pripravy-na-euroskills-2025-vrcholia-kompletna-reprezentacia-slovenska-sa-stretla-na-siov-e\/#primaryimage","url":"https:\/\/archiv.siov.sk\/wp-content\/uploads\/2025\/08\/51b43797-ce59-46f8-b8ab-d9f1f083fc90-1.jpg","contentUrl":"https:\/\/archiv.siov.sk\/wp-content\/uploads\/2025\/08\/51b43797-ce59-46f8-b8ab-d9f1f083fc90-1.jpg","width":1974,"height":1392},{"@type":"BreadcrumbList","@id":"https:\/\/archiv.siov.sk\/pripravy-na-euroskills-2025-vrcholia-kompletna-reprezentacia-slovenska-sa-stretla-na-siov-e\/#breadcrumb","itemListElement":[{"@type":"ListItem","position":1,"name":"Home","item":"https:\/\/archiv.siov.sk\/"},{"@type":"ListItem","position":2,"name":"Pr\u00edpravy na EuroSkills 2025 vrcholia. Kompletn\u00e1 reprezent\u00e1cia Slovenska sa stretla na \u0160IOV-e"}]},{"@type":"WebSite","@id":"https:\/\/archiv.siov.sk\/#website","url":"https:\/\/archiv.siov.sk\/","name":"\u0160IOV - \u0161t\u00e1tny in\u0161tit\u00fat odborn\u00e9ho vzdel\u00e1vania","description":"","publisher":{"@id":"https:\/\/archiv.siov.sk\/#organization"},"potentialAction":[{"@type":"SearchAction","target":{"@type":"EntryPoint","urlTemplate":"https:\/\/archiv.siov.sk\/?s={search_term_string}"},"query-input":{"@type":"PropertyValueSpecification","valueRequired":true,"valueName":"search_term_string"}}],"inLanguage":"en-GB"},{"@type":"Organization","@id":"https:\/\/archiv.siov.sk\/#organization","name":"\u0160IOV - \u0161t\u00e1tny in\u0161tit\u00fat odborn\u00e9ho vzdel\u00e1vania","url":"https:\/\/archiv.siov.sk\/","logo":{"@type":"ImageObject","inLanguage":"en-GB","@id":"https:\/\/archiv.siov.sk\/#\/schema\/logo\/image\/","url":"https:\/\/archiv.siov.sk\/wp-content\/uploads\/2024\/02\/logo-SIOV.png","contentUrl":"https:\/\/archiv.siov.sk\/wp-content\/uploads\/2024\/02\/logo-SIOV.png","width":431,"height":143,"caption":"\u0160IOV - \u0161t\u00e1tny in\u0161tit\u00fat odborn\u00e9ho vzdel\u00e1vania"},"image":{"@id":"https:\/\/archiv.siov.sk\/#\/schema\/logo\/image\/"},"sameAs":["https:\/\/www.facebook.com\/Statnyinstitutodbornehovzdelavania"]},{"@type":"Person","@id":"https:\/\/archiv.siov.sk\/#\/schema\/person\/e42d633fbd958c6a726e8834d8965e6c","name":"Katar\u00edna Kov\u00e1\u010dov\u00e1","url":"https:\/\/archiv.siov.sk\/en\/author\/katkakovacova\/"}]}},"_links":{"self":[{"href":"https:\/\/archiv.siov.sk\/en\/wp-json\/wp\/v2\/posts\/20567","targetHints":{"allow":["GET"]}}],"collection":[{"href":"https:\/\/archiv.siov.sk\/en\/wp-json\/wp\/v2\/posts"}],"about":[{"href":"https:\/\/archiv.siov.sk\/en\/wp-json\/wp\/v2\/types\/post"}],"author":[{"embeddable":true,"href":"https:\/\/archiv.siov.sk\/en\/wp-json\/wp\/v2\/users\/6"}],"replies":[{"embeddable":true,"href":"https:\/\/archiv.siov.sk\/en\/wp-json\/wp\/v2\/comments?post=20567"}],"version-history":[{"count":7,"href":"https:\/\/archiv.siov.sk\/en\/wp-json\/wp\/v2\/posts\/20567\/revisions"}],"predecessor-version":[{"id":20589,"href":"https:\/\/archiv.siov.sk\/en\/wp-json\/wp\/v2\/posts\/20567\/revisions\/20589"}],"wp:featuredmedia":[{"embeddable":true,"href":"https:\/\/archiv.siov.sk\/en\/wp-json\/wp\/v2\/media\/20548"}],"wp:attachment":[{"href":"https:\/\/archiv.siov.sk\/en\/wp-json\/wp\/v2\/media?parent=20567"}],"wp:term":[{"taxonomy":"category","embeddable":true,"href":"https:\/\/archiv.siov.sk\/en\/wp-json\/wp\/v2\/categories?post=20567"},{"taxonomy":"post_tag","embeddable":true,"href":"https:\/\/archiv.siov.sk\/en\/wp-json\/wp\/v2\/tags?post=20567"}],"curies":[{"name":"wp","href":"https:\/\/api.w.org\/{rel}","templated":true}]}}