{"id":20091,"date":"2025-08-04T09:32:54","date_gmt":"2025-08-04T07:32:54","guid":{"rendered":"https:\/\/archiv.siov.sk\/?p=20091"},"modified":"2025-10-06T14:17:56","modified_gmt":"2025-10-06T12:17:56","slug":"ucast-dospelych-na-vzdelavani-sa-vyrazne-zvysila-co-je-za-tym","status":"publish","type":"post","link":"https:\/\/archiv.siov.sk\/en\/ucast-dospelych-na-vzdelavani-sa-vyrazne-zvysila-co-je-za-tym\/","title":{"rendered":"\u00da\u010das\u0165 dospel\u00fdch na vzdel\u00e1van\u00ed sa v\u00fdrazne zv\u00fd\u0161ila. \u010co je za t\u00fdm?"},"content":{"rendered":"<p><strong>\u00da\u010das\u0165 dospel\u00fdch vo veku 25 a\u017e 64 rokov na vzdel\u00e1van\u00ed u n\u00e1s vzr\u00e1stla. <\/strong>Pod\u013ea posledn\u00e9ho eur\u00f3pskeho merania (Adult Education Survey) z\u00a0roku 2022 sa na Slovensku <strong>vzdel\u00e1vaniu aspo\u0148 raz za rok venovalo 54,8 % dospel\u00fdch<\/strong> vo veku 25 a\u017e 64 rokov. Ide o rozsiahly prieskum realizovan\u00fd v eur\u00f3pskych krajin\u00e1ch v p\u00e4\u0165 a\u017e \u0161es\u0165ro\u010dn\u00fdch intervaloch, ktor\u00fd umo\u017e\u0148uje sledova\u0165 dlhodob\u00e9 trendy v oblasti vzdel\u00e1vania dospel\u00fdch.<\/p>\n<p>T\u00e9me sa podrobne venuje <a href=\"https:\/\/archiv.siov.sk\/wp-content\/uploads\/2025\/07\/VD-v-cislach_final.pdf\" target=\"_blank\" rel=\"noopener\"><strong>analytick\u00fd koment\u00e1r<\/strong><\/a> pripraven\u00fd expertkami zo \u0160t\u00e1tneho in\u0161tit\u00fatu odborn\u00e9ho vzdel\u00e1vania (\u0160IOV) a Centra spolo\u010densk\u00fdch a psychologick\u00fdch vied SAV (CSPV SAV).<\/p>\n<p>V porovnan\u00ed s rokom 2016 si Slovensko polep\u0161ilo o takmer 9 percentu\u00e1lnych bodov \u2013 ide tak o \u0161tvrt\u00fd najvy\u0161\u0161\u00ed n\u00e1rast spomedzi kraj\u00edn E\u00da a\u00a0to aj napriek tomu, \u017ee referen\u010dn\u00e9 obdobie sa \u010diasto\u010dne prel\u00ednalo s pand\u00e9miou.<strong> Slovensko sa tak zaradilo medzi desa\u0165 kraj\u00edn E\u00da s\u00a0najvy\u0161\u0161ou \u00fa\u010das\u0165ou dospel\u00fdch na vzdel\u00e1van\u00ed. Priemer E\u00da dosahuje 47 %. <\/strong><\/p>\n<p><strong>Z\u00e1rove\u0148 si v\u0161ak Slovensko pohor\u0161ilo v\u00a0r\u00e1mci E\u00da v rozsahu vzdel\u00e1vania. <\/strong>V priemernom po\u010dte hod\u00edn, ktor\u00e9 str\u00e1vil jednotlivec vo vzdel\u00e1van\u00ed sme <strong>na predposlednom mieste medzi krajinami\u00a0E\u00da<\/strong>. Na Slovensku sa dospel\u00fd venuje vzdel\u00e1vaniu v\u00a0priemere 48 hod\u00edn, \u010do je len tretina \u010dasu v\u00a0porovnan\u00ed s priemerom v\u00a0E\u00da. V\u00a0r\u00e1mci E\u00da sa pritom podarilo zv\u00fd\u0161i\u0165 \u010das str\u00e1ven\u00fd vo vzdel\u00e1van\u00ed na 144 hod\u00edn.<\/p>\n<p><em>\u201eNajz\u00e1sadnej\u0161\u00ed fakt, ktor\u00fd z anal\u00fdzy vypl\u00fdva, je \u017ee <strong>sa vzdel\u00e1vaj\u00fa pracuj\u00faci, pri\u010dom \u00fa\u010das\u0165 nepracuj\u00facich ost\u00e1va n\u00edzka<\/strong> a v aktu\u00e1lnom meran\u00ed zaznamenala \u010fal\u0161\u00ed pokles. Nepodarilo sa vo v\u00e4\u010d\u0161ej miere zapoji\u0165 t\u00fdch, ktor\u00ed by potrebovali zlep\u0161i\u0165 potenci\u00e1l bud\u00facej zamestnate\u013enosti\u201c<\/em> upozor\u0148uje n\u00e1mestn\u00ed\u010dka \u00daseku pre celo\u017eivotn\u00e9 vzdel\u00e1vanie <strong>\u013dubica G\u00e1llov\u00e1 <\/strong>(\u0160IOV).<\/p>\n<p>Anal\u00fdza ukazuje, \u017ee najv\u00e4\u010d\u0161\u00ed vplyv na pravdepodobnos\u0165 z\u00fa\u010dastni\u0165 sa vzdel\u00e1vania m\u00e1 zamestnanie a \u00farove\u0148 dosiahnut\u00e9ho vzdelania. Na Slovensku sa neform\u00e1lne vzdel\u00e1vanie (\u0161kolenia, kurzy, workshopy) via\u017ee takmer v\u00fdhradne na pracovn\u00e9 prostredie. Tak\u00e9to vzdel\u00e1vanie je \u0161tandardne finan\u010dne alebo organiza\u010dne podporovan\u00e9 zamestn\u00e1vate\u013eom.<\/p>\n<p><em>\u201eD\u00f4vody skokov\u00e9ho n\u00e1rastu na Slovensku d\u00e1ta priamo neodhalia, m\u00f4\u017eeme v\u0161ak sledova\u0165, ktor\u00e9 skupiny popul\u00e1cie ho najviac ovplyvnili,\u201c<\/em> vysvet\u013euje analyti\u010dka <strong>\u013duba Habod\u00e1szov\u00e1 <\/strong>(\u0160IOV). <em>\u201eV obdob\u00ed medzi dvoma meraniami sa \u00fa\u010das\u0165 najviac zv\u00fd\u0161ila pracuj\u00facim s\u00a0n\u00edzkym vzdelan\u00edm. Tie\u017e sa domnievame, \u017ee zmena znenia ot\u00e1zky v zis\u0165ovan\u00ed mohla prispie\u0165 k\u00a0celkov\u00e9mu zv\u00fd\u0161eniu meranej \u00fa\u010dasti. Oproti minulosti, <strong>ot\u00e1zky boli v\u00a0aktu\u00e1lnom meran\u00ed viac detailn\u00e9 a\u00a0napom\u00e1hali respondentom spomen\u00fa\u0165 si <\/strong>na r\u00f4zne absolvovan\u00e9 vzdel\u00e1vacie aktivity.\u201c<\/em><\/p>\n<p><em>\u201ePrekvapuj\u00face je, \u017ee k\u00fdm v mnoh\u00fdch krajin\u00e1ch sa podarilo pred\u013a\u017ei\u0165 priemern\u00fd \u010das str\u00e1ven\u00fd vo vzdel\u00e1van\u00ed, <strong>na Slovensku ostal priemern\u00fd \u010das na ve\u013emi n\u00edzkej \u00farovni<\/strong>.\u201c<\/em> uv\u00e1dza <strong>Ivana Studen\u00e1 <\/strong>(CSPV SAV), ktor\u00e1 sa dlhodobo venuje v\u00fdskumu vzdel\u00e1vania dospel\u00fdch. \u201e<em>Kr\u00e1tky \u010das tr\u00e1ven\u00fd vo vzdel\u00e1van\u00ed a\u00a0fakt, \u017ee preva\u017euj\u00fa \u0161kolenia, ktor\u00e9 s\u00favisia so zamestnan\u00edm nazna\u010duj\u00fa, \u017ee m\u00f4\u017ee \u00eds\u0165 o \u0161kolenia, ktor\u00e9 s\u00fa potrebn\u00e9 pre v\u00fdkon pr\u00e1ce. Miera \u00fa\u010dasti na vzdel\u00e1van\u00ed a jej vekov\u00e1 \u0161trukt\u00fara potom m\u00f4\u017eu by\u0165 <\/em><em>i\u00a0v\u00fdsledkom pohybu na pracovn\u00fdch miestach v\u00a0siln\u00fdch odvetviach ekonomiky, a\u00a0s\u00a0t\u00fdm s\u00favisiacimi \u0161koleniami nutn\u00fdmi pre v\u00fdkon pr\u00e1c\u201c<\/em>.<\/p>\n<p>Anal\u00fdza potvrdzuje pretrv\u00e1vaj\u00face nerovnosti v pr\u00edstupe k vzdel\u00e1vaniu. <strong>\u013dudia s ni\u017e\u0161\u00edm vzdelan\u00edm sa vzdel\u00e1vaj\u00fa ove\u013ea menej ne\u017e vysoko\u0161kolsky vzdelan\u00ed.<\/strong> Pr\u00e1ve pre nich je v\u0161ak \u010fal\u0161ie vzdel\u00e1vanie k\u013e\u00fa\u010dov\u00e9, \u010di u\u017e pri h\u013eadan\u00ed pr\u00e1ce, zmene kvalifik\u00e1cie alebo adapt\u00e1cii na nov\u00e9 po\u017eiadavky trhu.<\/p>\n<p>Zistenia z prieskumu nazna\u010duj\u00fa, \u017ee Slovensko m\u00e1 v oblasti vzdel\u00e1vania dospel\u00fdch potenci\u00e1l, a vie zapoji\u0165 \u0161ir\u0161iu z\u00e1klad\u0148u dospel\u00fdch, no z\u00e1rove\u0148 \u010del\u00ed aj v\u00fdzvam, najm\u00e4 v\u00a0zapojen\u00ed dospel\u00fdch, ktor\u00ed nie s\u00fa akt\u00edvni na trhu pr\u00e1ce. Zamera\u0165 sa na \u0161ir\u0161iu dostupnos\u0165 vzdel\u00e1vania, preh\u013abi\u0165 a\u00a0roz\u0161\u00edri\u0165 vzdel\u00e1vacie aktivity a\u00a0podpori\u0165 motiv\u00e1ciu pre menej akt\u00edvnych \u00fa\u010dastn\u00edkov bude k\u013e\u00fa\u010dov\u00e9 pre udr\u017eanie pozit\u00edvneho trendu.<\/p>\n<p><a href=\"https:\/\/archiv.siov.sk\/wp-content\/uploads\/2025\/07\/VD-v-cislach_final.pdf\" target=\"_blank\" rel=\"noopener\"><img fetchpriority=\"high\" decoding=\"async\" class=\"alignnone wp-image-20094\" src=\"https:\/\/archiv.siov.sk\/wp-content\/uploads\/2025\/08\/titulka_analyticky_komentar-209x300.png\" alt=\"analyticky komentar \u0161iov sav\" width=\"300\" height=\"432\" srcset=\"https:\/\/archiv.siov.sk\/wp-content\/uploads\/2025\/08\/titulka_analyticky_komentar-209x300.png 209w, https:\/\/archiv.siov.sk\/wp-content\/uploads\/2025\/08\/titulka_analyticky_komentar-8x12.png 8w, https:\/\/archiv.siov.sk\/wp-content\/uploads\/2025\/08\/titulka_analyticky_komentar.png 547w\" sizes=\"(max-width: 300px) 100vw, 300px\" \/><\/a><\/p>\n<p><img decoding=\"async\" class=\"wp-image-18660\" src=\"https:\/\/archiv.siov.sk\/wp-content\/uploads\/2025\/04\/loga_np_kvalita-300x46.png\" alt=\"loga_kvalita_projekt\" width=\"400\" height=\"62\" srcset=\"https:\/\/archiv.siov.sk\/wp-content\/uploads\/2025\/04\/loga_np_kvalita-300x46.png 300w, https:\/\/archiv.siov.sk\/wp-content\/uploads\/2025\/04\/loga_np_kvalita-1024x158.png 1024w, https:\/\/archiv.siov.sk\/wp-content\/uploads\/2025\/04\/loga_np_kvalita-768x119.png 768w, https:\/\/archiv.siov.sk\/wp-content\/uploads\/2025\/04\/loga_np_kvalita-18x3.png 18w, https:\/\/archiv.siov.sk\/wp-content\/uploads\/2025\/04\/elementor\/thumbs\/loga_np_kvalita-r5cjqsfvrn5sfhsjyrw97tvig25lp3e6m5t1uzcj7g.png 450w, https:\/\/archiv.siov.sk\/wp-content\/uploads\/2025\/04\/loga_np_kvalita.png 1229w\" sizes=\"(max-width: 400px) 100vw, 400px\" \/><\/p>\n<p>&nbsp;<\/p>","protected":false},"excerpt":{"rendered":"<p>\u00da\u010das\u0165 dospel\u00fdch vo veku 25 a\u017e 64 rokov na vzdel\u00e1van\u00ed u n\u00e1s vzr\u00e1stla. Pod\u013ea posledn\u00e9ho eur\u00f3pskeho merania (Adult Education Survey) z\u00a0roku 2022 sa na Slovensku vzdel\u00e1vaniu aspo\u0148 raz za rok venovalo 54,8 % dospel\u00fdch vo veku 25 a\u017e 64 rokov. Ide o rozsiahly prieskum realizovan\u00fd v eur\u00f3pskych krajin\u00e1ch v p\u00e4\u0165 a\u017e \u0161es\u0165ro\u010dn\u00fdch intervaloch, ktor\u00fd umo\u017e\u0148uje [&hellip;]<\/p>\n","protected":false},"author":10,"featured_media":20096,"comment_status":"closed","ping_status":"closed","sticky":false,"template":"","format":"standard","meta":{"site-sidebar-layout":"default","site-content-layout":"","ast-site-content-layout":"default","site-content-style":"default","site-sidebar-style":"default","ast-global-header-display":"","ast-banner-title-visibility":"","ast-main-header-display":"","ast-hfb-above-header-display":"","ast-hfb-below-header-display":"","ast-hfb-mobile-header-display":"","site-post-title":"","ast-breadcrumbs-content":"","ast-featured-img":"","footer-sml-layout":"","ast-disable-related-posts":"","theme-transparent-header-meta":"default","adv-header-id-meta":"","stick-header-meta":"default","header-above-stick-meta":"","header-main-stick-meta":"","header-below-stick-meta":"","astra-migrate-meta-layouts":"set","ast-page-background-enabled":"default","ast-page-background-meta":{"desktop":{"background-color":"var(--ast-global-color-4)","background-image":"","background-repeat":"repeat","background-position":"center center","background-size":"auto","background-attachment":"scroll","background-type":"","background-media":"","overlay-type":"","overlay-color":"","overlay-opacity":"","overlay-gradient":""},"tablet":{"background-color":"","background-image":"","background-repeat":"repeat","background-position":"center center","background-size":"auto","background-attachment":"scroll","background-type":"","background-media":"","overlay-type":"","overlay-color":"","overlay-opacity":"","overlay-gradient":""},"mobile":{"background-color":"","background-image":"","background-repeat":"repeat","background-position":"center center","background-size":"auto","background-attachment":"scroll","background-type":"","background-media":"","overlay-type":"","overlay-color":"","overlay-opacity":"","overlay-gradient":""}},"ast-content-background-meta":{"desktop":{"background-color":"var(--ast-global-color-5)","background-image":"","background-repeat":"repeat","background-position":"center center","background-size":"auto","background-attachment":"scroll","background-type":"","background-media":"","overlay-type":"","overlay-color":"","overlay-opacity":"","overlay-gradient":""},"tablet":{"background-color":"var(--ast-global-color-5)","background-image":"","background-repeat":"repeat","background-position":"center center","background-size":"auto","background-attachment":"scroll","background-type":"","background-media":"","overlay-type":"","overlay-color":"","overlay-opacity":"","overlay-gradient":""},"mobile":{"background-color":"var(--ast-global-color-5)","background-image":"","background-repeat":"repeat","background-position":"center center","background-size":"auto","background-attachment":"scroll","background-type":"","background-media":"","overlay-type":"","overlay-color":"","overlay-opacity":"","overlay-gradient":""}},"footnotes":""},"categories":[1],"tags":[],"class_list":["post-20091","post","type-post","status-publish","format-standard","has-post-thumbnail","hentry","category-aktuality"],"yoast_head":"<!-- This site is optimized with the Yoast SEO plugin v27.5 - https:\/\/yoast.com\/product\/yoast-seo-wordpress\/ -->\n<title>\u00da\u010das\u0165 dospel\u00fdch na vzdel\u00e1van\u00ed sa v\u00fdrazne zv\u00fd\u0161ila. \u010co je za t\u00fdm? - \u0160IOV - \u0161t\u00e1tny in\u0161tit\u00fat odborn\u00e9ho vzdel\u00e1vania<\/title>\n<meta name=\"robots\" content=\"index, follow, max-snippet:-1, max-image-preview:large, max-video-preview:-1\" \/>\n<link rel=\"canonical\" href=\"https:\/\/archiv.siov.sk\/en\/ucast-dospelych-na-vzdelavani-sa-vyrazne-zvysila-co-je-za-tym\/\" \/>\n<meta property=\"og:locale\" content=\"en_GB\" \/>\n<meta property=\"og:type\" content=\"article\" \/>\n<meta property=\"og:title\" content=\"\u00da\u010das\u0165 dospel\u00fdch na vzdel\u00e1van\u00ed sa v\u00fdrazne zv\u00fd\u0161ila. \u010co je za t\u00fdm? - \u0160IOV - \u0161t\u00e1tny in\u0161tit\u00fat odborn\u00e9ho vzdel\u00e1vania\" \/>\n<meta property=\"og:description\" content=\"\u00da\u010das\u0165 dospel\u00fdch vo veku 25 a\u017e 64 rokov na vzdel\u00e1van\u00ed u n\u00e1s vzr\u00e1stla. Pod\u013ea posledn\u00e9ho eur\u00f3pskeho merania (Adult Education Survey) z\u00a0roku 2022 sa na Slovensku vzdel\u00e1vaniu aspo\u0148 raz za rok venovalo 54,8 % dospel\u00fdch vo veku 25 a\u017e 64 rokov. Ide o rozsiahly prieskum realizovan\u00fd v eur\u00f3pskych krajin\u00e1ch v p\u00e4\u0165 a\u017e \u0161es\u0165ro\u010dn\u00fdch intervaloch, ktor\u00fd umo\u017e\u0148uje [&hellip;]\" \/>\n<meta property=\"og:url\" content=\"https:\/\/archiv.siov.sk\/en\/ucast-dospelych-na-vzdelavani-sa-vyrazne-zvysila-co-je-za-tym\/\" \/>\n<meta property=\"og:site_name\" content=\"\u0160IOV - \u0161t\u00e1tny in\u0161tit\u00fat odborn\u00e9ho vzdel\u00e1vania\" \/>\n<meta property=\"article:publisher\" content=\"https:\/\/www.facebook.com\/Statnyinstitutodbornehovzdelavania\" \/>\n<meta property=\"article:published_time\" content=\"2025-08-04T07:32:54+00:00\" \/>\n<meta property=\"article:modified_time\" content=\"2025-10-06T12:17:56+00:00\" \/>\n<meta property=\"og:image\" content=\"https:\/\/archiv.siov.sk\/wp-content\/uploads\/2025\/08\/siov_sav_komentar_celozivotne_vzdelavanie.png\" \/>\n\t<meta property=\"og:image:width\" content=\"940\" \/>\n\t<meta property=\"og:image:height\" content=\"788\" \/>\n\t<meta property=\"og:image:type\" content=\"image\/png\" \/>\n<meta name=\"author\" content=\"Gabriela Budayov\u00e1\" \/>\n<meta name=\"twitter:card\" content=\"summary_large_image\" \/>\n<meta name=\"twitter:label1\" content=\"Written by\" \/>\n\t<meta name=\"twitter:data1\" content=\"Gabriela Budayov\u00e1\" \/>\n\t<meta name=\"twitter:label2\" content=\"Estimated reading time\" \/>\n\t<meta name=\"twitter:data2\" content=\"4 minutes\" \/>\n<script type=\"application\/ld+json\" class=\"yoast-schema-graph\">{\"@context\":\"https:\\\/\\\/schema.org\",\"@graph\":[{\"@type\":\"Article\",\"@id\":\"https:\\\/\\\/archiv.siov.sk\\\/ucast-dospelych-na-vzdelavani-sa-vyrazne-zvysila-co-je-za-tym\\\/#article\",\"isPartOf\":{\"@id\":\"https:\\\/\\\/archiv.siov.sk\\\/ucast-dospelych-na-vzdelavani-sa-vyrazne-zvysila-co-je-za-tym\\\/\"},\"author\":{\"name\":\"Gabriela Budayov\u00e1\",\"@id\":\"https:\\\/\\\/archiv.siov.sk\\\/#\\\/schema\\\/person\\\/2d35146a9c0fa51b027e8ff319cee627\"},\"headline\":\"\u00da\u010das\u0165 dospel\u00fdch na vzdel\u00e1van\u00ed sa v\u00fdrazne zv\u00fd\u0161ila. \u010co je za t\u00fdm?\",\"datePublished\":\"2025-08-04T07:32:54+00:00\",\"dateModified\":\"2025-10-06T12:17:56+00:00\",\"mainEntityOfPage\":{\"@id\":\"https:\\\/\\\/archiv.siov.sk\\\/ucast-dospelych-na-vzdelavani-sa-vyrazne-zvysila-co-je-za-tym\\\/\"},\"wordCount\":744,\"publisher\":{\"@id\":\"https:\\\/\\\/archiv.siov.sk\\\/#organization\"},\"image\":{\"@id\":\"https:\\\/\\\/archiv.siov.sk\\\/ucast-dospelych-na-vzdelavani-sa-vyrazne-zvysila-co-je-za-tym\\\/#primaryimage\"},\"thumbnailUrl\":\"https:\\\/\\\/archiv.siov.sk\\\/wp-content\\\/uploads\\\/2025\\\/08\\\/siov_sav_komentar_celozivotne_vzdelavanie.png\",\"articleSection\":[\"Aktuality\"],\"inLanguage\":\"en-GB\"},{\"@type\":\"WebPage\",\"@id\":\"https:\\\/\\\/archiv.siov.sk\\\/ucast-dospelych-na-vzdelavani-sa-vyrazne-zvysila-co-je-za-tym\\\/\",\"url\":\"https:\\\/\\\/archiv.siov.sk\\\/ucast-dospelych-na-vzdelavani-sa-vyrazne-zvysila-co-je-za-tym\\\/\",\"name\":\"\u00da\u010das\u0165 dospel\u00fdch na vzdel\u00e1van\u00ed sa v\u00fdrazne zv\u00fd\u0161ila. \u010co je za t\u00fdm? - \u0160IOV - \u0161t\u00e1tny in\u0161tit\u00fat odborn\u00e9ho vzdel\u00e1vania\",\"isPartOf\":{\"@id\":\"https:\\\/\\\/archiv.siov.sk\\\/#website\"},\"primaryImageOfPage\":{\"@id\":\"https:\\\/\\\/archiv.siov.sk\\\/ucast-dospelych-na-vzdelavani-sa-vyrazne-zvysila-co-je-za-tym\\\/#primaryimage\"},\"image\":{\"@id\":\"https:\\\/\\\/archiv.siov.sk\\\/ucast-dospelych-na-vzdelavani-sa-vyrazne-zvysila-co-je-za-tym\\\/#primaryimage\"},\"thumbnailUrl\":\"https:\\\/\\\/archiv.siov.sk\\\/wp-content\\\/uploads\\\/2025\\\/08\\\/siov_sav_komentar_celozivotne_vzdelavanie.png\",\"datePublished\":\"2025-08-04T07:32:54+00:00\",\"dateModified\":\"2025-10-06T12:17:56+00:00\",\"breadcrumb\":{\"@id\":\"https:\\\/\\\/archiv.siov.sk\\\/ucast-dospelych-na-vzdelavani-sa-vyrazne-zvysila-co-je-za-tym\\\/#breadcrumb\"},\"inLanguage\":\"en-GB\",\"potentialAction\":[{\"@type\":\"ReadAction\",\"target\":[\"https:\\\/\\\/archiv.siov.sk\\\/ucast-dospelych-na-vzdelavani-sa-vyrazne-zvysila-co-je-za-tym\\\/\"]}]},{\"@type\":\"ImageObject\",\"inLanguage\":\"en-GB\",\"@id\":\"https:\\\/\\\/archiv.siov.sk\\\/ucast-dospelych-na-vzdelavani-sa-vyrazne-zvysila-co-je-za-tym\\\/#primaryimage\",\"url\":\"https:\\\/\\\/archiv.siov.sk\\\/wp-content\\\/uploads\\\/2025\\\/08\\\/siov_sav_komentar_celozivotne_vzdelavanie.png\",\"contentUrl\":\"https:\\\/\\\/archiv.siov.sk\\\/wp-content\\\/uploads\\\/2025\\\/08\\\/siov_sav_komentar_celozivotne_vzdelavanie.png\",\"width\":940,\"height\":788,\"caption\":\"siov_sav_analyticky_komentar\"},{\"@type\":\"BreadcrumbList\",\"@id\":\"https:\\\/\\\/archiv.siov.sk\\\/ucast-dospelych-na-vzdelavani-sa-vyrazne-zvysila-co-je-za-tym\\\/#breadcrumb\",\"itemListElement\":[{\"@type\":\"ListItem\",\"position\":1,\"name\":\"Home\",\"item\":\"https:\\\/\\\/archiv.siov.sk\\\/\"},{\"@type\":\"ListItem\",\"position\":2,\"name\":\"\u00da\u010das\u0165 dospel\u00fdch na vzdel\u00e1van\u00ed sa v\u00fdrazne zv\u00fd\u0161ila. \u010co je za t\u00fdm?\"}]},{\"@type\":\"WebSite\",\"@id\":\"https:\\\/\\\/archiv.siov.sk\\\/#website\",\"url\":\"https:\\\/\\\/archiv.siov.sk\\\/\",\"name\":\"\u0160IOV - \u0161t\u00e1tny in\u0161tit\u00fat odborn\u00e9ho vzdel\u00e1vania\",\"description\":\"\",\"publisher\":{\"@id\":\"https:\\\/\\\/archiv.siov.sk\\\/#organization\"},\"potentialAction\":[{\"@type\":\"SearchAction\",\"target\":{\"@type\":\"EntryPoint\",\"urlTemplate\":\"https:\\\/\\\/archiv.siov.sk\\\/?s={search_term_string}\"},\"query-input\":{\"@type\":\"PropertyValueSpecification\",\"valueRequired\":true,\"valueName\":\"search_term_string\"}}],\"inLanguage\":\"en-GB\"},{\"@type\":\"Organization\",\"@id\":\"https:\\\/\\\/archiv.siov.sk\\\/#organization\",\"name\":\"\u0160IOV - \u0161t\u00e1tny in\u0161tit\u00fat odborn\u00e9ho vzdel\u00e1vania\",\"url\":\"https:\\\/\\\/archiv.siov.sk\\\/\",\"logo\":{\"@type\":\"ImageObject\",\"inLanguage\":\"en-GB\",\"@id\":\"https:\\\/\\\/archiv.siov.sk\\\/#\\\/schema\\\/logo\\\/image\\\/\",\"url\":\"https:\\\/\\\/archiv.siov.sk\\\/wp-content\\\/uploads\\\/2024\\\/02\\\/logo-SIOV.png\",\"contentUrl\":\"https:\\\/\\\/archiv.siov.sk\\\/wp-content\\\/uploads\\\/2024\\\/02\\\/logo-SIOV.png\",\"width\":431,\"height\":143,\"caption\":\"\u0160IOV - \u0161t\u00e1tny in\u0161tit\u00fat odborn\u00e9ho vzdel\u00e1vania\"},\"image\":{\"@id\":\"https:\\\/\\\/archiv.siov.sk\\\/#\\\/schema\\\/logo\\\/image\\\/\"},\"sameAs\":[\"https:\\\/\\\/www.facebook.com\\\/Statnyinstitutodbornehovzdelavania\"]},{\"@type\":\"Person\",\"@id\":\"https:\\\/\\\/archiv.siov.sk\\\/#\\\/schema\\\/person\\\/2d35146a9c0fa51b027e8ff319cee627\",\"name\":\"Gabriela Budayov\u00e1\",\"url\":\"https:\\\/\\\/archiv.siov.sk\\\/en\\\/author\\\/gabriela-budayova\\\/\"}]}<\/script>\n<!-- \/ Yoast SEO plugin. -->","yoast_head_json":{"title":"\u00da\u010das\u0165 dospel\u00fdch na vzdel\u00e1van\u00ed sa v\u00fdrazne zv\u00fd\u0161ila. \u010co je za t\u00fdm? - \u0160IOV - \u0161t\u00e1tny in\u0161tit\u00fat odborn\u00e9ho vzdel\u00e1vania","robots":{"index":"index","follow":"follow","max-snippet":"max-snippet:-1","max-image-preview":"max-image-preview:large","max-video-preview":"max-video-preview:-1"},"canonical":"https:\/\/archiv.siov.sk\/en\/ucast-dospelych-na-vzdelavani-sa-vyrazne-zvysila-co-je-za-tym\/","og_locale":"en_GB","og_type":"article","og_title":"\u00da\u010das\u0165 dospel\u00fdch na vzdel\u00e1van\u00ed sa v\u00fdrazne zv\u00fd\u0161ila. \u010co je za t\u00fdm? - \u0160IOV - \u0161t\u00e1tny in\u0161tit\u00fat odborn\u00e9ho vzdel\u00e1vania","og_description":"\u00da\u010das\u0165 dospel\u00fdch vo veku 25 a\u017e 64 rokov na vzdel\u00e1van\u00ed u n\u00e1s vzr\u00e1stla. Pod\u013ea posledn\u00e9ho eur\u00f3pskeho merania (Adult Education Survey) z\u00a0roku 2022 sa na Slovensku vzdel\u00e1vaniu aspo\u0148 raz za rok venovalo 54,8 % dospel\u00fdch vo veku 25 a\u017e 64 rokov. Ide o rozsiahly prieskum realizovan\u00fd v eur\u00f3pskych krajin\u00e1ch v p\u00e4\u0165 a\u017e \u0161es\u0165ro\u010dn\u00fdch intervaloch, ktor\u00fd umo\u017e\u0148uje [&hellip;]","og_url":"https:\/\/archiv.siov.sk\/en\/ucast-dospelych-na-vzdelavani-sa-vyrazne-zvysila-co-je-za-tym\/","og_site_name":"\u0160IOV - \u0161t\u00e1tny in\u0161tit\u00fat odborn\u00e9ho vzdel\u00e1vania","article_publisher":"https:\/\/www.facebook.com\/Statnyinstitutodbornehovzdelavania","article_published_time":"2025-08-04T07:32:54+00:00","article_modified_time":"2025-10-06T12:17:56+00:00","og_image":[{"width":940,"height":788,"url":"https:\/\/archiv.siov.sk\/wp-content\/uploads\/2025\/08\/siov_sav_komentar_celozivotne_vzdelavanie.png","type":"image\/png"}],"author":"Gabriela Budayov\u00e1","twitter_card":"summary_large_image","twitter_misc":{"Written by":"Gabriela Budayov\u00e1","Estimated reading time":"4 minutes"},"schema":{"@context":"https:\/\/schema.org","@graph":[{"@type":"Article","@id":"https:\/\/archiv.siov.sk\/ucast-dospelych-na-vzdelavani-sa-vyrazne-zvysila-co-je-za-tym\/#article","isPartOf":{"@id":"https:\/\/archiv.siov.sk\/ucast-dospelych-na-vzdelavani-sa-vyrazne-zvysila-co-je-za-tym\/"},"author":{"name":"Gabriela Budayov\u00e1","@id":"https:\/\/archiv.siov.sk\/#\/schema\/person\/2d35146a9c0fa51b027e8ff319cee627"},"headline":"\u00da\u010das\u0165 dospel\u00fdch na vzdel\u00e1van\u00ed sa v\u00fdrazne zv\u00fd\u0161ila. \u010co je za t\u00fdm?","datePublished":"2025-08-04T07:32:54+00:00","dateModified":"2025-10-06T12:17:56+00:00","mainEntityOfPage":{"@id":"https:\/\/archiv.siov.sk\/ucast-dospelych-na-vzdelavani-sa-vyrazne-zvysila-co-je-za-tym\/"},"wordCount":744,"publisher":{"@id":"https:\/\/archiv.siov.sk\/#organization"},"image":{"@id":"https:\/\/archiv.siov.sk\/ucast-dospelych-na-vzdelavani-sa-vyrazne-zvysila-co-je-za-tym\/#primaryimage"},"thumbnailUrl":"https:\/\/archiv.siov.sk\/wp-content\/uploads\/2025\/08\/siov_sav_komentar_celozivotne_vzdelavanie.png","articleSection":["Aktuality"],"inLanguage":"en-GB"},{"@type":"WebPage","@id":"https:\/\/archiv.siov.sk\/ucast-dospelych-na-vzdelavani-sa-vyrazne-zvysila-co-je-za-tym\/","url":"https:\/\/archiv.siov.sk\/ucast-dospelych-na-vzdelavani-sa-vyrazne-zvysila-co-je-za-tym\/","name":"\u00da\u010das\u0165 dospel\u00fdch na vzdel\u00e1van\u00ed sa v\u00fdrazne zv\u00fd\u0161ila. \u010co je za t\u00fdm? - \u0160IOV - \u0161t\u00e1tny in\u0161tit\u00fat odborn\u00e9ho vzdel\u00e1vania","isPartOf":{"@id":"https:\/\/archiv.siov.sk\/#website"},"primaryImageOfPage":{"@id":"https:\/\/archiv.siov.sk\/ucast-dospelych-na-vzdelavani-sa-vyrazne-zvysila-co-je-za-tym\/#primaryimage"},"image":{"@id":"https:\/\/archiv.siov.sk\/ucast-dospelych-na-vzdelavani-sa-vyrazne-zvysila-co-je-za-tym\/#primaryimage"},"thumbnailUrl":"https:\/\/archiv.siov.sk\/wp-content\/uploads\/2025\/08\/siov_sav_komentar_celozivotne_vzdelavanie.png","datePublished":"2025-08-04T07:32:54+00:00","dateModified":"2025-10-06T12:17:56+00:00","breadcrumb":{"@id":"https:\/\/archiv.siov.sk\/ucast-dospelych-na-vzdelavani-sa-vyrazne-zvysila-co-je-za-tym\/#breadcrumb"},"inLanguage":"en-GB","potentialAction":[{"@type":"ReadAction","target":["https:\/\/archiv.siov.sk\/ucast-dospelych-na-vzdelavani-sa-vyrazne-zvysila-co-je-za-tym\/"]}]},{"@type":"ImageObject","inLanguage":"en-GB","@id":"https:\/\/archiv.siov.sk\/ucast-dospelych-na-vzdelavani-sa-vyrazne-zvysila-co-je-za-tym\/#primaryimage","url":"https:\/\/archiv.siov.sk\/wp-content\/uploads\/2025\/08\/siov_sav_komentar_celozivotne_vzdelavanie.png","contentUrl":"https:\/\/archiv.siov.sk\/wp-content\/uploads\/2025\/08\/siov_sav_komentar_celozivotne_vzdelavanie.png","width":940,"height":788,"caption":"siov_sav_analyticky_komentar"},{"@type":"BreadcrumbList","@id":"https:\/\/archiv.siov.sk\/ucast-dospelych-na-vzdelavani-sa-vyrazne-zvysila-co-je-za-tym\/#breadcrumb","itemListElement":[{"@type":"ListItem","position":1,"name":"Home","item":"https:\/\/archiv.siov.sk\/"},{"@type":"ListItem","position":2,"name":"\u00da\u010das\u0165 dospel\u00fdch na vzdel\u00e1van\u00ed sa v\u00fdrazne zv\u00fd\u0161ila. \u010co je za t\u00fdm?"}]},{"@type":"WebSite","@id":"https:\/\/archiv.siov.sk\/#website","url":"https:\/\/archiv.siov.sk\/","name":"\u0160IOV - \u0161t\u00e1tny in\u0161tit\u00fat odborn\u00e9ho vzdel\u00e1vania","description":"","publisher":{"@id":"https:\/\/archiv.siov.sk\/#organization"},"potentialAction":[{"@type":"SearchAction","target":{"@type":"EntryPoint","urlTemplate":"https:\/\/archiv.siov.sk\/?s={search_term_string}"},"query-input":{"@type":"PropertyValueSpecification","valueRequired":true,"valueName":"search_term_string"}}],"inLanguage":"en-GB"},{"@type":"Organization","@id":"https:\/\/archiv.siov.sk\/#organization","name":"\u0160IOV - \u0161t\u00e1tny in\u0161tit\u00fat odborn\u00e9ho vzdel\u00e1vania","url":"https:\/\/archiv.siov.sk\/","logo":{"@type":"ImageObject","inLanguage":"en-GB","@id":"https:\/\/archiv.siov.sk\/#\/schema\/logo\/image\/","url":"https:\/\/archiv.siov.sk\/wp-content\/uploads\/2024\/02\/logo-SIOV.png","contentUrl":"https:\/\/archiv.siov.sk\/wp-content\/uploads\/2024\/02\/logo-SIOV.png","width":431,"height":143,"caption":"\u0160IOV - \u0161t\u00e1tny in\u0161tit\u00fat odborn\u00e9ho vzdel\u00e1vania"},"image":{"@id":"https:\/\/archiv.siov.sk\/#\/schema\/logo\/image\/"},"sameAs":["https:\/\/www.facebook.com\/Statnyinstitutodbornehovzdelavania"]},{"@type":"Person","@id":"https:\/\/archiv.siov.sk\/#\/schema\/person\/2d35146a9c0fa51b027e8ff319cee627","name":"Gabriela Budayov\u00e1","url":"https:\/\/archiv.siov.sk\/en\/author\/gabriela-budayova\/"}]}},"_links":{"self":[{"href":"https:\/\/archiv.siov.sk\/en\/wp-json\/wp\/v2\/posts\/20091","targetHints":{"allow":["GET"]}}],"collection":[{"href":"https:\/\/archiv.siov.sk\/en\/wp-json\/wp\/v2\/posts"}],"about":[{"href":"https:\/\/archiv.siov.sk\/en\/wp-json\/wp\/v2\/types\/post"}],"author":[{"embeddable":true,"href":"https:\/\/archiv.siov.sk\/en\/wp-json\/wp\/v2\/users\/10"}],"replies":[{"embeddable":true,"href":"https:\/\/archiv.siov.sk\/en\/wp-json\/wp\/v2\/comments?post=20091"}],"version-history":[{"count":12,"href":"https:\/\/archiv.siov.sk\/en\/wp-json\/wp\/v2\/posts\/20091\/revisions"}],"predecessor-version":[{"id":21467,"href":"https:\/\/archiv.siov.sk\/en\/wp-json\/wp\/v2\/posts\/20091\/revisions\/21467"}],"wp:featuredmedia":[{"embeddable":true,"href":"https:\/\/archiv.siov.sk\/en\/wp-json\/wp\/v2\/media\/20096"}],"wp:attachment":[{"href":"https:\/\/archiv.siov.sk\/en\/wp-json\/wp\/v2\/media?parent=20091"}],"wp:term":[{"taxonomy":"category","embeddable":true,"href":"https:\/\/archiv.siov.sk\/en\/wp-json\/wp\/v2\/categories?post=20091"},{"taxonomy":"post_tag","embeddable":true,"href":"https:\/\/archiv.siov.sk\/en\/wp-json\/wp\/v2\/tags?post=20091"}],"curies":[{"name":"wp","href":"https:\/\/api.w.org\/{rel}","templated":true}]}}