{"id":20018,"date":"2025-07-28T08:00:06","date_gmt":"2025-07-28T06:00:06","guid":{"rendered":"https:\/\/archiv.siov.sk\/?p=20018"},"modified":"2025-07-28T09:18:55","modified_gmt":"2025-07-28T07:18:55","slug":"trasovanie-absolventov-co-si-o-nom-myslia-skoly","status":"publish","type":"post","link":"https:\/\/archiv.siov.sk\/en\/trasovanie-absolventov-co-si-o-nom-myslia-skoly\/","title":{"rendered":"Trasovanie absolventov: \u010co si o \u0148om myslia \u0161koly?"},"content":{"rendered":"<p>Ako vn\u00edmaj\u00fa stredn\u00e9 odborn\u00e9 \u0161koly \u00fa\u010das\u0165 v trasovan\u00ed absolventov po prvom roku jeho realiz\u00e1cie? Odpovede prin\u00e1\u0161a nov\u00e1 spr\u00e1va zalo\u017een\u00e1 na sp\u00e4tnej v\u00e4zbe zozbieranej prostredn\u00edctvom dotazn\u00edka, do ktor\u00e9ho sa zapojilo <strong>209 \u0161k\u00f4l zo v\u0161etk\u00fdch krajov Slovenska<\/strong>.<\/p>\n<p>Z dotazn\u00edkov\u00e9ho prieskumu vyplynulo, \u017ee <strong>88 \u0161k\u00f4l (42 %) sa z\u00fa\u010dastnilo n\u00e1rodn\u00e9ho zberu d\u00e1t<\/strong> na jese\u0148 2024. Medzi naj\u010dastej\u0161ie uv\u00e1dzan\u00e9 d\u00f4vody ne\u00fa\u010dasti patrili nedostato\u010dn\u00e9 person\u00e1lne kapacity a ch\u00fdbaj\u00face emailov\u00e9 kontakty na absolventov. Zhruba tretina nezapojen\u00fdch \u0161k\u00f4l o aktivite nevedela.<\/p>\n<p><strong>\u0160kolsk\u00fd dotazn\u00edk realizovalo 70 \u0161k\u00f4l (33 %)<\/strong>. Aj v tomto pr\u00edpade \u0161koly naj\u010dastej\u0161ie nar\u00e1\u017eali na tie ist\u00e9 prek\u00e1\u017eky \u2013 ch\u00fdbaj\u00face kontaktn\u00e9 \u00fadaje a nedostatok \u010dasu \u010di person\u00e1lnych kapac\u00edt.<\/p>\n<p>Napriek t\u00fdmto v\u00fdzvam mnoh\u00e9 \u0161koly hodnotili sk\u00fasenos\u0165 pozit\u00edvne. Ako uv\u00e1dzaj\u00fa v odpovediach:<\/p>\n<p>\u201eD\u00e1ta sme vyu\u017eili, zisten\u00e9 v\u00fdsledky n\u00e1s v\u00e4\u010d\u0161inou pozit\u00edvne prekvapili. Na odstr\u00e1nen\u00ed negat\u00edv pracujeme.\u201c<\/p>\n<p>\u201eTrasovanie je zmyslupln\u00e1 aktivita a som rada, \u017ee som ju na na\u0161ej \u0161kole v\u010faka v\u00e1m rozbehla.\u201c<\/p>\n<p>V spr\u00e1ve sa venujeme aj spokojnosti \u0161k\u00f4l s webin\u00e1rmi a webovou str\u00e1nkou projektu <strong><a href=\"http:\/\/www.okvalite.sk\" target=\"_blank\" rel=\"noopener\">www.okvalite.sk<\/a><\/strong>, ako aj tomu, ako \u0161koly pracovali s v\u00fdsledkami z prieskumu, \u010di udr\u017eiavaj\u00fa kontakt s absolventmi prostredn\u00edctvom absolventsk\u00fdch klubov.<\/p>\n<p>Okrem \u010d\u00edsel pon\u00faka dokument aj konkr\u00e9tne vyjadrenia \u0161k\u00f4l k ich sk\u00fasenostiam. Ak v\u00e1s zauj\u00edma, \u010do \u0161koly pova\u017euj\u00fa za pr\u00ednos, s \u010d\u00edm najviac z\u00e1pasili alebo ako pl\u00e1nuj\u00fa trasovanie rozv\u00edja\u0165 \u010falej, <strong>pre\u010d\u00edtajte si cel\u00fa spr\u00e1vu s grafmi a anal\u00fdzami<\/strong>.<br \/>\nZapojte sa do trasovania absolventov aj vy a vyu\u017eite jeho potenci\u00e1l vo va\u0161ej \u0161kole.<\/p>\n<p><a href=\"https:\/\/archiv.siov.sk\/wp-content\/uploads\/2025\/07\/Spatna-vazba-z-prveho-kola_sprava_1.pdf\" target=\"_blank\" rel=\"noopener\"><img fetchpriority=\"high\" decoding=\"async\" class=\"alignnone wp-image-20021\" src=\"https:\/\/archiv.siov.sk\/wp-content\/uploads\/2025\/07\/titulka_sprava_trasovanie-211x300.png\" alt=\"\" width=\"300\" height=\"427\" srcset=\"https:\/\/archiv.siov.sk\/wp-content\/uploads\/2025\/07\/titulka_sprava_trasovanie-211x300.png 211w, https:\/\/archiv.siov.sk\/wp-content\/uploads\/2025\/07\/titulka_sprava_trasovanie-8x12.png 8w, https:\/\/archiv.siov.sk\/wp-content\/uploads\/2025\/07\/titulka_sprava_trasovanie.png 637w\" sizes=\"(max-width: 300px) 100vw, 300px\" \/><\/a><\/p>\n<p>Aktivita je realizovan\u00e1 v r\u00e1mci n\u00e1rodn\u00e9ho projektu <a href=\"https:\/\/archiv.siov.sk\/en\/projekty\/aktualne-projekty\/narodny-projekt-zavedenie-manazerstva-kvality-v-ovp-a-vd\/\" target=\"_blank\" rel=\"noopener\">Zavedenie mana\u017e\u00e9rstva kvality v OVP a VD<\/a> spolufinancovan\u00e9ho Eur\u00f3pskou \u00faniou v r\u00e1mci programu Slovensko.<\/p>\n<p><img decoding=\"async\" class=\"wp-image-18660 aligncenter\" src=\"https:\/\/archiv.siov.sk\/wp-content\/uploads\/2025\/04\/loga_np_kvalita-300x46.png\" alt=\"loga_kvalita_projekt\" width=\"450\" height=\"70\" srcset=\"https:\/\/archiv.siov.sk\/wp-content\/uploads\/2025\/04\/loga_np_kvalita-300x46.png 300w, https:\/\/archiv.siov.sk\/wp-content\/uploads\/2025\/04\/loga_np_kvalita-1024x158.png 1024w, https:\/\/archiv.siov.sk\/wp-content\/uploads\/2025\/04\/loga_np_kvalita-768x119.png 768w, https:\/\/archiv.siov.sk\/wp-content\/uploads\/2025\/04\/loga_np_kvalita-18x3.png 18w, https:\/\/archiv.siov.sk\/wp-content\/uploads\/2025\/04\/elementor\/thumbs\/loga_np_kvalita-r5cjqsfvrn5sfhsjyrw97tvig25lp3e6m5t1uzcj7g.png 450w, https:\/\/archiv.siov.sk\/wp-content\/uploads\/2025\/04\/loga_np_kvalita.png 1229w\" sizes=\"(max-width: 450px) 100vw, 450px\" \/><\/p>","protected":false},"excerpt":{"rendered":"<p>Ako vn\u00edmaj\u00fa stredn\u00e9 odborn\u00e9 \u0161koly \u00fa\u010das\u0165 v trasovan\u00ed absolventov po prvom roku jeho realiz\u00e1cie? Odpovede prin\u00e1\u0161a nov\u00e1 spr\u00e1va zalo\u017een\u00e1 na sp\u00e4tnej v\u00e4zbe zozbieranej prostredn\u00edctvom dotazn\u00edka, do ktor\u00e9ho sa zapojilo 209 \u0161k\u00f4l zo v\u0161etk\u00fdch krajov Slovenska. Z dotazn\u00edkov\u00e9ho prieskumu vyplynulo, \u017ee 88 \u0161k\u00f4l (42 %) sa z\u00fa\u010dastnilo n\u00e1rodn\u00e9ho zberu d\u00e1t na jese\u0148 2024. Medzi naj\u010dastej\u0161ie uv\u00e1dzan\u00e9 [&hellip;]<\/p>\n","protected":false},"author":10,"featured_media":20019,"comment_status":"closed","ping_status":"closed","sticky":false,"template":"","format":"standard","meta":{"site-sidebar-layout":"default","site-content-layout":"","ast-site-content-layout":"default","site-content-style":"default","site-sidebar-style":"default","ast-global-header-display":"","ast-banner-title-visibility":"","ast-main-header-display":"","ast-hfb-above-header-display":"","ast-hfb-below-header-display":"","ast-hfb-mobile-header-display":"","site-post-title":"","ast-breadcrumbs-content":"","ast-featured-img":"","footer-sml-layout":"","ast-disable-related-posts":"","theme-transparent-header-meta":"default","adv-header-id-meta":"","stick-header-meta":"default","header-above-stick-meta":"","header-main-stick-meta":"","header-below-stick-meta":"","astra-migrate-meta-layouts":"set","ast-page-background-enabled":"default","ast-page-background-meta":{"desktop":{"background-color":"var(--ast-global-color-4)","background-image":"","background-repeat":"repeat","background-position":"center center","background-size":"auto","background-attachment":"scroll","background-type":"","background-media":"","overlay-type":"","overlay-color":"","overlay-opacity":"","overlay-gradient":""},"tablet":{"background-color":"","background-image":"","background-repeat":"repeat","background-position":"center center","background-size":"auto","background-attachment":"scroll","background-type":"","background-media":"","overlay-type":"","overlay-color":"","overlay-opacity":"","overlay-gradient":""},"mobile":{"background-color":"","background-image":"","background-repeat":"repeat","background-position":"center center","background-size":"auto","background-attachment":"scroll","background-type":"","background-media":"","overlay-type":"","overlay-color":"","overlay-opacity":"","overlay-gradient":""}},"ast-content-background-meta":{"desktop":{"background-color":"var(--ast-global-color-5)","background-image":"","background-repeat":"repeat","background-position":"center center","background-size":"auto","background-attachment":"scroll","background-type":"","background-media":"","overlay-type":"","overlay-color":"","overlay-opacity":"","overlay-gradient":""},"tablet":{"background-color":"var(--ast-global-color-5)","background-image":"","background-repeat":"repeat","background-position":"center center","background-size":"auto","background-attachment":"scroll","background-type":"","background-media":"","overlay-type":"","overlay-color":"","overlay-opacity":"","overlay-gradient":""},"mobile":{"background-color":"var(--ast-global-color-5)","background-image":"","background-repeat":"repeat","background-position":"center center","background-size":"auto","background-attachment":"scroll","background-type":"","background-media":"","overlay-type":"","overlay-color":"","overlay-opacity":"","overlay-gradient":""}},"footnotes":""},"categories":[1],"tags":[],"class_list":["post-20018","post","type-post","status-publish","format-standard","has-post-thumbnail","hentry","category-aktuality"],"yoast_head":"<!-- This site is optimized with the Yoast SEO plugin v27.5 - https:\/\/yoast.com\/product\/yoast-seo-wordpress\/ -->\n<title>Trasovanie absolventov: \u010co si o \u0148om myslia \u0161koly? - \u0160IOV - \u0161t\u00e1tny in\u0161tit\u00fat odborn\u00e9ho vzdel\u00e1vania<\/title>\n<meta name=\"robots\" content=\"index, follow, max-snippet:-1, max-image-preview:large, max-video-preview:-1\" \/>\n<link rel=\"canonical\" href=\"https:\/\/archiv.siov.sk\/en\/trasovanie-absolventov-co-si-o-nom-myslia-skoly\/\" \/>\n<meta property=\"og:locale\" content=\"en_GB\" \/>\n<meta property=\"og:type\" content=\"article\" \/>\n<meta property=\"og:title\" content=\"Trasovanie absolventov: \u010co si o \u0148om myslia \u0161koly? - \u0160IOV - \u0161t\u00e1tny in\u0161tit\u00fat odborn\u00e9ho vzdel\u00e1vania\" \/>\n<meta property=\"og:description\" content=\"Ako vn\u00edmaj\u00fa stredn\u00e9 odborn\u00e9 \u0161koly \u00fa\u010das\u0165 v trasovan\u00ed absolventov po prvom roku jeho realiz\u00e1cie? Odpovede prin\u00e1\u0161a nov\u00e1 spr\u00e1va zalo\u017een\u00e1 na sp\u00e4tnej v\u00e4zbe zozbieranej prostredn\u00edctvom dotazn\u00edka, do ktor\u00e9ho sa zapojilo 209 \u0161k\u00f4l zo v\u0161etk\u00fdch krajov Slovenska. Z dotazn\u00edkov\u00e9ho prieskumu vyplynulo, \u017ee 88 \u0161k\u00f4l (42 %) sa z\u00fa\u010dastnilo n\u00e1rodn\u00e9ho zberu d\u00e1t na jese\u0148 2024. Medzi naj\u010dastej\u0161ie uv\u00e1dzan\u00e9 [&hellip;]\" \/>\n<meta property=\"og:url\" content=\"https:\/\/archiv.siov.sk\/en\/trasovanie-absolventov-co-si-o-nom-myslia-skoly\/\" \/>\n<meta property=\"og:site_name\" content=\"\u0160IOV - \u0161t\u00e1tny in\u0161tit\u00fat odborn\u00e9ho vzdel\u00e1vania\" \/>\n<meta property=\"article:publisher\" content=\"https:\/\/www.facebook.com\/Statnyinstitutodbornehovzdelavania\" \/>\n<meta property=\"article:published_time\" content=\"2025-07-28T06:00:06+00:00\" \/>\n<meta property=\"article:modified_time\" content=\"2025-07-28T07:18:55+00:00\" \/>\n<meta property=\"og:image\" content=\"https:\/\/archiv.siov.sk\/wp-content\/uploads\/2025\/07\/sprava_spatna_vazba_siov.png\" \/>\n\t<meta property=\"og:image:width\" content=\"2245\" \/>\n\t<meta property=\"og:image:height\" content=\"1587\" \/>\n\t<meta property=\"og:image:type\" content=\"image\/png\" \/>\n<meta name=\"author\" content=\"Gabriela Budayov\u00e1\" \/>\n<meta name=\"twitter:card\" content=\"summary_large_image\" \/>\n<meta name=\"twitter:label1\" content=\"Written by\" \/>\n\t<meta name=\"twitter:data1\" content=\"Gabriela Budayov\u00e1\" \/>\n\t<meta name=\"twitter:label2\" content=\"Estimated reading time\" \/>\n\t<meta name=\"twitter:data2\" content=\"2 minutes\" \/>\n<script type=\"application\/ld+json\" class=\"yoast-schema-graph\">{\"@context\":\"https:\\\/\\\/schema.org\",\"@graph\":[{\"@type\":\"Article\",\"@id\":\"https:\\\/\\\/archiv.siov.sk\\\/trasovanie-absolventov-co-si-o-nom-myslia-skoly\\\/#article\",\"isPartOf\":{\"@id\":\"https:\\\/\\\/archiv.siov.sk\\\/trasovanie-absolventov-co-si-o-nom-myslia-skoly\\\/\"},\"author\":{\"name\":\"Gabriela Budayov\u00e1\",\"@id\":\"https:\\\/\\\/archiv.siov.sk\\\/#\\\/schema\\\/person\\\/2d35146a9c0fa51b027e8ff319cee627\"},\"headline\":\"Trasovanie absolventov: \u010co si o \u0148om myslia \u0161koly?\",\"datePublished\":\"2025-07-28T06:00:06+00:00\",\"dateModified\":\"2025-07-28T07:18:55+00:00\",\"mainEntityOfPage\":{\"@id\":\"https:\\\/\\\/archiv.siov.sk\\\/trasovanie-absolventov-co-si-o-nom-myslia-skoly\\\/\"},\"wordCount\":338,\"publisher\":{\"@id\":\"https:\\\/\\\/archiv.siov.sk\\\/#organization\"},\"image\":{\"@id\":\"https:\\\/\\\/archiv.siov.sk\\\/trasovanie-absolventov-co-si-o-nom-myslia-skoly\\\/#primaryimage\"},\"thumbnailUrl\":\"https:\\\/\\\/archiv.siov.sk\\\/wp-content\\\/uploads\\\/2025\\\/07\\\/sprava_spatna_vazba_siov.png\",\"articleSection\":[\"Aktuality\"],\"inLanguage\":\"en-GB\"},{\"@type\":\"WebPage\",\"@id\":\"https:\\\/\\\/archiv.siov.sk\\\/trasovanie-absolventov-co-si-o-nom-myslia-skoly\\\/\",\"url\":\"https:\\\/\\\/archiv.siov.sk\\\/trasovanie-absolventov-co-si-o-nom-myslia-skoly\\\/\",\"name\":\"Trasovanie absolventov: \u010co si o \u0148om myslia \u0161koly? - \u0160IOV - \u0161t\u00e1tny in\u0161tit\u00fat odborn\u00e9ho vzdel\u00e1vania\",\"isPartOf\":{\"@id\":\"https:\\\/\\\/archiv.siov.sk\\\/#website\"},\"primaryImageOfPage\":{\"@id\":\"https:\\\/\\\/archiv.siov.sk\\\/trasovanie-absolventov-co-si-o-nom-myslia-skoly\\\/#primaryimage\"},\"image\":{\"@id\":\"https:\\\/\\\/archiv.siov.sk\\\/trasovanie-absolventov-co-si-o-nom-myslia-skoly\\\/#primaryimage\"},\"thumbnailUrl\":\"https:\\\/\\\/archiv.siov.sk\\\/wp-content\\\/uploads\\\/2025\\\/07\\\/sprava_spatna_vazba_siov.png\",\"datePublished\":\"2025-07-28T06:00:06+00:00\",\"dateModified\":\"2025-07-28T07:18:55+00:00\",\"breadcrumb\":{\"@id\":\"https:\\\/\\\/archiv.siov.sk\\\/trasovanie-absolventov-co-si-o-nom-myslia-skoly\\\/#breadcrumb\"},\"inLanguage\":\"en-GB\",\"potentialAction\":[{\"@type\":\"ReadAction\",\"target\":[\"https:\\\/\\\/archiv.siov.sk\\\/trasovanie-absolventov-co-si-o-nom-myslia-skoly\\\/\"]}]},{\"@type\":\"ImageObject\",\"inLanguage\":\"en-GB\",\"@id\":\"https:\\\/\\\/archiv.siov.sk\\\/trasovanie-absolventov-co-si-o-nom-myslia-skoly\\\/#primaryimage\",\"url\":\"https:\\\/\\\/archiv.siov.sk\\\/wp-content\\\/uploads\\\/2025\\\/07\\\/sprava_spatna_vazba_siov.png\",\"contentUrl\":\"https:\\\/\\\/archiv.siov.sk\\\/wp-content\\\/uploads\\\/2025\\\/07\\\/sprava_spatna_vazba_siov.png\",\"width\":2245,\"height\":1587,\"caption\":\"vizual trasovanie absolventov \u0161iov\"},{\"@type\":\"BreadcrumbList\",\"@id\":\"https:\\\/\\\/archiv.siov.sk\\\/trasovanie-absolventov-co-si-o-nom-myslia-skoly\\\/#breadcrumb\",\"itemListElement\":[{\"@type\":\"ListItem\",\"position\":1,\"name\":\"Home\",\"item\":\"https:\\\/\\\/archiv.siov.sk\\\/\"},{\"@type\":\"ListItem\",\"position\":2,\"name\":\"Trasovanie absolventov: \u010co si o \u0148om myslia \u0161koly?\"}]},{\"@type\":\"WebSite\",\"@id\":\"https:\\\/\\\/archiv.siov.sk\\\/#website\",\"url\":\"https:\\\/\\\/archiv.siov.sk\\\/\",\"name\":\"\u0160IOV - \u0161t\u00e1tny in\u0161tit\u00fat odborn\u00e9ho vzdel\u00e1vania\",\"description\":\"\",\"publisher\":{\"@id\":\"https:\\\/\\\/archiv.siov.sk\\\/#organization\"},\"potentialAction\":[{\"@type\":\"SearchAction\",\"target\":{\"@type\":\"EntryPoint\",\"urlTemplate\":\"https:\\\/\\\/archiv.siov.sk\\\/?s={search_term_string}\"},\"query-input\":{\"@type\":\"PropertyValueSpecification\",\"valueRequired\":true,\"valueName\":\"search_term_string\"}}],\"inLanguage\":\"en-GB\"},{\"@type\":\"Organization\",\"@id\":\"https:\\\/\\\/archiv.siov.sk\\\/#organization\",\"name\":\"\u0160IOV - \u0161t\u00e1tny in\u0161tit\u00fat odborn\u00e9ho vzdel\u00e1vania\",\"url\":\"https:\\\/\\\/archiv.siov.sk\\\/\",\"logo\":{\"@type\":\"ImageObject\",\"inLanguage\":\"en-GB\",\"@id\":\"https:\\\/\\\/archiv.siov.sk\\\/#\\\/schema\\\/logo\\\/image\\\/\",\"url\":\"https:\\\/\\\/archiv.siov.sk\\\/wp-content\\\/uploads\\\/2024\\\/02\\\/logo-SIOV.png\",\"contentUrl\":\"https:\\\/\\\/archiv.siov.sk\\\/wp-content\\\/uploads\\\/2024\\\/02\\\/logo-SIOV.png\",\"width\":431,\"height\":143,\"caption\":\"\u0160IOV - \u0161t\u00e1tny in\u0161tit\u00fat odborn\u00e9ho vzdel\u00e1vania\"},\"image\":{\"@id\":\"https:\\\/\\\/archiv.siov.sk\\\/#\\\/schema\\\/logo\\\/image\\\/\"},\"sameAs\":[\"https:\\\/\\\/www.facebook.com\\\/Statnyinstitutodbornehovzdelavania\"]},{\"@type\":\"Person\",\"@id\":\"https:\\\/\\\/archiv.siov.sk\\\/#\\\/schema\\\/person\\\/2d35146a9c0fa51b027e8ff319cee627\",\"name\":\"Gabriela Budayov\u00e1\",\"url\":\"https:\\\/\\\/archiv.siov.sk\\\/en\\\/author\\\/gabriela-budayova\\\/\"}]}<\/script>\n<!-- \/ Yoast SEO plugin. -->","yoast_head_json":{"title":"Trasovanie absolventov: \u010co si o \u0148om myslia \u0161koly? - \u0160IOV - \u0161t\u00e1tny in\u0161tit\u00fat odborn\u00e9ho vzdel\u00e1vania","robots":{"index":"index","follow":"follow","max-snippet":"max-snippet:-1","max-image-preview":"max-image-preview:large","max-video-preview":"max-video-preview:-1"},"canonical":"https:\/\/archiv.siov.sk\/en\/trasovanie-absolventov-co-si-o-nom-myslia-skoly\/","og_locale":"en_GB","og_type":"article","og_title":"Trasovanie absolventov: \u010co si o \u0148om myslia \u0161koly? - \u0160IOV - \u0161t\u00e1tny in\u0161tit\u00fat odborn\u00e9ho vzdel\u00e1vania","og_description":"Ako vn\u00edmaj\u00fa stredn\u00e9 odborn\u00e9 \u0161koly \u00fa\u010das\u0165 v trasovan\u00ed absolventov po prvom roku jeho realiz\u00e1cie? Odpovede prin\u00e1\u0161a nov\u00e1 spr\u00e1va zalo\u017een\u00e1 na sp\u00e4tnej v\u00e4zbe zozbieranej prostredn\u00edctvom dotazn\u00edka, do ktor\u00e9ho sa zapojilo 209 \u0161k\u00f4l zo v\u0161etk\u00fdch krajov Slovenska. Z dotazn\u00edkov\u00e9ho prieskumu vyplynulo, \u017ee 88 \u0161k\u00f4l (42 %) sa z\u00fa\u010dastnilo n\u00e1rodn\u00e9ho zberu d\u00e1t na jese\u0148 2024. Medzi naj\u010dastej\u0161ie uv\u00e1dzan\u00e9 [&hellip;]","og_url":"https:\/\/archiv.siov.sk\/en\/trasovanie-absolventov-co-si-o-nom-myslia-skoly\/","og_site_name":"\u0160IOV - \u0161t\u00e1tny in\u0161tit\u00fat odborn\u00e9ho vzdel\u00e1vania","article_publisher":"https:\/\/www.facebook.com\/Statnyinstitutodbornehovzdelavania","article_published_time":"2025-07-28T06:00:06+00:00","article_modified_time":"2025-07-28T07:18:55+00:00","og_image":[{"width":2245,"height":1587,"url":"https:\/\/archiv.siov.sk\/wp-content\/uploads\/2025\/07\/sprava_spatna_vazba_siov.png","type":"image\/png"}],"author":"Gabriela Budayov\u00e1","twitter_card":"summary_large_image","twitter_misc":{"Written by":"Gabriela Budayov\u00e1","Estimated reading time":"2 minutes"},"schema":{"@context":"https:\/\/schema.org","@graph":[{"@type":"Article","@id":"https:\/\/archiv.siov.sk\/trasovanie-absolventov-co-si-o-nom-myslia-skoly\/#article","isPartOf":{"@id":"https:\/\/archiv.siov.sk\/trasovanie-absolventov-co-si-o-nom-myslia-skoly\/"},"author":{"name":"Gabriela Budayov\u00e1","@id":"https:\/\/archiv.siov.sk\/#\/schema\/person\/2d35146a9c0fa51b027e8ff319cee627"},"headline":"Trasovanie absolventov: \u010co si o \u0148om myslia \u0161koly?","datePublished":"2025-07-28T06:00:06+00:00","dateModified":"2025-07-28T07:18:55+00:00","mainEntityOfPage":{"@id":"https:\/\/archiv.siov.sk\/trasovanie-absolventov-co-si-o-nom-myslia-skoly\/"},"wordCount":338,"publisher":{"@id":"https:\/\/archiv.siov.sk\/#organization"},"image":{"@id":"https:\/\/archiv.siov.sk\/trasovanie-absolventov-co-si-o-nom-myslia-skoly\/#primaryimage"},"thumbnailUrl":"https:\/\/archiv.siov.sk\/wp-content\/uploads\/2025\/07\/sprava_spatna_vazba_siov.png","articleSection":["Aktuality"],"inLanguage":"en-GB"},{"@type":"WebPage","@id":"https:\/\/archiv.siov.sk\/trasovanie-absolventov-co-si-o-nom-myslia-skoly\/","url":"https:\/\/archiv.siov.sk\/trasovanie-absolventov-co-si-o-nom-myslia-skoly\/","name":"Trasovanie absolventov: \u010co si o \u0148om myslia \u0161koly? - \u0160IOV - \u0161t\u00e1tny in\u0161tit\u00fat odborn\u00e9ho vzdel\u00e1vania","isPartOf":{"@id":"https:\/\/archiv.siov.sk\/#website"},"primaryImageOfPage":{"@id":"https:\/\/archiv.siov.sk\/trasovanie-absolventov-co-si-o-nom-myslia-skoly\/#primaryimage"},"image":{"@id":"https:\/\/archiv.siov.sk\/trasovanie-absolventov-co-si-o-nom-myslia-skoly\/#primaryimage"},"thumbnailUrl":"https:\/\/archiv.siov.sk\/wp-content\/uploads\/2025\/07\/sprava_spatna_vazba_siov.png","datePublished":"2025-07-28T06:00:06+00:00","dateModified":"2025-07-28T07:18:55+00:00","breadcrumb":{"@id":"https:\/\/archiv.siov.sk\/trasovanie-absolventov-co-si-o-nom-myslia-skoly\/#breadcrumb"},"inLanguage":"en-GB","potentialAction":[{"@type":"ReadAction","target":["https:\/\/archiv.siov.sk\/trasovanie-absolventov-co-si-o-nom-myslia-skoly\/"]}]},{"@type":"ImageObject","inLanguage":"en-GB","@id":"https:\/\/archiv.siov.sk\/trasovanie-absolventov-co-si-o-nom-myslia-skoly\/#primaryimage","url":"https:\/\/archiv.siov.sk\/wp-content\/uploads\/2025\/07\/sprava_spatna_vazba_siov.png","contentUrl":"https:\/\/archiv.siov.sk\/wp-content\/uploads\/2025\/07\/sprava_spatna_vazba_siov.png","width":2245,"height":1587,"caption":"vizual trasovanie absolventov \u0161iov"},{"@type":"BreadcrumbList","@id":"https:\/\/archiv.siov.sk\/trasovanie-absolventov-co-si-o-nom-myslia-skoly\/#breadcrumb","itemListElement":[{"@type":"ListItem","position":1,"name":"Home","item":"https:\/\/archiv.siov.sk\/"},{"@type":"ListItem","position":2,"name":"Trasovanie absolventov: \u010co si o \u0148om myslia \u0161koly?"}]},{"@type":"WebSite","@id":"https:\/\/archiv.siov.sk\/#website","url":"https:\/\/archiv.siov.sk\/","name":"\u0160IOV - \u0161t\u00e1tny in\u0161tit\u00fat odborn\u00e9ho vzdel\u00e1vania","description":"","publisher":{"@id":"https:\/\/archiv.siov.sk\/#organization"},"potentialAction":[{"@type":"SearchAction","target":{"@type":"EntryPoint","urlTemplate":"https:\/\/archiv.siov.sk\/?s={search_term_string}"},"query-input":{"@type":"PropertyValueSpecification","valueRequired":true,"valueName":"search_term_string"}}],"inLanguage":"en-GB"},{"@type":"Organization","@id":"https:\/\/archiv.siov.sk\/#organization","name":"\u0160IOV - \u0161t\u00e1tny in\u0161tit\u00fat odborn\u00e9ho vzdel\u00e1vania","url":"https:\/\/archiv.siov.sk\/","logo":{"@type":"ImageObject","inLanguage":"en-GB","@id":"https:\/\/archiv.siov.sk\/#\/schema\/logo\/image\/","url":"https:\/\/archiv.siov.sk\/wp-content\/uploads\/2024\/02\/logo-SIOV.png","contentUrl":"https:\/\/archiv.siov.sk\/wp-content\/uploads\/2024\/02\/logo-SIOV.png","width":431,"height":143,"caption":"\u0160IOV - \u0161t\u00e1tny in\u0161tit\u00fat odborn\u00e9ho vzdel\u00e1vania"},"image":{"@id":"https:\/\/archiv.siov.sk\/#\/schema\/logo\/image\/"},"sameAs":["https:\/\/www.facebook.com\/Statnyinstitutodbornehovzdelavania"]},{"@type":"Person","@id":"https:\/\/archiv.siov.sk\/#\/schema\/person\/2d35146a9c0fa51b027e8ff319cee627","name":"Gabriela Budayov\u00e1","url":"https:\/\/archiv.siov.sk\/en\/author\/gabriela-budayova\/"}]}},"_links":{"self":[{"href":"https:\/\/archiv.siov.sk\/en\/wp-json\/wp\/v2\/posts\/20018","targetHints":{"allow":["GET"]}}],"collection":[{"href":"https:\/\/archiv.siov.sk\/en\/wp-json\/wp\/v2\/posts"}],"about":[{"href":"https:\/\/archiv.siov.sk\/en\/wp-json\/wp\/v2\/types\/post"}],"author":[{"embeddable":true,"href":"https:\/\/archiv.siov.sk\/en\/wp-json\/wp\/v2\/users\/10"}],"replies":[{"embeddable":true,"href":"https:\/\/archiv.siov.sk\/en\/wp-json\/wp\/v2\/comments?post=20018"}],"version-history":[{"count":9,"href":"https:\/\/archiv.siov.sk\/en\/wp-json\/wp\/v2\/posts\/20018\/revisions"}],"predecessor-version":[{"id":20023,"href":"https:\/\/archiv.siov.sk\/en\/wp-json\/wp\/v2\/posts\/20018\/revisions\/20023"}],"wp:featuredmedia":[{"embeddable":true,"href":"https:\/\/archiv.siov.sk\/en\/wp-json\/wp\/v2\/media\/20019"}],"wp:attachment":[{"href":"https:\/\/archiv.siov.sk\/en\/wp-json\/wp\/v2\/media?parent=20018"}],"wp:term":[{"taxonomy":"category","embeddable":true,"href":"https:\/\/archiv.siov.sk\/en\/wp-json\/wp\/v2\/categories?post=20018"},{"taxonomy":"post_tag","embeddable":true,"href":"https:\/\/archiv.siov.sk\/en\/wp-json\/wp\/v2\/tags?post=20018"}],"curies":[{"name":"wp","href":"https:\/\/api.w.org\/{rel}","templated":true}]}}