{"id":19815,"date":"2025-06-26T14:21:41","date_gmt":"2025-06-26T12:21:41","guid":{"rendered":"https:\/\/archiv.siov.sk\/?p=19815"},"modified":"2025-07-07T14:48:59","modified_gmt":"2025-07-07T12:48:59","slug":"17-rocnik-studentskej-sutaze-rodinny-dom-velux-potvrdil-vysoku-uroven-stredoskolakov","status":"publish","type":"post","link":"https:\/\/archiv.siov.sk\/en\/17-rocnik-studentskej-sutaze-rodinny-dom-velux-potvrdil-vysoku-uroven-stredoskolakov\/","title":{"rendered":"17. ro\u010dn\u00edk \u0161tudentskej s\u00fa\u0165a\u017ee Rodinn\u00fd dom VELUX potvrdil vysok\u00fa \u00farove\u0148 stredo\u0161kol\u00e1kov"},"content":{"rendered":"<p style=\"text-align: justify;\"><strong>U\u017e 17 rokov spolo\u010dnos\u0165 VELUX na Slovensku organizuje s\u00fa\u0165a\u017e pre \u0161tudentov stredn\u00fdch \u0161k\u00f4l so zameran\u00edm na stavebn\u00edctvo. Sl\u00e1vnostn\u00e9 vyhl\u00e1senie v\u00fdsledkov za osobn\u00e9ho stretnutia s\u00fa\u0165a\u017eiacich \u0161tudentov, pedag\u00f3gov a z\u00e1stupcov architektonickej obce sa konalo 25. j\u00fana v Bratislave. <\/strong><\/p>\n<p style=\"text-align: justify;\">Cie\u013eom s\u00fa\u0165a\u017ee je vytvori\u0165 n\u00e1vrhy rodinn\u00fdch domov, v ktor\u00fdch hr\u00e1 d\u00f4le\u017eit\u00fa \u00falohu prirodzen\u00e9 denn\u00e9 svetlo a \u010derstv\u00fd vzduch prenikaj\u00faci cez stre\u0161n\u00e9 kon\u0161trukcie pomocou produktov VELUX. Podujatie sa aj tento rok uskuto\u010dnilo pod z\u00e1\u0161titou \u0160t\u00e1tneho in\u0161tit\u00fatu odborn\u00e9ho vzdel\u00e1vania.<\/p>\n<p><strong>Vzdel\u00e1vanie ako s\u00fa\u010das\u0165 s\u00fa\u0165a\u017ee<\/strong><\/p>\n<p style=\"text-align: justify;\">VELUX pripravil pre \u0161tudentov aj s\u00e9riu odborn\u00fdch workshopov a\u00a0webin\u00e1rov, ktor\u00e9 sa uskuto\u010dnili prezen\u010dne v Bratislave a Brne, ako aj online. Ich cie\u013eom bolo nau\u010di\u0165 mlad\u00fdch tvorcov spr\u00e1vne pracova\u0165 s denn\u00fdm osvetlen\u00edm a navrhova\u0165 zdrav\u00e9 a udr\u017eate\u013en\u00e9 obytn\u00e9 priestory.<\/p>\n<p><strong>V\u00fdborn\u00e1 \u00fa\u010das\u0165 a vysok\u00e1 kvalita pr\u00e1c<\/strong><\/p>\n<p style=\"text-align: justify;\">Tohtoro\u010dn\u00e9ho ro\u010dn\u00edka sa z\u00fa\u010dastnilo <strong>a\u017e 189 \u0161tudentov z 11 stredn\u00fdch \u0161k\u00f4l<\/strong>, z ktor\u00fdch sa 35 najlep\u0161\u00edch projektov prebojovalo do celoslovensk\u00e9ho fin\u00e1le. Pr\u00e1ce hodnotila odborn\u00e1 porota v zlo\u017een\u00ed:<\/p>\n<ul>\n<li><strong>Ing. arch. Monika Magulov\u00e1 Gomb\u00e1rov\u00e1<\/strong> \u2013 architektonick\u00e9 \u0161t\u00fadio Pantograph<\/li>\n<li><strong>Ing. arch. Martin Dor\u0161ic, PhD.<\/strong> \u2013 architektonick\u00e9 \u0161t\u00fadio dor\u0161ic.dor\u0161icova<\/li>\n<\/ul>\n<p><strong>V\u00ed\u0165azn\u00e9 projekty a novinka v s\u00fa\u0165a\u017ei<\/strong><\/p>\n<p style=\"text-align: justify;\">V\u00ed\u0165azom 17. ro\u010dn\u00edka sa stal <strong>Oskar Mani\u0161<\/strong> zo Strednej priemyselnej \u0161koly stavebnej v \u017diline s projektom \u201e<strong>ATELI\u00c9R<\/strong>\u201c, pod veden\u00edm konzultantov Ing. arch. Marcela Zs\u00f3ku a Ing. arch. Evy Kucharovej. Okrem tradi\u010dn\u00fdch cien za prv\u00e9 a\u017e tretie miesto porota udelila \u0161tyri \u0161peci\u00e1lne odmeny a Cenu zamestnancov VELUX. Ocenen\u00e1 bola aj \u0161kola s najv\u00e4\u010d\u0161\u00edm po\u010dtom prihl\u00e1sen\u00fdch projektov \u2013 Stredn\u00e1 priemyseln\u00e1 \u0161kola stavebn\u00e1 v Nitre.<\/p>\n<p style=\"text-align: justify;\">Architekt Martin Dor\u0161ic vyzdvihol vysok\u00fa \u00farove\u0148 \u0161tudentsk\u00fdch pr\u00e1c, ktor\u00e9 pod\u013ea jeho slov \u201edosahovali \u00farove\u0148 vysoko\u0161kolsk\u00fdch projektov\u201c. \u0160tudentsk\u00e9 pr\u00e1ce 17. ro\u010dn\u00edka boli ve\u013emi inovat\u00edvne. Prevl\u00e1dala atypick\u00e1 stavba, pomp\u00e9zne a\u00a0prevzdu\u0161nen\u00e9 priestory a\u00a0hravos\u0165 v\u00a0kreativite. Projekty sa vyzna\u010dovali individualitou, tvorivos\u0165ou a d\u00f4razom na spojenie s pr\u00edrodn\u00fdm prostred\u00edm.<\/p>\n<p><strong>Zameranie na udr\u017eate\u013enos\u0165 v bud\u00facom ro\u010dn\u00edku<\/strong><\/p>\n<p style=\"text-align: justify;\">VELUX ozn\u00e1mil novinku pre bud\u00faci ro\u010dn\u00edk: vznikne samostatn\u00e1 s\u00fa\u0165a\u017en\u00e1 kateg\u00f3ria <strong>\u201eUdr\u017eate\u013en\u00e9 zelen\u00e9 rodinn\u00e9 domy\u201c<\/strong>, v ktorej bud\u00fa \u0161tudenti h\u013eada\u0165 inovat\u00edvne rie\u0161enia pre ekologick\u00e9 stavebn\u00edctvo a zdrav\u00e9 b\u00fdvanie. Architekt Marek Petr\u00edk zo spolo\u010dnosti VELUX k tomu dodal: <em>\u201eVer\u00edme, \u017ee t\u00fdm e\u0161te viac podpor\u00edme z\u00e1ujem mlad\u00fdch \u013eud\u00ed o d\u00f4le\u017eit\u00e9 t\u00e9my, ako s\u00fa kl\u00edma, udr\u017eate\u013enos\u0165 a kvalita vn\u00fatorn\u00e9ho prostredia.\u201c<\/em><\/p>\n<p><strong>O s\u00fa\u0165a\u017ei a jej bud\u00facnosti<\/strong><\/p>\n<p style=\"text-align: justify;\">\u017div\u00e1 forma vyhodnotenia umo\u017enila \u0161tudentom z\u00edska\u0165 sp\u00e4tn\u00fa v\u00e4zbu od porotcov i kolegov z in\u00fdch \u0161k\u00f4l, \u010d\u00edm sa podujatie stalo aj cennou platformou na v\u00fdmenu sk\u00fasenost\u00ed a in\u0161pir\u00e1ci\u00ed. Organiz\u00e1tori potvrdili, \u017ee v roku 2026 sa uskuto\u010dn\u00ed u\u017e 18. ro\u010dn\u00edk, ktor\u00e9ho pr\u00edpravy sa m\u00f4\u017eu za\u010da\u0165.<\/p>\n<p>V\u00fdsledky \u0161kolsk\u00e9ho i\u00a0celo\u0161t\u00e1tneho kola \u0161tudentskej s\u00fa\u0165a\u017ee Rodinn\u00fd dom s\u00fa dostupn\u00e9 na webe: <a href=\"https:\/\/www.velux.sk\/odbornici\/architekti-a-projektanti\/sutaze\/rodinny-dom\">https:\/\/www.velux.sk\/odbornici\/architekti-a-projektanti\/sutaze\/rodinny-dom<\/a><\/p>\n<p><strong><u>V\u00fdsledky 17. ro\u010dn\u00edka s\u00fa\u0165a\u017ee <\/u><\/strong><strong><u>Rodinn\u00fd dom VELUX:<\/u><\/strong><\/p>\n<table>\n<tbody>\n<tr>\n<td colspan=\"2\" width=\"548\"><strong>1. miesto \u2013 RODINN\u00dd DOM\u00a0<\/strong><\/td>\n<\/tr>\n<tr>\n<td width=\"132\">Meno \u0161tudenta:<\/td>\n<td width=\"416\"><strong>Oskar Mani\u0161<\/strong><\/td>\n<\/tr>\n<tr>\n<td width=\"132\">Name of the project<\/td>\n<td width=\"416\">ATELI\u00c9R<\/td>\n<\/tr>\n<tr>\n<td width=\"132\">\u0160kola:<\/td>\n<td width=\"416\">Stredn\u00e1 priemyseln\u00e1 \u0161kola stavebn\u00e1, \u017dilina<\/td>\n<\/tr>\n<tr>\n<td width=\"132\">Konzultant:<\/td>\n<td width=\"416\">Ing. arch. Marcel Zs\u00f3ka a Ing. arch. Eva Kucharov\u00e1<\/td>\n<\/tr>\n<\/tbody>\n<\/table>\n<p>&nbsp;<\/p>\n<table>\n<tbody>\n<tr>\n<td colspan=\"2\" width=\"548\"><strong>2. miesto \u2013 RODINN\u00dd DOM\u00a0<\/strong><\/td>\n<\/tr>\n<tr>\n<td width=\"132\">Meno \u0161tudenta:<\/td>\n<td width=\"416\"><strong>Matej Michalica<\/strong><\/td>\n<\/tr>\n<tr>\n<td width=\"132\">Name of the project<\/td>\n<td width=\"416\">Dom v Karpatoch<\/td>\n<\/tr>\n<tr>\n<td width=\"132\">\u0160kola:<\/td>\n<td width=\"416\">Stredn\u00e1 priemyseln\u00e1 \u0161kola stavebn\u00e1 a geodetick\u00e1, Bratislava<\/td>\n<\/tr>\n<tr>\n<td width=\"132\">Konzultant:<\/td>\n<td width=\"416\">Ing. arch. Ivana Bradov\u00e1, PhD.<\/td>\n<\/tr>\n<\/tbody>\n<\/table>\n<p>&nbsp;<\/p>\n<table>\n<tbody>\n<tr>\n<td colspan=\"2\" width=\"548\"><strong>3. miesto \u2013 RODINN\u00dd DOM\u00a0<\/strong><\/td>\n<\/tr>\n<tr>\n<td width=\"132\">Meno \u0161tudenta:<\/td>\n<td width=\"416\"><strong>Marek \u0160ib\u00edk<\/strong><\/td>\n<\/tr>\n<tr>\n<td width=\"132\">Name of the project<\/td>\n<td width=\"416\">Dom so stromom<\/td>\n<\/tr>\n<tr>\n<td width=\"132\">\u0160kola:<\/td>\n<td width=\"416\">Stredn\u00e1 priemyseln\u00e1 \u0161kola stavebn\u00e1, \u017dilina<\/td>\n<\/tr>\n<tr>\n<td width=\"132\">Konzultant:<\/td>\n<td width=\"416\">Ing. arch. Dominika Fon\u0161ov\u00e1<\/td>\n<\/tr>\n<\/tbody>\n<\/table>\n<p>&nbsp;<\/p>\n<table>\n<tbody>\n<tr>\n<td colspan=\"2\" width=\"548\"><strong>Odmena \u2013 RODINN\u00dd DOM\u00a0<\/strong><\/td>\n<\/tr>\n<tr>\n<td width=\"132\">Meno \u0161tudenta:<\/td>\n<td width=\"416\"><strong>Adam Kov\u00e1\u010d<\/strong><\/td>\n<\/tr>\n<tr>\n<td width=\"132\">Name of the project<\/td>\n<td width=\"416\">CUBE<\/td>\n<\/tr>\n<tr>\n<td width=\"132\">\u0160kola:<\/td>\n<td width=\"416\">Stredn\u00e1 priemyseln\u00e1 \u0161kola stavebn\u00e1 a geodetick\u00e1, Bratislava<\/td>\n<\/tr>\n<tr>\n<td width=\"132\">Konzultant:<\/td>\n<td width=\"416\">Ing. arch. Darina Soj\u00e1kov\u00e1<\/td>\n<\/tr>\n<\/tbody>\n<\/table>\n<p>&nbsp;<\/p>\n<table>\n<tbody>\n<tr>\n<td colspan=\"2\" width=\"548\"><strong>Odmena \u2013 RODINN\u00dd DOM\u00a0<\/strong><\/td>\n<\/tr>\n<tr>\n<td width=\"132\">Meno \u0161tudenta:<\/td>\n<td width=\"416\"><strong>Eugen Samuel Guldan<\/strong><\/td>\n<\/tr>\n<tr>\n<td width=\"132\">Name of the project<\/td>\n<td width=\"416\">Dom pod Borovicami<\/td>\n<\/tr>\n<tr>\n<td width=\"132\">\u0160kola:<\/td>\n<td width=\"416\">Stredn\u00e1 priemyseln\u00e1 \u0161kola stavebn\u00e1 a geodetick\u00e1, Bratislava<\/td>\n<\/tr>\n<tr>\n<td width=\"132\">Konzultant:<\/td>\n<td width=\"416\">Ing. arch. Katar\u00edna Lavrin\u010d\u00edkov\u00e1<\/td>\n<\/tr>\n<\/tbody>\n<\/table>\n<table>\n<tbody>\n<tr>\n<td colspan=\"2\" width=\"548\"><strong>Odmena \u2013 RODINN\u00dd DOM\u00a0<\/strong><\/td>\n<\/tr>\n<tr>\n<td width=\"132\">Meno \u0161tudenta:<\/td>\n<td width=\"416\"><strong>L\u00edvia Mach\u00e1\u010dekov\u00e1<\/strong><\/td>\n<\/tr>\n<tr>\n<td width=\"132\">Name of the project<\/td>\n<td width=\"416\">Couple<\/td>\n<\/tr>\n<tr>\n<td width=\"132\">\u0160kola:<\/td>\n<td width=\"416\">Stredn\u00e1 priemyseln\u00e1 \u0161kola stavebn\u00e1, Nitra<\/td>\n<\/tr>\n<tr>\n<td width=\"132\">Konzultant:<\/td>\n<td width=\"416\">Ing. Sylvia Bez\u00e1kov\u00e1<\/td>\n<\/tr>\n<\/tbody>\n<\/table>\n<table>\n<tbody>\n<tr>\n<td colspan=\"2\" width=\"548\"><strong>Odmena \u2013 RODINN\u00dd DOM\u00a0<\/strong><\/td>\n<\/tr>\n<tr>\n<td width=\"132\">Meno \u0161tudenta:<\/td>\n<td width=\"416\"><strong>Milan Majdan<\/strong><\/td>\n<\/tr>\n<tr>\n<td width=\"132\">Name of the project<\/td>\n<td width=\"416\">RD003<\/td>\n<\/tr>\n<tr>\n<td width=\"132\">\u0160kola:<\/td>\n<td width=\"416\">Stredn\u00e1 priemyseln\u00e1 \u0161kola stavebn\u00e1, Nitra<\/td>\n<\/tr>\n<tr>\n<td width=\"132\">Konzultant:<\/td>\n<td width=\"416\">Ing. Katar\u00edna Kmetzov\u00e1<\/td>\n<\/tr>\n<\/tbody>\n<\/table>\n<table>\n<tbody>\n<tr>\n<td colspan=\"2\" width=\"548\"><strong>Cena zamestnancov VELUX \u2013 RODINN\u00dd DOM\u00a0<\/strong><\/td>\n<\/tr>\n<tr>\n<td width=\"132\">Meno \u0161tudenta:<\/td>\n<td width=\"416\"><strong>Michal \u0160trba<\/strong><\/td>\n<\/tr>\n<tr>\n<td width=\"132\">Name of the project<\/td>\n<td width=\"416\">Lumen House<\/td>\n<\/tr>\n<tr>\n<td width=\"132\">\u0160kola:<\/td>\n<td width=\"416\">Stredn\u00e1 priemyseln\u00e1 \u0161kola stavebn\u00e1, Nitra<\/td>\n<\/tr>\n<tr>\n<td width=\"132\">Konzultant:<\/td>\n<td width=\"416\">Ing. Andrea Pinkavov\u00e1<\/td>\n<\/tr>\n<\/tbody>\n<\/table>\n<table>\n<tbody>\n<tr>\n<td colspan=\"2\" width=\"548\"><strong>Cena pre \u0161kolu\u00a0<\/strong><\/td>\n<\/tr>\n<tr>\n<td width=\"132\">N\u00e1zov \u0161koly:<\/td>\n<td width=\"416\">Stredn\u00e1 priemyseln\u00e1 \u0161kola stavebn\u00e1<\/td>\n<\/tr>\n<tr>\n<td width=\"132\">Mesto:<\/td>\n<td width=\"416\">Nitra<\/td>\n<\/tr>\n<\/tbody>\n<\/table>","protected":false},"excerpt":{"rendered":"<p>U\u017e 17 rokov spolo\u010dnos\u0165 VELUX na Slovensku organizuje s\u00fa\u0165a\u017e pre \u0161tudentov stredn\u00fdch \u0161k\u00f4l so zameran\u00edm na stavebn\u00edctvo. Sl\u00e1vnostn\u00e9 vyhl\u00e1senie v\u00fdsledkov za osobn\u00e9ho stretnutia s\u00fa\u0165a\u017eiacich \u0161tudentov, pedag\u00f3gov a z\u00e1stupcov architektonickej obce sa konalo 25. j\u00fana v Bratislave. Cie\u013eom s\u00fa\u0165a\u017ee je vytvori\u0165 n\u00e1vrhy rodinn\u00fdch domov, v ktor\u00fdch hr\u00e1 d\u00f4le\u017eit\u00fa \u00falohu prirodzen\u00e9 denn\u00e9 svetlo a \u010derstv\u00fd vzduch prenikaj\u00faci [&hellip;]<\/p>\n","protected":false},"author":6,"featured_media":19817,"comment_status":"closed","ping_status":"closed","sticky":false,"template":"","format":"standard","meta":{"site-sidebar-layout":"default","site-content-layout":"","ast-site-content-layout":"default","site-content-style":"default","site-sidebar-style":"default","ast-global-header-display":"","ast-banner-title-visibility":"","ast-main-header-display":"","ast-hfb-above-header-display":"","ast-hfb-below-header-display":"","ast-hfb-mobile-header-display":"","site-post-title":"","ast-breadcrumbs-content":"","ast-featured-img":"","footer-sml-layout":"","ast-disable-related-posts":"","theme-transparent-header-meta":"default","adv-header-id-meta":"","stick-header-meta":"default","header-above-stick-meta":"","header-main-stick-meta":"","header-below-stick-meta":"","astra-migrate-meta-layouts":"set","ast-page-background-enabled":"default","ast-page-background-meta":{"desktop":{"background-color":"var(--ast-global-color-4)","background-image":"","background-repeat":"repeat","background-position":"center center","background-size":"auto","background-attachment":"scroll","background-type":"","background-media":"","overlay-type":"","overlay-color":"","overlay-opacity":"","overlay-gradient":""},"tablet":{"background-color":"","background-image":"","background-repeat":"repeat","background-position":"center center","background-size":"auto","background-attachment":"scroll","background-type":"","background-media":"","overlay-type":"","overlay-color":"","overlay-opacity":"","overlay-gradient":""},"mobile":{"background-color":"","background-image":"","background-repeat":"repeat","background-position":"center center","background-size":"auto","background-attachment":"scroll","background-type":"","background-media":"","overlay-type":"","overlay-color":"","overlay-opacity":"","overlay-gradient":""}},"ast-content-background-meta":{"desktop":{"background-color":"var(--ast-global-color-5)","background-image":"","background-repeat":"repeat","background-position":"center center","background-size":"auto","background-attachment":"scroll","background-type":"","background-media":"","overlay-type":"","overlay-color":"","overlay-opacity":"","overlay-gradient":""},"tablet":{"background-color":"var(--ast-global-color-5)","background-image":"","background-repeat":"repeat","background-position":"center center","background-size":"auto","background-attachment":"scroll","background-type":"","background-media":"","overlay-type":"","overlay-color":"","overlay-opacity":"","overlay-gradient":""},"mobile":{"background-color":"var(--ast-global-color-5)","background-image":"","background-repeat":"repeat","background-position":"center center","background-size":"auto","background-attachment":"scroll","background-type":"","background-media":"","overlay-type":"","overlay-color":"","overlay-opacity":"","overlay-gradient":""}},"footnotes":""},"categories":[1],"tags":[],"class_list":["post-19815","post","type-post","status-publish","format-standard","has-post-thumbnail","hentry","category-aktuality"],"yoast_head":"<!-- This site is optimized with the Yoast SEO plugin v27.5 - https:\/\/yoast.com\/product\/yoast-seo-wordpress\/ -->\n<title>17. ro\u010dn\u00edk \u0161tudentskej s\u00fa\u0165a\u017ee Rodinn\u00fd dom VELUX potvrdil vysok\u00fa \u00farove\u0148 stredo\u0161kol\u00e1kov - \u0160IOV - \u0161t\u00e1tny in\u0161tit\u00fat odborn\u00e9ho vzdel\u00e1vania<\/title>\n<meta name=\"robots\" content=\"index, follow, max-snippet:-1, max-image-preview:large, max-video-preview:-1\" \/>\n<link rel=\"canonical\" href=\"https:\/\/archiv.siov.sk\/en\/17-rocnik-studentskej-sutaze-rodinny-dom-velux-potvrdil-vysoku-uroven-stredoskolakov\/\" \/>\n<meta property=\"og:locale\" content=\"en_GB\" \/>\n<meta property=\"og:type\" content=\"article\" \/>\n<meta property=\"og:title\" content=\"17. ro\u010dn\u00edk \u0161tudentskej s\u00fa\u0165a\u017ee Rodinn\u00fd dom VELUX potvrdil vysok\u00fa \u00farove\u0148 stredo\u0161kol\u00e1kov - \u0160IOV - \u0161t\u00e1tny in\u0161tit\u00fat odborn\u00e9ho vzdel\u00e1vania\" \/>\n<meta property=\"og:description\" content=\"U\u017e 17 rokov spolo\u010dnos\u0165 VELUX na Slovensku organizuje s\u00fa\u0165a\u017e pre \u0161tudentov stredn\u00fdch \u0161k\u00f4l so zameran\u00edm na stavebn\u00edctvo. Sl\u00e1vnostn\u00e9 vyhl\u00e1senie v\u00fdsledkov za osobn\u00e9ho stretnutia s\u00fa\u0165a\u017eiacich \u0161tudentov, pedag\u00f3gov a z\u00e1stupcov architektonickej obce sa konalo 25. j\u00fana v Bratislave. Cie\u013eom s\u00fa\u0165a\u017ee je vytvori\u0165 n\u00e1vrhy rodinn\u00fdch domov, v ktor\u00fdch hr\u00e1 d\u00f4le\u017eit\u00fa \u00falohu prirodzen\u00e9 denn\u00e9 svetlo a \u010derstv\u00fd vzduch prenikaj\u00faci [&hellip;]\" \/>\n<meta property=\"og:url\" content=\"https:\/\/archiv.siov.sk\/en\/17-rocnik-studentskej-sutaze-rodinny-dom-velux-potvrdil-vysoku-uroven-stredoskolakov\/\" \/>\n<meta property=\"og:site_name\" content=\"\u0160IOV - \u0161t\u00e1tny in\u0161tit\u00fat odborn\u00e9ho vzdel\u00e1vania\" \/>\n<meta property=\"article:publisher\" content=\"https:\/\/www.facebook.com\/Statnyinstitutodbornehovzdelavania\" \/>\n<meta property=\"article:published_time\" content=\"2025-06-26T12:21:41+00:00\" \/>\n<meta property=\"article:modified_time\" content=\"2025-07-07T12:48:59+00:00\" \/>\n<meta property=\"og:image\" content=\"https:\/\/archiv.siov.sk\/wp-content\/uploads\/2025\/07\/17-hlavicka-web-1280x458-1.jpg\" \/>\n\t<meta property=\"og:image:width\" content=\"1280\" \/>\n\t<meta property=\"og:image:height\" content=\"458\" \/>\n\t<meta property=\"og:image:type\" content=\"image\/jpeg\" \/>\n<meta name=\"author\" content=\"Katar\u00edna Kov\u00e1\u010dov\u00e1\" \/>\n<meta name=\"twitter:card\" content=\"summary_large_image\" \/>\n<meta name=\"twitter:label1\" content=\"Written by\" \/>\n\t<meta name=\"twitter:data1\" content=\"Katar\u00edna Kov\u00e1\u010dov\u00e1\" \/>\n\t<meta name=\"twitter:label2\" content=\"Estimated reading time\" \/>\n\t<meta name=\"twitter:data2\" content=\"4 minutes\" \/>\n<script type=\"application\/ld+json\" class=\"yoast-schema-graph\">{\"@context\":\"https:\\\/\\\/schema.org\",\"@graph\":[{\"@type\":\"Article\",\"@id\":\"https:\\\/\\\/archiv.siov.sk\\\/17-rocnik-studentskej-sutaze-rodinny-dom-velux-potvrdil-vysoku-uroven-stredoskolakov\\\/#article\",\"isPartOf\":{\"@id\":\"https:\\\/\\\/archiv.siov.sk\\\/17-rocnik-studentskej-sutaze-rodinny-dom-velux-potvrdil-vysoku-uroven-stredoskolakov\\\/\"},\"author\":{\"name\":\"Katar\u00edna Kov\u00e1\u010dov\u00e1\",\"@id\":\"https:\\\/\\\/archiv.siov.sk\\\/#\\\/schema\\\/person\\\/e42d633fbd958c6a726e8834d8965e6c\"},\"headline\":\"17. ro\u010dn\u00edk \u0161tudentskej s\u00fa\u0165a\u017ee Rodinn\u00fd dom VELUX potvrdil vysok\u00fa \u00farove\u0148 stredo\u0161kol\u00e1kov\",\"datePublished\":\"2025-06-26T12:21:41+00:00\",\"dateModified\":\"2025-07-07T12:48:59+00:00\",\"mainEntityOfPage\":{\"@id\":\"https:\\\/\\\/archiv.siov.sk\\\/17-rocnik-studentskej-sutaze-rodinny-dom-velux-potvrdil-vysoku-uroven-stredoskolakov\\\/\"},\"wordCount\":819,\"publisher\":{\"@id\":\"https:\\\/\\\/archiv.siov.sk\\\/#organization\"},\"image\":{\"@id\":\"https:\\\/\\\/archiv.siov.sk\\\/17-rocnik-studentskej-sutaze-rodinny-dom-velux-potvrdil-vysoku-uroven-stredoskolakov\\\/#primaryimage\"},\"thumbnailUrl\":\"https:\\\/\\\/archiv.siov.sk\\\/wp-content\\\/uploads\\\/2025\\\/07\\\/17-hlavicka-web-1280x458-1.jpg\",\"articleSection\":[\"Aktuality\"],\"inLanguage\":\"en-GB\"},{\"@type\":\"WebPage\",\"@id\":\"https:\\\/\\\/archiv.siov.sk\\\/17-rocnik-studentskej-sutaze-rodinny-dom-velux-potvrdil-vysoku-uroven-stredoskolakov\\\/\",\"url\":\"https:\\\/\\\/archiv.siov.sk\\\/17-rocnik-studentskej-sutaze-rodinny-dom-velux-potvrdil-vysoku-uroven-stredoskolakov\\\/\",\"name\":\"17. ro\u010dn\u00edk \u0161tudentskej s\u00fa\u0165a\u017ee Rodinn\u00fd dom VELUX potvrdil vysok\u00fa \u00farove\u0148 stredo\u0161kol\u00e1kov - \u0160IOV - \u0161t\u00e1tny in\u0161tit\u00fat odborn\u00e9ho vzdel\u00e1vania\",\"isPartOf\":{\"@id\":\"https:\\\/\\\/archiv.siov.sk\\\/#website\"},\"primaryImageOfPage\":{\"@id\":\"https:\\\/\\\/archiv.siov.sk\\\/17-rocnik-studentskej-sutaze-rodinny-dom-velux-potvrdil-vysoku-uroven-stredoskolakov\\\/#primaryimage\"},\"image\":{\"@id\":\"https:\\\/\\\/archiv.siov.sk\\\/17-rocnik-studentskej-sutaze-rodinny-dom-velux-potvrdil-vysoku-uroven-stredoskolakov\\\/#primaryimage\"},\"thumbnailUrl\":\"https:\\\/\\\/archiv.siov.sk\\\/wp-content\\\/uploads\\\/2025\\\/07\\\/17-hlavicka-web-1280x458-1.jpg\",\"datePublished\":\"2025-06-26T12:21:41+00:00\",\"dateModified\":\"2025-07-07T12:48:59+00:00\",\"breadcrumb\":{\"@id\":\"https:\\\/\\\/archiv.siov.sk\\\/17-rocnik-studentskej-sutaze-rodinny-dom-velux-potvrdil-vysoku-uroven-stredoskolakov\\\/#breadcrumb\"},\"inLanguage\":\"en-GB\",\"potentialAction\":[{\"@type\":\"ReadAction\",\"target\":[\"https:\\\/\\\/archiv.siov.sk\\\/17-rocnik-studentskej-sutaze-rodinny-dom-velux-potvrdil-vysoku-uroven-stredoskolakov\\\/\"]}]},{\"@type\":\"ImageObject\",\"inLanguage\":\"en-GB\",\"@id\":\"https:\\\/\\\/archiv.siov.sk\\\/17-rocnik-studentskej-sutaze-rodinny-dom-velux-potvrdil-vysoku-uroven-stredoskolakov\\\/#primaryimage\",\"url\":\"https:\\\/\\\/archiv.siov.sk\\\/wp-content\\\/uploads\\\/2025\\\/07\\\/17-hlavicka-web-1280x458-1.jpg\",\"contentUrl\":\"https:\\\/\\\/archiv.siov.sk\\\/wp-content\\\/uploads\\\/2025\\\/07\\\/17-hlavicka-web-1280x458-1.jpg\",\"width\":1280,\"height\":458},{\"@type\":\"BreadcrumbList\",\"@id\":\"https:\\\/\\\/archiv.siov.sk\\\/17-rocnik-studentskej-sutaze-rodinny-dom-velux-potvrdil-vysoku-uroven-stredoskolakov\\\/#breadcrumb\",\"itemListElement\":[{\"@type\":\"ListItem\",\"position\":1,\"name\":\"Home\",\"item\":\"https:\\\/\\\/archiv.siov.sk\\\/\"},{\"@type\":\"ListItem\",\"position\":2,\"name\":\"17. ro\u010dn\u00edk \u0161tudentskej s\u00fa\u0165a\u017ee Rodinn\u00fd dom VELUX potvrdil vysok\u00fa \u00farove\u0148 stredo\u0161kol\u00e1kov\"}]},{\"@type\":\"WebSite\",\"@id\":\"https:\\\/\\\/archiv.siov.sk\\\/#website\",\"url\":\"https:\\\/\\\/archiv.siov.sk\\\/\",\"name\":\"\u0160IOV - \u0161t\u00e1tny in\u0161tit\u00fat odborn\u00e9ho vzdel\u00e1vania\",\"description\":\"\",\"publisher\":{\"@id\":\"https:\\\/\\\/archiv.siov.sk\\\/#organization\"},\"potentialAction\":[{\"@type\":\"SearchAction\",\"target\":{\"@type\":\"EntryPoint\",\"urlTemplate\":\"https:\\\/\\\/archiv.siov.sk\\\/?s={search_term_string}\"},\"query-input\":{\"@type\":\"PropertyValueSpecification\",\"valueRequired\":true,\"valueName\":\"search_term_string\"}}],\"inLanguage\":\"en-GB\"},{\"@type\":\"Organization\",\"@id\":\"https:\\\/\\\/archiv.siov.sk\\\/#organization\",\"name\":\"\u0160IOV - \u0161t\u00e1tny in\u0161tit\u00fat odborn\u00e9ho vzdel\u00e1vania\",\"url\":\"https:\\\/\\\/archiv.siov.sk\\\/\",\"logo\":{\"@type\":\"ImageObject\",\"inLanguage\":\"en-GB\",\"@id\":\"https:\\\/\\\/archiv.siov.sk\\\/#\\\/schema\\\/logo\\\/image\\\/\",\"url\":\"https:\\\/\\\/archiv.siov.sk\\\/wp-content\\\/uploads\\\/2024\\\/02\\\/logo-SIOV.png\",\"contentUrl\":\"https:\\\/\\\/archiv.siov.sk\\\/wp-content\\\/uploads\\\/2024\\\/02\\\/logo-SIOV.png\",\"width\":431,\"height\":143,\"caption\":\"\u0160IOV - \u0161t\u00e1tny in\u0161tit\u00fat odborn\u00e9ho vzdel\u00e1vania\"},\"image\":{\"@id\":\"https:\\\/\\\/archiv.siov.sk\\\/#\\\/schema\\\/logo\\\/image\\\/\"},\"sameAs\":[\"https:\\\/\\\/www.facebook.com\\\/Statnyinstitutodbornehovzdelavania\"]},{\"@type\":\"Person\",\"@id\":\"https:\\\/\\\/archiv.siov.sk\\\/#\\\/schema\\\/person\\\/e42d633fbd958c6a726e8834d8965e6c\",\"name\":\"Katar\u00edna Kov\u00e1\u010dov\u00e1\",\"url\":\"https:\\\/\\\/archiv.siov.sk\\\/en\\\/author\\\/katkakovacova\\\/\"}]}<\/script>\n<!-- \/ Yoast SEO plugin. -->","yoast_head_json":{"title":"17. ro\u010dn\u00edk \u0161tudentskej s\u00fa\u0165a\u017ee Rodinn\u00fd dom VELUX potvrdil vysok\u00fa \u00farove\u0148 stredo\u0161kol\u00e1kov - \u0160IOV - \u0161t\u00e1tny in\u0161tit\u00fat odborn\u00e9ho vzdel\u00e1vania","robots":{"index":"index","follow":"follow","max-snippet":"max-snippet:-1","max-image-preview":"max-image-preview:large","max-video-preview":"max-video-preview:-1"},"canonical":"https:\/\/archiv.siov.sk\/en\/17-rocnik-studentskej-sutaze-rodinny-dom-velux-potvrdil-vysoku-uroven-stredoskolakov\/","og_locale":"en_GB","og_type":"article","og_title":"17. ro\u010dn\u00edk \u0161tudentskej s\u00fa\u0165a\u017ee Rodinn\u00fd dom VELUX potvrdil vysok\u00fa \u00farove\u0148 stredo\u0161kol\u00e1kov - \u0160IOV - \u0161t\u00e1tny in\u0161tit\u00fat odborn\u00e9ho vzdel\u00e1vania","og_description":"U\u017e 17 rokov spolo\u010dnos\u0165 VELUX na Slovensku organizuje s\u00fa\u0165a\u017e pre \u0161tudentov stredn\u00fdch \u0161k\u00f4l so zameran\u00edm na stavebn\u00edctvo. Sl\u00e1vnostn\u00e9 vyhl\u00e1senie v\u00fdsledkov za osobn\u00e9ho stretnutia s\u00fa\u0165a\u017eiacich \u0161tudentov, pedag\u00f3gov a z\u00e1stupcov architektonickej obce sa konalo 25. j\u00fana v Bratislave. Cie\u013eom s\u00fa\u0165a\u017ee je vytvori\u0165 n\u00e1vrhy rodinn\u00fdch domov, v ktor\u00fdch hr\u00e1 d\u00f4le\u017eit\u00fa \u00falohu prirodzen\u00e9 denn\u00e9 svetlo a \u010derstv\u00fd vzduch prenikaj\u00faci [&hellip;]","og_url":"https:\/\/archiv.siov.sk\/en\/17-rocnik-studentskej-sutaze-rodinny-dom-velux-potvrdil-vysoku-uroven-stredoskolakov\/","og_site_name":"\u0160IOV - \u0161t\u00e1tny in\u0161tit\u00fat odborn\u00e9ho vzdel\u00e1vania","article_publisher":"https:\/\/www.facebook.com\/Statnyinstitutodbornehovzdelavania","article_published_time":"2025-06-26T12:21:41+00:00","article_modified_time":"2025-07-07T12:48:59+00:00","og_image":[{"width":1280,"height":458,"url":"https:\/\/archiv.siov.sk\/wp-content\/uploads\/2025\/07\/17-hlavicka-web-1280x458-1.jpg","type":"image\/jpeg"}],"author":"Katar\u00edna Kov\u00e1\u010dov\u00e1","twitter_card":"summary_large_image","twitter_misc":{"Written by":"Katar\u00edna Kov\u00e1\u010dov\u00e1","Estimated reading time":"4 minutes"},"schema":{"@context":"https:\/\/schema.org","@graph":[{"@type":"Article","@id":"https:\/\/archiv.siov.sk\/17-rocnik-studentskej-sutaze-rodinny-dom-velux-potvrdil-vysoku-uroven-stredoskolakov\/#article","isPartOf":{"@id":"https:\/\/archiv.siov.sk\/17-rocnik-studentskej-sutaze-rodinny-dom-velux-potvrdil-vysoku-uroven-stredoskolakov\/"},"author":{"name":"Katar\u00edna Kov\u00e1\u010dov\u00e1","@id":"https:\/\/archiv.siov.sk\/#\/schema\/person\/e42d633fbd958c6a726e8834d8965e6c"},"headline":"17. ro\u010dn\u00edk \u0161tudentskej s\u00fa\u0165a\u017ee Rodinn\u00fd dom VELUX potvrdil vysok\u00fa \u00farove\u0148 stredo\u0161kol\u00e1kov","datePublished":"2025-06-26T12:21:41+00:00","dateModified":"2025-07-07T12:48:59+00:00","mainEntityOfPage":{"@id":"https:\/\/archiv.siov.sk\/17-rocnik-studentskej-sutaze-rodinny-dom-velux-potvrdil-vysoku-uroven-stredoskolakov\/"},"wordCount":819,"publisher":{"@id":"https:\/\/archiv.siov.sk\/#organization"},"image":{"@id":"https:\/\/archiv.siov.sk\/17-rocnik-studentskej-sutaze-rodinny-dom-velux-potvrdil-vysoku-uroven-stredoskolakov\/#primaryimage"},"thumbnailUrl":"https:\/\/archiv.siov.sk\/wp-content\/uploads\/2025\/07\/17-hlavicka-web-1280x458-1.jpg","articleSection":["Aktuality"],"inLanguage":"en-GB"},{"@type":"WebPage","@id":"https:\/\/archiv.siov.sk\/17-rocnik-studentskej-sutaze-rodinny-dom-velux-potvrdil-vysoku-uroven-stredoskolakov\/","url":"https:\/\/archiv.siov.sk\/17-rocnik-studentskej-sutaze-rodinny-dom-velux-potvrdil-vysoku-uroven-stredoskolakov\/","name":"17. ro\u010dn\u00edk \u0161tudentskej s\u00fa\u0165a\u017ee Rodinn\u00fd dom VELUX potvrdil vysok\u00fa \u00farove\u0148 stredo\u0161kol\u00e1kov - \u0160IOV - \u0161t\u00e1tny in\u0161tit\u00fat odborn\u00e9ho vzdel\u00e1vania","isPartOf":{"@id":"https:\/\/archiv.siov.sk\/#website"},"primaryImageOfPage":{"@id":"https:\/\/archiv.siov.sk\/17-rocnik-studentskej-sutaze-rodinny-dom-velux-potvrdil-vysoku-uroven-stredoskolakov\/#primaryimage"},"image":{"@id":"https:\/\/archiv.siov.sk\/17-rocnik-studentskej-sutaze-rodinny-dom-velux-potvrdil-vysoku-uroven-stredoskolakov\/#primaryimage"},"thumbnailUrl":"https:\/\/archiv.siov.sk\/wp-content\/uploads\/2025\/07\/17-hlavicka-web-1280x458-1.jpg","datePublished":"2025-06-26T12:21:41+00:00","dateModified":"2025-07-07T12:48:59+00:00","breadcrumb":{"@id":"https:\/\/archiv.siov.sk\/17-rocnik-studentskej-sutaze-rodinny-dom-velux-potvrdil-vysoku-uroven-stredoskolakov\/#breadcrumb"},"inLanguage":"en-GB","potentialAction":[{"@type":"ReadAction","target":["https:\/\/archiv.siov.sk\/17-rocnik-studentskej-sutaze-rodinny-dom-velux-potvrdil-vysoku-uroven-stredoskolakov\/"]}]},{"@type":"ImageObject","inLanguage":"en-GB","@id":"https:\/\/archiv.siov.sk\/17-rocnik-studentskej-sutaze-rodinny-dom-velux-potvrdil-vysoku-uroven-stredoskolakov\/#primaryimage","url":"https:\/\/archiv.siov.sk\/wp-content\/uploads\/2025\/07\/17-hlavicka-web-1280x458-1.jpg","contentUrl":"https:\/\/archiv.siov.sk\/wp-content\/uploads\/2025\/07\/17-hlavicka-web-1280x458-1.jpg","width":1280,"height":458},{"@type":"BreadcrumbList","@id":"https:\/\/archiv.siov.sk\/17-rocnik-studentskej-sutaze-rodinny-dom-velux-potvrdil-vysoku-uroven-stredoskolakov\/#breadcrumb","itemListElement":[{"@type":"ListItem","position":1,"name":"Home","item":"https:\/\/archiv.siov.sk\/"},{"@type":"ListItem","position":2,"name":"17. ro\u010dn\u00edk \u0161tudentskej s\u00fa\u0165a\u017ee Rodinn\u00fd dom VELUX potvrdil vysok\u00fa \u00farove\u0148 stredo\u0161kol\u00e1kov"}]},{"@type":"WebSite","@id":"https:\/\/archiv.siov.sk\/#website","url":"https:\/\/archiv.siov.sk\/","name":"\u0160IOV - \u0161t\u00e1tny in\u0161tit\u00fat odborn\u00e9ho vzdel\u00e1vania","description":"","publisher":{"@id":"https:\/\/archiv.siov.sk\/#organization"},"potentialAction":[{"@type":"SearchAction","target":{"@type":"EntryPoint","urlTemplate":"https:\/\/archiv.siov.sk\/?s={search_term_string}"},"query-input":{"@type":"PropertyValueSpecification","valueRequired":true,"valueName":"search_term_string"}}],"inLanguage":"en-GB"},{"@type":"Organization","@id":"https:\/\/archiv.siov.sk\/#organization","name":"\u0160IOV - \u0161t\u00e1tny in\u0161tit\u00fat odborn\u00e9ho vzdel\u00e1vania","url":"https:\/\/archiv.siov.sk\/","logo":{"@type":"ImageObject","inLanguage":"en-GB","@id":"https:\/\/archiv.siov.sk\/#\/schema\/logo\/image\/","url":"https:\/\/archiv.siov.sk\/wp-content\/uploads\/2024\/02\/logo-SIOV.png","contentUrl":"https:\/\/archiv.siov.sk\/wp-content\/uploads\/2024\/02\/logo-SIOV.png","width":431,"height":143,"caption":"\u0160IOV - \u0161t\u00e1tny in\u0161tit\u00fat odborn\u00e9ho vzdel\u00e1vania"},"image":{"@id":"https:\/\/archiv.siov.sk\/#\/schema\/logo\/image\/"},"sameAs":["https:\/\/www.facebook.com\/Statnyinstitutodbornehovzdelavania"]},{"@type":"Person","@id":"https:\/\/archiv.siov.sk\/#\/schema\/person\/e42d633fbd958c6a726e8834d8965e6c","name":"Katar\u00edna Kov\u00e1\u010dov\u00e1","url":"https:\/\/archiv.siov.sk\/en\/author\/katkakovacova\/"}]}},"_links":{"self":[{"href":"https:\/\/archiv.siov.sk\/en\/wp-json\/wp\/v2\/posts\/19815","targetHints":{"allow":["GET"]}}],"collection":[{"href":"https:\/\/archiv.siov.sk\/en\/wp-json\/wp\/v2\/posts"}],"about":[{"href":"https:\/\/archiv.siov.sk\/en\/wp-json\/wp\/v2\/types\/post"}],"author":[{"embeddable":true,"href":"https:\/\/archiv.siov.sk\/en\/wp-json\/wp\/v2\/users\/6"}],"replies":[{"embeddable":true,"href":"https:\/\/archiv.siov.sk\/en\/wp-json\/wp\/v2\/comments?post=19815"}],"version-history":[{"count":2,"href":"https:\/\/archiv.siov.sk\/en\/wp-json\/wp\/v2\/posts\/19815\/revisions"}],"predecessor-version":[{"id":19818,"href":"https:\/\/archiv.siov.sk\/en\/wp-json\/wp\/v2\/posts\/19815\/revisions\/19818"}],"wp:featuredmedia":[{"embeddable":true,"href":"https:\/\/archiv.siov.sk\/en\/wp-json\/wp\/v2\/media\/19817"}],"wp:attachment":[{"href":"https:\/\/archiv.siov.sk\/en\/wp-json\/wp\/v2\/media?parent=19815"}],"wp:term":[{"taxonomy":"category","embeddable":true,"href":"https:\/\/archiv.siov.sk\/en\/wp-json\/wp\/v2\/categories?post=19815"},{"taxonomy":"post_tag","embeddable":true,"href":"https:\/\/archiv.siov.sk\/en\/wp-json\/wp\/v2\/tags?post=19815"}],"curies":[{"name":"wp","href":"https:\/\/api.w.org\/{rel}","templated":true}]}}