{"id":19676,"date":"2025-06-30T11:31:57","date_gmt":"2025-06-30T09:31:57","guid":{"rendered":"https:\/\/archiv.siov.sk\/?p=19676"},"modified":"2025-06-30T11:31:57","modified_gmt":"2025-06-30T09:31:57","slug":"save-the-date-festival-zrucnosti-2025","status":"publish","type":"post","link":"https:\/\/archiv.siov.sk\/en\/save-the-date-festival-zrucnosti-2025\/","title":{"rendered":"SAVE THE DATE: Festival zru\u010dnost\u00ed 2025"},"content":{"rendered":"<p>Poz\u00fdvame v\u00e1s na 3. ro\u010dn\u00edk <strong>Festivalu zru\u010dnost\u00ed<\/strong>, ktor\u00fd sa uskuto\u010dn\u00ed <strong>v t\u00fd\u017edni od 22. do 26. septembra 2025<\/strong>. Po\u010das cel\u00e9ho t\u00fd\u017ed\u0148a sa po celom Slovensku bud\u00fa kona\u0165 podujatia venovan\u00e9 rozvoju zru\u010dnost\u00ed, inov\u00e1ci\u00e1m vo vzdel\u00e1van\u00ed a podpore celo\u017eivotn\u00e9ho u\u010denia.<\/p>\n<p>Festival je priestorom pre odborn\u00edkov, tvorcov polit\u00edk, z\u00e1stupcov verejn\u00fdch in\u0161tit\u00faci\u00ed, vzdel\u00e1vac\u00edch organiz\u00e1ci\u00ed, firiem, lektorov, \u017eiakov a v\u0161etk\u00fdch, ktor\u00ed maj\u00fa \u010do poveda\u0165 k bud\u00facnosti vzdel\u00e1vania a trhu pr\u00e1ce.<\/p>\n<p><strong>Program festivalu:<\/strong><\/p>\n<ul>\n<li><strong>22. 9. (pondelok)<\/strong> \u2013 Podujatie pre odborn\u00edkov vo vzdel\u00e1van\u00ed (Hotel Carlton, Bratislava)<\/li>\n<li><strong>23. 9. (utorok)<\/strong> \u2013 Akad\u00e9mia talentov a Trh remesiel (Nivy centrum, Bratislava)<\/li>\n<li><strong>24. 9. (streda)<\/strong> \u2013 Konferencia o kvalite vo vzdel\u00e1van\u00ed (v spolupr\u00e1ci s \u00daNMS SR)<\/li>\n<li><strong>25. 9. (\u0161tvrtok)<\/strong> \u2013 Prezent\u00e1cia zru\u010dnost\u00ed (Nivy centrum, Bratislava) + Europass na Region\u00e1lnej burze pr\u00e1ce<\/li>\n<li><strong>22. \u2013 26. 9.<\/strong> \u2013 Vzdel\u00e1vacie aktivity naprie\u010d Slovenskom<\/li>\n<\/ul>\n<p><strong>Prihlasovanie pre stredn\u00e9 odborn\u00e9 \u0161koly je spusten\u00e9<\/strong><br \/>\nFestival zru\u010dnost\u00ed 2025 je ide\u00e1lnou pr\u00edle\u017eitos\u0165ou, ako predstavi\u0165 va\u0161u \u0161kolu, jej produkty, slu\u017eby \u010di talentovan\u00fdch \u017eiakov \u0161irokej verejnosti <strong>priamo v centre Bratislavy<\/strong>.<br \/>\n<strong>D\u0148a 23. septembra 2025 v obchodnom centre NIVY<\/strong> sa \u0161koly m\u00f4\u017eu zapoji\u0165 do t\u00fdchto form\u00e1tov:<\/p>\n<ul>\n<li><strong>Akad\u00e9mia talentov (9:00 \u2013 12:00)<\/strong> \u2013 prezent\u00e1cia \u00faspe\u0161n\u00e9ho \u017eiackeho pr\u00edbehu alebo projektu na p\u00f3diu<\/li>\n<li><strong>Trh remesiel 2025 (13:00 \u2013 17:00)<\/strong> \u2013 prezent\u00e1cia alebo predaj produktov a slu\u017eieb \u0161koly v st\u00e1nkoch<\/li>\n<\/ul>\n<p>Z\u00e1ujemcovia sa m\u00f4\u017eu registrova\u0165 prostredn\u00edctvom formul\u00e1ra: <a href=\"https:\/\/forms.office.com\/e\/isXmdPAbn3\">https:\/\/forms.office.com\/e\/isXmdPAbn3<\/a><br \/>\nalebo cez QR k\u00f3d.<\/p>\n<p><img fetchpriority=\"high\" decoding=\"async\" class=\"alignnone wp-image-19680\" src=\"https:\/\/archiv.siov.sk\/wp-content\/uploads\/2025\/06\/Akademia-talentov-a-trh-remesiel.png\" alt=\"plagat_akademia_talentov_festival_zrucnosti\" width=\"522\" height=\"738\" srcset=\"https:\/\/archiv.siov.sk\/wp-content\/uploads\/2025\/06\/Akademia-talentov-a-trh-remesiel.png 1414w, https:\/\/archiv.siov.sk\/wp-content\/uploads\/2025\/06\/Akademia-talentov-a-trh-remesiel-212x300.png 212w, https:\/\/archiv.siov.sk\/wp-content\/uploads\/2025\/06\/Akademia-talentov-a-trh-remesiel-724x1024.png 724w, https:\/\/archiv.siov.sk\/wp-content\/uploads\/2025\/06\/Akademia-talentov-a-trh-remesiel-768x1086.png 768w, https:\/\/archiv.siov.sk\/wp-content\/uploads\/2025\/06\/Akademia-talentov-a-trh-remesiel-1086x1536.png 1086w, https:\/\/archiv.siov.sk\/wp-content\/uploads\/2025\/06\/Akademia-talentov-a-trh-remesiel-8x12.png 8w\" sizes=\"(max-width: 522px) 100vw, 522px\" \/><\/p>\n<p>&nbsp;<\/p>","protected":false},"excerpt":{"rendered":"<p>Poz\u00fdvame v\u00e1s na 3. ro\u010dn\u00edk Festivalu zru\u010dnost\u00ed, ktor\u00fd sa uskuto\u010dn\u00ed v t\u00fd\u017edni od 22. do 26. septembra 2025. Po\u010das cel\u00e9ho t\u00fd\u017ed\u0148a sa po celom Slovensku bud\u00fa kona\u0165 podujatia venovan\u00e9 rozvoju zru\u010dnost\u00ed, inov\u00e1ci\u00e1m vo vzdel\u00e1van\u00ed a podpore celo\u017eivotn\u00e9ho u\u010denia. Festival je priestorom pre odborn\u00edkov, tvorcov polit\u00edk, z\u00e1stupcov verejn\u00fdch in\u0161tit\u00faci\u00ed, vzdel\u00e1vac\u00edch organiz\u00e1ci\u00ed, firiem, lektorov, \u017eiakov a v\u0161etk\u00fdch, [&hellip;]<\/p>\n","protected":false},"author":10,"featured_media":19677,"comment_status":"closed","ping_status":"closed","sticky":false,"template":"","format":"standard","meta":{"site-sidebar-layout":"default","site-content-layout":"","ast-site-content-layout":"default","site-content-style":"default","site-sidebar-style":"default","ast-global-header-display":"","ast-banner-title-visibility":"","ast-main-header-display":"","ast-hfb-above-header-display":"","ast-hfb-below-header-display":"","ast-hfb-mobile-header-display":"","site-post-title":"","ast-breadcrumbs-content":"","ast-featured-img":"","footer-sml-layout":"","ast-disable-related-posts":"","theme-transparent-header-meta":"default","adv-header-id-meta":"","stick-header-meta":"default","header-above-stick-meta":"","header-main-stick-meta":"","header-below-stick-meta":"","astra-migrate-meta-layouts":"set","ast-page-background-enabled":"default","ast-page-background-meta":{"desktop":{"background-color":"var(--ast-global-color-4)","background-image":"","background-repeat":"repeat","background-position":"center center","background-size":"auto","background-attachment":"scroll","background-type":"","background-media":"","overlay-type":"","overlay-color":"","overlay-opacity":"","overlay-gradient":""},"tablet":{"background-color":"","background-image":"","background-repeat":"repeat","background-position":"center center","background-size":"auto","background-attachment":"scroll","background-type":"","background-media":"","overlay-type":"","overlay-color":"","overlay-opacity":"","overlay-gradient":""},"mobile":{"background-color":"","background-image":"","background-repeat":"repeat","background-position":"center center","background-size":"auto","background-attachment":"scroll","background-type":"","background-media":"","overlay-type":"","overlay-color":"","overlay-opacity":"","overlay-gradient":""}},"ast-content-background-meta":{"desktop":{"background-color":"var(--ast-global-color-5)","background-image":"","background-repeat":"repeat","background-position":"center center","background-size":"auto","background-attachment":"scroll","background-type":"","background-media":"","overlay-type":"","overlay-color":"","overlay-opacity":"","overlay-gradient":""},"tablet":{"background-color":"var(--ast-global-color-5)","background-image":"","background-repeat":"repeat","background-position":"center center","background-size":"auto","background-attachment":"scroll","background-type":"","background-media":"","overlay-type":"","overlay-color":"","overlay-opacity":"","overlay-gradient":""},"mobile":{"background-color":"var(--ast-global-color-5)","background-image":"","background-repeat":"repeat","background-position":"center center","background-size":"auto","background-attachment":"scroll","background-type":"","background-media":"","overlay-type":"","overlay-color":"","overlay-opacity":"","overlay-gradient":""}},"footnotes":""},"categories":[1],"tags":[],"class_list":["post-19676","post","type-post","status-publish","format-standard","has-post-thumbnail","hentry","category-aktuality"],"yoast_head":"<!-- This site is optimized with the Yoast SEO plugin v27.5 - https:\/\/yoast.com\/product\/yoast-seo-wordpress\/ -->\n<title>SAVE THE DATE: Festival zru\u010dnost\u00ed 2025 - \u0160IOV - \u0161t\u00e1tny in\u0161tit\u00fat odborn\u00e9ho vzdel\u00e1vania<\/title>\n<meta name=\"robots\" content=\"index, follow, max-snippet:-1, max-image-preview:large, max-video-preview:-1\" \/>\n<link rel=\"canonical\" href=\"https:\/\/archiv.siov.sk\/en\/save-the-date-festival-zrucnosti-2025\/\" \/>\n<meta property=\"og:locale\" content=\"en_GB\" \/>\n<meta property=\"og:type\" content=\"article\" \/>\n<meta property=\"og:title\" content=\"SAVE THE DATE: Festival zru\u010dnost\u00ed 2025 - \u0160IOV - \u0161t\u00e1tny in\u0161tit\u00fat odborn\u00e9ho vzdel\u00e1vania\" \/>\n<meta property=\"og:description\" content=\"Poz\u00fdvame v\u00e1s na 3. ro\u010dn\u00edk Festivalu zru\u010dnost\u00ed, ktor\u00fd sa uskuto\u010dn\u00ed v t\u00fd\u017edni od 22. do 26. septembra 2025. Po\u010das cel\u00e9ho t\u00fd\u017ed\u0148a sa po celom Slovensku bud\u00fa kona\u0165 podujatia venovan\u00e9 rozvoju zru\u010dnost\u00ed, inov\u00e1ci\u00e1m vo vzdel\u00e1van\u00ed a podpore celo\u017eivotn\u00e9ho u\u010denia. Festival je priestorom pre odborn\u00edkov, tvorcov polit\u00edk, z\u00e1stupcov verejn\u00fdch in\u0161tit\u00faci\u00ed, vzdel\u00e1vac\u00edch organiz\u00e1ci\u00ed, firiem, lektorov, \u017eiakov a v\u0161etk\u00fdch, [&hellip;]\" \/>\n<meta property=\"og:url\" content=\"https:\/\/archiv.siov.sk\/en\/save-the-date-festival-zrucnosti-2025\/\" \/>\n<meta property=\"og:site_name\" content=\"\u0160IOV - \u0161t\u00e1tny in\u0161tit\u00fat odborn\u00e9ho vzdel\u00e1vania\" \/>\n<meta property=\"article:publisher\" content=\"https:\/\/www.facebook.com\/Statnyinstitutodbornehovzdelavania\" \/>\n<meta property=\"article:published_time\" content=\"2025-06-30T09:31:57+00:00\" \/>\n<meta property=\"og:image\" content=\"https:\/\/archiv.siov.sk\/wp-content\/uploads\/2025\/06\/2025.png\" \/>\n\t<meta property=\"og:image:width\" content=\"600\" \/>\n\t<meta property=\"og:image:height\" content=\"200\" \/>\n\t<meta property=\"og:image:type\" content=\"image\/png\" \/>\n<meta name=\"author\" content=\"Gabriela Budayov\u00e1\" \/>\n<meta name=\"twitter:card\" content=\"summary_large_image\" \/>\n<meta name=\"twitter:label1\" content=\"Written by\" \/>\n\t<meta name=\"twitter:data1\" content=\"Gabriela Budayov\u00e1\" \/>\n\t<meta name=\"twitter:label2\" content=\"Estimated reading time\" \/>\n\t<meta name=\"twitter:data2\" content=\"2 minutes\" \/>\n<script type=\"application\/ld+json\" class=\"yoast-schema-graph\">{\"@context\":\"https:\\\/\\\/schema.org\",\"@graph\":[{\"@type\":\"Article\",\"@id\":\"https:\\\/\\\/archiv.siov.sk\\\/save-the-date-festival-zrucnosti-2025\\\/#article\",\"isPartOf\":{\"@id\":\"https:\\\/\\\/archiv.siov.sk\\\/save-the-date-festival-zrucnosti-2025\\\/\"},\"author\":{\"name\":\"Gabriela Budayov\u00e1\",\"@id\":\"https:\\\/\\\/archiv.siov.sk\\\/#\\\/schema\\\/person\\\/2d35146a9c0fa51b027e8ff319cee627\"},\"headline\":\"SAVE THE DATE: Festival zru\u010dnost\u00ed 2025\",\"datePublished\":\"2025-06-30T09:31:57+00:00\",\"mainEntityOfPage\":{\"@id\":\"https:\\\/\\\/archiv.siov.sk\\\/save-the-date-festival-zrucnosti-2025\\\/\"},\"wordCount\":260,\"publisher\":{\"@id\":\"https:\\\/\\\/archiv.siov.sk\\\/#organization\"},\"image\":{\"@id\":\"https:\\\/\\\/archiv.siov.sk\\\/save-the-date-festival-zrucnosti-2025\\\/#primaryimage\"},\"thumbnailUrl\":\"https:\\\/\\\/archiv.siov.sk\\\/wp-content\\\/uploads\\\/2025\\\/06\\\/2025.png\",\"articleSection\":[\"Aktuality\"],\"inLanguage\":\"en-GB\"},{\"@type\":\"WebPage\",\"@id\":\"https:\\\/\\\/archiv.siov.sk\\\/save-the-date-festival-zrucnosti-2025\\\/\",\"url\":\"https:\\\/\\\/archiv.siov.sk\\\/save-the-date-festival-zrucnosti-2025\\\/\",\"name\":\"SAVE THE DATE: Festival zru\u010dnost\u00ed 2025 - \u0160IOV - \u0161t\u00e1tny in\u0161tit\u00fat odborn\u00e9ho vzdel\u00e1vania\",\"isPartOf\":{\"@id\":\"https:\\\/\\\/archiv.siov.sk\\\/#website\"},\"primaryImageOfPage\":{\"@id\":\"https:\\\/\\\/archiv.siov.sk\\\/save-the-date-festival-zrucnosti-2025\\\/#primaryimage\"},\"image\":{\"@id\":\"https:\\\/\\\/archiv.siov.sk\\\/save-the-date-festival-zrucnosti-2025\\\/#primaryimage\"},\"thumbnailUrl\":\"https:\\\/\\\/archiv.siov.sk\\\/wp-content\\\/uploads\\\/2025\\\/06\\\/2025.png\",\"datePublished\":\"2025-06-30T09:31:57+00:00\",\"breadcrumb\":{\"@id\":\"https:\\\/\\\/archiv.siov.sk\\\/save-the-date-festival-zrucnosti-2025\\\/#breadcrumb\"},\"inLanguage\":\"en-GB\",\"potentialAction\":[{\"@type\":\"ReadAction\",\"target\":[\"https:\\\/\\\/archiv.siov.sk\\\/save-the-date-festival-zrucnosti-2025\\\/\"]}]},{\"@type\":\"ImageObject\",\"inLanguage\":\"en-GB\",\"@id\":\"https:\\\/\\\/archiv.siov.sk\\\/save-the-date-festival-zrucnosti-2025\\\/#primaryimage\",\"url\":\"https:\\\/\\\/archiv.siov.sk\\\/wp-content\\\/uploads\\\/2025\\\/06\\\/2025.png\",\"contentUrl\":\"https:\\\/\\\/archiv.siov.sk\\\/wp-content\\\/uploads\\\/2025\\\/06\\\/2025.png\",\"width\":600,\"height\":200,\"caption\":\"banner_festival_zrucnosti\"},{\"@type\":\"BreadcrumbList\",\"@id\":\"https:\\\/\\\/archiv.siov.sk\\\/save-the-date-festival-zrucnosti-2025\\\/#breadcrumb\",\"itemListElement\":[{\"@type\":\"ListItem\",\"position\":1,\"name\":\"Home\",\"item\":\"https:\\\/\\\/archiv.siov.sk\\\/\"},{\"@type\":\"ListItem\",\"position\":2,\"name\":\"SAVE THE DATE: Festival zru\u010dnost\u00ed 2025\"}]},{\"@type\":\"WebSite\",\"@id\":\"https:\\\/\\\/archiv.siov.sk\\\/#website\",\"url\":\"https:\\\/\\\/archiv.siov.sk\\\/\",\"name\":\"\u0160IOV - \u0161t\u00e1tny in\u0161tit\u00fat odborn\u00e9ho vzdel\u00e1vania\",\"description\":\"\",\"publisher\":{\"@id\":\"https:\\\/\\\/archiv.siov.sk\\\/#organization\"},\"potentialAction\":[{\"@type\":\"SearchAction\",\"target\":{\"@type\":\"EntryPoint\",\"urlTemplate\":\"https:\\\/\\\/archiv.siov.sk\\\/?s={search_term_string}\"},\"query-input\":{\"@type\":\"PropertyValueSpecification\",\"valueRequired\":true,\"valueName\":\"search_term_string\"}}],\"inLanguage\":\"en-GB\"},{\"@type\":\"Organization\",\"@id\":\"https:\\\/\\\/archiv.siov.sk\\\/#organization\",\"name\":\"\u0160IOV - \u0161t\u00e1tny in\u0161tit\u00fat odborn\u00e9ho vzdel\u00e1vania\",\"url\":\"https:\\\/\\\/archiv.siov.sk\\\/\",\"logo\":{\"@type\":\"ImageObject\",\"inLanguage\":\"en-GB\",\"@id\":\"https:\\\/\\\/archiv.siov.sk\\\/#\\\/schema\\\/logo\\\/image\\\/\",\"url\":\"https:\\\/\\\/archiv.siov.sk\\\/wp-content\\\/uploads\\\/2024\\\/02\\\/logo-SIOV.png\",\"contentUrl\":\"https:\\\/\\\/archiv.siov.sk\\\/wp-content\\\/uploads\\\/2024\\\/02\\\/logo-SIOV.png\",\"width\":431,\"height\":143,\"caption\":\"\u0160IOV - \u0161t\u00e1tny in\u0161tit\u00fat odborn\u00e9ho vzdel\u00e1vania\"},\"image\":{\"@id\":\"https:\\\/\\\/archiv.siov.sk\\\/#\\\/schema\\\/logo\\\/image\\\/\"},\"sameAs\":[\"https:\\\/\\\/www.facebook.com\\\/Statnyinstitutodbornehovzdelavania\"]},{\"@type\":\"Person\",\"@id\":\"https:\\\/\\\/archiv.siov.sk\\\/#\\\/schema\\\/person\\\/2d35146a9c0fa51b027e8ff319cee627\",\"name\":\"Gabriela Budayov\u00e1\",\"url\":\"https:\\\/\\\/archiv.siov.sk\\\/en\\\/author\\\/gabriela-budayova\\\/\"}]}<\/script>\n<!-- \/ Yoast SEO plugin. -->","yoast_head_json":{"title":"SAVE THE DATE: Festival zru\u010dnost\u00ed 2025 - \u0160IOV - \u0161t\u00e1tny in\u0161tit\u00fat odborn\u00e9ho vzdel\u00e1vania","robots":{"index":"index","follow":"follow","max-snippet":"max-snippet:-1","max-image-preview":"max-image-preview:large","max-video-preview":"max-video-preview:-1"},"canonical":"https:\/\/archiv.siov.sk\/en\/save-the-date-festival-zrucnosti-2025\/","og_locale":"en_GB","og_type":"article","og_title":"SAVE THE DATE: Festival zru\u010dnost\u00ed 2025 - \u0160IOV - \u0161t\u00e1tny in\u0161tit\u00fat odborn\u00e9ho vzdel\u00e1vania","og_description":"Poz\u00fdvame v\u00e1s na 3. ro\u010dn\u00edk Festivalu zru\u010dnost\u00ed, ktor\u00fd sa uskuto\u010dn\u00ed v t\u00fd\u017edni od 22. do 26. septembra 2025. Po\u010das cel\u00e9ho t\u00fd\u017ed\u0148a sa po celom Slovensku bud\u00fa kona\u0165 podujatia venovan\u00e9 rozvoju zru\u010dnost\u00ed, inov\u00e1ci\u00e1m vo vzdel\u00e1van\u00ed a podpore celo\u017eivotn\u00e9ho u\u010denia. Festival je priestorom pre odborn\u00edkov, tvorcov polit\u00edk, z\u00e1stupcov verejn\u00fdch in\u0161tit\u00faci\u00ed, vzdel\u00e1vac\u00edch organiz\u00e1ci\u00ed, firiem, lektorov, \u017eiakov a v\u0161etk\u00fdch, [&hellip;]","og_url":"https:\/\/archiv.siov.sk\/en\/save-the-date-festival-zrucnosti-2025\/","og_site_name":"\u0160IOV - \u0161t\u00e1tny in\u0161tit\u00fat odborn\u00e9ho vzdel\u00e1vania","article_publisher":"https:\/\/www.facebook.com\/Statnyinstitutodbornehovzdelavania","article_published_time":"2025-06-30T09:31:57+00:00","og_image":[{"width":600,"height":200,"url":"https:\/\/archiv.siov.sk\/wp-content\/uploads\/2025\/06\/2025.png","type":"image\/png"}],"author":"Gabriela Budayov\u00e1","twitter_card":"summary_large_image","twitter_misc":{"Written by":"Gabriela Budayov\u00e1","Estimated reading time":"2 minutes"},"schema":{"@context":"https:\/\/schema.org","@graph":[{"@type":"Article","@id":"https:\/\/archiv.siov.sk\/save-the-date-festival-zrucnosti-2025\/#article","isPartOf":{"@id":"https:\/\/archiv.siov.sk\/save-the-date-festival-zrucnosti-2025\/"},"author":{"name":"Gabriela Budayov\u00e1","@id":"https:\/\/archiv.siov.sk\/#\/schema\/person\/2d35146a9c0fa51b027e8ff319cee627"},"headline":"SAVE THE DATE: Festival zru\u010dnost\u00ed 2025","datePublished":"2025-06-30T09:31:57+00:00","mainEntityOfPage":{"@id":"https:\/\/archiv.siov.sk\/save-the-date-festival-zrucnosti-2025\/"},"wordCount":260,"publisher":{"@id":"https:\/\/archiv.siov.sk\/#organization"},"image":{"@id":"https:\/\/archiv.siov.sk\/save-the-date-festival-zrucnosti-2025\/#primaryimage"},"thumbnailUrl":"https:\/\/archiv.siov.sk\/wp-content\/uploads\/2025\/06\/2025.png","articleSection":["Aktuality"],"inLanguage":"en-GB"},{"@type":"WebPage","@id":"https:\/\/archiv.siov.sk\/save-the-date-festival-zrucnosti-2025\/","url":"https:\/\/archiv.siov.sk\/save-the-date-festival-zrucnosti-2025\/","name":"SAVE THE DATE: Festival zru\u010dnost\u00ed 2025 - \u0160IOV - \u0161t\u00e1tny in\u0161tit\u00fat odborn\u00e9ho vzdel\u00e1vania","isPartOf":{"@id":"https:\/\/archiv.siov.sk\/#website"},"primaryImageOfPage":{"@id":"https:\/\/archiv.siov.sk\/save-the-date-festival-zrucnosti-2025\/#primaryimage"},"image":{"@id":"https:\/\/archiv.siov.sk\/save-the-date-festival-zrucnosti-2025\/#primaryimage"},"thumbnailUrl":"https:\/\/archiv.siov.sk\/wp-content\/uploads\/2025\/06\/2025.png","datePublished":"2025-06-30T09:31:57+00:00","breadcrumb":{"@id":"https:\/\/archiv.siov.sk\/save-the-date-festival-zrucnosti-2025\/#breadcrumb"},"inLanguage":"en-GB","potentialAction":[{"@type":"ReadAction","target":["https:\/\/archiv.siov.sk\/save-the-date-festival-zrucnosti-2025\/"]}]},{"@type":"ImageObject","inLanguage":"en-GB","@id":"https:\/\/archiv.siov.sk\/save-the-date-festival-zrucnosti-2025\/#primaryimage","url":"https:\/\/archiv.siov.sk\/wp-content\/uploads\/2025\/06\/2025.png","contentUrl":"https:\/\/archiv.siov.sk\/wp-content\/uploads\/2025\/06\/2025.png","width":600,"height":200,"caption":"banner_festival_zrucnosti"},{"@type":"BreadcrumbList","@id":"https:\/\/archiv.siov.sk\/save-the-date-festival-zrucnosti-2025\/#breadcrumb","itemListElement":[{"@type":"ListItem","position":1,"name":"Home","item":"https:\/\/archiv.siov.sk\/"},{"@type":"ListItem","position":2,"name":"SAVE THE DATE: Festival zru\u010dnost\u00ed 2025"}]},{"@type":"WebSite","@id":"https:\/\/archiv.siov.sk\/#website","url":"https:\/\/archiv.siov.sk\/","name":"\u0160IOV - \u0161t\u00e1tny in\u0161tit\u00fat odborn\u00e9ho vzdel\u00e1vania","description":"","publisher":{"@id":"https:\/\/archiv.siov.sk\/#organization"},"potentialAction":[{"@type":"SearchAction","target":{"@type":"EntryPoint","urlTemplate":"https:\/\/archiv.siov.sk\/?s={search_term_string}"},"query-input":{"@type":"PropertyValueSpecification","valueRequired":true,"valueName":"search_term_string"}}],"inLanguage":"en-GB"},{"@type":"Organization","@id":"https:\/\/archiv.siov.sk\/#organization","name":"\u0160IOV - \u0161t\u00e1tny in\u0161tit\u00fat odborn\u00e9ho vzdel\u00e1vania","url":"https:\/\/archiv.siov.sk\/","logo":{"@type":"ImageObject","inLanguage":"en-GB","@id":"https:\/\/archiv.siov.sk\/#\/schema\/logo\/image\/","url":"https:\/\/archiv.siov.sk\/wp-content\/uploads\/2024\/02\/logo-SIOV.png","contentUrl":"https:\/\/archiv.siov.sk\/wp-content\/uploads\/2024\/02\/logo-SIOV.png","width":431,"height":143,"caption":"\u0160IOV - \u0161t\u00e1tny in\u0161tit\u00fat odborn\u00e9ho vzdel\u00e1vania"},"image":{"@id":"https:\/\/archiv.siov.sk\/#\/schema\/logo\/image\/"},"sameAs":["https:\/\/www.facebook.com\/Statnyinstitutodbornehovzdelavania"]},{"@type":"Person","@id":"https:\/\/archiv.siov.sk\/#\/schema\/person\/2d35146a9c0fa51b027e8ff319cee627","name":"Gabriela Budayov\u00e1","url":"https:\/\/archiv.siov.sk\/en\/author\/gabriela-budayova\/"}]}},"_links":{"self":[{"href":"https:\/\/archiv.siov.sk\/en\/wp-json\/wp\/v2\/posts\/19676","targetHints":{"allow":["GET"]}}],"collection":[{"href":"https:\/\/archiv.siov.sk\/en\/wp-json\/wp\/v2\/posts"}],"about":[{"href":"https:\/\/archiv.siov.sk\/en\/wp-json\/wp\/v2\/types\/post"}],"author":[{"embeddable":true,"href":"https:\/\/archiv.siov.sk\/en\/wp-json\/wp\/v2\/users\/10"}],"replies":[{"embeddable":true,"href":"https:\/\/archiv.siov.sk\/en\/wp-json\/wp\/v2\/comments?post=19676"}],"version-history":[{"count":2,"href":"https:\/\/archiv.siov.sk\/en\/wp-json\/wp\/v2\/posts\/19676\/revisions"}],"predecessor-version":[{"id":19681,"href":"https:\/\/archiv.siov.sk\/en\/wp-json\/wp\/v2\/posts\/19676\/revisions\/19681"}],"wp:featuredmedia":[{"embeddable":true,"href":"https:\/\/archiv.siov.sk\/en\/wp-json\/wp\/v2\/media\/19677"}],"wp:attachment":[{"href":"https:\/\/archiv.siov.sk\/en\/wp-json\/wp\/v2\/media?parent=19676"}],"wp:term":[{"taxonomy":"category","embeddable":true,"href":"https:\/\/archiv.siov.sk\/en\/wp-json\/wp\/v2\/categories?post=19676"},{"taxonomy":"post_tag","embeddable":true,"href":"https:\/\/archiv.siov.sk\/en\/wp-json\/wp\/v2\/tags?post=19676"}],"curies":[{"name":"wp","href":"https:\/\/api.w.org\/{rel}","templated":true}]}}