{"id":19388,"date":"2024-10-14T08:21:13","date_gmt":"2024-10-14T06:21:13","guid":{"rendered":"https:\/\/archiv.siov.sk\/?p=19388"},"modified":"2025-06-13T08:59:03","modified_gmt":"2025-06-13T06:59:03","slug":"zahranicna-mobilita-erasmus-v-benatkach","status":"publish","type":"post","link":"https:\/\/archiv.siov.sk\/en\/zahranicna-mobilita-erasmus-v-benatkach\/","title":{"rendered":"Zahrani\u010dn\u00e1 mobilita Erasmus+ v Ben\u00e1tkach"},"content":{"rendered":"<div data-elementor-type=\"wp-post\" data-elementor-id=\"19388\" class=\"elementor elementor-19388\" data-elementor-post-type=\"post\">\n\t\t\t\t<div class=\"elementor-element elementor-element-3d93270 e-flex e-con-boxed e-con e-parent\" data-id=\"3d93270\" data-element_type=\"container\" data-e-type=\"container\">\n\t\t\t\t\t<div class=\"e-con-inner\">\n\t\t\t\t<div class=\"elementor-element elementor-element-bce3493 elementor-widget elementor-widget-text-editor\" data-id=\"bce3493\" data-element_type=\"widget\" data-e-type=\"widget\" data-widget_type=\"text-editor.default\">\n\t\t\t\t<div class=\"elementor-widget-container\">\n\t\t\t\t\t\t\t\t\t<h4>Cesta za kvalitn\u00fdm odborn\u00fdm vzdel\u00e1van\u00edm<\/h4><p>V d\u0148och 10. a 11. okt\u00f3bra 2024 sme mali v r\u00e1mci programu Erasmus+ jedine\u010dn\u00fa pr\u00edle\u017eitos\u0165 z\u00fa\u010dastni\u0165 sa zahrani\u010dnej mobility v malebnom prostred\u00ed Ben\u00e1tok. Na\u0161a n\u00e1v\u0161teva nebola len o obdivovan\u00ed hist\u00f3rie tohto jedine\u010dn\u00e9ho mesta, ale predov\u0161etk\u00fdm o z\u00edskan\u00ed hlb\u0161\u00edch znalost\u00ed o talianskom syst\u00e9me odborn\u00e9ho vzdel\u00e1vania a pr\u00edle\u017eitostiach, ktor\u00e9 pon\u00faka.<\/p><h4>Ben\u00e1tky ako centrum vzdel\u00e1vacieho syst\u00e9mu\u00a0<\/h4><p>Prv\u00fdm cie\u013eom na\u0161ej cesty bolo\u00a0<strong>Palazzo Grandi Stazioni<\/strong>, kde n\u00e1s priv\u00edtal t\u00edm EQAVET s ved\u00facim oddelenia pl\u00e1novania odborn\u00e9ho vzdel\u00e1vania pre Ben\u00e1tsky regi\u00f3n, <strong>Fabiom Meninom<\/strong>. Dozvedeli sme sa, \u017ee odborn\u00e9 vzdel\u00e1vanie v tomto regi\u00f3ne je \u0161trukt\u00farovan\u00e9 do 4-f\u00e1zov\u00e9ho modelu. Tento syst\u00e9m pon\u00faka \u0161tudijn\u00e9 programy od troch do piatich rokov, pri\u010dom p\u00e4\u0165ro\u010dn\u00e9 programy pripravuj\u00fa \u0161tudentov na vysoko\u0161kolsk\u00e9 \u0161t\u00fadium. Ben\u00e1tsky regi\u00f3n m\u00e1 <strong>53 poskytovate\u013eov odborn\u00e9ho vzdel\u00e1vania<\/strong>\u00a0a jeho syst\u00e9m zah\u0155\u0148a pribli\u017ene\u00a0<strong>21 000 \u017eiakov<\/strong>. V\u00e4\u010d\u0161ina poskytovate\u013eov s\u00fa in\u0161tit\u00facie s\u00a0dlhoro\u010dnou hist\u00f3riou a bohatou trad\u00edciou.<\/p><h4>K\u013e\u00fa\u010dov\u00e9 faktory odborn\u00e9ho vzdel\u00e1vania<\/h4><p>Syst\u00e9m odborn\u00e9ho vzdel\u00e1vania v ben\u00e1tskom regi\u00f3ne sa riadi \u0161tyrmi k\u013e\u00fa\u010dov\u00fdmi princ\u00edpmi:<\/p><ul><li>D\u00f4le\u017eit\u00fd je\u00a0<strong>dial\u00f3g medzi regi\u00f3nom a pracovn\u00fdm trhom<\/strong>. \u0160kolsk\u00fd \u00farad pravidelne komunikuje s poskytovate\u013emi odborn\u00e9ho vzdel\u00e1vania, aby zabezpe\u010dil, \u017ee \u0161tudenti bud\u00fa pripraven\u00ed na re\u00e1lne potreby trhu pr\u00e1ce.<\/li><li><strong>Vz\u0165ah medzi s\u00fakromn\u00fdmi a \u0161t\u00e1tnymi in\u0161tit\u00faciami<\/strong>\u00a0je rovnocenn\u00fd, \u010do umo\u017e\u0148uje efekt\u00edvnu spolupr\u00e1cu medzi r\u00f4znymi typmi vzdel\u00e1vac\u00edch poskytovate\u013eov.<\/li><li>D\u00f4raz je kladen\u00fd na\u00a0<strong>rozv\u00edjanie m\u00e4kk\u00fdch zru\u010dnost\u00ed<\/strong>, ktor\u00e9 s\u00fa dnes neodmyslite\u013enou s\u00fa\u010das\u0165ou \u00faspe\u0161n\u00e9ho kari\u00e9rneho rastu.<\/li><li><strong>Celo\u017eivotn\u00e9 vzdel\u00e1vanie<\/strong>\u00a0je pova\u017eovan\u00e9 za k\u013e\u00fa\u010d k region\u00e1lnemu rastu a inov\u00e1ci\u00e1m. Z\u00edskavanie vedomost\u00ed nie je len povinnos\u0165ou \u017eiakov, ale aj sp\u00f4sobom, ako podporova\u0165 dlhodob\u00fd rozvoj celej komunity.<\/li><\/ul><h4>Akredita\u010dn\u00e9 procesy a kvalita vzdel\u00e1vania<\/h4><p>V druhej \u010dasti d\u0148a sme sa venovali akredita\u010dn\u00fdm procesom pre poskytovate\u013eov odborn\u00e9ho vzdel\u00e1vania, ktor\u00e9 boli detailne prezentovan\u00e9 na\u0161imi talianskymi kolegami. Zistili sme, ako taliansky syst\u00e9m akredit\u00e1cie garantuje kvalitu vzdel\u00e1vac\u00edch in\u0161tit\u00faci\u00ed. Tento syst\u00e9m prispieva k prepojeniu te\u00f3rie s praxou, \u010d\u00edm umo\u017e\u0148uje, aby \u0161koly lep\u0161ie reflektovali po\u017eiadavky pracovn\u00e9ho trhu.<\/p><p>De\u0148 sme zakon\u010dili prehliadkou historick\u00e9ho Palazzo Balbi, s\u00eddla region\u00e1lnej vl\u00e1dy. T\u00e1to budova je centrom rozhodovania pre odborn\u00e9 vzdel\u00e1vanie a region\u00e1lny rozvoj, \u010do n\u00e1m poskytlo jedine\u010dn\u00fd poh\u013ead na to, ako miestna samospr\u00e1va ovplyv\u0148uje vzdel\u00e1vacie politiky.<\/p><h4>Sk\u00famanie vzdel\u00e1vac\u00edch in\u0161tit\u00faci\u00ed a miestnych \u0161pecif\u00edk<\/h4><p>Druh\u00fd de\u0148 na\u0161ej mobility sme za\u010dali prehliadkou historick\u00e9ho centra Ben\u00e1tok, ktor\u00e1 n\u00e1s o\u010darila svojou atmosf\u00e9rou a kult\u00farnym dedi\u010dstvom. Nasledovala n\u00e1v\u0161teva\u00a0<strong>VET centra ENGIM VENETO<\/strong>, kde n\u00e1m jeho riadite\u013eka,\u00a0<strong>Valeria Gaggiato<\/strong>, predstavila fungovanie \u0161koly. Videli sme, ako \u0161kola \u00faspe\u0161ne integruje aktu\u00e1lne potreby trhu pr\u00e1ce do svojich u\u010debn\u00fdch pl\u00e1nov, pri\u010dom reflektuje aj \u0161pecifik\u00e1 ben\u00e1tskeho regi\u00f3nu \u2013 predov\u0161etk\u00fdm jeho siln\u00e9 turistick\u00e9 zameranie.<\/p><p>\u0160tudenti tejto \u0161koly sa okrem tradi\u010dn\u00fdch odborn\u00fdch discipl\u00edn zameriavaj\u00fa aj na pozn\u00e1vanie regi\u00f3nu, \u010do im umo\u017e\u0148uje lep\u0161ie porozumie\u0165 jeho jedine\u010dnosti a nesk\u00f4r tieto vedomosti uplatni\u0165 vo svojom profesijnom \u017eivote, najm\u00e4 v oblasti turizmu a region\u00e1lneho rozvoja.<\/p><h4>In\u0161pir\u00e1cie pre bud\u00facnos\u0165<\/h4><p>Na\u0161a zahrani\u010dn\u00e1 mobilita v Ben\u00e1tkach splnila o\u010dak\u00e1vania vo v\u0161etk\u00fdch oh\u013eadoch. Bolo pre n\u00e1s nesmierne pr\u00ednosn\u00e9 vidie\u0165, ako m\u00f4\u017ee by\u0165 odborn\u00e9 vzdel\u00e1vanie efekt\u00edvne prepojen\u00e9 s trhom pr\u00e1ce, region\u00e1lnymi \u0161pecifikami a potrebami bud\u00facich zamestn\u00e1vate\u013eov. T\u00e1to sk\u00fasenos\u0165 n\u00e1m poskytla cenn\u00e9 in\u0161pir\u00e1cie, ktor\u00e9 ur\u010dite vyu\u017eijeme aj v na\u0161ich dom\u00e1cich projektoch a iniciat\u00edvach.<\/p>\t\t\t\t\t\t\t\t<\/div>\n\t\t\t\t<\/div>\n\t\t\t\t\t<\/div>\n\t\t\t\t<\/div>\n\t\t<div class=\"elementor-element elementor-element-34ff6f7 e-flex e-con-boxed e-con e-parent\" data-id=\"34ff6f7\" data-element_type=\"container\" data-e-type=\"container\">\n\t\t\t\t\t<div class=\"e-con-inner\">\n\t\t\t\t<div class=\"elementor-element elementor-element-f9eb16e elementor-widget elementor-widget-gallery\" data-id=\"f9eb16e\" data-element_type=\"widget\" data-e-type=\"widget\" data-settings=\"{&quot;lazyload&quot;:&quot;yes&quot;,&quot;gallery_layout&quot;:&quot;grid&quot;,&quot;columns&quot;:4,&quot;columns_tablet&quot;:2,&quot;columns_mobile&quot;:1,&quot;gap&quot;:{&quot;unit&quot;:&quot;px&quot;,&quot;size&quot;:10,&quot;sizes&quot;:[]},&quot;gap_tablet&quot;:{&quot;unit&quot;:&quot;px&quot;,&quot;size&quot;:10,&quot;sizes&quot;:[]},&quot;gap_mobile&quot;:{&quot;unit&quot;:&quot;px&quot;,&quot;size&quot;:10,&quot;sizes&quot;:[]},&quot;link_to&quot;:&quot;file&quot;,&quot;aspect_ratio&quot;:&quot;3:2&quot;,&quot;overlay_background&quot;:&quot;yes&quot;,&quot;content_hover_animation&quot;:&quot;fade-in&quot;}\" data-widget_type=\"gallery.default\">\n\t\t\t\t<div class=\"elementor-widget-container\">\n\t\t\t\t\t\t\t<div class=\"elementor-gallery__container\">\n\t\t\t\t\t\t\t<a class=\"e-gallery-item elementor-gallery-item elementor-animated-content\" href=\"https:\/\/archiv.siov.sk\/wp-content\/uploads\/2025\/06\/mobilita_benatky_10.-11.10.2024-9.jpg\" data-elementor-open-lightbox=\"yes\" data-elementor-lightbox-slideshow=\"f9eb16e\" data-elementor-lightbox-title=\"mobilita_benatky_10.-11.10.2024 (9)\" data-e-action-hash=\"#elementor-action%3Aaction%3Dlightbox%26settings%3DeyJpZCI6MTkzODksInVybCI6Imh0dHBzOlwvXC9hcmNoaXYuc2lvdi5za1wvd3AtY29udGVudFwvdXBsb2Fkc1wvMjAyNVwvMDZcL21vYmlsaXRhX2JlbmF0a3lfMTAuLTExLjEwLjIwMjQtOS5qcGciLCJzbGlkZXNob3ciOiJmOWViMTZlIn0%3D\">\n\t\t\t\t\t<div class=\"e-gallery-image elementor-gallery-item__image\" data-thumbnail=\"https:\/\/archiv.siov.sk\/wp-content\/uploads\/2025\/06\/mobilita_benatky_10.-11.10.2024-9-225x300.jpg\" data-width=\"225\" data-height=\"300\" aria-label=\"erasmus zahranicna cesta siov\" role=\"img\" ><\/div>\n\t\t\t\t\t\t\t\t\t\t\t<div class=\"elementor-gallery-item__overlay\"><\/div>\n\t\t\t\t\t\t\t\t\t\t\t\t\t\t<\/a>\n\t\t\t\t\t\t\t<a class=\"e-gallery-item elementor-gallery-item elementor-animated-content\" href=\"https:\/\/archiv.siov.sk\/wp-content\/uploads\/2025\/06\/mobilita_benatky_10.-11.10.2024-2.jpg\" data-elementor-open-lightbox=\"yes\" data-elementor-lightbox-slideshow=\"f9eb16e\" data-elementor-lightbox-title=\"mobilita_benatky_10.-11.10.2024 (2)\" data-e-action-hash=\"#elementor-action%3Aaction%3Dlightbox%26settings%3DeyJpZCI6MTkzOTEsInVybCI6Imh0dHBzOlwvXC9hcmNoaXYuc2lvdi5za1wvd3AtY29udGVudFwvdXBsb2Fkc1wvMjAyNVwvMDZcL21vYmlsaXRhX2JlbmF0a3lfMTAuLTExLjEwLjIwMjQtMi5qcGciLCJzbGlkZXNob3ciOiJmOWViMTZlIn0%3D\">\n\t\t\t\t\t<div class=\"e-gallery-image elementor-gallery-item__image\" data-thumbnail=\"https:\/\/archiv.siov.sk\/wp-content\/uploads\/2025\/06\/mobilita_benatky_10.-11.10.2024-2-225x300.jpg\" data-width=\"225\" data-height=\"300\" aria-label=\"\" role=\"img\" ><\/div>\n\t\t\t\t\t\t\t\t\t\t\t<div class=\"elementor-gallery-item__overlay\"><\/div>\n\t\t\t\t\t\t\t\t\t\t\t\t\t\t<\/a>\n\t\t\t\t\t\t\t<a class=\"e-gallery-item elementor-gallery-item elementor-animated-content\" href=\"https:\/\/archiv.siov.sk\/wp-content\/uploads\/2025\/06\/mobilita_benatky_10.-11.10.2024-7.jpg\" data-elementor-open-lightbox=\"yes\" data-elementor-lightbox-slideshow=\"f9eb16e\" data-elementor-lightbox-title=\"mobilita_benatky_10.-11.10.2024 (7)\" data-e-action-hash=\"#elementor-action%3Aaction%3Dlightbox%26settings%3DeyJpZCI6MTkzOTIsInVybCI6Imh0dHBzOlwvXC9hcmNoaXYuc2lvdi5za1wvd3AtY29udGVudFwvdXBsb2Fkc1wvMjAyNVwvMDZcL21vYmlsaXRhX2JlbmF0a3lfMTAuLTExLjEwLjIwMjQtNy5qcGciLCJzbGlkZXNob3ciOiJmOWViMTZlIn0%3D\">\n\t\t\t\t\t<div class=\"e-gallery-image elementor-gallery-item__image\" data-thumbnail=\"https:\/\/archiv.siov.sk\/wp-content\/uploads\/2025\/06\/mobilita_benatky_10.-11.10.2024-7-169x300.jpg\" data-width=\"169\" data-height=\"300\" aria-label=\"\" role=\"img\" ><\/div>\n\t\t\t\t\t\t\t\t\t\t\t<div class=\"elementor-gallery-item__overlay\"><\/div>\n\t\t\t\t\t\t\t\t\t\t\t\t\t\t<\/a>\n\t\t\t\t\t\t\t<a class=\"e-gallery-item elementor-gallery-item elementor-animated-content\" href=\"https:\/\/archiv.siov.sk\/wp-content\/uploads\/2025\/06\/mobilita_benatky_10.-11.10.2024-8.jpg\" data-elementor-open-lightbox=\"yes\" data-elementor-lightbox-slideshow=\"f9eb16e\" data-elementor-lightbox-title=\"mobilita_benatky_10.-11.10.2024 (8)\" data-e-action-hash=\"#elementor-action%3Aaction%3Dlightbox%26settings%3DeyJpZCI6MTkzOTMsInVybCI6Imh0dHBzOlwvXC9hcmNoaXYuc2lvdi5za1wvd3AtY29udGVudFwvdXBsb2Fkc1wvMjAyNVwvMDZcL21vYmlsaXRhX2JlbmF0a3lfMTAuLTExLjEwLjIwMjQtOC5qcGciLCJzbGlkZXNob3ciOiJmOWViMTZlIn0%3D\">\n\t\t\t\t\t<div class=\"e-gallery-image elementor-gallery-item__image\" data-thumbnail=\"https:\/\/archiv.siov.sk\/wp-content\/uploads\/2025\/06\/mobilita_benatky_10.-11.10.2024-8-169x300.jpg\" data-width=\"169\" data-height=\"300\" aria-label=\"\" role=\"img\" ><\/div>\n\t\t\t\t\t\t\t\t\t\t\t<div class=\"elementor-gallery-item__overlay\"><\/div>\n\t\t\t\t\t\t\t\t\t\t\t\t\t\t<\/a>\n\t\t\t\t\t\t\t<a class=\"e-gallery-item elementor-gallery-item elementor-animated-content\" href=\"https:\/\/archiv.siov.sk\/wp-content\/uploads\/2025\/06\/mobilita_benatky_10.-11.10.2024-4.jpg\" data-elementor-open-lightbox=\"yes\" data-elementor-lightbox-slideshow=\"f9eb16e\" data-elementor-lightbox-title=\"mobilita_benatky_10.-11.10.2024 (4)\" data-e-action-hash=\"#elementor-action%3Aaction%3Dlightbox%26settings%3DeyJpZCI6MTkzOTQsInVybCI6Imh0dHBzOlwvXC9hcmNoaXYuc2lvdi5za1wvd3AtY29udGVudFwvdXBsb2Fkc1wvMjAyNVwvMDZcL21vYmlsaXRhX2JlbmF0a3lfMTAuLTExLjEwLjIwMjQtNC5qcGciLCJzbGlkZXNob3ciOiJmOWViMTZlIn0%3D\">\n\t\t\t\t\t<div class=\"e-gallery-image elementor-gallery-item__image\" data-thumbnail=\"https:\/\/archiv.siov.sk\/wp-content\/uploads\/2025\/06\/mobilita_benatky_10.-11.10.2024-4-225x300.jpg\" data-width=\"225\" data-height=\"300\" aria-label=\"\" role=\"img\" ><\/div>\n\t\t\t\t\t\t\t\t\t\t\t<div class=\"elementor-gallery-item__overlay\"><\/div>\n\t\t\t\t\t\t\t\t\t\t\t\t\t\t<\/a>\n\t\t\t\t\t\t\t<a class=\"e-gallery-item elementor-gallery-item elementor-animated-content\" href=\"https:\/\/archiv.siov.sk\/wp-content\/uploads\/2025\/06\/mobilita_benatky_10.-11.10.2024-3.jpg\" data-elementor-open-lightbox=\"yes\" data-elementor-lightbox-slideshow=\"f9eb16e\" data-elementor-lightbox-title=\"mobilita_benatky_10.-11.10.2024 (3)\" data-e-action-hash=\"#elementor-action%3Aaction%3Dlightbox%26settings%3DeyJpZCI6MTkzOTUsInVybCI6Imh0dHBzOlwvXC9hcmNoaXYuc2lvdi5za1wvd3AtY29udGVudFwvdXBsb2Fkc1wvMjAyNVwvMDZcL21vYmlsaXRhX2JlbmF0a3lfMTAuLTExLjEwLjIwMjQtMy5qcGciLCJzbGlkZXNob3ciOiJmOWViMTZlIn0%3D\">\n\t\t\t\t\t<div class=\"e-gallery-image elementor-gallery-item__image\" data-thumbnail=\"https:\/\/archiv.siov.sk\/wp-content\/uploads\/2025\/06\/mobilita_benatky_10.-11.10.2024-3-225x300.jpg\" data-width=\"225\" data-height=\"300\" aria-label=\"\" role=\"img\" ><\/div>\n\t\t\t\t\t\t\t\t\t\t\t<div class=\"elementor-gallery-item__overlay\"><\/div>\n\t\t\t\t\t\t\t\t\t\t\t\t\t\t<\/a>\n\t\t\t\t\t\t\t<a class=\"e-gallery-item elementor-gallery-item elementor-animated-content\" href=\"https:\/\/archiv.siov.sk\/wp-content\/uploads\/2025\/06\/mobilita_benatky_10.-11.10.2024-1.jpg\" data-elementor-open-lightbox=\"yes\" data-elementor-lightbox-slideshow=\"f9eb16e\" data-elementor-lightbox-title=\"mobilita_benatky_10.-11.10.2024 (1)\" data-e-action-hash=\"#elementor-action%3Aaction%3Dlightbox%26settings%3DeyJpZCI6MTkzOTYsInVybCI6Imh0dHBzOlwvXC9hcmNoaXYuc2lvdi5za1wvd3AtY29udGVudFwvdXBsb2Fkc1wvMjAyNVwvMDZcL21vYmlsaXRhX2JlbmF0a3lfMTAuLTExLjEwLjIwMjQtMS5qcGciLCJzbGlkZXNob3ciOiJmOWViMTZlIn0%3D\">\n\t\t\t\t\t<div class=\"e-gallery-image elementor-gallery-item__image\" data-thumbnail=\"https:\/\/archiv.siov.sk\/wp-content\/uploads\/2025\/06\/mobilita_benatky_10.-11.10.2024-1-225x300.jpg\" data-width=\"225\" data-height=\"300\" aria-label=\"\" role=\"img\" ><\/div>\n\t\t\t\t\t\t\t\t\t\t\t<div class=\"elementor-gallery-item__overlay\"><\/div>\n\t\t\t\t\t\t\t\t\t\t\t\t\t\t<\/a>\n\t\t\t\t\t\t\t<a class=\"e-gallery-item elementor-gallery-item elementor-animated-content\" href=\"https:\/\/archiv.siov.sk\/wp-content\/uploads\/2025\/06\/mobilita_benatky_10.-11.10.2024-6.jpg\" data-elementor-open-lightbox=\"yes\" data-elementor-lightbox-slideshow=\"f9eb16e\" data-elementor-lightbox-title=\"mobilita_benatky_10.-11.10.2024 (6)\" data-e-action-hash=\"#elementor-action%3Aaction%3Dlightbox%26settings%3DeyJpZCI6MTk0MDAsInVybCI6Imh0dHBzOlwvXC9hcmNoaXYuc2lvdi5za1wvd3AtY29udGVudFwvdXBsb2Fkc1wvMjAyNVwvMDZcL21vYmlsaXRhX2JlbmF0a3lfMTAuLTExLjEwLjIwMjQtNi5qcGciLCJzbGlkZXNob3ciOiJmOWViMTZlIn0%3D\">\n\t\t\t\t\t<div class=\"e-gallery-image elementor-gallery-item__image\" data-thumbnail=\"https:\/\/archiv.siov.sk\/wp-content\/uploads\/2025\/06\/mobilita_benatky_10.-11.10.2024-6-138x300.jpg\" data-width=\"138\" data-height=\"300\" aria-label=\"\" role=\"img\" ><\/div>\n\t\t\t\t\t\t\t\t\t\t\t<div class=\"elementor-gallery-item__overlay\"><\/div>\n\t\t\t\t\t\t\t\t\t\t\t\t\t\t<\/a>\n\t\t\t\t\t<\/div>\n\t\t\t\t\t<\/div>\n\t\t\t\t<\/div>\n\t\t\t\t\t<\/div>\n\t\t\t\t<\/div>\n\t\t<div class=\"elementor-element elementor-element-3bbd5ab e-con-full e-flex e-con e-parent\" data-id=\"3bbd5ab\" data-element_type=\"container\" data-e-type=\"container\">\n\t\t\t\t<div class=\"elementor-element elementor-element-daab2e4 elementor-widget elementor-widget-image\" data-id=\"daab2e4\" data-element_type=\"widget\" data-e-type=\"widget\" data-widget_type=\"image.default\">\n\t\t\t\t<div class=\"elementor-widget-container\">\n\t\t\t\t\t\t\t\t\t\t\t\t\t\t\t<img fetchpriority=\"high\" decoding=\"async\" width=\"768\" height=\"119\" src=\"https:\/\/archiv.siov.sk\/wp-content\/uploads\/2025\/04\/loga_np_kvalita-768x119.png\" class=\"attachment-medium_large size-medium_large wp-image-18660\" alt=\"loga_kvalita_projekt\" srcset=\"https:\/\/archiv.siov.sk\/wp-content\/uploads\/2025\/04\/loga_np_kvalita-768x119.png 768w, https:\/\/archiv.siov.sk\/wp-content\/uploads\/2025\/04\/loga_np_kvalita-300x46.png 300w, https:\/\/archiv.siov.sk\/wp-content\/uploads\/2025\/04\/loga_np_kvalita-1024x158.png 1024w, https:\/\/archiv.siov.sk\/wp-content\/uploads\/2025\/04\/loga_np_kvalita-18x3.png 18w, https:\/\/archiv.siov.sk\/wp-content\/uploads\/2025\/04\/elementor\/thumbs\/loga_np_kvalita-r5cjqsfvrn5sfhsjyrw97tvig25lp3e6m5t1uzcj7g.png 450w, https:\/\/archiv.siov.sk\/wp-content\/uploads\/2025\/04\/loga_np_kvalita.png 1229w\" sizes=\"(max-width: 768px) 100vw, 768px\" \/>\t\t\t\t\t\t\t\t\t\t\t\t\t\t\t<\/div>\n\t\t\t\t<\/div>\n\t\t\t\t<\/div>\n\t\t\t\t<\/div>","protected":false},"excerpt":{"rendered":"<p>Cesta za kvalitn\u00fdm odborn\u00fdm vzdel\u00e1van\u00edm V d\u0148och 10. a 11. okt\u00f3bra 2024 sme mali v r\u00e1mci programu Erasmus+ jedine\u010dn\u00fa pr\u00edle\u017eitos\u0165 z\u00fa\u010dastni\u0165 sa zahrani\u010dnej mobility v malebnom prostred\u00ed Ben\u00e1tok. Na\u0161a n\u00e1v\u0161teva nebola len o obdivovan\u00ed hist\u00f3rie tohto jedine\u010dn\u00e9ho mesta, ale predov\u0161etk\u00fdm o z\u00edskan\u00ed hlb\u0161\u00edch znalost\u00ed o talianskom syst\u00e9me odborn\u00e9ho vzdel\u00e1vania a pr\u00edle\u017eitostiach, ktor\u00e9 pon\u00faka. Ben\u00e1tky ako [&hellip;]<\/p>\n","protected":false},"author":10,"featured_media":19390,"comment_status":"closed","ping_status":"closed","sticky":false,"template":"","format":"standard","meta":{"site-sidebar-layout":"default","site-content-layout":"","ast-site-content-layout":"default","site-content-style":"default","site-sidebar-style":"default","ast-global-header-display":"","ast-banner-title-visibility":"","ast-main-header-display":"","ast-hfb-above-header-display":"","ast-hfb-below-header-display":"","ast-hfb-mobile-header-display":"","site-post-title":"","ast-breadcrumbs-content":"","ast-featured-img":"","footer-sml-layout":"","ast-disable-related-posts":"","theme-transparent-header-meta":"default","adv-header-id-meta":"","stick-header-meta":"default","header-above-stick-meta":"","header-main-stick-meta":"","header-below-stick-meta":"","astra-migrate-meta-layouts":"set","ast-page-background-enabled":"default","ast-page-background-meta":{"desktop":{"background-color":"var(--ast-global-color-4)","background-image":"","background-repeat":"repeat","background-position":"center center","background-size":"auto","background-attachment":"scroll","background-type":"","background-media":"","overlay-type":"","overlay-color":"","overlay-opacity":"","overlay-gradient":""},"tablet":{"background-color":"","background-image":"","background-repeat":"repeat","background-position":"center center","background-size":"auto","background-attachment":"scroll","background-type":"","background-media":"","overlay-type":"","overlay-color":"","overlay-opacity":"","overlay-gradient":""},"mobile":{"background-color":"","background-image":"","background-repeat":"repeat","background-position":"center center","background-size":"auto","background-attachment":"scroll","background-type":"","background-media":"","overlay-type":"","overlay-color":"","overlay-opacity":"","overlay-gradient":""}},"ast-content-background-meta":{"desktop":{"background-color":"var(--ast-global-color-5)","background-image":"","background-repeat":"repeat","background-position":"center center","background-size":"auto","background-attachment":"scroll","background-type":"","background-media":"","overlay-type":"","overlay-color":"","overlay-opacity":"","overlay-gradient":""},"tablet":{"background-color":"var(--ast-global-color-5)","background-image":"","background-repeat":"repeat","background-position":"center center","background-size":"auto","background-attachment":"scroll","background-type":"","background-media":"","overlay-type":"","overlay-color":"","overlay-opacity":"","overlay-gradient":""},"mobile":{"background-color":"var(--ast-global-color-5)","background-image":"","background-repeat":"repeat","background-position":"center center","background-size":"auto","background-attachment":"scroll","background-type":"","background-media":"","overlay-type":"","overlay-color":"","overlay-opacity":"","overlay-gradient":""}},"footnotes":""},"categories":[25],"tags":[],"class_list":["post-19388","post","type-post","status-publish","format-standard","has-post-thumbnail","hentry","category-erasmusplus"],"yoast_head":"<!-- This site is optimized with the Yoast SEO plugin v27.5 - https:\/\/yoast.com\/product\/yoast-seo-wordpress\/ -->\n<title>Zahrani\u010dn\u00e1 mobilita Erasmus+ v Ben\u00e1tkach - \u0160IOV - \u0161t\u00e1tny in\u0161tit\u00fat odborn\u00e9ho vzdel\u00e1vania<\/title>\n<meta name=\"robots\" content=\"index, follow, max-snippet:-1, max-image-preview:large, max-video-preview:-1\" \/>\n<link rel=\"canonical\" href=\"https:\/\/archiv.siov.sk\/en\/zahranicna-mobilita-erasmus-v-benatkach\/\" \/>\n<meta property=\"og:locale\" content=\"en_GB\" \/>\n<meta property=\"og:type\" content=\"article\" \/>\n<meta property=\"og:title\" content=\"Zahrani\u010dn\u00e1 mobilita Erasmus+ v Ben\u00e1tkach - \u0160IOV - \u0161t\u00e1tny in\u0161tit\u00fat odborn\u00e9ho vzdel\u00e1vania\" \/>\n<meta property=\"og:description\" content=\"Cesta za kvalitn\u00fdm odborn\u00fdm vzdel\u00e1van\u00edm V d\u0148och 10. a 11. okt\u00f3bra 2024 sme mali v r\u00e1mci programu Erasmus+ jedine\u010dn\u00fa pr\u00edle\u017eitos\u0165 z\u00fa\u010dastni\u0165 sa zahrani\u010dnej mobility v malebnom prostred\u00ed Ben\u00e1tok. Na\u0161a n\u00e1v\u0161teva nebola len o obdivovan\u00ed hist\u00f3rie tohto jedine\u010dn\u00e9ho mesta, ale predov\u0161etk\u00fdm o z\u00edskan\u00ed hlb\u0161\u00edch znalost\u00ed o talianskom syst\u00e9me odborn\u00e9ho vzdel\u00e1vania a pr\u00edle\u017eitostiach, ktor\u00e9 pon\u00faka. Ben\u00e1tky ako [&hellip;]\" \/>\n<meta property=\"og:url\" content=\"https:\/\/archiv.siov.sk\/en\/zahranicna-mobilita-erasmus-v-benatkach\/\" \/>\n<meta property=\"og:site_name\" content=\"\u0160IOV - \u0161t\u00e1tny in\u0161tit\u00fat odborn\u00e9ho vzdel\u00e1vania\" \/>\n<meta property=\"article:publisher\" content=\"https:\/\/www.facebook.com\/Statnyinstitutodbornehovzdelavania\" \/>\n<meta property=\"article:published_time\" content=\"2024-10-14T06:21:13+00:00\" \/>\n<meta property=\"article:modified_time\" content=\"2025-06-13T06:59:03+00:00\" \/>\n<meta property=\"og:image\" content=\"https:\/\/archiv.siov.sk\/wp-content\/uploads\/2025\/06\/mobilita_benatky_10.-11.10.2024-5.jpg\" \/>\n\t<meta property=\"og:image:width\" content=\"2000\" \/>\n\t<meta property=\"og:image:height\" content=\"1500\" \/>\n\t<meta property=\"og:image:type\" content=\"image\/jpeg\" \/>\n<meta name=\"author\" content=\"Gabriela Budayov\u00e1\" \/>\n<meta name=\"twitter:card\" content=\"summary_large_image\" \/>\n<meta name=\"twitter:label1\" content=\"Written by\" \/>\n\t<meta name=\"twitter:data1\" content=\"Gabriela Budayov\u00e1\" \/>\n\t<meta name=\"twitter:label2\" content=\"Estimated reading time\" \/>\n\t<meta name=\"twitter:data2\" content=\"3 minutes\" \/>\n<script type=\"application\/ld+json\" class=\"yoast-schema-graph\">{\"@context\":\"https:\\\/\\\/schema.org\",\"@graph\":[{\"@type\":\"Article\",\"@id\":\"https:\\\/\\\/archiv.siov.sk\\\/zahranicna-mobilita-erasmus-v-benatkach\\\/#article\",\"isPartOf\":{\"@id\":\"https:\\\/\\\/archiv.siov.sk\\\/zahranicna-mobilita-erasmus-v-benatkach\\\/\"},\"author\":{\"name\":\"Gabriela Budayov\u00e1\",\"@id\":\"https:\\\/\\\/archiv.siov.sk\\\/#\\\/schema\\\/person\\\/2d35146a9c0fa51b027e8ff319cee627\"},\"headline\":\"Zahrani\u010dn\u00e1 mobilita Erasmus+ v Ben\u00e1tkach\",\"datePublished\":\"2024-10-14T06:21:13+00:00\",\"dateModified\":\"2025-06-13T06:59:03+00:00\",\"mainEntityOfPage\":{\"@id\":\"https:\\\/\\\/archiv.siov.sk\\\/zahranicna-mobilita-erasmus-v-benatkach\\\/\"},\"wordCount\":711,\"publisher\":{\"@id\":\"https:\\\/\\\/archiv.siov.sk\\\/#organization\"},\"image\":{\"@id\":\"https:\\\/\\\/archiv.siov.sk\\\/zahranicna-mobilita-erasmus-v-benatkach\\\/#primaryimage\"},\"thumbnailUrl\":\"https:\\\/\\\/archiv.siov.sk\\\/wp-content\\\/uploads\\\/2025\\\/06\\\/mobilita_benatky_10.-11.10.2024-5.jpg\",\"articleSection\":[\"Erasmus+\"],\"inLanguage\":\"en-GB\"},{\"@type\":\"WebPage\",\"@id\":\"https:\\\/\\\/archiv.siov.sk\\\/zahranicna-mobilita-erasmus-v-benatkach\\\/\",\"url\":\"https:\\\/\\\/archiv.siov.sk\\\/zahranicna-mobilita-erasmus-v-benatkach\\\/\",\"name\":\"Zahrani\u010dn\u00e1 mobilita Erasmus+ v Ben\u00e1tkach - \u0160IOV - \u0161t\u00e1tny in\u0161tit\u00fat odborn\u00e9ho vzdel\u00e1vania\",\"isPartOf\":{\"@id\":\"https:\\\/\\\/archiv.siov.sk\\\/#website\"},\"primaryImageOfPage\":{\"@id\":\"https:\\\/\\\/archiv.siov.sk\\\/zahranicna-mobilita-erasmus-v-benatkach\\\/#primaryimage\"},\"image\":{\"@id\":\"https:\\\/\\\/archiv.siov.sk\\\/zahranicna-mobilita-erasmus-v-benatkach\\\/#primaryimage\"},\"thumbnailUrl\":\"https:\\\/\\\/archiv.siov.sk\\\/wp-content\\\/uploads\\\/2025\\\/06\\\/mobilita_benatky_10.-11.10.2024-5.jpg\",\"datePublished\":\"2024-10-14T06:21:13+00:00\",\"dateModified\":\"2025-06-13T06:59:03+00:00\",\"breadcrumb\":{\"@id\":\"https:\\\/\\\/archiv.siov.sk\\\/zahranicna-mobilita-erasmus-v-benatkach\\\/#breadcrumb\"},\"inLanguage\":\"en-GB\",\"potentialAction\":[{\"@type\":\"ReadAction\",\"target\":[\"https:\\\/\\\/archiv.siov.sk\\\/zahranicna-mobilita-erasmus-v-benatkach\\\/\"]}]},{\"@type\":\"ImageObject\",\"inLanguage\":\"en-GB\",\"@id\":\"https:\\\/\\\/archiv.siov.sk\\\/zahranicna-mobilita-erasmus-v-benatkach\\\/#primaryimage\",\"url\":\"https:\\\/\\\/archiv.siov.sk\\\/wp-content\\\/uploads\\\/2025\\\/06\\\/mobilita_benatky_10.-11.10.2024-5.jpg\",\"contentUrl\":\"https:\\\/\\\/archiv.siov.sk\\\/wp-content\\\/uploads\\\/2025\\\/06\\\/mobilita_benatky_10.-11.10.2024-5.jpg\",\"width\":2000,\"height\":1500,\"caption\":\"mobilita benatky siov eqavet\"},{\"@type\":\"BreadcrumbList\",\"@id\":\"https:\\\/\\\/archiv.siov.sk\\\/zahranicna-mobilita-erasmus-v-benatkach\\\/#breadcrumb\",\"itemListElement\":[{\"@type\":\"ListItem\",\"position\":1,\"name\":\"Home\",\"item\":\"https:\\\/\\\/archiv.siov.sk\\\/\"},{\"@type\":\"ListItem\",\"position\":2,\"name\":\"Zahrani\u010dn\u00e1 mobilita Erasmus+ v Ben\u00e1tkach\"}]},{\"@type\":\"WebSite\",\"@id\":\"https:\\\/\\\/archiv.siov.sk\\\/#website\",\"url\":\"https:\\\/\\\/archiv.siov.sk\\\/\",\"name\":\"\u0160IOV - \u0161t\u00e1tny in\u0161tit\u00fat odborn\u00e9ho vzdel\u00e1vania\",\"description\":\"\",\"publisher\":{\"@id\":\"https:\\\/\\\/archiv.siov.sk\\\/#organization\"},\"potentialAction\":[{\"@type\":\"SearchAction\",\"target\":{\"@type\":\"EntryPoint\",\"urlTemplate\":\"https:\\\/\\\/archiv.siov.sk\\\/?s={search_term_string}\"},\"query-input\":{\"@type\":\"PropertyValueSpecification\",\"valueRequired\":true,\"valueName\":\"search_term_string\"}}],\"inLanguage\":\"en-GB\"},{\"@type\":\"Organization\",\"@id\":\"https:\\\/\\\/archiv.siov.sk\\\/#organization\",\"name\":\"\u0160IOV - \u0161t\u00e1tny in\u0161tit\u00fat odborn\u00e9ho vzdel\u00e1vania\",\"url\":\"https:\\\/\\\/archiv.siov.sk\\\/\",\"logo\":{\"@type\":\"ImageObject\",\"inLanguage\":\"en-GB\",\"@id\":\"https:\\\/\\\/archiv.siov.sk\\\/#\\\/schema\\\/logo\\\/image\\\/\",\"url\":\"https:\\\/\\\/archiv.siov.sk\\\/wp-content\\\/uploads\\\/2024\\\/02\\\/logo-SIOV.png\",\"contentUrl\":\"https:\\\/\\\/archiv.siov.sk\\\/wp-content\\\/uploads\\\/2024\\\/02\\\/logo-SIOV.png\",\"width\":431,\"height\":143,\"caption\":\"\u0160IOV - \u0161t\u00e1tny in\u0161tit\u00fat odborn\u00e9ho vzdel\u00e1vania\"},\"image\":{\"@id\":\"https:\\\/\\\/archiv.siov.sk\\\/#\\\/schema\\\/logo\\\/image\\\/\"},\"sameAs\":[\"https:\\\/\\\/www.facebook.com\\\/Statnyinstitutodbornehovzdelavania\"]},{\"@type\":\"Person\",\"@id\":\"https:\\\/\\\/archiv.siov.sk\\\/#\\\/schema\\\/person\\\/2d35146a9c0fa51b027e8ff319cee627\",\"name\":\"Gabriela Budayov\u00e1\",\"url\":\"https:\\\/\\\/archiv.siov.sk\\\/en\\\/author\\\/gabriela-budayova\\\/\"}]}<\/script>\n<!-- \/ Yoast SEO plugin. -->","yoast_head_json":{"title":"Zahrani\u010dn\u00e1 mobilita Erasmus+ v Ben\u00e1tkach - \u0160IOV - \u0161t\u00e1tny in\u0161tit\u00fat odborn\u00e9ho vzdel\u00e1vania","robots":{"index":"index","follow":"follow","max-snippet":"max-snippet:-1","max-image-preview":"max-image-preview:large","max-video-preview":"max-video-preview:-1"},"canonical":"https:\/\/archiv.siov.sk\/en\/zahranicna-mobilita-erasmus-v-benatkach\/","og_locale":"en_GB","og_type":"article","og_title":"Zahrani\u010dn\u00e1 mobilita Erasmus+ v Ben\u00e1tkach - \u0160IOV - \u0161t\u00e1tny in\u0161tit\u00fat odborn\u00e9ho vzdel\u00e1vania","og_description":"Cesta za kvalitn\u00fdm odborn\u00fdm vzdel\u00e1van\u00edm V d\u0148och 10. a 11. okt\u00f3bra 2024 sme mali v r\u00e1mci programu Erasmus+ jedine\u010dn\u00fa pr\u00edle\u017eitos\u0165 z\u00fa\u010dastni\u0165 sa zahrani\u010dnej mobility v malebnom prostred\u00ed Ben\u00e1tok. Na\u0161a n\u00e1v\u0161teva nebola len o obdivovan\u00ed hist\u00f3rie tohto jedine\u010dn\u00e9ho mesta, ale predov\u0161etk\u00fdm o z\u00edskan\u00ed hlb\u0161\u00edch znalost\u00ed o talianskom syst\u00e9me odborn\u00e9ho vzdel\u00e1vania a pr\u00edle\u017eitostiach, ktor\u00e9 pon\u00faka. Ben\u00e1tky ako [&hellip;]","og_url":"https:\/\/archiv.siov.sk\/en\/zahranicna-mobilita-erasmus-v-benatkach\/","og_site_name":"\u0160IOV - \u0161t\u00e1tny in\u0161tit\u00fat odborn\u00e9ho vzdel\u00e1vania","article_publisher":"https:\/\/www.facebook.com\/Statnyinstitutodbornehovzdelavania","article_published_time":"2024-10-14T06:21:13+00:00","article_modified_time":"2025-06-13T06:59:03+00:00","og_image":[{"width":2000,"height":1500,"url":"https:\/\/archiv.siov.sk\/wp-content\/uploads\/2025\/06\/mobilita_benatky_10.-11.10.2024-5.jpg","type":"image\/jpeg"}],"author":"Gabriela Budayov\u00e1","twitter_card":"summary_large_image","twitter_misc":{"Written by":"Gabriela Budayov\u00e1","Estimated reading time":"3 minutes"},"schema":{"@context":"https:\/\/schema.org","@graph":[{"@type":"Article","@id":"https:\/\/archiv.siov.sk\/zahranicna-mobilita-erasmus-v-benatkach\/#article","isPartOf":{"@id":"https:\/\/archiv.siov.sk\/zahranicna-mobilita-erasmus-v-benatkach\/"},"author":{"name":"Gabriela Budayov\u00e1","@id":"https:\/\/archiv.siov.sk\/#\/schema\/person\/2d35146a9c0fa51b027e8ff319cee627"},"headline":"Zahrani\u010dn\u00e1 mobilita Erasmus+ v Ben\u00e1tkach","datePublished":"2024-10-14T06:21:13+00:00","dateModified":"2025-06-13T06:59:03+00:00","mainEntityOfPage":{"@id":"https:\/\/archiv.siov.sk\/zahranicna-mobilita-erasmus-v-benatkach\/"},"wordCount":711,"publisher":{"@id":"https:\/\/archiv.siov.sk\/#organization"},"image":{"@id":"https:\/\/archiv.siov.sk\/zahranicna-mobilita-erasmus-v-benatkach\/#primaryimage"},"thumbnailUrl":"https:\/\/archiv.siov.sk\/wp-content\/uploads\/2025\/06\/mobilita_benatky_10.-11.10.2024-5.jpg","articleSection":["Erasmus+"],"inLanguage":"en-GB"},{"@type":"WebPage","@id":"https:\/\/archiv.siov.sk\/zahranicna-mobilita-erasmus-v-benatkach\/","url":"https:\/\/archiv.siov.sk\/zahranicna-mobilita-erasmus-v-benatkach\/","name":"Zahrani\u010dn\u00e1 mobilita Erasmus+ v Ben\u00e1tkach - \u0160IOV - \u0161t\u00e1tny in\u0161tit\u00fat odborn\u00e9ho vzdel\u00e1vania","isPartOf":{"@id":"https:\/\/archiv.siov.sk\/#website"},"primaryImageOfPage":{"@id":"https:\/\/archiv.siov.sk\/zahranicna-mobilita-erasmus-v-benatkach\/#primaryimage"},"image":{"@id":"https:\/\/archiv.siov.sk\/zahranicna-mobilita-erasmus-v-benatkach\/#primaryimage"},"thumbnailUrl":"https:\/\/archiv.siov.sk\/wp-content\/uploads\/2025\/06\/mobilita_benatky_10.-11.10.2024-5.jpg","datePublished":"2024-10-14T06:21:13+00:00","dateModified":"2025-06-13T06:59:03+00:00","breadcrumb":{"@id":"https:\/\/archiv.siov.sk\/zahranicna-mobilita-erasmus-v-benatkach\/#breadcrumb"},"inLanguage":"en-GB","potentialAction":[{"@type":"ReadAction","target":["https:\/\/archiv.siov.sk\/zahranicna-mobilita-erasmus-v-benatkach\/"]}]},{"@type":"ImageObject","inLanguage":"en-GB","@id":"https:\/\/archiv.siov.sk\/zahranicna-mobilita-erasmus-v-benatkach\/#primaryimage","url":"https:\/\/archiv.siov.sk\/wp-content\/uploads\/2025\/06\/mobilita_benatky_10.-11.10.2024-5.jpg","contentUrl":"https:\/\/archiv.siov.sk\/wp-content\/uploads\/2025\/06\/mobilita_benatky_10.-11.10.2024-5.jpg","width":2000,"height":1500,"caption":"mobilita benatky siov eqavet"},{"@type":"BreadcrumbList","@id":"https:\/\/archiv.siov.sk\/zahranicna-mobilita-erasmus-v-benatkach\/#breadcrumb","itemListElement":[{"@type":"ListItem","position":1,"name":"Home","item":"https:\/\/archiv.siov.sk\/"},{"@type":"ListItem","position":2,"name":"Zahrani\u010dn\u00e1 mobilita Erasmus+ v Ben\u00e1tkach"}]},{"@type":"WebSite","@id":"https:\/\/archiv.siov.sk\/#website","url":"https:\/\/archiv.siov.sk\/","name":"\u0160IOV - \u0161t\u00e1tny in\u0161tit\u00fat odborn\u00e9ho vzdel\u00e1vania","description":"","publisher":{"@id":"https:\/\/archiv.siov.sk\/#organization"},"potentialAction":[{"@type":"SearchAction","target":{"@type":"EntryPoint","urlTemplate":"https:\/\/archiv.siov.sk\/?s={search_term_string}"},"query-input":{"@type":"PropertyValueSpecification","valueRequired":true,"valueName":"search_term_string"}}],"inLanguage":"en-GB"},{"@type":"Organization","@id":"https:\/\/archiv.siov.sk\/#organization","name":"\u0160IOV - \u0161t\u00e1tny in\u0161tit\u00fat odborn\u00e9ho vzdel\u00e1vania","url":"https:\/\/archiv.siov.sk\/","logo":{"@type":"ImageObject","inLanguage":"en-GB","@id":"https:\/\/archiv.siov.sk\/#\/schema\/logo\/image\/","url":"https:\/\/archiv.siov.sk\/wp-content\/uploads\/2024\/02\/logo-SIOV.png","contentUrl":"https:\/\/archiv.siov.sk\/wp-content\/uploads\/2024\/02\/logo-SIOV.png","width":431,"height":143,"caption":"\u0160IOV - \u0161t\u00e1tny in\u0161tit\u00fat odborn\u00e9ho vzdel\u00e1vania"},"image":{"@id":"https:\/\/archiv.siov.sk\/#\/schema\/logo\/image\/"},"sameAs":["https:\/\/www.facebook.com\/Statnyinstitutodbornehovzdelavania"]},{"@type":"Person","@id":"https:\/\/archiv.siov.sk\/#\/schema\/person\/2d35146a9c0fa51b027e8ff319cee627","name":"Gabriela Budayov\u00e1","url":"https:\/\/archiv.siov.sk\/en\/author\/gabriela-budayova\/"}]}},"_links":{"self":[{"href":"https:\/\/archiv.siov.sk\/en\/wp-json\/wp\/v2\/posts\/19388","targetHints":{"allow":["GET"]}}],"collection":[{"href":"https:\/\/archiv.siov.sk\/en\/wp-json\/wp\/v2\/posts"}],"about":[{"href":"https:\/\/archiv.siov.sk\/en\/wp-json\/wp\/v2\/types\/post"}],"author":[{"embeddable":true,"href":"https:\/\/archiv.siov.sk\/en\/wp-json\/wp\/v2\/users\/10"}],"replies":[{"embeddable":true,"href":"https:\/\/archiv.siov.sk\/en\/wp-json\/wp\/v2\/comments?post=19388"}],"version-history":[{"count":10,"href":"https:\/\/archiv.siov.sk\/en\/wp-json\/wp\/v2\/posts\/19388\/revisions"}],"predecessor-version":[{"id":19448,"href":"https:\/\/archiv.siov.sk\/en\/wp-json\/wp\/v2\/posts\/19388\/revisions\/19448"}],"wp:featuredmedia":[{"embeddable":true,"href":"https:\/\/archiv.siov.sk\/en\/wp-json\/wp\/v2\/media\/19390"}],"wp:attachment":[{"href":"https:\/\/archiv.siov.sk\/en\/wp-json\/wp\/v2\/media?parent=19388"}],"wp:term":[{"taxonomy":"category","embeddable":true,"href":"https:\/\/archiv.siov.sk\/en\/wp-json\/wp\/v2\/categories?post=19388"},{"taxonomy":"post_tag","embeddable":true,"href":"https:\/\/archiv.siov.sk\/en\/wp-json\/wp\/v2\/tags?post=19388"}],"curies":[{"name":"wp","href":"https:\/\/api.w.org\/{rel}","templated":true}]}}