{"id":19380,"date":"2025-06-11T15:02:19","date_gmt":"2025-06-11T13:02:19","guid":{"rendered":"https:\/\/archiv.siov.sk\/?p=19380"},"modified":"2025-07-07T15:37:15","modified_gmt":"2025-07-07T13:37:15","slug":"pozvanka-na-seminar-zamerany-na-vyucbu-cvicnej-firmy","status":"publish","type":"post","link":"https:\/\/archiv.siov.sk\/en\/pozvanka-na-seminar-zamerany-na-vyucbu-cvicnej-firmy\/","title":{"rendered":"Pozv\u00e1nka na semin\u00e1r zameran\u00fd na v\u00fdu\u010dbu cvi\u010dnej firmy"},"content":{"rendered":"<p>V\u00e1\u017een\u00e9 u\u010dite\u013eky, v\u00e1\u017een\u00ed u\u010ditelia, priatelia cvi\u010dn\u00fdch firiem,<\/p>\n<p style=\"text-align: justify;\">\u0160t\u00e1tny in\u0161tit\u00fat odborn\u00e9ho vzdel\u00e1vania, odbor Finan\u010dnej gramotnosti a Slovensk\u00e9 centrum cvi\u010dn\u00fdch firiem V\u00e1s poz\u00fdva na <strong>online semin\u00e1r<\/strong> pre pedagogick\u00fdch zamestnancov <strong>so zameran\u00edm na v\u00fdu\u010dbu<\/strong> <strong>cvi\u010dnej firmy<\/strong>, ktor\u00fd sa uskuto\u010dn\u00ed <strong>2. j\u00fala 2025. <\/strong>Jeho t\u00e9mou je \u201eCvi\u010dn\u00e1 firma a IS SCCF. AI\/Google n\u00e1stroje pri pr\u00e1ci na podnikate\u013eskom z\u00e1mere&#8220;. Semin\u00e1r je ur\u010den\u00fd za\u010d\u00ednaj\u00facim, ale aj pokro\u010dil\u00fdm u\u010dite\u013eom stredn\u00fdch \u0161k\u00f4l v r\u00e1mci odbornej problematiky v\u00fdu\u010dby predmetu cvi\u010dn\u00e1 firma.<\/p>\n<p style=\"text-align: justify;\">Na semin\u00e1r sa m\u00f4\u017eete <strong>prihl\u00e1si\u0165 najnesk\u00f4r do 30. j\u00fana 2025<\/strong> prostredn\u00edctvom <strong><a href=\"https:\/\/docs.google.com\/forms\/d\/e\/1FAIpQLSfbUWS0IN6KZ8VO3UP2_3jip_uCUDsM2TsXzp60LV2-g7485w\/viewform?pli=1\" target=\"_blank\" rel=\"noopener\">registra\u010dn\u00e9ho formul\u00e1ra<\/a><\/strong>.\u00a0Na registra\u010dn\u00fd e-mail V\u00e1m n\u00e1sledne najnesk\u00f4r 1. j\u00fala 2025 po\u0161leme odkaz na pripojenie do MS Teams.<\/p>\n<p><strong><a href=\"https:\/\/archiv.siov.sk\/wp-content\/uploads\/2025\/06\/Pozvanka_seminar-CF_02_jul_2025_Link-.pdf\" target=\"_blank\" rel=\"noopener\">POZV\u00c1NKA S PROGRAMOM SEMIN\u00c1RA<\/a><\/strong><\/p>\n<p>\u2139\ufe0f\ud83c\udf9e <a href=\"https:\/\/youtu.be\/LXOelaiGEPQ\" target=\"_blank\" rel=\"noopener\"><strong>Z\u00c1ZNAM SEMIN\u00c1RA\u00a0<\/strong><\/a><\/p>\n<p>Te\u0161\u00edme sa na V\u00e1s<\/p>\n<p><strong>Kolekt\u00edv Slovensk\u00e9ho centra cvi\u010dn\u00fdch firiem<\/strong><\/p>","protected":false},"excerpt":{"rendered":"<p>V\u00e1\u017een\u00e9 u\u010dite\u013eky, v\u00e1\u017een\u00ed u\u010ditelia, priatelia cvi\u010dn\u00fdch firiem, \u0160t\u00e1tny in\u0161tit\u00fat odborn\u00e9ho vzdel\u00e1vania, odbor Finan\u010dnej gramotnosti a Slovensk\u00e9 centrum cvi\u010dn\u00fdch firiem V\u00e1s poz\u00fdva na online semin\u00e1r pre pedagogick\u00fdch zamestnancov so zameran\u00edm na v\u00fdu\u010dbu cvi\u010dnej firmy, ktor\u00fd sa uskuto\u010dn\u00ed 2. j\u00fala 2025. Jeho t\u00e9mou je \u201eCvi\u010dn\u00e1 firma a IS SCCF. AI\/Google n\u00e1stroje pri pr\u00e1ci na podnikate\u013eskom z\u00e1mere&#8220;. Semin\u00e1r [&hellip;]<\/p>\n","protected":false},"author":6,"featured_media":17793,"comment_status":"closed","ping_status":"closed","sticky":false,"template":"","format":"standard","meta":{"site-sidebar-layout":"default","site-content-layout":"","ast-site-content-layout":"default","site-content-style":"default","site-sidebar-style":"default","ast-global-header-display":"","ast-banner-title-visibility":"","ast-main-header-display":"","ast-hfb-above-header-display":"","ast-hfb-below-header-display":"","ast-hfb-mobile-header-display":"","site-post-title":"","ast-breadcrumbs-content":"","ast-featured-img":"","footer-sml-layout":"","ast-disable-related-posts":"","theme-transparent-header-meta":"default","adv-header-id-meta":"","stick-header-meta":"default","header-above-stick-meta":"","header-main-stick-meta":"","header-below-stick-meta":"","astra-migrate-meta-layouts":"set","ast-page-background-enabled":"default","ast-page-background-meta":{"desktop":{"background-color":"var(--ast-global-color-4)","background-image":"","background-repeat":"repeat","background-position":"center center","background-size":"auto","background-attachment":"scroll","background-type":"","background-media":"","overlay-type":"","overlay-color":"","overlay-opacity":"","overlay-gradient":""},"tablet":{"background-color":"","background-image":"","background-repeat":"repeat","background-position":"center center","background-size":"auto","background-attachment":"scroll","background-type":"","background-media":"","overlay-type":"","overlay-color":"","overlay-opacity":"","overlay-gradient":""},"mobile":{"background-color":"","background-image":"","background-repeat":"repeat","background-position":"center center","background-size":"auto","background-attachment":"scroll","background-type":"","background-media":"","overlay-type":"","overlay-color":"","overlay-opacity":"","overlay-gradient":""}},"ast-content-background-meta":{"desktop":{"background-color":"var(--ast-global-color-5)","background-image":"","background-repeat":"repeat","background-position":"center center","background-size":"auto","background-attachment":"scroll","background-type":"","background-media":"","overlay-type":"","overlay-color":"","overlay-opacity":"","overlay-gradient":""},"tablet":{"background-color":"var(--ast-global-color-5)","background-image":"","background-repeat":"repeat","background-position":"center center","background-size":"auto","background-attachment":"scroll","background-type":"","background-media":"","overlay-type":"","overlay-color":"","overlay-opacity":"","overlay-gradient":""},"mobile":{"background-color":"var(--ast-global-color-5)","background-image":"","background-repeat":"repeat","background-position":"center center","background-size":"auto","background-attachment":"scroll","background-type":"","background-media":"","overlay-type":"","overlay-color":"","overlay-opacity":"","overlay-gradient":""}},"footnotes":""},"categories":[1],"tags":[],"class_list":["post-19380","post","type-post","status-publish","format-standard","has-post-thumbnail","hentry","category-aktuality"],"yoast_head":"<!-- This site is optimized with the Yoast SEO plugin v27.5 - https:\/\/yoast.com\/product\/yoast-seo-wordpress\/ -->\n<title>Pozv\u00e1nka na semin\u00e1r zameran\u00fd na v\u00fdu\u010dbu cvi\u010dnej firmy - \u0160IOV - \u0161t\u00e1tny in\u0161tit\u00fat odborn\u00e9ho vzdel\u00e1vania<\/title>\n<meta name=\"robots\" content=\"index, follow, max-snippet:-1, max-image-preview:large, max-video-preview:-1\" \/>\n<link rel=\"canonical\" href=\"https:\/\/archiv.siov.sk\/en\/pozvanka-na-seminar-zamerany-na-vyucbu-cvicnej-firmy\/\" \/>\n<meta property=\"og:locale\" content=\"en_GB\" \/>\n<meta property=\"og:type\" content=\"article\" \/>\n<meta property=\"og:title\" content=\"Pozv\u00e1nka na semin\u00e1r zameran\u00fd na v\u00fdu\u010dbu cvi\u010dnej firmy - \u0160IOV - \u0161t\u00e1tny in\u0161tit\u00fat odborn\u00e9ho vzdel\u00e1vania\" \/>\n<meta property=\"og:description\" content=\"V\u00e1\u017een\u00e9 u\u010dite\u013eky, v\u00e1\u017een\u00ed u\u010ditelia, priatelia cvi\u010dn\u00fdch firiem, \u0160t\u00e1tny in\u0161tit\u00fat odborn\u00e9ho vzdel\u00e1vania, odbor Finan\u010dnej gramotnosti a Slovensk\u00e9 centrum cvi\u010dn\u00fdch firiem V\u00e1s poz\u00fdva na online semin\u00e1r pre pedagogick\u00fdch zamestnancov so zameran\u00edm na v\u00fdu\u010dbu cvi\u010dnej firmy, ktor\u00fd sa uskuto\u010dn\u00ed 2. j\u00fala 2025. Jeho t\u00e9mou je \u201eCvi\u010dn\u00e1 firma a IS SCCF. AI\/Google n\u00e1stroje pri pr\u00e1ci na podnikate\u013eskom z\u00e1mere&#8220;. Semin\u00e1r [&hellip;]\" \/>\n<meta property=\"og:url\" content=\"https:\/\/archiv.siov.sk\/en\/pozvanka-na-seminar-zamerany-na-vyucbu-cvicnej-firmy\/\" \/>\n<meta property=\"og:site_name\" content=\"\u0160IOV - \u0161t\u00e1tny in\u0161tit\u00fat odborn\u00e9ho vzdel\u00e1vania\" \/>\n<meta property=\"article:publisher\" content=\"https:\/\/www.facebook.com\/Statnyinstitutodbornehovzdelavania\" \/>\n<meta property=\"article:published_time\" content=\"2025-06-11T13:02:19+00:00\" \/>\n<meta property=\"article:modified_time\" content=\"2025-07-07T13:37:15+00:00\" \/>\n<meta property=\"og:image\" content=\"https:\/\/archiv.siov.sk\/wp-content\/uploads\/2025\/02\/SCCF_Logo_FA_BIG_text.jpg\" \/>\n\t<meta property=\"og:image:width\" content=\"1726\" \/>\n\t<meta property=\"og:image:height\" content=\"764\" \/>\n\t<meta property=\"og:image:type\" content=\"image\/jpeg\" \/>\n<meta name=\"author\" content=\"Katar\u00edna Kov\u00e1\u010dov\u00e1\" \/>\n<meta name=\"twitter:card\" content=\"summary_large_image\" \/>\n<meta name=\"twitter:label1\" content=\"Written by\" \/>\n\t<meta name=\"twitter:data1\" content=\"Katar\u00edna Kov\u00e1\u010dov\u00e1\" \/>\n\t<meta name=\"twitter:label2\" content=\"Estimated reading time\" \/>\n\t<meta name=\"twitter:data2\" content=\"1 minute\" \/>\n<script type=\"application\/ld+json\" class=\"yoast-schema-graph\">{\"@context\":\"https:\\\/\\\/schema.org\",\"@graph\":[{\"@type\":\"Article\",\"@id\":\"https:\\\/\\\/archiv.siov.sk\\\/pozvanka-na-seminar-zamerany-na-vyucbu-cvicnej-firmy\\\/#article\",\"isPartOf\":{\"@id\":\"https:\\\/\\\/archiv.siov.sk\\\/pozvanka-na-seminar-zamerany-na-vyucbu-cvicnej-firmy\\\/\"},\"author\":{\"name\":\"Katar\u00edna Kov\u00e1\u010dov\u00e1\",\"@id\":\"https:\\\/\\\/archiv.siov.sk\\\/#\\\/schema\\\/person\\\/e42d633fbd958c6a726e8834d8965e6c\"},\"headline\":\"Pozv\u00e1nka na semin\u00e1r zameran\u00fd na v\u00fdu\u010dbu cvi\u010dnej firmy\",\"datePublished\":\"2025-06-11T13:02:19+00:00\",\"dateModified\":\"2025-07-07T13:37:15+00:00\",\"mainEntityOfPage\":{\"@id\":\"https:\\\/\\\/archiv.siov.sk\\\/pozvanka-na-seminar-zamerany-na-vyucbu-cvicnej-firmy\\\/\"},\"wordCount\":194,\"publisher\":{\"@id\":\"https:\\\/\\\/archiv.siov.sk\\\/#organization\"},\"image\":{\"@id\":\"https:\\\/\\\/archiv.siov.sk\\\/pozvanka-na-seminar-zamerany-na-vyucbu-cvicnej-firmy\\\/#primaryimage\"},\"thumbnailUrl\":\"https:\\\/\\\/archiv.siov.sk\\\/wp-content\\\/uploads\\\/2025\\\/02\\\/SCCF_Logo_FA_BIG_text.jpg\",\"articleSection\":[\"Aktuality\"],\"inLanguage\":\"en-GB\"},{\"@type\":\"WebPage\",\"@id\":\"https:\\\/\\\/archiv.siov.sk\\\/pozvanka-na-seminar-zamerany-na-vyucbu-cvicnej-firmy\\\/\",\"url\":\"https:\\\/\\\/archiv.siov.sk\\\/pozvanka-na-seminar-zamerany-na-vyucbu-cvicnej-firmy\\\/\",\"name\":\"Pozv\u00e1nka na semin\u00e1r zameran\u00fd na v\u00fdu\u010dbu cvi\u010dnej firmy - \u0160IOV - \u0161t\u00e1tny in\u0161tit\u00fat odborn\u00e9ho vzdel\u00e1vania\",\"isPartOf\":{\"@id\":\"https:\\\/\\\/archiv.siov.sk\\\/#website\"},\"primaryImageOfPage\":{\"@id\":\"https:\\\/\\\/archiv.siov.sk\\\/pozvanka-na-seminar-zamerany-na-vyucbu-cvicnej-firmy\\\/#primaryimage\"},\"image\":{\"@id\":\"https:\\\/\\\/archiv.siov.sk\\\/pozvanka-na-seminar-zamerany-na-vyucbu-cvicnej-firmy\\\/#primaryimage\"},\"thumbnailUrl\":\"https:\\\/\\\/archiv.siov.sk\\\/wp-content\\\/uploads\\\/2025\\\/02\\\/SCCF_Logo_FA_BIG_text.jpg\",\"datePublished\":\"2025-06-11T13:02:19+00:00\",\"dateModified\":\"2025-07-07T13:37:15+00:00\",\"breadcrumb\":{\"@id\":\"https:\\\/\\\/archiv.siov.sk\\\/pozvanka-na-seminar-zamerany-na-vyucbu-cvicnej-firmy\\\/#breadcrumb\"},\"inLanguage\":\"en-GB\",\"potentialAction\":[{\"@type\":\"ReadAction\",\"target\":[\"https:\\\/\\\/archiv.siov.sk\\\/pozvanka-na-seminar-zamerany-na-vyucbu-cvicnej-firmy\\\/\"]}]},{\"@type\":\"ImageObject\",\"inLanguage\":\"en-GB\",\"@id\":\"https:\\\/\\\/archiv.siov.sk\\\/pozvanka-na-seminar-zamerany-na-vyucbu-cvicnej-firmy\\\/#primaryimage\",\"url\":\"https:\\\/\\\/archiv.siov.sk\\\/wp-content\\\/uploads\\\/2025\\\/02\\\/SCCF_Logo_FA_BIG_text.jpg\",\"contentUrl\":\"https:\\\/\\\/archiv.siov.sk\\\/wp-content\\\/uploads\\\/2025\\\/02\\\/SCCF_Logo_FA_BIG_text.jpg\",\"width\":1726,\"height\":764},{\"@type\":\"BreadcrumbList\",\"@id\":\"https:\\\/\\\/archiv.siov.sk\\\/pozvanka-na-seminar-zamerany-na-vyucbu-cvicnej-firmy\\\/#breadcrumb\",\"itemListElement\":[{\"@type\":\"ListItem\",\"position\":1,\"name\":\"Home\",\"item\":\"https:\\\/\\\/archiv.siov.sk\\\/\"},{\"@type\":\"ListItem\",\"position\":2,\"name\":\"Pozv\u00e1nka na semin\u00e1r zameran\u00fd na v\u00fdu\u010dbu cvi\u010dnej firmy\"}]},{\"@type\":\"WebSite\",\"@id\":\"https:\\\/\\\/archiv.siov.sk\\\/#website\",\"url\":\"https:\\\/\\\/archiv.siov.sk\\\/\",\"name\":\"\u0160IOV - \u0161t\u00e1tny in\u0161tit\u00fat odborn\u00e9ho vzdel\u00e1vania\",\"description\":\"\",\"publisher\":{\"@id\":\"https:\\\/\\\/archiv.siov.sk\\\/#organization\"},\"potentialAction\":[{\"@type\":\"SearchAction\",\"target\":{\"@type\":\"EntryPoint\",\"urlTemplate\":\"https:\\\/\\\/archiv.siov.sk\\\/?s={search_term_string}\"},\"query-input\":{\"@type\":\"PropertyValueSpecification\",\"valueRequired\":true,\"valueName\":\"search_term_string\"}}],\"inLanguage\":\"en-GB\"},{\"@type\":\"Organization\",\"@id\":\"https:\\\/\\\/archiv.siov.sk\\\/#organization\",\"name\":\"\u0160IOV - \u0161t\u00e1tny in\u0161tit\u00fat odborn\u00e9ho vzdel\u00e1vania\",\"url\":\"https:\\\/\\\/archiv.siov.sk\\\/\",\"logo\":{\"@type\":\"ImageObject\",\"inLanguage\":\"en-GB\",\"@id\":\"https:\\\/\\\/archiv.siov.sk\\\/#\\\/schema\\\/logo\\\/image\\\/\",\"url\":\"https:\\\/\\\/archiv.siov.sk\\\/wp-content\\\/uploads\\\/2024\\\/02\\\/logo-SIOV.png\",\"contentUrl\":\"https:\\\/\\\/archiv.siov.sk\\\/wp-content\\\/uploads\\\/2024\\\/02\\\/logo-SIOV.png\",\"width\":431,\"height\":143,\"caption\":\"\u0160IOV - \u0161t\u00e1tny in\u0161tit\u00fat odborn\u00e9ho vzdel\u00e1vania\"},\"image\":{\"@id\":\"https:\\\/\\\/archiv.siov.sk\\\/#\\\/schema\\\/logo\\\/image\\\/\"},\"sameAs\":[\"https:\\\/\\\/www.facebook.com\\\/Statnyinstitutodbornehovzdelavania\"]},{\"@type\":\"Person\",\"@id\":\"https:\\\/\\\/archiv.siov.sk\\\/#\\\/schema\\\/person\\\/e42d633fbd958c6a726e8834d8965e6c\",\"name\":\"Katar\u00edna Kov\u00e1\u010dov\u00e1\",\"url\":\"https:\\\/\\\/archiv.siov.sk\\\/en\\\/author\\\/katkakovacova\\\/\"}]}<\/script>\n<!-- \/ Yoast SEO plugin. -->","yoast_head_json":{"title":"Pozv\u00e1nka na semin\u00e1r zameran\u00fd na v\u00fdu\u010dbu cvi\u010dnej firmy - \u0160IOV - \u0161t\u00e1tny in\u0161tit\u00fat odborn\u00e9ho vzdel\u00e1vania","robots":{"index":"index","follow":"follow","max-snippet":"max-snippet:-1","max-image-preview":"max-image-preview:large","max-video-preview":"max-video-preview:-1"},"canonical":"https:\/\/archiv.siov.sk\/en\/pozvanka-na-seminar-zamerany-na-vyucbu-cvicnej-firmy\/","og_locale":"en_GB","og_type":"article","og_title":"Pozv\u00e1nka na semin\u00e1r zameran\u00fd na v\u00fdu\u010dbu cvi\u010dnej firmy - \u0160IOV - \u0161t\u00e1tny in\u0161tit\u00fat odborn\u00e9ho vzdel\u00e1vania","og_description":"V\u00e1\u017een\u00e9 u\u010dite\u013eky, v\u00e1\u017een\u00ed u\u010ditelia, priatelia cvi\u010dn\u00fdch firiem, \u0160t\u00e1tny in\u0161tit\u00fat odborn\u00e9ho vzdel\u00e1vania, odbor Finan\u010dnej gramotnosti a Slovensk\u00e9 centrum cvi\u010dn\u00fdch firiem V\u00e1s poz\u00fdva na online semin\u00e1r pre pedagogick\u00fdch zamestnancov so zameran\u00edm na v\u00fdu\u010dbu cvi\u010dnej firmy, ktor\u00fd sa uskuto\u010dn\u00ed 2. j\u00fala 2025. Jeho t\u00e9mou je \u201eCvi\u010dn\u00e1 firma a IS SCCF. AI\/Google n\u00e1stroje pri pr\u00e1ci na podnikate\u013eskom z\u00e1mere&#8220;. Semin\u00e1r [&hellip;]","og_url":"https:\/\/archiv.siov.sk\/en\/pozvanka-na-seminar-zamerany-na-vyucbu-cvicnej-firmy\/","og_site_name":"\u0160IOV - \u0161t\u00e1tny in\u0161tit\u00fat odborn\u00e9ho vzdel\u00e1vania","article_publisher":"https:\/\/www.facebook.com\/Statnyinstitutodbornehovzdelavania","article_published_time":"2025-06-11T13:02:19+00:00","article_modified_time":"2025-07-07T13:37:15+00:00","og_image":[{"width":1726,"height":764,"url":"https:\/\/archiv.siov.sk\/wp-content\/uploads\/2025\/02\/SCCF_Logo_FA_BIG_text.jpg","type":"image\/jpeg"}],"author":"Katar\u00edna Kov\u00e1\u010dov\u00e1","twitter_card":"summary_large_image","twitter_misc":{"Written by":"Katar\u00edna Kov\u00e1\u010dov\u00e1","Estimated reading time":"1 minute"},"schema":{"@context":"https:\/\/schema.org","@graph":[{"@type":"Article","@id":"https:\/\/archiv.siov.sk\/pozvanka-na-seminar-zamerany-na-vyucbu-cvicnej-firmy\/#article","isPartOf":{"@id":"https:\/\/archiv.siov.sk\/pozvanka-na-seminar-zamerany-na-vyucbu-cvicnej-firmy\/"},"author":{"name":"Katar\u00edna Kov\u00e1\u010dov\u00e1","@id":"https:\/\/archiv.siov.sk\/#\/schema\/person\/e42d633fbd958c6a726e8834d8965e6c"},"headline":"Pozv\u00e1nka na semin\u00e1r zameran\u00fd na v\u00fdu\u010dbu cvi\u010dnej firmy","datePublished":"2025-06-11T13:02:19+00:00","dateModified":"2025-07-07T13:37:15+00:00","mainEntityOfPage":{"@id":"https:\/\/archiv.siov.sk\/pozvanka-na-seminar-zamerany-na-vyucbu-cvicnej-firmy\/"},"wordCount":194,"publisher":{"@id":"https:\/\/archiv.siov.sk\/#organization"},"image":{"@id":"https:\/\/archiv.siov.sk\/pozvanka-na-seminar-zamerany-na-vyucbu-cvicnej-firmy\/#primaryimage"},"thumbnailUrl":"https:\/\/archiv.siov.sk\/wp-content\/uploads\/2025\/02\/SCCF_Logo_FA_BIG_text.jpg","articleSection":["Aktuality"],"inLanguage":"en-GB"},{"@type":"WebPage","@id":"https:\/\/archiv.siov.sk\/pozvanka-na-seminar-zamerany-na-vyucbu-cvicnej-firmy\/","url":"https:\/\/archiv.siov.sk\/pozvanka-na-seminar-zamerany-na-vyucbu-cvicnej-firmy\/","name":"Pozv\u00e1nka na semin\u00e1r zameran\u00fd na v\u00fdu\u010dbu cvi\u010dnej firmy - \u0160IOV - \u0161t\u00e1tny in\u0161tit\u00fat odborn\u00e9ho vzdel\u00e1vania","isPartOf":{"@id":"https:\/\/archiv.siov.sk\/#website"},"primaryImageOfPage":{"@id":"https:\/\/archiv.siov.sk\/pozvanka-na-seminar-zamerany-na-vyucbu-cvicnej-firmy\/#primaryimage"},"image":{"@id":"https:\/\/archiv.siov.sk\/pozvanka-na-seminar-zamerany-na-vyucbu-cvicnej-firmy\/#primaryimage"},"thumbnailUrl":"https:\/\/archiv.siov.sk\/wp-content\/uploads\/2025\/02\/SCCF_Logo_FA_BIG_text.jpg","datePublished":"2025-06-11T13:02:19+00:00","dateModified":"2025-07-07T13:37:15+00:00","breadcrumb":{"@id":"https:\/\/archiv.siov.sk\/pozvanka-na-seminar-zamerany-na-vyucbu-cvicnej-firmy\/#breadcrumb"},"inLanguage":"en-GB","potentialAction":[{"@type":"ReadAction","target":["https:\/\/archiv.siov.sk\/pozvanka-na-seminar-zamerany-na-vyucbu-cvicnej-firmy\/"]}]},{"@type":"ImageObject","inLanguage":"en-GB","@id":"https:\/\/archiv.siov.sk\/pozvanka-na-seminar-zamerany-na-vyucbu-cvicnej-firmy\/#primaryimage","url":"https:\/\/archiv.siov.sk\/wp-content\/uploads\/2025\/02\/SCCF_Logo_FA_BIG_text.jpg","contentUrl":"https:\/\/archiv.siov.sk\/wp-content\/uploads\/2025\/02\/SCCF_Logo_FA_BIG_text.jpg","width":1726,"height":764},{"@type":"BreadcrumbList","@id":"https:\/\/archiv.siov.sk\/pozvanka-na-seminar-zamerany-na-vyucbu-cvicnej-firmy\/#breadcrumb","itemListElement":[{"@type":"ListItem","position":1,"name":"Home","item":"https:\/\/archiv.siov.sk\/"},{"@type":"ListItem","position":2,"name":"Pozv\u00e1nka na semin\u00e1r zameran\u00fd na v\u00fdu\u010dbu cvi\u010dnej firmy"}]},{"@type":"WebSite","@id":"https:\/\/archiv.siov.sk\/#website","url":"https:\/\/archiv.siov.sk\/","name":"\u0160IOV - \u0161t\u00e1tny in\u0161tit\u00fat odborn\u00e9ho vzdel\u00e1vania","description":"","publisher":{"@id":"https:\/\/archiv.siov.sk\/#organization"},"potentialAction":[{"@type":"SearchAction","target":{"@type":"EntryPoint","urlTemplate":"https:\/\/archiv.siov.sk\/?s={search_term_string}"},"query-input":{"@type":"PropertyValueSpecification","valueRequired":true,"valueName":"search_term_string"}}],"inLanguage":"en-GB"},{"@type":"Organization","@id":"https:\/\/archiv.siov.sk\/#organization","name":"\u0160IOV - \u0161t\u00e1tny in\u0161tit\u00fat odborn\u00e9ho vzdel\u00e1vania","url":"https:\/\/archiv.siov.sk\/","logo":{"@type":"ImageObject","inLanguage":"en-GB","@id":"https:\/\/archiv.siov.sk\/#\/schema\/logo\/image\/","url":"https:\/\/archiv.siov.sk\/wp-content\/uploads\/2024\/02\/logo-SIOV.png","contentUrl":"https:\/\/archiv.siov.sk\/wp-content\/uploads\/2024\/02\/logo-SIOV.png","width":431,"height":143,"caption":"\u0160IOV - \u0161t\u00e1tny in\u0161tit\u00fat odborn\u00e9ho vzdel\u00e1vania"},"image":{"@id":"https:\/\/archiv.siov.sk\/#\/schema\/logo\/image\/"},"sameAs":["https:\/\/www.facebook.com\/Statnyinstitutodbornehovzdelavania"]},{"@type":"Person","@id":"https:\/\/archiv.siov.sk\/#\/schema\/person\/e42d633fbd958c6a726e8834d8965e6c","name":"Katar\u00edna Kov\u00e1\u010dov\u00e1","url":"https:\/\/archiv.siov.sk\/en\/author\/katkakovacova\/"}]}},"_links":{"self":[{"href":"https:\/\/archiv.siov.sk\/en\/wp-json\/wp\/v2\/posts\/19380","targetHints":{"allow":["GET"]}}],"collection":[{"href":"https:\/\/archiv.siov.sk\/en\/wp-json\/wp\/v2\/posts"}],"about":[{"href":"https:\/\/archiv.siov.sk\/en\/wp-json\/wp\/v2\/types\/post"}],"author":[{"embeddable":true,"href":"https:\/\/archiv.siov.sk\/en\/wp-json\/wp\/v2\/users\/6"}],"replies":[{"embeddable":true,"href":"https:\/\/archiv.siov.sk\/en\/wp-json\/wp\/v2\/comments?post=19380"}],"version-history":[{"count":4,"href":"https:\/\/archiv.siov.sk\/en\/wp-json\/wp\/v2\/posts\/19380\/revisions"}],"predecessor-version":[{"id":19825,"href":"https:\/\/archiv.siov.sk\/en\/wp-json\/wp\/v2\/posts\/19380\/revisions\/19825"}],"wp:featuredmedia":[{"embeddable":true,"href":"https:\/\/archiv.siov.sk\/en\/wp-json\/wp\/v2\/media\/17793"}],"wp:attachment":[{"href":"https:\/\/archiv.siov.sk\/en\/wp-json\/wp\/v2\/media?parent=19380"}],"wp:term":[{"taxonomy":"category","embeddable":true,"href":"https:\/\/archiv.siov.sk\/en\/wp-json\/wp\/v2\/categories?post=19380"},{"taxonomy":"post_tag","embeddable":true,"href":"https:\/\/archiv.siov.sk\/en\/wp-json\/wp\/v2\/tags?post=19380"}],"curies":[{"name":"wp","href":"https:\/\/api.w.org\/{rel}","templated":true}]}}