{"id":19217,"date":"2025-05-28T13:53:55","date_gmt":"2025-05-28T11:53:55","guid":{"rendered":"https:\/\/archiv.siov.sk\/?p=19217"},"modified":"2025-07-03T08:16:52","modified_gmt":"2025-07-03T06:16:52","slug":"inspirativny-den-o-obcianskom-vzdelavani","status":"publish","type":"post","link":"https:\/\/archiv.siov.sk\/en\/inspirativny-den-o-obcianskom-vzdelavani\/","title":{"rendered":"In\u0161pirat\u00edvny de\u0148 o ob\u010dianskom vzdel\u00e1van\u00ed"},"content":{"rendered":"<p><strong>Podujatie presunut\u00e9 na september 2025.<\/strong><\/p>\n<p>\u0160t\u00e1tny in\u0161tit\u00fat odborn\u00e9ho vzdel\u00e1vania, In\u0161tit\u00fat pre akt\u00edvne ob\u010dianstvo a program \u0160koly, ktor\u00e9 menia svet v\u00e1s poz\u00fdvaj\u00fa na celodenn\u00e9 \u0161kolenie venovan\u00e9 aktu\u00e1lnym t\u00e9mam z oblasti ob\u010dianskeho vzdel\u00e1vania.<br \/>\n\u0160kolenie sa uskuto\u010dn\u00ed <strong>20. j\u00fana 2025 v \u010dase od 8:30 do 16:30<\/strong> v priestoroch <strong>Goethe-Institutu Bratislava<\/strong>.<\/p>\n<p>Vzdel\u00e1vanie dnes zah\u0155\u0148a omnoho viac ne\u017e len odovzd\u00e1vanie vedomost\u00ed \u2013 je o vytv\u00e1ran\u00ed spolo\u010densk\u00fdch hodn\u00f4t, podpore demokratick\u00e9ho ob\u010dianstva, rozv\u00edjan\u00ed \u017eivotn\u00fdch kompetenci\u00ed a schopnosti mlad\u00fdch \u013eud\u00ed porozumie\u0165 svetu, ktor\u00fd sa r\u00fdchlo men\u00ed. Tieto v\u00fdzvy sa t\u00fdkaj\u00fa cel\u00e9ho pedagogick\u00e9ho kolekt\u00edvu \u2013 od vedenia \u0161koly cez u\u010dite\u013eov v\u0161eobecnovzdel\u00e1vac\u00edch a odborn\u00fdch predmetov a\u017e po majstrov odborn\u00e9ho v\u00fdcviku.<\/p>\n<p>\u0160kolenie je \u0161peci\u00e1lne pripraven\u00e9 pre pedag\u00f3gov stredn\u00fdch odborn\u00fdch \u0161k\u00f4l, ktor\u00ed chc\u00fa spolu s nami h\u013eada\u0165 praktick\u00e9 odpovede na ot\u00e1zky a probl\u00e9my, s ktor\u00fdmi sa stret\u00e1vaj\u00fa \u017eiaci aj u\u010ditelia. Zameriame sa napr\u00edklad na budovanie d\u00f4very a motiv\u00e1cie, pr\u00e1cu s dezinform\u00e1ciami, deep fake, kritick\u00e9 myslenie, ako aj psychohygienu u\u010dite\u013eov. Pozornos\u0165 budeme venova\u0165 aj medzigenera\u010dnej komunik\u00e1cii, empatii a podpore akt\u00edvneho ob\u010dianstva.<\/p>\n<p>\u00da\u010dastn\u00edci \u0161kolenia z\u00edskaj\u00fa pr\u00edstup k overen\u00fdm metodick\u00fdm materi\u00e1lom, vide\u00e1m a n\u00e1strojom vyu\u017eite\u013en\u00fdm v pedagogickej praxi. Mnoh\u00e9 z t\u00fdchto pr\u00edstupov vznikli v spolupr\u00e1ci s nemeck\u00fdm \u0160t\u00e1tnym in\u0161tit\u00fatom pre odborn\u00e9 vzdel\u00e1vanie (Bundesinstitut f\u00fcr Berufsbildung).<\/p>\n<p>Podujatie je bezplatn\u00e9. Ob\u010derstvenie po\u010das d\u0148a je zabezpe\u010den\u00e9.<\/p>\n<p>Po\u010det miest je limitovan\u00fd, preto sa v\u00a0pr\u00edpade z\u00e1ujmu v\u010das registrujte:<br \/>\n<a href=\"https:\/\/forms.office.com\/e\/Hi2imKsaqb\" target=\"_blank\" rel=\"noopener\">https:\/\/forms.office.com\/e\/Hi2imKsaqb<\/a><\/p>\n<p>Te\u0161\u00edme sa na v\u00e1s!<\/p>\n<figure id=\"attachment_19606\" aria-describedby=\"caption-attachment-19606\" style=\"width: 400px\" class=\"wp-caption aligncenter\"><img decoding=\"async\" class=\"wp-image-19606\" src=\"https:\/\/archiv.siov.sk\/wp-content\/uploads\/2025\/06\/spolufinancovane-EU-300x86.png\" alt=\"spolufinancovany EU logo\" width=\"400\" height=\"114\" srcset=\"https:\/\/archiv.siov.sk\/wp-content\/uploads\/2025\/06\/spolufinancovane-EU-300x86.png 300w, https:\/\/archiv.siov.sk\/wp-content\/uploads\/2025\/06\/spolufinancovane-EU-18x5.png 18w, https:\/\/archiv.siov.sk\/wp-content\/uploads\/2025\/06\/spolufinancovane-EU.png 600w\" sizes=\"(max-width: 400px) 100vw, 400px\" \/><figcaption id=\"caption-attachment-19606\" class=\"wp-caption-text\">Financovan\u00e9 Eur\u00f3pskou \u00faniou. Vyjadren\u00e9 n\u00e1zory a postoje s\u00fa n\u00e1zormi a vyhl\u00e1seniami autora a nemusia nevyhnutne odr\u00e1\u017ea\u0165 n\u00e1zory a stanovisk\u00e1 Eur\u00f3pskej \u00fanie alebo Eur\u00f3pskej v\u00fdkonnej agent\u00fary pre vzdel\u00e1vanie a kult\u00faru (EACEA). Eur\u00f3pska \u00fania ani EACEA za ne nepreberaj\u00fa \u017eiadnu zodpovednos\u0165.<\/figcaption><\/figure>","protected":false},"excerpt":{"rendered":"<p>Podujatie presunut\u00e9 na september 2025. \u0160t\u00e1tny in\u0161tit\u00fat odborn\u00e9ho vzdel\u00e1vania, In\u0161tit\u00fat pre akt\u00edvne ob\u010dianstvo a program \u0160koly, ktor\u00e9 menia svet v\u00e1s poz\u00fdvaj\u00fa na celodenn\u00e9 \u0161kolenie venovan\u00e9 aktu\u00e1lnym t\u00e9mam z oblasti ob\u010dianskeho vzdel\u00e1vania. \u0160kolenie sa uskuto\u010dn\u00ed 20. j\u00fana 2025 v \u010dase od 8:30 do 16:30 v priestoroch Goethe-Institutu Bratislava. Vzdel\u00e1vanie dnes zah\u0155\u0148a omnoho viac ne\u017e len odovzd\u00e1vanie [&hellip;]<\/p>\n","protected":false},"author":10,"featured_media":19218,"comment_status":"closed","ping_status":"closed","sticky":false,"template":"","format":"standard","meta":{"site-sidebar-layout":"default","site-content-layout":"","ast-site-content-layout":"default","site-content-style":"default","site-sidebar-style":"default","ast-global-header-display":"","ast-banner-title-visibility":"","ast-main-header-display":"","ast-hfb-above-header-display":"","ast-hfb-below-header-display":"","ast-hfb-mobile-header-display":"","site-post-title":"","ast-breadcrumbs-content":"","ast-featured-img":"","footer-sml-layout":"","ast-disable-related-posts":"","theme-transparent-header-meta":"default","adv-header-id-meta":"","stick-header-meta":"default","header-above-stick-meta":"","header-main-stick-meta":"","header-below-stick-meta":"","astra-migrate-meta-layouts":"set","ast-page-background-enabled":"default","ast-page-background-meta":{"desktop":{"background-color":"var(--ast-global-color-4)","background-image":"","background-repeat":"repeat","background-position":"center center","background-size":"auto","background-attachment":"scroll","background-type":"","background-media":"","overlay-type":"","overlay-color":"","overlay-opacity":"","overlay-gradient":""},"tablet":{"background-color":"","background-image":"","background-repeat":"repeat","background-position":"center center","background-size":"auto","background-attachment":"scroll","background-type":"","background-media":"","overlay-type":"","overlay-color":"","overlay-opacity":"","overlay-gradient":""},"mobile":{"background-color":"","background-image":"","background-repeat":"repeat","background-position":"center center","background-size":"auto","background-attachment":"scroll","background-type":"","background-media":"","overlay-type":"","overlay-color":"","overlay-opacity":"","overlay-gradient":""}},"ast-content-background-meta":{"desktop":{"background-color":"var(--ast-global-color-5)","background-image":"","background-repeat":"repeat","background-position":"center center","background-size":"auto","background-attachment":"scroll","background-type":"","background-media":"","overlay-type":"","overlay-color":"","overlay-opacity":"","overlay-gradient":""},"tablet":{"background-color":"var(--ast-global-color-5)","background-image":"","background-repeat":"repeat","background-position":"center center","background-size":"auto","background-attachment":"scroll","background-type":"","background-media":"","overlay-type":"","overlay-color":"","overlay-opacity":"","overlay-gradient":""},"mobile":{"background-color":"var(--ast-global-color-5)","background-image":"","background-repeat":"repeat","background-position":"center center","background-size":"auto","background-attachment":"scroll","background-type":"","background-media":"","overlay-type":"","overlay-color":"","overlay-opacity":"","overlay-gradient":""}},"footnotes":""},"categories":[1],"tags":[],"class_list":["post-19217","post","type-post","status-publish","format-standard","has-post-thumbnail","hentry","category-aktuality"],"yoast_head":"<!-- This site is optimized with the Yoast SEO plugin v27.5 - https:\/\/yoast.com\/product\/yoast-seo-wordpress\/ -->\n<title>In\u0161pirat\u00edvny de\u0148 o ob\u010dianskom vzdel\u00e1van\u00ed - \u0160IOV - \u0161t\u00e1tny in\u0161tit\u00fat odborn\u00e9ho vzdel\u00e1vania<\/title>\n<meta name=\"robots\" content=\"index, follow, max-snippet:-1, max-image-preview:large, max-video-preview:-1\" \/>\n<link rel=\"canonical\" href=\"https:\/\/archiv.siov.sk\/en\/inspirativny-den-o-obcianskom-vzdelavani\/\" \/>\n<meta property=\"og:locale\" content=\"en_GB\" \/>\n<meta property=\"og:type\" content=\"article\" \/>\n<meta property=\"og:title\" content=\"In\u0161pirat\u00edvny de\u0148 o ob\u010dianskom vzdel\u00e1van\u00ed - \u0160IOV - \u0161t\u00e1tny in\u0161tit\u00fat odborn\u00e9ho vzdel\u00e1vania\" \/>\n<meta property=\"og:description\" content=\"Podujatie presunut\u00e9 na september 2025. \u0160t\u00e1tny in\u0161tit\u00fat odborn\u00e9ho vzdel\u00e1vania, In\u0161tit\u00fat pre akt\u00edvne ob\u010dianstvo a program \u0160koly, ktor\u00e9 menia svet v\u00e1s poz\u00fdvaj\u00fa na celodenn\u00e9 \u0161kolenie venovan\u00e9 aktu\u00e1lnym t\u00e9mam z oblasti ob\u010dianskeho vzdel\u00e1vania. \u0160kolenie sa uskuto\u010dn\u00ed 20. j\u00fana 2025 v \u010dase od 8:30 do 16:30 v priestoroch Goethe-Institutu Bratislava. Vzdel\u00e1vanie dnes zah\u0155\u0148a omnoho viac ne\u017e len odovzd\u00e1vanie [&hellip;]\" \/>\n<meta property=\"og:url\" content=\"https:\/\/archiv.siov.sk\/en\/inspirativny-den-o-obcianskom-vzdelavani\/\" \/>\n<meta property=\"og:site_name\" content=\"\u0160IOV - \u0161t\u00e1tny in\u0161tit\u00fat odborn\u00e9ho vzdel\u00e1vania\" \/>\n<meta property=\"article:publisher\" content=\"https:\/\/www.facebook.com\/Statnyinstitutodbornehovzdelavania\" \/>\n<meta property=\"article:published_time\" content=\"2025-05-28T11:53:55+00:00\" \/>\n<meta property=\"article:modified_time\" content=\"2025-07-03T06:16:52+00:00\" \/>\n<meta property=\"og:image\" content=\"https:\/\/archiv.siov.sk\/wp-content\/uploads\/2025\/05\/obcianske_vzdelavanie-Karta.png\" \/>\n\t<meta property=\"og:image:width\" content=\"1748\" \/>\n\t<meta property=\"og:image:height\" content=\"1240\" \/>\n\t<meta property=\"og:image:type\" content=\"image\/png\" \/>\n<meta name=\"author\" content=\"Gabriela Budayov\u00e1\" \/>\n<meta name=\"twitter:card\" content=\"summary_large_image\" \/>\n<meta name=\"twitter:label1\" content=\"Written by\" \/>\n\t<meta name=\"twitter:data1\" content=\"Gabriela Budayov\u00e1\" \/>\n\t<meta name=\"twitter:label2\" content=\"Estimated reading time\" \/>\n\t<meta name=\"twitter:data2\" content=\"2 minutes\" \/>\n<script type=\"application\/ld+json\" class=\"yoast-schema-graph\">{\"@context\":\"https:\\\/\\\/schema.org\",\"@graph\":[{\"@type\":\"Article\",\"@id\":\"https:\\\/\\\/archiv.siov.sk\\\/inspirativny-den-o-obcianskom-vzdelavani\\\/#article\",\"isPartOf\":{\"@id\":\"https:\\\/\\\/archiv.siov.sk\\\/inspirativny-den-o-obcianskom-vzdelavani\\\/\"},\"author\":{\"name\":\"Gabriela Budayov\u00e1\",\"@id\":\"https:\\\/\\\/archiv.siov.sk\\\/#\\\/schema\\\/person\\\/2d35146a9c0fa51b027e8ff319cee627\"},\"headline\":\"In\u0161pirat\u00edvny de\u0148 o ob\u010dianskom vzdel\u00e1van\u00ed\",\"datePublished\":\"2025-05-28T11:53:55+00:00\",\"dateModified\":\"2025-07-03T06:16:52+00:00\",\"mainEntityOfPage\":{\"@id\":\"https:\\\/\\\/archiv.siov.sk\\\/inspirativny-den-o-obcianskom-vzdelavani\\\/\"},\"wordCount\":376,\"publisher\":{\"@id\":\"https:\\\/\\\/archiv.siov.sk\\\/#organization\"},\"image\":{\"@id\":\"https:\\\/\\\/archiv.siov.sk\\\/inspirativny-den-o-obcianskom-vzdelavani\\\/#primaryimage\"},\"thumbnailUrl\":\"https:\\\/\\\/archiv.siov.sk\\\/wp-content\\\/uploads\\\/2025\\\/05\\\/obcianske_vzdelavanie-Karta.png\",\"articleSection\":[\"Aktuality\"],\"inLanguage\":\"en-GB\"},{\"@type\":\"WebPage\",\"@id\":\"https:\\\/\\\/archiv.siov.sk\\\/inspirativny-den-o-obcianskom-vzdelavani\\\/\",\"url\":\"https:\\\/\\\/archiv.siov.sk\\\/inspirativny-den-o-obcianskom-vzdelavani\\\/\",\"name\":\"In\u0161pirat\u00edvny de\u0148 o ob\u010dianskom vzdel\u00e1van\u00ed - \u0160IOV - \u0161t\u00e1tny in\u0161tit\u00fat odborn\u00e9ho vzdel\u00e1vania\",\"isPartOf\":{\"@id\":\"https:\\\/\\\/archiv.siov.sk\\\/#website\"},\"primaryImageOfPage\":{\"@id\":\"https:\\\/\\\/archiv.siov.sk\\\/inspirativny-den-o-obcianskom-vzdelavani\\\/#primaryimage\"},\"image\":{\"@id\":\"https:\\\/\\\/archiv.siov.sk\\\/inspirativny-den-o-obcianskom-vzdelavani\\\/#primaryimage\"},\"thumbnailUrl\":\"https:\\\/\\\/archiv.siov.sk\\\/wp-content\\\/uploads\\\/2025\\\/05\\\/obcianske_vzdelavanie-Karta.png\",\"datePublished\":\"2025-05-28T11:53:55+00:00\",\"dateModified\":\"2025-07-03T06:16:52+00:00\",\"breadcrumb\":{\"@id\":\"https:\\\/\\\/archiv.siov.sk\\\/inspirativny-den-o-obcianskom-vzdelavani\\\/#breadcrumb\"},\"inLanguage\":\"en-GB\",\"potentialAction\":[{\"@type\":\"ReadAction\",\"target\":[\"https:\\\/\\\/archiv.siov.sk\\\/inspirativny-den-o-obcianskom-vzdelavani\\\/\"]}]},{\"@type\":\"ImageObject\",\"inLanguage\":\"en-GB\",\"@id\":\"https:\\\/\\\/archiv.siov.sk\\\/inspirativny-den-o-obcianskom-vzdelavani\\\/#primaryimage\",\"url\":\"https:\\\/\\\/archiv.siov.sk\\\/wp-content\\\/uploads\\\/2025\\\/05\\\/obcianske_vzdelavanie-Karta.png\",\"contentUrl\":\"https:\\\/\\\/archiv.siov.sk\\\/wp-content\\\/uploads\\\/2025\\\/05\\\/obcianske_vzdelavanie-Karta.png\",\"width\":1748,\"height\":1240,\"caption\":\"pozvanka na obcianske vzdelavanie\"},{\"@type\":\"BreadcrumbList\",\"@id\":\"https:\\\/\\\/archiv.siov.sk\\\/inspirativny-den-o-obcianskom-vzdelavani\\\/#breadcrumb\",\"itemListElement\":[{\"@type\":\"ListItem\",\"position\":1,\"name\":\"Home\",\"item\":\"https:\\\/\\\/archiv.siov.sk\\\/\"},{\"@type\":\"ListItem\",\"position\":2,\"name\":\"In\u0161pirat\u00edvny de\u0148 o ob\u010dianskom vzdel\u00e1van\u00ed\"}]},{\"@type\":\"WebSite\",\"@id\":\"https:\\\/\\\/archiv.siov.sk\\\/#website\",\"url\":\"https:\\\/\\\/archiv.siov.sk\\\/\",\"name\":\"\u0160IOV - \u0161t\u00e1tny in\u0161tit\u00fat odborn\u00e9ho vzdel\u00e1vania\",\"description\":\"\",\"publisher\":{\"@id\":\"https:\\\/\\\/archiv.siov.sk\\\/#organization\"},\"potentialAction\":[{\"@type\":\"SearchAction\",\"target\":{\"@type\":\"EntryPoint\",\"urlTemplate\":\"https:\\\/\\\/archiv.siov.sk\\\/?s={search_term_string}\"},\"query-input\":{\"@type\":\"PropertyValueSpecification\",\"valueRequired\":true,\"valueName\":\"search_term_string\"}}],\"inLanguage\":\"en-GB\"},{\"@type\":\"Organization\",\"@id\":\"https:\\\/\\\/archiv.siov.sk\\\/#organization\",\"name\":\"\u0160IOV - \u0161t\u00e1tny in\u0161tit\u00fat odborn\u00e9ho vzdel\u00e1vania\",\"url\":\"https:\\\/\\\/archiv.siov.sk\\\/\",\"logo\":{\"@type\":\"ImageObject\",\"inLanguage\":\"en-GB\",\"@id\":\"https:\\\/\\\/archiv.siov.sk\\\/#\\\/schema\\\/logo\\\/image\\\/\",\"url\":\"https:\\\/\\\/archiv.siov.sk\\\/wp-content\\\/uploads\\\/2024\\\/02\\\/logo-SIOV.png\",\"contentUrl\":\"https:\\\/\\\/archiv.siov.sk\\\/wp-content\\\/uploads\\\/2024\\\/02\\\/logo-SIOV.png\",\"width\":431,\"height\":143,\"caption\":\"\u0160IOV - \u0161t\u00e1tny in\u0161tit\u00fat odborn\u00e9ho vzdel\u00e1vania\"},\"image\":{\"@id\":\"https:\\\/\\\/archiv.siov.sk\\\/#\\\/schema\\\/logo\\\/image\\\/\"},\"sameAs\":[\"https:\\\/\\\/www.facebook.com\\\/Statnyinstitutodbornehovzdelavania\"]},{\"@type\":\"Person\",\"@id\":\"https:\\\/\\\/archiv.siov.sk\\\/#\\\/schema\\\/person\\\/2d35146a9c0fa51b027e8ff319cee627\",\"name\":\"Gabriela Budayov\u00e1\",\"url\":\"https:\\\/\\\/archiv.siov.sk\\\/en\\\/author\\\/gabriela-budayova\\\/\"}]}<\/script>\n<!-- \/ Yoast SEO plugin. -->","yoast_head_json":{"title":"In\u0161pirat\u00edvny de\u0148 o ob\u010dianskom vzdel\u00e1van\u00ed - \u0160IOV - \u0161t\u00e1tny in\u0161tit\u00fat odborn\u00e9ho vzdel\u00e1vania","robots":{"index":"index","follow":"follow","max-snippet":"max-snippet:-1","max-image-preview":"max-image-preview:large","max-video-preview":"max-video-preview:-1"},"canonical":"https:\/\/archiv.siov.sk\/en\/inspirativny-den-o-obcianskom-vzdelavani\/","og_locale":"en_GB","og_type":"article","og_title":"In\u0161pirat\u00edvny de\u0148 o ob\u010dianskom vzdel\u00e1van\u00ed - \u0160IOV - \u0161t\u00e1tny in\u0161tit\u00fat odborn\u00e9ho vzdel\u00e1vania","og_description":"Podujatie presunut\u00e9 na september 2025. \u0160t\u00e1tny in\u0161tit\u00fat odborn\u00e9ho vzdel\u00e1vania, In\u0161tit\u00fat pre akt\u00edvne ob\u010dianstvo a program \u0160koly, ktor\u00e9 menia svet v\u00e1s poz\u00fdvaj\u00fa na celodenn\u00e9 \u0161kolenie venovan\u00e9 aktu\u00e1lnym t\u00e9mam z oblasti ob\u010dianskeho vzdel\u00e1vania. \u0160kolenie sa uskuto\u010dn\u00ed 20. j\u00fana 2025 v \u010dase od 8:30 do 16:30 v priestoroch Goethe-Institutu Bratislava. Vzdel\u00e1vanie dnes zah\u0155\u0148a omnoho viac ne\u017e len odovzd\u00e1vanie [&hellip;]","og_url":"https:\/\/archiv.siov.sk\/en\/inspirativny-den-o-obcianskom-vzdelavani\/","og_site_name":"\u0160IOV - \u0161t\u00e1tny in\u0161tit\u00fat odborn\u00e9ho vzdel\u00e1vania","article_publisher":"https:\/\/www.facebook.com\/Statnyinstitutodbornehovzdelavania","article_published_time":"2025-05-28T11:53:55+00:00","article_modified_time":"2025-07-03T06:16:52+00:00","og_image":[{"width":1748,"height":1240,"url":"https:\/\/archiv.siov.sk\/wp-content\/uploads\/2025\/05\/obcianske_vzdelavanie-Karta.png","type":"image\/png"}],"author":"Gabriela Budayov\u00e1","twitter_card":"summary_large_image","twitter_misc":{"Written by":"Gabriela Budayov\u00e1","Estimated reading time":"2 minutes"},"schema":{"@context":"https:\/\/schema.org","@graph":[{"@type":"Article","@id":"https:\/\/archiv.siov.sk\/inspirativny-den-o-obcianskom-vzdelavani\/#article","isPartOf":{"@id":"https:\/\/archiv.siov.sk\/inspirativny-den-o-obcianskom-vzdelavani\/"},"author":{"name":"Gabriela Budayov\u00e1","@id":"https:\/\/archiv.siov.sk\/#\/schema\/person\/2d35146a9c0fa51b027e8ff319cee627"},"headline":"In\u0161pirat\u00edvny de\u0148 o ob\u010dianskom vzdel\u00e1van\u00ed","datePublished":"2025-05-28T11:53:55+00:00","dateModified":"2025-07-03T06:16:52+00:00","mainEntityOfPage":{"@id":"https:\/\/archiv.siov.sk\/inspirativny-den-o-obcianskom-vzdelavani\/"},"wordCount":376,"publisher":{"@id":"https:\/\/archiv.siov.sk\/#organization"},"image":{"@id":"https:\/\/archiv.siov.sk\/inspirativny-den-o-obcianskom-vzdelavani\/#primaryimage"},"thumbnailUrl":"https:\/\/archiv.siov.sk\/wp-content\/uploads\/2025\/05\/obcianske_vzdelavanie-Karta.png","articleSection":["Aktuality"],"inLanguage":"en-GB"},{"@type":"WebPage","@id":"https:\/\/archiv.siov.sk\/inspirativny-den-o-obcianskom-vzdelavani\/","url":"https:\/\/archiv.siov.sk\/inspirativny-den-o-obcianskom-vzdelavani\/","name":"In\u0161pirat\u00edvny de\u0148 o ob\u010dianskom vzdel\u00e1van\u00ed - \u0160IOV - \u0161t\u00e1tny in\u0161tit\u00fat odborn\u00e9ho vzdel\u00e1vania","isPartOf":{"@id":"https:\/\/archiv.siov.sk\/#website"},"primaryImageOfPage":{"@id":"https:\/\/archiv.siov.sk\/inspirativny-den-o-obcianskom-vzdelavani\/#primaryimage"},"image":{"@id":"https:\/\/archiv.siov.sk\/inspirativny-den-o-obcianskom-vzdelavani\/#primaryimage"},"thumbnailUrl":"https:\/\/archiv.siov.sk\/wp-content\/uploads\/2025\/05\/obcianske_vzdelavanie-Karta.png","datePublished":"2025-05-28T11:53:55+00:00","dateModified":"2025-07-03T06:16:52+00:00","breadcrumb":{"@id":"https:\/\/archiv.siov.sk\/inspirativny-den-o-obcianskom-vzdelavani\/#breadcrumb"},"inLanguage":"en-GB","potentialAction":[{"@type":"ReadAction","target":["https:\/\/archiv.siov.sk\/inspirativny-den-o-obcianskom-vzdelavani\/"]}]},{"@type":"ImageObject","inLanguage":"en-GB","@id":"https:\/\/archiv.siov.sk\/inspirativny-den-o-obcianskom-vzdelavani\/#primaryimage","url":"https:\/\/archiv.siov.sk\/wp-content\/uploads\/2025\/05\/obcianske_vzdelavanie-Karta.png","contentUrl":"https:\/\/archiv.siov.sk\/wp-content\/uploads\/2025\/05\/obcianske_vzdelavanie-Karta.png","width":1748,"height":1240,"caption":"pozvanka na obcianske vzdelavanie"},{"@type":"BreadcrumbList","@id":"https:\/\/archiv.siov.sk\/inspirativny-den-o-obcianskom-vzdelavani\/#breadcrumb","itemListElement":[{"@type":"ListItem","position":1,"name":"Home","item":"https:\/\/archiv.siov.sk\/"},{"@type":"ListItem","position":2,"name":"In\u0161pirat\u00edvny de\u0148 o ob\u010dianskom vzdel\u00e1van\u00ed"}]},{"@type":"WebSite","@id":"https:\/\/archiv.siov.sk\/#website","url":"https:\/\/archiv.siov.sk\/","name":"\u0160IOV - \u0161t\u00e1tny in\u0161tit\u00fat odborn\u00e9ho vzdel\u00e1vania","description":"","publisher":{"@id":"https:\/\/archiv.siov.sk\/#organization"},"potentialAction":[{"@type":"SearchAction","target":{"@type":"EntryPoint","urlTemplate":"https:\/\/archiv.siov.sk\/?s={search_term_string}"},"query-input":{"@type":"PropertyValueSpecification","valueRequired":true,"valueName":"search_term_string"}}],"inLanguage":"en-GB"},{"@type":"Organization","@id":"https:\/\/archiv.siov.sk\/#organization","name":"\u0160IOV - \u0161t\u00e1tny in\u0161tit\u00fat odborn\u00e9ho vzdel\u00e1vania","url":"https:\/\/archiv.siov.sk\/","logo":{"@type":"ImageObject","inLanguage":"en-GB","@id":"https:\/\/archiv.siov.sk\/#\/schema\/logo\/image\/","url":"https:\/\/archiv.siov.sk\/wp-content\/uploads\/2024\/02\/logo-SIOV.png","contentUrl":"https:\/\/archiv.siov.sk\/wp-content\/uploads\/2024\/02\/logo-SIOV.png","width":431,"height":143,"caption":"\u0160IOV - \u0161t\u00e1tny in\u0161tit\u00fat odborn\u00e9ho vzdel\u00e1vania"},"image":{"@id":"https:\/\/archiv.siov.sk\/#\/schema\/logo\/image\/"},"sameAs":["https:\/\/www.facebook.com\/Statnyinstitutodbornehovzdelavania"]},{"@type":"Person","@id":"https:\/\/archiv.siov.sk\/#\/schema\/person\/2d35146a9c0fa51b027e8ff319cee627","name":"Gabriela Budayov\u00e1","url":"https:\/\/archiv.siov.sk\/en\/author\/gabriela-budayova\/"}]}},"_links":{"self":[{"href":"https:\/\/archiv.siov.sk\/en\/wp-json\/wp\/v2\/posts\/19217","targetHints":{"allow":["GET"]}}],"collection":[{"href":"https:\/\/archiv.siov.sk\/en\/wp-json\/wp\/v2\/posts"}],"about":[{"href":"https:\/\/archiv.siov.sk\/en\/wp-json\/wp\/v2\/types\/post"}],"author":[{"embeddable":true,"href":"https:\/\/archiv.siov.sk\/en\/wp-json\/wp\/v2\/users\/10"}],"replies":[{"embeddable":true,"href":"https:\/\/archiv.siov.sk\/en\/wp-json\/wp\/v2\/comments?post=19217"}],"version-history":[{"count":7,"href":"https:\/\/archiv.siov.sk\/en\/wp-json\/wp\/v2\/posts\/19217\/revisions"}],"predecessor-version":[{"id":19725,"href":"https:\/\/archiv.siov.sk\/en\/wp-json\/wp\/v2\/posts\/19217\/revisions\/19725"}],"wp:featuredmedia":[{"embeddable":true,"href":"https:\/\/archiv.siov.sk\/en\/wp-json\/wp\/v2\/media\/19218"}],"wp:attachment":[{"href":"https:\/\/archiv.siov.sk\/en\/wp-json\/wp\/v2\/media?parent=19217"}],"wp:term":[{"taxonomy":"category","embeddable":true,"href":"https:\/\/archiv.siov.sk\/en\/wp-json\/wp\/v2\/categories?post=19217"},{"taxonomy":"post_tag","embeddable":true,"href":"https:\/\/archiv.siov.sk\/en\/wp-json\/wp\/v2\/tags?post=19217"}],"curies":[{"name":"wp","href":"https:\/\/api.w.org\/{rel}","templated":true}]}}