{"id":18981,"date":"2025-05-20T08:55:32","date_gmt":"2025-05-20T06:55:32","guid":{"rendered":"https:\/\/archiv.siov.sk\/?p=18981"},"modified":"2025-05-20T09:30:27","modified_gmt":"2025-05-20T07:30:27","slug":"vo-svajciarsku-si-zamestnavatelia-talenty-vychovavaju-sami-nemusia-ich-hladat-na-pracovnom-trhu-islo-by-to-aj-na-slovensku","status":"publish","type":"post","link":"https:\/\/archiv.siov.sk\/en\/vo-svajciarsku-si-zamestnavatelia-talenty-vychovavaju-sami-nemusia-ich-hladat-na-pracovnom-trhu-islo-by-to-aj-na-slovensku\/","title":{"rendered":"Vo \u0160vaj\u010diarsku si zamestn\u00e1vatelia talenty vychov\u00e1vaj\u00fa sami. Nemusia ich h\u013eada\u0165 na pracovnom trhu. I\u0161lo by to aj na Slovensku?"},"content":{"rendered":"<div data-elementor-type=\"wp-post\" data-elementor-id=\"18981\" class=\"elementor elementor-18981\" data-elementor-post-type=\"post\">\n\t\t\t\t<div class=\"elementor-element elementor-element-17abd6c5 e-flex e-con-boxed e-con e-parent\" data-id=\"17abd6c5\" data-element_type=\"container\" data-e-type=\"container\">\n\t\t\t\t\t<div class=\"e-con-inner\">\n\t\t\t\t<div class=\"elementor-element elementor-element-56947d94 elementor-widget elementor-widget-text-editor\" data-id=\"56947d94\" data-element_type=\"widget\" data-e-type=\"widget\" data-widget_type=\"text-editor.default\">\n\t\t\t\t<div class=\"elementor-widget-container\">\n\t\t\t\t\t\t\t\t\t<p>Minul\u00fd t\u00fd\u017ede\u0148 bolo v centre pozornosti \u0161vaj\u010diarske du\u00e1lne vzdel\u00e1vanie. Du\u00e1lne vzdel\u00e1vanie tam zabezpe\u010duj\u00fa 3 druhy subjektov: zamestn\u00e1vate\u013e, \u0161kola a nadpodnikov\u00e9 centrum, to v\u0161etko v intenz\u00edvnom prepojen\u00ed s profesijnou organiz\u00e1ciou a kantonom. V krajine s\u00a0<a href=\"https:\/\/ggba.swiss\/en\/education-in-switzerland\/\" target=\"_blank\" rel=\"noopener\">najlep\u0161\u00edm syst\u00e9mom odborn\u00e9ho vzdel\u00e1vania<\/a> a\u00a0dlhoro\u010dnou trad\u00edciou du\u00e1lneho vzdel\u00e1vania h\u013eadal n\u00e1\u0161 projektov\u00fd t\u00edm <a href=\"http:\/\/www.cestaprofika.sk\" target=\"_blank\" rel=\"noopener\"><em>Zlep\u0161enie kvality a atrakt\u00edvnosti OVP v s\u00falade s potrebami trhu pr\u00e1ce<\/em><\/a>\u00a0spolo\u010dne so z\u00e1stupcami stredn\u00fdch odborn\u00fdch \u0161k\u00f4l, zamestn\u00e1vate\u013eov, Republikovej \u00fanie zamestn\u00e1vate\u013eov a\u00a0Zv\u00e4zu stavebn\u00fdch podnikate\u013eov Slovenska in\u0161pir\u00e1cie pre stavebn\u00fd sektor na Slovensku .<\/p><p>Ako vyzer\u00e1 \u0161t\u00fadium, ktor\u00e9 pripravuje mlad\u00fdch \u013eud\u00ed nielen na sk\u00fa\u0161ky, ale aj na \u017eivot a pr\u00e1cu? Po\u010das n\u00e1v\u0161tevy sa t\u00edm \u0161tudijnej cesty stretol so zamestn\u00e1vate\u013eom \u2013 v\u00fdrobn\u00fdm podnikom <a href=\"https:\/\/andre.ch\/\" target=\"_blank\" rel=\"noopener\">Andr\u00e9 SA<\/a>, ktor\u00fd sa podelil o svoje praktick\u00e9 sk\u00fasenosti s du\u00e1lnym modelom vzdel\u00e1vania \u2013 inteligentnou kombin\u00e1ciou u\u010d\u0148ovskej pr\u00edpravy v podniku v\u00a0d\u013a\u017eke a\u017e 4 dni t\u00fd\u017edenne a teoretickej pr\u00edpravy na strednej odbornej \u0161kole. Dozvedeli sa s\u00a0ak\u00fdmi v\u00fdsledkami tento model vo svojom podniku integruj\u00fa, ako vytv\u00e1raj\u00fa pracovn\u00e9 t\u00edmy, ktor\u00fdch organickou s\u00fa\u010das\u0165ou s\u00fa mlad\u00ed u\u010dni a\u00a0tie\u017e to, ak\u00e1 bola cesta dvoch b\u00fdval\u00fdch u\u010d\u0148ov, ktor\u00ed dnes v\u00a0podniku pracuj\u00fa na pln\u00fd \u00fav\u00e4zok.<\/p><p>Teoretick\u00e1 v\u00fdu\u010dba \u017eiakov bola t\u00edmu predstaven\u00e1 v <a href=\"https:\/\/www.vd.ch\/formation\/centre-denseignement-professionnel-de-morges-cepm\" target=\"_blank\" rel=\"noopener\">Centre odborn\u00e9ho vzdel\u00e1vania CEPM<\/a> (Centre d\u2019enseignement professionnel de Morges) v kant\u00f3ne Vaud. Na CEPM sa denne vzdel\u00e1va viac ne\u017e 2 800 \u017eiakov v takmer 70 odboroch \u2013 od stavebn\u00edctva, elektrotechniky, krajinn\u00e9ho dizajnu a\u017e po umeleck\u00e9 remesl\u00e1. Syst\u00e9m je postaven\u00fd na jasnom rozdelen\u00ed vzdel\u00e1vania \u2013 v\u00e4\u010d\u0161iu \u010das\u0165 t\u00fd\u017ed\u0148a \u017eiak tr\u00e1vi v\u00a0pr\u00e1ci priamo vo firme a\u00a01 de\u0148 sa vzdel\u00e1va v\u00a0\u0161kole, kde si dop\u013a\u0148a teoretick\u00e9 vedomosti a\u00a0roz\u0161iruje v\u0161eobecn\u00fd kult\u00farny rozh\u013ead. Tento model je podporen\u00fd \u00fazkou spolupr\u00e1cou medzi \u0161kolami a firmami pod doh\u013eadom profesijn\u00fdch organiz\u00e1ci\u00ed. N\u00e1\u0161 t\u00edm si mohol pozrie\u0165 aj fungovanie nadpodnikov\u00e9ho vzdel\u00e1vacieho centra pre stavebn\u00edctvo <a href=\"https:\/\/www.ecole-construction.ch\/\" target=\"_blank\" rel=\"noopener\">\u00c9cole de la construction<\/a> v\u00a0kant\u00f3ne Vaud, v\u00a0ktorom si \u017eiaci dop\u013a\u0148aj\u00fa zru\u010dnosti, ktor\u00e9 inde nez\u00edskaj\u00fa a\u00a0s\u00fa potrebn\u00e9 pre \u00faspe\u0161n\u00e9 absolvovanie ich \u0161t\u00fadia.<\/p><p><strong>Pre\u010do tak\u00e9to vzdel\u00e1vanie chceme aj na Slovensku?<\/strong><\/p><p>\u201eOdborn\u00e9 vzdel\u00e1vanie m\u00e1 obrovsk\u00fd potenci\u00e1l, len ho mus\u00edme spr\u00e1vne uchopi\u0165. Na Slovensku potrebujeme viac mlad\u00fdch \u013eud\u00ed, ktor\u00ed s\u00fa pripraven\u00ed na prax, vedia, \u010do chc\u00fa, a vidia v remesle alebo technickom odbore zmysel aj bud\u00facnos\u0165,\u201c hovor\u00ed projektov\u00e1 mana\u017e\u00e9rka zo \u0160IOV, Mariana Ml\u010d\u00fachov\u00e1.<\/p><p>\u201e\u0160vaj\u010diarsky model uk\u00e1zal, \u017ee to ide \u2013 a \u017ee v\u00fdsledkom s\u00fa motivovan\u00ed \u017eiaci, spokojn\u00ed zamestn\u00e1vatelia a siln\u00e1 ekonomika. A\u00a0pr\u00e1ve tieto prvky chceme reflektova\u0165 v\u00a0na\u0161ich projektov\u00fdch v\u00fdstupoch,\u201c dop\u013a\u0148a projektov\u00fd koordin\u00e1tor segmentu 1 zo \u0160IOV, \u0160imon Ihn\u00e1t.<\/p><p>T\u00e1to cesta sa konala v\u010faka spolupr\u00e1ci <a href=\"http:\/\/www.siov.sk\" target=\"_blank\" rel=\"noreferrer noopener\">\u0160IOV <\/a>a <a href=\"https:\/\/www.sfuvet.swiss\/\" target=\"_blank\" rel=\"noreferrer noopener\">SFUVET <\/a>a je len za\u010diatkom. U\u017e dnes sa v r\u00e1mci projektu vytvorili k jednotliv\u00fdch t\u00e9mam pracovn\u00e9 skupiny, ktor\u00e9 bud\u00fa na podobn\u00fdch \u0161tudijn\u00fdch cest\u00e1ch diskutova\u0165 o najefekt\u00edvnej\u0161\u00edch mo\u017enostiach vyu\u017eitia \u0161vaj\u010diarskych sk\u00fasenost\u00ed na Slovensku \u2013 v triedach, diel\u0148ach a podnikoch.<\/p>\t\t\t\t\t\t\t\t<\/div>\n\t\t\t\t<\/div>\n\t\t\t\t\t<\/div>\n\t\t\t\t<\/div>\n\t\t<div class=\"elementor-element elementor-element-4dbac1b e-flex e-con-boxed e-con e-parent\" data-id=\"4dbac1b\" data-element_type=\"container\" data-e-type=\"container\">\n\t\t\t\t\t<div class=\"e-con-inner\">\n\t\t\t\t<div class=\"elementor-element elementor-element-c33718a elementor-widget elementor-widget-gallery\" data-id=\"c33718a\" data-element_type=\"widget\" data-e-type=\"widget\" data-settings=\"{&quot;lazyload&quot;:&quot;yes&quot;,&quot;gallery_layout&quot;:&quot;grid&quot;,&quot;columns&quot;:4,&quot;columns_tablet&quot;:2,&quot;columns_mobile&quot;:1,&quot;gap&quot;:{&quot;unit&quot;:&quot;px&quot;,&quot;size&quot;:10,&quot;sizes&quot;:[]},&quot;gap_tablet&quot;:{&quot;unit&quot;:&quot;px&quot;,&quot;size&quot;:10,&quot;sizes&quot;:[]},&quot;gap_mobile&quot;:{&quot;unit&quot;:&quot;px&quot;,&quot;size&quot;:10,&quot;sizes&quot;:[]},&quot;link_to&quot;:&quot;file&quot;,&quot;aspect_ratio&quot;:&quot;3:2&quot;,&quot;overlay_background&quot;:&quot;yes&quot;,&quot;content_hover_animation&quot;:&quot;fade-in&quot;}\" data-widget_type=\"gallery.default\">\n\t\t\t\t<div class=\"elementor-widget-container\">\n\t\t\t\t\t\t\t<div class=\"elementor-gallery__container\">\n\t\t\t\t\t\t\t<a class=\"e-gallery-item elementor-gallery-item elementor-animated-content\" href=\"https:\/\/archiv.siov.sk\/wp-content\/uploads\/2025\/05\/IMG-20250513-WA0007-scaled.jpg\" data-elementor-open-lightbox=\"yes\" data-elementor-lightbox-slideshow=\"c33718a\" data-elementor-lightbox-title=\"IMG-20250513-WA0007\" data-e-action-hash=\"#elementor-action%3Aaction%3Dlightbox%26settings%3DeyJpZCI6MTg5ODUsInVybCI6Imh0dHBzOlwvXC9hcmNoaXYuc2lvdi5za1wvd3AtY29udGVudFwvdXBsb2Fkc1wvMjAyNVwvMDVcL0lNRy0yMDI1MDUxMy1XQTAwMDctc2NhbGVkLmpwZyIsInNsaWRlc2hvdyI6ImMzMzcxOGEifQ%3D%3D\">\n\t\t\t\t\t<div class=\"e-gallery-image elementor-gallery-item__image\" data-thumbnail=\"https:\/\/archiv.siov.sk\/wp-content\/uploads\/2025\/05\/IMG-20250513-WA0007-225x300.jpg\" data-width=\"225\" data-height=\"300\" aria-label=\"\" role=\"img\" ><\/div>\n\t\t\t\t\t\t\t\t\t\t\t<div class=\"elementor-gallery-item__overlay\"><\/div>\n\t\t\t\t\t\t\t\t\t\t\t\t\t\t<\/a>\n\t\t\t\t\t\t\t<a class=\"e-gallery-item elementor-gallery-item elementor-animated-content\" href=\"https:\/\/archiv.siov.sk\/wp-content\/uploads\/2025\/05\/IMG-20250513-WA0023.jpg\" data-elementor-open-lightbox=\"yes\" data-elementor-lightbox-slideshow=\"c33718a\" data-elementor-lightbox-title=\"IMG-20250513-WA0023\" data-e-action-hash=\"#elementor-action%3Aaction%3Dlightbox%26settings%3DeyJpZCI6MTg5ODYsInVybCI6Imh0dHBzOlwvXC9hcmNoaXYuc2lvdi5za1wvd3AtY29udGVudFwvdXBsb2Fkc1wvMjAyNVwvMDVcL0lNRy0yMDI1MDUxMy1XQTAwMjMuanBnIiwic2xpZGVzaG93IjoiYzMzNzE4YSJ9\">\n\t\t\t\t\t<div class=\"e-gallery-image elementor-gallery-item__image\" data-thumbnail=\"https:\/\/archiv.siov.sk\/wp-content\/uploads\/2025\/05\/IMG-20250513-WA0023-225x300.jpg\" data-width=\"225\" data-height=\"300\" aria-label=\"\" role=\"img\" ><\/div>\n\t\t\t\t\t\t\t\t\t\t\t<div class=\"elementor-gallery-item__overlay\"><\/div>\n\t\t\t\t\t\t\t\t\t\t\t\t\t\t<\/a>\n\t\t\t\t\t\t\t<a class=\"e-gallery-item elementor-gallery-item elementor-animated-content\" href=\"https:\/\/archiv.siov.sk\/wp-content\/uploads\/2025\/05\/IMG-20250513-WA0034.jpg\" data-elementor-open-lightbox=\"yes\" data-elementor-lightbox-slideshow=\"c33718a\" data-elementor-lightbox-title=\"IMG-20250513-WA0034\" data-e-action-hash=\"#elementor-action%3Aaction%3Dlightbox%26settings%3DeyJpZCI6MTg5ODcsInVybCI6Imh0dHBzOlwvXC9hcmNoaXYuc2lvdi5za1wvd3AtY29udGVudFwvdXBsb2Fkc1wvMjAyNVwvMDVcL0lNRy0yMDI1MDUxMy1XQTAwMzQuanBnIiwic2xpZGVzaG93IjoiYzMzNzE4YSJ9\">\n\t\t\t\t\t<div class=\"e-gallery-image elementor-gallery-item__image\" data-thumbnail=\"https:\/\/archiv.siov.sk\/wp-content\/uploads\/2025\/05\/IMG-20250513-WA0034-225x300.jpg\" data-width=\"225\" data-height=\"300\" aria-label=\"\" role=\"img\" ><\/div>\n\t\t\t\t\t\t\t\t\t\t\t<div class=\"elementor-gallery-item__overlay\"><\/div>\n\t\t\t\t\t\t\t\t\t\t\t\t\t\t<\/a>\n\t\t\t\t\t\t\t<a class=\"e-gallery-item elementor-gallery-item elementor-animated-content\" href=\"https:\/\/archiv.siov.sk\/wp-content\/uploads\/2025\/05\/IMG-20250513-WA0043.jpg\" data-elementor-open-lightbox=\"yes\" data-elementor-lightbox-slideshow=\"c33718a\" data-elementor-lightbox-title=\"IMG-20250513-WA0043\" data-e-action-hash=\"#elementor-action%3Aaction%3Dlightbox%26settings%3DeyJpZCI6MTg5ODgsInVybCI6Imh0dHBzOlwvXC9hcmNoaXYuc2lvdi5za1wvd3AtY29udGVudFwvdXBsb2Fkc1wvMjAyNVwvMDVcL0lNRy0yMDI1MDUxMy1XQTAwNDMuanBnIiwic2xpZGVzaG93IjoiYzMzNzE4YSJ9\">\n\t\t\t\t\t<div class=\"e-gallery-image elementor-gallery-item__image\" data-thumbnail=\"https:\/\/archiv.siov.sk\/wp-content\/uploads\/2025\/05\/IMG-20250513-WA0043-225x300.jpg\" data-width=\"225\" data-height=\"300\" aria-label=\"\" role=\"img\" ><\/div>\n\t\t\t\t\t\t\t\t\t\t\t<div class=\"elementor-gallery-item__overlay\"><\/div>\n\t\t\t\t\t\t\t\t\t\t\t\t\t\t<\/a>\n\t\t\t\t\t\t\t<a class=\"e-gallery-item elementor-gallery-item elementor-animated-content\" href=\"https:\/\/archiv.siov.sk\/wp-content\/uploads\/2025\/05\/IMG-20250513-WA0048.jpg\" data-elementor-open-lightbox=\"yes\" data-elementor-lightbox-slideshow=\"c33718a\" data-elementor-lightbox-title=\"IMG-20250513-WA0048\" data-e-action-hash=\"#elementor-action%3Aaction%3Dlightbox%26settings%3DeyJpZCI6MTg5ODksInVybCI6Imh0dHBzOlwvXC9hcmNoaXYuc2lvdi5za1wvd3AtY29udGVudFwvdXBsb2Fkc1wvMjAyNVwvMDVcL0lNRy0yMDI1MDUxMy1XQTAwNDguanBnIiwic2xpZGVzaG93IjoiYzMzNzE4YSJ9\">\n\t\t\t\t\t<div class=\"e-gallery-image elementor-gallery-item__image\" data-thumbnail=\"https:\/\/archiv.siov.sk\/wp-content\/uploads\/2025\/05\/IMG-20250513-WA0048-225x300.jpg\" data-width=\"225\" data-height=\"300\" aria-label=\"\" role=\"img\" ><\/div>\n\t\t\t\t\t\t\t\t\t\t\t<div class=\"elementor-gallery-item__overlay\"><\/div>\n\t\t\t\t\t\t\t\t\t\t\t\t\t\t<\/a>\n\t\t\t\t\t\t\t<a class=\"e-gallery-item elementor-gallery-item elementor-animated-content\" href=\"https:\/\/archiv.siov.sk\/wp-content\/uploads\/2025\/05\/IMG-20250513-WA0059.jpg\" data-elementor-open-lightbox=\"yes\" data-elementor-lightbox-slideshow=\"c33718a\" data-elementor-lightbox-title=\"IMG-20250513-WA0059\" data-e-action-hash=\"#elementor-action%3Aaction%3Dlightbox%26settings%3DeyJpZCI6MTg5OTAsInVybCI6Imh0dHBzOlwvXC9hcmNoaXYuc2lvdi5za1wvd3AtY29udGVudFwvdXBsb2Fkc1wvMjAyNVwvMDVcL0lNRy0yMDI1MDUxMy1XQTAwNTkuanBnIiwic2xpZGVzaG93IjoiYzMzNzE4YSJ9\">\n\t\t\t\t\t<div class=\"e-gallery-image elementor-gallery-item__image\" data-thumbnail=\"https:\/\/archiv.siov.sk\/wp-content\/uploads\/2025\/05\/IMG-20250513-WA0059-300x139.jpg\" data-width=\"300\" data-height=\"139\" aria-label=\"\" role=\"img\" ><\/div>\n\t\t\t\t\t\t\t\t\t\t\t<div class=\"elementor-gallery-item__overlay\"><\/div>\n\t\t\t\t\t\t\t\t\t\t\t\t\t\t<\/a>\n\t\t\t\t\t\t\t<a class=\"e-gallery-item elementor-gallery-item elementor-animated-content\" href=\"https:\/\/archiv.siov.sk\/wp-content\/uploads\/2025\/05\/IMG-20250513-WA0061.jpg\" data-elementor-open-lightbox=\"yes\" data-elementor-lightbox-slideshow=\"c33718a\" data-elementor-lightbox-title=\"IMG-20250513-WA0061\" data-e-action-hash=\"#elementor-action%3Aaction%3Dlightbox%26settings%3DeyJpZCI6MTg5OTEsInVybCI6Imh0dHBzOlwvXC9hcmNoaXYuc2lvdi5za1wvd3AtY29udGVudFwvdXBsb2Fkc1wvMjAyNVwvMDVcL0lNRy0yMDI1MDUxMy1XQTAwNjEuanBnIiwic2xpZGVzaG93IjoiYzMzNzE4YSJ9\">\n\t\t\t\t\t<div class=\"e-gallery-image elementor-gallery-item__image\" data-thumbnail=\"https:\/\/archiv.siov.sk\/wp-content\/uploads\/2025\/05\/IMG-20250513-WA0061-139x300.jpg\" data-width=\"139\" data-height=\"300\" aria-label=\"\" role=\"img\" ><\/div>\n\t\t\t\t\t\t\t\t\t\t\t<div class=\"elementor-gallery-item__overlay\"><\/div>\n\t\t\t\t\t\t\t\t\t\t\t\t\t\t<\/a>\n\t\t\t\t\t\t\t<a class=\"e-gallery-item elementor-gallery-item elementor-animated-content\" href=\"https:\/\/archiv.siov.sk\/wp-content\/uploads\/2025\/05\/IMG-20250513-WA0064.jpg\" data-elementor-open-lightbox=\"yes\" data-elementor-lightbox-slideshow=\"c33718a\" data-elementor-lightbox-title=\"IMG-20250513-WA0064\" data-e-action-hash=\"#elementor-action%3Aaction%3Dlightbox%26settings%3DeyJpZCI6MTg5OTIsInVybCI6Imh0dHBzOlwvXC9hcmNoaXYuc2lvdi5za1wvd3AtY29udGVudFwvdXBsb2Fkc1wvMjAyNVwvMDVcL0lNRy0yMDI1MDUxMy1XQTAwNjQuanBnIiwic2xpZGVzaG93IjoiYzMzNzE4YSJ9\">\n\t\t\t\t\t<div class=\"e-gallery-image elementor-gallery-item__image\" data-thumbnail=\"https:\/\/archiv.siov.sk\/wp-content\/uploads\/2025\/05\/IMG-20250513-WA0064-300x139.jpg\" data-width=\"300\" data-height=\"139\" aria-label=\"\" role=\"img\" ><\/div>\n\t\t\t\t\t\t\t\t\t\t\t<div class=\"elementor-gallery-item__overlay\"><\/div>\n\t\t\t\t\t\t\t\t\t\t\t\t\t\t<\/a>\n\t\t\t\t\t\t\t<a class=\"e-gallery-item elementor-gallery-item elementor-animated-content\" href=\"https:\/\/archiv.siov.sk\/wp-content\/uploads\/2025\/05\/IMG-20250513-WA0065.jpg\" data-elementor-open-lightbox=\"yes\" data-elementor-lightbox-slideshow=\"c33718a\" data-elementor-lightbox-title=\"IMG-20250513-WA0065\" data-e-action-hash=\"#elementor-action%3Aaction%3Dlightbox%26settings%3DeyJpZCI6MTg5OTMsInVybCI6Imh0dHBzOlwvXC9hcmNoaXYuc2lvdi5za1wvd3AtY29udGVudFwvdXBsb2Fkc1wvMjAyNVwvMDVcL0lNRy0yMDI1MDUxMy1XQTAwNjUuanBnIiwic2xpZGVzaG93IjoiYzMzNzE4YSJ9\">\n\t\t\t\t\t<div class=\"e-gallery-image elementor-gallery-item__image\" data-thumbnail=\"https:\/\/archiv.siov.sk\/wp-content\/uploads\/2025\/05\/IMG-20250513-WA0065-139x300.jpg\" data-width=\"139\" data-height=\"300\" aria-label=\"\" role=\"img\" ><\/div>\n\t\t\t\t\t\t\t\t\t\t\t<div class=\"elementor-gallery-item__overlay\"><\/div>\n\t\t\t\t\t\t\t\t\t\t\t\t\t\t<\/a>\n\t\t\t\t\t\t\t<a class=\"e-gallery-item elementor-gallery-item elementor-animated-content\" href=\"https:\/\/archiv.siov.sk\/wp-content\/uploads\/2025\/05\/IMG-20250513-WA0066.jpg\" data-elementor-open-lightbox=\"yes\" data-elementor-lightbox-slideshow=\"c33718a\" data-elementor-lightbox-title=\"IMG-20250513-WA0066\" data-e-action-hash=\"#elementor-action%3Aaction%3Dlightbox%26settings%3DeyJpZCI6MTg5OTQsInVybCI6Imh0dHBzOlwvXC9hcmNoaXYuc2lvdi5za1wvd3AtY29udGVudFwvdXBsb2Fkc1wvMjAyNVwvMDVcL0lNRy0yMDI1MDUxMy1XQTAwNjYuanBnIiwic2xpZGVzaG93IjoiYzMzNzE4YSJ9\">\n\t\t\t\t\t<div class=\"e-gallery-image elementor-gallery-item__image\" data-thumbnail=\"https:\/\/archiv.siov.sk\/wp-content\/uploads\/2025\/05\/IMG-20250513-WA0066-139x300.jpg\" data-width=\"139\" data-height=\"300\" aria-label=\"\" role=\"img\" ><\/div>\n\t\t\t\t\t\t\t\t\t\t\t<div class=\"elementor-gallery-item__overlay\"><\/div>\n\t\t\t\t\t\t\t\t\t\t\t\t\t\t<\/a>\n\t\t\t\t\t\t\t<a class=\"e-gallery-item elementor-gallery-item elementor-animated-content\" href=\"https:\/\/archiv.siov.sk\/wp-content\/uploads\/2025\/05\/IMG-20250513-WA0067.jpg\" data-elementor-open-lightbox=\"yes\" data-elementor-lightbox-slideshow=\"c33718a\" data-elementor-lightbox-title=\"IMG-20250513-WA0067\" data-e-action-hash=\"#elementor-action%3Aaction%3Dlightbox%26settings%3DeyJpZCI6MTg5OTUsInVybCI6Imh0dHBzOlwvXC9hcmNoaXYuc2lvdi5za1wvd3AtY29udGVudFwvdXBsb2Fkc1wvMjAyNVwvMDVcL0lNRy0yMDI1MDUxMy1XQTAwNjcuanBnIiwic2xpZGVzaG93IjoiYzMzNzE4YSJ9\">\n\t\t\t\t\t<div class=\"e-gallery-image elementor-gallery-item__image\" data-thumbnail=\"https:\/\/archiv.siov.sk\/wp-content\/uploads\/2025\/05\/IMG-20250513-WA0067-300x139.jpg\" data-width=\"300\" data-height=\"139\" aria-label=\"\" role=\"img\" ><\/div>\n\t\t\t\t\t\t\t\t\t\t\t<div class=\"elementor-gallery-item__overlay\"><\/div>\n\t\t\t\t\t\t\t\t\t\t\t\t\t\t<\/a>\n\t\t\t\t\t\t\t<a class=\"e-gallery-item elementor-gallery-item elementor-animated-content\" href=\"https:\/\/archiv.siov.sk\/wp-content\/uploads\/2025\/05\/IMG-20250513-WA0091.jpg\" data-elementor-open-lightbox=\"yes\" data-elementor-lightbox-slideshow=\"c33718a\" data-elementor-lightbox-title=\"IMG-20250513-WA0091\" data-e-action-hash=\"#elementor-action%3Aaction%3Dlightbox%26settings%3DeyJpZCI6MTg5OTYsInVybCI6Imh0dHBzOlwvXC9hcmNoaXYuc2lvdi5za1wvd3AtY29udGVudFwvdXBsb2Fkc1wvMjAyNVwvMDVcL0lNRy0yMDI1MDUxMy1XQTAwOTEuanBnIiwic2xpZGVzaG93IjoiYzMzNzE4YSJ9\">\n\t\t\t\t\t<div class=\"e-gallery-image elementor-gallery-item__image\" data-thumbnail=\"https:\/\/archiv.siov.sk\/wp-content\/uploads\/2025\/05\/IMG-20250513-WA0091-300x139.jpg\" data-width=\"300\" data-height=\"139\" aria-label=\"\" role=\"img\" ><\/div>\n\t\t\t\t\t\t\t\t\t\t\t<div class=\"elementor-gallery-item__overlay\"><\/div>\n\t\t\t\t\t\t\t\t\t\t\t\t\t\t<\/a>\n\t\t\t\t\t\t\t<a class=\"e-gallery-item elementor-gallery-item elementor-animated-content\" href=\"https:\/\/archiv.siov.sk\/wp-content\/uploads\/2025\/05\/IMG-20250513-WA0114.jpg\" data-elementor-open-lightbox=\"yes\" data-elementor-lightbox-slideshow=\"c33718a\" data-elementor-lightbox-title=\"IMG-20250513-WA0114\" data-e-action-hash=\"#elementor-action%3Aaction%3Dlightbox%26settings%3DeyJpZCI6MTg5OTcsInVybCI6Imh0dHBzOlwvXC9hcmNoaXYuc2lvdi5za1wvd3AtY29udGVudFwvdXBsb2Fkc1wvMjAyNVwvMDVcL0lNRy0yMDI1MDUxMy1XQTAxMTQuanBnIiwic2xpZGVzaG93IjoiYzMzNzE4YSJ9\">\n\t\t\t\t\t<div class=\"e-gallery-image elementor-gallery-item__image\" data-thumbnail=\"https:\/\/archiv.siov.sk\/wp-content\/uploads\/2025\/05\/IMG-20250513-WA0114-225x300.jpg\" data-width=\"225\" data-height=\"300\" aria-label=\"\" role=\"img\" ><\/div>\n\t\t\t\t\t\t\t\t\t\t\t<div class=\"elementor-gallery-item__overlay\"><\/div>\n\t\t\t\t\t\t\t\t\t\t\t\t\t\t<\/a>\n\t\t\t\t\t\t\t<a class=\"e-gallery-item elementor-gallery-item elementor-animated-content\" href=\"https:\/\/archiv.siov.sk\/wp-content\/uploads\/2025\/05\/IMG-20250513-WA0128.jpg\" data-elementor-open-lightbox=\"yes\" data-elementor-lightbox-slideshow=\"c33718a\" data-elementor-lightbox-title=\"IMG-20250513-WA0128\" data-e-action-hash=\"#elementor-action%3Aaction%3Dlightbox%26settings%3DeyJpZCI6MTg5OTgsInVybCI6Imh0dHBzOlwvXC9hcmNoaXYuc2lvdi5za1wvd3AtY29udGVudFwvdXBsb2Fkc1wvMjAyNVwvMDVcL0lNRy0yMDI1MDUxMy1XQTAxMjguanBnIiwic2xpZGVzaG93IjoiYzMzNzE4YSJ9\">\n\t\t\t\t\t<div class=\"e-gallery-image elementor-gallery-item__image\" data-thumbnail=\"https:\/\/archiv.siov.sk\/wp-content\/uploads\/2025\/05\/IMG-20250513-WA0128-225x300.jpg\" data-width=\"225\" data-height=\"300\" aria-label=\"\" role=\"img\" ><\/div>\n\t\t\t\t\t\t\t\t\t\t\t<div class=\"elementor-gallery-item__overlay\"><\/div>\n\t\t\t\t\t\t\t\t\t\t\t\t\t\t<\/a>\n\t\t\t\t\t\t\t<a class=\"e-gallery-item elementor-gallery-item elementor-animated-content\" href=\"https:\/\/archiv.siov.sk\/wp-content\/uploads\/2025\/05\/IMG-20250513-WA0151.jpg\" data-elementor-open-lightbox=\"yes\" data-elementor-lightbox-slideshow=\"c33718a\" data-elementor-lightbox-title=\"IMG-20250513-WA0151\" data-e-action-hash=\"#elementor-action%3Aaction%3Dlightbox%26settings%3DeyJpZCI6MTg5OTksInVybCI6Imh0dHBzOlwvXC9hcmNoaXYuc2lvdi5za1wvd3AtY29udGVudFwvdXBsb2Fkc1wvMjAyNVwvMDVcL0lNRy0yMDI1MDUxMy1XQTAxNTEuanBnIiwic2xpZGVzaG93IjoiYzMzNzE4YSJ9\">\n\t\t\t\t\t<div class=\"e-gallery-image elementor-gallery-item__image\" data-thumbnail=\"https:\/\/archiv.siov.sk\/wp-content\/uploads\/2025\/05\/IMG-20250513-WA0151-225x300.jpg\" data-width=\"225\" data-height=\"300\" aria-label=\"\" role=\"img\" ><\/div>\n\t\t\t\t\t\t\t\t\t\t\t<div class=\"elementor-gallery-item__overlay\"><\/div>\n\t\t\t\t\t\t\t\t\t\t\t\t\t\t<\/a>\n\t\t\t\t\t\t\t<a class=\"e-gallery-item elementor-gallery-item elementor-animated-content\" href=\"https:\/\/archiv.siov.sk\/wp-content\/uploads\/2025\/05\/IMG-20250513-WA0155.jpg\" data-elementor-open-lightbox=\"yes\" data-elementor-lightbox-slideshow=\"c33718a\" data-elementor-lightbox-title=\"IMG-20250513-WA0155\" data-e-action-hash=\"#elementor-action%3Aaction%3Dlightbox%26settings%3DeyJpZCI6MTkwMDAsInVybCI6Imh0dHBzOlwvXC9hcmNoaXYuc2lvdi5za1wvd3AtY29udGVudFwvdXBsb2Fkc1wvMjAyNVwvMDVcL0lNRy0yMDI1MDUxMy1XQTAxNTUuanBnIiwic2xpZGVzaG93IjoiYzMzNzE4YSJ9\">\n\t\t\t\t\t<div class=\"e-gallery-image elementor-gallery-item__image\" data-thumbnail=\"https:\/\/archiv.siov.sk\/wp-content\/uploads\/2025\/05\/IMG-20250513-WA0155-225x300.jpg\" data-width=\"225\" data-height=\"300\" aria-label=\"\" role=\"img\" ><\/div>\n\t\t\t\t\t\t\t\t\t\t\t<div class=\"elementor-gallery-item__overlay\"><\/div>\n\t\t\t\t\t\t\t\t\t\t\t\t\t\t<\/a>\n\t\t\t\t\t\t\t<a class=\"e-gallery-item elementor-gallery-item elementor-animated-content\" href=\"https:\/\/archiv.siov.sk\/wp-content\/uploads\/2025\/05\/IMG-20250513-WA0159.jpg\" data-elementor-open-lightbox=\"yes\" data-elementor-lightbox-slideshow=\"c33718a\" data-elementor-lightbox-title=\"IMG-20250513-WA0159\" data-e-action-hash=\"#elementor-action%3Aaction%3Dlightbox%26settings%3DeyJpZCI6MTkwMDEsInVybCI6Imh0dHBzOlwvXC9hcmNoaXYuc2lvdi5za1wvd3AtY29udGVudFwvdXBsb2Fkc1wvMjAyNVwvMDVcL0lNRy0yMDI1MDUxMy1XQTAxNTkuanBnIiwic2xpZGVzaG93IjoiYzMzNzE4YSJ9\">\n\t\t\t\t\t<div class=\"e-gallery-image elementor-gallery-item__image\" data-thumbnail=\"https:\/\/archiv.siov.sk\/wp-content\/uploads\/2025\/05\/IMG-20250513-WA0159-217x300.jpg\" data-width=\"217\" data-height=\"300\" aria-label=\"\" role=\"img\" ><\/div>\n\t\t\t\t\t\t\t\t\t\t\t<div class=\"elementor-gallery-item__overlay\"><\/div>\n\t\t\t\t\t\t\t\t\t\t\t\t\t\t<\/a>\n\t\t\t\t\t\t\t<a class=\"e-gallery-item elementor-gallery-item elementor-animated-content\" href=\"https:\/\/archiv.siov.sk\/wp-content\/uploads\/2025\/05\/IMG-20250513-WA0164.jpg\" data-elementor-open-lightbox=\"yes\" data-elementor-lightbox-slideshow=\"c33718a\" data-elementor-lightbox-title=\"IMG-20250513-WA0164\" data-e-action-hash=\"#elementor-action%3Aaction%3Dlightbox%26settings%3DeyJpZCI6MTkwMDIsInVybCI6Imh0dHBzOlwvXC9hcmNoaXYuc2lvdi5za1wvd3AtY29udGVudFwvdXBsb2Fkc1wvMjAyNVwvMDVcL0lNRy0yMDI1MDUxMy1XQTAxNjQuanBnIiwic2xpZGVzaG93IjoiYzMzNzE4YSJ9\">\n\t\t\t\t\t<div class=\"e-gallery-image elementor-gallery-item__image\" data-thumbnail=\"https:\/\/archiv.siov.sk\/wp-content\/uploads\/2025\/05\/IMG-20250513-WA0164-225x300.jpg\" data-width=\"225\" data-height=\"300\" aria-label=\"\" role=\"img\" ><\/div>\n\t\t\t\t\t\t\t\t\t\t\t<div class=\"elementor-gallery-item__overlay\"><\/div>\n\t\t\t\t\t\t\t\t\t\t\t\t\t\t<\/a>\n\t\t\t\t\t\t\t<a class=\"e-gallery-item elementor-gallery-item elementor-animated-content\" href=\"https:\/\/archiv.siov.sk\/wp-content\/uploads\/2025\/05\/IMG-20250513-WA0165.jpg\" data-elementor-open-lightbox=\"yes\" data-elementor-lightbox-slideshow=\"c33718a\" data-elementor-lightbox-title=\"IMG-20250513-WA0165\" data-e-action-hash=\"#elementor-action%3Aaction%3Dlightbox%26settings%3DeyJpZCI6MTkwMDMsInVybCI6Imh0dHBzOlwvXC9hcmNoaXYuc2lvdi5za1wvd3AtY29udGVudFwvdXBsb2Fkc1wvMjAyNVwvMDVcL0lNRy0yMDI1MDUxMy1XQTAxNjUuanBnIiwic2xpZGVzaG93IjoiYzMzNzE4YSJ9\">\n\t\t\t\t\t<div class=\"e-gallery-image elementor-gallery-item__image\" data-thumbnail=\"https:\/\/archiv.siov.sk\/wp-content\/uploads\/2025\/05\/IMG-20250513-WA0165-191x300.jpg\" data-width=\"191\" data-height=\"300\" aria-label=\"\" role=\"img\" ><\/div>\n\t\t\t\t\t\t\t\t\t\t\t<div class=\"elementor-gallery-item__overlay\"><\/div>\n\t\t\t\t\t\t\t\t\t\t\t\t\t\t<\/a>\n\t\t\t\t\t\t\t<a class=\"e-gallery-item elementor-gallery-item elementor-animated-content\" href=\"https:\/\/archiv.siov.sk\/wp-content\/uploads\/2025\/05\/IMG-20250513-WA0169.jpg\" data-elementor-open-lightbox=\"yes\" data-elementor-lightbox-slideshow=\"c33718a\" data-elementor-lightbox-title=\"IMG-20250513-WA0169\" data-e-action-hash=\"#elementor-action%3Aaction%3Dlightbox%26settings%3DeyJpZCI6MTkwMDQsInVybCI6Imh0dHBzOlwvXC9hcmNoaXYuc2lvdi5za1wvd3AtY29udGVudFwvdXBsb2Fkc1wvMjAyNVwvMDVcL0lNRy0yMDI1MDUxMy1XQTAxNjkuanBnIiwic2xpZGVzaG93IjoiYzMzNzE4YSJ9\">\n\t\t\t\t\t<div class=\"e-gallery-image elementor-gallery-item__image\" data-thumbnail=\"https:\/\/archiv.siov.sk\/wp-content\/uploads\/2025\/05\/IMG-20250513-WA0169-225x300.jpg\" data-width=\"225\" data-height=\"300\" aria-label=\"\" role=\"img\" ><\/div>\n\t\t\t\t\t\t\t\t\t\t\t<div class=\"elementor-gallery-item__overlay\"><\/div>\n\t\t\t\t\t\t\t\t\t\t\t\t\t\t<\/a>\n\t\t\t\t\t\t\t<a class=\"e-gallery-item elementor-gallery-item elementor-animated-content\" href=\"https:\/\/archiv.siov.sk\/wp-content\/uploads\/2025\/05\/IMG-20250513-WA0170.jpg\" data-elementor-open-lightbox=\"yes\" data-elementor-lightbox-slideshow=\"c33718a\" data-elementor-lightbox-title=\"IMG-20250513-WA0170\" data-e-action-hash=\"#elementor-action%3Aaction%3Dlightbox%26settings%3DeyJpZCI6MTkwMDUsInVybCI6Imh0dHBzOlwvXC9hcmNoaXYuc2lvdi5za1wvd3AtY29udGVudFwvdXBsb2Fkc1wvMjAyNVwvMDVcL0lNRy0yMDI1MDUxMy1XQTAxNzAuanBnIiwic2xpZGVzaG93IjoiYzMzNzE4YSJ9\">\n\t\t\t\t\t<div class=\"e-gallery-image elementor-gallery-item__image\" data-thumbnail=\"https:\/\/archiv.siov.sk\/wp-content\/uploads\/2025\/05\/IMG-20250513-WA0170-215x300.jpg\" data-width=\"215\" data-height=\"300\" aria-label=\"\" role=\"img\" ><\/div>\n\t\t\t\t\t\t\t\t\t\t\t<div class=\"elementor-gallery-item__overlay\"><\/div>\n\t\t\t\t\t\t\t\t\t\t\t\t\t\t<\/a>\n\t\t\t\t\t\t\t<a class=\"e-gallery-item elementor-gallery-item elementor-animated-content\" href=\"https:\/\/archiv.siov.sk\/wp-content\/uploads\/2025\/05\/IMG-20250513-WA0172.jpg\" data-elementor-open-lightbox=\"yes\" data-elementor-lightbox-slideshow=\"c33718a\" data-elementor-lightbox-title=\"IMG-20250513-WA0172\" data-e-action-hash=\"#elementor-action%3Aaction%3Dlightbox%26settings%3DeyJpZCI6MTkwMDYsInVybCI6Imh0dHBzOlwvXC9hcmNoaXYuc2lvdi5za1wvd3AtY29udGVudFwvdXBsb2Fkc1wvMjAyNVwvMDVcL0lNRy0yMDI1MDUxMy1XQTAxNzIuanBnIiwic2xpZGVzaG93IjoiYzMzNzE4YSJ9\">\n\t\t\t\t\t<div class=\"e-gallery-image elementor-gallery-item__image\" data-thumbnail=\"https:\/\/archiv.siov.sk\/wp-content\/uploads\/2025\/05\/IMG-20250513-WA0172-225x300.jpg\" data-width=\"225\" data-height=\"300\" aria-label=\"\" role=\"img\" ><\/div>\n\t\t\t\t\t\t\t\t\t\t\t<div class=\"elementor-gallery-item__overlay\"><\/div>\n\t\t\t\t\t\t\t\t\t\t\t\t\t\t<\/a>\n\t\t\t\t\t\t\t<a class=\"e-gallery-item elementor-gallery-item elementor-animated-content\" href=\"https:\/\/archiv.siov.sk\/wp-content\/uploads\/2025\/05\/IMG-20250513-WA0186.jpg\" data-elementor-open-lightbox=\"yes\" data-elementor-lightbox-slideshow=\"c33718a\" data-elementor-lightbox-title=\"IMG-20250513-WA0186\" data-e-action-hash=\"#elementor-action%3Aaction%3Dlightbox%26settings%3DeyJpZCI6MTkwMDcsInVybCI6Imh0dHBzOlwvXC9hcmNoaXYuc2lvdi5za1wvd3AtY29udGVudFwvdXBsb2Fkc1wvMjAyNVwvMDVcL0lNRy0yMDI1MDUxMy1XQTAxODYuanBnIiwic2xpZGVzaG93IjoiYzMzNzE4YSJ9\">\n\t\t\t\t\t<div class=\"e-gallery-image elementor-gallery-item__image\" data-thumbnail=\"https:\/\/archiv.siov.sk\/wp-content\/uploads\/2025\/05\/IMG-20250513-WA0186-300x169.jpg\" data-width=\"300\" data-height=\"169\" aria-label=\"\" role=\"img\" ><\/div>\n\t\t\t\t\t\t\t\t\t\t\t<div class=\"elementor-gallery-item__overlay\"><\/div>\n\t\t\t\t\t\t\t\t\t\t\t\t\t\t<\/a>\n\t\t\t\t\t\t\t<a class=\"e-gallery-item elementor-gallery-item elementor-animated-content\" href=\"https:\/\/archiv.siov.sk\/wp-content\/uploads\/2025\/05\/IMG-20250513-WA0187.jpg\" data-elementor-open-lightbox=\"yes\" data-elementor-lightbox-slideshow=\"c33718a\" data-elementor-lightbox-title=\"IMG-20250513-WA0187\" data-e-action-hash=\"#elementor-action%3Aaction%3Dlightbox%26settings%3DeyJpZCI6MTkwMDgsInVybCI6Imh0dHBzOlwvXC9hcmNoaXYuc2lvdi5za1wvd3AtY29udGVudFwvdXBsb2Fkc1wvMjAyNVwvMDVcL0lNRy0yMDI1MDUxMy1XQTAxODcuanBnIiwic2xpZGVzaG93IjoiYzMzNzE4YSJ9\">\n\t\t\t\t\t<div class=\"e-gallery-image elementor-gallery-item__image\" data-thumbnail=\"https:\/\/archiv.siov.sk\/wp-content\/uploads\/2025\/05\/IMG-20250513-WA0187-225x300.jpg\" data-width=\"225\" data-height=\"300\" aria-label=\"\" role=\"img\" ><\/div>\n\t\t\t\t\t\t\t\t\t\t\t<div class=\"elementor-gallery-item__overlay\"><\/div>\n\t\t\t\t\t\t\t\t\t\t\t\t\t\t<\/a>\n\t\t\t\t\t\t\t<a class=\"e-gallery-item elementor-gallery-item elementor-animated-content\" href=\"https:\/\/archiv.siov.sk\/wp-content\/uploads\/2025\/05\/IMG-20250513-WA0188.jpg\" data-elementor-open-lightbox=\"yes\" data-elementor-lightbox-slideshow=\"c33718a\" data-elementor-lightbox-title=\"IMG-20250513-WA0188\" data-e-action-hash=\"#elementor-action%3Aaction%3Dlightbox%26settings%3DeyJpZCI6MTkwMDksInVybCI6Imh0dHBzOlwvXC9hcmNoaXYuc2lvdi5za1wvd3AtY29udGVudFwvdXBsb2Fkc1wvMjAyNVwvMDVcL0lNRy0yMDI1MDUxMy1XQTAxODguanBnIiwic2xpZGVzaG93IjoiYzMzNzE4YSJ9\">\n\t\t\t\t\t<div class=\"e-gallery-image elementor-gallery-item__image\" data-thumbnail=\"https:\/\/archiv.siov.sk\/wp-content\/uploads\/2025\/05\/IMG-20250513-WA0188-206x300.jpg\" data-width=\"206\" data-height=\"300\" aria-label=\"\" role=\"img\" ><\/div>\n\t\t\t\t\t\t\t\t\t\t\t<div class=\"elementor-gallery-item__overlay\"><\/div>\n\t\t\t\t\t\t\t\t\t\t\t\t\t\t<\/a>\n\t\t\t\t\t\t\t<a class=\"e-gallery-item elementor-gallery-item elementor-animated-content\" href=\"https:\/\/archiv.siov.sk\/wp-content\/uploads\/2025\/05\/IMG-20250514-WA0005-1-scaled.jpg\" data-elementor-open-lightbox=\"yes\" data-elementor-lightbox-slideshow=\"c33718a\" data-elementor-lightbox-title=\"IMG-20250514-WA0005\" data-e-action-hash=\"#elementor-action%3Aaction%3Dlightbox%26settings%3DeyJpZCI6MTkwMTAsInVybCI6Imh0dHBzOlwvXC9hcmNoaXYuc2lvdi5za1wvd3AtY29udGVudFwvdXBsb2Fkc1wvMjAyNVwvMDVcL0lNRy0yMDI1MDUxNC1XQTAwMDUtMS1zY2FsZWQuanBnIiwic2xpZGVzaG93IjoiYzMzNzE4YSJ9\">\n\t\t\t\t\t<div class=\"e-gallery-image elementor-gallery-item__image\" data-thumbnail=\"https:\/\/archiv.siov.sk\/wp-content\/uploads\/2025\/05\/IMG-20250514-WA0005-1-300x225.jpg\" data-width=\"300\" data-height=\"225\" aria-label=\"\" role=\"img\" ><\/div>\n\t\t\t\t\t\t\t\t\t\t\t<div class=\"elementor-gallery-item__overlay\"><\/div>\n\t\t\t\t\t\t\t\t\t\t\t\t\t\t<\/a>\n\t\t\t\t\t\t\t<a class=\"e-gallery-item elementor-gallery-item elementor-animated-content\" href=\"https:\/\/archiv.siov.sk\/wp-content\/uploads\/2025\/05\/IMG-20250514-WA0023.jpg\" data-elementor-open-lightbox=\"yes\" data-elementor-lightbox-slideshow=\"c33718a\" data-elementor-lightbox-title=\"IMG-20250514-WA0023\" data-e-action-hash=\"#elementor-action%3Aaction%3Dlightbox%26settings%3DeyJpZCI6MTkwMTEsInVybCI6Imh0dHBzOlwvXC9hcmNoaXYuc2lvdi5za1wvd3AtY29udGVudFwvdXBsb2Fkc1wvMjAyNVwvMDVcL0lNRy0yMDI1MDUxNC1XQTAwMjMuanBnIiwic2xpZGVzaG93IjoiYzMzNzE4YSJ9\">\n\t\t\t\t\t<div class=\"e-gallery-image elementor-gallery-item__image\" data-thumbnail=\"https:\/\/archiv.siov.sk\/wp-content\/uploads\/2025\/05\/IMG-20250514-WA0023-198x300.jpg\" data-width=\"198\" data-height=\"300\" aria-label=\"\" role=\"img\" ><\/div>\n\t\t\t\t\t\t\t\t\t\t\t<div class=\"elementor-gallery-item__overlay\"><\/div>\n\t\t\t\t\t\t\t\t\t\t\t\t\t\t<\/a>\n\t\t\t\t\t\t\t<a class=\"e-gallery-item elementor-gallery-item elementor-animated-content\" href=\"https:\/\/archiv.siov.sk\/wp-content\/uploads\/2025\/05\/IMG-20250514-WA0024.jpg\" data-elementor-open-lightbox=\"yes\" data-elementor-lightbox-slideshow=\"c33718a\" data-elementor-lightbox-title=\"IMG-20250514-WA0024\" data-e-action-hash=\"#elementor-action%3Aaction%3Dlightbox%26settings%3DeyJpZCI6MTkwMTIsInVybCI6Imh0dHBzOlwvXC9hcmNoaXYuc2lvdi5za1wvd3AtY29udGVudFwvdXBsb2Fkc1wvMjAyNVwvMDVcL0lNRy0yMDI1MDUxNC1XQTAwMjQuanBnIiwic2xpZGVzaG93IjoiYzMzNzE4YSJ9\">\n\t\t\t\t\t<div class=\"e-gallery-image elementor-gallery-item__image\" data-thumbnail=\"https:\/\/archiv.siov.sk\/wp-content\/uploads\/2025\/05\/IMG-20250514-WA0024-203x300.jpg\" data-width=\"203\" data-height=\"300\" aria-label=\"\" role=\"img\" ><\/div>\n\t\t\t\t\t\t\t\t\t\t\t<div class=\"elementor-gallery-item__overlay\"><\/div>\n\t\t\t\t\t\t\t\t\t\t\t\t\t\t<\/a>\n\t\t\t\t\t\t\t<a class=\"e-gallery-item elementor-gallery-item elementor-animated-content\" href=\"https:\/\/archiv.siov.sk\/wp-content\/uploads\/2025\/05\/IMG-20250514-WA0026.jpg\" data-elementor-open-lightbox=\"yes\" data-elementor-lightbox-slideshow=\"c33718a\" data-elementor-lightbox-title=\"IMG-20250514-WA0026\" data-e-action-hash=\"#elementor-action%3Aaction%3Dlightbox%26settings%3DeyJpZCI6MTkwMTMsInVybCI6Imh0dHBzOlwvXC9hcmNoaXYuc2lvdi5za1wvd3AtY29udGVudFwvdXBsb2Fkc1wvMjAyNVwvMDVcL0lNRy0yMDI1MDUxNC1XQTAwMjYuanBnIiwic2xpZGVzaG93IjoiYzMzNzE4YSJ9\">\n\t\t\t\t\t<div class=\"e-gallery-image elementor-gallery-item__image\" data-thumbnail=\"https:\/\/archiv.siov.sk\/wp-content\/uploads\/2025\/05\/IMG-20250514-WA0026-206x300.jpg\" data-width=\"206\" data-height=\"300\" aria-label=\"\" role=\"img\" ><\/div>\n\t\t\t\t\t\t\t\t\t\t\t<div class=\"elementor-gallery-item__overlay\"><\/div>\n\t\t\t\t\t\t\t\t\t\t\t\t\t\t<\/a>\n\t\t\t\t\t\t\t<a class=\"e-gallery-item elementor-gallery-item elementor-animated-content\" href=\"https:\/\/archiv.siov.sk\/wp-content\/uploads\/2025\/05\/IMG-20250514-WA0027.jpg\" data-elementor-open-lightbox=\"yes\" data-elementor-lightbox-slideshow=\"c33718a\" data-elementor-lightbox-title=\"IMG-20250514-WA0027\" data-e-action-hash=\"#elementor-action%3Aaction%3Dlightbox%26settings%3DeyJpZCI6MTkwMTQsInVybCI6Imh0dHBzOlwvXC9hcmNoaXYuc2lvdi5za1wvd3AtY29udGVudFwvdXBsb2Fkc1wvMjAyNVwvMDVcL0lNRy0yMDI1MDUxNC1XQTAwMjcuanBnIiwic2xpZGVzaG93IjoiYzMzNzE4YSJ9\">\n\t\t\t\t\t<div class=\"e-gallery-image elementor-gallery-item__image\" data-thumbnail=\"https:\/\/archiv.siov.sk\/wp-content\/uploads\/2025\/05\/IMG-20250514-WA0027-197x300.jpg\" data-width=\"197\" data-height=\"300\" aria-label=\"\" role=\"img\" ><\/div>\n\t\t\t\t\t\t\t\t\t\t\t<div class=\"elementor-gallery-item__overlay\"><\/div>\n\t\t\t\t\t\t\t\t\t\t\t\t\t\t<\/a>\n\t\t\t\t\t\t\t<a class=\"e-gallery-item elementor-gallery-item elementor-animated-content\" href=\"https:\/\/archiv.siov.sk\/wp-content\/uploads\/2025\/05\/IMG-20250514-WA0028.jpg\" data-elementor-open-lightbox=\"yes\" data-elementor-lightbox-slideshow=\"c33718a\" data-elementor-lightbox-title=\"IMG-20250514-WA0028\" data-e-action-hash=\"#elementor-action%3Aaction%3Dlightbox%26settings%3DeyJpZCI6MTkwMTUsInVybCI6Imh0dHBzOlwvXC9hcmNoaXYuc2lvdi5za1wvd3AtY29udGVudFwvdXBsb2Fkc1wvMjAyNVwvMDVcL0lNRy0yMDI1MDUxNC1XQTAwMjguanBnIiwic2xpZGVzaG93IjoiYzMzNzE4YSJ9\">\n\t\t\t\t\t<div class=\"e-gallery-image elementor-gallery-item__image\" data-thumbnail=\"https:\/\/archiv.siov.sk\/wp-content\/uploads\/2025\/05\/IMG-20250514-WA0028-225x300.jpg\" data-width=\"225\" data-height=\"300\" aria-label=\"\" role=\"img\" ><\/div>\n\t\t\t\t\t\t\t\t\t\t\t<div class=\"elementor-gallery-item__overlay\"><\/div>\n\t\t\t\t\t\t\t\t\t\t\t\t\t\t<\/a>\n\t\t\t\t\t\t\t<a class=\"e-gallery-item elementor-gallery-item elementor-animated-content\" href=\"https:\/\/archiv.siov.sk\/wp-content\/uploads\/2025\/05\/IMG-20250515-WA0000.jpg\" data-elementor-open-lightbox=\"yes\" data-elementor-lightbox-slideshow=\"c33718a\" data-elementor-lightbox-title=\"IMG-20250515-WA0000\" data-e-action-hash=\"#elementor-action%3Aaction%3Dlightbox%26settings%3DeyJpZCI6MTkwMTYsInVybCI6Imh0dHBzOlwvXC9hcmNoaXYuc2lvdi5za1wvd3AtY29udGVudFwvdXBsb2Fkc1wvMjAyNVwvMDVcL0lNRy0yMDI1MDUxNS1XQTAwMDAuanBnIiwic2xpZGVzaG93IjoiYzMzNzE4YSJ9\">\n\t\t\t\t\t<div class=\"e-gallery-image elementor-gallery-item__image\" data-thumbnail=\"https:\/\/archiv.siov.sk\/wp-content\/uploads\/2025\/05\/IMG-20250515-WA0000-225x300.jpg\" data-width=\"225\" data-height=\"300\" aria-label=\"\" role=\"img\" ><\/div>\n\t\t\t\t\t\t\t\t\t\t\t<div class=\"elementor-gallery-item__overlay\"><\/div>\n\t\t\t\t\t\t\t\t\t\t\t\t\t\t<\/a>\n\t\t\t\t\t\t\t<a class=\"e-gallery-item elementor-gallery-item elementor-animated-content\" href=\"https:\/\/archiv.siov.sk\/wp-content\/uploads\/2025\/05\/IMG-20250515-WA0001.jpg\" data-elementor-open-lightbox=\"yes\" data-elementor-lightbox-slideshow=\"c33718a\" data-elementor-lightbox-title=\"IMG-20250515-WA0001\" data-e-action-hash=\"#elementor-action%3Aaction%3Dlightbox%26settings%3DeyJpZCI6MTkwMTcsInVybCI6Imh0dHBzOlwvXC9hcmNoaXYuc2lvdi5za1wvd3AtY29udGVudFwvdXBsb2Fkc1wvMjAyNVwvMDVcL0lNRy0yMDI1MDUxNS1XQTAwMDEuanBnIiwic2xpZGVzaG93IjoiYzMzNzE4YSJ9\">\n\t\t\t\t\t<div class=\"e-gallery-image elementor-gallery-item__image\" data-thumbnail=\"https:\/\/archiv.siov.sk\/wp-content\/uploads\/2025\/05\/IMG-20250515-WA0001-225x300.jpg\" data-width=\"225\" data-height=\"300\" aria-label=\"\" role=\"img\" ><\/div>\n\t\t\t\t\t\t\t\t\t\t\t<div class=\"elementor-gallery-item__overlay\"><\/div>\n\t\t\t\t\t\t\t\t\t\t\t\t\t\t<\/a>\n\t\t\t\t\t\t\t<a class=\"e-gallery-item elementor-gallery-item elementor-animated-content\" href=\"https:\/\/archiv.siov.sk\/wp-content\/uploads\/2025\/05\/IMG-20250515-WA0003.jpg\" data-elementor-open-lightbox=\"yes\" data-elementor-lightbox-slideshow=\"c33718a\" data-elementor-lightbox-title=\"IMG-20250515-WA0003\" data-e-action-hash=\"#elementor-action%3Aaction%3Dlightbox%26settings%3DeyJpZCI6MTkwMTgsInVybCI6Imh0dHBzOlwvXC9hcmNoaXYuc2lvdi5za1wvd3AtY29udGVudFwvdXBsb2Fkc1wvMjAyNVwvMDVcL0lNRy0yMDI1MDUxNS1XQTAwMDMuanBnIiwic2xpZGVzaG93IjoiYzMzNzE4YSJ9\">\n\t\t\t\t\t<div class=\"e-gallery-image elementor-gallery-item__image\" data-thumbnail=\"https:\/\/archiv.siov.sk\/wp-content\/uploads\/2025\/05\/IMG-20250515-WA0003-225x300.jpg\" data-width=\"225\" data-height=\"300\" aria-label=\"\" role=\"img\" ><\/div>\n\t\t\t\t\t\t\t\t\t\t\t<div class=\"elementor-gallery-item__overlay\"><\/div>\n\t\t\t\t\t\t\t\t\t\t\t\t\t\t<\/a>\n\t\t\t\t\t\t\t<a class=\"e-gallery-item elementor-gallery-item elementor-animated-content\" href=\"https:\/\/archiv.siov.sk\/wp-content\/uploads\/2025\/05\/IMG-20250515-WA0004.jpg\" data-elementor-open-lightbox=\"yes\" data-elementor-lightbox-slideshow=\"c33718a\" data-elementor-lightbox-title=\"IMG-20250515-WA0004\" data-e-action-hash=\"#elementor-action%3Aaction%3Dlightbox%26settings%3DeyJpZCI6MTkwMTksInVybCI6Imh0dHBzOlwvXC9hcmNoaXYuc2lvdi5za1wvd3AtY29udGVudFwvdXBsb2Fkc1wvMjAyNVwvMDVcL0lNRy0yMDI1MDUxNS1XQTAwMDQuanBnIiwic2xpZGVzaG93IjoiYzMzNzE4YSJ9\">\n\t\t\t\t\t<div class=\"e-gallery-image elementor-gallery-item__image\" data-thumbnail=\"https:\/\/archiv.siov.sk\/wp-content\/uploads\/2025\/05\/IMG-20250515-WA0004-225x300.jpg\" data-width=\"225\" data-height=\"300\" aria-label=\"\" role=\"img\" ><\/div>\n\t\t\t\t\t\t\t\t\t\t\t<div class=\"elementor-gallery-item__overlay\"><\/div>\n\t\t\t\t\t\t\t\t\t\t\t\t\t\t<\/a>\n\t\t\t\t\t\t\t<a class=\"e-gallery-item elementor-gallery-item elementor-animated-content\" href=\"https:\/\/archiv.siov.sk\/wp-content\/uploads\/2025\/05\/IMG-20250515-WA0005.jpg\" data-elementor-open-lightbox=\"yes\" data-elementor-lightbox-slideshow=\"c33718a\" data-elementor-lightbox-title=\"IMG-20250515-WA0005\" data-e-action-hash=\"#elementor-action%3Aaction%3Dlightbox%26settings%3DeyJpZCI6MTkwMjAsInVybCI6Imh0dHBzOlwvXC9hcmNoaXYuc2lvdi5za1wvd3AtY29udGVudFwvdXBsb2Fkc1wvMjAyNVwvMDVcL0lNRy0yMDI1MDUxNS1XQTAwMDUuanBnIiwic2xpZGVzaG93IjoiYzMzNzE4YSJ9\">\n\t\t\t\t\t<div class=\"e-gallery-image elementor-gallery-item__image\" data-thumbnail=\"https:\/\/archiv.siov.sk\/wp-content\/uploads\/2025\/05\/IMG-20250515-WA0005-203x300.jpg\" data-width=\"203\" data-height=\"300\" aria-label=\"\" role=\"img\" ><\/div>\n\t\t\t\t\t\t\t\t\t\t\t<div class=\"elementor-gallery-item__overlay\"><\/div>\n\t\t\t\t\t\t\t\t\t\t\t\t\t\t<\/a>\n\t\t\t\t\t\t\t<a class=\"e-gallery-item elementor-gallery-item elementor-animated-content\" href=\"https:\/\/archiv.siov.sk\/wp-content\/uploads\/2025\/05\/IMG-20250515-WA0006.jpg\" data-elementor-open-lightbox=\"yes\" data-elementor-lightbox-slideshow=\"c33718a\" data-elementor-lightbox-title=\"IMG-20250515-WA0006\" data-e-action-hash=\"#elementor-action%3Aaction%3Dlightbox%26settings%3DeyJpZCI6MTkwMjEsInVybCI6Imh0dHBzOlwvXC9hcmNoaXYuc2lvdi5za1wvd3AtY29udGVudFwvdXBsb2Fkc1wvMjAyNVwvMDVcL0lNRy0yMDI1MDUxNS1XQTAwMDYuanBnIiwic2xpZGVzaG93IjoiYzMzNzE4YSJ9\">\n\t\t\t\t\t<div class=\"e-gallery-image elementor-gallery-item__image\" data-thumbnail=\"https:\/\/archiv.siov.sk\/wp-content\/uploads\/2025\/05\/IMG-20250515-WA0006-225x300.jpg\" data-width=\"225\" data-height=\"300\" aria-label=\"\" role=\"img\" ><\/div>\n\t\t\t\t\t\t\t\t\t\t\t<div class=\"elementor-gallery-item__overlay\"><\/div>\n\t\t\t\t\t\t\t\t\t\t\t\t\t\t<\/a>\n\t\t\t\t\t\t\t<a class=\"e-gallery-item elementor-gallery-item elementor-animated-content\" href=\"https:\/\/archiv.siov.sk\/wp-content\/uploads\/2025\/05\/IMG-20250516-WA0013.jpg\" data-elementor-open-lightbox=\"yes\" data-elementor-lightbox-slideshow=\"c33718a\" data-elementor-lightbox-title=\"IMG-20250516-WA0013\" data-e-action-hash=\"#elementor-action%3Aaction%3Dlightbox%26settings%3DeyJpZCI6MTkwMjIsInVybCI6Imh0dHBzOlwvXC9hcmNoaXYuc2lvdi5za1wvd3AtY29udGVudFwvdXBsb2Fkc1wvMjAyNVwvMDVcL0lNRy0yMDI1MDUxNi1XQTAwMTMuanBnIiwic2xpZGVzaG93IjoiYzMzNzE4YSJ9\">\n\t\t\t\t\t<div class=\"e-gallery-image elementor-gallery-item__image\" data-thumbnail=\"https:\/\/archiv.siov.sk\/wp-content\/uploads\/2025\/05\/IMG-20250516-WA0013-225x300.jpg\" data-width=\"225\" data-height=\"300\" aria-label=\"\" role=\"img\" ><\/div>\n\t\t\t\t\t\t\t\t\t\t\t<div class=\"elementor-gallery-item__overlay\"><\/div>\n\t\t\t\t\t\t\t\t\t\t\t\t\t\t<\/a>\n\t\t\t\t\t\t\t<a class=\"e-gallery-item elementor-gallery-item elementor-animated-content\" href=\"https:\/\/archiv.siov.sk\/wp-content\/uploads\/2025\/05\/IMG-20250516-WA0014.jpg\" data-elementor-open-lightbox=\"yes\" data-elementor-lightbox-slideshow=\"c33718a\" data-elementor-lightbox-title=\"IMG-20250516-WA0014\" data-e-action-hash=\"#elementor-action%3Aaction%3Dlightbox%26settings%3DeyJpZCI6MTkwMjMsInVybCI6Imh0dHBzOlwvXC9hcmNoaXYuc2lvdi5za1wvd3AtY29udGVudFwvdXBsb2Fkc1wvMjAyNVwvMDVcL0lNRy0yMDI1MDUxNi1XQTAwMTQuanBnIiwic2xpZGVzaG93IjoiYzMzNzE4YSJ9\">\n\t\t\t\t\t<div class=\"e-gallery-image elementor-gallery-item__image\" data-thumbnail=\"https:\/\/archiv.siov.sk\/wp-content\/uploads\/2025\/05\/IMG-20250516-WA0014-139x300.jpg\" data-width=\"139\" data-height=\"300\" aria-label=\"\" role=\"img\" ><\/div>\n\t\t\t\t\t\t\t\t\t\t\t<div class=\"elementor-gallery-item__overlay\"><\/div>\n\t\t\t\t\t\t\t\t\t\t\t\t\t\t<\/a>\n\t\t\t\t\t\t\t<a class=\"e-gallery-item elementor-gallery-item elementor-animated-content\" href=\"https:\/\/archiv.siov.sk\/wp-content\/uploads\/2025\/05\/IMG-20250516-WA0018.jpg\" data-elementor-open-lightbox=\"yes\" data-elementor-lightbox-slideshow=\"c33718a\" data-elementor-lightbox-title=\"IMG-20250516-WA0018\" data-e-action-hash=\"#elementor-action%3Aaction%3Dlightbox%26settings%3DeyJpZCI6MTkwMjQsInVybCI6Imh0dHBzOlwvXC9hcmNoaXYuc2lvdi5za1wvd3AtY29udGVudFwvdXBsb2Fkc1wvMjAyNVwvMDVcL0lNRy0yMDI1MDUxNi1XQTAwMTguanBnIiwic2xpZGVzaG93IjoiYzMzNzE4YSJ9\">\n\t\t\t\t\t<div class=\"e-gallery-image elementor-gallery-item__image\" data-thumbnail=\"https:\/\/archiv.siov.sk\/wp-content\/uploads\/2025\/05\/IMG-20250516-WA0018-300x169.jpg\" data-width=\"300\" data-height=\"169\" aria-label=\"\" role=\"img\" ><\/div>\n\t\t\t\t\t\t\t\t\t\t\t<div class=\"elementor-gallery-item__overlay\"><\/div>\n\t\t\t\t\t\t\t\t\t\t\t\t\t\t<\/a>\n\t\t\t\t\t\t\t<a class=\"e-gallery-item elementor-gallery-item elementor-animated-content\" href=\"https:\/\/archiv.siov.sk\/wp-content\/uploads\/2025\/05\/IMG-20250516-WA0026.jpg\" data-elementor-open-lightbox=\"yes\" data-elementor-lightbox-slideshow=\"c33718a\" data-elementor-lightbox-title=\"IMG-20250516-WA0026\" data-e-action-hash=\"#elementor-action%3Aaction%3Dlightbox%26settings%3DeyJpZCI6MTkwMjUsInVybCI6Imh0dHBzOlwvXC9hcmNoaXYuc2lvdi5za1wvd3AtY29udGVudFwvdXBsb2Fkc1wvMjAyNVwvMDVcL0lNRy0yMDI1MDUxNi1XQTAwMjYuanBnIiwic2xpZGVzaG93IjoiYzMzNzE4YSJ9\">\n\t\t\t\t\t<div class=\"e-gallery-image elementor-gallery-item__image\" data-thumbnail=\"https:\/\/archiv.siov.sk\/wp-content\/uploads\/2025\/05\/IMG-20250516-WA0026-225x300.jpg\" data-width=\"225\" data-height=\"300\" aria-label=\"\" role=\"img\" ><\/div>\n\t\t\t\t\t\t\t\t\t\t\t<div class=\"elementor-gallery-item__overlay\"><\/div>\n\t\t\t\t\t\t\t\t\t\t\t\t\t\t<\/a>\n\t\t\t\t\t\t\t<a class=\"e-gallery-item elementor-gallery-item elementor-animated-content\" href=\"https:\/\/archiv.siov.sk\/wp-content\/uploads\/2025\/05\/uvodna-foto-e1747725592779.jpg\" data-elementor-open-lightbox=\"yes\" data-elementor-lightbox-slideshow=\"c33718a\" data-elementor-lightbox-title=\"uvodna foto\" data-e-action-hash=\"#elementor-action%3Aaction%3Dlightbox%26settings%3DeyJpZCI6MTkwMjYsInVybCI6Imh0dHBzOlwvXC9hcmNoaXYuc2lvdi5za1wvd3AtY29udGVudFwvdXBsb2Fkc1wvMjAyNVwvMDVcL3V2b2RuYS1mb3RvLWUxNzQ3NzI1NTkyNzc5LmpwZyIsInNsaWRlc2hvdyI6ImMzMzcxOGEifQ%3D%3D\">\n\t\t\t\t\t<div class=\"e-gallery-image elementor-gallery-item__image\" data-thumbnail=\"https:\/\/archiv.siov.sk\/wp-content\/uploads\/2025\/05\/uvodna-foto-e1747725592779-300x177.jpg\" data-width=\"300\" data-height=\"177\" aria-label=\"\" role=\"img\" ><\/div>\n\t\t\t\t\t\t\t\t\t\t\t<div class=\"elementor-gallery-item__overlay\"><\/div>\n\t\t\t\t\t\t\t\t\t\t\t\t\t\t<\/a>\n\t\t\t\t\t<\/div>\n\t\t\t\t\t<\/div>\n\t\t\t\t<\/div>\n\t\t\t\t\t<\/div>\n\t\t\t\t<\/div>\n\t\t\t\t<\/div>","protected":false},"excerpt":{"rendered":"<p>Minul\u00fd t\u00fd\u017ede\u0148 bolo v centre pozornosti \u0161vaj\u010diarske du\u00e1lne vzdel\u00e1vanie. Du\u00e1lne vzdel\u00e1vanie tam zabezpe\u010duj\u00fa 3 druhy subjektov: zamestn\u00e1vate\u013e, \u0161kola a nadpodnikov\u00e9 centrum, to v\u0161etko v intenz\u00edvnom prepojen\u00ed s profesijnou organiz\u00e1ciou a kantonom. V krajine s\u00a0najlep\u0161\u00edm syst\u00e9mom odborn\u00e9ho vzdel\u00e1vania a\u00a0dlhoro\u010dnou trad\u00edciou du\u00e1lneho vzdel\u00e1vania h\u013eadal n\u00e1\u0161 projektov\u00fd t\u00edm Zlep\u0161enie kvality a atrakt\u00edvnosti OVP v s\u00falade s potrebami trhu [&hellip;]<\/p>\n","protected":false},"author":11,"featured_media":19026,"comment_status":"closed","ping_status":"closed","sticky":false,"template":"","format":"standard","meta":{"site-sidebar-layout":"default","site-content-layout":"","ast-site-content-layout":"default","site-content-style":"default","site-sidebar-style":"default","ast-global-header-display":"","ast-banner-title-visibility":"","ast-main-header-display":"","ast-hfb-above-header-display":"","ast-hfb-below-header-display":"","ast-hfb-mobile-header-display":"","site-post-title":"","ast-breadcrumbs-content":"","ast-featured-img":"","footer-sml-layout":"","ast-disable-related-posts":"","theme-transparent-header-meta":"default","adv-header-id-meta":"","stick-header-meta":"default","header-above-stick-meta":"","header-main-stick-meta":"","header-below-stick-meta":"","astra-migrate-meta-layouts":"set","ast-page-background-enabled":"default","ast-page-background-meta":{"desktop":{"background-color":"var(--ast-global-color-4)","background-image":"","background-repeat":"repeat","background-position":"center center","background-size":"auto","background-attachment":"scroll","background-type":"","background-media":"","overlay-type":"","overlay-color":"","overlay-opacity":"","overlay-gradient":""},"tablet":{"background-color":"","background-image":"","background-repeat":"repeat","background-position":"center center","background-size":"auto","background-attachment":"scroll","background-type":"","background-media":"","overlay-type":"","overlay-color":"","overlay-opacity":"","overlay-gradient":""},"mobile":{"background-color":"","background-image":"","background-repeat":"repeat","background-position":"center center","background-size":"auto","background-attachment":"scroll","background-type":"","background-media":"","overlay-type":"","overlay-color":"","overlay-opacity":"","overlay-gradient":""}},"ast-content-background-meta":{"desktop":{"background-color":"var(--ast-global-color-5)","background-image":"","background-repeat":"repeat","background-position":"center center","background-size":"auto","background-attachment":"scroll","background-type":"","background-media":"","overlay-type":"","overlay-color":"","overlay-opacity":"","overlay-gradient":""},"tablet":{"background-color":"var(--ast-global-color-5)","background-image":"","background-repeat":"repeat","background-position":"center center","background-size":"auto","background-attachment":"scroll","background-type":"","background-media":"","overlay-type":"","overlay-color":"","overlay-opacity":"","overlay-gradient":""},"mobile":{"background-color":"var(--ast-global-color-5)","background-image":"","background-repeat":"repeat","background-position":"center center","background-size":"auto","background-attachment":"scroll","background-type":"","background-media":"","overlay-type":"","overlay-color":"","overlay-opacity":"","overlay-gradient":""}},"footnotes":""},"categories":[1],"tags":[],"class_list":["post-18981","post","type-post","status-publish","format-standard","has-post-thumbnail","hentry","category-aktuality"],"yoast_head":"<!-- This site is optimized with the Yoast SEO plugin v27.5 - https:\/\/yoast.com\/product\/yoast-seo-wordpress\/ -->\n<title>Vo \u0160vaj\u010diarsku si zamestn\u00e1vatelia talenty vychov\u00e1vaj\u00fa sami. Nemusia ich h\u013eada\u0165 na pracovnom trhu. I\u0161lo by to aj na Slovensku? - \u0160IOV - \u0161t\u00e1tny in\u0161tit\u00fat odborn\u00e9ho vzdel\u00e1vania<\/title>\n<meta name=\"robots\" content=\"index, follow, max-snippet:-1, max-image-preview:large, max-video-preview:-1\" \/>\n<link rel=\"canonical\" href=\"https:\/\/archiv.siov.sk\/en\/vo-svajciarsku-si-zamestnavatelia-talenty-vychovavaju-sami-nemusia-ich-hladat-na-pracovnom-trhu-islo-by-to-aj-na-slovensku\/\" \/>\n<meta property=\"og:locale\" content=\"en_GB\" \/>\n<meta property=\"og:type\" content=\"article\" \/>\n<meta property=\"og:title\" content=\"Vo \u0160vaj\u010diarsku si zamestn\u00e1vatelia talenty vychov\u00e1vaj\u00fa sami. Nemusia ich h\u013eada\u0165 na pracovnom trhu. I\u0161lo by to aj na Slovensku? - \u0160IOV - \u0161t\u00e1tny in\u0161tit\u00fat odborn\u00e9ho vzdel\u00e1vania\" \/>\n<meta property=\"og:description\" content=\"Minul\u00fd t\u00fd\u017ede\u0148 bolo v centre pozornosti \u0161vaj\u010diarske du\u00e1lne vzdel\u00e1vanie. Du\u00e1lne vzdel\u00e1vanie tam zabezpe\u010duj\u00fa 3 druhy subjektov: zamestn\u00e1vate\u013e, \u0161kola a nadpodnikov\u00e9 centrum, to v\u0161etko v intenz\u00edvnom prepojen\u00ed s profesijnou organiz\u00e1ciou a kantonom. V krajine s\u00a0najlep\u0161\u00edm syst\u00e9mom odborn\u00e9ho vzdel\u00e1vania a\u00a0dlhoro\u010dnou trad\u00edciou du\u00e1lneho vzdel\u00e1vania h\u013eadal n\u00e1\u0161 projektov\u00fd t\u00edm Zlep\u0161enie kvality a atrakt\u00edvnosti OVP v s\u00falade s potrebami trhu [&hellip;]\" \/>\n<meta property=\"og:url\" content=\"https:\/\/archiv.siov.sk\/en\/vo-svajciarsku-si-zamestnavatelia-talenty-vychovavaju-sami-nemusia-ich-hladat-na-pracovnom-trhu-islo-by-to-aj-na-slovensku\/\" \/>\n<meta property=\"og:site_name\" content=\"\u0160IOV - \u0161t\u00e1tny in\u0161tit\u00fat odborn\u00e9ho vzdel\u00e1vania\" \/>\n<meta property=\"article:publisher\" content=\"https:\/\/www.facebook.com\/Statnyinstitutodbornehovzdelavania\" \/>\n<meta property=\"article:published_time\" content=\"2025-05-20T06:55:32+00:00\" \/>\n<meta property=\"article:modified_time\" content=\"2025-05-20T07:30:27+00:00\" \/>\n<meta property=\"og:image\" content=\"https:\/\/archiv.siov.sk\/wp-content\/uploads\/2025\/05\/uvodna-foto-e1747725592779.jpg\" \/>\n\t<meta property=\"og:image:width\" content=\"1512\" \/>\n\t<meta property=\"og:image:height\" content=\"890\" \/>\n\t<meta property=\"og:image:type\" content=\"image\/jpeg\" \/>\n<meta name=\"author\" content=\"Sylvia Hamadejova\" \/>\n<meta name=\"twitter:card\" content=\"summary_large_image\" \/>\n<meta name=\"twitter:label1\" content=\"Written by\" \/>\n\t<meta name=\"twitter:data1\" content=\"Sylvia Hamadejova\" \/>\n\t<meta name=\"twitter:label2\" content=\"Estimated reading time\" \/>\n\t<meta name=\"twitter:data2\" content=\"3 minutes\" \/>\n<script type=\"application\/ld+json\" class=\"yoast-schema-graph\">{\"@context\":\"https:\\\/\\\/schema.org\",\"@graph\":[{\"@type\":\"Article\",\"@id\":\"https:\\\/\\\/archiv.siov.sk\\\/vo-svajciarsku-si-zamestnavatelia-talenty-vychovavaju-sami-nemusia-ich-hladat-na-pracovnom-trhu-islo-by-to-aj-na-slovensku\\\/#article\",\"isPartOf\":{\"@id\":\"https:\\\/\\\/archiv.siov.sk\\\/vo-svajciarsku-si-zamestnavatelia-talenty-vychovavaju-sami-nemusia-ich-hladat-na-pracovnom-trhu-islo-by-to-aj-na-slovensku\\\/\"},\"author\":{\"name\":\"Sylvia Hamadejova\",\"@id\":\"https:\\\/\\\/archiv.siov.sk\\\/#\\\/schema\\\/person\\\/70de33c3c88facac4a386ef06f733b92\"},\"headline\":\"Vo \u0160vaj\u010diarsku si zamestn\u00e1vatelia talenty vychov\u00e1vaj\u00fa sami. Nemusia ich h\u013eada\u0165 na pracovnom trhu. I\u0161lo by to aj na Slovensku?\",\"datePublished\":\"2025-05-20T06:55:32+00:00\",\"dateModified\":\"2025-05-20T07:30:27+00:00\",\"mainEntityOfPage\":{\"@id\":\"https:\\\/\\\/archiv.siov.sk\\\/vo-svajciarsku-si-zamestnavatelia-talenty-vychovavaju-sami-nemusia-ich-hladat-na-pracovnom-trhu-islo-by-to-aj-na-slovensku\\\/\"},\"wordCount\":596,\"publisher\":{\"@id\":\"https:\\\/\\\/archiv.siov.sk\\\/#organization\"},\"image\":{\"@id\":\"https:\\\/\\\/archiv.siov.sk\\\/vo-svajciarsku-si-zamestnavatelia-talenty-vychovavaju-sami-nemusia-ich-hladat-na-pracovnom-trhu-islo-by-to-aj-na-slovensku\\\/#primaryimage\"},\"thumbnailUrl\":\"https:\\\/\\\/archiv.siov.sk\\\/wp-content\\\/uploads\\\/2025\\\/05\\\/uvodna-foto-e1747725592779.jpg\",\"articleSection\":[\"Aktuality\"],\"inLanguage\":\"en-GB\"},{\"@type\":\"WebPage\",\"@id\":\"https:\\\/\\\/archiv.siov.sk\\\/vo-svajciarsku-si-zamestnavatelia-talenty-vychovavaju-sami-nemusia-ich-hladat-na-pracovnom-trhu-islo-by-to-aj-na-slovensku\\\/\",\"url\":\"https:\\\/\\\/archiv.siov.sk\\\/vo-svajciarsku-si-zamestnavatelia-talenty-vychovavaju-sami-nemusia-ich-hladat-na-pracovnom-trhu-islo-by-to-aj-na-slovensku\\\/\",\"name\":\"Vo \u0160vaj\u010diarsku si zamestn\u00e1vatelia talenty vychov\u00e1vaj\u00fa sami. Nemusia ich h\u013eada\u0165 na pracovnom trhu. I\u0161lo by to aj na Slovensku? - \u0160IOV - \u0161t\u00e1tny in\u0161tit\u00fat odborn\u00e9ho vzdel\u00e1vania\",\"isPartOf\":{\"@id\":\"https:\\\/\\\/archiv.siov.sk\\\/#website\"},\"primaryImageOfPage\":{\"@id\":\"https:\\\/\\\/archiv.siov.sk\\\/vo-svajciarsku-si-zamestnavatelia-talenty-vychovavaju-sami-nemusia-ich-hladat-na-pracovnom-trhu-islo-by-to-aj-na-slovensku\\\/#primaryimage\"},\"image\":{\"@id\":\"https:\\\/\\\/archiv.siov.sk\\\/vo-svajciarsku-si-zamestnavatelia-talenty-vychovavaju-sami-nemusia-ich-hladat-na-pracovnom-trhu-islo-by-to-aj-na-slovensku\\\/#primaryimage\"},\"thumbnailUrl\":\"https:\\\/\\\/archiv.siov.sk\\\/wp-content\\\/uploads\\\/2025\\\/05\\\/uvodna-foto-e1747725592779.jpg\",\"datePublished\":\"2025-05-20T06:55:32+00:00\",\"dateModified\":\"2025-05-20T07:30:27+00:00\",\"breadcrumb\":{\"@id\":\"https:\\\/\\\/archiv.siov.sk\\\/vo-svajciarsku-si-zamestnavatelia-talenty-vychovavaju-sami-nemusia-ich-hladat-na-pracovnom-trhu-islo-by-to-aj-na-slovensku\\\/#breadcrumb\"},\"inLanguage\":\"en-GB\",\"potentialAction\":[{\"@type\":\"ReadAction\",\"target\":[\"https:\\\/\\\/archiv.siov.sk\\\/vo-svajciarsku-si-zamestnavatelia-talenty-vychovavaju-sami-nemusia-ich-hladat-na-pracovnom-trhu-islo-by-to-aj-na-slovensku\\\/\"]}]},{\"@type\":\"ImageObject\",\"inLanguage\":\"en-GB\",\"@id\":\"https:\\\/\\\/archiv.siov.sk\\\/vo-svajciarsku-si-zamestnavatelia-talenty-vychovavaju-sami-nemusia-ich-hladat-na-pracovnom-trhu-islo-by-to-aj-na-slovensku\\\/#primaryimage\",\"url\":\"https:\\\/\\\/archiv.siov.sk\\\/wp-content\\\/uploads\\\/2025\\\/05\\\/uvodna-foto-e1747725592779.jpg\",\"contentUrl\":\"https:\\\/\\\/archiv.siov.sk\\\/wp-content\\\/uploads\\\/2025\\\/05\\\/uvodna-foto-e1747725592779.jpg\",\"width\":1512,\"height\":890},{\"@type\":\"BreadcrumbList\",\"@id\":\"https:\\\/\\\/archiv.siov.sk\\\/vo-svajciarsku-si-zamestnavatelia-talenty-vychovavaju-sami-nemusia-ich-hladat-na-pracovnom-trhu-islo-by-to-aj-na-slovensku\\\/#breadcrumb\",\"itemListElement\":[{\"@type\":\"ListItem\",\"position\":1,\"name\":\"Home\",\"item\":\"https:\\\/\\\/archiv.siov.sk\\\/\"},{\"@type\":\"ListItem\",\"position\":2,\"name\":\"Vo \u0160vaj\u010diarsku si zamestn\u00e1vatelia talenty vychov\u00e1vaj\u00fa sami. Nemusia ich h\u013eada\u0165 na pracovnom trhu. I\u0161lo by to aj na Slovensku?\"}]},{\"@type\":\"WebSite\",\"@id\":\"https:\\\/\\\/archiv.siov.sk\\\/#website\",\"url\":\"https:\\\/\\\/archiv.siov.sk\\\/\",\"name\":\"\u0160IOV - \u0161t\u00e1tny in\u0161tit\u00fat odborn\u00e9ho vzdel\u00e1vania\",\"description\":\"\",\"publisher\":{\"@id\":\"https:\\\/\\\/archiv.siov.sk\\\/#organization\"},\"potentialAction\":[{\"@type\":\"SearchAction\",\"target\":{\"@type\":\"EntryPoint\",\"urlTemplate\":\"https:\\\/\\\/archiv.siov.sk\\\/?s={search_term_string}\"},\"query-input\":{\"@type\":\"PropertyValueSpecification\",\"valueRequired\":true,\"valueName\":\"search_term_string\"}}],\"inLanguage\":\"en-GB\"},{\"@type\":\"Organization\",\"@id\":\"https:\\\/\\\/archiv.siov.sk\\\/#organization\",\"name\":\"\u0160IOV - \u0161t\u00e1tny in\u0161tit\u00fat odborn\u00e9ho vzdel\u00e1vania\",\"url\":\"https:\\\/\\\/archiv.siov.sk\\\/\",\"logo\":{\"@type\":\"ImageObject\",\"inLanguage\":\"en-GB\",\"@id\":\"https:\\\/\\\/archiv.siov.sk\\\/#\\\/schema\\\/logo\\\/image\\\/\",\"url\":\"https:\\\/\\\/archiv.siov.sk\\\/wp-content\\\/uploads\\\/2024\\\/02\\\/logo-SIOV.png\",\"contentUrl\":\"https:\\\/\\\/archiv.siov.sk\\\/wp-content\\\/uploads\\\/2024\\\/02\\\/logo-SIOV.png\",\"width\":431,\"height\":143,\"caption\":\"\u0160IOV - \u0161t\u00e1tny in\u0161tit\u00fat odborn\u00e9ho vzdel\u00e1vania\"},\"image\":{\"@id\":\"https:\\\/\\\/archiv.siov.sk\\\/#\\\/schema\\\/logo\\\/image\\\/\"},\"sameAs\":[\"https:\\\/\\\/www.facebook.com\\\/Statnyinstitutodbornehovzdelavania\"]},{\"@type\":\"Person\",\"@id\":\"https:\\\/\\\/archiv.siov.sk\\\/#\\\/schema\\\/person\\\/70de33c3c88facac4a386ef06f733b92\",\"name\":\"Sylvia Hamadejova\",\"url\":\"https:\\\/\\\/archiv.siov.sk\\\/en\\\/author\\\/hamadejovas\\\/\"}]}<\/script>\n<!-- \/ Yoast SEO plugin. -->","yoast_head_json":{"title":"Vo \u0160vaj\u010diarsku si zamestn\u00e1vatelia talenty vychov\u00e1vaj\u00fa sami. Nemusia ich h\u013eada\u0165 na pracovnom trhu. I\u0161lo by to aj na Slovensku? - \u0160IOV - \u0161t\u00e1tny in\u0161tit\u00fat odborn\u00e9ho vzdel\u00e1vania","robots":{"index":"index","follow":"follow","max-snippet":"max-snippet:-1","max-image-preview":"max-image-preview:large","max-video-preview":"max-video-preview:-1"},"canonical":"https:\/\/archiv.siov.sk\/en\/vo-svajciarsku-si-zamestnavatelia-talenty-vychovavaju-sami-nemusia-ich-hladat-na-pracovnom-trhu-islo-by-to-aj-na-slovensku\/","og_locale":"en_GB","og_type":"article","og_title":"Vo \u0160vaj\u010diarsku si zamestn\u00e1vatelia talenty vychov\u00e1vaj\u00fa sami. Nemusia ich h\u013eada\u0165 na pracovnom trhu. I\u0161lo by to aj na Slovensku? - \u0160IOV - \u0161t\u00e1tny in\u0161tit\u00fat odborn\u00e9ho vzdel\u00e1vania","og_description":"Minul\u00fd t\u00fd\u017ede\u0148 bolo v centre pozornosti \u0161vaj\u010diarske du\u00e1lne vzdel\u00e1vanie. Du\u00e1lne vzdel\u00e1vanie tam zabezpe\u010duj\u00fa 3 druhy subjektov: zamestn\u00e1vate\u013e, \u0161kola a nadpodnikov\u00e9 centrum, to v\u0161etko v intenz\u00edvnom prepojen\u00ed s profesijnou organiz\u00e1ciou a kantonom. V krajine s\u00a0najlep\u0161\u00edm syst\u00e9mom odborn\u00e9ho vzdel\u00e1vania a\u00a0dlhoro\u010dnou trad\u00edciou du\u00e1lneho vzdel\u00e1vania h\u013eadal n\u00e1\u0161 projektov\u00fd t\u00edm Zlep\u0161enie kvality a atrakt\u00edvnosti OVP v s\u00falade s potrebami trhu [&hellip;]","og_url":"https:\/\/archiv.siov.sk\/en\/vo-svajciarsku-si-zamestnavatelia-talenty-vychovavaju-sami-nemusia-ich-hladat-na-pracovnom-trhu-islo-by-to-aj-na-slovensku\/","og_site_name":"\u0160IOV - \u0161t\u00e1tny in\u0161tit\u00fat odborn\u00e9ho vzdel\u00e1vania","article_publisher":"https:\/\/www.facebook.com\/Statnyinstitutodbornehovzdelavania","article_published_time":"2025-05-20T06:55:32+00:00","article_modified_time":"2025-05-20T07:30:27+00:00","og_image":[{"width":1512,"height":890,"url":"https:\/\/archiv.siov.sk\/wp-content\/uploads\/2025\/05\/uvodna-foto-e1747725592779.jpg","type":"image\/jpeg"}],"author":"Sylvia Hamadejova","twitter_card":"summary_large_image","twitter_misc":{"Written by":"Sylvia Hamadejova","Estimated reading time":"3 minutes"},"schema":{"@context":"https:\/\/schema.org","@graph":[{"@type":"Article","@id":"https:\/\/archiv.siov.sk\/vo-svajciarsku-si-zamestnavatelia-talenty-vychovavaju-sami-nemusia-ich-hladat-na-pracovnom-trhu-islo-by-to-aj-na-slovensku\/#article","isPartOf":{"@id":"https:\/\/archiv.siov.sk\/vo-svajciarsku-si-zamestnavatelia-talenty-vychovavaju-sami-nemusia-ich-hladat-na-pracovnom-trhu-islo-by-to-aj-na-slovensku\/"},"author":{"name":"Sylvia Hamadejova","@id":"https:\/\/archiv.siov.sk\/#\/schema\/person\/70de33c3c88facac4a386ef06f733b92"},"headline":"Vo \u0160vaj\u010diarsku si zamestn\u00e1vatelia talenty vychov\u00e1vaj\u00fa sami. Nemusia ich h\u013eada\u0165 na pracovnom trhu. I\u0161lo by to aj na Slovensku?","datePublished":"2025-05-20T06:55:32+00:00","dateModified":"2025-05-20T07:30:27+00:00","mainEntityOfPage":{"@id":"https:\/\/archiv.siov.sk\/vo-svajciarsku-si-zamestnavatelia-talenty-vychovavaju-sami-nemusia-ich-hladat-na-pracovnom-trhu-islo-by-to-aj-na-slovensku\/"},"wordCount":596,"publisher":{"@id":"https:\/\/archiv.siov.sk\/#organization"},"image":{"@id":"https:\/\/archiv.siov.sk\/vo-svajciarsku-si-zamestnavatelia-talenty-vychovavaju-sami-nemusia-ich-hladat-na-pracovnom-trhu-islo-by-to-aj-na-slovensku\/#primaryimage"},"thumbnailUrl":"https:\/\/archiv.siov.sk\/wp-content\/uploads\/2025\/05\/uvodna-foto-e1747725592779.jpg","articleSection":["Aktuality"],"inLanguage":"en-GB"},{"@type":"WebPage","@id":"https:\/\/archiv.siov.sk\/vo-svajciarsku-si-zamestnavatelia-talenty-vychovavaju-sami-nemusia-ich-hladat-na-pracovnom-trhu-islo-by-to-aj-na-slovensku\/","url":"https:\/\/archiv.siov.sk\/vo-svajciarsku-si-zamestnavatelia-talenty-vychovavaju-sami-nemusia-ich-hladat-na-pracovnom-trhu-islo-by-to-aj-na-slovensku\/","name":"Vo \u0160vaj\u010diarsku si zamestn\u00e1vatelia talenty vychov\u00e1vaj\u00fa sami. Nemusia ich h\u013eada\u0165 na pracovnom trhu. I\u0161lo by to aj na Slovensku? - \u0160IOV - \u0161t\u00e1tny in\u0161tit\u00fat odborn\u00e9ho vzdel\u00e1vania","isPartOf":{"@id":"https:\/\/archiv.siov.sk\/#website"},"primaryImageOfPage":{"@id":"https:\/\/archiv.siov.sk\/vo-svajciarsku-si-zamestnavatelia-talenty-vychovavaju-sami-nemusia-ich-hladat-na-pracovnom-trhu-islo-by-to-aj-na-slovensku\/#primaryimage"},"image":{"@id":"https:\/\/archiv.siov.sk\/vo-svajciarsku-si-zamestnavatelia-talenty-vychovavaju-sami-nemusia-ich-hladat-na-pracovnom-trhu-islo-by-to-aj-na-slovensku\/#primaryimage"},"thumbnailUrl":"https:\/\/archiv.siov.sk\/wp-content\/uploads\/2025\/05\/uvodna-foto-e1747725592779.jpg","datePublished":"2025-05-20T06:55:32+00:00","dateModified":"2025-05-20T07:30:27+00:00","breadcrumb":{"@id":"https:\/\/archiv.siov.sk\/vo-svajciarsku-si-zamestnavatelia-talenty-vychovavaju-sami-nemusia-ich-hladat-na-pracovnom-trhu-islo-by-to-aj-na-slovensku\/#breadcrumb"},"inLanguage":"en-GB","potentialAction":[{"@type":"ReadAction","target":["https:\/\/archiv.siov.sk\/vo-svajciarsku-si-zamestnavatelia-talenty-vychovavaju-sami-nemusia-ich-hladat-na-pracovnom-trhu-islo-by-to-aj-na-slovensku\/"]}]},{"@type":"ImageObject","inLanguage":"en-GB","@id":"https:\/\/archiv.siov.sk\/vo-svajciarsku-si-zamestnavatelia-talenty-vychovavaju-sami-nemusia-ich-hladat-na-pracovnom-trhu-islo-by-to-aj-na-slovensku\/#primaryimage","url":"https:\/\/archiv.siov.sk\/wp-content\/uploads\/2025\/05\/uvodna-foto-e1747725592779.jpg","contentUrl":"https:\/\/archiv.siov.sk\/wp-content\/uploads\/2025\/05\/uvodna-foto-e1747725592779.jpg","width":1512,"height":890},{"@type":"BreadcrumbList","@id":"https:\/\/archiv.siov.sk\/vo-svajciarsku-si-zamestnavatelia-talenty-vychovavaju-sami-nemusia-ich-hladat-na-pracovnom-trhu-islo-by-to-aj-na-slovensku\/#breadcrumb","itemListElement":[{"@type":"ListItem","position":1,"name":"Home","item":"https:\/\/archiv.siov.sk\/"},{"@type":"ListItem","position":2,"name":"Vo \u0160vaj\u010diarsku si zamestn\u00e1vatelia talenty vychov\u00e1vaj\u00fa sami. Nemusia ich h\u013eada\u0165 na pracovnom trhu. I\u0161lo by to aj na Slovensku?"}]},{"@type":"WebSite","@id":"https:\/\/archiv.siov.sk\/#website","url":"https:\/\/archiv.siov.sk\/","name":"\u0160IOV - \u0161t\u00e1tny in\u0161tit\u00fat odborn\u00e9ho vzdel\u00e1vania","description":"","publisher":{"@id":"https:\/\/archiv.siov.sk\/#organization"},"potentialAction":[{"@type":"SearchAction","target":{"@type":"EntryPoint","urlTemplate":"https:\/\/archiv.siov.sk\/?s={search_term_string}"},"query-input":{"@type":"PropertyValueSpecification","valueRequired":true,"valueName":"search_term_string"}}],"inLanguage":"en-GB"},{"@type":"Organization","@id":"https:\/\/archiv.siov.sk\/#organization","name":"\u0160IOV - \u0161t\u00e1tny in\u0161tit\u00fat odborn\u00e9ho vzdel\u00e1vania","url":"https:\/\/archiv.siov.sk\/","logo":{"@type":"ImageObject","inLanguage":"en-GB","@id":"https:\/\/archiv.siov.sk\/#\/schema\/logo\/image\/","url":"https:\/\/archiv.siov.sk\/wp-content\/uploads\/2024\/02\/logo-SIOV.png","contentUrl":"https:\/\/archiv.siov.sk\/wp-content\/uploads\/2024\/02\/logo-SIOV.png","width":431,"height":143,"caption":"\u0160IOV - \u0161t\u00e1tny in\u0161tit\u00fat odborn\u00e9ho vzdel\u00e1vania"},"image":{"@id":"https:\/\/archiv.siov.sk\/#\/schema\/logo\/image\/"},"sameAs":["https:\/\/www.facebook.com\/Statnyinstitutodbornehovzdelavania"]},{"@type":"Person","@id":"https:\/\/archiv.siov.sk\/#\/schema\/person\/70de33c3c88facac4a386ef06f733b92","name":"Sylvia Hamadejova","url":"https:\/\/archiv.siov.sk\/en\/author\/hamadejovas\/"}]}},"_links":{"self":[{"href":"https:\/\/archiv.siov.sk\/en\/wp-json\/wp\/v2\/posts\/18981","targetHints":{"allow":["GET"]}}],"collection":[{"href":"https:\/\/archiv.siov.sk\/en\/wp-json\/wp\/v2\/posts"}],"about":[{"href":"https:\/\/archiv.siov.sk\/en\/wp-json\/wp\/v2\/types\/post"}],"author":[{"embeddable":true,"href":"https:\/\/archiv.siov.sk\/en\/wp-json\/wp\/v2\/users\/11"}],"replies":[{"embeddable":true,"href":"https:\/\/archiv.siov.sk\/en\/wp-json\/wp\/v2\/comments?post=18981"}],"version-history":[{"count":16,"href":"https:\/\/archiv.siov.sk\/en\/wp-json\/wp\/v2\/posts\/18981\/revisions"}],"predecessor-version":[{"id":19040,"href":"https:\/\/archiv.siov.sk\/en\/wp-json\/wp\/v2\/posts\/18981\/revisions\/19040"}],"wp:featuredmedia":[{"embeddable":true,"href":"https:\/\/archiv.siov.sk\/en\/wp-json\/wp\/v2\/media\/19026"}],"wp:attachment":[{"href":"https:\/\/archiv.siov.sk\/en\/wp-json\/wp\/v2\/media?parent=18981"}],"wp:term":[{"taxonomy":"category","embeddable":true,"href":"https:\/\/archiv.siov.sk\/en\/wp-json\/wp\/v2\/categories?post=18981"},{"taxonomy":"post_tag","embeddable":true,"href":"https:\/\/archiv.siov.sk\/en\/wp-json\/wp\/v2\/tags?post=18981"}],"curies":[{"name":"wp","href":"https:\/\/api.w.org\/{rel}","templated":true}]}}