{"id":18951,"date":"2025-05-16T14:34:58","date_gmt":"2025-05-16T12:34:58","guid":{"rendered":"https:\/\/archiv.siov.sk\/?p=18951"},"modified":"2025-07-03T08:34:31","modified_gmt":"2025-07-03T06:34:31","slug":"mesiac-kvality-2025","status":"publish","type":"post","link":"https:\/\/archiv.siov.sk\/en\/mesiac-kvality-2025\/","title":{"rendered":"Mesiac kvality 2025"},"content":{"rendered":"<p>Mesiac kvality je ka\u017edoro\u010dne obdob\u00edm, kedy sa naprie\u010d Slovenskom konaj\u00fa podujatia zameran\u00e9 na zvy\u0161ovanie kvality v odbornom vzdel\u00e1van\u00ed a pr\u00edprave. V m\u00e1ji 2025 sa op\u00e4\u0165 st\u00e1va platformou pre v\u00fdmenu sk\u00fasenost\u00ed, prezent\u00e1ciu inov\u00e1ci\u00ed a posil\u0148ovanie spolupr\u00e1ce medzi \u0161kolami a partnermi z praxe.<\/p>\n<p><span style=\"font-size: 16px;\">V prvej polovici m\u00e1ja sme zrealizovali dve \u00faspe\u0161n\u00e9 stretnutia, ktor\u00e9 otvorili d\u00f4le\u017eit\u00e9 t\u00e9my a mali za cie\u013e in\u0161pirova\u0165 \u00fa\u010dastn\u00edkov k \u010fal\u0161iemu rozvoju kvality na stredn\u00fdch odborn\u00fdch \u0161kol\u00e1ch.<\/span><\/p>\n<h3>Stretnutie v\u00a0\u017diline a\u00a0InfoDay v Bratislave<\/h3>\n<p>Stretnutie v \u017diline s n\u00e1zvom <em>\u201eSp\u00e4tn\u00e1 v\u00e4zba od absolventov ako n\u00e1stroj zabezpe\u010dovania kvality OVP\u201c<\/em>, ktor\u00e9 sa uskuto\u010dnilo 13. m\u00e1ja 2025, sa zameralo na to, ako m\u00f4\u017eu \u0161koly efekt\u00edvne vyu\u017e\u00edva\u0165 sp\u00e4tn\u00fa v\u00e4zbu od absolventov na zvy\u0161ovanie kvality vzdel\u00e1vania. S\u00fahrn z podujatia n\u00e1jdete <strong><a href=\"https:\/\/archiv.siov.sk\/en\/v-ziline-sa-diskutovalo-o-vyzname-trasovania-absolventov\/\" target=\"_blank\" rel=\"noopener\">v tomto \u010dl\u00e1nku<\/a><\/strong>.<\/p>\n<p>Na stretnut\u00ed v Bratislave \u2013 InfoDay pre stredn\u00e9 odborn\u00e9 \u0161koly \u2013 sa \u00fa\u010dastn\u00edci venovali najm\u00e4 ot\u00e1zkam syst\u00e9mov\u00e9ho nastavovania kvality a rozv\u00edjania intern\u00fdch hodnotiacich procesov v odbornom vzdel\u00e1van\u00ed.<\/p>\n<p><img fetchpriority=\"high\" decoding=\"async\" class=\"alignnone wp-image-18955\" src=\"https:\/\/archiv.siov.sk\/wp-content\/uploads\/2025\/05\/spatna_vazba_od_absolventov_zilina-40-300x225.jpeg\" alt=\"ucastnici stretnutia v \u017eiline fotia QR kod\" width=\"400\" height=\"300\" srcset=\"https:\/\/archiv.siov.sk\/wp-content\/uploads\/2025\/05\/spatna_vazba_od_absolventov_zilina-40-300x225.jpeg 300w, https:\/\/archiv.siov.sk\/wp-content\/uploads\/2025\/05\/spatna_vazba_od_absolventov_zilina-40-1024x768.jpeg 1024w, https:\/\/archiv.siov.sk\/wp-content\/uploads\/2025\/05\/spatna_vazba_od_absolventov_zilina-40-768x576.jpeg 768w, https:\/\/archiv.siov.sk\/wp-content\/uploads\/2025\/05\/spatna_vazba_od_absolventov_zilina-40-1536x1152.jpeg 1536w, https:\/\/archiv.siov.sk\/wp-content\/uploads\/2025\/05\/spatna_vazba_od_absolventov_zilina-40-16x12.jpeg 16w, https:\/\/archiv.siov.sk\/wp-content\/uploads\/2025\/05\/spatna_vazba_od_absolventov_zilina-40.jpeg 2048w\" sizes=\"(max-width: 400px) 100vw, 400px\" \/> <img decoding=\"async\" class=\"alignnone wp-image-18958\" src=\"https:\/\/archiv.siov.sk\/wp-content\/uploads\/2025\/05\/infoday_bratislava_mesiac_kvality-300x225.jpg\" alt=\"\u00fa\u010dastn\u00edci InfoDay v Bratislave v r\u00e1mci mesiaca kvality\" width=\"400\" height=\"300\" srcset=\"https:\/\/archiv.siov.sk\/wp-content\/uploads\/2025\/05\/infoday_bratislava_mesiac_kvality-300x225.jpg 300w, https:\/\/archiv.siov.sk\/wp-content\/uploads\/2025\/05\/infoday_bratislava_mesiac_kvality-1024x768.jpg 1024w, https:\/\/archiv.siov.sk\/wp-content\/uploads\/2025\/05\/infoday_bratislava_mesiac_kvality-768x576.jpg 768w, https:\/\/archiv.siov.sk\/wp-content\/uploads\/2025\/05\/infoday_bratislava_mesiac_kvality-1536x1152.jpg 1536w, https:\/\/archiv.siov.sk\/wp-content\/uploads\/2025\/05\/infoday_bratislava_mesiac_kvality-16x12.jpg 16w, https:\/\/archiv.siov.sk\/wp-content\/uploads\/2025\/05\/infoday_bratislava_mesiac_kvality.jpg 1600w\" sizes=\"(max-width: 400px) 100vw, 400px\" \/><\/p>\n<h3>Konferencia v\u00a0Banskej Bystrici<\/h3>\n<p><strong>Odborn\u00e1 konferencia<\/strong> organizovan\u00e1 \u0160t\u00e1tnym in\u0161tit\u00fatom odborn\u00e9ho vzdel\u00e1vania ako n\u00e1rodn\u00fdm referen\u010dn\u00fdm miestom EQAVET patr\u00ed k hlavn\u00fdm podujatiam Mesiaca kvality 2025. Uskuto\u010dn\u00ed sa <strong>20. m\u00e1ja 2025<\/strong> v \u010dase od 13:00 do 17:00 hod. <strong>v Hoteli LUX v Banskej Bystrici<\/strong>. Konferencia pon\u00fakne in\u0161pirat\u00edvny program pln\u00fd odborn\u00fdch pr\u00edspevkov. V programe nebud\u00fa ch\u00fdba\u0165 t\u00e9my ako <em>V\u00fdvoj kurikula v kontexte centier excelentnosti<\/em> \u010di <em>Vyu\u017eitie administrat\u00edvnych d\u00e1t pre zlep\u0161ovanie kvality OVP<\/em>, no dozvieme sa aj men\u00e1 v\u00ed\u0165azov N\u00e1rodnej ceny kvality v OVP za rok 2025.<\/p>\n<p>Pozrie\u0165 kompletn\u00fd <strong><a href=\"https:\/\/okvalite.sk\/wp-content\/uploads\/2025\/04\/Program.pdf\" target=\"_blank\" rel=\"noopener\">program konferencie TU.<\/a><\/strong><\/p>\n<p>Sme radi, \u017ee podujatie zaznamenalo ve\u013ek\u00fd z\u00e1ujem. Registr\u00e1cia bola ukon\u010den\u00e1. U\u017e teraz sa te\u0161\u00edme na v\u0161etk\u00fdch prihl\u00e1sen\u00fdch \u00fa\u010dastn\u00edkov.<\/p>\n<h3>\u010co n\u00e1s e\u0161te \u010dak\u00e1?<\/h3>\n<p>\u010eal\u0161ie zauj\u00edmav\u00e9 aktivity Mesiaca kvality n\u00e1s \u010dakaj\u00fa <strong>27. m\u00e1ja<\/strong>, kedy sa v dvoch slovensk\u00fdch mest\u00e1ch uskuto\u010dnia tematicky zameran\u00e9 podujatia pre r\u00f4zne cie\u013eov\u00e9 skupiny.<\/p>\n<p><strong>Filmov\u00e9 dopoludnie o BOZP pre \u017eiakov SO\u0160<br \/>\nV Tren\u010d\u00edne<\/strong> pripravujeme filmov\u00e9 dopoludnie pre \u017eiakov stredn\u00fdch odborn\u00fdch \u0161k\u00f4l, ktor\u00e9 sa uskuto\u010dn\u00ed v pondelok 27. m\u00e1ja 2025 od 8:00 do 12:00 hod. v kongresovej s\u00e1le \u00daradu Tren\u010dianskeho samospr\u00e1vneho kraja. V spolupr\u00e1ci s N\u00e1rodn\u00fdm kontaktn\u00fdm miestom Eur\u00f3pskej agent\u00fary pre bezpe\u010dnos\u0165 a ochranu zdravia pri pr\u00e1ci (EU-OSHA) a N\u00e1rodn\u00fdm in\u0161pektor\u00e1tom pr\u00e1ce sa podujatie zameria na t\u00e9mu BOZP.<\/p>\n<p><strong>Kari\u00e9rov\u00e9 poradenstvo ako s\u00fa\u010das\u0165 kvality v \u0161kol\u00e1ch<\/strong><\/p>\n<p><img decoding=\"async\" class=\"size-medium wp-image-18962 alignright\" src=\"https:\/\/archiv.siov.sk\/wp-content\/uploads\/2025\/05\/Karierove-poradenstvo-v-OVP-pozvanka-240x300.png\" alt=\"Pozv\u00e1nka na podujatie v Pre\u0161ove\" width=\"240\" height=\"300\" srcset=\"https:\/\/archiv.siov.sk\/wp-content\/uploads\/2025\/05\/Karierove-poradenstvo-v-OVP-pozvanka-240x300.png 240w, https:\/\/archiv.siov.sk\/wp-content\/uploads\/2025\/05\/Karierove-poradenstvo-v-OVP-pozvanka-819x1024.png 819w, https:\/\/archiv.siov.sk\/wp-content\/uploads\/2025\/05\/Karierove-poradenstvo-v-OVP-pozvanka-768x960.png 768w, https:\/\/archiv.siov.sk\/wp-content\/uploads\/2025\/05\/Karierove-poradenstvo-v-OVP-pozvanka-1229x1536.png 1229w, https:\/\/archiv.siov.sk\/wp-content\/uploads\/2025\/05\/Karierove-poradenstvo-v-OVP-pozvanka-10x12.png 10w, https:\/\/archiv.siov.sk\/wp-content\/uploads\/2025\/05\/Karierove-poradenstvo-v-OVP-pozvanka.png 1485w\" sizes=\"(max-width: 240px) 100vw, 240px\" \/><\/p>\n<p>V rovnak\u00fd de\u0148 sa uskuto\u010dn\u00ed aj odborn\u00e9 stretnutie pre u\u010dite\u013eov stredn\u00fdch odborn\u00fdch \u0161k\u00f4l <strong>v Pre\u0161ove<\/strong>, ktor\u00e9 sa bude kona\u0165 od 9:00 do 14:00\u00a0hod. v priestoroch Krajskej gal\u00e9rie. Podujatie, organizovan\u00e9 v spolupr\u00e1ci eur\u00f3pskych iniciat\u00edv Europass a EQAVET, pon\u00fakne konkr\u00e9tne n\u00e1stroje a in\u0161pir\u00e1cie na podporu kvalitn\u00e9ho kari\u00e9rov\u00e9ho poradenstva a pr\u00edpravy \u017eiakov na trh pr\u00e1ce. Na podujatie je potrebn\u00e1 <a href=\"https:\/\/forms.office.com\/pages\/responsepage.aspx?id=38TFcgj8m0y0A5W96Wle1Ex7dcy3No5DkFI2qe7yyxNUQ0xBUkNQU0szMTVQQkdJUkZMUTZXTEc2SS4u&amp;route=shorturl\" target=\"_blank\" rel=\"noopener\"><strong>REGISTR\u00c1CIA<\/strong><\/a>.<\/p>\n<p>Ak m\u00e1te ak\u00e9ko\u013evek ot\u00e1zky alebo z\u00e1ujem zapoji\u0165 sa do \u010fal\u0161\u00edch aktiv\u00edt v oblasti kvality, ozvite sa n\u00e1m na eqavet@siov.sk alebo n\u00e1s sledujte na <strong><a href=\"https:\/\/okvalite.sk\" target=\"_blank\" rel=\"noopener\">okvalite.sk <\/a><\/strong>a na <a href=\"https:\/\/www.facebook.com\/czvsr\" target=\"_blank\" rel=\"noopener\"><strong>Facebooku<\/strong><\/a>, kde n\u00e1jdete v\u0161etky aktu\u00e1lne inform\u00e1cie.<\/p>\n<figure id=\"attachment_19606\" aria-describedby=\"caption-attachment-19606\" style=\"width: 400px\" class=\"wp-caption aligncenter\"><img loading=\"lazy\" decoding=\"async\" class=\"wp-image-19606\" src=\"https:\/\/archiv.siov.sk\/wp-content\/uploads\/2025\/06\/spolufinancovane-EU-300x86.png\" alt=\"spolufinancovany EU logo\" width=\"400\" height=\"114\" srcset=\"https:\/\/archiv.siov.sk\/wp-content\/uploads\/2025\/06\/spolufinancovane-EU-300x86.png 300w, https:\/\/archiv.siov.sk\/wp-content\/uploads\/2025\/06\/spolufinancovane-EU-18x5.png 18w, https:\/\/archiv.siov.sk\/wp-content\/uploads\/2025\/06\/spolufinancovane-EU.png 600w\" sizes=\"(max-width: 400px) 100vw, 400px\" \/><figcaption id=\"caption-attachment-19606\" class=\"wp-caption-text\">Financovan\u00e9 Eur\u00f3pskou \u00faniou. Vyjadren\u00e9 n\u00e1zory a postoje s\u00fa n\u00e1zormi a vyhl\u00e1seniami autora a nemusia nevyhnutne odr\u00e1\u017ea\u0165 n\u00e1zory a stanovisk\u00e1 Eur\u00f3pskej \u00fanie alebo Eur\u00f3pskej v\u00fdkonnej agent\u00fary pre vzdel\u00e1vanie a kult\u00faru (EACEA). Eur\u00f3pska \u00fania ani EACEA za ne nepreberaj\u00fa \u017eiadnu zodpovednos\u0165.<\/figcaption><\/figure>","protected":false},"excerpt":{"rendered":"<p>Mesiac kvality je ka\u017edoro\u010dne obdob\u00edm, kedy sa naprie\u010d Slovenskom konaj\u00fa podujatia zameran\u00e9 na zvy\u0161ovanie kvality v odbornom vzdel\u00e1van\u00ed a pr\u00edprave. V m\u00e1ji 2025 sa op\u00e4\u0165 st\u00e1va platformou pre v\u00fdmenu sk\u00fasenost\u00ed, prezent\u00e1ciu inov\u00e1ci\u00ed a posil\u0148ovanie spolupr\u00e1ce medzi \u0161kolami a partnermi z praxe. V prvej polovici m\u00e1ja sme zrealizovali dve \u00faspe\u0161n\u00e9 stretnutia, ktor\u00e9 otvorili d\u00f4le\u017eit\u00e9 t\u00e9my a [&hellip;]<\/p>\n","protected":false},"author":10,"featured_media":18893,"comment_status":"closed","ping_status":"closed","sticky":false,"template":"","format":"standard","meta":{"site-sidebar-layout":"default","site-content-layout":"","ast-site-content-layout":"default","site-content-style":"default","site-sidebar-style":"default","ast-global-header-display":"","ast-banner-title-visibility":"","ast-main-header-display":"","ast-hfb-above-header-display":"","ast-hfb-below-header-display":"","ast-hfb-mobile-header-display":"","site-post-title":"","ast-breadcrumbs-content":"","ast-featured-img":"","footer-sml-layout":"","ast-disable-related-posts":"","theme-transparent-header-meta":"default","adv-header-id-meta":"","stick-header-meta":"default","header-above-stick-meta":"","header-main-stick-meta":"","header-below-stick-meta":"","astra-migrate-meta-layouts":"set","ast-page-background-enabled":"default","ast-page-background-meta":{"desktop":{"background-color":"var(--ast-global-color-4)","background-image":"","background-repeat":"repeat","background-position":"center center","background-size":"auto","background-attachment":"scroll","background-type":"","background-media":"","overlay-type":"","overlay-color":"","overlay-opacity":"","overlay-gradient":""},"tablet":{"background-color":"","background-image":"","background-repeat":"repeat","background-position":"center center","background-size":"auto","background-attachment":"scroll","background-type":"","background-media":"","overlay-type":"","overlay-color":"","overlay-opacity":"","overlay-gradient":""},"mobile":{"background-color":"","background-image":"","background-repeat":"repeat","background-position":"center center","background-size":"auto","background-attachment":"scroll","background-type":"","background-media":"","overlay-type":"","overlay-color":"","overlay-opacity":"","overlay-gradient":""}},"ast-content-background-meta":{"desktop":{"background-color":"var(--ast-global-color-5)","background-image":"","background-repeat":"repeat","background-position":"center center","background-size":"auto","background-attachment":"scroll","background-type":"","background-media":"","overlay-type":"","overlay-color":"","overlay-opacity":"","overlay-gradient":""},"tablet":{"background-color":"var(--ast-global-color-5)","background-image":"","background-repeat":"repeat","background-position":"center center","background-size":"auto","background-attachment":"scroll","background-type":"","background-media":"","overlay-type":"","overlay-color":"","overlay-opacity":"","overlay-gradient":""},"mobile":{"background-color":"var(--ast-global-color-5)","background-image":"","background-repeat":"repeat","background-position":"center center","background-size":"auto","background-attachment":"scroll","background-type":"","background-media":"","overlay-type":"","overlay-color":"","overlay-opacity":"","overlay-gradient":""}},"footnotes":""},"categories":[1],"tags":[],"class_list":["post-18951","post","type-post","status-publish","format-standard","has-post-thumbnail","hentry","category-aktuality"],"yoast_head":"<!-- This site is optimized with the Yoast SEO plugin v27.5 - https:\/\/yoast.com\/product\/yoast-seo-wordpress\/ -->\n<title>Mesiac kvality 2025 - \u0160IOV - \u0161t\u00e1tny in\u0161tit\u00fat odborn\u00e9ho vzdel\u00e1vania<\/title>\n<meta name=\"robots\" content=\"index, follow, max-snippet:-1, max-image-preview:large, max-video-preview:-1\" \/>\n<link rel=\"canonical\" href=\"https:\/\/archiv.siov.sk\/en\/mesiac-kvality-2025\/\" \/>\n<meta property=\"og:locale\" content=\"en_GB\" \/>\n<meta property=\"og:type\" content=\"article\" \/>\n<meta property=\"og:title\" content=\"Mesiac kvality 2025 - \u0160IOV - \u0161t\u00e1tny in\u0161tit\u00fat odborn\u00e9ho vzdel\u00e1vania\" \/>\n<meta property=\"og:description\" content=\"Mesiac kvality je ka\u017edoro\u010dne obdob\u00edm, kedy sa naprie\u010d Slovenskom konaj\u00fa podujatia zameran\u00e9 na zvy\u0161ovanie kvality v odbornom vzdel\u00e1van\u00ed a pr\u00edprave. V m\u00e1ji 2025 sa op\u00e4\u0165 st\u00e1va platformou pre v\u00fdmenu sk\u00fasenost\u00ed, prezent\u00e1ciu inov\u00e1ci\u00ed a posil\u0148ovanie spolupr\u00e1ce medzi \u0161kolami a partnermi z praxe. V prvej polovici m\u00e1ja sme zrealizovali dve \u00faspe\u0161n\u00e9 stretnutia, ktor\u00e9 otvorili d\u00f4le\u017eit\u00e9 t\u00e9my a [&hellip;]\" \/>\n<meta property=\"og:url\" content=\"https:\/\/archiv.siov.sk\/en\/mesiac-kvality-2025\/\" \/>\n<meta property=\"og:site_name\" content=\"\u0160IOV - \u0161t\u00e1tny in\u0161tit\u00fat odborn\u00e9ho vzdel\u00e1vania\" \/>\n<meta property=\"article:publisher\" content=\"https:\/\/www.facebook.com\/Statnyinstitutodbornehovzdelavania\" \/>\n<meta property=\"article:published_time\" content=\"2025-05-16T12:34:58+00:00\" \/>\n<meta property=\"article:modified_time\" content=\"2025-07-03T06:34:31+00:00\" \/>\n<meta property=\"og:image\" content=\"https:\/\/archiv.siov.sk\/wp-content\/uploads\/2025\/05\/mapa2025@3x-1536x917-1.png\" \/>\n\t<meta property=\"og:image:width\" content=\"1536\" \/>\n\t<meta property=\"og:image:height\" content=\"917\" \/>\n\t<meta property=\"og:image:type\" content=\"image\/png\" \/>\n<meta name=\"author\" content=\"Gabriela Budayov\u00e1\" \/>\n<meta name=\"twitter:card\" content=\"summary_large_image\" \/>\n<meta name=\"twitter:label1\" content=\"Written by\" \/>\n\t<meta name=\"twitter:data1\" content=\"Gabriela Budayov\u00e1\" \/>\n\t<meta name=\"twitter:label2\" content=\"Estimated reading time\" \/>\n\t<meta name=\"twitter:data2\" content=\"4 minutes\" \/>\n<script type=\"application\/ld+json\" class=\"yoast-schema-graph\">{\"@context\":\"https:\\\/\\\/schema.org\",\"@graph\":[{\"@type\":\"Article\",\"@id\":\"https:\\\/\\\/archiv.siov.sk\\\/mesiac-kvality-2025\\\/#article\",\"isPartOf\":{\"@id\":\"https:\\\/\\\/archiv.siov.sk\\\/mesiac-kvality-2025\\\/\"},\"author\":{\"name\":\"Gabriela Budayov\u00e1\",\"@id\":\"https:\\\/\\\/archiv.siov.sk\\\/#\\\/schema\\\/person\\\/2d35146a9c0fa51b027e8ff319cee627\"},\"headline\":\"Mesiac kvality 2025\",\"datePublished\":\"2025-05-16T12:34:58+00:00\",\"dateModified\":\"2025-07-03T06:34:31+00:00\",\"mainEntityOfPage\":{\"@id\":\"https:\\\/\\\/archiv.siov.sk\\\/mesiac-kvality-2025\\\/\"},\"wordCount\":641,\"publisher\":{\"@id\":\"https:\\\/\\\/archiv.siov.sk\\\/#organization\"},\"image\":{\"@id\":\"https:\\\/\\\/archiv.siov.sk\\\/mesiac-kvality-2025\\\/#primaryimage\"},\"thumbnailUrl\":\"https:\\\/\\\/archiv.siov.sk\\\/wp-content\\\/uploads\\\/2025\\\/05\\\/mapa2025@3x-1536x917-1.png\",\"articleSection\":[\"Aktuality\"],\"inLanguage\":\"en-GB\"},{\"@type\":\"WebPage\",\"@id\":\"https:\\\/\\\/archiv.siov.sk\\\/mesiac-kvality-2025\\\/\",\"url\":\"https:\\\/\\\/archiv.siov.sk\\\/mesiac-kvality-2025\\\/\",\"name\":\"Mesiac kvality 2025 - \u0160IOV - \u0161t\u00e1tny in\u0161tit\u00fat odborn\u00e9ho vzdel\u00e1vania\",\"isPartOf\":{\"@id\":\"https:\\\/\\\/archiv.siov.sk\\\/#website\"},\"primaryImageOfPage\":{\"@id\":\"https:\\\/\\\/archiv.siov.sk\\\/mesiac-kvality-2025\\\/#primaryimage\"},\"image\":{\"@id\":\"https:\\\/\\\/archiv.siov.sk\\\/mesiac-kvality-2025\\\/#primaryimage\"},\"thumbnailUrl\":\"https:\\\/\\\/archiv.siov.sk\\\/wp-content\\\/uploads\\\/2025\\\/05\\\/mapa2025@3x-1536x917-1.png\",\"datePublished\":\"2025-05-16T12:34:58+00:00\",\"dateModified\":\"2025-07-03T06:34:31+00:00\",\"breadcrumb\":{\"@id\":\"https:\\\/\\\/archiv.siov.sk\\\/mesiac-kvality-2025\\\/#breadcrumb\"},\"inLanguage\":\"en-GB\",\"potentialAction\":[{\"@type\":\"ReadAction\",\"target\":[\"https:\\\/\\\/archiv.siov.sk\\\/mesiac-kvality-2025\\\/\"]}]},{\"@type\":\"ImageObject\",\"inLanguage\":\"en-GB\",\"@id\":\"https:\\\/\\\/archiv.siov.sk\\\/mesiac-kvality-2025\\\/#primaryimage\",\"url\":\"https:\\\/\\\/archiv.siov.sk\\\/wp-content\\\/uploads\\\/2025\\\/05\\\/mapa2025@3x-1536x917-1.png\",\"contentUrl\":\"https:\\\/\\\/archiv.siov.sk\\\/wp-content\\\/uploads\\\/2025\\\/05\\\/mapa2025@3x-1536x917-1.png\",\"width\":1536,\"height\":917,\"caption\":\"mapa_mesiac_kvality_\u0161iov\"},{\"@type\":\"BreadcrumbList\",\"@id\":\"https:\\\/\\\/archiv.siov.sk\\\/mesiac-kvality-2025\\\/#breadcrumb\",\"itemListElement\":[{\"@type\":\"ListItem\",\"position\":1,\"name\":\"Home\",\"item\":\"https:\\\/\\\/archiv.siov.sk\\\/\"},{\"@type\":\"ListItem\",\"position\":2,\"name\":\"Mesiac kvality 2025\"}]},{\"@type\":\"WebSite\",\"@id\":\"https:\\\/\\\/archiv.siov.sk\\\/#website\",\"url\":\"https:\\\/\\\/archiv.siov.sk\\\/\",\"name\":\"\u0160IOV - \u0161t\u00e1tny in\u0161tit\u00fat odborn\u00e9ho vzdel\u00e1vania\",\"description\":\"\",\"publisher\":{\"@id\":\"https:\\\/\\\/archiv.siov.sk\\\/#organization\"},\"potentialAction\":[{\"@type\":\"SearchAction\",\"target\":{\"@type\":\"EntryPoint\",\"urlTemplate\":\"https:\\\/\\\/archiv.siov.sk\\\/?s={search_term_string}\"},\"query-input\":{\"@type\":\"PropertyValueSpecification\",\"valueRequired\":true,\"valueName\":\"search_term_string\"}}],\"inLanguage\":\"en-GB\"},{\"@type\":\"Organization\",\"@id\":\"https:\\\/\\\/archiv.siov.sk\\\/#organization\",\"name\":\"\u0160IOV - \u0161t\u00e1tny in\u0161tit\u00fat odborn\u00e9ho vzdel\u00e1vania\",\"url\":\"https:\\\/\\\/archiv.siov.sk\\\/\",\"logo\":{\"@type\":\"ImageObject\",\"inLanguage\":\"en-GB\",\"@id\":\"https:\\\/\\\/archiv.siov.sk\\\/#\\\/schema\\\/logo\\\/image\\\/\",\"url\":\"https:\\\/\\\/archiv.siov.sk\\\/wp-content\\\/uploads\\\/2024\\\/02\\\/logo-SIOV.png\",\"contentUrl\":\"https:\\\/\\\/archiv.siov.sk\\\/wp-content\\\/uploads\\\/2024\\\/02\\\/logo-SIOV.png\",\"width\":431,\"height\":143,\"caption\":\"\u0160IOV - \u0161t\u00e1tny in\u0161tit\u00fat odborn\u00e9ho vzdel\u00e1vania\"},\"image\":{\"@id\":\"https:\\\/\\\/archiv.siov.sk\\\/#\\\/schema\\\/logo\\\/image\\\/\"},\"sameAs\":[\"https:\\\/\\\/www.facebook.com\\\/Statnyinstitutodbornehovzdelavania\"]},{\"@type\":\"Person\",\"@id\":\"https:\\\/\\\/archiv.siov.sk\\\/#\\\/schema\\\/person\\\/2d35146a9c0fa51b027e8ff319cee627\",\"name\":\"Gabriela Budayov\u00e1\",\"url\":\"https:\\\/\\\/archiv.siov.sk\\\/en\\\/author\\\/gabriela-budayova\\\/\"}]}<\/script>\n<!-- \/ Yoast SEO plugin. -->","yoast_head_json":{"title":"Mesiac kvality 2025 - \u0160IOV - \u0161t\u00e1tny in\u0161tit\u00fat odborn\u00e9ho vzdel\u00e1vania","robots":{"index":"index","follow":"follow","max-snippet":"max-snippet:-1","max-image-preview":"max-image-preview:large","max-video-preview":"max-video-preview:-1"},"canonical":"https:\/\/archiv.siov.sk\/en\/mesiac-kvality-2025\/","og_locale":"en_GB","og_type":"article","og_title":"Mesiac kvality 2025 - \u0160IOV - \u0161t\u00e1tny in\u0161tit\u00fat odborn\u00e9ho vzdel\u00e1vania","og_description":"Mesiac kvality je ka\u017edoro\u010dne obdob\u00edm, kedy sa naprie\u010d Slovenskom konaj\u00fa podujatia zameran\u00e9 na zvy\u0161ovanie kvality v odbornom vzdel\u00e1van\u00ed a pr\u00edprave. V m\u00e1ji 2025 sa op\u00e4\u0165 st\u00e1va platformou pre v\u00fdmenu sk\u00fasenost\u00ed, prezent\u00e1ciu inov\u00e1ci\u00ed a posil\u0148ovanie spolupr\u00e1ce medzi \u0161kolami a partnermi z praxe. V prvej polovici m\u00e1ja sme zrealizovali dve \u00faspe\u0161n\u00e9 stretnutia, ktor\u00e9 otvorili d\u00f4le\u017eit\u00e9 t\u00e9my a [&hellip;]","og_url":"https:\/\/archiv.siov.sk\/en\/mesiac-kvality-2025\/","og_site_name":"\u0160IOV - \u0161t\u00e1tny in\u0161tit\u00fat odborn\u00e9ho vzdel\u00e1vania","article_publisher":"https:\/\/www.facebook.com\/Statnyinstitutodbornehovzdelavania","article_published_time":"2025-05-16T12:34:58+00:00","article_modified_time":"2025-07-03T06:34:31+00:00","og_image":[{"width":1536,"height":917,"url":"https:\/\/archiv.siov.sk\/wp-content\/uploads\/2025\/05\/mapa2025@3x-1536x917-1.png","type":"image\/png"}],"author":"Gabriela Budayov\u00e1","twitter_card":"summary_large_image","twitter_misc":{"Written by":"Gabriela Budayov\u00e1","Estimated reading time":"4 minutes"},"schema":{"@context":"https:\/\/schema.org","@graph":[{"@type":"Article","@id":"https:\/\/archiv.siov.sk\/mesiac-kvality-2025\/#article","isPartOf":{"@id":"https:\/\/archiv.siov.sk\/mesiac-kvality-2025\/"},"author":{"name":"Gabriela Budayov\u00e1","@id":"https:\/\/archiv.siov.sk\/#\/schema\/person\/2d35146a9c0fa51b027e8ff319cee627"},"headline":"Mesiac kvality 2025","datePublished":"2025-05-16T12:34:58+00:00","dateModified":"2025-07-03T06:34:31+00:00","mainEntityOfPage":{"@id":"https:\/\/archiv.siov.sk\/mesiac-kvality-2025\/"},"wordCount":641,"publisher":{"@id":"https:\/\/archiv.siov.sk\/#organization"},"image":{"@id":"https:\/\/archiv.siov.sk\/mesiac-kvality-2025\/#primaryimage"},"thumbnailUrl":"https:\/\/archiv.siov.sk\/wp-content\/uploads\/2025\/05\/mapa2025@3x-1536x917-1.png","articleSection":["Aktuality"],"inLanguage":"en-GB"},{"@type":"WebPage","@id":"https:\/\/archiv.siov.sk\/mesiac-kvality-2025\/","url":"https:\/\/archiv.siov.sk\/mesiac-kvality-2025\/","name":"Mesiac kvality 2025 - \u0160IOV - \u0161t\u00e1tny in\u0161tit\u00fat odborn\u00e9ho vzdel\u00e1vania","isPartOf":{"@id":"https:\/\/archiv.siov.sk\/#website"},"primaryImageOfPage":{"@id":"https:\/\/archiv.siov.sk\/mesiac-kvality-2025\/#primaryimage"},"image":{"@id":"https:\/\/archiv.siov.sk\/mesiac-kvality-2025\/#primaryimage"},"thumbnailUrl":"https:\/\/archiv.siov.sk\/wp-content\/uploads\/2025\/05\/mapa2025@3x-1536x917-1.png","datePublished":"2025-05-16T12:34:58+00:00","dateModified":"2025-07-03T06:34:31+00:00","breadcrumb":{"@id":"https:\/\/archiv.siov.sk\/mesiac-kvality-2025\/#breadcrumb"},"inLanguage":"en-GB","potentialAction":[{"@type":"ReadAction","target":["https:\/\/archiv.siov.sk\/mesiac-kvality-2025\/"]}]},{"@type":"ImageObject","inLanguage":"en-GB","@id":"https:\/\/archiv.siov.sk\/mesiac-kvality-2025\/#primaryimage","url":"https:\/\/archiv.siov.sk\/wp-content\/uploads\/2025\/05\/mapa2025@3x-1536x917-1.png","contentUrl":"https:\/\/archiv.siov.sk\/wp-content\/uploads\/2025\/05\/mapa2025@3x-1536x917-1.png","width":1536,"height":917,"caption":"mapa_mesiac_kvality_\u0161iov"},{"@type":"BreadcrumbList","@id":"https:\/\/archiv.siov.sk\/mesiac-kvality-2025\/#breadcrumb","itemListElement":[{"@type":"ListItem","position":1,"name":"Home","item":"https:\/\/archiv.siov.sk\/"},{"@type":"ListItem","position":2,"name":"Mesiac kvality 2025"}]},{"@type":"WebSite","@id":"https:\/\/archiv.siov.sk\/#website","url":"https:\/\/archiv.siov.sk\/","name":"\u0160IOV - \u0161t\u00e1tny in\u0161tit\u00fat odborn\u00e9ho vzdel\u00e1vania","description":"","publisher":{"@id":"https:\/\/archiv.siov.sk\/#organization"},"potentialAction":[{"@type":"SearchAction","target":{"@type":"EntryPoint","urlTemplate":"https:\/\/archiv.siov.sk\/?s={search_term_string}"},"query-input":{"@type":"PropertyValueSpecification","valueRequired":true,"valueName":"search_term_string"}}],"inLanguage":"en-GB"},{"@type":"Organization","@id":"https:\/\/archiv.siov.sk\/#organization","name":"\u0160IOV - \u0161t\u00e1tny in\u0161tit\u00fat odborn\u00e9ho vzdel\u00e1vania","url":"https:\/\/archiv.siov.sk\/","logo":{"@type":"ImageObject","inLanguage":"en-GB","@id":"https:\/\/archiv.siov.sk\/#\/schema\/logo\/image\/","url":"https:\/\/archiv.siov.sk\/wp-content\/uploads\/2024\/02\/logo-SIOV.png","contentUrl":"https:\/\/archiv.siov.sk\/wp-content\/uploads\/2024\/02\/logo-SIOV.png","width":431,"height":143,"caption":"\u0160IOV - \u0161t\u00e1tny in\u0161tit\u00fat odborn\u00e9ho vzdel\u00e1vania"},"image":{"@id":"https:\/\/archiv.siov.sk\/#\/schema\/logo\/image\/"},"sameAs":["https:\/\/www.facebook.com\/Statnyinstitutodbornehovzdelavania"]},{"@type":"Person","@id":"https:\/\/archiv.siov.sk\/#\/schema\/person\/2d35146a9c0fa51b027e8ff319cee627","name":"Gabriela Budayov\u00e1","url":"https:\/\/archiv.siov.sk\/en\/author\/gabriela-budayova\/"}]}},"_links":{"self":[{"href":"https:\/\/archiv.siov.sk\/en\/wp-json\/wp\/v2\/posts\/18951","targetHints":{"allow":["GET"]}}],"collection":[{"href":"https:\/\/archiv.siov.sk\/en\/wp-json\/wp\/v2\/posts"}],"about":[{"href":"https:\/\/archiv.siov.sk\/en\/wp-json\/wp\/v2\/types\/post"}],"author":[{"embeddable":true,"href":"https:\/\/archiv.siov.sk\/en\/wp-json\/wp\/v2\/users\/10"}],"replies":[{"embeddable":true,"href":"https:\/\/archiv.siov.sk\/en\/wp-json\/wp\/v2\/comments?post=18951"}],"version-history":[{"count":14,"href":"https:\/\/archiv.siov.sk\/en\/wp-json\/wp\/v2\/posts\/18951\/revisions"}],"predecessor-version":[{"id":19729,"href":"https:\/\/archiv.siov.sk\/en\/wp-json\/wp\/v2\/posts\/18951\/revisions\/19729"}],"wp:featuredmedia":[{"embeddable":true,"href":"https:\/\/archiv.siov.sk\/en\/wp-json\/wp\/v2\/media\/18893"}],"wp:attachment":[{"href":"https:\/\/archiv.siov.sk\/en\/wp-json\/wp\/v2\/media?parent=18951"}],"wp:term":[{"taxonomy":"category","embeddable":true,"href":"https:\/\/archiv.siov.sk\/en\/wp-json\/wp\/v2\/categories?post=18951"},{"taxonomy":"post_tag","embeddable":true,"href":"https:\/\/archiv.siov.sk\/en\/wp-json\/wp\/v2\/tags?post=18951"}],"curies":[{"name":"wp","href":"https:\/\/api.w.org\/{rel}","templated":true}]}}