{"id":18853,"date":"2025-05-15T08:30:19","date_gmt":"2025-05-15T06:30:19","guid":{"rendered":"https:\/\/archiv.siov.sk\/?p=18853"},"modified":"2025-05-15T08:30:23","modified_gmt":"2025-05-15T06:30:23","slug":"intenzivnejsie-prepojenie-teorie-s-praxou-su-klucom-k-perspektivnemu-odbornemu-vzdelavaniu","status":"publish","type":"post","link":"https:\/\/archiv.siov.sk\/en\/intenzivnejsie-prepojenie-teorie-s-praxou-su-klucom-k-perspektivnemu-odbornemu-vzdelavaniu\/","title":{"rendered":"Intenz\u00edvnej\u0161ie prepojenie te\u00f3rie s praxou s\u00fa k\u013e\u00fa\u010dom k perspekt\u00edvnemu odborn\u00e9mu vzdel\u00e1vaniu"},"content":{"rendered":"<div data-elementor-type=\"wp-post\" data-elementor-id=\"18853\" class=\"elementor elementor-18853\" data-elementor-post-type=\"post\">\n\t\t\t\t<div class=\"elementor-element elementor-element-6d96112 e-flex e-con-boxed e-con e-parent\" data-id=\"6d96112\" data-element_type=\"container\" data-e-type=\"container\">\n\t\t\t\t\t<div class=\"e-con-inner\">\n\t\t\t\t<div class=\"elementor-element elementor-element-e6e27ab elementor-widget elementor-widget-text-editor\" data-id=\"e6e27ab\" data-element_type=\"widget\" data-e-type=\"widget\" data-widget_type=\"text-editor.default\">\n\t\t\t\t<div class=\"elementor-widget-container\">\n\t\t\t\t\t\t\t\t\t<p class=\"MsoNormal\">Odborn\u00e9 vzdel\u00e1vanie na Slovensku <a href=\"https:\/\/www.minedu.sk\/t-drucker-menime-odborne-vzdelavanie-aby-z-neho-vychadzali-perspektivni-absolventi\/\" target=\"_blank\" rel=\"noopener\">\u010dakaj\u00fa zmeny<\/a>, ktor\u00e9 maj\u00fa jedin\u00fd cie\u013e: vychov\u00e1va\u0165 pripraven\u00fdch, perspekt\u00edvnych a \u017eiadan\u00fdch absolventov. \u0160t\u00e1tny in\u0161tit\u00fat odborn\u00e9ho vzdel\u00e1vania (\u0160IOV) spolupracuje s Ministerstvom \u0161kolstva, v\u00fdskumu, v\u00fdvoja a ml\u00e1de\u017ee SR na moderniz\u00e1cii odborn\u00e9ho vzdel\u00e1vania intenz\u00edvnej\u0161\u00edm prepojen\u00edm teoretick\u00e9ho vyu\u010dovania s praxou.<\/p><p class=\"MsoNormal\">\u201eNa tom, \u010do ministerstvo \u0161kolstva pomenovalo ako jednu zo strategick\u00fdch prior\u00edt, systematicky pracujeme v\u00a0r\u00e1mci aktiv\u00edt n\u00e1\u0161ho projektu v\u00a0programe \u0161vaj\u010diarsko-slovenskej spolupr\u00e1ce. Odborn\u00e9 \u0161koly musia by\u0165 v kontakte \u00a0so zamestn\u00e1vate\u013emi, inak nemaj\u00fa \u0161ancu pripravi\u0165 mlad\u00fdch \u013eud\u00ed na aktu\u00e1lne po\u017eiadavky trhu pr\u00e1ce,\u201c hovor\u00ed projektov\u00e1 mana\u017e\u00e9rka Mariana Ml\u010d\u00fachov\u00e1.<\/p><p class=\"MsoNormal\">V\u010faka projektu <a href=\"http:\/\/www.cestaprofika.sk\/\" target=\"_blank\" rel=\"noopener\">Zlep\u0161enie kvality a atrakt\u00edvnosti odborn\u00e9ho vzdel\u00e1vania a pr\u00edpravy v s\u00falade s potrebami trhu pr\u00e1ce<\/a> sa do poskytovania praxe pre \u017eiakov stredn\u00fdch odborn\u00fdch \u0161k\u00f4l zapoj\u00ed viac zamestn\u00e1vate\u013eov, najm\u00e4 mal\u00fdch a\u00a0stredn\u00fdch podnikov. Projekt im pom\u00f4\u017ee odb\u00fara\u0165 administrat\u00edvnu z\u00e1\u0165a\u017e spojen\u00fa so vzdel\u00e1van\u00edm \u017eiakov, napr\u00edklad prostredn\u00edctvom agent\u00farneho syst\u00e9mu du\u00e1lneho vzdel\u00e1vania.<\/p><p class=\"MsoNormal\">Projekt sa zameriava nie len na podporu spolupr\u00e1ce \u0161k\u00f4l so zamestn\u00e1vate\u013emi, ale\u00a0 aj na syst\u00e9mov\u00e9 zmeny v oblasti prepojenia vy\u0161\u0161ieho odborn\u00e9ho vzdel\u00e1vania so \u0161t\u00fadiom na vysokej \u0161kole. T\u00e1to novinka pom\u00f4\u017ee nastavi\u0165 bud\u00faci flexibilnej\u0161\u00ed syst\u00e9m vzdel\u00e1vania, v\u00a0ktorom d\u00f4le\u017eit\u00fa \u00falohu bude tvori\u0165 aj celo\u017eivotn\u00e9 vzdel\u00e1vanie dospel\u00fdch a\u00a0overovanie ich kompetenci\u00ed nadobudnut\u00fdch praxou.<\/p><p class=\"MsoNormal\">\u201eDnes u\u017e nejde o to, aby mali absolventi iba diplom. Potrebuj\u00fa kompetencie, ktor\u00e9 ich posun\u00fa vpred. A tie z\u00edskaj\u00fa len v\u010faka praxi a spolupr\u00e1ci so zamestn\u00e1vate\u013emi. V\u010faka tomu sa \u017eiaci u\u010dia nielen <i>\u010do<\/i>, ale aj <i>ako<\/i> a <i>pre\u010do<\/i>,\u201c dod\u00e1va M. Ml\u010d\u00fachov\u00e1.<\/p>\t\t\t\t\t\t\t\t<\/div>\n\t\t\t\t<\/div>\n\t\t\t\t\t<\/div>\n\t\t\t\t<\/div>\n\t\t\t\t<\/div>","protected":false},"excerpt":{"rendered":"<p>Odborn\u00e9 vzdel\u00e1vanie na Slovensku \u010dakaj\u00fa zmeny, ktor\u00e9 maj\u00fa jedin\u00fd cie\u013e: vychov\u00e1va\u0165 pripraven\u00fdch, perspekt\u00edvnych a \u017eiadan\u00fdch absolventov. \u0160t\u00e1tny in\u0161tit\u00fat odborn\u00e9ho vzdel\u00e1vania (\u0160IOV) spolupracuje s Ministerstvom \u0161kolstva, v\u00fdskumu, v\u00fdvoja a ml\u00e1de\u017ee SR na moderniz\u00e1cii odborn\u00e9ho vzdel\u00e1vania intenz\u00edvnej\u0161\u00edm prepojen\u00edm teoretick\u00e9ho vyu\u010dovania s praxou. \u201eNa tom, \u010do ministerstvo \u0161kolstva pomenovalo ako jednu zo strategick\u00fdch prior\u00edt, systematicky pracujeme v\u00a0r\u00e1mci aktiv\u00edt [&hellip;]<\/p>\n","protected":false},"author":11,"featured_media":18857,"comment_status":"closed","ping_status":"closed","sticky":false,"template":"","format":"standard","meta":{"site-sidebar-layout":"default","site-content-layout":"","ast-site-content-layout":"default","site-content-style":"default","site-sidebar-style":"default","ast-global-header-display":"","ast-banner-title-visibility":"","ast-main-header-display":"","ast-hfb-above-header-display":"","ast-hfb-below-header-display":"","ast-hfb-mobile-header-display":"","site-post-title":"","ast-breadcrumbs-content":"","ast-featured-img":"","footer-sml-layout":"","ast-disable-related-posts":"","theme-transparent-header-meta":"","adv-header-id-meta":"","stick-header-meta":"","header-above-stick-meta":"","header-main-stick-meta":"","header-below-stick-meta":"","astra-migrate-meta-layouts":"set","ast-page-background-enabled":"default","ast-page-background-meta":{"desktop":{"background-color":"var(--ast-global-color-4)","background-image":"","background-repeat":"repeat","background-position":"center center","background-size":"auto","background-attachment":"scroll","background-type":"","background-media":"","overlay-type":"","overlay-color":"","overlay-gradient":""},"tablet":{"background-color":"","background-image":"","background-repeat":"repeat","background-position":"center center","background-size":"auto","background-attachment":"scroll","background-type":"","background-media":"","overlay-type":"","overlay-color":"","overlay-gradient":""},"mobile":{"background-color":"","background-image":"","background-repeat":"repeat","background-position":"center center","background-size":"auto","background-attachment":"scroll","background-type":"","background-media":"","overlay-type":"","overlay-color":"","overlay-gradient":""}},"ast-content-background-meta":{"desktop":{"background-color":"var(--ast-global-color-5)","background-image":"","background-repeat":"repeat","background-position":"center center","background-size":"auto","background-attachment":"scroll","background-type":"","background-media":"","overlay-type":"","overlay-color":"","overlay-gradient":""},"tablet":{"background-color":"var(--ast-global-color-5)","background-image":"","background-repeat":"repeat","background-position":"center center","background-size":"auto","background-attachment":"scroll","background-type":"","background-media":"","overlay-type":"","overlay-color":"","overlay-gradient":""},"mobile":{"background-color":"var(--ast-global-color-5)","background-image":"","background-repeat":"repeat","background-position":"center center","background-size":"auto","background-attachment":"scroll","background-type":"","background-media":"","overlay-type":"","overlay-color":"","overlay-gradient":""}},"footnotes":""},"categories":[1],"tags":[],"class_list":["post-18853","post","type-post","status-publish","format-standard","has-post-thumbnail","hentry","category-aktuality"],"yoast_head":"<!-- This site is optimized with the Yoast SEO plugin v27.5 - https:\/\/yoast.com\/product\/yoast-seo-wordpress\/ -->\n<title>Intenz\u00edvnej\u0161ie prepojenie te\u00f3rie s praxou s\u00fa k\u013e\u00fa\u010dom k perspekt\u00edvnemu odborn\u00e9mu vzdel\u00e1vaniu - \u0160IOV - \u0161t\u00e1tny in\u0161tit\u00fat odborn\u00e9ho vzdel\u00e1vania<\/title>\n<meta name=\"robots\" content=\"index, follow, max-snippet:-1, max-image-preview:large, max-video-preview:-1\" \/>\n<link rel=\"canonical\" href=\"https:\/\/archiv.siov.sk\/en\/intenzivnejsie-prepojenie-teorie-s-praxou-su-klucom-k-perspektivnemu-odbornemu-vzdelavaniu\/\" \/>\n<meta property=\"og:locale\" content=\"en_GB\" \/>\n<meta property=\"og:type\" content=\"article\" \/>\n<meta property=\"og:title\" content=\"Intenz\u00edvnej\u0161ie prepojenie te\u00f3rie s praxou s\u00fa k\u013e\u00fa\u010dom k perspekt\u00edvnemu odborn\u00e9mu vzdel\u00e1vaniu - \u0160IOV - \u0161t\u00e1tny in\u0161tit\u00fat odborn\u00e9ho vzdel\u00e1vania\" \/>\n<meta property=\"og:description\" content=\"Odborn\u00e9 vzdel\u00e1vanie na Slovensku \u010dakaj\u00fa zmeny, ktor\u00e9 maj\u00fa jedin\u00fd cie\u013e: vychov\u00e1va\u0165 pripraven\u00fdch, perspekt\u00edvnych a \u017eiadan\u00fdch absolventov. \u0160t\u00e1tny in\u0161tit\u00fat odborn\u00e9ho vzdel\u00e1vania (\u0160IOV) spolupracuje s Ministerstvom \u0161kolstva, v\u00fdskumu, v\u00fdvoja a ml\u00e1de\u017ee SR na moderniz\u00e1cii odborn\u00e9ho vzdel\u00e1vania intenz\u00edvnej\u0161\u00edm prepojen\u00edm teoretick\u00e9ho vyu\u010dovania s praxou. \u201eNa tom, \u010do ministerstvo \u0161kolstva pomenovalo ako jednu zo strategick\u00fdch prior\u00edt, systematicky pracujeme v\u00a0r\u00e1mci aktiv\u00edt [&hellip;]\" \/>\n<meta property=\"og:url\" content=\"https:\/\/archiv.siov.sk\/en\/intenzivnejsie-prepojenie-teorie-s-praxou-su-klucom-k-perspektivnemu-odbornemu-vzdelavaniu\/\" \/>\n<meta property=\"og:site_name\" content=\"\u0160IOV - \u0161t\u00e1tny in\u0161tit\u00fat odborn\u00e9ho vzdel\u00e1vania\" \/>\n<meta property=\"article:publisher\" content=\"https:\/\/www.facebook.com\/Statnyinstitutodbornehovzdelavania\" \/>\n<meta property=\"article:published_time\" content=\"2025-05-15T06:30:19+00:00\" \/>\n<meta property=\"article:modified_time\" content=\"2025-05-15T06:30:23+00:00\" \/>\n<meta property=\"og:image\" content=\"https:\/\/archiv.siov.sk\/wp-content\/uploads\/2025\/05\/IMG-20250514-WA0005-scaled.jpg\" \/>\n\t<meta property=\"og:image:width\" content=\"2560\" \/>\n\t<meta property=\"og:image:height\" content=\"1920\" \/>\n\t<meta property=\"og:image:type\" content=\"image\/jpeg\" \/>\n<meta name=\"author\" content=\"Sylvia Hamadejova\" \/>\n<meta name=\"twitter:card\" content=\"summary_large_image\" \/>\n<meta name=\"twitter:label1\" content=\"Written by\" \/>\n\t<meta name=\"twitter:data1\" content=\"Sylvia Hamadejova\" \/>\n\t<meta name=\"twitter:label2\" content=\"Estimated reading time\" \/>\n\t<meta name=\"twitter:data2\" content=\"2 minutes\" \/>\n<script type=\"application\/ld+json\" class=\"yoast-schema-graph\">{\"@context\":\"https:\\\/\\\/schema.org\",\"@graph\":[{\"@type\":\"Article\",\"@id\":\"https:\\\/\\\/archiv.siov.sk\\\/intenzivnejsie-prepojenie-teorie-s-praxou-su-klucom-k-perspektivnemu-odbornemu-vzdelavaniu\\\/#article\",\"isPartOf\":{\"@id\":\"https:\\\/\\\/archiv.siov.sk\\\/intenzivnejsie-prepojenie-teorie-s-praxou-su-klucom-k-perspektivnemu-odbornemu-vzdelavaniu\\\/\"},\"author\":{\"name\":\"Sylvia Hamadejova\",\"@id\":\"https:\\\/\\\/archiv.siov.sk\\\/#\\\/schema\\\/person\\\/70de33c3c88facac4a386ef06f733b92\"},\"headline\":\"Intenz\u00edvnej\u0161ie prepojenie te\u00f3rie s praxou s\u00fa k\u013e\u00fa\u010dom k perspekt\u00edvnemu odborn\u00e9mu vzdel\u00e1vaniu\",\"datePublished\":\"2025-05-15T06:30:19+00:00\",\"dateModified\":\"2025-05-15T06:30:23+00:00\",\"mainEntityOfPage\":{\"@id\":\"https:\\\/\\\/archiv.siov.sk\\\/intenzivnejsie-prepojenie-teorie-s-praxou-su-klucom-k-perspektivnemu-odbornemu-vzdelavaniu\\\/\"},\"wordCount\":339,\"publisher\":{\"@id\":\"https:\\\/\\\/archiv.siov.sk\\\/#organization\"},\"image\":{\"@id\":\"https:\\\/\\\/archiv.siov.sk\\\/intenzivnejsie-prepojenie-teorie-s-praxou-su-klucom-k-perspektivnemu-odbornemu-vzdelavaniu\\\/#primaryimage\"},\"thumbnailUrl\":\"https:\\\/\\\/archiv.siov.sk\\\/wp-content\\\/uploads\\\/2025\\\/05\\\/IMG-20250514-WA0005-scaled.jpg\",\"articleSection\":[\"Aktuality\"],\"inLanguage\":\"en-GB\"},{\"@type\":\"WebPage\",\"@id\":\"https:\\\/\\\/archiv.siov.sk\\\/intenzivnejsie-prepojenie-teorie-s-praxou-su-klucom-k-perspektivnemu-odbornemu-vzdelavaniu\\\/\",\"url\":\"https:\\\/\\\/archiv.siov.sk\\\/intenzivnejsie-prepojenie-teorie-s-praxou-su-klucom-k-perspektivnemu-odbornemu-vzdelavaniu\\\/\",\"name\":\"Intenz\u00edvnej\u0161ie prepojenie te\u00f3rie s praxou s\u00fa k\u013e\u00fa\u010dom k perspekt\u00edvnemu odborn\u00e9mu vzdel\u00e1vaniu - \u0160IOV - \u0161t\u00e1tny in\u0161tit\u00fat odborn\u00e9ho vzdel\u00e1vania\",\"isPartOf\":{\"@id\":\"https:\\\/\\\/archiv.siov.sk\\\/#website\"},\"primaryImageOfPage\":{\"@id\":\"https:\\\/\\\/archiv.siov.sk\\\/intenzivnejsie-prepojenie-teorie-s-praxou-su-klucom-k-perspektivnemu-odbornemu-vzdelavaniu\\\/#primaryimage\"},\"image\":{\"@id\":\"https:\\\/\\\/archiv.siov.sk\\\/intenzivnejsie-prepojenie-teorie-s-praxou-su-klucom-k-perspektivnemu-odbornemu-vzdelavaniu\\\/#primaryimage\"},\"thumbnailUrl\":\"https:\\\/\\\/archiv.siov.sk\\\/wp-content\\\/uploads\\\/2025\\\/05\\\/IMG-20250514-WA0005-scaled.jpg\",\"datePublished\":\"2025-05-15T06:30:19+00:00\",\"dateModified\":\"2025-05-15T06:30:23+00:00\",\"breadcrumb\":{\"@id\":\"https:\\\/\\\/archiv.siov.sk\\\/intenzivnejsie-prepojenie-teorie-s-praxou-su-klucom-k-perspektivnemu-odbornemu-vzdelavaniu\\\/#breadcrumb\"},\"inLanguage\":\"en-GB\",\"potentialAction\":[{\"@type\":\"ReadAction\",\"target\":[\"https:\\\/\\\/archiv.siov.sk\\\/intenzivnejsie-prepojenie-teorie-s-praxou-su-klucom-k-perspektivnemu-odbornemu-vzdelavaniu\\\/\"]}]},{\"@type\":\"ImageObject\",\"inLanguage\":\"en-GB\",\"@id\":\"https:\\\/\\\/archiv.siov.sk\\\/intenzivnejsie-prepojenie-teorie-s-praxou-su-klucom-k-perspektivnemu-odbornemu-vzdelavaniu\\\/#primaryimage\",\"url\":\"https:\\\/\\\/archiv.siov.sk\\\/wp-content\\\/uploads\\\/2025\\\/05\\\/IMG-20250514-WA0005-scaled.jpg\",\"contentUrl\":\"https:\\\/\\\/archiv.siov.sk\\\/wp-content\\\/uploads\\\/2025\\\/05\\\/IMG-20250514-WA0005-scaled.jpg\",\"width\":2560,\"height\":1920},{\"@type\":\"BreadcrumbList\",\"@id\":\"https:\\\/\\\/archiv.siov.sk\\\/intenzivnejsie-prepojenie-teorie-s-praxou-su-klucom-k-perspektivnemu-odbornemu-vzdelavaniu\\\/#breadcrumb\",\"itemListElement\":[{\"@type\":\"ListItem\",\"position\":1,\"name\":\"Home\",\"item\":\"https:\\\/\\\/archiv.siov.sk\\\/\"},{\"@type\":\"ListItem\",\"position\":2,\"name\":\"Intenz\u00edvnej\u0161ie prepojenie te\u00f3rie s praxou s\u00fa k\u013e\u00fa\u010dom k perspekt\u00edvnemu odborn\u00e9mu vzdel\u00e1vaniu\"}]},{\"@type\":\"WebSite\",\"@id\":\"https:\\\/\\\/archiv.siov.sk\\\/#website\",\"url\":\"https:\\\/\\\/archiv.siov.sk\\\/\",\"name\":\"\u0160IOV - \u0161t\u00e1tny in\u0161tit\u00fat odborn\u00e9ho vzdel\u00e1vania\",\"description\":\"\",\"publisher\":{\"@id\":\"https:\\\/\\\/archiv.siov.sk\\\/#organization\"},\"potentialAction\":[{\"@type\":\"SearchAction\",\"target\":{\"@type\":\"EntryPoint\",\"urlTemplate\":\"https:\\\/\\\/archiv.siov.sk\\\/?s={search_term_string}\"},\"query-input\":{\"@type\":\"PropertyValueSpecification\",\"valueRequired\":true,\"valueName\":\"search_term_string\"}}],\"inLanguage\":\"en-GB\"},{\"@type\":\"Organization\",\"@id\":\"https:\\\/\\\/archiv.siov.sk\\\/#organization\",\"name\":\"\u0160IOV - \u0161t\u00e1tny in\u0161tit\u00fat odborn\u00e9ho vzdel\u00e1vania\",\"url\":\"https:\\\/\\\/archiv.siov.sk\\\/\",\"logo\":{\"@type\":\"ImageObject\",\"inLanguage\":\"en-GB\",\"@id\":\"https:\\\/\\\/archiv.siov.sk\\\/#\\\/schema\\\/logo\\\/image\\\/\",\"url\":\"https:\\\/\\\/archiv.siov.sk\\\/wp-content\\\/uploads\\\/2024\\\/02\\\/logo-SIOV.png\",\"contentUrl\":\"https:\\\/\\\/archiv.siov.sk\\\/wp-content\\\/uploads\\\/2024\\\/02\\\/logo-SIOV.png\",\"width\":431,\"height\":143,\"caption\":\"\u0160IOV - \u0161t\u00e1tny in\u0161tit\u00fat odborn\u00e9ho vzdel\u00e1vania\"},\"image\":{\"@id\":\"https:\\\/\\\/archiv.siov.sk\\\/#\\\/schema\\\/logo\\\/image\\\/\"},\"sameAs\":[\"https:\\\/\\\/www.facebook.com\\\/Statnyinstitutodbornehovzdelavania\"]},{\"@type\":\"Person\",\"@id\":\"https:\\\/\\\/archiv.siov.sk\\\/#\\\/schema\\\/person\\\/70de33c3c88facac4a386ef06f733b92\",\"name\":\"Sylvia Hamadejova\",\"url\":\"https:\\\/\\\/archiv.siov.sk\\\/en\\\/author\\\/hamadejovas\\\/\"}]}<\/script>\n<!-- \/ Yoast SEO plugin. -->","yoast_head_json":{"title":"Intenz\u00edvnej\u0161ie prepojenie te\u00f3rie s praxou s\u00fa k\u013e\u00fa\u010dom k perspekt\u00edvnemu odborn\u00e9mu vzdel\u00e1vaniu - \u0160IOV - \u0161t\u00e1tny in\u0161tit\u00fat odborn\u00e9ho vzdel\u00e1vania","robots":{"index":"index","follow":"follow","max-snippet":"max-snippet:-1","max-image-preview":"max-image-preview:large","max-video-preview":"max-video-preview:-1"},"canonical":"https:\/\/archiv.siov.sk\/en\/intenzivnejsie-prepojenie-teorie-s-praxou-su-klucom-k-perspektivnemu-odbornemu-vzdelavaniu\/","og_locale":"en_GB","og_type":"article","og_title":"Intenz\u00edvnej\u0161ie prepojenie te\u00f3rie s praxou s\u00fa k\u013e\u00fa\u010dom k perspekt\u00edvnemu odborn\u00e9mu vzdel\u00e1vaniu - \u0160IOV - \u0161t\u00e1tny in\u0161tit\u00fat odborn\u00e9ho vzdel\u00e1vania","og_description":"Odborn\u00e9 vzdel\u00e1vanie na Slovensku \u010dakaj\u00fa zmeny, ktor\u00e9 maj\u00fa jedin\u00fd cie\u013e: vychov\u00e1va\u0165 pripraven\u00fdch, perspekt\u00edvnych a \u017eiadan\u00fdch absolventov. \u0160t\u00e1tny in\u0161tit\u00fat odborn\u00e9ho vzdel\u00e1vania (\u0160IOV) spolupracuje s Ministerstvom \u0161kolstva, v\u00fdskumu, v\u00fdvoja a ml\u00e1de\u017ee SR na moderniz\u00e1cii odborn\u00e9ho vzdel\u00e1vania intenz\u00edvnej\u0161\u00edm prepojen\u00edm teoretick\u00e9ho vyu\u010dovania s praxou. \u201eNa tom, \u010do ministerstvo \u0161kolstva pomenovalo ako jednu zo strategick\u00fdch prior\u00edt, systematicky pracujeme v\u00a0r\u00e1mci aktiv\u00edt [&hellip;]","og_url":"https:\/\/archiv.siov.sk\/en\/intenzivnejsie-prepojenie-teorie-s-praxou-su-klucom-k-perspektivnemu-odbornemu-vzdelavaniu\/","og_site_name":"\u0160IOV - \u0161t\u00e1tny in\u0161tit\u00fat odborn\u00e9ho vzdel\u00e1vania","article_publisher":"https:\/\/www.facebook.com\/Statnyinstitutodbornehovzdelavania","article_published_time":"2025-05-15T06:30:19+00:00","article_modified_time":"2025-05-15T06:30:23+00:00","og_image":[{"width":2560,"height":1920,"url":"https:\/\/archiv.siov.sk\/wp-content\/uploads\/2025\/05\/IMG-20250514-WA0005-scaled.jpg","type":"image\/jpeg"}],"author":"Sylvia Hamadejova","twitter_card":"summary_large_image","twitter_misc":{"Written by":"Sylvia Hamadejova","Estimated reading time":"2 minutes"},"schema":{"@context":"https:\/\/schema.org","@graph":[{"@type":"Article","@id":"https:\/\/archiv.siov.sk\/intenzivnejsie-prepojenie-teorie-s-praxou-su-klucom-k-perspektivnemu-odbornemu-vzdelavaniu\/#article","isPartOf":{"@id":"https:\/\/archiv.siov.sk\/intenzivnejsie-prepojenie-teorie-s-praxou-su-klucom-k-perspektivnemu-odbornemu-vzdelavaniu\/"},"author":{"name":"Sylvia Hamadejova","@id":"https:\/\/archiv.siov.sk\/#\/schema\/person\/70de33c3c88facac4a386ef06f733b92"},"headline":"Intenz\u00edvnej\u0161ie prepojenie te\u00f3rie s praxou s\u00fa k\u013e\u00fa\u010dom k perspekt\u00edvnemu odborn\u00e9mu vzdel\u00e1vaniu","datePublished":"2025-05-15T06:30:19+00:00","dateModified":"2025-05-15T06:30:23+00:00","mainEntityOfPage":{"@id":"https:\/\/archiv.siov.sk\/intenzivnejsie-prepojenie-teorie-s-praxou-su-klucom-k-perspektivnemu-odbornemu-vzdelavaniu\/"},"wordCount":339,"publisher":{"@id":"https:\/\/archiv.siov.sk\/#organization"},"image":{"@id":"https:\/\/archiv.siov.sk\/intenzivnejsie-prepojenie-teorie-s-praxou-su-klucom-k-perspektivnemu-odbornemu-vzdelavaniu\/#primaryimage"},"thumbnailUrl":"https:\/\/archiv.siov.sk\/wp-content\/uploads\/2025\/05\/IMG-20250514-WA0005-scaled.jpg","articleSection":["Aktuality"],"inLanguage":"en-GB"},{"@type":"WebPage","@id":"https:\/\/archiv.siov.sk\/intenzivnejsie-prepojenie-teorie-s-praxou-su-klucom-k-perspektivnemu-odbornemu-vzdelavaniu\/","url":"https:\/\/archiv.siov.sk\/intenzivnejsie-prepojenie-teorie-s-praxou-su-klucom-k-perspektivnemu-odbornemu-vzdelavaniu\/","name":"Intenz\u00edvnej\u0161ie prepojenie te\u00f3rie s praxou s\u00fa k\u013e\u00fa\u010dom k perspekt\u00edvnemu odborn\u00e9mu vzdel\u00e1vaniu - \u0160IOV - \u0161t\u00e1tny in\u0161tit\u00fat odborn\u00e9ho vzdel\u00e1vania","isPartOf":{"@id":"https:\/\/archiv.siov.sk\/#website"},"primaryImageOfPage":{"@id":"https:\/\/archiv.siov.sk\/intenzivnejsie-prepojenie-teorie-s-praxou-su-klucom-k-perspektivnemu-odbornemu-vzdelavaniu\/#primaryimage"},"image":{"@id":"https:\/\/archiv.siov.sk\/intenzivnejsie-prepojenie-teorie-s-praxou-su-klucom-k-perspektivnemu-odbornemu-vzdelavaniu\/#primaryimage"},"thumbnailUrl":"https:\/\/archiv.siov.sk\/wp-content\/uploads\/2025\/05\/IMG-20250514-WA0005-scaled.jpg","datePublished":"2025-05-15T06:30:19+00:00","dateModified":"2025-05-15T06:30:23+00:00","breadcrumb":{"@id":"https:\/\/archiv.siov.sk\/intenzivnejsie-prepojenie-teorie-s-praxou-su-klucom-k-perspektivnemu-odbornemu-vzdelavaniu\/#breadcrumb"},"inLanguage":"en-GB","potentialAction":[{"@type":"ReadAction","target":["https:\/\/archiv.siov.sk\/intenzivnejsie-prepojenie-teorie-s-praxou-su-klucom-k-perspektivnemu-odbornemu-vzdelavaniu\/"]}]},{"@type":"ImageObject","inLanguage":"en-GB","@id":"https:\/\/archiv.siov.sk\/intenzivnejsie-prepojenie-teorie-s-praxou-su-klucom-k-perspektivnemu-odbornemu-vzdelavaniu\/#primaryimage","url":"https:\/\/archiv.siov.sk\/wp-content\/uploads\/2025\/05\/IMG-20250514-WA0005-scaled.jpg","contentUrl":"https:\/\/archiv.siov.sk\/wp-content\/uploads\/2025\/05\/IMG-20250514-WA0005-scaled.jpg","width":2560,"height":1920},{"@type":"BreadcrumbList","@id":"https:\/\/archiv.siov.sk\/intenzivnejsie-prepojenie-teorie-s-praxou-su-klucom-k-perspektivnemu-odbornemu-vzdelavaniu\/#breadcrumb","itemListElement":[{"@type":"ListItem","position":1,"name":"Home","item":"https:\/\/archiv.siov.sk\/"},{"@type":"ListItem","position":2,"name":"Intenz\u00edvnej\u0161ie prepojenie te\u00f3rie s praxou s\u00fa k\u013e\u00fa\u010dom k perspekt\u00edvnemu odborn\u00e9mu vzdel\u00e1vaniu"}]},{"@type":"WebSite","@id":"https:\/\/archiv.siov.sk\/#website","url":"https:\/\/archiv.siov.sk\/","name":"\u0160IOV - \u0161t\u00e1tny in\u0161tit\u00fat odborn\u00e9ho vzdel\u00e1vania","description":"","publisher":{"@id":"https:\/\/archiv.siov.sk\/#organization"},"potentialAction":[{"@type":"SearchAction","target":{"@type":"EntryPoint","urlTemplate":"https:\/\/archiv.siov.sk\/?s={search_term_string}"},"query-input":{"@type":"PropertyValueSpecification","valueRequired":true,"valueName":"search_term_string"}}],"inLanguage":"en-GB"},{"@type":"Organization","@id":"https:\/\/archiv.siov.sk\/#organization","name":"\u0160IOV - \u0161t\u00e1tny in\u0161tit\u00fat odborn\u00e9ho vzdel\u00e1vania","url":"https:\/\/archiv.siov.sk\/","logo":{"@type":"ImageObject","inLanguage":"en-GB","@id":"https:\/\/archiv.siov.sk\/#\/schema\/logo\/image\/","url":"https:\/\/archiv.siov.sk\/wp-content\/uploads\/2024\/02\/logo-SIOV.png","contentUrl":"https:\/\/archiv.siov.sk\/wp-content\/uploads\/2024\/02\/logo-SIOV.png","width":431,"height":143,"caption":"\u0160IOV - \u0161t\u00e1tny in\u0161tit\u00fat odborn\u00e9ho vzdel\u00e1vania"},"image":{"@id":"https:\/\/archiv.siov.sk\/#\/schema\/logo\/image\/"},"sameAs":["https:\/\/www.facebook.com\/Statnyinstitutodbornehovzdelavania"]},{"@type":"Person","@id":"https:\/\/archiv.siov.sk\/#\/schema\/person\/70de33c3c88facac4a386ef06f733b92","name":"Sylvia Hamadejova","url":"https:\/\/archiv.siov.sk\/en\/author\/hamadejovas\/"}]}},"_links":{"self":[{"href":"https:\/\/archiv.siov.sk\/en\/wp-json\/wp\/v2\/posts\/18853","targetHints":{"allow":["GET"]}}],"collection":[{"href":"https:\/\/archiv.siov.sk\/en\/wp-json\/wp\/v2\/posts"}],"about":[{"href":"https:\/\/archiv.siov.sk\/en\/wp-json\/wp\/v2\/types\/post"}],"author":[{"embeddable":true,"href":"https:\/\/archiv.siov.sk\/en\/wp-json\/wp\/v2\/users\/11"}],"replies":[{"embeddable":true,"href":"https:\/\/archiv.siov.sk\/en\/wp-json\/wp\/v2\/comments?post=18853"}],"version-history":[{"count":4,"href":"https:\/\/archiv.siov.sk\/en\/wp-json\/wp\/v2\/posts\/18853\/revisions"}],"predecessor-version":[{"id":18858,"href":"https:\/\/archiv.siov.sk\/en\/wp-json\/wp\/v2\/posts\/18853\/revisions\/18858"}],"wp:featuredmedia":[{"embeddable":true,"href":"https:\/\/archiv.siov.sk\/en\/wp-json\/wp\/v2\/media\/18857"}],"wp:attachment":[{"href":"https:\/\/archiv.siov.sk\/en\/wp-json\/wp\/v2\/media?parent=18853"}],"wp:term":[{"taxonomy":"category","embeddable":true,"href":"https:\/\/archiv.siov.sk\/en\/wp-json\/wp\/v2\/categories?post=18853"},{"taxonomy":"post_tag","embeddable":true,"href":"https:\/\/archiv.siov.sk\/en\/wp-json\/wp\/v2\/tags?post=18853"}],"curies":[{"name":"wp","href":"https:\/\/api.w.org\/{rel}","templated":true}]}}