{"id":18801,"date":"2025-05-12T12:59:04","date_gmt":"2025-05-12T10:59:04","guid":{"rendered":"https:\/\/archiv.siov.sk\/?p=18801"},"modified":"2025-07-03T08:59:23","modified_gmt":"2025-07-03T06:59:23","slug":"mesiac-kvality-startuje-uz-zajtra","status":"publish","type":"post","link":"https:\/\/archiv.siov.sk\/en\/mesiac-kvality-startuje-uz-zajtra\/","title":{"rendered":"Mesiac kvality \u0161tartuje u\u017e zajtra"},"content":{"rendered":"<div data-elementor-type=\"wp-post\" data-elementor-id=\"18801\" class=\"elementor elementor-18801\" data-elementor-post-type=\"post\">\n\t\t\t\t<div class=\"elementor-element elementor-element-757299fb e-flex e-con-boxed e-con e-parent\" data-id=\"757299fb\" data-element_type=\"container\" data-e-type=\"container\">\n\t\t\t\t\t<div class=\"e-con-inner\">\n\t\t\t\t<div class=\"elementor-element elementor-element-44682b94 elementor-widget elementor-widget-text-editor\" data-id=\"44682b94\" data-element_type=\"widget\" data-e-type=\"widget\" data-widget_type=\"text-editor.default\">\n\t\t\t\t<div class=\"elementor-widget-container\">\n\t\t\t\t\t\t\t\t\t<p>\u0160t\u00e1tny in\u0161tit\u00fat odborn\u00e9ho vzdel\u00e1vania (\u0160IOV), ako n\u00e1rodn\u00e9 referen\u010dn\u00e9 miesto EQAVET, pripravil pre odborn\u00fa aj \u0161ir\u0161iu verejnos\u0165 4. ro\u010dn\u00edk podujatia <strong><em data-start=\"283\" data-end=\"338\">Mesiac kvality v odbornom vzdel\u00e1van\u00ed a pr\u00edprave (OVP)<\/em><\/strong>. Aj tento rok prin\u00e1\u0161a nieko\u013eko podujat\u00ed zameran\u00fdch na zvy\u0161ovanie kvality, zdie\u013eanie sk\u00fasenost\u00ed a prezent\u00e1ciu in\u0161pirat\u00edvnych pr\u00edkladov z praxe.<\/p><p>Podujatia prebiehaj\u00fa po\u010das cel\u00e9ho m\u00e1ja na r\u00f4znych miestach Slovenska. Ur\u010den\u00e9 s\u00fa pedag\u00f3gom, \u017eiakom, odborn\u00edkom z praxe, zria\u010fovate\u013eom \u0161k\u00f4l i z\u00e1stupcom verejn\u00fdch in\u0161tit\u00faci\u00ed. Na podujatia je potrebn\u00e1 registr\u00e1cia.<\/p><p class=\"\" data-start=\"782\" data-end=\"821\"><strong data-start=\"782\" data-end=\"821\">Program Mesiaca kvality v OVP 2025:<\/strong><\/p><ul data-start=\"823\" data-end=\"1778\"><li class=\"\" data-start=\"823\" data-end=\"1050\"><p class=\"\" data-start=\"825\" data-end=\"1050\"><strong data-start=\"825\" data-end=\"845\">13. m\u00e1j \u2013 \u017dilina<\/strong><br data-start=\"845\" data-end=\"848\" \/>Stretnutie k t\u00e9me zabezpe\u010dovania kvality a trasovania absolventov na n\u00e1rodnej a \u0161kolskej \u00farovni. \u00da\u010dastn\u00edci sa obozn\u00e1mia s aktu\u00e1lnymi trendmi, pr\u00edkladmi dobrej praxe a konkr\u00e9tnymi sk\u00fasenos\u0165ami zo \u0161k\u00f4l.<\/p><\/li><li class=\"\" data-start=\"1052\" data-end=\"1199\"><p class=\"\" data-start=\"1054\" data-end=\"1199\"><strong data-start=\"1054\" data-end=\"1078\">15. m\u00e1j \u2013 Bratislava<\/strong><br data-start=\"1078\" data-end=\"1081\" \/>Informa\u010dn\u00e9 \u0161kolenie pre z\u00e1stupcov s\u00fakromn\u00fdch a cirkevn\u00fdch SO\u0160 so z\u00e1ujmom o implement\u00e1ciu n\u00e1strojov kvality do praxe.<\/p><\/li><li class=\"\" data-start=\"1201\" data-end=\"1373\"><p class=\"\" data-start=\"1203\" data-end=\"1373\"><strong data-start=\"1203\" data-end=\"1232\">20. m\u00e1j \u2013 Bansk\u00e1 Bystrica<\/strong><br data-start=\"1232\" data-end=\"1235\" \/>Odborn\u00e1 konferencia venovan\u00e1 kvalite a inov\u00e1ci\u00e1m v OVP. S\u00fa\u010das\u0165ou programu bude aj vyhl\u00e1senie laure\u00e1tov N\u00e1rodnej ceny kvality v OVP 2025.<\/p><\/li><li class=\"\" data-start=\"1375\" data-end=\"1612\"><p class=\"\" data-start=\"1377\" data-end=\"1612\"><strong data-start=\"1377\" data-end=\"1398\">27. m\u00e1j \u2013 Tren\u010d\u00edn<\/strong><br data-start=\"1398\" data-end=\"1401\" \/>V spolupr\u00e1ci s In\u0161pektor\u00e1tom pr\u00e1ce a Eur\u00f3pskou agent\u00farou EU-OSHA je pre \u017eiakov pripraven\u00e9 netradi\u010dn\u00e9 podujatie k bezpe\u010dnosti pr\u00e1ce \u2013 premietanie dokument\u00e1rnych filmov z festivalu Doclisboa a n\u00e1sledn\u00e1 diskusia.<\/p><\/li><li class=\"\" data-start=\"1614\" data-end=\"1778\"><p class=\"\" data-start=\"1616\" data-end=\"1778\"><strong data-start=\"1616\" data-end=\"1636\">27. m\u00e1j \u2013 Pre\u0161ov<\/strong><br data-start=\"1636\" data-end=\"1639\" \/>Workshop pre u\u010dite\u013eov zameran\u00fd na vyu\u017eitie n\u00e1strojov Europass a EQAVET pri kari\u00e9rovom poradenstve, vr\u00e1tane praktick\u00fdch uk\u00e1\u017eok a diskusie.<\/p><\/li><\/ul><p class=\"\" data-start=\"1780\" data-end=\"1931\">Podrobn\u00fd program a viac inform\u00e1ci\u00ed o jednotliv\u00fdch podujatiach n\u00e1jdete na str\u00e1nke<a href=\"https:\/\/okvalite.sk\/podujatia-2025\/\">\u00a0<\/a><a href=\"https:\/\/okvalite.sk\/podujatia-2025\/\" target=\"_blank\" rel=\"noopener\">www.okvalite.sk<\/a>.<\/p>\t\t\t\t\t\t\t\t<\/div>\n\t\t\t\t<\/div>\n\t\t\t\t\t<\/div>\n\t\t\t\t<\/div>\n\t\t<div class=\"elementor-element elementor-element-3f85ae6 e-flex e-con-boxed e-con e-parent\" data-id=\"3f85ae6\" data-element_type=\"container\" data-e-type=\"container\">\n\t\t\t\t\t<div class=\"e-con-inner\">\n\t\t<div class=\"elementor-element elementor-element-1462faf e-con-full e-flex e-con e-child\" data-id=\"1462faf\" data-element_type=\"container\" data-e-type=\"container\">\n\t\t\t\t<div class=\"elementor-element elementor-element-f0dbde9 elementor-widget elementor-widget-image\" data-id=\"f0dbde9\" data-element_type=\"widget\" data-e-type=\"widget\" data-widget_type=\"image.default\">\n\t\t\t\t<div class=\"elementor-widget-container\">\n\t\t\t\t\t\t\t\t\t\t\t\t<figure class=\"wp-caption\">\n\t\t\t\t\t\t\t\t\t\t<img fetchpriority=\"high\" decoding=\"async\" width=\"768\" height=\"1086\" src=\"https:\/\/archiv.siov.sk\/wp-content\/uploads\/2025\/05\/program_zilina-768x1086.png\" class=\"attachment-medium_large size-medium_large wp-image-18806\" alt=\"podujatie zilina\" srcset=\"https:\/\/archiv.siov.sk\/wp-content\/uploads\/2025\/05\/program_zilina-768x1086.png 768w, https:\/\/archiv.siov.sk\/wp-content\/uploads\/2025\/05\/program_zilina-212x300.png 212w, https:\/\/archiv.siov.sk\/wp-content\/uploads\/2025\/05\/program_zilina-724x1024.png 724w, https:\/\/archiv.siov.sk\/wp-content\/uploads\/2025\/05\/program_zilina-1086x1536.png 1086w, https:\/\/archiv.siov.sk\/wp-content\/uploads\/2025\/05\/program_zilina-8x12.png 8w, https:\/\/archiv.siov.sk\/wp-content\/uploads\/2025\/05\/program_zilina.png 1414w\" sizes=\"(max-width: 768px) 100vw, 768px\" \/>\t\t\t\t\t\t\t\t\t\t\t<figcaption class=\"widget-image-caption wp-caption-text\">Podujatie je spolufinancovan\u00e9 Eur\u00f3pskou \u00faniou v r\u00e1mci Programu Slovensko.<\/figcaption>\n\t\t\t\t\t\t\t\t\t\t<\/figure>\n\t\t\t\t\t\t\t\t\t<\/div>\n\t\t\t\t<\/div>\n\t\t\t\t<\/div>\n\t\t<div class=\"elementor-element elementor-element-f772804 e-con-full e-flex e-con e-child\" data-id=\"f772804\" data-element_type=\"container\" data-e-type=\"container\">\n\t\t\t\t<div class=\"elementor-element elementor-element-7e423fa elementor-widget elementor-widget-image\" data-id=\"7e423fa\" data-element_type=\"widget\" data-e-type=\"widget\" data-widget_type=\"image.default\">\n\t\t\t\t<div class=\"elementor-widget-container\">\n\t\t\t\t\t\t\t\t\t\t\t\t<figure class=\"wp-caption\">\n\t\t\t\t\t\t\t\t\t\t<img decoding=\"async\" width=\"724\" height=\"1024\" src=\"https:\/\/archiv.siov.sk\/wp-content\/uploads\/2025\/05\/Program-BB-724x1024.png\" class=\"attachment-large size-large wp-image-18804\" alt=\"konferencia_Mesiac_kvality_2025\" srcset=\"https:\/\/archiv.siov.sk\/wp-content\/uploads\/2025\/05\/Program-BB-724x1024.png 724w, https:\/\/archiv.siov.sk\/wp-content\/uploads\/2025\/05\/Program-BB-212x300.png 212w, https:\/\/archiv.siov.sk\/wp-content\/uploads\/2025\/05\/Program-BB-768x1086.png 768w, https:\/\/archiv.siov.sk\/wp-content\/uploads\/2025\/05\/Program-BB.png 1414w\" sizes=\"(max-width: 724px) 100vw, 724px\" \/>\t\t\t\t\t\t\t\t\t\t\t<figcaption class=\"widget-image-caption wp-caption-text\">Konferencia EQAVET o kvalite na \u0161kol\u00e1ch v Banskej Bystrici.<\/figcaption>\n\t\t\t\t\t\t\t\t\t\t<\/figure>\n\t\t\t\t\t\t\t\t\t<\/div>\n\t\t\t\t<\/div>\n\t\t\t\t<\/div>\n\t\t\t\t\t<\/div>\n\t\t\t\t<\/div>\n\t\t<div class=\"elementor-element elementor-element-1d6f7f2 e-flex e-con-boxed e-con e-parent\" data-id=\"1d6f7f2\" data-element_type=\"container\" data-e-type=\"container\">\n\t\t\t\t\t<div class=\"e-con-inner\">\n\t\t\t\t<div class=\"elementor-element elementor-element-6515c94 elementor-widget elementor-widget-image\" data-id=\"6515c94\" data-element_type=\"widget\" data-e-type=\"widget\" data-widget_type=\"image.default\">\n\t\t\t\t<div class=\"elementor-widget-container\">\n\t\t\t\t\t\t\t\t\t\t\t\t<figure class=\"wp-caption\">\n\t\t\t\t\t\t\t\t\t\t<img decoding=\"async\" width=\"300\" height=\"86\" src=\"https:\/\/archiv.siov.sk\/wp-content\/uploads\/2025\/06\/spolufinancovane-EU-300x86.png\" class=\"attachment-medium size-medium wp-image-19606\" alt=\"spolufinancovany EU logo\" srcset=\"https:\/\/archiv.siov.sk\/wp-content\/uploads\/2025\/06\/spolufinancovane-EU-300x86.png 300w, https:\/\/archiv.siov.sk\/wp-content\/uploads\/2025\/06\/spolufinancovane-EU-18x5.png 18w, https:\/\/archiv.siov.sk\/wp-content\/uploads\/2025\/06\/spolufinancovane-EU.png 600w\" sizes=\"(max-width: 300px) 100vw, 300px\" \/>\t\t\t\t\t\t\t\t\t\t\t<figcaption class=\"widget-image-caption wp-caption-text\">Financovan\u00e9 Eur\u00f3pskou \u00faniou. Vyjadren\u00e9 n\u00e1zory a postoje s\u00fa n\u00e1zormi a vyhl\u00e1seniami autora a nemusia nevyhnutne odr\u00e1\u017ea\u0165 n\u00e1zory a stanovisk\u00e1 Eur\u00f3pskej \u00fanie alebo Eur\u00f3pskej v\u00fdkonnej agent\u00fary pre vzdel\u00e1vanie a kult\u00faru (EACEA). Eur\u00f3pska \u00fania ani EACEA za ne nepreberaj\u00fa \u017eiadnu zodpovednos\u0165.<\/figcaption>\n\t\t\t\t\t\t\t\t\t\t<\/figure>\n\t\t\t\t\t\t\t\t\t<\/div>\n\t\t\t\t<\/div>\n\t\t\t\t\t<\/div>\n\t\t\t\t<\/div>\n\t\t\t\t<\/div>","protected":false},"excerpt":{"rendered":"<p>\u0160t\u00e1tny in\u0161tit\u00fat odborn\u00e9ho vzdel\u00e1vania (\u0160IOV), ako n\u00e1rodn\u00e9 referen\u010dn\u00e9 miesto EQAVET, pripravil pre odborn\u00fa aj \u0161ir\u0161iu verejnos\u0165 4. ro\u010dn\u00edk podujatia Mesiac kvality v odbornom vzdel\u00e1van\u00ed a pr\u00edprave (OVP). Aj tento rok prin\u00e1\u0161a nieko\u013eko podujat\u00ed zameran\u00fdch na zvy\u0161ovanie kvality, zdie\u013eanie sk\u00fasenost\u00ed a prezent\u00e1ciu in\u0161pirat\u00edvnych pr\u00edkladov z praxe. Podujatia prebiehaj\u00fa po\u010das cel\u00e9ho m\u00e1ja na r\u00f4znych miestach Slovenska. Ur\u010den\u00e9 [&hellip;]<\/p>\n","protected":false},"author":10,"featured_media":18800,"comment_status":"closed","ping_status":"closed","sticky":false,"template":"","format":"standard","meta":{"site-sidebar-layout":"default","site-content-layout":"","ast-site-content-layout":"default","site-content-style":"default","site-sidebar-style":"default","ast-global-header-display":"","ast-banner-title-visibility":"","ast-main-header-display":"","ast-hfb-above-header-display":"","ast-hfb-below-header-display":"","ast-hfb-mobile-header-display":"","site-post-title":"","ast-breadcrumbs-content":"","ast-featured-img":"","footer-sml-layout":"","ast-disable-related-posts":"","theme-transparent-header-meta":"default","adv-header-id-meta":"","stick-header-meta":"default","header-above-stick-meta":"","header-main-stick-meta":"","header-below-stick-meta":"","astra-migrate-meta-layouts":"set","ast-page-background-enabled":"default","ast-page-background-meta":{"desktop":{"background-color":"var(--ast-global-color-4)","background-image":"","background-repeat":"repeat","background-position":"center center","background-size":"auto","background-attachment":"scroll","background-type":"","background-media":"","overlay-type":"","overlay-color":"","overlay-opacity":"","overlay-gradient":""},"tablet":{"background-color":"","background-image":"","background-repeat":"repeat","background-position":"center center","background-size":"auto","background-attachment":"scroll","background-type":"","background-media":"","overlay-type":"","overlay-color":"","overlay-opacity":"","overlay-gradient":""},"mobile":{"background-color":"","background-image":"","background-repeat":"repeat","background-position":"center center","background-size":"auto","background-attachment":"scroll","background-type":"","background-media":"","overlay-type":"","overlay-color":"","overlay-opacity":"","overlay-gradient":""}},"ast-content-background-meta":{"desktop":{"background-color":"var(--ast-global-color-5)","background-image":"","background-repeat":"repeat","background-position":"center center","background-size":"auto","background-attachment":"scroll","background-type":"","background-media":"","overlay-type":"","overlay-color":"","overlay-opacity":"","overlay-gradient":""},"tablet":{"background-color":"var(--ast-global-color-5)","background-image":"","background-repeat":"repeat","background-position":"center center","background-size":"auto","background-attachment":"scroll","background-type":"","background-media":"","overlay-type":"","overlay-color":"","overlay-opacity":"","overlay-gradient":""},"mobile":{"background-color":"var(--ast-global-color-5)","background-image":"","background-repeat":"repeat","background-position":"center center","background-size":"auto","background-attachment":"scroll","background-type":"","background-media":"","overlay-type":"","overlay-color":"","overlay-opacity":"","overlay-gradient":""}},"footnotes":""},"categories":[1],"tags":[],"class_list":["post-18801","post","type-post","status-publish","format-standard","has-post-thumbnail","hentry","category-aktuality"],"yoast_head":"<!-- This site is optimized with the Yoast SEO plugin v27.5 - https:\/\/yoast.com\/product\/yoast-seo-wordpress\/ -->\n<title>Mesiac kvality \u0161tartuje u\u017e zajtra - \u0160IOV - \u0161t\u00e1tny in\u0161tit\u00fat odborn\u00e9ho vzdel\u00e1vania<\/title>\n<meta name=\"robots\" content=\"index, follow, max-snippet:-1, max-image-preview:large, max-video-preview:-1\" \/>\n<link rel=\"canonical\" href=\"https:\/\/archiv.siov.sk\/en\/mesiac-kvality-startuje-uz-zajtra\/\" \/>\n<meta property=\"og:locale\" content=\"en_GB\" \/>\n<meta property=\"og:type\" content=\"article\" \/>\n<meta property=\"og:title\" content=\"Mesiac kvality \u0161tartuje u\u017e zajtra - \u0160IOV - \u0161t\u00e1tny in\u0161tit\u00fat odborn\u00e9ho vzdel\u00e1vania\" \/>\n<meta property=\"og:description\" content=\"\u0160t\u00e1tny in\u0161tit\u00fat odborn\u00e9ho vzdel\u00e1vania (\u0160IOV), ako n\u00e1rodn\u00e9 referen\u010dn\u00e9 miesto EQAVET, pripravil pre odborn\u00fa aj \u0161ir\u0161iu verejnos\u0165 4. ro\u010dn\u00edk podujatia Mesiac kvality v odbornom vzdel\u00e1van\u00ed a pr\u00edprave (OVP). Aj tento rok prin\u00e1\u0161a nieko\u013eko podujat\u00ed zameran\u00fdch na zvy\u0161ovanie kvality, zdie\u013eanie sk\u00fasenost\u00ed a prezent\u00e1ciu in\u0161pirat\u00edvnych pr\u00edkladov z praxe. Podujatia prebiehaj\u00fa po\u010das cel\u00e9ho m\u00e1ja na r\u00f4znych miestach Slovenska. Ur\u010den\u00e9 [&hellip;]\" \/>\n<meta property=\"og:url\" content=\"https:\/\/archiv.siov.sk\/en\/mesiac-kvality-startuje-uz-zajtra\/\" \/>\n<meta property=\"og:site_name\" content=\"\u0160IOV - \u0161t\u00e1tny in\u0161tit\u00fat odborn\u00e9ho vzdel\u00e1vania\" \/>\n<meta property=\"article:publisher\" content=\"https:\/\/www.facebook.com\/Statnyinstitutodbornehovzdelavania\" \/>\n<meta property=\"article:published_time\" content=\"2025-05-12T10:59:04+00:00\" \/>\n<meta property=\"article:modified_time\" content=\"2025-07-03T06:59:23+00:00\" \/>\n<meta property=\"og:image\" content=\"https:\/\/archiv.siov.sk\/wp-content\/uploads\/2025\/05\/siov_eqavet_mesiac_kvality.png\" \/>\n\t<meta property=\"og:image:width\" content=\"2000\" \/>\n\t<meta property=\"og:image:height\" content=\"1414\" \/>\n\t<meta property=\"og:image:type\" content=\"image\/png\" \/>\n<meta name=\"author\" content=\"Gabriela Budayov\u00e1\" \/>\n<meta name=\"twitter:card\" content=\"summary_large_image\" \/>\n<meta name=\"twitter:label1\" content=\"Written by\" \/>\n\t<meta name=\"twitter:data1\" content=\"Gabriela Budayov\u00e1\" \/>\n\t<meta name=\"twitter:label2\" content=\"Estimated reading time\" \/>\n\t<meta name=\"twitter:data2\" content=\"3 minutes\" \/>\n<script type=\"application\/ld+json\" class=\"yoast-schema-graph\">{\"@context\":\"https:\\\/\\\/schema.org\",\"@graph\":[{\"@type\":\"Article\",\"@id\":\"https:\\\/\\\/archiv.siov.sk\\\/mesiac-kvality-startuje-uz-zajtra\\\/#article\",\"isPartOf\":{\"@id\":\"https:\\\/\\\/archiv.siov.sk\\\/mesiac-kvality-startuje-uz-zajtra\\\/\"},\"author\":{\"name\":\"Gabriela Budayov\u00e1\",\"@id\":\"https:\\\/\\\/archiv.siov.sk\\\/#\\\/schema\\\/person\\\/2d35146a9c0fa51b027e8ff319cee627\"},\"headline\":\"Mesiac kvality \u0161tartuje u\u017e zajtra\",\"datePublished\":\"2025-05-12T10:59:04+00:00\",\"dateModified\":\"2025-07-03T06:59:23+00:00\",\"mainEntityOfPage\":{\"@id\":\"https:\\\/\\\/archiv.siov.sk\\\/mesiac-kvality-startuje-uz-zajtra\\\/\"},\"wordCount\":379,\"publisher\":{\"@id\":\"https:\\\/\\\/archiv.siov.sk\\\/#organization\"},\"image\":{\"@id\":\"https:\\\/\\\/archiv.siov.sk\\\/mesiac-kvality-startuje-uz-zajtra\\\/#primaryimage\"},\"thumbnailUrl\":\"https:\\\/\\\/archiv.siov.sk\\\/wp-content\\\/uploads\\\/2025\\\/05\\\/siov_eqavet_mesiac_kvality.png\",\"articleSection\":[\"Aktuality\"],\"inLanguage\":\"en-GB\"},{\"@type\":\"WebPage\",\"@id\":\"https:\\\/\\\/archiv.siov.sk\\\/mesiac-kvality-startuje-uz-zajtra\\\/\",\"url\":\"https:\\\/\\\/archiv.siov.sk\\\/mesiac-kvality-startuje-uz-zajtra\\\/\",\"name\":\"Mesiac kvality \u0161tartuje u\u017e zajtra - \u0160IOV - \u0161t\u00e1tny in\u0161tit\u00fat odborn\u00e9ho vzdel\u00e1vania\",\"isPartOf\":{\"@id\":\"https:\\\/\\\/archiv.siov.sk\\\/#website\"},\"primaryImageOfPage\":{\"@id\":\"https:\\\/\\\/archiv.siov.sk\\\/mesiac-kvality-startuje-uz-zajtra\\\/#primaryimage\"},\"image\":{\"@id\":\"https:\\\/\\\/archiv.siov.sk\\\/mesiac-kvality-startuje-uz-zajtra\\\/#primaryimage\"},\"thumbnailUrl\":\"https:\\\/\\\/archiv.siov.sk\\\/wp-content\\\/uploads\\\/2025\\\/05\\\/siov_eqavet_mesiac_kvality.png\",\"datePublished\":\"2025-05-12T10:59:04+00:00\",\"dateModified\":\"2025-07-03T06:59:23+00:00\",\"breadcrumb\":{\"@id\":\"https:\\\/\\\/archiv.siov.sk\\\/mesiac-kvality-startuje-uz-zajtra\\\/#breadcrumb\"},\"inLanguage\":\"en-GB\",\"potentialAction\":[{\"@type\":\"ReadAction\",\"target\":[\"https:\\\/\\\/archiv.siov.sk\\\/mesiac-kvality-startuje-uz-zajtra\\\/\"]}]},{\"@type\":\"ImageObject\",\"inLanguage\":\"en-GB\",\"@id\":\"https:\\\/\\\/archiv.siov.sk\\\/mesiac-kvality-startuje-uz-zajtra\\\/#primaryimage\",\"url\":\"https:\\\/\\\/archiv.siov.sk\\\/wp-content\\\/uploads\\\/2025\\\/05\\\/siov_eqavet_mesiac_kvality.png\",\"contentUrl\":\"https:\\\/\\\/archiv.siov.sk\\\/wp-content\\\/uploads\\\/2025\\\/05\\\/siov_eqavet_mesiac_kvality.png\",\"width\":2000,\"height\":1414,\"caption\":\"mesiac_kvality_2025\"},{\"@type\":\"BreadcrumbList\",\"@id\":\"https:\\\/\\\/archiv.siov.sk\\\/mesiac-kvality-startuje-uz-zajtra\\\/#breadcrumb\",\"itemListElement\":[{\"@type\":\"ListItem\",\"position\":1,\"name\":\"Home\",\"item\":\"https:\\\/\\\/archiv.siov.sk\\\/\"},{\"@type\":\"ListItem\",\"position\":2,\"name\":\"Mesiac kvality \u0161tartuje u\u017e zajtra\"}]},{\"@type\":\"WebSite\",\"@id\":\"https:\\\/\\\/archiv.siov.sk\\\/#website\",\"url\":\"https:\\\/\\\/archiv.siov.sk\\\/\",\"name\":\"\u0160IOV - \u0161t\u00e1tny in\u0161tit\u00fat odborn\u00e9ho vzdel\u00e1vania\",\"description\":\"\",\"publisher\":{\"@id\":\"https:\\\/\\\/archiv.siov.sk\\\/#organization\"},\"potentialAction\":[{\"@type\":\"SearchAction\",\"target\":{\"@type\":\"EntryPoint\",\"urlTemplate\":\"https:\\\/\\\/archiv.siov.sk\\\/?s={search_term_string}\"},\"query-input\":{\"@type\":\"PropertyValueSpecification\",\"valueRequired\":true,\"valueName\":\"search_term_string\"}}],\"inLanguage\":\"en-GB\"},{\"@type\":\"Organization\",\"@id\":\"https:\\\/\\\/archiv.siov.sk\\\/#organization\",\"name\":\"\u0160IOV - \u0161t\u00e1tny in\u0161tit\u00fat odborn\u00e9ho vzdel\u00e1vania\",\"url\":\"https:\\\/\\\/archiv.siov.sk\\\/\",\"logo\":{\"@type\":\"ImageObject\",\"inLanguage\":\"en-GB\",\"@id\":\"https:\\\/\\\/archiv.siov.sk\\\/#\\\/schema\\\/logo\\\/image\\\/\",\"url\":\"https:\\\/\\\/archiv.siov.sk\\\/wp-content\\\/uploads\\\/2024\\\/02\\\/logo-SIOV.png\",\"contentUrl\":\"https:\\\/\\\/archiv.siov.sk\\\/wp-content\\\/uploads\\\/2024\\\/02\\\/logo-SIOV.png\",\"width\":431,\"height\":143,\"caption\":\"\u0160IOV - \u0161t\u00e1tny in\u0161tit\u00fat odborn\u00e9ho vzdel\u00e1vania\"},\"image\":{\"@id\":\"https:\\\/\\\/archiv.siov.sk\\\/#\\\/schema\\\/logo\\\/image\\\/\"},\"sameAs\":[\"https:\\\/\\\/www.facebook.com\\\/Statnyinstitutodbornehovzdelavania\"]},{\"@type\":\"Person\",\"@id\":\"https:\\\/\\\/archiv.siov.sk\\\/#\\\/schema\\\/person\\\/2d35146a9c0fa51b027e8ff319cee627\",\"name\":\"Gabriela Budayov\u00e1\",\"url\":\"https:\\\/\\\/archiv.siov.sk\\\/en\\\/author\\\/gabriela-budayova\\\/\"}]}<\/script>\n<!-- \/ Yoast SEO plugin. -->","yoast_head_json":{"title":"Mesiac kvality \u0161tartuje u\u017e zajtra - \u0160IOV - \u0161t\u00e1tny in\u0161tit\u00fat odborn\u00e9ho vzdel\u00e1vania","robots":{"index":"index","follow":"follow","max-snippet":"max-snippet:-1","max-image-preview":"max-image-preview:large","max-video-preview":"max-video-preview:-1"},"canonical":"https:\/\/archiv.siov.sk\/en\/mesiac-kvality-startuje-uz-zajtra\/","og_locale":"en_GB","og_type":"article","og_title":"Mesiac kvality \u0161tartuje u\u017e zajtra - \u0160IOV - \u0161t\u00e1tny in\u0161tit\u00fat odborn\u00e9ho vzdel\u00e1vania","og_description":"\u0160t\u00e1tny in\u0161tit\u00fat odborn\u00e9ho vzdel\u00e1vania (\u0160IOV), ako n\u00e1rodn\u00e9 referen\u010dn\u00e9 miesto EQAVET, pripravil pre odborn\u00fa aj \u0161ir\u0161iu verejnos\u0165 4. ro\u010dn\u00edk podujatia Mesiac kvality v odbornom vzdel\u00e1van\u00ed a pr\u00edprave (OVP). Aj tento rok prin\u00e1\u0161a nieko\u013eko podujat\u00ed zameran\u00fdch na zvy\u0161ovanie kvality, zdie\u013eanie sk\u00fasenost\u00ed a prezent\u00e1ciu in\u0161pirat\u00edvnych pr\u00edkladov z praxe. Podujatia prebiehaj\u00fa po\u010das cel\u00e9ho m\u00e1ja na r\u00f4znych miestach Slovenska. Ur\u010den\u00e9 [&hellip;]","og_url":"https:\/\/archiv.siov.sk\/en\/mesiac-kvality-startuje-uz-zajtra\/","og_site_name":"\u0160IOV - \u0161t\u00e1tny in\u0161tit\u00fat odborn\u00e9ho vzdel\u00e1vania","article_publisher":"https:\/\/www.facebook.com\/Statnyinstitutodbornehovzdelavania","article_published_time":"2025-05-12T10:59:04+00:00","article_modified_time":"2025-07-03T06:59:23+00:00","og_image":[{"width":2000,"height":1414,"url":"https:\/\/archiv.siov.sk\/wp-content\/uploads\/2025\/05\/siov_eqavet_mesiac_kvality.png","type":"image\/png"}],"author":"Gabriela Budayov\u00e1","twitter_card":"summary_large_image","twitter_misc":{"Written by":"Gabriela Budayov\u00e1","Estimated reading time":"3 minutes"},"schema":{"@context":"https:\/\/schema.org","@graph":[{"@type":"Article","@id":"https:\/\/archiv.siov.sk\/mesiac-kvality-startuje-uz-zajtra\/#article","isPartOf":{"@id":"https:\/\/archiv.siov.sk\/mesiac-kvality-startuje-uz-zajtra\/"},"author":{"name":"Gabriela Budayov\u00e1","@id":"https:\/\/archiv.siov.sk\/#\/schema\/person\/2d35146a9c0fa51b027e8ff319cee627"},"headline":"Mesiac kvality \u0161tartuje u\u017e zajtra","datePublished":"2025-05-12T10:59:04+00:00","dateModified":"2025-07-03T06:59:23+00:00","mainEntityOfPage":{"@id":"https:\/\/archiv.siov.sk\/mesiac-kvality-startuje-uz-zajtra\/"},"wordCount":379,"publisher":{"@id":"https:\/\/archiv.siov.sk\/#organization"},"image":{"@id":"https:\/\/archiv.siov.sk\/mesiac-kvality-startuje-uz-zajtra\/#primaryimage"},"thumbnailUrl":"https:\/\/archiv.siov.sk\/wp-content\/uploads\/2025\/05\/siov_eqavet_mesiac_kvality.png","articleSection":["Aktuality"],"inLanguage":"en-GB"},{"@type":"WebPage","@id":"https:\/\/archiv.siov.sk\/mesiac-kvality-startuje-uz-zajtra\/","url":"https:\/\/archiv.siov.sk\/mesiac-kvality-startuje-uz-zajtra\/","name":"Mesiac kvality \u0161tartuje u\u017e zajtra - \u0160IOV - \u0161t\u00e1tny in\u0161tit\u00fat odborn\u00e9ho vzdel\u00e1vania","isPartOf":{"@id":"https:\/\/archiv.siov.sk\/#website"},"primaryImageOfPage":{"@id":"https:\/\/archiv.siov.sk\/mesiac-kvality-startuje-uz-zajtra\/#primaryimage"},"image":{"@id":"https:\/\/archiv.siov.sk\/mesiac-kvality-startuje-uz-zajtra\/#primaryimage"},"thumbnailUrl":"https:\/\/archiv.siov.sk\/wp-content\/uploads\/2025\/05\/siov_eqavet_mesiac_kvality.png","datePublished":"2025-05-12T10:59:04+00:00","dateModified":"2025-07-03T06:59:23+00:00","breadcrumb":{"@id":"https:\/\/archiv.siov.sk\/mesiac-kvality-startuje-uz-zajtra\/#breadcrumb"},"inLanguage":"en-GB","potentialAction":[{"@type":"ReadAction","target":["https:\/\/archiv.siov.sk\/mesiac-kvality-startuje-uz-zajtra\/"]}]},{"@type":"ImageObject","inLanguage":"en-GB","@id":"https:\/\/archiv.siov.sk\/mesiac-kvality-startuje-uz-zajtra\/#primaryimage","url":"https:\/\/archiv.siov.sk\/wp-content\/uploads\/2025\/05\/siov_eqavet_mesiac_kvality.png","contentUrl":"https:\/\/archiv.siov.sk\/wp-content\/uploads\/2025\/05\/siov_eqavet_mesiac_kvality.png","width":2000,"height":1414,"caption":"mesiac_kvality_2025"},{"@type":"BreadcrumbList","@id":"https:\/\/archiv.siov.sk\/mesiac-kvality-startuje-uz-zajtra\/#breadcrumb","itemListElement":[{"@type":"ListItem","position":1,"name":"Home","item":"https:\/\/archiv.siov.sk\/"},{"@type":"ListItem","position":2,"name":"Mesiac kvality \u0161tartuje u\u017e zajtra"}]},{"@type":"WebSite","@id":"https:\/\/archiv.siov.sk\/#website","url":"https:\/\/archiv.siov.sk\/","name":"\u0160IOV - \u0161t\u00e1tny in\u0161tit\u00fat odborn\u00e9ho vzdel\u00e1vania","description":"","publisher":{"@id":"https:\/\/archiv.siov.sk\/#organization"},"potentialAction":[{"@type":"SearchAction","target":{"@type":"EntryPoint","urlTemplate":"https:\/\/archiv.siov.sk\/?s={search_term_string}"},"query-input":{"@type":"PropertyValueSpecification","valueRequired":true,"valueName":"search_term_string"}}],"inLanguage":"en-GB"},{"@type":"Organization","@id":"https:\/\/archiv.siov.sk\/#organization","name":"\u0160IOV - \u0161t\u00e1tny in\u0161tit\u00fat odborn\u00e9ho vzdel\u00e1vania","url":"https:\/\/archiv.siov.sk\/","logo":{"@type":"ImageObject","inLanguage":"en-GB","@id":"https:\/\/archiv.siov.sk\/#\/schema\/logo\/image\/","url":"https:\/\/archiv.siov.sk\/wp-content\/uploads\/2024\/02\/logo-SIOV.png","contentUrl":"https:\/\/archiv.siov.sk\/wp-content\/uploads\/2024\/02\/logo-SIOV.png","width":431,"height":143,"caption":"\u0160IOV - \u0161t\u00e1tny in\u0161tit\u00fat odborn\u00e9ho vzdel\u00e1vania"},"image":{"@id":"https:\/\/archiv.siov.sk\/#\/schema\/logo\/image\/"},"sameAs":["https:\/\/www.facebook.com\/Statnyinstitutodbornehovzdelavania"]},{"@type":"Person","@id":"https:\/\/archiv.siov.sk\/#\/schema\/person\/2d35146a9c0fa51b027e8ff319cee627","name":"Gabriela Budayov\u00e1","url":"https:\/\/archiv.siov.sk\/en\/author\/gabriela-budayova\/"}]}},"_links":{"self":[{"href":"https:\/\/archiv.siov.sk\/en\/wp-json\/wp\/v2\/posts\/18801","targetHints":{"allow":["GET"]}}],"collection":[{"href":"https:\/\/archiv.siov.sk\/en\/wp-json\/wp\/v2\/posts"}],"about":[{"href":"https:\/\/archiv.siov.sk\/en\/wp-json\/wp\/v2\/types\/post"}],"author":[{"embeddable":true,"href":"https:\/\/archiv.siov.sk\/en\/wp-json\/wp\/v2\/users\/10"}],"replies":[{"embeddable":true,"href":"https:\/\/archiv.siov.sk\/en\/wp-json\/wp\/v2\/comments?post=18801"}],"version-history":[{"count":20,"href":"https:\/\/archiv.siov.sk\/en\/wp-json\/wp\/v2\/posts\/18801\/revisions"}],"predecessor-version":[{"id":19732,"href":"https:\/\/archiv.siov.sk\/en\/wp-json\/wp\/v2\/posts\/18801\/revisions\/19732"}],"wp:featuredmedia":[{"embeddable":true,"href":"https:\/\/archiv.siov.sk\/en\/wp-json\/wp\/v2\/media\/18800"}],"wp:attachment":[{"href":"https:\/\/archiv.siov.sk\/en\/wp-json\/wp\/v2\/media?parent=18801"}],"wp:term":[{"taxonomy":"category","embeddable":true,"href":"https:\/\/archiv.siov.sk\/en\/wp-json\/wp\/v2\/categories?post=18801"},{"taxonomy":"post_tag","embeddable":true,"href":"https:\/\/archiv.siov.sk\/en\/wp-json\/wp\/v2\/tags?post=18801"}],"curies":[{"name":"wp","href":"https:\/\/api.w.org\/{rel}","templated":true}]}}