{"id":18565,"date":"2025-04-25T08:24:42","date_gmt":"2025-04-25T06:24:42","guid":{"rendered":"https:\/\/archiv.siov.sk\/?p=18565"},"modified":"2025-04-25T08:40:23","modified_gmt":"2025-04-25T06:40:23","slug":"05-20-rokov-s-europassom","status":"publish","type":"post","link":"https:\/\/archiv.siov.sk\/en\/05-20-rokov-s-europassom\/","title":{"rendered":"#05 20 rokov s Europassom"},"content":{"rendered":"<p class=\"e-9652-text encore-text-body-medium\" data-encore-id=\"text\" data-slate-node=\"element\"><span data-slate-node=\"text\"><span class=\"sc-iAJcmt kMXkFi\" data-slate-leaf=\"true\">Vedeli ste, \u017ee Europass nie je len modern\u00fd \u017eivotopis? Tento n\u00e1stroj u\u017e 20 rokov pom\u00e1ha \u013eu\u010fom v krajin\u00e1ch E\u00da lep\u0161ie porozumie\u0165 svojim zru\u010dnostiam, prezentova\u0165 ich zamestn\u00e1vate\u013eom a pl\u00e1nova\u0165 si kari\u00e9ru. V tejto epiz\u00f3de sa pozrieme na to, \u010do v\u0161etko sa skr\u00fdva za pojmom Europass \u2013 ak\u00e9 dokumenty a digit\u00e1lne n\u00e1stroje pon\u00faka, ak\u00e9 novinky priniesol v posledn\u00fdch rokoch a ako m\u00f4\u017ee pom\u00f4c\u0165 najm\u00e4 mlad\u00fdm \u013eu\u010fom pri vstupe na trh pr\u00e1ce alebo v \u010fal\u0161om vzdel\u00e1van\u00ed.<\/span><\/span><\/p>\n<p class=\"e-9652-text encore-text-body-medium\" data-encore-id=\"text\" data-slate-node=\"element\" data-slate-fragment=\"JTVCJTdCJTIydHlwZSUyMiUzQSUyMnBhcmFncmFwaCUyMiUyQyUyMmNoaWxkcmVuJTIyJTNBJTVCJTdCJTIydGV4dCUyMiUzQSUyMlZlZGVsaSUyMHN0ZSUyQyUyMCVDNSVCRWUlMjBFdXJvcGFzcyUyMG5pZSUyMGplJTIwbGVuJTIwbW9kZXJuJUMzJUJEJTIwJUM1JUJFaXZvdG9waXMlM0YlMjBUZW50byUyMG4lQzMlQTFzdHJvaiUyMHUlQzUlQkUlMjAyMCUyMHJva292JTIwcG9tJUMzJUExaGElMjAlQzQlQkV1JUM0JThGb20lMjB2JTIwa3JhamluJUMzJUExY2glMjBFJUMzJTlBJTIwbGVwJUM1JUExaWUlMjBwb3JvenVtaWUlQzUlQTUlMjBzdm9qaW0lMjB6cnUlQzQlOERub3N0aWFtJTJDJTIwcHJlemVudG92YSVDNSVBNSUyMGljaCUyMHphbWVzdG4lQzMlQTF2YXRlJUM0JUJFb20lMjBhJTIwcGwlQzMlQTFub3ZhJUM1JUE1JTIwc2klMjBrYXJpJUMzJUE5cnUuJTIwViUyMHRlanRvJTIwZXBpeiVDMyVCM2RlJTIwc2ElMjBwb3pyaWVtZSUyMG5hJTIwdG8lMkMlMjAlQzQlOERvJTIwdiVDNSVBMWV0a28lMjBzYSUyMHNrciVDMyVCRHZhJTIwemElMjBwb2ptb20lMjBFdXJvcGFzcyUyMCVFMiU4MCU5MyUyMGFrJUMzJUE5JTIwZG9rdW1lbnR5JTIwYSUyMGRpZ2l0JUMzJUExbG5lJTIwbiVDMyVBMXN0cm9qZSUyMHBvbiVDMyVCQWthJTJDJTIwYWslQzMlQTklMjBub3Zpbmt5JTIwcHJpbmllc29sJTIwdiUyMHBvc2xlZG4lQzMlQkRjaCUyMHJva29jaCUyMGElMjBha28lMjBtJUMzJUI0JUM1JUJFZSUyMHBvbSVDMyVCNGMlQzUlQTUlMjBuYWptJUMzJUE0JTIwbWxhZCVDMyVCRG0lMjAlQzQlQkV1JUM0JThGb20lMjBwcmklMjB2c3R1cGUlMjBuYSUyMHRyaCUyMHByJUMzJUExY2UlMjBhbGVibyUyMHYlMjAlQzQlOEZhbCVDNSVBMW9tJTIwdnpkZWwlQzMlQTF2YW4lQzMlQUQuJTIyJTdEJTVEJTdEJTJDJTdCJTIydHlwZSUyMiUzQSUyMnBhcmFncmFwaCUyMiUyQyUyMmNoaWxkcmVuJTIyJTNBJTVCJTdCJTIydGV4dCUyMiUzQSUyMlByZWRzdGF2JUMzJUFEbWUlMjBhaiUyMCVDNCU4RGlubm9zJUM1JUE1JTIwJTIyJTdEJTJDJTdCJTIydGV4dCUyMiUzQSUyMk4lQzMlQTFyb2RuJUMzJUE5aG8lMjBjZW50cmElMjBFdXJvcGFzcyUyMiUyQyUyMmJvbGQlMjIlM0F0cnVlJTdEJTJDJTdCJTIydGV4dCUyMiUzQSUyMiUyQyUyMGt0b3IlQzMlQTklMjBuYSUyMFNsb3ZlbnNrdSUyMGZ1bmd1amUlMjBwb2QlMjAlQzUlQTB0JUMzJUExdG55bSUyMGluJUM1JUExdGl0JUMzJUJBdG9tJTIwb2Rib3JuJUMzJUE5aG8lMjB2emRlbCVDMyVBMXZhbmlhJTIwYSUyMHpvaHIlQzMlQTF2YSUyMGslQzQlQkUlQzMlQkElQzQlOERvdiVDMyVCQSUyMHJvbHUlMjB2JTIwJUM1JUExJUMzJUFEcmVuJUMzJUFEJTIwcG92ZWRvbWlhJTIwbyUyMHRvbXRvJTIwdSVDNSVCRWl0byVDNCU4RG5vbSUyMG4lQzMlQTFzdHJvamkuJTIyJTdEJTVEJTdEJTVE\"><span data-slate-node=\"text\"><span class=\"sc-iAJcmt kMXkFi\" data-slate-leaf=\"true\">Predstav\u00edme aj \u010dinnos\u0165 <\/span><\/span><span data-slate-node=\"text\"><span class=\"sc-iAJcmt kMXkFi\" data-slate-leaf=\"true\"><strong>N\u00e1rodn\u00e9ho centra Europass<\/strong><\/span><\/span><span data-slate-node=\"text\"><span class=\"sc-iAJcmt kMXkFi\" data-slate-leaf=\"true\">, ktor\u00e9 na Slovensku funguje pod \u0160t\u00e1tnym in\u0161tit\u00fatom odborn\u00e9ho vzdel\u00e1vania a zohr\u00e1va k\u013e\u00fa\u010dov\u00fa rolu v \u0161\u00edren\u00ed povedomia o tomto u\u017eito\u010dnom n\u00e1stroji.<\/span><\/span><\/p>\n<p><iframe style=\"border-radius:12px\" src=\"https:\/\/open.spotify.com\/embed\/episode\/7tUIaAlqrt2aMwwLc6J9NM?utm_source=generator\" width=\"100%\" height=\"352\" frameborder=\"0\" allowfullscreen=\"\" allow=\"autoplay; clipboard-write; encrypted-media; fullscreen; picture-in-picture\" loading=\"lazy\"><\/iframe><\/p>","protected":false},"excerpt":{"rendered":"<p>Vedeli ste, \u017ee Europass nie je len modern\u00fd \u017eivotopis? Tento n\u00e1stroj u\u017e 20 rokov pom\u00e1ha \u013eu\u010fom v krajin\u00e1ch E\u00da lep\u0161ie porozumie\u0165 svojim zru\u010dnostiam, prezentova\u0165 ich zamestn\u00e1vate\u013eom a pl\u00e1nova\u0165 si kari\u00e9ru. V tejto epiz\u00f3de sa pozrieme na to, \u010do v\u0161etko sa skr\u00fdva za pojmom Europass \u2013 ak\u00e9 dokumenty a digit\u00e1lne n\u00e1stroje pon\u00faka, ak\u00e9 novinky priniesol v [&hellip;]<\/p>\n","protected":false},"author":10,"featured_media":18568,"comment_status":"closed","ping_status":"closed","sticky":false,"template":"","format":"standard","meta":{"site-sidebar-layout":"default","site-content-layout":"","ast-site-content-layout":"default","site-content-style":"default","site-sidebar-style":"default","ast-global-header-display":"","ast-banner-title-visibility":"","ast-main-header-display":"","ast-hfb-above-header-display":"","ast-hfb-below-header-display":"","ast-hfb-mobile-header-display":"","site-post-title":"","ast-breadcrumbs-content":"","ast-featured-img":"","footer-sml-layout":"","ast-disable-related-posts":"","theme-transparent-header-meta":"default","adv-header-id-meta":"","stick-header-meta":"default","header-above-stick-meta":"","header-main-stick-meta":"","header-below-stick-meta":"","astra-migrate-meta-layouts":"set","ast-page-background-enabled":"default","ast-page-background-meta":{"desktop":{"background-color":"var(--ast-global-color-4)","background-image":"","background-repeat":"repeat","background-position":"center center","background-size":"auto","background-attachment":"scroll","background-type":"","background-media":"","overlay-type":"","overlay-color":"","overlay-opacity":"","overlay-gradient":""},"tablet":{"background-color":"","background-image":"","background-repeat":"repeat","background-position":"center center","background-size":"auto","background-attachment":"scroll","background-type":"","background-media":"","overlay-type":"","overlay-color":"","overlay-opacity":"","overlay-gradient":""},"mobile":{"background-color":"","background-image":"","background-repeat":"repeat","background-position":"center center","background-size":"auto","background-attachment":"scroll","background-type":"","background-media":"","overlay-type":"","overlay-color":"","overlay-opacity":"","overlay-gradient":""}},"ast-content-background-meta":{"desktop":{"background-color":"var(--ast-global-color-5)","background-image":"","background-repeat":"repeat","background-position":"center center","background-size":"auto","background-attachment":"scroll","background-type":"","background-media":"","overlay-type":"","overlay-color":"","overlay-opacity":"","overlay-gradient":""},"tablet":{"background-color":"var(--ast-global-color-5)","background-image":"","background-repeat":"repeat","background-position":"center center","background-size":"auto","background-attachment":"scroll","background-type":"","background-media":"","overlay-type":"","overlay-color":"","overlay-opacity":"","overlay-gradient":""},"mobile":{"background-color":"var(--ast-global-color-5)","background-image":"","background-repeat":"repeat","background-position":"center center","background-size":"auto","background-attachment":"scroll","background-type":"","background-media":"","overlay-type":"","overlay-color":"","overlay-opacity":"","overlay-gradient":""}},"footnotes":""},"categories":[29],"tags":[],"class_list":["post-18565","post","type-post","status-publish","format-standard","has-post-thumbnail","hentry","category-podcast"],"yoast_head":"<!-- This site is optimized with the Yoast SEO plugin v27.5 - https:\/\/yoast.com\/product\/yoast-seo-wordpress\/ -->\n<title>#05 20 rokov s Europassom - \u0160IOV - \u0161t\u00e1tny in\u0161tit\u00fat odborn\u00e9ho vzdel\u00e1vania<\/title>\n<meta name=\"robots\" content=\"index, follow, max-snippet:-1, max-image-preview:large, max-video-preview:-1\" \/>\n<link rel=\"canonical\" href=\"https:\/\/archiv.siov.sk\/en\/05-20-rokov-s-europassom\/\" \/>\n<meta property=\"og:locale\" content=\"en_GB\" \/>\n<meta property=\"og:type\" content=\"article\" \/>\n<meta property=\"og:title\" content=\"#05 20 rokov s Europassom - \u0160IOV - \u0161t\u00e1tny in\u0161tit\u00fat odborn\u00e9ho vzdel\u00e1vania\" \/>\n<meta property=\"og:description\" content=\"Vedeli ste, \u017ee Europass nie je len modern\u00fd \u017eivotopis? Tento n\u00e1stroj u\u017e 20 rokov pom\u00e1ha \u013eu\u010fom v krajin\u00e1ch E\u00da lep\u0161ie porozumie\u0165 svojim zru\u010dnostiam, prezentova\u0165 ich zamestn\u00e1vate\u013eom a pl\u00e1nova\u0165 si kari\u00e9ru. V tejto epiz\u00f3de sa pozrieme na to, \u010do v\u0161etko sa skr\u00fdva za pojmom Europass \u2013 ak\u00e9 dokumenty a digit\u00e1lne n\u00e1stroje pon\u00faka, ak\u00e9 novinky priniesol v [&hellip;]\" \/>\n<meta property=\"og:url\" content=\"https:\/\/archiv.siov.sk\/en\/05-20-rokov-s-europassom\/\" \/>\n<meta property=\"og:site_name\" content=\"\u0160IOV - \u0161t\u00e1tny in\u0161tit\u00fat odborn\u00e9ho vzdel\u00e1vania\" \/>\n<meta property=\"article:publisher\" content=\"https:\/\/www.facebook.com\/Statnyinstitutodbornehovzdelavania\" \/>\n<meta property=\"article:published_time\" content=\"2025-04-25T06:24:42+00:00\" \/>\n<meta property=\"article:modified_time\" content=\"2025-04-25T06:40:23+00:00\" \/>\n<meta property=\"og:image\" content=\"https:\/\/archiv.siov.sk\/wp-content\/uploads\/2025\/04\/SIOV-PLUS-1.png\" \/>\n\t<meta property=\"og:image:width\" content=\"2500\" \/>\n\t<meta property=\"og:image:height\" content=\"2500\" \/>\n\t<meta property=\"og:image:type\" content=\"image\/png\" \/>\n<meta name=\"author\" content=\"Gabriela Budayov\u00e1\" \/>\n<meta name=\"twitter:card\" content=\"summary_large_image\" \/>\n<meta name=\"twitter:label1\" content=\"Written by\" \/>\n\t<meta name=\"twitter:data1\" content=\"Gabriela Budayov\u00e1\" \/>\n\t<meta name=\"twitter:label2\" content=\"Estimated reading time\" \/>\n\t<meta name=\"twitter:data2\" content=\"1 minute\" \/>\n<script type=\"application\/ld+json\" class=\"yoast-schema-graph\">{\"@context\":\"https:\\\/\\\/schema.org\",\"@graph\":[{\"@type\":\"Article\",\"@id\":\"https:\\\/\\\/archiv.siov.sk\\\/05-20-rokov-s-europassom\\\/#article\",\"isPartOf\":{\"@id\":\"https:\\\/\\\/archiv.siov.sk\\\/05-20-rokov-s-europassom\\\/\"},\"author\":{\"name\":\"Gabriela Budayov\u00e1\",\"@id\":\"https:\\\/\\\/archiv.siov.sk\\\/#\\\/schema\\\/person\\\/2d35146a9c0fa51b027e8ff319cee627\"},\"headline\":\"#05 20 rokov s Europassom\",\"datePublished\":\"2025-04-25T06:24:42+00:00\",\"dateModified\":\"2025-04-25T06:40:23+00:00\",\"mainEntityOfPage\":{\"@id\":\"https:\\\/\\\/archiv.siov.sk\\\/05-20-rokov-s-europassom\\\/\"},\"wordCount\":137,\"publisher\":{\"@id\":\"https:\\\/\\\/archiv.siov.sk\\\/#organization\"},\"image\":{\"@id\":\"https:\\\/\\\/archiv.siov.sk\\\/05-20-rokov-s-europassom\\\/#primaryimage\"},\"thumbnailUrl\":\"https:\\\/\\\/archiv.siov.sk\\\/wp-content\\\/uploads\\\/2025\\\/04\\\/SIOV-PLUS-1.png\",\"articleSection\":[\"Podcast\"],\"inLanguage\":\"en-GB\"},{\"@type\":\"WebPage\",\"@id\":\"https:\\\/\\\/archiv.siov.sk\\\/05-20-rokov-s-europassom\\\/\",\"url\":\"https:\\\/\\\/archiv.siov.sk\\\/05-20-rokov-s-europassom\\\/\",\"name\":\"#05 20 rokov s Europassom - \u0160IOV - \u0161t\u00e1tny in\u0161tit\u00fat odborn\u00e9ho vzdel\u00e1vania\",\"isPartOf\":{\"@id\":\"https:\\\/\\\/archiv.siov.sk\\\/#website\"},\"primaryImageOfPage\":{\"@id\":\"https:\\\/\\\/archiv.siov.sk\\\/05-20-rokov-s-europassom\\\/#primaryimage\"},\"image\":{\"@id\":\"https:\\\/\\\/archiv.siov.sk\\\/05-20-rokov-s-europassom\\\/#primaryimage\"},\"thumbnailUrl\":\"https:\\\/\\\/archiv.siov.sk\\\/wp-content\\\/uploads\\\/2025\\\/04\\\/SIOV-PLUS-1.png\",\"datePublished\":\"2025-04-25T06:24:42+00:00\",\"dateModified\":\"2025-04-25T06:40:23+00:00\",\"breadcrumb\":{\"@id\":\"https:\\\/\\\/archiv.siov.sk\\\/05-20-rokov-s-europassom\\\/#breadcrumb\"},\"inLanguage\":\"en-GB\",\"potentialAction\":[{\"@type\":\"ReadAction\",\"target\":[\"https:\\\/\\\/archiv.siov.sk\\\/05-20-rokov-s-europassom\\\/\"]}]},{\"@type\":\"ImageObject\",\"inLanguage\":\"en-GB\",\"@id\":\"https:\\\/\\\/archiv.siov.sk\\\/05-20-rokov-s-europassom\\\/#primaryimage\",\"url\":\"https:\\\/\\\/archiv.siov.sk\\\/wp-content\\\/uploads\\\/2025\\\/04\\\/SIOV-PLUS-1.png\",\"contentUrl\":\"https:\\\/\\\/archiv.siov.sk\\\/wp-content\\\/uploads\\\/2025\\\/04\\\/SIOV-PLUS-1.png\",\"width\":2500,\"height\":2500,\"caption\":\"europass haviarova\"},{\"@type\":\"BreadcrumbList\",\"@id\":\"https:\\\/\\\/archiv.siov.sk\\\/05-20-rokov-s-europassom\\\/#breadcrumb\",\"itemListElement\":[{\"@type\":\"ListItem\",\"position\":1,\"name\":\"Home\",\"item\":\"https:\\\/\\\/archiv.siov.sk\\\/\"},{\"@type\":\"ListItem\",\"position\":2,\"name\":\"#05 20 rokov s Europassom\"}]},{\"@type\":\"WebSite\",\"@id\":\"https:\\\/\\\/archiv.siov.sk\\\/#website\",\"url\":\"https:\\\/\\\/archiv.siov.sk\\\/\",\"name\":\"\u0160IOV - \u0161t\u00e1tny in\u0161tit\u00fat odborn\u00e9ho vzdel\u00e1vania\",\"description\":\"\",\"publisher\":{\"@id\":\"https:\\\/\\\/archiv.siov.sk\\\/#organization\"},\"potentialAction\":[{\"@type\":\"SearchAction\",\"target\":{\"@type\":\"EntryPoint\",\"urlTemplate\":\"https:\\\/\\\/archiv.siov.sk\\\/?s={search_term_string}\"},\"query-input\":{\"@type\":\"PropertyValueSpecification\",\"valueRequired\":true,\"valueName\":\"search_term_string\"}}],\"inLanguage\":\"en-GB\"},{\"@type\":\"Organization\",\"@id\":\"https:\\\/\\\/archiv.siov.sk\\\/#organization\",\"name\":\"\u0160IOV - \u0161t\u00e1tny in\u0161tit\u00fat odborn\u00e9ho vzdel\u00e1vania\",\"url\":\"https:\\\/\\\/archiv.siov.sk\\\/\",\"logo\":{\"@type\":\"ImageObject\",\"inLanguage\":\"en-GB\",\"@id\":\"https:\\\/\\\/archiv.siov.sk\\\/#\\\/schema\\\/logo\\\/image\\\/\",\"url\":\"https:\\\/\\\/archiv.siov.sk\\\/wp-content\\\/uploads\\\/2024\\\/02\\\/logo-SIOV.png\",\"contentUrl\":\"https:\\\/\\\/archiv.siov.sk\\\/wp-content\\\/uploads\\\/2024\\\/02\\\/logo-SIOV.png\",\"width\":431,\"height\":143,\"caption\":\"\u0160IOV - \u0161t\u00e1tny in\u0161tit\u00fat odborn\u00e9ho vzdel\u00e1vania\"},\"image\":{\"@id\":\"https:\\\/\\\/archiv.siov.sk\\\/#\\\/schema\\\/logo\\\/image\\\/\"},\"sameAs\":[\"https:\\\/\\\/www.facebook.com\\\/Statnyinstitutodbornehovzdelavania\"]},{\"@type\":\"Person\",\"@id\":\"https:\\\/\\\/archiv.siov.sk\\\/#\\\/schema\\\/person\\\/2d35146a9c0fa51b027e8ff319cee627\",\"name\":\"Gabriela Budayov\u00e1\",\"url\":\"https:\\\/\\\/archiv.siov.sk\\\/en\\\/author\\\/gabriela-budayova\\\/\"}]}<\/script>\n<!-- \/ Yoast SEO plugin. -->","yoast_head_json":{"title":"#05 20 rokov s Europassom - \u0160IOV - \u0161t\u00e1tny in\u0161tit\u00fat odborn\u00e9ho vzdel\u00e1vania","robots":{"index":"index","follow":"follow","max-snippet":"max-snippet:-1","max-image-preview":"max-image-preview:large","max-video-preview":"max-video-preview:-1"},"canonical":"https:\/\/archiv.siov.sk\/en\/05-20-rokov-s-europassom\/","og_locale":"en_GB","og_type":"article","og_title":"#05 20 rokov s Europassom - \u0160IOV - \u0161t\u00e1tny in\u0161tit\u00fat odborn\u00e9ho vzdel\u00e1vania","og_description":"Vedeli ste, \u017ee Europass nie je len modern\u00fd \u017eivotopis? Tento n\u00e1stroj u\u017e 20 rokov pom\u00e1ha \u013eu\u010fom v krajin\u00e1ch E\u00da lep\u0161ie porozumie\u0165 svojim zru\u010dnostiam, prezentova\u0165 ich zamestn\u00e1vate\u013eom a pl\u00e1nova\u0165 si kari\u00e9ru. V tejto epiz\u00f3de sa pozrieme na to, \u010do v\u0161etko sa skr\u00fdva za pojmom Europass \u2013 ak\u00e9 dokumenty a digit\u00e1lne n\u00e1stroje pon\u00faka, ak\u00e9 novinky priniesol v [&hellip;]","og_url":"https:\/\/archiv.siov.sk\/en\/05-20-rokov-s-europassom\/","og_site_name":"\u0160IOV - \u0161t\u00e1tny in\u0161tit\u00fat odborn\u00e9ho vzdel\u00e1vania","article_publisher":"https:\/\/www.facebook.com\/Statnyinstitutodbornehovzdelavania","article_published_time":"2025-04-25T06:24:42+00:00","article_modified_time":"2025-04-25T06:40:23+00:00","og_image":[{"width":2500,"height":2500,"url":"https:\/\/archiv.siov.sk\/wp-content\/uploads\/2025\/04\/SIOV-PLUS-1.png","type":"image\/png"}],"author":"Gabriela Budayov\u00e1","twitter_card":"summary_large_image","twitter_misc":{"Written by":"Gabriela Budayov\u00e1","Estimated reading time":"1 minute"},"schema":{"@context":"https:\/\/schema.org","@graph":[{"@type":"Article","@id":"https:\/\/archiv.siov.sk\/05-20-rokov-s-europassom\/#article","isPartOf":{"@id":"https:\/\/archiv.siov.sk\/05-20-rokov-s-europassom\/"},"author":{"name":"Gabriela Budayov\u00e1","@id":"https:\/\/archiv.siov.sk\/#\/schema\/person\/2d35146a9c0fa51b027e8ff319cee627"},"headline":"#05 20 rokov s Europassom","datePublished":"2025-04-25T06:24:42+00:00","dateModified":"2025-04-25T06:40:23+00:00","mainEntityOfPage":{"@id":"https:\/\/archiv.siov.sk\/05-20-rokov-s-europassom\/"},"wordCount":137,"publisher":{"@id":"https:\/\/archiv.siov.sk\/#organization"},"image":{"@id":"https:\/\/archiv.siov.sk\/05-20-rokov-s-europassom\/#primaryimage"},"thumbnailUrl":"https:\/\/archiv.siov.sk\/wp-content\/uploads\/2025\/04\/SIOV-PLUS-1.png","articleSection":["Podcast"],"inLanguage":"en-GB"},{"@type":"WebPage","@id":"https:\/\/archiv.siov.sk\/05-20-rokov-s-europassom\/","url":"https:\/\/archiv.siov.sk\/05-20-rokov-s-europassom\/","name":"#05 20 rokov s Europassom - \u0160IOV - \u0161t\u00e1tny in\u0161tit\u00fat odborn\u00e9ho vzdel\u00e1vania","isPartOf":{"@id":"https:\/\/archiv.siov.sk\/#website"},"primaryImageOfPage":{"@id":"https:\/\/archiv.siov.sk\/05-20-rokov-s-europassom\/#primaryimage"},"image":{"@id":"https:\/\/archiv.siov.sk\/05-20-rokov-s-europassom\/#primaryimage"},"thumbnailUrl":"https:\/\/archiv.siov.sk\/wp-content\/uploads\/2025\/04\/SIOV-PLUS-1.png","datePublished":"2025-04-25T06:24:42+00:00","dateModified":"2025-04-25T06:40:23+00:00","breadcrumb":{"@id":"https:\/\/archiv.siov.sk\/05-20-rokov-s-europassom\/#breadcrumb"},"inLanguage":"en-GB","potentialAction":[{"@type":"ReadAction","target":["https:\/\/archiv.siov.sk\/05-20-rokov-s-europassom\/"]}]},{"@type":"ImageObject","inLanguage":"en-GB","@id":"https:\/\/archiv.siov.sk\/05-20-rokov-s-europassom\/#primaryimage","url":"https:\/\/archiv.siov.sk\/wp-content\/uploads\/2025\/04\/SIOV-PLUS-1.png","contentUrl":"https:\/\/archiv.siov.sk\/wp-content\/uploads\/2025\/04\/SIOV-PLUS-1.png","width":2500,"height":2500,"caption":"europass haviarova"},{"@type":"BreadcrumbList","@id":"https:\/\/archiv.siov.sk\/05-20-rokov-s-europassom\/#breadcrumb","itemListElement":[{"@type":"ListItem","position":1,"name":"Home","item":"https:\/\/archiv.siov.sk\/"},{"@type":"ListItem","position":2,"name":"#05 20 rokov s Europassom"}]},{"@type":"WebSite","@id":"https:\/\/archiv.siov.sk\/#website","url":"https:\/\/archiv.siov.sk\/","name":"\u0160IOV - \u0161t\u00e1tny in\u0161tit\u00fat odborn\u00e9ho vzdel\u00e1vania","description":"","publisher":{"@id":"https:\/\/archiv.siov.sk\/#organization"},"potentialAction":[{"@type":"SearchAction","target":{"@type":"EntryPoint","urlTemplate":"https:\/\/archiv.siov.sk\/?s={search_term_string}"},"query-input":{"@type":"PropertyValueSpecification","valueRequired":true,"valueName":"search_term_string"}}],"inLanguage":"en-GB"},{"@type":"Organization","@id":"https:\/\/archiv.siov.sk\/#organization","name":"\u0160IOV - \u0161t\u00e1tny in\u0161tit\u00fat odborn\u00e9ho vzdel\u00e1vania","url":"https:\/\/archiv.siov.sk\/","logo":{"@type":"ImageObject","inLanguage":"en-GB","@id":"https:\/\/archiv.siov.sk\/#\/schema\/logo\/image\/","url":"https:\/\/archiv.siov.sk\/wp-content\/uploads\/2024\/02\/logo-SIOV.png","contentUrl":"https:\/\/archiv.siov.sk\/wp-content\/uploads\/2024\/02\/logo-SIOV.png","width":431,"height":143,"caption":"\u0160IOV - \u0161t\u00e1tny in\u0161tit\u00fat odborn\u00e9ho vzdel\u00e1vania"},"image":{"@id":"https:\/\/archiv.siov.sk\/#\/schema\/logo\/image\/"},"sameAs":["https:\/\/www.facebook.com\/Statnyinstitutodbornehovzdelavania"]},{"@type":"Person","@id":"https:\/\/archiv.siov.sk\/#\/schema\/person\/2d35146a9c0fa51b027e8ff319cee627","name":"Gabriela Budayov\u00e1","url":"https:\/\/archiv.siov.sk\/en\/author\/gabriela-budayova\/"}]}},"_links":{"self":[{"href":"https:\/\/archiv.siov.sk\/en\/wp-json\/wp\/v2\/posts\/18565","targetHints":{"allow":["GET"]}}],"collection":[{"href":"https:\/\/archiv.siov.sk\/en\/wp-json\/wp\/v2\/posts"}],"about":[{"href":"https:\/\/archiv.siov.sk\/en\/wp-json\/wp\/v2\/types\/post"}],"author":[{"embeddable":true,"href":"https:\/\/archiv.siov.sk\/en\/wp-json\/wp\/v2\/users\/10"}],"replies":[{"embeddable":true,"href":"https:\/\/archiv.siov.sk\/en\/wp-json\/wp\/v2\/comments?post=18565"}],"version-history":[{"count":6,"href":"https:\/\/archiv.siov.sk\/en\/wp-json\/wp\/v2\/posts\/18565\/revisions"}],"predecessor-version":[{"id":18572,"href":"https:\/\/archiv.siov.sk\/en\/wp-json\/wp\/v2\/posts\/18565\/revisions\/18572"}],"wp:featuredmedia":[{"embeddable":true,"href":"https:\/\/archiv.siov.sk\/en\/wp-json\/wp\/v2\/media\/18568"}],"wp:attachment":[{"href":"https:\/\/archiv.siov.sk\/en\/wp-json\/wp\/v2\/media?parent=18565"}],"wp:term":[{"taxonomy":"category","embeddable":true,"href":"https:\/\/archiv.siov.sk\/en\/wp-json\/wp\/v2\/categories?post=18565"},{"taxonomy":"post_tag","embeddable":true,"href":"https:\/\/archiv.siov.sk\/en\/wp-json\/wp\/v2\/tags?post=18565"}],"curies":[{"name":"wp","href":"https:\/\/api.w.org\/{rel}","templated":true}]}}