{"id":18461,"date":"2025-04-28T16:03:32","date_gmt":"2025-04-28T14:03:32","guid":{"rendered":"https:\/\/archiv.siov.sk\/?p=18461"},"modified":"2025-05-09T08:46:26","modified_gmt":"2025-05-09T06:46:26","slug":"skills-slovakia-2025-v-odboroch-kadernik-a-kreativny-barbier","status":"publish","type":"post","link":"https:\/\/archiv.siov.sk\/en\/skills-slovakia-2025-v-odboroch-kadernik-a-kreativny-barbier\/","title":{"rendered":"Najlep\u0161\u00ed mlad\u00ed kadern\u00edci a barbieri predviedli svoj talent v Bratislave"},"content":{"rendered":"<p style=\"text-align: justify;\">V priestoroch bratislavskej Strednej odbornej \u0161koly beauty slu\u017eieb sa 24. apr\u00edla uskuto\u010dnilo <strong>n\u00e1rodn\u00e9 kolo s\u00fa\u0165a\u017ee Skills Slovakia 2025<\/strong> v kateg\u00f3ri\u00e1ch <strong>Kadern\u00edk roka<\/strong> a <strong>Kreat\u00edvny barbier, <\/strong>ktor\u00e9 priv\u00edtalo \u017eiakov z 9 stredn\u00fdch odborn\u00fdch \u0161k\u00f4l z cel\u00e9ho Slovenska. V priebehu d\u0148a svoje zru\u010dnosti predviedlo 14 s\u00fa\u0165a\u017eiacich v kateg\u00f3rii Kadern\u00edk a 3 s\u00fa\u0165a\u017eiaci v kateg\u00f3rii Kreat\u00edvny barbier.<\/p>\n<p style=\"text-align: justify;\">Podujatie zorganizovala Asoci\u00e1cia Bodypainterov Slovenska \u2013 umeleck\u00e1 akad\u00e9mia Athena v spolupr\u00e1ci so \u0160t\u00e1tnym in\u0161tit\u00fatom odborn\u00e9ho vzdel\u00e1vania (\u0160IOV) a spolo\u010dnos\u0165ou SHARMANT. Odborn\u00fdm garantom s\u00fa\u0165a\u017ee bola PaedDr. Marta Gejdo\u0161ov\u00e1, expertka pre EuroSkills.<\/p>\n<p>V odbornej porote zasadli:<\/p>\n<ul>\n<li>PaedDr. Marta Gejdo\u0161ov\u00e1 (predseda poroty)<\/li>\n<li>Ing. Kaja \u010cemov\u00e1<\/li>\n<li>Martin Pe\u0161ek<\/li>\n<li>M\u00e1rio Olearnik<\/li>\n<li>Za \u0160IOV: Ing. Vlasta P\u00fachovsk\u00e1 a Ing. Peter Sol\u00e1rik<\/li>\n<\/ul>\n<p><img fetchpriority=\"high\" decoding=\"async\" class=\"size-medium wp-image-18785 aligncenter\" src=\"https:\/\/archiv.siov.sk\/wp-content\/uploads\/2025\/04\/foto-kadernik-200x300.jpg\" alt=\"\" width=\"200\" height=\"300\" srcset=\"https:\/\/archiv.siov.sk\/wp-content\/uploads\/2025\/04\/foto-kadernik-200x300.jpg 200w, https:\/\/archiv.siov.sk\/wp-content\/uploads\/2025\/04\/foto-kadernik-683x1024.jpg 683w, https:\/\/archiv.siov.sk\/wp-content\/uploads\/2025\/04\/foto-kadernik-768x1152.jpg 768w, https:\/\/archiv.siov.sk\/wp-content\/uploads\/2025\/04\/foto-kadernik-1024x1536.jpg 1024w, https:\/\/archiv.siov.sk\/wp-content\/uploads\/2025\/04\/foto-kadernik-1365x2048.jpg 1365w, https:\/\/archiv.siov.sk\/wp-content\/uploads\/2025\/04\/foto-kadernik-8x12.jpg 8w, https:\/\/archiv.siov.sk\/wp-content\/uploads\/2025\/04\/foto-kadernik-scaled.jpg 1707w\" sizes=\"(max-width: 200px) 100vw, 200px\" \/><\/p>\n<p>S\u00fa\u0165a\u017en\u00e9 discipl\u00edny:<\/p>\n<p>V kateg\u00f3rii <strong>Kadern\u00edk roka<\/strong> sa s\u00fa\u0165a\u017eilo v piatich discipl\u00ednach:<\/p>\n<ul>\n<li>D\u00e1msky strih s farben\u00edm a fin\u00e1lnou \u00fapravou<\/li>\n<li>D\u00e1mska m\u00f3dna prepar\u00e1cia (bez ch\u00e9mie)<\/li>\n<li>Svadobn\u00fd \u00fa\u010des<\/li>\n<li>P\u00e1nsky modern\u00fd klasick\u00fd strih<\/li>\n<\/ul>\n<p>Kateg\u00f3ria <strong>Kreat\u00edvny barbier<\/strong> bola zameran\u00e1 na:<\/p>\n<ul>\n<li>Kreat\u00edvne farbenie vlasov<\/li>\n<li>Strihanie a tvarovanie<\/li>\n<li>Z\u00e1vere\u010dn\u00fd styling<\/li>\n<\/ul>\n<p><strong>V\u00fdsledky:<\/strong><\/p>\n<p><strong>Kateg\u00f3ria: Kreat\u00edvny barbier<\/strong><\/p>\n<p>Prv\u00e9 miesto: <strong>Tom\u00e1\u0161 Lengyel<\/strong> \u2013 Spojen\u00e1 \u0161kola Gyulu Szab\u00f3a, Dunajsk\u00e1 Streda<\/p>\n<p>Druh\u00e9 miesto: <strong>Boris Hanzel<\/strong> \u2013 SO\u0160 beauty slu\u017eieb, Bratislava<\/p>\n<p>Tretie miesto: <strong>Kristi\u00e1n Chovaniec<\/strong> \u2013 SO\u0160 obchodu a slu\u017eieb, Tren\u010d\u00edn<\/p>\n<p><strong>Kateg\u00f3ria: Kadern\u00edk roka<\/strong><\/p>\n<p>Prv\u00e9 miesto: <strong>Ema Kov\u00e1\u010dovsk\u00e1<\/strong> \u2013 SO\u0160 beauty slu\u017eieb, Bratislava<\/p>\n<p>Prv\u00e9 miesto: <strong>Daniela Vasili\u0161inov\u00e1<\/strong> \u2013 SO\u0160 beauty slu\u017eieb, Ko\u0161ice<\/p>\n<p>Druh\u00e9 miesto: <strong>Sabina Pol\u00e1kov\u00e1<\/strong> \u2013 SO\u0160 beauty slu\u017eieb, Bratislava<\/p>\n<p>Tretie miesto: <strong>Patr\u00edcia Buckov\u00e1<\/strong> \u2013 SO\u0160 obchodu a slu\u017eieb, \u017diar nad Hronom<\/p>\n<p>Tretie miesto: <strong>Betina Simonov\u00e1<\/strong> \u2013 Spojen\u00e1 \u0161kola Gyulu Szab\u00f3a, Dunajsk\u00e1 Streda<\/p>\n<p><strong>Osobitn\u00e9 ocenenia:<\/strong><\/p>\n<ul>\n<li><strong>Najlep\u0161\u00ed svadobn\u00fd \u00fa\u010des<\/strong>: <strong>Daniela Vasili\u0161inov\u00e1<\/strong> \u2013 SO\u0160 beauty slu\u017eieb, Ko\u0161ice<\/li>\n<li><strong>Najlep\u0161\u00ed d\u00e1msky strih s farben\u00edm<\/strong>: <strong>Ema Kov\u00e1\u010dovsk\u00e1<\/strong> \u2013 SO\u0160 beauty slu\u017eieb, Bratislava<\/li>\n<li><strong>Najlep\u0161\u00ed p\u00e1nsky modern\u00fd klasick\u00fd strih<\/strong>: <strong>Ines Kadele\u010d\u00edkov\u00e1<\/strong> \u2013 SO\u0160 beauty slu\u017eieb, Bratislava<\/li>\n<\/ul>\n<p>S\u00fa\u0165a\u017e op\u00e4\u0165 potvrdila vysok\u00fa \u00farove\u0148 odborn\u00e9ho vzdel\u00e1vania na Slovensku a z\u00e1rove\u0148 vyzdvihla d\u00f4le\u017eitos\u0165 estetick\u00fdch remesiel a kreat\u00edvneho priemyslu pre bud\u00facnos\u0165 mlad\u00fdch odborn\u00edkov.<\/p>","protected":false},"excerpt":{"rendered":"<p>V priestoroch bratislavskej Strednej odbornej \u0161koly beauty slu\u017eieb sa 24. apr\u00edla uskuto\u010dnilo n\u00e1rodn\u00e9 kolo s\u00fa\u0165a\u017ee Skills Slovakia 2025 v kateg\u00f3ri\u00e1ch Kadern\u00edk roka a Kreat\u00edvny barbier, ktor\u00e9 priv\u00edtalo \u017eiakov z 9 stredn\u00fdch odborn\u00fdch \u0161k\u00f4l z cel\u00e9ho Slovenska. V priebehu d\u0148a svoje zru\u010dnosti predviedlo 14 s\u00fa\u0165a\u017eiacich v kateg\u00f3rii Kadern\u00edk a 3 s\u00fa\u0165a\u017eiaci v kateg\u00f3rii Kreat\u00edvny barbier. Podujatie [&hellip;]<\/p>\n","protected":false},"author":6,"featured_media":7366,"comment_status":"closed","ping_status":"closed","sticky":false,"template":"","format":"standard","meta":{"site-sidebar-layout":"default","site-content-layout":"","ast-site-content-layout":"default","site-content-style":"default","site-sidebar-style":"default","ast-global-header-display":"","ast-banner-title-visibility":"","ast-main-header-display":"","ast-hfb-above-header-display":"","ast-hfb-below-header-display":"","ast-hfb-mobile-header-display":"","site-post-title":"","ast-breadcrumbs-content":"","ast-featured-img":"","footer-sml-layout":"","ast-disable-related-posts":"","theme-transparent-header-meta":"default","adv-header-id-meta":"","stick-header-meta":"default","header-above-stick-meta":"","header-main-stick-meta":"","header-below-stick-meta":"","astra-migrate-meta-layouts":"set","ast-page-background-enabled":"default","ast-page-background-meta":{"desktop":{"background-color":"var(--ast-global-color-4)","background-image":"","background-repeat":"repeat","background-position":"center center","background-size":"auto","background-attachment":"scroll","background-type":"","background-media":"","overlay-type":"","overlay-color":"","overlay-opacity":"","overlay-gradient":""},"tablet":{"background-color":"","background-image":"","background-repeat":"repeat","background-position":"center center","background-size":"auto","background-attachment":"scroll","background-type":"","background-media":"","overlay-type":"","overlay-color":"","overlay-opacity":"","overlay-gradient":""},"mobile":{"background-color":"","background-image":"","background-repeat":"repeat","background-position":"center center","background-size":"auto","background-attachment":"scroll","background-type":"","background-media":"","overlay-type":"","overlay-color":"","overlay-opacity":"","overlay-gradient":""}},"ast-content-background-meta":{"desktop":{"background-color":"var(--ast-global-color-5)","background-image":"","background-repeat":"repeat","background-position":"center center","background-size":"auto","background-attachment":"scroll","background-type":"","background-media":"","overlay-type":"","overlay-color":"","overlay-opacity":"","overlay-gradient":""},"tablet":{"background-color":"var(--ast-global-color-5)","background-image":"","background-repeat":"repeat","background-position":"center center","background-size":"auto","background-attachment":"scroll","background-type":"","background-media":"","overlay-type":"","overlay-color":"","overlay-opacity":"","overlay-gradient":""},"mobile":{"background-color":"var(--ast-global-color-5)","background-image":"","background-repeat":"repeat","background-position":"center center","background-size":"auto","background-attachment":"scroll","background-type":"","background-media":"","overlay-type":"","overlay-color":"","overlay-opacity":"","overlay-gradient":""}},"footnotes":""},"categories":[1],"tags":[],"class_list":["post-18461","post","type-post","status-publish","format-standard","has-post-thumbnail","hentry","category-aktuality"],"yoast_head":"<!-- This site is optimized with the Yoast SEO plugin v27.5 - https:\/\/yoast.com\/product\/yoast-seo-wordpress\/ -->\n<title>Najlep\u0161\u00ed mlad\u00ed kadern\u00edci a barbieri predviedli svoj talent v Bratislave - \u0160IOV - \u0161t\u00e1tny in\u0161tit\u00fat odborn\u00e9ho vzdel\u00e1vania<\/title>\n<meta name=\"robots\" content=\"index, follow, max-snippet:-1, max-image-preview:large, max-video-preview:-1\" \/>\n<link rel=\"canonical\" href=\"https:\/\/archiv.siov.sk\/en\/skills-slovakia-2025-v-odboroch-kadernik-a-kreativny-barbier\/\" \/>\n<meta property=\"og:locale\" content=\"en_GB\" \/>\n<meta property=\"og:type\" content=\"article\" \/>\n<meta property=\"og:title\" content=\"Najlep\u0161\u00ed mlad\u00ed kadern\u00edci a barbieri predviedli svoj talent v Bratislave - \u0160IOV - \u0161t\u00e1tny in\u0161tit\u00fat odborn\u00e9ho vzdel\u00e1vania\" \/>\n<meta property=\"og:description\" content=\"V priestoroch bratislavskej Strednej odbornej \u0161koly beauty slu\u017eieb sa 24. apr\u00edla uskuto\u010dnilo n\u00e1rodn\u00e9 kolo s\u00fa\u0165a\u017ee Skills Slovakia 2025 v kateg\u00f3ri\u00e1ch Kadern\u00edk roka a Kreat\u00edvny barbier, ktor\u00e9 priv\u00edtalo \u017eiakov z 9 stredn\u00fdch odborn\u00fdch \u0161k\u00f4l z cel\u00e9ho Slovenska. V priebehu d\u0148a svoje zru\u010dnosti predviedlo 14 s\u00fa\u0165a\u017eiacich v kateg\u00f3rii Kadern\u00edk a 3 s\u00fa\u0165a\u017eiaci v kateg\u00f3rii Kreat\u00edvny barbier. Podujatie [&hellip;]\" \/>\n<meta property=\"og:url\" content=\"https:\/\/archiv.siov.sk\/en\/skills-slovakia-2025-v-odboroch-kadernik-a-kreativny-barbier\/\" \/>\n<meta property=\"og:site_name\" content=\"\u0160IOV - \u0161t\u00e1tny in\u0161tit\u00fat odborn\u00e9ho vzdel\u00e1vania\" \/>\n<meta property=\"article:publisher\" content=\"https:\/\/www.facebook.com\/Statnyinstitutodbornehovzdelavania\" \/>\n<meta property=\"article:published_time\" content=\"2025-04-28T14:03:32+00:00\" \/>\n<meta property=\"article:modified_time\" content=\"2025-05-09T06:46:26+00:00\" \/>\n<meta property=\"og:image\" content=\"https:\/\/archiv.siov.sk\/wp-content\/uploads\/2021\/03\/shutterstock_kadernictvo_small-e1615369183535.jpg\" \/>\n\t<meta property=\"og:image:width\" content=\"500\" \/>\n\t<meta property=\"og:image:height\" content=\"334\" \/>\n\t<meta property=\"og:image:type\" content=\"image\/jpeg\" \/>\n<meta name=\"author\" content=\"Katar\u00edna Kov\u00e1\u010dov\u00e1\" \/>\n<meta name=\"twitter:card\" content=\"summary_large_image\" \/>\n<meta name=\"twitter:label1\" content=\"Written by\" \/>\n\t<meta name=\"twitter:data1\" content=\"Katar\u00edna Kov\u00e1\u010dov\u00e1\" \/>\n\t<meta name=\"twitter:label2\" content=\"Estimated reading time\" \/>\n\t<meta name=\"twitter:data2\" content=\"2 minutes\" \/>\n<script type=\"application\/ld+json\" class=\"yoast-schema-graph\">{\"@context\":\"https:\\\/\\\/schema.org\",\"@graph\":[{\"@type\":\"Article\",\"@id\":\"https:\\\/\\\/archiv.siov.sk\\\/skills-slovakia-2025-v-odboroch-kadernik-a-kreativny-barbier\\\/#article\",\"isPartOf\":{\"@id\":\"https:\\\/\\\/archiv.siov.sk\\\/skills-slovakia-2025-v-odboroch-kadernik-a-kreativny-barbier\\\/\"},\"author\":{\"name\":\"Katar\u00edna Kov\u00e1\u010dov\u00e1\",\"@id\":\"https:\\\/\\\/archiv.siov.sk\\\/#\\\/schema\\\/person\\\/e42d633fbd958c6a726e8834d8965e6c\"},\"headline\":\"Najlep\u0161\u00ed mlad\u00ed kadern\u00edci a barbieri predviedli svoj talent v Bratislave\",\"datePublished\":\"2025-04-28T14:03:32+00:00\",\"dateModified\":\"2025-05-09T06:46:26+00:00\",\"mainEntityOfPage\":{\"@id\":\"https:\\\/\\\/archiv.siov.sk\\\/skills-slovakia-2025-v-odboroch-kadernik-a-kreativny-barbier\\\/\"},\"wordCount\":397,\"publisher\":{\"@id\":\"https:\\\/\\\/archiv.siov.sk\\\/#organization\"},\"image\":{\"@id\":\"https:\\\/\\\/archiv.siov.sk\\\/skills-slovakia-2025-v-odboroch-kadernik-a-kreativny-barbier\\\/#primaryimage\"},\"thumbnailUrl\":\"https:\\\/\\\/archiv.siov.sk\\\/wp-content\\\/uploads\\\/2021\\\/03\\\/shutterstock_kadernictvo_small-e1615369183535.jpg\",\"articleSection\":[\"Aktuality\"],\"inLanguage\":\"en-GB\"},{\"@type\":\"WebPage\",\"@id\":\"https:\\\/\\\/archiv.siov.sk\\\/skills-slovakia-2025-v-odboroch-kadernik-a-kreativny-barbier\\\/\",\"url\":\"https:\\\/\\\/archiv.siov.sk\\\/skills-slovakia-2025-v-odboroch-kadernik-a-kreativny-barbier\\\/\",\"name\":\"Najlep\u0161\u00ed mlad\u00ed kadern\u00edci a barbieri predviedli svoj talent v Bratislave - \u0160IOV - \u0161t\u00e1tny in\u0161tit\u00fat odborn\u00e9ho vzdel\u00e1vania\",\"isPartOf\":{\"@id\":\"https:\\\/\\\/archiv.siov.sk\\\/#website\"},\"primaryImageOfPage\":{\"@id\":\"https:\\\/\\\/archiv.siov.sk\\\/skills-slovakia-2025-v-odboroch-kadernik-a-kreativny-barbier\\\/#primaryimage\"},\"image\":{\"@id\":\"https:\\\/\\\/archiv.siov.sk\\\/skills-slovakia-2025-v-odboroch-kadernik-a-kreativny-barbier\\\/#primaryimage\"},\"thumbnailUrl\":\"https:\\\/\\\/archiv.siov.sk\\\/wp-content\\\/uploads\\\/2021\\\/03\\\/shutterstock_kadernictvo_small-e1615369183535.jpg\",\"datePublished\":\"2025-04-28T14:03:32+00:00\",\"dateModified\":\"2025-05-09T06:46:26+00:00\",\"breadcrumb\":{\"@id\":\"https:\\\/\\\/archiv.siov.sk\\\/skills-slovakia-2025-v-odboroch-kadernik-a-kreativny-barbier\\\/#breadcrumb\"},\"inLanguage\":\"en-GB\",\"potentialAction\":[{\"@type\":\"ReadAction\",\"target\":[\"https:\\\/\\\/archiv.siov.sk\\\/skills-slovakia-2025-v-odboroch-kadernik-a-kreativny-barbier\\\/\"]}]},{\"@type\":\"ImageObject\",\"inLanguage\":\"en-GB\",\"@id\":\"https:\\\/\\\/archiv.siov.sk\\\/skills-slovakia-2025-v-odboroch-kadernik-a-kreativny-barbier\\\/#primaryimage\",\"url\":\"https:\\\/\\\/archiv.siov.sk\\\/wp-content\\\/uploads\\\/2021\\\/03\\\/shutterstock_kadernictvo_small-e1615369183535.jpg\",\"contentUrl\":\"https:\\\/\\\/archiv.siov.sk\\\/wp-content\\\/uploads\\\/2021\\\/03\\\/shutterstock_kadernictvo_small-e1615369183535.jpg\",\"width\":500,\"height\":334},{\"@type\":\"BreadcrumbList\",\"@id\":\"https:\\\/\\\/archiv.siov.sk\\\/skills-slovakia-2025-v-odboroch-kadernik-a-kreativny-barbier\\\/#breadcrumb\",\"itemListElement\":[{\"@type\":\"ListItem\",\"position\":1,\"name\":\"Home\",\"item\":\"https:\\\/\\\/archiv.siov.sk\\\/\"},{\"@type\":\"ListItem\",\"position\":2,\"name\":\"Najlep\u0161\u00ed mlad\u00ed kadern\u00edci a barbieri predviedli svoj talent v Bratislave\"}]},{\"@type\":\"WebSite\",\"@id\":\"https:\\\/\\\/archiv.siov.sk\\\/#website\",\"url\":\"https:\\\/\\\/archiv.siov.sk\\\/\",\"name\":\"\u0160IOV - \u0161t\u00e1tny in\u0161tit\u00fat odborn\u00e9ho vzdel\u00e1vania\",\"description\":\"\",\"publisher\":{\"@id\":\"https:\\\/\\\/archiv.siov.sk\\\/#organization\"},\"potentialAction\":[{\"@type\":\"SearchAction\",\"target\":{\"@type\":\"EntryPoint\",\"urlTemplate\":\"https:\\\/\\\/archiv.siov.sk\\\/?s={search_term_string}\"},\"query-input\":{\"@type\":\"PropertyValueSpecification\",\"valueRequired\":true,\"valueName\":\"search_term_string\"}}],\"inLanguage\":\"en-GB\"},{\"@type\":\"Organization\",\"@id\":\"https:\\\/\\\/archiv.siov.sk\\\/#organization\",\"name\":\"\u0160IOV - \u0161t\u00e1tny in\u0161tit\u00fat odborn\u00e9ho vzdel\u00e1vania\",\"url\":\"https:\\\/\\\/archiv.siov.sk\\\/\",\"logo\":{\"@type\":\"ImageObject\",\"inLanguage\":\"en-GB\",\"@id\":\"https:\\\/\\\/archiv.siov.sk\\\/#\\\/schema\\\/logo\\\/image\\\/\",\"url\":\"https:\\\/\\\/archiv.siov.sk\\\/wp-content\\\/uploads\\\/2024\\\/02\\\/logo-SIOV.png\",\"contentUrl\":\"https:\\\/\\\/archiv.siov.sk\\\/wp-content\\\/uploads\\\/2024\\\/02\\\/logo-SIOV.png\",\"width\":431,\"height\":143,\"caption\":\"\u0160IOV - \u0161t\u00e1tny in\u0161tit\u00fat odborn\u00e9ho vzdel\u00e1vania\"},\"image\":{\"@id\":\"https:\\\/\\\/archiv.siov.sk\\\/#\\\/schema\\\/logo\\\/image\\\/\"},\"sameAs\":[\"https:\\\/\\\/www.facebook.com\\\/Statnyinstitutodbornehovzdelavania\"]},{\"@type\":\"Person\",\"@id\":\"https:\\\/\\\/archiv.siov.sk\\\/#\\\/schema\\\/person\\\/e42d633fbd958c6a726e8834d8965e6c\",\"name\":\"Katar\u00edna Kov\u00e1\u010dov\u00e1\",\"url\":\"https:\\\/\\\/archiv.siov.sk\\\/en\\\/author\\\/katkakovacova\\\/\"}]}<\/script>\n<!-- \/ Yoast SEO plugin. -->","yoast_head_json":{"title":"Najlep\u0161\u00ed mlad\u00ed kadern\u00edci a barbieri predviedli svoj talent v Bratislave - \u0160IOV - \u0161t\u00e1tny in\u0161tit\u00fat odborn\u00e9ho vzdel\u00e1vania","robots":{"index":"index","follow":"follow","max-snippet":"max-snippet:-1","max-image-preview":"max-image-preview:large","max-video-preview":"max-video-preview:-1"},"canonical":"https:\/\/archiv.siov.sk\/en\/skills-slovakia-2025-v-odboroch-kadernik-a-kreativny-barbier\/","og_locale":"en_GB","og_type":"article","og_title":"Najlep\u0161\u00ed mlad\u00ed kadern\u00edci a barbieri predviedli svoj talent v Bratislave - \u0160IOV - \u0161t\u00e1tny in\u0161tit\u00fat odborn\u00e9ho vzdel\u00e1vania","og_description":"V priestoroch bratislavskej Strednej odbornej \u0161koly beauty slu\u017eieb sa 24. apr\u00edla uskuto\u010dnilo n\u00e1rodn\u00e9 kolo s\u00fa\u0165a\u017ee Skills Slovakia 2025 v kateg\u00f3ri\u00e1ch Kadern\u00edk roka a Kreat\u00edvny barbier, ktor\u00e9 priv\u00edtalo \u017eiakov z 9 stredn\u00fdch odborn\u00fdch \u0161k\u00f4l z cel\u00e9ho Slovenska. V priebehu d\u0148a svoje zru\u010dnosti predviedlo 14 s\u00fa\u0165a\u017eiacich v kateg\u00f3rii Kadern\u00edk a 3 s\u00fa\u0165a\u017eiaci v kateg\u00f3rii Kreat\u00edvny barbier. Podujatie [&hellip;]","og_url":"https:\/\/archiv.siov.sk\/en\/skills-slovakia-2025-v-odboroch-kadernik-a-kreativny-barbier\/","og_site_name":"\u0160IOV - \u0161t\u00e1tny in\u0161tit\u00fat odborn\u00e9ho vzdel\u00e1vania","article_publisher":"https:\/\/www.facebook.com\/Statnyinstitutodbornehovzdelavania","article_published_time":"2025-04-28T14:03:32+00:00","article_modified_time":"2025-05-09T06:46:26+00:00","og_image":[{"width":500,"height":334,"url":"https:\/\/archiv.siov.sk\/wp-content\/uploads\/2021\/03\/shutterstock_kadernictvo_small-e1615369183535.jpg","type":"image\/jpeg"}],"author":"Katar\u00edna Kov\u00e1\u010dov\u00e1","twitter_card":"summary_large_image","twitter_misc":{"Written by":"Katar\u00edna Kov\u00e1\u010dov\u00e1","Estimated reading time":"2 minutes"},"schema":{"@context":"https:\/\/schema.org","@graph":[{"@type":"Article","@id":"https:\/\/archiv.siov.sk\/skills-slovakia-2025-v-odboroch-kadernik-a-kreativny-barbier\/#article","isPartOf":{"@id":"https:\/\/archiv.siov.sk\/skills-slovakia-2025-v-odboroch-kadernik-a-kreativny-barbier\/"},"author":{"name":"Katar\u00edna Kov\u00e1\u010dov\u00e1","@id":"https:\/\/archiv.siov.sk\/#\/schema\/person\/e42d633fbd958c6a726e8834d8965e6c"},"headline":"Najlep\u0161\u00ed mlad\u00ed kadern\u00edci a barbieri predviedli svoj talent v Bratislave","datePublished":"2025-04-28T14:03:32+00:00","dateModified":"2025-05-09T06:46:26+00:00","mainEntityOfPage":{"@id":"https:\/\/archiv.siov.sk\/skills-slovakia-2025-v-odboroch-kadernik-a-kreativny-barbier\/"},"wordCount":397,"publisher":{"@id":"https:\/\/archiv.siov.sk\/#organization"},"image":{"@id":"https:\/\/archiv.siov.sk\/skills-slovakia-2025-v-odboroch-kadernik-a-kreativny-barbier\/#primaryimage"},"thumbnailUrl":"https:\/\/archiv.siov.sk\/wp-content\/uploads\/2021\/03\/shutterstock_kadernictvo_small-e1615369183535.jpg","articleSection":["Aktuality"],"inLanguage":"en-GB"},{"@type":"WebPage","@id":"https:\/\/archiv.siov.sk\/skills-slovakia-2025-v-odboroch-kadernik-a-kreativny-barbier\/","url":"https:\/\/archiv.siov.sk\/skills-slovakia-2025-v-odboroch-kadernik-a-kreativny-barbier\/","name":"Najlep\u0161\u00ed mlad\u00ed kadern\u00edci a barbieri predviedli svoj talent v Bratislave - \u0160IOV - \u0161t\u00e1tny in\u0161tit\u00fat odborn\u00e9ho vzdel\u00e1vania","isPartOf":{"@id":"https:\/\/archiv.siov.sk\/#website"},"primaryImageOfPage":{"@id":"https:\/\/archiv.siov.sk\/skills-slovakia-2025-v-odboroch-kadernik-a-kreativny-barbier\/#primaryimage"},"image":{"@id":"https:\/\/archiv.siov.sk\/skills-slovakia-2025-v-odboroch-kadernik-a-kreativny-barbier\/#primaryimage"},"thumbnailUrl":"https:\/\/archiv.siov.sk\/wp-content\/uploads\/2021\/03\/shutterstock_kadernictvo_small-e1615369183535.jpg","datePublished":"2025-04-28T14:03:32+00:00","dateModified":"2025-05-09T06:46:26+00:00","breadcrumb":{"@id":"https:\/\/archiv.siov.sk\/skills-slovakia-2025-v-odboroch-kadernik-a-kreativny-barbier\/#breadcrumb"},"inLanguage":"en-GB","potentialAction":[{"@type":"ReadAction","target":["https:\/\/archiv.siov.sk\/skills-slovakia-2025-v-odboroch-kadernik-a-kreativny-barbier\/"]}]},{"@type":"ImageObject","inLanguage":"en-GB","@id":"https:\/\/archiv.siov.sk\/skills-slovakia-2025-v-odboroch-kadernik-a-kreativny-barbier\/#primaryimage","url":"https:\/\/archiv.siov.sk\/wp-content\/uploads\/2021\/03\/shutterstock_kadernictvo_small-e1615369183535.jpg","contentUrl":"https:\/\/archiv.siov.sk\/wp-content\/uploads\/2021\/03\/shutterstock_kadernictvo_small-e1615369183535.jpg","width":500,"height":334},{"@type":"BreadcrumbList","@id":"https:\/\/archiv.siov.sk\/skills-slovakia-2025-v-odboroch-kadernik-a-kreativny-barbier\/#breadcrumb","itemListElement":[{"@type":"ListItem","position":1,"name":"Home","item":"https:\/\/archiv.siov.sk\/"},{"@type":"ListItem","position":2,"name":"Najlep\u0161\u00ed mlad\u00ed kadern\u00edci a barbieri predviedli svoj talent v Bratislave"}]},{"@type":"WebSite","@id":"https:\/\/archiv.siov.sk\/#website","url":"https:\/\/archiv.siov.sk\/","name":"\u0160IOV - \u0161t\u00e1tny in\u0161tit\u00fat odborn\u00e9ho vzdel\u00e1vania","description":"","publisher":{"@id":"https:\/\/archiv.siov.sk\/#organization"},"potentialAction":[{"@type":"SearchAction","target":{"@type":"EntryPoint","urlTemplate":"https:\/\/archiv.siov.sk\/?s={search_term_string}"},"query-input":{"@type":"PropertyValueSpecification","valueRequired":true,"valueName":"search_term_string"}}],"inLanguage":"en-GB"},{"@type":"Organization","@id":"https:\/\/archiv.siov.sk\/#organization","name":"\u0160IOV - \u0161t\u00e1tny in\u0161tit\u00fat odborn\u00e9ho vzdel\u00e1vania","url":"https:\/\/archiv.siov.sk\/","logo":{"@type":"ImageObject","inLanguage":"en-GB","@id":"https:\/\/archiv.siov.sk\/#\/schema\/logo\/image\/","url":"https:\/\/archiv.siov.sk\/wp-content\/uploads\/2024\/02\/logo-SIOV.png","contentUrl":"https:\/\/archiv.siov.sk\/wp-content\/uploads\/2024\/02\/logo-SIOV.png","width":431,"height":143,"caption":"\u0160IOV - \u0161t\u00e1tny in\u0161tit\u00fat odborn\u00e9ho vzdel\u00e1vania"},"image":{"@id":"https:\/\/archiv.siov.sk\/#\/schema\/logo\/image\/"},"sameAs":["https:\/\/www.facebook.com\/Statnyinstitutodbornehovzdelavania"]},{"@type":"Person","@id":"https:\/\/archiv.siov.sk\/#\/schema\/person\/e42d633fbd958c6a726e8834d8965e6c","name":"Katar\u00edna Kov\u00e1\u010dov\u00e1","url":"https:\/\/archiv.siov.sk\/en\/author\/katkakovacova\/"}]}},"_links":{"self":[{"href":"https:\/\/archiv.siov.sk\/en\/wp-json\/wp\/v2\/posts\/18461","targetHints":{"allow":["GET"]}}],"collection":[{"href":"https:\/\/archiv.siov.sk\/en\/wp-json\/wp\/v2\/posts"}],"about":[{"href":"https:\/\/archiv.siov.sk\/en\/wp-json\/wp\/v2\/types\/post"}],"author":[{"embeddable":true,"href":"https:\/\/archiv.siov.sk\/en\/wp-json\/wp\/v2\/users\/6"}],"replies":[{"embeddable":true,"href":"https:\/\/archiv.siov.sk\/en\/wp-json\/wp\/v2\/comments?post=18461"}],"version-history":[{"count":4,"href":"https:\/\/archiv.siov.sk\/en\/wp-json\/wp\/v2\/posts\/18461\/revisions"}],"predecessor-version":[{"id":18786,"href":"https:\/\/archiv.siov.sk\/en\/wp-json\/wp\/v2\/posts\/18461\/revisions\/18786"}],"wp:featuredmedia":[{"embeddable":true,"href":"https:\/\/archiv.siov.sk\/en\/wp-json\/wp\/v2\/media\/7366"}],"wp:attachment":[{"href":"https:\/\/archiv.siov.sk\/en\/wp-json\/wp\/v2\/media?parent=18461"}],"wp:term":[{"taxonomy":"category","embeddable":true,"href":"https:\/\/archiv.siov.sk\/en\/wp-json\/wp\/v2\/categories?post=18461"},{"taxonomy":"post_tag","embeddable":true,"href":"https:\/\/archiv.siov.sk\/en\/wp-json\/wp\/v2\/tags?post=18461"}],"curies":[{"name":"wp","href":"https:\/\/api.w.org\/{rel}","templated":true}]}}