{"id":18301,"date":"2025-04-10T08:53:45","date_gmt":"2025-04-10T06:53:45","guid":{"rendered":"https:\/\/archiv.siov.sk\/?p=18301"},"modified":"2025-07-03T09:00:43","modified_gmt":"2025-07-03T07:00:43","slug":"narodna-cena-kvality-v-ovp-2025-uz-pozna-svojich-finalistov","status":"publish","type":"post","link":"https:\/\/archiv.siov.sk\/en\/narodna-cena-kvality-v-ovp-2025-uz-pozna-svojich-finalistov\/","title":{"rendered":"N\u00e1rodn\u00e1 cena kvality v OVP 2025 u\u017e pozn\u00e1 svojich finalistov"},"content":{"rendered":"<div data-elementor-type=\"wp-post\" data-elementor-id=\"18301\" class=\"elementor elementor-18301\" data-elementor-post-type=\"post\">\n\t\t\t\t<div class=\"elementor-element elementor-element-53365274 e-flex e-con-boxed e-con e-parent\" data-id=\"53365274\" data-element_type=\"container\" data-e-type=\"container\">\n\t\t\t\t\t<div class=\"e-con-inner\">\n\t\t\t\t<div class=\"elementor-element elementor-element-44a75d3c elementor-widget elementor-widget-text-editor\" data-id=\"44a75d3c\" data-element_type=\"widget\" data-e-type=\"widget\" data-widget_type=\"text-editor.default\">\n\t\t\t\t<div class=\"elementor-widget-container\">\n\t\t\t\t\t\t\t\t\tS rados\u0165ou predstavujeme finalistov N\u00e1rodnej ceny kvality v odbornom vzdel\u00e1van\u00ed a pr\u00edprave za rok 2025! Ide o stredn\u00e9 odborn\u00e9 \u0161koly a v\u00fdnimo\u010dn\u00e9 osobnosti, ktor\u00e9 svoj\u00edm systematick\u00fdm a zodpovedn\u00fdm pr\u00edstupom potvrdzuj\u00fa, \u017ee kvalita nie je len cie\u013e, ale dlhodob\u00fd z\u00e1v\u00e4zok.\r\n\r\nCie\u013eom ocenenia je vyzdvihn\u00fa\u0165 in\u0161pirat\u00edvne pr\u00edklady z praxe, ktor\u00e9 m\u00f4\u017eu motivova\u0165 \u010fal\u0161ie \u0161koly a odborn\u00edkov k neust\u00e1lemu rozvoju, inov\u00e1ci\u00e1m a zlep\u0161ovaniu syst\u00e9mu odborn\u00e9ho vzdel\u00e1vania a pr\u00edpravy. Do s\u00fa\u0165a\u017ee sa mohli zapoji\u0165 \u0161koly a odborn\u00edci v \u0161tyroch kateg\u00f3ri\u00e1ch. O v\u00fdbere finalistov rozhodla odborn\u00e1 porota.\r\n<h2><strong>Kateg\u00f3ria: Modern\u00e9 kurikulum<\/strong><\/h2>\r\nVybran\u00e9 \u0161koly inovat\u00edvne, flexibilne a v s\u00falade s po\u017eiadavkami trhu pr\u00e1ce vyv\u00edjaj\u00fa a realizuj\u00fa \u0161kolsk\u00e9 vzdel\u00e1vacie programy.\r\n<h3><strong>Finalisti:<\/strong><\/h3>\r\n<ul>\r\n \t<li><a href=\"https:\/\/dualnaakademia.sk\/\" target=\"_blank\" rel=\"noopener\">S\u00fakromn\u00e1 stredn\u00e1 odborn\u00e1 \u0161kola automobilov\u00e1 Du\u00e1lna akad\u00e9mia, J. Jon\u00e1\u0161a 5, Bratislava<\/a><\/li>\r\n \t<li><a href=\"https:\/\/www.ostrovskeho.sk\/\" target=\"_blank\" rel=\"noopener\">Stredn\u00e1 odborn\u00e1 \u0161kola informa\u010dn\u00fdch technol\u00f3gi\u00ed, Ostrovsk\u00e9ho 1, Ko\u0161ice<\/a><\/li>\r\n \t<li><a href=\"https:\/\/oaprievidza.edupage.org\/\" target=\"_blank\" rel=\"noopener\">Obchodn\u00e1 akad\u00e9mia, F. Madvu 2, Prievidza<\/a><\/li>\r\n<\/ul>\r\n<h2><strong>Kateg\u00f3ria: Kari\u00e9rov\u00e9 poradenstvo<\/strong><\/h2>\r\nDo tejto kateg\u00f3rie boli zaraden\u00e9 \u0161koly, ktor\u00e9 dlhodobo a systematicky podporuj\u00fa \u017eiakov v pl\u00e1novan\u00ed profesijnej dr\u00e1hy, orient\u00e1cii na trhu pr\u00e1ce a rozhodovan\u00ed o \u010fal\u0161om vzdel\u00e1van\u00ed.\r\n<h3><strong>Finalisti:<\/strong><\/h3>\r\n<ul>\r\n \t<li><a href=\"https:\/\/ssdetva.proxia.sk\/\" target=\"_blank\" rel=\"noopener\">Spojen\u00e1 \u0161kola, \u0160t\u00farova 848, Detva<\/a><\/li>\r\n \t<li><a href=\"https:\/\/www.spse-po.sk\/\" target=\"_blank\" rel=\"noopener\">Stredn\u00e1 priemyseln\u00e1 \u0161kola elektrotechnick\u00e1 , Plzensk\u00e1 1, Pre\u0161ov<\/a><\/li>\r\n \t<li><a href=\"https:\/\/sospe.edupage.org\/\" target=\"_blank\" rel=\"noopener\">Stredn\u00e1 odborn\u00e1 \u0161kola J. A. Ba\u0165u, N\u00e1m. SNP 5, Partiz\u00e1nske\u00a0<\/a><\/li>\r\n<\/ul>\r\n<h2><strong>Kateg\u00f3ria: Neform\u00e1lne vo form\u00e1lnom vzdel\u00e1van\u00ed<\/strong><\/h2>\r\nV tejto kateg\u00f3rii uspeli \u0161koly, ktor\u00e9 \u00faspe\u0161ne prep\u00e1jaj\u00fa form\u00e1lne a neform\u00e1lne vzdel\u00e1vanie, a t\u00fdm rozv\u00edjaj\u00fa k\u013e\u00fa\u010dov\u00e9 kompetencie \u017eiakov \u2013 kreativitu, t\u00edmov\u00fa spolupr\u00e1cu \u010di kritick\u00e9 myslenie.\r\n<h3><strong>Finalisti:<\/strong><\/h3>\r\n<ul>\r\n \t<li><a href=\"https:\/\/szsmtsrbk.edupage.org\/\" target=\"_blank\" rel=\"noopener\">Stredn\u00e1 zdravotn\u00edcka \u0161kola M\u00e1rie Ter\u00e9zie Schererovej, Don\u010dova 7, Ru\u017eomberok<\/a><\/li>\r\n \t<li><a href=\"https:\/\/zochova.sk\/\" target=\"_blank\" rel=\"noopener\">Stredn\u00e1 priemyseln\u00e1 \u0161kola elektrotechnick\u00e1, Zochova 9, Bratislava<\/a><\/li>\r\n \t<li><a href=\"https:\/\/www.sosbanbb.sk\/\" target=\"_blank\" rel=\"noopener\">Stredn\u00e1 odborn\u00e1 \u0161kola Pod B\u00e1no\u0161om, Pod B\u00e1no\u0161om 80, Bansk\u00e1 Bystrica<\/a><\/li>\r\n \t<li><a href=\"https:\/\/www.spojskolapu.sk\/\" target=\"_blank\" rel=\"noopener\">Spojen\u00e1 \u0161kola, I. Krasku 491, P\u00fachov<\/a><\/li>\r\n<\/ul>\r\n<h2><strong>Kateg\u00f3ria: Mimoriadna osobnos\u0165 v oblasti zabezpe\u010dovania kvality v OVP<\/strong><\/h2>\r\nT\u00e1to kateg\u00f3ria oce\u0148uje jednotlivcov, ktor\u00ed sa v\u00fdznamne podie\u013eaj\u00fa na zvy\u0161ovan\u00ed kvality OVP \u2013 svoj\u00edm odborn\u00fdm a \u013eudsk\u00fdm pr\u00edstupom motivuj\u00fa \u017eiakov, kolegov aj spolupracuj\u00face in\u0161tit\u00facie.\r\n<h3><strong>Finalisti:<\/strong><\/h3>\r\n<ul>\r\n \t<li>Iveta \u0160olt\u00e9sov\u00e1 \u2013\u00a0<a href=\"https:\/\/sossklenarova.edupage.org\/\" target=\"_blank\" rel=\"noopener\">Stredn\u00e1 odborn\u00e1 \u0161kola obchodu a slu\u017eieb Samuela Jurkovi\u010da, Sklen\u00e1rova 1, Bratislava<\/a><\/li>\r\n \t<li>Jozef Lukianov \u2013\u00a0<a href=\"https:\/\/spsehalova.sk\/\" target=\"_blank\" rel=\"noopener\">Stredn\u00e1 priemyseln\u00e1 \u0161kola elektrotechnick\u00e1, H\u00e1lova 16, Bratislava<\/a><\/li>\r\n \t<li>Michal Copko \u2013\u00a0<a href=\"https:\/\/www.spseke.sk\/skola\/\" target=\"_blank\" rel=\"noopener\">Stredn\u00e1 priemyseln\u00e1 \u0161kola elektrotechnick\u00e1, Komensk\u00e9ho 44, Ko\u0161ice<\/a><\/li>\r\n<\/ul>\r\nDruh\u00e9 kolo prebehne 24. apr\u00edla a v\u00ed\u0165azov jednotliv\u00fdch kateg\u00f3ri\u00ed spozn\u00e1me u\u017e 20.m\u00e1ja 2025 po\u010das odovzd\u00e1vania N\u00e1rodnej ceny kvality v OVP na konferencii v Banskej Bystrici. Blaho\u017eel\u00e1me v\u0161etk\u00fdm finalistom a \u010fakujeme im za ich pr\u00ednos v oblasti rozvoja kvalitn\u00e9ho odborn\u00e9ho vzdel\u00e1vania na Slovensku.\t\t\t\t\t\t\t\t<\/div>\n\t\t\t\t<\/div>\n\t\t\t\t\t<\/div>\n\t\t\t\t<\/div>\n\t\t<div class=\"elementor-element elementor-element-104aa79 e-flex e-con-boxed e-con e-parent\" data-id=\"104aa79\" data-element_type=\"container\" data-e-type=\"container\">\n\t\t\t\t\t<div class=\"e-con-inner\">\n\t\t\t\t<div class=\"elementor-element elementor-element-840190f elementor-widget elementor-widget-image\" data-id=\"840190f\" data-element_type=\"widget\" data-e-type=\"widget\" data-widget_type=\"image.default\">\n\t\t\t\t<div class=\"elementor-widget-container\">\n\t\t\t\t\t\t\t\t\t\t\t\t<figure class=\"wp-caption\">\n\t\t\t\t\t\t\t\t\t\t<img decoding=\"async\" width=\"300\" height=\"86\" src=\"https:\/\/archiv.siov.sk\/wp-content\/uploads\/2025\/06\/spolufinancovane-EU-300x86.png\" class=\"attachment-medium size-medium wp-image-19606\" alt=\"spolufinancovany EU logo\" srcset=\"https:\/\/archiv.siov.sk\/wp-content\/uploads\/2025\/06\/spolufinancovane-EU-300x86.png 300w, https:\/\/archiv.siov.sk\/wp-content\/uploads\/2025\/06\/spolufinancovane-EU-18x5.png 18w, https:\/\/archiv.siov.sk\/wp-content\/uploads\/2025\/06\/spolufinancovane-EU.png 600w\" sizes=\"(max-width: 300px) 100vw, 300px\" \/>\t\t\t\t\t\t\t\t\t\t\t<figcaption class=\"widget-image-caption wp-caption-text\">Financovan\u00e9 Eur\u00f3pskou \u00faniou. Vyjadren\u00e9 n\u00e1zory a postoje s\u00fa n\u00e1zormi a vyhl\u00e1seniami autora a nemusia nevyhnutne odr\u00e1\u017ea\u0165 n\u00e1zory a stanovisk\u00e1 Eur\u00f3pskej \u00fanie alebo Eur\u00f3pskej v\u00fdkonnej agent\u00fary pre vzdel\u00e1vanie a kult\u00faru (EACEA). Eur\u00f3pska \u00fania ani EACEA za ne nepreberaj\u00fa \u017eiadnu zodpovednos\u0165.<\/figcaption>\n\t\t\t\t\t\t\t\t\t\t<\/figure>\n\t\t\t\t\t\t\t\t\t<\/div>\n\t\t\t\t<\/div>\n\t\t\t\t\t<\/div>\n\t\t\t\t<\/div>\n\t\t\t\t<\/div>","protected":false},"excerpt":{"rendered":"<p>S rados\u0165ou predstavujeme finalistov N\u00e1rodnej ceny kvality v odbornom vzdel\u00e1van\u00ed a pr\u00edprave za rok 2025! Ide o stredn\u00e9 odborn\u00e9 \u0161koly a v\u00fdnimo\u010dn\u00e9 osobnosti, ktor\u00e9 svoj\u00edm systematick\u00fdm a zodpovedn\u00fdm pr\u00edstupom potvrdzuj\u00fa, \u017ee kvalita nie je len cie\u013e, ale dlhodob\u00fd z\u00e1v\u00e4zok. Cie\u013eom ocenenia je vyzdvihn\u00fa\u0165 in\u0161pirat\u00edvne pr\u00edklady z praxe, ktor\u00e9 m\u00f4\u017eu motivova\u0165 \u010fal\u0161ie \u0161koly a odborn\u00edkov k [&hellip;]<\/p>\n","protected":false},"author":10,"featured_media":18302,"comment_status":"closed","ping_status":"closed","sticky":false,"template":"","format":"standard","meta":{"site-sidebar-layout":"default","site-content-layout":"","ast-site-content-layout":"default","site-content-style":"default","site-sidebar-style":"default","ast-global-header-display":"","ast-banner-title-visibility":"","ast-main-header-display":"","ast-hfb-above-header-display":"","ast-hfb-below-header-display":"","ast-hfb-mobile-header-display":"","site-post-title":"","ast-breadcrumbs-content":"","ast-featured-img":"","footer-sml-layout":"","ast-disable-related-posts":"","theme-transparent-header-meta":"default","adv-header-id-meta":"","stick-header-meta":"default","header-above-stick-meta":"","header-main-stick-meta":"","header-below-stick-meta":"","astra-migrate-meta-layouts":"set","ast-page-background-enabled":"default","ast-page-background-meta":{"desktop":{"background-color":"var(--ast-global-color-4)","background-image":"","background-repeat":"repeat","background-position":"center center","background-size":"auto","background-attachment":"scroll","background-type":"","background-media":"","overlay-type":"","overlay-color":"","overlay-opacity":"","overlay-gradient":""},"tablet":{"background-color":"","background-image":"","background-repeat":"repeat","background-position":"center center","background-size":"auto","background-attachment":"scroll","background-type":"","background-media":"","overlay-type":"","overlay-color":"","overlay-opacity":"","overlay-gradient":""},"mobile":{"background-color":"","background-image":"","background-repeat":"repeat","background-position":"center center","background-size":"auto","background-attachment":"scroll","background-type":"","background-media":"","overlay-type":"","overlay-color":"","overlay-opacity":"","overlay-gradient":""}},"ast-content-background-meta":{"desktop":{"background-color":"var(--ast-global-color-5)","background-image":"","background-repeat":"repeat","background-position":"center center","background-size":"auto","background-attachment":"scroll","background-type":"","background-media":"","overlay-type":"","overlay-color":"","overlay-opacity":"","overlay-gradient":""},"tablet":{"background-color":"var(--ast-global-color-5)","background-image":"","background-repeat":"repeat","background-position":"center center","background-size":"auto","background-attachment":"scroll","background-type":"","background-media":"","overlay-type":"","overlay-color":"","overlay-opacity":"","overlay-gradient":""},"mobile":{"background-color":"var(--ast-global-color-5)","background-image":"","background-repeat":"repeat","background-position":"center center","background-size":"auto","background-attachment":"scroll","background-type":"","background-media":"","overlay-type":"","overlay-color":"","overlay-opacity":"","overlay-gradient":""}},"footnotes":""},"categories":[1],"tags":[],"class_list":["post-18301","post","type-post","status-publish","format-standard","has-post-thumbnail","hentry","category-aktuality"],"yoast_head":"<!-- This site is optimized with the Yoast SEO plugin v27.5 - https:\/\/yoast.com\/product\/yoast-seo-wordpress\/ -->\n<title>N\u00e1rodn\u00e1 cena kvality v OVP 2025 u\u017e pozn\u00e1 svojich finalistov - \u0160IOV - \u0161t\u00e1tny in\u0161tit\u00fat odborn\u00e9ho vzdel\u00e1vania<\/title>\n<meta name=\"robots\" content=\"index, follow, max-snippet:-1, max-image-preview:large, max-video-preview:-1\" \/>\n<link rel=\"canonical\" href=\"https:\/\/archiv.siov.sk\/en\/narodna-cena-kvality-v-ovp-2025-uz-pozna-svojich-finalistov\/\" \/>\n<meta property=\"og:locale\" content=\"en_GB\" \/>\n<meta property=\"og:type\" content=\"article\" \/>\n<meta property=\"og:title\" content=\"N\u00e1rodn\u00e1 cena kvality v OVP 2025 u\u017e pozn\u00e1 svojich finalistov - \u0160IOV - \u0161t\u00e1tny in\u0161tit\u00fat odborn\u00e9ho vzdel\u00e1vania\" \/>\n<meta property=\"og:description\" content=\"S rados\u0165ou predstavujeme finalistov N\u00e1rodnej ceny kvality v odbornom vzdel\u00e1van\u00ed a pr\u00edprave za rok 2025! Ide o stredn\u00e9 odborn\u00e9 \u0161koly a v\u00fdnimo\u010dn\u00e9 osobnosti, ktor\u00e9 svoj\u00edm systematick\u00fdm a zodpovedn\u00fdm pr\u00edstupom potvrdzuj\u00fa, \u017ee kvalita nie je len cie\u013e, ale dlhodob\u00fd z\u00e1v\u00e4zok. Cie\u013eom ocenenia je vyzdvihn\u00fa\u0165 in\u0161pirat\u00edvne pr\u00edklady z praxe, ktor\u00e9 m\u00f4\u017eu motivova\u0165 \u010fal\u0161ie \u0161koly a odborn\u00edkov k [&hellip;]\" \/>\n<meta property=\"og:url\" content=\"https:\/\/archiv.siov.sk\/en\/narodna-cena-kvality-v-ovp-2025-uz-pozna-svojich-finalistov\/\" \/>\n<meta property=\"og:site_name\" content=\"\u0160IOV - \u0161t\u00e1tny in\u0161tit\u00fat odborn\u00e9ho vzdel\u00e1vania\" \/>\n<meta property=\"article:publisher\" content=\"https:\/\/www.facebook.com\/Statnyinstitutodbornehovzdelavania\" \/>\n<meta property=\"article:published_time\" content=\"2025-04-10T06:53:45+00:00\" \/>\n<meta property=\"article:modified_time\" content=\"2025-07-03T07:00:43+00:00\" \/>\n<meta property=\"og:image\" content=\"https:\/\/archiv.siov.sk\/wp-content\/uploads\/2025\/04\/NCK-2025.png\" \/>\n\t<meta property=\"og:image:width\" content=\"851\" \/>\n\t<meta property=\"og:image:height\" content=\"315\" \/>\n\t<meta property=\"og:image:type\" content=\"image\/png\" \/>\n<meta name=\"author\" content=\"Gabriela Budayov\u00e1\" \/>\n<meta name=\"twitter:card\" content=\"summary_large_image\" \/>\n<meta name=\"twitter:label1\" content=\"Written by\" \/>\n\t<meta name=\"twitter:data1\" content=\"Gabriela Budayov\u00e1\" \/>\n\t<meta name=\"twitter:label2\" content=\"Estimated reading time\" \/>\n\t<meta name=\"twitter:data2\" content=\"3 minutes\" \/>\n<script type=\"application\/ld+json\" class=\"yoast-schema-graph\">{\"@context\":\"https:\\\/\\\/schema.org\",\"@graph\":[{\"@type\":\"Article\",\"@id\":\"https:\\\/\\\/archiv.siov.sk\\\/narodna-cena-kvality-v-ovp-2025-uz-pozna-svojich-finalistov\\\/#article\",\"isPartOf\":{\"@id\":\"https:\\\/\\\/archiv.siov.sk\\\/narodna-cena-kvality-v-ovp-2025-uz-pozna-svojich-finalistov\\\/\"},\"author\":{\"name\":\"Gabriela Budayov\u00e1\",\"@id\":\"https:\\\/\\\/archiv.siov.sk\\\/#\\\/schema\\\/person\\\/2d35146a9c0fa51b027e8ff319cee627\"},\"headline\":\"N\u00e1rodn\u00e1 cena kvality v OVP 2025 u\u017e pozn\u00e1 svojich finalistov\",\"datePublished\":\"2025-04-10T06:53:45+00:00\",\"dateModified\":\"2025-07-03T07:00:43+00:00\",\"mainEntityOfPage\":{\"@id\":\"https:\\\/\\\/archiv.siov.sk\\\/narodna-cena-kvality-v-ovp-2025-uz-pozna-svojich-finalistov\\\/\"},\"wordCount\":521,\"publisher\":{\"@id\":\"https:\\\/\\\/archiv.siov.sk\\\/#organization\"},\"image\":{\"@id\":\"https:\\\/\\\/archiv.siov.sk\\\/narodna-cena-kvality-v-ovp-2025-uz-pozna-svojich-finalistov\\\/#primaryimage\"},\"thumbnailUrl\":\"https:\\\/\\\/archiv.siov.sk\\\/wp-content\\\/uploads\\\/2025\\\/04\\\/NCK-2025.png\",\"articleSection\":[\"Aktuality\"],\"inLanguage\":\"en-GB\"},{\"@type\":\"WebPage\",\"@id\":\"https:\\\/\\\/archiv.siov.sk\\\/narodna-cena-kvality-v-ovp-2025-uz-pozna-svojich-finalistov\\\/\",\"url\":\"https:\\\/\\\/archiv.siov.sk\\\/narodna-cena-kvality-v-ovp-2025-uz-pozna-svojich-finalistov\\\/\",\"name\":\"N\u00e1rodn\u00e1 cena kvality v OVP 2025 u\u017e pozn\u00e1 svojich finalistov - \u0160IOV - \u0161t\u00e1tny in\u0161tit\u00fat odborn\u00e9ho vzdel\u00e1vania\",\"isPartOf\":{\"@id\":\"https:\\\/\\\/archiv.siov.sk\\\/#website\"},\"primaryImageOfPage\":{\"@id\":\"https:\\\/\\\/archiv.siov.sk\\\/narodna-cena-kvality-v-ovp-2025-uz-pozna-svojich-finalistov\\\/#primaryimage\"},\"image\":{\"@id\":\"https:\\\/\\\/archiv.siov.sk\\\/narodna-cena-kvality-v-ovp-2025-uz-pozna-svojich-finalistov\\\/#primaryimage\"},\"thumbnailUrl\":\"https:\\\/\\\/archiv.siov.sk\\\/wp-content\\\/uploads\\\/2025\\\/04\\\/NCK-2025.png\",\"datePublished\":\"2025-04-10T06:53:45+00:00\",\"dateModified\":\"2025-07-03T07:00:43+00:00\",\"breadcrumb\":{\"@id\":\"https:\\\/\\\/archiv.siov.sk\\\/narodna-cena-kvality-v-ovp-2025-uz-pozna-svojich-finalistov\\\/#breadcrumb\"},\"inLanguage\":\"en-GB\",\"potentialAction\":[{\"@type\":\"ReadAction\",\"target\":[\"https:\\\/\\\/archiv.siov.sk\\\/narodna-cena-kvality-v-ovp-2025-uz-pozna-svojich-finalistov\\\/\"]}]},{\"@type\":\"ImageObject\",\"inLanguage\":\"en-GB\",\"@id\":\"https:\\\/\\\/archiv.siov.sk\\\/narodna-cena-kvality-v-ovp-2025-uz-pozna-svojich-finalistov\\\/#primaryimage\",\"url\":\"https:\\\/\\\/archiv.siov.sk\\\/wp-content\\\/uploads\\\/2025\\\/04\\\/NCK-2025.png\",\"contentUrl\":\"https:\\\/\\\/archiv.siov.sk\\\/wp-content\\\/uploads\\\/2025\\\/04\\\/NCK-2025.png\",\"width\":851,\"height\":315},{\"@type\":\"BreadcrumbList\",\"@id\":\"https:\\\/\\\/archiv.siov.sk\\\/narodna-cena-kvality-v-ovp-2025-uz-pozna-svojich-finalistov\\\/#breadcrumb\",\"itemListElement\":[{\"@type\":\"ListItem\",\"position\":1,\"name\":\"Home\",\"item\":\"https:\\\/\\\/archiv.siov.sk\\\/\"},{\"@type\":\"ListItem\",\"position\":2,\"name\":\"N\u00e1rodn\u00e1 cena kvality v OVP 2025 u\u017e pozn\u00e1 svojich finalistov\"}]},{\"@type\":\"WebSite\",\"@id\":\"https:\\\/\\\/archiv.siov.sk\\\/#website\",\"url\":\"https:\\\/\\\/archiv.siov.sk\\\/\",\"name\":\"\u0160IOV - \u0161t\u00e1tny in\u0161tit\u00fat odborn\u00e9ho vzdel\u00e1vania\",\"description\":\"\",\"publisher\":{\"@id\":\"https:\\\/\\\/archiv.siov.sk\\\/#organization\"},\"potentialAction\":[{\"@type\":\"SearchAction\",\"target\":{\"@type\":\"EntryPoint\",\"urlTemplate\":\"https:\\\/\\\/archiv.siov.sk\\\/?s={search_term_string}\"},\"query-input\":{\"@type\":\"PropertyValueSpecification\",\"valueRequired\":true,\"valueName\":\"search_term_string\"}}],\"inLanguage\":\"en-GB\"},{\"@type\":\"Organization\",\"@id\":\"https:\\\/\\\/archiv.siov.sk\\\/#organization\",\"name\":\"\u0160IOV - \u0161t\u00e1tny in\u0161tit\u00fat odborn\u00e9ho vzdel\u00e1vania\",\"url\":\"https:\\\/\\\/archiv.siov.sk\\\/\",\"logo\":{\"@type\":\"ImageObject\",\"inLanguage\":\"en-GB\",\"@id\":\"https:\\\/\\\/archiv.siov.sk\\\/#\\\/schema\\\/logo\\\/image\\\/\",\"url\":\"https:\\\/\\\/archiv.siov.sk\\\/wp-content\\\/uploads\\\/2024\\\/02\\\/logo-SIOV.png\",\"contentUrl\":\"https:\\\/\\\/archiv.siov.sk\\\/wp-content\\\/uploads\\\/2024\\\/02\\\/logo-SIOV.png\",\"width\":431,\"height\":143,\"caption\":\"\u0160IOV - \u0161t\u00e1tny in\u0161tit\u00fat odborn\u00e9ho vzdel\u00e1vania\"},\"image\":{\"@id\":\"https:\\\/\\\/archiv.siov.sk\\\/#\\\/schema\\\/logo\\\/image\\\/\"},\"sameAs\":[\"https:\\\/\\\/www.facebook.com\\\/Statnyinstitutodbornehovzdelavania\"]},{\"@type\":\"Person\",\"@id\":\"https:\\\/\\\/archiv.siov.sk\\\/#\\\/schema\\\/person\\\/2d35146a9c0fa51b027e8ff319cee627\",\"name\":\"Gabriela Budayov\u00e1\",\"url\":\"https:\\\/\\\/archiv.siov.sk\\\/en\\\/author\\\/gabriela-budayova\\\/\"}]}<\/script>\n<!-- \/ Yoast SEO plugin. -->","yoast_head_json":{"title":"N\u00e1rodn\u00e1 cena kvality v OVP 2025 u\u017e pozn\u00e1 svojich finalistov - \u0160IOV - \u0161t\u00e1tny in\u0161tit\u00fat odborn\u00e9ho vzdel\u00e1vania","robots":{"index":"index","follow":"follow","max-snippet":"max-snippet:-1","max-image-preview":"max-image-preview:large","max-video-preview":"max-video-preview:-1"},"canonical":"https:\/\/archiv.siov.sk\/en\/narodna-cena-kvality-v-ovp-2025-uz-pozna-svojich-finalistov\/","og_locale":"en_GB","og_type":"article","og_title":"N\u00e1rodn\u00e1 cena kvality v OVP 2025 u\u017e pozn\u00e1 svojich finalistov - \u0160IOV - \u0161t\u00e1tny in\u0161tit\u00fat odborn\u00e9ho vzdel\u00e1vania","og_description":"S rados\u0165ou predstavujeme finalistov N\u00e1rodnej ceny kvality v odbornom vzdel\u00e1van\u00ed a pr\u00edprave za rok 2025! Ide o stredn\u00e9 odborn\u00e9 \u0161koly a v\u00fdnimo\u010dn\u00e9 osobnosti, ktor\u00e9 svoj\u00edm systematick\u00fdm a zodpovedn\u00fdm pr\u00edstupom potvrdzuj\u00fa, \u017ee kvalita nie je len cie\u013e, ale dlhodob\u00fd z\u00e1v\u00e4zok. Cie\u013eom ocenenia je vyzdvihn\u00fa\u0165 in\u0161pirat\u00edvne pr\u00edklady z praxe, ktor\u00e9 m\u00f4\u017eu motivova\u0165 \u010fal\u0161ie \u0161koly a odborn\u00edkov k [&hellip;]","og_url":"https:\/\/archiv.siov.sk\/en\/narodna-cena-kvality-v-ovp-2025-uz-pozna-svojich-finalistov\/","og_site_name":"\u0160IOV - \u0161t\u00e1tny in\u0161tit\u00fat odborn\u00e9ho vzdel\u00e1vania","article_publisher":"https:\/\/www.facebook.com\/Statnyinstitutodbornehovzdelavania","article_published_time":"2025-04-10T06:53:45+00:00","article_modified_time":"2025-07-03T07:00:43+00:00","og_image":[{"width":851,"height":315,"url":"https:\/\/archiv.siov.sk\/wp-content\/uploads\/2025\/04\/NCK-2025.png","type":"image\/png"}],"author":"Gabriela Budayov\u00e1","twitter_card":"summary_large_image","twitter_misc":{"Written by":"Gabriela Budayov\u00e1","Estimated reading time":"3 minutes"},"schema":{"@context":"https:\/\/schema.org","@graph":[{"@type":"Article","@id":"https:\/\/archiv.siov.sk\/narodna-cena-kvality-v-ovp-2025-uz-pozna-svojich-finalistov\/#article","isPartOf":{"@id":"https:\/\/archiv.siov.sk\/narodna-cena-kvality-v-ovp-2025-uz-pozna-svojich-finalistov\/"},"author":{"name":"Gabriela Budayov\u00e1","@id":"https:\/\/archiv.siov.sk\/#\/schema\/person\/2d35146a9c0fa51b027e8ff319cee627"},"headline":"N\u00e1rodn\u00e1 cena kvality v OVP 2025 u\u017e pozn\u00e1 svojich finalistov","datePublished":"2025-04-10T06:53:45+00:00","dateModified":"2025-07-03T07:00:43+00:00","mainEntityOfPage":{"@id":"https:\/\/archiv.siov.sk\/narodna-cena-kvality-v-ovp-2025-uz-pozna-svojich-finalistov\/"},"wordCount":521,"publisher":{"@id":"https:\/\/archiv.siov.sk\/#organization"},"image":{"@id":"https:\/\/archiv.siov.sk\/narodna-cena-kvality-v-ovp-2025-uz-pozna-svojich-finalistov\/#primaryimage"},"thumbnailUrl":"https:\/\/archiv.siov.sk\/wp-content\/uploads\/2025\/04\/NCK-2025.png","articleSection":["Aktuality"],"inLanguage":"en-GB"},{"@type":"WebPage","@id":"https:\/\/archiv.siov.sk\/narodna-cena-kvality-v-ovp-2025-uz-pozna-svojich-finalistov\/","url":"https:\/\/archiv.siov.sk\/narodna-cena-kvality-v-ovp-2025-uz-pozna-svojich-finalistov\/","name":"N\u00e1rodn\u00e1 cena kvality v OVP 2025 u\u017e pozn\u00e1 svojich finalistov - \u0160IOV - \u0161t\u00e1tny in\u0161tit\u00fat odborn\u00e9ho vzdel\u00e1vania","isPartOf":{"@id":"https:\/\/archiv.siov.sk\/#website"},"primaryImageOfPage":{"@id":"https:\/\/archiv.siov.sk\/narodna-cena-kvality-v-ovp-2025-uz-pozna-svojich-finalistov\/#primaryimage"},"image":{"@id":"https:\/\/archiv.siov.sk\/narodna-cena-kvality-v-ovp-2025-uz-pozna-svojich-finalistov\/#primaryimage"},"thumbnailUrl":"https:\/\/archiv.siov.sk\/wp-content\/uploads\/2025\/04\/NCK-2025.png","datePublished":"2025-04-10T06:53:45+00:00","dateModified":"2025-07-03T07:00:43+00:00","breadcrumb":{"@id":"https:\/\/archiv.siov.sk\/narodna-cena-kvality-v-ovp-2025-uz-pozna-svojich-finalistov\/#breadcrumb"},"inLanguage":"en-GB","potentialAction":[{"@type":"ReadAction","target":["https:\/\/archiv.siov.sk\/narodna-cena-kvality-v-ovp-2025-uz-pozna-svojich-finalistov\/"]}]},{"@type":"ImageObject","inLanguage":"en-GB","@id":"https:\/\/archiv.siov.sk\/narodna-cena-kvality-v-ovp-2025-uz-pozna-svojich-finalistov\/#primaryimage","url":"https:\/\/archiv.siov.sk\/wp-content\/uploads\/2025\/04\/NCK-2025.png","contentUrl":"https:\/\/archiv.siov.sk\/wp-content\/uploads\/2025\/04\/NCK-2025.png","width":851,"height":315},{"@type":"BreadcrumbList","@id":"https:\/\/archiv.siov.sk\/narodna-cena-kvality-v-ovp-2025-uz-pozna-svojich-finalistov\/#breadcrumb","itemListElement":[{"@type":"ListItem","position":1,"name":"Home","item":"https:\/\/archiv.siov.sk\/"},{"@type":"ListItem","position":2,"name":"N\u00e1rodn\u00e1 cena kvality v OVP 2025 u\u017e pozn\u00e1 svojich finalistov"}]},{"@type":"WebSite","@id":"https:\/\/archiv.siov.sk\/#website","url":"https:\/\/archiv.siov.sk\/","name":"\u0160IOV - \u0161t\u00e1tny in\u0161tit\u00fat odborn\u00e9ho vzdel\u00e1vania","description":"","publisher":{"@id":"https:\/\/archiv.siov.sk\/#organization"},"potentialAction":[{"@type":"SearchAction","target":{"@type":"EntryPoint","urlTemplate":"https:\/\/archiv.siov.sk\/?s={search_term_string}"},"query-input":{"@type":"PropertyValueSpecification","valueRequired":true,"valueName":"search_term_string"}}],"inLanguage":"en-GB"},{"@type":"Organization","@id":"https:\/\/archiv.siov.sk\/#organization","name":"\u0160IOV - \u0161t\u00e1tny in\u0161tit\u00fat odborn\u00e9ho vzdel\u00e1vania","url":"https:\/\/archiv.siov.sk\/","logo":{"@type":"ImageObject","inLanguage":"en-GB","@id":"https:\/\/archiv.siov.sk\/#\/schema\/logo\/image\/","url":"https:\/\/archiv.siov.sk\/wp-content\/uploads\/2024\/02\/logo-SIOV.png","contentUrl":"https:\/\/archiv.siov.sk\/wp-content\/uploads\/2024\/02\/logo-SIOV.png","width":431,"height":143,"caption":"\u0160IOV - \u0161t\u00e1tny in\u0161tit\u00fat odborn\u00e9ho vzdel\u00e1vania"},"image":{"@id":"https:\/\/archiv.siov.sk\/#\/schema\/logo\/image\/"},"sameAs":["https:\/\/www.facebook.com\/Statnyinstitutodbornehovzdelavania"]},{"@type":"Person","@id":"https:\/\/archiv.siov.sk\/#\/schema\/person\/2d35146a9c0fa51b027e8ff319cee627","name":"Gabriela Budayov\u00e1","url":"https:\/\/archiv.siov.sk\/en\/author\/gabriela-budayova\/"}]}},"_links":{"self":[{"href":"https:\/\/archiv.siov.sk\/en\/wp-json\/wp\/v2\/posts\/18301","targetHints":{"allow":["GET"]}}],"collection":[{"href":"https:\/\/archiv.siov.sk\/en\/wp-json\/wp\/v2\/posts"}],"about":[{"href":"https:\/\/archiv.siov.sk\/en\/wp-json\/wp\/v2\/types\/post"}],"author":[{"embeddable":true,"href":"https:\/\/archiv.siov.sk\/en\/wp-json\/wp\/v2\/users\/10"}],"replies":[{"embeddable":true,"href":"https:\/\/archiv.siov.sk\/en\/wp-json\/wp\/v2\/comments?post=18301"}],"version-history":[{"count":9,"href":"https:\/\/archiv.siov.sk\/en\/wp-json\/wp\/v2\/posts\/18301\/revisions"}],"predecessor-version":[{"id":19735,"href":"https:\/\/archiv.siov.sk\/en\/wp-json\/wp\/v2\/posts\/18301\/revisions\/19735"}],"wp:featuredmedia":[{"embeddable":true,"href":"https:\/\/archiv.siov.sk\/en\/wp-json\/wp\/v2\/media\/18302"}],"wp:attachment":[{"href":"https:\/\/archiv.siov.sk\/en\/wp-json\/wp\/v2\/media?parent=18301"}],"wp:term":[{"taxonomy":"category","embeddable":true,"href":"https:\/\/archiv.siov.sk\/en\/wp-json\/wp\/v2\/categories?post=18301"},{"taxonomy":"post_tag","embeddable":true,"href":"https:\/\/archiv.siov.sk\/en\/wp-json\/wp\/v2\/tags?post=18301"}],"curies":[{"name":"wp","href":"https:\/\/api.w.org\/{rel}","templated":true}]}}