{"id":18257,"date":"2025-04-07T12:25:54","date_gmt":"2025-04-07T10:25:54","guid":{"rendered":"https:\/\/archiv.siov.sk\/?p=18257"},"modified":"2025-04-07T12:26:11","modified_gmt":"2025-04-07T10:26:11","slug":"stredoskolaci-odborne-o-vyuziti-alternativnych-zdrojov-energii-a-ochrane-zivotneho-prostredia","status":"publish","type":"post","link":"https:\/\/archiv.siov.sk\/en\/stredoskolaci-odborne-o-vyuziti-alternativnych-zdrojov-energii-a-ochrane-zivotneho-prostredia\/","title":{"rendered":"Stredo\u0161kol\u00e1ci odborne o vyu\u017eit\u00ed alternat\u00edvnych zdrojov energi\u00ed a ochrane \u017eivotn\u00e9ho prostredia"},"content":{"rendered":"<p style=\"text-align: justify;\">Stredn\u00e1 odborn\u00e1 \u0161kola podnikania v\u00a0remesl\u00e1ch a\u00a0slu\u017eb\u00e1ch,\u00a0V. P. T\u00f3tha v\u00a0Senici priv\u00edtala 25.-27. marca \u00fa\u010dastn\u00edkov 15. ro\u010dn\u00edka celo\u0161t\u00e1tnej s\u00fa\u0165a\u017ee zameranej na podporu stredo\u0161kolsk\u00fdch talentov v\u00a0oblasti vyu\u017e\u00edvania alternat\u00edvnych, obnovite\u013en\u00fdch zdrojov energie, ako aj energetick\u00fdch \u00faspor a\u00a0zni\u017eovania emisi\u00ed v\u00a0doprave. Do fin\u00e1lov\u00e9ho kola s\u00fa\u0165a\u017ee post\u00fapili najlep\u0161\u00ed \u017eiaci z\u00a0krajsk\u00fdch k\u00f4l.<\/p>\n<p style=\"text-align: justify;\">ENERSOL\u2013SK je postaven\u00fd na s\u00fa\u0165a\u017en\u00fdch prehliadkach najlep\u0161\u00edch projektov \u2013 rie\u0161en\u00ed teoretick\u00fdch a praktick\u00fdch \u00faloh zameran\u00fdch na \u00faspory energie, h\u013eadanie a vyu\u017e\u00edvanie obnovite\u013en\u00fdch zdrojov energie. Stredo\u0161kol\u00e1ci s\u00fa\u0165a\u017eia v odborno-teoretick\u00fdch a praktick\u00fdch vedomostiach aj zru\u010dnostiach. <img fetchpriority=\"high\" decoding=\"async\" class=\"size-medium wp-image-18260 alignleft\" src=\"https:\/\/archiv.siov.sk\/wp-content\/uploads\/2025\/04\/eenrsol-2-300x225.jpg\" alt=\"\" width=\"300\" height=\"225\" srcset=\"https:\/\/archiv.siov.sk\/wp-content\/uploads\/2025\/04\/eenrsol-2-300x225.jpg 300w, https:\/\/archiv.siov.sk\/wp-content\/uploads\/2025\/04\/eenrsol-2-1024x768.jpg 1024w, https:\/\/archiv.siov.sk\/wp-content\/uploads\/2025\/04\/eenrsol-2-768x576.jpg 768w, https:\/\/archiv.siov.sk\/wp-content\/uploads\/2025\/04\/eenrsol-2-16x12.jpg 16w, https:\/\/archiv.siov.sk\/wp-content\/uploads\/2025\/04\/eenrsol-2.jpg 1179w\" sizes=\"(max-width: 300px) 100vw, 300px\" \/><\/p>\n<p style=\"text-align: justify;\">V\u00a0hlavnej kateg\u00f3rii s\u00fa pr\u00e1ce zameran\u00e9 na t\u00e9my ako \u00faspory energi\u00ed, obnovite\u013en\u00e9 zdroje, zni\u017eovanie emisi\u00ed v\u00a0dopravy. Ich v\u00fdznam spo\u010d\u00edva v\u00a0z\u00edskan\u00ed podstatn\u00fdch inform\u00e1ci\u00ed o\u00a0vyu\u017e\u00edvan\u00ed technol\u00f3gi\u00ed a\u00a0materi\u00e1lov. Tvoriv\u00e1 kateg\u00f3ria je priestor, v\u00a0ktorom sa vyu\u017e\u00edvaj\u00fa kreat\u00edvne schopnosti \u017eiakov v\u00a0spolupr\u00e1ci s\u00a0ich u\u010dite\u013emi a\u00a0vysoko\u0161kolsk\u00fdmi pedag\u00f3gmi. Pr\u00e1ce v\u00a0tejto kateg\u00f3rii s\u00fa n\u00e1ro\u010dn\u00e9 tak z\u00a0\u010dasov\u00e9ho h\u013eadiska, ako aj z\u00a0h\u013eadiska materi\u00e1lovo a\u00a0finan\u010dn\u00e9ho zhotovenia v\u00fdrobkov, \u010di presnej\u0161ie, projektov alebo funk\u010dn\u00fdch modelov a zariaden\u00ed. Tretia kateg\u00f3ria je propaga\u010dn\u00e1, do ktorej sa zap\u00e1jaj\u00fa zv\u00e4\u010d\u0161a \u017eia\u010dky \u0161k\u00f4l, ktor\u00e9 svoj vz\u0165ah k\u00a0\u017eivotn\u00e9mu prostrediu vyjadruj\u00fa\u00a0 srdcom a\u00a0kreat\u00edvne. Obsah t\u00e9m je zameran\u00fd na tvoriv\u00fa umeleck\u00fa \u010dinnos\u0165, n\u00e1vrhy plag\u00e1tov, v\u00fdroby propaga\u010dn\u00fdch predmetov, liter\u00e1rnou \u010dinnos\u0165ou a\u00a0podobne.<\/p>\n<p>V\u00ed\u0165azi s\u00fa\u0165a\u017ee pod\u013ea kateg\u00f3ri\u00ed:<\/p>\n<ol>\n<li>miesto Hlavn\u00e1 kateg\u00f3ria: \u0160imon \u0160imko<\/li>\n<li>miesto Tvoriv\u00e1 kateg\u00f3ria: Peter Skupin<\/li>\n<li>miesto Propaga\u010dn\u00e1 kateg\u00f3ria:\u00a0\u00a0 Jaroslava Hegedu\u0161ov\u00e1<\/li>\n<\/ol>\n<p>V\u00ed\u0165azi u\u017e tradi\u010dne reprezentuj\u00fa Slovensko na medzin\u00e1rodnej s\u00fa\u0165a\u017ei ENERSOL-\u010cR, ktor\u00e9 sa tento rok kon\u00e1 v\u00a0Otrokoviciach (09.\u201310. apr\u00edla). Tu v\u00a0konkurencii s\u00fa\u0165a\u017eiacich\u00a0z\u00fa\u010dastnen\u00fdch eur\u00f3pskych kraj\u00edn z\u00edskaj\u00fa nov\u00e9 sk\u00fasenosti, partnerstv\u00e1 a\u00a0\u010fal\u0161ie zauj\u00edmav\u00e9 ocenenia.<\/p>\n<p>S\u00fa\u0165a\u017e podporuje Ministerstvo \u0161kolstva, v\u00fdskumu, v\u00fdvoja a\u00a0ml\u00e1de\u017ee SR. \u00a0Metodick\u00fdm\u00a0 gestorom je \u0160t\u00e1tny in\u0161tit\u00fat odborn\u00e9ho vzdel\u00e1vania.<\/p>","protected":false},"excerpt":{"rendered":"<p>Stredn\u00e1 odborn\u00e1 \u0161kola podnikania v\u00a0remesl\u00e1ch a\u00a0slu\u017eb\u00e1ch,\u00a0V. P. T\u00f3tha v\u00a0Senici priv\u00edtala 25.-27. marca \u00fa\u010dastn\u00edkov 15. ro\u010dn\u00edka celo\u0161t\u00e1tnej s\u00fa\u0165a\u017ee zameranej na podporu stredo\u0161kolsk\u00fdch talentov v\u00a0oblasti vyu\u017e\u00edvania alternat\u00edvnych, obnovite\u013en\u00fdch zdrojov energie, ako aj energetick\u00fdch \u00faspor a\u00a0zni\u017eovania emisi\u00ed v\u00a0doprave. Do fin\u00e1lov\u00e9ho kola s\u00fa\u0165a\u017ee post\u00fapili najlep\u0161\u00ed \u017eiaci z\u00a0krajsk\u00fdch k\u00f4l. ENERSOL\u2013SK je postaven\u00fd na s\u00fa\u0165a\u017en\u00fdch prehliadkach najlep\u0161\u00edch projektov \u2013 rie\u0161en\u00ed teoretick\u00fdch [&hellip;]<\/p>\n","protected":false},"author":6,"featured_media":18259,"comment_status":"closed","ping_status":"closed","sticky":false,"template":"","format":"standard","meta":{"site-sidebar-layout":"default","site-content-layout":"","ast-site-content-layout":"default","site-content-style":"default","site-sidebar-style":"default","ast-global-header-display":"","ast-banner-title-visibility":"","ast-main-header-display":"","ast-hfb-above-header-display":"","ast-hfb-below-header-display":"","ast-hfb-mobile-header-display":"","site-post-title":"","ast-breadcrumbs-content":"","ast-featured-img":"","footer-sml-layout":"","ast-disable-related-posts":"","theme-transparent-header-meta":"default","adv-header-id-meta":"","stick-header-meta":"default","header-above-stick-meta":"","header-main-stick-meta":"","header-below-stick-meta":"","astra-migrate-meta-layouts":"set","ast-page-background-enabled":"default","ast-page-background-meta":{"desktop":{"background-color":"var(--ast-global-color-4)","background-image":"","background-repeat":"repeat","background-position":"center center","background-size":"auto","background-attachment":"scroll","background-type":"","background-media":"","overlay-type":"","overlay-color":"","overlay-opacity":"","overlay-gradient":""},"tablet":{"background-color":"","background-image":"","background-repeat":"repeat","background-position":"center center","background-size":"auto","background-attachment":"scroll","background-type":"","background-media":"","overlay-type":"","overlay-color":"","overlay-opacity":"","overlay-gradient":""},"mobile":{"background-color":"","background-image":"","background-repeat":"repeat","background-position":"center center","background-size":"auto","background-attachment":"scroll","background-type":"","background-media":"","overlay-type":"","overlay-color":"","overlay-opacity":"","overlay-gradient":""}},"ast-content-background-meta":{"desktop":{"background-color":"var(--ast-global-color-5)","background-image":"","background-repeat":"repeat","background-position":"center center","background-size":"auto","background-attachment":"scroll","background-type":"","background-media":"","overlay-type":"","overlay-color":"","overlay-opacity":"","overlay-gradient":""},"tablet":{"background-color":"var(--ast-global-color-5)","background-image":"","background-repeat":"repeat","background-position":"center center","background-size":"auto","background-attachment":"scroll","background-type":"","background-media":"","overlay-type":"","overlay-color":"","overlay-opacity":"","overlay-gradient":""},"mobile":{"background-color":"var(--ast-global-color-5)","background-image":"","background-repeat":"repeat","background-position":"center center","background-size":"auto","background-attachment":"scroll","background-type":"","background-media":"","overlay-type":"","overlay-color":"","overlay-opacity":"","overlay-gradient":""}},"footnotes":""},"categories":[1],"tags":[],"class_list":["post-18257","post","type-post","status-publish","format-standard","has-post-thumbnail","hentry","category-aktuality"],"yoast_head":"<!-- This site is optimized with the Yoast SEO plugin v27.5 - https:\/\/yoast.com\/product\/yoast-seo-wordpress\/ -->\n<title>Stredo\u0161kol\u00e1ci odborne o vyu\u017eit\u00ed alternat\u00edvnych zdrojov energi\u00ed a ochrane \u017eivotn\u00e9ho prostredia - \u0160IOV - \u0161t\u00e1tny in\u0161tit\u00fat odborn\u00e9ho vzdel\u00e1vania<\/title>\n<meta name=\"robots\" content=\"index, follow, max-snippet:-1, max-image-preview:large, max-video-preview:-1\" \/>\n<link rel=\"canonical\" href=\"https:\/\/archiv.siov.sk\/en\/stredoskolaci-odborne-o-vyuziti-alternativnych-zdrojov-energii-a-ochrane-zivotneho-prostredia\/\" \/>\n<meta property=\"og:locale\" content=\"en_GB\" \/>\n<meta property=\"og:type\" content=\"article\" \/>\n<meta property=\"og:title\" content=\"Stredo\u0161kol\u00e1ci odborne o vyu\u017eit\u00ed alternat\u00edvnych zdrojov energi\u00ed a ochrane \u017eivotn\u00e9ho prostredia - \u0160IOV - \u0161t\u00e1tny in\u0161tit\u00fat odborn\u00e9ho vzdel\u00e1vania\" \/>\n<meta property=\"og:description\" content=\"Stredn\u00e1 odborn\u00e1 \u0161kola podnikania v\u00a0remesl\u00e1ch a\u00a0slu\u017eb\u00e1ch,\u00a0V. P. T\u00f3tha v\u00a0Senici priv\u00edtala 25.-27. marca \u00fa\u010dastn\u00edkov 15. ro\u010dn\u00edka celo\u0161t\u00e1tnej s\u00fa\u0165a\u017ee zameranej na podporu stredo\u0161kolsk\u00fdch talentov v\u00a0oblasti vyu\u017e\u00edvania alternat\u00edvnych, obnovite\u013en\u00fdch zdrojov energie, ako aj energetick\u00fdch \u00faspor a\u00a0zni\u017eovania emisi\u00ed v\u00a0doprave. Do fin\u00e1lov\u00e9ho kola s\u00fa\u0165a\u017ee post\u00fapili najlep\u0161\u00ed \u017eiaci z\u00a0krajsk\u00fdch k\u00f4l. ENERSOL\u2013SK je postaven\u00fd na s\u00fa\u0165a\u017en\u00fdch prehliadkach najlep\u0161\u00edch projektov \u2013 rie\u0161en\u00ed teoretick\u00fdch [&hellip;]\" \/>\n<meta property=\"og:url\" content=\"https:\/\/archiv.siov.sk\/en\/stredoskolaci-odborne-o-vyuziti-alternativnych-zdrojov-energii-a-ochrane-zivotneho-prostredia\/\" \/>\n<meta property=\"og:site_name\" content=\"\u0160IOV - \u0161t\u00e1tny in\u0161tit\u00fat odborn\u00e9ho vzdel\u00e1vania\" \/>\n<meta property=\"article:publisher\" content=\"https:\/\/www.facebook.com\/Statnyinstitutodbornehovzdelavania\" \/>\n<meta property=\"article:published_time\" content=\"2025-04-07T10:25:54+00:00\" \/>\n<meta property=\"article:modified_time\" content=\"2025-04-07T10:26:11+00:00\" \/>\n<meta property=\"og:image\" content=\"https:\/\/archiv.siov.sk\/wp-content\/uploads\/2025\/04\/enersol.jpg\" \/>\n\t<meta property=\"og:image:width\" content=\"1179\" \/>\n\t<meta property=\"og:image:height\" content=\"1572\" \/>\n\t<meta property=\"og:image:type\" content=\"image\/jpeg\" \/>\n<meta name=\"author\" content=\"Katar\u00edna Kov\u00e1\u010dov\u00e1\" \/>\n<meta name=\"twitter:card\" content=\"summary_large_image\" \/>\n<meta name=\"twitter:label1\" content=\"Written by\" \/>\n\t<meta name=\"twitter:data1\" content=\"Katar\u00edna Kov\u00e1\u010dov\u00e1\" \/>\n\t<meta name=\"twitter:label2\" content=\"Estimated reading time\" \/>\n\t<meta name=\"twitter:data2\" content=\"2 minutes\" \/>\n<script type=\"application\/ld+json\" class=\"yoast-schema-graph\">{\"@context\":\"https:\\\/\\\/schema.org\",\"@graph\":[{\"@type\":\"Article\",\"@id\":\"https:\\\/\\\/archiv.siov.sk\\\/stredoskolaci-odborne-o-vyuziti-alternativnych-zdrojov-energii-a-ochrane-zivotneho-prostredia\\\/#article\",\"isPartOf\":{\"@id\":\"https:\\\/\\\/archiv.siov.sk\\\/stredoskolaci-odborne-o-vyuziti-alternativnych-zdrojov-energii-a-ochrane-zivotneho-prostredia\\\/\"},\"author\":{\"name\":\"Katar\u00edna Kov\u00e1\u010dov\u00e1\",\"@id\":\"https:\\\/\\\/archiv.siov.sk\\\/#\\\/schema\\\/person\\\/e42d633fbd958c6a726e8834d8965e6c\"},\"headline\":\"Stredo\u0161kol\u00e1ci odborne o vyu\u017eit\u00ed alternat\u00edvnych zdrojov energi\u00ed a ochrane \u017eivotn\u00e9ho prostredia\",\"datePublished\":\"2025-04-07T10:25:54+00:00\",\"dateModified\":\"2025-04-07T10:26:11+00:00\",\"mainEntityOfPage\":{\"@id\":\"https:\\\/\\\/archiv.siov.sk\\\/stredoskolaci-odborne-o-vyuziti-alternativnych-zdrojov-energii-a-ochrane-zivotneho-prostredia\\\/\"},\"wordCount\":417,\"publisher\":{\"@id\":\"https:\\\/\\\/archiv.siov.sk\\\/#organization\"},\"image\":{\"@id\":\"https:\\\/\\\/archiv.siov.sk\\\/stredoskolaci-odborne-o-vyuziti-alternativnych-zdrojov-energii-a-ochrane-zivotneho-prostredia\\\/#primaryimage\"},\"thumbnailUrl\":\"https:\\\/\\\/archiv.siov.sk\\\/wp-content\\\/uploads\\\/2025\\\/04\\\/enersol.jpg\",\"articleSection\":[\"Aktuality\"],\"inLanguage\":\"en-GB\"},{\"@type\":\"WebPage\",\"@id\":\"https:\\\/\\\/archiv.siov.sk\\\/stredoskolaci-odborne-o-vyuziti-alternativnych-zdrojov-energii-a-ochrane-zivotneho-prostredia\\\/\",\"url\":\"https:\\\/\\\/archiv.siov.sk\\\/stredoskolaci-odborne-o-vyuziti-alternativnych-zdrojov-energii-a-ochrane-zivotneho-prostredia\\\/\",\"name\":\"Stredo\u0161kol\u00e1ci odborne o vyu\u017eit\u00ed alternat\u00edvnych zdrojov energi\u00ed a ochrane \u017eivotn\u00e9ho prostredia - \u0160IOV - \u0161t\u00e1tny in\u0161tit\u00fat odborn\u00e9ho vzdel\u00e1vania\",\"isPartOf\":{\"@id\":\"https:\\\/\\\/archiv.siov.sk\\\/#website\"},\"primaryImageOfPage\":{\"@id\":\"https:\\\/\\\/archiv.siov.sk\\\/stredoskolaci-odborne-o-vyuziti-alternativnych-zdrojov-energii-a-ochrane-zivotneho-prostredia\\\/#primaryimage\"},\"image\":{\"@id\":\"https:\\\/\\\/archiv.siov.sk\\\/stredoskolaci-odborne-o-vyuziti-alternativnych-zdrojov-energii-a-ochrane-zivotneho-prostredia\\\/#primaryimage\"},\"thumbnailUrl\":\"https:\\\/\\\/archiv.siov.sk\\\/wp-content\\\/uploads\\\/2025\\\/04\\\/enersol.jpg\",\"datePublished\":\"2025-04-07T10:25:54+00:00\",\"dateModified\":\"2025-04-07T10:26:11+00:00\",\"breadcrumb\":{\"@id\":\"https:\\\/\\\/archiv.siov.sk\\\/stredoskolaci-odborne-o-vyuziti-alternativnych-zdrojov-energii-a-ochrane-zivotneho-prostredia\\\/#breadcrumb\"},\"inLanguage\":\"en-GB\",\"potentialAction\":[{\"@type\":\"ReadAction\",\"target\":[\"https:\\\/\\\/archiv.siov.sk\\\/stredoskolaci-odborne-o-vyuziti-alternativnych-zdrojov-energii-a-ochrane-zivotneho-prostredia\\\/\"]}]},{\"@type\":\"ImageObject\",\"inLanguage\":\"en-GB\",\"@id\":\"https:\\\/\\\/archiv.siov.sk\\\/stredoskolaci-odborne-o-vyuziti-alternativnych-zdrojov-energii-a-ochrane-zivotneho-prostredia\\\/#primaryimage\",\"url\":\"https:\\\/\\\/archiv.siov.sk\\\/wp-content\\\/uploads\\\/2025\\\/04\\\/enersol.jpg\",\"contentUrl\":\"https:\\\/\\\/archiv.siov.sk\\\/wp-content\\\/uploads\\\/2025\\\/04\\\/enersol.jpg\",\"width\":1179,\"height\":1572},{\"@type\":\"BreadcrumbList\",\"@id\":\"https:\\\/\\\/archiv.siov.sk\\\/stredoskolaci-odborne-o-vyuziti-alternativnych-zdrojov-energii-a-ochrane-zivotneho-prostredia\\\/#breadcrumb\",\"itemListElement\":[{\"@type\":\"ListItem\",\"position\":1,\"name\":\"Home\",\"item\":\"https:\\\/\\\/archiv.siov.sk\\\/\"},{\"@type\":\"ListItem\",\"position\":2,\"name\":\"Stredo\u0161kol\u00e1ci odborne o vyu\u017eit\u00ed alternat\u00edvnych zdrojov energi\u00ed a ochrane \u017eivotn\u00e9ho prostredia\"}]},{\"@type\":\"WebSite\",\"@id\":\"https:\\\/\\\/archiv.siov.sk\\\/#website\",\"url\":\"https:\\\/\\\/archiv.siov.sk\\\/\",\"name\":\"\u0160IOV - \u0161t\u00e1tny in\u0161tit\u00fat odborn\u00e9ho vzdel\u00e1vania\",\"description\":\"\",\"publisher\":{\"@id\":\"https:\\\/\\\/archiv.siov.sk\\\/#organization\"},\"potentialAction\":[{\"@type\":\"SearchAction\",\"target\":{\"@type\":\"EntryPoint\",\"urlTemplate\":\"https:\\\/\\\/archiv.siov.sk\\\/?s={search_term_string}\"},\"query-input\":{\"@type\":\"PropertyValueSpecification\",\"valueRequired\":true,\"valueName\":\"search_term_string\"}}],\"inLanguage\":\"en-GB\"},{\"@type\":\"Organization\",\"@id\":\"https:\\\/\\\/archiv.siov.sk\\\/#organization\",\"name\":\"\u0160IOV - \u0161t\u00e1tny in\u0161tit\u00fat odborn\u00e9ho vzdel\u00e1vania\",\"url\":\"https:\\\/\\\/archiv.siov.sk\\\/\",\"logo\":{\"@type\":\"ImageObject\",\"inLanguage\":\"en-GB\",\"@id\":\"https:\\\/\\\/archiv.siov.sk\\\/#\\\/schema\\\/logo\\\/image\\\/\",\"url\":\"https:\\\/\\\/archiv.siov.sk\\\/wp-content\\\/uploads\\\/2024\\\/02\\\/logo-SIOV.png\",\"contentUrl\":\"https:\\\/\\\/archiv.siov.sk\\\/wp-content\\\/uploads\\\/2024\\\/02\\\/logo-SIOV.png\",\"width\":431,\"height\":143,\"caption\":\"\u0160IOV - \u0161t\u00e1tny in\u0161tit\u00fat odborn\u00e9ho vzdel\u00e1vania\"},\"image\":{\"@id\":\"https:\\\/\\\/archiv.siov.sk\\\/#\\\/schema\\\/logo\\\/image\\\/\"},\"sameAs\":[\"https:\\\/\\\/www.facebook.com\\\/Statnyinstitutodbornehovzdelavania\"]},{\"@type\":\"Person\",\"@id\":\"https:\\\/\\\/archiv.siov.sk\\\/#\\\/schema\\\/person\\\/e42d633fbd958c6a726e8834d8965e6c\",\"name\":\"Katar\u00edna Kov\u00e1\u010dov\u00e1\",\"url\":\"https:\\\/\\\/archiv.siov.sk\\\/en\\\/author\\\/katkakovacova\\\/\"}]}<\/script>\n<!-- \/ Yoast SEO plugin. -->","yoast_head_json":{"title":"Stredo\u0161kol\u00e1ci odborne o vyu\u017eit\u00ed alternat\u00edvnych zdrojov energi\u00ed a ochrane \u017eivotn\u00e9ho prostredia - \u0160IOV - \u0161t\u00e1tny in\u0161tit\u00fat odborn\u00e9ho vzdel\u00e1vania","robots":{"index":"index","follow":"follow","max-snippet":"max-snippet:-1","max-image-preview":"max-image-preview:large","max-video-preview":"max-video-preview:-1"},"canonical":"https:\/\/archiv.siov.sk\/en\/stredoskolaci-odborne-o-vyuziti-alternativnych-zdrojov-energii-a-ochrane-zivotneho-prostredia\/","og_locale":"en_GB","og_type":"article","og_title":"Stredo\u0161kol\u00e1ci odborne o vyu\u017eit\u00ed alternat\u00edvnych zdrojov energi\u00ed a ochrane \u017eivotn\u00e9ho prostredia - \u0160IOV - \u0161t\u00e1tny in\u0161tit\u00fat odborn\u00e9ho vzdel\u00e1vania","og_description":"Stredn\u00e1 odborn\u00e1 \u0161kola podnikania v\u00a0remesl\u00e1ch a\u00a0slu\u017eb\u00e1ch,\u00a0V. P. T\u00f3tha v\u00a0Senici priv\u00edtala 25.-27. marca \u00fa\u010dastn\u00edkov 15. ro\u010dn\u00edka celo\u0161t\u00e1tnej s\u00fa\u0165a\u017ee zameranej na podporu stredo\u0161kolsk\u00fdch talentov v\u00a0oblasti vyu\u017e\u00edvania alternat\u00edvnych, obnovite\u013en\u00fdch zdrojov energie, ako aj energetick\u00fdch \u00faspor a\u00a0zni\u017eovania emisi\u00ed v\u00a0doprave. Do fin\u00e1lov\u00e9ho kola s\u00fa\u0165a\u017ee post\u00fapili najlep\u0161\u00ed \u017eiaci z\u00a0krajsk\u00fdch k\u00f4l. ENERSOL\u2013SK je postaven\u00fd na s\u00fa\u0165a\u017en\u00fdch prehliadkach najlep\u0161\u00edch projektov \u2013 rie\u0161en\u00ed teoretick\u00fdch [&hellip;]","og_url":"https:\/\/archiv.siov.sk\/en\/stredoskolaci-odborne-o-vyuziti-alternativnych-zdrojov-energii-a-ochrane-zivotneho-prostredia\/","og_site_name":"\u0160IOV - \u0161t\u00e1tny in\u0161tit\u00fat odborn\u00e9ho vzdel\u00e1vania","article_publisher":"https:\/\/www.facebook.com\/Statnyinstitutodbornehovzdelavania","article_published_time":"2025-04-07T10:25:54+00:00","article_modified_time":"2025-04-07T10:26:11+00:00","og_image":[{"width":1179,"height":1572,"url":"https:\/\/archiv.siov.sk\/wp-content\/uploads\/2025\/04\/enersol.jpg","type":"image\/jpeg"}],"author":"Katar\u00edna Kov\u00e1\u010dov\u00e1","twitter_card":"summary_large_image","twitter_misc":{"Written by":"Katar\u00edna Kov\u00e1\u010dov\u00e1","Estimated reading time":"2 minutes"},"schema":{"@context":"https:\/\/schema.org","@graph":[{"@type":"Article","@id":"https:\/\/archiv.siov.sk\/stredoskolaci-odborne-o-vyuziti-alternativnych-zdrojov-energii-a-ochrane-zivotneho-prostredia\/#article","isPartOf":{"@id":"https:\/\/archiv.siov.sk\/stredoskolaci-odborne-o-vyuziti-alternativnych-zdrojov-energii-a-ochrane-zivotneho-prostredia\/"},"author":{"name":"Katar\u00edna Kov\u00e1\u010dov\u00e1","@id":"https:\/\/archiv.siov.sk\/#\/schema\/person\/e42d633fbd958c6a726e8834d8965e6c"},"headline":"Stredo\u0161kol\u00e1ci odborne o vyu\u017eit\u00ed alternat\u00edvnych zdrojov energi\u00ed a ochrane \u017eivotn\u00e9ho prostredia","datePublished":"2025-04-07T10:25:54+00:00","dateModified":"2025-04-07T10:26:11+00:00","mainEntityOfPage":{"@id":"https:\/\/archiv.siov.sk\/stredoskolaci-odborne-o-vyuziti-alternativnych-zdrojov-energii-a-ochrane-zivotneho-prostredia\/"},"wordCount":417,"publisher":{"@id":"https:\/\/archiv.siov.sk\/#organization"},"image":{"@id":"https:\/\/archiv.siov.sk\/stredoskolaci-odborne-o-vyuziti-alternativnych-zdrojov-energii-a-ochrane-zivotneho-prostredia\/#primaryimage"},"thumbnailUrl":"https:\/\/archiv.siov.sk\/wp-content\/uploads\/2025\/04\/enersol.jpg","articleSection":["Aktuality"],"inLanguage":"en-GB"},{"@type":"WebPage","@id":"https:\/\/archiv.siov.sk\/stredoskolaci-odborne-o-vyuziti-alternativnych-zdrojov-energii-a-ochrane-zivotneho-prostredia\/","url":"https:\/\/archiv.siov.sk\/stredoskolaci-odborne-o-vyuziti-alternativnych-zdrojov-energii-a-ochrane-zivotneho-prostredia\/","name":"Stredo\u0161kol\u00e1ci odborne o vyu\u017eit\u00ed alternat\u00edvnych zdrojov energi\u00ed a ochrane \u017eivotn\u00e9ho prostredia - \u0160IOV - \u0161t\u00e1tny in\u0161tit\u00fat odborn\u00e9ho vzdel\u00e1vania","isPartOf":{"@id":"https:\/\/archiv.siov.sk\/#website"},"primaryImageOfPage":{"@id":"https:\/\/archiv.siov.sk\/stredoskolaci-odborne-o-vyuziti-alternativnych-zdrojov-energii-a-ochrane-zivotneho-prostredia\/#primaryimage"},"image":{"@id":"https:\/\/archiv.siov.sk\/stredoskolaci-odborne-o-vyuziti-alternativnych-zdrojov-energii-a-ochrane-zivotneho-prostredia\/#primaryimage"},"thumbnailUrl":"https:\/\/archiv.siov.sk\/wp-content\/uploads\/2025\/04\/enersol.jpg","datePublished":"2025-04-07T10:25:54+00:00","dateModified":"2025-04-07T10:26:11+00:00","breadcrumb":{"@id":"https:\/\/archiv.siov.sk\/stredoskolaci-odborne-o-vyuziti-alternativnych-zdrojov-energii-a-ochrane-zivotneho-prostredia\/#breadcrumb"},"inLanguage":"en-GB","potentialAction":[{"@type":"ReadAction","target":["https:\/\/archiv.siov.sk\/stredoskolaci-odborne-o-vyuziti-alternativnych-zdrojov-energii-a-ochrane-zivotneho-prostredia\/"]}]},{"@type":"ImageObject","inLanguage":"en-GB","@id":"https:\/\/archiv.siov.sk\/stredoskolaci-odborne-o-vyuziti-alternativnych-zdrojov-energii-a-ochrane-zivotneho-prostredia\/#primaryimage","url":"https:\/\/archiv.siov.sk\/wp-content\/uploads\/2025\/04\/enersol.jpg","contentUrl":"https:\/\/archiv.siov.sk\/wp-content\/uploads\/2025\/04\/enersol.jpg","width":1179,"height":1572},{"@type":"BreadcrumbList","@id":"https:\/\/archiv.siov.sk\/stredoskolaci-odborne-o-vyuziti-alternativnych-zdrojov-energii-a-ochrane-zivotneho-prostredia\/#breadcrumb","itemListElement":[{"@type":"ListItem","position":1,"name":"Home","item":"https:\/\/archiv.siov.sk\/"},{"@type":"ListItem","position":2,"name":"Stredo\u0161kol\u00e1ci odborne o vyu\u017eit\u00ed alternat\u00edvnych zdrojov energi\u00ed a ochrane \u017eivotn\u00e9ho prostredia"}]},{"@type":"WebSite","@id":"https:\/\/archiv.siov.sk\/#website","url":"https:\/\/archiv.siov.sk\/","name":"\u0160IOV - \u0161t\u00e1tny in\u0161tit\u00fat odborn\u00e9ho vzdel\u00e1vania","description":"","publisher":{"@id":"https:\/\/archiv.siov.sk\/#organization"},"potentialAction":[{"@type":"SearchAction","target":{"@type":"EntryPoint","urlTemplate":"https:\/\/archiv.siov.sk\/?s={search_term_string}"},"query-input":{"@type":"PropertyValueSpecification","valueRequired":true,"valueName":"search_term_string"}}],"inLanguage":"en-GB"},{"@type":"Organization","@id":"https:\/\/archiv.siov.sk\/#organization","name":"\u0160IOV - \u0161t\u00e1tny in\u0161tit\u00fat odborn\u00e9ho vzdel\u00e1vania","url":"https:\/\/archiv.siov.sk\/","logo":{"@type":"ImageObject","inLanguage":"en-GB","@id":"https:\/\/archiv.siov.sk\/#\/schema\/logo\/image\/","url":"https:\/\/archiv.siov.sk\/wp-content\/uploads\/2024\/02\/logo-SIOV.png","contentUrl":"https:\/\/archiv.siov.sk\/wp-content\/uploads\/2024\/02\/logo-SIOV.png","width":431,"height":143,"caption":"\u0160IOV - \u0161t\u00e1tny in\u0161tit\u00fat odborn\u00e9ho vzdel\u00e1vania"},"image":{"@id":"https:\/\/archiv.siov.sk\/#\/schema\/logo\/image\/"},"sameAs":["https:\/\/www.facebook.com\/Statnyinstitutodbornehovzdelavania"]},{"@type":"Person","@id":"https:\/\/archiv.siov.sk\/#\/schema\/person\/e42d633fbd958c6a726e8834d8965e6c","name":"Katar\u00edna Kov\u00e1\u010dov\u00e1","url":"https:\/\/archiv.siov.sk\/en\/author\/katkakovacova\/"}]}},"_links":{"self":[{"href":"https:\/\/archiv.siov.sk\/en\/wp-json\/wp\/v2\/posts\/18257","targetHints":{"allow":["GET"]}}],"collection":[{"href":"https:\/\/archiv.siov.sk\/en\/wp-json\/wp\/v2\/posts"}],"about":[{"href":"https:\/\/archiv.siov.sk\/en\/wp-json\/wp\/v2\/types\/post"}],"author":[{"embeddable":true,"href":"https:\/\/archiv.siov.sk\/en\/wp-json\/wp\/v2\/users\/6"}],"replies":[{"embeddable":true,"href":"https:\/\/archiv.siov.sk\/en\/wp-json\/wp\/v2\/comments?post=18257"}],"version-history":[{"count":2,"href":"https:\/\/archiv.siov.sk\/en\/wp-json\/wp\/v2\/posts\/18257\/revisions"}],"predecessor-version":[{"id":18261,"href":"https:\/\/archiv.siov.sk\/en\/wp-json\/wp\/v2\/posts\/18257\/revisions\/18261"}],"wp:featuredmedia":[{"embeddable":true,"href":"https:\/\/archiv.siov.sk\/en\/wp-json\/wp\/v2\/media\/18259"}],"wp:attachment":[{"href":"https:\/\/archiv.siov.sk\/en\/wp-json\/wp\/v2\/media?parent=18257"}],"wp:term":[{"taxonomy":"category","embeddable":true,"href":"https:\/\/archiv.siov.sk\/en\/wp-json\/wp\/v2\/categories?post=18257"},{"taxonomy":"post_tag","embeddable":true,"href":"https:\/\/archiv.siov.sk\/en\/wp-json\/wp\/v2\/tags?post=18257"}],"curies":[{"name":"wp","href":"https:\/\/api.w.org\/{rel}","templated":true}]}}