{"id":18241,"date":"2025-04-04T14:39:08","date_gmt":"2025-04-04T12:39:08","guid":{"rendered":"https:\/\/archiv.siov.sk\/?p=18241"},"modified":"2025-04-04T14:39:08","modified_gmt":"2025-04-04T12:39:08","slug":"ai-meni-podobu-profesii-aj-v-stavebnictve-preto-by-pri-formovani-buducich-odbornikov-nemali-chybat-zamestnavatelia","status":"publish","type":"post","link":"https:\/\/archiv.siov.sk\/en\/ai-meni-podobu-profesii-aj-v-stavebnictve-preto-by-pri-formovani-buducich-odbornikov-nemali-chybat-zamestnavatelia\/","title":{"rendered":"AI men\u00ed podobu profesi\u00ed aj v stavebn\u00edctve, preto by pri formovan\u00ed bud\u00facich odborn\u00edkov nemali ch\u00fdba\u0165 zamestn\u00e1vatelia"},"content":{"rendered":"<p>V r\u00e1mci ve\u013etrhu Coneco v bratislavskej Inchebe sa 4. apr\u00edla 2025 konalo odborn\u00e9 diskusn\u00e9 f\u00f3rum v kontexte nov\u00fdch technol\u00f3gi\u00ed a potrieb trhu pr\u00e1ce v stavebnom sektore. F\u00f3rum zorganizoval \u0160t\u00e1tny in\u0161tit\u00fat odborn\u00e9ho vzdel\u00e1vania (\u0160IOV) v spolupr\u00e1ci so Zv\u00e4zom stavebn\u00fdch podnikate\u013eov Slovenska (ZSPS) a Ministerstvom dopravy SR.<\/p>\n<p><img fetchpriority=\"high\" decoding=\"async\" class=\"size-medium wp-image-18246 alignleft\" src=\"https:\/\/archiv.siov.sk\/wp-content\/uploads\/2025\/04\/diskusne-forum_coneco_foto3-225x300.jpg\" alt=\"\" width=\"225\" height=\"300\" srcset=\"https:\/\/archiv.siov.sk\/wp-content\/uploads\/2025\/04\/diskusne-forum_coneco_foto3-225x300.jpg 225w, https:\/\/archiv.siov.sk\/wp-content\/uploads\/2025\/04\/diskusne-forum_coneco_foto3-768x1024.jpg 768w, https:\/\/archiv.siov.sk\/wp-content\/uploads\/2025\/04\/diskusne-forum_coneco_foto3-1152x1536.jpg 1152w, https:\/\/archiv.siov.sk\/wp-content\/uploads\/2025\/04\/diskusne-forum_coneco_foto3-9x12.jpg 9w, https:\/\/archiv.siov.sk\/wp-content\/uploads\/2025\/04\/diskusne-forum_coneco_foto3.jpg 1512w\" sizes=\"(max-width: 225px) 100vw, 225px\" \/>\u00dastrednou t\u00e9mou diskusn\u00e9ho f\u00f3ra bola kvalita odborn\u00e9ho vzdel\u00e1vania a pr\u00edpravy, ktor\u00e1 je z\u00e1kladom konkurencieschopn\u00e9ho stavebn\u00edctva. Pozvanie \u0160IOV vyst\u00fapi\u0165 na tomto f\u00f3re prijal aj Daniel Stamm, \u0161vaj\u010diarsky expert na odborn\u00e9 vzdel\u00e1vanie. \u00da\u010dastn\u00edkom predstavil \u0161vaj\u010diarsky model odborn\u00e9ho vzdel\u00e1vania a pr\u00edpravy, ktor\u00fd je postaven\u00fd na akt\u00edvnom zapojen\u00ed zamestn\u00e1vate\u013eov do pr\u00edpravy mlad\u00fdch odborn\u00edkov. Odborn\u00e9 vzdel\u00e1vanie tak nestr\u00e1ca krok s dobou, \u010do zaru\u010duje perspekt\u00edvnu bud\u00facnos\u0165 zamestnancov a podnikate\u013eov v stavebnom odvetv\u00ed. Po\u010das diskusie sa tie\u017e otvorila t\u00e9ma vplyvu umelej inteligencie (AI) na stavebn\u00fd priemysel, ako aj nevyhnutnos\u0165 invest\u00edci\u00ed do odborn\u00e9ho vzdel\u00e1vania, \u010do je k\u013e\u00fa\u010dov\u00e9 pre napredovanie tohto sektora. \u201ePou\u017e\u00edvanie AI zv\u00fd\u0161i v\u00fdznam kvalifikovan\u00fdch povolan\u00ed. Invest\u00edcie do energetiky, renov\u00e1cie a nov\u00fdch budov si bud\u00fa \u010doraz viac vy\u017eadova\u0165 kvalifikovan\u00fdch zamestnancov. Ka\u017edej organiz\u00e1cii sa odpor\u00fa\u010da, aby svojim zamestnancom pon\u00fakala dobr\u00e9 vzdel\u00e1vanie. Vy\u0161kolen\u00ed \u0161pecialisti zost\u00e1vaj\u00fa loj\u00e1lni k odvetviu a pos\u00favaj\u00fa dopredu stavebn\u00e9 technol\u00f3gie. Invest\u00edcia do dobrej z\u00e1kladnej pr\u00edpravy je v najlep\u0161om ekonomickom z\u00e1ujme stavebn\u00e9ho priemyslu,&#8220; uviedol Daniel Stamm.<\/p>\n<p>V r\u00e1mci diskusie riadite\u013e \u0160IOV Branislav Had\u00e1r zd\u00f4raznil, \u017ee \u201espolupr\u00e1ca medzi vzdel\u00e1vac\u00edmi in\u0161tit\u00faciami a zamestn\u00e1vate\u013emi tvor\u00ed z\u00e1klad ekosyst\u00e9mu partnerov p\u00f4sobiacich v oblasti form\u00e1lneho a neform\u00e1lneho vzdel\u00e1vania. V \u0160t\u00e1tnom in\u0161tit\u00fate odborn\u00e9ho vzdel\u00e1vania pom\u00e1hame rozv\u00edja\u0165 platformu, v r\u00e1mci ktorej bud\u00fa m\u00f4c\u0165 v\u0161etky zainteresovan\u00e9 strany spolupracova\u0165 na pr\u00edprave kvalitn\u00fdch vzdel\u00e1vac\u00edch programov a profesijn\u00fdch kvalifik\u00e1cii, ktor\u00e9 m\u00f4\u017eu v\u00fdznamne pom\u00f4c\u0165 aj sektoru stavebn\u00edctva.\u201c<\/p>\n<p><img decoding=\"async\" class=\"size-medium wp-image-18248 alignright\" src=\"https:\/\/archiv.siov.sk\/wp-content\/uploads\/2025\/04\/diskusne-forum_coneco_foto2-300x225.jpg\" alt=\"\" width=\"300\" height=\"225\" srcset=\"https:\/\/archiv.siov.sk\/wp-content\/uploads\/2025\/04\/diskusne-forum_coneco_foto2-300x225.jpg 300w, https:\/\/archiv.siov.sk\/wp-content\/uploads\/2025\/04\/diskusne-forum_coneco_foto2-1024x768.jpg 1024w, https:\/\/archiv.siov.sk\/wp-content\/uploads\/2025\/04\/diskusne-forum_coneco_foto2-768x576.jpg 768w, https:\/\/archiv.siov.sk\/wp-content\/uploads\/2025\/04\/diskusne-forum_coneco_foto2-1536x1152.jpg 1536w, https:\/\/archiv.siov.sk\/wp-content\/uploads\/2025\/04\/diskusne-forum_coneco_foto2-16x12.jpg 16w, https:\/\/archiv.siov.sk\/wp-content\/uploads\/2025\/04\/diskusne-forum_coneco_foto2.jpg 2016w\" sizes=\"(max-width: 300px) 100vw, 300px\" \/>\u201eAk chceme udr\u017ea\u0165 stavebn\u00fd sektor konkurencieschopn\u00fd, mus\u00edme zintenz\u00edvni\u0165 spolupr\u00e1cu medzi zamestn\u00e1vate\u013emi a odborn\u00fdm vzdel\u00e1van\u00edm. Kvalitne pripraven\u00ed odborn\u00edci s modern\u00fdmi zru\u010dnos\u0165ami s\u00fa k\u013e\u00fa\u010dov\u00fdm faktorom pre udr\u017eate\u013en\u00fd rozvoj n\u00e1\u0161ho odvetvia. T\u00e1to spolupr\u00e1ca je d\u00f4le\u017eit\u00e1 aj pre zv\u00fd\u0161enie atrakt\u00edvnosti sektora pre mlad\u00fdch \u013eud\u00ed, ktor\u00ed odch\u00e1dzaj\u00fa do in\u00e9ho odvetvia alebo krajiny,\u201c dodal P. Kov\u00e1\u010dik, prezident Zv\u00e4zu stavebn\u00fdch podnikate\u013eov Slovenska.<\/p>\n<p>Tohtoro\u010dn\u00e9 odborn\u00e9 diskusn\u00e9 f\u00f3rum sa konalo v r\u00e1mci Programu \u0161vaj\u010diarsko-slovenskej spolupr\u00e1ce a projektu RepowerE(d)U. Pon\u00faklo priestor na zdie\u013eanie najnov\u0161\u00edch trendov, v\u00fdmenu n\u00e1zorov a nadviazanie spolupr\u00e1c medzi z\u00e1stupcami stavebn\u00fdch firiem, vzdel\u00e1vac\u00edch<br \/>\nin\u0161tit\u00faci\u00ed a \u0161t\u00e1tnych org\u00e1nov.<\/p>\n<p><img decoding=\"async\" class=\"alignnone wp-image-18247 size-large\" src=\"https:\/\/archiv.siov.sk\/wp-content\/uploads\/2025\/04\/diskusne-forum_coneco_foto4-1024x763.jpg\" alt=\"\" width=\"1024\" height=\"763\" srcset=\"https:\/\/archiv.siov.sk\/wp-content\/uploads\/2025\/04\/diskusne-forum_coneco_foto4-1024x763.jpg 1024w, https:\/\/archiv.siov.sk\/wp-content\/uploads\/2025\/04\/diskusne-forum_coneco_foto4-300x224.jpg 300w, https:\/\/archiv.siov.sk\/wp-content\/uploads\/2025\/04\/diskusne-forum_coneco_foto4-768x572.jpg 768w, https:\/\/archiv.siov.sk\/wp-content\/uploads\/2025\/04\/diskusne-forum_coneco_foto4-16x12.jpg 16w, https:\/\/archiv.siov.sk\/wp-content\/uploads\/2025\/04\/diskusne-forum_coneco_foto4.jpg 1197w\" sizes=\"(max-width: 1024px) 100vw, 1024px\" \/><\/p>","protected":false},"excerpt":{"rendered":"<p>V r\u00e1mci ve\u013etrhu Coneco v bratislavskej Inchebe sa 4. apr\u00edla 2025 konalo odborn\u00e9 diskusn\u00e9 f\u00f3rum v kontexte nov\u00fdch technol\u00f3gi\u00ed a potrieb trhu pr\u00e1ce v stavebnom sektore. F\u00f3rum zorganizoval \u0160t\u00e1tny in\u0161tit\u00fat odborn\u00e9ho vzdel\u00e1vania (\u0160IOV) v spolupr\u00e1ci so Zv\u00e4zom stavebn\u00fdch podnikate\u013eov Slovenska (ZSPS) a Ministerstvom dopravy SR. \u00dastrednou t\u00e9mou diskusn\u00e9ho f\u00f3ra bola kvalita odborn\u00e9ho vzdel\u00e1vania a pr\u00edpravy, [&hellip;]<\/p>\n","protected":false},"author":11,"featured_media":18242,"comment_status":"closed","ping_status":"closed","sticky":false,"template":"","format":"standard","meta":{"site-sidebar-layout":"default","site-content-layout":"","ast-site-content-layout":"default","site-content-style":"default","site-sidebar-style":"default","ast-global-header-display":"","ast-banner-title-visibility":"","ast-main-header-display":"","ast-hfb-above-header-display":"","ast-hfb-below-header-display":"","ast-hfb-mobile-header-display":"","site-post-title":"","ast-breadcrumbs-content":"","ast-featured-img":"","footer-sml-layout":"","ast-disable-related-posts":"","theme-transparent-header-meta":"default","adv-header-id-meta":"","stick-header-meta":"default","header-above-stick-meta":"","header-main-stick-meta":"","header-below-stick-meta":"","astra-migrate-meta-layouts":"set","ast-page-background-enabled":"default","ast-page-background-meta":{"desktop":{"background-color":"var(--ast-global-color-4)","background-image":"","background-repeat":"repeat","background-position":"center center","background-size":"auto","background-attachment":"scroll","background-type":"","background-media":"","overlay-type":"","overlay-color":"","overlay-opacity":"","overlay-gradient":""},"tablet":{"background-color":"","background-image":"","background-repeat":"repeat","background-position":"center center","background-size":"auto","background-attachment":"scroll","background-type":"","background-media":"","overlay-type":"","overlay-color":"","overlay-opacity":"","overlay-gradient":""},"mobile":{"background-color":"","background-image":"","background-repeat":"repeat","background-position":"center center","background-size":"auto","background-attachment":"scroll","background-type":"","background-media":"","overlay-type":"","overlay-color":"","overlay-opacity":"","overlay-gradient":""}},"ast-content-background-meta":{"desktop":{"background-color":"var(--ast-global-color-5)","background-image":"","background-repeat":"repeat","background-position":"center center","background-size":"auto","background-attachment":"scroll","background-type":"","background-media":"","overlay-type":"","overlay-color":"","overlay-opacity":"","overlay-gradient":""},"tablet":{"background-color":"var(--ast-global-color-5)","background-image":"","background-repeat":"repeat","background-position":"center center","background-size":"auto","background-attachment":"scroll","background-type":"","background-media":"","overlay-type":"","overlay-color":"","overlay-opacity":"","overlay-gradient":""},"mobile":{"background-color":"var(--ast-global-color-5)","background-image":"","background-repeat":"repeat","background-position":"center center","background-size":"auto","background-attachment":"scroll","background-type":"","background-media":"","overlay-type":"","overlay-color":"","overlay-opacity":"","overlay-gradient":""}},"footnotes":""},"categories":[1],"tags":[],"class_list":["post-18241","post","type-post","status-publish","format-standard","has-post-thumbnail","hentry","category-aktuality"],"yoast_head":"<!-- This site is optimized with the Yoast SEO plugin v27.5 - https:\/\/yoast.com\/product\/yoast-seo-wordpress\/ -->\n<title>AI men\u00ed podobu profesi\u00ed aj v stavebn\u00edctve, preto by pri formovan\u00ed bud\u00facich odborn\u00edkov nemali ch\u00fdba\u0165 zamestn\u00e1vatelia - \u0160IOV - \u0161t\u00e1tny in\u0161tit\u00fat odborn\u00e9ho vzdel\u00e1vania<\/title>\n<meta name=\"robots\" content=\"index, follow, max-snippet:-1, max-image-preview:large, max-video-preview:-1\" \/>\n<link rel=\"canonical\" href=\"https:\/\/archiv.siov.sk\/en\/ai-meni-podobu-profesii-aj-v-stavebnictve-preto-by-pri-formovani-buducich-odbornikov-nemali-chybat-zamestnavatelia\/\" \/>\n<meta property=\"og:locale\" content=\"en_GB\" \/>\n<meta property=\"og:type\" content=\"article\" \/>\n<meta property=\"og:title\" content=\"AI men\u00ed podobu profesi\u00ed aj v stavebn\u00edctve, preto by pri formovan\u00ed bud\u00facich odborn\u00edkov nemali ch\u00fdba\u0165 zamestn\u00e1vatelia - \u0160IOV - \u0161t\u00e1tny in\u0161tit\u00fat odborn\u00e9ho vzdel\u00e1vania\" \/>\n<meta property=\"og:description\" content=\"V r\u00e1mci ve\u013etrhu Coneco v bratislavskej Inchebe sa 4. apr\u00edla 2025 konalo odborn\u00e9 diskusn\u00e9 f\u00f3rum v kontexte nov\u00fdch technol\u00f3gi\u00ed a potrieb trhu pr\u00e1ce v stavebnom sektore. F\u00f3rum zorganizoval \u0160t\u00e1tny in\u0161tit\u00fat odborn\u00e9ho vzdel\u00e1vania (\u0160IOV) v spolupr\u00e1ci so Zv\u00e4zom stavebn\u00fdch podnikate\u013eov Slovenska (ZSPS) a Ministerstvom dopravy SR. \u00dastrednou t\u00e9mou diskusn\u00e9ho f\u00f3ra bola kvalita odborn\u00e9ho vzdel\u00e1vania a pr\u00edpravy, [&hellip;]\" \/>\n<meta property=\"og:url\" content=\"https:\/\/archiv.siov.sk\/en\/ai-meni-podobu-profesii-aj-v-stavebnictve-preto-by-pri-formovani-buducich-odbornikov-nemali-chybat-zamestnavatelia\/\" \/>\n<meta property=\"og:site_name\" content=\"\u0160IOV - \u0161t\u00e1tny in\u0161tit\u00fat odborn\u00e9ho vzdel\u00e1vania\" \/>\n<meta property=\"article:publisher\" content=\"https:\/\/www.facebook.com\/Statnyinstitutodbornehovzdelavania\" \/>\n<meta property=\"article:published_time\" content=\"2025-04-04T12:39:08+00:00\" \/>\n<meta property=\"og:image\" content=\"https:\/\/archiv.siov.sk\/wp-content\/uploads\/2025\/04\/diskusne-forum_coneco_foto-1-e1743770059752.jpg\" \/>\n\t<meta property=\"og:image:width\" content=\"2016\" \/>\n\t<meta property=\"og:image:height\" content=\"1068\" \/>\n\t<meta property=\"og:image:type\" content=\"image\/jpeg\" \/>\n<meta name=\"author\" content=\"Sylvia Hamadejova\" \/>\n<meta name=\"twitter:card\" content=\"summary_large_image\" \/>\n<meta name=\"twitter:label1\" content=\"Written by\" \/>\n\t<meta name=\"twitter:data1\" content=\"Sylvia Hamadejova\" \/>\n\t<meta name=\"twitter:label2\" content=\"Estimated reading time\" \/>\n\t<meta name=\"twitter:data2\" content=\"3 minutes\" \/>\n<script type=\"application\/ld+json\" class=\"yoast-schema-graph\">{\"@context\":\"https:\\\/\\\/schema.org\",\"@graph\":[{\"@type\":\"Article\",\"@id\":\"https:\\\/\\\/archiv.siov.sk\\\/ai-meni-podobu-profesii-aj-v-stavebnictve-preto-by-pri-formovani-buducich-odbornikov-nemali-chybat-zamestnavatelia\\\/#article\",\"isPartOf\":{\"@id\":\"https:\\\/\\\/archiv.siov.sk\\\/ai-meni-podobu-profesii-aj-v-stavebnictve-preto-by-pri-formovani-buducich-odbornikov-nemali-chybat-zamestnavatelia\\\/\"},\"author\":{\"name\":\"Sylvia Hamadejova\",\"@id\":\"https:\\\/\\\/archiv.siov.sk\\\/#\\\/schema\\\/person\\\/70de33c3c88facac4a386ef06f733b92\"},\"headline\":\"AI men\u00ed podobu profesi\u00ed aj v stavebn\u00edctve, preto by pri formovan\u00ed bud\u00facich odborn\u00edkov nemali ch\u00fdba\u0165 zamestn\u00e1vatelia\",\"datePublished\":\"2025-04-04T12:39:08+00:00\",\"mainEntityOfPage\":{\"@id\":\"https:\\\/\\\/archiv.siov.sk\\\/ai-meni-podobu-profesii-aj-v-stavebnictve-preto-by-pri-formovani-buducich-odbornikov-nemali-chybat-zamestnavatelia\\\/\"},\"wordCount\":526,\"publisher\":{\"@id\":\"https:\\\/\\\/archiv.siov.sk\\\/#organization\"},\"image\":{\"@id\":\"https:\\\/\\\/archiv.siov.sk\\\/ai-meni-podobu-profesii-aj-v-stavebnictve-preto-by-pri-formovani-buducich-odbornikov-nemali-chybat-zamestnavatelia\\\/#primaryimage\"},\"thumbnailUrl\":\"https:\\\/\\\/archiv.siov.sk\\\/wp-content\\\/uploads\\\/2025\\\/04\\\/diskusne-forum_coneco_foto-1-e1743770059752.jpg\",\"articleSection\":[\"Aktuality\"],\"inLanguage\":\"en-GB\"},{\"@type\":\"WebPage\",\"@id\":\"https:\\\/\\\/archiv.siov.sk\\\/ai-meni-podobu-profesii-aj-v-stavebnictve-preto-by-pri-formovani-buducich-odbornikov-nemali-chybat-zamestnavatelia\\\/\",\"url\":\"https:\\\/\\\/archiv.siov.sk\\\/ai-meni-podobu-profesii-aj-v-stavebnictve-preto-by-pri-formovani-buducich-odbornikov-nemali-chybat-zamestnavatelia\\\/\",\"name\":\"AI men\u00ed podobu profesi\u00ed aj v stavebn\u00edctve, preto by pri formovan\u00ed bud\u00facich odborn\u00edkov nemali ch\u00fdba\u0165 zamestn\u00e1vatelia - \u0160IOV - \u0161t\u00e1tny in\u0161tit\u00fat odborn\u00e9ho vzdel\u00e1vania\",\"isPartOf\":{\"@id\":\"https:\\\/\\\/archiv.siov.sk\\\/#website\"},\"primaryImageOfPage\":{\"@id\":\"https:\\\/\\\/archiv.siov.sk\\\/ai-meni-podobu-profesii-aj-v-stavebnictve-preto-by-pri-formovani-buducich-odbornikov-nemali-chybat-zamestnavatelia\\\/#primaryimage\"},\"image\":{\"@id\":\"https:\\\/\\\/archiv.siov.sk\\\/ai-meni-podobu-profesii-aj-v-stavebnictve-preto-by-pri-formovani-buducich-odbornikov-nemali-chybat-zamestnavatelia\\\/#primaryimage\"},\"thumbnailUrl\":\"https:\\\/\\\/archiv.siov.sk\\\/wp-content\\\/uploads\\\/2025\\\/04\\\/diskusne-forum_coneco_foto-1-e1743770059752.jpg\",\"datePublished\":\"2025-04-04T12:39:08+00:00\",\"breadcrumb\":{\"@id\":\"https:\\\/\\\/archiv.siov.sk\\\/ai-meni-podobu-profesii-aj-v-stavebnictve-preto-by-pri-formovani-buducich-odbornikov-nemali-chybat-zamestnavatelia\\\/#breadcrumb\"},\"inLanguage\":\"en-GB\",\"potentialAction\":[{\"@type\":\"ReadAction\",\"target\":[\"https:\\\/\\\/archiv.siov.sk\\\/ai-meni-podobu-profesii-aj-v-stavebnictve-preto-by-pri-formovani-buducich-odbornikov-nemali-chybat-zamestnavatelia\\\/\"]}]},{\"@type\":\"ImageObject\",\"inLanguage\":\"en-GB\",\"@id\":\"https:\\\/\\\/archiv.siov.sk\\\/ai-meni-podobu-profesii-aj-v-stavebnictve-preto-by-pri-formovani-buducich-odbornikov-nemali-chybat-zamestnavatelia\\\/#primaryimage\",\"url\":\"https:\\\/\\\/archiv.siov.sk\\\/wp-content\\\/uploads\\\/2025\\\/04\\\/diskusne-forum_coneco_foto-1-e1743770059752.jpg\",\"contentUrl\":\"https:\\\/\\\/archiv.siov.sk\\\/wp-content\\\/uploads\\\/2025\\\/04\\\/diskusne-forum_coneco_foto-1-e1743770059752.jpg\",\"width\":2016,\"height\":1068},{\"@type\":\"BreadcrumbList\",\"@id\":\"https:\\\/\\\/archiv.siov.sk\\\/ai-meni-podobu-profesii-aj-v-stavebnictve-preto-by-pri-formovani-buducich-odbornikov-nemali-chybat-zamestnavatelia\\\/#breadcrumb\",\"itemListElement\":[{\"@type\":\"ListItem\",\"position\":1,\"name\":\"Home\",\"item\":\"https:\\\/\\\/archiv.siov.sk\\\/\"},{\"@type\":\"ListItem\",\"position\":2,\"name\":\"AI men\u00ed podobu profesi\u00ed aj v stavebn\u00edctve, preto by pri formovan\u00ed bud\u00facich odborn\u00edkov nemali ch\u00fdba\u0165 zamestn\u00e1vatelia\"}]},{\"@type\":\"WebSite\",\"@id\":\"https:\\\/\\\/archiv.siov.sk\\\/#website\",\"url\":\"https:\\\/\\\/archiv.siov.sk\\\/\",\"name\":\"\u0160IOV - \u0161t\u00e1tny in\u0161tit\u00fat odborn\u00e9ho vzdel\u00e1vania\",\"description\":\"\",\"publisher\":{\"@id\":\"https:\\\/\\\/archiv.siov.sk\\\/#organization\"},\"potentialAction\":[{\"@type\":\"SearchAction\",\"target\":{\"@type\":\"EntryPoint\",\"urlTemplate\":\"https:\\\/\\\/archiv.siov.sk\\\/?s={search_term_string}\"},\"query-input\":{\"@type\":\"PropertyValueSpecification\",\"valueRequired\":true,\"valueName\":\"search_term_string\"}}],\"inLanguage\":\"en-GB\"},{\"@type\":\"Organization\",\"@id\":\"https:\\\/\\\/archiv.siov.sk\\\/#organization\",\"name\":\"\u0160IOV - \u0161t\u00e1tny in\u0161tit\u00fat odborn\u00e9ho vzdel\u00e1vania\",\"url\":\"https:\\\/\\\/archiv.siov.sk\\\/\",\"logo\":{\"@type\":\"ImageObject\",\"inLanguage\":\"en-GB\",\"@id\":\"https:\\\/\\\/archiv.siov.sk\\\/#\\\/schema\\\/logo\\\/image\\\/\",\"url\":\"https:\\\/\\\/archiv.siov.sk\\\/wp-content\\\/uploads\\\/2024\\\/02\\\/logo-SIOV.png\",\"contentUrl\":\"https:\\\/\\\/archiv.siov.sk\\\/wp-content\\\/uploads\\\/2024\\\/02\\\/logo-SIOV.png\",\"width\":431,\"height\":143,\"caption\":\"\u0160IOV - \u0161t\u00e1tny in\u0161tit\u00fat odborn\u00e9ho vzdel\u00e1vania\"},\"image\":{\"@id\":\"https:\\\/\\\/archiv.siov.sk\\\/#\\\/schema\\\/logo\\\/image\\\/\"},\"sameAs\":[\"https:\\\/\\\/www.facebook.com\\\/Statnyinstitutodbornehovzdelavania\"]},{\"@type\":\"Person\",\"@id\":\"https:\\\/\\\/archiv.siov.sk\\\/#\\\/schema\\\/person\\\/70de33c3c88facac4a386ef06f733b92\",\"name\":\"Sylvia Hamadejova\",\"url\":\"https:\\\/\\\/archiv.siov.sk\\\/en\\\/author\\\/hamadejovas\\\/\"}]}<\/script>\n<!-- \/ Yoast SEO plugin. -->","yoast_head_json":{"title":"AI men\u00ed podobu profesi\u00ed aj v stavebn\u00edctve, preto by pri formovan\u00ed bud\u00facich odborn\u00edkov nemali ch\u00fdba\u0165 zamestn\u00e1vatelia - \u0160IOV - \u0161t\u00e1tny in\u0161tit\u00fat odborn\u00e9ho vzdel\u00e1vania","robots":{"index":"index","follow":"follow","max-snippet":"max-snippet:-1","max-image-preview":"max-image-preview:large","max-video-preview":"max-video-preview:-1"},"canonical":"https:\/\/archiv.siov.sk\/en\/ai-meni-podobu-profesii-aj-v-stavebnictve-preto-by-pri-formovani-buducich-odbornikov-nemali-chybat-zamestnavatelia\/","og_locale":"en_GB","og_type":"article","og_title":"AI men\u00ed podobu profesi\u00ed aj v stavebn\u00edctve, preto by pri formovan\u00ed bud\u00facich odborn\u00edkov nemali ch\u00fdba\u0165 zamestn\u00e1vatelia - \u0160IOV - \u0161t\u00e1tny in\u0161tit\u00fat odborn\u00e9ho vzdel\u00e1vania","og_description":"V r\u00e1mci ve\u013etrhu Coneco v bratislavskej Inchebe sa 4. apr\u00edla 2025 konalo odborn\u00e9 diskusn\u00e9 f\u00f3rum v kontexte nov\u00fdch technol\u00f3gi\u00ed a potrieb trhu pr\u00e1ce v stavebnom sektore. F\u00f3rum zorganizoval \u0160t\u00e1tny in\u0161tit\u00fat odborn\u00e9ho vzdel\u00e1vania (\u0160IOV) v spolupr\u00e1ci so Zv\u00e4zom stavebn\u00fdch podnikate\u013eov Slovenska (ZSPS) a Ministerstvom dopravy SR. \u00dastrednou t\u00e9mou diskusn\u00e9ho f\u00f3ra bola kvalita odborn\u00e9ho vzdel\u00e1vania a pr\u00edpravy, [&hellip;]","og_url":"https:\/\/archiv.siov.sk\/en\/ai-meni-podobu-profesii-aj-v-stavebnictve-preto-by-pri-formovani-buducich-odbornikov-nemali-chybat-zamestnavatelia\/","og_site_name":"\u0160IOV - \u0161t\u00e1tny in\u0161tit\u00fat odborn\u00e9ho vzdel\u00e1vania","article_publisher":"https:\/\/www.facebook.com\/Statnyinstitutodbornehovzdelavania","article_published_time":"2025-04-04T12:39:08+00:00","og_image":[{"width":2016,"height":1068,"url":"https:\/\/archiv.siov.sk\/wp-content\/uploads\/2025\/04\/diskusne-forum_coneco_foto-1-e1743770059752.jpg","type":"image\/jpeg"}],"author":"Sylvia Hamadejova","twitter_card":"summary_large_image","twitter_misc":{"Written by":"Sylvia Hamadejova","Estimated reading time":"3 minutes"},"schema":{"@context":"https:\/\/schema.org","@graph":[{"@type":"Article","@id":"https:\/\/archiv.siov.sk\/ai-meni-podobu-profesii-aj-v-stavebnictve-preto-by-pri-formovani-buducich-odbornikov-nemali-chybat-zamestnavatelia\/#article","isPartOf":{"@id":"https:\/\/archiv.siov.sk\/ai-meni-podobu-profesii-aj-v-stavebnictve-preto-by-pri-formovani-buducich-odbornikov-nemali-chybat-zamestnavatelia\/"},"author":{"name":"Sylvia Hamadejova","@id":"https:\/\/archiv.siov.sk\/#\/schema\/person\/70de33c3c88facac4a386ef06f733b92"},"headline":"AI men\u00ed podobu profesi\u00ed aj v stavebn\u00edctve, preto by pri formovan\u00ed bud\u00facich odborn\u00edkov nemali ch\u00fdba\u0165 zamestn\u00e1vatelia","datePublished":"2025-04-04T12:39:08+00:00","mainEntityOfPage":{"@id":"https:\/\/archiv.siov.sk\/ai-meni-podobu-profesii-aj-v-stavebnictve-preto-by-pri-formovani-buducich-odbornikov-nemali-chybat-zamestnavatelia\/"},"wordCount":526,"publisher":{"@id":"https:\/\/archiv.siov.sk\/#organization"},"image":{"@id":"https:\/\/archiv.siov.sk\/ai-meni-podobu-profesii-aj-v-stavebnictve-preto-by-pri-formovani-buducich-odbornikov-nemali-chybat-zamestnavatelia\/#primaryimage"},"thumbnailUrl":"https:\/\/archiv.siov.sk\/wp-content\/uploads\/2025\/04\/diskusne-forum_coneco_foto-1-e1743770059752.jpg","articleSection":["Aktuality"],"inLanguage":"en-GB"},{"@type":"WebPage","@id":"https:\/\/archiv.siov.sk\/ai-meni-podobu-profesii-aj-v-stavebnictve-preto-by-pri-formovani-buducich-odbornikov-nemali-chybat-zamestnavatelia\/","url":"https:\/\/archiv.siov.sk\/ai-meni-podobu-profesii-aj-v-stavebnictve-preto-by-pri-formovani-buducich-odbornikov-nemali-chybat-zamestnavatelia\/","name":"AI men\u00ed podobu profesi\u00ed aj v stavebn\u00edctve, preto by pri formovan\u00ed bud\u00facich odborn\u00edkov nemali ch\u00fdba\u0165 zamestn\u00e1vatelia - \u0160IOV - \u0161t\u00e1tny in\u0161tit\u00fat odborn\u00e9ho vzdel\u00e1vania","isPartOf":{"@id":"https:\/\/archiv.siov.sk\/#website"},"primaryImageOfPage":{"@id":"https:\/\/archiv.siov.sk\/ai-meni-podobu-profesii-aj-v-stavebnictve-preto-by-pri-formovani-buducich-odbornikov-nemali-chybat-zamestnavatelia\/#primaryimage"},"image":{"@id":"https:\/\/archiv.siov.sk\/ai-meni-podobu-profesii-aj-v-stavebnictve-preto-by-pri-formovani-buducich-odbornikov-nemali-chybat-zamestnavatelia\/#primaryimage"},"thumbnailUrl":"https:\/\/archiv.siov.sk\/wp-content\/uploads\/2025\/04\/diskusne-forum_coneco_foto-1-e1743770059752.jpg","datePublished":"2025-04-04T12:39:08+00:00","breadcrumb":{"@id":"https:\/\/archiv.siov.sk\/ai-meni-podobu-profesii-aj-v-stavebnictve-preto-by-pri-formovani-buducich-odbornikov-nemali-chybat-zamestnavatelia\/#breadcrumb"},"inLanguage":"en-GB","potentialAction":[{"@type":"ReadAction","target":["https:\/\/archiv.siov.sk\/ai-meni-podobu-profesii-aj-v-stavebnictve-preto-by-pri-formovani-buducich-odbornikov-nemali-chybat-zamestnavatelia\/"]}]},{"@type":"ImageObject","inLanguage":"en-GB","@id":"https:\/\/archiv.siov.sk\/ai-meni-podobu-profesii-aj-v-stavebnictve-preto-by-pri-formovani-buducich-odbornikov-nemali-chybat-zamestnavatelia\/#primaryimage","url":"https:\/\/archiv.siov.sk\/wp-content\/uploads\/2025\/04\/diskusne-forum_coneco_foto-1-e1743770059752.jpg","contentUrl":"https:\/\/archiv.siov.sk\/wp-content\/uploads\/2025\/04\/diskusne-forum_coneco_foto-1-e1743770059752.jpg","width":2016,"height":1068},{"@type":"BreadcrumbList","@id":"https:\/\/archiv.siov.sk\/ai-meni-podobu-profesii-aj-v-stavebnictve-preto-by-pri-formovani-buducich-odbornikov-nemali-chybat-zamestnavatelia\/#breadcrumb","itemListElement":[{"@type":"ListItem","position":1,"name":"Home","item":"https:\/\/archiv.siov.sk\/"},{"@type":"ListItem","position":2,"name":"AI men\u00ed podobu profesi\u00ed aj v stavebn\u00edctve, preto by pri formovan\u00ed bud\u00facich odborn\u00edkov nemali ch\u00fdba\u0165 zamestn\u00e1vatelia"}]},{"@type":"WebSite","@id":"https:\/\/archiv.siov.sk\/#website","url":"https:\/\/archiv.siov.sk\/","name":"\u0160IOV - \u0161t\u00e1tny in\u0161tit\u00fat odborn\u00e9ho vzdel\u00e1vania","description":"","publisher":{"@id":"https:\/\/archiv.siov.sk\/#organization"},"potentialAction":[{"@type":"SearchAction","target":{"@type":"EntryPoint","urlTemplate":"https:\/\/archiv.siov.sk\/?s={search_term_string}"},"query-input":{"@type":"PropertyValueSpecification","valueRequired":true,"valueName":"search_term_string"}}],"inLanguage":"en-GB"},{"@type":"Organization","@id":"https:\/\/archiv.siov.sk\/#organization","name":"\u0160IOV - \u0161t\u00e1tny in\u0161tit\u00fat odborn\u00e9ho vzdel\u00e1vania","url":"https:\/\/archiv.siov.sk\/","logo":{"@type":"ImageObject","inLanguage":"en-GB","@id":"https:\/\/archiv.siov.sk\/#\/schema\/logo\/image\/","url":"https:\/\/archiv.siov.sk\/wp-content\/uploads\/2024\/02\/logo-SIOV.png","contentUrl":"https:\/\/archiv.siov.sk\/wp-content\/uploads\/2024\/02\/logo-SIOV.png","width":431,"height":143,"caption":"\u0160IOV - \u0161t\u00e1tny in\u0161tit\u00fat odborn\u00e9ho vzdel\u00e1vania"},"image":{"@id":"https:\/\/archiv.siov.sk\/#\/schema\/logo\/image\/"},"sameAs":["https:\/\/www.facebook.com\/Statnyinstitutodbornehovzdelavania"]},{"@type":"Person","@id":"https:\/\/archiv.siov.sk\/#\/schema\/person\/70de33c3c88facac4a386ef06f733b92","name":"Sylvia Hamadejova","url":"https:\/\/archiv.siov.sk\/en\/author\/hamadejovas\/"}]}},"_links":{"self":[{"href":"https:\/\/archiv.siov.sk\/en\/wp-json\/wp\/v2\/posts\/18241","targetHints":{"allow":["GET"]}}],"collection":[{"href":"https:\/\/archiv.siov.sk\/en\/wp-json\/wp\/v2\/posts"}],"about":[{"href":"https:\/\/archiv.siov.sk\/en\/wp-json\/wp\/v2\/types\/post"}],"author":[{"embeddable":true,"href":"https:\/\/archiv.siov.sk\/en\/wp-json\/wp\/v2\/users\/11"}],"replies":[{"embeddable":true,"href":"https:\/\/archiv.siov.sk\/en\/wp-json\/wp\/v2\/comments?post=18241"}],"version-history":[{"count":4,"href":"https:\/\/archiv.siov.sk\/en\/wp-json\/wp\/v2\/posts\/18241\/revisions"}],"predecessor-version":[{"id":18249,"href":"https:\/\/archiv.siov.sk\/en\/wp-json\/wp\/v2\/posts\/18241\/revisions\/18249"}],"wp:featuredmedia":[{"embeddable":true,"href":"https:\/\/archiv.siov.sk\/en\/wp-json\/wp\/v2\/media\/18242"}],"wp:attachment":[{"href":"https:\/\/archiv.siov.sk\/en\/wp-json\/wp\/v2\/media?parent=18241"}],"wp:term":[{"taxonomy":"category","embeddable":true,"href":"https:\/\/archiv.siov.sk\/en\/wp-json\/wp\/v2\/categories?post=18241"},{"taxonomy":"post_tag","embeddable":true,"href":"https:\/\/archiv.siov.sk\/en\/wp-json\/wp\/v2\/tags?post=18241"}],"curies":[{"name":"wp","href":"https:\/\/api.w.org\/{rel}","templated":true}]}}