{"id":18232,"date":"2025-04-04T10:19:31","date_gmt":"2025-04-04T08:19:31","guid":{"rendered":"https:\/\/archiv.siov.sk\/?p=18232"},"modified":"2025-04-04T10:19:38","modified_gmt":"2025-04-04T08:19:38","slug":"kysucke-nove-mesto-bolo-dejiskom-celostatneho-kola-sutaze-zenit","status":"publish","type":"post","link":"https:\/\/archiv.siov.sk\/en\/kysucke-nove-mesto-bolo-dejiskom-celostatneho-kola-sutaze-zenit\/","title":{"rendered":"Kysuck\u00e9 Nov\u00e9 Mesto bolo dejiskom celo\u0161t\u00e1tneho kola s\u00fa\u0165a\u017ee ZENIT"},"content":{"rendered":"<p style=\"text-align: justify;\">Stredo\u0161kol\u00e1ci z\u00a0cel\u00e9ho Slovenska predviedli 17.-20. marca svoje vedomosti a\u00a0zru\u010dnosti v\u00a0celo\u0161t\u00e1tnej konkurencii v\u00a0r\u00e1mci desiatich kateg\u00f3ri\u00ed s\u00fa\u0165a\u017ee Skills Slovakia ZENIT. Hostili ju Stredn\u00e1 priemyseln\u00e1 \u0161kola informa\u010dn\u00fdch technol\u00f3gi\u00ed a\u00a0Stredn\u00e1 odborn\u00e1 \u0161kola strojn\u00edcka v\u00a0Kysuckom Novom Meste.<\/p>\n<p style=\"text-align: justify;\">Celkovo sa tento rok do s\u00fa\u0165a\u017ee zapojilo 5 350 \u017eiakov stredn\u00fdch odborn\u00fdch \u0161k\u00f4l a\u00a0gymn\u00e1zi\u00ed, \u010do je viac ako minul\u00fd rok. St\u00fapaj\u00faci trend ZENIT-u n\u00e1s mimoriadne te\u0161\u00ed a\u00a0ver\u00edme, \u017ee bude pokra\u010dova\u0165. Do celoslovensk\u00e9ho kola post\u00fapili v\u00ed\u0165azi z\u00a0\u00f4smich krajov, spolu 96 \u017eiakov.<\/p>\n<p style=\"text-align: justify;\"><img fetchpriority=\"high\" decoding=\"async\" class=\"size-medium wp-image-18234 alignleft\" src=\"https:\/\/archiv.siov.sk\/wp-content\/uploads\/2025\/04\/1-300x169.jpg\" alt=\"\" width=\"300\" height=\"169\" srcset=\"https:\/\/archiv.siov.sk\/wp-content\/uploads\/2025\/04\/1-300x169.jpg 300w, https:\/\/archiv.siov.sk\/wp-content\/uploads\/2025\/04\/1-1024x577.jpg 1024w, https:\/\/archiv.siov.sk\/wp-content\/uploads\/2025\/04\/1-768x432.jpg 768w, https:\/\/archiv.siov.sk\/wp-content\/uploads\/2025\/04\/1-1536x865.jpg 1536w, https:\/\/archiv.siov.sk\/wp-content\/uploads\/2025\/04\/1-2048x1153.jpg 2048w, https:\/\/archiv.siov.sk\/wp-content\/uploads\/2025\/04\/1-18x10.jpg 18w\" sizes=\"(max-width: 300px) 100vw, 300px\" \/>Program s\u00fa\u0165a\u017ee bol n\u00e1ro\u010dn\u00fd a s\u00fa\u0165a\u017eiaci sa hne\u010f prv\u00fd de\u0148 predviedli v teoretick\u00fdch vedomostiach z oblasti elektroniky. Druh\u00fd de\u0148 v\u0161etky kateg\u00f3rie naplno s\u00fa\u0165a\u017eili v praktick\u00fdch zru\u010dnostiach. V s\u00fa\u0165a\u017en\u00fdch zadaniach kateg\u00f3ri\u00ed programovanie A, B, web grafik a web developer, elektronika A, B, a stroj\u00e1rstvo A, C-CNC, S &#8211; strojn\u00e9 a R-ru\u010dn\u00e9 obr\u00e1banie zabojovali \u017eiaci o umiestnenie na prvom, druhom a tre\u0165om mieste.\u00a0\u00dalohy a\u00a0zadania zodpovedali \u00farovni dosiahnut\u00fdch teoretick\u00fdch a\u00a0praktick\u00fdch vedomost\u00ed v\u00a0r\u00e1mci \u0161kolsk\u00e9ho vzdel\u00e1vania, ktor\u00e9 s\u00fa pre svoje atrakt\u00edvne zamerania dnes na trhu pr\u00e1ce zamestn\u00e1vate\u013emi nesmierne \u017eiadan\u00e9.<\/p>\n<p style=\"text-align: justify;\">Ako vo v\u0161etk\u00fdch s\u00fa\u0165a\u017eiach, aj v ZENIT-e plat\u00ed, \u017ee uspeli t\u00ed, ktor\u00fdm sa podarilo prekona\u0165 stres \u010di obavy, naplno sa zapojili do s\u00fa\u0165a\u017ee a z\u00faro\u010dili v\u0161etky svoje vedomosti a zru\u010dnosti s\u00fastreden\u00e9 do maxim\u00e1lneho v\u00fdkonu. Bez oh\u013eadu na v\u00fdsledky u\u017e samotn\u00e1 s\u00fa\u0165a\u017e je pre \u017eiakov mimoriadne pr\u00ednosnou sk\u00fasenos\u0165ou a priestorom na sebarealiz\u00e1ciu, aplik\u00e1ciu vedomost\u00ed z\u00edskan\u00fdch vo vyu\u010dovacom procese a uk\u00e1\u017eku praktick\u00fdch zru\u010dnost\u00ed. <img decoding=\"async\" class=\"size-medium wp-image-18235 alignright\" src=\"https:\/\/archiv.siov.sk\/wp-content\/uploads\/2025\/04\/2-300x200.jpg\" alt=\"\" width=\"300\" height=\"200\" srcset=\"https:\/\/archiv.siov.sk\/wp-content\/uploads\/2025\/04\/2-300x200.jpg 300w, https:\/\/archiv.siov.sk\/wp-content\/uploads\/2025\/04\/2-1024x683.jpg 1024w, https:\/\/archiv.siov.sk\/wp-content\/uploads\/2025\/04\/2-768x512.jpg 768w, https:\/\/archiv.siov.sk\/wp-content\/uploads\/2025\/04\/2-1536x1024.jpg 1536w, https:\/\/archiv.siov.sk\/wp-content\/uploads\/2025\/04\/2-2048x1365.jpg 2048w, https:\/\/archiv.siov.sk\/wp-content\/uploads\/2025\/04\/2-18x12.jpg 18w, https:\/\/archiv.siov.sk\/wp-content\/uploads\/2025\/04\/2-272x182.jpg 272w\" sizes=\"(max-width: 300px) 100vw, 300px\" \/><\/p>\n<p style=\"text-align: justify;\">Navy\u0161e najlep\u0161\u00ed s\u00fa\u0165a\u017eiaci v\u00a0kateg\u00f3ri\u00e1ch grafik, programovanie web developer a elektronik maj\u00fa v\u00a0tomto roku mo\u017enos\u0165 post\u00fapi\u0165 do v\u00fdberov\u00e9ho t\u00edmu eur\u00f3pskej s\u00fa\u0165a\u017ee zru\u010dnosti mlad\u00fdch talentov EuroSkills 2025, ktor\u00e1 sa uskuto\u010dn\u00ed 9. \u2013 13. septembra v\u00a0d\u00e1nskom Herningu.<\/p>\n<p style=\"text-align: justify;\">Celo\u0161t\u00e1tne kolo metodicky a\u00a0odborne zabezpe\u010duje \u0160t\u00e1tny in\u0161tit\u00fat odborn\u00e9ho vzdel\u00e1vania, odbor podpory smerovania ml\u00e1de\u017ee. S\u00fa\u0165a\u017e podporuje Ministerstvo \u0161kolstva, v\u00fdskumu, v\u00fdvoja a\u00a0ml\u00e1de\u017ee\u00a0 SR.<\/p>\n<p>V\u00fdsledky s\u00fa\u0165a\u017ee n\u00e1jdete na <a href=\"https:\/\/archiv.siov.sk\/en\/sutaze\/zenit\/\">https:\/\/archiv.siov.sk\/sutaze\/zenit\/<\/a><\/p>","protected":false},"excerpt":{"rendered":"<p>Stredo\u0161kol\u00e1ci z\u00a0cel\u00e9ho Slovenska predviedli 17.-20. marca svoje vedomosti a\u00a0zru\u010dnosti v\u00a0celo\u0161t\u00e1tnej konkurencii v\u00a0r\u00e1mci desiatich kateg\u00f3ri\u00ed s\u00fa\u0165a\u017ee Skills Slovakia ZENIT. Hostili ju Stredn\u00e1 priemyseln\u00e1 \u0161kola informa\u010dn\u00fdch technol\u00f3gi\u00ed a\u00a0Stredn\u00e1 odborn\u00e1 \u0161kola strojn\u00edcka v\u00a0Kysuckom Novom Meste. Celkovo sa tento rok do s\u00fa\u0165a\u017ee zapojilo 5 350 \u017eiakov stredn\u00fdch odborn\u00fdch \u0161k\u00f4l a\u00a0gymn\u00e1zi\u00ed, \u010do je viac ako minul\u00fd rok. St\u00fapaj\u00faci trend ZENIT-u [&hellip;]<\/p>\n","protected":false},"author":6,"featured_media":18229,"comment_status":"closed","ping_status":"closed","sticky":false,"template":"","format":"standard","meta":{"site-sidebar-layout":"default","site-content-layout":"","ast-site-content-layout":"default","site-content-style":"default","site-sidebar-style":"default","ast-global-header-display":"","ast-banner-title-visibility":"","ast-main-header-display":"","ast-hfb-above-header-display":"","ast-hfb-below-header-display":"","ast-hfb-mobile-header-display":"","site-post-title":"","ast-breadcrumbs-content":"","ast-featured-img":"","footer-sml-layout":"","ast-disable-related-posts":"","theme-transparent-header-meta":"default","adv-header-id-meta":"","stick-header-meta":"default","header-above-stick-meta":"","header-main-stick-meta":"","header-below-stick-meta":"","astra-migrate-meta-layouts":"set","ast-page-background-enabled":"default","ast-page-background-meta":{"desktop":{"background-color":"var(--ast-global-color-4)","background-image":"","background-repeat":"repeat","background-position":"center center","background-size":"auto","background-attachment":"scroll","background-type":"","background-media":"","overlay-type":"","overlay-color":"","overlay-opacity":"","overlay-gradient":""},"tablet":{"background-color":"","background-image":"","background-repeat":"repeat","background-position":"center center","background-size":"auto","background-attachment":"scroll","background-type":"","background-media":"","overlay-type":"","overlay-color":"","overlay-opacity":"","overlay-gradient":""},"mobile":{"background-color":"","background-image":"","background-repeat":"repeat","background-position":"center center","background-size":"auto","background-attachment":"scroll","background-type":"","background-media":"","overlay-type":"","overlay-color":"","overlay-opacity":"","overlay-gradient":""}},"ast-content-background-meta":{"desktop":{"background-color":"var(--ast-global-color-5)","background-image":"","background-repeat":"repeat","background-position":"center center","background-size":"auto","background-attachment":"scroll","background-type":"","background-media":"","overlay-type":"","overlay-color":"","overlay-opacity":"","overlay-gradient":""},"tablet":{"background-color":"var(--ast-global-color-5)","background-image":"","background-repeat":"repeat","background-position":"center center","background-size":"auto","background-attachment":"scroll","background-type":"","background-media":"","overlay-type":"","overlay-color":"","overlay-opacity":"","overlay-gradient":""},"mobile":{"background-color":"var(--ast-global-color-5)","background-image":"","background-repeat":"repeat","background-position":"center center","background-size":"auto","background-attachment":"scroll","background-type":"","background-media":"","overlay-type":"","overlay-color":"","overlay-opacity":"","overlay-gradient":""}},"footnotes":""},"categories":[1],"tags":[],"class_list":["post-18232","post","type-post","status-publish","format-standard","has-post-thumbnail","hentry","category-aktuality"],"yoast_head":"<!-- This site is optimized with the Yoast SEO plugin v27.5 - https:\/\/yoast.com\/product\/yoast-seo-wordpress\/ -->\n<title>Kysuck\u00e9 Nov\u00e9 Mesto bolo dejiskom celo\u0161t\u00e1tneho kola s\u00fa\u0165a\u017ee ZENIT - \u0160IOV - \u0161t\u00e1tny in\u0161tit\u00fat odborn\u00e9ho vzdel\u00e1vania<\/title>\n<meta name=\"robots\" content=\"index, follow, max-snippet:-1, max-image-preview:large, max-video-preview:-1\" \/>\n<link rel=\"canonical\" href=\"https:\/\/archiv.siov.sk\/en\/kysucke-nove-mesto-bolo-dejiskom-celostatneho-kola-sutaze-zenit\/\" \/>\n<meta property=\"og:locale\" content=\"en_GB\" \/>\n<meta property=\"og:type\" content=\"article\" \/>\n<meta property=\"og:title\" content=\"Kysuck\u00e9 Nov\u00e9 Mesto bolo dejiskom celo\u0161t\u00e1tneho kola s\u00fa\u0165a\u017ee ZENIT - \u0160IOV - \u0161t\u00e1tny in\u0161tit\u00fat odborn\u00e9ho vzdel\u00e1vania\" \/>\n<meta property=\"og:description\" content=\"Stredo\u0161kol\u00e1ci z\u00a0cel\u00e9ho Slovenska predviedli 17.-20. marca svoje vedomosti a\u00a0zru\u010dnosti v\u00a0celo\u0161t\u00e1tnej konkurencii v\u00a0r\u00e1mci desiatich kateg\u00f3ri\u00ed s\u00fa\u0165a\u017ee Skills Slovakia ZENIT. Hostili ju Stredn\u00e1 priemyseln\u00e1 \u0161kola informa\u010dn\u00fdch technol\u00f3gi\u00ed a\u00a0Stredn\u00e1 odborn\u00e1 \u0161kola strojn\u00edcka v\u00a0Kysuckom Novom Meste. Celkovo sa tento rok do s\u00fa\u0165a\u017ee zapojilo 5 350 \u017eiakov stredn\u00fdch odborn\u00fdch \u0161k\u00f4l a\u00a0gymn\u00e1zi\u00ed, \u010do je viac ako minul\u00fd rok. St\u00fapaj\u00faci trend ZENIT-u [&hellip;]\" \/>\n<meta property=\"og:url\" content=\"https:\/\/archiv.siov.sk\/en\/kysucke-nove-mesto-bolo-dejiskom-celostatneho-kola-sutaze-zenit\/\" \/>\n<meta property=\"og:site_name\" content=\"\u0160IOV - \u0161t\u00e1tny in\u0161tit\u00fat odborn\u00e9ho vzdel\u00e1vania\" \/>\n<meta property=\"article:publisher\" content=\"https:\/\/www.facebook.com\/Statnyinstitutodbornehovzdelavania\" \/>\n<meta property=\"article:published_time\" content=\"2025-04-04T08:19:31+00:00\" \/>\n<meta property=\"article:modified_time\" content=\"2025-04-04T08:19:38+00:00\" \/>\n<meta property=\"og:image\" content=\"https:\/\/archiv.siov.sk\/wp-content\/uploads\/2025\/04\/titulka-scaled.jpg\" \/>\n\t<meta property=\"og:image:width\" content=\"2560\" \/>\n\t<meta property=\"og:image:height\" content=\"1441\" \/>\n\t<meta property=\"og:image:type\" content=\"image\/jpeg\" \/>\n<meta name=\"author\" content=\"Katar\u00edna Kov\u00e1\u010dov\u00e1\" \/>\n<meta name=\"twitter:card\" content=\"summary_large_image\" \/>\n<meta name=\"twitter:label1\" content=\"Written by\" \/>\n\t<meta name=\"twitter:data1\" content=\"Katar\u00edna Kov\u00e1\u010dov\u00e1\" \/>\n\t<meta name=\"twitter:label2\" content=\"Estimated reading time\" \/>\n\t<meta name=\"twitter:data2\" content=\"3 minutes\" \/>\n<script type=\"application\/ld+json\" class=\"yoast-schema-graph\">{\"@context\":\"https:\\\/\\\/schema.org\",\"@graph\":[{\"@type\":\"Article\",\"@id\":\"https:\\\/\\\/archiv.siov.sk\\\/kysucke-nove-mesto-bolo-dejiskom-celostatneho-kola-sutaze-zenit\\\/#article\",\"isPartOf\":{\"@id\":\"https:\\\/\\\/archiv.siov.sk\\\/kysucke-nove-mesto-bolo-dejiskom-celostatneho-kola-sutaze-zenit\\\/\"},\"author\":{\"name\":\"Katar\u00edna Kov\u00e1\u010dov\u00e1\",\"@id\":\"https:\\\/\\\/archiv.siov.sk\\\/#\\\/schema\\\/person\\\/e42d633fbd958c6a726e8834d8965e6c\"},\"headline\":\"Kysuck\u00e9 Nov\u00e9 Mesto bolo dejiskom celo\u0161t\u00e1tneho kola s\u00fa\u0165a\u017ee ZENIT\",\"datePublished\":\"2025-04-04T08:19:31+00:00\",\"dateModified\":\"2025-04-04T08:19:38+00:00\",\"mainEntityOfPage\":{\"@id\":\"https:\\\/\\\/archiv.siov.sk\\\/kysucke-nove-mesto-bolo-dejiskom-celostatneho-kola-sutaze-zenit\\\/\"},\"wordCount\":429,\"publisher\":{\"@id\":\"https:\\\/\\\/archiv.siov.sk\\\/#organization\"},\"image\":{\"@id\":\"https:\\\/\\\/archiv.siov.sk\\\/kysucke-nove-mesto-bolo-dejiskom-celostatneho-kola-sutaze-zenit\\\/#primaryimage\"},\"thumbnailUrl\":\"https:\\\/\\\/archiv.siov.sk\\\/wp-content\\\/uploads\\\/2025\\\/04\\\/titulka-scaled.jpg\",\"articleSection\":[\"Aktuality\"],\"inLanguage\":\"en-GB\"},{\"@type\":\"WebPage\",\"@id\":\"https:\\\/\\\/archiv.siov.sk\\\/kysucke-nove-mesto-bolo-dejiskom-celostatneho-kola-sutaze-zenit\\\/\",\"url\":\"https:\\\/\\\/archiv.siov.sk\\\/kysucke-nove-mesto-bolo-dejiskom-celostatneho-kola-sutaze-zenit\\\/\",\"name\":\"Kysuck\u00e9 Nov\u00e9 Mesto bolo dejiskom celo\u0161t\u00e1tneho kola s\u00fa\u0165a\u017ee ZENIT - \u0160IOV - \u0161t\u00e1tny in\u0161tit\u00fat odborn\u00e9ho vzdel\u00e1vania\",\"isPartOf\":{\"@id\":\"https:\\\/\\\/archiv.siov.sk\\\/#website\"},\"primaryImageOfPage\":{\"@id\":\"https:\\\/\\\/archiv.siov.sk\\\/kysucke-nove-mesto-bolo-dejiskom-celostatneho-kola-sutaze-zenit\\\/#primaryimage\"},\"image\":{\"@id\":\"https:\\\/\\\/archiv.siov.sk\\\/kysucke-nove-mesto-bolo-dejiskom-celostatneho-kola-sutaze-zenit\\\/#primaryimage\"},\"thumbnailUrl\":\"https:\\\/\\\/archiv.siov.sk\\\/wp-content\\\/uploads\\\/2025\\\/04\\\/titulka-scaled.jpg\",\"datePublished\":\"2025-04-04T08:19:31+00:00\",\"dateModified\":\"2025-04-04T08:19:38+00:00\",\"breadcrumb\":{\"@id\":\"https:\\\/\\\/archiv.siov.sk\\\/kysucke-nove-mesto-bolo-dejiskom-celostatneho-kola-sutaze-zenit\\\/#breadcrumb\"},\"inLanguage\":\"en-GB\",\"potentialAction\":[{\"@type\":\"ReadAction\",\"target\":[\"https:\\\/\\\/archiv.siov.sk\\\/kysucke-nove-mesto-bolo-dejiskom-celostatneho-kola-sutaze-zenit\\\/\"]}]},{\"@type\":\"ImageObject\",\"inLanguage\":\"en-GB\",\"@id\":\"https:\\\/\\\/archiv.siov.sk\\\/kysucke-nove-mesto-bolo-dejiskom-celostatneho-kola-sutaze-zenit\\\/#primaryimage\",\"url\":\"https:\\\/\\\/archiv.siov.sk\\\/wp-content\\\/uploads\\\/2025\\\/04\\\/titulka-scaled.jpg\",\"contentUrl\":\"https:\\\/\\\/archiv.siov.sk\\\/wp-content\\\/uploads\\\/2025\\\/04\\\/titulka-scaled.jpg\",\"width\":2560,\"height\":1441},{\"@type\":\"BreadcrumbList\",\"@id\":\"https:\\\/\\\/archiv.siov.sk\\\/kysucke-nove-mesto-bolo-dejiskom-celostatneho-kola-sutaze-zenit\\\/#breadcrumb\",\"itemListElement\":[{\"@type\":\"ListItem\",\"position\":1,\"name\":\"Home\",\"item\":\"https:\\\/\\\/archiv.siov.sk\\\/\"},{\"@type\":\"ListItem\",\"position\":2,\"name\":\"Kysuck\u00e9 Nov\u00e9 Mesto bolo dejiskom celo\u0161t\u00e1tneho kola s\u00fa\u0165a\u017ee ZENIT\"}]},{\"@type\":\"WebSite\",\"@id\":\"https:\\\/\\\/archiv.siov.sk\\\/#website\",\"url\":\"https:\\\/\\\/archiv.siov.sk\\\/\",\"name\":\"\u0160IOV - \u0161t\u00e1tny in\u0161tit\u00fat odborn\u00e9ho vzdel\u00e1vania\",\"description\":\"\",\"publisher\":{\"@id\":\"https:\\\/\\\/archiv.siov.sk\\\/#organization\"},\"potentialAction\":[{\"@type\":\"SearchAction\",\"target\":{\"@type\":\"EntryPoint\",\"urlTemplate\":\"https:\\\/\\\/archiv.siov.sk\\\/?s={search_term_string}\"},\"query-input\":{\"@type\":\"PropertyValueSpecification\",\"valueRequired\":true,\"valueName\":\"search_term_string\"}}],\"inLanguage\":\"en-GB\"},{\"@type\":\"Organization\",\"@id\":\"https:\\\/\\\/archiv.siov.sk\\\/#organization\",\"name\":\"\u0160IOV - \u0161t\u00e1tny in\u0161tit\u00fat odborn\u00e9ho vzdel\u00e1vania\",\"url\":\"https:\\\/\\\/archiv.siov.sk\\\/\",\"logo\":{\"@type\":\"ImageObject\",\"inLanguage\":\"en-GB\",\"@id\":\"https:\\\/\\\/archiv.siov.sk\\\/#\\\/schema\\\/logo\\\/image\\\/\",\"url\":\"https:\\\/\\\/archiv.siov.sk\\\/wp-content\\\/uploads\\\/2024\\\/02\\\/logo-SIOV.png\",\"contentUrl\":\"https:\\\/\\\/archiv.siov.sk\\\/wp-content\\\/uploads\\\/2024\\\/02\\\/logo-SIOV.png\",\"width\":431,\"height\":143,\"caption\":\"\u0160IOV - \u0161t\u00e1tny in\u0161tit\u00fat odborn\u00e9ho vzdel\u00e1vania\"},\"image\":{\"@id\":\"https:\\\/\\\/archiv.siov.sk\\\/#\\\/schema\\\/logo\\\/image\\\/\"},\"sameAs\":[\"https:\\\/\\\/www.facebook.com\\\/Statnyinstitutodbornehovzdelavania\"]},{\"@type\":\"Person\",\"@id\":\"https:\\\/\\\/archiv.siov.sk\\\/#\\\/schema\\\/person\\\/e42d633fbd958c6a726e8834d8965e6c\",\"name\":\"Katar\u00edna Kov\u00e1\u010dov\u00e1\",\"url\":\"https:\\\/\\\/archiv.siov.sk\\\/en\\\/author\\\/katkakovacova\\\/\"}]}<\/script>\n<!-- \/ Yoast SEO plugin. -->","yoast_head_json":{"title":"Kysuck\u00e9 Nov\u00e9 Mesto bolo dejiskom celo\u0161t\u00e1tneho kola s\u00fa\u0165a\u017ee ZENIT - \u0160IOV - \u0161t\u00e1tny in\u0161tit\u00fat odborn\u00e9ho vzdel\u00e1vania","robots":{"index":"index","follow":"follow","max-snippet":"max-snippet:-1","max-image-preview":"max-image-preview:large","max-video-preview":"max-video-preview:-1"},"canonical":"https:\/\/archiv.siov.sk\/en\/kysucke-nove-mesto-bolo-dejiskom-celostatneho-kola-sutaze-zenit\/","og_locale":"en_GB","og_type":"article","og_title":"Kysuck\u00e9 Nov\u00e9 Mesto bolo dejiskom celo\u0161t\u00e1tneho kola s\u00fa\u0165a\u017ee ZENIT - \u0160IOV - \u0161t\u00e1tny in\u0161tit\u00fat odborn\u00e9ho vzdel\u00e1vania","og_description":"Stredo\u0161kol\u00e1ci z\u00a0cel\u00e9ho Slovenska predviedli 17.-20. marca svoje vedomosti a\u00a0zru\u010dnosti v\u00a0celo\u0161t\u00e1tnej konkurencii v\u00a0r\u00e1mci desiatich kateg\u00f3ri\u00ed s\u00fa\u0165a\u017ee Skills Slovakia ZENIT. Hostili ju Stredn\u00e1 priemyseln\u00e1 \u0161kola informa\u010dn\u00fdch technol\u00f3gi\u00ed a\u00a0Stredn\u00e1 odborn\u00e1 \u0161kola strojn\u00edcka v\u00a0Kysuckom Novom Meste. Celkovo sa tento rok do s\u00fa\u0165a\u017ee zapojilo 5 350 \u017eiakov stredn\u00fdch odborn\u00fdch \u0161k\u00f4l a\u00a0gymn\u00e1zi\u00ed, \u010do je viac ako minul\u00fd rok. St\u00fapaj\u00faci trend ZENIT-u [&hellip;]","og_url":"https:\/\/archiv.siov.sk\/en\/kysucke-nove-mesto-bolo-dejiskom-celostatneho-kola-sutaze-zenit\/","og_site_name":"\u0160IOV - \u0161t\u00e1tny in\u0161tit\u00fat odborn\u00e9ho vzdel\u00e1vania","article_publisher":"https:\/\/www.facebook.com\/Statnyinstitutodbornehovzdelavania","article_published_time":"2025-04-04T08:19:31+00:00","article_modified_time":"2025-04-04T08:19:38+00:00","og_image":[{"width":2560,"height":1441,"url":"https:\/\/archiv.siov.sk\/wp-content\/uploads\/2025\/04\/titulka-scaled.jpg","type":"image\/jpeg"}],"author":"Katar\u00edna Kov\u00e1\u010dov\u00e1","twitter_card":"summary_large_image","twitter_misc":{"Written by":"Katar\u00edna Kov\u00e1\u010dov\u00e1","Estimated reading time":"3 minutes"},"schema":{"@context":"https:\/\/schema.org","@graph":[{"@type":"Article","@id":"https:\/\/archiv.siov.sk\/kysucke-nove-mesto-bolo-dejiskom-celostatneho-kola-sutaze-zenit\/#article","isPartOf":{"@id":"https:\/\/archiv.siov.sk\/kysucke-nove-mesto-bolo-dejiskom-celostatneho-kola-sutaze-zenit\/"},"author":{"name":"Katar\u00edna Kov\u00e1\u010dov\u00e1","@id":"https:\/\/archiv.siov.sk\/#\/schema\/person\/e42d633fbd958c6a726e8834d8965e6c"},"headline":"Kysuck\u00e9 Nov\u00e9 Mesto bolo dejiskom celo\u0161t\u00e1tneho kola s\u00fa\u0165a\u017ee ZENIT","datePublished":"2025-04-04T08:19:31+00:00","dateModified":"2025-04-04T08:19:38+00:00","mainEntityOfPage":{"@id":"https:\/\/archiv.siov.sk\/kysucke-nove-mesto-bolo-dejiskom-celostatneho-kola-sutaze-zenit\/"},"wordCount":429,"publisher":{"@id":"https:\/\/archiv.siov.sk\/#organization"},"image":{"@id":"https:\/\/archiv.siov.sk\/kysucke-nove-mesto-bolo-dejiskom-celostatneho-kola-sutaze-zenit\/#primaryimage"},"thumbnailUrl":"https:\/\/archiv.siov.sk\/wp-content\/uploads\/2025\/04\/titulka-scaled.jpg","articleSection":["Aktuality"],"inLanguage":"en-GB"},{"@type":"WebPage","@id":"https:\/\/archiv.siov.sk\/kysucke-nove-mesto-bolo-dejiskom-celostatneho-kola-sutaze-zenit\/","url":"https:\/\/archiv.siov.sk\/kysucke-nove-mesto-bolo-dejiskom-celostatneho-kola-sutaze-zenit\/","name":"Kysuck\u00e9 Nov\u00e9 Mesto bolo dejiskom celo\u0161t\u00e1tneho kola s\u00fa\u0165a\u017ee ZENIT - \u0160IOV - \u0161t\u00e1tny in\u0161tit\u00fat odborn\u00e9ho vzdel\u00e1vania","isPartOf":{"@id":"https:\/\/archiv.siov.sk\/#website"},"primaryImageOfPage":{"@id":"https:\/\/archiv.siov.sk\/kysucke-nove-mesto-bolo-dejiskom-celostatneho-kola-sutaze-zenit\/#primaryimage"},"image":{"@id":"https:\/\/archiv.siov.sk\/kysucke-nove-mesto-bolo-dejiskom-celostatneho-kola-sutaze-zenit\/#primaryimage"},"thumbnailUrl":"https:\/\/archiv.siov.sk\/wp-content\/uploads\/2025\/04\/titulka-scaled.jpg","datePublished":"2025-04-04T08:19:31+00:00","dateModified":"2025-04-04T08:19:38+00:00","breadcrumb":{"@id":"https:\/\/archiv.siov.sk\/kysucke-nove-mesto-bolo-dejiskom-celostatneho-kola-sutaze-zenit\/#breadcrumb"},"inLanguage":"en-GB","potentialAction":[{"@type":"ReadAction","target":["https:\/\/archiv.siov.sk\/kysucke-nove-mesto-bolo-dejiskom-celostatneho-kola-sutaze-zenit\/"]}]},{"@type":"ImageObject","inLanguage":"en-GB","@id":"https:\/\/archiv.siov.sk\/kysucke-nove-mesto-bolo-dejiskom-celostatneho-kola-sutaze-zenit\/#primaryimage","url":"https:\/\/archiv.siov.sk\/wp-content\/uploads\/2025\/04\/titulka-scaled.jpg","contentUrl":"https:\/\/archiv.siov.sk\/wp-content\/uploads\/2025\/04\/titulka-scaled.jpg","width":2560,"height":1441},{"@type":"BreadcrumbList","@id":"https:\/\/archiv.siov.sk\/kysucke-nove-mesto-bolo-dejiskom-celostatneho-kola-sutaze-zenit\/#breadcrumb","itemListElement":[{"@type":"ListItem","position":1,"name":"Home","item":"https:\/\/archiv.siov.sk\/"},{"@type":"ListItem","position":2,"name":"Kysuck\u00e9 Nov\u00e9 Mesto bolo dejiskom celo\u0161t\u00e1tneho kola s\u00fa\u0165a\u017ee ZENIT"}]},{"@type":"WebSite","@id":"https:\/\/archiv.siov.sk\/#website","url":"https:\/\/archiv.siov.sk\/","name":"\u0160IOV - \u0161t\u00e1tny in\u0161tit\u00fat odborn\u00e9ho vzdel\u00e1vania","description":"","publisher":{"@id":"https:\/\/archiv.siov.sk\/#organization"},"potentialAction":[{"@type":"SearchAction","target":{"@type":"EntryPoint","urlTemplate":"https:\/\/archiv.siov.sk\/?s={search_term_string}"},"query-input":{"@type":"PropertyValueSpecification","valueRequired":true,"valueName":"search_term_string"}}],"inLanguage":"en-GB"},{"@type":"Organization","@id":"https:\/\/archiv.siov.sk\/#organization","name":"\u0160IOV - \u0161t\u00e1tny in\u0161tit\u00fat odborn\u00e9ho vzdel\u00e1vania","url":"https:\/\/archiv.siov.sk\/","logo":{"@type":"ImageObject","inLanguage":"en-GB","@id":"https:\/\/archiv.siov.sk\/#\/schema\/logo\/image\/","url":"https:\/\/archiv.siov.sk\/wp-content\/uploads\/2024\/02\/logo-SIOV.png","contentUrl":"https:\/\/archiv.siov.sk\/wp-content\/uploads\/2024\/02\/logo-SIOV.png","width":431,"height":143,"caption":"\u0160IOV - \u0161t\u00e1tny in\u0161tit\u00fat odborn\u00e9ho vzdel\u00e1vania"},"image":{"@id":"https:\/\/archiv.siov.sk\/#\/schema\/logo\/image\/"},"sameAs":["https:\/\/www.facebook.com\/Statnyinstitutodbornehovzdelavania"]},{"@type":"Person","@id":"https:\/\/archiv.siov.sk\/#\/schema\/person\/e42d633fbd958c6a726e8834d8965e6c","name":"Katar\u00edna Kov\u00e1\u010dov\u00e1","url":"https:\/\/archiv.siov.sk\/en\/author\/katkakovacova\/"}]}},"_links":{"self":[{"href":"https:\/\/archiv.siov.sk\/en\/wp-json\/wp\/v2\/posts\/18232","targetHints":{"allow":["GET"]}}],"collection":[{"href":"https:\/\/archiv.siov.sk\/en\/wp-json\/wp\/v2\/posts"}],"about":[{"href":"https:\/\/archiv.siov.sk\/en\/wp-json\/wp\/v2\/types\/post"}],"author":[{"embeddable":true,"href":"https:\/\/archiv.siov.sk\/en\/wp-json\/wp\/v2\/users\/6"}],"replies":[{"embeddable":true,"href":"https:\/\/archiv.siov.sk\/en\/wp-json\/wp\/v2\/comments?post=18232"}],"version-history":[{"count":2,"href":"https:\/\/archiv.siov.sk\/en\/wp-json\/wp\/v2\/posts\/18232\/revisions"}],"predecessor-version":[{"id":18236,"href":"https:\/\/archiv.siov.sk\/en\/wp-json\/wp\/v2\/posts\/18232\/revisions\/18236"}],"wp:featuredmedia":[{"embeddable":true,"href":"https:\/\/archiv.siov.sk\/en\/wp-json\/wp\/v2\/media\/18229"}],"wp:attachment":[{"href":"https:\/\/archiv.siov.sk\/en\/wp-json\/wp\/v2\/media?parent=18232"}],"wp:term":[{"taxonomy":"category","embeddable":true,"href":"https:\/\/archiv.siov.sk\/en\/wp-json\/wp\/v2\/categories?post=18232"},{"taxonomy":"post_tag","embeddable":true,"href":"https:\/\/archiv.siov.sk\/en\/wp-json\/wp\/v2\/tags?post=18232"}],"curies":[{"name":"wp","href":"https:\/\/api.w.org\/{rel}","templated":true}]}}