{"id":18213,"date":"2025-04-03T14:43:24","date_gmt":"2025-04-03T12:43:24","guid":{"rendered":"https:\/\/archiv.siov.sk\/?p=18213"},"modified":"2025-04-03T14:43:39","modified_gmt":"2025-04-03T12:43:39","slug":"informacie-k-preruseniu-praktickeho-vyucovania-u-zamestnavatelov-z-dovodu-mimoriadnej-situacie-slak","status":"publish","type":"post","link":"https:\/\/archiv.siov.sk\/en\/informacie-k-preruseniu-praktickeho-vyucovania-u-zamestnavatelov-z-dovodu-mimoriadnej-situacie-slak\/","title":{"rendered":"Inform\u00e1cie k preru\u0161eniu praktick\u00e9ho vyu\u010dovania u zamestn\u00e1vate\u013eov z d\u00f4vodu mimoriadnej situ\u00e1cie SLAK"},"content":{"rendered":"<p style=\"text-align: justify;\">Prin\u00e1\u0161ame V\u00e1m <a href=\"https:\/\/archiv.siov.sk\/wp-content\/uploads\/2025\/04\/Opatrenia-PV-u-zamestnavatelov-SLAK.pdf\" target=\"_blank\" rel=\"noopener\">dokument Rady zamestn\u00e1vate\u013eov pre odborn\u00e9 vzdel\u00e1vanie a pr\u00edpravu<\/a> s opatreniami t\u00fdkaj\u00facimi sa praktick\u00e9ho vyu\u010dovania u zamestn\u00e1vate\u013eov po\u010das mimoriadnej situ\u00e1cie SLAK.<\/p>","protected":false},"excerpt":{"rendered":"<p>Prin\u00e1\u0161ame V\u00e1m dokument Rady zamestn\u00e1vate\u013eov pre odborn\u00e9 vzdel\u00e1vanie a pr\u00edpravu s opatreniami t\u00fdkaj\u00facimi sa praktick\u00e9ho vyu\u010dovania u zamestn\u00e1vate\u013eov po\u010das mimoriadnej situ\u00e1cie SLAK.<\/p>","protected":false},"author":6,"featured_media":16060,"comment_status":"closed","ping_status":"closed","sticky":false,"template":"","format":"standard","meta":{"site-sidebar-layout":"default","site-content-layout":"","ast-site-content-layout":"default","site-content-style":"default","site-sidebar-style":"default","ast-global-header-display":"","ast-banner-title-visibility":"","ast-main-header-display":"","ast-hfb-above-header-display":"","ast-hfb-below-header-display":"","ast-hfb-mobile-header-display":"","site-post-title":"","ast-breadcrumbs-content":"","ast-featured-img":"","footer-sml-layout":"","ast-disable-related-posts":"","theme-transparent-header-meta":"default","adv-header-id-meta":"","stick-header-meta":"default","header-above-stick-meta":"","header-main-stick-meta":"","header-below-stick-meta":"","astra-migrate-meta-layouts":"set","ast-page-background-enabled":"default","ast-page-background-meta":{"desktop":{"background-color":"var(--ast-global-color-4)","background-image":"","background-repeat":"repeat","background-position":"center center","background-size":"auto","background-attachment":"scroll","background-type":"","background-media":"","overlay-type":"","overlay-color":"","overlay-opacity":"","overlay-gradient":""},"tablet":{"background-color":"","background-image":"","background-repeat":"repeat","background-position":"center center","background-size":"auto","background-attachment":"scroll","background-type":"","background-media":"","overlay-type":"","overlay-color":"","overlay-opacity":"","overlay-gradient":""},"mobile":{"background-color":"","background-image":"","background-repeat":"repeat","background-position":"center center","background-size":"auto","background-attachment":"scroll","background-type":"","background-media":"","overlay-type":"","overlay-color":"","overlay-opacity":"","overlay-gradient":""}},"ast-content-background-meta":{"desktop":{"background-color":"var(--ast-global-color-5)","background-image":"","background-repeat":"repeat","background-position":"center center","background-size":"auto","background-attachment":"scroll","background-type":"","background-media":"","overlay-type":"","overlay-color":"","overlay-opacity":"","overlay-gradient":""},"tablet":{"background-color":"var(--ast-global-color-5)","background-image":"","background-repeat":"repeat","background-position":"center center","background-size":"auto","background-attachment":"scroll","background-type":"","background-media":"","overlay-type":"","overlay-color":"","overlay-opacity":"","overlay-gradient":""},"mobile":{"background-color":"var(--ast-global-color-5)","background-image":"","background-repeat":"repeat","background-position":"center center","background-size":"auto","background-attachment":"scroll","background-type":"","background-media":"","overlay-type":"","overlay-color":"","overlay-opacity":"","overlay-gradient":""}},"footnotes":""},"categories":[1],"tags":[],"class_list":["post-18213","post","type-post","status-publish","format-standard","has-post-thumbnail","hentry","category-aktuality"],"yoast_head":"<!-- This site is optimized with the Yoast SEO plugin v27.5 - https:\/\/yoast.com\/product\/yoast-seo-wordpress\/ -->\n<title>Inform\u00e1cie k preru\u0161eniu praktick\u00e9ho vyu\u010dovania u zamestn\u00e1vate\u013eov z d\u00f4vodu mimoriadnej situ\u00e1cie SLAK - \u0160IOV - \u0161t\u00e1tny in\u0161tit\u00fat odborn\u00e9ho vzdel\u00e1vania<\/title>\n<meta name=\"robots\" content=\"index, follow, max-snippet:-1, max-image-preview:large, max-video-preview:-1\" \/>\n<link rel=\"canonical\" href=\"https:\/\/archiv.siov.sk\/en\/informacie-k-preruseniu-praktickeho-vyucovania-u-zamestnavatelov-z-dovodu-mimoriadnej-situacie-slak\/\" \/>\n<meta property=\"og:locale\" content=\"en_GB\" \/>\n<meta property=\"og:type\" content=\"article\" \/>\n<meta property=\"og:title\" content=\"Inform\u00e1cie k preru\u0161eniu praktick\u00e9ho vyu\u010dovania u zamestn\u00e1vate\u013eov z d\u00f4vodu mimoriadnej situ\u00e1cie SLAK - \u0160IOV - \u0161t\u00e1tny in\u0161tit\u00fat odborn\u00e9ho vzdel\u00e1vania\" \/>\n<meta property=\"og:description\" content=\"Prin\u00e1\u0161ame V\u00e1m dokument Rady zamestn\u00e1vate\u013eov pre odborn\u00e9 vzdel\u00e1vanie a pr\u00edpravu s opatreniami t\u00fdkaj\u00facimi sa praktick\u00e9ho vyu\u010dovania u zamestn\u00e1vate\u013eov po\u010das mimoriadnej situ\u00e1cie SLAK.\" \/>\n<meta property=\"og:url\" content=\"https:\/\/archiv.siov.sk\/en\/informacie-k-preruseniu-praktickeho-vyucovania-u-zamestnavatelov-z-dovodu-mimoriadnej-situacie-slak\/\" \/>\n<meta property=\"og:site_name\" content=\"\u0160IOV - \u0161t\u00e1tny in\u0161tit\u00fat odborn\u00e9ho vzdel\u00e1vania\" \/>\n<meta property=\"article:publisher\" content=\"https:\/\/www.facebook.com\/Statnyinstitutodbornehovzdelavania\" \/>\n<meta property=\"article:published_time\" content=\"2025-04-03T12:43:24+00:00\" \/>\n<meta property=\"article:modified_time\" content=\"2025-04-03T12:43:39+00:00\" \/>\n<meta property=\"og:image\" content=\"https:\/\/archiv.siov.sk\/wp-content\/uploads\/2024\/06\/shutterstock_info-icon.jpg\" \/>\n\t<meta property=\"og:image:width\" content=\"800\" \/>\n\t<meta property=\"og:image:height\" content=\"800\" \/>\n\t<meta property=\"og:image:type\" content=\"image\/jpeg\" \/>\n<meta name=\"author\" content=\"Katar\u00edna Kov\u00e1\u010dov\u00e1\" \/>\n<meta name=\"twitter:card\" content=\"summary_large_image\" \/>\n<meta name=\"twitter:label1\" content=\"Written by\" \/>\n\t<meta name=\"twitter:data1\" content=\"Katar\u00edna Kov\u00e1\u010dov\u00e1\" \/>\n\t<meta name=\"twitter:label2\" content=\"Estimated reading time\" \/>\n\t<meta name=\"twitter:data2\" content=\"1 minute\" \/>\n<script type=\"application\/ld+json\" class=\"yoast-schema-graph\">{\"@context\":\"https:\\\/\\\/schema.org\",\"@graph\":[{\"@type\":\"Article\",\"@id\":\"https:\\\/\\\/archiv.siov.sk\\\/informacie-k-preruseniu-praktickeho-vyucovania-u-zamestnavatelov-z-dovodu-mimoriadnej-situacie-slak\\\/#article\",\"isPartOf\":{\"@id\":\"https:\\\/\\\/archiv.siov.sk\\\/informacie-k-preruseniu-praktickeho-vyucovania-u-zamestnavatelov-z-dovodu-mimoriadnej-situacie-slak\\\/\"},\"author\":{\"name\":\"Katar\u00edna Kov\u00e1\u010dov\u00e1\",\"@id\":\"https:\\\/\\\/archiv.siov.sk\\\/#\\\/schema\\\/person\\\/e42d633fbd958c6a726e8834d8965e6c\"},\"headline\":\"Inform\u00e1cie k preru\u0161eniu praktick\u00e9ho vyu\u010dovania u zamestn\u00e1vate\u013eov z d\u00f4vodu mimoriadnej situ\u00e1cie SLAK\",\"datePublished\":\"2025-04-03T12:43:24+00:00\",\"dateModified\":\"2025-04-03T12:43:39+00:00\",\"mainEntityOfPage\":{\"@id\":\"https:\\\/\\\/archiv.siov.sk\\\/informacie-k-preruseniu-praktickeho-vyucovania-u-zamestnavatelov-z-dovodu-mimoriadnej-situacie-slak\\\/\"},\"wordCount\":56,\"publisher\":{\"@id\":\"https:\\\/\\\/archiv.siov.sk\\\/#organization\"},\"image\":{\"@id\":\"https:\\\/\\\/archiv.siov.sk\\\/informacie-k-preruseniu-praktickeho-vyucovania-u-zamestnavatelov-z-dovodu-mimoriadnej-situacie-slak\\\/#primaryimage\"},\"thumbnailUrl\":\"https:\\\/\\\/archiv.siov.sk\\\/wp-content\\\/uploads\\\/2024\\\/06\\\/shutterstock_info-icon.jpg\",\"articleSection\":[\"Aktuality\"],\"inLanguage\":\"en-GB\"},{\"@type\":\"WebPage\",\"@id\":\"https:\\\/\\\/archiv.siov.sk\\\/informacie-k-preruseniu-praktickeho-vyucovania-u-zamestnavatelov-z-dovodu-mimoriadnej-situacie-slak\\\/\",\"url\":\"https:\\\/\\\/archiv.siov.sk\\\/informacie-k-preruseniu-praktickeho-vyucovania-u-zamestnavatelov-z-dovodu-mimoriadnej-situacie-slak\\\/\",\"name\":\"Inform\u00e1cie k preru\u0161eniu praktick\u00e9ho vyu\u010dovania u zamestn\u00e1vate\u013eov z d\u00f4vodu mimoriadnej situ\u00e1cie SLAK - \u0160IOV - \u0161t\u00e1tny in\u0161tit\u00fat odborn\u00e9ho vzdel\u00e1vania\",\"isPartOf\":{\"@id\":\"https:\\\/\\\/archiv.siov.sk\\\/#website\"},\"primaryImageOfPage\":{\"@id\":\"https:\\\/\\\/archiv.siov.sk\\\/informacie-k-preruseniu-praktickeho-vyucovania-u-zamestnavatelov-z-dovodu-mimoriadnej-situacie-slak\\\/#primaryimage\"},\"image\":{\"@id\":\"https:\\\/\\\/archiv.siov.sk\\\/informacie-k-preruseniu-praktickeho-vyucovania-u-zamestnavatelov-z-dovodu-mimoriadnej-situacie-slak\\\/#primaryimage\"},\"thumbnailUrl\":\"https:\\\/\\\/archiv.siov.sk\\\/wp-content\\\/uploads\\\/2024\\\/06\\\/shutterstock_info-icon.jpg\",\"datePublished\":\"2025-04-03T12:43:24+00:00\",\"dateModified\":\"2025-04-03T12:43:39+00:00\",\"breadcrumb\":{\"@id\":\"https:\\\/\\\/archiv.siov.sk\\\/informacie-k-preruseniu-praktickeho-vyucovania-u-zamestnavatelov-z-dovodu-mimoriadnej-situacie-slak\\\/#breadcrumb\"},\"inLanguage\":\"en-GB\",\"potentialAction\":[{\"@type\":\"ReadAction\",\"target\":[\"https:\\\/\\\/archiv.siov.sk\\\/informacie-k-preruseniu-praktickeho-vyucovania-u-zamestnavatelov-z-dovodu-mimoriadnej-situacie-slak\\\/\"]}]},{\"@type\":\"ImageObject\",\"inLanguage\":\"en-GB\",\"@id\":\"https:\\\/\\\/archiv.siov.sk\\\/informacie-k-preruseniu-praktickeho-vyucovania-u-zamestnavatelov-z-dovodu-mimoriadnej-situacie-slak\\\/#primaryimage\",\"url\":\"https:\\\/\\\/archiv.siov.sk\\\/wp-content\\\/uploads\\\/2024\\\/06\\\/shutterstock_info-icon.jpg\",\"contentUrl\":\"https:\\\/\\\/archiv.siov.sk\\\/wp-content\\\/uploads\\\/2024\\\/06\\\/shutterstock_info-icon.jpg\",\"width\":800,\"height\":800},{\"@type\":\"BreadcrumbList\",\"@id\":\"https:\\\/\\\/archiv.siov.sk\\\/informacie-k-preruseniu-praktickeho-vyucovania-u-zamestnavatelov-z-dovodu-mimoriadnej-situacie-slak\\\/#breadcrumb\",\"itemListElement\":[{\"@type\":\"ListItem\",\"position\":1,\"name\":\"Home\",\"item\":\"https:\\\/\\\/archiv.siov.sk\\\/\"},{\"@type\":\"ListItem\",\"position\":2,\"name\":\"Inform\u00e1cie k preru\u0161eniu praktick\u00e9ho vyu\u010dovania u zamestn\u00e1vate\u013eov z d\u00f4vodu mimoriadnej situ\u00e1cie SLAK\"}]},{\"@type\":\"WebSite\",\"@id\":\"https:\\\/\\\/archiv.siov.sk\\\/#website\",\"url\":\"https:\\\/\\\/archiv.siov.sk\\\/\",\"name\":\"\u0160IOV - \u0161t\u00e1tny in\u0161tit\u00fat odborn\u00e9ho vzdel\u00e1vania\",\"description\":\"\",\"publisher\":{\"@id\":\"https:\\\/\\\/archiv.siov.sk\\\/#organization\"},\"potentialAction\":[{\"@type\":\"SearchAction\",\"target\":{\"@type\":\"EntryPoint\",\"urlTemplate\":\"https:\\\/\\\/archiv.siov.sk\\\/?s={search_term_string}\"},\"query-input\":{\"@type\":\"PropertyValueSpecification\",\"valueRequired\":true,\"valueName\":\"search_term_string\"}}],\"inLanguage\":\"en-GB\"},{\"@type\":\"Organization\",\"@id\":\"https:\\\/\\\/archiv.siov.sk\\\/#organization\",\"name\":\"\u0160IOV - \u0161t\u00e1tny in\u0161tit\u00fat odborn\u00e9ho vzdel\u00e1vania\",\"url\":\"https:\\\/\\\/archiv.siov.sk\\\/\",\"logo\":{\"@type\":\"ImageObject\",\"inLanguage\":\"en-GB\",\"@id\":\"https:\\\/\\\/archiv.siov.sk\\\/#\\\/schema\\\/logo\\\/image\\\/\",\"url\":\"https:\\\/\\\/archiv.siov.sk\\\/wp-content\\\/uploads\\\/2024\\\/02\\\/logo-SIOV.png\",\"contentUrl\":\"https:\\\/\\\/archiv.siov.sk\\\/wp-content\\\/uploads\\\/2024\\\/02\\\/logo-SIOV.png\",\"width\":431,\"height\":143,\"caption\":\"\u0160IOV - \u0161t\u00e1tny in\u0161tit\u00fat odborn\u00e9ho vzdel\u00e1vania\"},\"image\":{\"@id\":\"https:\\\/\\\/archiv.siov.sk\\\/#\\\/schema\\\/logo\\\/image\\\/\"},\"sameAs\":[\"https:\\\/\\\/www.facebook.com\\\/Statnyinstitutodbornehovzdelavania\"]},{\"@type\":\"Person\",\"@id\":\"https:\\\/\\\/archiv.siov.sk\\\/#\\\/schema\\\/person\\\/e42d633fbd958c6a726e8834d8965e6c\",\"name\":\"Katar\u00edna Kov\u00e1\u010dov\u00e1\",\"url\":\"https:\\\/\\\/archiv.siov.sk\\\/en\\\/author\\\/katkakovacova\\\/\"}]}<\/script>\n<!-- \/ Yoast SEO plugin. -->","yoast_head_json":{"title":"Inform\u00e1cie k preru\u0161eniu praktick\u00e9ho vyu\u010dovania u zamestn\u00e1vate\u013eov z d\u00f4vodu mimoriadnej situ\u00e1cie SLAK - \u0160IOV - \u0161t\u00e1tny in\u0161tit\u00fat odborn\u00e9ho vzdel\u00e1vania","robots":{"index":"index","follow":"follow","max-snippet":"max-snippet:-1","max-image-preview":"max-image-preview:large","max-video-preview":"max-video-preview:-1"},"canonical":"https:\/\/archiv.siov.sk\/en\/informacie-k-preruseniu-praktickeho-vyucovania-u-zamestnavatelov-z-dovodu-mimoriadnej-situacie-slak\/","og_locale":"en_GB","og_type":"article","og_title":"Inform\u00e1cie k preru\u0161eniu praktick\u00e9ho vyu\u010dovania u zamestn\u00e1vate\u013eov z d\u00f4vodu mimoriadnej situ\u00e1cie SLAK - \u0160IOV - \u0161t\u00e1tny in\u0161tit\u00fat odborn\u00e9ho vzdel\u00e1vania","og_description":"Prin\u00e1\u0161ame V\u00e1m dokument Rady zamestn\u00e1vate\u013eov pre odborn\u00e9 vzdel\u00e1vanie a pr\u00edpravu s opatreniami t\u00fdkaj\u00facimi sa praktick\u00e9ho vyu\u010dovania u zamestn\u00e1vate\u013eov po\u010das mimoriadnej situ\u00e1cie SLAK.","og_url":"https:\/\/archiv.siov.sk\/en\/informacie-k-preruseniu-praktickeho-vyucovania-u-zamestnavatelov-z-dovodu-mimoriadnej-situacie-slak\/","og_site_name":"\u0160IOV - \u0161t\u00e1tny in\u0161tit\u00fat odborn\u00e9ho vzdel\u00e1vania","article_publisher":"https:\/\/www.facebook.com\/Statnyinstitutodbornehovzdelavania","article_published_time":"2025-04-03T12:43:24+00:00","article_modified_time":"2025-04-03T12:43:39+00:00","og_image":[{"width":800,"height":800,"url":"https:\/\/archiv.siov.sk\/wp-content\/uploads\/2024\/06\/shutterstock_info-icon.jpg","type":"image\/jpeg"}],"author":"Katar\u00edna Kov\u00e1\u010dov\u00e1","twitter_card":"summary_large_image","twitter_misc":{"Written by":"Katar\u00edna Kov\u00e1\u010dov\u00e1","Estimated reading time":"1 minute"},"schema":{"@context":"https:\/\/schema.org","@graph":[{"@type":"Article","@id":"https:\/\/archiv.siov.sk\/informacie-k-preruseniu-praktickeho-vyucovania-u-zamestnavatelov-z-dovodu-mimoriadnej-situacie-slak\/#article","isPartOf":{"@id":"https:\/\/archiv.siov.sk\/informacie-k-preruseniu-praktickeho-vyucovania-u-zamestnavatelov-z-dovodu-mimoriadnej-situacie-slak\/"},"author":{"name":"Katar\u00edna Kov\u00e1\u010dov\u00e1","@id":"https:\/\/archiv.siov.sk\/#\/schema\/person\/e42d633fbd958c6a726e8834d8965e6c"},"headline":"Inform\u00e1cie k preru\u0161eniu praktick\u00e9ho vyu\u010dovania u zamestn\u00e1vate\u013eov z d\u00f4vodu mimoriadnej situ\u00e1cie SLAK","datePublished":"2025-04-03T12:43:24+00:00","dateModified":"2025-04-03T12:43:39+00:00","mainEntityOfPage":{"@id":"https:\/\/archiv.siov.sk\/informacie-k-preruseniu-praktickeho-vyucovania-u-zamestnavatelov-z-dovodu-mimoriadnej-situacie-slak\/"},"wordCount":56,"publisher":{"@id":"https:\/\/archiv.siov.sk\/#organization"},"image":{"@id":"https:\/\/archiv.siov.sk\/informacie-k-preruseniu-praktickeho-vyucovania-u-zamestnavatelov-z-dovodu-mimoriadnej-situacie-slak\/#primaryimage"},"thumbnailUrl":"https:\/\/archiv.siov.sk\/wp-content\/uploads\/2024\/06\/shutterstock_info-icon.jpg","articleSection":["Aktuality"],"inLanguage":"en-GB"},{"@type":"WebPage","@id":"https:\/\/archiv.siov.sk\/informacie-k-preruseniu-praktickeho-vyucovania-u-zamestnavatelov-z-dovodu-mimoriadnej-situacie-slak\/","url":"https:\/\/archiv.siov.sk\/informacie-k-preruseniu-praktickeho-vyucovania-u-zamestnavatelov-z-dovodu-mimoriadnej-situacie-slak\/","name":"Inform\u00e1cie k preru\u0161eniu praktick\u00e9ho vyu\u010dovania u zamestn\u00e1vate\u013eov z d\u00f4vodu mimoriadnej situ\u00e1cie SLAK - \u0160IOV - \u0161t\u00e1tny in\u0161tit\u00fat odborn\u00e9ho vzdel\u00e1vania","isPartOf":{"@id":"https:\/\/archiv.siov.sk\/#website"},"primaryImageOfPage":{"@id":"https:\/\/archiv.siov.sk\/informacie-k-preruseniu-praktickeho-vyucovania-u-zamestnavatelov-z-dovodu-mimoriadnej-situacie-slak\/#primaryimage"},"image":{"@id":"https:\/\/archiv.siov.sk\/informacie-k-preruseniu-praktickeho-vyucovania-u-zamestnavatelov-z-dovodu-mimoriadnej-situacie-slak\/#primaryimage"},"thumbnailUrl":"https:\/\/archiv.siov.sk\/wp-content\/uploads\/2024\/06\/shutterstock_info-icon.jpg","datePublished":"2025-04-03T12:43:24+00:00","dateModified":"2025-04-03T12:43:39+00:00","breadcrumb":{"@id":"https:\/\/archiv.siov.sk\/informacie-k-preruseniu-praktickeho-vyucovania-u-zamestnavatelov-z-dovodu-mimoriadnej-situacie-slak\/#breadcrumb"},"inLanguage":"en-GB","potentialAction":[{"@type":"ReadAction","target":["https:\/\/archiv.siov.sk\/informacie-k-preruseniu-praktickeho-vyucovania-u-zamestnavatelov-z-dovodu-mimoriadnej-situacie-slak\/"]}]},{"@type":"ImageObject","inLanguage":"en-GB","@id":"https:\/\/archiv.siov.sk\/informacie-k-preruseniu-praktickeho-vyucovania-u-zamestnavatelov-z-dovodu-mimoriadnej-situacie-slak\/#primaryimage","url":"https:\/\/archiv.siov.sk\/wp-content\/uploads\/2024\/06\/shutterstock_info-icon.jpg","contentUrl":"https:\/\/archiv.siov.sk\/wp-content\/uploads\/2024\/06\/shutterstock_info-icon.jpg","width":800,"height":800},{"@type":"BreadcrumbList","@id":"https:\/\/archiv.siov.sk\/informacie-k-preruseniu-praktickeho-vyucovania-u-zamestnavatelov-z-dovodu-mimoriadnej-situacie-slak\/#breadcrumb","itemListElement":[{"@type":"ListItem","position":1,"name":"Home","item":"https:\/\/archiv.siov.sk\/"},{"@type":"ListItem","position":2,"name":"Inform\u00e1cie k preru\u0161eniu praktick\u00e9ho vyu\u010dovania u zamestn\u00e1vate\u013eov z d\u00f4vodu mimoriadnej situ\u00e1cie SLAK"}]},{"@type":"WebSite","@id":"https:\/\/archiv.siov.sk\/#website","url":"https:\/\/archiv.siov.sk\/","name":"\u0160IOV - \u0161t\u00e1tny in\u0161tit\u00fat odborn\u00e9ho vzdel\u00e1vania","description":"","publisher":{"@id":"https:\/\/archiv.siov.sk\/#organization"},"potentialAction":[{"@type":"SearchAction","target":{"@type":"EntryPoint","urlTemplate":"https:\/\/archiv.siov.sk\/?s={search_term_string}"},"query-input":{"@type":"PropertyValueSpecification","valueRequired":true,"valueName":"search_term_string"}}],"inLanguage":"en-GB"},{"@type":"Organization","@id":"https:\/\/archiv.siov.sk\/#organization","name":"\u0160IOV - \u0161t\u00e1tny in\u0161tit\u00fat odborn\u00e9ho vzdel\u00e1vania","url":"https:\/\/archiv.siov.sk\/","logo":{"@type":"ImageObject","inLanguage":"en-GB","@id":"https:\/\/archiv.siov.sk\/#\/schema\/logo\/image\/","url":"https:\/\/archiv.siov.sk\/wp-content\/uploads\/2024\/02\/logo-SIOV.png","contentUrl":"https:\/\/archiv.siov.sk\/wp-content\/uploads\/2024\/02\/logo-SIOV.png","width":431,"height":143,"caption":"\u0160IOV - \u0161t\u00e1tny in\u0161tit\u00fat odborn\u00e9ho vzdel\u00e1vania"},"image":{"@id":"https:\/\/archiv.siov.sk\/#\/schema\/logo\/image\/"},"sameAs":["https:\/\/www.facebook.com\/Statnyinstitutodbornehovzdelavania"]},{"@type":"Person","@id":"https:\/\/archiv.siov.sk\/#\/schema\/person\/e42d633fbd958c6a726e8834d8965e6c","name":"Katar\u00edna Kov\u00e1\u010dov\u00e1","url":"https:\/\/archiv.siov.sk\/en\/author\/katkakovacova\/"}]}},"_links":{"self":[{"href":"https:\/\/archiv.siov.sk\/en\/wp-json\/wp\/v2\/posts\/18213","targetHints":{"allow":["GET"]}}],"collection":[{"href":"https:\/\/archiv.siov.sk\/en\/wp-json\/wp\/v2\/posts"}],"about":[{"href":"https:\/\/archiv.siov.sk\/en\/wp-json\/wp\/v2\/types\/post"}],"author":[{"embeddable":true,"href":"https:\/\/archiv.siov.sk\/en\/wp-json\/wp\/v2\/users\/6"}],"replies":[{"embeddable":true,"href":"https:\/\/archiv.siov.sk\/en\/wp-json\/wp\/v2\/comments?post=18213"}],"version-history":[{"count":2,"href":"https:\/\/archiv.siov.sk\/en\/wp-json\/wp\/v2\/posts\/18213\/revisions"}],"predecessor-version":[{"id":18216,"href":"https:\/\/archiv.siov.sk\/en\/wp-json\/wp\/v2\/posts\/18213\/revisions\/18216"}],"wp:featuredmedia":[{"embeddable":true,"href":"https:\/\/archiv.siov.sk\/en\/wp-json\/wp\/v2\/media\/16060"}],"wp:attachment":[{"href":"https:\/\/archiv.siov.sk\/en\/wp-json\/wp\/v2\/media?parent=18213"}],"wp:term":[{"taxonomy":"category","embeddable":true,"href":"https:\/\/archiv.siov.sk\/en\/wp-json\/wp\/v2\/categories?post=18213"},{"taxonomy":"post_tag","embeddable":true,"href":"https:\/\/archiv.siov.sk\/en\/wp-json\/wp\/v2\/tags?post=18213"}],"curies":[{"name":"wp","href":"https:\/\/api.w.org\/{rel}","templated":true}]}}