{"id":18153,"date":"2025-03-28T12:34:59","date_gmt":"2025-03-28T11:34:59","guid":{"rendered":"https:\/\/archiv.siov.sk\/?p=18153"},"modified":"2025-03-28T12:38:05","modified_gmt":"2025-03-28T11:38:05","slug":"slovenske-cvicne-firmy-bodovali-na-medzinarodnom-veltrhu-cvicnych-firiem-v-prahe","status":"publish","type":"post","link":"https:\/\/archiv.siov.sk\/en\/slovenske-cvicne-firmy-bodovali-na-medzinarodnom-veltrhu-cvicnych-firiem-v-prahe\/","title":{"rendered":"Slovensk\u00e9 cvi\u010dn\u00e9 firmy bodovali na Medzin\u00e1rodnom ve\u013etrhu v Prahe"},"content":{"rendered":"<p style=\"text-align: justify;\">Jubilejn\u00fd tridsiaty Medzin\u00e1rodn\u00fd ve\u013etrh cvi\u010dn\u00fdch firiem sa uskuto\u010dnil 19.-21. marca\u00a0v priestoroch pra\u017esk\u00e9ho v\u00fdstaviska Hole\u0161ovice s\u00a0t\u00e9mou \u201eVesm\u00edr n\u00e1s sp\u00e1ja\u201c, preto\u017ee sp\u00e1ja mlad\u00fdch talentovan\u00fdch \u013eud\u00ed a umo\u017e\u0148uje im zdokona\u013eova\u0165 vedomosti a zru\u010dnosti. Firmy na\u0161ich stredo\u0161kol\u00e1kov v\u00a0zahrani\u010dnej konkurencii obst\u00e1li ve\u013emi dobre.<\/p>\n<p style=\"text-align: justify;\">Spolu sa na podujat\u00ed prezentovalo sedemdesiat\u0161tyri cvi\u010dn\u00fdch firiem (CF) z\u00a0\u00f4smych kraj\u00edn Eur\u00f3pskej \u00fanie, konkr\u00e9tne zo \u0160panielska, Rumunska, Bulharska, Belgicka, Rak\u00faska, Slovinska, \u010ciech a Slovenska. Slovensko reprezentovali \u0161tyri firmy a\u00a0to cvi\u010dn\u00e1 firma Milky zo Zlat\u00fdch Moraviec, \u00a0firma Pek\u00e1re\u0148 u babky z\u00a0Ro\u017e\u0148avy a\u00a0cvi\u010dn\u00e9 firmy DONNA a\u00a0FlowKeep, obidve z Bratislavy.<img fetchpriority=\"high\" decoding=\"async\" class=\"size-medium wp-image-18158 alignright\" src=\"https:\/\/archiv.siov.sk\/wp-content\/uploads\/2025\/03\/485146568_1843421683140420_5186006897284835101_n-253x300.jpg\" alt=\"\" width=\"253\" height=\"300\" srcset=\"https:\/\/archiv.siov.sk\/wp-content\/uploads\/2025\/03\/485146568_1843421683140420_5186006897284835101_n-253x300.jpg 253w, https:\/\/archiv.siov.sk\/wp-content\/uploads\/2025\/03\/485146568_1843421683140420_5186006897284835101_n-863x1024.jpg 863w, https:\/\/archiv.siov.sk\/wp-content\/uploads\/2025\/03\/485146568_1843421683140420_5186006897284835101_n-768x911.jpg 768w, https:\/\/archiv.siov.sk\/wp-content\/uploads\/2025\/03\/485146568_1843421683140420_5186006897284835101_n-10x12.jpg 10w, https:\/\/archiv.siov.sk\/wp-content\/uploads\/2025\/03\/485146568_1843421683140420_5186006897284835101_n.jpg 1179w\" sizes=\"(max-width: 253px) 100vw, 253px\" \/><\/p>\n<p style=\"text-align: justify;\">Ve\u013etrh otvoril Ond\u0159ej Andrys, \u0161t\u00e1tny tajomn\u00edk Ministerstva \u0161kolstva, ml\u00e1de\u017ee a\u00a0telov\u00fdchovy \u010cR spolu s\u00a0radn\u00fdm hlavn\u00e9ho mesta Prahy Anton\u00ednom Klecandom a\u00a0rektorom Vysokej \u0161koly ekonomickej Petrom Dvo\u0159\u00e1kom. Po\u010das troch dn\u00ed cvi\u010dn\u00e9 firmy okrem obchodovania v st\u00e1nkoch s\u00fa\u0165a\u017eili v\u00a0kateg\u00f3ri\u00e1ch ako Najlep\u0161ia prezent\u00e1cia, 90\u00b4vo v\u00fd\u0165ahu, Fotografia firmy, Najlep\u0161\u00ed reklamn\u00fd spot, Najlep\u0161\u00ed Instagram, Najlep\u0161\u00ed st\u00e1nok, Najlep\u0161\u00ed katal\u00f3g a Najlep\u0161ia firma ve\u013etrhu.<\/p>\n<p style=\"text-align: justify;\"><img decoding=\"async\" class=\"size-medium wp-image-18157 alignleft\" src=\"https:\/\/archiv.siov.sk\/wp-content\/uploads\/2025\/03\/482579934_565697346579403_3681628631137793305_n-194x300.jpg\" alt=\"\" width=\"194\" height=\"300\" srcset=\"https:\/\/archiv.siov.sk\/wp-content\/uploads\/2025\/03\/482579934_565697346579403_3681628631137793305_n-194x300.jpg 194w, https:\/\/archiv.siov.sk\/wp-content\/uploads\/2025\/03\/482579934_565697346579403_3681628631137793305_n-662x1024.jpg 662w, https:\/\/archiv.siov.sk\/wp-content\/uploads\/2025\/03\/482579934_565697346579403_3681628631137793305_n-768x1188.jpg 768w, https:\/\/archiv.siov.sk\/wp-content\/uploads\/2025\/03\/482579934_565697346579403_3681628631137793305_n-8x12.jpg 8w, https:\/\/archiv.siov.sk\/wp-content\/uploads\/2025\/03\/482579934_565697346579403_3681628631137793305_n.jpg 977w\" sizes=\"(max-width: 194px) 100vw, 194px\" \/>Ve\u013emi n\u00e1s te\u0161\u00ed skvel\u00e9 umiestnenie slovensk\u00fdch cvi\u010dn\u00fdch firiem vo vyhl\u00e1sen\u00fdch s\u00fa\u0165a\u017eiach. V kateg\u00f3rii Najlep\u0161\u00ed reklamn\u00fd spot obsadila prv\u00e9 miesto CF DONNA. V kateg\u00f3rii Naj prezent\u00e1cia obsadila tretie miesto CF FlowKeep z Bratislavy. V kateg\u00f3rii 90\u00b4vo v\u00fd\u0165ahu z\u00edskala druh\u00e9 miesto CF Pek\u00e1re\u0148 u babky z Ro\u017e\u0148avy a tretie miesto CF DONNA. V kateg\u00f3rii fotografia firmy patr\u00ed tretie miesto CF DONNA. V s\u00fa\u0165a\u017ei INSTAGRAM z\u00edskala druh\u00e9 miesto CF DONNA a tretie miesto CF Milky. V s\u00fa\u0165a\u017ei Naj st\u00e1nok skon\u010dila prv\u00e1 CF DONNA a tretia CF Milky. V\u00a0kateg\u00f3rii Najlep\u0161ia CF ve\u013etrhu vyhrala druh\u00e9 miesto CF Milky. Absol\u00fatnym v\u00ed\u0165azom ve\u013etrhu je slovensk\u00e1 CF DONNA TAXI z\u00a0Obchodnej akad\u00e9mie Nev\u00e4dzova v\u00a0Bratislave.<\/p>\n<p style=\"text-align: justify;\">V r\u00e1mci trojd\u0148ov\u00e9ho programu prezentovali partneri po\u010das predn\u00e1\u0161ok a\u00a0semin\u00e1rov\u00a0 napr\u00edklad t\u00e9my ekon\u00f3mie a demografie, vesm\u00edru, ekol\u00f3gie, kvantov\u00fdch technol\u00f3gi\u00ed a\u00a0podobne. \u00a0PEN WORLDWIDE pripravil pre \u00fa\u010dastn\u00edkov ve\u013etrhu vedomostn\u00fd kv\u00edz.<\/p>\n<p style=\"text-align: justify;\">Ve\u013etrh d\u00e1va \u017eiakom stredn\u00fdch \u0161k\u00f4l jedine\u010dn\u00fa pr\u00edle\u017eitos\u0165 overi\u0165 svoje znalosti z\u00a0ekonomiky, \u00fa\u010dtovn\u00edctva a\u00a0marketingu v\u00a0praxi, zdokonali\u0165 si jazykov\u00e9, obchodn\u00e9 a\u00a0v\u0161etky takzvan\u00e9 m\u00e4kk\u00e9 zru\u010dnosti a\u00a0samozrejme nadviaza\u0165 medzin\u00e1rodn\u00e9 kontakty. Pripravili a\u00a0zorganizovali ho \u017eiaci fikt\u00edvnej\/cvi\u010dnej firmy Antr\u00e9 z\u00a0pra\u017eskej Obchodnej akad\u00e9mie Heroldovy Sady v partnerstve s\u00a0N\u00e1rodn\u00fdm pedagogick\u00fdm in\u0161tit\u00fatom \u010cR \u2013 Centrom fikt\u00edvnych firiem (NPI CEFIF), AOV, V\u0160E, Praginfo, SAMSUNG a \u0160t\u00e1tnym in\u0161tit\u00fatom odborn\u00e9ho vzdel\u00e1vania \u2013 Slovensk\u00fdm centrom cvi\u010dn\u00fdch firiem\u00a0 (\u0160IOV SCCF). Podujatie \u010falej podporili aj firmy Sympulse, Telecom, Canon, KPMG, 24U, glomex s. r. o., KAMDU, EDUKO a \u010fal\u0161\u00ed.<\/p>\n<p style=\"text-align: justify;\">V\u00ed\u0165azom srde\u010dne gratulujeme a\u00a0te\u0161\u00edme sa na stretnutia na \u010fal\u0161\u00edch zauj\u00edmav\u00fdch podujatiach cvi\u010dn\u00fdch firiem doma i\u00a0v\u00a0zahrani\u010d\u00ed.<\/p>","protected":false},"excerpt":{"rendered":"<p>Jubilejn\u00fd tridsiaty Medzin\u00e1rodn\u00fd ve\u013etrh cvi\u010dn\u00fdch firiem sa uskuto\u010dnil 19.-21. marca\u00a0v priestoroch pra\u017esk\u00e9ho v\u00fdstaviska Hole\u0161ovice s\u00a0t\u00e9mou \u201eVesm\u00edr n\u00e1s sp\u00e1ja\u201c, preto\u017ee sp\u00e1ja mlad\u00fdch talentovan\u00fdch \u013eud\u00ed a umo\u017e\u0148uje im zdokona\u013eova\u0165 vedomosti a zru\u010dnosti. Firmy na\u0161ich stredo\u0161kol\u00e1kov v\u00a0zahrani\u010dnej konkurencii obst\u00e1li ve\u013emi dobre. Spolu sa na podujat\u00ed prezentovalo sedemdesiat\u0161tyri cvi\u010dn\u00fdch firiem (CF) z\u00a0\u00f4smych kraj\u00edn Eur\u00f3pskej \u00fanie, konkr\u00e9tne zo \u0160panielska, Rumunska, [&hellip;]<\/p>\n","protected":false},"author":6,"featured_media":18156,"comment_status":"closed","ping_status":"closed","sticky":false,"template":"","format":"standard","meta":{"site-sidebar-layout":"default","site-content-layout":"","ast-site-content-layout":"default","site-content-style":"default","site-sidebar-style":"default","ast-global-header-display":"","ast-banner-title-visibility":"","ast-main-header-display":"","ast-hfb-above-header-display":"","ast-hfb-below-header-display":"","ast-hfb-mobile-header-display":"","site-post-title":"","ast-breadcrumbs-content":"","ast-featured-img":"","footer-sml-layout":"","ast-disable-related-posts":"","theme-transparent-header-meta":"default","adv-header-id-meta":"","stick-header-meta":"default","header-above-stick-meta":"","header-main-stick-meta":"","header-below-stick-meta":"","astra-migrate-meta-layouts":"set","ast-page-background-enabled":"default","ast-page-background-meta":{"desktop":{"background-color":"var(--ast-global-color-4)","background-image":"","background-repeat":"repeat","background-position":"center center","background-size":"auto","background-attachment":"scroll","background-type":"","background-media":"","overlay-type":"","overlay-color":"","overlay-opacity":"","overlay-gradient":""},"tablet":{"background-color":"","background-image":"","background-repeat":"repeat","background-position":"center center","background-size":"auto","background-attachment":"scroll","background-type":"","background-media":"","overlay-type":"","overlay-color":"","overlay-opacity":"","overlay-gradient":""},"mobile":{"background-color":"","background-image":"","background-repeat":"repeat","background-position":"center center","background-size":"auto","background-attachment":"scroll","background-type":"","background-media":"","overlay-type":"","overlay-color":"","overlay-opacity":"","overlay-gradient":""}},"ast-content-background-meta":{"desktop":{"background-color":"var(--ast-global-color-5)","background-image":"","background-repeat":"repeat","background-position":"center center","background-size":"auto","background-attachment":"scroll","background-type":"","background-media":"","overlay-type":"","overlay-color":"","overlay-opacity":"","overlay-gradient":""},"tablet":{"background-color":"var(--ast-global-color-5)","background-image":"","background-repeat":"repeat","background-position":"center center","background-size":"auto","background-attachment":"scroll","background-type":"","background-media":"","overlay-type":"","overlay-color":"","overlay-opacity":"","overlay-gradient":""},"mobile":{"background-color":"var(--ast-global-color-5)","background-image":"","background-repeat":"repeat","background-position":"center center","background-size":"auto","background-attachment":"scroll","background-type":"","background-media":"","overlay-type":"","overlay-color":"","overlay-opacity":"","overlay-gradient":""}},"footnotes":""},"categories":[1],"tags":[],"class_list":["post-18153","post","type-post","status-publish","format-standard","has-post-thumbnail","hentry","category-aktuality"],"yoast_head":"<!-- This site is optimized with the Yoast SEO plugin v27.5 - https:\/\/yoast.com\/product\/yoast-seo-wordpress\/ -->\n<title>Slovensk\u00e9 cvi\u010dn\u00e9 firmy bodovali na Medzin\u00e1rodnom ve\u013etrhu v Prahe - \u0160IOV - \u0161t\u00e1tny in\u0161tit\u00fat odborn\u00e9ho vzdel\u00e1vania<\/title>\n<meta name=\"robots\" content=\"index, follow, max-snippet:-1, max-image-preview:large, max-video-preview:-1\" \/>\n<link rel=\"canonical\" href=\"https:\/\/archiv.siov.sk\/en\/slovenske-cvicne-firmy-bodovali-na-medzinarodnom-veltrhu-cvicnych-firiem-v-prahe\/\" \/>\n<meta property=\"og:locale\" content=\"en_GB\" \/>\n<meta property=\"og:type\" content=\"article\" \/>\n<meta property=\"og:title\" content=\"Slovensk\u00e9 cvi\u010dn\u00e9 firmy bodovali na Medzin\u00e1rodnom ve\u013etrhu v Prahe - \u0160IOV - \u0161t\u00e1tny in\u0161tit\u00fat odborn\u00e9ho vzdel\u00e1vania\" \/>\n<meta property=\"og:description\" content=\"Jubilejn\u00fd tridsiaty Medzin\u00e1rodn\u00fd ve\u013etrh cvi\u010dn\u00fdch firiem sa uskuto\u010dnil 19.-21. marca\u00a0v priestoroch pra\u017esk\u00e9ho v\u00fdstaviska Hole\u0161ovice s\u00a0t\u00e9mou \u201eVesm\u00edr n\u00e1s sp\u00e1ja\u201c, preto\u017ee sp\u00e1ja mlad\u00fdch talentovan\u00fdch \u013eud\u00ed a umo\u017e\u0148uje im zdokona\u013eova\u0165 vedomosti a zru\u010dnosti. Firmy na\u0161ich stredo\u0161kol\u00e1kov v\u00a0zahrani\u010dnej konkurencii obst\u00e1li ve\u013emi dobre. Spolu sa na podujat\u00ed prezentovalo sedemdesiat\u0161tyri cvi\u010dn\u00fdch firiem (CF) z\u00a0\u00f4smych kraj\u00edn Eur\u00f3pskej \u00fanie, konkr\u00e9tne zo \u0160panielska, Rumunska, [&hellip;]\" \/>\n<meta property=\"og:url\" content=\"https:\/\/archiv.siov.sk\/en\/slovenske-cvicne-firmy-bodovali-na-medzinarodnom-veltrhu-cvicnych-firiem-v-prahe\/\" \/>\n<meta property=\"og:site_name\" content=\"\u0160IOV - \u0161t\u00e1tny in\u0161tit\u00fat odborn\u00e9ho vzdel\u00e1vania\" \/>\n<meta property=\"article:publisher\" content=\"https:\/\/www.facebook.com\/Statnyinstitutodbornehovzdelavania\" \/>\n<meta property=\"article:published_time\" content=\"2025-03-28T11:34:59+00:00\" \/>\n<meta property=\"article:modified_time\" content=\"2025-03-28T11:38:05+00:00\" \/>\n<meta property=\"og:image\" content=\"https:\/\/archiv.siov.sk\/wp-content\/uploads\/2025\/03\/486705525_1456788508537496_3097601907623235465_n-1.jpg\" \/>\n\t<meta property=\"og:image:width\" content=\"1059\" \/>\n\t<meta property=\"og:image:height\" content=\"886\" \/>\n\t<meta property=\"og:image:type\" content=\"image\/jpeg\" \/>\n<meta name=\"author\" content=\"Katar\u00edna Kov\u00e1\u010dov\u00e1\" \/>\n<meta name=\"twitter:card\" content=\"summary_large_image\" \/>\n<meta name=\"twitter:label1\" content=\"Written by\" \/>\n\t<meta name=\"twitter:data1\" content=\"Katar\u00edna Kov\u00e1\u010dov\u00e1\" \/>\n\t<meta name=\"twitter:label2\" content=\"Estimated reading time\" \/>\n\t<meta name=\"twitter:data2\" content=\"3 minutes\" \/>\n<script type=\"application\/ld+json\" class=\"yoast-schema-graph\">{\"@context\":\"https:\\\/\\\/schema.org\",\"@graph\":[{\"@type\":\"Article\",\"@id\":\"https:\\\/\\\/archiv.siov.sk\\\/slovenske-cvicne-firmy-bodovali-na-medzinarodnom-veltrhu-cvicnych-firiem-v-prahe\\\/#article\",\"isPartOf\":{\"@id\":\"https:\\\/\\\/archiv.siov.sk\\\/slovenske-cvicne-firmy-bodovali-na-medzinarodnom-veltrhu-cvicnych-firiem-v-prahe\\\/\"},\"author\":{\"name\":\"Katar\u00edna Kov\u00e1\u010dov\u00e1\",\"@id\":\"https:\\\/\\\/archiv.siov.sk\\\/#\\\/schema\\\/person\\\/e42d633fbd958c6a726e8834d8965e6c\"},\"headline\":\"Slovensk\u00e9 cvi\u010dn\u00e9 firmy bodovali na Medzin\u00e1rodnom ve\u013etrhu v Prahe\",\"datePublished\":\"2025-03-28T11:34:59+00:00\",\"dateModified\":\"2025-03-28T11:38:05+00:00\",\"mainEntityOfPage\":{\"@id\":\"https:\\\/\\\/archiv.siov.sk\\\/slovenske-cvicne-firmy-bodovali-na-medzinarodnom-veltrhu-cvicnych-firiem-v-prahe\\\/\"},\"wordCount\":561,\"publisher\":{\"@id\":\"https:\\\/\\\/archiv.siov.sk\\\/#organization\"},\"image\":{\"@id\":\"https:\\\/\\\/archiv.siov.sk\\\/slovenske-cvicne-firmy-bodovali-na-medzinarodnom-veltrhu-cvicnych-firiem-v-prahe\\\/#primaryimage\"},\"thumbnailUrl\":\"https:\\\/\\\/archiv.siov.sk\\\/wp-content\\\/uploads\\\/2025\\\/03\\\/486705525_1456788508537496_3097601907623235465_n-1.jpg\",\"articleSection\":[\"Aktuality\"],\"inLanguage\":\"en-GB\"},{\"@type\":\"WebPage\",\"@id\":\"https:\\\/\\\/archiv.siov.sk\\\/slovenske-cvicne-firmy-bodovali-na-medzinarodnom-veltrhu-cvicnych-firiem-v-prahe\\\/\",\"url\":\"https:\\\/\\\/archiv.siov.sk\\\/slovenske-cvicne-firmy-bodovali-na-medzinarodnom-veltrhu-cvicnych-firiem-v-prahe\\\/\",\"name\":\"Slovensk\u00e9 cvi\u010dn\u00e9 firmy bodovali na Medzin\u00e1rodnom ve\u013etrhu v Prahe - \u0160IOV - \u0161t\u00e1tny in\u0161tit\u00fat odborn\u00e9ho vzdel\u00e1vania\",\"isPartOf\":{\"@id\":\"https:\\\/\\\/archiv.siov.sk\\\/#website\"},\"primaryImageOfPage\":{\"@id\":\"https:\\\/\\\/archiv.siov.sk\\\/slovenske-cvicne-firmy-bodovali-na-medzinarodnom-veltrhu-cvicnych-firiem-v-prahe\\\/#primaryimage\"},\"image\":{\"@id\":\"https:\\\/\\\/archiv.siov.sk\\\/slovenske-cvicne-firmy-bodovali-na-medzinarodnom-veltrhu-cvicnych-firiem-v-prahe\\\/#primaryimage\"},\"thumbnailUrl\":\"https:\\\/\\\/archiv.siov.sk\\\/wp-content\\\/uploads\\\/2025\\\/03\\\/486705525_1456788508537496_3097601907623235465_n-1.jpg\",\"datePublished\":\"2025-03-28T11:34:59+00:00\",\"dateModified\":\"2025-03-28T11:38:05+00:00\",\"breadcrumb\":{\"@id\":\"https:\\\/\\\/archiv.siov.sk\\\/slovenske-cvicne-firmy-bodovali-na-medzinarodnom-veltrhu-cvicnych-firiem-v-prahe\\\/#breadcrumb\"},\"inLanguage\":\"en-GB\",\"potentialAction\":[{\"@type\":\"ReadAction\",\"target\":[\"https:\\\/\\\/archiv.siov.sk\\\/slovenske-cvicne-firmy-bodovali-na-medzinarodnom-veltrhu-cvicnych-firiem-v-prahe\\\/\"]}]},{\"@type\":\"ImageObject\",\"inLanguage\":\"en-GB\",\"@id\":\"https:\\\/\\\/archiv.siov.sk\\\/slovenske-cvicne-firmy-bodovali-na-medzinarodnom-veltrhu-cvicnych-firiem-v-prahe\\\/#primaryimage\",\"url\":\"https:\\\/\\\/archiv.siov.sk\\\/wp-content\\\/uploads\\\/2025\\\/03\\\/486705525_1456788508537496_3097601907623235465_n-1.jpg\",\"contentUrl\":\"https:\\\/\\\/archiv.siov.sk\\\/wp-content\\\/uploads\\\/2025\\\/03\\\/486705525_1456788508537496_3097601907623235465_n-1.jpg\",\"width\":1059,\"height\":886},{\"@type\":\"BreadcrumbList\",\"@id\":\"https:\\\/\\\/archiv.siov.sk\\\/slovenske-cvicne-firmy-bodovali-na-medzinarodnom-veltrhu-cvicnych-firiem-v-prahe\\\/#breadcrumb\",\"itemListElement\":[{\"@type\":\"ListItem\",\"position\":1,\"name\":\"Home\",\"item\":\"https:\\\/\\\/archiv.siov.sk\\\/\"},{\"@type\":\"ListItem\",\"position\":2,\"name\":\"Slovensk\u00e9 cvi\u010dn\u00e9 firmy bodovali na Medzin\u00e1rodnom ve\u013etrhu v Prahe\"}]},{\"@type\":\"WebSite\",\"@id\":\"https:\\\/\\\/archiv.siov.sk\\\/#website\",\"url\":\"https:\\\/\\\/archiv.siov.sk\\\/\",\"name\":\"\u0160IOV - \u0161t\u00e1tny in\u0161tit\u00fat odborn\u00e9ho vzdel\u00e1vania\",\"description\":\"\",\"publisher\":{\"@id\":\"https:\\\/\\\/archiv.siov.sk\\\/#organization\"},\"potentialAction\":[{\"@type\":\"SearchAction\",\"target\":{\"@type\":\"EntryPoint\",\"urlTemplate\":\"https:\\\/\\\/archiv.siov.sk\\\/?s={search_term_string}\"},\"query-input\":{\"@type\":\"PropertyValueSpecification\",\"valueRequired\":true,\"valueName\":\"search_term_string\"}}],\"inLanguage\":\"en-GB\"},{\"@type\":\"Organization\",\"@id\":\"https:\\\/\\\/archiv.siov.sk\\\/#organization\",\"name\":\"\u0160IOV - \u0161t\u00e1tny in\u0161tit\u00fat odborn\u00e9ho vzdel\u00e1vania\",\"url\":\"https:\\\/\\\/archiv.siov.sk\\\/\",\"logo\":{\"@type\":\"ImageObject\",\"inLanguage\":\"en-GB\",\"@id\":\"https:\\\/\\\/archiv.siov.sk\\\/#\\\/schema\\\/logo\\\/image\\\/\",\"url\":\"https:\\\/\\\/archiv.siov.sk\\\/wp-content\\\/uploads\\\/2024\\\/02\\\/logo-SIOV.png\",\"contentUrl\":\"https:\\\/\\\/archiv.siov.sk\\\/wp-content\\\/uploads\\\/2024\\\/02\\\/logo-SIOV.png\",\"width\":431,\"height\":143,\"caption\":\"\u0160IOV - \u0161t\u00e1tny in\u0161tit\u00fat odborn\u00e9ho vzdel\u00e1vania\"},\"image\":{\"@id\":\"https:\\\/\\\/archiv.siov.sk\\\/#\\\/schema\\\/logo\\\/image\\\/\"},\"sameAs\":[\"https:\\\/\\\/www.facebook.com\\\/Statnyinstitutodbornehovzdelavania\"]},{\"@type\":\"Person\",\"@id\":\"https:\\\/\\\/archiv.siov.sk\\\/#\\\/schema\\\/person\\\/e42d633fbd958c6a726e8834d8965e6c\",\"name\":\"Katar\u00edna Kov\u00e1\u010dov\u00e1\",\"url\":\"https:\\\/\\\/archiv.siov.sk\\\/en\\\/author\\\/katkakovacova\\\/\"}]}<\/script>\n<!-- \/ Yoast SEO plugin. -->","yoast_head_json":{"title":"Slovensk\u00e9 cvi\u010dn\u00e9 firmy bodovali na Medzin\u00e1rodnom ve\u013etrhu v Prahe - \u0160IOV - \u0161t\u00e1tny in\u0161tit\u00fat odborn\u00e9ho vzdel\u00e1vania","robots":{"index":"index","follow":"follow","max-snippet":"max-snippet:-1","max-image-preview":"max-image-preview:large","max-video-preview":"max-video-preview:-1"},"canonical":"https:\/\/archiv.siov.sk\/en\/slovenske-cvicne-firmy-bodovali-na-medzinarodnom-veltrhu-cvicnych-firiem-v-prahe\/","og_locale":"en_GB","og_type":"article","og_title":"Slovensk\u00e9 cvi\u010dn\u00e9 firmy bodovali na Medzin\u00e1rodnom ve\u013etrhu v Prahe - \u0160IOV - \u0161t\u00e1tny in\u0161tit\u00fat odborn\u00e9ho vzdel\u00e1vania","og_description":"Jubilejn\u00fd tridsiaty Medzin\u00e1rodn\u00fd ve\u013etrh cvi\u010dn\u00fdch firiem sa uskuto\u010dnil 19.-21. marca\u00a0v priestoroch pra\u017esk\u00e9ho v\u00fdstaviska Hole\u0161ovice s\u00a0t\u00e9mou \u201eVesm\u00edr n\u00e1s sp\u00e1ja\u201c, preto\u017ee sp\u00e1ja mlad\u00fdch talentovan\u00fdch \u013eud\u00ed a umo\u017e\u0148uje im zdokona\u013eova\u0165 vedomosti a zru\u010dnosti. Firmy na\u0161ich stredo\u0161kol\u00e1kov v\u00a0zahrani\u010dnej konkurencii obst\u00e1li ve\u013emi dobre. Spolu sa na podujat\u00ed prezentovalo sedemdesiat\u0161tyri cvi\u010dn\u00fdch firiem (CF) z\u00a0\u00f4smych kraj\u00edn Eur\u00f3pskej \u00fanie, konkr\u00e9tne zo \u0160panielska, Rumunska, [&hellip;]","og_url":"https:\/\/archiv.siov.sk\/en\/slovenske-cvicne-firmy-bodovali-na-medzinarodnom-veltrhu-cvicnych-firiem-v-prahe\/","og_site_name":"\u0160IOV - \u0161t\u00e1tny in\u0161tit\u00fat odborn\u00e9ho vzdel\u00e1vania","article_publisher":"https:\/\/www.facebook.com\/Statnyinstitutodbornehovzdelavania","article_published_time":"2025-03-28T11:34:59+00:00","article_modified_time":"2025-03-28T11:38:05+00:00","og_image":[{"width":1059,"height":886,"url":"https:\/\/archiv.siov.sk\/wp-content\/uploads\/2025\/03\/486705525_1456788508537496_3097601907623235465_n-1.jpg","type":"image\/jpeg"}],"author":"Katar\u00edna Kov\u00e1\u010dov\u00e1","twitter_card":"summary_large_image","twitter_misc":{"Written by":"Katar\u00edna Kov\u00e1\u010dov\u00e1","Estimated reading time":"3 minutes"},"schema":{"@context":"https:\/\/schema.org","@graph":[{"@type":"Article","@id":"https:\/\/archiv.siov.sk\/slovenske-cvicne-firmy-bodovali-na-medzinarodnom-veltrhu-cvicnych-firiem-v-prahe\/#article","isPartOf":{"@id":"https:\/\/archiv.siov.sk\/slovenske-cvicne-firmy-bodovali-na-medzinarodnom-veltrhu-cvicnych-firiem-v-prahe\/"},"author":{"name":"Katar\u00edna Kov\u00e1\u010dov\u00e1","@id":"https:\/\/archiv.siov.sk\/#\/schema\/person\/e42d633fbd958c6a726e8834d8965e6c"},"headline":"Slovensk\u00e9 cvi\u010dn\u00e9 firmy bodovali na Medzin\u00e1rodnom ve\u013etrhu v Prahe","datePublished":"2025-03-28T11:34:59+00:00","dateModified":"2025-03-28T11:38:05+00:00","mainEntityOfPage":{"@id":"https:\/\/archiv.siov.sk\/slovenske-cvicne-firmy-bodovali-na-medzinarodnom-veltrhu-cvicnych-firiem-v-prahe\/"},"wordCount":561,"publisher":{"@id":"https:\/\/archiv.siov.sk\/#organization"},"image":{"@id":"https:\/\/archiv.siov.sk\/slovenske-cvicne-firmy-bodovali-na-medzinarodnom-veltrhu-cvicnych-firiem-v-prahe\/#primaryimage"},"thumbnailUrl":"https:\/\/archiv.siov.sk\/wp-content\/uploads\/2025\/03\/486705525_1456788508537496_3097601907623235465_n-1.jpg","articleSection":["Aktuality"],"inLanguage":"en-GB"},{"@type":"WebPage","@id":"https:\/\/archiv.siov.sk\/slovenske-cvicne-firmy-bodovali-na-medzinarodnom-veltrhu-cvicnych-firiem-v-prahe\/","url":"https:\/\/archiv.siov.sk\/slovenske-cvicne-firmy-bodovali-na-medzinarodnom-veltrhu-cvicnych-firiem-v-prahe\/","name":"Slovensk\u00e9 cvi\u010dn\u00e9 firmy bodovali na Medzin\u00e1rodnom ve\u013etrhu v Prahe - \u0160IOV - \u0161t\u00e1tny in\u0161tit\u00fat odborn\u00e9ho vzdel\u00e1vania","isPartOf":{"@id":"https:\/\/archiv.siov.sk\/#website"},"primaryImageOfPage":{"@id":"https:\/\/archiv.siov.sk\/slovenske-cvicne-firmy-bodovali-na-medzinarodnom-veltrhu-cvicnych-firiem-v-prahe\/#primaryimage"},"image":{"@id":"https:\/\/archiv.siov.sk\/slovenske-cvicne-firmy-bodovali-na-medzinarodnom-veltrhu-cvicnych-firiem-v-prahe\/#primaryimage"},"thumbnailUrl":"https:\/\/archiv.siov.sk\/wp-content\/uploads\/2025\/03\/486705525_1456788508537496_3097601907623235465_n-1.jpg","datePublished":"2025-03-28T11:34:59+00:00","dateModified":"2025-03-28T11:38:05+00:00","breadcrumb":{"@id":"https:\/\/archiv.siov.sk\/slovenske-cvicne-firmy-bodovali-na-medzinarodnom-veltrhu-cvicnych-firiem-v-prahe\/#breadcrumb"},"inLanguage":"en-GB","potentialAction":[{"@type":"ReadAction","target":["https:\/\/archiv.siov.sk\/slovenske-cvicne-firmy-bodovali-na-medzinarodnom-veltrhu-cvicnych-firiem-v-prahe\/"]}]},{"@type":"ImageObject","inLanguage":"en-GB","@id":"https:\/\/archiv.siov.sk\/slovenske-cvicne-firmy-bodovali-na-medzinarodnom-veltrhu-cvicnych-firiem-v-prahe\/#primaryimage","url":"https:\/\/archiv.siov.sk\/wp-content\/uploads\/2025\/03\/486705525_1456788508537496_3097601907623235465_n-1.jpg","contentUrl":"https:\/\/archiv.siov.sk\/wp-content\/uploads\/2025\/03\/486705525_1456788508537496_3097601907623235465_n-1.jpg","width":1059,"height":886},{"@type":"BreadcrumbList","@id":"https:\/\/archiv.siov.sk\/slovenske-cvicne-firmy-bodovali-na-medzinarodnom-veltrhu-cvicnych-firiem-v-prahe\/#breadcrumb","itemListElement":[{"@type":"ListItem","position":1,"name":"Home","item":"https:\/\/archiv.siov.sk\/"},{"@type":"ListItem","position":2,"name":"Slovensk\u00e9 cvi\u010dn\u00e9 firmy bodovali na Medzin\u00e1rodnom ve\u013etrhu v Prahe"}]},{"@type":"WebSite","@id":"https:\/\/archiv.siov.sk\/#website","url":"https:\/\/archiv.siov.sk\/","name":"\u0160IOV - \u0161t\u00e1tny in\u0161tit\u00fat odborn\u00e9ho vzdel\u00e1vania","description":"","publisher":{"@id":"https:\/\/archiv.siov.sk\/#organization"},"potentialAction":[{"@type":"SearchAction","target":{"@type":"EntryPoint","urlTemplate":"https:\/\/archiv.siov.sk\/?s={search_term_string}"},"query-input":{"@type":"PropertyValueSpecification","valueRequired":true,"valueName":"search_term_string"}}],"inLanguage":"en-GB"},{"@type":"Organization","@id":"https:\/\/archiv.siov.sk\/#organization","name":"\u0160IOV - \u0161t\u00e1tny in\u0161tit\u00fat odborn\u00e9ho vzdel\u00e1vania","url":"https:\/\/archiv.siov.sk\/","logo":{"@type":"ImageObject","inLanguage":"en-GB","@id":"https:\/\/archiv.siov.sk\/#\/schema\/logo\/image\/","url":"https:\/\/archiv.siov.sk\/wp-content\/uploads\/2024\/02\/logo-SIOV.png","contentUrl":"https:\/\/archiv.siov.sk\/wp-content\/uploads\/2024\/02\/logo-SIOV.png","width":431,"height":143,"caption":"\u0160IOV - \u0161t\u00e1tny in\u0161tit\u00fat odborn\u00e9ho vzdel\u00e1vania"},"image":{"@id":"https:\/\/archiv.siov.sk\/#\/schema\/logo\/image\/"},"sameAs":["https:\/\/www.facebook.com\/Statnyinstitutodbornehovzdelavania"]},{"@type":"Person","@id":"https:\/\/archiv.siov.sk\/#\/schema\/person\/e42d633fbd958c6a726e8834d8965e6c","name":"Katar\u00edna Kov\u00e1\u010dov\u00e1","url":"https:\/\/archiv.siov.sk\/en\/author\/katkakovacova\/"}]}},"_links":{"self":[{"href":"https:\/\/archiv.siov.sk\/en\/wp-json\/wp\/v2\/posts\/18153","targetHints":{"allow":["GET"]}}],"collection":[{"href":"https:\/\/archiv.siov.sk\/en\/wp-json\/wp\/v2\/posts"}],"about":[{"href":"https:\/\/archiv.siov.sk\/en\/wp-json\/wp\/v2\/types\/post"}],"author":[{"embeddable":true,"href":"https:\/\/archiv.siov.sk\/en\/wp-json\/wp\/v2\/users\/6"}],"replies":[{"embeddable":true,"href":"https:\/\/archiv.siov.sk\/en\/wp-json\/wp\/v2\/comments?post=18153"}],"version-history":[{"count":5,"href":"https:\/\/archiv.siov.sk\/en\/wp-json\/wp\/v2\/posts\/18153\/revisions"}],"predecessor-version":[{"id":18164,"href":"https:\/\/archiv.siov.sk\/en\/wp-json\/wp\/v2\/posts\/18153\/revisions\/18164"}],"wp:featuredmedia":[{"embeddable":true,"href":"https:\/\/archiv.siov.sk\/en\/wp-json\/wp\/v2\/media\/18156"}],"wp:attachment":[{"href":"https:\/\/archiv.siov.sk\/en\/wp-json\/wp\/v2\/media?parent=18153"}],"wp:term":[{"taxonomy":"category","embeddable":true,"href":"https:\/\/archiv.siov.sk\/en\/wp-json\/wp\/v2\/categories?post=18153"},{"taxonomy":"post_tag","embeddable":true,"href":"https:\/\/archiv.siov.sk\/en\/wp-json\/wp\/v2\/tags?post=18153"}],"curies":[{"name":"wp","href":"https:\/\/api.w.org\/{rel}","templated":true}]}}