{"id":18097,"date":"2025-03-17T10:30:35","date_gmt":"2025-03-17T09:30:35","guid":{"rendered":"https:\/\/archiv.siov.sk\/?p=18097"},"modified":"2025-05-16T11:02:59","modified_gmt":"2025-05-16T09:02:59","slug":"zlepsovanie-v-statnom-institute-odborneho-vzdelavania","status":"publish","type":"post","link":"https:\/\/archiv.siov.sk\/en\/zlepsovanie-v-statnom-institute-odborneho-vzdelavania\/","title":{"rendered":"Zlep\u0161ovanie v \u0160t\u00e1tnom in\u0161tit\u00fate odborn\u00e9ho vzdel\u00e1vania"},"content":{"rendered":"<div data-elementor-type=\"wp-post\" data-elementor-id=\"18097\" class=\"elementor elementor-18097\" data-elementor-post-type=\"post\">\n\t\t\t\t<div class=\"elementor-element elementor-element-1eb67d9 e-con-full e-flex e-con e-parent\" data-id=\"1eb67d9\" data-element_type=\"container\" data-e-type=\"container\">\n\t\t\t\t<div class=\"elementor-element elementor-element-f327e22 elementor-widget elementor-widget-text-editor\" data-id=\"f327e22\" data-element_type=\"widget\" data-e-type=\"widget\" data-widget_type=\"text-editor.default\">\n\t\t\t\t<div class=\"elementor-widget-container\">\n\t\t\t\t\t\t\t\t\t<p>Po anal\u00fdze oblast\u00ed na zlep\u0161ovanie uveden\u00fdch v samohodnotiacej spr\u00e1ve, sp\u00e4tnej spr\u00e1ve z\u00a0pos\u00fadenia na mieste, ako aj anal\u00fdze nov\u00fdch predkladan\u00fdch n\u00e1vrhov na zlep\u0161ovanie \u010dinnost\u00ed so zapojen\u00edm zamestnancov, boli stanoven\u00e9 priority zlep\u0161ovania jednotliv\u00fdch \u010dinnost\u00ed in\u0161tit\u00fatu.<\/p><p>Ak\u010dn\u00fd pl\u00e1n zlep\u0161ovania bol zostaven\u00fd na jese\u0148 2024 na obdobie dvoch rokov, bol za\u010dlenen\u00fd do strategick\u00e9ho pl\u00e1novacieho procesu a bol predlo\u017een\u00fd a schv\u00e1len\u00fd na porade vedenia ako strategick\u00fd dokument. Pravideln\u00e9 monitorovanie implement\u00e1cie \u010dinnost\u00ed zlep\u0161ovania bude zabezpe\u010den\u00e9 hodnoten\u00edm plnenia \u00faloh a zhodnoten\u00edm \u00fa\u010dinnosti\/dopadov cie\u013eov na \u0161tvr\u0165ro\u010dnej b\u00e1ze.<\/p><p>Ak\u010dn\u00fd pl\u00e1n zlep\u0161ovania (\u010falej len \u201eAPZ\u201c) je strategick\u00fd dokument \u0160t\u00e1tneho in\u0161tit\u00fatu odborn\u00e9ho vzdel\u00e1vania v Bratislave (\u010falej len \u201e\u0160IOV\u201c), ktor\u00e9ho cie\u013eom je riadi\u0165 proces trval\u00e9ho zlep\u0161ovania a implement\u00e1ciu modelu CAF v\u00a0organiz\u00e1cii v\u00a0rokoch 2024 \u2013 2026.<\/p>\t\t\t\t\t\t\t\t<\/div>\n\t\t\t\t<\/div>\n\t\t\t\t<\/div>\n\t\t<div class=\"elementor-element elementor-element-ca8bbb8 e-flex e-con-boxed e-con e-parent\" data-id=\"ca8bbb8\" data-element_type=\"container\" data-e-type=\"container\">\n\t\t\t\t\t<div class=\"e-con-inner\">\n\t\t<div class=\"elementor-element elementor-element-6223339 e-con-full e-flex e-con e-child\" data-id=\"6223339\" data-element_type=\"container\" data-e-type=\"container\">\n\t\t\t\t<div class=\"elementor-element elementor-element-b1cc3c6 elementor-widget__width-initial elementor-widget elementor-widget-image\" data-id=\"b1cc3c6\" data-element_type=\"widget\" data-e-type=\"widget\" data-widget_type=\"image.default\">\n\t\t\t\t<div class=\"elementor-widget-container\">\n\t\t\t\t\t\t\t\t\t\t\t\t\t\t\t<img fetchpriority=\"high\" decoding=\"async\" width=\"576\" height=\"717\" src=\"https:\/\/archiv.siov.sk\/wp-content\/uploads\/2025\/03\/Snimka-obrazovky-2025-03-24-132815.png\" class=\"attachment-large size-large wp-image-18098\" alt=\"\u0161iov caf strategia\" srcset=\"https:\/\/archiv.siov.sk\/wp-content\/uploads\/2025\/03\/Snimka-obrazovky-2025-03-24-132815.png 576w, https:\/\/archiv.siov.sk\/wp-content\/uploads\/2025\/03\/Snimka-obrazovky-2025-03-24-132815-241x300.png 241w, https:\/\/archiv.siov.sk\/wp-content\/uploads\/2025\/03\/Snimka-obrazovky-2025-03-24-132815-10x12.png 10w\" sizes=\"(max-width: 576px) 100vw, 576px\" \/>\t\t\t\t\t\t\t\t\t\t\t\t\t\t\t<\/div>\n\t\t\t\t<\/div>\n\t\t\t\t<\/div>\n\t\t<div class=\"elementor-element elementor-element-8b78c0f e-con-full e-flex e-con e-child\" data-id=\"8b78c0f\" data-element_type=\"container\" data-e-type=\"container\">\n\t\t\t\t<div class=\"elementor-element elementor-element-036a0e9 elementor-widget elementor-widget-text-editor\" data-id=\"036a0e9\" data-element_type=\"widget\" data-e-type=\"widget\" data-widget_type=\"text-editor.default\">\n\t\t\t\t<div class=\"elementor-widget-container\">\n\t\t\t\t\t\t\t\t\t<p>Vych\u00e1dza z\u00a0odpor\u00fa\u010dan\u00ed uveden\u00fdch v\u00a0samohodnotiacej spr\u00e1ve pod\u013ea modelu CAF, zo sp\u00e4tnej spr\u00e1vy z extern\u00e9ho\u00a0pos\u00fadenia na mieste, n\u00e1metov zamestnancov a\u00a0hodnotenia stavu plnenia 8 princ\u00edpov v\u00fdnimo\u010dnosti po\u010das Externej sp\u00e4tnej v\u00e4zby modelu CAF a\u00a0je zalo\u017een\u00fd na v\u00edzii, poslan\u00ed, hodnot\u00e1ch, princ\u00edpoch a\u00a0strat\u00e9gii \u0160IOV. Je zameran\u00fd na zlep\u0161ovanie vybran\u00fdch oblast\u00ed, posilnenie vybran\u00fdch siln\u00fdch str\u00e1nok in\u0161tit\u00fatu a\u00a0rozvoj 8 princ\u00edpov v\u00fdnimo\u010dnosti. Bol vypracovan\u00fd CAF t\u00edmom a\u00a0doplnen\u00fd o\u00a0n\u00e1mety vedenia. APZ je otvoren\u00fd dokument, je bude pravidelne vyhodnocovan\u00fd a\u00a0z\u00e1rove\u0148 dop\u013a\u0148an\u00fd o\u00a0novovznikaj\u00face aktivity.<\/p><p>\u00a0<\/p><p>Pri zlep\u0161ovan\u00ed sa vyu\u017e\u00edva Demingov cyklus zlep\u0161ovania PDCA (P \u2013 pl\u00e1novanie, D \u2013 realiz\u00e1cia, C \u2013 kontrola, A \u2013 konanie na z\u00e1klade zisten\u00ed \u2013 aktualiz\u00e1cia\/\u00faprava, overenie v\u00fdsledku\/ realiz\u00e1cie oproti p\u00f4vodn\u00e9mu pl\u00e1nu). D\u00f4le\u017eit\u00e1 je s\u00fastavnos\u0165 a\u00a0d\u00f4slednos\u0165 pri dodr\u017ean\u00ed uvedenej postupnosti.<\/p>\t\t\t\t\t\t\t\t<\/div>\n\t\t\t\t<\/div>\n\t\t\t\t<\/div>\n\t\t\t\t\t<\/div>\n\t\t\t\t<\/div>\n\t\t<div class=\"elementor-element elementor-element-22ddb19 e-flex e-con-boxed e-con e-parent\" data-id=\"22ddb19\" data-element_type=\"container\" data-e-type=\"container\">\n\t\t\t\t\t<div class=\"e-con-inner\">\n\t\t<div class=\"elementor-element elementor-element-b5973d8 e-con-full e-flex e-con e-child\" data-id=\"b5973d8\" data-element_type=\"container\" data-e-type=\"container\">\n\t\t\t\t<div class=\"elementor-element elementor-element-0a55804 elementor-widget elementor-widget-text-editor\" data-id=\"0a55804\" data-element_type=\"widget\" data-e-type=\"widget\" data-widget_type=\"text-editor.default\">\n\t\t\t\t<div class=\"elementor-widget-container\">\n\t\t\t\t\t\t\t\t\t<p>APZ sa zameriava na oblasti:<\/p><ul><li>Vytvori\u0165, implementova\u0165 strat\u00e9giu riadenia \u0160IOV na roky 2025 &#8211; 2027 s merate\u013en\u00fdmi cie\u013emi, pravidelne ju vyhodnocova\u0165 a aktualizova\u0165<\/li><li>Vypracova\u0165, implementova\u0165 a pravidelne vyhodnocova\u0165 intern\u00fa a extern\u00fa komunika\u010dn\u00fa strat\u00e9giu \u0160IOV<\/li><li>Vypracova\u0165, schv\u00e1li\u0165, implementova\u0165 a pravidelne vyhodnocova\u0165 strat\u00e9giu spolo\u010denskej zodpovednosti \u0160IOV<\/li><li>Vytvori\u0165 mapu zainteresovan\u00fdch str\u00e1n a aktualizova\u0165 ju<\/li><li>Zavies\u0165 syst\u00e9m pravideln\u00e9ho zis\u0165ovania spokojnosti vybran\u00fdch skup\u00edn z\u00e1kazn\u00edkov<\/li><li>Vytvori\u0165, implementova\u0165 a pravidelne vyhodnocova\u0165 strat\u00e9giu riadenia \u013eudsk\u00fdch zdrojov \u0160IOV<\/li><li>Zavies\u0165 procesn\u00e9 riadenie v \u0160IOV<\/li><li>Skvalitni\u0165 technick\u00e9 a softv\u00e9rov\u00e9 vybavenie pre pr\u00e1cu zamestnancov \u0160IOV<\/li><li>Zmodernizova\u0165 intern\u00fd informa\u010dn\u00fd syst\u00e9m \u0160IOV<\/li><\/ul>\t\t\t\t\t\t\t\t<\/div>\n\t\t\t\t<\/div>\n\t\t\t\t<\/div>\n\t\t<div class=\"elementor-element elementor-element-2505af4 e-con-full e-flex e-con e-child\" data-id=\"2505af4\" data-element_type=\"container\" data-e-type=\"container\">\n\t\t\t\t<div class=\"elementor-element elementor-element-adcb484 elementor-widget elementor-widget-image\" data-id=\"adcb484\" data-element_type=\"widget\" data-e-type=\"widget\" data-widget_type=\"image.default\">\n\t\t\t\t<div class=\"elementor-widget-container\">\n\t\t\t\t\t\t\t\t\t\t\t\t\t\t\t<img decoding=\"async\" width=\"391\" height=\"259\" src=\"https:\/\/archiv.siov.sk\/wp-content\/uploads\/2025\/03\/Snimka-obrazovky-2025-03-24-132834.png\" class=\"attachment-large size-large wp-image-18099\" alt=\"pdca cyklus zlepsovania\" srcset=\"https:\/\/archiv.siov.sk\/wp-content\/uploads\/2025\/03\/Snimka-obrazovky-2025-03-24-132834.png 391w, https:\/\/archiv.siov.sk\/wp-content\/uploads\/2025\/03\/Snimka-obrazovky-2025-03-24-132834-300x199.png 300w, https:\/\/archiv.siov.sk\/wp-content\/uploads\/2025\/03\/Snimka-obrazovky-2025-03-24-132834-18x12.png 18w\" sizes=\"(max-width: 391px) 100vw, 391px\" \/>\t\t\t\t\t\t\t\t\t\t\t\t\t\t\t<\/div>\n\t\t\t\t<\/div>\n\t\t\t\t<\/div>\n\t\t\t\t\t<\/div>\n\t\t\t\t<\/div>\n\t\t<div class=\"elementor-element elementor-element-96c77e2 e-flex e-con-boxed e-con e-parent\" data-id=\"96c77e2\" data-element_type=\"container\" data-e-type=\"container\">\n\t\t\t\t\t<div class=\"e-con-inner\">\n\t\t\t\t<div class=\"elementor-element elementor-element-d45fbfc elementor-widget elementor-widget-text-editor\" data-id=\"d45fbfc\" data-element_type=\"widget\" data-e-type=\"widget\" data-widget_type=\"text-editor.default\">\n\t\t\t\t<div class=\"elementor-widget-container\">\n\t\t\t\t\t\t\t\t\t<p>Na realiz\u00e1cii sa bude akt\u00edvne podie\u013ea\u0165 vedenie \u0160IOV za v\u00fdraznej \u00fa\u010dasti zamestnancov zo v\u0161etk\u00fdch \u00fatvarov organiz\u00e1cie tak, aby sa jednotliv\u00e9 aktivity stali v\u00a0\u010do naj\u0161ir\u0161om v\u00fdzname vlastn\u00edctvom zamestnancov a\u00a0boli implementovan\u00e9 funk\u010dne a\u00a0\u00fa\u010delne. Spr\u00e1vne nastavenie APZ a\u00a0\u00faspe\u0161nos\u0165 realiz\u00e1cie aktiv\u00edt APZ prever\u00ed druh\u00e9 kolo samohodnotenia pod\u013ea modelu CAF, ktor\u00e9 sa za\u010dne na za\u010diatku roku 2026.<\/p>\t\t\t\t\t\t\t\t<\/div>\n\t\t\t\t<\/div>\n\t\t\t\t\t<\/div>\n\t\t\t\t<\/div>\n\t\t<div class=\"elementor-element elementor-element-dd3096e e-flex e-con-boxed e-con e-parent\" data-id=\"dd3096e\" data-element_type=\"container\" data-e-type=\"container\">\n\t\t\t\t\t<div class=\"e-con-inner\">\n\t\t\t\t<div class=\"elementor-element elementor-element-ae5c79e elementor-widget elementor-widget-image\" data-id=\"ae5c79e\" data-element_type=\"widget\" data-e-type=\"widget\" data-widget_type=\"image.default\">\n\t\t\t\t<div class=\"elementor-widget-container\">\n\t\t\t\t\t\t\t\t\t\t\t\t<figure class=\"wp-caption\">\n\t\t\t\t\t\t\t\t\t\t<img decoding=\"async\" width=\"768\" height=\"119\" src=\"https:\/\/archiv.siov.sk\/wp-content\/uploads\/2025\/04\/loga_np_kvalita-768x119.png\" class=\"attachment-medium_large size-medium_large wp-image-18660\" alt=\"loga_kvalita_projekt\" srcset=\"https:\/\/archiv.siov.sk\/wp-content\/uploads\/2025\/04\/loga_np_kvalita-768x119.png 768w, https:\/\/archiv.siov.sk\/wp-content\/uploads\/2025\/04\/loga_np_kvalita-300x46.png 300w, https:\/\/archiv.siov.sk\/wp-content\/uploads\/2025\/04\/loga_np_kvalita-1024x158.png 1024w, https:\/\/archiv.siov.sk\/wp-content\/uploads\/2025\/04\/loga_np_kvalita-18x3.png 18w, https:\/\/archiv.siov.sk\/wp-content\/uploads\/2025\/04\/elementor\/thumbs\/loga_np_kvalita-r5cjqsfvrn5sfhsjyrw97tvig25lp3e6m5t1uzcj7g.png 450w, https:\/\/archiv.siov.sk\/wp-content\/uploads\/2025\/04\/loga_np_kvalita.png 1229w\" sizes=\"(max-width: 768px) 100vw, 768px\" \/>\t\t\t\t\t\t\t\t\t\t\t<figcaption class=\"widget-image-caption wp-caption-text\">Aktivita bola realizovan\u00e1 s finan\u010dnou podporou Eur\u00f3pskej \u00fanie v r\u00e1mci Programu Slovensko.<\/figcaption>\n\t\t\t\t\t\t\t\t\t\t<\/figure>\n\t\t\t\t\t\t\t\t\t<\/div>\n\t\t\t\t<\/div>\n\t\t\t\t\t<\/div>\n\t\t\t\t<\/div>\n\t\t\t\t<\/div>","protected":false},"excerpt":{"rendered":"<p>Po anal\u00fdze oblast\u00ed na zlep\u0161ovanie uveden\u00fdch v samohodnotiacej spr\u00e1ve, sp\u00e4tnej spr\u00e1ve z\u00a0pos\u00fadenia na mieste, ako aj anal\u00fdze nov\u00fdch predkladan\u00fdch n\u00e1vrhov na zlep\u0161ovanie \u010dinnost\u00ed so zapojen\u00edm zamestnancov, boli stanoven\u00e9 priority zlep\u0161ovania jednotliv\u00fdch \u010dinnost\u00ed in\u0161tit\u00fatu. Ak\u010dn\u00fd pl\u00e1n zlep\u0161ovania bol zostaven\u00fd na jese\u0148 2024 na obdobie dvoch rokov, bol za\u010dlenen\u00fd do strategick\u00e9ho pl\u00e1novacieho procesu a bol predlo\u017een\u00fd a [&hellip;]<\/p>\n","protected":false},"author":10,"featured_media":18098,"comment_status":"closed","ping_status":"closed","sticky":false,"template":"","format":"standard","meta":{"site-sidebar-layout":"default","site-content-layout":"","ast-site-content-layout":"default","site-content-style":"default","site-sidebar-style":"default","ast-global-header-display":"","ast-banner-title-visibility":"","ast-main-header-display":"","ast-hfb-above-header-display":"","ast-hfb-below-header-display":"","ast-hfb-mobile-header-display":"","site-post-title":"","ast-breadcrumbs-content":"","ast-featured-img":"","footer-sml-layout":"","ast-disable-related-posts":"","theme-transparent-header-meta":"default","adv-header-id-meta":"","stick-header-meta":"default","header-above-stick-meta":"","header-main-stick-meta":"","header-below-stick-meta":"","astra-migrate-meta-layouts":"set","ast-page-background-enabled":"default","ast-page-background-meta":{"desktop":{"background-color":"var(--ast-global-color-4)","background-image":"","background-repeat":"repeat","background-position":"center center","background-size":"auto","background-attachment":"scroll","background-type":"","background-media":"","overlay-type":"","overlay-color":"","overlay-opacity":"","overlay-gradient":""},"tablet":{"background-color":"","background-image":"","background-repeat":"repeat","background-position":"center center","background-size":"auto","background-attachment":"scroll","background-type":"","background-media":"","overlay-type":"","overlay-color":"","overlay-opacity":"","overlay-gradient":""},"mobile":{"background-color":"","background-image":"","background-repeat":"repeat","background-position":"center center","background-size":"auto","background-attachment":"scroll","background-type":"","background-media":"","overlay-type":"","overlay-color":"","overlay-opacity":"","overlay-gradient":""}},"ast-content-background-meta":{"desktop":{"background-color":"var(--ast-global-color-5)","background-image":"","background-repeat":"repeat","background-position":"center center","background-size":"auto","background-attachment":"scroll","background-type":"","background-media":"","overlay-type":"","overlay-color":"","overlay-opacity":"","overlay-gradient":""},"tablet":{"background-color":"var(--ast-global-color-5)","background-image":"","background-repeat":"repeat","background-position":"center center","background-size":"auto","background-attachment":"scroll","background-type":"","background-media":"","overlay-type":"","overlay-color":"","overlay-opacity":"","overlay-gradient":""},"mobile":{"background-color":"var(--ast-global-color-5)","background-image":"","background-repeat":"repeat","background-position":"center center","background-size":"auto","background-attachment":"scroll","background-type":"","background-media":"","overlay-type":"","overlay-color":"","overlay-opacity":"","overlay-gradient":""}},"footnotes":""},"categories":[1,24],"tags":[],"class_list":["post-18097","post","type-post","status-publish","format-standard","has-post-thumbnail","hentry","category-aktuality","category-caf"],"yoast_head":"<!-- This site is optimized with the Yoast SEO plugin v27.5 - https:\/\/yoast.com\/product\/yoast-seo-wordpress\/ -->\n<title>Zlep\u0161ovanie v \u0160t\u00e1tnom in\u0161tit\u00fate odborn\u00e9ho vzdel\u00e1vania - \u0160IOV - \u0161t\u00e1tny in\u0161tit\u00fat odborn\u00e9ho vzdel\u00e1vania<\/title>\n<meta name=\"robots\" content=\"index, follow, max-snippet:-1, max-image-preview:large, max-video-preview:-1\" \/>\n<link rel=\"canonical\" href=\"https:\/\/archiv.siov.sk\/en\/zlepsovanie-v-statnom-institute-odborneho-vzdelavania\/\" \/>\n<meta property=\"og:locale\" content=\"en_GB\" \/>\n<meta property=\"og:type\" content=\"article\" \/>\n<meta property=\"og:title\" content=\"Zlep\u0161ovanie v \u0160t\u00e1tnom in\u0161tit\u00fate odborn\u00e9ho vzdel\u00e1vania - \u0160IOV - \u0161t\u00e1tny in\u0161tit\u00fat odborn\u00e9ho vzdel\u00e1vania\" \/>\n<meta property=\"og:description\" content=\"Po anal\u00fdze oblast\u00ed na zlep\u0161ovanie uveden\u00fdch v samohodnotiacej spr\u00e1ve, sp\u00e4tnej spr\u00e1ve z\u00a0pos\u00fadenia na mieste, ako aj anal\u00fdze nov\u00fdch predkladan\u00fdch n\u00e1vrhov na zlep\u0161ovanie \u010dinnost\u00ed so zapojen\u00edm zamestnancov, boli stanoven\u00e9 priority zlep\u0161ovania jednotliv\u00fdch \u010dinnost\u00ed in\u0161tit\u00fatu. Ak\u010dn\u00fd pl\u00e1n zlep\u0161ovania bol zostaven\u00fd na jese\u0148 2024 na obdobie dvoch rokov, bol za\u010dlenen\u00fd do strategick\u00e9ho pl\u00e1novacieho procesu a bol predlo\u017een\u00fd a [&hellip;]\" \/>\n<meta property=\"og:url\" content=\"https:\/\/archiv.siov.sk\/en\/zlepsovanie-v-statnom-institute-odborneho-vzdelavania\/\" \/>\n<meta property=\"og:site_name\" content=\"\u0160IOV - \u0161t\u00e1tny in\u0161tit\u00fat odborn\u00e9ho vzdel\u00e1vania\" \/>\n<meta property=\"article:publisher\" content=\"https:\/\/www.facebook.com\/Statnyinstitutodbornehovzdelavania\" \/>\n<meta property=\"article:published_time\" content=\"2025-03-17T09:30:35+00:00\" \/>\n<meta property=\"article:modified_time\" content=\"2025-05-16T09:02:59+00:00\" \/>\n<meta property=\"og:image\" content=\"https:\/\/archiv.siov.sk\/wp-content\/uploads\/2025\/03\/Snimka-obrazovky-2025-03-24-132815.png\" \/>\n\t<meta property=\"og:image:width\" content=\"576\" \/>\n\t<meta property=\"og:image:height\" content=\"717\" \/>\n\t<meta property=\"og:image:type\" content=\"image\/png\" \/>\n<meta name=\"author\" content=\"Gabriela Budayov\u00e1\" \/>\n<meta name=\"twitter:card\" content=\"summary_large_image\" \/>\n<meta name=\"twitter:label1\" content=\"Written by\" \/>\n\t<meta name=\"twitter:data1\" content=\"Gabriela Budayov\u00e1\" \/>\n\t<meta name=\"twitter:label2\" content=\"Estimated reading time\" \/>\n\t<meta name=\"twitter:data2\" content=\"3 minutes\" \/>\n<script type=\"application\/ld+json\" class=\"yoast-schema-graph\">{\"@context\":\"https:\\\/\\\/schema.org\",\"@graph\":[{\"@type\":\"Article\",\"@id\":\"https:\\\/\\\/archiv.siov.sk\\\/zlepsovanie-v-statnom-institute-odborneho-vzdelavania\\\/#article\",\"isPartOf\":{\"@id\":\"https:\\\/\\\/archiv.siov.sk\\\/zlepsovanie-v-statnom-institute-odborneho-vzdelavania\\\/\"},\"author\":{\"name\":\"Gabriela Budayov\u00e1\",\"@id\":\"https:\\\/\\\/archiv.siov.sk\\\/#\\\/schema\\\/person\\\/2d35146a9c0fa51b027e8ff319cee627\"},\"headline\":\"Zlep\u0161ovanie v \u0160t\u00e1tnom in\u0161tit\u00fate odborn\u00e9ho vzdel\u00e1vania\",\"datePublished\":\"2025-03-17T09:30:35+00:00\",\"dateModified\":\"2025-05-16T09:02:59+00:00\",\"mainEntityOfPage\":{\"@id\":\"https:\\\/\\\/archiv.siov.sk\\\/zlepsovanie-v-statnom-institute-odborneho-vzdelavania\\\/\"},\"wordCount\":542,\"publisher\":{\"@id\":\"https:\\\/\\\/archiv.siov.sk\\\/#organization\"},\"image\":{\"@id\":\"https:\\\/\\\/archiv.siov.sk\\\/zlepsovanie-v-statnom-institute-odborneho-vzdelavania\\\/#primaryimage\"},\"thumbnailUrl\":\"https:\\\/\\\/archiv.siov.sk\\\/wp-content\\\/uploads\\\/2025\\\/03\\\/Snimka-obrazovky-2025-03-24-132815.png\",\"articleSection\":[\"Aktuality\",\"CAF\"],\"inLanguage\":\"en-GB\"},{\"@type\":\"WebPage\",\"@id\":\"https:\\\/\\\/archiv.siov.sk\\\/zlepsovanie-v-statnom-institute-odborneho-vzdelavania\\\/\",\"url\":\"https:\\\/\\\/archiv.siov.sk\\\/zlepsovanie-v-statnom-institute-odborneho-vzdelavania\\\/\",\"name\":\"Zlep\u0161ovanie v \u0160t\u00e1tnom in\u0161tit\u00fate odborn\u00e9ho vzdel\u00e1vania - \u0160IOV - \u0161t\u00e1tny in\u0161tit\u00fat odborn\u00e9ho vzdel\u00e1vania\",\"isPartOf\":{\"@id\":\"https:\\\/\\\/archiv.siov.sk\\\/#website\"},\"primaryImageOfPage\":{\"@id\":\"https:\\\/\\\/archiv.siov.sk\\\/zlepsovanie-v-statnom-institute-odborneho-vzdelavania\\\/#primaryimage\"},\"image\":{\"@id\":\"https:\\\/\\\/archiv.siov.sk\\\/zlepsovanie-v-statnom-institute-odborneho-vzdelavania\\\/#primaryimage\"},\"thumbnailUrl\":\"https:\\\/\\\/archiv.siov.sk\\\/wp-content\\\/uploads\\\/2025\\\/03\\\/Snimka-obrazovky-2025-03-24-132815.png\",\"datePublished\":\"2025-03-17T09:30:35+00:00\",\"dateModified\":\"2025-05-16T09:02:59+00:00\",\"breadcrumb\":{\"@id\":\"https:\\\/\\\/archiv.siov.sk\\\/zlepsovanie-v-statnom-institute-odborneho-vzdelavania\\\/#breadcrumb\"},\"inLanguage\":\"en-GB\",\"potentialAction\":[{\"@type\":\"ReadAction\",\"target\":[\"https:\\\/\\\/archiv.siov.sk\\\/zlepsovanie-v-statnom-institute-odborneho-vzdelavania\\\/\"]}]},{\"@type\":\"ImageObject\",\"inLanguage\":\"en-GB\",\"@id\":\"https:\\\/\\\/archiv.siov.sk\\\/zlepsovanie-v-statnom-institute-odborneho-vzdelavania\\\/#primaryimage\",\"url\":\"https:\\\/\\\/archiv.siov.sk\\\/wp-content\\\/uploads\\\/2025\\\/03\\\/Snimka-obrazovky-2025-03-24-132815.png\",\"contentUrl\":\"https:\\\/\\\/archiv.siov.sk\\\/wp-content\\\/uploads\\\/2025\\\/03\\\/Snimka-obrazovky-2025-03-24-132815.png\",\"width\":576,\"height\":717,\"caption\":\"\u0161iov caf strategia\"},{\"@type\":\"BreadcrumbList\",\"@id\":\"https:\\\/\\\/archiv.siov.sk\\\/zlepsovanie-v-statnom-institute-odborneho-vzdelavania\\\/#breadcrumb\",\"itemListElement\":[{\"@type\":\"ListItem\",\"position\":1,\"name\":\"Home\",\"item\":\"https:\\\/\\\/archiv.siov.sk\\\/\"},{\"@type\":\"ListItem\",\"position\":2,\"name\":\"Zlep\u0161ovanie v \u0160t\u00e1tnom in\u0161tit\u00fate odborn\u00e9ho vzdel\u00e1vania\"}]},{\"@type\":\"WebSite\",\"@id\":\"https:\\\/\\\/archiv.siov.sk\\\/#website\",\"url\":\"https:\\\/\\\/archiv.siov.sk\\\/\",\"name\":\"\u0160IOV - \u0161t\u00e1tny in\u0161tit\u00fat odborn\u00e9ho vzdel\u00e1vania\",\"description\":\"\",\"publisher\":{\"@id\":\"https:\\\/\\\/archiv.siov.sk\\\/#organization\"},\"potentialAction\":[{\"@type\":\"SearchAction\",\"target\":{\"@type\":\"EntryPoint\",\"urlTemplate\":\"https:\\\/\\\/archiv.siov.sk\\\/?s={search_term_string}\"},\"query-input\":{\"@type\":\"PropertyValueSpecification\",\"valueRequired\":true,\"valueName\":\"search_term_string\"}}],\"inLanguage\":\"en-GB\"},{\"@type\":\"Organization\",\"@id\":\"https:\\\/\\\/archiv.siov.sk\\\/#organization\",\"name\":\"\u0160IOV - \u0161t\u00e1tny in\u0161tit\u00fat odborn\u00e9ho vzdel\u00e1vania\",\"url\":\"https:\\\/\\\/archiv.siov.sk\\\/\",\"logo\":{\"@type\":\"ImageObject\",\"inLanguage\":\"en-GB\",\"@id\":\"https:\\\/\\\/archiv.siov.sk\\\/#\\\/schema\\\/logo\\\/image\\\/\",\"url\":\"https:\\\/\\\/archiv.siov.sk\\\/wp-content\\\/uploads\\\/2024\\\/02\\\/logo-SIOV.png\",\"contentUrl\":\"https:\\\/\\\/archiv.siov.sk\\\/wp-content\\\/uploads\\\/2024\\\/02\\\/logo-SIOV.png\",\"width\":431,\"height\":143,\"caption\":\"\u0160IOV - \u0161t\u00e1tny in\u0161tit\u00fat odborn\u00e9ho vzdel\u00e1vania\"},\"image\":{\"@id\":\"https:\\\/\\\/archiv.siov.sk\\\/#\\\/schema\\\/logo\\\/image\\\/\"},\"sameAs\":[\"https:\\\/\\\/www.facebook.com\\\/Statnyinstitutodbornehovzdelavania\"]},{\"@type\":\"Person\",\"@id\":\"https:\\\/\\\/archiv.siov.sk\\\/#\\\/schema\\\/person\\\/2d35146a9c0fa51b027e8ff319cee627\",\"name\":\"Gabriela Budayov\u00e1\",\"url\":\"https:\\\/\\\/archiv.siov.sk\\\/en\\\/author\\\/gabriela-budayova\\\/\"}]}<\/script>\n<!-- \/ Yoast SEO plugin. -->","yoast_head_json":{"title":"Zlep\u0161ovanie v \u0160t\u00e1tnom in\u0161tit\u00fate odborn\u00e9ho vzdel\u00e1vania - \u0160IOV - \u0161t\u00e1tny in\u0161tit\u00fat odborn\u00e9ho vzdel\u00e1vania","robots":{"index":"index","follow":"follow","max-snippet":"max-snippet:-1","max-image-preview":"max-image-preview:large","max-video-preview":"max-video-preview:-1"},"canonical":"https:\/\/archiv.siov.sk\/en\/zlepsovanie-v-statnom-institute-odborneho-vzdelavania\/","og_locale":"en_GB","og_type":"article","og_title":"Zlep\u0161ovanie v \u0160t\u00e1tnom in\u0161tit\u00fate odborn\u00e9ho vzdel\u00e1vania - \u0160IOV - \u0161t\u00e1tny in\u0161tit\u00fat odborn\u00e9ho vzdel\u00e1vania","og_description":"Po anal\u00fdze oblast\u00ed na zlep\u0161ovanie uveden\u00fdch v samohodnotiacej spr\u00e1ve, sp\u00e4tnej spr\u00e1ve z\u00a0pos\u00fadenia na mieste, ako aj anal\u00fdze nov\u00fdch predkladan\u00fdch n\u00e1vrhov na zlep\u0161ovanie \u010dinnost\u00ed so zapojen\u00edm zamestnancov, boli stanoven\u00e9 priority zlep\u0161ovania jednotliv\u00fdch \u010dinnost\u00ed in\u0161tit\u00fatu. Ak\u010dn\u00fd pl\u00e1n zlep\u0161ovania bol zostaven\u00fd na jese\u0148 2024 na obdobie dvoch rokov, bol za\u010dlenen\u00fd do strategick\u00e9ho pl\u00e1novacieho procesu a bol predlo\u017een\u00fd a [&hellip;]","og_url":"https:\/\/archiv.siov.sk\/en\/zlepsovanie-v-statnom-institute-odborneho-vzdelavania\/","og_site_name":"\u0160IOV - \u0161t\u00e1tny in\u0161tit\u00fat odborn\u00e9ho vzdel\u00e1vania","article_publisher":"https:\/\/www.facebook.com\/Statnyinstitutodbornehovzdelavania","article_published_time":"2025-03-17T09:30:35+00:00","article_modified_time":"2025-05-16T09:02:59+00:00","og_image":[{"width":576,"height":717,"url":"https:\/\/archiv.siov.sk\/wp-content\/uploads\/2025\/03\/Snimka-obrazovky-2025-03-24-132815.png","type":"image\/png"}],"author":"Gabriela Budayov\u00e1","twitter_card":"summary_large_image","twitter_misc":{"Written by":"Gabriela Budayov\u00e1","Estimated reading time":"3 minutes"},"schema":{"@context":"https:\/\/schema.org","@graph":[{"@type":"Article","@id":"https:\/\/archiv.siov.sk\/zlepsovanie-v-statnom-institute-odborneho-vzdelavania\/#article","isPartOf":{"@id":"https:\/\/archiv.siov.sk\/zlepsovanie-v-statnom-institute-odborneho-vzdelavania\/"},"author":{"name":"Gabriela Budayov\u00e1","@id":"https:\/\/archiv.siov.sk\/#\/schema\/person\/2d35146a9c0fa51b027e8ff319cee627"},"headline":"Zlep\u0161ovanie v \u0160t\u00e1tnom in\u0161tit\u00fate odborn\u00e9ho vzdel\u00e1vania","datePublished":"2025-03-17T09:30:35+00:00","dateModified":"2025-05-16T09:02:59+00:00","mainEntityOfPage":{"@id":"https:\/\/archiv.siov.sk\/zlepsovanie-v-statnom-institute-odborneho-vzdelavania\/"},"wordCount":542,"publisher":{"@id":"https:\/\/archiv.siov.sk\/#organization"},"image":{"@id":"https:\/\/archiv.siov.sk\/zlepsovanie-v-statnom-institute-odborneho-vzdelavania\/#primaryimage"},"thumbnailUrl":"https:\/\/archiv.siov.sk\/wp-content\/uploads\/2025\/03\/Snimka-obrazovky-2025-03-24-132815.png","articleSection":["Aktuality","CAF"],"inLanguage":"en-GB"},{"@type":"WebPage","@id":"https:\/\/archiv.siov.sk\/zlepsovanie-v-statnom-institute-odborneho-vzdelavania\/","url":"https:\/\/archiv.siov.sk\/zlepsovanie-v-statnom-institute-odborneho-vzdelavania\/","name":"Zlep\u0161ovanie v \u0160t\u00e1tnom in\u0161tit\u00fate odborn\u00e9ho vzdel\u00e1vania - \u0160IOV - \u0161t\u00e1tny in\u0161tit\u00fat odborn\u00e9ho vzdel\u00e1vania","isPartOf":{"@id":"https:\/\/archiv.siov.sk\/#website"},"primaryImageOfPage":{"@id":"https:\/\/archiv.siov.sk\/zlepsovanie-v-statnom-institute-odborneho-vzdelavania\/#primaryimage"},"image":{"@id":"https:\/\/archiv.siov.sk\/zlepsovanie-v-statnom-institute-odborneho-vzdelavania\/#primaryimage"},"thumbnailUrl":"https:\/\/archiv.siov.sk\/wp-content\/uploads\/2025\/03\/Snimka-obrazovky-2025-03-24-132815.png","datePublished":"2025-03-17T09:30:35+00:00","dateModified":"2025-05-16T09:02:59+00:00","breadcrumb":{"@id":"https:\/\/archiv.siov.sk\/zlepsovanie-v-statnom-institute-odborneho-vzdelavania\/#breadcrumb"},"inLanguage":"en-GB","potentialAction":[{"@type":"ReadAction","target":["https:\/\/archiv.siov.sk\/zlepsovanie-v-statnom-institute-odborneho-vzdelavania\/"]}]},{"@type":"ImageObject","inLanguage":"en-GB","@id":"https:\/\/archiv.siov.sk\/zlepsovanie-v-statnom-institute-odborneho-vzdelavania\/#primaryimage","url":"https:\/\/archiv.siov.sk\/wp-content\/uploads\/2025\/03\/Snimka-obrazovky-2025-03-24-132815.png","contentUrl":"https:\/\/archiv.siov.sk\/wp-content\/uploads\/2025\/03\/Snimka-obrazovky-2025-03-24-132815.png","width":576,"height":717,"caption":"\u0161iov caf strategia"},{"@type":"BreadcrumbList","@id":"https:\/\/archiv.siov.sk\/zlepsovanie-v-statnom-institute-odborneho-vzdelavania\/#breadcrumb","itemListElement":[{"@type":"ListItem","position":1,"name":"Home","item":"https:\/\/archiv.siov.sk\/"},{"@type":"ListItem","position":2,"name":"Zlep\u0161ovanie v \u0160t\u00e1tnom in\u0161tit\u00fate odborn\u00e9ho vzdel\u00e1vania"}]},{"@type":"WebSite","@id":"https:\/\/archiv.siov.sk\/#website","url":"https:\/\/archiv.siov.sk\/","name":"\u0160IOV - \u0161t\u00e1tny in\u0161tit\u00fat odborn\u00e9ho vzdel\u00e1vania","description":"","publisher":{"@id":"https:\/\/archiv.siov.sk\/#organization"},"potentialAction":[{"@type":"SearchAction","target":{"@type":"EntryPoint","urlTemplate":"https:\/\/archiv.siov.sk\/?s={search_term_string}"},"query-input":{"@type":"PropertyValueSpecification","valueRequired":true,"valueName":"search_term_string"}}],"inLanguage":"en-GB"},{"@type":"Organization","@id":"https:\/\/archiv.siov.sk\/#organization","name":"\u0160IOV - \u0161t\u00e1tny in\u0161tit\u00fat odborn\u00e9ho vzdel\u00e1vania","url":"https:\/\/archiv.siov.sk\/","logo":{"@type":"ImageObject","inLanguage":"en-GB","@id":"https:\/\/archiv.siov.sk\/#\/schema\/logo\/image\/","url":"https:\/\/archiv.siov.sk\/wp-content\/uploads\/2024\/02\/logo-SIOV.png","contentUrl":"https:\/\/archiv.siov.sk\/wp-content\/uploads\/2024\/02\/logo-SIOV.png","width":431,"height":143,"caption":"\u0160IOV - \u0161t\u00e1tny in\u0161tit\u00fat odborn\u00e9ho vzdel\u00e1vania"},"image":{"@id":"https:\/\/archiv.siov.sk\/#\/schema\/logo\/image\/"},"sameAs":["https:\/\/www.facebook.com\/Statnyinstitutodbornehovzdelavania"]},{"@type":"Person","@id":"https:\/\/archiv.siov.sk\/#\/schema\/person\/2d35146a9c0fa51b027e8ff319cee627","name":"Gabriela Budayov\u00e1","url":"https:\/\/archiv.siov.sk\/en\/author\/gabriela-budayova\/"}]}},"_links":{"self":[{"href":"https:\/\/archiv.siov.sk\/en\/wp-json\/wp\/v2\/posts\/18097","targetHints":{"allow":["GET"]}}],"collection":[{"href":"https:\/\/archiv.siov.sk\/en\/wp-json\/wp\/v2\/posts"}],"about":[{"href":"https:\/\/archiv.siov.sk\/en\/wp-json\/wp\/v2\/types\/post"}],"author":[{"embeddable":true,"href":"https:\/\/archiv.siov.sk\/en\/wp-json\/wp\/v2\/users\/10"}],"replies":[{"embeddable":true,"href":"https:\/\/archiv.siov.sk\/en\/wp-json\/wp\/v2\/comments?post=18097"}],"version-history":[{"count":10,"href":"https:\/\/archiv.siov.sk\/en\/wp-json\/wp\/v2\/posts\/18097\/revisions"}],"predecessor-version":[{"id":18916,"href":"https:\/\/archiv.siov.sk\/en\/wp-json\/wp\/v2\/posts\/18097\/revisions\/18916"}],"wp:featuredmedia":[{"embeddable":true,"href":"https:\/\/archiv.siov.sk\/en\/wp-json\/wp\/v2\/media\/18098"}],"wp:attachment":[{"href":"https:\/\/archiv.siov.sk\/en\/wp-json\/wp\/v2\/media?parent=18097"}],"wp:term":[{"taxonomy":"category","embeddable":true,"href":"https:\/\/archiv.siov.sk\/en\/wp-json\/wp\/v2\/categories?post=18097"},{"taxonomy":"post_tag","embeddable":true,"href":"https:\/\/archiv.siov.sk\/en\/wp-json\/wp\/v2\/tags?post=18097"}],"curies":[{"name":"wp","href":"https:\/\/api.w.org\/{rel}","templated":true}]}}