{"id":18071,"date":"2025-03-19T09:51:53","date_gmt":"2025-03-19T08:51:53","guid":{"rendered":"https:\/\/archiv.siov.sk\/?p=18071"},"modified":"2025-07-03T09:03:21","modified_gmt":"2025-07-03T07:03:21","slug":"prihlasovanie-do-narodnej-ceny-kvality-v-ovp-sa-coskoro-konci","status":"publish","type":"post","link":"https:\/\/archiv.siov.sk\/en\/prihlasovanie-do-narodnej-ceny-kvality-v-ovp-sa-coskoro-konci\/","title":{"rendered":"Nezme\u0161kajte pr\u00edle\u017eitos\u0165 zapoji\u0165 sa do N\u00e1rodnej ceny kvality v OVP"},"content":{"rendered":"<div data-elementor-type=\"wp-post\" data-elementor-id=\"18071\" class=\"elementor elementor-18071\" data-elementor-post-type=\"post\">\n\t\t\t\t<div class=\"elementor-element elementor-element-efd60d1 e-flex e-con-boxed e-con e-parent\" data-id=\"efd60d1\" data-element_type=\"container\" data-e-type=\"container\">\n\t\t\t\t\t<div class=\"e-con-inner\">\n\t\t\t\t<div class=\"elementor-element elementor-element-4a5978a elementor-widget elementor-widget-text-editor\" data-id=\"4a5978a\" data-element_type=\"widget\" data-e-type=\"widget\" data-widget_type=\"text-editor.default\">\n\t\t\t\t<div class=\"elementor-widget-container\">\n\t\t\t\t\t\t\t\t\t<p>\u0160t\u00e1tny in\u0161tit\u00fat odborn\u00e9ho vzdel\u00e1vania (\u0160IOV) ako N\u00e1rodn\u00e9 referen\u010dn\u00e9 miesto EQAVET organizuje 4. ro\u010dn\u00edk <strong>N\u00e1rodnej ceny kvality v odbornom vzdel\u00e1van\u00ed a pr\u00edprave (OVP). <\/strong>Prihlasovanie sa uzatv\u00e1ra u\u017e <strong>31. marca 2025<\/strong>, preto nezme\u0161kajte mo\u017enos\u0165 zapoji\u0165 sa a zvidite\u013eni\u0165 kvalitn\u00fa pr\u00e1cu va\u0161ej \u0161koly.<\/p><p>O prest\u00ed\u017ene ocenenie sa m\u00f4\u017eu uch\u00e1dza\u0165 verejn\u00e9, s\u00fakromn\u00e9 aj cirkevn\u00e9 <strong>stredn\u00e9 odborn\u00e9 \u0161koly<\/strong>, ktor\u00e9 sa akt\u00edvne venuj\u00fa rozvoju kvality nad r\u00e1mec stanoven\u00fdch \u0161tandardov. Prihl\u00e1\u0161ku je mo\u017en\u00e9 poda\u0165 elektronicky na str\u00e1nke <a href=\"https:\/\/okvalite.sk\/narodna-cena-kvality-v-ovp-2025\/\" target=\"_blank\" rel=\"noopener\">www.okvalite.sk<\/a>.<\/p><p><strong>Tento rok sa s\u00fa\u0165a\u017e\u00ed v\u00a0kateg\u00f3ri\u00e1ch:<\/strong><\/p><ul><li><strong>Modern\u00e9 kurikulum<\/strong> \u2013 inovat\u00edvne pr\u00edstupy k tvorbe a implement\u00e1cii \u0161kolsk\u00fdch vzdel\u00e1vac\u00edch programov<\/li><li><strong>Kari\u00e9rov\u00e9 poradenstvo<\/strong> \u2013 efekt\u00edvna podpora kari\u00e9rneho rozvoja \u017eiakov<\/li><li><strong>Neform\u00e1lne vo form\u00e1lnom vzdel\u00e1van\u00ed<\/strong> \u2013 vyu\u017e\u00edvanie neform\u00e1lnych vzdel\u00e1vac\u00edch met\u00f3d v \u0161kolskom syst\u00e9me<\/li><li><strong>Mimoriadna osobnos\u0165 v oblasti kvality v OVP<\/strong> \u2013 ocenenie pre v\u00fdznamn\u00e9 osobnosti, ktor\u00e9 dlhodobo prispievaj\u00fa k rozvoju kvality v OVP<\/li><\/ul><p><strong>D\u00f4le\u017eit\u00e9 inform\u00e1cie<\/strong><\/p><p><strong>Term\u00edn na podanie prihl\u00e1\u0161ky:<\/strong> do 31. marca 2025<br \/><strong>Prihl\u00e1senie a viac inform\u00e1ci\u00ed:<\/strong> <a href=\"https:\/\/okvalite.sk\/narodna-cena-kvality-v-ovp-2025\/\" target=\"_blank\" rel=\"noopener\">www.okvalite.sk<\/a><br \/><strong>Kontakt:<\/strong> eqavet@siov.sk<\/p>\t\t\t\t\t\t\t\t<\/div>\n\t\t\t\t<\/div>\n\t\t\t\t\t<\/div>\n\t\t\t\t<\/div>\n\t\t<div class=\"elementor-element elementor-element-e8cf854 e-flex e-con-boxed e-con e-parent\" data-id=\"e8cf854\" data-element_type=\"container\" data-e-type=\"container\">\n\t\t\t\t\t<div class=\"e-con-inner\">\n\t\t\t\t<div class=\"elementor-element elementor-element-c3cb9bb elementor-widget elementor-widget-image\" data-id=\"c3cb9bb\" data-element_type=\"widget\" data-e-type=\"widget\" data-widget_type=\"image.default\">\n\t\t\t\t<div class=\"elementor-widget-container\">\n\t\t\t\t\t\t\t\t\t\t\t\t\t\t\t<img fetchpriority=\"high\" decoding=\"async\" width=\"768\" height=\"213\" src=\"https:\/\/archiv.siov.sk\/wp-content\/uploads\/2025\/02\/Cena-kvalita-2025-1024x299-1-768x213.png\" class=\"attachment-medium_large size-medium_large wp-image-17936\" alt=\"N\u00e1rodn\u00e1 cena kvality v OVP\" srcset=\"https:\/\/archiv.siov.sk\/wp-content\/uploads\/2025\/02\/Cena-kvalita-2025-1024x299-1-768x213.png 768w, https:\/\/archiv.siov.sk\/wp-content\/uploads\/2025\/02\/Cena-kvalita-2025-1024x299-1-300x83.png 300w, https:\/\/archiv.siov.sk\/wp-content\/uploads\/2025\/02\/Cena-kvalita-2025-1024x299-1-1024x284.png 1024w, https:\/\/archiv.siov.sk\/wp-content\/uploads\/2025\/02\/Cena-kvalita-2025-1024x299-1-18x5.png 18w, https:\/\/archiv.siov.sk\/wp-content\/uploads\/2025\/02\/Cena-kvalita-2025-1024x299-1.png 1048w\" sizes=\"(max-width: 768px) 100vw, 768px\" \/>\t\t\t\t\t\t\t\t\t\t\t\t\t\t\t<\/div>\n\t\t\t\t<\/div>\n\t\t\t\t\t<\/div>\n\t\t\t\t<\/div>\n\t\t<div class=\"elementor-element elementor-element-37aa3d7 e-flex e-con-boxed e-con e-parent\" data-id=\"37aa3d7\" data-element_type=\"container\" data-e-type=\"container\">\n\t\t\t\t\t<div class=\"e-con-inner\">\n\t\t\t\t<div class=\"elementor-element elementor-element-b87f5eb elementor-widget elementor-widget-image\" data-id=\"b87f5eb\" data-element_type=\"widget\" data-e-type=\"widget\" data-widget_type=\"image.default\">\n\t\t\t\t<div class=\"elementor-widget-container\">\n\t\t\t\t\t\t\t\t\t\t\t\t<figure class=\"wp-caption\">\n\t\t\t\t\t\t\t\t\t\t<img decoding=\"async\" width=\"300\" height=\"86\" src=\"https:\/\/archiv.siov.sk\/wp-content\/uploads\/2025\/06\/spolufinancovane-EU-300x86.png\" class=\"attachment-medium size-medium wp-image-19606\" alt=\"spolufinancovany EU logo\" srcset=\"https:\/\/archiv.siov.sk\/wp-content\/uploads\/2025\/06\/spolufinancovane-EU-300x86.png 300w, https:\/\/archiv.siov.sk\/wp-content\/uploads\/2025\/06\/spolufinancovane-EU-18x5.png 18w, https:\/\/archiv.siov.sk\/wp-content\/uploads\/2025\/06\/spolufinancovane-EU.png 600w\" sizes=\"(max-width: 300px) 100vw, 300px\" \/>\t\t\t\t\t\t\t\t\t\t\t<figcaption class=\"widget-image-caption wp-caption-text\">Financovan\u00e9 Eur\u00f3pskou \u00faniou. Vyjadren\u00e9 n\u00e1zory a postoje s\u00fa n\u00e1zormi a vyhl\u00e1seniami autora a nemusia nevyhnutne odr\u00e1\u017ea\u0165 n\u00e1zory a stanovisk\u00e1 Eur\u00f3pskej \u00fanie alebo Eur\u00f3pskej v\u00fdkonnej agent\u00fary pre vzdel\u00e1vanie a kult\u00faru (EACEA). Eur\u00f3pska \u00fania ani EACEA za ne nepreberaj\u00fa \u017eiadnu zodpovednos\u0165.<\/figcaption>\n\t\t\t\t\t\t\t\t\t\t<\/figure>\n\t\t\t\t\t\t\t\t\t<\/div>\n\t\t\t\t<\/div>\n\t\t\t\t\t<\/div>\n\t\t\t\t<\/div>\n\t\t\t\t<\/div>","protected":false},"excerpt":{"rendered":"<p>\u0160t\u00e1tny in\u0161tit\u00fat odborn\u00e9ho vzdel\u00e1vania (\u0160IOV) ako N\u00e1rodn\u00e9 referen\u010dn\u00e9 miesto EQAVET organizuje 4. ro\u010dn\u00edk N\u00e1rodnej ceny kvality v odbornom vzdel\u00e1van\u00ed a pr\u00edprave (OVP). Prihlasovanie sa uzatv\u00e1ra u\u017e 31. marca 2025, preto nezme\u0161kajte mo\u017enos\u0165 zapoji\u0165 sa a zvidite\u013eni\u0165 kvalitn\u00fa pr\u00e1cu va\u0161ej \u0161koly. O prest\u00ed\u017ene ocenenie sa m\u00f4\u017eu uch\u00e1dza\u0165 verejn\u00e9, s\u00fakromn\u00e9 aj cirkevn\u00e9 stredn\u00e9 odborn\u00e9 \u0161koly, ktor\u00e9 sa [&hellip;]<\/p>\n","protected":false},"author":10,"featured_media":18080,"comment_status":"closed","ping_status":"closed","sticky":false,"template":"","format":"standard","meta":{"site-sidebar-layout":"default","site-content-layout":"","ast-site-content-layout":"default","site-content-style":"default","site-sidebar-style":"default","ast-global-header-display":"","ast-banner-title-visibility":"","ast-main-header-display":"","ast-hfb-above-header-display":"","ast-hfb-below-header-display":"","ast-hfb-mobile-header-display":"","site-post-title":"","ast-breadcrumbs-content":"","ast-featured-img":"","footer-sml-layout":"","ast-disable-related-posts":"","theme-transparent-header-meta":"default","adv-header-id-meta":"","stick-header-meta":"default","header-above-stick-meta":"","header-main-stick-meta":"","header-below-stick-meta":"","astra-migrate-meta-layouts":"set","ast-page-background-enabled":"default","ast-page-background-meta":{"desktop":{"background-color":"var(--ast-global-color-4)","background-image":"","background-repeat":"repeat","background-position":"center center","background-size":"auto","background-attachment":"scroll","background-type":"","background-media":"","overlay-type":"","overlay-color":"","overlay-opacity":"","overlay-gradient":""},"tablet":{"background-color":"","background-image":"","background-repeat":"repeat","background-position":"center center","background-size":"auto","background-attachment":"scroll","background-type":"","background-media":"","overlay-type":"","overlay-color":"","overlay-opacity":"","overlay-gradient":""},"mobile":{"background-color":"","background-image":"","background-repeat":"repeat","background-position":"center center","background-size":"auto","background-attachment":"scroll","background-type":"","background-media":"","overlay-type":"","overlay-color":"","overlay-opacity":"","overlay-gradient":""}},"ast-content-background-meta":{"desktop":{"background-color":"var(--ast-global-color-5)","background-image":"","background-repeat":"repeat","background-position":"center center","background-size":"auto","background-attachment":"scroll","background-type":"","background-media":"","overlay-type":"","overlay-color":"","overlay-opacity":"","overlay-gradient":""},"tablet":{"background-color":"var(--ast-global-color-5)","background-image":"","background-repeat":"repeat","background-position":"center center","background-size":"auto","background-attachment":"scroll","background-type":"","background-media":"","overlay-type":"","overlay-color":"","overlay-opacity":"","overlay-gradient":""},"mobile":{"background-color":"var(--ast-global-color-5)","background-image":"","background-repeat":"repeat","background-position":"center center","background-size":"auto","background-attachment":"scroll","background-type":"","background-media":"","overlay-type":"","overlay-color":"","overlay-opacity":"","overlay-gradient":""}},"footnotes":""},"categories":[1],"tags":[],"class_list":["post-18071","post","type-post","status-publish","format-standard","has-post-thumbnail","hentry","category-aktuality"],"yoast_head":"<!-- This site is optimized with the Yoast SEO plugin v27.5 - https:\/\/yoast.com\/product\/yoast-seo-wordpress\/ -->\n<title>Nezme\u0161kajte pr\u00edle\u017eitos\u0165 zapoji\u0165 sa do N\u00e1rodnej ceny kvality v OVP - \u0160IOV - \u0161t\u00e1tny in\u0161tit\u00fat odborn\u00e9ho vzdel\u00e1vania<\/title>\n<meta name=\"description\" content=\"\u0160t\u00e1tny in\u0161tit\u00fat odborn\u00e9ho vzdel\u00e1vania (\u0160IOV) ako N\u00e1rodn\u00e9 referen\u010dn\u00e9 miesto EQAVET organizuje 4. ro\u010dn\u00edk N\u00e1rodnej ceny kvality v odbornom vzdel\u00e1van\u00ed a pr\u00edprave (OVP).\" \/>\n<meta name=\"robots\" content=\"index, follow, max-snippet:-1, max-image-preview:large, max-video-preview:-1\" \/>\n<link rel=\"canonical\" href=\"https:\/\/archiv.siov.sk\/en\/prihlasovanie-do-narodnej-ceny-kvality-v-ovp-sa-coskoro-konci\/\" \/>\n<meta property=\"og:locale\" content=\"en_GB\" \/>\n<meta property=\"og:type\" content=\"article\" \/>\n<meta property=\"og:title\" content=\"Nezme\u0161kajte pr\u00edle\u017eitos\u0165 zapoji\u0165 sa do N\u00e1rodnej ceny kvality v OVP - \u0160IOV - \u0161t\u00e1tny in\u0161tit\u00fat odborn\u00e9ho vzdel\u00e1vania\" \/>\n<meta property=\"og:description\" content=\"\u0160t\u00e1tny in\u0161tit\u00fat odborn\u00e9ho vzdel\u00e1vania (\u0160IOV) ako N\u00e1rodn\u00e9 referen\u010dn\u00e9 miesto EQAVET organizuje 4. ro\u010dn\u00edk N\u00e1rodnej ceny kvality v odbornom vzdel\u00e1van\u00ed a pr\u00edprave (OVP).\" \/>\n<meta property=\"og:url\" content=\"https:\/\/archiv.siov.sk\/en\/prihlasovanie-do-narodnej-ceny-kvality-v-ovp-sa-coskoro-konci\/\" \/>\n<meta property=\"og:site_name\" content=\"\u0160IOV - \u0161t\u00e1tny in\u0161tit\u00fat odborn\u00e9ho vzdel\u00e1vania\" \/>\n<meta property=\"article:publisher\" content=\"https:\/\/www.facebook.com\/Statnyinstitutodbornehovzdelavania\" \/>\n<meta property=\"article:published_time\" content=\"2025-03-19T08:51:53+00:00\" \/>\n<meta property=\"article:modified_time\" content=\"2025-07-03T07:03:21+00:00\" \/>\n<meta property=\"og:image\" content=\"https:\/\/archiv.siov.sk\/wp-content\/uploads\/2025\/03\/SIOV_odovzdavanie_cien-6.jpg\" \/>\n\t<meta property=\"og:image:width\" content=\"1752\" \/>\n\t<meta property=\"og:image:height\" content=\"1168\" \/>\n\t<meta property=\"og:image:type\" content=\"image\/jpeg\" \/>\n<meta name=\"author\" content=\"Gabriela Budayov\u00e1\" \/>\n<meta name=\"twitter:card\" content=\"summary_large_image\" \/>\n<meta name=\"twitter:label1\" content=\"Written by\" \/>\n\t<meta name=\"twitter:data1\" content=\"Gabriela Budayov\u00e1\" \/>\n\t<meta name=\"twitter:label2\" content=\"Estimated reading time\" \/>\n\t<meta name=\"twitter:data2\" content=\"2 minutes\" \/>\n<script type=\"application\/ld+json\" class=\"yoast-schema-graph\">{\"@context\":\"https:\\\/\\\/schema.org\",\"@graph\":[{\"@type\":\"Article\",\"@id\":\"https:\\\/\\\/archiv.siov.sk\\\/prihlasovanie-do-narodnej-ceny-kvality-v-ovp-sa-coskoro-konci\\\/#article\",\"isPartOf\":{\"@id\":\"https:\\\/\\\/archiv.siov.sk\\\/prihlasovanie-do-narodnej-ceny-kvality-v-ovp-sa-coskoro-konci\\\/\"},\"author\":{\"name\":\"Gabriela Budayov\u00e1\",\"@id\":\"https:\\\/\\\/archiv.siov.sk\\\/#\\\/schema\\\/person\\\/2d35146a9c0fa51b027e8ff319cee627\"},\"headline\":\"Nezme\u0161kajte pr\u00edle\u017eitos\u0165 zapoji\u0165 sa do N\u00e1rodnej ceny kvality v OVP\",\"datePublished\":\"2025-03-19T08:51:53+00:00\",\"dateModified\":\"2025-07-03T07:03:21+00:00\",\"mainEntityOfPage\":{\"@id\":\"https:\\\/\\\/archiv.siov.sk\\\/prihlasovanie-do-narodnej-ceny-kvality-v-ovp-sa-coskoro-konci\\\/\"},\"wordCount\":266,\"publisher\":{\"@id\":\"https:\\\/\\\/archiv.siov.sk\\\/#organization\"},\"image\":{\"@id\":\"https:\\\/\\\/archiv.siov.sk\\\/prihlasovanie-do-narodnej-ceny-kvality-v-ovp-sa-coskoro-konci\\\/#primaryimage\"},\"thumbnailUrl\":\"https:\\\/\\\/archiv.siov.sk\\\/wp-content\\\/uploads\\\/2025\\\/03\\\/SIOV_odovzdavanie_cien-6.jpg\",\"articleSection\":[\"Aktuality\"],\"inLanguage\":\"en-GB\"},{\"@type\":\"WebPage\",\"@id\":\"https:\\\/\\\/archiv.siov.sk\\\/prihlasovanie-do-narodnej-ceny-kvality-v-ovp-sa-coskoro-konci\\\/\",\"url\":\"https:\\\/\\\/archiv.siov.sk\\\/prihlasovanie-do-narodnej-ceny-kvality-v-ovp-sa-coskoro-konci\\\/\",\"name\":\"Nezme\u0161kajte pr\u00edle\u017eitos\u0165 zapoji\u0165 sa do N\u00e1rodnej ceny kvality v OVP - \u0160IOV - \u0161t\u00e1tny in\u0161tit\u00fat odborn\u00e9ho vzdel\u00e1vania\",\"isPartOf\":{\"@id\":\"https:\\\/\\\/archiv.siov.sk\\\/#website\"},\"primaryImageOfPage\":{\"@id\":\"https:\\\/\\\/archiv.siov.sk\\\/prihlasovanie-do-narodnej-ceny-kvality-v-ovp-sa-coskoro-konci\\\/#primaryimage\"},\"image\":{\"@id\":\"https:\\\/\\\/archiv.siov.sk\\\/prihlasovanie-do-narodnej-ceny-kvality-v-ovp-sa-coskoro-konci\\\/#primaryimage\"},\"thumbnailUrl\":\"https:\\\/\\\/archiv.siov.sk\\\/wp-content\\\/uploads\\\/2025\\\/03\\\/SIOV_odovzdavanie_cien-6.jpg\",\"datePublished\":\"2025-03-19T08:51:53+00:00\",\"dateModified\":\"2025-07-03T07:03:21+00:00\",\"description\":\"\u0160t\u00e1tny in\u0161tit\u00fat odborn\u00e9ho vzdel\u00e1vania (\u0160IOV) ako N\u00e1rodn\u00e9 referen\u010dn\u00e9 miesto EQAVET organizuje 4. ro\u010dn\u00edk N\u00e1rodnej ceny kvality v odbornom vzdel\u00e1van\u00ed a pr\u00edprave (OVP).\",\"breadcrumb\":{\"@id\":\"https:\\\/\\\/archiv.siov.sk\\\/prihlasovanie-do-narodnej-ceny-kvality-v-ovp-sa-coskoro-konci\\\/#breadcrumb\"},\"inLanguage\":\"en-GB\",\"potentialAction\":[{\"@type\":\"ReadAction\",\"target\":[\"https:\\\/\\\/archiv.siov.sk\\\/prihlasovanie-do-narodnej-ceny-kvality-v-ovp-sa-coskoro-konci\\\/\"]}]},{\"@type\":\"ImageObject\",\"inLanguage\":\"en-GB\",\"@id\":\"https:\\\/\\\/archiv.siov.sk\\\/prihlasovanie-do-narodnej-ceny-kvality-v-ovp-sa-coskoro-konci\\\/#primaryimage\",\"url\":\"https:\\\/\\\/archiv.siov.sk\\\/wp-content\\\/uploads\\\/2025\\\/03\\\/SIOV_odovzdavanie_cien-6.jpg\",\"contentUrl\":\"https:\\\/\\\/archiv.siov.sk\\\/wp-content\\\/uploads\\\/2025\\\/03\\\/SIOV_odovzdavanie_cien-6.jpg\",\"width\":1752,\"height\":1168,\"caption\":\"narodna cena kvality v ovp \u0161iov eqavet\"},{\"@type\":\"BreadcrumbList\",\"@id\":\"https:\\\/\\\/archiv.siov.sk\\\/prihlasovanie-do-narodnej-ceny-kvality-v-ovp-sa-coskoro-konci\\\/#breadcrumb\",\"itemListElement\":[{\"@type\":\"ListItem\",\"position\":1,\"name\":\"Home\",\"item\":\"https:\\\/\\\/archiv.siov.sk\\\/\"},{\"@type\":\"ListItem\",\"position\":2,\"name\":\"Nezme\u0161kajte pr\u00edle\u017eitos\u0165 zapoji\u0165 sa do N\u00e1rodnej ceny kvality v OVP\"}]},{\"@type\":\"WebSite\",\"@id\":\"https:\\\/\\\/archiv.siov.sk\\\/#website\",\"url\":\"https:\\\/\\\/archiv.siov.sk\\\/\",\"name\":\"\u0160IOV - \u0161t\u00e1tny in\u0161tit\u00fat odborn\u00e9ho vzdel\u00e1vania\",\"description\":\"\",\"publisher\":{\"@id\":\"https:\\\/\\\/archiv.siov.sk\\\/#organization\"},\"potentialAction\":[{\"@type\":\"SearchAction\",\"target\":{\"@type\":\"EntryPoint\",\"urlTemplate\":\"https:\\\/\\\/archiv.siov.sk\\\/?s={search_term_string}\"},\"query-input\":{\"@type\":\"PropertyValueSpecification\",\"valueRequired\":true,\"valueName\":\"search_term_string\"}}],\"inLanguage\":\"en-GB\"},{\"@type\":\"Organization\",\"@id\":\"https:\\\/\\\/archiv.siov.sk\\\/#organization\",\"name\":\"\u0160IOV - \u0161t\u00e1tny in\u0161tit\u00fat odborn\u00e9ho vzdel\u00e1vania\",\"url\":\"https:\\\/\\\/archiv.siov.sk\\\/\",\"logo\":{\"@type\":\"ImageObject\",\"inLanguage\":\"en-GB\",\"@id\":\"https:\\\/\\\/archiv.siov.sk\\\/#\\\/schema\\\/logo\\\/image\\\/\",\"url\":\"https:\\\/\\\/archiv.siov.sk\\\/wp-content\\\/uploads\\\/2024\\\/02\\\/logo-SIOV.png\",\"contentUrl\":\"https:\\\/\\\/archiv.siov.sk\\\/wp-content\\\/uploads\\\/2024\\\/02\\\/logo-SIOV.png\",\"width\":431,\"height\":143,\"caption\":\"\u0160IOV - \u0161t\u00e1tny in\u0161tit\u00fat odborn\u00e9ho vzdel\u00e1vania\"},\"image\":{\"@id\":\"https:\\\/\\\/archiv.siov.sk\\\/#\\\/schema\\\/logo\\\/image\\\/\"},\"sameAs\":[\"https:\\\/\\\/www.facebook.com\\\/Statnyinstitutodbornehovzdelavania\"]},{\"@type\":\"Person\",\"@id\":\"https:\\\/\\\/archiv.siov.sk\\\/#\\\/schema\\\/person\\\/2d35146a9c0fa51b027e8ff319cee627\",\"name\":\"Gabriela Budayov\u00e1\",\"url\":\"https:\\\/\\\/archiv.siov.sk\\\/en\\\/author\\\/gabriela-budayova\\\/\"}]}<\/script>\n<!-- \/ Yoast SEO plugin. -->","yoast_head_json":{"title":"Nezme\u0161kajte pr\u00edle\u017eitos\u0165 zapoji\u0165 sa do N\u00e1rodnej ceny kvality v OVP - \u0160IOV - \u0161t\u00e1tny in\u0161tit\u00fat odborn\u00e9ho vzdel\u00e1vania","description":"\u0160t\u00e1tny in\u0161tit\u00fat odborn\u00e9ho vzdel\u00e1vania (\u0160IOV) ako N\u00e1rodn\u00e9 referen\u010dn\u00e9 miesto EQAVET organizuje 4. ro\u010dn\u00edk N\u00e1rodnej ceny kvality v odbornom vzdel\u00e1van\u00ed a pr\u00edprave (OVP).","robots":{"index":"index","follow":"follow","max-snippet":"max-snippet:-1","max-image-preview":"max-image-preview:large","max-video-preview":"max-video-preview:-1"},"canonical":"https:\/\/archiv.siov.sk\/en\/prihlasovanie-do-narodnej-ceny-kvality-v-ovp-sa-coskoro-konci\/","og_locale":"en_GB","og_type":"article","og_title":"Nezme\u0161kajte pr\u00edle\u017eitos\u0165 zapoji\u0165 sa do N\u00e1rodnej ceny kvality v OVP - \u0160IOV - \u0161t\u00e1tny in\u0161tit\u00fat odborn\u00e9ho vzdel\u00e1vania","og_description":"\u0160t\u00e1tny in\u0161tit\u00fat odborn\u00e9ho vzdel\u00e1vania (\u0160IOV) ako N\u00e1rodn\u00e9 referen\u010dn\u00e9 miesto EQAVET organizuje 4. ro\u010dn\u00edk N\u00e1rodnej ceny kvality v odbornom vzdel\u00e1van\u00ed a pr\u00edprave (OVP).","og_url":"https:\/\/archiv.siov.sk\/en\/prihlasovanie-do-narodnej-ceny-kvality-v-ovp-sa-coskoro-konci\/","og_site_name":"\u0160IOV - \u0161t\u00e1tny in\u0161tit\u00fat odborn\u00e9ho vzdel\u00e1vania","article_publisher":"https:\/\/www.facebook.com\/Statnyinstitutodbornehovzdelavania","article_published_time":"2025-03-19T08:51:53+00:00","article_modified_time":"2025-07-03T07:03:21+00:00","og_image":[{"width":1752,"height":1168,"url":"https:\/\/archiv.siov.sk\/wp-content\/uploads\/2025\/03\/SIOV_odovzdavanie_cien-6.jpg","type":"image\/jpeg"}],"author":"Gabriela Budayov\u00e1","twitter_card":"summary_large_image","twitter_misc":{"Written by":"Gabriela Budayov\u00e1","Estimated reading time":"2 minutes"},"schema":{"@context":"https:\/\/schema.org","@graph":[{"@type":"Article","@id":"https:\/\/archiv.siov.sk\/prihlasovanie-do-narodnej-ceny-kvality-v-ovp-sa-coskoro-konci\/#article","isPartOf":{"@id":"https:\/\/archiv.siov.sk\/prihlasovanie-do-narodnej-ceny-kvality-v-ovp-sa-coskoro-konci\/"},"author":{"name":"Gabriela Budayov\u00e1","@id":"https:\/\/archiv.siov.sk\/#\/schema\/person\/2d35146a9c0fa51b027e8ff319cee627"},"headline":"Nezme\u0161kajte pr\u00edle\u017eitos\u0165 zapoji\u0165 sa do N\u00e1rodnej ceny kvality v OVP","datePublished":"2025-03-19T08:51:53+00:00","dateModified":"2025-07-03T07:03:21+00:00","mainEntityOfPage":{"@id":"https:\/\/archiv.siov.sk\/prihlasovanie-do-narodnej-ceny-kvality-v-ovp-sa-coskoro-konci\/"},"wordCount":266,"publisher":{"@id":"https:\/\/archiv.siov.sk\/#organization"},"image":{"@id":"https:\/\/archiv.siov.sk\/prihlasovanie-do-narodnej-ceny-kvality-v-ovp-sa-coskoro-konci\/#primaryimage"},"thumbnailUrl":"https:\/\/archiv.siov.sk\/wp-content\/uploads\/2025\/03\/SIOV_odovzdavanie_cien-6.jpg","articleSection":["Aktuality"],"inLanguage":"en-GB"},{"@type":"WebPage","@id":"https:\/\/archiv.siov.sk\/prihlasovanie-do-narodnej-ceny-kvality-v-ovp-sa-coskoro-konci\/","url":"https:\/\/archiv.siov.sk\/prihlasovanie-do-narodnej-ceny-kvality-v-ovp-sa-coskoro-konci\/","name":"Nezme\u0161kajte pr\u00edle\u017eitos\u0165 zapoji\u0165 sa do N\u00e1rodnej ceny kvality v OVP - \u0160IOV - \u0161t\u00e1tny in\u0161tit\u00fat odborn\u00e9ho vzdel\u00e1vania","isPartOf":{"@id":"https:\/\/archiv.siov.sk\/#website"},"primaryImageOfPage":{"@id":"https:\/\/archiv.siov.sk\/prihlasovanie-do-narodnej-ceny-kvality-v-ovp-sa-coskoro-konci\/#primaryimage"},"image":{"@id":"https:\/\/archiv.siov.sk\/prihlasovanie-do-narodnej-ceny-kvality-v-ovp-sa-coskoro-konci\/#primaryimage"},"thumbnailUrl":"https:\/\/archiv.siov.sk\/wp-content\/uploads\/2025\/03\/SIOV_odovzdavanie_cien-6.jpg","datePublished":"2025-03-19T08:51:53+00:00","dateModified":"2025-07-03T07:03:21+00:00","description":"\u0160t\u00e1tny in\u0161tit\u00fat odborn\u00e9ho vzdel\u00e1vania (\u0160IOV) ako N\u00e1rodn\u00e9 referen\u010dn\u00e9 miesto EQAVET organizuje 4. ro\u010dn\u00edk N\u00e1rodnej ceny kvality v odbornom vzdel\u00e1van\u00ed a pr\u00edprave (OVP).","breadcrumb":{"@id":"https:\/\/archiv.siov.sk\/prihlasovanie-do-narodnej-ceny-kvality-v-ovp-sa-coskoro-konci\/#breadcrumb"},"inLanguage":"en-GB","potentialAction":[{"@type":"ReadAction","target":["https:\/\/archiv.siov.sk\/prihlasovanie-do-narodnej-ceny-kvality-v-ovp-sa-coskoro-konci\/"]}]},{"@type":"ImageObject","inLanguage":"en-GB","@id":"https:\/\/archiv.siov.sk\/prihlasovanie-do-narodnej-ceny-kvality-v-ovp-sa-coskoro-konci\/#primaryimage","url":"https:\/\/archiv.siov.sk\/wp-content\/uploads\/2025\/03\/SIOV_odovzdavanie_cien-6.jpg","contentUrl":"https:\/\/archiv.siov.sk\/wp-content\/uploads\/2025\/03\/SIOV_odovzdavanie_cien-6.jpg","width":1752,"height":1168,"caption":"narodna cena kvality v ovp \u0161iov eqavet"},{"@type":"BreadcrumbList","@id":"https:\/\/archiv.siov.sk\/prihlasovanie-do-narodnej-ceny-kvality-v-ovp-sa-coskoro-konci\/#breadcrumb","itemListElement":[{"@type":"ListItem","position":1,"name":"Home","item":"https:\/\/archiv.siov.sk\/"},{"@type":"ListItem","position":2,"name":"Nezme\u0161kajte pr\u00edle\u017eitos\u0165 zapoji\u0165 sa do N\u00e1rodnej ceny kvality v OVP"}]},{"@type":"WebSite","@id":"https:\/\/archiv.siov.sk\/#website","url":"https:\/\/archiv.siov.sk\/","name":"\u0160IOV - \u0161t\u00e1tny in\u0161tit\u00fat odborn\u00e9ho vzdel\u00e1vania","description":"","publisher":{"@id":"https:\/\/archiv.siov.sk\/#organization"},"potentialAction":[{"@type":"SearchAction","target":{"@type":"EntryPoint","urlTemplate":"https:\/\/archiv.siov.sk\/?s={search_term_string}"},"query-input":{"@type":"PropertyValueSpecification","valueRequired":true,"valueName":"search_term_string"}}],"inLanguage":"en-GB"},{"@type":"Organization","@id":"https:\/\/archiv.siov.sk\/#organization","name":"\u0160IOV - \u0161t\u00e1tny in\u0161tit\u00fat odborn\u00e9ho vzdel\u00e1vania","url":"https:\/\/archiv.siov.sk\/","logo":{"@type":"ImageObject","inLanguage":"en-GB","@id":"https:\/\/archiv.siov.sk\/#\/schema\/logo\/image\/","url":"https:\/\/archiv.siov.sk\/wp-content\/uploads\/2024\/02\/logo-SIOV.png","contentUrl":"https:\/\/archiv.siov.sk\/wp-content\/uploads\/2024\/02\/logo-SIOV.png","width":431,"height":143,"caption":"\u0160IOV - \u0161t\u00e1tny in\u0161tit\u00fat odborn\u00e9ho vzdel\u00e1vania"},"image":{"@id":"https:\/\/archiv.siov.sk\/#\/schema\/logo\/image\/"},"sameAs":["https:\/\/www.facebook.com\/Statnyinstitutodbornehovzdelavania"]},{"@type":"Person","@id":"https:\/\/archiv.siov.sk\/#\/schema\/person\/2d35146a9c0fa51b027e8ff319cee627","name":"Gabriela Budayov\u00e1","url":"https:\/\/archiv.siov.sk\/en\/author\/gabriela-budayova\/"}]}},"_links":{"self":[{"href":"https:\/\/archiv.siov.sk\/en\/wp-json\/wp\/v2\/posts\/18071","targetHints":{"allow":["GET"]}}],"collection":[{"href":"https:\/\/archiv.siov.sk\/en\/wp-json\/wp\/v2\/posts"}],"about":[{"href":"https:\/\/archiv.siov.sk\/en\/wp-json\/wp\/v2\/types\/post"}],"author":[{"embeddable":true,"href":"https:\/\/archiv.siov.sk\/en\/wp-json\/wp\/v2\/users\/10"}],"replies":[{"embeddable":true,"href":"https:\/\/archiv.siov.sk\/en\/wp-json\/wp\/v2\/comments?post=18071"}],"version-history":[{"count":12,"href":"https:\/\/archiv.siov.sk\/en\/wp-json\/wp\/v2\/posts\/18071\/revisions"}],"predecessor-version":[{"id":19738,"href":"https:\/\/archiv.siov.sk\/en\/wp-json\/wp\/v2\/posts\/18071\/revisions\/19738"}],"wp:featuredmedia":[{"embeddable":true,"href":"https:\/\/archiv.siov.sk\/en\/wp-json\/wp\/v2\/media\/18080"}],"wp:attachment":[{"href":"https:\/\/archiv.siov.sk\/en\/wp-json\/wp\/v2\/media?parent=18071"}],"wp:term":[{"taxonomy":"category","embeddable":true,"href":"https:\/\/archiv.siov.sk\/en\/wp-json\/wp\/v2\/categories?post=18071"},{"taxonomy":"post_tag","embeddable":true,"href":"https:\/\/archiv.siov.sk\/en\/wp-json\/wp\/v2\/tags?post=18071"}],"curies":[{"name":"wp","href":"https:\/\/api.w.org\/{rel}","templated":true}]}}