{"id":18040,"date":"2025-03-12T15:52:48","date_gmt":"2025-03-12T14:52:48","guid":{"rendered":"https:\/\/archiv.siov.sk\/?p=18040"},"modified":"2025-03-12T15:53:00","modified_gmt":"2025-03-12T14:53:00","slug":"stredoskolaci-sa-zaujimaju-aj-o-alternativne-zdroje-energie-a-ochranu-zivotneho-prostredia","status":"publish","type":"post","link":"https:\/\/archiv.siov.sk\/en\/stredoskolaci-sa-zaujimaju-aj-o-alternativne-zdroje-energie-a-ochranu-zivotneho-prostredia\/","title":{"rendered":"Stredo\u0161kol\u00e1ci sa zauj\u00edmaj\u00fa aj o alternat\u00edvne zdroje energie a ochranu \u017eivotn\u00e9ho prostredia"},"content":{"rendered":"<p style=\"text-align: justify;\">Stredn\u00e1 odborn\u00e1 \u0161kola podnikania v remesl\u00e1ch a slu\u017eb\u00e1ch, V. P. T\u00f3tha v Senici priv\u00edta\u00a0 25.- 27. marca \u00fa\u010dastn\u00edkov 15. ro\u010dn\u00edka celo\u0161t\u00e1tnej s\u00fa\u0165a\u017ee zameranej na podporu stredo\u0161kolsk\u00fdch talentov v oblasti vyu\u017e\u00edvania alternat\u00edvnych zdrojov energie, energetick\u00fdch \u00faspor a zni\u017eovania emisi\u00ed v doprave. Fin\u00e1le ENERSOL-u sa z\u00fa\u010dastnia najlep\u0161\u00ed \u017eiaci z krajsk\u00fdch k\u00f4l. Prv\u00fd s\u00fa\u0165a\u017en\u00fd de\u0148 je na programe sl\u00e1vnostn\u00e9 otvorenie za pr\u00edtomnost\u00ed pozvan\u00fdch host\u00ed, druh\u00fd de\u0148 obhajoby projektov v troch kateg\u00f3ri\u00e1ch. Tret\u00ed de\u0148 sa s\u00fa\u0165a\u017e zav\u0155\u0161i vyhl\u00e1sen\u00edm v\u00fdsledkov.<\/p>\n<p style=\"text-align: justify;\">V\u00ed\u0165azi fin\u00e1lov\u00e9ho kola bud\u00fa s\u00fa\u010dasne nominovan\u00ed na prezent\u00e1ciu svojich \u00faspe\u0161n\u00fdch projektov na medzin\u00e1rodnej s\u00fa\u0165a\u017ei ENERSOL-\u010cR v Otrokoviciach (9.\u201310. apr\u00edla) kde v konkurencii s\u00fa\u0165a\u017eiacich z\u00fa\u010dastnen\u00fdch eur\u00f3pskych kraj\u00edn z\u00edskaj\u00fa nov\u00e9 sk\u00fasenosti, partnerstv\u00e1 a ver\u00edme, \u017ee aj zauj\u00edmav\u00e9 ocenenia.<\/p>\n<p style=\"text-align: justify;\">S\u00fa\u0165a\u017e ENERSOL\u2013SK je postaven\u00e1 na prehliadkach najlep\u0161\u00edch projektov, rie\u0161en\u00ed teoretick\u00fdch a\u00a0praktick\u00fdch \u00faloh zameran\u00fdch na \u00faspory energie, h\u013eadanie a\u00a0vyu\u017e\u00edvanie obnovite\u013en\u00fdch zdrojov energie. Stredo\u0161kol\u00e1ci v\u00a0r\u00e1mci nej s\u00fa\u0165a\u017eia v\u00a0odborn\u00fdch teoretick\u00fdch a\u00a0praktick\u00fdch vedomostiach aj\u00a0zru\u010dnostiach.<\/p>\n<p style=\"text-align: justify;\">\u201eV hlavnej kateg\u00f3rii s\u00fa pr\u00e1ce zameran\u00e9 na t\u00e9my ako \u00faspory energi\u00ed, obnovite\u013en\u00e9 zdroje, zni\u017eovanie emisi\u00ed v doprave. Ich v\u00fdznam spo\u010d\u00edva v z\u00edskan\u00ed podstatn\u00fdch inform\u00e1ci\u00ed o vyu\u017e\u00edvan\u00ed technol\u00f3gi\u00ed a materi\u00e1lov. Tvoriv\u00e1 kateg\u00f3ria je priestorom, v ktorom sa vyu\u017e\u00edvaj\u00fa kreat\u00edvne schopnosti \u017eiakov v spolupr\u00e1ci s ich u\u010dite\u013emi a vysoko\u0161kolsk\u00fdmi pedag\u00f3gmi. Pr\u00e1ce v tejto kateg\u00f3rii klad\u00fa vysok\u00e9 n\u00e1roky ako na \u010das, tak aj na materi\u00e1l a financie potrebn\u00e9 na zhotovenie v\u00fdrobkov, \u010di presnej\u0161ie, projektov alebo funk\u010dn\u00fdch modelov a zariaden\u00ed. Tretia kateg\u00f3ria je propaga\u010dn\u00e1 a zap\u00e1jaj\u00fa sa do nej zv\u00e4\u010d\u0161a \u017eia\u010dky \u0161k\u00f4l, ktor\u00e9 svoj vz\u0165ah k \u017eivotn\u00e9mu prostrediu vyjadruj\u00fa srdcom a kreat\u00edvne. Obsah t\u00e9m je zameran\u00fd na tvoriv\u00fa umeleck\u00fa \u010dinnos\u0165, n\u00e1vrhy plag\u00e1tov, v\u00fdrobu propaga\u010dn\u00fdch predmetov, liter\u00e1rnu \u010dinnos\u0165 a podobne,\u201c pribl\u00ed\u017eila predsedn\u00ed\u010dka celo\u0161t\u00e1tnej komisie Katar\u00edna Mi\u010dov\u00e1, riadite\u013eka hos\u0165uj\u00facej \u0161koly.<\/p>\n<p style=\"text-align: justify;\">S\u00fa\u0165a\u017e podporuje Ministerstvo \u0161kolstva, v\u00fdskumu, v\u00fdvoja a\u00a0ml\u00e1de\u017ee SR. \u00a0Metodick\u00fdm\u00a0 gestorom je \u0160t\u00e1tny in\u0161tit\u00fat odborn\u00e9ho vzdel\u00e1vania.<\/p>\n<p style=\"text-align: justify;\">S\u00fa\u0165a\u017eiacim prajeme \u00faspe\u0161n\u00fa obhajobu pr\u00e1c, z\u00edskanie nov\u00fdch zru\u010dnost\u00ed a sk\u00fasenost\u00ed a \u010dlenom odborn\u00fdch hodnotiacich komisi\u00ed kon\u0161trukt\u00edvne hodnotenie prezent\u00e1ci\u00ed s\u00fa\u0165a\u017eiacich.<\/p>","protected":false},"excerpt":{"rendered":"<p>Stredn\u00e1 odborn\u00e1 \u0161kola podnikania v remesl\u00e1ch a slu\u017eb\u00e1ch, V. P. T\u00f3tha v Senici priv\u00edta\u00a0 25.- 27. marca \u00fa\u010dastn\u00edkov 15. ro\u010dn\u00edka celo\u0161t\u00e1tnej s\u00fa\u0165a\u017ee zameranej na podporu stredo\u0161kolsk\u00fdch talentov v oblasti vyu\u017e\u00edvania alternat\u00edvnych zdrojov energie, energetick\u00fdch \u00faspor a zni\u017eovania emisi\u00ed v doprave. Fin\u00e1le ENERSOL-u sa z\u00fa\u010dastnia najlep\u0161\u00ed \u017eiaci z krajsk\u00fdch k\u00f4l. Prv\u00fd s\u00fa\u0165a\u017en\u00fd de\u0148 je na programe [&hellip;]<\/p>\n","protected":false},"author":6,"featured_media":18042,"comment_status":"closed","ping_status":"closed","sticky":false,"template":"","format":"standard","meta":{"site-sidebar-layout":"default","site-content-layout":"","ast-site-content-layout":"default","site-content-style":"default","site-sidebar-style":"default","ast-global-header-display":"","ast-banner-title-visibility":"","ast-main-header-display":"","ast-hfb-above-header-display":"","ast-hfb-below-header-display":"","ast-hfb-mobile-header-display":"","site-post-title":"","ast-breadcrumbs-content":"","ast-featured-img":"","footer-sml-layout":"","ast-disable-related-posts":"","theme-transparent-header-meta":"default","adv-header-id-meta":"","stick-header-meta":"default","header-above-stick-meta":"","header-main-stick-meta":"","header-below-stick-meta":"","astra-migrate-meta-layouts":"set","ast-page-background-enabled":"default","ast-page-background-meta":{"desktop":{"background-color":"var(--ast-global-color-4)","background-image":"","background-repeat":"repeat","background-position":"center center","background-size":"auto","background-attachment":"scroll","background-type":"","background-media":"","overlay-type":"","overlay-color":"","overlay-opacity":"","overlay-gradient":""},"tablet":{"background-color":"","background-image":"","background-repeat":"repeat","background-position":"center center","background-size":"auto","background-attachment":"scroll","background-type":"","background-media":"","overlay-type":"","overlay-color":"","overlay-opacity":"","overlay-gradient":""},"mobile":{"background-color":"","background-image":"","background-repeat":"repeat","background-position":"center center","background-size":"auto","background-attachment":"scroll","background-type":"","background-media":"","overlay-type":"","overlay-color":"","overlay-opacity":"","overlay-gradient":""}},"ast-content-background-meta":{"desktop":{"background-color":"var(--ast-global-color-5)","background-image":"","background-repeat":"repeat","background-position":"center center","background-size":"auto","background-attachment":"scroll","background-type":"","background-media":"","overlay-type":"","overlay-color":"","overlay-opacity":"","overlay-gradient":""},"tablet":{"background-color":"var(--ast-global-color-5)","background-image":"","background-repeat":"repeat","background-position":"center center","background-size":"auto","background-attachment":"scroll","background-type":"","background-media":"","overlay-type":"","overlay-color":"","overlay-opacity":"","overlay-gradient":""},"mobile":{"background-color":"var(--ast-global-color-5)","background-image":"","background-repeat":"repeat","background-position":"center center","background-size":"auto","background-attachment":"scroll","background-type":"","background-media":"","overlay-type":"","overlay-color":"","overlay-opacity":"","overlay-gradient":""}},"footnotes":""},"categories":[1],"tags":[],"class_list":["post-18040","post","type-post","status-publish","format-standard","has-post-thumbnail","hentry","category-aktuality"],"yoast_head":"<!-- This site is optimized with the Yoast SEO plugin v27.5 - https:\/\/yoast.com\/product\/yoast-seo-wordpress\/ -->\n<title>Stredo\u0161kol\u00e1ci sa zauj\u00edmaj\u00fa aj o alternat\u00edvne zdroje energie a ochranu \u017eivotn\u00e9ho prostredia - \u0160IOV - \u0161t\u00e1tny in\u0161tit\u00fat odborn\u00e9ho vzdel\u00e1vania<\/title>\n<meta name=\"robots\" content=\"index, follow, max-snippet:-1, max-image-preview:large, max-video-preview:-1\" \/>\n<link rel=\"canonical\" href=\"https:\/\/archiv.siov.sk\/en\/stredoskolaci-sa-zaujimaju-aj-o-alternativne-zdroje-energie-a-ochranu-zivotneho-prostredia\/\" \/>\n<meta property=\"og:locale\" content=\"en_GB\" \/>\n<meta property=\"og:type\" content=\"article\" \/>\n<meta property=\"og:title\" content=\"Stredo\u0161kol\u00e1ci sa zauj\u00edmaj\u00fa aj o alternat\u00edvne zdroje energie a ochranu \u017eivotn\u00e9ho prostredia - \u0160IOV - \u0161t\u00e1tny in\u0161tit\u00fat odborn\u00e9ho vzdel\u00e1vania\" \/>\n<meta property=\"og:description\" content=\"Stredn\u00e1 odborn\u00e1 \u0161kola podnikania v remesl\u00e1ch a slu\u017eb\u00e1ch, V. P. T\u00f3tha v Senici priv\u00edta\u00a0 25.- 27. marca \u00fa\u010dastn\u00edkov 15. ro\u010dn\u00edka celo\u0161t\u00e1tnej s\u00fa\u0165a\u017ee zameranej na podporu stredo\u0161kolsk\u00fdch talentov v oblasti vyu\u017e\u00edvania alternat\u00edvnych zdrojov energie, energetick\u00fdch \u00faspor a zni\u017eovania emisi\u00ed v doprave. Fin\u00e1le ENERSOL-u sa z\u00fa\u010dastnia najlep\u0161\u00ed \u017eiaci z krajsk\u00fdch k\u00f4l. Prv\u00fd s\u00fa\u0165a\u017en\u00fd de\u0148 je na programe [&hellip;]\" \/>\n<meta property=\"og:url\" content=\"https:\/\/archiv.siov.sk\/en\/stredoskolaci-sa-zaujimaju-aj-o-alternativne-zdroje-energie-a-ochranu-zivotneho-prostredia\/\" \/>\n<meta property=\"og:site_name\" content=\"\u0160IOV - \u0161t\u00e1tny in\u0161tit\u00fat odborn\u00e9ho vzdel\u00e1vania\" \/>\n<meta property=\"article:publisher\" content=\"https:\/\/www.facebook.com\/Statnyinstitutodbornehovzdelavania\" \/>\n<meta property=\"article:published_time\" content=\"2025-03-12T14:52:48+00:00\" \/>\n<meta property=\"article:modified_time\" content=\"2025-03-12T14:53:00+00:00\" \/>\n<meta property=\"og:image\" content=\"https:\/\/archiv.siov.sk\/wp-content\/uploads\/2025\/03\/Enersol-2024.jpg\" \/>\n\t<meta property=\"og:image:width\" content=\"1179\" \/>\n\t<meta property=\"og:image:height\" content=\"1572\" \/>\n\t<meta property=\"og:image:type\" content=\"image\/jpeg\" \/>\n<meta name=\"author\" content=\"Katar\u00edna Kov\u00e1\u010dov\u00e1\" \/>\n<meta name=\"twitter:card\" content=\"summary_large_image\" \/>\n<meta name=\"twitter:label1\" content=\"Written by\" \/>\n\t<meta name=\"twitter:data1\" content=\"Katar\u00edna Kov\u00e1\u010dov\u00e1\" \/>\n\t<meta name=\"twitter:label2\" content=\"Estimated reading time\" \/>\n\t<meta name=\"twitter:data2\" content=\"2 minutes\" \/>\n<script type=\"application\/ld+json\" class=\"yoast-schema-graph\">{\"@context\":\"https:\\\/\\\/schema.org\",\"@graph\":[{\"@type\":\"Article\",\"@id\":\"https:\\\/\\\/archiv.siov.sk\\\/stredoskolaci-sa-zaujimaju-aj-o-alternativne-zdroje-energie-a-ochranu-zivotneho-prostredia\\\/#article\",\"isPartOf\":{\"@id\":\"https:\\\/\\\/archiv.siov.sk\\\/stredoskolaci-sa-zaujimaju-aj-o-alternativne-zdroje-energie-a-ochranu-zivotneho-prostredia\\\/\"},\"author\":{\"name\":\"Katar\u00edna Kov\u00e1\u010dov\u00e1\",\"@id\":\"https:\\\/\\\/archiv.siov.sk\\\/#\\\/schema\\\/person\\\/e42d633fbd958c6a726e8834d8965e6c\"},\"headline\":\"Stredo\u0161kol\u00e1ci sa zauj\u00edmaj\u00fa aj o alternat\u00edvne zdroje energie a ochranu \u017eivotn\u00e9ho prostredia\",\"datePublished\":\"2025-03-12T14:52:48+00:00\",\"dateModified\":\"2025-03-12T14:53:00+00:00\",\"mainEntityOfPage\":{\"@id\":\"https:\\\/\\\/archiv.siov.sk\\\/stredoskolaci-sa-zaujimaju-aj-o-alternativne-zdroje-energie-a-ochranu-zivotneho-prostredia\\\/\"},\"wordCount\":476,\"publisher\":{\"@id\":\"https:\\\/\\\/archiv.siov.sk\\\/#organization\"},\"image\":{\"@id\":\"https:\\\/\\\/archiv.siov.sk\\\/stredoskolaci-sa-zaujimaju-aj-o-alternativne-zdroje-energie-a-ochranu-zivotneho-prostredia\\\/#primaryimage\"},\"thumbnailUrl\":\"https:\\\/\\\/archiv.siov.sk\\\/wp-content\\\/uploads\\\/2025\\\/03\\\/Enersol-2024.jpg\",\"articleSection\":[\"Aktuality\"],\"inLanguage\":\"en-GB\"},{\"@type\":\"WebPage\",\"@id\":\"https:\\\/\\\/archiv.siov.sk\\\/stredoskolaci-sa-zaujimaju-aj-o-alternativne-zdroje-energie-a-ochranu-zivotneho-prostredia\\\/\",\"url\":\"https:\\\/\\\/archiv.siov.sk\\\/stredoskolaci-sa-zaujimaju-aj-o-alternativne-zdroje-energie-a-ochranu-zivotneho-prostredia\\\/\",\"name\":\"Stredo\u0161kol\u00e1ci sa zauj\u00edmaj\u00fa aj o alternat\u00edvne zdroje energie a ochranu \u017eivotn\u00e9ho prostredia - \u0160IOV - \u0161t\u00e1tny in\u0161tit\u00fat odborn\u00e9ho vzdel\u00e1vania\",\"isPartOf\":{\"@id\":\"https:\\\/\\\/archiv.siov.sk\\\/#website\"},\"primaryImageOfPage\":{\"@id\":\"https:\\\/\\\/archiv.siov.sk\\\/stredoskolaci-sa-zaujimaju-aj-o-alternativne-zdroje-energie-a-ochranu-zivotneho-prostredia\\\/#primaryimage\"},\"image\":{\"@id\":\"https:\\\/\\\/archiv.siov.sk\\\/stredoskolaci-sa-zaujimaju-aj-o-alternativne-zdroje-energie-a-ochranu-zivotneho-prostredia\\\/#primaryimage\"},\"thumbnailUrl\":\"https:\\\/\\\/archiv.siov.sk\\\/wp-content\\\/uploads\\\/2025\\\/03\\\/Enersol-2024.jpg\",\"datePublished\":\"2025-03-12T14:52:48+00:00\",\"dateModified\":\"2025-03-12T14:53:00+00:00\",\"breadcrumb\":{\"@id\":\"https:\\\/\\\/archiv.siov.sk\\\/stredoskolaci-sa-zaujimaju-aj-o-alternativne-zdroje-energie-a-ochranu-zivotneho-prostredia\\\/#breadcrumb\"},\"inLanguage\":\"en-GB\",\"potentialAction\":[{\"@type\":\"ReadAction\",\"target\":[\"https:\\\/\\\/archiv.siov.sk\\\/stredoskolaci-sa-zaujimaju-aj-o-alternativne-zdroje-energie-a-ochranu-zivotneho-prostredia\\\/\"]}]},{\"@type\":\"ImageObject\",\"inLanguage\":\"en-GB\",\"@id\":\"https:\\\/\\\/archiv.siov.sk\\\/stredoskolaci-sa-zaujimaju-aj-o-alternativne-zdroje-energie-a-ochranu-zivotneho-prostredia\\\/#primaryimage\",\"url\":\"https:\\\/\\\/archiv.siov.sk\\\/wp-content\\\/uploads\\\/2025\\\/03\\\/Enersol-2024.jpg\",\"contentUrl\":\"https:\\\/\\\/archiv.siov.sk\\\/wp-content\\\/uploads\\\/2025\\\/03\\\/Enersol-2024.jpg\",\"width\":1179,\"height\":1572},{\"@type\":\"BreadcrumbList\",\"@id\":\"https:\\\/\\\/archiv.siov.sk\\\/stredoskolaci-sa-zaujimaju-aj-o-alternativne-zdroje-energie-a-ochranu-zivotneho-prostredia\\\/#breadcrumb\",\"itemListElement\":[{\"@type\":\"ListItem\",\"position\":1,\"name\":\"Home\",\"item\":\"https:\\\/\\\/archiv.siov.sk\\\/\"},{\"@type\":\"ListItem\",\"position\":2,\"name\":\"Stredo\u0161kol\u00e1ci sa zauj\u00edmaj\u00fa aj o alternat\u00edvne zdroje energie a ochranu \u017eivotn\u00e9ho prostredia\"}]},{\"@type\":\"WebSite\",\"@id\":\"https:\\\/\\\/archiv.siov.sk\\\/#website\",\"url\":\"https:\\\/\\\/archiv.siov.sk\\\/\",\"name\":\"\u0160IOV - \u0161t\u00e1tny in\u0161tit\u00fat odborn\u00e9ho vzdel\u00e1vania\",\"description\":\"\",\"publisher\":{\"@id\":\"https:\\\/\\\/archiv.siov.sk\\\/#organization\"},\"potentialAction\":[{\"@type\":\"SearchAction\",\"target\":{\"@type\":\"EntryPoint\",\"urlTemplate\":\"https:\\\/\\\/archiv.siov.sk\\\/?s={search_term_string}\"},\"query-input\":{\"@type\":\"PropertyValueSpecification\",\"valueRequired\":true,\"valueName\":\"search_term_string\"}}],\"inLanguage\":\"en-GB\"},{\"@type\":\"Organization\",\"@id\":\"https:\\\/\\\/archiv.siov.sk\\\/#organization\",\"name\":\"\u0160IOV - \u0161t\u00e1tny in\u0161tit\u00fat odborn\u00e9ho vzdel\u00e1vania\",\"url\":\"https:\\\/\\\/archiv.siov.sk\\\/\",\"logo\":{\"@type\":\"ImageObject\",\"inLanguage\":\"en-GB\",\"@id\":\"https:\\\/\\\/archiv.siov.sk\\\/#\\\/schema\\\/logo\\\/image\\\/\",\"url\":\"https:\\\/\\\/archiv.siov.sk\\\/wp-content\\\/uploads\\\/2024\\\/02\\\/logo-SIOV.png\",\"contentUrl\":\"https:\\\/\\\/archiv.siov.sk\\\/wp-content\\\/uploads\\\/2024\\\/02\\\/logo-SIOV.png\",\"width\":431,\"height\":143,\"caption\":\"\u0160IOV - \u0161t\u00e1tny in\u0161tit\u00fat odborn\u00e9ho vzdel\u00e1vania\"},\"image\":{\"@id\":\"https:\\\/\\\/archiv.siov.sk\\\/#\\\/schema\\\/logo\\\/image\\\/\"},\"sameAs\":[\"https:\\\/\\\/www.facebook.com\\\/Statnyinstitutodbornehovzdelavania\"]},{\"@type\":\"Person\",\"@id\":\"https:\\\/\\\/archiv.siov.sk\\\/#\\\/schema\\\/person\\\/e42d633fbd958c6a726e8834d8965e6c\",\"name\":\"Katar\u00edna Kov\u00e1\u010dov\u00e1\",\"url\":\"https:\\\/\\\/archiv.siov.sk\\\/en\\\/author\\\/katkakovacova\\\/\"}]}<\/script>\n<!-- \/ Yoast SEO plugin. -->","yoast_head_json":{"title":"Stredo\u0161kol\u00e1ci sa zauj\u00edmaj\u00fa aj o alternat\u00edvne zdroje energie a ochranu \u017eivotn\u00e9ho prostredia - \u0160IOV - \u0161t\u00e1tny in\u0161tit\u00fat odborn\u00e9ho vzdel\u00e1vania","robots":{"index":"index","follow":"follow","max-snippet":"max-snippet:-1","max-image-preview":"max-image-preview:large","max-video-preview":"max-video-preview:-1"},"canonical":"https:\/\/archiv.siov.sk\/en\/stredoskolaci-sa-zaujimaju-aj-o-alternativne-zdroje-energie-a-ochranu-zivotneho-prostredia\/","og_locale":"en_GB","og_type":"article","og_title":"Stredo\u0161kol\u00e1ci sa zauj\u00edmaj\u00fa aj o alternat\u00edvne zdroje energie a ochranu \u017eivotn\u00e9ho prostredia - \u0160IOV - \u0161t\u00e1tny in\u0161tit\u00fat odborn\u00e9ho vzdel\u00e1vania","og_description":"Stredn\u00e1 odborn\u00e1 \u0161kola podnikania v remesl\u00e1ch a slu\u017eb\u00e1ch, V. P. T\u00f3tha v Senici priv\u00edta\u00a0 25.- 27. marca \u00fa\u010dastn\u00edkov 15. ro\u010dn\u00edka celo\u0161t\u00e1tnej s\u00fa\u0165a\u017ee zameranej na podporu stredo\u0161kolsk\u00fdch talentov v oblasti vyu\u017e\u00edvania alternat\u00edvnych zdrojov energie, energetick\u00fdch \u00faspor a zni\u017eovania emisi\u00ed v doprave. Fin\u00e1le ENERSOL-u sa z\u00fa\u010dastnia najlep\u0161\u00ed \u017eiaci z krajsk\u00fdch k\u00f4l. Prv\u00fd s\u00fa\u0165a\u017en\u00fd de\u0148 je na programe [&hellip;]","og_url":"https:\/\/archiv.siov.sk\/en\/stredoskolaci-sa-zaujimaju-aj-o-alternativne-zdroje-energie-a-ochranu-zivotneho-prostredia\/","og_site_name":"\u0160IOV - \u0161t\u00e1tny in\u0161tit\u00fat odborn\u00e9ho vzdel\u00e1vania","article_publisher":"https:\/\/www.facebook.com\/Statnyinstitutodbornehovzdelavania","article_published_time":"2025-03-12T14:52:48+00:00","article_modified_time":"2025-03-12T14:53:00+00:00","og_image":[{"width":1179,"height":1572,"url":"https:\/\/archiv.siov.sk\/wp-content\/uploads\/2025\/03\/Enersol-2024.jpg","type":"image\/jpeg"}],"author":"Katar\u00edna Kov\u00e1\u010dov\u00e1","twitter_card":"summary_large_image","twitter_misc":{"Written by":"Katar\u00edna Kov\u00e1\u010dov\u00e1","Estimated reading time":"2 minutes"},"schema":{"@context":"https:\/\/schema.org","@graph":[{"@type":"Article","@id":"https:\/\/archiv.siov.sk\/stredoskolaci-sa-zaujimaju-aj-o-alternativne-zdroje-energie-a-ochranu-zivotneho-prostredia\/#article","isPartOf":{"@id":"https:\/\/archiv.siov.sk\/stredoskolaci-sa-zaujimaju-aj-o-alternativne-zdroje-energie-a-ochranu-zivotneho-prostredia\/"},"author":{"name":"Katar\u00edna Kov\u00e1\u010dov\u00e1","@id":"https:\/\/archiv.siov.sk\/#\/schema\/person\/e42d633fbd958c6a726e8834d8965e6c"},"headline":"Stredo\u0161kol\u00e1ci sa zauj\u00edmaj\u00fa aj o alternat\u00edvne zdroje energie a ochranu \u017eivotn\u00e9ho prostredia","datePublished":"2025-03-12T14:52:48+00:00","dateModified":"2025-03-12T14:53:00+00:00","mainEntityOfPage":{"@id":"https:\/\/archiv.siov.sk\/stredoskolaci-sa-zaujimaju-aj-o-alternativne-zdroje-energie-a-ochranu-zivotneho-prostredia\/"},"wordCount":476,"publisher":{"@id":"https:\/\/archiv.siov.sk\/#organization"},"image":{"@id":"https:\/\/archiv.siov.sk\/stredoskolaci-sa-zaujimaju-aj-o-alternativne-zdroje-energie-a-ochranu-zivotneho-prostredia\/#primaryimage"},"thumbnailUrl":"https:\/\/archiv.siov.sk\/wp-content\/uploads\/2025\/03\/Enersol-2024.jpg","articleSection":["Aktuality"],"inLanguage":"en-GB"},{"@type":"WebPage","@id":"https:\/\/archiv.siov.sk\/stredoskolaci-sa-zaujimaju-aj-o-alternativne-zdroje-energie-a-ochranu-zivotneho-prostredia\/","url":"https:\/\/archiv.siov.sk\/stredoskolaci-sa-zaujimaju-aj-o-alternativne-zdroje-energie-a-ochranu-zivotneho-prostredia\/","name":"Stredo\u0161kol\u00e1ci sa zauj\u00edmaj\u00fa aj o alternat\u00edvne zdroje energie a ochranu \u017eivotn\u00e9ho prostredia - \u0160IOV - \u0161t\u00e1tny in\u0161tit\u00fat odborn\u00e9ho vzdel\u00e1vania","isPartOf":{"@id":"https:\/\/archiv.siov.sk\/#website"},"primaryImageOfPage":{"@id":"https:\/\/archiv.siov.sk\/stredoskolaci-sa-zaujimaju-aj-o-alternativne-zdroje-energie-a-ochranu-zivotneho-prostredia\/#primaryimage"},"image":{"@id":"https:\/\/archiv.siov.sk\/stredoskolaci-sa-zaujimaju-aj-o-alternativne-zdroje-energie-a-ochranu-zivotneho-prostredia\/#primaryimage"},"thumbnailUrl":"https:\/\/archiv.siov.sk\/wp-content\/uploads\/2025\/03\/Enersol-2024.jpg","datePublished":"2025-03-12T14:52:48+00:00","dateModified":"2025-03-12T14:53:00+00:00","breadcrumb":{"@id":"https:\/\/archiv.siov.sk\/stredoskolaci-sa-zaujimaju-aj-o-alternativne-zdroje-energie-a-ochranu-zivotneho-prostredia\/#breadcrumb"},"inLanguage":"en-GB","potentialAction":[{"@type":"ReadAction","target":["https:\/\/archiv.siov.sk\/stredoskolaci-sa-zaujimaju-aj-o-alternativne-zdroje-energie-a-ochranu-zivotneho-prostredia\/"]}]},{"@type":"ImageObject","inLanguage":"en-GB","@id":"https:\/\/archiv.siov.sk\/stredoskolaci-sa-zaujimaju-aj-o-alternativne-zdroje-energie-a-ochranu-zivotneho-prostredia\/#primaryimage","url":"https:\/\/archiv.siov.sk\/wp-content\/uploads\/2025\/03\/Enersol-2024.jpg","contentUrl":"https:\/\/archiv.siov.sk\/wp-content\/uploads\/2025\/03\/Enersol-2024.jpg","width":1179,"height":1572},{"@type":"BreadcrumbList","@id":"https:\/\/archiv.siov.sk\/stredoskolaci-sa-zaujimaju-aj-o-alternativne-zdroje-energie-a-ochranu-zivotneho-prostredia\/#breadcrumb","itemListElement":[{"@type":"ListItem","position":1,"name":"Home","item":"https:\/\/archiv.siov.sk\/"},{"@type":"ListItem","position":2,"name":"Stredo\u0161kol\u00e1ci sa zauj\u00edmaj\u00fa aj o alternat\u00edvne zdroje energie a ochranu \u017eivotn\u00e9ho prostredia"}]},{"@type":"WebSite","@id":"https:\/\/archiv.siov.sk\/#website","url":"https:\/\/archiv.siov.sk\/","name":"\u0160IOV - \u0161t\u00e1tny in\u0161tit\u00fat odborn\u00e9ho vzdel\u00e1vania","description":"","publisher":{"@id":"https:\/\/archiv.siov.sk\/#organization"},"potentialAction":[{"@type":"SearchAction","target":{"@type":"EntryPoint","urlTemplate":"https:\/\/archiv.siov.sk\/?s={search_term_string}"},"query-input":{"@type":"PropertyValueSpecification","valueRequired":true,"valueName":"search_term_string"}}],"inLanguage":"en-GB"},{"@type":"Organization","@id":"https:\/\/archiv.siov.sk\/#organization","name":"\u0160IOV - \u0161t\u00e1tny in\u0161tit\u00fat odborn\u00e9ho vzdel\u00e1vania","url":"https:\/\/archiv.siov.sk\/","logo":{"@type":"ImageObject","inLanguage":"en-GB","@id":"https:\/\/archiv.siov.sk\/#\/schema\/logo\/image\/","url":"https:\/\/archiv.siov.sk\/wp-content\/uploads\/2024\/02\/logo-SIOV.png","contentUrl":"https:\/\/archiv.siov.sk\/wp-content\/uploads\/2024\/02\/logo-SIOV.png","width":431,"height":143,"caption":"\u0160IOV - \u0161t\u00e1tny in\u0161tit\u00fat odborn\u00e9ho vzdel\u00e1vania"},"image":{"@id":"https:\/\/archiv.siov.sk\/#\/schema\/logo\/image\/"},"sameAs":["https:\/\/www.facebook.com\/Statnyinstitutodbornehovzdelavania"]},{"@type":"Person","@id":"https:\/\/archiv.siov.sk\/#\/schema\/person\/e42d633fbd958c6a726e8834d8965e6c","name":"Katar\u00edna Kov\u00e1\u010dov\u00e1","url":"https:\/\/archiv.siov.sk\/en\/author\/katkakovacova\/"}]}},"_links":{"self":[{"href":"https:\/\/archiv.siov.sk\/en\/wp-json\/wp\/v2\/posts\/18040","targetHints":{"allow":["GET"]}}],"collection":[{"href":"https:\/\/archiv.siov.sk\/en\/wp-json\/wp\/v2\/posts"}],"about":[{"href":"https:\/\/archiv.siov.sk\/en\/wp-json\/wp\/v2\/types\/post"}],"author":[{"embeddable":true,"href":"https:\/\/archiv.siov.sk\/en\/wp-json\/wp\/v2\/users\/6"}],"replies":[{"embeddable":true,"href":"https:\/\/archiv.siov.sk\/en\/wp-json\/wp\/v2\/comments?post=18040"}],"version-history":[{"count":2,"href":"https:\/\/archiv.siov.sk\/en\/wp-json\/wp\/v2\/posts\/18040\/revisions"}],"predecessor-version":[{"id":18043,"href":"https:\/\/archiv.siov.sk\/en\/wp-json\/wp\/v2\/posts\/18040\/revisions\/18043"}],"wp:featuredmedia":[{"embeddable":true,"href":"https:\/\/archiv.siov.sk\/en\/wp-json\/wp\/v2\/media\/18042"}],"wp:attachment":[{"href":"https:\/\/archiv.siov.sk\/en\/wp-json\/wp\/v2\/media?parent=18040"}],"wp:term":[{"taxonomy":"category","embeddable":true,"href":"https:\/\/archiv.siov.sk\/en\/wp-json\/wp\/v2\/categories?post=18040"},{"taxonomy":"post_tag","embeddable":true,"href":"https:\/\/archiv.siov.sk\/en\/wp-json\/wp\/v2\/tags?post=18040"}],"curies":[{"name":"wp","href":"https:\/\/api.w.org\/{rel}","templated":true}]}}