{"id":17963,"date":"2025-02-27T15:36:34","date_gmt":"2025-02-27T14:36:34","guid":{"rendered":"https:\/\/archiv.siov.sk\/?p=17963"},"modified":"2025-02-27T15:44:59","modified_gmt":"2025-02-27T14:44:59","slug":"riaditel-hotelovej-akademie-v-piestanoch-meno-ludovita-wintera-v-nazve-skoly-zavazuje","status":"publish","type":"post","link":"https:\/\/archiv.siov.sk\/en\/riaditel-hotelovej-akademie-v-piestanoch-meno-ludovita-wintera-v-nazve-skoly-zavazuje\/","title":{"rendered":"Riadite\u013e Hotelovej akad\u00e9mie v Pie\u0161\u0165anoch: Meno \u013dudov\u00edta Wintera v n\u00e1zve \u0161koly zav\u00e4zuje"},"content":{"rendered":"<p style=\"text-align: justify;\"><strong>O\u00a0u\u017e takmer osemdesiatro\u010dnej trad\u00edcii zalo\u017eenej zn\u00e1mou osobnos\u0165ou slovensk\u00e9ho k\u00fape\u013en\u00edctva, jej \u010fal\u0161om rozvoji a\u00a0nutnosti sledova\u0165 najnov\u0161ie trendy, ale aj o\u00a0mimoriadnych aktivit\u00e1ch \u017eiakov sme sa rozpr\u00e1vali s\u00a0riadite\u013eom Hotelovej akad\u00e9mie <\/strong><strong>\u013dudov\u00edta Wintera v\u00a0Pie\u0161\u0165anoch Ladislavom Bla\u0161kovi\u010dom. Ke\u010f\u017ee jeho \u0161kola je jedn\u00fdm zo \u0161estn\u00e1stich pilotn\u00fdch centier excelentnosti, neobi\u0161li sme, samozrejme, ani t\u00fato t\u00e9mu. <\/strong><\/p>\n<p><strong>\u00a0<\/strong><strong>Ste Hotelov\u00e1 akad\u00e9mia \u013dudov\u00edta Wintera. \u010co pre V\u00e1s meno tejto osobnosti v\u00a0n\u00e1zve \u0161koly znamen\u00e1? Zav\u00e4zuje?<\/strong><\/p>\n<p style=\"text-align: justify;\">Ur\u010dite. Ve\u013emi zav\u00e4zuje. Bol to pr\u00e1ve \u013dudov\u00edt Winter, spoluzakladate\u013e Slovensk\u00fdch lie\u010debn\u00fdch k\u00fape\u013eov v Pie\u0161\u0165anoch, a cel\u00e1 sl\u00e1vna rodina, ktor\u00e1 hne\u010f po druhej svetovej vojne, v roku 1945 poslala svojich kolegov do \u0161vaj\u010diarskeho Lausanne pre u\u010debn\u00e9 osnovy bud\u00facej hotelovej \u0161koly. Prv\u00e9ho septembra 1946 sa im ju v centre mesta podarilo otvori\u0165 a nast\u00fapilo do nej prv\u00fdch desa\u0165 \u017eiakov. Sme \u0161\u0165astn\u00ed, \u017ee m\u00e1me t\u00fa \u010des\u0165 ma\u0165 v n\u00e1zve \u0161koly meno \u013dudov\u00edta Wintera a st\u00e1le sme v kontakte s potomkami Winterovcov.<\/p>\n<figure id=\"attachment_17965\" aria-describedby=\"caption-attachment-17965\" style=\"width: 244px\" class=\"wp-caption aligncenter\"><img fetchpriority=\"high\" decoding=\"async\" class=\"wp-image-17965 size-medium\" src=\"https:\/\/archiv.siov.sk\/wp-content\/uploads\/2025\/02\/foto-Blaskovic-1-244x300.jpg\" alt=\"\" width=\"244\" height=\"300\" srcset=\"https:\/\/archiv.siov.sk\/wp-content\/uploads\/2025\/02\/foto-Blaskovic-1-244x300.jpg 244w, https:\/\/archiv.siov.sk\/wp-content\/uploads\/2025\/02\/foto-Blaskovic-1-834x1024.jpg 834w, https:\/\/archiv.siov.sk\/wp-content\/uploads\/2025\/02\/foto-Blaskovic-1-768x943.jpg 768w, https:\/\/archiv.siov.sk\/wp-content\/uploads\/2025\/02\/foto-Blaskovic-1-1251x1536.jpg 1251w, https:\/\/archiv.siov.sk\/wp-content\/uploads\/2025\/02\/foto-Blaskovic-1-10x12.jpg 10w, https:\/\/archiv.siov.sk\/wp-content\/uploads\/2025\/02\/foto-Blaskovic-1.jpg 1326w\" sizes=\"(max-width: 244px) 100vw, 244px\" \/><figcaption id=\"caption-attachment-17965\" class=\"wp-caption-text\">Riadite\u013e Hotelovej akad\u00e9mie \u013dudov\u00edta Wintera v Pie\u0161\u0165anoch Ladislav Bla\u0161kovi\u010d (\u00faplne v\u013eavo)<\/figcaption><\/figure>\n<p style=\"text-align: justify;\"><strong>U\u017e spom\u00ednan\u00fd \u013dudov\u00edt Winter si uvedomoval, \u017ee nesta\u010d\u00ed iba zaklada\u0165 k\u00fape\u013en\u00e9 domy a\u00a0hotely, ale z\u00e1rove\u0148 je potrebn\u00e9 pre ne pripravova\u0165 person\u00e1l. Uplat\u0148uj\u00fa sa va\u0161i absolventi st\u00e1le predov\u0161etk\u00fdm v\u00a0k\u00fape\u013eoch?<\/strong><\/p>\n<p style=\"text-align: justify;\">Ke\u010f som na\u0161u \u0161kolu absolvoval ja, chodilo n\u00e1s do triedy \u0161tyridsa\u0165 \u0161tyri a\u00a0\u0161tyria pokra\u010dovali vo vysoko\u0161kolskom vzdel\u00e1van\u00ed. Aktu\u00e1lne je priemer na\u0161ej \u0161koly tridsa\u0165 \u017eiakov na triedu a\u00a0na vysok\u00fa \u0161kolu pokra\u010duje dvadsa\u0165 p\u00e4\u0165. V\u00a0tomto sa doba ve\u013emi zmenila, ale sto percent na\u0161ich \u017eiakov z\u00edskava praktick\u00fa pr\u00edpravu u\u00a0zamestn\u00e1vate\u013eov a\u00a0na\u0161im najv\u00e4\u010d\u0161\u00edm partnerom od spom\u00ednan\u00e9ho roku \u00a01946 s\u00fa pr\u00e1ve Slovensk\u00e9 lie\u010debn\u00e9 k\u00fapele.<\/p>\n<p><strong>Ste najstar\u0161ou \u0161kolou tohto typu na Slovensku, m\u00e1te trad\u00edciu, ale to samo o\u00a0sebe nesta\u010d\u00ed. \u010co rob\u00edte pre to, aby ste obst\u00e1li v\u00a0konkurencii?<\/strong><\/p>\n<p style=\"text-align: justify;\">Sna\u017e\u00edme sa dodr\u017eiava\u0165 spom\u00ednan\u00fa trad\u00edciu, kvalitu v\u00fdchovno-vzdel\u00e1vacieho procesu a by\u0165 na o\u010diach. Chceme \u017eiakov vzdel\u00e1va\u0165 najm\u00e4 v odbornosti, ale z\u00e1rove\u0148 nepodlieza\u0165 latku v\u00fdchovno-vzdel\u00e1vacieho procesu ani v\u00a0r\u00e1mci v\u0161eobecn\u00e9ho vzdel\u00e1vania. Mysl\u00edm, \u017ee preto sa n\u00e1m dar\u00ed dosahova\u0165 dobr\u00e9 v\u00fdsledky v\u00a0r\u00f4znych hodnoteniach.<\/p>\n<figure id=\"attachment_17966\" aria-describedby=\"caption-attachment-17966\" style=\"width: 132px\" class=\"wp-caption alignleft\"><img decoding=\"async\" class=\"wp-image-17966\" src=\"https:\/\/archiv.siov.sk\/wp-content\/uploads\/2025\/02\/foto-Blaskovic-2-140x300.jpg\" alt=\"\" width=\"132\" height=\"283\" srcset=\"https:\/\/archiv.siov.sk\/wp-content\/uploads\/2025\/02\/foto-Blaskovic-2-140x300.jpg 140w, https:\/\/archiv.siov.sk\/wp-content\/uploads\/2025\/02\/foto-Blaskovic-2-478x1024.jpg 478w, https:\/\/archiv.siov.sk\/wp-content\/uploads\/2025\/02\/foto-Blaskovic-2-717x1536.jpg 717w, https:\/\/archiv.siov.sk\/wp-content\/uploads\/2025\/02\/foto-Blaskovic-2-6x12.jpg 6w, https:\/\/archiv.siov.sk\/wp-content\/uploads\/2025\/02\/foto-Blaskovic-2.jpg 747w\" sizes=\"(max-width: 132px) 100vw, 132px\" \/><figcaption id=\"caption-attachment-17966\" class=\"wp-caption-text\">Riadite\u013e Hotelovej akad\u00e9mie \u013dudov\u00edta Wintera v Pie\u0161\u0165anoch Ladislav Bla\u0161kovi\u010d<\/figcaption><\/figure>\n<p><strong>Podlieha aj hotelierstvo a\u00a0jeho \u0161t\u00fadium trendom? Ak\u00e9 s\u00fa aktu\u00e1lne?<\/strong><\/p>\n<p style=\"text-align: justify;\">Samozrejme. Hotelierstvo a\u00a0gastron\u00f3mia maj\u00fa neuverite\u013en\u00fd v\u00fdvoj. To, \u010do bolo v\u00a090-tych rokoch a\u00a0mierne po mil\u00e9niu sa ve\u013emi zmenilo. Trend michelinsk\u00fdch re\u0161taur\u00e1ci\u00ed, modernej gastron\u00f3mie, zelen\u00e9 technol\u00f3gie, IKT, marketing&#8230; Mus\u00edme st\u00e1le sledova\u0165 trendy, \u010do je ve\u013emi n\u00e1ro\u010dn\u00e9, ale m\u00e1me dobr\u00e9 kontakty s\u00a0odborn\u00edkmi z\u00a0oblasti a\u00a0vzdel\u00e1vaj\u00fa n\u00e1s ako u\u010dite\u013eov, ke\u010f je potrebn\u00e9.<\/p>\n<p><strong>\u017diaci Va\u0161ej \u0161koly s\u00fa s\u00fa\u010das\u0165ou mnoh\u00fdch s\u00fa\u0165a\u017e\u00ed, podujat\u00ed \u010di telev\u00edznych rel\u00e1ci\u00ed. Po akom takomto vyst\u00fapen\u00ed si s\u00a0hrdos\u0165ou poviete, toto je n\u00e1\u0161 \u201ehotel\u00e1k\u201c alebo \u201ehotel\u00e1\u010dka\u201c?<\/strong><\/p>\n<p style=\"text-align: justify;\">Po ka\u017edom v\u00ed\u0165azstve v\u00a0s\u00fa\u0165a\u017ei a\u00a0 gastronomicko-spolo\u010denskom podujat\u00ed. Na \u017eiakov som hrd\u00fd najm\u00e4 po ka\u017edoro\u010dn\u00fdch Gastro Vianociach. Z\u00a0t\u00fdch posledn\u00fdch m\u00e1m aj siln\u00fd emo\u010dn\u00fd z\u00e1\u017eitok. V\u0161etci z\u00fa\u010dastnen\u00ed, tak\u017ee takmer \u0161tyristo \u017eiakov \u0161koly, sa toti\u017e rozhodlo medzi sebou vyzbiera\u0165\u00a0 vlastn\u00e9\u00a0 finan\u010dn\u00e9 prostriedky a darova\u0165 \u0165a\u017eko chor\u00e9mu die\u0165a\u0165u jedn\u00e9ho z\u00a0na\u0161ich kolegov. Vtedy sme im povedali, \u017ee sa ich cel\u00fd rok sna\u017e\u00edme u\u010di\u0165, ale oni n\u00e1s v\u00a0istom zmysle za jeden de\u0148 nau\u010dili viac.<\/p>\n<p><strong>Ako \u017eiakom otv\u00e1rate st\u00e1le nov\u00e9 mo\u017enosti uplatnenia a\u00a0rozvoja?<\/strong><\/p>\n<p style=\"text-align: justify;\">Sna\u017e\u00edme sa podporova\u0165 talent. Ak m\u00e1 niekto z\u00e1ujem vyr\u00e1ba\u0165 \u010dokol\u00e1dov\u00e9 pralinky, podpor\u00edme ho, ak niekto chce mie\u0161a\u0165 n\u00e1poje, podpor\u00edme ho, to ist\u00e9 napr\u00edklad v\u00a0pr\u00edpade cudz\u00edch jazykov. Stoj\u00ed to nemal\u00e9 finan\u010dn\u00e9 prostriedky, ale sna\u017e\u00edme sa k\u00a0\u017eiakom pristupova\u0165 individu\u00e1lne. Teraz sa n\u00e1m ve\u013emi osved\u010dilo to, \u017ee star\u0161\u00ed \u017eiaci u\u010dia mlad\u0161\u00edch. Napr\u00edklad \u0161tvrt\u00e1ci u\u010dia druh\u00e1kov pr\u00edpravu k\u00e1vy.\u00a0 Ved\u00fa si vlastn\u00e9 workshopy a\u00a0sami medzi sebou h\u013eadaj\u00fa talenty.<\/p>\n<p><strong>Mnoh\u00e9 \u0161koly maj\u00fa probl\u00e9my s\u00a0pedag\u00f3gmi. Dar\u00ed sa V\u00e1m nach\u00e1dza\u0165 t\u00fdch spr\u00e1vnych?<\/strong><\/p>\n<figure id=\"attachment_17967\" aria-describedby=\"caption-attachment-17967\" style=\"width: 238px\" class=\"wp-caption alignright\"><img decoding=\"async\" class=\"wp-image-17967 size-medium\" src=\"https:\/\/archiv.siov.sk\/wp-content\/uploads\/2025\/02\/foto-Blaskovic-3-238x300.jpg\" alt=\"\" width=\"238\" height=\"300\" srcset=\"https:\/\/archiv.siov.sk\/wp-content\/uploads\/2025\/02\/foto-Blaskovic-3-238x300.jpg 238w, https:\/\/archiv.siov.sk\/wp-content\/uploads\/2025\/02\/foto-Blaskovic-3-813x1024.jpg 813w, https:\/\/archiv.siov.sk\/wp-content\/uploads\/2025\/02\/foto-Blaskovic-3-768x968.jpg 768w, https:\/\/archiv.siov.sk\/wp-content\/uploads\/2025\/02\/foto-Blaskovic-3-1219x1536.jpg 1219w, https:\/\/archiv.siov.sk\/wp-content\/uploads\/2025\/02\/foto-Blaskovic-3-10x12.jpg 10w, https:\/\/archiv.siov.sk\/wp-content\/uploads\/2025\/02\/foto-Blaskovic-3.jpg 1270w\" sizes=\"(max-width: 238px) 100vw, 238px\" \/><figcaption id=\"caption-attachment-17967\" class=\"wp-caption-text\">Riadite\u013e Hotelovej akad\u00e9mie \u013dudov\u00edta Wintera v Pie\u0161\u0165anoch Ladislav Bla\u0161kovi\u010d (\u00faplne vpravo)<\/figcaption><\/figure>\n<p style=\"text-align: justify;\">Som ve\u013emi r\u00e1d, \u017ee v posledn\u00fdch rokoch sa n\u00e1m dar\u00ed prij\u00edma\u0165 nov\u00fdch pedag\u00f3gov pr\u00e1ve aj z radov na\u0161ich absolventov. Nie s\u00fa to iba u\u010ditelia odborn\u00fdch predmetov, ale napr\u00edklad aj jazyk\u00e1ri, ekon\u00f3movia. Maj\u00fa v sebe st\u00e1le lojalitu vo\u010di \u0161kole, aj ke\u010f vo v\u0161eobecnosti je dopyt po u\u010dite\u013eov v na\u0161om regi\u00f3ne ve\u013ek\u00e1 t\u00e9ma. Na\u0161\u0165astie sme doteraz tieto probl\u00e9my v\u017edy vyrie\u0161ili.<\/p>\n<p><strong>Okrem h\u013eadania pedag\u00f3gov m\u00e1te ako riadite\u013e mno\u017estvo \u010fal\u0161\u00edch \u00faloh. \u010co v\u0161etko zah\u0155\u0148a Va\u0161a pr\u00e1ca a\u00a0\u010do v\u00a0nej je pre mimoriadne n\u00e1ro\u010dn\u00e9?<\/strong><\/p>\n<p style=\"text-align: justify;\">Po jeden\u00e1stich rokoch pr\u00e1ce v\u00a0hotelovom zariaden\u00ed som sa rozhodol, \u017ee si idem na rok \u201eodd\u00fdchnu\u0165\u201c do \u0161koly a\u00a0u\u017e som tam dvadsiaty tret\u00ed rok. \u0160kolu m\u00e1m r\u00e1d. A\u00a0\u010do je n\u00e1ro\u010dn\u00e9? Riadim ve\u013ek\u00fa organiz\u00e1ciu s\u00a0tromi organiza\u010dn\u00fdmi zlo\u017ekami \u2013 \u0161kola, \u0161kolsk\u00e1 jed\u00e1le\u0148 a\u00a0\u0161kolsk\u00fd intern\u00e1t, \u00a0s viac ako sto zamestnancami, \u0161es\u0165sto \u017eiakmi a\u00a0pribli\u017ene tis\u00edc dvesto rodi\u010dmi, plus, samozrejme neust\u00e1la komunik\u00e1cia so zamestn\u00e1vate\u013emi, zria\u010fovate\u013eom a\u00a0\u010fal\u0161\u00edmi partnermi. V\u00a0\u0161kolskom intern\u00e1te b\u00fdva takmer p\u00e4\u0165desiat percent \u017eiakov, sme nadregion\u00e1lna \u0161kola, tak\u00fd mal\u00fd kampus a\u00a0denne pripravujeme viac ako tis\u00edc p\u00e4\u0165sto jed\u00e1l. Je n\u00e1ro\u010dn\u00e9 organiza\u010dne a ekonomicky sk\u013abi\u0165 v\u0161etky \u010dasti a\u00a0z\u00e1rove\u0148 vies\u0165 \u0161kolu po pedagogickej str\u00e1nke. Osobne v\u0161ak neberiem svoju pr\u00e1cu ako pr\u00e1cu, ale ako poslanie a\u00a0v\u017edy pr\u00edde nie\u010do, \u010do ma dobije.<\/p>\n<p><strong>Va\u0161a \u0161kola je potenci\u00e1lnym centrom excelentnosti. V\u00a0\u010dom to pre V\u00e1s je a\u00a0bude pr\u00ednosom? <\/strong><\/p>\n<p style=\"text-align: justify;\">Aktu\u00e1lne sme Centrum odborn\u00e9ho vzdel\u00e1vania \u00a0a\u00a0pr\u00edpravy s\u00a0hodnoten\u00edm od zamestn\u00e1vate\u013eov excelentn\u00fd. Ve\u013emi n\u00e1s pote\u0161ilo oslovenie zo strany zamestn\u00e1vate\u013eov a\u00a0\u0160t\u00e1tneho in\u0161tit\u00fatu odborn\u00e9ho vzdel\u00e1vania, aby sme sa uch\u00e1dzali o\u00a0mo\u017enos\u0165 sta\u0165 sa centrom excelentnosti. Berieme to ako zauj\u00edmav\u00fa v\u00fdzvu. Ver\u00edme, \u017ee mo\u017enos\u0165 zapojenia sa do tohto projektu posunie \u0161kolu e\u0161te \u010falej. D\u00f4le\u017eit\u00e9 je, \u017ee budeme m\u00f4c\u0165 ud\u00e1va\u0165 trendy pr\u00e1ve v\u00a0na\u0161om segmente.<\/p>\n<p><strong>Prerod \u0161koly na centrum excelentnosti nemus\u00ed by\u0165 jednoduch\u00fd. Ako sa na\u0148 pripravujete?<\/strong><\/p>\n<p style=\"text-align: justify;\">Je to v\u00fdzva. Ale budeme postupova\u0165 tak, ako doteraz. Nechceme po\u013eavi\u0165 z\u00a0kvality v\u00fdchovno-vzdel\u00e1vacieho procesu, plus, samozrejme, zapoj\u00edme krit\u00e9ri\u00e1, ktor\u00fdm sme mo\u017eno doteraz nevenovali a\u017e tak\u00fa pozornos\u0165. Pod\u013ea hodnoten\u00ed INEKO sme hotelovou akad\u00e9miou s\u00a0najlep\u0161\u00edmi v\u00fdsledkami \u017eiakov. M\u00e1me v\u00fdborn\u00fdch \u017eiakov so skvel\u00fdmi v\u00fdsledkami, ale je to aj o\u00a0v\u00fdbornej pr\u00e1ci pedag\u00f3gov. Aj na\u0161i absolventi sa hrdo vracaj\u00fa do svojej \u201ealma mater\u201c. Tak\u017ee si mysl\u00edm, \u017ee to zvl\u00e1dneme.<\/p>\n<p><strong>Ak\u00fa m\u00e1te predstavu o\u00a0centre excelentnosti v\u00a0oblasti hoteli\u00e9rstva, gastron\u00f3mie a\u00a0cestovn\u00e9ho ruchu?<\/strong><\/p>\n<p style=\"text-align: justify;\">Centrum excelentnosti ur\u010dite mus\u00ed ma\u0165 svoje dobr\u00e9 meno a by\u0165 v centre z\u00e1ujmu nielen odbornej, ale aj laickej verejnosti. D\u00e1va\u0165 o sebe vedie\u0165 z h\u013eadiska vzdel\u00e1vania absolventov z\u00e1kladn\u00fdch \u0161k\u00f4l, ale aj vzdel\u00e1vania dospel\u00fdch. Samozrejme pova\u017eujem segment cestovn\u00e9ho ruchu, hotelierstva a gastron\u00f3mie za ve\u013emi d\u00f4le\u017eit\u00fd. Som ve\u013emi r\u00e1d, \u017ee Asoci\u00e1cia hotelov a re\u0161taur\u00e1cii SR a Republikov\u00e1 \u00fania zamestn\u00e1vate\u013eov tla\u010dili na to, aby bol aj segment cestovn\u00e9ho ruchu, hotelierstva a gastron\u00f3mie zast\u00fapen\u00fd a som ve\u013emi r\u00e1d, \u017ee pr\u00e1ve prostredn\u00edctvom na\u0161ej \u0161koly.<\/p>","protected":false},"excerpt":{"rendered":"<p>O\u00a0u\u017e takmer osemdesiatro\u010dnej trad\u00edcii zalo\u017eenej zn\u00e1mou osobnos\u0165ou slovensk\u00e9ho k\u00fape\u013en\u00edctva, jej \u010fal\u0161om rozvoji a\u00a0nutnosti sledova\u0165 najnov\u0161ie trendy, ale aj o\u00a0mimoriadnych aktivit\u00e1ch \u017eiakov sme sa rozpr\u00e1vali s\u00a0riadite\u013eom Hotelovej akad\u00e9mie \u013dudov\u00edta Wintera v\u00a0Pie\u0161\u0165anoch Ladislavom Bla\u0161kovi\u010dom. Ke\u010f\u017ee jeho \u0161kola je jedn\u00fdm zo \u0161estn\u00e1stich pilotn\u00fdch centier excelentnosti, neobi\u0161li sme, samozrejme, ani t\u00fato t\u00e9mu. \u00a0Ste Hotelov\u00e1 akad\u00e9mia \u013dudov\u00edta Wintera. \u010co pre [&hellip;]<\/p>\n","protected":false},"author":6,"featured_media":17969,"comment_status":"closed","ping_status":"closed","sticky":false,"template":"","format":"standard","meta":{"site-sidebar-layout":"default","site-content-layout":"","ast-site-content-layout":"default","site-content-style":"default","site-sidebar-style":"default","ast-global-header-display":"","ast-banner-title-visibility":"","ast-main-header-display":"","ast-hfb-above-header-display":"","ast-hfb-below-header-display":"","ast-hfb-mobile-header-display":"","site-post-title":"","ast-breadcrumbs-content":"","ast-featured-img":"","footer-sml-layout":"","ast-disable-related-posts":"","theme-transparent-header-meta":"default","adv-header-id-meta":"","stick-header-meta":"default","header-above-stick-meta":"","header-main-stick-meta":"","header-below-stick-meta":"","astra-migrate-meta-layouts":"set","ast-page-background-enabled":"default","ast-page-background-meta":{"desktop":{"background-color":"var(--ast-global-color-4)","background-image":"","background-repeat":"repeat","background-position":"center center","background-size":"auto","background-attachment":"scroll","background-type":"","background-media":"","overlay-type":"","overlay-color":"","overlay-opacity":"","overlay-gradient":""},"tablet":{"background-color":"","background-image":"","background-repeat":"repeat","background-position":"center center","background-size":"auto","background-attachment":"scroll","background-type":"","background-media":"","overlay-type":"","overlay-color":"","overlay-opacity":"","overlay-gradient":""},"mobile":{"background-color":"","background-image":"","background-repeat":"repeat","background-position":"center center","background-size":"auto","background-attachment":"scroll","background-type":"","background-media":"","overlay-type":"","overlay-color":"","overlay-opacity":"","overlay-gradient":""}},"ast-content-background-meta":{"desktop":{"background-color":"var(--ast-global-color-5)","background-image":"","background-repeat":"repeat","background-position":"center center","background-size":"auto","background-attachment":"scroll","background-type":"","background-media":"","overlay-type":"","overlay-color":"","overlay-opacity":"","overlay-gradient":""},"tablet":{"background-color":"var(--ast-global-color-5)","background-image":"","background-repeat":"repeat","background-position":"center center","background-size":"auto","background-attachment":"scroll","background-type":"","background-media":"","overlay-type":"","overlay-color":"","overlay-opacity":"","overlay-gradient":""},"mobile":{"background-color":"var(--ast-global-color-5)","background-image":"","background-repeat":"repeat","background-position":"center center","background-size":"auto","background-attachment":"scroll","background-type":"","background-media":"","overlay-type":"","overlay-color":"","overlay-opacity":"","overlay-gradient":""}},"footnotes":""},"categories":[1],"tags":[],"class_list":["post-17963","post","type-post","status-publish","format-standard","has-post-thumbnail","hentry","category-aktuality"],"yoast_head":"<!-- This site is optimized with the Yoast SEO plugin v27.5 - https:\/\/yoast.com\/product\/yoast-seo-wordpress\/ -->\n<title>Riadite\u013e Hotelovej akad\u00e9mie v Pie\u0161\u0165anoch: Meno \u013dudov\u00edta Wintera v n\u00e1zve \u0161koly zav\u00e4zuje - \u0160IOV - \u0161t\u00e1tny in\u0161tit\u00fat odborn\u00e9ho vzdel\u00e1vania<\/title>\n<meta name=\"robots\" content=\"index, follow, max-snippet:-1, max-image-preview:large, max-video-preview:-1\" \/>\n<link rel=\"canonical\" href=\"https:\/\/archiv.siov.sk\/en\/riaditel-hotelovej-akademie-v-piestanoch-meno-ludovita-wintera-v-nazve-skoly-zavazuje\/\" \/>\n<meta property=\"og:locale\" content=\"en_GB\" \/>\n<meta property=\"og:type\" content=\"article\" \/>\n<meta property=\"og:title\" content=\"Riadite\u013e Hotelovej akad\u00e9mie v Pie\u0161\u0165anoch: Meno \u013dudov\u00edta Wintera v n\u00e1zve \u0161koly zav\u00e4zuje - \u0160IOV - \u0161t\u00e1tny in\u0161tit\u00fat odborn\u00e9ho vzdel\u00e1vania\" \/>\n<meta property=\"og:description\" content=\"O\u00a0u\u017e takmer osemdesiatro\u010dnej trad\u00edcii zalo\u017eenej zn\u00e1mou osobnos\u0165ou slovensk\u00e9ho k\u00fape\u013en\u00edctva, jej \u010fal\u0161om rozvoji a\u00a0nutnosti sledova\u0165 najnov\u0161ie trendy, ale aj o\u00a0mimoriadnych aktivit\u00e1ch \u017eiakov sme sa rozpr\u00e1vali s\u00a0riadite\u013eom Hotelovej akad\u00e9mie \u013dudov\u00edta Wintera v\u00a0Pie\u0161\u0165anoch Ladislavom Bla\u0161kovi\u010dom. Ke\u010f\u017ee jeho \u0161kola je jedn\u00fdm zo \u0161estn\u00e1stich pilotn\u00fdch centier excelentnosti, neobi\u0161li sme, samozrejme, ani t\u00fato t\u00e9mu. \u00a0Ste Hotelov\u00e1 akad\u00e9mia \u013dudov\u00edta Wintera. \u010co pre [&hellip;]\" \/>\n<meta property=\"og:url\" content=\"https:\/\/archiv.siov.sk\/en\/riaditel-hotelovej-akademie-v-piestanoch-meno-ludovita-wintera-v-nazve-skoly-zavazuje\/\" \/>\n<meta property=\"og:site_name\" content=\"\u0160IOV - \u0161t\u00e1tny in\u0161tit\u00fat odborn\u00e9ho vzdel\u00e1vania\" \/>\n<meta property=\"article:publisher\" content=\"https:\/\/www.facebook.com\/Statnyinstitutodbornehovzdelavania\" \/>\n<meta property=\"article:published_time\" content=\"2025-02-27T14:36:34+00:00\" \/>\n<meta property=\"article:modified_time\" content=\"2025-02-27T14:44:59+00:00\" \/>\n<meta property=\"og:image\" content=\"https:\/\/archiv.siov.sk\/wp-content\/uploads\/2025\/02\/HA-Piestany-logo.jpg\" \/>\n\t<meta property=\"og:image:width\" content=\"213\" \/>\n\t<meta property=\"og:image:height\" content=\"237\" \/>\n\t<meta property=\"og:image:type\" content=\"image\/jpeg\" \/>\n<meta name=\"author\" content=\"Katar\u00edna Kov\u00e1\u010dov\u00e1\" \/>\n<meta name=\"twitter:card\" content=\"summary_large_image\" \/>\n<meta name=\"twitter:label1\" content=\"Written by\" \/>\n\t<meta name=\"twitter:data1\" content=\"Katar\u00edna Kov\u00e1\u010dov\u00e1\" \/>\n\t<meta name=\"twitter:label2\" content=\"Estimated reading time\" \/>\n\t<meta name=\"twitter:data2\" content=\"7 minutes\" \/>\n<script type=\"application\/ld+json\" class=\"yoast-schema-graph\">{\"@context\":\"https:\\\/\\\/schema.org\",\"@graph\":[{\"@type\":\"Article\",\"@id\":\"https:\\\/\\\/archiv.siov.sk\\\/riaditel-hotelovej-akademie-v-piestanoch-meno-ludovita-wintera-v-nazve-skoly-zavazuje\\\/#article\",\"isPartOf\":{\"@id\":\"https:\\\/\\\/archiv.siov.sk\\\/riaditel-hotelovej-akademie-v-piestanoch-meno-ludovita-wintera-v-nazve-skoly-zavazuje\\\/\"},\"author\":{\"name\":\"Katar\u00edna Kov\u00e1\u010dov\u00e1\",\"@id\":\"https:\\\/\\\/archiv.siov.sk\\\/#\\\/schema\\\/person\\\/e42d633fbd958c6a726e8834d8965e6c\"},\"headline\":\"Riadite\u013e Hotelovej akad\u00e9mie v Pie\u0161\u0165anoch: Meno \u013dudov\u00edta Wintera v n\u00e1zve \u0161koly zav\u00e4zuje\",\"datePublished\":\"2025-02-27T14:36:34+00:00\",\"dateModified\":\"2025-02-27T14:44:59+00:00\",\"mainEntityOfPage\":{\"@id\":\"https:\\\/\\\/archiv.siov.sk\\\/riaditel-hotelovej-akademie-v-piestanoch-meno-ludovita-wintera-v-nazve-skoly-zavazuje\\\/\"},\"wordCount\":1464,\"publisher\":{\"@id\":\"https:\\\/\\\/archiv.siov.sk\\\/#organization\"},\"image\":{\"@id\":\"https:\\\/\\\/archiv.siov.sk\\\/riaditel-hotelovej-akademie-v-piestanoch-meno-ludovita-wintera-v-nazve-skoly-zavazuje\\\/#primaryimage\"},\"thumbnailUrl\":\"https:\\\/\\\/archiv.siov.sk\\\/wp-content\\\/uploads\\\/2025\\\/02\\\/HA-Piestany-logo.jpg\",\"articleSection\":[\"Aktuality\"],\"inLanguage\":\"en-GB\"},{\"@type\":\"WebPage\",\"@id\":\"https:\\\/\\\/archiv.siov.sk\\\/riaditel-hotelovej-akademie-v-piestanoch-meno-ludovita-wintera-v-nazve-skoly-zavazuje\\\/\",\"url\":\"https:\\\/\\\/archiv.siov.sk\\\/riaditel-hotelovej-akademie-v-piestanoch-meno-ludovita-wintera-v-nazve-skoly-zavazuje\\\/\",\"name\":\"Riadite\u013e Hotelovej akad\u00e9mie v Pie\u0161\u0165anoch: Meno \u013dudov\u00edta Wintera v n\u00e1zve \u0161koly zav\u00e4zuje - \u0160IOV - \u0161t\u00e1tny in\u0161tit\u00fat odborn\u00e9ho vzdel\u00e1vania\",\"isPartOf\":{\"@id\":\"https:\\\/\\\/archiv.siov.sk\\\/#website\"},\"primaryImageOfPage\":{\"@id\":\"https:\\\/\\\/archiv.siov.sk\\\/riaditel-hotelovej-akademie-v-piestanoch-meno-ludovita-wintera-v-nazve-skoly-zavazuje\\\/#primaryimage\"},\"image\":{\"@id\":\"https:\\\/\\\/archiv.siov.sk\\\/riaditel-hotelovej-akademie-v-piestanoch-meno-ludovita-wintera-v-nazve-skoly-zavazuje\\\/#primaryimage\"},\"thumbnailUrl\":\"https:\\\/\\\/archiv.siov.sk\\\/wp-content\\\/uploads\\\/2025\\\/02\\\/HA-Piestany-logo.jpg\",\"datePublished\":\"2025-02-27T14:36:34+00:00\",\"dateModified\":\"2025-02-27T14:44:59+00:00\",\"breadcrumb\":{\"@id\":\"https:\\\/\\\/archiv.siov.sk\\\/riaditel-hotelovej-akademie-v-piestanoch-meno-ludovita-wintera-v-nazve-skoly-zavazuje\\\/#breadcrumb\"},\"inLanguage\":\"en-GB\",\"potentialAction\":[{\"@type\":\"ReadAction\",\"target\":[\"https:\\\/\\\/archiv.siov.sk\\\/riaditel-hotelovej-akademie-v-piestanoch-meno-ludovita-wintera-v-nazve-skoly-zavazuje\\\/\"]}]},{\"@type\":\"ImageObject\",\"inLanguage\":\"en-GB\",\"@id\":\"https:\\\/\\\/archiv.siov.sk\\\/riaditel-hotelovej-akademie-v-piestanoch-meno-ludovita-wintera-v-nazve-skoly-zavazuje\\\/#primaryimage\",\"url\":\"https:\\\/\\\/archiv.siov.sk\\\/wp-content\\\/uploads\\\/2025\\\/02\\\/HA-Piestany-logo.jpg\",\"contentUrl\":\"https:\\\/\\\/archiv.siov.sk\\\/wp-content\\\/uploads\\\/2025\\\/02\\\/HA-Piestany-logo.jpg\",\"width\":213,\"height\":237},{\"@type\":\"BreadcrumbList\",\"@id\":\"https:\\\/\\\/archiv.siov.sk\\\/riaditel-hotelovej-akademie-v-piestanoch-meno-ludovita-wintera-v-nazve-skoly-zavazuje\\\/#breadcrumb\",\"itemListElement\":[{\"@type\":\"ListItem\",\"position\":1,\"name\":\"Home\",\"item\":\"https:\\\/\\\/archiv.siov.sk\\\/\"},{\"@type\":\"ListItem\",\"position\":2,\"name\":\"Riadite\u013e Hotelovej akad\u00e9mie v Pie\u0161\u0165anoch: Meno \u013dudov\u00edta Wintera v n\u00e1zve \u0161koly zav\u00e4zuje\"}]},{\"@type\":\"WebSite\",\"@id\":\"https:\\\/\\\/archiv.siov.sk\\\/#website\",\"url\":\"https:\\\/\\\/archiv.siov.sk\\\/\",\"name\":\"\u0160IOV - \u0161t\u00e1tny in\u0161tit\u00fat odborn\u00e9ho vzdel\u00e1vania\",\"description\":\"\",\"publisher\":{\"@id\":\"https:\\\/\\\/archiv.siov.sk\\\/#organization\"},\"potentialAction\":[{\"@type\":\"SearchAction\",\"target\":{\"@type\":\"EntryPoint\",\"urlTemplate\":\"https:\\\/\\\/archiv.siov.sk\\\/?s={search_term_string}\"},\"query-input\":{\"@type\":\"PropertyValueSpecification\",\"valueRequired\":true,\"valueName\":\"search_term_string\"}}],\"inLanguage\":\"en-GB\"},{\"@type\":\"Organization\",\"@id\":\"https:\\\/\\\/archiv.siov.sk\\\/#organization\",\"name\":\"\u0160IOV - \u0161t\u00e1tny in\u0161tit\u00fat odborn\u00e9ho vzdel\u00e1vania\",\"url\":\"https:\\\/\\\/archiv.siov.sk\\\/\",\"logo\":{\"@type\":\"ImageObject\",\"inLanguage\":\"en-GB\",\"@id\":\"https:\\\/\\\/archiv.siov.sk\\\/#\\\/schema\\\/logo\\\/image\\\/\",\"url\":\"https:\\\/\\\/archiv.siov.sk\\\/wp-content\\\/uploads\\\/2024\\\/02\\\/logo-SIOV.png\",\"contentUrl\":\"https:\\\/\\\/archiv.siov.sk\\\/wp-content\\\/uploads\\\/2024\\\/02\\\/logo-SIOV.png\",\"width\":431,\"height\":143,\"caption\":\"\u0160IOV - \u0161t\u00e1tny in\u0161tit\u00fat odborn\u00e9ho vzdel\u00e1vania\"},\"image\":{\"@id\":\"https:\\\/\\\/archiv.siov.sk\\\/#\\\/schema\\\/logo\\\/image\\\/\"},\"sameAs\":[\"https:\\\/\\\/www.facebook.com\\\/Statnyinstitutodbornehovzdelavania\"]},{\"@type\":\"Person\",\"@id\":\"https:\\\/\\\/archiv.siov.sk\\\/#\\\/schema\\\/person\\\/e42d633fbd958c6a726e8834d8965e6c\",\"name\":\"Katar\u00edna Kov\u00e1\u010dov\u00e1\",\"url\":\"https:\\\/\\\/archiv.siov.sk\\\/en\\\/author\\\/katkakovacova\\\/\"}]}<\/script>\n<!-- \/ Yoast SEO plugin. -->","yoast_head_json":{"title":"Riadite\u013e Hotelovej akad\u00e9mie v Pie\u0161\u0165anoch: Meno \u013dudov\u00edta Wintera v n\u00e1zve \u0161koly zav\u00e4zuje - \u0160IOV - \u0161t\u00e1tny in\u0161tit\u00fat odborn\u00e9ho vzdel\u00e1vania","robots":{"index":"index","follow":"follow","max-snippet":"max-snippet:-1","max-image-preview":"max-image-preview:large","max-video-preview":"max-video-preview:-1"},"canonical":"https:\/\/archiv.siov.sk\/en\/riaditel-hotelovej-akademie-v-piestanoch-meno-ludovita-wintera-v-nazve-skoly-zavazuje\/","og_locale":"en_GB","og_type":"article","og_title":"Riadite\u013e Hotelovej akad\u00e9mie v Pie\u0161\u0165anoch: Meno \u013dudov\u00edta Wintera v n\u00e1zve \u0161koly zav\u00e4zuje - \u0160IOV - \u0161t\u00e1tny in\u0161tit\u00fat odborn\u00e9ho vzdel\u00e1vania","og_description":"O\u00a0u\u017e takmer osemdesiatro\u010dnej trad\u00edcii zalo\u017eenej zn\u00e1mou osobnos\u0165ou slovensk\u00e9ho k\u00fape\u013en\u00edctva, jej \u010fal\u0161om rozvoji a\u00a0nutnosti sledova\u0165 najnov\u0161ie trendy, ale aj o\u00a0mimoriadnych aktivit\u00e1ch \u017eiakov sme sa rozpr\u00e1vali s\u00a0riadite\u013eom Hotelovej akad\u00e9mie \u013dudov\u00edta Wintera v\u00a0Pie\u0161\u0165anoch Ladislavom Bla\u0161kovi\u010dom. Ke\u010f\u017ee jeho \u0161kola je jedn\u00fdm zo \u0161estn\u00e1stich pilotn\u00fdch centier excelentnosti, neobi\u0161li sme, samozrejme, ani t\u00fato t\u00e9mu. \u00a0Ste Hotelov\u00e1 akad\u00e9mia \u013dudov\u00edta Wintera. \u010co pre [&hellip;]","og_url":"https:\/\/archiv.siov.sk\/en\/riaditel-hotelovej-akademie-v-piestanoch-meno-ludovita-wintera-v-nazve-skoly-zavazuje\/","og_site_name":"\u0160IOV - \u0161t\u00e1tny in\u0161tit\u00fat odborn\u00e9ho vzdel\u00e1vania","article_publisher":"https:\/\/www.facebook.com\/Statnyinstitutodbornehovzdelavania","article_published_time":"2025-02-27T14:36:34+00:00","article_modified_time":"2025-02-27T14:44:59+00:00","og_image":[{"width":213,"height":237,"url":"https:\/\/archiv.siov.sk\/wp-content\/uploads\/2025\/02\/HA-Piestany-logo.jpg","type":"image\/jpeg"}],"author":"Katar\u00edna Kov\u00e1\u010dov\u00e1","twitter_card":"summary_large_image","twitter_misc":{"Written by":"Katar\u00edna Kov\u00e1\u010dov\u00e1","Estimated reading time":"7 minutes"},"schema":{"@context":"https:\/\/schema.org","@graph":[{"@type":"Article","@id":"https:\/\/archiv.siov.sk\/riaditel-hotelovej-akademie-v-piestanoch-meno-ludovita-wintera-v-nazve-skoly-zavazuje\/#article","isPartOf":{"@id":"https:\/\/archiv.siov.sk\/riaditel-hotelovej-akademie-v-piestanoch-meno-ludovita-wintera-v-nazve-skoly-zavazuje\/"},"author":{"name":"Katar\u00edna Kov\u00e1\u010dov\u00e1","@id":"https:\/\/archiv.siov.sk\/#\/schema\/person\/e42d633fbd958c6a726e8834d8965e6c"},"headline":"Riadite\u013e Hotelovej akad\u00e9mie v Pie\u0161\u0165anoch: Meno \u013dudov\u00edta Wintera v n\u00e1zve \u0161koly zav\u00e4zuje","datePublished":"2025-02-27T14:36:34+00:00","dateModified":"2025-02-27T14:44:59+00:00","mainEntityOfPage":{"@id":"https:\/\/archiv.siov.sk\/riaditel-hotelovej-akademie-v-piestanoch-meno-ludovita-wintera-v-nazve-skoly-zavazuje\/"},"wordCount":1464,"publisher":{"@id":"https:\/\/archiv.siov.sk\/#organization"},"image":{"@id":"https:\/\/archiv.siov.sk\/riaditel-hotelovej-akademie-v-piestanoch-meno-ludovita-wintera-v-nazve-skoly-zavazuje\/#primaryimage"},"thumbnailUrl":"https:\/\/archiv.siov.sk\/wp-content\/uploads\/2025\/02\/HA-Piestany-logo.jpg","articleSection":["Aktuality"],"inLanguage":"en-GB"},{"@type":"WebPage","@id":"https:\/\/archiv.siov.sk\/riaditel-hotelovej-akademie-v-piestanoch-meno-ludovita-wintera-v-nazve-skoly-zavazuje\/","url":"https:\/\/archiv.siov.sk\/riaditel-hotelovej-akademie-v-piestanoch-meno-ludovita-wintera-v-nazve-skoly-zavazuje\/","name":"Riadite\u013e Hotelovej akad\u00e9mie v Pie\u0161\u0165anoch: Meno \u013dudov\u00edta Wintera v n\u00e1zve \u0161koly zav\u00e4zuje - \u0160IOV - \u0161t\u00e1tny in\u0161tit\u00fat odborn\u00e9ho vzdel\u00e1vania","isPartOf":{"@id":"https:\/\/archiv.siov.sk\/#website"},"primaryImageOfPage":{"@id":"https:\/\/archiv.siov.sk\/riaditel-hotelovej-akademie-v-piestanoch-meno-ludovita-wintera-v-nazve-skoly-zavazuje\/#primaryimage"},"image":{"@id":"https:\/\/archiv.siov.sk\/riaditel-hotelovej-akademie-v-piestanoch-meno-ludovita-wintera-v-nazve-skoly-zavazuje\/#primaryimage"},"thumbnailUrl":"https:\/\/archiv.siov.sk\/wp-content\/uploads\/2025\/02\/HA-Piestany-logo.jpg","datePublished":"2025-02-27T14:36:34+00:00","dateModified":"2025-02-27T14:44:59+00:00","breadcrumb":{"@id":"https:\/\/archiv.siov.sk\/riaditel-hotelovej-akademie-v-piestanoch-meno-ludovita-wintera-v-nazve-skoly-zavazuje\/#breadcrumb"},"inLanguage":"en-GB","potentialAction":[{"@type":"ReadAction","target":["https:\/\/archiv.siov.sk\/riaditel-hotelovej-akademie-v-piestanoch-meno-ludovita-wintera-v-nazve-skoly-zavazuje\/"]}]},{"@type":"ImageObject","inLanguage":"en-GB","@id":"https:\/\/archiv.siov.sk\/riaditel-hotelovej-akademie-v-piestanoch-meno-ludovita-wintera-v-nazve-skoly-zavazuje\/#primaryimage","url":"https:\/\/archiv.siov.sk\/wp-content\/uploads\/2025\/02\/HA-Piestany-logo.jpg","contentUrl":"https:\/\/archiv.siov.sk\/wp-content\/uploads\/2025\/02\/HA-Piestany-logo.jpg","width":213,"height":237},{"@type":"BreadcrumbList","@id":"https:\/\/archiv.siov.sk\/riaditel-hotelovej-akademie-v-piestanoch-meno-ludovita-wintera-v-nazve-skoly-zavazuje\/#breadcrumb","itemListElement":[{"@type":"ListItem","position":1,"name":"Home","item":"https:\/\/archiv.siov.sk\/"},{"@type":"ListItem","position":2,"name":"Riadite\u013e Hotelovej akad\u00e9mie v Pie\u0161\u0165anoch: Meno \u013dudov\u00edta Wintera v n\u00e1zve \u0161koly zav\u00e4zuje"}]},{"@type":"WebSite","@id":"https:\/\/archiv.siov.sk\/#website","url":"https:\/\/archiv.siov.sk\/","name":"\u0160IOV - \u0161t\u00e1tny in\u0161tit\u00fat odborn\u00e9ho vzdel\u00e1vania","description":"","publisher":{"@id":"https:\/\/archiv.siov.sk\/#organization"},"potentialAction":[{"@type":"SearchAction","target":{"@type":"EntryPoint","urlTemplate":"https:\/\/archiv.siov.sk\/?s={search_term_string}"},"query-input":{"@type":"PropertyValueSpecification","valueRequired":true,"valueName":"search_term_string"}}],"inLanguage":"en-GB"},{"@type":"Organization","@id":"https:\/\/archiv.siov.sk\/#organization","name":"\u0160IOV - \u0161t\u00e1tny in\u0161tit\u00fat odborn\u00e9ho vzdel\u00e1vania","url":"https:\/\/archiv.siov.sk\/","logo":{"@type":"ImageObject","inLanguage":"en-GB","@id":"https:\/\/archiv.siov.sk\/#\/schema\/logo\/image\/","url":"https:\/\/archiv.siov.sk\/wp-content\/uploads\/2024\/02\/logo-SIOV.png","contentUrl":"https:\/\/archiv.siov.sk\/wp-content\/uploads\/2024\/02\/logo-SIOV.png","width":431,"height":143,"caption":"\u0160IOV - \u0161t\u00e1tny in\u0161tit\u00fat odborn\u00e9ho vzdel\u00e1vania"},"image":{"@id":"https:\/\/archiv.siov.sk\/#\/schema\/logo\/image\/"},"sameAs":["https:\/\/www.facebook.com\/Statnyinstitutodbornehovzdelavania"]},{"@type":"Person","@id":"https:\/\/archiv.siov.sk\/#\/schema\/person\/e42d633fbd958c6a726e8834d8965e6c","name":"Katar\u00edna Kov\u00e1\u010dov\u00e1","url":"https:\/\/archiv.siov.sk\/en\/author\/katkakovacova\/"}]}},"_links":{"self":[{"href":"https:\/\/archiv.siov.sk\/en\/wp-json\/wp\/v2\/posts\/17963","targetHints":{"allow":["GET"]}}],"collection":[{"href":"https:\/\/archiv.siov.sk\/en\/wp-json\/wp\/v2\/posts"}],"about":[{"href":"https:\/\/archiv.siov.sk\/en\/wp-json\/wp\/v2\/types\/post"}],"author":[{"embeddable":true,"href":"https:\/\/archiv.siov.sk\/en\/wp-json\/wp\/v2\/users\/6"}],"replies":[{"embeddable":true,"href":"https:\/\/archiv.siov.sk\/en\/wp-json\/wp\/v2\/comments?post=17963"}],"version-history":[{"count":6,"href":"https:\/\/archiv.siov.sk\/en\/wp-json\/wp\/v2\/posts\/17963\/revisions"}],"predecessor-version":[{"id":17973,"href":"https:\/\/archiv.siov.sk\/en\/wp-json\/wp\/v2\/posts\/17963\/revisions\/17973"}],"wp:featuredmedia":[{"embeddable":true,"href":"https:\/\/archiv.siov.sk\/en\/wp-json\/wp\/v2\/media\/17969"}],"wp:attachment":[{"href":"https:\/\/archiv.siov.sk\/en\/wp-json\/wp\/v2\/media?parent=17963"}],"wp:term":[{"taxonomy":"category","embeddable":true,"href":"https:\/\/archiv.siov.sk\/en\/wp-json\/wp\/v2\/categories?post=17963"},{"taxonomy":"post_tag","embeddable":true,"href":"https:\/\/archiv.siov.sk\/en\/wp-json\/wp\/v2\/tags?post=17963"}],"curies":[{"name":"wp","href":"https:\/\/api.w.org\/{rel}","templated":true}]}}