{"id":17931,"date":"2025-02-27T17:00:27","date_gmt":"2025-02-27T16:00:27","guid":{"rendered":"https:\/\/archiv.siov.sk\/?p=17931"},"modified":"2025-07-03T09:05:10","modified_gmt":"2025-07-03T07:05:10","slug":"siov-vyhlasuje-stvrty-rocnik-narodnej-ceny-kvality-v-ovp","status":"publish","type":"post","link":"https:\/\/archiv.siov.sk\/en\/siov-vyhlasuje-stvrty-rocnik-narodnej-ceny-kvality-v-ovp\/","title":{"rendered":"\u0160IOV vyhlasuje \u0161tvrt\u00fd ro\u010dn\u00edk N\u00e1rodnej ceny kvality v OVP"},"content":{"rendered":"<p>\u0160t\u00e1tny in\u0161tit\u00fat odborn\u00e9ho vzdel\u00e1vania (\u0160IOV) ako N\u00e1rodn\u00e9 referen\u010dn\u00e9 miesto EQAVET otv\u00e1ra <strong>prihlasovanie do \u0161tvrt\u00e9ho ro\u010dn\u00edka N\u00e1rodnej ceny kvality v odbornom vzdel\u00e1van\u00ed a pr\u00edprave (OVP)<\/strong>. Cie\u013eom ocenenia je podpori\u0165 \u0161koly a odborn\u00edkov, ktor\u00ed svojou pr\u00e1cou prispievaj\u00fa k zvy\u0161ovaniu kvality odborn\u00e9ho vzdel\u00e1vania na Slovensku.<\/p>\n<p>O ocenenie sa m\u00f4\u017eu uch\u00e1dza\u0165 verejn\u00e9, s\u00fakromn\u00e9 a cirkevn\u00e9 stredn\u00e9 odborn\u00e9 \u0161koly, ktor\u00e9 sa akt\u00edvne venuj\u00fa zabezpe\u010dovaniu a rozvoju kvality v OVP nad r\u00e1mec stanoven\u00fdch \u0161tandardov. <strong>Prihl\u00e1\u0161ky je mo\u017en\u00e9 pod\u00e1va\u0165 elektronicky v term\u00edne od 28. febru\u00e1ra do 31. marca 2025<\/strong> na webovej str\u00e1nke <a href=\"https:\/\/okvalite.sk\/narodna-cena-kvality-v-ovp-2025\/\" target=\"_blank\" rel=\"noopener\">www.okvalite.sk<\/a>.<\/p>\n<p>Ocenenie sa ude\u013euje v \u0161tyroch kateg\u00f3ri\u00e1ch, ktor\u00e9 reflektuj\u00fa aktivity prispievaj\u00face k rozvoju kult\u00fary kvality v stredn\u00fdch odborn\u00fdch \u0161kol\u00e1ch. Tento rok s\u00fa to:<\/p>\n<ul>\n<li><strong>Modern\u00e9 kurikulum<\/strong> \u2013 oce\u0148uje \u0161koly za inovat\u00edvne pr\u00edstupy k tvorbe a implement\u00e1cii \u0161kolsk\u00fdch vzdel\u00e1vac\u00edch programov,<\/li>\n<li><strong>Kari\u00e9rov\u00e9 poradenstvo<\/strong> \u2013 zameran\u00e9 na \u0161koly, ktor\u00e9 efekt\u00edvne podporuj\u00fa kari\u00e9rov\u00fd rozvoj svojich \u017eiakov,<\/li>\n<li><strong>Neform\u00e1lne vo form\u00e1lnom vzdel\u00e1van\u00ed<\/strong> \u2013 hodnot\u00ed vyu\u017e\u00edvanie neform\u00e1lnych vzdel\u00e1vac\u00edch met\u00f3d vo form\u00e1lnom vzdel\u00e1vacom syst\u00e9me,<\/li>\n<li><strong>Mimoriadna osobnos\u0165 v oblasti zabezpe\u010dovania kvality v OVP<\/strong> \u2013 ocenenie pre v\u00fdznamn\u00e9 osobnosti, ktor\u00e9 dlhodobo prispievaj\u00fa k rozvoju kvality v OVP.<\/li>\n<\/ul>\n<p>Pre viac inform\u00e1ci\u00ed nav\u0161t\u00edvte webov\u00fa str\u00e1nku <a href=\"https:\/\/okvalite.sk\/narodna-cena-kvality-v-ovp-2025\/\" target=\"_blank\" rel=\"noopener\">www.okvalite.sk <\/a>alebo n\u00e1s kontaktujte e-mailom na eqavet@siov.sk.<br \/>\n<span style=\"font-size: 16px;\">Cel\u00e9 znenie tla\u010dovej spr\u00e1vy n\u00e1jdete <\/span><a href=\"https:\/\/archiv.siov.sk\/wp-content\/uploads\/2025\/02\/TS-Narodna-cena-kvality-v-OVP-2025.pdf\" target=\"_blank\" rel=\"noopener\">TU<\/a><span style=\"font-size: 16px;\">.<\/span><\/p>\n<p><img decoding=\"async\" class=\"wp-image-17940 aligncenter\" src=\"https:\/\/archiv.siov.sk\/wp-content\/uploads\/2025\/02\/Logo_Minedu_SK-1024x170.png\" alt=\"loga_mesiac_kvality\" width=\"450\" height=\"75\" srcset=\"https:\/\/archiv.siov.sk\/wp-content\/uploads\/2025\/02\/Logo_Minedu_SK-1024x170.png 1024w, https:\/\/archiv.siov.sk\/wp-content\/uploads\/2025\/02\/Logo_Minedu_SK-300x50.png 300w, https:\/\/archiv.siov.sk\/wp-content\/uploads\/2025\/02\/Logo_Minedu_SK-768x128.png 768w, https:\/\/archiv.siov.sk\/wp-content\/uploads\/2025\/02\/Logo_Minedu_SK-18x3.png 18w, https:\/\/archiv.siov.sk\/wp-content\/uploads\/2025\/02\/Logo_Minedu_SK.png 1274w\" sizes=\"(max-width: 450px) 100vw, 450px\" \/><\/p>\n<figure id=\"attachment_19606\" aria-describedby=\"caption-attachment-19606\" style=\"width: 300px\" class=\"wp-caption aligncenter\"><img decoding=\"async\" class=\"wp-image-19606 size-medium\" src=\"https:\/\/archiv.siov.sk\/wp-content\/uploads\/2025\/06\/spolufinancovane-EU-300x86.png\" alt=\"spolufinancovany EU logo\" width=\"300\" height=\"86\" srcset=\"https:\/\/archiv.siov.sk\/wp-content\/uploads\/2025\/06\/spolufinancovane-EU-300x86.png 300w, https:\/\/archiv.siov.sk\/wp-content\/uploads\/2025\/06\/spolufinancovane-EU-18x5.png 18w, https:\/\/archiv.siov.sk\/wp-content\/uploads\/2025\/06\/spolufinancovane-EU.png 600w\" sizes=\"(max-width: 300px) 100vw, 300px\" \/><figcaption id=\"caption-attachment-19606\" class=\"wp-caption-text\">Financovan\u00e9 Eur\u00f3pskou \u00faniou. Vyjadren\u00e9 n\u00e1zory a postoje s\u00fa n\u00e1zormi a vyhl\u00e1seniami autora a nemusia nevyhnutne odr\u00e1\u017ea\u0165 n\u00e1zory a stanovisk\u00e1 Eur\u00f3pskej \u00fanie alebo Eur\u00f3pskej v\u00fdkonnej agent\u00fary pre vzdel\u00e1vanie a kult\u00faru (EACEA). Eur\u00f3pska \u00fania ani EACEA za ne nepreberaj\u00fa \u017eiadnu zodpovednos\u0165.<\/figcaption><\/figure>","protected":false},"excerpt":{"rendered":"<p>\u0160t\u00e1tny in\u0161tit\u00fat odborn\u00e9ho vzdel\u00e1vania (\u0160IOV) ako N\u00e1rodn\u00e9 referen\u010dn\u00e9 miesto EQAVET otv\u00e1ra prihlasovanie do \u0161tvrt\u00e9ho ro\u010dn\u00edka N\u00e1rodnej ceny kvality v odbornom vzdel\u00e1van\u00ed a pr\u00edprave (OVP). Cie\u013eom ocenenia je podpori\u0165 \u0161koly a odborn\u00edkov, ktor\u00ed svojou pr\u00e1cou prispievaj\u00fa k zvy\u0161ovaniu kvality odborn\u00e9ho vzdel\u00e1vania na Slovensku. O ocenenie sa m\u00f4\u017eu uch\u00e1dza\u0165 verejn\u00e9, s\u00fakromn\u00e9 a cirkevn\u00e9 stredn\u00e9 odborn\u00e9 \u0161koly, ktor\u00e9 [&hellip;]<\/p>\n","protected":false},"author":10,"featured_media":17936,"comment_status":"closed","ping_status":"closed","sticky":false,"template":"","format":"standard","meta":{"site-sidebar-layout":"default","site-content-layout":"","ast-site-content-layout":"default","site-content-style":"default","site-sidebar-style":"default","ast-global-header-display":"","ast-banner-title-visibility":"","ast-main-header-display":"","ast-hfb-above-header-display":"","ast-hfb-below-header-display":"","ast-hfb-mobile-header-display":"","site-post-title":"","ast-breadcrumbs-content":"","ast-featured-img":"","footer-sml-layout":"","ast-disable-related-posts":"","theme-transparent-header-meta":"default","adv-header-id-meta":"","stick-header-meta":"default","header-above-stick-meta":"","header-main-stick-meta":"","header-below-stick-meta":"","astra-migrate-meta-layouts":"set","ast-page-background-enabled":"default","ast-page-background-meta":{"desktop":{"background-color":"var(--ast-global-color-4)","background-image":"","background-repeat":"repeat","background-position":"center center","background-size":"auto","background-attachment":"scroll","background-type":"","background-media":"","overlay-type":"","overlay-color":"","overlay-opacity":"","overlay-gradient":""},"tablet":{"background-color":"","background-image":"","background-repeat":"repeat","background-position":"center center","background-size":"auto","background-attachment":"scroll","background-type":"","background-media":"","overlay-type":"","overlay-color":"","overlay-opacity":"","overlay-gradient":""},"mobile":{"background-color":"","background-image":"","background-repeat":"repeat","background-position":"center center","background-size":"auto","background-attachment":"scroll","background-type":"","background-media":"","overlay-type":"","overlay-color":"","overlay-opacity":"","overlay-gradient":""}},"ast-content-background-meta":{"desktop":{"background-color":"var(--ast-global-color-5)","background-image":"","background-repeat":"repeat","background-position":"center center","background-size":"auto","background-attachment":"scroll","background-type":"","background-media":"","overlay-type":"","overlay-color":"","overlay-opacity":"","overlay-gradient":""},"tablet":{"background-color":"var(--ast-global-color-5)","background-image":"","background-repeat":"repeat","background-position":"center center","background-size":"auto","background-attachment":"scroll","background-type":"","background-media":"","overlay-type":"","overlay-color":"","overlay-opacity":"","overlay-gradient":""},"mobile":{"background-color":"var(--ast-global-color-5)","background-image":"","background-repeat":"repeat","background-position":"center center","background-size":"auto","background-attachment":"scroll","background-type":"","background-media":"","overlay-type":"","overlay-color":"","overlay-opacity":"","overlay-gradient":""}},"footnotes":""},"categories":[1],"tags":[],"class_list":["post-17931","post","type-post","status-publish","format-standard","has-post-thumbnail","hentry","category-aktuality"],"yoast_head":"<!-- This site is optimized with the Yoast SEO plugin v27.5 - https:\/\/yoast.com\/product\/yoast-seo-wordpress\/ -->\n<title>\u0160IOV vyhlasuje \u0161tvrt\u00fd ro\u010dn\u00edk N\u00e1rodnej ceny kvality v OVP - \u0160IOV - \u0161t\u00e1tny in\u0161tit\u00fat odborn\u00e9ho vzdel\u00e1vania<\/title>\n<meta name=\"description\" content=\"\u0160t\u00e1tny in\u0161tit\u00fat odborn\u00e9ho vzdel\u00e1vania ako N\u00e1rodn\u00e9 referen\u010dn\u00e9 miesto EQAVET otv\u00e1ra prihlasovanie do \u0161tvrt\u00e9ho ro\u010dn\u00edka N\u00e1rodnej ceny kvality v odbornom vzdel\u00e1van\u00ed a pr\u00edprave.\" \/>\n<meta name=\"robots\" content=\"index, follow, max-snippet:-1, max-image-preview:large, max-video-preview:-1\" \/>\n<link rel=\"canonical\" href=\"https:\/\/archiv.siov.sk\/en\/siov-vyhlasuje-stvrty-rocnik-narodnej-ceny-kvality-v-ovp\/\" \/>\n<meta property=\"og:locale\" content=\"en_GB\" \/>\n<meta property=\"og:type\" content=\"article\" \/>\n<meta property=\"og:title\" content=\"\u0160IOV vyhlasuje \u0161tvrt\u00fd ro\u010dn\u00edk N\u00e1rodnej ceny kvality v OVP - \u0160IOV - \u0161t\u00e1tny in\u0161tit\u00fat odborn\u00e9ho vzdel\u00e1vania\" \/>\n<meta property=\"og:description\" content=\"\u0160t\u00e1tny in\u0161tit\u00fat odborn\u00e9ho vzdel\u00e1vania ako N\u00e1rodn\u00e9 referen\u010dn\u00e9 miesto EQAVET otv\u00e1ra prihlasovanie do \u0161tvrt\u00e9ho ro\u010dn\u00edka N\u00e1rodnej ceny kvality v odbornom vzdel\u00e1van\u00ed a pr\u00edprave.\" \/>\n<meta property=\"og:url\" content=\"https:\/\/archiv.siov.sk\/en\/siov-vyhlasuje-stvrty-rocnik-narodnej-ceny-kvality-v-ovp\/\" \/>\n<meta property=\"og:site_name\" content=\"\u0160IOV - \u0161t\u00e1tny in\u0161tit\u00fat odborn\u00e9ho vzdel\u00e1vania\" \/>\n<meta property=\"article:publisher\" content=\"https:\/\/www.facebook.com\/Statnyinstitutodbornehovzdelavania\" \/>\n<meta property=\"article:published_time\" content=\"2025-02-27T16:00:27+00:00\" \/>\n<meta property=\"article:modified_time\" content=\"2025-07-03T07:05:10+00:00\" \/>\n<meta property=\"og:image\" content=\"https:\/\/archiv.siov.sk\/wp-content\/uploads\/2025\/02\/Cena-kvalita-2025-1024x299-1.png\" \/>\n\t<meta property=\"og:image:width\" content=\"1048\" \/>\n\t<meta property=\"og:image:height\" content=\"291\" \/>\n\t<meta property=\"og:image:type\" content=\"image\/png\" \/>\n<meta name=\"author\" content=\"Gabriela Budayov\u00e1\" \/>\n<meta name=\"twitter:card\" content=\"summary_large_image\" \/>\n<meta name=\"twitter:label1\" content=\"Written by\" \/>\n\t<meta name=\"twitter:data1\" content=\"Gabriela Budayov\u00e1\" \/>\n\t<meta name=\"twitter:label2\" content=\"Estimated reading time\" \/>\n\t<meta name=\"twitter:data2\" content=\"2 minutes\" \/>\n<script type=\"application\/ld+json\" class=\"yoast-schema-graph\">{\"@context\":\"https:\\\/\\\/schema.org\",\"@graph\":[{\"@type\":\"Article\",\"@id\":\"https:\\\/\\\/archiv.siov.sk\\\/siov-vyhlasuje-stvrty-rocnik-narodnej-ceny-kvality-v-ovp\\\/#article\",\"isPartOf\":{\"@id\":\"https:\\\/\\\/archiv.siov.sk\\\/siov-vyhlasuje-stvrty-rocnik-narodnej-ceny-kvality-v-ovp\\\/\"},\"author\":{\"name\":\"Gabriela Budayov\u00e1\",\"@id\":\"https:\\\/\\\/archiv.siov.sk\\\/#\\\/schema\\\/person\\\/2d35146a9c0fa51b027e8ff319cee627\"},\"headline\":\"\u0160IOV vyhlasuje \u0161tvrt\u00fd ro\u010dn\u00edk N\u00e1rodnej ceny kvality v OVP\",\"datePublished\":\"2025-02-27T16:00:27+00:00\",\"dateModified\":\"2025-07-03T07:05:10+00:00\",\"mainEntityOfPage\":{\"@id\":\"https:\\\/\\\/archiv.siov.sk\\\/siov-vyhlasuje-stvrty-rocnik-narodnej-ceny-kvality-v-ovp\\\/\"},\"wordCount\":332,\"publisher\":{\"@id\":\"https:\\\/\\\/archiv.siov.sk\\\/#organization\"},\"image\":{\"@id\":\"https:\\\/\\\/archiv.siov.sk\\\/siov-vyhlasuje-stvrty-rocnik-narodnej-ceny-kvality-v-ovp\\\/#primaryimage\"},\"thumbnailUrl\":\"https:\\\/\\\/archiv.siov.sk\\\/wp-content\\\/uploads\\\/2025\\\/02\\\/Cena-kvalita-2025-1024x299-1.png\",\"articleSection\":[\"Aktuality\"],\"inLanguage\":\"en-GB\"},{\"@type\":\"WebPage\",\"@id\":\"https:\\\/\\\/archiv.siov.sk\\\/siov-vyhlasuje-stvrty-rocnik-narodnej-ceny-kvality-v-ovp\\\/\",\"url\":\"https:\\\/\\\/archiv.siov.sk\\\/siov-vyhlasuje-stvrty-rocnik-narodnej-ceny-kvality-v-ovp\\\/\",\"name\":\"\u0160IOV vyhlasuje \u0161tvrt\u00fd ro\u010dn\u00edk N\u00e1rodnej ceny kvality v OVP - \u0160IOV - \u0161t\u00e1tny in\u0161tit\u00fat odborn\u00e9ho vzdel\u00e1vania\",\"isPartOf\":{\"@id\":\"https:\\\/\\\/archiv.siov.sk\\\/#website\"},\"primaryImageOfPage\":{\"@id\":\"https:\\\/\\\/archiv.siov.sk\\\/siov-vyhlasuje-stvrty-rocnik-narodnej-ceny-kvality-v-ovp\\\/#primaryimage\"},\"image\":{\"@id\":\"https:\\\/\\\/archiv.siov.sk\\\/siov-vyhlasuje-stvrty-rocnik-narodnej-ceny-kvality-v-ovp\\\/#primaryimage\"},\"thumbnailUrl\":\"https:\\\/\\\/archiv.siov.sk\\\/wp-content\\\/uploads\\\/2025\\\/02\\\/Cena-kvalita-2025-1024x299-1.png\",\"datePublished\":\"2025-02-27T16:00:27+00:00\",\"dateModified\":\"2025-07-03T07:05:10+00:00\",\"description\":\"\u0160t\u00e1tny in\u0161tit\u00fat odborn\u00e9ho vzdel\u00e1vania ako N\u00e1rodn\u00e9 referen\u010dn\u00e9 miesto EQAVET otv\u00e1ra prihlasovanie do \u0161tvrt\u00e9ho ro\u010dn\u00edka N\u00e1rodnej ceny kvality v odbornom vzdel\u00e1van\u00ed a pr\u00edprave.\",\"breadcrumb\":{\"@id\":\"https:\\\/\\\/archiv.siov.sk\\\/siov-vyhlasuje-stvrty-rocnik-narodnej-ceny-kvality-v-ovp\\\/#breadcrumb\"},\"inLanguage\":\"en-GB\",\"potentialAction\":[{\"@type\":\"ReadAction\",\"target\":[\"https:\\\/\\\/archiv.siov.sk\\\/siov-vyhlasuje-stvrty-rocnik-narodnej-ceny-kvality-v-ovp\\\/\"]}]},{\"@type\":\"ImageObject\",\"inLanguage\":\"en-GB\",\"@id\":\"https:\\\/\\\/archiv.siov.sk\\\/siov-vyhlasuje-stvrty-rocnik-narodnej-ceny-kvality-v-ovp\\\/#primaryimage\",\"url\":\"https:\\\/\\\/archiv.siov.sk\\\/wp-content\\\/uploads\\\/2025\\\/02\\\/Cena-kvalita-2025-1024x299-1.png\",\"contentUrl\":\"https:\\\/\\\/archiv.siov.sk\\\/wp-content\\\/uploads\\\/2025\\\/02\\\/Cena-kvalita-2025-1024x299-1.png\",\"width\":1048,\"height\":291,\"caption\":\"N\u00e1rodn\u00e1 cena kvality v OVP\"},{\"@type\":\"BreadcrumbList\",\"@id\":\"https:\\\/\\\/archiv.siov.sk\\\/siov-vyhlasuje-stvrty-rocnik-narodnej-ceny-kvality-v-ovp\\\/#breadcrumb\",\"itemListElement\":[{\"@type\":\"ListItem\",\"position\":1,\"name\":\"Home\",\"item\":\"https:\\\/\\\/archiv.siov.sk\\\/\"},{\"@type\":\"ListItem\",\"position\":2,\"name\":\"\u0160IOV vyhlasuje \u0161tvrt\u00fd ro\u010dn\u00edk N\u00e1rodnej ceny kvality v OVP\"}]},{\"@type\":\"WebSite\",\"@id\":\"https:\\\/\\\/archiv.siov.sk\\\/#website\",\"url\":\"https:\\\/\\\/archiv.siov.sk\\\/\",\"name\":\"\u0160IOV - \u0161t\u00e1tny in\u0161tit\u00fat odborn\u00e9ho vzdel\u00e1vania\",\"description\":\"\",\"publisher\":{\"@id\":\"https:\\\/\\\/archiv.siov.sk\\\/#organization\"},\"potentialAction\":[{\"@type\":\"SearchAction\",\"target\":{\"@type\":\"EntryPoint\",\"urlTemplate\":\"https:\\\/\\\/archiv.siov.sk\\\/?s={search_term_string}\"},\"query-input\":{\"@type\":\"PropertyValueSpecification\",\"valueRequired\":true,\"valueName\":\"search_term_string\"}}],\"inLanguage\":\"en-GB\"},{\"@type\":\"Organization\",\"@id\":\"https:\\\/\\\/archiv.siov.sk\\\/#organization\",\"name\":\"\u0160IOV - \u0161t\u00e1tny in\u0161tit\u00fat odborn\u00e9ho vzdel\u00e1vania\",\"url\":\"https:\\\/\\\/archiv.siov.sk\\\/\",\"logo\":{\"@type\":\"ImageObject\",\"inLanguage\":\"en-GB\",\"@id\":\"https:\\\/\\\/archiv.siov.sk\\\/#\\\/schema\\\/logo\\\/image\\\/\",\"url\":\"https:\\\/\\\/archiv.siov.sk\\\/wp-content\\\/uploads\\\/2024\\\/02\\\/logo-SIOV.png\",\"contentUrl\":\"https:\\\/\\\/archiv.siov.sk\\\/wp-content\\\/uploads\\\/2024\\\/02\\\/logo-SIOV.png\",\"width\":431,\"height\":143,\"caption\":\"\u0160IOV - \u0161t\u00e1tny in\u0161tit\u00fat odborn\u00e9ho vzdel\u00e1vania\"},\"image\":{\"@id\":\"https:\\\/\\\/archiv.siov.sk\\\/#\\\/schema\\\/logo\\\/image\\\/\"},\"sameAs\":[\"https:\\\/\\\/www.facebook.com\\\/Statnyinstitutodbornehovzdelavania\"]},{\"@type\":\"Person\",\"@id\":\"https:\\\/\\\/archiv.siov.sk\\\/#\\\/schema\\\/person\\\/2d35146a9c0fa51b027e8ff319cee627\",\"name\":\"Gabriela Budayov\u00e1\",\"url\":\"https:\\\/\\\/archiv.siov.sk\\\/en\\\/author\\\/gabriela-budayova\\\/\"}]}<\/script>\n<!-- \/ Yoast SEO plugin. -->","yoast_head_json":{"title":"\u0160IOV vyhlasuje \u0161tvrt\u00fd ro\u010dn\u00edk N\u00e1rodnej ceny kvality v OVP - \u0160IOV - \u0161t\u00e1tny in\u0161tit\u00fat odborn\u00e9ho vzdel\u00e1vania","description":"\u0160t\u00e1tny in\u0161tit\u00fat odborn\u00e9ho vzdel\u00e1vania ako N\u00e1rodn\u00e9 referen\u010dn\u00e9 miesto EQAVET otv\u00e1ra prihlasovanie do \u0161tvrt\u00e9ho ro\u010dn\u00edka N\u00e1rodnej ceny kvality v odbornom vzdel\u00e1van\u00ed a pr\u00edprave.","robots":{"index":"index","follow":"follow","max-snippet":"max-snippet:-1","max-image-preview":"max-image-preview:large","max-video-preview":"max-video-preview:-1"},"canonical":"https:\/\/archiv.siov.sk\/en\/siov-vyhlasuje-stvrty-rocnik-narodnej-ceny-kvality-v-ovp\/","og_locale":"en_GB","og_type":"article","og_title":"\u0160IOV vyhlasuje \u0161tvrt\u00fd ro\u010dn\u00edk N\u00e1rodnej ceny kvality v OVP - \u0160IOV - \u0161t\u00e1tny in\u0161tit\u00fat odborn\u00e9ho vzdel\u00e1vania","og_description":"\u0160t\u00e1tny in\u0161tit\u00fat odborn\u00e9ho vzdel\u00e1vania ako N\u00e1rodn\u00e9 referen\u010dn\u00e9 miesto EQAVET otv\u00e1ra prihlasovanie do \u0161tvrt\u00e9ho ro\u010dn\u00edka N\u00e1rodnej ceny kvality v odbornom vzdel\u00e1van\u00ed a pr\u00edprave.","og_url":"https:\/\/archiv.siov.sk\/en\/siov-vyhlasuje-stvrty-rocnik-narodnej-ceny-kvality-v-ovp\/","og_site_name":"\u0160IOV - \u0161t\u00e1tny in\u0161tit\u00fat odborn\u00e9ho vzdel\u00e1vania","article_publisher":"https:\/\/www.facebook.com\/Statnyinstitutodbornehovzdelavania","article_published_time":"2025-02-27T16:00:27+00:00","article_modified_time":"2025-07-03T07:05:10+00:00","og_image":[{"width":1048,"height":291,"url":"https:\/\/archiv.siov.sk\/wp-content\/uploads\/2025\/02\/Cena-kvalita-2025-1024x299-1.png","type":"image\/png"}],"author":"Gabriela Budayov\u00e1","twitter_card":"summary_large_image","twitter_misc":{"Written by":"Gabriela Budayov\u00e1","Estimated reading time":"2 minutes"},"schema":{"@context":"https:\/\/schema.org","@graph":[{"@type":"Article","@id":"https:\/\/archiv.siov.sk\/siov-vyhlasuje-stvrty-rocnik-narodnej-ceny-kvality-v-ovp\/#article","isPartOf":{"@id":"https:\/\/archiv.siov.sk\/siov-vyhlasuje-stvrty-rocnik-narodnej-ceny-kvality-v-ovp\/"},"author":{"name":"Gabriela Budayov\u00e1","@id":"https:\/\/archiv.siov.sk\/#\/schema\/person\/2d35146a9c0fa51b027e8ff319cee627"},"headline":"\u0160IOV vyhlasuje \u0161tvrt\u00fd ro\u010dn\u00edk N\u00e1rodnej ceny kvality v OVP","datePublished":"2025-02-27T16:00:27+00:00","dateModified":"2025-07-03T07:05:10+00:00","mainEntityOfPage":{"@id":"https:\/\/archiv.siov.sk\/siov-vyhlasuje-stvrty-rocnik-narodnej-ceny-kvality-v-ovp\/"},"wordCount":332,"publisher":{"@id":"https:\/\/archiv.siov.sk\/#organization"},"image":{"@id":"https:\/\/archiv.siov.sk\/siov-vyhlasuje-stvrty-rocnik-narodnej-ceny-kvality-v-ovp\/#primaryimage"},"thumbnailUrl":"https:\/\/archiv.siov.sk\/wp-content\/uploads\/2025\/02\/Cena-kvalita-2025-1024x299-1.png","articleSection":["Aktuality"],"inLanguage":"en-GB"},{"@type":"WebPage","@id":"https:\/\/archiv.siov.sk\/siov-vyhlasuje-stvrty-rocnik-narodnej-ceny-kvality-v-ovp\/","url":"https:\/\/archiv.siov.sk\/siov-vyhlasuje-stvrty-rocnik-narodnej-ceny-kvality-v-ovp\/","name":"\u0160IOV vyhlasuje \u0161tvrt\u00fd ro\u010dn\u00edk N\u00e1rodnej ceny kvality v OVP - \u0160IOV - \u0161t\u00e1tny in\u0161tit\u00fat odborn\u00e9ho vzdel\u00e1vania","isPartOf":{"@id":"https:\/\/archiv.siov.sk\/#website"},"primaryImageOfPage":{"@id":"https:\/\/archiv.siov.sk\/siov-vyhlasuje-stvrty-rocnik-narodnej-ceny-kvality-v-ovp\/#primaryimage"},"image":{"@id":"https:\/\/archiv.siov.sk\/siov-vyhlasuje-stvrty-rocnik-narodnej-ceny-kvality-v-ovp\/#primaryimage"},"thumbnailUrl":"https:\/\/archiv.siov.sk\/wp-content\/uploads\/2025\/02\/Cena-kvalita-2025-1024x299-1.png","datePublished":"2025-02-27T16:00:27+00:00","dateModified":"2025-07-03T07:05:10+00:00","description":"\u0160t\u00e1tny in\u0161tit\u00fat odborn\u00e9ho vzdel\u00e1vania ako N\u00e1rodn\u00e9 referen\u010dn\u00e9 miesto EQAVET otv\u00e1ra prihlasovanie do \u0161tvrt\u00e9ho ro\u010dn\u00edka N\u00e1rodnej ceny kvality v odbornom vzdel\u00e1van\u00ed a pr\u00edprave.","breadcrumb":{"@id":"https:\/\/archiv.siov.sk\/siov-vyhlasuje-stvrty-rocnik-narodnej-ceny-kvality-v-ovp\/#breadcrumb"},"inLanguage":"en-GB","potentialAction":[{"@type":"ReadAction","target":["https:\/\/archiv.siov.sk\/siov-vyhlasuje-stvrty-rocnik-narodnej-ceny-kvality-v-ovp\/"]}]},{"@type":"ImageObject","inLanguage":"en-GB","@id":"https:\/\/archiv.siov.sk\/siov-vyhlasuje-stvrty-rocnik-narodnej-ceny-kvality-v-ovp\/#primaryimage","url":"https:\/\/archiv.siov.sk\/wp-content\/uploads\/2025\/02\/Cena-kvalita-2025-1024x299-1.png","contentUrl":"https:\/\/archiv.siov.sk\/wp-content\/uploads\/2025\/02\/Cena-kvalita-2025-1024x299-1.png","width":1048,"height":291,"caption":"N\u00e1rodn\u00e1 cena kvality v OVP"},{"@type":"BreadcrumbList","@id":"https:\/\/archiv.siov.sk\/siov-vyhlasuje-stvrty-rocnik-narodnej-ceny-kvality-v-ovp\/#breadcrumb","itemListElement":[{"@type":"ListItem","position":1,"name":"Home","item":"https:\/\/archiv.siov.sk\/"},{"@type":"ListItem","position":2,"name":"\u0160IOV vyhlasuje \u0161tvrt\u00fd ro\u010dn\u00edk N\u00e1rodnej ceny kvality v OVP"}]},{"@type":"WebSite","@id":"https:\/\/archiv.siov.sk\/#website","url":"https:\/\/archiv.siov.sk\/","name":"\u0160IOV - \u0161t\u00e1tny in\u0161tit\u00fat odborn\u00e9ho vzdel\u00e1vania","description":"","publisher":{"@id":"https:\/\/archiv.siov.sk\/#organization"},"potentialAction":[{"@type":"SearchAction","target":{"@type":"EntryPoint","urlTemplate":"https:\/\/archiv.siov.sk\/?s={search_term_string}"},"query-input":{"@type":"PropertyValueSpecification","valueRequired":true,"valueName":"search_term_string"}}],"inLanguage":"en-GB"},{"@type":"Organization","@id":"https:\/\/archiv.siov.sk\/#organization","name":"\u0160IOV - \u0161t\u00e1tny in\u0161tit\u00fat odborn\u00e9ho vzdel\u00e1vania","url":"https:\/\/archiv.siov.sk\/","logo":{"@type":"ImageObject","inLanguage":"en-GB","@id":"https:\/\/archiv.siov.sk\/#\/schema\/logo\/image\/","url":"https:\/\/archiv.siov.sk\/wp-content\/uploads\/2024\/02\/logo-SIOV.png","contentUrl":"https:\/\/archiv.siov.sk\/wp-content\/uploads\/2024\/02\/logo-SIOV.png","width":431,"height":143,"caption":"\u0160IOV - \u0161t\u00e1tny in\u0161tit\u00fat odborn\u00e9ho vzdel\u00e1vania"},"image":{"@id":"https:\/\/archiv.siov.sk\/#\/schema\/logo\/image\/"},"sameAs":["https:\/\/www.facebook.com\/Statnyinstitutodbornehovzdelavania"]},{"@type":"Person","@id":"https:\/\/archiv.siov.sk\/#\/schema\/person\/2d35146a9c0fa51b027e8ff319cee627","name":"Gabriela Budayov\u00e1","url":"https:\/\/archiv.siov.sk\/en\/author\/gabriela-budayova\/"}]}},"_links":{"self":[{"href":"https:\/\/archiv.siov.sk\/en\/wp-json\/wp\/v2\/posts\/17931","targetHints":{"allow":["GET"]}}],"collection":[{"href":"https:\/\/archiv.siov.sk\/en\/wp-json\/wp\/v2\/posts"}],"about":[{"href":"https:\/\/archiv.siov.sk\/en\/wp-json\/wp\/v2\/types\/post"}],"author":[{"embeddable":true,"href":"https:\/\/archiv.siov.sk\/en\/wp-json\/wp\/v2\/users\/10"}],"replies":[{"embeddable":true,"href":"https:\/\/archiv.siov.sk\/en\/wp-json\/wp\/v2\/comments?post=17931"}],"version-history":[{"count":11,"href":"https:\/\/archiv.siov.sk\/en\/wp-json\/wp\/v2\/posts\/17931\/revisions"}],"predecessor-version":[{"id":19739,"href":"https:\/\/archiv.siov.sk\/en\/wp-json\/wp\/v2\/posts\/17931\/revisions\/19739"}],"wp:featuredmedia":[{"embeddable":true,"href":"https:\/\/archiv.siov.sk\/en\/wp-json\/wp\/v2\/media\/17936"}],"wp:attachment":[{"href":"https:\/\/archiv.siov.sk\/en\/wp-json\/wp\/v2\/media?parent=17931"}],"wp:term":[{"taxonomy":"category","embeddable":true,"href":"https:\/\/archiv.siov.sk\/en\/wp-json\/wp\/v2\/categories?post=17931"},{"taxonomy":"post_tag","embeddable":true,"href":"https:\/\/archiv.siov.sk\/en\/wp-json\/wp\/v2\/tags?post=17931"}],"curies":[{"name":"wp","href":"https:\/\/api.w.org\/{rel}","templated":true}]}}