{"id":17851,"date":"2025-02-17T11:00:08","date_gmt":"2025-02-17T10:00:08","guid":{"rendered":"https:\/\/archiv.siov.sk\/?p=17851"},"modified":"2025-02-17T11:00:51","modified_gmt":"2025-02-17T10:00:51","slug":"cvicne-firmy-odstartovali-tohtorocny-harmonogram-podujati","status":"publish","type":"post","link":"https:\/\/archiv.siov.sk\/en\/cvicne-firmy-odstartovali-tohtorocny-harmonogram-podujati\/","title":{"rendered":"Cvi\u010dn\u00e9 firmy od\u0161tartovali tohtoro\u010dn\u00fd harmonogram podujat\u00ed"},"content":{"rendered":"<p style=\"text-align: justify;\">Prebehli prv\u00e9 ve\u013etrhy a kontrakta\u010dn\u00e9 dni cvi\u010dn\u00fdch firiem v tomto roku. Za\u010dala Obchodn\u00e1 akad\u00e9mia vo Vranove nad Top\u013eou, ktor\u00e1 v priestoroch \u0161koly zorganizovala u\u017e sedemn\u00e1sty ro\u010dn\u00edk Tradi\u010dn\u00e9ho ve\u013etrhu cvi\u010dn\u00fdch firiem, ktor\u00fd bol spojen\u00fd s D\u0148om otvoren\u00fdch dver\u00ed.<\/p>\n<p style=\"text-align: justify;\">P\u00e4\u0165 dom\u00e1cich a osem hos\u0165uj\u00facich cvi\u010dn\u00fdch firiem s\u00fa\u0165a\u017eilo v jeden\u00e1stich kateg\u00f3ri\u00e1ch &#8211; Najlep\u0161ia elektronick\u00e1 prezent\u00e1cia, katal\u00f3g, logo a slogan, reprezentant a reprezentantka cvi\u010dnej firmy, web str\u00e1nka s e-shopom, zodpovedn\u00e1 cvi\u010dn\u00e1 firma, imid\u017e st\u00e1nku, cena n\u00e1v\u0161tevn\u00edka ve\u013etrhu a najlep\u0161ia hos\u0165uj\u00faca a dom\u00e1ca cvi\u010dn\u00e1 firma.<\/p>\n<p style=\"text-align: justify;\"><img fetchpriority=\"high\" decoding=\"async\" class=\"size-medium wp-image-17856 alignleft\" src=\"https:\/\/archiv.siov.sk\/wp-content\/uploads\/2025\/02\/476497626_941042648227584_6102679770229608675_n-225x300.jpg\" alt=\"\" width=\"225\" height=\"300\" srcset=\"https:\/\/archiv.siov.sk\/wp-content\/uploads\/2025\/02\/476497626_941042648227584_6102679770229608675_n-225x300.jpg 225w, https:\/\/archiv.siov.sk\/wp-content\/uploads\/2025\/02\/476497626_941042648227584_6102679770229608675_n-768x1024.jpg 768w, https:\/\/archiv.siov.sk\/wp-content\/uploads\/2025\/02\/476497626_941042648227584_6102679770229608675_n-1152x1536.jpg 1152w, https:\/\/archiv.siov.sk\/wp-content\/uploads\/2025\/02\/476497626_941042648227584_6102679770229608675_n-9x12.jpg 9w, https:\/\/archiv.siov.sk\/wp-content\/uploads\/2025\/02\/476497626_941042648227584_6102679770229608675_n.jpg 1179w\" sizes=\"(max-width: 225px) 100vw, 225px\" \/>\u010cestnou predsedn\u00ed\u010dkou poroty bola Gabriela Horeck\u00e1 zo \u0160t\u00e1tneho in\u0161tit\u00fatu odborn\u00e9ho vzdel\u00e1vania, odboru finan\u010dnej gramotnosti, Slovensk\u00e9ho centra cvi\u010dn\u00fdch firiem a podpory smerovania ml\u00e1de\u017ee.\u00a0\u00a0Svoje zast\u00fapenie na ve\u013etrhu mali aj pedag\u00f3govia Podnikovohospod\u00e1rskej fakulty Ekonomickej univerzity Bratislava so s\u00eddlom v\u00a0Ko\u0161iciach (PHF EU), ktor\u00ed sledovali podnikate\u013esk\u00e9 projekty \u0161tudentov a ocenili ich kreativitu pri simul\u00e1cii re\u00e1lneho podnikania.<\/p>\n<p>Okrem toho si prodekan PHF EU Jozef Luk\u00e1\u010d pripravil pre \u017eiakov deviateho ro\u010dn\u00edka z\u00e1kladn\u00fdch \u0161k\u00f4l a \u0161tudentov prv\u00e9ho a druh\u00e9ho ro\u010dn\u00edka zauj\u00edmav\u00fa predn\u00e1\u0161ku na t\u00e9mu &#8222;Ekonomika v\u00f4kol n\u00e1s&#8220;. Mali tak pr\u00edle\u017eitos\u0165 dozvedie\u0165 sa viac o fungovan\u00ed ekonomick\u00fdch procesov v be\u017enom \u017eivote a ich vplyve na spolo\u010dnos\u0165.<\/p>\n<p>Odborn\u00e1 porota rozhodla o v\u00ed\u0165azoch jednotliv\u00fdch kateg\u00f3ri\u00ed:<\/p>\n<p><strong>Najlep\u0161ia dom\u00e1ca cvi\u010dn\u00e1 firma:\u00a0<\/strong><\/p>\n<ol>\n<li>miesto &#8211; Matcha Point, s. r. o. pod odborn\u00fdm veden\u00edm Ing. Martiny Sirn\u00edkovej,<\/li>\n<li>miesto &#8211; Frosty Bites, s. r. o. pod odborn\u00fdm veden\u00edm Ing. Viery Kandalovej,<\/li>\n<li>miesto &#8211; Crystalline, s. r. o. pod odborn\u00fdm veden\u00edm Ing. Anny \u010cernegovej.<\/li>\n<\/ol>\n<p><strong>Najlep\u0161ia hos\u0165uj\u00faca cvi\u010dn\u00e1 firma:\u00a0<\/strong><\/p>\n<ol>\n<li>miesto &#8211; Floeta, s. r. o. &#8211; OA Poprad,<\/li>\n<li>miesto &#8211; EAT ME, s. r. o. &#8211; OA Poprad,<\/li>\n<li>miesto &#8211; DOMneDOM, s. r. o. &#8211; OA Poprad.<\/li>\n<\/ol>\n<p><strong>V\u00ed\u0165azi ved\u013eaj\u0161\u00edch kateg\u00f3ri\u00ed:\u00a0<\/strong><\/p>\n<p>Elektrick\u00e1 prezent\u00e1cia &#8211; Floeta, s. r. o. &#8211; OA Poprad,<\/p>\n<p>Katal\u00f3g &#8211; MINIT, s. r. o. &#8211; OA Ko\u0161ice,<\/p>\n<p>Logo a slogan &#8211; Hotdogy u Ko\u0161\u0165a, s. r. o. &#8211; OA Trebi\u0161ov,<\/p>\n<p>Reprezentant &#8211; Gabriel Saxun &#8211; Matcha Point, s. r. o. &#8211; OA Vranov n. T.,<\/p>\n<p>Reprezentantka &#8211; Anna Hud\u00e1\u010dekov\u00e1 &#8211; Floeta, s. r. o. &#8211; OA Poprad,<\/p>\n<p>Web str\u00e1nka s e-shopom &#8211; EAT ME, s. r. o. &#8211; OA Poprad,<\/p>\n<p>Zodpovedn\u00e1 cvi\u010dn\u00e1 firma &#8211; Proride Trails, s. r. o. &#8211; S\u00fakromn\u00e1 SO\u0160 Giraltovce,<\/p>\n<p>Cena n\u00e1v\u0161tevn\u00edka ve\u013etrhu\u00a0 &#8211; Matcha Point, s. r. o. &#8211; OA Vranov n. T.,<\/p>\n<p>Imid\u017e st\u00e1nku\u00a0 &#8211; Matcha Point, s. r. o. &#8211; OA Vranov n. T.<\/p>\n<p style=\"text-align: justify;\">Po Vranove nad Top\u013eou sa cvi\u010dn\u00e9 firmy 13. febru\u00e1ra presunuli do \u017diaru nad Hronom, kde sa v priestoroch S\u00fakromnej obchodnej akad\u00e9mie DSA uskuto\u010dnil dvadsiaty siedmy \u00a0ve\u013etrh cvi\u010dn\u00fdch firiem a trin\u00e1sty kontrakta\u010dn\u00fd de\u0148 CF \u2013 Slovensko STRED.<\/p>\n<p>Hist\u00f3ria \u017eiarskych ve\u013etrhov sa za\u010dala p\u00edsa\u0165 v roku 1995, teda pred tridsiatimi rokmi. Jeho inici\u00e1tormi bola cvi\u010dn\u00e1 firma ERPO MARKET s u\u010dite\u013ekou O\u013egou \u010euricovou. Organizovanie ve\u013etrhu na\u010das preru\u0161il COVID. <img decoding=\"async\" class=\"size-medium wp-image-17857 alignright\" src=\"https:\/\/archiv.siov.sk\/wp-content\/uploads\/2025\/02\/480045654_999273702255238_5302794431140493967_n-225x300.jpg\" alt=\"\" width=\"225\" height=\"300\" srcset=\"https:\/\/archiv.siov.sk\/wp-content\/uploads\/2025\/02\/480045654_999273702255238_5302794431140493967_n-225x300.jpg 225w, https:\/\/archiv.siov.sk\/wp-content\/uploads\/2025\/02\/480045654_999273702255238_5302794431140493967_n-768x1024.jpg 768w, https:\/\/archiv.siov.sk\/wp-content\/uploads\/2025\/02\/480045654_999273702255238_5302794431140493967_n-1152x1536.jpg 1152w, https:\/\/archiv.siov.sk\/wp-content\/uploads\/2025\/02\/480045654_999273702255238_5302794431140493967_n-9x12.jpg 9w, https:\/\/archiv.siov.sk\/wp-content\/uploads\/2025\/02\/480045654_999273702255238_5302794431140493967_n.jpg 1536w\" sizes=\"(max-width: 225px) 100vw, 225px\" \/><\/p>\n<p style=\"text-align: justify;\">Z\u00fa\u010dastnen\u00e9 cvi\u010dn\u00e9 firmy s\u00fa\u0165a\u017eili v t\u00fdchto kateg\u00f3ri\u00e1ch: Top cvi\u010dn\u00e1 firma ve\u013etrhu, Najlep\u0161\u00ed st\u00e1nok,\u00a0 Najlep\u0161ia elektronick\u00e1 prezent\u00e1cia, Najlep\u0161\u00ed valent\u00ednsky let\u00e1k, Najlep\u0161ia webov\u00e1 str\u00e1nka a 66 sek\u00fand vo v\u00fd\u0165ahu.<\/p>\n<p>Podrobnej\u0161ie inform\u00e1cie o ve\u013etrhu ako aj v\u0161etky v\u00fdsledky s\u00fa\u0165a\u017e\u00ed n\u00e1jdete na <strong><a href=\"https:\/\/soazh.edupage.org\/news\/?gtnid=2740#news-2740\" target=\"_blank\" rel=\"noopener\">TU<\/a> <\/strong><\/p>\n<p>V\u0161etk\u00fdm s\u00fa\u0165a\u017eiacim \u010fakujeme za skvel\u00fa obchodn\u00fa atmosf\u00e9ru a prajeme e\u0161te ve\u013ea \u00faspechov.<\/p>","protected":false},"excerpt":{"rendered":"<p>Prebehli prv\u00e9 ve\u013etrhy a kontrakta\u010dn\u00e9 dni cvi\u010dn\u00fdch firiem v tomto roku. Za\u010dala Obchodn\u00e1 akad\u00e9mia vo Vranove nad Top\u013eou, ktor\u00e1 v priestoroch \u0161koly zorganizovala u\u017e sedemn\u00e1sty ro\u010dn\u00edk Tradi\u010dn\u00e9ho ve\u013etrhu cvi\u010dn\u00fdch firiem, ktor\u00fd bol spojen\u00fd s D\u0148om otvoren\u00fdch dver\u00ed. P\u00e4\u0165 dom\u00e1cich a osem hos\u0165uj\u00facich cvi\u010dn\u00fdch firiem s\u00fa\u0165a\u017eilo v jeden\u00e1stich kateg\u00f3ri\u00e1ch &#8211; Najlep\u0161ia elektronick\u00e1 prezent\u00e1cia, katal\u00f3g, logo a [&hellip;]<\/p>\n","protected":false},"author":6,"featured_media":17854,"comment_status":"closed","ping_status":"closed","sticky":false,"template":"","format":"standard","meta":{"site-sidebar-layout":"default","site-content-layout":"","ast-site-content-layout":"default","site-content-style":"default","site-sidebar-style":"default","ast-global-header-display":"","ast-banner-title-visibility":"","ast-main-header-display":"","ast-hfb-above-header-display":"","ast-hfb-below-header-display":"","ast-hfb-mobile-header-display":"","site-post-title":"","ast-breadcrumbs-content":"","ast-featured-img":"","footer-sml-layout":"","ast-disable-related-posts":"","theme-transparent-header-meta":"default","adv-header-id-meta":"","stick-header-meta":"default","header-above-stick-meta":"","header-main-stick-meta":"","header-below-stick-meta":"","astra-migrate-meta-layouts":"set","ast-page-background-enabled":"default","ast-page-background-meta":{"desktop":{"background-color":"var(--ast-global-color-4)","background-image":"","background-repeat":"repeat","background-position":"center center","background-size":"auto","background-attachment":"scroll","background-type":"","background-media":"","overlay-type":"","overlay-color":"","overlay-opacity":"","overlay-gradient":""},"tablet":{"background-color":"","background-image":"","background-repeat":"repeat","background-position":"center center","background-size":"auto","background-attachment":"scroll","background-type":"","background-media":"","overlay-type":"","overlay-color":"","overlay-opacity":"","overlay-gradient":""},"mobile":{"background-color":"","background-image":"","background-repeat":"repeat","background-position":"center center","background-size":"auto","background-attachment":"scroll","background-type":"","background-media":"","overlay-type":"","overlay-color":"","overlay-opacity":"","overlay-gradient":""}},"ast-content-background-meta":{"desktop":{"background-color":"var(--ast-global-color-5)","background-image":"","background-repeat":"repeat","background-position":"center center","background-size":"auto","background-attachment":"scroll","background-type":"","background-media":"","overlay-type":"","overlay-color":"","overlay-opacity":"","overlay-gradient":""},"tablet":{"background-color":"var(--ast-global-color-5)","background-image":"","background-repeat":"repeat","background-position":"center center","background-size":"auto","background-attachment":"scroll","background-type":"","background-media":"","overlay-type":"","overlay-color":"","overlay-opacity":"","overlay-gradient":""},"mobile":{"background-color":"var(--ast-global-color-5)","background-image":"","background-repeat":"repeat","background-position":"center center","background-size":"auto","background-attachment":"scroll","background-type":"","background-media":"","overlay-type":"","overlay-color":"","overlay-opacity":"","overlay-gradient":""}},"footnotes":""},"categories":[1],"tags":[],"class_list":["post-17851","post","type-post","status-publish","format-standard","has-post-thumbnail","hentry","category-aktuality"],"yoast_head":"<!-- This site is optimized with the Yoast SEO plugin v27.5 - https:\/\/yoast.com\/product\/yoast-seo-wordpress\/ -->\n<title>Cvi\u010dn\u00e9 firmy od\u0161tartovali tohtoro\u010dn\u00fd harmonogram podujat\u00ed - \u0160IOV - \u0161t\u00e1tny in\u0161tit\u00fat odborn\u00e9ho vzdel\u00e1vania<\/title>\n<meta name=\"robots\" content=\"index, follow, max-snippet:-1, max-image-preview:large, max-video-preview:-1\" \/>\n<link rel=\"canonical\" href=\"https:\/\/archiv.siov.sk\/en\/cvicne-firmy-odstartovali-tohtorocny-harmonogram-podujati\/\" \/>\n<meta property=\"og:locale\" content=\"en_GB\" \/>\n<meta property=\"og:type\" content=\"article\" \/>\n<meta property=\"og:title\" content=\"Cvi\u010dn\u00e9 firmy od\u0161tartovali tohtoro\u010dn\u00fd harmonogram podujat\u00ed - \u0160IOV - \u0161t\u00e1tny in\u0161tit\u00fat odborn\u00e9ho vzdel\u00e1vania\" \/>\n<meta property=\"og:description\" content=\"Prebehli prv\u00e9 ve\u013etrhy a kontrakta\u010dn\u00e9 dni cvi\u010dn\u00fdch firiem v tomto roku. Za\u010dala Obchodn\u00e1 akad\u00e9mia vo Vranove nad Top\u013eou, ktor\u00e1 v priestoroch \u0161koly zorganizovala u\u017e sedemn\u00e1sty ro\u010dn\u00edk Tradi\u010dn\u00e9ho ve\u013etrhu cvi\u010dn\u00fdch firiem, ktor\u00fd bol spojen\u00fd s D\u0148om otvoren\u00fdch dver\u00ed. P\u00e4\u0165 dom\u00e1cich a osem hos\u0165uj\u00facich cvi\u010dn\u00fdch firiem s\u00fa\u0165a\u017eilo v jeden\u00e1stich kateg\u00f3ri\u00e1ch &#8211; Najlep\u0161ia elektronick\u00e1 prezent\u00e1cia, katal\u00f3g, logo a [&hellip;]\" \/>\n<meta property=\"og:url\" content=\"https:\/\/archiv.siov.sk\/en\/cvicne-firmy-odstartovali-tohtorocny-harmonogram-podujati\/\" \/>\n<meta property=\"og:site_name\" content=\"\u0160IOV - \u0161t\u00e1tny in\u0161tit\u00fat odborn\u00e9ho vzdel\u00e1vania\" \/>\n<meta property=\"article:publisher\" content=\"https:\/\/www.facebook.com\/Statnyinstitutodbornehovzdelavania\" \/>\n<meta property=\"article:published_time\" content=\"2025-02-17T10:00:08+00:00\" \/>\n<meta property=\"article:modified_time\" content=\"2025-02-17T10:00:51+00:00\" \/>\n<meta property=\"og:image\" content=\"https:\/\/archiv.siov.sk\/wp-content\/uploads\/2025\/02\/476489341_966414118753137_5574602818008018238_n.jpg\" \/>\n\t<meta property=\"og:image:width\" content=\"1116\" \/>\n\t<meta property=\"og:image:height\" content=\"739\" \/>\n\t<meta property=\"og:image:type\" content=\"image\/jpeg\" \/>\n<meta name=\"author\" content=\"Katar\u00edna Kov\u00e1\u010dov\u00e1\" \/>\n<meta name=\"twitter:card\" content=\"summary_large_image\" \/>\n<meta name=\"twitter:label1\" content=\"Written by\" \/>\n\t<meta name=\"twitter:data1\" content=\"Katar\u00edna Kov\u00e1\u010dov\u00e1\" \/>\n\t<meta name=\"twitter:label2\" content=\"Estimated reading time\" \/>\n\t<meta name=\"twitter:data2\" content=\"4 minutes\" \/>\n<script type=\"application\/ld+json\" class=\"yoast-schema-graph\">{\"@context\":\"https:\\\/\\\/schema.org\",\"@graph\":[{\"@type\":\"Article\",\"@id\":\"https:\\\/\\\/archiv.siov.sk\\\/cvicne-firmy-odstartovali-tohtorocny-harmonogram-podujati\\\/#article\",\"isPartOf\":{\"@id\":\"https:\\\/\\\/archiv.siov.sk\\\/cvicne-firmy-odstartovali-tohtorocny-harmonogram-podujati\\\/\"},\"author\":{\"name\":\"Katar\u00edna Kov\u00e1\u010dov\u00e1\",\"@id\":\"https:\\\/\\\/archiv.siov.sk\\\/#\\\/schema\\\/person\\\/e42d633fbd958c6a726e8834d8965e6c\"},\"headline\":\"Cvi\u010dn\u00e9 firmy od\u0161tartovali tohtoro\u010dn\u00fd harmonogram podujat\u00ed\",\"datePublished\":\"2025-02-17T10:00:08+00:00\",\"dateModified\":\"2025-02-17T10:00:51+00:00\",\"mainEntityOfPage\":{\"@id\":\"https:\\\/\\\/archiv.siov.sk\\\/cvicne-firmy-odstartovali-tohtorocny-harmonogram-podujati\\\/\"},\"wordCount\":669,\"publisher\":{\"@id\":\"https:\\\/\\\/archiv.siov.sk\\\/#organization\"},\"image\":{\"@id\":\"https:\\\/\\\/archiv.siov.sk\\\/cvicne-firmy-odstartovali-tohtorocny-harmonogram-podujati\\\/#primaryimage\"},\"thumbnailUrl\":\"https:\\\/\\\/archiv.siov.sk\\\/wp-content\\\/uploads\\\/2025\\\/02\\\/476489341_966414118753137_5574602818008018238_n.jpg\",\"articleSection\":[\"Aktuality\"],\"inLanguage\":\"en-GB\"},{\"@type\":\"WebPage\",\"@id\":\"https:\\\/\\\/archiv.siov.sk\\\/cvicne-firmy-odstartovali-tohtorocny-harmonogram-podujati\\\/\",\"url\":\"https:\\\/\\\/archiv.siov.sk\\\/cvicne-firmy-odstartovali-tohtorocny-harmonogram-podujati\\\/\",\"name\":\"Cvi\u010dn\u00e9 firmy od\u0161tartovali tohtoro\u010dn\u00fd harmonogram podujat\u00ed - \u0160IOV - \u0161t\u00e1tny in\u0161tit\u00fat odborn\u00e9ho vzdel\u00e1vania\",\"isPartOf\":{\"@id\":\"https:\\\/\\\/archiv.siov.sk\\\/#website\"},\"primaryImageOfPage\":{\"@id\":\"https:\\\/\\\/archiv.siov.sk\\\/cvicne-firmy-odstartovali-tohtorocny-harmonogram-podujati\\\/#primaryimage\"},\"image\":{\"@id\":\"https:\\\/\\\/archiv.siov.sk\\\/cvicne-firmy-odstartovali-tohtorocny-harmonogram-podujati\\\/#primaryimage\"},\"thumbnailUrl\":\"https:\\\/\\\/archiv.siov.sk\\\/wp-content\\\/uploads\\\/2025\\\/02\\\/476489341_966414118753137_5574602818008018238_n.jpg\",\"datePublished\":\"2025-02-17T10:00:08+00:00\",\"dateModified\":\"2025-02-17T10:00:51+00:00\",\"breadcrumb\":{\"@id\":\"https:\\\/\\\/archiv.siov.sk\\\/cvicne-firmy-odstartovali-tohtorocny-harmonogram-podujati\\\/#breadcrumb\"},\"inLanguage\":\"en-GB\",\"potentialAction\":[{\"@type\":\"ReadAction\",\"target\":[\"https:\\\/\\\/archiv.siov.sk\\\/cvicne-firmy-odstartovali-tohtorocny-harmonogram-podujati\\\/\"]}]},{\"@type\":\"ImageObject\",\"inLanguage\":\"en-GB\",\"@id\":\"https:\\\/\\\/archiv.siov.sk\\\/cvicne-firmy-odstartovali-tohtorocny-harmonogram-podujati\\\/#primaryimage\",\"url\":\"https:\\\/\\\/archiv.siov.sk\\\/wp-content\\\/uploads\\\/2025\\\/02\\\/476489341_966414118753137_5574602818008018238_n.jpg\",\"contentUrl\":\"https:\\\/\\\/archiv.siov.sk\\\/wp-content\\\/uploads\\\/2025\\\/02\\\/476489341_966414118753137_5574602818008018238_n.jpg\",\"width\":1116,\"height\":739},{\"@type\":\"BreadcrumbList\",\"@id\":\"https:\\\/\\\/archiv.siov.sk\\\/cvicne-firmy-odstartovali-tohtorocny-harmonogram-podujati\\\/#breadcrumb\",\"itemListElement\":[{\"@type\":\"ListItem\",\"position\":1,\"name\":\"Home\",\"item\":\"https:\\\/\\\/archiv.siov.sk\\\/\"},{\"@type\":\"ListItem\",\"position\":2,\"name\":\"Cvi\u010dn\u00e9 firmy od\u0161tartovali tohtoro\u010dn\u00fd harmonogram podujat\u00ed\"}]},{\"@type\":\"WebSite\",\"@id\":\"https:\\\/\\\/archiv.siov.sk\\\/#website\",\"url\":\"https:\\\/\\\/archiv.siov.sk\\\/\",\"name\":\"\u0160IOV - \u0161t\u00e1tny in\u0161tit\u00fat odborn\u00e9ho vzdel\u00e1vania\",\"description\":\"\",\"publisher\":{\"@id\":\"https:\\\/\\\/archiv.siov.sk\\\/#organization\"},\"potentialAction\":[{\"@type\":\"SearchAction\",\"target\":{\"@type\":\"EntryPoint\",\"urlTemplate\":\"https:\\\/\\\/archiv.siov.sk\\\/?s={search_term_string}\"},\"query-input\":{\"@type\":\"PropertyValueSpecification\",\"valueRequired\":true,\"valueName\":\"search_term_string\"}}],\"inLanguage\":\"en-GB\"},{\"@type\":\"Organization\",\"@id\":\"https:\\\/\\\/archiv.siov.sk\\\/#organization\",\"name\":\"\u0160IOV - \u0161t\u00e1tny in\u0161tit\u00fat odborn\u00e9ho vzdel\u00e1vania\",\"url\":\"https:\\\/\\\/archiv.siov.sk\\\/\",\"logo\":{\"@type\":\"ImageObject\",\"inLanguage\":\"en-GB\",\"@id\":\"https:\\\/\\\/archiv.siov.sk\\\/#\\\/schema\\\/logo\\\/image\\\/\",\"url\":\"https:\\\/\\\/archiv.siov.sk\\\/wp-content\\\/uploads\\\/2024\\\/02\\\/logo-SIOV.png\",\"contentUrl\":\"https:\\\/\\\/archiv.siov.sk\\\/wp-content\\\/uploads\\\/2024\\\/02\\\/logo-SIOV.png\",\"width\":431,\"height\":143,\"caption\":\"\u0160IOV - \u0161t\u00e1tny in\u0161tit\u00fat odborn\u00e9ho vzdel\u00e1vania\"},\"image\":{\"@id\":\"https:\\\/\\\/archiv.siov.sk\\\/#\\\/schema\\\/logo\\\/image\\\/\"},\"sameAs\":[\"https:\\\/\\\/www.facebook.com\\\/Statnyinstitutodbornehovzdelavania\"]},{\"@type\":\"Person\",\"@id\":\"https:\\\/\\\/archiv.siov.sk\\\/#\\\/schema\\\/person\\\/e42d633fbd958c6a726e8834d8965e6c\",\"name\":\"Katar\u00edna Kov\u00e1\u010dov\u00e1\",\"url\":\"https:\\\/\\\/archiv.siov.sk\\\/en\\\/author\\\/katkakovacova\\\/\"}]}<\/script>\n<!-- \/ Yoast SEO plugin. -->","yoast_head_json":{"title":"Cvi\u010dn\u00e9 firmy od\u0161tartovali tohtoro\u010dn\u00fd harmonogram podujat\u00ed - \u0160IOV - \u0161t\u00e1tny in\u0161tit\u00fat odborn\u00e9ho vzdel\u00e1vania","robots":{"index":"index","follow":"follow","max-snippet":"max-snippet:-1","max-image-preview":"max-image-preview:large","max-video-preview":"max-video-preview:-1"},"canonical":"https:\/\/archiv.siov.sk\/en\/cvicne-firmy-odstartovali-tohtorocny-harmonogram-podujati\/","og_locale":"en_GB","og_type":"article","og_title":"Cvi\u010dn\u00e9 firmy od\u0161tartovali tohtoro\u010dn\u00fd harmonogram podujat\u00ed - \u0160IOV - \u0161t\u00e1tny in\u0161tit\u00fat odborn\u00e9ho vzdel\u00e1vania","og_description":"Prebehli prv\u00e9 ve\u013etrhy a kontrakta\u010dn\u00e9 dni cvi\u010dn\u00fdch firiem v tomto roku. Za\u010dala Obchodn\u00e1 akad\u00e9mia vo Vranove nad Top\u013eou, ktor\u00e1 v priestoroch \u0161koly zorganizovala u\u017e sedemn\u00e1sty ro\u010dn\u00edk Tradi\u010dn\u00e9ho ve\u013etrhu cvi\u010dn\u00fdch firiem, ktor\u00fd bol spojen\u00fd s D\u0148om otvoren\u00fdch dver\u00ed. P\u00e4\u0165 dom\u00e1cich a osem hos\u0165uj\u00facich cvi\u010dn\u00fdch firiem s\u00fa\u0165a\u017eilo v jeden\u00e1stich kateg\u00f3ri\u00e1ch &#8211; Najlep\u0161ia elektronick\u00e1 prezent\u00e1cia, katal\u00f3g, logo a [&hellip;]","og_url":"https:\/\/archiv.siov.sk\/en\/cvicne-firmy-odstartovali-tohtorocny-harmonogram-podujati\/","og_site_name":"\u0160IOV - \u0161t\u00e1tny in\u0161tit\u00fat odborn\u00e9ho vzdel\u00e1vania","article_publisher":"https:\/\/www.facebook.com\/Statnyinstitutodbornehovzdelavania","article_published_time":"2025-02-17T10:00:08+00:00","article_modified_time":"2025-02-17T10:00:51+00:00","og_image":[{"width":1116,"height":739,"url":"https:\/\/archiv.siov.sk\/wp-content\/uploads\/2025\/02\/476489341_966414118753137_5574602818008018238_n.jpg","type":"image\/jpeg"}],"author":"Katar\u00edna Kov\u00e1\u010dov\u00e1","twitter_card":"summary_large_image","twitter_misc":{"Written by":"Katar\u00edna Kov\u00e1\u010dov\u00e1","Estimated reading time":"4 minutes"},"schema":{"@context":"https:\/\/schema.org","@graph":[{"@type":"Article","@id":"https:\/\/archiv.siov.sk\/cvicne-firmy-odstartovali-tohtorocny-harmonogram-podujati\/#article","isPartOf":{"@id":"https:\/\/archiv.siov.sk\/cvicne-firmy-odstartovali-tohtorocny-harmonogram-podujati\/"},"author":{"name":"Katar\u00edna Kov\u00e1\u010dov\u00e1","@id":"https:\/\/archiv.siov.sk\/#\/schema\/person\/e42d633fbd958c6a726e8834d8965e6c"},"headline":"Cvi\u010dn\u00e9 firmy od\u0161tartovali tohtoro\u010dn\u00fd harmonogram podujat\u00ed","datePublished":"2025-02-17T10:00:08+00:00","dateModified":"2025-02-17T10:00:51+00:00","mainEntityOfPage":{"@id":"https:\/\/archiv.siov.sk\/cvicne-firmy-odstartovali-tohtorocny-harmonogram-podujati\/"},"wordCount":669,"publisher":{"@id":"https:\/\/archiv.siov.sk\/#organization"},"image":{"@id":"https:\/\/archiv.siov.sk\/cvicne-firmy-odstartovali-tohtorocny-harmonogram-podujati\/#primaryimage"},"thumbnailUrl":"https:\/\/archiv.siov.sk\/wp-content\/uploads\/2025\/02\/476489341_966414118753137_5574602818008018238_n.jpg","articleSection":["Aktuality"],"inLanguage":"en-GB"},{"@type":"WebPage","@id":"https:\/\/archiv.siov.sk\/cvicne-firmy-odstartovali-tohtorocny-harmonogram-podujati\/","url":"https:\/\/archiv.siov.sk\/cvicne-firmy-odstartovali-tohtorocny-harmonogram-podujati\/","name":"Cvi\u010dn\u00e9 firmy od\u0161tartovali tohtoro\u010dn\u00fd harmonogram podujat\u00ed - \u0160IOV - \u0161t\u00e1tny in\u0161tit\u00fat odborn\u00e9ho vzdel\u00e1vania","isPartOf":{"@id":"https:\/\/archiv.siov.sk\/#website"},"primaryImageOfPage":{"@id":"https:\/\/archiv.siov.sk\/cvicne-firmy-odstartovali-tohtorocny-harmonogram-podujati\/#primaryimage"},"image":{"@id":"https:\/\/archiv.siov.sk\/cvicne-firmy-odstartovali-tohtorocny-harmonogram-podujati\/#primaryimage"},"thumbnailUrl":"https:\/\/archiv.siov.sk\/wp-content\/uploads\/2025\/02\/476489341_966414118753137_5574602818008018238_n.jpg","datePublished":"2025-02-17T10:00:08+00:00","dateModified":"2025-02-17T10:00:51+00:00","breadcrumb":{"@id":"https:\/\/archiv.siov.sk\/cvicne-firmy-odstartovali-tohtorocny-harmonogram-podujati\/#breadcrumb"},"inLanguage":"en-GB","potentialAction":[{"@type":"ReadAction","target":["https:\/\/archiv.siov.sk\/cvicne-firmy-odstartovali-tohtorocny-harmonogram-podujati\/"]}]},{"@type":"ImageObject","inLanguage":"en-GB","@id":"https:\/\/archiv.siov.sk\/cvicne-firmy-odstartovali-tohtorocny-harmonogram-podujati\/#primaryimage","url":"https:\/\/archiv.siov.sk\/wp-content\/uploads\/2025\/02\/476489341_966414118753137_5574602818008018238_n.jpg","contentUrl":"https:\/\/archiv.siov.sk\/wp-content\/uploads\/2025\/02\/476489341_966414118753137_5574602818008018238_n.jpg","width":1116,"height":739},{"@type":"BreadcrumbList","@id":"https:\/\/archiv.siov.sk\/cvicne-firmy-odstartovali-tohtorocny-harmonogram-podujati\/#breadcrumb","itemListElement":[{"@type":"ListItem","position":1,"name":"Home","item":"https:\/\/archiv.siov.sk\/"},{"@type":"ListItem","position":2,"name":"Cvi\u010dn\u00e9 firmy od\u0161tartovali tohtoro\u010dn\u00fd harmonogram podujat\u00ed"}]},{"@type":"WebSite","@id":"https:\/\/archiv.siov.sk\/#website","url":"https:\/\/archiv.siov.sk\/","name":"\u0160IOV - \u0161t\u00e1tny in\u0161tit\u00fat odborn\u00e9ho vzdel\u00e1vania","description":"","publisher":{"@id":"https:\/\/archiv.siov.sk\/#organization"},"potentialAction":[{"@type":"SearchAction","target":{"@type":"EntryPoint","urlTemplate":"https:\/\/archiv.siov.sk\/?s={search_term_string}"},"query-input":{"@type":"PropertyValueSpecification","valueRequired":true,"valueName":"search_term_string"}}],"inLanguage":"en-GB"},{"@type":"Organization","@id":"https:\/\/archiv.siov.sk\/#organization","name":"\u0160IOV - \u0161t\u00e1tny in\u0161tit\u00fat odborn\u00e9ho vzdel\u00e1vania","url":"https:\/\/archiv.siov.sk\/","logo":{"@type":"ImageObject","inLanguage":"en-GB","@id":"https:\/\/archiv.siov.sk\/#\/schema\/logo\/image\/","url":"https:\/\/archiv.siov.sk\/wp-content\/uploads\/2024\/02\/logo-SIOV.png","contentUrl":"https:\/\/archiv.siov.sk\/wp-content\/uploads\/2024\/02\/logo-SIOV.png","width":431,"height":143,"caption":"\u0160IOV - \u0161t\u00e1tny in\u0161tit\u00fat odborn\u00e9ho vzdel\u00e1vania"},"image":{"@id":"https:\/\/archiv.siov.sk\/#\/schema\/logo\/image\/"},"sameAs":["https:\/\/www.facebook.com\/Statnyinstitutodbornehovzdelavania"]},{"@type":"Person","@id":"https:\/\/archiv.siov.sk\/#\/schema\/person\/e42d633fbd958c6a726e8834d8965e6c","name":"Katar\u00edna Kov\u00e1\u010dov\u00e1","url":"https:\/\/archiv.siov.sk\/en\/author\/katkakovacova\/"}]}},"_links":{"self":[{"href":"https:\/\/archiv.siov.sk\/en\/wp-json\/wp\/v2\/posts\/17851","targetHints":{"allow":["GET"]}}],"collection":[{"href":"https:\/\/archiv.siov.sk\/en\/wp-json\/wp\/v2\/posts"}],"about":[{"href":"https:\/\/archiv.siov.sk\/en\/wp-json\/wp\/v2\/types\/post"}],"author":[{"embeddable":true,"href":"https:\/\/archiv.siov.sk\/en\/wp-json\/wp\/v2\/users\/6"}],"replies":[{"embeddable":true,"href":"https:\/\/archiv.siov.sk\/en\/wp-json\/wp\/v2\/comments?post=17851"}],"version-history":[{"count":4,"href":"https:\/\/archiv.siov.sk\/en\/wp-json\/wp\/v2\/posts\/17851\/revisions"}],"predecessor-version":[{"id":17859,"href":"https:\/\/archiv.siov.sk\/en\/wp-json\/wp\/v2\/posts\/17851\/revisions\/17859"}],"wp:featuredmedia":[{"embeddable":true,"href":"https:\/\/archiv.siov.sk\/en\/wp-json\/wp\/v2\/media\/17854"}],"wp:attachment":[{"href":"https:\/\/archiv.siov.sk\/en\/wp-json\/wp\/v2\/media?parent=17851"}],"wp:term":[{"taxonomy":"category","embeddable":true,"href":"https:\/\/archiv.siov.sk\/en\/wp-json\/wp\/v2\/categories?post=17851"},{"taxonomy":"post_tag","embeddable":true,"href":"https:\/\/archiv.siov.sk\/en\/wp-json\/wp\/v2\/tags?post=17851"}],"curies":[{"name":"wp","href":"https:\/\/api.w.org\/{rel}","templated":true}]}}