{"id":17827,"date":"2025-02-13T11:37:08","date_gmt":"2025-02-13T10:37:08","guid":{"rendered":"https:\/\/archiv.siov.sk\/?p=17827"},"modified":"2025-02-13T11:44:20","modified_gmt":"2025-02-13T10:44:20","slug":"stretnutie-paktu-pre-zakladne-zrucnosti","status":"publish","type":"post","link":"https:\/\/archiv.siov.sk\/en\/stretnutie-paktu-pre-zakladne-zrucnosti\/","title":{"rendered":"Prv\u00e9 tohtoro\u010dn\u00e9 stretnutie Paktu pre z\u00e1kladn\u00e9 zru\u010dnosti v SR sa uskuto\u010dnilo v Banskej Bystrici"},"content":{"rendered":"<p>D\u0148a 5. febru\u00e1ra 2025 sa na Radnici mesta Bansk\u00e1 Bystrica konalo prv\u00e9 region\u00e1lne stretnutie Paktu pre z\u00e1kladn\u00e9 zru\u010dnosti v SR. Po \u00faspe\u0161nej registr\u00e1cii Paktu v janu\u00e1ri 2025 i\u0161lo o \u00favodn\u00e9 zo s\u00e9rie troch stretnut\u00ed, ktor\u00e9 sa v priebehu prv\u00e9ho \u0161tvr\u0165roka 2025 uskuto\u010dnia v r\u00f4znych regi\u00f3noch Slovenska. Najbli\u017e\u0161ie stretnutie sa bude kona\u0165 <strong>6. marca v Bratislave<\/strong>.<\/p>\n<p><strong>Cie\u013e stretnut\u00ed: Spolupr\u00e1ca pre rozvoj z\u00e1kladn\u00fdch zru\u010dnost\u00ed<\/strong><\/p>\n<p>Hlavn\u00fdm cie\u013eom region\u00e1lnych stretnut\u00ed je pribl\u00ed\u017ei\u0165 my\u0161lienku Paktu pre z\u00e1kladn\u00e9 zru\u010dnosti a motivova\u0165 organiz\u00e1cie k zapojeniu sa do tejto iniciat\u00edvy. Rozvoj z\u00e1kladn\u00fdch zru\u010dnost\u00ed si vy\u017eaduje spolupr\u00e1cu naprie\u010d r\u00f4znymi sektormi \u2013 verejn\u00fdmi in\u0161tit\u00faciami, s\u00fakromn\u00fdmi spolo\u010dnos\u0165ami aj neziskov\u00fdmi organiz\u00e1ciami. Len v\u010faka vz\u00e1jomnej koordin\u00e1cii a zdie\u013eaniu sk\u00fasenost\u00ed m\u00f4\u017eeme efekt\u00edvne podporova\u0165 celo\u017eivotn\u00e9 vzdel\u00e1vanie a zlep\u0161ova\u0165 pr\u00edstup dospel\u00fdch k z\u00e1kladn\u00fdm zru\u010dnostiam.<\/p>\n<p><img fetchpriority=\"high\" decoding=\"async\" class=\"size-medium wp-image-17826 alignleft\" src=\"https:\/\/archiv.siov.sk\/wp-content\/uploads\/2025\/02\/konferencia_pakt_pre_zz-300x225.jpg\" alt=\"stretnutie \u010dlenov Paktu pre z\u00e1kladn\u00e9 zru\u010dnosti Bansk\u00e1 Bystrica\" width=\"300\" height=\"225\" srcset=\"https:\/\/archiv.siov.sk\/wp-content\/uploads\/2025\/02\/konferencia_pakt_pre_zz-300x225.jpg 300w, https:\/\/archiv.siov.sk\/wp-content\/uploads\/2025\/02\/konferencia_pakt_pre_zz-1024x769.jpg 1024w, https:\/\/archiv.siov.sk\/wp-content\/uploads\/2025\/02\/konferencia_pakt_pre_zz-768x577.jpg 768w, https:\/\/archiv.siov.sk\/wp-content\/uploads\/2025\/02\/konferencia_pakt_pre_zz-1536x1154.jpg 1536w, https:\/\/archiv.siov.sk\/wp-content\/uploads\/2025\/02\/konferencia_pakt_pre_zz-2048x1538.jpg 2048w, https:\/\/archiv.siov.sk\/wp-content\/uploads\/2025\/02\/konferencia_pakt_pre_zz-16x12.jpg 16w\" sizes=\"(max-width: 300px) 100vw, 300px\" \/><\/p>\n<p><strong>Diskusia a \u010fal\u0161ie kroky<\/strong><\/p>\n<p>Po\u010das stretnutia sme sa v r\u00e1mci otvorenej diskusie venovali aj pr\u00edprave Memoranda, ktor\u00e9 bude ma\u0165 odpor\u00fa\u010dac\u00ed charakter a podpor\u00ed aktivity Paktu na region\u00e1lnej \u00farovni. V\u010faka brainstormingu sme z\u00edskali podnetn\u00e9 n\u00e1vrhy a odpor\u00fa\u010dania \u00fa\u010dastn\u00edkov, ktor\u00e9 sa pok\u00fasime do Memoranda zapracova\u0165.<\/p>\n<p>Z\u00e1stupcovia viacer\u00fdch in\u0161tit\u00faci\u00ed z\u00e1rove\u0148 odprezentovali pr\u00edklady dobrej praxe, ktor\u00e9 m\u00f4\u017eu sl\u00fa\u017ei\u0165 ako in\u0161pir\u00e1cia pre \u010fal\u0161ie organiz\u00e1cie zapojen\u00e9 do Paktu.<\/p>\n<p><strong><br \/>\nZapojte sa aj vy \u2013 najbli\u017e\u0161ie stretnutie v Bratislave<\/strong><span style=\"font-size: 16px;\"><img decoding=\"async\" class=\"size-medium wp-image-17829 alignright\" src=\"https:\/\/archiv.siov.sk\/wp-content\/uploads\/2025\/02\/12.2.-Pozvanka-Bratislava_6.3.2025-300x300.png\" alt=\"pozvanka_\u0161iov_pakt_pre_zakladne_zrucnosti\" width=\"300\" height=\"300\" srcset=\"https:\/\/archiv.siov.sk\/wp-content\/uploads\/2025\/02\/12.2.-Pozvanka-Bratislava_6.3.2025-300x300.png 300w, https:\/\/archiv.siov.sk\/wp-content\/uploads\/2025\/02\/12.2.-Pozvanka-Bratislava_6.3.2025-1024x1024.png 1024w, https:\/\/archiv.siov.sk\/wp-content\/uploads\/2025\/02\/12.2.-Pozvanka-Bratislava_6.3.2025-150x150.png 150w, https:\/\/archiv.siov.sk\/wp-content\/uploads\/2025\/02\/12.2.-Pozvanka-Bratislava_6.3.2025-768x768.png 768w, https:\/\/archiv.siov.sk\/wp-content\/uploads\/2025\/02\/12.2.-Pozvanka-Bratislava_6.3.2025-12x12.png 12w, https:\/\/archiv.siov.sk\/wp-content\/uploads\/2025\/02\/12.2.-Pozvanka-Bratislava_6.3.2025.png 1080w\" sizes=\"(max-width: 300px) 100vw, 300px\" \/><\/span><\/p>\n<p>Ak sa aj vy ak\u00fdmko\u013evek sp\u00f4sobom podie\u013eate na rozvoji z\u00e1kladn\u00fdch zru\u010dnost\u00ed dospel\u00fdch, pridajte sa k Paktu pre z\u00e1kladn<span style=\"font-size: 16px;\">\u00e9 zru\u010dnosti. Najbli\u017e\u0161ie region\u00e1lne stretnutie sa uskuto\u010dn\u00ed<br \/>\n<\/span><strong style=\"font-size: 16px;\">6. marca 2025 v Hotel LOFT v Bratislave<\/strong><span style=\"font-size: 16px;\">. Diskutova\u0165 budeme o mo\u017enostiach zapoj<\/span><span style=\"font-size: 16px;\">enia, n\u00e1vrhoch aktiv\u00edt na region\u00e1lnej \u00farovni a mo\u017enostiach ich implement\u00e1cie.<\/span><\/p>\n<p>Registr\u00e1cia na podujatie je otvoren\u00e1 do <strong>27. febru\u00e1ra 2025<\/strong>. Prihl\u00e1si\u0165 sa m\u00f4\u017eete prostredn\u00edctvom <a href=\"https:\/\/forms.office.com\/e\/WQPJXUn0Eg\" target=\"_blank\" rel=\"noopener\">registr\u00e1cie<\/a><span style=\"font-size: 16px;\">.<br \/>\nPre viac inform\u00e1ci\u00ed nav\u0161t\u00edvte <a href=\"https:\/\/zakladnezrucnosti.sk\/\" target=\"_blank\" rel=\"noopener\">www.zakladnezrucnosti.sk<\/a>.\u00a0<\/span><\/p>\n<p>Stretnutia organizuje N\u00e1rodn\u00fd koordin\u00e1tor Eur\u00f3pskeho programu vzdel\u00e1vania dospel\u00fdch<br \/>\nv spolupr\u00e1ci s EPALE S<span style=\"font-size: 16px;\">lovensko.<\/span><\/p>","protected":false},"excerpt":{"rendered":"<p>D\u0148a 5. febru\u00e1ra 2025 sa na Radnici mesta Bansk\u00e1 Bystrica konalo prv\u00e9 region\u00e1lne stretnutie Paktu pre z\u00e1kladn\u00e9 zru\u010dnosti v SR. Po \u00faspe\u0161nej registr\u00e1cii Paktu v janu\u00e1ri 2025 i\u0161lo o \u00favodn\u00e9 zo s\u00e9rie troch stretnut\u00ed, ktor\u00e9 sa v priebehu prv\u00e9ho \u0161tvr\u0165roka 2025 uskuto\u010dnia v r\u00f4znych regi\u00f3noch Slovenska. Najbli\u017e\u0161ie stretnutie sa bude kona\u0165 6. marca v Bratislave. [&hellip;]<\/p>\n","protected":false},"author":10,"featured_media":17825,"comment_status":"closed","ping_status":"closed","sticky":false,"template":"","format":"standard","meta":{"site-sidebar-layout":"default","site-content-layout":"","ast-site-content-layout":"default","site-content-style":"default","site-sidebar-style":"default","ast-global-header-display":"","ast-banner-title-visibility":"","ast-main-header-display":"","ast-hfb-above-header-display":"","ast-hfb-below-header-display":"","ast-hfb-mobile-header-display":"","site-post-title":"","ast-breadcrumbs-content":"","ast-featured-img":"","footer-sml-layout":"","ast-disable-related-posts":"","theme-transparent-header-meta":"default","adv-header-id-meta":"","stick-header-meta":"default","header-above-stick-meta":"","header-main-stick-meta":"","header-below-stick-meta":"","astra-migrate-meta-layouts":"set","ast-page-background-enabled":"default","ast-page-background-meta":{"desktop":{"background-color":"var(--ast-global-color-4)","background-image":"","background-repeat":"repeat","background-position":"center center","background-size":"auto","background-attachment":"scroll","background-type":"","background-media":"","overlay-type":"","overlay-color":"","overlay-opacity":"","overlay-gradient":""},"tablet":{"background-color":"","background-image":"","background-repeat":"repeat","background-position":"center center","background-size":"auto","background-attachment":"scroll","background-type":"","background-media":"","overlay-type":"","overlay-color":"","overlay-opacity":"","overlay-gradient":""},"mobile":{"background-color":"","background-image":"","background-repeat":"repeat","background-position":"center center","background-size":"auto","background-attachment":"scroll","background-type":"","background-media":"","overlay-type":"","overlay-color":"","overlay-opacity":"","overlay-gradient":""}},"ast-content-background-meta":{"desktop":{"background-color":"var(--ast-global-color-5)","background-image":"","background-repeat":"repeat","background-position":"center center","background-size":"auto","background-attachment":"scroll","background-type":"","background-media":"","overlay-type":"","overlay-color":"","overlay-opacity":"","overlay-gradient":""},"tablet":{"background-color":"var(--ast-global-color-5)","background-image":"","background-repeat":"repeat","background-position":"center center","background-size":"auto","background-attachment":"scroll","background-type":"","background-media":"","overlay-type":"","overlay-color":"","overlay-opacity":"","overlay-gradient":""},"mobile":{"background-color":"var(--ast-global-color-5)","background-image":"","background-repeat":"repeat","background-position":"center center","background-size":"auto","background-attachment":"scroll","background-type":"","background-media":"","overlay-type":"","overlay-color":"","overlay-opacity":"","overlay-gradient":""}},"footnotes":""},"categories":[1],"tags":[],"class_list":["post-17827","post","type-post","status-publish","format-standard","has-post-thumbnail","hentry","category-aktuality"],"yoast_head":"<!-- This site is optimized with the Yoast SEO plugin v27.5 - https:\/\/yoast.com\/product\/yoast-seo-wordpress\/ -->\n<title>Prv\u00e9 tohtoro\u010dn\u00e9 stretnutie Paktu pre z\u00e1kladn\u00e9 zru\u010dnosti v SR sa uskuto\u010dnilo v Banskej Bystrici - \u0160IOV - \u0161t\u00e1tny in\u0161tit\u00fat odborn\u00e9ho vzdel\u00e1vania<\/title>\n<meta name=\"description\" content=\"D\u0148a 5. febru\u00e1ra 2025 sa na Radnici mesta Bansk\u00e1 Bystrica konalo prv\u00e9 region\u00e1lne stretnutie Paktu pre z\u00e1kladn\u00e9 zru\u010dnosti v SR.\" \/>\n<meta name=\"robots\" content=\"index, follow, max-snippet:-1, max-image-preview:large, max-video-preview:-1\" \/>\n<link rel=\"canonical\" href=\"https:\/\/archiv.siov.sk\/en\/stretnutie-paktu-pre-zakladne-zrucnosti\/\" \/>\n<meta property=\"og:locale\" content=\"en_GB\" \/>\n<meta property=\"og:type\" content=\"article\" \/>\n<meta property=\"og:title\" content=\"Prv\u00e9 tohtoro\u010dn\u00e9 stretnutie Paktu pre z\u00e1kladn\u00e9 zru\u010dnosti v SR sa uskuto\u010dnilo v Banskej Bystrici - \u0160IOV - \u0161t\u00e1tny in\u0161tit\u00fat odborn\u00e9ho vzdel\u00e1vania\" \/>\n<meta property=\"og:description\" content=\"D\u0148a 5. febru\u00e1ra 2025 sa na Radnici mesta Bansk\u00e1 Bystrica konalo prv\u00e9 region\u00e1lne stretnutie Paktu pre z\u00e1kladn\u00e9 zru\u010dnosti v SR.\" \/>\n<meta property=\"og:url\" content=\"https:\/\/archiv.siov.sk\/en\/stretnutie-paktu-pre-zakladne-zrucnosti\/\" \/>\n<meta property=\"og:site_name\" content=\"\u0160IOV - \u0161t\u00e1tny in\u0161tit\u00fat odborn\u00e9ho vzdel\u00e1vania\" \/>\n<meta property=\"article:publisher\" content=\"https:\/\/www.facebook.com\/Statnyinstitutodbornehovzdelavania\" \/>\n<meta property=\"article:published_time\" content=\"2025-02-13T10:37:08+00:00\" \/>\n<meta property=\"article:modified_time\" content=\"2025-02-13T10:44:20+00:00\" \/>\n<meta property=\"og:image\" content=\"https:\/\/archiv.siov.sk\/wp-content\/uploads\/2025\/02\/pakt_pre_zz_bb.jpg\" \/>\n\t<meta property=\"og:image:width\" content=\"1536\" \/>\n\t<meta property=\"og:image:height\" content=\"1152\" \/>\n\t<meta property=\"og:image:type\" content=\"image\/jpeg\" \/>\n<meta name=\"author\" content=\"Gabriela Budayov\u00e1\" \/>\n<meta name=\"twitter:card\" content=\"summary_large_image\" \/>\n<meta name=\"twitter:label1\" content=\"Written by\" \/>\n\t<meta name=\"twitter:data1\" content=\"Gabriela Budayov\u00e1\" \/>\n\t<meta name=\"twitter:label2\" content=\"Estimated reading time\" \/>\n\t<meta name=\"twitter:data2\" content=\"3 minutes\" \/>\n<script type=\"application\/ld+json\" class=\"yoast-schema-graph\">{\"@context\":\"https:\\\/\\\/schema.org\",\"@graph\":[{\"@type\":\"Article\",\"@id\":\"https:\\\/\\\/archiv.siov.sk\\\/stretnutie-paktu-pre-zakladne-zrucnosti\\\/#article\",\"isPartOf\":{\"@id\":\"https:\\\/\\\/archiv.siov.sk\\\/stretnutie-paktu-pre-zakladne-zrucnosti\\\/\"},\"author\":{\"name\":\"Gabriela Budayov\u00e1\",\"@id\":\"https:\\\/\\\/archiv.siov.sk\\\/#\\\/schema\\\/person\\\/2d35146a9c0fa51b027e8ff319cee627\"},\"headline\":\"Prv\u00e9 tohtoro\u010dn\u00e9 stretnutie Paktu pre z\u00e1kladn\u00e9 zru\u010dnosti v SR sa uskuto\u010dnilo v Banskej Bystrici\",\"datePublished\":\"2025-02-13T10:37:08+00:00\",\"dateModified\":\"2025-02-13T10:44:20+00:00\",\"mainEntityOfPage\":{\"@id\":\"https:\\\/\\\/archiv.siov.sk\\\/stretnutie-paktu-pre-zakladne-zrucnosti\\\/\"},\"wordCount\":395,\"publisher\":{\"@id\":\"https:\\\/\\\/archiv.siov.sk\\\/#organization\"},\"image\":{\"@id\":\"https:\\\/\\\/archiv.siov.sk\\\/stretnutie-paktu-pre-zakladne-zrucnosti\\\/#primaryimage\"},\"thumbnailUrl\":\"https:\\\/\\\/archiv.siov.sk\\\/wp-content\\\/uploads\\\/2025\\\/02\\\/pakt_pre_zz_bb.jpg\",\"articleSection\":[\"Aktuality\"],\"inLanguage\":\"en-GB\"},{\"@type\":\"WebPage\",\"@id\":\"https:\\\/\\\/archiv.siov.sk\\\/stretnutie-paktu-pre-zakladne-zrucnosti\\\/\",\"url\":\"https:\\\/\\\/archiv.siov.sk\\\/stretnutie-paktu-pre-zakladne-zrucnosti\\\/\",\"name\":\"Prv\u00e9 tohtoro\u010dn\u00e9 stretnutie Paktu pre z\u00e1kladn\u00e9 zru\u010dnosti v SR sa uskuto\u010dnilo v Banskej Bystrici - \u0160IOV - \u0161t\u00e1tny in\u0161tit\u00fat odborn\u00e9ho vzdel\u00e1vania\",\"isPartOf\":{\"@id\":\"https:\\\/\\\/archiv.siov.sk\\\/#website\"},\"primaryImageOfPage\":{\"@id\":\"https:\\\/\\\/archiv.siov.sk\\\/stretnutie-paktu-pre-zakladne-zrucnosti\\\/#primaryimage\"},\"image\":{\"@id\":\"https:\\\/\\\/archiv.siov.sk\\\/stretnutie-paktu-pre-zakladne-zrucnosti\\\/#primaryimage\"},\"thumbnailUrl\":\"https:\\\/\\\/archiv.siov.sk\\\/wp-content\\\/uploads\\\/2025\\\/02\\\/pakt_pre_zz_bb.jpg\",\"datePublished\":\"2025-02-13T10:37:08+00:00\",\"dateModified\":\"2025-02-13T10:44:20+00:00\",\"description\":\"D\u0148a 5. febru\u00e1ra 2025 sa na Radnici mesta Bansk\u00e1 Bystrica konalo prv\u00e9 region\u00e1lne stretnutie Paktu pre z\u00e1kladn\u00e9 zru\u010dnosti v SR.\",\"breadcrumb\":{\"@id\":\"https:\\\/\\\/archiv.siov.sk\\\/stretnutie-paktu-pre-zakladne-zrucnosti\\\/#breadcrumb\"},\"inLanguage\":\"en-GB\",\"potentialAction\":[{\"@type\":\"ReadAction\",\"target\":[\"https:\\\/\\\/archiv.siov.sk\\\/stretnutie-paktu-pre-zakladne-zrucnosti\\\/\"]}]},{\"@type\":\"ImageObject\",\"inLanguage\":\"en-GB\",\"@id\":\"https:\\\/\\\/archiv.siov.sk\\\/stretnutie-paktu-pre-zakladne-zrucnosti\\\/#primaryimage\",\"url\":\"https:\\\/\\\/archiv.siov.sk\\\/wp-content\\\/uploads\\\/2025\\\/02\\\/pakt_pre_zz_bb.jpg\",\"contentUrl\":\"https:\\\/\\\/archiv.siov.sk\\\/wp-content\\\/uploads\\\/2025\\\/02\\\/pakt_pre_zz_bb.jpg\",\"width\":1536,\"height\":1152,\"caption\":\"stretnutie \u010dlenov Paktu pre z\u00e1kladn\u00e9 zru\u010dnosti\"},{\"@type\":\"BreadcrumbList\",\"@id\":\"https:\\\/\\\/archiv.siov.sk\\\/stretnutie-paktu-pre-zakladne-zrucnosti\\\/#breadcrumb\",\"itemListElement\":[{\"@type\":\"ListItem\",\"position\":1,\"name\":\"Home\",\"item\":\"https:\\\/\\\/archiv.siov.sk\\\/\"},{\"@type\":\"ListItem\",\"position\":2,\"name\":\"Prv\u00e9 tohtoro\u010dn\u00e9 stretnutie Paktu pre z\u00e1kladn\u00e9 zru\u010dnosti v SR sa uskuto\u010dnilo v Banskej Bystrici\"}]},{\"@type\":\"WebSite\",\"@id\":\"https:\\\/\\\/archiv.siov.sk\\\/#website\",\"url\":\"https:\\\/\\\/archiv.siov.sk\\\/\",\"name\":\"\u0160IOV - \u0161t\u00e1tny in\u0161tit\u00fat odborn\u00e9ho vzdel\u00e1vania\",\"description\":\"\",\"publisher\":{\"@id\":\"https:\\\/\\\/archiv.siov.sk\\\/#organization\"},\"potentialAction\":[{\"@type\":\"SearchAction\",\"target\":{\"@type\":\"EntryPoint\",\"urlTemplate\":\"https:\\\/\\\/archiv.siov.sk\\\/?s={search_term_string}\"},\"query-input\":{\"@type\":\"PropertyValueSpecification\",\"valueRequired\":true,\"valueName\":\"search_term_string\"}}],\"inLanguage\":\"en-GB\"},{\"@type\":\"Organization\",\"@id\":\"https:\\\/\\\/archiv.siov.sk\\\/#organization\",\"name\":\"\u0160IOV - \u0161t\u00e1tny in\u0161tit\u00fat odborn\u00e9ho vzdel\u00e1vania\",\"url\":\"https:\\\/\\\/archiv.siov.sk\\\/\",\"logo\":{\"@type\":\"ImageObject\",\"inLanguage\":\"en-GB\",\"@id\":\"https:\\\/\\\/archiv.siov.sk\\\/#\\\/schema\\\/logo\\\/image\\\/\",\"url\":\"https:\\\/\\\/archiv.siov.sk\\\/wp-content\\\/uploads\\\/2024\\\/02\\\/logo-SIOV.png\",\"contentUrl\":\"https:\\\/\\\/archiv.siov.sk\\\/wp-content\\\/uploads\\\/2024\\\/02\\\/logo-SIOV.png\",\"width\":431,\"height\":143,\"caption\":\"\u0160IOV - \u0161t\u00e1tny in\u0161tit\u00fat odborn\u00e9ho vzdel\u00e1vania\"},\"image\":{\"@id\":\"https:\\\/\\\/archiv.siov.sk\\\/#\\\/schema\\\/logo\\\/image\\\/\"},\"sameAs\":[\"https:\\\/\\\/www.facebook.com\\\/Statnyinstitutodbornehovzdelavania\"]},{\"@type\":\"Person\",\"@id\":\"https:\\\/\\\/archiv.siov.sk\\\/#\\\/schema\\\/person\\\/2d35146a9c0fa51b027e8ff319cee627\",\"name\":\"Gabriela Budayov\u00e1\",\"url\":\"https:\\\/\\\/archiv.siov.sk\\\/en\\\/author\\\/gabriela-budayova\\\/\"}]}<\/script>\n<!-- \/ Yoast SEO plugin. -->","yoast_head_json":{"title":"Prv\u00e9 tohtoro\u010dn\u00e9 stretnutie Paktu pre z\u00e1kladn\u00e9 zru\u010dnosti v SR sa uskuto\u010dnilo v Banskej Bystrici - \u0160IOV - \u0161t\u00e1tny in\u0161tit\u00fat odborn\u00e9ho vzdel\u00e1vania","description":"D\u0148a 5. febru\u00e1ra 2025 sa na Radnici mesta Bansk\u00e1 Bystrica konalo prv\u00e9 region\u00e1lne stretnutie Paktu pre z\u00e1kladn\u00e9 zru\u010dnosti v SR.","robots":{"index":"index","follow":"follow","max-snippet":"max-snippet:-1","max-image-preview":"max-image-preview:large","max-video-preview":"max-video-preview:-1"},"canonical":"https:\/\/archiv.siov.sk\/en\/stretnutie-paktu-pre-zakladne-zrucnosti\/","og_locale":"en_GB","og_type":"article","og_title":"Prv\u00e9 tohtoro\u010dn\u00e9 stretnutie Paktu pre z\u00e1kladn\u00e9 zru\u010dnosti v SR sa uskuto\u010dnilo v Banskej Bystrici - \u0160IOV - \u0161t\u00e1tny in\u0161tit\u00fat odborn\u00e9ho vzdel\u00e1vania","og_description":"D\u0148a 5. febru\u00e1ra 2025 sa na Radnici mesta Bansk\u00e1 Bystrica konalo prv\u00e9 region\u00e1lne stretnutie Paktu pre z\u00e1kladn\u00e9 zru\u010dnosti v SR.","og_url":"https:\/\/archiv.siov.sk\/en\/stretnutie-paktu-pre-zakladne-zrucnosti\/","og_site_name":"\u0160IOV - \u0161t\u00e1tny in\u0161tit\u00fat odborn\u00e9ho vzdel\u00e1vania","article_publisher":"https:\/\/www.facebook.com\/Statnyinstitutodbornehovzdelavania","article_published_time":"2025-02-13T10:37:08+00:00","article_modified_time":"2025-02-13T10:44:20+00:00","og_image":[{"width":1536,"height":1152,"url":"https:\/\/archiv.siov.sk\/wp-content\/uploads\/2025\/02\/pakt_pre_zz_bb.jpg","type":"image\/jpeg"}],"author":"Gabriela Budayov\u00e1","twitter_card":"summary_large_image","twitter_misc":{"Written by":"Gabriela Budayov\u00e1","Estimated reading time":"3 minutes"},"schema":{"@context":"https:\/\/schema.org","@graph":[{"@type":"Article","@id":"https:\/\/archiv.siov.sk\/stretnutie-paktu-pre-zakladne-zrucnosti\/#article","isPartOf":{"@id":"https:\/\/archiv.siov.sk\/stretnutie-paktu-pre-zakladne-zrucnosti\/"},"author":{"name":"Gabriela Budayov\u00e1","@id":"https:\/\/archiv.siov.sk\/#\/schema\/person\/2d35146a9c0fa51b027e8ff319cee627"},"headline":"Prv\u00e9 tohtoro\u010dn\u00e9 stretnutie Paktu pre z\u00e1kladn\u00e9 zru\u010dnosti v SR sa uskuto\u010dnilo v Banskej Bystrici","datePublished":"2025-02-13T10:37:08+00:00","dateModified":"2025-02-13T10:44:20+00:00","mainEntityOfPage":{"@id":"https:\/\/archiv.siov.sk\/stretnutie-paktu-pre-zakladne-zrucnosti\/"},"wordCount":395,"publisher":{"@id":"https:\/\/archiv.siov.sk\/#organization"},"image":{"@id":"https:\/\/archiv.siov.sk\/stretnutie-paktu-pre-zakladne-zrucnosti\/#primaryimage"},"thumbnailUrl":"https:\/\/archiv.siov.sk\/wp-content\/uploads\/2025\/02\/pakt_pre_zz_bb.jpg","articleSection":["Aktuality"],"inLanguage":"en-GB"},{"@type":"WebPage","@id":"https:\/\/archiv.siov.sk\/stretnutie-paktu-pre-zakladne-zrucnosti\/","url":"https:\/\/archiv.siov.sk\/stretnutie-paktu-pre-zakladne-zrucnosti\/","name":"Prv\u00e9 tohtoro\u010dn\u00e9 stretnutie Paktu pre z\u00e1kladn\u00e9 zru\u010dnosti v SR sa uskuto\u010dnilo v Banskej Bystrici - \u0160IOV - \u0161t\u00e1tny in\u0161tit\u00fat odborn\u00e9ho vzdel\u00e1vania","isPartOf":{"@id":"https:\/\/archiv.siov.sk\/#website"},"primaryImageOfPage":{"@id":"https:\/\/archiv.siov.sk\/stretnutie-paktu-pre-zakladne-zrucnosti\/#primaryimage"},"image":{"@id":"https:\/\/archiv.siov.sk\/stretnutie-paktu-pre-zakladne-zrucnosti\/#primaryimage"},"thumbnailUrl":"https:\/\/archiv.siov.sk\/wp-content\/uploads\/2025\/02\/pakt_pre_zz_bb.jpg","datePublished":"2025-02-13T10:37:08+00:00","dateModified":"2025-02-13T10:44:20+00:00","description":"D\u0148a 5. febru\u00e1ra 2025 sa na Radnici mesta Bansk\u00e1 Bystrica konalo prv\u00e9 region\u00e1lne stretnutie Paktu pre z\u00e1kladn\u00e9 zru\u010dnosti v SR.","breadcrumb":{"@id":"https:\/\/archiv.siov.sk\/stretnutie-paktu-pre-zakladne-zrucnosti\/#breadcrumb"},"inLanguage":"en-GB","potentialAction":[{"@type":"ReadAction","target":["https:\/\/archiv.siov.sk\/stretnutie-paktu-pre-zakladne-zrucnosti\/"]}]},{"@type":"ImageObject","inLanguage":"en-GB","@id":"https:\/\/archiv.siov.sk\/stretnutie-paktu-pre-zakladne-zrucnosti\/#primaryimage","url":"https:\/\/archiv.siov.sk\/wp-content\/uploads\/2025\/02\/pakt_pre_zz_bb.jpg","contentUrl":"https:\/\/archiv.siov.sk\/wp-content\/uploads\/2025\/02\/pakt_pre_zz_bb.jpg","width":1536,"height":1152,"caption":"stretnutie \u010dlenov Paktu pre z\u00e1kladn\u00e9 zru\u010dnosti"},{"@type":"BreadcrumbList","@id":"https:\/\/archiv.siov.sk\/stretnutie-paktu-pre-zakladne-zrucnosti\/#breadcrumb","itemListElement":[{"@type":"ListItem","position":1,"name":"Home","item":"https:\/\/archiv.siov.sk\/"},{"@type":"ListItem","position":2,"name":"Prv\u00e9 tohtoro\u010dn\u00e9 stretnutie Paktu pre z\u00e1kladn\u00e9 zru\u010dnosti v SR sa uskuto\u010dnilo v Banskej Bystrici"}]},{"@type":"WebSite","@id":"https:\/\/archiv.siov.sk\/#website","url":"https:\/\/archiv.siov.sk\/","name":"\u0160IOV - \u0161t\u00e1tny in\u0161tit\u00fat odborn\u00e9ho vzdel\u00e1vania","description":"","publisher":{"@id":"https:\/\/archiv.siov.sk\/#organization"},"potentialAction":[{"@type":"SearchAction","target":{"@type":"EntryPoint","urlTemplate":"https:\/\/archiv.siov.sk\/?s={search_term_string}"},"query-input":{"@type":"PropertyValueSpecification","valueRequired":true,"valueName":"search_term_string"}}],"inLanguage":"en-GB"},{"@type":"Organization","@id":"https:\/\/archiv.siov.sk\/#organization","name":"\u0160IOV - \u0161t\u00e1tny in\u0161tit\u00fat odborn\u00e9ho vzdel\u00e1vania","url":"https:\/\/archiv.siov.sk\/","logo":{"@type":"ImageObject","inLanguage":"en-GB","@id":"https:\/\/archiv.siov.sk\/#\/schema\/logo\/image\/","url":"https:\/\/archiv.siov.sk\/wp-content\/uploads\/2024\/02\/logo-SIOV.png","contentUrl":"https:\/\/archiv.siov.sk\/wp-content\/uploads\/2024\/02\/logo-SIOV.png","width":431,"height":143,"caption":"\u0160IOV - \u0161t\u00e1tny in\u0161tit\u00fat odborn\u00e9ho vzdel\u00e1vania"},"image":{"@id":"https:\/\/archiv.siov.sk\/#\/schema\/logo\/image\/"},"sameAs":["https:\/\/www.facebook.com\/Statnyinstitutodbornehovzdelavania"]},{"@type":"Person","@id":"https:\/\/archiv.siov.sk\/#\/schema\/person\/2d35146a9c0fa51b027e8ff319cee627","name":"Gabriela Budayov\u00e1","url":"https:\/\/archiv.siov.sk\/en\/author\/gabriela-budayova\/"}]}},"_links":{"self":[{"href":"https:\/\/archiv.siov.sk\/en\/wp-json\/wp\/v2\/posts\/17827","targetHints":{"allow":["GET"]}}],"collection":[{"href":"https:\/\/archiv.siov.sk\/en\/wp-json\/wp\/v2\/posts"}],"about":[{"href":"https:\/\/archiv.siov.sk\/en\/wp-json\/wp\/v2\/types\/post"}],"author":[{"embeddable":true,"href":"https:\/\/archiv.siov.sk\/en\/wp-json\/wp\/v2\/users\/10"}],"replies":[{"embeddable":true,"href":"https:\/\/archiv.siov.sk\/en\/wp-json\/wp\/v2\/comments?post=17827"}],"version-history":[{"count":11,"href":"https:\/\/archiv.siov.sk\/en\/wp-json\/wp\/v2\/posts\/17827\/revisions"}],"predecessor-version":[{"id":17839,"href":"https:\/\/archiv.siov.sk\/en\/wp-json\/wp\/v2\/posts\/17827\/revisions\/17839"}],"wp:featuredmedia":[{"embeddable":true,"href":"https:\/\/archiv.siov.sk\/en\/wp-json\/wp\/v2\/media\/17825"}],"wp:attachment":[{"href":"https:\/\/archiv.siov.sk\/en\/wp-json\/wp\/v2\/media?parent=17827"}],"wp:term":[{"taxonomy":"category","embeddable":true,"href":"https:\/\/archiv.siov.sk\/en\/wp-json\/wp\/v2\/categories?post=17827"},{"taxonomy":"post_tag","embeddable":true,"href":"https:\/\/archiv.siov.sk\/en\/wp-json\/wp\/v2\/tags?post=17827"}],"curies":[{"name":"wp","href":"https:\/\/api.w.org\/{rel}","templated":true}]}}