{"id":17799,"date":"2025-02-06T09:47:21","date_gmt":"2025-02-06T08:47:21","guid":{"rendered":"https:\/\/archiv.siov.sk\/?p=17799"},"modified":"2025-02-06T09:52:19","modified_gmt":"2025-02-06T08:52:19","slug":"ocenenie-siov-u-filozofickou-fakultou-univerzity-komenskeho","status":"publish","type":"post","link":"https:\/\/archiv.siov.sk\/en\/ocenenie-siov-u-filozofickou-fakultou-univerzity-komenskeho\/","title":{"rendered":"Ocenenie \u0160IOV-u Filozofickou fakultou Univerzity Komensk\u00e9ho"},"content":{"rendered":"<p style=\"text-align: justify;\">\u0160t\u00e1tny in\u0161tit\u00fat odborn\u00e9ho vzdel\u00e1vania (\u0160IOV) je medzi partnersk\u00fdmi organiz\u00e1ciami, ktor\u00e9 Filozofick\u00e1 fakulta ocenila za spolupr\u00e1cu pri pr\u00edprave bud\u00facich u\u010dite\u013eov, u\u010diteliek a\u00a0\u0161pecialistov na vzdel\u00e1vanie.<\/p>\n<figure id=\"attachment_17801\" aria-describedby=\"caption-attachment-17801\" style=\"width: 204px\" class=\"wp-caption alignleft\"><img fetchpriority=\"high\" decoding=\"async\" class=\"wp-image-17801\" src=\"https:\/\/archiv.siov.sk\/wp-content\/uploads\/2025\/02\/ocenenie-FiF-UK-225x300.jpeg\" alt=\"\" width=\"204\" height=\"272\" srcset=\"https:\/\/archiv.siov.sk\/wp-content\/uploads\/2025\/02\/ocenenie-FiF-UK-225x300.jpeg 225w, https:\/\/archiv.siov.sk\/wp-content\/uploads\/2025\/02\/ocenenie-FiF-UK-768x1024.jpeg 768w, https:\/\/archiv.siov.sk\/wp-content\/uploads\/2025\/02\/ocenenie-FiF-UK-9x12.jpeg 9w, https:\/\/archiv.siov.sk\/wp-content\/uploads\/2025\/02\/ocenenie-FiF-UK.jpeg 900w\" sizes=\"(max-width: 204px) 100vw, 204px\" \/><figcaption id=\"caption-attachment-17801\" class=\"wp-caption-text\">Zdroj: FiF UK<\/figcaption><\/figure>\n<p style=\"text-align: justify;\">Sl\u00e1vnostn\u00e9 stretnutie ako po\u010fakovanie organizovala Katedra pedagogiky Filozofickej fakulty pre partnersk\u00e9 \u0161koly a in\u0161tit\u00facie 28. janu\u00e1ra. Za \u0160IOV \u010fakovn\u00fd dekr\u00e9t z r\u00fak prodekanky pre vzdel\u00e1vanie Lucie Lichnerovej prebrala n\u00e1mestn\u00ed\u010dka riadite\u013ea pre \u00dasek odborn\u00e9ho vzdel\u00e1vania a pr\u00edpravy Michaela \u010eur\u010dekov\u00e1. Okrem certifik\u00e1tu z\u00edskali partnersk\u00e9 in\u0161tit\u00facie aj n\u00e1lepku so symbolom fakulty na ozna\u010denie pracov\u00edsk a vyzdvihnutie vz\u00e1jomnej spolupr\u00e1ce.<\/p>\n<p style=\"text-align: justify;\">Cie\u013eom stretnutia bolo spoji\u0165 tri partnerstv\u00e1 &#8211; \u0161koly, in\u0161tit\u00facie a fakultu. V\u0161etky sa spolo\u010dne podie\u013eaj\u00fa na formovan\u00ed \u0161tudentov. Nieslo sa v odbornom duchu naplnenom re\u00e1lnymi \u010d\u00edslami a faktami, \u0161tudentsk\u00fdmi autentick\u00fdmi v\u00fdpove\u010fami, ale aj zauj\u00edmav\u00fdmi postrehmi a n\u00e1vrhmi zo strany partnersk\u00fdch \u0161k\u00f4l a in\u0161tit\u00faci\u00ed. Prinieslo tie\u017e diskusiu o zlep\u0161ovan\u00ed spolupr\u00e1ce pri pregradu\u00e1lnej pr\u00edprave bud\u00facich u\u010diteliek a u\u010dite\u013eov i o v\u00fdzvach spojen\u00fdch s inovovanou podobou pedagogick\u00fdch i odborn\u00fdch prax\u00ed.<\/p>\n<p style=\"text-align: justify;\">Ocenenie n\u00e1s mimoriadne te\u0161\u00ed a\u00a0v\u00edtame trad\u00edciu vz\u00e1jomn\u00e9ho zdie\u013eania sk\u00fasenost\u00ed, ktor\u00e1 sl\u00e1vnostn\u00fdm odovzd\u00e1van\u00edm ocenen\u00ed od\u0161tartovala.<\/p>\n<p>Viac inform\u00e1ci\u00ed spolu s\u00a0fotogal\u00e9riou z\u00a0podujatia n\u00e1jdete<strong><a href=\"https:\/\/fphil.uniba.sk\/stretnutie_partnerstva_2025\/\"> TU<\/a><\/strong><\/p>","protected":false},"excerpt":{"rendered":"<p>\u0160t\u00e1tny in\u0161tit\u00fat odborn\u00e9ho vzdel\u00e1vania (\u0160IOV) je medzi partnersk\u00fdmi organiz\u00e1ciami, ktor\u00e9 Filozofick\u00e1 fakulta ocenila za spolupr\u00e1cu pri pr\u00edprave bud\u00facich u\u010dite\u013eov, u\u010diteliek a\u00a0\u0161pecialistov na vzdel\u00e1vanie. Sl\u00e1vnostn\u00e9 stretnutie ako po\u010fakovanie organizovala Katedra pedagogiky Filozofickej fakulty pre partnersk\u00e9 \u0161koly a in\u0161tit\u00facie 28. janu\u00e1ra. Za \u0160IOV \u010fakovn\u00fd dekr\u00e9t z r\u00fak prodekanky pre vzdel\u00e1vanie Lucie Lichnerovej prebrala n\u00e1mestn\u00ed\u010dka riadite\u013ea pre \u00dasek [&hellip;]<\/p>\n","protected":false},"author":6,"featured_media":17802,"comment_status":"closed","ping_status":"closed","sticky":false,"template":"","format":"standard","meta":{"site-sidebar-layout":"default","site-content-layout":"","ast-site-content-layout":"default","site-content-style":"default","site-sidebar-style":"default","ast-global-header-display":"","ast-banner-title-visibility":"","ast-main-header-display":"","ast-hfb-above-header-display":"","ast-hfb-below-header-display":"","ast-hfb-mobile-header-display":"","site-post-title":"","ast-breadcrumbs-content":"","ast-featured-img":"","footer-sml-layout":"","ast-disable-related-posts":"","theme-transparent-header-meta":"default","adv-header-id-meta":"","stick-header-meta":"default","header-above-stick-meta":"","header-main-stick-meta":"","header-below-stick-meta":"","astra-migrate-meta-layouts":"set","ast-page-background-enabled":"default","ast-page-background-meta":{"desktop":{"background-color":"var(--ast-global-color-4)","background-image":"","background-repeat":"repeat","background-position":"center center","background-size":"auto","background-attachment":"scroll","background-type":"","background-media":"","overlay-type":"","overlay-color":"","overlay-opacity":"","overlay-gradient":""},"tablet":{"background-color":"","background-image":"","background-repeat":"repeat","background-position":"center center","background-size":"auto","background-attachment":"scroll","background-type":"","background-media":"","overlay-type":"","overlay-color":"","overlay-opacity":"","overlay-gradient":""},"mobile":{"background-color":"","background-image":"","background-repeat":"repeat","background-position":"center center","background-size":"auto","background-attachment":"scroll","background-type":"","background-media":"","overlay-type":"","overlay-color":"","overlay-opacity":"","overlay-gradient":""}},"ast-content-background-meta":{"desktop":{"background-color":"var(--ast-global-color-5)","background-image":"","background-repeat":"repeat","background-position":"center center","background-size":"auto","background-attachment":"scroll","background-type":"","background-media":"","overlay-type":"","overlay-color":"","overlay-opacity":"","overlay-gradient":""},"tablet":{"background-color":"var(--ast-global-color-5)","background-image":"","background-repeat":"repeat","background-position":"center center","background-size":"auto","background-attachment":"scroll","background-type":"","background-media":"","overlay-type":"","overlay-color":"","overlay-opacity":"","overlay-gradient":""},"mobile":{"background-color":"var(--ast-global-color-5)","background-image":"","background-repeat":"repeat","background-position":"center center","background-size":"auto","background-attachment":"scroll","background-type":"","background-media":"","overlay-type":"","overlay-color":"","overlay-opacity":"","overlay-gradient":""}},"footnotes":""},"categories":[1],"tags":[],"class_list":["post-17799","post","type-post","status-publish","format-standard","has-post-thumbnail","hentry","category-aktuality"],"yoast_head":"<!-- This site is optimized with the Yoast SEO plugin v27.5 - https:\/\/yoast.com\/product\/yoast-seo-wordpress\/ -->\n<title>Ocenenie \u0160IOV-u Filozofickou fakultou Univerzity Komensk\u00e9ho - \u0160IOV - \u0161t\u00e1tny in\u0161tit\u00fat odborn\u00e9ho vzdel\u00e1vania<\/title>\n<meta name=\"robots\" content=\"index, follow, max-snippet:-1, max-image-preview:large, max-video-preview:-1\" \/>\n<link rel=\"canonical\" href=\"https:\/\/archiv.siov.sk\/en\/ocenenie-siov-u-filozofickou-fakultou-univerzity-komenskeho\/\" \/>\n<meta property=\"og:locale\" content=\"en_GB\" \/>\n<meta property=\"og:type\" content=\"article\" \/>\n<meta property=\"og:title\" content=\"Ocenenie \u0160IOV-u Filozofickou fakultou Univerzity Komensk\u00e9ho - \u0160IOV - \u0161t\u00e1tny in\u0161tit\u00fat odborn\u00e9ho vzdel\u00e1vania\" \/>\n<meta property=\"og:description\" content=\"\u0160t\u00e1tny in\u0161tit\u00fat odborn\u00e9ho vzdel\u00e1vania (\u0160IOV) je medzi partnersk\u00fdmi organiz\u00e1ciami, ktor\u00e9 Filozofick\u00e1 fakulta ocenila za spolupr\u00e1cu pri pr\u00edprave bud\u00facich u\u010dite\u013eov, u\u010diteliek a\u00a0\u0161pecialistov na vzdel\u00e1vanie. Sl\u00e1vnostn\u00e9 stretnutie ako po\u010fakovanie organizovala Katedra pedagogiky Filozofickej fakulty pre partnersk\u00e9 \u0161koly a in\u0161tit\u00facie 28. janu\u00e1ra. Za \u0160IOV \u010fakovn\u00fd dekr\u00e9t z r\u00fak prodekanky pre vzdel\u00e1vanie Lucie Lichnerovej prebrala n\u00e1mestn\u00ed\u010dka riadite\u013ea pre \u00dasek [&hellip;]\" \/>\n<meta property=\"og:url\" content=\"https:\/\/archiv.siov.sk\/en\/ocenenie-siov-u-filozofickou-fakultou-univerzity-komenskeho\/\" \/>\n<meta property=\"og:site_name\" content=\"\u0160IOV - \u0161t\u00e1tny in\u0161tit\u00fat odborn\u00e9ho vzdel\u00e1vania\" \/>\n<meta property=\"article:publisher\" content=\"https:\/\/www.facebook.com\/Statnyinstitutodbornehovzdelavania\" \/>\n<meta property=\"article:published_time\" content=\"2025-02-06T08:47:21+00:00\" \/>\n<meta property=\"article:modified_time\" content=\"2025-02-06T08:52:19+00:00\" \/>\n<meta property=\"og:image\" content=\"https:\/\/archiv.siov.sk\/wp-content\/uploads\/2025\/02\/476498338_1949657485522630_9155065029903121879_n-e1738831895671.jpg\" \/>\n\t<meta property=\"og:image:width\" content=\"1180\" \/>\n\t<meta property=\"og:image:height\" content=\"1292\" \/>\n\t<meta property=\"og:image:type\" content=\"image\/jpeg\" \/>\n<meta name=\"author\" content=\"Katar\u00edna Kov\u00e1\u010dov\u00e1\" \/>\n<meta name=\"twitter:card\" content=\"summary_large_image\" \/>\n<meta name=\"twitter:label1\" content=\"Written by\" \/>\n\t<meta name=\"twitter:data1\" content=\"Katar\u00edna Kov\u00e1\u010dov\u00e1\" \/>\n\t<meta name=\"twitter:label2\" content=\"Estimated reading time\" \/>\n\t<meta name=\"twitter:data2\" content=\"2 minutes\" \/>\n<script type=\"application\/ld+json\" class=\"yoast-schema-graph\">{\"@context\":\"https:\\\/\\\/schema.org\",\"@graph\":[{\"@type\":\"Article\",\"@id\":\"https:\\\/\\\/archiv.siov.sk\\\/ocenenie-siov-u-filozofickou-fakultou-univerzity-komenskeho\\\/#article\",\"isPartOf\":{\"@id\":\"https:\\\/\\\/archiv.siov.sk\\\/ocenenie-siov-u-filozofickou-fakultou-univerzity-komenskeho\\\/\"},\"author\":{\"name\":\"Katar\u00edna Kov\u00e1\u010dov\u00e1\",\"@id\":\"https:\\\/\\\/archiv.siov.sk\\\/#\\\/schema\\\/person\\\/e42d633fbd958c6a726e8834d8965e6c\"},\"headline\":\"Ocenenie \u0160IOV-u Filozofickou fakultou Univerzity Komensk\u00e9ho\",\"datePublished\":\"2025-02-06T08:47:21+00:00\",\"dateModified\":\"2025-02-06T08:52:19+00:00\",\"mainEntityOfPage\":{\"@id\":\"https:\\\/\\\/archiv.siov.sk\\\/ocenenie-siov-u-filozofickou-fakultou-univerzity-komenskeho\\\/\"},\"wordCount\":269,\"publisher\":{\"@id\":\"https:\\\/\\\/archiv.siov.sk\\\/#organization\"},\"image\":{\"@id\":\"https:\\\/\\\/archiv.siov.sk\\\/ocenenie-siov-u-filozofickou-fakultou-univerzity-komenskeho\\\/#primaryimage\"},\"thumbnailUrl\":\"https:\\\/\\\/archiv.siov.sk\\\/wp-content\\\/uploads\\\/2025\\\/02\\\/476498338_1949657485522630_9155065029903121879_n-e1738831895671.jpg\",\"articleSection\":[\"Aktuality\"],\"inLanguage\":\"en-GB\"},{\"@type\":\"WebPage\",\"@id\":\"https:\\\/\\\/archiv.siov.sk\\\/ocenenie-siov-u-filozofickou-fakultou-univerzity-komenskeho\\\/\",\"url\":\"https:\\\/\\\/archiv.siov.sk\\\/ocenenie-siov-u-filozofickou-fakultou-univerzity-komenskeho\\\/\",\"name\":\"Ocenenie \u0160IOV-u Filozofickou fakultou Univerzity Komensk\u00e9ho - \u0160IOV - \u0161t\u00e1tny in\u0161tit\u00fat odborn\u00e9ho vzdel\u00e1vania\",\"isPartOf\":{\"@id\":\"https:\\\/\\\/archiv.siov.sk\\\/#website\"},\"primaryImageOfPage\":{\"@id\":\"https:\\\/\\\/archiv.siov.sk\\\/ocenenie-siov-u-filozofickou-fakultou-univerzity-komenskeho\\\/#primaryimage\"},\"image\":{\"@id\":\"https:\\\/\\\/archiv.siov.sk\\\/ocenenie-siov-u-filozofickou-fakultou-univerzity-komenskeho\\\/#primaryimage\"},\"thumbnailUrl\":\"https:\\\/\\\/archiv.siov.sk\\\/wp-content\\\/uploads\\\/2025\\\/02\\\/476498338_1949657485522630_9155065029903121879_n-e1738831895671.jpg\",\"datePublished\":\"2025-02-06T08:47:21+00:00\",\"dateModified\":\"2025-02-06T08:52:19+00:00\",\"breadcrumb\":{\"@id\":\"https:\\\/\\\/archiv.siov.sk\\\/ocenenie-siov-u-filozofickou-fakultou-univerzity-komenskeho\\\/#breadcrumb\"},\"inLanguage\":\"en-GB\",\"potentialAction\":[{\"@type\":\"ReadAction\",\"target\":[\"https:\\\/\\\/archiv.siov.sk\\\/ocenenie-siov-u-filozofickou-fakultou-univerzity-komenskeho\\\/\"]}]},{\"@type\":\"ImageObject\",\"inLanguage\":\"en-GB\",\"@id\":\"https:\\\/\\\/archiv.siov.sk\\\/ocenenie-siov-u-filozofickou-fakultou-univerzity-komenskeho\\\/#primaryimage\",\"url\":\"https:\\\/\\\/archiv.siov.sk\\\/wp-content\\\/uploads\\\/2025\\\/02\\\/476498338_1949657485522630_9155065029903121879_n-e1738831895671.jpg\",\"contentUrl\":\"https:\\\/\\\/archiv.siov.sk\\\/wp-content\\\/uploads\\\/2025\\\/02\\\/476498338_1949657485522630_9155065029903121879_n-e1738831895671.jpg\",\"width\":1180,\"height\":1292},{\"@type\":\"BreadcrumbList\",\"@id\":\"https:\\\/\\\/archiv.siov.sk\\\/ocenenie-siov-u-filozofickou-fakultou-univerzity-komenskeho\\\/#breadcrumb\",\"itemListElement\":[{\"@type\":\"ListItem\",\"position\":1,\"name\":\"Home\",\"item\":\"https:\\\/\\\/archiv.siov.sk\\\/\"},{\"@type\":\"ListItem\",\"position\":2,\"name\":\"Ocenenie \u0160IOV-u Filozofickou fakultou Univerzity Komensk\u00e9ho\"}]},{\"@type\":\"WebSite\",\"@id\":\"https:\\\/\\\/archiv.siov.sk\\\/#website\",\"url\":\"https:\\\/\\\/archiv.siov.sk\\\/\",\"name\":\"\u0160IOV - \u0161t\u00e1tny in\u0161tit\u00fat odborn\u00e9ho vzdel\u00e1vania\",\"description\":\"\",\"publisher\":{\"@id\":\"https:\\\/\\\/archiv.siov.sk\\\/#organization\"},\"potentialAction\":[{\"@type\":\"SearchAction\",\"target\":{\"@type\":\"EntryPoint\",\"urlTemplate\":\"https:\\\/\\\/archiv.siov.sk\\\/?s={search_term_string}\"},\"query-input\":{\"@type\":\"PropertyValueSpecification\",\"valueRequired\":true,\"valueName\":\"search_term_string\"}}],\"inLanguage\":\"en-GB\"},{\"@type\":\"Organization\",\"@id\":\"https:\\\/\\\/archiv.siov.sk\\\/#organization\",\"name\":\"\u0160IOV - \u0161t\u00e1tny in\u0161tit\u00fat odborn\u00e9ho vzdel\u00e1vania\",\"url\":\"https:\\\/\\\/archiv.siov.sk\\\/\",\"logo\":{\"@type\":\"ImageObject\",\"inLanguage\":\"en-GB\",\"@id\":\"https:\\\/\\\/archiv.siov.sk\\\/#\\\/schema\\\/logo\\\/image\\\/\",\"url\":\"https:\\\/\\\/archiv.siov.sk\\\/wp-content\\\/uploads\\\/2024\\\/02\\\/logo-SIOV.png\",\"contentUrl\":\"https:\\\/\\\/archiv.siov.sk\\\/wp-content\\\/uploads\\\/2024\\\/02\\\/logo-SIOV.png\",\"width\":431,\"height\":143,\"caption\":\"\u0160IOV - \u0161t\u00e1tny in\u0161tit\u00fat odborn\u00e9ho vzdel\u00e1vania\"},\"image\":{\"@id\":\"https:\\\/\\\/archiv.siov.sk\\\/#\\\/schema\\\/logo\\\/image\\\/\"},\"sameAs\":[\"https:\\\/\\\/www.facebook.com\\\/Statnyinstitutodbornehovzdelavania\"]},{\"@type\":\"Person\",\"@id\":\"https:\\\/\\\/archiv.siov.sk\\\/#\\\/schema\\\/person\\\/e42d633fbd958c6a726e8834d8965e6c\",\"name\":\"Katar\u00edna Kov\u00e1\u010dov\u00e1\",\"url\":\"https:\\\/\\\/archiv.siov.sk\\\/en\\\/author\\\/katkakovacova\\\/\"}]}<\/script>\n<!-- \/ Yoast SEO plugin. -->","yoast_head_json":{"title":"Ocenenie \u0160IOV-u Filozofickou fakultou Univerzity Komensk\u00e9ho - \u0160IOV - \u0161t\u00e1tny in\u0161tit\u00fat odborn\u00e9ho vzdel\u00e1vania","robots":{"index":"index","follow":"follow","max-snippet":"max-snippet:-1","max-image-preview":"max-image-preview:large","max-video-preview":"max-video-preview:-1"},"canonical":"https:\/\/archiv.siov.sk\/en\/ocenenie-siov-u-filozofickou-fakultou-univerzity-komenskeho\/","og_locale":"en_GB","og_type":"article","og_title":"Ocenenie \u0160IOV-u Filozofickou fakultou Univerzity Komensk\u00e9ho - \u0160IOV - \u0161t\u00e1tny in\u0161tit\u00fat odborn\u00e9ho vzdel\u00e1vania","og_description":"\u0160t\u00e1tny in\u0161tit\u00fat odborn\u00e9ho vzdel\u00e1vania (\u0160IOV) je medzi partnersk\u00fdmi organiz\u00e1ciami, ktor\u00e9 Filozofick\u00e1 fakulta ocenila za spolupr\u00e1cu pri pr\u00edprave bud\u00facich u\u010dite\u013eov, u\u010diteliek a\u00a0\u0161pecialistov na vzdel\u00e1vanie. Sl\u00e1vnostn\u00e9 stretnutie ako po\u010fakovanie organizovala Katedra pedagogiky Filozofickej fakulty pre partnersk\u00e9 \u0161koly a in\u0161tit\u00facie 28. janu\u00e1ra. Za \u0160IOV \u010fakovn\u00fd dekr\u00e9t z r\u00fak prodekanky pre vzdel\u00e1vanie Lucie Lichnerovej prebrala n\u00e1mestn\u00ed\u010dka riadite\u013ea pre \u00dasek [&hellip;]","og_url":"https:\/\/archiv.siov.sk\/en\/ocenenie-siov-u-filozofickou-fakultou-univerzity-komenskeho\/","og_site_name":"\u0160IOV - \u0161t\u00e1tny in\u0161tit\u00fat odborn\u00e9ho vzdel\u00e1vania","article_publisher":"https:\/\/www.facebook.com\/Statnyinstitutodbornehovzdelavania","article_published_time":"2025-02-06T08:47:21+00:00","article_modified_time":"2025-02-06T08:52:19+00:00","og_image":[{"width":1180,"height":1292,"url":"https:\/\/archiv.siov.sk\/wp-content\/uploads\/2025\/02\/476498338_1949657485522630_9155065029903121879_n-e1738831895671.jpg","type":"image\/jpeg"}],"author":"Katar\u00edna Kov\u00e1\u010dov\u00e1","twitter_card":"summary_large_image","twitter_misc":{"Written by":"Katar\u00edna Kov\u00e1\u010dov\u00e1","Estimated reading time":"2 minutes"},"schema":{"@context":"https:\/\/schema.org","@graph":[{"@type":"Article","@id":"https:\/\/archiv.siov.sk\/ocenenie-siov-u-filozofickou-fakultou-univerzity-komenskeho\/#article","isPartOf":{"@id":"https:\/\/archiv.siov.sk\/ocenenie-siov-u-filozofickou-fakultou-univerzity-komenskeho\/"},"author":{"name":"Katar\u00edna Kov\u00e1\u010dov\u00e1","@id":"https:\/\/archiv.siov.sk\/#\/schema\/person\/e42d633fbd958c6a726e8834d8965e6c"},"headline":"Ocenenie \u0160IOV-u Filozofickou fakultou Univerzity Komensk\u00e9ho","datePublished":"2025-02-06T08:47:21+00:00","dateModified":"2025-02-06T08:52:19+00:00","mainEntityOfPage":{"@id":"https:\/\/archiv.siov.sk\/ocenenie-siov-u-filozofickou-fakultou-univerzity-komenskeho\/"},"wordCount":269,"publisher":{"@id":"https:\/\/archiv.siov.sk\/#organization"},"image":{"@id":"https:\/\/archiv.siov.sk\/ocenenie-siov-u-filozofickou-fakultou-univerzity-komenskeho\/#primaryimage"},"thumbnailUrl":"https:\/\/archiv.siov.sk\/wp-content\/uploads\/2025\/02\/476498338_1949657485522630_9155065029903121879_n-e1738831895671.jpg","articleSection":["Aktuality"],"inLanguage":"en-GB"},{"@type":"WebPage","@id":"https:\/\/archiv.siov.sk\/ocenenie-siov-u-filozofickou-fakultou-univerzity-komenskeho\/","url":"https:\/\/archiv.siov.sk\/ocenenie-siov-u-filozofickou-fakultou-univerzity-komenskeho\/","name":"Ocenenie \u0160IOV-u Filozofickou fakultou Univerzity Komensk\u00e9ho - \u0160IOV - \u0161t\u00e1tny in\u0161tit\u00fat odborn\u00e9ho vzdel\u00e1vania","isPartOf":{"@id":"https:\/\/archiv.siov.sk\/#website"},"primaryImageOfPage":{"@id":"https:\/\/archiv.siov.sk\/ocenenie-siov-u-filozofickou-fakultou-univerzity-komenskeho\/#primaryimage"},"image":{"@id":"https:\/\/archiv.siov.sk\/ocenenie-siov-u-filozofickou-fakultou-univerzity-komenskeho\/#primaryimage"},"thumbnailUrl":"https:\/\/archiv.siov.sk\/wp-content\/uploads\/2025\/02\/476498338_1949657485522630_9155065029903121879_n-e1738831895671.jpg","datePublished":"2025-02-06T08:47:21+00:00","dateModified":"2025-02-06T08:52:19+00:00","breadcrumb":{"@id":"https:\/\/archiv.siov.sk\/ocenenie-siov-u-filozofickou-fakultou-univerzity-komenskeho\/#breadcrumb"},"inLanguage":"en-GB","potentialAction":[{"@type":"ReadAction","target":["https:\/\/archiv.siov.sk\/ocenenie-siov-u-filozofickou-fakultou-univerzity-komenskeho\/"]}]},{"@type":"ImageObject","inLanguage":"en-GB","@id":"https:\/\/archiv.siov.sk\/ocenenie-siov-u-filozofickou-fakultou-univerzity-komenskeho\/#primaryimage","url":"https:\/\/archiv.siov.sk\/wp-content\/uploads\/2025\/02\/476498338_1949657485522630_9155065029903121879_n-e1738831895671.jpg","contentUrl":"https:\/\/archiv.siov.sk\/wp-content\/uploads\/2025\/02\/476498338_1949657485522630_9155065029903121879_n-e1738831895671.jpg","width":1180,"height":1292},{"@type":"BreadcrumbList","@id":"https:\/\/archiv.siov.sk\/ocenenie-siov-u-filozofickou-fakultou-univerzity-komenskeho\/#breadcrumb","itemListElement":[{"@type":"ListItem","position":1,"name":"Home","item":"https:\/\/archiv.siov.sk\/"},{"@type":"ListItem","position":2,"name":"Ocenenie \u0160IOV-u Filozofickou fakultou Univerzity Komensk\u00e9ho"}]},{"@type":"WebSite","@id":"https:\/\/archiv.siov.sk\/#website","url":"https:\/\/archiv.siov.sk\/","name":"\u0160IOV - \u0161t\u00e1tny in\u0161tit\u00fat odborn\u00e9ho vzdel\u00e1vania","description":"","publisher":{"@id":"https:\/\/archiv.siov.sk\/#organization"},"potentialAction":[{"@type":"SearchAction","target":{"@type":"EntryPoint","urlTemplate":"https:\/\/archiv.siov.sk\/?s={search_term_string}"},"query-input":{"@type":"PropertyValueSpecification","valueRequired":true,"valueName":"search_term_string"}}],"inLanguage":"en-GB"},{"@type":"Organization","@id":"https:\/\/archiv.siov.sk\/#organization","name":"\u0160IOV - \u0161t\u00e1tny in\u0161tit\u00fat odborn\u00e9ho vzdel\u00e1vania","url":"https:\/\/archiv.siov.sk\/","logo":{"@type":"ImageObject","inLanguage":"en-GB","@id":"https:\/\/archiv.siov.sk\/#\/schema\/logo\/image\/","url":"https:\/\/archiv.siov.sk\/wp-content\/uploads\/2024\/02\/logo-SIOV.png","contentUrl":"https:\/\/archiv.siov.sk\/wp-content\/uploads\/2024\/02\/logo-SIOV.png","width":431,"height":143,"caption":"\u0160IOV - \u0161t\u00e1tny in\u0161tit\u00fat odborn\u00e9ho vzdel\u00e1vania"},"image":{"@id":"https:\/\/archiv.siov.sk\/#\/schema\/logo\/image\/"},"sameAs":["https:\/\/www.facebook.com\/Statnyinstitutodbornehovzdelavania"]},{"@type":"Person","@id":"https:\/\/archiv.siov.sk\/#\/schema\/person\/e42d633fbd958c6a726e8834d8965e6c","name":"Katar\u00edna Kov\u00e1\u010dov\u00e1","url":"https:\/\/archiv.siov.sk\/en\/author\/katkakovacova\/"}]}},"_links":{"self":[{"href":"https:\/\/archiv.siov.sk\/en\/wp-json\/wp\/v2\/posts\/17799","targetHints":{"allow":["GET"]}}],"collection":[{"href":"https:\/\/archiv.siov.sk\/en\/wp-json\/wp\/v2\/posts"}],"about":[{"href":"https:\/\/archiv.siov.sk\/en\/wp-json\/wp\/v2\/types\/post"}],"author":[{"embeddable":true,"href":"https:\/\/archiv.siov.sk\/en\/wp-json\/wp\/v2\/users\/6"}],"replies":[{"embeddable":true,"href":"https:\/\/archiv.siov.sk\/en\/wp-json\/wp\/v2\/comments?post=17799"}],"version-history":[{"count":2,"href":"https:\/\/archiv.siov.sk\/en\/wp-json\/wp\/v2\/posts\/17799\/revisions"}],"predecessor-version":[{"id":17803,"href":"https:\/\/archiv.siov.sk\/en\/wp-json\/wp\/v2\/posts\/17799\/revisions\/17803"}],"wp:featuredmedia":[{"embeddable":true,"href":"https:\/\/archiv.siov.sk\/en\/wp-json\/wp\/v2\/media\/17802"}],"wp:attachment":[{"href":"https:\/\/archiv.siov.sk\/en\/wp-json\/wp\/v2\/media?parent=17799"}],"wp:term":[{"taxonomy":"category","embeddable":true,"href":"https:\/\/archiv.siov.sk\/en\/wp-json\/wp\/v2\/categories?post=17799"},{"taxonomy":"post_tag","embeddable":true,"href":"https:\/\/archiv.siov.sk\/en\/wp-json\/wp\/v2\/tags?post=17799"}],"curies":[{"name":"wp","href":"https:\/\/api.w.org\/{rel}","templated":true}]}}