{"id":17780,"date":"2025-02-04T15:07:16","date_gmt":"2025-02-04T14:07:16","guid":{"rendered":"https:\/\/archiv.siov.sk\/?p=17780"},"modified":"2025-02-05T14:32:38","modified_gmt":"2025-02-05T13:32:38","slug":"blizi-sa-finale-sutaze-zenit","status":"publish","type":"post","link":"https:\/\/archiv.siov.sk\/en\/blizi-sa-finale-sutaze-zenit\/","title":{"rendered":"96 \u017eiakov z cel\u00e9ho Slovenska sa stretne na fin\u00e1le s\u00fa\u0165a\u017ee Zenit"},"content":{"rendered":"<p><strong>Skills Slovakia s\u00fa\u0165a\u017e ZENIT prever\u00ed odborn\u00e9 technick\u00e9 zru\u010dnosti \u017eiakov stredn\u00fdch \u0161k\u00f4l.<\/strong><\/p>\n<p style=\"text-align: justify;\">Stredo\u0161kol\u00e1ci z\u00a0cel\u00e9ho Slovenska si <strong>17. a\u017e 20. marca <\/strong>zmeraj\u00fa sily v r\u00e1mci desiatich kateg\u00f3rii celoslovensk\u00e9ho kola s\u00fa\u0165a\u017ee ZENIT Skills Slovakia, ktor\u00e9 sa kon\u00e1 na Strednej priemyselnej \u0161kole informa\u010dn\u00fdch technol\u00f3gi\u00ed a Strednej odbornej \u0161kole strojn\u00edckej v Kysuckom Novom Meste.<\/p>\n<p style=\"text-align: justify;\">Odborn\u00e9 vedomosti a zru\u010dnosti \u017eiaci uk\u00e1zali najsk\u00f4r na \u0161kolsk\u00fdch kol\u00e1ch, z ktor\u00fdch najlep\u0161\u00ed post\u00fapili na krajsk\u00e9. Do \u0161kolsk\u00fdch k\u00f4l sa v tomto \u0161kolskom roku zapojilo 5 350 \u017eiakov \u00a0zo stredn\u00fdch odborn\u00fdch \u0161k\u00f4l a gymn\u00e1zi\u00ed.<\/p>\n<p style=\"text-align: justify;\">V\u00ed\u0165azi z \u00f4smich krajov, spolu 96 \u017eiakov z cel\u00e9ho Slovenska sa teraz stretne na celo\u0161t\u00e1tnom kole. Jeho prv\u00fd de\u0148 otestuje ich teoretick\u00e9 vedomosti a druh\u00fd bud\u00fa s\u00fa\u0165a\u017ei\u0165 v praktick\u00fdch zru\u010dnostiach. Ver\u00edme, \u017ee v n\u00e1ro\u010dn\u00fdch s\u00fa\u0165a\u017en\u00fdch zadaniach v kateg\u00f3ri\u00e1ch programovanie A, B, web grafik a web developer, elektronika A, B, a stroj\u00e1rstvo A, C &#8211; CNC, S-strojn\u00e9 a R-ru\u010dn\u00e9 obr\u00e1banie predstavia mimoriadne nadanie, talent a v\u00fdnimo\u010dnos\u0165 dosiahnut\u00fdch teoretick\u00fdch a praktick\u00fdch vedomost\u00ed, ktor\u00e9 s\u00fa dnes na trhu pr\u00e1ce zamestn\u00e1vate\u013emi nesmierne \u017eiadan\u00e9.<\/p>\n<p style=\"text-align: justify;\">Odborn\u00e9 hodnotiace komisie bud\u00fa ma\u0165 aj v nadch\u00e1dzaj\u00facom 41. ro\u010dn\u00edku nesmierne d\u00f4le\u017eit\u00fa\u00a0 \u00falohu zhodnoti\u0165 pr\u00e1cu \u017eiakov a vybra\u0165 v\u00ed\u0165azov. V zameraniach web grafik a elektronika sa s\u00fa\u0165a\u017e zaradila do projektu Erasmus+ SkillsComp s cie\u013eom rozvoja talentov a porovn\u00e1vania \u00farovne odborn\u00fdch vedomost\u00ed a zru\u010dnost\u00ed s \u010ceskou republikou, Po\u013eskom a Rumunskom.<\/p>\n<p style=\"text-align: justify;\">Najlep\u0161\u00ed s\u00fa\u0165a\u017eiaci v kateg\u00f3ri\u00e1ch grafik, programovanie web developer a elektronik maj\u00fa mo\u017enos\u0165 v tomto roku post\u00fapi\u0165 do v\u00fdberov\u00e9ho t\u00edmu eur\u00f3pskej s\u00fa\u0165a\u017ee zru\u010dnosti mlad\u00fdch talentov EuroSkills 2025, ktor\u00e9 sa uskuto\u010dn\u00ed 9.-13. septembra v d\u00e1nskom Herningu.<\/p>\n<p style=\"text-align: justify;\">Celo\u0161t\u00e1tne kolo metodicky a\u00a0odborne zabezpe\u010duje \u0160t\u00e1tny in\u0161tit\u00fat odborn\u00e9ho vzdel\u00e1vania, odbor podpory smerovania ml\u00e1de\u017ee. Vyhlasovate\u013eom je Ministerstvo \u0161kolstva, v\u00fdskumu, v\u00fdvoja a\u00a0ml\u00e1de\u017ee SR.<\/p>\n<p>Ako to vyzeralo na Zenite 2024 si pozrite <a href=\"https:\/\/www.youtube.com\/watch?v=5qGpBicrEcg&amp;t=1s\" target=\"_blank\" rel=\"noopener\">vo videu<\/a><\/p>","protected":false},"excerpt":{"rendered":"<p>Skills Slovakia s\u00fa\u0165a\u017e ZENIT prever\u00ed odborn\u00e9 technick\u00e9 zru\u010dnosti \u017eiakov stredn\u00fdch \u0161k\u00f4l. Stredo\u0161kol\u00e1ci z\u00a0cel\u00e9ho Slovenska si 17. a\u017e 20. marca zmeraj\u00fa sily v r\u00e1mci desiatich kateg\u00f3rii celoslovensk\u00e9ho kola s\u00fa\u0165a\u017ee ZENIT Skills Slovakia, ktor\u00e9 sa kon\u00e1 na Strednej priemyselnej \u0161kole informa\u010dn\u00fdch technol\u00f3gi\u00ed a Strednej odbornej \u0161kole strojn\u00edckej v Kysuckom Novom Meste. Odborn\u00e9 vedomosti a zru\u010dnosti \u017eiaci uk\u00e1zali [&hellip;]<\/p>\n","protected":false},"author":6,"featured_media":17782,"comment_status":"closed","ping_status":"closed","sticky":false,"template":"","format":"standard","meta":{"site-sidebar-layout":"default","site-content-layout":"","ast-site-content-layout":"default","site-content-style":"default","site-sidebar-style":"default","ast-global-header-display":"","ast-banner-title-visibility":"","ast-main-header-display":"","ast-hfb-above-header-display":"","ast-hfb-below-header-display":"","ast-hfb-mobile-header-display":"","site-post-title":"","ast-breadcrumbs-content":"","ast-featured-img":"","footer-sml-layout":"","ast-disable-related-posts":"","theme-transparent-header-meta":"default","adv-header-id-meta":"","stick-header-meta":"default","header-above-stick-meta":"","header-main-stick-meta":"","header-below-stick-meta":"","astra-migrate-meta-layouts":"set","ast-page-background-enabled":"default","ast-page-background-meta":{"desktop":{"background-color":"var(--ast-global-color-4)","background-image":"","background-repeat":"repeat","background-position":"center center","background-size":"auto","background-attachment":"scroll","background-type":"","background-media":"","overlay-type":"","overlay-color":"","overlay-opacity":"","overlay-gradient":""},"tablet":{"background-color":"","background-image":"","background-repeat":"repeat","background-position":"center center","background-size":"auto","background-attachment":"scroll","background-type":"","background-media":"","overlay-type":"","overlay-color":"","overlay-opacity":"","overlay-gradient":""},"mobile":{"background-color":"","background-image":"","background-repeat":"repeat","background-position":"center center","background-size":"auto","background-attachment":"scroll","background-type":"","background-media":"","overlay-type":"","overlay-color":"","overlay-opacity":"","overlay-gradient":""}},"ast-content-background-meta":{"desktop":{"background-color":"var(--ast-global-color-5)","background-image":"","background-repeat":"repeat","background-position":"center center","background-size":"auto","background-attachment":"scroll","background-type":"","background-media":"","overlay-type":"","overlay-color":"","overlay-opacity":"","overlay-gradient":""},"tablet":{"background-color":"var(--ast-global-color-5)","background-image":"","background-repeat":"repeat","background-position":"center center","background-size":"auto","background-attachment":"scroll","background-type":"","background-media":"","overlay-type":"","overlay-color":"","overlay-opacity":"","overlay-gradient":""},"mobile":{"background-color":"var(--ast-global-color-5)","background-image":"","background-repeat":"repeat","background-position":"center center","background-size":"auto","background-attachment":"scroll","background-type":"","background-media":"","overlay-type":"","overlay-color":"","overlay-opacity":"","overlay-gradient":""}},"footnotes":""},"categories":[1],"tags":[],"class_list":["post-17780","post","type-post","status-publish","format-standard","has-post-thumbnail","hentry","category-aktuality"],"yoast_head":"<!-- This site is optimized with the Yoast SEO plugin v27.5 - https:\/\/yoast.com\/product\/yoast-seo-wordpress\/ -->\n<title>96 \u017eiakov z cel\u00e9ho Slovenska sa stretne na fin\u00e1le s\u00fa\u0165a\u017ee Zenit - \u0160IOV - \u0161t\u00e1tny in\u0161tit\u00fat odborn\u00e9ho vzdel\u00e1vania<\/title>\n<meta name=\"robots\" content=\"index, follow, max-snippet:-1, max-image-preview:large, max-video-preview:-1\" \/>\n<link rel=\"canonical\" href=\"https:\/\/archiv.siov.sk\/en\/blizi-sa-finale-sutaze-zenit\/\" \/>\n<meta property=\"og:locale\" content=\"en_GB\" \/>\n<meta property=\"og:type\" content=\"article\" \/>\n<meta property=\"og:title\" content=\"96 \u017eiakov z cel\u00e9ho Slovenska sa stretne na fin\u00e1le s\u00fa\u0165a\u017ee Zenit - \u0160IOV - \u0161t\u00e1tny in\u0161tit\u00fat odborn\u00e9ho vzdel\u00e1vania\" \/>\n<meta property=\"og:description\" content=\"Skills Slovakia s\u00fa\u0165a\u017e ZENIT prever\u00ed odborn\u00e9 technick\u00e9 zru\u010dnosti \u017eiakov stredn\u00fdch \u0161k\u00f4l. Stredo\u0161kol\u00e1ci z\u00a0cel\u00e9ho Slovenska si 17. a\u017e 20. marca zmeraj\u00fa sily v r\u00e1mci desiatich kateg\u00f3rii celoslovensk\u00e9ho kola s\u00fa\u0165a\u017ee ZENIT Skills Slovakia, ktor\u00e9 sa kon\u00e1 na Strednej priemyselnej \u0161kole informa\u010dn\u00fdch technol\u00f3gi\u00ed a Strednej odbornej \u0161kole strojn\u00edckej v Kysuckom Novom Meste. Odborn\u00e9 vedomosti a zru\u010dnosti \u017eiaci uk\u00e1zali [&hellip;]\" \/>\n<meta property=\"og:url\" content=\"https:\/\/archiv.siov.sk\/en\/blizi-sa-finale-sutaze-zenit\/\" \/>\n<meta property=\"og:site_name\" content=\"\u0160IOV - \u0161t\u00e1tny in\u0161tit\u00fat odborn\u00e9ho vzdel\u00e1vania\" \/>\n<meta property=\"article:publisher\" content=\"https:\/\/www.facebook.com\/Statnyinstitutodbornehovzdelavania\" \/>\n<meta property=\"article:published_time\" content=\"2025-02-04T14:07:16+00:00\" \/>\n<meta property=\"article:modified_time\" content=\"2025-02-05T13:32:38+00:00\" \/>\n<meta property=\"og:image\" content=\"https:\/\/archiv.siov.sk\/wp-content\/uploads\/2025\/02\/Zenit-2024.jpg\" \/>\n\t<meta property=\"og:image:width\" content=\"2048\" \/>\n\t<meta property=\"og:image:height\" content=\"1536\" \/>\n\t<meta property=\"og:image:type\" content=\"image\/jpeg\" \/>\n<meta name=\"author\" content=\"Katar\u00edna Kov\u00e1\u010dov\u00e1\" \/>\n<meta name=\"twitter:card\" content=\"summary_large_image\" \/>\n<meta name=\"twitter:label1\" content=\"Written by\" \/>\n\t<meta name=\"twitter:data1\" content=\"Katar\u00edna Kov\u00e1\u010dov\u00e1\" \/>\n\t<meta name=\"twitter:label2\" content=\"Estimated reading time\" \/>\n\t<meta name=\"twitter:data2\" content=\"2 minutes\" \/>\n<script type=\"application\/ld+json\" class=\"yoast-schema-graph\">{\"@context\":\"https:\\\/\\\/schema.org\",\"@graph\":[{\"@type\":\"Article\",\"@id\":\"https:\\\/\\\/archiv.siov.sk\\\/blizi-sa-finale-sutaze-zenit\\\/#article\",\"isPartOf\":{\"@id\":\"https:\\\/\\\/archiv.siov.sk\\\/blizi-sa-finale-sutaze-zenit\\\/\"},\"author\":{\"name\":\"Katar\u00edna Kov\u00e1\u010dov\u00e1\",\"@id\":\"https:\\\/\\\/archiv.siov.sk\\\/#\\\/schema\\\/person\\\/e42d633fbd958c6a726e8834d8965e6c\"},\"headline\":\"96 \u017eiakov z cel\u00e9ho Slovenska sa stretne na fin\u00e1le s\u00fa\u0165a\u017ee Zenit\",\"datePublished\":\"2025-02-04T14:07:16+00:00\",\"dateModified\":\"2025-02-05T13:32:38+00:00\",\"mainEntityOfPage\":{\"@id\":\"https:\\\/\\\/archiv.siov.sk\\\/blizi-sa-finale-sutaze-zenit\\\/\"},\"wordCount\":387,\"publisher\":{\"@id\":\"https:\\\/\\\/archiv.siov.sk\\\/#organization\"},\"image\":{\"@id\":\"https:\\\/\\\/archiv.siov.sk\\\/blizi-sa-finale-sutaze-zenit\\\/#primaryimage\"},\"thumbnailUrl\":\"https:\\\/\\\/archiv.siov.sk\\\/wp-content\\\/uploads\\\/2025\\\/02\\\/Zenit-2024.jpg\",\"articleSection\":[\"Aktuality\"],\"inLanguage\":\"en-GB\"},{\"@type\":\"WebPage\",\"@id\":\"https:\\\/\\\/archiv.siov.sk\\\/blizi-sa-finale-sutaze-zenit\\\/\",\"url\":\"https:\\\/\\\/archiv.siov.sk\\\/blizi-sa-finale-sutaze-zenit\\\/\",\"name\":\"96 \u017eiakov z cel\u00e9ho Slovenska sa stretne na fin\u00e1le s\u00fa\u0165a\u017ee Zenit - \u0160IOV - \u0161t\u00e1tny in\u0161tit\u00fat odborn\u00e9ho vzdel\u00e1vania\",\"isPartOf\":{\"@id\":\"https:\\\/\\\/archiv.siov.sk\\\/#website\"},\"primaryImageOfPage\":{\"@id\":\"https:\\\/\\\/archiv.siov.sk\\\/blizi-sa-finale-sutaze-zenit\\\/#primaryimage\"},\"image\":{\"@id\":\"https:\\\/\\\/archiv.siov.sk\\\/blizi-sa-finale-sutaze-zenit\\\/#primaryimage\"},\"thumbnailUrl\":\"https:\\\/\\\/archiv.siov.sk\\\/wp-content\\\/uploads\\\/2025\\\/02\\\/Zenit-2024.jpg\",\"datePublished\":\"2025-02-04T14:07:16+00:00\",\"dateModified\":\"2025-02-05T13:32:38+00:00\",\"breadcrumb\":{\"@id\":\"https:\\\/\\\/archiv.siov.sk\\\/blizi-sa-finale-sutaze-zenit\\\/#breadcrumb\"},\"inLanguage\":\"en-GB\",\"potentialAction\":[{\"@type\":\"ReadAction\",\"target\":[\"https:\\\/\\\/archiv.siov.sk\\\/blizi-sa-finale-sutaze-zenit\\\/\"]}]},{\"@type\":\"ImageObject\",\"inLanguage\":\"en-GB\",\"@id\":\"https:\\\/\\\/archiv.siov.sk\\\/blizi-sa-finale-sutaze-zenit\\\/#primaryimage\",\"url\":\"https:\\\/\\\/archiv.siov.sk\\\/wp-content\\\/uploads\\\/2025\\\/02\\\/Zenit-2024.jpg\",\"contentUrl\":\"https:\\\/\\\/archiv.siov.sk\\\/wp-content\\\/uploads\\\/2025\\\/02\\\/Zenit-2024.jpg\",\"width\":2048,\"height\":1536},{\"@type\":\"BreadcrumbList\",\"@id\":\"https:\\\/\\\/archiv.siov.sk\\\/blizi-sa-finale-sutaze-zenit\\\/#breadcrumb\",\"itemListElement\":[{\"@type\":\"ListItem\",\"position\":1,\"name\":\"Home\",\"item\":\"https:\\\/\\\/archiv.siov.sk\\\/\"},{\"@type\":\"ListItem\",\"position\":2,\"name\":\"96 \u017eiakov z cel\u00e9ho Slovenska sa stretne na fin\u00e1le s\u00fa\u0165a\u017ee Zenit\"}]},{\"@type\":\"WebSite\",\"@id\":\"https:\\\/\\\/archiv.siov.sk\\\/#website\",\"url\":\"https:\\\/\\\/archiv.siov.sk\\\/\",\"name\":\"\u0160IOV - \u0161t\u00e1tny in\u0161tit\u00fat odborn\u00e9ho vzdel\u00e1vania\",\"description\":\"\",\"publisher\":{\"@id\":\"https:\\\/\\\/archiv.siov.sk\\\/#organization\"},\"potentialAction\":[{\"@type\":\"SearchAction\",\"target\":{\"@type\":\"EntryPoint\",\"urlTemplate\":\"https:\\\/\\\/archiv.siov.sk\\\/?s={search_term_string}\"},\"query-input\":{\"@type\":\"PropertyValueSpecification\",\"valueRequired\":true,\"valueName\":\"search_term_string\"}}],\"inLanguage\":\"en-GB\"},{\"@type\":\"Organization\",\"@id\":\"https:\\\/\\\/archiv.siov.sk\\\/#organization\",\"name\":\"\u0160IOV - \u0161t\u00e1tny in\u0161tit\u00fat odborn\u00e9ho vzdel\u00e1vania\",\"url\":\"https:\\\/\\\/archiv.siov.sk\\\/\",\"logo\":{\"@type\":\"ImageObject\",\"inLanguage\":\"en-GB\",\"@id\":\"https:\\\/\\\/archiv.siov.sk\\\/#\\\/schema\\\/logo\\\/image\\\/\",\"url\":\"https:\\\/\\\/archiv.siov.sk\\\/wp-content\\\/uploads\\\/2024\\\/02\\\/logo-SIOV.png\",\"contentUrl\":\"https:\\\/\\\/archiv.siov.sk\\\/wp-content\\\/uploads\\\/2024\\\/02\\\/logo-SIOV.png\",\"width\":431,\"height\":143,\"caption\":\"\u0160IOV - \u0161t\u00e1tny in\u0161tit\u00fat odborn\u00e9ho vzdel\u00e1vania\"},\"image\":{\"@id\":\"https:\\\/\\\/archiv.siov.sk\\\/#\\\/schema\\\/logo\\\/image\\\/\"},\"sameAs\":[\"https:\\\/\\\/www.facebook.com\\\/Statnyinstitutodbornehovzdelavania\"]},{\"@type\":\"Person\",\"@id\":\"https:\\\/\\\/archiv.siov.sk\\\/#\\\/schema\\\/person\\\/e42d633fbd958c6a726e8834d8965e6c\",\"name\":\"Katar\u00edna Kov\u00e1\u010dov\u00e1\",\"url\":\"https:\\\/\\\/archiv.siov.sk\\\/en\\\/author\\\/katkakovacova\\\/\"}]}<\/script>\n<!-- \/ Yoast SEO plugin. -->","yoast_head_json":{"title":"96 \u017eiakov z cel\u00e9ho Slovenska sa stretne na fin\u00e1le s\u00fa\u0165a\u017ee Zenit - \u0160IOV - \u0161t\u00e1tny in\u0161tit\u00fat odborn\u00e9ho vzdel\u00e1vania","robots":{"index":"index","follow":"follow","max-snippet":"max-snippet:-1","max-image-preview":"max-image-preview:large","max-video-preview":"max-video-preview:-1"},"canonical":"https:\/\/archiv.siov.sk\/en\/blizi-sa-finale-sutaze-zenit\/","og_locale":"en_GB","og_type":"article","og_title":"96 \u017eiakov z cel\u00e9ho Slovenska sa stretne na fin\u00e1le s\u00fa\u0165a\u017ee Zenit - \u0160IOV - \u0161t\u00e1tny in\u0161tit\u00fat odborn\u00e9ho vzdel\u00e1vania","og_description":"Skills Slovakia s\u00fa\u0165a\u017e ZENIT prever\u00ed odborn\u00e9 technick\u00e9 zru\u010dnosti \u017eiakov stredn\u00fdch \u0161k\u00f4l. Stredo\u0161kol\u00e1ci z\u00a0cel\u00e9ho Slovenska si 17. a\u017e 20. marca zmeraj\u00fa sily v r\u00e1mci desiatich kateg\u00f3rii celoslovensk\u00e9ho kola s\u00fa\u0165a\u017ee ZENIT Skills Slovakia, ktor\u00e9 sa kon\u00e1 na Strednej priemyselnej \u0161kole informa\u010dn\u00fdch technol\u00f3gi\u00ed a Strednej odbornej \u0161kole strojn\u00edckej v Kysuckom Novom Meste. Odborn\u00e9 vedomosti a zru\u010dnosti \u017eiaci uk\u00e1zali [&hellip;]","og_url":"https:\/\/archiv.siov.sk\/en\/blizi-sa-finale-sutaze-zenit\/","og_site_name":"\u0160IOV - \u0161t\u00e1tny in\u0161tit\u00fat odborn\u00e9ho vzdel\u00e1vania","article_publisher":"https:\/\/www.facebook.com\/Statnyinstitutodbornehovzdelavania","article_published_time":"2025-02-04T14:07:16+00:00","article_modified_time":"2025-02-05T13:32:38+00:00","og_image":[{"width":2048,"height":1536,"url":"https:\/\/archiv.siov.sk\/wp-content\/uploads\/2025\/02\/Zenit-2024.jpg","type":"image\/jpeg"}],"author":"Katar\u00edna Kov\u00e1\u010dov\u00e1","twitter_card":"summary_large_image","twitter_misc":{"Written by":"Katar\u00edna Kov\u00e1\u010dov\u00e1","Estimated reading time":"2 minutes"},"schema":{"@context":"https:\/\/schema.org","@graph":[{"@type":"Article","@id":"https:\/\/archiv.siov.sk\/blizi-sa-finale-sutaze-zenit\/#article","isPartOf":{"@id":"https:\/\/archiv.siov.sk\/blizi-sa-finale-sutaze-zenit\/"},"author":{"name":"Katar\u00edna Kov\u00e1\u010dov\u00e1","@id":"https:\/\/archiv.siov.sk\/#\/schema\/person\/e42d633fbd958c6a726e8834d8965e6c"},"headline":"96 \u017eiakov z cel\u00e9ho Slovenska sa stretne na fin\u00e1le s\u00fa\u0165a\u017ee Zenit","datePublished":"2025-02-04T14:07:16+00:00","dateModified":"2025-02-05T13:32:38+00:00","mainEntityOfPage":{"@id":"https:\/\/archiv.siov.sk\/blizi-sa-finale-sutaze-zenit\/"},"wordCount":387,"publisher":{"@id":"https:\/\/archiv.siov.sk\/#organization"},"image":{"@id":"https:\/\/archiv.siov.sk\/blizi-sa-finale-sutaze-zenit\/#primaryimage"},"thumbnailUrl":"https:\/\/archiv.siov.sk\/wp-content\/uploads\/2025\/02\/Zenit-2024.jpg","articleSection":["Aktuality"],"inLanguage":"en-GB"},{"@type":"WebPage","@id":"https:\/\/archiv.siov.sk\/blizi-sa-finale-sutaze-zenit\/","url":"https:\/\/archiv.siov.sk\/blizi-sa-finale-sutaze-zenit\/","name":"96 \u017eiakov z cel\u00e9ho Slovenska sa stretne na fin\u00e1le s\u00fa\u0165a\u017ee Zenit - \u0160IOV - \u0161t\u00e1tny in\u0161tit\u00fat odborn\u00e9ho vzdel\u00e1vania","isPartOf":{"@id":"https:\/\/archiv.siov.sk\/#website"},"primaryImageOfPage":{"@id":"https:\/\/archiv.siov.sk\/blizi-sa-finale-sutaze-zenit\/#primaryimage"},"image":{"@id":"https:\/\/archiv.siov.sk\/blizi-sa-finale-sutaze-zenit\/#primaryimage"},"thumbnailUrl":"https:\/\/archiv.siov.sk\/wp-content\/uploads\/2025\/02\/Zenit-2024.jpg","datePublished":"2025-02-04T14:07:16+00:00","dateModified":"2025-02-05T13:32:38+00:00","breadcrumb":{"@id":"https:\/\/archiv.siov.sk\/blizi-sa-finale-sutaze-zenit\/#breadcrumb"},"inLanguage":"en-GB","potentialAction":[{"@type":"ReadAction","target":["https:\/\/archiv.siov.sk\/blizi-sa-finale-sutaze-zenit\/"]}]},{"@type":"ImageObject","inLanguage":"en-GB","@id":"https:\/\/archiv.siov.sk\/blizi-sa-finale-sutaze-zenit\/#primaryimage","url":"https:\/\/archiv.siov.sk\/wp-content\/uploads\/2025\/02\/Zenit-2024.jpg","contentUrl":"https:\/\/archiv.siov.sk\/wp-content\/uploads\/2025\/02\/Zenit-2024.jpg","width":2048,"height":1536},{"@type":"BreadcrumbList","@id":"https:\/\/archiv.siov.sk\/blizi-sa-finale-sutaze-zenit\/#breadcrumb","itemListElement":[{"@type":"ListItem","position":1,"name":"Home","item":"https:\/\/archiv.siov.sk\/"},{"@type":"ListItem","position":2,"name":"96 \u017eiakov z cel\u00e9ho Slovenska sa stretne na fin\u00e1le s\u00fa\u0165a\u017ee Zenit"}]},{"@type":"WebSite","@id":"https:\/\/archiv.siov.sk\/#website","url":"https:\/\/archiv.siov.sk\/","name":"\u0160IOV - \u0161t\u00e1tny in\u0161tit\u00fat odborn\u00e9ho vzdel\u00e1vania","description":"","publisher":{"@id":"https:\/\/archiv.siov.sk\/#organization"},"potentialAction":[{"@type":"SearchAction","target":{"@type":"EntryPoint","urlTemplate":"https:\/\/archiv.siov.sk\/?s={search_term_string}"},"query-input":{"@type":"PropertyValueSpecification","valueRequired":true,"valueName":"search_term_string"}}],"inLanguage":"en-GB"},{"@type":"Organization","@id":"https:\/\/archiv.siov.sk\/#organization","name":"\u0160IOV - \u0161t\u00e1tny in\u0161tit\u00fat odborn\u00e9ho vzdel\u00e1vania","url":"https:\/\/archiv.siov.sk\/","logo":{"@type":"ImageObject","inLanguage":"en-GB","@id":"https:\/\/archiv.siov.sk\/#\/schema\/logo\/image\/","url":"https:\/\/archiv.siov.sk\/wp-content\/uploads\/2024\/02\/logo-SIOV.png","contentUrl":"https:\/\/archiv.siov.sk\/wp-content\/uploads\/2024\/02\/logo-SIOV.png","width":431,"height":143,"caption":"\u0160IOV - \u0161t\u00e1tny in\u0161tit\u00fat odborn\u00e9ho vzdel\u00e1vania"},"image":{"@id":"https:\/\/archiv.siov.sk\/#\/schema\/logo\/image\/"},"sameAs":["https:\/\/www.facebook.com\/Statnyinstitutodbornehovzdelavania"]},{"@type":"Person","@id":"https:\/\/archiv.siov.sk\/#\/schema\/person\/e42d633fbd958c6a726e8834d8965e6c","name":"Katar\u00edna Kov\u00e1\u010dov\u00e1","url":"https:\/\/archiv.siov.sk\/en\/author\/katkakovacova\/"}]}},"_links":{"self":[{"href":"https:\/\/archiv.siov.sk\/en\/wp-json\/wp\/v2\/posts\/17780","targetHints":{"allow":["GET"]}}],"collection":[{"href":"https:\/\/archiv.siov.sk\/en\/wp-json\/wp\/v2\/posts"}],"about":[{"href":"https:\/\/archiv.siov.sk\/en\/wp-json\/wp\/v2\/types\/post"}],"author":[{"embeddable":true,"href":"https:\/\/archiv.siov.sk\/en\/wp-json\/wp\/v2\/users\/6"}],"replies":[{"embeddable":true,"href":"https:\/\/archiv.siov.sk\/en\/wp-json\/wp\/v2\/comments?post=17780"}],"version-history":[{"count":5,"href":"https:\/\/archiv.siov.sk\/en\/wp-json\/wp\/v2\/posts\/17780\/revisions"}],"predecessor-version":[{"id":17798,"href":"https:\/\/archiv.siov.sk\/en\/wp-json\/wp\/v2\/posts\/17780\/revisions\/17798"}],"wp:featuredmedia":[{"embeddable":true,"href":"https:\/\/archiv.siov.sk\/en\/wp-json\/wp\/v2\/media\/17782"}],"wp:attachment":[{"href":"https:\/\/archiv.siov.sk\/en\/wp-json\/wp\/v2\/media?parent=17780"}],"wp:term":[{"taxonomy":"category","embeddable":true,"href":"https:\/\/archiv.siov.sk\/en\/wp-json\/wp\/v2\/categories?post=17780"},{"taxonomy":"post_tag","embeddable":true,"href":"https:\/\/archiv.siov.sk\/en\/wp-json\/wp\/v2\/tags?post=17780"}],"curies":[{"name":"wp","href":"https:\/\/api.w.org\/{rel}","templated":true}]}}