{"id":17752,"date":"2025-01-30T15:23:57","date_gmt":"2025-01-30T14:23:57","guid":{"rendered":"https:\/\/archiv.siov.sk\/?p=17752"},"modified":"2025-01-30T19:52:43","modified_gmt":"2025-01-30T18:52:43","slug":"pozvanka-na-14-kontraktacny-den-cvicnych-firiem-pozor-zmena-terminu","status":"publish","type":"post","link":"https:\/\/archiv.siov.sk\/en\/pozvanka-na-14-kontraktacny-den-cvicnych-firiem-pozor-zmena-terminu\/","title":{"rendered":"Pozv\u00e1nka na 14. kontrakta\u010dn\u00fd de\u0148 cvi\u010dn\u00fdch firiem &#8211; POZOR &#8211; zmena term\u00ednu"},"content":{"rendered":"<p style=\"text-align: justify;\"><strong>\u0160trn\u00e1sty kontrakta\u010dn\u00fd de\u0148 cvi\u010dn\u00fdch firiem &#8211; Slovensko z\u00e1pad<\/strong>, ktor\u00fd pripravuje Spojen\u00e1 \u0161kola, Nivy 2, \u0160a\u013ea v partnerstve so \u0160t\u00e1tnym in\u0161tit\u00fatom odborn\u00e9ho vzdel\u00e1vania (\u0160IOV), Slovensk\u00fdm centrom cvi\u010dn\u00fdch firiem (SCCF) a Nitrianskym samospr\u00e1vnym krajom sa uskuto\u010dn\u00ed v Dome kult\u00fary \u0160a\u013ea.<\/p>\n<p style=\"text-align: justify;\">Z technick\u00fdch d\u00f4vodov prebehne kontrakta\u010dn\u00fd de\u0148 cvi\u010dn\u00fdch firiem v \u0160ali <strong>u\u017e 25. marca 2025<\/strong>, teda o de\u0148 sk\u00f4r, ako sme pl\u00e1novali. Budeme radi, ak si nov\u00fd term\u00edn pozna\u010d\u00edte do kalend\u00e1ra a z\u00fa\u010dastn\u00edte sa kontrakta\u010dn\u00e9ho d\u0148a.<\/p>\n<p><img fetchpriority=\"high\" decoding=\"async\" class=\"wp-image-17754 aligncenter\" src=\"https:\/\/archiv.siov.sk\/wp-content\/uploads\/2025\/01\/14.-kontraktacny-den-cvicnych-firiem-1-212x300.png\" alt=\"\" width=\"259\" height=\"367\" srcset=\"https:\/\/archiv.siov.sk\/wp-content\/uploads\/2025\/01\/14.-kontraktacny-den-cvicnych-firiem-1-212x300.png 212w, https:\/\/archiv.siov.sk\/wp-content\/uploads\/2025\/01\/14.-kontraktacny-den-cvicnych-firiem-1-724x1024.png 724w, https:\/\/archiv.siov.sk\/wp-content\/uploads\/2025\/01\/14.-kontraktacny-den-cvicnych-firiem-1-768x1086.png 768w, https:\/\/archiv.siov.sk\/wp-content\/uploads\/2025\/01\/14.-kontraktacny-den-cvicnych-firiem-1-1086x1536.png 1086w, https:\/\/archiv.siov.sk\/wp-content\/uploads\/2025\/01\/14.-kontraktacny-den-cvicnych-firiem-1-1448x2048.png 1448w, https:\/\/archiv.siov.sk\/wp-content\/uploads\/2025\/01\/14.-kontraktacny-den-cvicnych-firiem-1-8x12.png 8w\" sizes=\"(max-width: 259px) 100vw, 259px\" \/><\/p>\n<p style=\"text-align: justify;\"><strong><a href=\"https:\/\/archiv.siov.sk\/wp-content\/uploads\/2025\/01\/14.-kontraktacny-den-cvicnych-firiem-1.png\" target=\"_blank\" rel=\"noopener\">Pozv\u00e1nka<\/a><\/strong><\/p>\n<p style=\"text-align: justify;\"><strong><a href=\"https:\/\/archiv.siov.sk\/wp-content\/uploads\/2025\/01\/prihlaska-CF-2025.docx\" target=\"_blank\" rel=\"noopener\">Nov\u00e1 prihl\u00e1\u0161ka<\/a><\/strong><\/p>\n<p>Te\u0161\u00edme sa na V\u00e1s na 14. kontrakta\u010dnom dni cvi\u010dn\u00fdch firiem v \u0160ali<\/p>","protected":false},"excerpt":{"rendered":"<p>\u0160trn\u00e1sty kontrakta\u010dn\u00fd de\u0148 cvi\u010dn\u00fdch firiem &#8211; Slovensko z\u00e1pad, ktor\u00fd pripravuje Spojen\u00e1 \u0161kola, Nivy 2, \u0160a\u013ea v partnerstve so \u0160t\u00e1tnym in\u0161tit\u00fatom odborn\u00e9ho vzdel\u00e1vania (\u0160IOV), Slovensk\u00fdm centrom cvi\u010dn\u00fdch firiem (SCCF) a Nitrianskym samospr\u00e1vnym krajom sa uskuto\u010dn\u00ed v Dome kult\u00fary \u0160a\u013ea. Z technick\u00fdch d\u00f4vodov prebehne kontrakta\u010dn\u00fd de\u0148 cvi\u010dn\u00fdch firiem v \u0160ali u\u017e 25. marca 2025, teda o de\u0148 [&hellip;]<\/p>\n","protected":false},"author":6,"featured_media":16199,"comment_status":"closed","ping_status":"closed","sticky":false,"template":"","format":"standard","meta":{"site-sidebar-layout":"default","site-content-layout":"","ast-site-content-layout":"default","site-content-style":"default","site-sidebar-style":"default","ast-global-header-display":"","ast-banner-title-visibility":"","ast-main-header-display":"","ast-hfb-above-header-display":"","ast-hfb-below-header-display":"","ast-hfb-mobile-header-display":"","site-post-title":"","ast-breadcrumbs-content":"","ast-featured-img":"","footer-sml-layout":"","ast-disable-related-posts":"","theme-transparent-header-meta":"default","adv-header-id-meta":"","stick-header-meta":"default","header-above-stick-meta":"","header-main-stick-meta":"","header-below-stick-meta":"","astra-migrate-meta-layouts":"set","ast-page-background-enabled":"default","ast-page-background-meta":{"desktop":{"background-color":"var(--ast-global-color-4)","background-image":"","background-repeat":"repeat","background-position":"center center","background-size":"auto","background-attachment":"scroll","background-type":"","background-media":"","overlay-type":"","overlay-color":"","overlay-opacity":"","overlay-gradient":""},"tablet":{"background-color":"","background-image":"","background-repeat":"repeat","background-position":"center center","background-size":"auto","background-attachment":"scroll","background-type":"","background-media":"","overlay-type":"","overlay-color":"","overlay-opacity":"","overlay-gradient":""},"mobile":{"background-color":"","background-image":"","background-repeat":"repeat","background-position":"center center","background-size":"auto","background-attachment":"scroll","background-type":"","background-media":"","overlay-type":"","overlay-color":"","overlay-opacity":"","overlay-gradient":""}},"ast-content-background-meta":{"desktop":{"background-color":"var(--ast-global-color-5)","background-image":"","background-repeat":"repeat","background-position":"center center","background-size":"auto","background-attachment":"scroll","background-type":"","background-media":"","overlay-type":"","overlay-color":"","overlay-opacity":"","overlay-gradient":""},"tablet":{"background-color":"var(--ast-global-color-5)","background-image":"","background-repeat":"repeat","background-position":"center center","background-size":"auto","background-attachment":"scroll","background-type":"","background-media":"","overlay-type":"","overlay-color":"","overlay-opacity":"","overlay-gradient":""},"mobile":{"background-color":"var(--ast-global-color-5)","background-image":"","background-repeat":"repeat","background-position":"center center","background-size":"auto","background-attachment":"scroll","background-type":"","background-media":"","overlay-type":"","overlay-color":"","overlay-opacity":"","overlay-gradient":""}},"footnotes":""},"categories":[1],"tags":[],"class_list":["post-17752","post","type-post","status-publish","format-standard","has-post-thumbnail","hentry","category-aktuality"],"yoast_head":"<!-- This site is optimized with the Yoast SEO plugin v27.5 - https:\/\/yoast.com\/product\/yoast-seo-wordpress\/ -->\n<title>Pozv\u00e1nka na 14. kontrakta\u010dn\u00fd de\u0148 cvi\u010dn\u00fdch firiem - POZOR - zmena term\u00ednu - \u0160IOV - \u0161t\u00e1tny in\u0161tit\u00fat odborn\u00e9ho vzdel\u00e1vania<\/title>\n<meta name=\"robots\" content=\"index, follow, max-snippet:-1, max-image-preview:large, max-video-preview:-1\" \/>\n<link rel=\"canonical\" href=\"https:\/\/archiv.siov.sk\/en\/pozvanka-na-14-kontraktacny-den-cvicnych-firiem-pozor-zmena-terminu\/\" \/>\n<meta property=\"og:locale\" content=\"en_GB\" \/>\n<meta property=\"og:type\" content=\"article\" \/>\n<meta property=\"og:title\" content=\"Pozv\u00e1nka na 14. kontrakta\u010dn\u00fd de\u0148 cvi\u010dn\u00fdch firiem - POZOR - zmena term\u00ednu - \u0160IOV - \u0161t\u00e1tny in\u0161tit\u00fat odborn\u00e9ho vzdel\u00e1vania\" \/>\n<meta property=\"og:description\" content=\"\u0160trn\u00e1sty kontrakta\u010dn\u00fd de\u0148 cvi\u010dn\u00fdch firiem &#8211; Slovensko z\u00e1pad, ktor\u00fd pripravuje Spojen\u00e1 \u0161kola, Nivy 2, \u0160a\u013ea v partnerstve so \u0160t\u00e1tnym in\u0161tit\u00fatom odborn\u00e9ho vzdel\u00e1vania (\u0160IOV), Slovensk\u00fdm centrom cvi\u010dn\u00fdch firiem (SCCF) a Nitrianskym samospr\u00e1vnym krajom sa uskuto\u010dn\u00ed v Dome kult\u00fary \u0160a\u013ea. Z technick\u00fdch d\u00f4vodov prebehne kontrakta\u010dn\u00fd de\u0148 cvi\u010dn\u00fdch firiem v \u0160ali u\u017e 25. marca 2025, teda o de\u0148 [&hellip;]\" \/>\n<meta property=\"og:url\" content=\"https:\/\/archiv.siov.sk\/en\/pozvanka-na-14-kontraktacny-den-cvicnych-firiem-pozor-zmena-terminu\/\" \/>\n<meta property=\"og:site_name\" content=\"\u0160IOV - \u0161t\u00e1tny in\u0161tit\u00fat odborn\u00e9ho vzdel\u00e1vania\" \/>\n<meta property=\"article:publisher\" content=\"https:\/\/www.facebook.com\/Statnyinstitutodbornehovzdelavania\" \/>\n<meta property=\"article:published_time\" content=\"2025-01-30T14:23:57+00:00\" \/>\n<meta property=\"article:modified_time\" content=\"2025-01-30T18:52:43+00:00\" \/>\n<meta property=\"og:image\" content=\"https:\/\/archiv.siov.sk\/wp-content\/uploads\/2024\/07\/shutterstock_save-the-date-scaled-e1738262506208.jpg\" \/>\n\t<meta property=\"og:image:width\" content=\"2300\" \/>\n\t<meta property=\"og:image:height\" content=\"999\" \/>\n\t<meta property=\"og:image:type\" content=\"image\/jpeg\" \/>\n<meta name=\"author\" content=\"Katar\u00edna Kov\u00e1\u010dov\u00e1\" \/>\n<meta name=\"twitter:card\" content=\"summary_large_image\" \/>\n<meta name=\"twitter:label1\" content=\"Written by\" \/>\n\t<meta name=\"twitter:data1\" content=\"Katar\u00edna Kov\u00e1\u010dov\u00e1\" \/>\n\t<meta name=\"twitter:label2\" content=\"Estimated reading time\" \/>\n\t<meta name=\"twitter:data2\" content=\"1 minute\" \/>\n<script type=\"application\/ld+json\" class=\"yoast-schema-graph\">{\"@context\":\"https:\\\/\\\/schema.org\",\"@graph\":[{\"@type\":\"Article\",\"@id\":\"https:\\\/\\\/archiv.siov.sk\\\/pozvanka-na-14-kontraktacny-den-cvicnych-firiem-pozor-zmena-terminu\\\/#article\",\"isPartOf\":{\"@id\":\"https:\\\/\\\/archiv.siov.sk\\\/pozvanka-na-14-kontraktacny-den-cvicnych-firiem-pozor-zmena-terminu\\\/\"},\"author\":{\"name\":\"Katar\u00edna Kov\u00e1\u010dov\u00e1\",\"@id\":\"https:\\\/\\\/archiv.siov.sk\\\/#\\\/schema\\\/person\\\/e42d633fbd958c6a726e8834d8965e6c\"},\"headline\":\"Pozv\u00e1nka na 14. kontrakta\u010dn\u00fd de\u0148 cvi\u010dn\u00fdch firiem &#8211; POZOR &#8211; zmena term\u00ednu\",\"datePublished\":\"2025-01-30T14:23:57+00:00\",\"dateModified\":\"2025-01-30T18:52:43+00:00\",\"mainEntityOfPage\":{\"@id\":\"https:\\\/\\\/archiv.siov.sk\\\/pozvanka-na-14-kontraktacny-den-cvicnych-firiem-pozor-zmena-terminu\\\/\"},\"wordCount\":140,\"publisher\":{\"@id\":\"https:\\\/\\\/archiv.siov.sk\\\/#organization\"},\"image\":{\"@id\":\"https:\\\/\\\/archiv.siov.sk\\\/pozvanka-na-14-kontraktacny-den-cvicnych-firiem-pozor-zmena-terminu\\\/#primaryimage\"},\"thumbnailUrl\":\"https:\\\/\\\/archiv.siov.sk\\\/wp-content\\\/uploads\\\/2024\\\/07\\\/shutterstock_save-the-date-scaled-e1738262506208.jpg\",\"articleSection\":[\"Aktuality\"],\"inLanguage\":\"en-GB\"},{\"@type\":\"WebPage\",\"@id\":\"https:\\\/\\\/archiv.siov.sk\\\/pozvanka-na-14-kontraktacny-den-cvicnych-firiem-pozor-zmena-terminu\\\/\",\"url\":\"https:\\\/\\\/archiv.siov.sk\\\/pozvanka-na-14-kontraktacny-den-cvicnych-firiem-pozor-zmena-terminu\\\/\",\"name\":\"Pozv\u00e1nka na 14. kontrakta\u010dn\u00fd de\u0148 cvi\u010dn\u00fdch firiem - POZOR - zmena term\u00ednu - \u0160IOV - \u0161t\u00e1tny in\u0161tit\u00fat odborn\u00e9ho vzdel\u00e1vania\",\"isPartOf\":{\"@id\":\"https:\\\/\\\/archiv.siov.sk\\\/#website\"},\"primaryImageOfPage\":{\"@id\":\"https:\\\/\\\/archiv.siov.sk\\\/pozvanka-na-14-kontraktacny-den-cvicnych-firiem-pozor-zmena-terminu\\\/#primaryimage\"},\"image\":{\"@id\":\"https:\\\/\\\/archiv.siov.sk\\\/pozvanka-na-14-kontraktacny-den-cvicnych-firiem-pozor-zmena-terminu\\\/#primaryimage\"},\"thumbnailUrl\":\"https:\\\/\\\/archiv.siov.sk\\\/wp-content\\\/uploads\\\/2024\\\/07\\\/shutterstock_save-the-date-scaled-e1738262506208.jpg\",\"datePublished\":\"2025-01-30T14:23:57+00:00\",\"dateModified\":\"2025-01-30T18:52:43+00:00\",\"breadcrumb\":{\"@id\":\"https:\\\/\\\/archiv.siov.sk\\\/pozvanka-na-14-kontraktacny-den-cvicnych-firiem-pozor-zmena-terminu\\\/#breadcrumb\"},\"inLanguage\":\"en-GB\",\"potentialAction\":[{\"@type\":\"ReadAction\",\"target\":[\"https:\\\/\\\/archiv.siov.sk\\\/pozvanka-na-14-kontraktacny-den-cvicnych-firiem-pozor-zmena-terminu\\\/\"]}]},{\"@type\":\"ImageObject\",\"inLanguage\":\"en-GB\",\"@id\":\"https:\\\/\\\/archiv.siov.sk\\\/pozvanka-na-14-kontraktacny-den-cvicnych-firiem-pozor-zmena-terminu\\\/#primaryimage\",\"url\":\"https:\\\/\\\/archiv.siov.sk\\\/wp-content\\\/uploads\\\/2024\\\/07\\\/shutterstock_save-the-date-scaled-e1738262506208.jpg\",\"contentUrl\":\"https:\\\/\\\/archiv.siov.sk\\\/wp-content\\\/uploads\\\/2024\\\/07\\\/shutterstock_save-the-date-scaled-e1738262506208.jpg\",\"width\":2300,\"height\":999},{\"@type\":\"BreadcrumbList\",\"@id\":\"https:\\\/\\\/archiv.siov.sk\\\/pozvanka-na-14-kontraktacny-den-cvicnych-firiem-pozor-zmena-terminu\\\/#breadcrumb\",\"itemListElement\":[{\"@type\":\"ListItem\",\"position\":1,\"name\":\"Home\",\"item\":\"https:\\\/\\\/archiv.siov.sk\\\/\"},{\"@type\":\"ListItem\",\"position\":2,\"name\":\"Pozv\u00e1nka na 14. kontrakta\u010dn\u00fd de\u0148 cvi\u010dn\u00fdch firiem &#8211; POZOR &#8211; zmena term\u00ednu\"}]},{\"@type\":\"WebSite\",\"@id\":\"https:\\\/\\\/archiv.siov.sk\\\/#website\",\"url\":\"https:\\\/\\\/archiv.siov.sk\\\/\",\"name\":\"\u0160IOV - \u0161t\u00e1tny in\u0161tit\u00fat odborn\u00e9ho vzdel\u00e1vania\",\"description\":\"\",\"publisher\":{\"@id\":\"https:\\\/\\\/archiv.siov.sk\\\/#organization\"},\"potentialAction\":[{\"@type\":\"SearchAction\",\"target\":{\"@type\":\"EntryPoint\",\"urlTemplate\":\"https:\\\/\\\/archiv.siov.sk\\\/?s={search_term_string}\"},\"query-input\":{\"@type\":\"PropertyValueSpecification\",\"valueRequired\":true,\"valueName\":\"search_term_string\"}}],\"inLanguage\":\"en-GB\"},{\"@type\":\"Organization\",\"@id\":\"https:\\\/\\\/archiv.siov.sk\\\/#organization\",\"name\":\"\u0160IOV - \u0161t\u00e1tny in\u0161tit\u00fat odborn\u00e9ho vzdel\u00e1vania\",\"url\":\"https:\\\/\\\/archiv.siov.sk\\\/\",\"logo\":{\"@type\":\"ImageObject\",\"inLanguage\":\"en-GB\",\"@id\":\"https:\\\/\\\/archiv.siov.sk\\\/#\\\/schema\\\/logo\\\/image\\\/\",\"url\":\"https:\\\/\\\/archiv.siov.sk\\\/wp-content\\\/uploads\\\/2024\\\/02\\\/logo-SIOV.png\",\"contentUrl\":\"https:\\\/\\\/archiv.siov.sk\\\/wp-content\\\/uploads\\\/2024\\\/02\\\/logo-SIOV.png\",\"width\":431,\"height\":143,\"caption\":\"\u0160IOV - \u0161t\u00e1tny in\u0161tit\u00fat odborn\u00e9ho vzdel\u00e1vania\"},\"image\":{\"@id\":\"https:\\\/\\\/archiv.siov.sk\\\/#\\\/schema\\\/logo\\\/image\\\/\"},\"sameAs\":[\"https:\\\/\\\/www.facebook.com\\\/Statnyinstitutodbornehovzdelavania\"]},{\"@type\":\"Person\",\"@id\":\"https:\\\/\\\/archiv.siov.sk\\\/#\\\/schema\\\/person\\\/e42d633fbd958c6a726e8834d8965e6c\",\"name\":\"Katar\u00edna Kov\u00e1\u010dov\u00e1\",\"url\":\"https:\\\/\\\/archiv.siov.sk\\\/en\\\/author\\\/katkakovacova\\\/\"}]}<\/script>\n<!-- \/ Yoast SEO plugin. -->","yoast_head_json":{"title":"Pozv\u00e1nka na 14. kontrakta\u010dn\u00fd de\u0148 cvi\u010dn\u00fdch firiem - POZOR - zmena term\u00ednu - \u0160IOV - \u0161t\u00e1tny in\u0161tit\u00fat odborn\u00e9ho vzdel\u00e1vania","robots":{"index":"index","follow":"follow","max-snippet":"max-snippet:-1","max-image-preview":"max-image-preview:large","max-video-preview":"max-video-preview:-1"},"canonical":"https:\/\/archiv.siov.sk\/en\/pozvanka-na-14-kontraktacny-den-cvicnych-firiem-pozor-zmena-terminu\/","og_locale":"en_GB","og_type":"article","og_title":"Pozv\u00e1nka na 14. kontrakta\u010dn\u00fd de\u0148 cvi\u010dn\u00fdch firiem - POZOR - zmena term\u00ednu - \u0160IOV - \u0161t\u00e1tny in\u0161tit\u00fat odborn\u00e9ho vzdel\u00e1vania","og_description":"\u0160trn\u00e1sty kontrakta\u010dn\u00fd de\u0148 cvi\u010dn\u00fdch firiem &#8211; Slovensko z\u00e1pad, ktor\u00fd pripravuje Spojen\u00e1 \u0161kola, Nivy 2, \u0160a\u013ea v partnerstve so \u0160t\u00e1tnym in\u0161tit\u00fatom odborn\u00e9ho vzdel\u00e1vania (\u0160IOV), Slovensk\u00fdm centrom cvi\u010dn\u00fdch firiem (SCCF) a Nitrianskym samospr\u00e1vnym krajom sa uskuto\u010dn\u00ed v Dome kult\u00fary \u0160a\u013ea. Z technick\u00fdch d\u00f4vodov prebehne kontrakta\u010dn\u00fd de\u0148 cvi\u010dn\u00fdch firiem v \u0160ali u\u017e 25. marca 2025, teda o de\u0148 [&hellip;]","og_url":"https:\/\/archiv.siov.sk\/en\/pozvanka-na-14-kontraktacny-den-cvicnych-firiem-pozor-zmena-terminu\/","og_site_name":"\u0160IOV - \u0161t\u00e1tny in\u0161tit\u00fat odborn\u00e9ho vzdel\u00e1vania","article_publisher":"https:\/\/www.facebook.com\/Statnyinstitutodbornehovzdelavania","article_published_time":"2025-01-30T14:23:57+00:00","article_modified_time":"2025-01-30T18:52:43+00:00","og_image":[{"width":2300,"height":999,"url":"https:\/\/archiv.siov.sk\/wp-content\/uploads\/2024\/07\/shutterstock_save-the-date-scaled-e1738262506208.jpg","type":"image\/jpeg"}],"author":"Katar\u00edna Kov\u00e1\u010dov\u00e1","twitter_card":"summary_large_image","twitter_misc":{"Written by":"Katar\u00edna Kov\u00e1\u010dov\u00e1","Estimated reading time":"1 minute"},"schema":{"@context":"https:\/\/schema.org","@graph":[{"@type":"Article","@id":"https:\/\/archiv.siov.sk\/pozvanka-na-14-kontraktacny-den-cvicnych-firiem-pozor-zmena-terminu\/#article","isPartOf":{"@id":"https:\/\/archiv.siov.sk\/pozvanka-na-14-kontraktacny-den-cvicnych-firiem-pozor-zmena-terminu\/"},"author":{"name":"Katar\u00edna Kov\u00e1\u010dov\u00e1","@id":"https:\/\/archiv.siov.sk\/#\/schema\/person\/e42d633fbd958c6a726e8834d8965e6c"},"headline":"Pozv\u00e1nka na 14. kontrakta\u010dn\u00fd de\u0148 cvi\u010dn\u00fdch firiem &#8211; POZOR &#8211; zmena term\u00ednu","datePublished":"2025-01-30T14:23:57+00:00","dateModified":"2025-01-30T18:52:43+00:00","mainEntityOfPage":{"@id":"https:\/\/archiv.siov.sk\/pozvanka-na-14-kontraktacny-den-cvicnych-firiem-pozor-zmena-terminu\/"},"wordCount":140,"publisher":{"@id":"https:\/\/archiv.siov.sk\/#organization"},"image":{"@id":"https:\/\/archiv.siov.sk\/pozvanka-na-14-kontraktacny-den-cvicnych-firiem-pozor-zmena-terminu\/#primaryimage"},"thumbnailUrl":"https:\/\/archiv.siov.sk\/wp-content\/uploads\/2024\/07\/shutterstock_save-the-date-scaled-e1738262506208.jpg","articleSection":["Aktuality"],"inLanguage":"en-GB"},{"@type":"WebPage","@id":"https:\/\/archiv.siov.sk\/pozvanka-na-14-kontraktacny-den-cvicnych-firiem-pozor-zmena-terminu\/","url":"https:\/\/archiv.siov.sk\/pozvanka-na-14-kontraktacny-den-cvicnych-firiem-pozor-zmena-terminu\/","name":"Pozv\u00e1nka na 14. kontrakta\u010dn\u00fd de\u0148 cvi\u010dn\u00fdch firiem - POZOR - zmena term\u00ednu - \u0160IOV - \u0161t\u00e1tny in\u0161tit\u00fat odborn\u00e9ho vzdel\u00e1vania","isPartOf":{"@id":"https:\/\/archiv.siov.sk\/#website"},"primaryImageOfPage":{"@id":"https:\/\/archiv.siov.sk\/pozvanka-na-14-kontraktacny-den-cvicnych-firiem-pozor-zmena-terminu\/#primaryimage"},"image":{"@id":"https:\/\/archiv.siov.sk\/pozvanka-na-14-kontraktacny-den-cvicnych-firiem-pozor-zmena-terminu\/#primaryimage"},"thumbnailUrl":"https:\/\/archiv.siov.sk\/wp-content\/uploads\/2024\/07\/shutterstock_save-the-date-scaled-e1738262506208.jpg","datePublished":"2025-01-30T14:23:57+00:00","dateModified":"2025-01-30T18:52:43+00:00","breadcrumb":{"@id":"https:\/\/archiv.siov.sk\/pozvanka-na-14-kontraktacny-den-cvicnych-firiem-pozor-zmena-terminu\/#breadcrumb"},"inLanguage":"en-GB","potentialAction":[{"@type":"ReadAction","target":["https:\/\/archiv.siov.sk\/pozvanka-na-14-kontraktacny-den-cvicnych-firiem-pozor-zmena-terminu\/"]}]},{"@type":"ImageObject","inLanguage":"en-GB","@id":"https:\/\/archiv.siov.sk\/pozvanka-na-14-kontraktacny-den-cvicnych-firiem-pozor-zmena-terminu\/#primaryimage","url":"https:\/\/archiv.siov.sk\/wp-content\/uploads\/2024\/07\/shutterstock_save-the-date-scaled-e1738262506208.jpg","contentUrl":"https:\/\/archiv.siov.sk\/wp-content\/uploads\/2024\/07\/shutterstock_save-the-date-scaled-e1738262506208.jpg","width":2300,"height":999},{"@type":"BreadcrumbList","@id":"https:\/\/archiv.siov.sk\/pozvanka-na-14-kontraktacny-den-cvicnych-firiem-pozor-zmena-terminu\/#breadcrumb","itemListElement":[{"@type":"ListItem","position":1,"name":"Home","item":"https:\/\/archiv.siov.sk\/"},{"@type":"ListItem","position":2,"name":"Pozv\u00e1nka na 14. kontrakta\u010dn\u00fd de\u0148 cvi\u010dn\u00fdch firiem &#8211; POZOR &#8211; zmena term\u00ednu"}]},{"@type":"WebSite","@id":"https:\/\/archiv.siov.sk\/#website","url":"https:\/\/archiv.siov.sk\/","name":"\u0160IOV - \u0161t\u00e1tny in\u0161tit\u00fat odborn\u00e9ho vzdel\u00e1vania","description":"","publisher":{"@id":"https:\/\/archiv.siov.sk\/#organization"},"potentialAction":[{"@type":"SearchAction","target":{"@type":"EntryPoint","urlTemplate":"https:\/\/archiv.siov.sk\/?s={search_term_string}"},"query-input":{"@type":"PropertyValueSpecification","valueRequired":true,"valueName":"search_term_string"}}],"inLanguage":"en-GB"},{"@type":"Organization","@id":"https:\/\/archiv.siov.sk\/#organization","name":"\u0160IOV - \u0161t\u00e1tny in\u0161tit\u00fat odborn\u00e9ho vzdel\u00e1vania","url":"https:\/\/archiv.siov.sk\/","logo":{"@type":"ImageObject","inLanguage":"en-GB","@id":"https:\/\/archiv.siov.sk\/#\/schema\/logo\/image\/","url":"https:\/\/archiv.siov.sk\/wp-content\/uploads\/2024\/02\/logo-SIOV.png","contentUrl":"https:\/\/archiv.siov.sk\/wp-content\/uploads\/2024\/02\/logo-SIOV.png","width":431,"height":143,"caption":"\u0160IOV - \u0161t\u00e1tny in\u0161tit\u00fat odborn\u00e9ho vzdel\u00e1vania"},"image":{"@id":"https:\/\/archiv.siov.sk\/#\/schema\/logo\/image\/"},"sameAs":["https:\/\/www.facebook.com\/Statnyinstitutodbornehovzdelavania"]},{"@type":"Person","@id":"https:\/\/archiv.siov.sk\/#\/schema\/person\/e42d633fbd958c6a726e8834d8965e6c","name":"Katar\u00edna Kov\u00e1\u010dov\u00e1","url":"https:\/\/archiv.siov.sk\/en\/author\/katkakovacova\/"}]}},"_links":{"self":[{"href":"https:\/\/archiv.siov.sk\/en\/wp-json\/wp\/v2\/posts\/17752","targetHints":{"allow":["GET"]}}],"collection":[{"href":"https:\/\/archiv.siov.sk\/en\/wp-json\/wp\/v2\/posts"}],"about":[{"href":"https:\/\/archiv.siov.sk\/en\/wp-json\/wp\/v2\/types\/post"}],"author":[{"embeddable":true,"href":"https:\/\/archiv.siov.sk\/en\/wp-json\/wp\/v2\/users\/6"}],"replies":[{"embeddable":true,"href":"https:\/\/archiv.siov.sk\/en\/wp-json\/wp\/v2\/comments?post=17752"}],"version-history":[{"count":2,"href":"https:\/\/archiv.siov.sk\/en\/wp-json\/wp\/v2\/posts\/17752\/revisions"}],"predecessor-version":[{"id":17756,"href":"https:\/\/archiv.siov.sk\/en\/wp-json\/wp\/v2\/posts\/17752\/revisions\/17756"}],"wp:featuredmedia":[{"embeddable":true,"href":"https:\/\/archiv.siov.sk\/en\/wp-json\/wp\/v2\/media\/16199"}],"wp:attachment":[{"href":"https:\/\/archiv.siov.sk\/en\/wp-json\/wp\/v2\/media?parent=17752"}],"wp:term":[{"taxonomy":"category","embeddable":true,"href":"https:\/\/archiv.siov.sk\/en\/wp-json\/wp\/v2\/categories?post=17752"},{"taxonomy":"post_tag","embeddable":true,"href":"https:\/\/archiv.siov.sk\/en\/wp-json\/wp\/v2\/tags?post=17752"}],"curies":[{"name":"wp","href":"https:\/\/api.w.org\/{rel}","templated":true}]}}