{"id":17723,"date":"2025-01-29T17:32:18","date_gmt":"2025-01-29T16:32:18","guid":{"rendered":"https:\/\/archiv.siov.sk\/?p=17723"},"modified":"2025-01-29T17:32:41","modified_gmt":"2025-01-29T16:32:41","slug":"dalsie-pracovne-stretnutie-narodneho-projektu-centra-excelentnosti-ovp","status":"publish","type":"post","link":"https:\/\/archiv.siov.sk\/en\/dalsie-pracovne-stretnutie-narodneho-projektu-centra-excelentnosti-ovp\/","title":{"rendered":"\u010eal\u0161ie pracovn\u00e9 stretnutie N\u00e1rodn\u00e9ho projektu Centr\u00e1 excelentnosti OVP"},"content":{"rendered":"<p style=\"text-align: justify;\">Centr\u00e1 excelentnosti naberaj\u00fa re\u00e1lne kont\u00fary. \u0160estn\u00e1s\u0165 stredn\u00fdch odborn\u00fdch \u0161k\u00f4l, pilotn\u00fdch centier m\u00e1 motiv\u00e1ciu a u\u017e aj strategick\u00fd pl\u00e1n na to sta\u0165 sa stredobodom odborn\u00e9ho vzdel\u00e1vania a pr\u00edpravy, ale aj celo\u017eivotn\u00e9ho vzdel\u00e1vania a partnerom, sprievodcom ostatn\u00fdm v danom sektore. \u0160t\u00e1tny in\u0161tit\u00fat odborn\u00e9ho vzdel\u00e1vania (\u0160IOV) organizoval \u010fal\u0161ie pracovn\u00e9 stretnutie N\u00e1rodn\u00e9ho projektu Centr\u00e1 excelentnosti odborn\u00e9ho vzdel\u00e1vania\u00a0a\u00a0pr\u00edpravy (NP CEOVP), ktor\u00e9 prinieslo okrem mno\u017estva inform\u00e1ci\u00ed a\u00a0\u00faloh aj odpor\u00fa\u010dania a\u00a0vz\u00e1jomn\u00fa in\u0161pir\u00e1ciu.<\/p>\n<p style=\"text-align: justify;\">Z\u00e1stupcovia \u0160IOV-u, Ministerstva \u0161kolstva, v\u00fdskumu, v\u00fdvoja a ml\u00e1de\u017ee, stavovsk\u00fdch a profesijn\u00fdch organiz\u00e1ci\u00ed a hlavne \u0161k\u00f4l z cel\u00e9ho Slovenska ako pilotn\u00fdch centier sa podrobne venovali ka\u017edej z p\u00e4tn\u00e1stich oblast\u00ed\u00a0excelentnosti, zhodnotili strat\u00e9gie kvality a ich uplat\u0148ovanie a predov\u0161etk\u00fdm sa navz\u00e1jom motivovali a in\u0161pirovali. <span style=\"font-size: 16px;\">\u00a0 \u00a0 \u00a0\u00a0<\/span><\/p>\n<p>\u00a0 \u00a0 \u00a0 \u00a0 \u00a0 \u00a0 \u00a0 \u00a0 \u00a0 \u00a0 \u00a0 \u00a0 \u00a0 \u00a0 \u00a0 \u00a0 \u00a0 \u00a0 \u00a0 \u00a0 \u00a0 \u00a0 \u00a0 \u00a0 \u00a0 \u00a0 \u00a0<img fetchpriority=\"high\" decoding=\"async\" class=\"alignnone size-medium wp-image-17727\" src=\"https:\/\/archiv.siov.sk\/wp-content\/uploads\/2025\/01\/IMG_1414-225x300.jpeg\" alt=\"\" width=\"225\" height=\"300\" srcset=\"https:\/\/archiv.siov.sk\/wp-content\/uploads\/2025\/01\/IMG_1414-225x300.jpeg 225w, https:\/\/archiv.siov.sk\/wp-content\/uploads\/2025\/01\/IMG_1414-768x1024.jpeg 768w, https:\/\/archiv.siov.sk\/wp-content\/uploads\/2025\/01\/IMG_1414-1152x1536.jpeg 1152w, https:\/\/archiv.siov.sk\/wp-content\/uploads\/2025\/01\/IMG_1414-1536x2048.jpeg 1536w, https:\/\/archiv.siov.sk\/wp-content\/uploads\/2025\/01\/IMG_1414-9x12.jpeg 9w, https:\/\/archiv.siov.sk\/wp-content\/uploads\/2025\/01\/IMG_1414-scaled.jpeg 1920w\" sizes=\"(max-width: 225px) 100vw, 225px\" \/>\u00a0 \u00a0 <img decoding=\"async\" class=\"alignnone size-medium wp-image-17728\" src=\"https:\/\/archiv.siov.sk\/wp-content\/uploads\/2025\/01\/IMG_1421-225x300.jpeg\" alt=\"\" width=\"225\" height=\"300\" srcset=\"https:\/\/archiv.siov.sk\/wp-content\/uploads\/2025\/01\/IMG_1421-225x300.jpeg 225w, https:\/\/archiv.siov.sk\/wp-content\/uploads\/2025\/01\/IMG_1421-768x1024.jpeg 768w, https:\/\/archiv.siov.sk\/wp-content\/uploads\/2025\/01\/IMG_1421-1152x1536.jpeg 1152w, https:\/\/archiv.siov.sk\/wp-content\/uploads\/2025\/01\/IMG_1421-1536x2048.jpeg 1536w, https:\/\/archiv.siov.sk\/wp-content\/uploads\/2025\/01\/IMG_1421-9x12.jpeg 9w, https:\/\/archiv.siov.sk\/wp-content\/uploads\/2025\/01\/IMG_1421-scaled.jpeg 1920w\" sizes=\"(max-width: 225px) 100vw, 225px\" \/><\/p>\n<p style=\"text-align: justify;\">Program nabit\u00fd inform\u00e1ciami, zast\u00fapenie v\u0161etk\u00fdch partnerov, ale najm\u00e4 n\u00e1sledn\u00e9 diskusie a praktick\u00e9 ot\u00e1zky potvrdili, \u017ee v\u00fdber centier a nastavovanie cel\u00e9ho syst\u00e9mu je na dobrej ceste a m\u00e1 prv\u00e9 v\u00fdsledky. Aktivity projektu s pravideln\u00fdmi osobn\u00fdmi stretnutiami pokra\u010duj\u00fa tak, aby v\u00fdsledkom boli skuto\u010dne centr\u00e1 ako ekosyst\u00e9my miestnych partnerov odborn\u00e9ho vzdel\u00e1vania a pr\u00edpravy zalo\u017een\u00e9 na spolupr\u00e1ci a rozvoji.<\/p>\n<p style=\"text-align: justify;\">Cie\u013eom N\u00e1rodn\u00e9ho projektu Centr\u00e1 excelentnosti odborn\u00e9ho vzdel\u00e1vania a\u00a0pr\u00edpravy je zavies\u0165 syst\u00e9mov\u00fa excelentnos\u0165 do odborn\u00e9ho vzdel\u00e1vania a pr\u00edpravy a\u00a0celo\u017eivotn\u00e9ho vzdel\u00e1vania. Prostredn\u00edctvom neho sa relevantn\u00ed akt\u00e9ri v prvom rade zhodn\u00fa na tom, ak\u00e9 prvky\u00a0excelentnosti\u00a0chceme dosahova\u0165 v\u00a0odbornom vzdel\u00e1van\u00ed a\u00a0pr\u00edprave a\u00a0celo\u017eivotnom vzdel\u00e1van\u00ed na Slovensku. Tie bude n\u00e1sledne projekt po dobu\u00a0tridsa\u0165\u0161es\u0165 mesiacov implementova\u0165 na\u00a0najlep\u0161ie pripraven\u00fdch stredn\u00fdch odborn\u00fdch \u0161kol\u00e1ch\u00a0v s\u00falade so sektorov\u00fdmi\u00a0\u0161pecifik\u00e1ciami. Po skon\u010den\u00ed\u00a0projektu tak budeme\u00a0ma\u0165 prv\u00e9\u00a0sektorom akceptovan\u00e9 Centr\u00e1 excelentnosti, ktor\u00e9 bud\u00fa akt\u00edvne ur\u010dova\u0165\u00a0 trendy v\u00a0odbornom vzdel\u00e1van\u00ed,\u00a0\u00a0v spolupr\u00e1ci so \u0160t\u00e1tnym in\u0161tit\u00fatom odborn\u00e9ho vzdel\u00e1vania, so zamestn\u00e1vate\u013emi a\u00a0trhom pr\u00e1ce,\u00a0s prepojen\u00edm na vysok\u00e9 \u0161koly, podporuj\u00face kari\u00e9rne sprev\u00e1dzanie a inkl\u00faziu.<\/p>\n<p><strong><a href=\"https:\/\/archiv.siov.sk\/en\/projekty\/aktualne-projekty\/narodny-projekt-centra-excelentnosti-ovp\/\" target=\"_blank\" rel=\"noopener\">Podrobnosti projektu<\/a><\/strong><\/p>","protected":false},"excerpt":{"rendered":"<p>Centr\u00e1 excelentnosti naberaj\u00fa re\u00e1lne kont\u00fary. \u0160estn\u00e1s\u0165 stredn\u00fdch odborn\u00fdch \u0161k\u00f4l, pilotn\u00fdch centier m\u00e1 motiv\u00e1ciu a u\u017e aj strategick\u00fd pl\u00e1n na to sta\u0165 sa stredobodom odborn\u00e9ho vzdel\u00e1vania a pr\u00edpravy, ale aj celo\u017eivotn\u00e9ho vzdel\u00e1vania a partnerom, sprievodcom ostatn\u00fdm v danom sektore. \u0160t\u00e1tny in\u0161tit\u00fat odborn\u00e9ho vzdel\u00e1vania (\u0160IOV) organizoval \u010fal\u0161ie pracovn\u00e9 stretnutie N\u00e1rodn\u00e9ho projektu Centr\u00e1 excelentnosti odborn\u00e9ho vzdel\u00e1vania\u00a0a\u00a0pr\u00edpravy (NP CEOVP), [&hellip;]<\/p>\n","protected":false},"author":6,"featured_media":17726,"comment_status":"closed","ping_status":"closed","sticky":false,"template":"","format":"standard","meta":{"site-sidebar-layout":"default","site-content-layout":"","ast-site-content-layout":"default","site-content-style":"default","site-sidebar-style":"default","ast-global-header-display":"","ast-banner-title-visibility":"","ast-main-header-display":"","ast-hfb-above-header-display":"","ast-hfb-below-header-display":"","ast-hfb-mobile-header-display":"","site-post-title":"","ast-breadcrumbs-content":"","ast-featured-img":"","footer-sml-layout":"","ast-disable-related-posts":"","theme-transparent-header-meta":"default","adv-header-id-meta":"","stick-header-meta":"default","header-above-stick-meta":"","header-main-stick-meta":"","header-below-stick-meta":"","astra-migrate-meta-layouts":"set","ast-page-background-enabled":"default","ast-page-background-meta":{"desktop":{"background-color":"var(--ast-global-color-4)","background-image":"","background-repeat":"repeat","background-position":"center center","background-size":"auto","background-attachment":"scroll","background-type":"","background-media":"","overlay-type":"","overlay-color":"","overlay-opacity":"","overlay-gradient":""},"tablet":{"background-color":"","background-image":"","background-repeat":"repeat","background-position":"center center","background-size":"auto","background-attachment":"scroll","background-type":"","background-media":"","overlay-type":"","overlay-color":"","overlay-opacity":"","overlay-gradient":""},"mobile":{"background-color":"","background-image":"","background-repeat":"repeat","background-position":"center center","background-size":"auto","background-attachment":"scroll","background-type":"","background-media":"","overlay-type":"","overlay-color":"","overlay-opacity":"","overlay-gradient":""}},"ast-content-background-meta":{"desktop":{"background-color":"var(--ast-global-color-5)","background-image":"","background-repeat":"repeat","background-position":"center center","background-size":"auto","background-attachment":"scroll","background-type":"","background-media":"","overlay-type":"","overlay-color":"","overlay-opacity":"","overlay-gradient":""},"tablet":{"background-color":"var(--ast-global-color-5)","background-image":"","background-repeat":"repeat","background-position":"center center","background-size":"auto","background-attachment":"scroll","background-type":"","background-media":"","overlay-type":"","overlay-color":"","overlay-opacity":"","overlay-gradient":""},"mobile":{"background-color":"var(--ast-global-color-5)","background-image":"","background-repeat":"repeat","background-position":"center center","background-size":"auto","background-attachment":"scroll","background-type":"","background-media":"","overlay-type":"","overlay-color":"","overlay-opacity":"","overlay-gradient":""}},"footnotes":""},"categories":[1],"tags":[],"class_list":["post-17723","post","type-post","status-publish","format-standard","has-post-thumbnail","hentry","category-aktuality"],"yoast_head":"<!-- This site is optimized with the Yoast SEO plugin v27.5 - https:\/\/yoast.com\/product\/yoast-seo-wordpress\/ -->\n<title>\u010eal\u0161ie pracovn\u00e9 stretnutie N\u00e1rodn\u00e9ho projektu Centr\u00e1 excelentnosti OVP - \u0160IOV - \u0161t\u00e1tny in\u0161tit\u00fat odborn\u00e9ho vzdel\u00e1vania<\/title>\n<meta name=\"robots\" content=\"index, follow, max-snippet:-1, max-image-preview:large, max-video-preview:-1\" \/>\n<link rel=\"canonical\" href=\"https:\/\/archiv.siov.sk\/en\/dalsie-pracovne-stretnutie-narodneho-projektu-centra-excelentnosti-ovp\/\" \/>\n<meta property=\"og:locale\" content=\"en_GB\" \/>\n<meta property=\"og:type\" content=\"article\" \/>\n<meta property=\"og:title\" content=\"\u010eal\u0161ie pracovn\u00e9 stretnutie N\u00e1rodn\u00e9ho projektu Centr\u00e1 excelentnosti OVP - \u0160IOV - \u0161t\u00e1tny in\u0161tit\u00fat odborn\u00e9ho vzdel\u00e1vania\" \/>\n<meta property=\"og:description\" content=\"Centr\u00e1 excelentnosti naberaj\u00fa re\u00e1lne kont\u00fary. \u0160estn\u00e1s\u0165 stredn\u00fdch odborn\u00fdch \u0161k\u00f4l, pilotn\u00fdch centier m\u00e1 motiv\u00e1ciu a u\u017e aj strategick\u00fd pl\u00e1n na to sta\u0165 sa stredobodom odborn\u00e9ho vzdel\u00e1vania a pr\u00edpravy, ale aj celo\u017eivotn\u00e9ho vzdel\u00e1vania a partnerom, sprievodcom ostatn\u00fdm v danom sektore. \u0160t\u00e1tny in\u0161tit\u00fat odborn\u00e9ho vzdel\u00e1vania (\u0160IOV) organizoval \u010fal\u0161ie pracovn\u00e9 stretnutie N\u00e1rodn\u00e9ho projektu Centr\u00e1 excelentnosti odborn\u00e9ho vzdel\u00e1vania\u00a0a\u00a0pr\u00edpravy (NP CEOVP), [&hellip;]\" \/>\n<meta property=\"og:url\" content=\"https:\/\/archiv.siov.sk\/en\/dalsie-pracovne-stretnutie-narodneho-projektu-centra-excelentnosti-ovp\/\" \/>\n<meta property=\"og:site_name\" content=\"\u0160IOV - \u0161t\u00e1tny in\u0161tit\u00fat odborn\u00e9ho vzdel\u00e1vania\" \/>\n<meta property=\"article:publisher\" content=\"https:\/\/www.facebook.com\/Statnyinstitutodbornehovzdelavania\" \/>\n<meta property=\"article:published_time\" content=\"2025-01-29T16:32:18+00:00\" \/>\n<meta property=\"article:modified_time\" content=\"2025-01-29T16:32:41+00:00\" \/>\n<meta property=\"og:image\" content=\"https:\/\/archiv.siov.sk\/wp-content\/uploads\/2025\/01\/IMG_1401-scaled.jpeg\" \/>\n\t<meta property=\"og:image:width\" content=\"2560\" \/>\n\t<meta property=\"og:image:height\" content=\"1920\" \/>\n\t<meta property=\"og:image:type\" content=\"image\/jpeg\" \/>\n<meta name=\"author\" content=\"Katar\u00edna Kov\u00e1\u010dov\u00e1\" \/>\n<meta name=\"twitter:card\" content=\"summary_large_image\" \/>\n<meta name=\"twitter:label1\" content=\"Written by\" \/>\n\t<meta name=\"twitter:data1\" content=\"Katar\u00edna Kov\u00e1\u010dov\u00e1\" \/>\n\t<meta name=\"twitter:label2\" content=\"Estimated reading time\" \/>\n\t<meta name=\"twitter:data2\" content=\"3 minutes\" \/>\n<script type=\"application\/ld+json\" class=\"yoast-schema-graph\">{\"@context\":\"https:\\\/\\\/schema.org\",\"@graph\":[{\"@type\":\"Article\",\"@id\":\"https:\\\/\\\/archiv.siov.sk\\\/dalsie-pracovne-stretnutie-narodneho-projektu-centra-excelentnosti-ovp\\\/#article\",\"isPartOf\":{\"@id\":\"https:\\\/\\\/archiv.siov.sk\\\/dalsie-pracovne-stretnutie-narodneho-projektu-centra-excelentnosti-ovp\\\/\"},\"author\":{\"name\":\"Katar\u00edna Kov\u00e1\u010dov\u00e1\",\"@id\":\"https:\\\/\\\/archiv.siov.sk\\\/#\\\/schema\\\/person\\\/e42d633fbd958c6a726e8834d8965e6c\"},\"headline\":\"\u010eal\u0161ie pracovn\u00e9 stretnutie N\u00e1rodn\u00e9ho projektu Centr\u00e1 excelentnosti OVP\",\"datePublished\":\"2025-01-29T16:32:18+00:00\",\"dateModified\":\"2025-01-29T16:32:41+00:00\",\"mainEntityOfPage\":{\"@id\":\"https:\\\/\\\/archiv.siov.sk\\\/dalsie-pracovne-stretnutie-narodneho-projektu-centra-excelentnosti-ovp\\\/\"},\"wordCount\":408,\"publisher\":{\"@id\":\"https:\\\/\\\/archiv.siov.sk\\\/#organization\"},\"image\":{\"@id\":\"https:\\\/\\\/archiv.siov.sk\\\/dalsie-pracovne-stretnutie-narodneho-projektu-centra-excelentnosti-ovp\\\/#primaryimage\"},\"thumbnailUrl\":\"https:\\\/\\\/archiv.siov.sk\\\/wp-content\\\/uploads\\\/2025\\\/01\\\/IMG_1401-scaled.jpeg\",\"articleSection\":[\"Aktuality\"],\"inLanguage\":\"en-GB\"},{\"@type\":\"WebPage\",\"@id\":\"https:\\\/\\\/archiv.siov.sk\\\/dalsie-pracovne-stretnutie-narodneho-projektu-centra-excelentnosti-ovp\\\/\",\"url\":\"https:\\\/\\\/archiv.siov.sk\\\/dalsie-pracovne-stretnutie-narodneho-projektu-centra-excelentnosti-ovp\\\/\",\"name\":\"\u010eal\u0161ie pracovn\u00e9 stretnutie N\u00e1rodn\u00e9ho projektu Centr\u00e1 excelentnosti OVP - \u0160IOV - \u0161t\u00e1tny in\u0161tit\u00fat odborn\u00e9ho vzdel\u00e1vania\",\"isPartOf\":{\"@id\":\"https:\\\/\\\/archiv.siov.sk\\\/#website\"},\"primaryImageOfPage\":{\"@id\":\"https:\\\/\\\/archiv.siov.sk\\\/dalsie-pracovne-stretnutie-narodneho-projektu-centra-excelentnosti-ovp\\\/#primaryimage\"},\"image\":{\"@id\":\"https:\\\/\\\/archiv.siov.sk\\\/dalsie-pracovne-stretnutie-narodneho-projektu-centra-excelentnosti-ovp\\\/#primaryimage\"},\"thumbnailUrl\":\"https:\\\/\\\/archiv.siov.sk\\\/wp-content\\\/uploads\\\/2025\\\/01\\\/IMG_1401-scaled.jpeg\",\"datePublished\":\"2025-01-29T16:32:18+00:00\",\"dateModified\":\"2025-01-29T16:32:41+00:00\",\"breadcrumb\":{\"@id\":\"https:\\\/\\\/archiv.siov.sk\\\/dalsie-pracovne-stretnutie-narodneho-projektu-centra-excelentnosti-ovp\\\/#breadcrumb\"},\"inLanguage\":\"en-GB\",\"potentialAction\":[{\"@type\":\"ReadAction\",\"target\":[\"https:\\\/\\\/archiv.siov.sk\\\/dalsie-pracovne-stretnutie-narodneho-projektu-centra-excelentnosti-ovp\\\/\"]}]},{\"@type\":\"ImageObject\",\"inLanguage\":\"en-GB\",\"@id\":\"https:\\\/\\\/archiv.siov.sk\\\/dalsie-pracovne-stretnutie-narodneho-projektu-centra-excelentnosti-ovp\\\/#primaryimage\",\"url\":\"https:\\\/\\\/archiv.siov.sk\\\/wp-content\\\/uploads\\\/2025\\\/01\\\/IMG_1401-scaled.jpeg\",\"contentUrl\":\"https:\\\/\\\/archiv.siov.sk\\\/wp-content\\\/uploads\\\/2025\\\/01\\\/IMG_1401-scaled.jpeg\",\"width\":2560,\"height\":1920},{\"@type\":\"BreadcrumbList\",\"@id\":\"https:\\\/\\\/archiv.siov.sk\\\/dalsie-pracovne-stretnutie-narodneho-projektu-centra-excelentnosti-ovp\\\/#breadcrumb\",\"itemListElement\":[{\"@type\":\"ListItem\",\"position\":1,\"name\":\"Home\",\"item\":\"https:\\\/\\\/archiv.siov.sk\\\/\"},{\"@type\":\"ListItem\",\"position\":2,\"name\":\"\u010eal\u0161ie pracovn\u00e9 stretnutie N\u00e1rodn\u00e9ho projektu Centr\u00e1 excelentnosti OVP\"}]},{\"@type\":\"WebSite\",\"@id\":\"https:\\\/\\\/archiv.siov.sk\\\/#website\",\"url\":\"https:\\\/\\\/archiv.siov.sk\\\/\",\"name\":\"\u0160IOV - \u0161t\u00e1tny in\u0161tit\u00fat odborn\u00e9ho vzdel\u00e1vania\",\"description\":\"\",\"publisher\":{\"@id\":\"https:\\\/\\\/archiv.siov.sk\\\/#organization\"},\"potentialAction\":[{\"@type\":\"SearchAction\",\"target\":{\"@type\":\"EntryPoint\",\"urlTemplate\":\"https:\\\/\\\/archiv.siov.sk\\\/?s={search_term_string}\"},\"query-input\":{\"@type\":\"PropertyValueSpecification\",\"valueRequired\":true,\"valueName\":\"search_term_string\"}}],\"inLanguage\":\"en-GB\"},{\"@type\":\"Organization\",\"@id\":\"https:\\\/\\\/archiv.siov.sk\\\/#organization\",\"name\":\"\u0160IOV - \u0161t\u00e1tny in\u0161tit\u00fat odborn\u00e9ho vzdel\u00e1vania\",\"url\":\"https:\\\/\\\/archiv.siov.sk\\\/\",\"logo\":{\"@type\":\"ImageObject\",\"inLanguage\":\"en-GB\",\"@id\":\"https:\\\/\\\/archiv.siov.sk\\\/#\\\/schema\\\/logo\\\/image\\\/\",\"url\":\"https:\\\/\\\/archiv.siov.sk\\\/wp-content\\\/uploads\\\/2024\\\/02\\\/logo-SIOV.png\",\"contentUrl\":\"https:\\\/\\\/archiv.siov.sk\\\/wp-content\\\/uploads\\\/2024\\\/02\\\/logo-SIOV.png\",\"width\":431,\"height\":143,\"caption\":\"\u0160IOV - \u0161t\u00e1tny in\u0161tit\u00fat odborn\u00e9ho vzdel\u00e1vania\"},\"image\":{\"@id\":\"https:\\\/\\\/archiv.siov.sk\\\/#\\\/schema\\\/logo\\\/image\\\/\"},\"sameAs\":[\"https:\\\/\\\/www.facebook.com\\\/Statnyinstitutodbornehovzdelavania\"]},{\"@type\":\"Person\",\"@id\":\"https:\\\/\\\/archiv.siov.sk\\\/#\\\/schema\\\/person\\\/e42d633fbd958c6a726e8834d8965e6c\",\"name\":\"Katar\u00edna Kov\u00e1\u010dov\u00e1\",\"url\":\"https:\\\/\\\/archiv.siov.sk\\\/en\\\/author\\\/katkakovacova\\\/\"}]}<\/script>\n<!-- \/ Yoast SEO plugin. -->","yoast_head_json":{"title":"\u010eal\u0161ie pracovn\u00e9 stretnutie N\u00e1rodn\u00e9ho projektu Centr\u00e1 excelentnosti OVP - \u0160IOV - \u0161t\u00e1tny in\u0161tit\u00fat odborn\u00e9ho vzdel\u00e1vania","robots":{"index":"index","follow":"follow","max-snippet":"max-snippet:-1","max-image-preview":"max-image-preview:large","max-video-preview":"max-video-preview:-1"},"canonical":"https:\/\/archiv.siov.sk\/en\/dalsie-pracovne-stretnutie-narodneho-projektu-centra-excelentnosti-ovp\/","og_locale":"en_GB","og_type":"article","og_title":"\u010eal\u0161ie pracovn\u00e9 stretnutie N\u00e1rodn\u00e9ho projektu Centr\u00e1 excelentnosti OVP - \u0160IOV - \u0161t\u00e1tny in\u0161tit\u00fat odborn\u00e9ho vzdel\u00e1vania","og_description":"Centr\u00e1 excelentnosti naberaj\u00fa re\u00e1lne kont\u00fary. \u0160estn\u00e1s\u0165 stredn\u00fdch odborn\u00fdch \u0161k\u00f4l, pilotn\u00fdch centier m\u00e1 motiv\u00e1ciu a u\u017e aj strategick\u00fd pl\u00e1n na to sta\u0165 sa stredobodom odborn\u00e9ho vzdel\u00e1vania a pr\u00edpravy, ale aj celo\u017eivotn\u00e9ho vzdel\u00e1vania a partnerom, sprievodcom ostatn\u00fdm v danom sektore. \u0160t\u00e1tny in\u0161tit\u00fat odborn\u00e9ho vzdel\u00e1vania (\u0160IOV) organizoval \u010fal\u0161ie pracovn\u00e9 stretnutie N\u00e1rodn\u00e9ho projektu Centr\u00e1 excelentnosti odborn\u00e9ho vzdel\u00e1vania\u00a0a\u00a0pr\u00edpravy (NP CEOVP), [&hellip;]","og_url":"https:\/\/archiv.siov.sk\/en\/dalsie-pracovne-stretnutie-narodneho-projektu-centra-excelentnosti-ovp\/","og_site_name":"\u0160IOV - \u0161t\u00e1tny in\u0161tit\u00fat odborn\u00e9ho vzdel\u00e1vania","article_publisher":"https:\/\/www.facebook.com\/Statnyinstitutodbornehovzdelavania","article_published_time":"2025-01-29T16:32:18+00:00","article_modified_time":"2025-01-29T16:32:41+00:00","og_image":[{"width":2560,"height":1920,"url":"https:\/\/archiv.siov.sk\/wp-content\/uploads\/2025\/01\/IMG_1401-scaled.jpeg","type":"image\/jpeg"}],"author":"Katar\u00edna Kov\u00e1\u010dov\u00e1","twitter_card":"summary_large_image","twitter_misc":{"Written by":"Katar\u00edna Kov\u00e1\u010dov\u00e1","Estimated reading time":"3 minutes"},"schema":{"@context":"https:\/\/schema.org","@graph":[{"@type":"Article","@id":"https:\/\/archiv.siov.sk\/dalsie-pracovne-stretnutie-narodneho-projektu-centra-excelentnosti-ovp\/#article","isPartOf":{"@id":"https:\/\/archiv.siov.sk\/dalsie-pracovne-stretnutie-narodneho-projektu-centra-excelentnosti-ovp\/"},"author":{"name":"Katar\u00edna Kov\u00e1\u010dov\u00e1","@id":"https:\/\/archiv.siov.sk\/#\/schema\/person\/e42d633fbd958c6a726e8834d8965e6c"},"headline":"\u010eal\u0161ie pracovn\u00e9 stretnutie N\u00e1rodn\u00e9ho projektu Centr\u00e1 excelentnosti OVP","datePublished":"2025-01-29T16:32:18+00:00","dateModified":"2025-01-29T16:32:41+00:00","mainEntityOfPage":{"@id":"https:\/\/archiv.siov.sk\/dalsie-pracovne-stretnutie-narodneho-projektu-centra-excelentnosti-ovp\/"},"wordCount":408,"publisher":{"@id":"https:\/\/archiv.siov.sk\/#organization"},"image":{"@id":"https:\/\/archiv.siov.sk\/dalsie-pracovne-stretnutie-narodneho-projektu-centra-excelentnosti-ovp\/#primaryimage"},"thumbnailUrl":"https:\/\/archiv.siov.sk\/wp-content\/uploads\/2025\/01\/IMG_1401-scaled.jpeg","articleSection":["Aktuality"],"inLanguage":"en-GB"},{"@type":"WebPage","@id":"https:\/\/archiv.siov.sk\/dalsie-pracovne-stretnutie-narodneho-projektu-centra-excelentnosti-ovp\/","url":"https:\/\/archiv.siov.sk\/dalsie-pracovne-stretnutie-narodneho-projektu-centra-excelentnosti-ovp\/","name":"\u010eal\u0161ie pracovn\u00e9 stretnutie N\u00e1rodn\u00e9ho projektu Centr\u00e1 excelentnosti OVP - \u0160IOV - \u0161t\u00e1tny in\u0161tit\u00fat odborn\u00e9ho vzdel\u00e1vania","isPartOf":{"@id":"https:\/\/archiv.siov.sk\/#website"},"primaryImageOfPage":{"@id":"https:\/\/archiv.siov.sk\/dalsie-pracovne-stretnutie-narodneho-projektu-centra-excelentnosti-ovp\/#primaryimage"},"image":{"@id":"https:\/\/archiv.siov.sk\/dalsie-pracovne-stretnutie-narodneho-projektu-centra-excelentnosti-ovp\/#primaryimage"},"thumbnailUrl":"https:\/\/archiv.siov.sk\/wp-content\/uploads\/2025\/01\/IMG_1401-scaled.jpeg","datePublished":"2025-01-29T16:32:18+00:00","dateModified":"2025-01-29T16:32:41+00:00","breadcrumb":{"@id":"https:\/\/archiv.siov.sk\/dalsie-pracovne-stretnutie-narodneho-projektu-centra-excelentnosti-ovp\/#breadcrumb"},"inLanguage":"en-GB","potentialAction":[{"@type":"ReadAction","target":["https:\/\/archiv.siov.sk\/dalsie-pracovne-stretnutie-narodneho-projektu-centra-excelentnosti-ovp\/"]}]},{"@type":"ImageObject","inLanguage":"en-GB","@id":"https:\/\/archiv.siov.sk\/dalsie-pracovne-stretnutie-narodneho-projektu-centra-excelentnosti-ovp\/#primaryimage","url":"https:\/\/archiv.siov.sk\/wp-content\/uploads\/2025\/01\/IMG_1401-scaled.jpeg","contentUrl":"https:\/\/archiv.siov.sk\/wp-content\/uploads\/2025\/01\/IMG_1401-scaled.jpeg","width":2560,"height":1920},{"@type":"BreadcrumbList","@id":"https:\/\/archiv.siov.sk\/dalsie-pracovne-stretnutie-narodneho-projektu-centra-excelentnosti-ovp\/#breadcrumb","itemListElement":[{"@type":"ListItem","position":1,"name":"Home","item":"https:\/\/archiv.siov.sk\/"},{"@type":"ListItem","position":2,"name":"\u010eal\u0161ie pracovn\u00e9 stretnutie N\u00e1rodn\u00e9ho projektu Centr\u00e1 excelentnosti OVP"}]},{"@type":"WebSite","@id":"https:\/\/archiv.siov.sk\/#website","url":"https:\/\/archiv.siov.sk\/","name":"\u0160IOV - \u0161t\u00e1tny in\u0161tit\u00fat odborn\u00e9ho vzdel\u00e1vania","description":"","publisher":{"@id":"https:\/\/archiv.siov.sk\/#organization"},"potentialAction":[{"@type":"SearchAction","target":{"@type":"EntryPoint","urlTemplate":"https:\/\/archiv.siov.sk\/?s={search_term_string}"},"query-input":{"@type":"PropertyValueSpecification","valueRequired":true,"valueName":"search_term_string"}}],"inLanguage":"en-GB"},{"@type":"Organization","@id":"https:\/\/archiv.siov.sk\/#organization","name":"\u0160IOV - \u0161t\u00e1tny in\u0161tit\u00fat odborn\u00e9ho vzdel\u00e1vania","url":"https:\/\/archiv.siov.sk\/","logo":{"@type":"ImageObject","inLanguage":"en-GB","@id":"https:\/\/archiv.siov.sk\/#\/schema\/logo\/image\/","url":"https:\/\/archiv.siov.sk\/wp-content\/uploads\/2024\/02\/logo-SIOV.png","contentUrl":"https:\/\/archiv.siov.sk\/wp-content\/uploads\/2024\/02\/logo-SIOV.png","width":431,"height":143,"caption":"\u0160IOV - \u0161t\u00e1tny in\u0161tit\u00fat odborn\u00e9ho vzdel\u00e1vania"},"image":{"@id":"https:\/\/archiv.siov.sk\/#\/schema\/logo\/image\/"},"sameAs":["https:\/\/www.facebook.com\/Statnyinstitutodbornehovzdelavania"]},{"@type":"Person","@id":"https:\/\/archiv.siov.sk\/#\/schema\/person\/e42d633fbd958c6a726e8834d8965e6c","name":"Katar\u00edna Kov\u00e1\u010dov\u00e1","url":"https:\/\/archiv.siov.sk\/en\/author\/katkakovacova\/"}]}},"_links":{"self":[{"href":"https:\/\/archiv.siov.sk\/en\/wp-json\/wp\/v2\/posts\/17723","targetHints":{"allow":["GET"]}}],"collection":[{"href":"https:\/\/archiv.siov.sk\/en\/wp-json\/wp\/v2\/posts"}],"about":[{"href":"https:\/\/archiv.siov.sk\/en\/wp-json\/wp\/v2\/types\/post"}],"author":[{"embeddable":true,"href":"https:\/\/archiv.siov.sk\/en\/wp-json\/wp\/v2\/users\/6"}],"replies":[{"embeddable":true,"href":"https:\/\/archiv.siov.sk\/en\/wp-json\/wp\/v2\/comments?post=17723"}],"version-history":[{"count":3,"href":"https:\/\/archiv.siov.sk\/en\/wp-json\/wp\/v2\/posts\/17723\/revisions"}],"predecessor-version":[{"id":17730,"href":"https:\/\/archiv.siov.sk\/en\/wp-json\/wp\/v2\/posts\/17723\/revisions\/17730"}],"wp:featuredmedia":[{"embeddable":true,"href":"https:\/\/archiv.siov.sk\/en\/wp-json\/wp\/v2\/media\/17726"}],"wp:attachment":[{"href":"https:\/\/archiv.siov.sk\/en\/wp-json\/wp\/v2\/media?parent=17723"}],"wp:term":[{"taxonomy":"category","embeddable":true,"href":"https:\/\/archiv.siov.sk\/en\/wp-json\/wp\/v2\/categories?post=17723"},{"taxonomy":"post_tag","embeddable":true,"href":"https:\/\/archiv.siov.sk\/en\/wp-json\/wp\/v2\/tags?post=17723"}],"curies":[{"name":"wp","href":"https:\/\/api.w.org\/{rel}","templated":true}]}}