{"id":17665,"date":"2025-01-23T10:15:48","date_gmt":"2025-01-23T09:15:48","guid":{"rendered":"https:\/\/archiv.siov.sk\/?p=17665"},"modified":"2025-01-31T10:41:13","modified_gmt":"2025-01-31T09:41:13","slug":"vacsina-ziakov-strednych-skol-sa-vzdelava-v-odbornych-skolach-preto-sa-dnes-tazisko-tohto-vzdelavania-presuva-na-zvysenie-jeho-kvality-a-atraktivnosti","status":"publish","type":"post","link":"https:\/\/archiv.siov.sk\/en\/vacsina-ziakov-strednych-skol-sa-vzdelava-v-odbornych-skolach-preto-sa-dnes-tazisko-tohto-vzdelavania-presuva-na-zvysenie-jeho-kvality-a-atraktivnosti\/","title":{"rendered":"V\u00e4\u010d\u0161ina \u017eiakov stredn\u00fdch \u0161k\u00f4l sa vzdel\u00e1va v odborn\u00fdch \u0161kol\u00e1ch. Preto sa dnes \u0165a\u017eisko tohto vzdel\u00e1vania pres\u00fava na zv\u00fd\u0161enie jeho kvality a atrakt\u00edvnosti."},"content":{"rendered":"<p>20. janu\u00e1ra 2025 sa v\u00a0Bratislave uskuto\u010dnila otv\u00e1racia konferencia projektu <strong><em>\u201eZv\u00fd\u0161enie kvality a atrakt\u00edvnosti odborn\u00e9ho vzdel\u00e1vania a pr\u00edpravy (OVP) v s\u00falade s potrebami trhu pr\u00e1ce\u201c<\/em>.<\/strong> Projektov\u00e9 aktivity bud\u00fa prebieha\u0165 do roku 2028. Projekt je s\u00fa\u010das\u0165ou 2. Programu \u0161vaj\u010diarsko-slovenskej spolupr\u00e1ce a nadv\u00e4zuje na v\u00fdsledky projektu <em>\u201eOdborn\u00e9 vzdel\u00e1vanie a pr\u00edprava pre trh pr\u00e1ce\u201c<\/em>, ktor\u00fd bol tie\u017e v\u00a0gescii \u0160t\u00e1tneho in\u0161tit\u00fatu odborn\u00e9ho vzdel\u00e1vania (\u0160IOV) v\u00a0r\u00e1mci \u0161vaj\u010diarsko-slovenskej spolupr\u00e1ce v\u00a0rokoch 2012-2017.<\/p>\n<p>Konferenciu otvoril ve\u013evyslanec \u0160vaj\u010diarskej konfeder\u00e1cie na Slovensku <strong>Peter Nelson<\/strong> spolo\u010dne so <strong>Slavom\u00edrom Partilom<\/strong>, \u0161t\u00e1tnym tajomn\u00edkom pre region\u00e1lne \u0161kolstvo a\u00a0vzdel\u00e1vanie dospel\u00fdch Ministerstva \u0161kolstva, v\u00fdskumu, v\u00fdvoja a\u00a0ml\u00e1de\u017ee SR a\u00a0riadite\u013eom \u0160IOV, <strong>Branislavom Had\u00e1rom<\/strong>.<\/p>\n<p>V\u00fdsledky projektu maj\u00fa za cie\u013e zmen\u0161ova\u0165 medzeru medzi potrebami pracovn\u00e9ho trhu a\u00a0\u00farov\u0148ou absolventov odborn\u00e9ho vzdel\u00e1vania a\u00a0pr\u00edpravy. <strong>Praktick\u00e9 vyu\u010dovanie a\u00a0jeho podpora je preto z\u00e1kladn\u00fdm prvkom projektu.<\/strong>\u00a0 <em>\u201ePrepojen\u00edm expert\u00edzy odborn\u00edkov v\u00a0\u0160IOV-e, relevantn\u00fdch partnerov na Slovensku a\u00a0\u0161vaj\u010diarskych partnerov &#8211; SFUVET (<\/em><em>\u0160vaj\u010diarska feder\u00e1lna univerzita pre odborn\u00e9 vzdel\u00e1vanie a\u00a0pr\u00edpravu)<\/em><em> a\u00a0ETH Z\u00fcrich (<\/em><em>Spolkov\u00fd technologick\u00fd in\u0161tit\u00fat) sme <strong>na\u0161tartovali spolupr\u00e1cu, ktor\u00e1 smeruje k<\/strong><\/em>\u00a0<strong><em>vy\u0161\u0161iemu zapojeniu mal\u00fdch a\u00a0stredn\u00fdch zamestn\u00e1vate\u013eov do praktick\u00e9ho vyu\u010dovania, v\u00e4\u010d\u0161ej flexibilite n\u00e1\u0161ho vzdel\u00e1vacieho syst\u00e9mu v\u00a0oblasti odborn\u00e9ho vzdel\u00e1vania a\u00a0vytvoreniu n\u00e1strojov na podporu integr\u00e1cie cudzincov na trhu pr\u00e1ce<\/em>,<\/strong>\u201c hovor\u00ed projektov\u00e1 mana\u017e\u00e9rka \u0160IOV, Mariana Ml\u010duchov\u00e1.<\/p>\n<figure id=\"attachment_17667\" aria-describedby=\"caption-attachment-17667\" style=\"width: 300px\" class=\"wp-caption alignleft\"><img fetchpriority=\"high\" decoding=\"async\" class=\"wp-image-17667 size-medium\" src=\"https:\/\/archiv.siov.sk\/wp-content\/uploads\/2025\/01\/Otvaracia-konferencia_E.Swars_Zdroj-SIOV-300x225.jpeg\" alt=\"\" width=\"300\" height=\"225\" srcset=\"https:\/\/archiv.siov.sk\/wp-content\/uploads\/2025\/01\/Otvaracia-konferencia_E.Swars_Zdroj-SIOV-300x225.jpeg 300w, https:\/\/archiv.siov.sk\/wp-content\/uploads\/2025\/01\/Otvaracia-konferencia_E.Swars_Zdroj-SIOV-1024x768.jpeg 1024w, https:\/\/archiv.siov.sk\/wp-content\/uploads\/2025\/01\/Otvaracia-konferencia_E.Swars_Zdroj-SIOV-768x576.jpeg 768w, https:\/\/archiv.siov.sk\/wp-content\/uploads\/2025\/01\/Otvaracia-konferencia_E.Swars_Zdroj-SIOV-1536x1152.jpeg 1536w, https:\/\/archiv.siov.sk\/wp-content\/uploads\/2025\/01\/Otvaracia-konferencia_E.Swars_Zdroj-SIOV-2048x1536.jpeg 2048w, https:\/\/archiv.siov.sk\/wp-content\/uploads\/2025\/01\/Otvaracia-konferencia_E.Swars_Zdroj-SIOV-16x12.jpeg 16w\" sizes=\"(max-width: 300px) 100vw, 300px\" \/><figcaption id=\"caption-attachment-17667\" class=\"wp-caption-text\">Zdroj: \u0160IOV<\/figcaption><\/figure>\n<p>V\u00a0r\u00e1mci predstavenia projektu odznelo aj to, \u017ee pr\u00e1ve <strong>\u0161vaj\u010diarsky syst\u00e9m odborn\u00e9ho vzdel\u00e1vania patr\u00ed k\u00a0najlep\u0161\u00edm na svete.<\/strong> Preto hlavn\u00fdm cie\u013eom tohto projektu je prenos dobrej praxe zo \u0160vaj\u010diarska na Slovensko a\u00a0teda zlep\u0161enie kvality odborn\u00e9ho vzdel\u00e1vania, ale aj zv\u00fd\u0161enie atrakt\u00edvnosti tohto odvetvia pre mlad\u00fdch \u013eud\u00ed, ktor\u00ed sa rozhoduj\u00fa o\u00a0svojom povolan\u00ed. <em>\u201ePod\u013ea glob\u00e1lneho inova\u010dn\u00e9ho indexu 2023 je \u0160vaj\u010diarsko na \u010dele rebr\u00ed\u010dka kraj\u00edn s najinovat\u00edvnej\u0161ou ekonomikou na svete, \u010do m\u00e1 viacero d\u00f4vodov, pri\u010dom si mysl\u00edme, \u017ee odborn\u00e9 vzdel\u00e1vanie a pr\u00edprava je jedn\u00fdm z vysvetlen\u00ed tejto v\u00fdkonnosti,\u201c<\/em> povedal Erik Swars, riadite\u013e pre medzin\u00e1rodn\u00e9 vz\u0165ahy SFUVET, ktor\u00fd \u00fa\u010dastn\u00edkom konferencie predstavil syst\u00e9m odborn\u00e9ho vzdel\u00e1vania a pr\u00edpravy.<\/p>\n<figure id=\"attachment_17668\" aria-describedby=\"caption-attachment-17668\" style=\"width: 300px\" class=\"wp-caption alignright\"><img decoding=\"async\" class=\"wp-image-17668 size-medium\" src=\"https:\/\/archiv.siov.sk\/wp-content\/uploads\/2025\/01\/Otvaracia-konferencia_panelova-diskusia_Zdroj-SIOV-300x225.jpg\" alt=\"\" width=\"300\" height=\"225\" srcset=\"https:\/\/archiv.siov.sk\/wp-content\/uploads\/2025\/01\/Otvaracia-konferencia_panelova-diskusia_Zdroj-SIOV-300x225.jpg 300w, https:\/\/archiv.siov.sk\/wp-content\/uploads\/2025\/01\/Otvaracia-konferencia_panelova-diskusia_Zdroj-SIOV-1024x768.jpg 1024w, https:\/\/archiv.siov.sk\/wp-content\/uploads\/2025\/01\/Otvaracia-konferencia_panelova-diskusia_Zdroj-SIOV-768x576.jpg 768w, https:\/\/archiv.siov.sk\/wp-content\/uploads\/2025\/01\/Otvaracia-konferencia_panelova-diskusia_Zdroj-SIOV-1536x1152.jpg 1536w, https:\/\/archiv.siov.sk\/wp-content\/uploads\/2025\/01\/Otvaracia-konferencia_panelova-diskusia_Zdroj-SIOV-16x12.jpg 16w, https:\/\/archiv.siov.sk\/wp-content\/uploads\/2025\/01\/Otvaracia-konferencia_panelova-diskusia_Zdroj-SIOV.jpg 2016w\" sizes=\"(max-width: 300px) 100vw, 300px\" \/><figcaption id=\"caption-attachment-17668\" class=\"wp-caption-text\">Zdroj: \u0160IOV<\/figcaption><\/figure>\n<p>Program konferencie ukon\u010dila panelov\u00e1 diskusia, v\u00a0ktorej diskutovali <strong>Branislav Had\u00e1r<\/strong>, riadite\u013e \u0160IOV s <strong>Andrejom Huttom<\/strong>, predsedom Rady zamestn\u00e1vate\u013eov pre odborn\u00e9 vzdel\u00e1vanie a pr\u00edpravu\u200b, <strong>Pavlom Kov\u00e1\u010dikom<\/strong>, prezidentom Zv\u00e4zu stavebn\u00fdch podnikate\u013eov Slovenska a\u00a0<strong>Norbertom Fazekasom<\/strong>, hlavn\u00fdm in\u0161truktorom du\u00e1lneho vzdel\u00e1vania vo firme AGROMA\u010cAJ a.s. Diskutuj\u00faci sa zhodli na tom, \u017ee <strong>kvalitn\u00e9 odborn\u00e9 \u0161kolstvo stabilizuje pracovn\u00e9 miesta v\u00a0regi\u00f3noch a\u00a0du\u00e1lne vzdel\u00e1vanie pom\u00e1ha prinies\u0165 do firiem kontinuitu v\u00a0r\u00e1mci prirodzenej fluktu\u00e1cie<\/strong>, ke\u010f\u017ee \u017eiak pozn\u00e1 pracovn\u00e9 prostredie a\u00a0t\u00edm. Trendy spojen\u00e9 s\u00a0digitaliz\u00e1ciou a\u00a0dynamika s\u00fa\u010dasnej doby si v\u0161ak vy\u017eaduj\u00fa pru\u017enos\u0165 a\u00a0flexibilitu na strane zamestnancov a\u00a0zamestn\u00e1vate\u013eov.<\/p>","protected":false},"excerpt":{"rendered":"<p>20. janu\u00e1ra 2025 sa v\u00a0Bratislave uskuto\u010dnila otv\u00e1racia konferencia projektu \u201eZv\u00fd\u0161enie kvality a atrakt\u00edvnosti odborn\u00e9ho vzdel\u00e1vania a pr\u00edpravy (OVP) v s\u00falade s potrebami trhu pr\u00e1ce\u201c. Projektov\u00e9 aktivity bud\u00fa prebieha\u0165 do roku 2028. Projekt je s\u00fa\u010das\u0165ou 2. Programu \u0161vaj\u010diarsko-slovenskej spolupr\u00e1ce a nadv\u00e4zuje na v\u00fdsledky projektu \u201eOdborn\u00e9 vzdel\u00e1vanie a pr\u00edprava pre trh pr\u00e1ce\u201c, ktor\u00fd bol tie\u017e v\u00a0gescii \u0160t\u00e1tneho [&hellip;]<\/p>\n","protected":false},"author":11,"featured_media":17670,"comment_status":"closed","ping_status":"closed","sticky":false,"template":"","format":"standard","meta":{"site-sidebar-layout":"default","site-content-layout":"","ast-site-content-layout":"default","site-content-style":"default","site-sidebar-style":"default","ast-global-header-display":"","ast-banner-title-visibility":"","ast-main-header-display":"","ast-hfb-above-header-display":"","ast-hfb-below-header-display":"","ast-hfb-mobile-header-display":"","site-post-title":"","ast-breadcrumbs-content":"","ast-featured-img":"","footer-sml-layout":"","ast-disable-related-posts":"","theme-transparent-header-meta":"default","adv-header-id-meta":"","stick-header-meta":"default","header-above-stick-meta":"","header-main-stick-meta":"","header-below-stick-meta":"","astra-migrate-meta-layouts":"set","ast-page-background-enabled":"default","ast-page-background-meta":{"desktop":{"background-color":"var(--ast-global-color-4)","background-image":"","background-repeat":"repeat","background-position":"center center","background-size":"auto","background-attachment":"scroll","background-type":"","background-media":"","overlay-type":"","overlay-color":"","overlay-opacity":"","overlay-gradient":""},"tablet":{"background-color":"","background-image":"","background-repeat":"repeat","background-position":"center center","background-size":"auto","background-attachment":"scroll","background-type":"","background-media":"","overlay-type":"","overlay-color":"","overlay-opacity":"","overlay-gradient":""},"mobile":{"background-color":"","background-image":"","background-repeat":"repeat","background-position":"center center","background-size":"auto","background-attachment":"scroll","background-type":"","background-media":"","overlay-type":"","overlay-color":"","overlay-opacity":"","overlay-gradient":""}},"ast-content-background-meta":{"desktop":{"background-color":"var(--ast-global-color-5)","background-image":"","background-repeat":"repeat","background-position":"center center","background-size":"auto","background-attachment":"scroll","background-type":"","background-media":"","overlay-type":"","overlay-color":"","overlay-opacity":"","overlay-gradient":""},"tablet":{"background-color":"var(--ast-global-color-5)","background-image":"","background-repeat":"repeat","background-position":"center center","background-size":"auto","background-attachment":"scroll","background-type":"","background-media":"","overlay-type":"","overlay-color":"","overlay-opacity":"","overlay-gradient":""},"mobile":{"background-color":"var(--ast-global-color-5)","background-image":"","background-repeat":"repeat","background-position":"center center","background-size":"auto","background-attachment":"scroll","background-type":"","background-media":"","overlay-type":"","overlay-color":"","overlay-opacity":"","overlay-gradient":""}},"footnotes":""},"categories":[1,30],"tags":[],"class_list":["post-17665","post","type-post","status-publish","format-standard","has-post-thumbnail","hentry","category-aktuality","category-program-svajciarsko-slovenskej-spoluprace"],"yoast_head":"<!-- This site is optimized with the Yoast SEO plugin v27.5 - https:\/\/yoast.com\/product\/yoast-seo-wordpress\/ -->\n<title>V\u00e4\u010d\u0161ina \u017eiakov stredn\u00fdch \u0161k\u00f4l sa vzdel\u00e1va v odborn\u00fdch \u0161kol\u00e1ch. Preto sa dnes \u0165a\u017eisko tohto vzdel\u00e1vania pres\u00fava na zv\u00fd\u0161enie jeho kvality a atrakt\u00edvnosti. - \u0160IOV - \u0161t\u00e1tny in\u0161tit\u00fat odborn\u00e9ho vzdel\u00e1vania<\/title>\n<meta name=\"robots\" content=\"index, follow, max-snippet:-1, max-image-preview:large, max-video-preview:-1\" \/>\n<link rel=\"canonical\" href=\"https:\/\/archiv.siov.sk\/en\/vacsina-ziakov-strednych-skol-sa-vzdelava-v-odbornych-skolach-preto-sa-dnes-tazisko-tohto-vzdelavania-presuva-na-zvysenie-jeho-kvality-a-atraktivnosti\/\" \/>\n<meta property=\"og:locale\" content=\"en_GB\" \/>\n<meta property=\"og:type\" content=\"article\" \/>\n<meta property=\"og:title\" content=\"V\u00e4\u010d\u0161ina \u017eiakov stredn\u00fdch \u0161k\u00f4l sa vzdel\u00e1va v odborn\u00fdch \u0161kol\u00e1ch. Preto sa dnes \u0165a\u017eisko tohto vzdel\u00e1vania pres\u00fava na zv\u00fd\u0161enie jeho kvality a atrakt\u00edvnosti. - \u0160IOV - \u0161t\u00e1tny in\u0161tit\u00fat odborn\u00e9ho vzdel\u00e1vania\" \/>\n<meta property=\"og:description\" content=\"20. janu\u00e1ra 2025 sa v\u00a0Bratislave uskuto\u010dnila otv\u00e1racia konferencia projektu \u201eZv\u00fd\u0161enie kvality a atrakt\u00edvnosti odborn\u00e9ho vzdel\u00e1vania a pr\u00edpravy (OVP) v s\u00falade s potrebami trhu pr\u00e1ce\u201c. Projektov\u00e9 aktivity bud\u00fa prebieha\u0165 do roku 2028. Projekt je s\u00fa\u010das\u0165ou 2. Programu \u0161vaj\u010diarsko-slovenskej spolupr\u00e1ce a nadv\u00e4zuje na v\u00fdsledky projektu \u201eOdborn\u00e9 vzdel\u00e1vanie a pr\u00edprava pre trh pr\u00e1ce\u201c, ktor\u00fd bol tie\u017e v\u00a0gescii \u0160t\u00e1tneho [&hellip;]\" \/>\n<meta property=\"og:url\" content=\"https:\/\/archiv.siov.sk\/en\/vacsina-ziakov-strednych-skol-sa-vzdelava-v-odbornych-skolach-preto-sa-dnes-tazisko-tohto-vzdelavania-presuva-na-zvysenie-jeho-kvality-a-atraktivnosti\/\" \/>\n<meta property=\"og:site_name\" content=\"\u0160IOV - \u0161t\u00e1tny in\u0161tit\u00fat odborn\u00e9ho vzdel\u00e1vania\" \/>\n<meta property=\"article:publisher\" content=\"https:\/\/www.facebook.com\/Statnyinstitutodbornehovzdelavania\" \/>\n<meta property=\"article:published_time\" content=\"2025-01-23T09:15:48+00:00\" \/>\n<meta property=\"article:modified_time\" content=\"2025-01-31T09:41:13+00:00\" \/>\n<meta property=\"og:image\" content=\"https:\/\/archiv.siov.sk\/wp-content\/uploads\/2025\/01\/IMG_5851-rotated-e1737623632659.jpg\" \/>\n\t<meta property=\"og:image:width\" content=\"1512\" \/>\n\t<meta property=\"og:image:height\" content=\"1112\" \/>\n\t<meta property=\"og:image:type\" content=\"image\/jpeg\" \/>\n<meta name=\"author\" content=\"Sylvia Hamadejova\" \/>\n<meta name=\"twitter:card\" content=\"summary_large_image\" \/>\n<meta name=\"twitter:label1\" content=\"Written by\" \/>\n\t<meta name=\"twitter:data1\" content=\"Sylvia Hamadejova\" \/>\n\t<meta name=\"twitter:label2\" content=\"Estimated reading time\" \/>\n\t<meta name=\"twitter:data2\" content=\"3 minutes\" \/>\n<script type=\"application\/ld+json\" class=\"yoast-schema-graph\">{\"@context\":\"https:\\\/\\\/schema.org\",\"@graph\":[{\"@type\":\"Article\",\"@id\":\"https:\\\/\\\/archiv.siov.sk\\\/vacsina-ziakov-strednych-skol-sa-vzdelava-v-odbornych-skolach-preto-sa-dnes-tazisko-tohto-vzdelavania-presuva-na-zvysenie-jeho-kvality-a-atraktivnosti\\\/#article\",\"isPartOf\":{\"@id\":\"https:\\\/\\\/archiv.siov.sk\\\/vacsina-ziakov-strednych-skol-sa-vzdelava-v-odbornych-skolach-preto-sa-dnes-tazisko-tohto-vzdelavania-presuva-na-zvysenie-jeho-kvality-a-atraktivnosti\\\/\"},\"author\":{\"name\":\"Sylvia Hamadejova\",\"@id\":\"https:\\\/\\\/archiv.siov.sk\\\/#\\\/schema\\\/person\\\/70de33c3c88facac4a386ef06f733b92\"},\"headline\":\"V\u00e4\u010d\u0161ina \u017eiakov stredn\u00fdch \u0161k\u00f4l sa vzdel\u00e1va v odborn\u00fdch \u0161kol\u00e1ch. Preto sa dnes \u0165a\u017eisko tohto vzdel\u00e1vania pres\u00fava na zv\u00fd\u0161enie jeho kvality a atrakt\u00edvnosti.\",\"datePublished\":\"2025-01-23T09:15:48+00:00\",\"dateModified\":\"2025-01-31T09:41:13+00:00\",\"mainEntityOfPage\":{\"@id\":\"https:\\\/\\\/archiv.siov.sk\\\/vacsina-ziakov-strednych-skol-sa-vzdelava-v-odbornych-skolach-preto-sa-dnes-tazisko-tohto-vzdelavania-presuva-na-zvysenie-jeho-kvality-a-atraktivnosti\\\/\"},\"wordCount\":595,\"publisher\":{\"@id\":\"https:\\\/\\\/archiv.siov.sk\\\/#organization\"},\"image\":{\"@id\":\"https:\\\/\\\/archiv.siov.sk\\\/vacsina-ziakov-strednych-skol-sa-vzdelava-v-odbornych-skolach-preto-sa-dnes-tazisko-tohto-vzdelavania-presuva-na-zvysenie-jeho-kvality-a-atraktivnosti\\\/#primaryimage\"},\"thumbnailUrl\":\"https:\\\/\\\/archiv.siov.sk\\\/wp-content\\\/uploads\\\/2025\\\/01\\\/IMG_5851-rotated-e1737623632659.jpg\",\"articleSection\":[\"Aktuality\",\"Program \u0161vaj\u010diarsko-slovenskej spolupr\u00e1ce\"],\"inLanguage\":\"en-GB\"},{\"@type\":\"WebPage\",\"@id\":\"https:\\\/\\\/archiv.siov.sk\\\/vacsina-ziakov-strednych-skol-sa-vzdelava-v-odbornych-skolach-preto-sa-dnes-tazisko-tohto-vzdelavania-presuva-na-zvysenie-jeho-kvality-a-atraktivnosti\\\/\",\"url\":\"https:\\\/\\\/archiv.siov.sk\\\/vacsina-ziakov-strednych-skol-sa-vzdelava-v-odbornych-skolach-preto-sa-dnes-tazisko-tohto-vzdelavania-presuva-na-zvysenie-jeho-kvality-a-atraktivnosti\\\/\",\"name\":\"V\u00e4\u010d\u0161ina \u017eiakov stredn\u00fdch \u0161k\u00f4l sa vzdel\u00e1va v odborn\u00fdch \u0161kol\u00e1ch. Preto sa dnes \u0165a\u017eisko tohto vzdel\u00e1vania pres\u00fava na zv\u00fd\u0161enie jeho kvality a atrakt\u00edvnosti. - \u0160IOV - \u0161t\u00e1tny in\u0161tit\u00fat odborn\u00e9ho vzdel\u00e1vania\",\"isPartOf\":{\"@id\":\"https:\\\/\\\/archiv.siov.sk\\\/#website\"},\"primaryImageOfPage\":{\"@id\":\"https:\\\/\\\/archiv.siov.sk\\\/vacsina-ziakov-strednych-skol-sa-vzdelava-v-odbornych-skolach-preto-sa-dnes-tazisko-tohto-vzdelavania-presuva-na-zvysenie-jeho-kvality-a-atraktivnosti\\\/#primaryimage\"},\"image\":{\"@id\":\"https:\\\/\\\/archiv.siov.sk\\\/vacsina-ziakov-strednych-skol-sa-vzdelava-v-odbornych-skolach-preto-sa-dnes-tazisko-tohto-vzdelavania-presuva-na-zvysenie-jeho-kvality-a-atraktivnosti\\\/#primaryimage\"},\"thumbnailUrl\":\"https:\\\/\\\/archiv.siov.sk\\\/wp-content\\\/uploads\\\/2025\\\/01\\\/IMG_5851-rotated-e1737623632659.jpg\",\"datePublished\":\"2025-01-23T09:15:48+00:00\",\"dateModified\":\"2025-01-31T09:41:13+00:00\",\"breadcrumb\":{\"@id\":\"https:\\\/\\\/archiv.siov.sk\\\/vacsina-ziakov-strednych-skol-sa-vzdelava-v-odbornych-skolach-preto-sa-dnes-tazisko-tohto-vzdelavania-presuva-na-zvysenie-jeho-kvality-a-atraktivnosti\\\/#breadcrumb\"},\"inLanguage\":\"en-GB\",\"potentialAction\":[{\"@type\":\"ReadAction\",\"target\":[\"https:\\\/\\\/archiv.siov.sk\\\/vacsina-ziakov-strednych-skol-sa-vzdelava-v-odbornych-skolach-preto-sa-dnes-tazisko-tohto-vzdelavania-presuva-na-zvysenie-jeho-kvality-a-atraktivnosti\\\/\"]}]},{\"@type\":\"ImageObject\",\"inLanguage\":\"en-GB\",\"@id\":\"https:\\\/\\\/archiv.siov.sk\\\/vacsina-ziakov-strednych-skol-sa-vzdelava-v-odbornych-skolach-preto-sa-dnes-tazisko-tohto-vzdelavania-presuva-na-zvysenie-jeho-kvality-a-atraktivnosti\\\/#primaryimage\",\"url\":\"https:\\\/\\\/archiv.siov.sk\\\/wp-content\\\/uploads\\\/2025\\\/01\\\/IMG_5851-rotated-e1737623632659.jpg\",\"contentUrl\":\"https:\\\/\\\/archiv.siov.sk\\\/wp-content\\\/uploads\\\/2025\\\/01\\\/IMG_5851-rotated-e1737623632659.jpg\",\"width\":1512,\"height\":1112},{\"@type\":\"BreadcrumbList\",\"@id\":\"https:\\\/\\\/archiv.siov.sk\\\/vacsina-ziakov-strednych-skol-sa-vzdelava-v-odbornych-skolach-preto-sa-dnes-tazisko-tohto-vzdelavania-presuva-na-zvysenie-jeho-kvality-a-atraktivnosti\\\/#breadcrumb\",\"itemListElement\":[{\"@type\":\"ListItem\",\"position\":1,\"name\":\"Home\",\"item\":\"https:\\\/\\\/archiv.siov.sk\\\/\"},{\"@type\":\"ListItem\",\"position\":2,\"name\":\"V\u00e4\u010d\u0161ina \u017eiakov stredn\u00fdch \u0161k\u00f4l sa vzdel\u00e1va v odborn\u00fdch \u0161kol\u00e1ch. Preto sa dnes \u0165a\u017eisko tohto vzdel\u00e1vania pres\u00fava na zv\u00fd\u0161enie jeho kvality a atrakt\u00edvnosti.\"}]},{\"@type\":\"WebSite\",\"@id\":\"https:\\\/\\\/archiv.siov.sk\\\/#website\",\"url\":\"https:\\\/\\\/archiv.siov.sk\\\/\",\"name\":\"\u0160IOV - \u0161t\u00e1tny in\u0161tit\u00fat odborn\u00e9ho vzdel\u00e1vania\",\"description\":\"\",\"publisher\":{\"@id\":\"https:\\\/\\\/archiv.siov.sk\\\/#organization\"},\"potentialAction\":[{\"@type\":\"SearchAction\",\"target\":{\"@type\":\"EntryPoint\",\"urlTemplate\":\"https:\\\/\\\/archiv.siov.sk\\\/?s={search_term_string}\"},\"query-input\":{\"@type\":\"PropertyValueSpecification\",\"valueRequired\":true,\"valueName\":\"search_term_string\"}}],\"inLanguage\":\"en-GB\"},{\"@type\":\"Organization\",\"@id\":\"https:\\\/\\\/archiv.siov.sk\\\/#organization\",\"name\":\"\u0160IOV - \u0161t\u00e1tny in\u0161tit\u00fat odborn\u00e9ho vzdel\u00e1vania\",\"url\":\"https:\\\/\\\/archiv.siov.sk\\\/\",\"logo\":{\"@type\":\"ImageObject\",\"inLanguage\":\"en-GB\",\"@id\":\"https:\\\/\\\/archiv.siov.sk\\\/#\\\/schema\\\/logo\\\/image\\\/\",\"url\":\"https:\\\/\\\/archiv.siov.sk\\\/wp-content\\\/uploads\\\/2024\\\/02\\\/logo-SIOV.png\",\"contentUrl\":\"https:\\\/\\\/archiv.siov.sk\\\/wp-content\\\/uploads\\\/2024\\\/02\\\/logo-SIOV.png\",\"width\":431,\"height\":143,\"caption\":\"\u0160IOV - \u0161t\u00e1tny in\u0161tit\u00fat odborn\u00e9ho vzdel\u00e1vania\"},\"image\":{\"@id\":\"https:\\\/\\\/archiv.siov.sk\\\/#\\\/schema\\\/logo\\\/image\\\/\"},\"sameAs\":[\"https:\\\/\\\/www.facebook.com\\\/Statnyinstitutodbornehovzdelavania\"]},{\"@type\":\"Person\",\"@id\":\"https:\\\/\\\/archiv.siov.sk\\\/#\\\/schema\\\/person\\\/70de33c3c88facac4a386ef06f733b92\",\"name\":\"Sylvia Hamadejova\",\"url\":\"https:\\\/\\\/archiv.siov.sk\\\/en\\\/author\\\/hamadejovas\\\/\"}]}<\/script>\n<!-- \/ Yoast SEO plugin. -->","yoast_head_json":{"title":"V\u00e4\u010d\u0161ina \u017eiakov stredn\u00fdch \u0161k\u00f4l sa vzdel\u00e1va v odborn\u00fdch \u0161kol\u00e1ch. Preto sa dnes \u0165a\u017eisko tohto vzdel\u00e1vania pres\u00fava na zv\u00fd\u0161enie jeho kvality a atrakt\u00edvnosti. - \u0160IOV - \u0161t\u00e1tny in\u0161tit\u00fat odborn\u00e9ho vzdel\u00e1vania","robots":{"index":"index","follow":"follow","max-snippet":"max-snippet:-1","max-image-preview":"max-image-preview:large","max-video-preview":"max-video-preview:-1"},"canonical":"https:\/\/archiv.siov.sk\/en\/vacsina-ziakov-strednych-skol-sa-vzdelava-v-odbornych-skolach-preto-sa-dnes-tazisko-tohto-vzdelavania-presuva-na-zvysenie-jeho-kvality-a-atraktivnosti\/","og_locale":"en_GB","og_type":"article","og_title":"V\u00e4\u010d\u0161ina \u017eiakov stredn\u00fdch \u0161k\u00f4l sa vzdel\u00e1va v odborn\u00fdch \u0161kol\u00e1ch. Preto sa dnes \u0165a\u017eisko tohto vzdel\u00e1vania pres\u00fava na zv\u00fd\u0161enie jeho kvality a atrakt\u00edvnosti. - \u0160IOV - \u0161t\u00e1tny in\u0161tit\u00fat odborn\u00e9ho vzdel\u00e1vania","og_description":"20. janu\u00e1ra 2025 sa v\u00a0Bratislave uskuto\u010dnila otv\u00e1racia konferencia projektu \u201eZv\u00fd\u0161enie kvality a atrakt\u00edvnosti odborn\u00e9ho vzdel\u00e1vania a pr\u00edpravy (OVP) v s\u00falade s potrebami trhu pr\u00e1ce\u201c. Projektov\u00e9 aktivity bud\u00fa prebieha\u0165 do roku 2028. Projekt je s\u00fa\u010das\u0165ou 2. Programu \u0161vaj\u010diarsko-slovenskej spolupr\u00e1ce a nadv\u00e4zuje na v\u00fdsledky projektu \u201eOdborn\u00e9 vzdel\u00e1vanie a pr\u00edprava pre trh pr\u00e1ce\u201c, ktor\u00fd bol tie\u017e v\u00a0gescii \u0160t\u00e1tneho [&hellip;]","og_url":"https:\/\/archiv.siov.sk\/en\/vacsina-ziakov-strednych-skol-sa-vzdelava-v-odbornych-skolach-preto-sa-dnes-tazisko-tohto-vzdelavania-presuva-na-zvysenie-jeho-kvality-a-atraktivnosti\/","og_site_name":"\u0160IOV - \u0161t\u00e1tny in\u0161tit\u00fat odborn\u00e9ho vzdel\u00e1vania","article_publisher":"https:\/\/www.facebook.com\/Statnyinstitutodbornehovzdelavania","article_published_time":"2025-01-23T09:15:48+00:00","article_modified_time":"2025-01-31T09:41:13+00:00","og_image":[{"width":1512,"height":1112,"url":"https:\/\/archiv.siov.sk\/wp-content\/uploads\/2025\/01\/IMG_5851-rotated-e1737623632659.jpg","type":"image\/jpeg"}],"author":"Sylvia Hamadejova","twitter_card":"summary_large_image","twitter_misc":{"Written by":"Sylvia Hamadejova","Estimated reading time":"3 minutes"},"schema":{"@context":"https:\/\/schema.org","@graph":[{"@type":"Article","@id":"https:\/\/archiv.siov.sk\/vacsina-ziakov-strednych-skol-sa-vzdelava-v-odbornych-skolach-preto-sa-dnes-tazisko-tohto-vzdelavania-presuva-na-zvysenie-jeho-kvality-a-atraktivnosti\/#article","isPartOf":{"@id":"https:\/\/archiv.siov.sk\/vacsina-ziakov-strednych-skol-sa-vzdelava-v-odbornych-skolach-preto-sa-dnes-tazisko-tohto-vzdelavania-presuva-na-zvysenie-jeho-kvality-a-atraktivnosti\/"},"author":{"name":"Sylvia Hamadejova","@id":"https:\/\/archiv.siov.sk\/#\/schema\/person\/70de33c3c88facac4a386ef06f733b92"},"headline":"V\u00e4\u010d\u0161ina \u017eiakov stredn\u00fdch \u0161k\u00f4l sa vzdel\u00e1va v odborn\u00fdch \u0161kol\u00e1ch. Preto sa dnes \u0165a\u017eisko tohto vzdel\u00e1vania pres\u00fava na zv\u00fd\u0161enie jeho kvality a atrakt\u00edvnosti.","datePublished":"2025-01-23T09:15:48+00:00","dateModified":"2025-01-31T09:41:13+00:00","mainEntityOfPage":{"@id":"https:\/\/archiv.siov.sk\/vacsina-ziakov-strednych-skol-sa-vzdelava-v-odbornych-skolach-preto-sa-dnes-tazisko-tohto-vzdelavania-presuva-na-zvysenie-jeho-kvality-a-atraktivnosti\/"},"wordCount":595,"publisher":{"@id":"https:\/\/archiv.siov.sk\/#organization"},"image":{"@id":"https:\/\/archiv.siov.sk\/vacsina-ziakov-strednych-skol-sa-vzdelava-v-odbornych-skolach-preto-sa-dnes-tazisko-tohto-vzdelavania-presuva-na-zvysenie-jeho-kvality-a-atraktivnosti\/#primaryimage"},"thumbnailUrl":"https:\/\/archiv.siov.sk\/wp-content\/uploads\/2025\/01\/IMG_5851-rotated-e1737623632659.jpg","articleSection":["Aktuality","Program \u0161vaj\u010diarsko-slovenskej spolupr\u00e1ce"],"inLanguage":"en-GB"},{"@type":"WebPage","@id":"https:\/\/archiv.siov.sk\/vacsina-ziakov-strednych-skol-sa-vzdelava-v-odbornych-skolach-preto-sa-dnes-tazisko-tohto-vzdelavania-presuva-na-zvysenie-jeho-kvality-a-atraktivnosti\/","url":"https:\/\/archiv.siov.sk\/vacsina-ziakov-strednych-skol-sa-vzdelava-v-odbornych-skolach-preto-sa-dnes-tazisko-tohto-vzdelavania-presuva-na-zvysenie-jeho-kvality-a-atraktivnosti\/","name":"V\u00e4\u010d\u0161ina \u017eiakov stredn\u00fdch \u0161k\u00f4l sa vzdel\u00e1va v odborn\u00fdch \u0161kol\u00e1ch. Preto sa dnes \u0165a\u017eisko tohto vzdel\u00e1vania pres\u00fava na zv\u00fd\u0161enie jeho kvality a atrakt\u00edvnosti. - \u0160IOV - \u0161t\u00e1tny in\u0161tit\u00fat odborn\u00e9ho vzdel\u00e1vania","isPartOf":{"@id":"https:\/\/archiv.siov.sk\/#website"},"primaryImageOfPage":{"@id":"https:\/\/archiv.siov.sk\/vacsina-ziakov-strednych-skol-sa-vzdelava-v-odbornych-skolach-preto-sa-dnes-tazisko-tohto-vzdelavania-presuva-na-zvysenie-jeho-kvality-a-atraktivnosti\/#primaryimage"},"image":{"@id":"https:\/\/archiv.siov.sk\/vacsina-ziakov-strednych-skol-sa-vzdelava-v-odbornych-skolach-preto-sa-dnes-tazisko-tohto-vzdelavania-presuva-na-zvysenie-jeho-kvality-a-atraktivnosti\/#primaryimage"},"thumbnailUrl":"https:\/\/archiv.siov.sk\/wp-content\/uploads\/2025\/01\/IMG_5851-rotated-e1737623632659.jpg","datePublished":"2025-01-23T09:15:48+00:00","dateModified":"2025-01-31T09:41:13+00:00","breadcrumb":{"@id":"https:\/\/archiv.siov.sk\/vacsina-ziakov-strednych-skol-sa-vzdelava-v-odbornych-skolach-preto-sa-dnes-tazisko-tohto-vzdelavania-presuva-na-zvysenie-jeho-kvality-a-atraktivnosti\/#breadcrumb"},"inLanguage":"en-GB","potentialAction":[{"@type":"ReadAction","target":["https:\/\/archiv.siov.sk\/vacsina-ziakov-strednych-skol-sa-vzdelava-v-odbornych-skolach-preto-sa-dnes-tazisko-tohto-vzdelavania-presuva-na-zvysenie-jeho-kvality-a-atraktivnosti\/"]}]},{"@type":"ImageObject","inLanguage":"en-GB","@id":"https:\/\/archiv.siov.sk\/vacsina-ziakov-strednych-skol-sa-vzdelava-v-odbornych-skolach-preto-sa-dnes-tazisko-tohto-vzdelavania-presuva-na-zvysenie-jeho-kvality-a-atraktivnosti\/#primaryimage","url":"https:\/\/archiv.siov.sk\/wp-content\/uploads\/2025\/01\/IMG_5851-rotated-e1737623632659.jpg","contentUrl":"https:\/\/archiv.siov.sk\/wp-content\/uploads\/2025\/01\/IMG_5851-rotated-e1737623632659.jpg","width":1512,"height":1112},{"@type":"BreadcrumbList","@id":"https:\/\/archiv.siov.sk\/vacsina-ziakov-strednych-skol-sa-vzdelava-v-odbornych-skolach-preto-sa-dnes-tazisko-tohto-vzdelavania-presuva-na-zvysenie-jeho-kvality-a-atraktivnosti\/#breadcrumb","itemListElement":[{"@type":"ListItem","position":1,"name":"Home","item":"https:\/\/archiv.siov.sk\/"},{"@type":"ListItem","position":2,"name":"V\u00e4\u010d\u0161ina \u017eiakov stredn\u00fdch \u0161k\u00f4l sa vzdel\u00e1va v odborn\u00fdch \u0161kol\u00e1ch. Preto sa dnes \u0165a\u017eisko tohto vzdel\u00e1vania pres\u00fava na zv\u00fd\u0161enie jeho kvality a atrakt\u00edvnosti."}]},{"@type":"WebSite","@id":"https:\/\/archiv.siov.sk\/#website","url":"https:\/\/archiv.siov.sk\/","name":"\u0160IOV - \u0161t\u00e1tny in\u0161tit\u00fat odborn\u00e9ho vzdel\u00e1vania","description":"","publisher":{"@id":"https:\/\/archiv.siov.sk\/#organization"},"potentialAction":[{"@type":"SearchAction","target":{"@type":"EntryPoint","urlTemplate":"https:\/\/archiv.siov.sk\/?s={search_term_string}"},"query-input":{"@type":"PropertyValueSpecification","valueRequired":true,"valueName":"search_term_string"}}],"inLanguage":"en-GB"},{"@type":"Organization","@id":"https:\/\/archiv.siov.sk\/#organization","name":"\u0160IOV - \u0161t\u00e1tny in\u0161tit\u00fat odborn\u00e9ho vzdel\u00e1vania","url":"https:\/\/archiv.siov.sk\/","logo":{"@type":"ImageObject","inLanguage":"en-GB","@id":"https:\/\/archiv.siov.sk\/#\/schema\/logo\/image\/","url":"https:\/\/archiv.siov.sk\/wp-content\/uploads\/2024\/02\/logo-SIOV.png","contentUrl":"https:\/\/archiv.siov.sk\/wp-content\/uploads\/2024\/02\/logo-SIOV.png","width":431,"height":143,"caption":"\u0160IOV - \u0161t\u00e1tny in\u0161tit\u00fat odborn\u00e9ho vzdel\u00e1vania"},"image":{"@id":"https:\/\/archiv.siov.sk\/#\/schema\/logo\/image\/"},"sameAs":["https:\/\/www.facebook.com\/Statnyinstitutodbornehovzdelavania"]},{"@type":"Person","@id":"https:\/\/archiv.siov.sk\/#\/schema\/person\/70de33c3c88facac4a386ef06f733b92","name":"Sylvia Hamadejova","url":"https:\/\/archiv.siov.sk\/en\/author\/hamadejovas\/"}]}},"_links":{"self":[{"href":"https:\/\/archiv.siov.sk\/en\/wp-json\/wp\/v2\/posts\/17665","targetHints":{"allow":["GET"]}}],"collection":[{"href":"https:\/\/archiv.siov.sk\/en\/wp-json\/wp\/v2\/posts"}],"about":[{"href":"https:\/\/archiv.siov.sk\/en\/wp-json\/wp\/v2\/types\/post"}],"author":[{"embeddable":true,"href":"https:\/\/archiv.siov.sk\/en\/wp-json\/wp\/v2\/users\/11"}],"replies":[{"embeddable":true,"href":"https:\/\/archiv.siov.sk\/en\/wp-json\/wp\/v2\/comments?post=17665"}],"version-history":[{"count":8,"href":"https:\/\/archiv.siov.sk\/en\/wp-json\/wp\/v2\/posts\/17665\/revisions"}],"predecessor-version":[{"id":17763,"href":"https:\/\/archiv.siov.sk\/en\/wp-json\/wp\/v2\/posts\/17665\/revisions\/17763"}],"wp:featuredmedia":[{"embeddable":true,"href":"https:\/\/archiv.siov.sk\/en\/wp-json\/wp\/v2\/media\/17670"}],"wp:attachment":[{"href":"https:\/\/archiv.siov.sk\/en\/wp-json\/wp\/v2\/media?parent=17665"}],"wp:term":[{"taxonomy":"category","embeddable":true,"href":"https:\/\/archiv.siov.sk\/en\/wp-json\/wp\/v2\/categories?post=17665"},{"taxonomy":"post_tag","embeddable":true,"href":"https:\/\/archiv.siov.sk\/en\/wp-json\/wp\/v2\/tags?post=17665"}],"curies":[{"name":"wp","href":"https:\/\/api.w.org\/{rel}","templated":true}]}}