{"id":17645,"date":"2025-01-23T08:00:07","date_gmt":"2025-01-23T07:00:07","guid":{"rendered":"https:\/\/archiv.siov.sk\/?p=17645"},"modified":"2025-07-01T14:00:04","modified_gmt":"2025-07-01T12:00:04","slug":"narodna-sprava-k-pilotnemu-trasovaniu-absolventov","status":"publish","type":"post","link":"https:\/\/archiv.siov.sk\/en\/narodna-sprava-k-pilotnemu-trasovaniu-absolventov\/","title":{"rendered":"N\u00e1rodn\u00e1 spr\u00e1va k pilotn\u00e9mu trasovaniu absolventov"},"content":{"rendered":"<div data-elementor-type=\"wp-post\" data-elementor-id=\"17645\" class=\"elementor elementor-17645\" data-elementor-post-type=\"post\">\n\t\t\t\t<div class=\"elementor-element elementor-element-e392ff3 e-flex e-con-boxed e-con e-parent\" data-id=\"e392ff3\" data-element_type=\"container\" data-e-type=\"container\">\n\t\t\t\t\t<div class=\"e-con-inner\">\n\t\t\t\t<div class=\"elementor-element elementor-element-30e6ffe elementor-widget elementor-widget-text-editor\" data-id=\"30e6ffe\" data-element_type=\"widget\" data-e-type=\"widget\" data-widget_type=\"text-editor.default\">\n\t\t\t\t<div class=\"elementor-widget-container\">\n\t\t\t\t\t\t\t\t\t<p>\u0160t\u00e1tny in\u0161tit\u00fat odborn\u00e9ho vzdel\u00e1vania (\u0160IOV) predstavuje <a href=\"https:\/\/siov.sk\/wp-content\/uploads\/2025\/07\/Narodna-sprava-k-pilotnemu-trasovaniu-absolventov-2024-final.pdf\" target=\"_blank\" rel=\"noopener\">N\u00e1rodn\u00fa spr\u00e1vu k pilotn\u00e9mu trasovaniu absolventov<\/a> stredn\u00fdch odborn\u00fdch \u0161k\u00f4l. Prieskum, realizovan\u00fd v r\u00e1mci n\u00e1rodn\u00e9ho projektu <a href=\"https:\/\/siov.sk\/projekty\/aktualne-projekty\/narodny-projekt-zavedenie-manazerstva-kvality-v-ovp-a-vd\/\" target=\"_blank\" rel=\"noopener\">Zavedenie mana\u017e\u00e9rstva kvality v odbornom vzdel\u00e1van\u00ed a pr\u00edprave (OVP) a vzdel\u00e1van\u00ed dospel\u00fdch<\/a>, pon\u00faka prv\u00fa sondu do n\u00e1zorov absolventov na vn\u00edmanie z\u00edskan\u00fdch zru\u010dnost\u00ed, sk\u00fasenosti so \u0161t\u00fadiom a s uplatnen\u00edm na trhu pr\u00e1ce.<\/p><p>Celkovo sa prieskumu z\u00fa\u010dastnilo 1767 absolventov, pri\u010dom najpo\u010detnej\u0161iu skupinu tvorili absolventi zo \u0161kolsk\u00e9ho roka 2022\/2023. Respondenti poch\u00e1dzali zo v\u0161etk\u00fdch slovensk\u00fdch regi\u00f3nov a v\u00fdsledky uk\u00e1zali, \u017ee najv\u00e4\u010d\u0161\u00ed podiel \u017eiakov \u0161tudoval na obchodn\u00fdch akad\u00e9mi\u00e1ch, v zdravotn\u00edckych odboroch, elektrotechnike a stroj\u00e1rstve.<\/p><p><strong>S\u00fa\u010dasn\u00fd stav odborn\u00e9ho vzdel\u00e1vania \u2013 anal\u00fdza d\u00e1t<\/strong><\/p><p>Viac ako 70 % respondentov by si op\u00e4\u0165 zvolilo ten ist\u00fd odbor alebo \u0161kolu. Vysok\u00e9 hodnotenie dostala aj \u00farove\u0148 z\u00edskan\u00fdch vedomost\u00ed a zru\u010dnost\u00ed \u2013 a\u017e 80 % respondentov je spokojn\u00fdch s t\u00fdm, \u010do sa nau\u010dili. Nespokojnos\u0165 bola naj\u010dastej\u0161ie spojen\u00e1 s nevyhovuj\u00facim sp\u00f4sobom vyu\u010dovania a n\u00edzkou motiv\u00e1ciou zo strany u\u010dite\u013eov.<\/p><p>Viacero respondentov uviedlo, \u017ee po\u010das \u0161t\u00fadia im ch\u00fdbala dostato\u010dn\u00e1 prax, ktor\u00e1 by ich lep\u0161ie pripravila na re\u00e1lne podmienky na trhu pr\u00e1ce. Tieto zistenia poukazuj\u00fa na potrebu posilni\u0165 praktick\u00fa zlo\u017eku odborn\u00e9ho vzdel\u00e1vania.<\/p>\t\t\t\t\t\t\t\t<\/div>\n\t\t\t\t<\/div>\n\t\t\t\t<div class=\"elementor-element elementor-element-4e90479 elementor-widget elementor-widget-image\" data-id=\"4e90479\" data-element_type=\"widget\" data-e-type=\"widget\" data-widget_type=\"image.default\">\n\t\t\t\t<div class=\"elementor-widget-container\">\n\t\t\t\t\t\t\t\t\t\t\t\t\t\t\t<img fetchpriority=\"high\" decoding=\"async\" width=\"826\" height=\"307\" src=\"https:\/\/archiv.siov.sk\/wp-content\/uploads\/2025\/01\/narodna_sprava_trasovanie_absolventov_graf.png\" class=\"attachment-large size-large wp-image-17634\" alt=\"s\u00fa\u010dasn\u00fd stav odborneho vzdelavania\" srcset=\"https:\/\/archiv.siov.sk\/wp-content\/uploads\/2025\/01\/narodna_sprava_trasovanie_absolventov_graf.png 826w, https:\/\/archiv.siov.sk\/wp-content\/uploads\/2025\/01\/narodna_sprava_trasovanie_absolventov_graf-300x112.png 300w, https:\/\/archiv.siov.sk\/wp-content\/uploads\/2025\/01\/narodna_sprava_trasovanie_absolventov_graf-768x285.png 768w, https:\/\/archiv.siov.sk\/wp-content\/uploads\/2025\/01\/narodna_sprava_trasovanie_absolventov_graf-18x7.png 18w\" sizes=\"(max-width: 826px) 100vw, 826px\" \/>\t\t\t\t\t\t\t\t\t\t\t\t\t\t\t<\/div>\n\t\t\t\t<\/div>\n\t\t\t\t\t<\/div>\n\t\t\t\t<\/div>\n\t\t<div class=\"elementor-element elementor-element-3fcd9a8 e-flex e-con-boxed e-con e-parent\" data-id=\"3fcd9a8\" data-element_type=\"container\" data-e-type=\"container\">\n\t\t\t\t\t<div class=\"e-con-inner\">\n\t\t\t\t<div class=\"elementor-element elementor-element-dcac94e elementor-widget elementor-widget-text-editor\" data-id=\"dcac94e\" data-element_type=\"widget\" data-e-type=\"widget\" data-widget_type=\"text-editor.default\">\n\t\t\t\t<div class=\"elementor-widget-container\">\n\t\t\t\t\t\t\t\t\t<p><strong>Uplatnenie na trhu pr\u00e1ce<\/strong><\/p><p>Pokia\u013e ide o uplatnenie sa na trhu pr\u00e1ce, 58 % pracuj\u00facich absolventov vykon\u00e1va pr\u00e1cu v odbore alebo pr\u00edbuznom odbore, naj\u010dastej\u0161\u00edmi d\u00f4vodmi pre pr\u00e1cu mimo odboru s\u00fa nez\u00e1ujem o pr\u00e1cu v danom odbore a probl\u00e9my s n\u00e1jden\u00edm zamestnania.<\/p><p>Z\u00edskan\u00e9 zru\u010dnosti po\u010das \u0161t\u00fadia hodnotili respondenti ako u\u017eito\u010dn\u00e9, av\u0161ak vo viacer\u00fdch pr\u00edpadoch aj ako nedostato\u010dn\u00e9 pre s\u00fa\u010dasn\u00e9 po\u017eiadavky na trhu pr\u00e1ce. T\u00fdka sa to najm\u00e4 odborn\u00fdch zru\u010dnost\u00ed, kde sa zistil nedostatok praktickej pr\u00edpravy. 31 % respondentov, ktor\u00ed absolvovali du\u00e1lne vzdel\u00e1vanie, sa zamestnalo v podniku, kde vykon\u00e1vali prax.<\/p>\t\t\t\t\t\t\t\t<\/div>\n\t\t\t\t<\/div>\n\t\t\t\t\t<\/div>\n\t\t\t\t<\/div>\n\t\t<div class=\"elementor-element elementor-element-9696a1d e-flex e-con-boxed e-con e-parent\" data-id=\"9696a1d\" data-element_type=\"container\" data-e-type=\"container\">\n\t\t\t\t\t<div class=\"e-con-inner\">\n\t\t\t\t<div class=\"elementor-element elementor-element-d247fe0 elementor-widget elementor-widget-image\" data-id=\"d247fe0\" data-element_type=\"widget\" data-e-type=\"widget\" data-widget_type=\"image.default\">\n\t\t\t\t<div class=\"elementor-widget-container\">\n\t\t\t\t\t\t\t\t\t\t\t\t\t\t\t<img decoding=\"async\" width=\"810\" height=\"349\" src=\"https:\/\/archiv.siov.sk\/wp-content\/uploads\/2025\/01\/narodna_sprava_trasovanie_absolventov_graf2.png\" class=\"attachment-large size-large wp-image-17635\" alt=\"uplatnenie na trhu pr\u00e1ce\" srcset=\"https:\/\/archiv.siov.sk\/wp-content\/uploads\/2025\/01\/narodna_sprava_trasovanie_absolventov_graf2.png 810w, https:\/\/archiv.siov.sk\/wp-content\/uploads\/2025\/01\/narodna_sprava_trasovanie_absolventov_graf2-300x129.png 300w, https:\/\/archiv.siov.sk\/wp-content\/uploads\/2025\/01\/narodna_sprava_trasovanie_absolventov_graf2-768x331.png 768w, https:\/\/archiv.siov.sk\/wp-content\/uploads\/2025\/01\/narodna_sprava_trasovanie_absolventov_graf2-18x8.png 18w\" sizes=\"(max-width: 810px) 100vw, 810px\" \/>\t\t\t\t\t\t\t\t\t\t\t\t\t\t\t<\/div>\n\t\t\t\t<\/div>\n\t\t\t\t\t<\/div>\n\t\t\t\t<\/div>\n\t\t<div class=\"elementor-element elementor-element-2a18047 e-flex e-con-boxed e-con e-parent\" data-id=\"2a18047\" data-element_type=\"container\" data-e-type=\"container\">\n\t\t\t\t\t<div class=\"e-con-inner\">\n\t\t\t\t<div class=\"elementor-element elementor-element-b9344c0 elementor-widget elementor-widget-text-editor\" data-id=\"b9344c0\" data-element_type=\"widget\" data-e-type=\"widget\" data-widget_type=\"text-editor.default\">\n\t\t\t\t<div class=\"elementor-widget-container\">\n\t\t\t\t\t\t\t\t\t<p><strong>Bud\u00facnos\u0165 trasovania absolventov<\/strong><\/p><p>V\u00fdsledky pilotn\u00e9ho prieskumu predstavuj\u00fa prv\u00fa sondu do n\u00e1zorov absolventov na z\u00edskan\u00e9 zru\u010dnosti a ich sk\u00fasenosti so \u0161t\u00fadiom na stredn\u00fdch odborn\u00fdch \u0161kol\u00e1ch. N\u00e1rodn\u00fd dotazn\u00edkov\u00fd prieskum je z\u00e1rove\u0148 d\u00f4le\u017eit\u00fdm medzikrokom v podpore stredn\u00fdch odborn\u00fdch \u0161k\u00f4l pri\u00a0tvorbe vlastn\u00fdch datab\u00e1z a\u00a0k z\u00edskavaniu sp\u00e4tnej v\u00e4zby od absolventov formou \u0161kolsk\u00fdch dotazn\u00edkov, ktor\u00e1 \u0161kol\u00e1m potenci\u00e1lne umo\u017en\u00ed optimalizova\u0165 ponuku odborn\u00e9ho vzdel\u00e1vania.<\/p><p>\u010eal\u0161\u00ed v\u00fdvoj syst\u00e9mu trasovania absolventov bude z\u00e1visie\u0165 od sk\u00fasenost\u00ed z\u00edskan\u00fdch v nasleduj\u00facich kol\u00e1ch zberu d\u00e1t. V\u00fdh\u013eadovo pracujeme aj s konceptom prepojenia prv\u00e9ho a druh\u00e9ho piliera trasovania, teda prepojen\u00edm administrat\u00edvnych \u00fadajov z\u00a0informa\u010dn\u00fdch syst\u00e9mov \u0161t\u00e1tnych org\u00e1nov a prieskumu v n\u00e1rodnom dotazn\u00edku.<\/p><p><strong>Pre\u010d\u00edtajte si N\u00e1rodn\u00fa spr\u00e1vu k pilotn\u00e9mu trasovaniu absolventov: <a href=\"https:\/\/siov.sk\/wp-content\/uploads\/2025\/07\/Narodna-sprava-k-pilotnemu-trasovaniu-absolventov-2024-final.pdf\" target=\"_blank\" rel=\"noopener\">TU<\/a>.<\/strong><\/p><p>Odpor\u00fa\u010dania Rady pre trasovanie absolventov z novembra 2017: <a href=\"https:\/\/siov.sk\/wp-content\/uploads\/2025\/01\/CELEX_32017H120901_SK_TXT.pdf\" target=\"_blank\" rel=\"noopener\">TU<\/a><\/p>\t\t\t\t\t\t\t\t<\/div>\n\t\t\t\t<\/div>\n\t\t\t\t\t<\/div>\n\t\t\t\t<\/div>\n\t\t<div class=\"elementor-element elementor-element-277b005 e-flex e-con-boxed e-con e-parent\" data-id=\"277b005\" data-element_type=\"container\" data-e-type=\"container\">\n\t\t\t\t\t<div class=\"e-con-inner\">\n\t\t\t\t<div class=\"elementor-element elementor-element-f5ee065 elementor-widget elementor-widget-image\" data-id=\"f5ee065\" data-element_type=\"widget\" data-e-type=\"widget\" data-widget_type=\"image.default\">\n\t\t\t\t<div class=\"elementor-widget-container\">\n\t\t\t\t\t\t\t\t\t\t\t\t<figure class=\"wp-caption\">\n\t\t\t\t\t\t\t\t\t\t<img decoding=\"async\" width=\"768\" height=\"119\" src=\"https:\/\/archiv.siov.sk\/wp-content\/uploads\/2025\/04\/loga_np_kvalita-768x119.png\" class=\"attachment-medium_large size-medium_large wp-image-18660\" alt=\"loga_kvalita_projekt\" srcset=\"https:\/\/archiv.siov.sk\/wp-content\/uploads\/2025\/04\/loga_np_kvalita-768x119.png 768w, https:\/\/archiv.siov.sk\/wp-content\/uploads\/2025\/04\/loga_np_kvalita-300x46.png 300w, https:\/\/archiv.siov.sk\/wp-content\/uploads\/2025\/04\/loga_np_kvalita-1024x158.png 1024w, https:\/\/archiv.siov.sk\/wp-content\/uploads\/2025\/04\/loga_np_kvalita-18x3.png 18w, https:\/\/archiv.siov.sk\/wp-content\/uploads\/2025\/04\/elementor\/thumbs\/loga_np_kvalita-r5cjqsfvrn5sfhsjyrw97tvig25lp3e6m5t1uzcj7g.png 450w, https:\/\/archiv.siov.sk\/wp-content\/uploads\/2025\/04\/loga_np_kvalita.png 1229w\" sizes=\"(max-width: 768px) 100vw, 768px\" \/>\t\t\t\t\t\t\t\t\t\t\t<figcaption class=\"widget-image-caption wp-caption-text\">Spr\u00e1va vznikla ako v\u00fdstup n\u00e1rodn\u00e9ho projektu Zavedenie mana\u017e\u00e9rstva kvality v\u00a0OVP a\u00a0vzdel\u00e1van\u00ed dospel\u00fdch spolufinancovan\u00e9ho Eur\u00f3pskou \u00faniou v r\u00e1mci\u00a0Programu Slovensko.<\/figcaption>\n\t\t\t\t\t\t\t\t\t\t<\/figure>\n\t\t\t\t\t\t\t\t\t<\/div>\n\t\t\t\t<\/div>\n\t\t\t\t\t<\/div>\n\t\t\t\t<\/div>\n\t\t<div class=\"elementor-element elementor-element-eeb7744 e-flex e-con-boxed e-con e-parent\" data-id=\"eeb7744\" data-element_type=\"container\" data-e-type=\"container\">\n\t\t\t\t\t<div class=\"e-con-inner\">\n\t\t\t\t\t<\/div>\n\t\t\t\t<\/div>\n\t\t\t\t<\/div>","protected":false},"excerpt":{"rendered":"<p>\u0160t\u00e1tny in\u0161tit\u00fat odborn\u00e9ho vzdel\u00e1vania (\u0160IOV) predstavuje N\u00e1rodn\u00fa spr\u00e1vu k pilotn\u00e9mu trasovaniu absolventov stredn\u00fdch odborn\u00fdch \u0161k\u00f4l. Prieskum, realizovan\u00fd v r\u00e1mci n\u00e1rodn\u00e9ho projektu Zavedenie mana\u017e\u00e9rstva kvality v odbornom vzdel\u00e1van\u00ed a pr\u00edprave (OVP) a vzdel\u00e1van\u00ed dospel\u00fdch, pon\u00faka prv\u00fa sondu do n\u00e1zorov absolventov na vn\u00edmanie z\u00edskan\u00fdch zru\u010dnost\u00ed, sk\u00fasenosti so \u0161t\u00fadiom a s uplatnen\u00edm na trhu pr\u00e1ce. Celkovo sa prieskumu [&hellip;]<\/p>\n","protected":false},"author":10,"featured_media":17636,"comment_status":"closed","ping_status":"closed","sticky":false,"template":"","format":"standard","meta":{"site-sidebar-layout":"default","site-content-layout":"","ast-site-content-layout":"default","site-content-style":"default","site-sidebar-style":"default","ast-global-header-display":"","ast-banner-title-visibility":"","ast-main-header-display":"","ast-hfb-above-header-display":"","ast-hfb-below-header-display":"","ast-hfb-mobile-header-display":"","site-post-title":"","ast-breadcrumbs-content":"","ast-featured-img":"","footer-sml-layout":"","ast-disable-related-posts":"","theme-transparent-header-meta":"default","adv-header-id-meta":"","stick-header-meta":"default","header-above-stick-meta":"","header-main-stick-meta":"","header-below-stick-meta":"","astra-migrate-meta-layouts":"set","ast-page-background-enabled":"default","ast-page-background-meta":{"desktop":{"background-color":"var(--ast-global-color-4)","background-image":"","background-repeat":"repeat","background-position":"center center","background-size":"auto","background-attachment":"scroll","background-type":"","background-media":"","overlay-type":"","overlay-color":"","overlay-opacity":"","overlay-gradient":""},"tablet":{"background-color":"","background-image":"","background-repeat":"repeat","background-position":"center center","background-size":"auto","background-attachment":"scroll","background-type":"","background-media":"","overlay-type":"","overlay-color":"","overlay-opacity":"","overlay-gradient":""},"mobile":{"background-color":"","background-image":"","background-repeat":"repeat","background-position":"center center","background-size":"auto","background-attachment":"scroll","background-type":"","background-media":"","overlay-type":"","overlay-color":"","overlay-opacity":"","overlay-gradient":""}},"ast-content-background-meta":{"desktop":{"background-color":"var(--ast-global-color-5)","background-image":"","background-repeat":"repeat","background-position":"center center","background-size":"auto","background-attachment":"scroll","background-type":"","background-media":"","overlay-type":"","overlay-color":"","overlay-opacity":"","overlay-gradient":""},"tablet":{"background-color":"var(--ast-global-color-5)","background-image":"","background-repeat":"repeat","background-position":"center center","background-size":"auto","background-attachment":"scroll","background-type":"","background-media":"","overlay-type":"","overlay-color":"","overlay-opacity":"","overlay-gradient":""},"mobile":{"background-color":"var(--ast-global-color-5)","background-image":"","background-repeat":"repeat","background-position":"center center","background-size":"auto","background-attachment":"scroll","background-type":"","background-media":"","overlay-type":"","overlay-color":"","overlay-opacity":"","overlay-gradient":""}},"footnotes":""},"categories":[1],"tags":[],"class_list":["post-17645","post","type-post","status-publish","format-standard","has-post-thumbnail","hentry","category-aktuality"],"yoast_head":"<!-- This site is optimized with the Yoast SEO plugin v27.5 - https:\/\/yoast.com\/product\/yoast-seo-wordpress\/ -->\n<title>N\u00e1rodn\u00e1 spr\u00e1va k pilotn\u00e9mu trasovaniu absolventov - \u0160IOV - \u0161t\u00e1tny in\u0161tit\u00fat odborn\u00e9ho vzdel\u00e1vania<\/title>\n<meta name=\"description\" content=\"\u0160t\u00e1tny in\u0161tit\u00fat odborn\u00e9ho vzdel\u00e1vania (\u0160IOV) predstavuje N\u00e1rodn\u00fa spr\u00e1vu k pilotn\u00e9mu trasovaniu absolventov stredn\u00fdch odborn\u00fdch \u0161k\u00f4l.\" \/>\n<meta name=\"robots\" content=\"index, follow, max-snippet:-1, max-image-preview:large, max-video-preview:-1\" \/>\n<link rel=\"canonical\" href=\"https:\/\/archiv.siov.sk\/en\/narodna-sprava-k-pilotnemu-trasovaniu-absolventov\/\" \/>\n<meta property=\"og:locale\" content=\"en_GB\" \/>\n<meta property=\"og:type\" content=\"article\" \/>\n<meta property=\"og:title\" content=\"N\u00e1rodn\u00e1 spr\u00e1va k pilotn\u00e9mu trasovaniu absolventov - \u0160IOV - \u0161t\u00e1tny in\u0161tit\u00fat odborn\u00e9ho vzdel\u00e1vania\" \/>\n<meta property=\"og:description\" content=\"\u0160t\u00e1tny in\u0161tit\u00fat odborn\u00e9ho vzdel\u00e1vania (\u0160IOV) predstavuje N\u00e1rodn\u00fa spr\u00e1vu k pilotn\u00e9mu trasovaniu absolventov stredn\u00fdch odborn\u00fdch \u0161k\u00f4l.\" \/>\n<meta property=\"og:url\" content=\"https:\/\/archiv.siov.sk\/en\/narodna-sprava-k-pilotnemu-trasovaniu-absolventov\/\" \/>\n<meta property=\"og:site_name\" content=\"\u0160IOV - \u0161t\u00e1tny in\u0161tit\u00fat odborn\u00e9ho vzdel\u00e1vania\" \/>\n<meta property=\"article:publisher\" content=\"https:\/\/www.facebook.com\/Statnyinstitutodbornehovzdelavania\" \/>\n<meta property=\"article:published_time\" content=\"2025-01-23T07:00:07+00:00\" \/>\n<meta property=\"article:modified_time\" content=\"2025-07-01T12:00:04+00:00\" \/>\n<meta property=\"og:image\" content=\"https:\/\/archiv.siov.sk\/wp-content\/uploads\/2025\/01\/narodna_sprava_grafika.png\" \/>\n\t<meta property=\"og:image:width\" content=\"1200\" \/>\n\t<meta property=\"og:image:height\" content=\"630\" \/>\n\t<meta property=\"og:image:type\" content=\"image\/png\" \/>\n<meta name=\"author\" content=\"Gabriela Budayov\u00e1\" \/>\n<meta name=\"twitter:card\" content=\"summary_large_image\" \/>\n<meta name=\"twitter:label1\" content=\"Written by\" \/>\n\t<meta name=\"twitter:data1\" content=\"Gabriela Budayov\u00e1\" \/>\n\t<meta name=\"twitter:label2\" content=\"Estimated reading time\" \/>\n\t<meta name=\"twitter:data2\" content=\"3 minutes\" \/>\n<script type=\"application\/ld+json\" class=\"yoast-schema-graph\">{\"@context\":\"https:\\\/\\\/schema.org\",\"@graph\":[{\"@type\":\"Article\",\"@id\":\"https:\\\/\\\/archiv.siov.sk\\\/narodna-sprava-k-pilotnemu-trasovaniu-absolventov\\\/#article\",\"isPartOf\":{\"@id\":\"https:\\\/\\\/archiv.siov.sk\\\/narodna-sprava-k-pilotnemu-trasovaniu-absolventov\\\/\"},\"author\":{\"name\":\"Gabriela Budayov\u00e1\",\"@id\":\"https:\\\/\\\/archiv.siov.sk\\\/#\\\/schema\\\/person\\\/2d35146a9c0fa51b027e8ff319cee627\"},\"headline\":\"N\u00e1rodn\u00e1 spr\u00e1va k pilotn\u00e9mu trasovaniu absolventov\",\"datePublished\":\"2025-01-23T07:00:07+00:00\",\"dateModified\":\"2025-07-01T12:00:04+00:00\",\"mainEntityOfPage\":{\"@id\":\"https:\\\/\\\/archiv.siov.sk\\\/narodna-sprava-k-pilotnemu-trasovaniu-absolventov\\\/\"},\"wordCount\":578,\"publisher\":{\"@id\":\"https:\\\/\\\/archiv.siov.sk\\\/#organization\"},\"image\":{\"@id\":\"https:\\\/\\\/archiv.siov.sk\\\/narodna-sprava-k-pilotnemu-trasovaniu-absolventov\\\/#primaryimage\"},\"thumbnailUrl\":\"https:\\\/\\\/archiv.siov.sk\\\/wp-content\\\/uploads\\\/2025\\\/01\\\/narodna_sprava_grafika.png\",\"articleSection\":[\"Aktuality\"],\"inLanguage\":\"en-GB\"},{\"@type\":\"WebPage\",\"@id\":\"https:\\\/\\\/archiv.siov.sk\\\/narodna-sprava-k-pilotnemu-trasovaniu-absolventov\\\/\",\"url\":\"https:\\\/\\\/archiv.siov.sk\\\/narodna-sprava-k-pilotnemu-trasovaniu-absolventov\\\/\",\"name\":\"N\u00e1rodn\u00e1 spr\u00e1va k pilotn\u00e9mu trasovaniu absolventov - \u0160IOV - \u0161t\u00e1tny in\u0161tit\u00fat odborn\u00e9ho vzdel\u00e1vania\",\"isPartOf\":{\"@id\":\"https:\\\/\\\/archiv.siov.sk\\\/#website\"},\"primaryImageOfPage\":{\"@id\":\"https:\\\/\\\/archiv.siov.sk\\\/narodna-sprava-k-pilotnemu-trasovaniu-absolventov\\\/#primaryimage\"},\"image\":{\"@id\":\"https:\\\/\\\/archiv.siov.sk\\\/narodna-sprava-k-pilotnemu-trasovaniu-absolventov\\\/#primaryimage\"},\"thumbnailUrl\":\"https:\\\/\\\/archiv.siov.sk\\\/wp-content\\\/uploads\\\/2025\\\/01\\\/narodna_sprava_grafika.png\",\"datePublished\":\"2025-01-23T07:00:07+00:00\",\"dateModified\":\"2025-07-01T12:00:04+00:00\",\"description\":\"\u0160t\u00e1tny in\u0161tit\u00fat odborn\u00e9ho vzdel\u00e1vania (\u0160IOV) predstavuje N\u00e1rodn\u00fa spr\u00e1vu k pilotn\u00e9mu trasovaniu absolventov stredn\u00fdch odborn\u00fdch \u0161k\u00f4l.\",\"breadcrumb\":{\"@id\":\"https:\\\/\\\/archiv.siov.sk\\\/narodna-sprava-k-pilotnemu-trasovaniu-absolventov\\\/#breadcrumb\"},\"inLanguage\":\"en-GB\",\"potentialAction\":[{\"@type\":\"ReadAction\",\"target\":[\"https:\\\/\\\/archiv.siov.sk\\\/narodna-sprava-k-pilotnemu-trasovaniu-absolventov\\\/\"]}]},{\"@type\":\"ImageObject\",\"inLanguage\":\"en-GB\",\"@id\":\"https:\\\/\\\/archiv.siov.sk\\\/narodna-sprava-k-pilotnemu-trasovaniu-absolventov\\\/#primaryimage\",\"url\":\"https:\\\/\\\/archiv.siov.sk\\\/wp-content\\\/uploads\\\/2025\\\/01\\\/narodna_sprava_grafika.png\",\"contentUrl\":\"https:\\\/\\\/archiv.siov.sk\\\/wp-content\\\/uploads\\\/2025\\\/01\\\/narodna_sprava_grafika.png\",\"width\":1200,\"height\":630,\"caption\":\"narodna sprava k trasovaniu absolventov \u0161iov\"},{\"@type\":\"BreadcrumbList\",\"@id\":\"https:\\\/\\\/archiv.siov.sk\\\/narodna-sprava-k-pilotnemu-trasovaniu-absolventov\\\/#breadcrumb\",\"itemListElement\":[{\"@type\":\"ListItem\",\"position\":1,\"name\":\"Home\",\"item\":\"https:\\\/\\\/archiv.siov.sk\\\/\"},{\"@type\":\"ListItem\",\"position\":2,\"name\":\"N\u00e1rodn\u00e1 spr\u00e1va k pilotn\u00e9mu trasovaniu absolventov\"}]},{\"@type\":\"WebSite\",\"@id\":\"https:\\\/\\\/archiv.siov.sk\\\/#website\",\"url\":\"https:\\\/\\\/archiv.siov.sk\\\/\",\"name\":\"\u0160IOV - \u0161t\u00e1tny in\u0161tit\u00fat odborn\u00e9ho vzdel\u00e1vania\",\"description\":\"\",\"publisher\":{\"@id\":\"https:\\\/\\\/archiv.siov.sk\\\/#organization\"},\"potentialAction\":[{\"@type\":\"SearchAction\",\"target\":{\"@type\":\"EntryPoint\",\"urlTemplate\":\"https:\\\/\\\/archiv.siov.sk\\\/?s={search_term_string}\"},\"query-input\":{\"@type\":\"PropertyValueSpecification\",\"valueRequired\":true,\"valueName\":\"search_term_string\"}}],\"inLanguage\":\"en-GB\"},{\"@type\":\"Organization\",\"@id\":\"https:\\\/\\\/archiv.siov.sk\\\/#organization\",\"name\":\"\u0160IOV - \u0161t\u00e1tny in\u0161tit\u00fat odborn\u00e9ho vzdel\u00e1vania\",\"url\":\"https:\\\/\\\/archiv.siov.sk\\\/\",\"logo\":{\"@type\":\"ImageObject\",\"inLanguage\":\"en-GB\",\"@id\":\"https:\\\/\\\/archiv.siov.sk\\\/#\\\/schema\\\/logo\\\/image\\\/\",\"url\":\"https:\\\/\\\/archiv.siov.sk\\\/wp-content\\\/uploads\\\/2024\\\/02\\\/logo-SIOV.png\",\"contentUrl\":\"https:\\\/\\\/archiv.siov.sk\\\/wp-content\\\/uploads\\\/2024\\\/02\\\/logo-SIOV.png\",\"width\":431,\"height\":143,\"caption\":\"\u0160IOV - \u0161t\u00e1tny in\u0161tit\u00fat odborn\u00e9ho vzdel\u00e1vania\"},\"image\":{\"@id\":\"https:\\\/\\\/archiv.siov.sk\\\/#\\\/schema\\\/logo\\\/image\\\/\"},\"sameAs\":[\"https:\\\/\\\/www.facebook.com\\\/Statnyinstitutodbornehovzdelavania\"]},{\"@type\":\"Person\",\"@id\":\"https:\\\/\\\/archiv.siov.sk\\\/#\\\/schema\\\/person\\\/2d35146a9c0fa51b027e8ff319cee627\",\"name\":\"Gabriela Budayov\u00e1\",\"url\":\"https:\\\/\\\/archiv.siov.sk\\\/en\\\/author\\\/gabriela-budayova\\\/\"}]}<\/script>\n<!-- \/ Yoast SEO plugin. -->","yoast_head_json":{"title":"N\u00e1rodn\u00e1 spr\u00e1va k pilotn\u00e9mu trasovaniu absolventov - \u0160IOV - \u0161t\u00e1tny in\u0161tit\u00fat odborn\u00e9ho vzdel\u00e1vania","description":"\u0160t\u00e1tny in\u0161tit\u00fat odborn\u00e9ho vzdel\u00e1vania (\u0160IOV) predstavuje N\u00e1rodn\u00fa spr\u00e1vu k pilotn\u00e9mu trasovaniu absolventov stredn\u00fdch odborn\u00fdch \u0161k\u00f4l.","robots":{"index":"index","follow":"follow","max-snippet":"max-snippet:-1","max-image-preview":"max-image-preview:large","max-video-preview":"max-video-preview:-1"},"canonical":"https:\/\/archiv.siov.sk\/en\/narodna-sprava-k-pilotnemu-trasovaniu-absolventov\/","og_locale":"en_GB","og_type":"article","og_title":"N\u00e1rodn\u00e1 spr\u00e1va k pilotn\u00e9mu trasovaniu absolventov - \u0160IOV - \u0161t\u00e1tny in\u0161tit\u00fat odborn\u00e9ho vzdel\u00e1vania","og_description":"\u0160t\u00e1tny in\u0161tit\u00fat odborn\u00e9ho vzdel\u00e1vania (\u0160IOV) predstavuje N\u00e1rodn\u00fa spr\u00e1vu k pilotn\u00e9mu trasovaniu absolventov stredn\u00fdch odborn\u00fdch \u0161k\u00f4l.","og_url":"https:\/\/archiv.siov.sk\/en\/narodna-sprava-k-pilotnemu-trasovaniu-absolventov\/","og_site_name":"\u0160IOV - \u0161t\u00e1tny in\u0161tit\u00fat odborn\u00e9ho vzdel\u00e1vania","article_publisher":"https:\/\/www.facebook.com\/Statnyinstitutodbornehovzdelavania","article_published_time":"2025-01-23T07:00:07+00:00","article_modified_time":"2025-07-01T12:00:04+00:00","og_image":[{"width":1200,"height":630,"url":"https:\/\/archiv.siov.sk\/wp-content\/uploads\/2025\/01\/narodna_sprava_grafika.png","type":"image\/png"}],"author":"Gabriela Budayov\u00e1","twitter_card":"summary_large_image","twitter_misc":{"Written by":"Gabriela Budayov\u00e1","Estimated reading time":"3 minutes"},"schema":{"@context":"https:\/\/schema.org","@graph":[{"@type":"Article","@id":"https:\/\/archiv.siov.sk\/narodna-sprava-k-pilotnemu-trasovaniu-absolventov\/#article","isPartOf":{"@id":"https:\/\/archiv.siov.sk\/narodna-sprava-k-pilotnemu-trasovaniu-absolventov\/"},"author":{"name":"Gabriela Budayov\u00e1","@id":"https:\/\/archiv.siov.sk\/#\/schema\/person\/2d35146a9c0fa51b027e8ff319cee627"},"headline":"N\u00e1rodn\u00e1 spr\u00e1va k pilotn\u00e9mu trasovaniu absolventov","datePublished":"2025-01-23T07:00:07+00:00","dateModified":"2025-07-01T12:00:04+00:00","mainEntityOfPage":{"@id":"https:\/\/archiv.siov.sk\/narodna-sprava-k-pilotnemu-trasovaniu-absolventov\/"},"wordCount":578,"publisher":{"@id":"https:\/\/archiv.siov.sk\/#organization"},"image":{"@id":"https:\/\/archiv.siov.sk\/narodna-sprava-k-pilotnemu-trasovaniu-absolventov\/#primaryimage"},"thumbnailUrl":"https:\/\/archiv.siov.sk\/wp-content\/uploads\/2025\/01\/narodna_sprava_grafika.png","articleSection":["Aktuality"],"inLanguage":"en-GB"},{"@type":"WebPage","@id":"https:\/\/archiv.siov.sk\/narodna-sprava-k-pilotnemu-trasovaniu-absolventov\/","url":"https:\/\/archiv.siov.sk\/narodna-sprava-k-pilotnemu-trasovaniu-absolventov\/","name":"N\u00e1rodn\u00e1 spr\u00e1va k pilotn\u00e9mu trasovaniu absolventov - \u0160IOV - \u0161t\u00e1tny in\u0161tit\u00fat odborn\u00e9ho vzdel\u00e1vania","isPartOf":{"@id":"https:\/\/archiv.siov.sk\/#website"},"primaryImageOfPage":{"@id":"https:\/\/archiv.siov.sk\/narodna-sprava-k-pilotnemu-trasovaniu-absolventov\/#primaryimage"},"image":{"@id":"https:\/\/archiv.siov.sk\/narodna-sprava-k-pilotnemu-trasovaniu-absolventov\/#primaryimage"},"thumbnailUrl":"https:\/\/archiv.siov.sk\/wp-content\/uploads\/2025\/01\/narodna_sprava_grafika.png","datePublished":"2025-01-23T07:00:07+00:00","dateModified":"2025-07-01T12:00:04+00:00","description":"\u0160t\u00e1tny in\u0161tit\u00fat odborn\u00e9ho vzdel\u00e1vania (\u0160IOV) predstavuje N\u00e1rodn\u00fa spr\u00e1vu k pilotn\u00e9mu trasovaniu absolventov stredn\u00fdch odborn\u00fdch \u0161k\u00f4l.","breadcrumb":{"@id":"https:\/\/archiv.siov.sk\/narodna-sprava-k-pilotnemu-trasovaniu-absolventov\/#breadcrumb"},"inLanguage":"en-GB","potentialAction":[{"@type":"ReadAction","target":["https:\/\/archiv.siov.sk\/narodna-sprava-k-pilotnemu-trasovaniu-absolventov\/"]}]},{"@type":"ImageObject","inLanguage":"en-GB","@id":"https:\/\/archiv.siov.sk\/narodna-sprava-k-pilotnemu-trasovaniu-absolventov\/#primaryimage","url":"https:\/\/archiv.siov.sk\/wp-content\/uploads\/2025\/01\/narodna_sprava_grafika.png","contentUrl":"https:\/\/archiv.siov.sk\/wp-content\/uploads\/2025\/01\/narodna_sprava_grafika.png","width":1200,"height":630,"caption":"narodna sprava k trasovaniu absolventov \u0161iov"},{"@type":"BreadcrumbList","@id":"https:\/\/archiv.siov.sk\/narodna-sprava-k-pilotnemu-trasovaniu-absolventov\/#breadcrumb","itemListElement":[{"@type":"ListItem","position":1,"name":"Home","item":"https:\/\/archiv.siov.sk\/"},{"@type":"ListItem","position":2,"name":"N\u00e1rodn\u00e1 spr\u00e1va k pilotn\u00e9mu trasovaniu absolventov"}]},{"@type":"WebSite","@id":"https:\/\/archiv.siov.sk\/#website","url":"https:\/\/archiv.siov.sk\/","name":"\u0160IOV - \u0161t\u00e1tny in\u0161tit\u00fat odborn\u00e9ho vzdel\u00e1vania","description":"","publisher":{"@id":"https:\/\/archiv.siov.sk\/#organization"},"potentialAction":[{"@type":"SearchAction","target":{"@type":"EntryPoint","urlTemplate":"https:\/\/archiv.siov.sk\/?s={search_term_string}"},"query-input":{"@type":"PropertyValueSpecification","valueRequired":true,"valueName":"search_term_string"}}],"inLanguage":"en-GB"},{"@type":"Organization","@id":"https:\/\/archiv.siov.sk\/#organization","name":"\u0160IOV - \u0161t\u00e1tny in\u0161tit\u00fat odborn\u00e9ho vzdel\u00e1vania","url":"https:\/\/archiv.siov.sk\/","logo":{"@type":"ImageObject","inLanguage":"en-GB","@id":"https:\/\/archiv.siov.sk\/#\/schema\/logo\/image\/","url":"https:\/\/archiv.siov.sk\/wp-content\/uploads\/2024\/02\/logo-SIOV.png","contentUrl":"https:\/\/archiv.siov.sk\/wp-content\/uploads\/2024\/02\/logo-SIOV.png","width":431,"height":143,"caption":"\u0160IOV - \u0161t\u00e1tny in\u0161tit\u00fat odborn\u00e9ho vzdel\u00e1vania"},"image":{"@id":"https:\/\/archiv.siov.sk\/#\/schema\/logo\/image\/"},"sameAs":["https:\/\/www.facebook.com\/Statnyinstitutodbornehovzdelavania"]},{"@type":"Person","@id":"https:\/\/archiv.siov.sk\/#\/schema\/person\/2d35146a9c0fa51b027e8ff319cee627","name":"Gabriela Budayov\u00e1","url":"https:\/\/archiv.siov.sk\/en\/author\/gabriela-budayova\/"}]}},"_links":{"self":[{"href":"https:\/\/archiv.siov.sk\/en\/wp-json\/wp\/v2\/posts\/17645","targetHints":{"allow":["GET"]}}],"collection":[{"href":"https:\/\/archiv.siov.sk\/en\/wp-json\/wp\/v2\/posts"}],"about":[{"href":"https:\/\/archiv.siov.sk\/en\/wp-json\/wp\/v2\/types\/post"}],"author":[{"embeddable":true,"href":"https:\/\/archiv.siov.sk\/en\/wp-json\/wp\/v2\/users\/10"}],"replies":[{"embeddable":true,"href":"https:\/\/archiv.siov.sk\/en\/wp-json\/wp\/v2\/comments?post=17645"}],"version-history":[{"count":64,"href":"https:\/\/archiv.siov.sk\/en\/wp-json\/wp\/v2\/posts\/17645\/revisions"}],"predecessor-version":[{"id":19715,"href":"https:\/\/archiv.siov.sk\/en\/wp-json\/wp\/v2\/posts\/17645\/revisions\/19715"}],"wp:featuredmedia":[{"embeddable":true,"href":"https:\/\/archiv.siov.sk\/en\/wp-json\/wp\/v2\/media\/17636"}],"wp:attachment":[{"href":"https:\/\/archiv.siov.sk\/en\/wp-json\/wp\/v2\/media?parent=17645"}],"wp:term":[{"taxonomy":"category","embeddable":true,"href":"https:\/\/archiv.siov.sk\/en\/wp-json\/wp\/v2\/categories?post=17645"},{"taxonomy":"post_tag","embeddable":true,"href":"https:\/\/archiv.siov.sk\/en\/wp-json\/wp\/v2\/tags?post=17645"}],"curies":[{"name":"wp","href":"https:\/\/api.w.org\/{rel}","templated":true}]}}