{"id":17618,"date":"2025-01-20T15:17:15","date_gmt":"2025-01-20T14:17:15","guid":{"rendered":"https:\/\/archiv.siov.sk\/?p=17618"},"modified":"2025-01-20T15:18:43","modified_gmt":"2025-01-20T14:18:43","slug":"pakt-pre-zrucnosti","status":"publish","type":"post","link":"https:\/\/archiv.siov.sk\/en\/pakt-pre-zrucnosti\/","title":{"rendered":"\u0160IOV sa prip\u00e1ja k eur\u00f3pskej iniciat\u00edve Pakt pre zru\u010dnosti"},"content":{"rendered":"<p>V janu\u00e1ri 2025 sa \u0160t\u00e1tny in\u0161tit\u00fat odborn\u00e9ho vzdel\u00e1vania stal s\u00fa\u010das\u0165ou <a href=\"https:\/\/pact-for-skills.ec.europa.eu\/index_en\">Paktu pre zru\u010dnosti<\/a>, ktor\u00e9ho cie\u013eom je zmobilizova\u0165 spolo\u010dn\u00e9 \u00fasilie na podporu zvy\u0161ovania kvalifik\u00e1cie a rekvalifik\u00e1cie \u013eud\u00ed v produkt\u00edvnom veku. T\u00e1to iniciat\u00edva sp\u00e1ja v\u00fdznamn\u00fdch partnerov z r\u00f4znych sektorov \u2013 od vzdel\u00e1vac\u00edch in\u0161tit\u00faci\u00ed cez zamestn\u00e1vate\u013esk\u00e9 organiz\u00e1cie a\u017e po \u0161t\u00e1tne a neziskov\u00e9 organiz\u00e1cie.<\/p>\n<p>N\u00e1rodn\u00e1 iniciat\u00edva, ktor\u00fa koordinuje <a href=\"https:\/\/archiv.siov.sk\/en\/\">\u0160IOV<\/a> pod n\u00e1zvom Pakt pre z\u00e1kladn\u00e9 zru\u010dnosti, bude v spolupr\u00e1ci s partnermi presadzova\u0165 posilnenie \u010ditate\u013eskej, matematickej a\u00a0digit\u00e1lnej gramotnosti a reflektuje potrebu odstr\u00e1ni\u0165 nedostatky identifikovan\u00e9 v prieskume <a href=\"https:\/\/nivam.sk\/oecd-piaac-2023-zverejnenie-vysledkov-medzinarodneho-vyskumu-16-az-65-rocnych-dospelych\/\">PIAAC (2024)<\/a>. Tieto zru\u010dnosti s\u00fa k\u013e\u00fa\u010dov\u00e9 pre zabezpe\u010denie rovnosti pr\u00edle\u017eitost\u00ed, osobn\u00e9ho rozvoja a ekonomickej prosperity.<\/p>\n<p><strong>Cie\u013eom Paktu pre z\u00e1kladn\u00e9 zru\u010dnosti v\u00a0SR je:<\/strong><\/p>\n<ul>\n<li>Vytvori\u0165 platformu pre spolupr\u00e1cu medzi zainteresovan\u00fdmi stranami v oblasti rozvoja z\u00e1kladn\u00fdch zru\u010dnost\u00ed.<\/li>\n<li>Podporova\u0165 diskusiu, spolupr\u00e1cu a informovanos\u0165 v oblasti z\u00e1kladn\u00fdch zru\u010dnost\u00ed na Slovensku.<\/li>\n<li>Rozv\u00edja\u0165 a posil\u0148ova\u0165 koncept z\u00e1kladn\u00fdch zru\u010dnost\u00ed, zvy\u0161ova\u0165 povedomie medzi tvorcami polit\u00edk, in\u0161tit\u00faciami na n\u00e1rodnej, region\u00e1lnej a miestnej \u00farovni, vzdel\u00e1vac\u00edmi in\u0161tit\u00faciami, zamestn\u00e1vate\u013emi, u\u010diacimi sa a \u0161irokou verejnos\u0165ou.<\/li>\n<li>Zv\u00fd\u0161i\u0165 povedomie o mo\u017enostiach rozvoja z\u00e1kladn\u00fdch zru\u010dnost\u00ed, zlep\u0161i\u0165 ich dostupnos\u0165 a kvalitu.<\/li>\n<li>U\u013eah\u010di\u0165 v\u00fdmenu poznatkov, osved\u010den\u00fdch postupov a \u00faspe\u0161n\u00fdch pr\u00edkladov z praxe v oblasti rozvoja z\u00e1kladn\u00fdch zru\u010dnost\u00ed.<\/li>\n<\/ul>\n<p>Pakt pre z\u00e1kladn\u00e9 zru\u010dnosti podporuje ambici\u00f3zne ciele Eur\u00f3pskej \u00fanie: do roku 2030 by sa malo ka\u017edoro\u010dne z\u00fa\u010dast\u0148ova\u0165 na odbornom vzdel\u00e1van\u00ed aspo\u0148 60 % dospel\u00fdch a miera zamestnanosti obyvate\u013eov vo veku 20 a\u017e 64 rokov by mala dosiahnu\u0165 78 %.<\/p>\n<p>Slovensko ch\u00e1pe rozvoj z\u00e1kladn\u00fdch zru\u010dnost\u00ed ako nevyhnutn\u00fa s\u00fa\u010das\u0165 budovania modernej a inkluz\u00edvnej spolo\u010dnosti a\u00a0predpoklad pre podporu celo\u017eivotn\u00e9ho vzdel\u00e1vania. Pakt pre z\u00e1kladn\u00e9 zru\u010dnosti je s\u00fa\u010das\u0165ou aktiv\u00edt podporuj\u00facich ciele Slovenskej republiky definovan\u00e9 v\u00a0Strat\u00e9gii celo\u017eivotn\u00e9ho vzdel\u00e1vania a\u00a0poradenstva 2021-2030. Inici\u00e1torom Paktu pre z\u00e1kladn\u00e9 zru\u010dnosti v\u00a0SR je \u0160IOV, ktor\u00fd vyzval k\u00a0spolupr\u00e1ci v\u00a0tejto oblasti na n\u00e1rodnej \u00farovni akt\u00e9rov, ktor\u00ed podporuj\u00fa, alebo sa priamo podie\u013eaj\u00fa na rozvoji z\u00e1kladn\u00fdch zru\u010dnost\u00ed na Slovensku \u2013 mimovl\u00e1dne organiz\u00e1cie, vzdel\u00e1vacie in\u0161tit\u00facie, \u0161koly, zamestn\u00e1vate\u013eov, tvorcov polit\u00edk a\u00a0\u010fal\u0161\u00edch.<\/p>\n<p>Pakt pre z\u00e1kladn\u00e9 zru\u010dnosti v\u00a0SR sa zameria na budovanie povedomia o\u00a0z\u00e1kladn\u00fdch zru\u010dnostiach v\u00a0odbornej aj \u0161ir\u0161ej verejnosti, prenos dobrej praxe v\u00a0r\u00e1mci SR aj so zahrani\u010d\u00edm, spolo\u010dn\u00e9 podujatia s\u00a0t\u00e9mou z\u00e1kladn\u00fdch zru\u010dnost\u00ed a\u00a0mapovanie ponuky na rozvoj z\u00e1kladn\u00fdch zru\u010dnost\u00ed v\u00a0SR.<\/p>\n<p>Prostredn\u00edctvom partnerstiev, v\u00fdmeny dobrej praxe a\u00a0rozv\u00edjania siete akt\u00e9rov chceme vytvori\u0165 podmienky, ktor\u00e9 zabezpe\u010dia, \u017ee Slovensko bude nielen reagova\u0165 na eur\u00f3pske ciele, ale aj akt\u00edvne prispieva\u0165 k formovaniu udr\u017eate\u013enej a vzdelanej Eur\u00f3py.<\/p>\n<p>Viac inform\u00e1ci\u00ed n\u00e1jdete na <a href=\"https:\/\/pact-for-skills.ec.europa.eu\/index_en\">pact-for-skills.ec.europa.eu<\/a> a\u00a0<a href=\"https:\/\/zakladnezrucnosti.sk\/pakt-pre-zakladne-zrucnosti\/\">zakladnezrucnosti.sk<\/a><\/p>","protected":false},"excerpt":{"rendered":"<p>V janu\u00e1ri 2025 sa \u0160t\u00e1tny in\u0161tit\u00fat odborn\u00e9ho vzdel\u00e1vania stal s\u00fa\u010das\u0165ou Paktu pre zru\u010dnosti, ktor\u00e9ho cie\u013eom je zmobilizova\u0165 spolo\u010dn\u00e9 \u00fasilie na podporu zvy\u0161ovania kvalifik\u00e1cie a rekvalifik\u00e1cie \u013eud\u00ed v produkt\u00edvnom veku. T\u00e1to iniciat\u00edva sp\u00e1ja v\u00fdznamn\u00fdch partnerov z r\u00f4znych sektorov \u2013 od vzdel\u00e1vac\u00edch in\u0161tit\u00faci\u00ed cez zamestn\u00e1vate\u013esk\u00e9 organiz\u00e1cie a\u017e po \u0161t\u00e1tne a neziskov\u00e9 organiz\u00e1cie. N\u00e1rodn\u00e1 iniciat\u00edva, ktor\u00fa koordinuje \u0160IOV [&hellip;]<\/p>\n","protected":false},"author":10,"featured_media":17617,"comment_status":"closed","ping_status":"closed","sticky":false,"template":"","format":"standard","meta":{"site-sidebar-layout":"default","site-content-layout":"","ast-site-content-layout":"default","site-content-style":"default","site-sidebar-style":"default","ast-global-header-display":"","ast-banner-title-visibility":"","ast-main-header-display":"","ast-hfb-above-header-display":"","ast-hfb-below-header-display":"","ast-hfb-mobile-header-display":"","site-post-title":"","ast-breadcrumbs-content":"","ast-featured-img":"","footer-sml-layout":"","ast-disable-related-posts":"","theme-transparent-header-meta":"default","adv-header-id-meta":"","stick-header-meta":"default","header-above-stick-meta":"","header-main-stick-meta":"","header-below-stick-meta":"","astra-migrate-meta-layouts":"set","ast-page-background-enabled":"default","ast-page-background-meta":{"desktop":{"background-color":"var(--ast-global-color-4)","background-image":"","background-repeat":"repeat","background-position":"center center","background-size":"auto","background-attachment":"scroll","background-type":"","background-media":"","overlay-type":"","overlay-color":"","overlay-opacity":"","overlay-gradient":""},"tablet":{"background-color":"","background-image":"","background-repeat":"repeat","background-position":"center center","background-size":"auto","background-attachment":"scroll","background-type":"","background-media":"","overlay-type":"","overlay-color":"","overlay-opacity":"","overlay-gradient":""},"mobile":{"background-color":"","background-image":"","background-repeat":"repeat","background-position":"center center","background-size":"auto","background-attachment":"scroll","background-type":"","background-media":"","overlay-type":"","overlay-color":"","overlay-opacity":"","overlay-gradient":""}},"ast-content-background-meta":{"desktop":{"background-color":"var(--ast-global-color-5)","background-image":"","background-repeat":"repeat","background-position":"center center","background-size":"auto","background-attachment":"scroll","background-type":"","background-media":"","overlay-type":"","overlay-color":"","overlay-opacity":"","overlay-gradient":""},"tablet":{"background-color":"var(--ast-global-color-5)","background-image":"","background-repeat":"repeat","background-position":"center center","background-size":"auto","background-attachment":"scroll","background-type":"","background-media":"","overlay-type":"","overlay-color":"","overlay-opacity":"","overlay-gradient":""},"mobile":{"background-color":"var(--ast-global-color-5)","background-image":"","background-repeat":"repeat","background-position":"center center","background-size":"auto","background-attachment":"scroll","background-type":"","background-media":"","overlay-type":"","overlay-color":"","overlay-opacity":"","overlay-gradient":""}},"footnotes":""},"categories":[1],"tags":[],"class_list":["post-17618","post","type-post","status-publish","format-standard","has-post-thumbnail","hentry","category-aktuality"],"yoast_head":"<!-- This site is optimized with the Yoast SEO plugin v27.5 - https:\/\/yoast.com\/product\/yoast-seo-wordpress\/ -->\n<title>\u0160IOV sa prip\u00e1ja k eur\u00f3pskej iniciat\u00edve Pakt pre zru\u010dnosti - \u0160IOV - \u0161t\u00e1tny in\u0161tit\u00fat odborn\u00e9ho vzdel\u00e1vania<\/title>\n<meta name=\"description\" content=\"V janu\u00e1ri 2025 sa \u0160IOV stal s\u00fa\u010das\u0165ou Paktu pre zru\u010dnosti, ktor\u00e9ho cie\u013eom je zmobilizova\u0165 spolo\u010dn\u00e9 \u00fasilie na podporu zvy\u0161ovania kvalifik\u00e1cie a rekvalifik\u00e1cie \u013eud\u00ed v produkt\u00edvnom veku.\" \/>\n<meta name=\"robots\" content=\"index, follow, max-snippet:-1, max-image-preview:large, max-video-preview:-1\" \/>\n<link rel=\"canonical\" href=\"https:\/\/archiv.siov.sk\/en\/pakt-pre-zrucnosti\/\" \/>\n<meta property=\"og:locale\" content=\"en_GB\" \/>\n<meta property=\"og:type\" content=\"article\" \/>\n<meta property=\"og:title\" content=\"\u0160IOV sa prip\u00e1ja k eur\u00f3pskej iniciat\u00edve Pakt pre zru\u010dnosti - \u0160IOV - \u0161t\u00e1tny in\u0161tit\u00fat odborn\u00e9ho vzdel\u00e1vania\" \/>\n<meta property=\"og:description\" content=\"V janu\u00e1ri 2025 sa \u0160IOV stal s\u00fa\u010das\u0165ou Paktu pre zru\u010dnosti, ktor\u00e9ho cie\u013eom je zmobilizova\u0165 spolo\u010dn\u00e9 \u00fasilie na podporu zvy\u0161ovania kvalifik\u00e1cie a rekvalifik\u00e1cie \u013eud\u00ed v produkt\u00edvnom veku.\" \/>\n<meta property=\"og:url\" content=\"https:\/\/archiv.siov.sk\/en\/pakt-pre-zrucnosti\/\" \/>\n<meta property=\"og:site_name\" content=\"\u0160IOV - \u0161t\u00e1tny in\u0161tit\u00fat odborn\u00e9ho vzdel\u00e1vania\" \/>\n<meta property=\"article:publisher\" content=\"https:\/\/www.facebook.com\/Statnyinstitutodbornehovzdelavania\" \/>\n<meta property=\"article:published_time\" content=\"2025-01-20T14:17:15+00:00\" \/>\n<meta property=\"article:modified_time\" content=\"2025-01-20T14:18:43+00:00\" \/>\n<meta property=\"og:image\" content=\"https:\/\/archiv.siov.sk\/wp-content\/uploads\/2025\/01\/PfS-Member-Visual-1200x627-1.jpg\" \/>\n\t<meta property=\"og:image:width\" content=\"1200\" \/>\n\t<meta property=\"og:image:height\" content=\"627\" \/>\n\t<meta property=\"og:image:type\" content=\"image\/jpeg\" \/>\n<meta name=\"author\" content=\"Gabriela Budayov\u00e1\" \/>\n<meta name=\"twitter:card\" content=\"summary_large_image\" \/>\n<meta name=\"twitter:label1\" content=\"Written by\" \/>\n\t<meta name=\"twitter:data1\" content=\"Gabriela Budayov\u00e1\" \/>\n\t<meta name=\"twitter:label2\" content=\"Estimated reading time\" \/>\n\t<meta name=\"twitter:data2\" content=\"3 minutes\" \/>\n<script type=\"application\/ld+json\" class=\"yoast-schema-graph\">{\"@context\":\"https:\\\/\\\/schema.org\",\"@graph\":[{\"@type\":\"Article\",\"@id\":\"https:\\\/\\\/archiv.siov.sk\\\/pakt-pre-zrucnosti\\\/#article\",\"isPartOf\":{\"@id\":\"https:\\\/\\\/archiv.siov.sk\\\/pakt-pre-zrucnosti\\\/\"},\"author\":{\"name\":\"Gabriela Budayov\u00e1\",\"@id\":\"https:\\\/\\\/archiv.siov.sk\\\/#\\\/schema\\\/person\\\/2d35146a9c0fa51b027e8ff319cee627\"},\"headline\":\"\u0160IOV sa prip\u00e1ja k eur\u00f3pskej iniciat\u00edve Pakt pre zru\u010dnosti\",\"datePublished\":\"2025-01-20T14:17:15+00:00\",\"dateModified\":\"2025-01-20T14:18:43+00:00\",\"mainEntityOfPage\":{\"@id\":\"https:\\\/\\\/archiv.siov.sk\\\/pakt-pre-zrucnosti\\\/\"},\"wordCount\":560,\"publisher\":{\"@id\":\"https:\\\/\\\/archiv.siov.sk\\\/#organization\"},\"image\":{\"@id\":\"https:\\\/\\\/archiv.siov.sk\\\/pakt-pre-zrucnosti\\\/#primaryimage\"},\"thumbnailUrl\":\"https:\\\/\\\/archiv.siov.sk\\\/wp-content\\\/uploads\\\/2025\\\/01\\\/PfS-Member-Visual-1200x627-1.jpg\",\"articleSection\":[\"Aktuality\"],\"inLanguage\":\"en-GB\"},{\"@type\":\"WebPage\",\"@id\":\"https:\\\/\\\/archiv.siov.sk\\\/pakt-pre-zrucnosti\\\/\",\"url\":\"https:\\\/\\\/archiv.siov.sk\\\/pakt-pre-zrucnosti\\\/\",\"name\":\"\u0160IOV sa prip\u00e1ja k eur\u00f3pskej iniciat\u00edve Pakt pre zru\u010dnosti - \u0160IOV - \u0161t\u00e1tny in\u0161tit\u00fat odborn\u00e9ho vzdel\u00e1vania\",\"isPartOf\":{\"@id\":\"https:\\\/\\\/archiv.siov.sk\\\/#website\"},\"primaryImageOfPage\":{\"@id\":\"https:\\\/\\\/archiv.siov.sk\\\/pakt-pre-zrucnosti\\\/#primaryimage\"},\"image\":{\"@id\":\"https:\\\/\\\/archiv.siov.sk\\\/pakt-pre-zrucnosti\\\/#primaryimage\"},\"thumbnailUrl\":\"https:\\\/\\\/archiv.siov.sk\\\/wp-content\\\/uploads\\\/2025\\\/01\\\/PfS-Member-Visual-1200x627-1.jpg\",\"datePublished\":\"2025-01-20T14:17:15+00:00\",\"dateModified\":\"2025-01-20T14:18:43+00:00\",\"description\":\"V janu\u00e1ri 2025 sa \u0160IOV stal s\u00fa\u010das\u0165ou Paktu pre zru\u010dnosti, ktor\u00e9ho cie\u013eom je zmobilizova\u0165 spolo\u010dn\u00e9 \u00fasilie na podporu zvy\u0161ovania kvalifik\u00e1cie a rekvalifik\u00e1cie \u013eud\u00ed v produkt\u00edvnom veku.\",\"breadcrumb\":{\"@id\":\"https:\\\/\\\/archiv.siov.sk\\\/pakt-pre-zrucnosti\\\/#breadcrumb\"},\"inLanguage\":\"en-GB\",\"potentialAction\":[{\"@type\":\"ReadAction\",\"target\":[\"https:\\\/\\\/archiv.siov.sk\\\/pakt-pre-zrucnosti\\\/\"]}]},{\"@type\":\"ImageObject\",\"inLanguage\":\"en-GB\",\"@id\":\"https:\\\/\\\/archiv.siov.sk\\\/pakt-pre-zrucnosti\\\/#primaryimage\",\"url\":\"https:\\\/\\\/archiv.siov.sk\\\/wp-content\\\/uploads\\\/2025\\\/01\\\/PfS-Member-Visual-1200x627-1.jpg\",\"contentUrl\":\"https:\\\/\\\/archiv.siov.sk\\\/wp-content\\\/uploads\\\/2025\\\/01\\\/PfS-Member-Visual-1200x627-1.jpg\",\"width\":1200,\"height\":627,\"caption\":\"Pakt pre zru\u010dnosti\"},{\"@type\":\"BreadcrumbList\",\"@id\":\"https:\\\/\\\/archiv.siov.sk\\\/pakt-pre-zrucnosti\\\/#breadcrumb\",\"itemListElement\":[{\"@type\":\"ListItem\",\"position\":1,\"name\":\"Home\",\"item\":\"https:\\\/\\\/archiv.siov.sk\\\/\"},{\"@type\":\"ListItem\",\"position\":2,\"name\":\"\u0160IOV sa prip\u00e1ja k eur\u00f3pskej iniciat\u00edve Pakt pre zru\u010dnosti\"}]},{\"@type\":\"WebSite\",\"@id\":\"https:\\\/\\\/archiv.siov.sk\\\/#website\",\"url\":\"https:\\\/\\\/archiv.siov.sk\\\/\",\"name\":\"\u0160IOV - \u0161t\u00e1tny in\u0161tit\u00fat odborn\u00e9ho vzdel\u00e1vania\",\"description\":\"\",\"publisher\":{\"@id\":\"https:\\\/\\\/archiv.siov.sk\\\/#organization\"},\"potentialAction\":[{\"@type\":\"SearchAction\",\"target\":{\"@type\":\"EntryPoint\",\"urlTemplate\":\"https:\\\/\\\/archiv.siov.sk\\\/?s={search_term_string}\"},\"query-input\":{\"@type\":\"PropertyValueSpecification\",\"valueRequired\":true,\"valueName\":\"search_term_string\"}}],\"inLanguage\":\"en-GB\"},{\"@type\":\"Organization\",\"@id\":\"https:\\\/\\\/archiv.siov.sk\\\/#organization\",\"name\":\"\u0160IOV - \u0161t\u00e1tny in\u0161tit\u00fat odborn\u00e9ho vzdel\u00e1vania\",\"url\":\"https:\\\/\\\/archiv.siov.sk\\\/\",\"logo\":{\"@type\":\"ImageObject\",\"inLanguage\":\"en-GB\",\"@id\":\"https:\\\/\\\/archiv.siov.sk\\\/#\\\/schema\\\/logo\\\/image\\\/\",\"url\":\"https:\\\/\\\/archiv.siov.sk\\\/wp-content\\\/uploads\\\/2024\\\/02\\\/logo-SIOV.png\",\"contentUrl\":\"https:\\\/\\\/archiv.siov.sk\\\/wp-content\\\/uploads\\\/2024\\\/02\\\/logo-SIOV.png\",\"width\":431,\"height\":143,\"caption\":\"\u0160IOV - \u0161t\u00e1tny in\u0161tit\u00fat odborn\u00e9ho vzdel\u00e1vania\"},\"image\":{\"@id\":\"https:\\\/\\\/archiv.siov.sk\\\/#\\\/schema\\\/logo\\\/image\\\/\"},\"sameAs\":[\"https:\\\/\\\/www.facebook.com\\\/Statnyinstitutodbornehovzdelavania\"]},{\"@type\":\"Person\",\"@id\":\"https:\\\/\\\/archiv.siov.sk\\\/#\\\/schema\\\/person\\\/2d35146a9c0fa51b027e8ff319cee627\",\"name\":\"Gabriela Budayov\u00e1\",\"url\":\"https:\\\/\\\/archiv.siov.sk\\\/en\\\/author\\\/gabriela-budayova\\\/\"}]}<\/script>\n<!-- \/ Yoast SEO plugin. -->","yoast_head_json":{"title":"\u0160IOV sa prip\u00e1ja k eur\u00f3pskej iniciat\u00edve Pakt pre zru\u010dnosti - \u0160IOV - \u0161t\u00e1tny in\u0161tit\u00fat odborn\u00e9ho vzdel\u00e1vania","description":"V janu\u00e1ri 2025 sa \u0160IOV stal s\u00fa\u010das\u0165ou Paktu pre zru\u010dnosti, ktor\u00e9ho cie\u013eom je zmobilizova\u0165 spolo\u010dn\u00e9 \u00fasilie na podporu zvy\u0161ovania kvalifik\u00e1cie a rekvalifik\u00e1cie \u013eud\u00ed v produkt\u00edvnom veku.","robots":{"index":"index","follow":"follow","max-snippet":"max-snippet:-1","max-image-preview":"max-image-preview:large","max-video-preview":"max-video-preview:-1"},"canonical":"https:\/\/archiv.siov.sk\/en\/pakt-pre-zrucnosti\/","og_locale":"en_GB","og_type":"article","og_title":"\u0160IOV sa prip\u00e1ja k eur\u00f3pskej iniciat\u00edve Pakt pre zru\u010dnosti - \u0160IOV - \u0161t\u00e1tny in\u0161tit\u00fat odborn\u00e9ho vzdel\u00e1vania","og_description":"V janu\u00e1ri 2025 sa \u0160IOV stal s\u00fa\u010das\u0165ou Paktu pre zru\u010dnosti, ktor\u00e9ho cie\u013eom je zmobilizova\u0165 spolo\u010dn\u00e9 \u00fasilie na podporu zvy\u0161ovania kvalifik\u00e1cie a rekvalifik\u00e1cie \u013eud\u00ed v produkt\u00edvnom veku.","og_url":"https:\/\/archiv.siov.sk\/en\/pakt-pre-zrucnosti\/","og_site_name":"\u0160IOV - \u0161t\u00e1tny in\u0161tit\u00fat odborn\u00e9ho vzdel\u00e1vania","article_publisher":"https:\/\/www.facebook.com\/Statnyinstitutodbornehovzdelavania","article_published_time":"2025-01-20T14:17:15+00:00","article_modified_time":"2025-01-20T14:18:43+00:00","og_image":[{"width":1200,"height":627,"url":"https:\/\/archiv.siov.sk\/wp-content\/uploads\/2025\/01\/PfS-Member-Visual-1200x627-1.jpg","type":"image\/jpeg"}],"author":"Gabriela Budayov\u00e1","twitter_card":"summary_large_image","twitter_misc":{"Written by":"Gabriela Budayov\u00e1","Estimated reading time":"3 minutes"},"schema":{"@context":"https:\/\/schema.org","@graph":[{"@type":"Article","@id":"https:\/\/archiv.siov.sk\/pakt-pre-zrucnosti\/#article","isPartOf":{"@id":"https:\/\/archiv.siov.sk\/pakt-pre-zrucnosti\/"},"author":{"name":"Gabriela Budayov\u00e1","@id":"https:\/\/archiv.siov.sk\/#\/schema\/person\/2d35146a9c0fa51b027e8ff319cee627"},"headline":"\u0160IOV sa prip\u00e1ja k eur\u00f3pskej iniciat\u00edve Pakt pre zru\u010dnosti","datePublished":"2025-01-20T14:17:15+00:00","dateModified":"2025-01-20T14:18:43+00:00","mainEntityOfPage":{"@id":"https:\/\/archiv.siov.sk\/pakt-pre-zrucnosti\/"},"wordCount":560,"publisher":{"@id":"https:\/\/archiv.siov.sk\/#organization"},"image":{"@id":"https:\/\/archiv.siov.sk\/pakt-pre-zrucnosti\/#primaryimage"},"thumbnailUrl":"https:\/\/archiv.siov.sk\/wp-content\/uploads\/2025\/01\/PfS-Member-Visual-1200x627-1.jpg","articleSection":["Aktuality"],"inLanguage":"en-GB"},{"@type":"WebPage","@id":"https:\/\/archiv.siov.sk\/pakt-pre-zrucnosti\/","url":"https:\/\/archiv.siov.sk\/pakt-pre-zrucnosti\/","name":"\u0160IOV sa prip\u00e1ja k eur\u00f3pskej iniciat\u00edve Pakt pre zru\u010dnosti - \u0160IOV - \u0161t\u00e1tny in\u0161tit\u00fat odborn\u00e9ho vzdel\u00e1vania","isPartOf":{"@id":"https:\/\/archiv.siov.sk\/#website"},"primaryImageOfPage":{"@id":"https:\/\/archiv.siov.sk\/pakt-pre-zrucnosti\/#primaryimage"},"image":{"@id":"https:\/\/archiv.siov.sk\/pakt-pre-zrucnosti\/#primaryimage"},"thumbnailUrl":"https:\/\/archiv.siov.sk\/wp-content\/uploads\/2025\/01\/PfS-Member-Visual-1200x627-1.jpg","datePublished":"2025-01-20T14:17:15+00:00","dateModified":"2025-01-20T14:18:43+00:00","description":"V janu\u00e1ri 2025 sa \u0160IOV stal s\u00fa\u010das\u0165ou Paktu pre zru\u010dnosti, ktor\u00e9ho cie\u013eom je zmobilizova\u0165 spolo\u010dn\u00e9 \u00fasilie na podporu zvy\u0161ovania kvalifik\u00e1cie a rekvalifik\u00e1cie \u013eud\u00ed v produkt\u00edvnom veku.","breadcrumb":{"@id":"https:\/\/archiv.siov.sk\/pakt-pre-zrucnosti\/#breadcrumb"},"inLanguage":"en-GB","potentialAction":[{"@type":"ReadAction","target":["https:\/\/archiv.siov.sk\/pakt-pre-zrucnosti\/"]}]},{"@type":"ImageObject","inLanguage":"en-GB","@id":"https:\/\/archiv.siov.sk\/pakt-pre-zrucnosti\/#primaryimage","url":"https:\/\/archiv.siov.sk\/wp-content\/uploads\/2025\/01\/PfS-Member-Visual-1200x627-1.jpg","contentUrl":"https:\/\/archiv.siov.sk\/wp-content\/uploads\/2025\/01\/PfS-Member-Visual-1200x627-1.jpg","width":1200,"height":627,"caption":"Pakt pre zru\u010dnosti"},{"@type":"BreadcrumbList","@id":"https:\/\/archiv.siov.sk\/pakt-pre-zrucnosti\/#breadcrumb","itemListElement":[{"@type":"ListItem","position":1,"name":"Home","item":"https:\/\/archiv.siov.sk\/"},{"@type":"ListItem","position":2,"name":"\u0160IOV sa prip\u00e1ja k eur\u00f3pskej iniciat\u00edve Pakt pre zru\u010dnosti"}]},{"@type":"WebSite","@id":"https:\/\/archiv.siov.sk\/#website","url":"https:\/\/archiv.siov.sk\/","name":"\u0160IOV - \u0161t\u00e1tny in\u0161tit\u00fat odborn\u00e9ho vzdel\u00e1vania","description":"","publisher":{"@id":"https:\/\/archiv.siov.sk\/#organization"},"potentialAction":[{"@type":"SearchAction","target":{"@type":"EntryPoint","urlTemplate":"https:\/\/archiv.siov.sk\/?s={search_term_string}"},"query-input":{"@type":"PropertyValueSpecification","valueRequired":true,"valueName":"search_term_string"}}],"inLanguage":"en-GB"},{"@type":"Organization","@id":"https:\/\/archiv.siov.sk\/#organization","name":"\u0160IOV - \u0161t\u00e1tny in\u0161tit\u00fat odborn\u00e9ho vzdel\u00e1vania","url":"https:\/\/archiv.siov.sk\/","logo":{"@type":"ImageObject","inLanguage":"en-GB","@id":"https:\/\/archiv.siov.sk\/#\/schema\/logo\/image\/","url":"https:\/\/archiv.siov.sk\/wp-content\/uploads\/2024\/02\/logo-SIOV.png","contentUrl":"https:\/\/archiv.siov.sk\/wp-content\/uploads\/2024\/02\/logo-SIOV.png","width":431,"height":143,"caption":"\u0160IOV - \u0161t\u00e1tny in\u0161tit\u00fat odborn\u00e9ho vzdel\u00e1vania"},"image":{"@id":"https:\/\/archiv.siov.sk\/#\/schema\/logo\/image\/"},"sameAs":["https:\/\/www.facebook.com\/Statnyinstitutodbornehovzdelavania"]},{"@type":"Person","@id":"https:\/\/archiv.siov.sk\/#\/schema\/person\/2d35146a9c0fa51b027e8ff319cee627","name":"Gabriela Budayov\u00e1","url":"https:\/\/archiv.siov.sk\/en\/author\/gabriela-budayova\/"}]}},"_links":{"self":[{"href":"https:\/\/archiv.siov.sk\/en\/wp-json\/wp\/v2\/posts\/17618","targetHints":{"allow":["GET"]}}],"collection":[{"href":"https:\/\/archiv.siov.sk\/en\/wp-json\/wp\/v2\/posts"}],"about":[{"href":"https:\/\/archiv.siov.sk\/en\/wp-json\/wp\/v2\/types\/post"}],"author":[{"embeddable":true,"href":"https:\/\/archiv.siov.sk\/en\/wp-json\/wp\/v2\/users\/10"}],"replies":[{"embeddable":true,"href":"https:\/\/archiv.siov.sk\/en\/wp-json\/wp\/v2\/comments?post=17618"}],"version-history":[{"count":3,"href":"https:\/\/archiv.siov.sk\/en\/wp-json\/wp\/v2\/posts\/17618\/revisions"}],"predecessor-version":[{"id":17621,"href":"https:\/\/archiv.siov.sk\/en\/wp-json\/wp\/v2\/posts\/17618\/revisions\/17621"}],"wp:featuredmedia":[{"embeddable":true,"href":"https:\/\/archiv.siov.sk\/en\/wp-json\/wp\/v2\/media\/17617"}],"wp:attachment":[{"href":"https:\/\/archiv.siov.sk\/en\/wp-json\/wp\/v2\/media?parent=17618"}],"wp:term":[{"taxonomy":"category","embeddable":true,"href":"https:\/\/archiv.siov.sk\/en\/wp-json\/wp\/v2\/categories?post=17618"},{"taxonomy":"post_tag","embeddable":true,"href":"https:\/\/archiv.siov.sk\/en\/wp-json\/wp\/v2\/tags?post=17618"}],"curies":[{"name":"wp","href":"https:\/\/api.w.org\/{rel}","templated":true}]}}