{"id":17525,"date":"2024-12-16T15:00:39","date_gmt":"2024-12-16T14:00:39","guid":{"rendered":"https:\/\/archiv.siov.sk\/?p=17525"},"modified":"2024-12-16T20:51:01","modified_gmt":"2024-12-16T19:51:01","slug":"siov-sucastou-programu-skoly-ktore-menia-svet","status":"publish","type":"post","link":"https:\/\/archiv.siov.sk\/en\/siov-sucastou-programu-skoly-ktore-menia-svet\/","title":{"rendered":"\u0160IOV s\u00fa\u010das\u0165ou programu \u0160koly, ktor\u00e9 menia svet"},"content":{"rendered":"<p>V okt\u00f3bri bolo podp\u00edsan\u00e9 memorandum o spolupr\u00e1ci medzi \u0160t\u00e1tnym in\u0161tit\u00fatom odborn\u00e9ho vzdel\u00e1vania (\u0160IOV) a <a href=\"https:\/\/ipao.sk\/\" target=\"_blank\" rel=\"noopener\">In\u0161tit\u00fatom pre akt\u00edvne ob\u010dianstvo<\/a> (IPAO). T\u00e1to iniciat\u00edva sp\u00e1ja odborn\u00edkov z r\u00f4znych sektorov, aby spolo\u010dne prispievali k budovaniu akt\u00edvneho ob\u010dianstva na \u0161kol\u00e1ch.<br \/>\nS hrdos\u0165ou m\u00f4\u017eeme poveda\u0165, \u017ee medzi zapojen\u00fdmi akt\u00e9rmi s\u00fa aj na\u0161e kolegyne z \u00daseku celo\u017eivotn\u00e9ho vzdel\u00e1vania \u2013 <strong>Jana \u010cuvalov\u00e1 a Romana Sl\u00e1dekov\u00e1<\/strong>, ktor\u00e9 bud\u00fa ako lektorky reprezentova\u0165 \u0160IOV.<\/p>\n<p>Od 21. do 23. novembra 2024 sa z\u00fa\u010dastnili tr\u00e9ningu pre lektorov v r\u00e1mci programu <a href=\"https:\/\/skolyktoremeniasvet.sk\/\" target=\"_blank\" rel=\"noopener\">\u0160koly, ktor\u00e9 menia svet<\/a>. Tr\u00e9ning bol pre v\u0161etk\u00fdch \u00fa\u010dastn\u00edkov in\u0161pirat\u00edvnym priestorom, kde sa navz\u00e1jom podporovali a zdie\u013eali svoje sk\u00fasenosti. \u010casto zaznievala my\u0161lienka: <em>\u201eNie je to jednoduch\u00e9, ale stoj\u00ed to za to: postupne mal\u00fdmi krokmi zlep\u0161ova\u0165 na\u0161e Slovensko.\u201c<\/em><\/p>\n<p><img fetchpriority=\"high\" decoding=\"async\" class=\"alignnone size-medium wp-image-17529\" src=\"https:\/\/archiv.siov.sk\/wp-content\/uploads\/2024\/12\/ipao_siov_skoly_ktore_menia_svet-7-300x200.jpg\" alt=\"\" width=\"300\" height=\"200\" srcset=\"https:\/\/archiv.siov.sk\/wp-content\/uploads\/2024\/12\/ipao_siov_skoly_ktore_menia_svet-7-300x200.jpg 300w, https:\/\/archiv.siov.sk\/wp-content\/uploads\/2024\/12\/ipao_siov_skoly_ktore_menia_svet-7-1024x683.jpg 1024w, https:\/\/archiv.siov.sk\/wp-content\/uploads\/2024\/12\/ipao_siov_skoly_ktore_menia_svet-7-768x512.jpg 768w, https:\/\/archiv.siov.sk\/wp-content\/uploads\/2024\/12\/ipao_siov_skoly_ktore_menia_svet-7-1536x1024.jpg 1536w, https:\/\/archiv.siov.sk\/wp-content\/uploads\/2024\/12\/ipao_siov_skoly_ktore_menia_svet-7-2048x1365.jpg 2048w, https:\/\/archiv.siov.sk\/wp-content\/uploads\/2024\/12\/ipao_siov_skoly_ktore_menia_svet-7-18x12.jpg 18w, https:\/\/archiv.siov.sk\/wp-content\/uploads\/2024\/12\/ipao_siov_skoly_ktore_menia_svet-7-272x182.jpg 272w\" sizes=\"(max-width: 300px) 100vw, 300px\" \/> <img decoding=\"async\" class=\"alignnone size-medium wp-image-17530\" src=\"https:\/\/archiv.siov.sk\/wp-content\/uploads\/2024\/12\/ipao_siov_skoly_ktore_menia_svet-8-300x200.jpg\" alt=\"\" width=\"300\" height=\"200\" srcset=\"https:\/\/archiv.siov.sk\/wp-content\/uploads\/2024\/12\/ipao_siov_skoly_ktore_menia_svet-8-300x200.jpg 300w, https:\/\/archiv.siov.sk\/wp-content\/uploads\/2024\/12\/ipao_siov_skoly_ktore_menia_svet-8-1024x683.jpg 1024w, https:\/\/archiv.siov.sk\/wp-content\/uploads\/2024\/12\/ipao_siov_skoly_ktore_menia_svet-8-768x513.jpg 768w, https:\/\/archiv.siov.sk\/wp-content\/uploads\/2024\/12\/ipao_siov_skoly_ktore_menia_svet-8-1536x1025.jpg 1536w, https:\/\/archiv.siov.sk\/wp-content\/uploads\/2024\/12\/ipao_siov_skoly_ktore_menia_svet-8-2048x1367.jpg 2048w, https:\/\/archiv.siov.sk\/wp-content\/uploads\/2024\/12\/ipao_siov_skoly_ktore_menia_svet-8-18x12.jpg 18w, https:\/\/archiv.siov.sk\/wp-content\/uploads\/2024\/12\/ipao_siov_skoly_ktore_menia_svet-8-272x182.jpg 272w\" sizes=\"(max-width: 300px) 100vw, 300px\" \/><\/p>\n<p><strong>\u0160koly, ktor\u00e9 menia svet<\/strong> s\u00fa programom profesion\u00e1lneho rozvoja pre pedag\u00f3gov a riadite\u013eov \u0161k\u00f4l v\u0161etk\u00fdch stup\u0148ov vzdel\u00e1vania. Poskytuj\u00fa inovat\u00edvnu metodiku v\u00fdu\u010dby a ob\u010dianskej v\u00fdchovy zameran\u00fa na rozvoj zru\u010dnost\u00ed potrebn\u00fdch pre demokratick\u00e9 a akt\u00edvne ob\u010dianstvo. T\u00e1to metodika, vytvoren\u00e1 <strong>In\u0161tit\u00fatom pre akt\u00edvne ob\u010dianstvo (IPAO)<\/strong>, vych\u00e1dza z transforma\u010dn\u00fdch, z\u00e1\u017eitkov\u00fdch a neform\u00e1lnych met\u00f3d, ktor\u00e9 reflektuj\u00fa aktu\u00e1lne spolo\u010densk\u00e9 v\u00fdzvy.<\/p>\n<p>Na tr\u00e9ningu sa stretli z\u00e1stupcovia viacer\u00fdch organiz\u00e1ci\u00ed, ako napr\u00edklad eduRoma, Goetheho in\u0161tit\u00fat, Katedra etickej a ob\u010dianskej v\u00fdchovy PdF UK, Partia z Inklubu, Kogneo \u010di Z\u0160 a M\u0160 Brehy. Jedn\u00fdm z hlavn\u00fdch v\u00fdstupov bol n\u00e1vrh na vytvorenie <strong>\u0161k\u00e1lovate\u013en\u00e9ho otvoren\u00e9ho modelu<\/strong>, ktor\u00fd bude reagova\u0165 na potreby jednotliv\u00fdch organiz\u00e1ci\u00ed. Program tak z\u00edskava potenci\u00e1l na \u0161ir\u0161ie uplatnenie v praxi, pri\u010dom \u0160koly, ktor\u00e9 menia svet, poskytuj\u00fa metodick\u00fd obsah a know-how.<\/p>\n<p><img decoding=\"async\" class=\"alignnone size-medium wp-image-17532\" src=\"https:\/\/archiv.siov.sk\/wp-content\/uploads\/2024\/12\/ipao_siov_skoly_ktore_menia_svet-1-300x200.jpg\" alt=\"\" width=\"300\" height=\"200\" srcset=\"https:\/\/archiv.siov.sk\/wp-content\/uploads\/2024\/12\/ipao_siov_skoly_ktore_menia_svet-1-300x200.jpg 300w, https:\/\/archiv.siov.sk\/wp-content\/uploads\/2024\/12\/ipao_siov_skoly_ktore_menia_svet-1-1024x683.jpg 1024w, https:\/\/archiv.siov.sk\/wp-content\/uploads\/2024\/12\/ipao_siov_skoly_ktore_menia_svet-1-768x513.jpg 768w, https:\/\/archiv.siov.sk\/wp-content\/uploads\/2024\/12\/ipao_siov_skoly_ktore_menia_svet-1-1536x1025.jpg 1536w, https:\/\/archiv.siov.sk\/wp-content\/uploads\/2024\/12\/ipao_siov_skoly_ktore_menia_svet-1-2048x1367.jpg 2048w, https:\/\/archiv.siov.sk\/wp-content\/uploads\/2024\/12\/ipao_siov_skoly_ktore_menia_svet-1-18x12.jpg 18w, https:\/\/archiv.siov.sk\/wp-content\/uploads\/2024\/12\/ipao_siov_skoly_ktore_menia_svet-1-272x182.jpg 272w\" sizes=\"(max-width: 300px) 100vw, 300px\" \/> <img loading=\"lazy\" decoding=\"async\" class=\"alignnone size-medium wp-image-17533\" src=\"https:\/\/archiv.siov.sk\/wp-content\/uploads\/2024\/12\/ipao_siov_skoly_ktore_menia_svet-9-300x200.jpg\" alt=\"\" width=\"300\" height=\"200\" srcset=\"https:\/\/archiv.siov.sk\/wp-content\/uploads\/2024\/12\/ipao_siov_skoly_ktore_menia_svet-9-300x200.jpg 300w, https:\/\/archiv.siov.sk\/wp-content\/uploads\/2024\/12\/ipao_siov_skoly_ktore_menia_svet-9-1024x682.jpg 1024w, https:\/\/archiv.siov.sk\/wp-content\/uploads\/2024\/12\/ipao_siov_skoly_ktore_menia_svet-9-768x512.jpg 768w, https:\/\/archiv.siov.sk\/wp-content\/uploads\/2024\/12\/ipao_siov_skoly_ktore_menia_svet-9-1536x1023.jpg 1536w, https:\/\/archiv.siov.sk\/wp-content\/uploads\/2024\/12\/ipao_siov_skoly_ktore_menia_svet-9-2048x1364.jpg 2048w, https:\/\/archiv.siov.sk\/wp-content\/uploads\/2024\/12\/ipao_siov_skoly_ktore_menia_svet-9-18x12.jpg 18w, https:\/\/archiv.siov.sk\/wp-content\/uploads\/2024\/12\/ipao_siov_skoly_ktore_menia_svet-9-272x182.jpg 272w\" sizes=\"(max-width: 300px) 100vw, 300px\" \/><\/p>\n<p>\u00da\u010dastn\u00edci mali mo\u017enos\u0165 sami si vysk\u00fa\u0161a\u0165 vybran\u00e9 aktivity z metodiky pod veden\u00edm sk\u00fasen\u00fdch lektorov, ako s\u00fa <strong>Du\u0161an Ondru\u0161ek, D\u00e1vid Kr\u00e1lik a Jana Feherpataky Kuzmov\u00e1<\/strong>. Spolo\u010dne sa utvrdili v tom, \u017ee Slovensko potrebuje st\u00e1le viac mlad\u00fdch ob\u010diansky akt\u00edvnych \u013eud\u00ed, ktor\u00ed sa dok\u00e1\u017eu zasadi\u0165 za hodnoty demokracie a prispej\u00fa k slobodnej\u0161iemu a kvalitnej\u0161iemu \u017eivotu.<\/p>\n<p>V \u0160IOV sa u\u017e teraz te\u0161\u00edme na inova\u010dn\u00e9 kurzy ob\u010dianskeho vzdel\u00e1vania pre pedag\u00f3gov stredn\u00fdch odborn\u00fdch \u0161k\u00f4l, ktor\u00e9 budeme realizova\u0165 bud\u00faci rok formou z\u00e1\u017eitkov\u00e9ho u\u010denia.<\/p>\n<p><img loading=\"lazy\" decoding=\"async\" class=\"alignnone size-medium wp-image-17534\" src=\"https:\/\/archiv.siov.sk\/wp-content\/uploads\/2024\/12\/ipao_siov_skoly_ktore_menia_svet-2-300x200.jpg\" alt=\"\" width=\"300\" height=\"200\" srcset=\"https:\/\/archiv.siov.sk\/wp-content\/uploads\/2024\/12\/ipao_siov_skoly_ktore_menia_svet-2-300x200.jpg 300w, https:\/\/archiv.siov.sk\/wp-content\/uploads\/2024\/12\/ipao_siov_skoly_ktore_menia_svet-2-1024x683.jpg 1024w, https:\/\/archiv.siov.sk\/wp-content\/uploads\/2024\/12\/ipao_siov_skoly_ktore_menia_svet-2-768x513.jpg 768w, https:\/\/archiv.siov.sk\/wp-content\/uploads\/2024\/12\/ipao_siov_skoly_ktore_menia_svet-2-1536x1025.jpg 1536w, https:\/\/archiv.siov.sk\/wp-content\/uploads\/2024\/12\/ipao_siov_skoly_ktore_menia_svet-2-2048x1367.jpg 2048w, https:\/\/archiv.siov.sk\/wp-content\/uploads\/2024\/12\/ipao_siov_skoly_ktore_menia_svet-2-18x12.jpg 18w, https:\/\/archiv.siov.sk\/wp-content\/uploads\/2024\/12\/ipao_siov_skoly_ktore_menia_svet-2-272x182.jpg 272w\" sizes=\"(max-width: 300px) 100vw, 300px\" \/> <img loading=\"lazy\" decoding=\"async\" class=\"alignnone size-medium wp-image-17535\" src=\"https:\/\/archiv.siov.sk\/wp-content\/uploads\/2024\/12\/ipao_siov_skoly_ktore_menia_svet-3-1-300x200.jpg\" alt=\"\" width=\"300\" height=\"200\" srcset=\"https:\/\/archiv.siov.sk\/wp-content\/uploads\/2024\/12\/ipao_siov_skoly_ktore_menia_svet-3-1-300x200.jpg 300w, https:\/\/archiv.siov.sk\/wp-content\/uploads\/2024\/12\/ipao_siov_skoly_ktore_menia_svet-3-1-1024x683.jpg 1024w, https:\/\/archiv.siov.sk\/wp-content\/uploads\/2024\/12\/ipao_siov_skoly_ktore_menia_svet-3-1-768x513.jpg 768w, https:\/\/archiv.siov.sk\/wp-content\/uploads\/2024\/12\/ipao_siov_skoly_ktore_menia_svet-3-1-1536x1025.jpg 1536w, https:\/\/archiv.siov.sk\/wp-content\/uploads\/2024\/12\/ipao_siov_skoly_ktore_menia_svet-3-1-2048x1367.jpg 2048w, https:\/\/archiv.siov.sk\/wp-content\/uploads\/2024\/12\/ipao_siov_skoly_ktore_menia_svet-3-1-18x12.jpg 18w, https:\/\/archiv.siov.sk\/wp-content\/uploads\/2024\/12\/ipao_siov_skoly_ktore_menia_svet-3-1-272x182.jpg 272w\" sizes=\"(max-width: 300px) 100vw, 300px\" \/><\/p>\n<p>foto: IPAO\/\u0160KMS<\/p>","protected":false},"excerpt":{"rendered":"<p>V okt\u00f3bri bolo podp\u00edsan\u00e9 memorandum o spolupr\u00e1ci medzi \u0160t\u00e1tnym in\u0161tit\u00fatom odborn\u00e9ho vzdel\u00e1vania (\u0160IOV) a In\u0161tit\u00fatom pre akt\u00edvne ob\u010dianstvo (IPAO). T\u00e1to iniciat\u00edva sp\u00e1ja odborn\u00edkov z r\u00f4znych sektorov, aby spolo\u010dne prispievali k budovaniu akt\u00edvneho ob\u010dianstva na \u0161kol\u00e1ch. S hrdos\u0165ou m\u00f4\u017eeme poveda\u0165, \u017ee medzi zapojen\u00fdmi akt\u00e9rmi s\u00fa aj na\u0161e kolegyne z \u00daseku celo\u017eivotn\u00e9ho vzdel\u00e1vania \u2013 Jana \u010cuvalov\u00e1 a [&hellip;]<\/p>\n","protected":false},"author":10,"featured_media":17526,"comment_status":"closed","ping_status":"closed","sticky":false,"template":"","format":"standard","meta":{"site-sidebar-layout":"default","site-content-layout":"","ast-site-content-layout":"default","site-content-style":"default","site-sidebar-style":"default","ast-global-header-display":"","ast-banner-title-visibility":"","ast-main-header-display":"","ast-hfb-above-header-display":"","ast-hfb-below-header-display":"","ast-hfb-mobile-header-display":"","site-post-title":"","ast-breadcrumbs-content":"","ast-featured-img":"","footer-sml-layout":"","ast-disable-related-posts":"","theme-transparent-header-meta":"default","adv-header-id-meta":"","stick-header-meta":"default","header-above-stick-meta":"","header-main-stick-meta":"","header-below-stick-meta":"","astra-migrate-meta-layouts":"set","ast-page-background-enabled":"default","ast-page-background-meta":{"desktop":{"background-color":"var(--ast-global-color-4)","background-image":"","background-repeat":"repeat","background-position":"center center","background-size":"auto","background-attachment":"scroll","background-type":"","background-media":"","overlay-type":"","overlay-color":"","overlay-opacity":"","overlay-gradient":""},"tablet":{"background-color":"","background-image":"","background-repeat":"repeat","background-position":"center center","background-size":"auto","background-attachment":"scroll","background-type":"","background-media":"","overlay-type":"","overlay-color":"","overlay-opacity":"","overlay-gradient":""},"mobile":{"background-color":"","background-image":"","background-repeat":"repeat","background-position":"center center","background-size":"auto","background-attachment":"scroll","background-type":"","background-media":"","overlay-type":"","overlay-color":"","overlay-opacity":"","overlay-gradient":""}},"ast-content-background-meta":{"desktop":{"background-color":"var(--ast-global-color-5)","background-image":"","background-repeat":"repeat","background-position":"center center","background-size":"auto","background-attachment":"scroll","background-type":"","background-media":"","overlay-type":"","overlay-color":"","overlay-opacity":"","overlay-gradient":""},"tablet":{"background-color":"var(--ast-global-color-5)","background-image":"","background-repeat":"repeat","background-position":"center center","background-size":"auto","background-attachment":"scroll","background-type":"","background-media":"","overlay-type":"","overlay-color":"","overlay-opacity":"","overlay-gradient":""},"mobile":{"background-color":"var(--ast-global-color-5)","background-image":"","background-repeat":"repeat","background-position":"center center","background-size":"auto","background-attachment":"scroll","background-type":"","background-media":"","overlay-type":"","overlay-color":"","overlay-opacity":"","overlay-gradient":""}},"footnotes":""},"categories":[1],"tags":[],"class_list":["post-17525","post","type-post","status-publish","format-standard","has-post-thumbnail","hentry","category-aktuality"],"yoast_head":"<!-- This site is optimized with the Yoast SEO plugin v27.5 - https:\/\/yoast.com\/product\/yoast-seo-wordpress\/ -->\n<title>\u0160IOV s\u00fa\u010das\u0165ou programu \u0160koly, ktor\u00e9 menia svet - \u0160IOV - \u0161t\u00e1tny in\u0161tit\u00fat odborn\u00e9ho vzdel\u00e1vania<\/title>\n<meta name=\"robots\" content=\"index, follow, max-snippet:-1, max-image-preview:large, max-video-preview:-1\" \/>\n<link rel=\"canonical\" href=\"https:\/\/archiv.siov.sk\/en\/siov-sucastou-programu-skoly-ktore-menia-svet\/\" \/>\n<meta property=\"og:locale\" content=\"en_GB\" \/>\n<meta property=\"og:type\" content=\"article\" \/>\n<meta property=\"og:title\" content=\"\u0160IOV s\u00fa\u010das\u0165ou programu \u0160koly, ktor\u00e9 menia svet - \u0160IOV - \u0161t\u00e1tny in\u0161tit\u00fat odborn\u00e9ho vzdel\u00e1vania\" \/>\n<meta property=\"og:description\" content=\"V okt\u00f3bri bolo podp\u00edsan\u00e9 memorandum o spolupr\u00e1ci medzi \u0160t\u00e1tnym in\u0161tit\u00fatom odborn\u00e9ho vzdel\u00e1vania (\u0160IOV) a In\u0161tit\u00fatom pre akt\u00edvne ob\u010dianstvo (IPAO). T\u00e1to iniciat\u00edva sp\u00e1ja odborn\u00edkov z r\u00f4znych sektorov, aby spolo\u010dne prispievali k budovaniu akt\u00edvneho ob\u010dianstva na \u0161kol\u00e1ch. S hrdos\u0165ou m\u00f4\u017eeme poveda\u0165, \u017ee medzi zapojen\u00fdmi akt\u00e9rmi s\u00fa aj na\u0161e kolegyne z \u00daseku celo\u017eivotn\u00e9ho vzdel\u00e1vania \u2013 Jana \u010cuvalov\u00e1 a [&hellip;]\" \/>\n<meta property=\"og:url\" content=\"https:\/\/archiv.siov.sk\/en\/siov-sucastou-programu-skoly-ktore-menia-svet\/\" \/>\n<meta property=\"og:site_name\" content=\"\u0160IOV - \u0161t\u00e1tny in\u0161tit\u00fat odborn\u00e9ho vzdel\u00e1vania\" \/>\n<meta property=\"article:publisher\" content=\"https:\/\/www.facebook.com\/Statnyinstitutodbornehovzdelavania\" \/>\n<meta property=\"article:published_time\" content=\"2024-12-16T14:00:39+00:00\" \/>\n<meta property=\"article:modified_time\" content=\"2024-12-16T19:51:01+00:00\" \/>\n<meta property=\"og:image\" content=\"https:\/\/archiv.siov.sk\/wp-content\/uploads\/2024\/12\/ipao_siov_skoly_ktore_menia_svet-3-scaled.jpg\" \/>\n\t<meta property=\"og:image:width\" content=\"2560\" \/>\n\t<meta property=\"og:image:height\" content=\"1708\" \/>\n\t<meta property=\"og:image:type\" content=\"image\/jpeg\" \/>\n<meta name=\"author\" content=\"Gabriela Budayov\u00e1\" \/>\n<meta name=\"twitter:card\" content=\"summary_large_image\" \/>\n<meta name=\"twitter:label1\" content=\"Written by\" \/>\n\t<meta name=\"twitter:data1\" content=\"Gabriela Budayov\u00e1\" \/>\n\t<meta name=\"twitter:label2\" content=\"Estimated reading time\" \/>\n\t<meta name=\"twitter:data2\" content=\"4 minutes\" \/>\n<script type=\"application\/ld+json\" class=\"yoast-schema-graph\">{\"@context\":\"https:\\\/\\\/schema.org\",\"@graph\":[{\"@type\":\"Article\",\"@id\":\"https:\\\/\\\/archiv.siov.sk\\\/siov-sucastou-programu-skoly-ktore-menia-svet\\\/#article\",\"isPartOf\":{\"@id\":\"https:\\\/\\\/archiv.siov.sk\\\/siov-sucastou-programu-skoly-ktore-menia-svet\\\/\"},\"author\":{\"name\":\"Gabriela Budayov\u00e1\",\"@id\":\"https:\\\/\\\/archiv.siov.sk\\\/#\\\/schema\\\/person\\\/2d35146a9c0fa51b027e8ff319cee627\"},\"headline\":\"\u0160IOV s\u00fa\u010das\u0165ou programu \u0160koly, ktor\u00e9 menia svet\",\"datePublished\":\"2024-12-16T14:00:39+00:00\",\"dateModified\":\"2024-12-16T19:51:01+00:00\",\"mainEntityOfPage\":{\"@id\":\"https:\\\/\\\/archiv.siov.sk\\\/siov-sucastou-programu-skoly-ktore-menia-svet\\\/\"},\"wordCount\":447,\"publisher\":{\"@id\":\"https:\\\/\\\/archiv.siov.sk\\\/#organization\"},\"image\":{\"@id\":\"https:\\\/\\\/archiv.siov.sk\\\/siov-sucastou-programu-skoly-ktore-menia-svet\\\/#primaryimage\"},\"thumbnailUrl\":\"https:\\\/\\\/archiv.siov.sk\\\/wp-content\\\/uploads\\\/2024\\\/12\\\/ipao_siov_skoly_ktore_menia_svet-3-scaled.jpg\",\"articleSection\":[\"Aktuality\"],\"inLanguage\":\"en-GB\"},{\"@type\":\"WebPage\",\"@id\":\"https:\\\/\\\/archiv.siov.sk\\\/siov-sucastou-programu-skoly-ktore-menia-svet\\\/\",\"url\":\"https:\\\/\\\/archiv.siov.sk\\\/siov-sucastou-programu-skoly-ktore-menia-svet\\\/\",\"name\":\"\u0160IOV s\u00fa\u010das\u0165ou programu \u0160koly, ktor\u00e9 menia svet - \u0160IOV - \u0161t\u00e1tny in\u0161tit\u00fat odborn\u00e9ho vzdel\u00e1vania\",\"isPartOf\":{\"@id\":\"https:\\\/\\\/archiv.siov.sk\\\/#website\"},\"primaryImageOfPage\":{\"@id\":\"https:\\\/\\\/archiv.siov.sk\\\/siov-sucastou-programu-skoly-ktore-menia-svet\\\/#primaryimage\"},\"image\":{\"@id\":\"https:\\\/\\\/archiv.siov.sk\\\/siov-sucastou-programu-skoly-ktore-menia-svet\\\/#primaryimage\"},\"thumbnailUrl\":\"https:\\\/\\\/archiv.siov.sk\\\/wp-content\\\/uploads\\\/2024\\\/12\\\/ipao_siov_skoly_ktore_menia_svet-3-scaled.jpg\",\"datePublished\":\"2024-12-16T14:00:39+00:00\",\"dateModified\":\"2024-12-16T19:51:01+00:00\",\"breadcrumb\":{\"@id\":\"https:\\\/\\\/archiv.siov.sk\\\/siov-sucastou-programu-skoly-ktore-menia-svet\\\/#breadcrumb\"},\"inLanguage\":\"en-GB\",\"potentialAction\":[{\"@type\":\"ReadAction\",\"target\":[\"https:\\\/\\\/archiv.siov.sk\\\/siov-sucastou-programu-skoly-ktore-menia-svet\\\/\"]}]},{\"@type\":\"ImageObject\",\"inLanguage\":\"en-GB\",\"@id\":\"https:\\\/\\\/archiv.siov.sk\\\/siov-sucastou-programu-skoly-ktore-menia-svet\\\/#primaryimage\",\"url\":\"https:\\\/\\\/archiv.siov.sk\\\/wp-content\\\/uploads\\\/2024\\\/12\\\/ipao_siov_skoly_ktore_menia_svet-3-scaled.jpg\",\"contentUrl\":\"https:\\\/\\\/archiv.siov.sk\\\/wp-content\\\/uploads\\\/2024\\\/12\\\/ipao_siov_skoly_ktore_menia_svet-3-scaled.jpg\",\"width\":2560,\"height\":1708,\"caption\":\"Du\u0161an Ondru\u0161ek\"},{\"@type\":\"BreadcrumbList\",\"@id\":\"https:\\\/\\\/archiv.siov.sk\\\/siov-sucastou-programu-skoly-ktore-menia-svet\\\/#breadcrumb\",\"itemListElement\":[{\"@type\":\"ListItem\",\"position\":1,\"name\":\"Home\",\"item\":\"https:\\\/\\\/archiv.siov.sk\\\/\"},{\"@type\":\"ListItem\",\"position\":2,\"name\":\"\u0160IOV s\u00fa\u010das\u0165ou programu \u0160koly, ktor\u00e9 menia svet\"}]},{\"@type\":\"WebSite\",\"@id\":\"https:\\\/\\\/archiv.siov.sk\\\/#website\",\"url\":\"https:\\\/\\\/archiv.siov.sk\\\/\",\"name\":\"\u0160IOV - \u0161t\u00e1tny in\u0161tit\u00fat odborn\u00e9ho vzdel\u00e1vania\",\"description\":\"\",\"publisher\":{\"@id\":\"https:\\\/\\\/archiv.siov.sk\\\/#organization\"},\"potentialAction\":[{\"@type\":\"SearchAction\",\"target\":{\"@type\":\"EntryPoint\",\"urlTemplate\":\"https:\\\/\\\/archiv.siov.sk\\\/?s={search_term_string}\"},\"query-input\":{\"@type\":\"PropertyValueSpecification\",\"valueRequired\":true,\"valueName\":\"search_term_string\"}}],\"inLanguage\":\"en-GB\"},{\"@type\":\"Organization\",\"@id\":\"https:\\\/\\\/archiv.siov.sk\\\/#organization\",\"name\":\"\u0160IOV - \u0161t\u00e1tny in\u0161tit\u00fat odborn\u00e9ho vzdel\u00e1vania\",\"url\":\"https:\\\/\\\/archiv.siov.sk\\\/\",\"logo\":{\"@type\":\"ImageObject\",\"inLanguage\":\"en-GB\",\"@id\":\"https:\\\/\\\/archiv.siov.sk\\\/#\\\/schema\\\/logo\\\/image\\\/\",\"url\":\"https:\\\/\\\/archiv.siov.sk\\\/wp-content\\\/uploads\\\/2024\\\/02\\\/logo-SIOV.png\",\"contentUrl\":\"https:\\\/\\\/archiv.siov.sk\\\/wp-content\\\/uploads\\\/2024\\\/02\\\/logo-SIOV.png\",\"width\":431,\"height\":143,\"caption\":\"\u0160IOV - \u0161t\u00e1tny in\u0161tit\u00fat odborn\u00e9ho vzdel\u00e1vania\"},\"image\":{\"@id\":\"https:\\\/\\\/archiv.siov.sk\\\/#\\\/schema\\\/logo\\\/image\\\/\"},\"sameAs\":[\"https:\\\/\\\/www.facebook.com\\\/Statnyinstitutodbornehovzdelavania\"]},{\"@type\":\"Person\",\"@id\":\"https:\\\/\\\/archiv.siov.sk\\\/#\\\/schema\\\/person\\\/2d35146a9c0fa51b027e8ff319cee627\",\"name\":\"Gabriela Budayov\u00e1\",\"url\":\"https:\\\/\\\/archiv.siov.sk\\\/en\\\/author\\\/gabriela-budayova\\\/\"}]}<\/script>\n<!-- \/ Yoast SEO plugin. -->","yoast_head_json":{"title":"\u0160IOV s\u00fa\u010das\u0165ou programu \u0160koly, ktor\u00e9 menia svet - \u0160IOV - \u0161t\u00e1tny in\u0161tit\u00fat odborn\u00e9ho vzdel\u00e1vania","robots":{"index":"index","follow":"follow","max-snippet":"max-snippet:-1","max-image-preview":"max-image-preview:large","max-video-preview":"max-video-preview:-1"},"canonical":"https:\/\/archiv.siov.sk\/en\/siov-sucastou-programu-skoly-ktore-menia-svet\/","og_locale":"en_GB","og_type":"article","og_title":"\u0160IOV s\u00fa\u010das\u0165ou programu \u0160koly, ktor\u00e9 menia svet - \u0160IOV - \u0161t\u00e1tny in\u0161tit\u00fat odborn\u00e9ho vzdel\u00e1vania","og_description":"V okt\u00f3bri bolo podp\u00edsan\u00e9 memorandum o spolupr\u00e1ci medzi \u0160t\u00e1tnym in\u0161tit\u00fatom odborn\u00e9ho vzdel\u00e1vania (\u0160IOV) a In\u0161tit\u00fatom pre akt\u00edvne ob\u010dianstvo (IPAO). T\u00e1to iniciat\u00edva sp\u00e1ja odborn\u00edkov z r\u00f4znych sektorov, aby spolo\u010dne prispievali k budovaniu akt\u00edvneho ob\u010dianstva na \u0161kol\u00e1ch. S hrdos\u0165ou m\u00f4\u017eeme poveda\u0165, \u017ee medzi zapojen\u00fdmi akt\u00e9rmi s\u00fa aj na\u0161e kolegyne z \u00daseku celo\u017eivotn\u00e9ho vzdel\u00e1vania \u2013 Jana \u010cuvalov\u00e1 a [&hellip;]","og_url":"https:\/\/archiv.siov.sk\/en\/siov-sucastou-programu-skoly-ktore-menia-svet\/","og_site_name":"\u0160IOV - \u0161t\u00e1tny in\u0161tit\u00fat odborn\u00e9ho vzdel\u00e1vania","article_publisher":"https:\/\/www.facebook.com\/Statnyinstitutodbornehovzdelavania","article_published_time":"2024-12-16T14:00:39+00:00","article_modified_time":"2024-12-16T19:51:01+00:00","og_image":[{"width":2560,"height":1708,"url":"https:\/\/archiv.siov.sk\/wp-content\/uploads\/2024\/12\/ipao_siov_skoly_ktore_menia_svet-3-scaled.jpg","type":"image\/jpeg"}],"author":"Gabriela Budayov\u00e1","twitter_card":"summary_large_image","twitter_misc":{"Written by":"Gabriela Budayov\u00e1","Estimated reading time":"4 minutes"},"schema":{"@context":"https:\/\/schema.org","@graph":[{"@type":"Article","@id":"https:\/\/archiv.siov.sk\/siov-sucastou-programu-skoly-ktore-menia-svet\/#article","isPartOf":{"@id":"https:\/\/archiv.siov.sk\/siov-sucastou-programu-skoly-ktore-menia-svet\/"},"author":{"name":"Gabriela Budayov\u00e1","@id":"https:\/\/archiv.siov.sk\/#\/schema\/person\/2d35146a9c0fa51b027e8ff319cee627"},"headline":"\u0160IOV s\u00fa\u010das\u0165ou programu \u0160koly, ktor\u00e9 menia svet","datePublished":"2024-12-16T14:00:39+00:00","dateModified":"2024-12-16T19:51:01+00:00","mainEntityOfPage":{"@id":"https:\/\/archiv.siov.sk\/siov-sucastou-programu-skoly-ktore-menia-svet\/"},"wordCount":447,"publisher":{"@id":"https:\/\/archiv.siov.sk\/#organization"},"image":{"@id":"https:\/\/archiv.siov.sk\/siov-sucastou-programu-skoly-ktore-menia-svet\/#primaryimage"},"thumbnailUrl":"https:\/\/archiv.siov.sk\/wp-content\/uploads\/2024\/12\/ipao_siov_skoly_ktore_menia_svet-3-scaled.jpg","articleSection":["Aktuality"],"inLanguage":"en-GB"},{"@type":"WebPage","@id":"https:\/\/archiv.siov.sk\/siov-sucastou-programu-skoly-ktore-menia-svet\/","url":"https:\/\/archiv.siov.sk\/siov-sucastou-programu-skoly-ktore-menia-svet\/","name":"\u0160IOV s\u00fa\u010das\u0165ou programu \u0160koly, ktor\u00e9 menia svet - \u0160IOV - \u0161t\u00e1tny in\u0161tit\u00fat odborn\u00e9ho vzdel\u00e1vania","isPartOf":{"@id":"https:\/\/archiv.siov.sk\/#website"},"primaryImageOfPage":{"@id":"https:\/\/archiv.siov.sk\/siov-sucastou-programu-skoly-ktore-menia-svet\/#primaryimage"},"image":{"@id":"https:\/\/archiv.siov.sk\/siov-sucastou-programu-skoly-ktore-menia-svet\/#primaryimage"},"thumbnailUrl":"https:\/\/archiv.siov.sk\/wp-content\/uploads\/2024\/12\/ipao_siov_skoly_ktore_menia_svet-3-scaled.jpg","datePublished":"2024-12-16T14:00:39+00:00","dateModified":"2024-12-16T19:51:01+00:00","breadcrumb":{"@id":"https:\/\/archiv.siov.sk\/siov-sucastou-programu-skoly-ktore-menia-svet\/#breadcrumb"},"inLanguage":"en-GB","potentialAction":[{"@type":"ReadAction","target":["https:\/\/archiv.siov.sk\/siov-sucastou-programu-skoly-ktore-menia-svet\/"]}]},{"@type":"ImageObject","inLanguage":"en-GB","@id":"https:\/\/archiv.siov.sk\/siov-sucastou-programu-skoly-ktore-menia-svet\/#primaryimage","url":"https:\/\/archiv.siov.sk\/wp-content\/uploads\/2024\/12\/ipao_siov_skoly_ktore_menia_svet-3-scaled.jpg","contentUrl":"https:\/\/archiv.siov.sk\/wp-content\/uploads\/2024\/12\/ipao_siov_skoly_ktore_menia_svet-3-scaled.jpg","width":2560,"height":1708,"caption":"Du\u0161an Ondru\u0161ek"},{"@type":"BreadcrumbList","@id":"https:\/\/archiv.siov.sk\/siov-sucastou-programu-skoly-ktore-menia-svet\/#breadcrumb","itemListElement":[{"@type":"ListItem","position":1,"name":"Home","item":"https:\/\/archiv.siov.sk\/"},{"@type":"ListItem","position":2,"name":"\u0160IOV s\u00fa\u010das\u0165ou programu \u0160koly, ktor\u00e9 menia svet"}]},{"@type":"WebSite","@id":"https:\/\/archiv.siov.sk\/#website","url":"https:\/\/archiv.siov.sk\/","name":"\u0160IOV - \u0161t\u00e1tny in\u0161tit\u00fat odborn\u00e9ho vzdel\u00e1vania","description":"","publisher":{"@id":"https:\/\/archiv.siov.sk\/#organization"},"potentialAction":[{"@type":"SearchAction","target":{"@type":"EntryPoint","urlTemplate":"https:\/\/archiv.siov.sk\/?s={search_term_string}"},"query-input":{"@type":"PropertyValueSpecification","valueRequired":true,"valueName":"search_term_string"}}],"inLanguage":"en-GB"},{"@type":"Organization","@id":"https:\/\/archiv.siov.sk\/#organization","name":"\u0160IOV - \u0161t\u00e1tny in\u0161tit\u00fat odborn\u00e9ho vzdel\u00e1vania","url":"https:\/\/archiv.siov.sk\/","logo":{"@type":"ImageObject","inLanguage":"en-GB","@id":"https:\/\/archiv.siov.sk\/#\/schema\/logo\/image\/","url":"https:\/\/archiv.siov.sk\/wp-content\/uploads\/2024\/02\/logo-SIOV.png","contentUrl":"https:\/\/archiv.siov.sk\/wp-content\/uploads\/2024\/02\/logo-SIOV.png","width":431,"height":143,"caption":"\u0160IOV - \u0161t\u00e1tny in\u0161tit\u00fat odborn\u00e9ho vzdel\u00e1vania"},"image":{"@id":"https:\/\/archiv.siov.sk\/#\/schema\/logo\/image\/"},"sameAs":["https:\/\/www.facebook.com\/Statnyinstitutodbornehovzdelavania"]},{"@type":"Person","@id":"https:\/\/archiv.siov.sk\/#\/schema\/person\/2d35146a9c0fa51b027e8ff319cee627","name":"Gabriela Budayov\u00e1","url":"https:\/\/archiv.siov.sk\/en\/author\/gabriela-budayova\/"}]}},"_links":{"self":[{"href":"https:\/\/archiv.siov.sk\/en\/wp-json\/wp\/v2\/posts\/17525","targetHints":{"allow":["GET"]}}],"collection":[{"href":"https:\/\/archiv.siov.sk\/en\/wp-json\/wp\/v2\/posts"}],"about":[{"href":"https:\/\/archiv.siov.sk\/en\/wp-json\/wp\/v2\/types\/post"}],"author":[{"embeddable":true,"href":"https:\/\/archiv.siov.sk\/en\/wp-json\/wp\/v2\/users\/10"}],"replies":[{"embeddable":true,"href":"https:\/\/archiv.siov.sk\/en\/wp-json\/wp\/v2\/comments?post=17525"}],"version-history":[{"count":7,"href":"https:\/\/archiv.siov.sk\/en\/wp-json\/wp\/v2\/posts\/17525\/revisions"}],"predecessor-version":[{"id":17539,"href":"https:\/\/archiv.siov.sk\/en\/wp-json\/wp\/v2\/posts\/17525\/revisions\/17539"}],"wp:featuredmedia":[{"embeddable":true,"href":"https:\/\/archiv.siov.sk\/en\/wp-json\/wp\/v2\/media\/17526"}],"wp:attachment":[{"href":"https:\/\/archiv.siov.sk\/en\/wp-json\/wp\/v2\/media?parent=17525"}],"wp:term":[{"taxonomy":"category","embeddable":true,"href":"https:\/\/archiv.siov.sk\/en\/wp-json\/wp\/v2\/categories?post=17525"},{"taxonomy":"post_tag","embeddable":true,"href":"https:\/\/archiv.siov.sk\/en\/wp-json\/wp\/v2\/tags?post=17525"}],"curies":[{"name":"wp","href":"https:\/\/api.w.org\/{rel}","templated":true}]}}