{"id":17517,"date":"2024-12-12T11:16:43","date_gmt":"2024-12-12T10:16:43","guid":{"rendered":"https:\/\/archiv.siov.sk\/?p=17517"},"modified":"2024-12-12T11:16:43","modified_gmt":"2024-12-12T10:16:43","slug":"prepojenie-medzi-vyssim-odbornym-vzdelavanim-a-bakalarskym-studium-v-pribuznom-odbore-bude-jednoduchsie","status":"publish","type":"post","link":"https:\/\/archiv.siov.sk\/en\/prepojenie-medzi-vyssim-odbornym-vzdelavanim-a-bakalarskym-studium-v-pribuznom-odbore-bude-jednoduchsie\/","title":{"rendered":"Prepojenie medzi vy\u0161\u0161\u00edm odborn\u00fdm vzdel\u00e1van\u00edm a bakal\u00e1rskym \u0161t\u00fadium v pr\u00edbuznom odbore bude jednoduch\u0161ie"},"content":{"rendered":"<p>Jednou z\u00a0projektov\u00fdch aktiv\u00edt v\u00a0r\u00e1mci <a href=\"https:\/\/swiss-contribution.sk\/?page_id=78&amp;csrt=7227330845170379605\">druh\u00e9ho Programu \u0161vaj\u010diarsko-slovenskej spolupr\u00e1ce<\/a> je nastavenie mo\u017enost\u00ed prepojenia vy\u0161\u0161ieho odborn\u00e9ho vzdel\u00e1vania s\u00a01. stup\u0148om vysoko\u0161kolsk\u00e9ho vzdel\u00e1vania. V\u00a0praxi to znamen\u00e1, \u017ee ak absolvent vy\u0161\u0161ieho odborn\u00e9ho vzdel\u00e1vania bude chcie\u0165 pokra\u010dova\u0165 vo vysoko\u0161kolskom \u0161t\u00fadiu, nov\u00fd proces uzn\u00e1vania v\u00fdsledkov doteraj\u0161ieho vzdelania mu umo\u017en\u00ed pokra\u010dova\u0165 na bakal\u00e1rskom \u0161t\u00fadiu u\u017e vo vy\u0161\u0161om ro\u010dn\u00edku. T\u00e1to aktivita prinesie vy\u0161\u0161iu priepustnos\u0165 do vzdel\u00e1vacieho syst\u00e9mu, ktor\u00e1 zefekt\u00edvni a\u00a0zatrakt\u00edvni proces pr\u00edpravy absolventov pre trh pr\u00e1ce.<\/p>\n<p><img fetchpriority=\"high\" decoding=\"async\" class=\"size-medium wp-image-17521 alignleft\" src=\"https:\/\/archiv.siov.sk\/wp-content\/uploads\/2024\/12\/20241211_093944-300x225.jpg\" alt=\"\" width=\"300\" height=\"225\" srcset=\"https:\/\/archiv.siov.sk\/wp-content\/uploads\/2024\/12\/20241211_093944-300x225.jpg 300w, https:\/\/archiv.siov.sk\/wp-content\/uploads\/2024\/12\/20241211_093944-1024x768.jpg 1024w, https:\/\/archiv.siov.sk\/wp-content\/uploads\/2024\/12\/20241211_093944-768x576.jpg 768w, https:\/\/archiv.siov.sk\/wp-content\/uploads\/2024\/12\/20241211_093944-1536x1152.jpg 1536w, https:\/\/archiv.siov.sk\/wp-content\/uploads\/2024\/12\/20241211_093944-16x12.jpg 16w, https:\/\/archiv.siov.sk\/wp-content\/uploads\/2024\/12\/20241211_093944.jpg 2000w\" sizes=\"(max-width: 300px) 100vw, 300px\" \/>Ke\u010f\u017ee sa z\u00a0praxe oz\u00fdvaj\u00fa hlasy o absencii systematickej komunik\u00e1cie stredn\u00fdch a vysok\u00fdch \u0161k\u00f4l o\u00a0efekt\u00edvnej\u0161ej pr\u00edprave \u017eiakov na vysoko\u0161kolsk\u00e9 \u0161t\u00fadium, okr\u00fahly st\u00f4l\u00a0 k\u00a0tejto t\u00e9me inicioval t\u00edm z\u00a0projektu <a href=\"https:\/\/archiv.siov.sk\/en\/projekty\/aktualne-projekty\/zlepsenie-kvality-a-atraktivnosti-ovp-v-sulade-s-potrebami-trhu-prace\/\">\u201eZlep\u0161enie kvality a atrakt\u00edvnosti OVP v s\u00falade s potrebami trhu pr\u00e1ce\u201c<\/a> zo \u0160t\u00e1tneho in\u0161tit\u00fatu odborn\u00e9ho vzdel\u00e1vania (\u0160IOV). Za okr\u00fahlym stolom diskutovali \u0161t\u00e1tny tajomn\u00edk Ministerstva \u0161kolstva, v\u00fdskumu, v\u00fdvoja a ml\u00e1de\u017ee Slovenskej republiky (M\u0160VVaM SR) pre region\u00e1lne \u0161kolstvo a vzdel\u00e1vanie dospel\u00fdch, p\u00e1n Partila a gener\u00e1lny riadite\u013e sekcie stredn\u00fdch \u0161k\u00f4l a celo\u017eivotn\u00e9ho vzdel\u00e1vania, p\u00e1n Jakub\u00edk, prodekan Technickej univerzity v Ko\u0161iciach, p\u00e1n Babi\u010d, najvy\u0161\u0161\u00ed management spolo\u010dnosti DT IT Solutions, riadite\u013e Strednej priemyselnej \u0161koly elektrotechnickej v Ko\u0161iciach, p\u00e1n Kri\u0161t\u00edn a riadie\u013e \u0160IOV, p\u00e1n Had\u00e1r a \u010fal\u0161\u00ed.\u00a0 V r\u00e1mci diskusie, ktor\u00e1 prebehla 11. decembra 2024, sa z\u00fa\u010dastnen\u00ed zhodli na potrebe prepojenia vy\u0161\u0161ieho odborn\u00e9ho vzdel\u00e1vania s akademick\u00fdm prostred\u00edm pri pr\u00edprave vysoko \u0161pecializovan\u00fdch kvalifik\u00e1cii pre IT sektor na \u00farovni SKR 5 a 6. Predstavitelia M\u0160VVaM SR prezentovali pripravenos\u0165 zavies\u0165 legislat\u00edvne zmeny s cie\u013eom zaru\u010di\u0165 flexibilitu a otvorenos\u0165 syst\u00e9mu naprie\u010d v\u0161etk\u00fdmi jeho zlo\u017ekami.<\/p>\n<p>Projekt \u201eZlep\u0161enie kvality a atrakt\u00edvnosti OVP v s\u00falade s potrebami trhu pr\u00e1ce\u201c v\u0161ak pam\u00e4t\u00e1 aj na t\u00fdch, ktor\u00fdch amb\u00edciou nie je pokra\u010dovanie v\u00a0\u0161t\u00fadiu na vysokej \u0161kole, no po skon\u010den\u00ed strednej odbornej \u0161koly chc\u00fa \u00eds\u0165 pracova\u0165. Po\u010das projektov\u00e9ho obdobia sa rovnako v\u00a0spolupr\u00e1ci s\u00a0relevantn\u00fdmi partnermi, prim\u00e1rne so z\u00e1stupcami M\u0160VVaM SR, stredn\u00fdch odborn\u00fdch \u0161k\u00f4l a\u00a0zamestn\u00e1vate\u013eov, priprav\u00ed n\u00e1vrh aj na zavedenie odbornej maturitnej sk\u00fa\u0161ky a\u00a0majstrovskej sk\u00fa\u0161ky. V\u0161etky inform\u00e1cie o\u00a0novink\u00e1ch v\u00a0r\u00e1mci projektov\u00fdch aktiv\u00edt n\u00e1jdete v\u017edy na <a href=\"https:\/\/archiv.siov.sk\/en\/\">na\u0161ej str\u00e1nke<\/a>, ako aj na soci\u00e1lnych sie\u0165ach (<a href=\"https:\/\/www.facebook.com\/Statnyinstitutodbornehovzdelavania\/\">Facebook<\/a> a\u00a0<a href=\"https:\/\/www.linkedin.com\/company\/siov\/\">LinkedIn<\/a>).<\/p>","protected":false},"excerpt":{"rendered":"<p>Jednou z\u00a0projektov\u00fdch aktiv\u00edt v\u00a0r\u00e1mci druh\u00e9ho Programu \u0161vaj\u010diarsko-slovenskej spolupr\u00e1ce je nastavenie mo\u017enost\u00ed prepojenia vy\u0161\u0161ieho odborn\u00e9ho vzdel\u00e1vania s\u00a01. stup\u0148om vysoko\u0161kolsk\u00e9ho vzdel\u00e1vania. V\u00a0praxi to znamen\u00e1, \u017ee ak absolvent vy\u0161\u0161ieho odborn\u00e9ho vzdel\u00e1vania bude chcie\u0165 pokra\u010dova\u0165 vo vysoko\u0161kolskom \u0161t\u00fadiu, nov\u00fd proces uzn\u00e1vania v\u00fdsledkov doteraj\u0161ieho vzdelania mu umo\u017en\u00ed pokra\u010dova\u0165 na bakal\u00e1rskom \u0161t\u00fadiu u\u017e vo vy\u0161\u0161om ro\u010dn\u00edku. T\u00e1to aktivita prinesie vy\u0161\u0161iu priepustnos\u0165 [&hellip;]<\/p>\n","protected":false},"author":11,"featured_media":17520,"comment_status":"closed","ping_status":"closed","sticky":false,"template":"","format":"standard","meta":{"site-sidebar-layout":"default","site-content-layout":"","ast-site-content-layout":"default","site-content-style":"default","site-sidebar-style":"default","ast-global-header-display":"","ast-banner-title-visibility":"","ast-main-header-display":"","ast-hfb-above-header-display":"","ast-hfb-below-header-display":"","ast-hfb-mobile-header-display":"","site-post-title":"","ast-breadcrumbs-content":"","ast-featured-img":"","footer-sml-layout":"","ast-disable-related-posts":"","theme-transparent-header-meta":"default","adv-header-id-meta":"","stick-header-meta":"default","header-above-stick-meta":"","header-main-stick-meta":"","header-below-stick-meta":"","astra-migrate-meta-layouts":"set","ast-page-background-enabled":"default","ast-page-background-meta":{"desktop":{"background-color":"var(--ast-global-color-4)","background-image":"","background-repeat":"repeat","background-position":"center center","background-size":"auto","background-attachment":"scroll","background-type":"","background-media":"","overlay-type":"","overlay-color":"","overlay-opacity":"","overlay-gradient":""},"tablet":{"background-color":"","background-image":"","background-repeat":"repeat","background-position":"center center","background-size":"auto","background-attachment":"scroll","background-type":"","background-media":"","overlay-type":"","overlay-color":"","overlay-opacity":"","overlay-gradient":""},"mobile":{"background-color":"","background-image":"","background-repeat":"repeat","background-position":"center center","background-size":"auto","background-attachment":"scroll","background-type":"","background-media":"","overlay-type":"","overlay-color":"","overlay-opacity":"","overlay-gradient":""}},"ast-content-background-meta":{"desktop":{"background-color":"var(--ast-global-color-5)","background-image":"","background-repeat":"repeat","background-position":"center center","background-size":"auto","background-attachment":"scroll","background-type":"","background-media":"","overlay-type":"","overlay-color":"","overlay-opacity":"","overlay-gradient":""},"tablet":{"background-color":"var(--ast-global-color-5)","background-image":"","background-repeat":"repeat","background-position":"center center","background-size":"auto","background-attachment":"scroll","background-type":"","background-media":"","overlay-type":"","overlay-color":"","overlay-opacity":"","overlay-gradient":""},"mobile":{"background-color":"var(--ast-global-color-5)","background-image":"","background-repeat":"repeat","background-position":"center center","background-size":"auto","background-attachment":"scroll","background-type":"","background-media":"","overlay-type":"","overlay-color":"","overlay-opacity":"","overlay-gradient":""}},"footnotes":""},"categories":[1,30],"tags":[],"class_list":["post-17517","post","type-post","status-publish","format-standard","has-post-thumbnail","hentry","category-aktuality","category-program-svajciarsko-slovenskej-spoluprace"],"yoast_head":"<!-- This site is optimized with the Yoast SEO plugin v27.5 - https:\/\/yoast.com\/product\/yoast-seo-wordpress\/ -->\n<title>Prepojenie medzi vy\u0161\u0161\u00edm odborn\u00fdm vzdel\u00e1van\u00edm a bakal\u00e1rskym \u0161t\u00fadium v pr\u00edbuznom odbore bude jednoduch\u0161ie - \u0160IOV - \u0161t\u00e1tny in\u0161tit\u00fat odborn\u00e9ho vzdel\u00e1vania<\/title>\n<meta name=\"robots\" content=\"index, follow, max-snippet:-1, max-image-preview:large, max-video-preview:-1\" \/>\n<link rel=\"canonical\" href=\"https:\/\/archiv.siov.sk\/en\/prepojenie-medzi-vyssim-odbornym-vzdelavanim-a-bakalarskym-studium-v-pribuznom-odbore-bude-jednoduchsie\/\" \/>\n<meta property=\"og:locale\" content=\"en_GB\" \/>\n<meta property=\"og:type\" content=\"article\" \/>\n<meta property=\"og:title\" content=\"Prepojenie medzi vy\u0161\u0161\u00edm odborn\u00fdm vzdel\u00e1van\u00edm a bakal\u00e1rskym \u0161t\u00fadium v pr\u00edbuznom odbore bude jednoduch\u0161ie - \u0160IOV - \u0161t\u00e1tny in\u0161tit\u00fat odborn\u00e9ho vzdel\u00e1vania\" \/>\n<meta property=\"og:description\" content=\"Jednou z\u00a0projektov\u00fdch aktiv\u00edt v\u00a0r\u00e1mci druh\u00e9ho Programu \u0161vaj\u010diarsko-slovenskej spolupr\u00e1ce je nastavenie mo\u017enost\u00ed prepojenia vy\u0161\u0161ieho odborn\u00e9ho vzdel\u00e1vania s\u00a01. stup\u0148om vysoko\u0161kolsk\u00e9ho vzdel\u00e1vania. V\u00a0praxi to znamen\u00e1, \u017ee ak absolvent vy\u0161\u0161ieho odborn\u00e9ho vzdel\u00e1vania bude chcie\u0165 pokra\u010dova\u0165 vo vysoko\u0161kolskom \u0161t\u00fadiu, nov\u00fd proces uzn\u00e1vania v\u00fdsledkov doteraj\u0161ieho vzdelania mu umo\u017en\u00ed pokra\u010dova\u0165 na bakal\u00e1rskom \u0161t\u00fadiu u\u017e vo vy\u0161\u0161om ro\u010dn\u00edku. T\u00e1to aktivita prinesie vy\u0161\u0161iu priepustnos\u0165 [&hellip;]\" \/>\n<meta property=\"og:url\" content=\"https:\/\/archiv.siov.sk\/en\/prepojenie-medzi-vyssim-odbornym-vzdelavanim-a-bakalarskym-studium-v-pribuznom-odbore-bude-jednoduchsie\/\" \/>\n<meta property=\"og:site_name\" content=\"\u0160IOV - \u0161t\u00e1tny in\u0161tit\u00fat odborn\u00e9ho vzdel\u00e1vania\" \/>\n<meta property=\"article:publisher\" content=\"https:\/\/www.facebook.com\/Statnyinstitutodbornehovzdelavania\" \/>\n<meta property=\"article:published_time\" content=\"2024-12-12T10:16:43+00:00\" \/>\n<meta property=\"og:image\" content=\"https:\/\/archiv.siov.sk\/wp-content\/uploads\/2024\/12\/20241211_102017-e1733998525501.jpg\" \/>\n\t<meta property=\"og:image:width\" content=\"2000\" \/>\n\t<meta property=\"og:image:height\" content=\"907\" \/>\n\t<meta property=\"og:image:type\" content=\"image\/jpeg\" \/>\n<meta name=\"author\" content=\"Sylvia Hamadejova\" \/>\n<meta name=\"twitter:card\" content=\"summary_large_image\" \/>\n<meta name=\"twitter:label1\" content=\"Written by\" \/>\n\t<meta name=\"twitter:data1\" content=\"Sylvia Hamadejova\" \/>\n\t<meta name=\"twitter:label2\" content=\"Estimated reading time\" \/>\n\t<meta name=\"twitter:data2\" content=\"3 minutes\" \/>\n<script type=\"application\/ld+json\" class=\"yoast-schema-graph\">{\"@context\":\"https:\\\/\\\/schema.org\",\"@graph\":[{\"@type\":\"Article\",\"@id\":\"https:\\\/\\\/archiv.siov.sk\\\/prepojenie-medzi-vyssim-odbornym-vzdelavanim-a-bakalarskym-studium-v-pribuznom-odbore-bude-jednoduchsie\\\/#article\",\"isPartOf\":{\"@id\":\"https:\\\/\\\/archiv.siov.sk\\\/prepojenie-medzi-vyssim-odbornym-vzdelavanim-a-bakalarskym-studium-v-pribuznom-odbore-bude-jednoduchsie\\\/\"},\"author\":{\"name\":\"Sylvia Hamadejova\",\"@id\":\"https:\\\/\\\/archiv.siov.sk\\\/#\\\/schema\\\/person\\\/70de33c3c88facac4a386ef06f733b92\"},\"headline\":\"Prepojenie medzi vy\u0161\u0161\u00edm odborn\u00fdm vzdel\u00e1van\u00edm a bakal\u00e1rskym \u0161t\u00fadium v pr\u00edbuznom odbore bude jednoduch\u0161ie\",\"datePublished\":\"2024-12-12T10:16:43+00:00\",\"mainEntityOfPage\":{\"@id\":\"https:\\\/\\\/archiv.siov.sk\\\/prepojenie-medzi-vyssim-odbornym-vzdelavanim-a-bakalarskym-studium-v-pribuznom-odbore-bude-jednoduchsie\\\/\"},\"wordCount\":488,\"publisher\":{\"@id\":\"https:\\\/\\\/archiv.siov.sk\\\/#organization\"},\"image\":{\"@id\":\"https:\\\/\\\/archiv.siov.sk\\\/prepojenie-medzi-vyssim-odbornym-vzdelavanim-a-bakalarskym-studium-v-pribuznom-odbore-bude-jednoduchsie\\\/#primaryimage\"},\"thumbnailUrl\":\"https:\\\/\\\/archiv.siov.sk\\\/wp-content\\\/uploads\\\/2024\\\/12\\\/20241211_102017-e1733998525501.jpg\",\"articleSection\":[\"Aktuality\",\"Program \u0161vaj\u010diarsko-slovenskej spolupr\u00e1ce\"],\"inLanguage\":\"en-GB\"},{\"@type\":\"WebPage\",\"@id\":\"https:\\\/\\\/archiv.siov.sk\\\/prepojenie-medzi-vyssim-odbornym-vzdelavanim-a-bakalarskym-studium-v-pribuznom-odbore-bude-jednoduchsie\\\/\",\"url\":\"https:\\\/\\\/archiv.siov.sk\\\/prepojenie-medzi-vyssim-odbornym-vzdelavanim-a-bakalarskym-studium-v-pribuznom-odbore-bude-jednoduchsie\\\/\",\"name\":\"Prepojenie medzi vy\u0161\u0161\u00edm odborn\u00fdm vzdel\u00e1van\u00edm a bakal\u00e1rskym \u0161t\u00fadium v pr\u00edbuznom odbore bude jednoduch\u0161ie - \u0160IOV - \u0161t\u00e1tny in\u0161tit\u00fat odborn\u00e9ho vzdel\u00e1vania\",\"isPartOf\":{\"@id\":\"https:\\\/\\\/archiv.siov.sk\\\/#website\"},\"primaryImageOfPage\":{\"@id\":\"https:\\\/\\\/archiv.siov.sk\\\/prepojenie-medzi-vyssim-odbornym-vzdelavanim-a-bakalarskym-studium-v-pribuznom-odbore-bude-jednoduchsie\\\/#primaryimage\"},\"image\":{\"@id\":\"https:\\\/\\\/archiv.siov.sk\\\/prepojenie-medzi-vyssim-odbornym-vzdelavanim-a-bakalarskym-studium-v-pribuznom-odbore-bude-jednoduchsie\\\/#primaryimage\"},\"thumbnailUrl\":\"https:\\\/\\\/archiv.siov.sk\\\/wp-content\\\/uploads\\\/2024\\\/12\\\/20241211_102017-e1733998525501.jpg\",\"datePublished\":\"2024-12-12T10:16:43+00:00\",\"breadcrumb\":{\"@id\":\"https:\\\/\\\/archiv.siov.sk\\\/prepojenie-medzi-vyssim-odbornym-vzdelavanim-a-bakalarskym-studium-v-pribuznom-odbore-bude-jednoduchsie\\\/#breadcrumb\"},\"inLanguage\":\"en-GB\",\"potentialAction\":[{\"@type\":\"ReadAction\",\"target\":[\"https:\\\/\\\/archiv.siov.sk\\\/prepojenie-medzi-vyssim-odbornym-vzdelavanim-a-bakalarskym-studium-v-pribuznom-odbore-bude-jednoduchsie\\\/\"]}]},{\"@type\":\"ImageObject\",\"inLanguage\":\"en-GB\",\"@id\":\"https:\\\/\\\/archiv.siov.sk\\\/prepojenie-medzi-vyssim-odbornym-vzdelavanim-a-bakalarskym-studium-v-pribuznom-odbore-bude-jednoduchsie\\\/#primaryimage\",\"url\":\"https:\\\/\\\/archiv.siov.sk\\\/wp-content\\\/uploads\\\/2024\\\/12\\\/20241211_102017-e1733998525501.jpg\",\"contentUrl\":\"https:\\\/\\\/archiv.siov.sk\\\/wp-content\\\/uploads\\\/2024\\\/12\\\/20241211_102017-e1733998525501.jpg\",\"width\":2000,\"height\":907},{\"@type\":\"BreadcrumbList\",\"@id\":\"https:\\\/\\\/archiv.siov.sk\\\/prepojenie-medzi-vyssim-odbornym-vzdelavanim-a-bakalarskym-studium-v-pribuznom-odbore-bude-jednoduchsie\\\/#breadcrumb\",\"itemListElement\":[{\"@type\":\"ListItem\",\"position\":1,\"name\":\"Home\",\"item\":\"https:\\\/\\\/archiv.siov.sk\\\/\"},{\"@type\":\"ListItem\",\"position\":2,\"name\":\"Prepojenie medzi vy\u0161\u0161\u00edm odborn\u00fdm vzdel\u00e1van\u00edm a bakal\u00e1rskym \u0161t\u00fadium v pr\u00edbuznom odbore bude jednoduch\u0161ie\"}]},{\"@type\":\"WebSite\",\"@id\":\"https:\\\/\\\/archiv.siov.sk\\\/#website\",\"url\":\"https:\\\/\\\/archiv.siov.sk\\\/\",\"name\":\"\u0160IOV - \u0161t\u00e1tny in\u0161tit\u00fat odborn\u00e9ho vzdel\u00e1vania\",\"description\":\"\",\"publisher\":{\"@id\":\"https:\\\/\\\/archiv.siov.sk\\\/#organization\"},\"potentialAction\":[{\"@type\":\"SearchAction\",\"target\":{\"@type\":\"EntryPoint\",\"urlTemplate\":\"https:\\\/\\\/archiv.siov.sk\\\/?s={search_term_string}\"},\"query-input\":{\"@type\":\"PropertyValueSpecification\",\"valueRequired\":true,\"valueName\":\"search_term_string\"}}],\"inLanguage\":\"en-GB\"},{\"@type\":\"Organization\",\"@id\":\"https:\\\/\\\/archiv.siov.sk\\\/#organization\",\"name\":\"\u0160IOV - \u0161t\u00e1tny in\u0161tit\u00fat odborn\u00e9ho vzdel\u00e1vania\",\"url\":\"https:\\\/\\\/archiv.siov.sk\\\/\",\"logo\":{\"@type\":\"ImageObject\",\"inLanguage\":\"en-GB\",\"@id\":\"https:\\\/\\\/archiv.siov.sk\\\/#\\\/schema\\\/logo\\\/image\\\/\",\"url\":\"https:\\\/\\\/archiv.siov.sk\\\/wp-content\\\/uploads\\\/2024\\\/02\\\/logo-SIOV.png\",\"contentUrl\":\"https:\\\/\\\/archiv.siov.sk\\\/wp-content\\\/uploads\\\/2024\\\/02\\\/logo-SIOV.png\",\"width\":431,\"height\":143,\"caption\":\"\u0160IOV - \u0161t\u00e1tny in\u0161tit\u00fat odborn\u00e9ho vzdel\u00e1vania\"},\"image\":{\"@id\":\"https:\\\/\\\/archiv.siov.sk\\\/#\\\/schema\\\/logo\\\/image\\\/\"},\"sameAs\":[\"https:\\\/\\\/www.facebook.com\\\/Statnyinstitutodbornehovzdelavania\"]},{\"@type\":\"Person\",\"@id\":\"https:\\\/\\\/archiv.siov.sk\\\/#\\\/schema\\\/person\\\/70de33c3c88facac4a386ef06f733b92\",\"name\":\"Sylvia Hamadejova\",\"url\":\"https:\\\/\\\/archiv.siov.sk\\\/en\\\/author\\\/hamadejovas\\\/\"}]}<\/script>\n<!-- \/ Yoast SEO plugin. -->","yoast_head_json":{"title":"Prepojenie medzi vy\u0161\u0161\u00edm odborn\u00fdm vzdel\u00e1van\u00edm a bakal\u00e1rskym \u0161t\u00fadium v pr\u00edbuznom odbore bude jednoduch\u0161ie - \u0160IOV - \u0161t\u00e1tny in\u0161tit\u00fat odborn\u00e9ho vzdel\u00e1vania","robots":{"index":"index","follow":"follow","max-snippet":"max-snippet:-1","max-image-preview":"max-image-preview:large","max-video-preview":"max-video-preview:-1"},"canonical":"https:\/\/archiv.siov.sk\/en\/prepojenie-medzi-vyssim-odbornym-vzdelavanim-a-bakalarskym-studium-v-pribuznom-odbore-bude-jednoduchsie\/","og_locale":"en_GB","og_type":"article","og_title":"Prepojenie medzi vy\u0161\u0161\u00edm odborn\u00fdm vzdel\u00e1van\u00edm a bakal\u00e1rskym \u0161t\u00fadium v pr\u00edbuznom odbore bude jednoduch\u0161ie - \u0160IOV - \u0161t\u00e1tny in\u0161tit\u00fat odborn\u00e9ho vzdel\u00e1vania","og_description":"Jednou z\u00a0projektov\u00fdch aktiv\u00edt v\u00a0r\u00e1mci druh\u00e9ho Programu \u0161vaj\u010diarsko-slovenskej spolupr\u00e1ce je nastavenie mo\u017enost\u00ed prepojenia vy\u0161\u0161ieho odborn\u00e9ho vzdel\u00e1vania s\u00a01. stup\u0148om vysoko\u0161kolsk\u00e9ho vzdel\u00e1vania. V\u00a0praxi to znamen\u00e1, \u017ee ak absolvent vy\u0161\u0161ieho odborn\u00e9ho vzdel\u00e1vania bude chcie\u0165 pokra\u010dova\u0165 vo vysoko\u0161kolskom \u0161t\u00fadiu, nov\u00fd proces uzn\u00e1vania v\u00fdsledkov doteraj\u0161ieho vzdelania mu umo\u017en\u00ed pokra\u010dova\u0165 na bakal\u00e1rskom \u0161t\u00fadiu u\u017e vo vy\u0161\u0161om ro\u010dn\u00edku. T\u00e1to aktivita prinesie vy\u0161\u0161iu priepustnos\u0165 [&hellip;]","og_url":"https:\/\/archiv.siov.sk\/en\/prepojenie-medzi-vyssim-odbornym-vzdelavanim-a-bakalarskym-studium-v-pribuznom-odbore-bude-jednoduchsie\/","og_site_name":"\u0160IOV - \u0161t\u00e1tny in\u0161tit\u00fat odborn\u00e9ho vzdel\u00e1vania","article_publisher":"https:\/\/www.facebook.com\/Statnyinstitutodbornehovzdelavania","article_published_time":"2024-12-12T10:16:43+00:00","og_image":[{"width":2000,"height":907,"url":"https:\/\/archiv.siov.sk\/wp-content\/uploads\/2024\/12\/20241211_102017-e1733998525501.jpg","type":"image\/jpeg"}],"author":"Sylvia Hamadejova","twitter_card":"summary_large_image","twitter_misc":{"Written by":"Sylvia Hamadejova","Estimated reading time":"3 minutes"},"schema":{"@context":"https:\/\/schema.org","@graph":[{"@type":"Article","@id":"https:\/\/archiv.siov.sk\/prepojenie-medzi-vyssim-odbornym-vzdelavanim-a-bakalarskym-studium-v-pribuznom-odbore-bude-jednoduchsie\/#article","isPartOf":{"@id":"https:\/\/archiv.siov.sk\/prepojenie-medzi-vyssim-odbornym-vzdelavanim-a-bakalarskym-studium-v-pribuznom-odbore-bude-jednoduchsie\/"},"author":{"name":"Sylvia Hamadejova","@id":"https:\/\/archiv.siov.sk\/#\/schema\/person\/70de33c3c88facac4a386ef06f733b92"},"headline":"Prepojenie medzi vy\u0161\u0161\u00edm odborn\u00fdm vzdel\u00e1van\u00edm a bakal\u00e1rskym \u0161t\u00fadium v pr\u00edbuznom odbore bude jednoduch\u0161ie","datePublished":"2024-12-12T10:16:43+00:00","mainEntityOfPage":{"@id":"https:\/\/archiv.siov.sk\/prepojenie-medzi-vyssim-odbornym-vzdelavanim-a-bakalarskym-studium-v-pribuznom-odbore-bude-jednoduchsie\/"},"wordCount":488,"publisher":{"@id":"https:\/\/archiv.siov.sk\/#organization"},"image":{"@id":"https:\/\/archiv.siov.sk\/prepojenie-medzi-vyssim-odbornym-vzdelavanim-a-bakalarskym-studium-v-pribuznom-odbore-bude-jednoduchsie\/#primaryimage"},"thumbnailUrl":"https:\/\/archiv.siov.sk\/wp-content\/uploads\/2024\/12\/20241211_102017-e1733998525501.jpg","articleSection":["Aktuality","Program \u0161vaj\u010diarsko-slovenskej spolupr\u00e1ce"],"inLanguage":"en-GB"},{"@type":"WebPage","@id":"https:\/\/archiv.siov.sk\/prepojenie-medzi-vyssim-odbornym-vzdelavanim-a-bakalarskym-studium-v-pribuznom-odbore-bude-jednoduchsie\/","url":"https:\/\/archiv.siov.sk\/prepojenie-medzi-vyssim-odbornym-vzdelavanim-a-bakalarskym-studium-v-pribuznom-odbore-bude-jednoduchsie\/","name":"Prepojenie medzi vy\u0161\u0161\u00edm odborn\u00fdm vzdel\u00e1van\u00edm a bakal\u00e1rskym \u0161t\u00fadium v pr\u00edbuznom odbore bude jednoduch\u0161ie - \u0160IOV - \u0161t\u00e1tny in\u0161tit\u00fat odborn\u00e9ho vzdel\u00e1vania","isPartOf":{"@id":"https:\/\/archiv.siov.sk\/#website"},"primaryImageOfPage":{"@id":"https:\/\/archiv.siov.sk\/prepojenie-medzi-vyssim-odbornym-vzdelavanim-a-bakalarskym-studium-v-pribuznom-odbore-bude-jednoduchsie\/#primaryimage"},"image":{"@id":"https:\/\/archiv.siov.sk\/prepojenie-medzi-vyssim-odbornym-vzdelavanim-a-bakalarskym-studium-v-pribuznom-odbore-bude-jednoduchsie\/#primaryimage"},"thumbnailUrl":"https:\/\/archiv.siov.sk\/wp-content\/uploads\/2024\/12\/20241211_102017-e1733998525501.jpg","datePublished":"2024-12-12T10:16:43+00:00","breadcrumb":{"@id":"https:\/\/archiv.siov.sk\/prepojenie-medzi-vyssim-odbornym-vzdelavanim-a-bakalarskym-studium-v-pribuznom-odbore-bude-jednoduchsie\/#breadcrumb"},"inLanguage":"en-GB","potentialAction":[{"@type":"ReadAction","target":["https:\/\/archiv.siov.sk\/prepojenie-medzi-vyssim-odbornym-vzdelavanim-a-bakalarskym-studium-v-pribuznom-odbore-bude-jednoduchsie\/"]}]},{"@type":"ImageObject","inLanguage":"en-GB","@id":"https:\/\/archiv.siov.sk\/prepojenie-medzi-vyssim-odbornym-vzdelavanim-a-bakalarskym-studium-v-pribuznom-odbore-bude-jednoduchsie\/#primaryimage","url":"https:\/\/archiv.siov.sk\/wp-content\/uploads\/2024\/12\/20241211_102017-e1733998525501.jpg","contentUrl":"https:\/\/archiv.siov.sk\/wp-content\/uploads\/2024\/12\/20241211_102017-e1733998525501.jpg","width":2000,"height":907},{"@type":"BreadcrumbList","@id":"https:\/\/archiv.siov.sk\/prepojenie-medzi-vyssim-odbornym-vzdelavanim-a-bakalarskym-studium-v-pribuznom-odbore-bude-jednoduchsie\/#breadcrumb","itemListElement":[{"@type":"ListItem","position":1,"name":"Home","item":"https:\/\/archiv.siov.sk\/"},{"@type":"ListItem","position":2,"name":"Prepojenie medzi vy\u0161\u0161\u00edm odborn\u00fdm vzdel\u00e1van\u00edm a bakal\u00e1rskym \u0161t\u00fadium v pr\u00edbuznom odbore bude jednoduch\u0161ie"}]},{"@type":"WebSite","@id":"https:\/\/archiv.siov.sk\/#website","url":"https:\/\/archiv.siov.sk\/","name":"\u0160IOV - \u0161t\u00e1tny in\u0161tit\u00fat odborn\u00e9ho vzdel\u00e1vania","description":"","publisher":{"@id":"https:\/\/archiv.siov.sk\/#organization"},"potentialAction":[{"@type":"SearchAction","target":{"@type":"EntryPoint","urlTemplate":"https:\/\/archiv.siov.sk\/?s={search_term_string}"},"query-input":{"@type":"PropertyValueSpecification","valueRequired":true,"valueName":"search_term_string"}}],"inLanguage":"en-GB"},{"@type":"Organization","@id":"https:\/\/archiv.siov.sk\/#organization","name":"\u0160IOV - \u0161t\u00e1tny in\u0161tit\u00fat odborn\u00e9ho vzdel\u00e1vania","url":"https:\/\/archiv.siov.sk\/","logo":{"@type":"ImageObject","inLanguage":"en-GB","@id":"https:\/\/archiv.siov.sk\/#\/schema\/logo\/image\/","url":"https:\/\/archiv.siov.sk\/wp-content\/uploads\/2024\/02\/logo-SIOV.png","contentUrl":"https:\/\/archiv.siov.sk\/wp-content\/uploads\/2024\/02\/logo-SIOV.png","width":431,"height":143,"caption":"\u0160IOV - \u0161t\u00e1tny in\u0161tit\u00fat odborn\u00e9ho vzdel\u00e1vania"},"image":{"@id":"https:\/\/archiv.siov.sk\/#\/schema\/logo\/image\/"},"sameAs":["https:\/\/www.facebook.com\/Statnyinstitutodbornehovzdelavania"]},{"@type":"Person","@id":"https:\/\/archiv.siov.sk\/#\/schema\/person\/70de33c3c88facac4a386ef06f733b92","name":"Sylvia Hamadejova","url":"https:\/\/archiv.siov.sk\/en\/author\/hamadejovas\/"}]}},"_links":{"self":[{"href":"https:\/\/archiv.siov.sk\/en\/wp-json\/wp\/v2\/posts\/17517","targetHints":{"allow":["GET"]}}],"collection":[{"href":"https:\/\/archiv.siov.sk\/en\/wp-json\/wp\/v2\/posts"}],"about":[{"href":"https:\/\/archiv.siov.sk\/en\/wp-json\/wp\/v2\/types\/post"}],"author":[{"embeddable":true,"href":"https:\/\/archiv.siov.sk\/en\/wp-json\/wp\/v2\/users\/11"}],"replies":[{"embeddable":true,"href":"https:\/\/archiv.siov.sk\/en\/wp-json\/wp\/v2\/comments?post=17517"}],"version-history":[{"count":4,"href":"https:\/\/archiv.siov.sk\/en\/wp-json\/wp\/v2\/posts\/17517\/revisions"}],"predecessor-version":[{"id":17523,"href":"https:\/\/archiv.siov.sk\/en\/wp-json\/wp\/v2\/posts\/17517\/revisions\/17523"}],"wp:featuredmedia":[{"embeddable":true,"href":"https:\/\/archiv.siov.sk\/en\/wp-json\/wp\/v2\/media\/17520"}],"wp:attachment":[{"href":"https:\/\/archiv.siov.sk\/en\/wp-json\/wp\/v2\/media?parent=17517"}],"wp:term":[{"taxonomy":"category","embeddable":true,"href":"https:\/\/archiv.siov.sk\/en\/wp-json\/wp\/v2\/categories?post=17517"},{"taxonomy":"post_tag","embeddable":true,"href":"https:\/\/archiv.siov.sk\/en\/wp-json\/wp\/v2\/tags?post=17517"}],"curies":[{"name":"wp","href":"https:\/\/api.w.org\/{rel}","templated":true}]}}