{"id":17442,"date":"2024-12-05T10:25:21","date_gmt":"2024-12-05T09:25:21","guid":{"rendered":"https:\/\/archiv.siov.sk\/?p=17442"},"modified":"2024-12-19T15:15:20","modified_gmt":"2024-12-19T14:15:20","slug":"plnime-vianocne-zelania-tym-ktori-to-potrebuju-najviac","status":"publish","type":"post","link":"https:\/\/archiv.siov.sk\/en\/plnime-vianocne-zelania-tym-ktori-to-potrebuju-najviac\/","title":{"rendered":"Pln\u00edme viano\u010dn\u00e9 \u017eelania t\u00fdm, ktor\u00ed to potrebuj\u00fa najviac"},"content":{"rendered":"<div class=\"flex-shrink-0 flex flex-col relative items-end\">\n<div>\n<div class=\"pt-0\">\n<div class=\"gizmo-bot-avatar flex h-8 w-8 items-center justify-center overflow-hidden rounded-full\">\n<div class=\"relative p-1 rounded-sm flex items-center justify-center bg-token-main-surface-primary text-token-text-primary h-8 w-8\"><span style=\"font-size: 16px;\">Pri pr\u00edle\u017eitosti viano\u010dn\u00fdch sviatkov sme od\u0161tartovali benefi\u010dn\u00fa zbierku \u201e\u0160IOV pom\u00e1ha\u201c, v r\u00e1mci ktorej pln\u00edme viano\u010dn\u00e9 \u017eelania pre <strong>n.o. Jeden rodi\u010d<\/strong> a <strong>Odborn\u00e9 u\u010dili\u0161te na D\u00fabravskej ceste 1 v Bratislave<\/strong>. V duchu spolo\u010denskej zodpovednosti, ktor\u00e1 vypl\u00fdva zo zav\u00e1dzania modelu CAF v na\u0161ej organiz\u00e1cii, sme sa rozhodli prispie\u0165 k \u0161\u00edreniu radosti a pomoci tam, kde je to potrebn\u00e9.<\/span><\/div>\n<div><\/div>\n<\/div>\n<\/div>\n<\/div>\n<\/div>\n<p>Cie\u013eom tejto iniciat\u00edvy je podpori\u0165 organiz\u00e1cie, ktor\u00e9 pom\u00e1haj\u00fa t\u00fdm najzranite\u013enej\u0161\u00edm. OZ Jednorodi\u010d sa venuje zlep\u0161ovaniu kvality \u017eivota rodi\u010dov samo\u017eivite\u013eov a ich det\u00ed, aby mohli \u017ei\u0165 bezpe\u010dne, plnohodnotne a s d\u00f4stojnos\u0165ou. Odborn\u00e9 u\u010dili\u0161te D\u00fabravsk\u00e1 cesta 1 poskytuje vzdel\u00e1vanie \u017eiakom so zdravotn\u00fdm a in\u00fdm znev\u00fdhodnen\u00edm, \u010d\u00edm podporuje ich inkl\u00faziu, rozvoj a \u0161\u0165astn\u00fa bud\u00facnos\u0165.<\/p>\n<p>Zbierka vyvrchol\u00ed <strong>12. decembra<\/strong>, kedy bud\u00fa dar\u010deky <strong>sl\u00e1vnostne odovzdan\u00e9<\/strong> riadite\u013eom \u0160IOV, Ing. Branislavom Had\u00e1rom,<br \/>\nz\u00e1stupcom oboch organiz\u00e1ci\u00ed. <img fetchpriority=\"high\" decoding=\"async\" class=\"size-medium wp-image-17448 alignright\" src=\"https:\/\/archiv.siov.sk\/wp-content\/uploads\/2024\/12\/stromcek-230x300.jpg\" alt=\"strom\u010dek_\u0161iov_pom\u00e1ha\" width=\"230\" height=\"300\" srcset=\"https:\/\/archiv.siov.sk\/wp-content\/uploads\/2024\/12\/stromcek-230x300.jpg 230w, https:\/\/archiv.siov.sk\/wp-content\/uploads\/2024\/12\/stromcek-786x1024.jpg 786w, https:\/\/archiv.siov.sk\/wp-content\/uploads\/2024\/12\/stromcek-768x1001.jpg 768w, https:\/\/archiv.siov.sk\/wp-content\/uploads\/2024\/12\/stromcek-9x12.jpg 9w, https:\/\/archiv.siov.sk\/wp-content\/uploads\/2024\/12\/stromcek.jpg 921w\" sizes=\"(max-width: 230px) 100vw, 230px\" \/>Ver\u00edme, \u017ee dar\u010deky deti\u010dky pote\u0161ia a vy\u010daria \u00fasmev na tv\u00e1rach rodi\u010dov aj \u017eiakov, ktor\u00ed prekon\u00e1vaj\u00fa n\u00e1ro\u010dn\u00e9 \u017eivotn\u00e9 situ\u00e1cie.<\/p>\n<p>Spolo\u010dn\u00e1 pomoc a solidarita n\u00e1s v\u0161etk\u00fdch pripom\u00edna <strong>prav\u00fd v\u00fdznam Vianoc \u2013 kona\u0165 dobro a by\u0165 tu jeden pre druh\u00e9ho<\/strong>. Aj v\u010faka tejto zbierke chceme uk\u00e1za\u0165, \u017ee \u0160IOV je nielen odborn\u00fdm garantom vzdel\u00e1vania, ale aj organiz\u00e1ciou, ktorej z\u00e1le\u017e\u00ed na kvalite \u017eivota v na\u0161ej spolo\u010dnosti.<\/p>\n<p>V\u0161etk\u00fdm, ktor\u00ed sa do tejto iniciat\u00edvy zapojili, patr\u00ed ve\u013ek\u00e1 v\u010faka.<\/p>\n<p>&nbsp;<\/p>","protected":false},"excerpt":{"rendered":"<p>Pri pr\u00edle\u017eitosti viano\u010dn\u00fdch sviatkov sme od\u0161tartovali benefi\u010dn\u00fa zbierku \u201e\u0160IOV pom\u00e1ha\u201c, v r\u00e1mci ktorej pln\u00edme viano\u010dn\u00e9 \u017eelania pre n.o. Jeden rodi\u010d a Odborn\u00e9 u\u010dili\u0161te na D\u00fabravskej ceste 1 v Bratislave. V duchu spolo\u010denskej zodpovednosti, ktor\u00e1 vypl\u00fdva zo zav\u00e1dzania modelu CAF v na\u0161ej organiz\u00e1cii, sme sa rozhodli prispie\u0165 k \u0161\u00edreniu radosti a pomoci tam, kde je to [&hellip;]<\/p>\n","protected":false},"author":10,"featured_media":17445,"comment_status":"closed","ping_status":"closed","sticky":false,"template":"","format":"standard","meta":{"site-sidebar-layout":"default","site-content-layout":"","ast-site-content-layout":"default","site-content-style":"default","site-sidebar-style":"default","ast-global-header-display":"","ast-banner-title-visibility":"","ast-main-header-display":"","ast-hfb-above-header-display":"","ast-hfb-below-header-display":"","ast-hfb-mobile-header-display":"","site-post-title":"","ast-breadcrumbs-content":"","ast-featured-img":"","footer-sml-layout":"","ast-disable-related-posts":"","theme-transparent-header-meta":"default","adv-header-id-meta":"","stick-header-meta":"default","header-above-stick-meta":"","header-main-stick-meta":"","header-below-stick-meta":"","astra-migrate-meta-layouts":"set","ast-page-background-enabled":"default","ast-page-background-meta":{"desktop":{"background-color":"var(--ast-global-color-4)","background-image":"","background-repeat":"repeat","background-position":"center center","background-size":"auto","background-attachment":"scroll","background-type":"","background-media":"","overlay-type":"","overlay-color":"","overlay-opacity":"","overlay-gradient":""},"tablet":{"background-color":"","background-image":"","background-repeat":"repeat","background-position":"center center","background-size":"auto","background-attachment":"scroll","background-type":"","background-media":"","overlay-type":"","overlay-color":"","overlay-opacity":"","overlay-gradient":""},"mobile":{"background-color":"","background-image":"","background-repeat":"repeat","background-position":"center center","background-size":"auto","background-attachment":"scroll","background-type":"","background-media":"","overlay-type":"","overlay-color":"","overlay-opacity":"","overlay-gradient":""}},"ast-content-background-meta":{"desktop":{"background-color":"var(--ast-global-color-5)","background-image":"","background-repeat":"repeat","background-position":"center center","background-size":"auto","background-attachment":"scroll","background-type":"","background-media":"","overlay-type":"","overlay-color":"","overlay-opacity":"","overlay-gradient":""},"tablet":{"background-color":"var(--ast-global-color-5)","background-image":"","background-repeat":"repeat","background-position":"center center","background-size":"auto","background-attachment":"scroll","background-type":"","background-media":"","overlay-type":"","overlay-color":"","overlay-opacity":"","overlay-gradient":""},"mobile":{"background-color":"var(--ast-global-color-5)","background-image":"","background-repeat":"repeat","background-position":"center center","background-size":"auto","background-attachment":"scroll","background-type":"","background-media":"","overlay-type":"","overlay-color":"","overlay-opacity":"","overlay-gradient":""}},"footnotes":""},"categories":[1,24],"tags":[],"class_list":["post-17442","post","type-post","status-publish","format-standard","has-post-thumbnail","hentry","category-aktuality","category-caf"],"yoast_head":"<!-- This site is optimized with the Yoast SEO plugin v27.5 - https:\/\/yoast.com\/product\/yoast-seo-wordpress\/ -->\n<title>Pln\u00edme viano\u010dn\u00e9 \u017eelania t\u00fdm, ktor\u00ed to potrebuj\u00fa najviac - \u0160IOV - \u0161t\u00e1tny in\u0161tit\u00fat odborn\u00e9ho vzdel\u00e1vania<\/title>\n<meta name=\"robots\" content=\"index, follow, max-snippet:-1, max-image-preview:large, max-video-preview:-1\" \/>\n<link rel=\"canonical\" href=\"https:\/\/archiv.siov.sk\/en\/plnime-vianocne-zelania-tym-ktori-to-potrebuju-najviac\/\" \/>\n<meta property=\"og:locale\" content=\"en_GB\" \/>\n<meta property=\"og:type\" content=\"article\" \/>\n<meta property=\"og:title\" content=\"Pln\u00edme viano\u010dn\u00e9 \u017eelania t\u00fdm, ktor\u00ed to potrebuj\u00fa najviac - \u0160IOV - \u0161t\u00e1tny in\u0161tit\u00fat odborn\u00e9ho vzdel\u00e1vania\" \/>\n<meta property=\"og:description\" content=\"Pri pr\u00edle\u017eitosti viano\u010dn\u00fdch sviatkov sme od\u0161tartovali benefi\u010dn\u00fa zbierku \u201e\u0160IOV pom\u00e1ha\u201c, v r\u00e1mci ktorej pln\u00edme viano\u010dn\u00e9 \u017eelania pre n.o. Jeden rodi\u010d a Odborn\u00e9 u\u010dili\u0161te na D\u00fabravskej ceste 1 v Bratislave. V duchu spolo\u010denskej zodpovednosti, ktor\u00e1 vypl\u00fdva zo zav\u00e1dzania modelu CAF v na\u0161ej organiz\u00e1cii, sme sa rozhodli prispie\u0165 k \u0161\u00edreniu radosti a pomoci tam, kde je to [&hellip;]\" \/>\n<meta property=\"og:url\" content=\"https:\/\/archiv.siov.sk\/en\/plnime-vianocne-zelania-tym-ktori-to-potrebuju-najviac\/\" \/>\n<meta property=\"og:site_name\" content=\"\u0160IOV - \u0161t\u00e1tny in\u0161tit\u00fat odborn\u00e9ho vzdel\u00e1vania\" \/>\n<meta property=\"article:publisher\" content=\"https:\/\/www.facebook.com\/Statnyinstitutodbornehovzdelavania\" \/>\n<meta property=\"article:published_time\" content=\"2024-12-05T09:25:21+00:00\" \/>\n<meta property=\"article:modified_time\" content=\"2024-12-19T14:15:20+00:00\" \/>\n<meta property=\"og:image\" content=\"https:\/\/archiv.siov.sk\/wp-content\/uploads\/2024\/12\/SIOV-pomaha-fin.jpg\" \/>\n\t<meta property=\"og:image:width\" content=\"1000\" \/>\n\t<meta property=\"og:image:height\" content=\"992\" \/>\n\t<meta property=\"og:image:type\" content=\"image\/jpeg\" \/>\n<meta name=\"author\" content=\"Gabriela Budayov\u00e1\" \/>\n<meta name=\"twitter:card\" content=\"summary_large_image\" \/>\n<meta name=\"twitter:label1\" content=\"Written by\" \/>\n\t<meta name=\"twitter:data1\" content=\"Gabriela Budayov\u00e1\" \/>\n\t<meta name=\"twitter:label2\" content=\"Estimated reading time\" \/>\n\t<meta name=\"twitter:data2\" content=\"2 minutes\" \/>\n<script type=\"application\/ld+json\" class=\"yoast-schema-graph\">{\"@context\":\"https:\\\/\\\/schema.org\",\"@graph\":[{\"@type\":\"Article\",\"@id\":\"https:\\\/\\\/archiv.siov.sk\\\/plnime-vianocne-zelania-tym-ktori-to-potrebuju-najviac\\\/#article\",\"isPartOf\":{\"@id\":\"https:\\\/\\\/archiv.siov.sk\\\/plnime-vianocne-zelania-tym-ktori-to-potrebuju-najviac\\\/\"},\"author\":{\"name\":\"Gabriela Budayov\u00e1\",\"@id\":\"https:\\\/\\\/archiv.siov.sk\\\/#\\\/schema\\\/person\\\/2d35146a9c0fa51b027e8ff319cee627\"},\"headline\":\"Pln\u00edme viano\u010dn\u00e9 \u017eelania t\u00fdm, ktor\u00ed to potrebuj\u00fa najviac\",\"datePublished\":\"2024-12-05T09:25:21+00:00\",\"dateModified\":\"2024-12-19T14:15:20+00:00\",\"mainEntityOfPage\":{\"@id\":\"https:\\\/\\\/archiv.siov.sk\\\/plnime-vianocne-zelania-tym-ktori-to-potrebuju-najviac\\\/\"},\"wordCount\":283,\"publisher\":{\"@id\":\"https:\\\/\\\/archiv.siov.sk\\\/#organization\"},\"image\":{\"@id\":\"https:\\\/\\\/archiv.siov.sk\\\/plnime-vianocne-zelania-tym-ktori-to-potrebuju-najviac\\\/#primaryimage\"},\"thumbnailUrl\":\"https:\\\/\\\/archiv.siov.sk\\\/wp-content\\\/uploads\\\/2024\\\/12\\\/SIOV-pomaha-fin.jpg\",\"articleSection\":[\"Aktuality\",\"CAF\"],\"inLanguage\":\"en-GB\"},{\"@type\":\"WebPage\",\"@id\":\"https:\\\/\\\/archiv.siov.sk\\\/plnime-vianocne-zelania-tym-ktori-to-potrebuju-najviac\\\/\",\"url\":\"https:\\\/\\\/archiv.siov.sk\\\/plnime-vianocne-zelania-tym-ktori-to-potrebuju-najviac\\\/\",\"name\":\"Pln\u00edme viano\u010dn\u00e9 \u017eelania t\u00fdm, ktor\u00ed to potrebuj\u00fa najviac - \u0160IOV - \u0161t\u00e1tny in\u0161tit\u00fat odborn\u00e9ho vzdel\u00e1vania\",\"isPartOf\":{\"@id\":\"https:\\\/\\\/archiv.siov.sk\\\/#website\"},\"primaryImageOfPage\":{\"@id\":\"https:\\\/\\\/archiv.siov.sk\\\/plnime-vianocne-zelania-tym-ktori-to-potrebuju-najviac\\\/#primaryimage\"},\"image\":{\"@id\":\"https:\\\/\\\/archiv.siov.sk\\\/plnime-vianocne-zelania-tym-ktori-to-potrebuju-najviac\\\/#primaryimage\"},\"thumbnailUrl\":\"https:\\\/\\\/archiv.siov.sk\\\/wp-content\\\/uploads\\\/2024\\\/12\\\/SIOV-pomaha-fin.jpg\",\"datePublished\":\"2024-12-05T09:25:21+00:00\",\"dateModified\":\"2024-12-19T14:15:20+00:00\",\"breadcrumb\":{\"@id\":\"https:\\\/\\\/archiv.siov.sk\\\/plnime-vianocne-zelania-tym-ktori-to-potrebuju-najviac\\\/#breadcrumb\"},\"inLanguage\":\"en-GB\",\"potentialAction\":[{\"@type\":\"ReadAction\",\"target\":[\"https:\\\/\\\/archiv.siov.sk\\\/plnime-vianocne-zelania-tym-ktori-to-potrebuju-najviac\\\/\"]}]},{\"@type\":\"ImageObject\",\"inLanguage\":\"en-GB\",\"@id\":\"https:\\\/\\\/archiv.siov.sk\\\/plnime-vianocne-zelania-tym-ktori-to-potrebuju-najviac\\\/#primaryimage\",\"url\":\"https:\\\/\\\/archiv.siov.sk\\\/wp-content\\\/uploads\\\/2024\\\/12\\\/SIOV-pomaha-fin.jpg\",\"contentUrl\":\"https:\\\/\\\/archiv.siov.sk\\\/wp-content\\\/uploads\\\/2024\\\/12\\\/SIOV-pomaha-fin.jpg\",\"width\":1000,\"height\":992,\"caption\":\"\u0161iov pom\u00e1ha\"},{\"@type\":\"BreadcrumbList\",\"@id\":\"https:\\\/\\\/archiv.siov.sk\\\/plnime-vianocne-zelania-tym-ktori-to-potrebuju-najviac\\\/#breadcrumb\",\"itemListElement\":[{\"@type\":\"ListItem\",\"position\":1,\"name\":\"Home\",\"item\":\"https:\\\/\\\/archiv.siov.sk\\\/\"},{\"@type\":\"ListItem\",\"position\":2,\"name\":\"Pln\u00edme viano\u010dn\u00e9 \u017eelania t\u00fdm, ktor\u00ed to potrebuj\u00fa najviac\"}]},{\"@type\":\"WebSite\",\"@id\":\"https:\\\/\\\/archiv.siov.sk\\\/#website\",\"url\":\"https:\\\/\\\/archiv.siov.sk\\\/\",\"name\":\"\u0160IOV - \u0161t\u00e1tny in\u0161tit\u00fat odborn\u00e9ho vzdel\u00e1vania\",\"description\":\"\",\"publisher\":{\"@id\":\"https:\\\/\\\/archiv.siov.sk\\\/#organization\"},\"potentialAction\":[{\"@type\":\"SearchAction\",\"target\":{\"@type\":\"EntryPoint\",\"urlTemplate\":\"https:\\\/\\\/archiv.siov.sk\\\/?s={search_term_string}\"},\"query-input\":{\"@type\":\"PropertyValueSpecification\",\"valueRequired\":true,\"valueName\":\"search_term_string\"}}],\"inLanguage\":\"en-GB\"},{\"@type\":\"Organization\",\"@id\":\"https:\\\/\\\/archiv.siov.sk\\\/#organization\",\"name\":\"\u0160IOV - \u0161t\u00e1tny in\u0161tit\u00fat odborn\u00e9ho vzdel\u00e1vania\",\"url\":\"https:\\\/\\\/archiv.siov.sk\\\/\",\"logo\":{\"@type\":\"ImageObject\",\"inLanguage\":\"en-GB\",\"@id\":\"https:\\\/\\\/archiv.siov.sk\\\/#\\\/schema\\\/logo\\\/image\\\/\",\"url\":\"https:\\\/\\\/archiv.siov.sk\\\/wp-content\\\/uploads\\\/2024\\\/02\\\/logo-SIOV.png\",\"contentUrl\":\"https:\\\/\\\/archiv.siov.sk\\\/wp-content\\\/uploads\\\/2024\\\/02\\\/logo-SIOV.png\",\"width\":431,\"height\":143,\"caption\":\"\u0160IOV - \u0161t\u00e1tny in\u0161tit\u00fat odborn\u00e9ho vzdel\u00e1vania\"},\"image\":{\"@id\":\"https:\\\/\\\/archiv.siov.sk\\\/#\\\/schema\\\/logo\\\/image\\\/\"},\"sameAs\":[\"https:\\\/\\\/www.facebook.com\\\/Statnyinstitutodbornehovzdelavania\"]},{\"@type\":\"Person\",\"@id\":\"https:\\\/\\\/archiv.siov.sk\\\/#\\\/schema\\\/person\\\/2d35146a9c0fa51b027e8ff319cee627\",\"name\":\"Gabriela Budayov\u00e1\",\"url\":\"https:\\\/\\\/archiv.siov.sk\\\/en\\\/author\\\/gabriela-budayova\\\/\"}]}<\/script>\n<!-- \/ Yoast SEO plugin. -->","yoast_head_json":{"title":"Pln\u00edme viano\u010dn\u00e9 \u017eelania t\u00fdm, ktor\u00ed to potrebuj\u00fa najviac - \u0160IOV - \u0161t\u00e1tny in\u0161tit\u00fat odborn\u00e9ho vzdel\u00e1vania","robots":{"index":"index","follow":"follow","max-snippet":"max-snippet:-1","max-image-preview":"max-image-preview:large","max-video-preview":"max-video-preview:-1"},"canonical":"https:\/\/archiv.siov.sk\/en\/plnime-vianocne-zelania-tym-ktori-to-potrebuju-najviac\/","og_locale":"en_GB","og_type":"article","og_title":"Pln\u00edme viano\u010dn\u00e9 \u017eelania t\u00fdm, ktor\u00ed to potrebuj\u00fa najviac - \u0160IOV - \u0161t\u00e1tny in\u0161tit\u00fat odborn\u00e9ho vzdel\u00e1vania","og_description":"Pri pr\u00edle\u017eitosti viano\u010dn\u00fdch sviatkov sme od\u0161tartovali benefi\u010dn\u00fa zbierku \u201e\u0160IOV pom\u00e1ha\u201c, v r\u00e1mci ktorej pln\u00edme viano\u010dn\u00e9 \u017eelania pre n.o. Jeden rodi\u010d a Odborn\u00e9 u\u010dili\u0161te na D\u00fabravskej ceste 1 v Bratislave. V duchu spolo\u010denskej zodpovednosti, ktor\u00e1 vypl\u00fdva zo zav\u00e1dzania modelu CAF v na\u0161ej organiz\u00e1cii, sme sa rozhodli prispie\u0165 k \u0161\u00edreniu radosti a pomoci tam, kde je to [&hellip;]","og_url":"https:\/\/archiv.siov.sk\/en\/plnime-vianocne-zelania-tym-ktori-to-potrebuju-najviac\/","og_site_name":"\u0160IOV - \u0161t\u00e1tny in\u0161tit\u00fat odborn\u00e9ho vzdel\u00e1vania","article_publisher":"https:\/\/www.facebook.com\/Statnyinstitutodbornehovzdelavania","article_published_time":"2024-12-05T09:25:21+00:00","article_modified_time":"2024-12-19T14:15:20+00:00","og_image":[{"width":1000,"height":992,"url":"https:\/\/archiv.siov.sk\/wp-content\/uploads\/2024\/12\/SIOV-pomaha-fin.jpg","type":"image\/jpeg"}],"author":"Gabriela Budayov\u00e1","twitter_card":"summary_large_image","twitter_misc":{"Written by":"Gabriela Budayov\u00e1","Estimated reading time":"2 minutes"},"schema":{"@context":"https:\/\/schema.org","@graph":[{"@type":"Article","@id":"https:\/\/archiv.siov.sk\/plnime-vianocne-zelania-tym-ktori-to-potrebuju-najviac\/#article","isPartOf":{"@id":"https:\/\/archiv.siov.sk\/plnime-vianocne-zelania-tym-ktori-to-potrebuju-najviac\/"},"author":{"name":"Gabriela Budayov\u00e1","@id":"https:\/\/archiv.siov.sk\/#\/schema\/person\/2d35146a9c0fa51b027e8ff319cee627"},"headline":"Pln\u00edme viano\u010dn\u00e9 \u017eelania t\u00fdm, ktor\u00ed to potrebuj\u00fa najviac","datePublished":"2024-12-05T09:25:21+00:00","dateModified":"2024-12-19T14:15:20+00:00","mainEntityOfPage":{"@id":"https:\/\/archiv.siov.sk\/plnime-vianocne-zelania-tym-ktori-to-potrebuju-najviac\/"},"wordCount":283,"publisher":{"@id":"https:\/\/archiv.siov.sk\/#organization"},"image":{"@id":"https:\/\/archiv.siov.sk\/plnime-vianocne-zelania-tym-ktori-to-potrebuju-najviac\/#primaryimage"},"thumbnailUrl":"https:\/\/archiv.siov.sk\/wp-content\/uploads\/2024\/12\/SIOV-pomaha-fin.jpg","articleSection":["Aktuality","CAF"],"inLanguage":"en-GB"},{"@type":"WebPage","@id":"https:\/\/archiv.siov.sk\/plnime-vianocne-zelania-tym-ktori-to-potrebuju-najviac\/","url":"https:\/\/archiv.siov.sk\/plnime-vianocne-zelania-tym-ktori-to-potrebuju-najviac\/","name":"Pln\u00edme viano\u010dn\u00e9 \u017eelania t\u00fdm, ktor\u00ed to potrebuj\u00fa najviac - \u0160IOV - \u0161t\u00e1tny in\u0161tit\u00fat odborn\u00e9ho vzdel\u00e1vania","isPartOf":{"@id":"https:\/\/archiv.siov.sk\/#website"},"primaryImageOfPage":{"@id":"https:\/\/archiv.siov.sk\/plnime-vianocne-zelania-tym-ktori-to-potrebuju-najviac\/#primaryimage"},"image":{"@id":"https:\/\/archiv.siov.sk\/plnime-vianocne-zelania-tym-ktori-to-potrebuju-najviac\/#primaryimage"},"thumbnailUrl":"https:\/\/archiv.siov.sk\/wp-content\/uploads\/2024\/12\/SIOV-pomaha-fin.jpg","datePublished":"2024-12-05T09:25:21+00:00","dateModified":"2024-12-19T14:15:20+00:00","breadcrumb":{"@id":"https:\/\/archiv.siov.sk\/plnime-vianocne-zelania-tym-ktori-to-potrebuju-najviac\/#breadcrumb"},"inLanguage":"en-GB","potentialAction":[{"@type":"ReadAction","target":["https:\/\/archiv.siov.sk\/plnime-vianocne-zelania-tym-ktori-to-potrebuju-najviac\/"]}]},{"@type":"ImageObject","inLanguage":"en-GB","@id":"https:\/\/archiv.siov.sk\/plnime-vianocne-zelania-tym-ktori-to-potrebuju-najviac\/#primaryimage","url":"https:\/\/archiv.siov.sk\/wp-content\/uploads\/2024\/12\/SIOV-pomaha-fin.jpg","contentUrl":"https:\/\/archiv.siov.sk\/wp-content\/uploads\/2024\/12\/SIOV-pomaha-fin.jpg","width":1000,"height":992,"caption":"\u0161iov pom\u00e1ha"},{"@type":"BreadcrumbList","@id":"https:\/\/archiv.siov.sk\/plnime-vianocne-zelania-tym-ktori-to-potrebuju-najviac\/#breadcrumb","itemListElement":[{"@type":"ListItem","position":1,"name":"Home","item":"https:\/\/archiv.siov.sk\/"},{"@type":"ListItem","position":2,"name":"Pln\u00edme viano\u010dn\u00e9 \u017eelania t\u00fdm, ktor\u00ed to potrebuj\u00fa najviac"}]},{"@type":"WebSite","@id":"https:\/\/archiv.siov.sk\/#website","url":"https:\/\/archiv.siov.sk\/","name":"\u0160IOV - \u0161t\u00e1tny in\u0161tit\u00fat odborn\u00e9ho vzdel\u00e1vania","description":"","publisher":{"@id":"https:\/\/archiv.siov.sk\/#organization"},"potentialAction":[{"@type":"SearchAction","target":{"@type":"EntryPoint","urlTemplate":"https:\/\/archiv.siov.sk\/?s={search_term_string}"},"query-input":{"@type":"PropertyValueSpecification","valueRequired":true,"valueName":"search_term_string"}}],"inLanguage":"en-GB"},{"@type":"Organization","@id":"https:\/\/archiv.siov.sk\/#organization","name":"\u0160IOV - \u0161t\u00e1tny in\u0161tit\u00fat odborn\u00e9ho vzdel\u00e1vania","url":"https:\/\/archiv.siov.sk\/","logo":{"@type":"ImageObject","inLanguage":"en-GB","@id":"https:\/\/archiv.siov.sk\/#\/schema\/logo\/image\/","url":"https:\/\/archiv.siov.sk\/wp-content\/uploads\/2024\/02\/logo-SIOV.png","contentUrl":"https:\/\/archiv.siov.sk\/wp-content\/uploads\/2024\/02\/logo-SIOV.png","width":431,"height":143,"caption":"\u0160IOV - \u0161t\u00e1tny in\u0161tit\u00fat odborn\u00e9ho vzdel\u00e1vania"},"image":{"@id":"https:\/\/archiv.siov.sk\/#\/schema\/logo\/image\/"},"sameAs":["https:\/\/www.facebook.com\/Statnyinstitutodbornehovzdelavania"]},{"@type":"Person","@id":"https:\/\/archiv.siov.sk\/#\/schema\/person\/2d35146a9c0fa51b027e8ff319cee627","name":"Gabriela Budayov\u00e1","url":"https:\/\/archiv.siov.sk\/en\/author\/gabriela-budayova\/"}]}},"_links":{"self":[{"href":"https:\/\/archiv.siov.sk\/en\/wp-json\/wp\/v2\/posts\/17442","targetHints":{"allow":["GET"]}}],"collection":[{"href":"https:\/\/archiv.siov.sk\/en\/wp-json\/wp\/v2\/posts"}],"about":[{"href":"https:\/\/archiv.siov.sk\/en\/wp-json\/wp\/v2\/types\/post"}],"author":[{"embeddable":true,"href":"https:\/\/archiv.siov.sk\/en\/wp-json\/wp\/v2\/users\/10"}],"replies":[{"embeddable":true,"href":"https:\/\/archiv.siov.sk\/en\/wp-json\/wp\/v2\/comments?post=17442"}],"version-history":[{"count":13,"href":"https:\/\/archiv.siov.sk\/en\/wp-json\/wp\/v2\/posts\/17442\/revisions"}],"predecessor-version":[{"id":17550,"href":"https:\/\/archiv.siov.sk\/en\/wp-json\/wp\/v2\/posts\/17442\/revisions\/17550"}],"wp:featuredmedia":[{"embeddable":true,"href":"https:\/\/archiv.siov.sk\/en\/wp-json\/wp\/v2\/media\/17445"}],"wp:attachment":[{"href":"https:\/\/archiv.siov.sk\/en\/wp-json\/wp\/v2\/media?parent=17442"}],"wp:term":[{"taxonomy":"category","embeddable":true,"href":"https:\/\/archiv.siov.sk\/en\/wp-json\/wp\/v2\/categories?post=17442"},{"taxonomy":"post_tag","embeddable":true,"href":"https:\/\/archiv.siov.sk\/en\/wp-json\/wp\/v2\/tags?post=17442"}],"curies":[{"name":"wp","href":"https:\/\/api.w.org\/{rel}","templated":true}]}}