{"id":17361,"date":"2024-11-26T16:00:55","date_gmt":"2024-11-26T15:00:55","guid":{"rendered":"https:\/\/archiv.siov.sk\/?p=17361"},"modified":"2025-07-03T09:50:22","modified_gmt":"2025-07-03T07:50:22","slug":"medzinarodne-stretnutie-o-trasovani-absolventov","status":"publish","type":"post","link":"https:\/\/archiv.siov.sk\/en\/medzinarodne-stretnutie-o-trasovani-absolventov\/","title":{"rendered":"Medzin\u00e1rodn\u00e9 stretnutie o trasovan\u00ed absolventov SO\u0160: Sk\u00fasenosti zo Slovenska"},"content":{"rendered":"<div data-elementor-type=\"wp-post\" data-elementor-id=\"17361\" class=\"elementor elementor-17361\" data-elementor-post-type=\"post\">\n\t\t\t\t<div class=\"elementor-element elementor-element-4c706ba e-flex e-con-boxed e-con e-parent\" data-id=\"4c706ba\" data-element_type=\"container\" data-e-type=\"container\">\n\t\t\t\t\t<div class=\"e-con-inner\">\n\t\t\t\t<div class=\"elementor-element elementor-element-82b63f9 elementor-widget elementor-widget-image\" data-id=\"82b63f9\" data-element_type=\"widget\" data-e-type=\"widget\" data-widget_type=\"image.default\">\n\t\t\t\t<div class=\"elementor-widget-container\">\n\t\t\t\t\t\t\t\t\t\t\t\t\t\t\t<img fetchpriority=\"high\" decoding=\"async\" width=\"1024\" height=\"158\" src=\"https:\/\/archiv.siov.sk\/wp-content\/uploads\/2024\/11\/loga_np_kvalita-1024x158.png\" class=\"attachment-large size-large wp-image-17392\" alt=\"loga_kvalita\" srcset=\"https:\/\/archiv.siov.sk\/wp-content\/uploads\/2024\/11\/loga_np_kvalita-1024x158.png 1024w, https:\/\/archiv.siov.sk\/wp-content\/uploads\/2024\/11\/loga_np_kvalita-300x46.png 300w, https:\/\/archiv.siov.sk\/wp-content\/uploads\/2024\/11\/loga_np_kvalita-768x119.png 768w, https:\/\/archiv.siov.sk\/wp-content\/uploads\/2024\/11\/loga_np_kvalita-18x3.png 18w, https:\/\/archiv.siov.sk\/wp-content\/uploads\/2024\/11\/loga_np_kvalita.png 1229w\" sizes=\"(max-width: 1024px) 100vw, 1024px\" \/>\t\t\t\t\t\t\t\t\t\t\t\t\t\t\t<\/div>\n\t\t\t\t<\/div>\n\t\t\t\t\t<\/div>\n\t\t\t\t<\/div>\n\t\t<div class=\"elementor-element elementor-element-4d3ce7c e-flex e-con-boxed e-con e-parent\" data-id=\"4d3ce7c\" data-element_type=\"container\" data-e-type=\"container\">\n\t\t\t\t\t<div class=\"e-con-inner\">\n\t\t\t\t<div class=\"elementor-element elementor-element-6ba9a92 elementor-widget elementor-widget-text-editor\" data-id=\"6ba9a92\" data-element_type=\"widget\" data-e-type=\"widget\" data-widget_type=\"text-editor.default\">\n\t\t\t\t<div class=\"elementor-widget-container\">\n\t\t\t\t\t\t\t\t\t<p>D\u0148a 18. \u2013 19. novembra 2024 sa uskuto\u010dnilo online partnersk\u00e9 vzdel\u00e1vacie podujatie s n\u00e1zvom <em>\u201eSk\u00famanie pr\u00edstupov k vyu\u017e\u00edvaniu \u00fadajov o trasovan\u00ed absolventov stredn\u00fdch odborn\u00fdch \u0161k\u00f4l a\u00a0pri tvorbe vzdel\u00e1vac\u00edch polit\u00edk\u201c <\/em>(Exploring approaches to using graduate tracking data in VET schools and in policy).<\/p><p>Toto podujatie, organizovan\u00e9 v spolupr\u00e1ci s Eur\u00f3pskou komisiou, malo za cie\u013e podpori\u0165 rozvoj syst\u00e9mov trasovania absolventov a zdie\u013eanie osved\u010den\u00fdch postupov medzi odborn\u00edkmi a autoritami z r\u00f4znych kraj\u00edn, \u010do prispieva k efekt\u00edvnej\u0161iemu informovaniu a\u00a0rozhodovaniu v oblasti odborn\u00e9ho vzdel\u00e1vania.<\/p><p>Na podujat\u00ed vyst\u00fapili aj na\u0161e kolegyne zo \u0160t\u00e1tneho in\u0161tit\u00fatu odborn\u00e9ho vzdel\u00e1vania (\u0160IOV), \u013dubica G\u00e1llov\u00e1 a \u013duba Habod\u00e1szov\u00e1, ktor\u00e9 pribl\u00ed\u017eili slovensk\u00fd pr\u00edstup k trasovaniu kari\u00e9rnych a vzdel\u00e1vac\u00edch ciest absolventov OVP (Tracking Career and Educational Paths of VET Graduates: A Slovak perspective).<\/p>\t\t\t\t\t\t\t\t<\/div>\n\t\t\t\t<\/div>\n\t\t\t\t\t<\/div>\n\t\t\t\t<\/div>\n\t\t<div class=\"elementor-element elementor-element-79dbe2f e-flex e-con-boxed e-con e-parent\" data-id=\"79dbe2f\" data-element_type=\"container\" data-e-type=\"container\">\n\t\t\t\t\t<div class=\"e-con-inner\">\n\t\t\t\t<div class=\"elementor-element elementor-element-210d7ca elementor-widget elementor-widget-text-editor\" data-id=\"210d7ca\" data-element_type=\"widget\" data-e-type=\"widget\" data-widget_type=\"text-editor.default\">\n\t\t\t\t<div class=\"elementor-widget-container\">\n\t\t\t\t\t\t\t\t\t<p>Vo svojom vyst\u00fapen\u00ed predstavili projekt \u201eZavedenie mana\u017e\u00e9rstva kvality v OVP a vzdel\u00e1van\u00ed dospel\u00fdch\u201c (2024\u20132026), ktor\u00fd sa okrem in\u00e9ho zameriava na vytvorenie komplexn\u00e9ho syst\u00e9mu trasovania absolventov. Tento syst\u00e9m m\u00e1:<\/p><ul><li>doplni\u0165 administrat\u00edvne \u00fadaje kvalitat\u00edvnymi d\u00e1tami o relevancii vzdel\u00e1vania a nedostatkoch v zru\u010dnostiach,<\/li><li>identifikova\u0165 trendy a promptne reagova\u0165 na zisten\u00e9 probl\u00e9my,<\/li><li>prispie\u0165 k zvy\u0161ovaniu kvality poskytovania odborn\u00e9ho vzdel\u00e1vania.<\/li><\/ul>\t\t\t\t\t\t\t\t<\/div>\n\t\t\t\t<\/div>\n\t\t\t\t\t<\/div>\n\t\t\t\t<\/div>\n\t\t<div class=\"elementor-element elementor-element-3e05a96 e-flex e-con-boxed e-con e-parent\" data-id=\"3e05a96\" data-element_type=\"container\" data-e-type=\"container\">\n\t\t\t\t\t<div class=\"e-con-inner\">\n\t\t\t\t<div class=\"elementor-element elementor-element-c1ad422 elementor-widget elementor-widget-image\" data-id=\"c1ad422\" data-element_type=\"widget\" data-e-type=\"widget\" data-widget_type=\"image.default\">\n\t\t\t\t<div class=\"elementor-widget-container\">\n\t\t\t\t\t\t\t\t\t\t\t\t\t\t\t<img decoding=\"async\" width=\"1024\" height=\"243\" src=\"https:\/\/archiv.siov.sk\/wp-content\/uploads\/2024\/11\/prezentacia_siov_gallova_habodaszova-1024x243.png\" class=\"attachment-large size-large wp-image-17362\" alt=\"prezentacia_siov_np_kvalita\" srcset=\"https:\/\/archiv.siov.sk\/wp-content\/uploads\/2024\/11\/prezentacia_siov_gallova_habodaszova-1024x243.png 1024w, https:\/\/archiv.siov.sk\/wp-content\/uploads\/2024\/11\/prezentacia_siov_gallova_habodaszova-300x71.png 300w, https:\/\/archiv.siov.sk\/wp-content\/uploads\/2024\/11\/prezentacia_siov_gallova_habodaszova-768x182.png 768w, https:\/\/archiv.siov.sk\/wp-content\/uploads\/2024\/11\/prezentacia_siov_gallova_habodaszova-1536x364.png 1536w, https:\/\/archiv.siov.sk\/wp-content\/uploads\/2024\/11\/prezentacia_siov_gallova_habodaszova-18x4.png 18w, https:\/\/archiv.siov.sk\/wp-content\/uploads\/2024\/11\/prezentacia_siov_gallova_habodaszova.png 1549w\" sizes=\"(max-width: 1024px) 100vw, 1024px\" \/>\t\t\t\t\t\t\t\t\t\t\t\t\t\t\t<\/div>\n\t\t\t\t<\/div>\n\t\t\t\t\t<\/div>\n\t\t\t\t<\/div>\n\t\t<div class=\"elementor-element elementor-element-63d078e e-flex e-con-boxed e-con e-parent\" data-id=\"63d078e\" data-element_type=\"container\" data-e-type=\"container\">\n\t\t\t\t\t<div class=\"e-con-inner\">\n\t\t\t\t<div class=\"elementor-element elementor-element-304598b elementor-widget elementor-widget-text-editor\" data-id=\"304598b\" data-element_type=\"widget\" data-e-type=\"widget\" data-widget_type=\"text-editor.default\">\n\t\t\t\t<div class=\"elementor-widget-container\">\n\t\t\t\t\t\t\t\t\t<p>Trasovanie absolventov na Slovensku zah\u0155\u0148a dotazn\u00edkov\u00fd prieskum medzi absolventmi stredn\u00fdch odborn\u00fdch \u0161k\u00f4l 12 \u2013 15 mesiacov po ukon\u010den\u00ed \u0161t\u00fadia. Tento prieskum sa zameriava na z\u00edskanie sp\u00e4tnej v\u00e4zby o z\u00edskan\u00fdch odborn\u00fdch a v\u0161eobecn\u00fdch zru\u010dnostiach, ako aj na zlep\u0161enie prepojenia vzdel\u00e1vania s potrebami trhu pr\u00e1ce.<\/p><p>V okt\u00f3bri 2024 bol spusten\u00fd zber d\u00e1t prostredn\u00edctvom n\u00e1rodn\u00e9ho dotazn\u00edka, ktor\u00e9ho predbe\u017en\u00e9 v\u00fdsledky kolegyne predstavili v r\u00e1mci prezent\u00e1cie. Tieto v\u00fdsledky poskytuj\u00fa cenn\u00e9 inform\u00e1cie o adaptabilite absolventov na trhu pr\u00e1ce a identifikuj\u00fa oblasti, ktor\u00e9 si vy\u017eaduj\u00fa \u010fal\u0161ie prisp\u00f4sobenie vzdel\u00e1vac\u00edch programov. V s\u00fa\u010dasnosti sa intenz\u00edvne pripravuje spustenie \u0161kolsk\u00fdch dotazn\u00edkov, ktor\u00e9 bud\u00fa navrhovan\u00e9 v \u00fazkej spolupr\u00e1ci so \u0161kolami. Takmer 40 % \u0161k\u00f4l u\u017e prejavilo z\u00e1ujem o ich implement\u00e1ciu.<\/p><p>Slovensk\u00fd pr\u00edstup k trasovaniu absolventov bol prezentovan\u00fd ako pr\u00edklad dobrej praxe, pri\u010dom \u00fa\u010dastn\u00edci ocenili jeho pr\u00ednos k zlep\u0161eniu vzdel\u00e1vac\u00edch syst\u00e9mov a adaptabilite na dynamick\u00e9 zmeny trhu pr\u00e1ce.<\/p><p>Tento pilotn\u00fd projekt m\u00e1 za cie\u013e nielen skvalitni\u0165 odborn\u00e9 vzdel\u00e1vanie, ale aj poskytn\u00fa\u0165 relevantn\u00e9 \u00fadaje pre strategick\u00e9 rozhodovanie a moderniz\u00e1ciu \u0161tudijn\u00fdch programov.<\/p>\t\t\t\t\t\t\t\t<\/div>\n\t\t\t\t<\/div>\n\t\t\t\t\t<\/div>\n\t\t\t\t<\/div>\n\t\t<div class=\"elementor-element elementor-element-fbb65e1 e-flex e-con-boxed e-con e-parent\" data-id=\"fbb65e1\" data-element_type=\"container\" data-e-type=\"container\">\n\t\t\t\t\t<div class=\"e-con-inner\">\n\t\t\t\t<div class=\"elementor-element elementor-element-349e20e elementor-align-center elementor-widget elementor-widget-button\" data-id=\"349e20e\" data-element_type=\"widget\" data-e-type=\"widget\" data-widget_type=\"button.default\">\n\t\t\t\t<div class=\"elementor-widget-container\">\n\t\t\t\t\t\t\t\t\t<div class=\"elementor-button-wrapper\">\n\t\t\t\t\t<a class=\"elementor-button elementor-button-link elementor-size-sm\" href=\"https:\/\/siov.sk\/wp-content\/uploads\/2024\/11\/A2_prezentacia_Gallova_Habodaszova.pdf\" target=\"_blank\">\n\t\t\t\t\t\t<span class=\"elementor-button-content-wrapper\">\n\t\t\t\t\t\t\t\t\t<span class=\"elementor-button-text\">Prezent\u00e1cia - Tracking career and educational pathts of VET graduates<\/span>\n\t\t\t\t\t<\/span>\n\t\t\t\t\t<\/a>\n\t\t\t\t<\/div>\n\t\t\t\t\t\t\t\t<\/div>\n\t\t\t\t<\/div>\n\t\t\t\t\t<\/div>\n\t\t\t\t<\/div>\n\t\t<div class=\"elementor-element elementor-element-d2956a0 e-flex e-con-boxed e-con e-parent\" data-id=\"d2956a0\" data-element_type=\"container\" data-e-type=\"container\">\n\t\t\t\t\t<div class=\"e-con-inner\">\n\t\t\t\t<div class=\"elementor-element elementor-element-a0632be elementor-widget elementor-widget-image\" data-id=\"a0632be\" data-element_type=\"widget\" data-e-type=\"widget\" data-widget_type=\"image.default\">\n\t\t\t\t<div class=\"elementor-widget-container\">\n\t\t\t\t\t\t\t\t\t\t\t\t<figure class=\"wp-caption\">\n\t\t\t\t\t\t\t\t\t\t<img decoding=\"async\" width=\"768\" height=\"119\" src=\"https:\/\/archiv.siov.sk\/wp-content\/uploads\/2025\/04\/loga_np_kvalita-768x119.png\" class=\"attachment-medium_large size-medium_large wp-image-18660\" alt=\"loga_kvalita_projekt\" srcset=\"https:\/\/archiv.siov.sk\/wp-content\/uploads\/2025\/04\/loga_np_kvalita-768x119.png 768w, https:\/\/archiv.siov.sk\/wp-content\/uploads\/2025\/04\/loga_np_kvalita-300x46.png 300w, https:\/\/archiv.siov.sk\/wp-content\/uploads\/2025\/04\/loga_np_kvalita-1024x158.png 1024w, https:\/\/archiv.siov.sk\/wp-content\/uploads\/2025\/04\/loga_np_kvalita-18x3.png 18w, https:\/\/archiv.siov.sk\/wp-content\/uploads\/2025\/04\/elementor\/thumbs\/loga_np_kvalita-r5cjqsfvrn5sfhsjyrw97tvig25lp3e6m5t1uzcj7g.png 450w, https:\/\/archiv.siov.sk\/wp-content\/uploads\/2025\/04\/loga_np_kvalita.png 1229w\" sizes=\"(max-width: 768px) 100vw, 768px\" \/>\t\t\t\t\t\t\t\t\t\t\t<figcaption class=\"widget-image-caption wp-caption-text\">Tento projekt je spolufinancovan\u00fd Eur\u00f3pskou \u00faniou v r\u00e1mci Programu Slovensko.<\/figcaption>\n\t\t\t\t\t\t\t\t\t\t<\/figure>\n\t\t\t\t\t\t\t\t\t<\/div>\n\t\t\t\t<\/div>\n\t\t\t\t\t<\/div>\n\t\t\t\t<\/div>\n\t\t\t\t<\/div>","protected":false},"excerpt":{"rendered":"<p>D\u0148a 18. \u2013 19. novembra 2024 sa uskuto\u010dnilo online partnersk\u00e9 vzdel\u00e1vacie podujatie s n\u00e1zvom \u201eSk\u00famanie pr\u00edstupov k vyu\u017e\u00edvaniu \u00fadajov o trasovan\u00ed absolventov stredn\u00fdch odborn\u00fdch \u0161k\u00f4l a\u00a0pri tvorbe vzdel\u00e1vac\u00edch polit\u00edk\u201c (Exploring approaches to using graduate tracking data in VET schools and in policy). Toto podujatie, organizovan\u00e9 v spolupr\u00e1ci s Eur\u00f3pskou komisiou, malo za cie\u013e podpori\u0165 rozvoj [&hellip;]<\/p>\n","protected":false},"author":10,"featured_media":17376,"comment_status":"closed","ping_status":"closed","sticky":false,"template":"","format":"standard","meta":{"site-sidebar-layout":"default","site-content-layout":"","ast-site-content-layout":"default","site-content-style":"default","site-sidebar-style":"default","ast-global-header-display":"","ast-banner-title-visibility":"","ast-main-header-display":"","ast-hfb-above-header-display":"","ast-hfb-below-header-display":"","ast-hfb-mobile-header-display":"","site-post-title":"","ast-breadcrumbs-content":"","ast-featured-img":"","footer-sml-layout":"","ast-disable-related-posts":"","theme-transparent-header-meta":"default","adv-header-id-meta":"","stick-header-meta":"default","header-above-stick-meta":"","header-main-stick-meta":"","header-below-stick-meta":"","astra-migrate-meta-layouts":"set","ast-page-background-enabled":"default","ast-page-background-meta":{"desktop":{"background-color":"var(--ast-global-color-4)","background-image":"","background-repeat":"repeat","background-position":"center center","background-size":"auto","background-attachment":"scroll","background-type":"","background-media":"","overlay-type":"","overlay-color":"","overlay-opacity":"","overlay-gradient":""},"tablet":{"background-color":"","background-image":"","background-repeat":"repeat","background-position":"center center","background-size":"auto","background-attachment":"scroll","background-type":"","background-media":"","overlay-type":"","overlay-color":"","overlay-opacity":"","overlay-gradient":""},"mobile":{"background-color":"","background-image":"","background-repeat":"repeat","background-position":"center center","background-size":"auto","background-attachment":"scroll","background-type":"","background-media":"","overlay-type":"","overlay-color":"","overlay-opacity":"","overlay-gradient":""}},"ast-content-background-meta":{"desktop":{"background-color":"var(--ast-global-color-5)","background-image":"","background-repeat":"repeat","background-position":"center center","background-size":"auto","background-attachment":"scroll","background-type":"","background-media":"","overlay-type":"","overlay-color":"","overlay-opacity":"","overlay-gradient":""},"tablet":{"background-color":"var(--ast-global-color-5)","background-image":"","background-repeat":"repeat","background-position":"center center","background-size":"auto","background-attachment":"scroll","background-type":"","background-media":"","overlay-type":"","overlay-color":"","overlay-opacity":"","overlay-gradient":""},"mobile":{"background-color":"var(--ast-global-color-5)","background-image":"","background-repeat":"repeat","background-position":"center center","background-size":"auto","background-attachment":"scroll","background-type":"","background-media":"","overlay-type":"","overlay-color":"","overlay-opacity":"","overlay-gradient":""}},"footnotes":""},"categories":[1],"tags":[],"class_list":["post-17361","post","type-post","status-publish","format-standard","has-post-thumbnail","hentry","category-aktuality"],"yoast_head":"<!-- This site is optimized with the Yoast SEO plugin v27.5 - https:\/\/yoast.com\/product\/yoast-seo-wordpress\/ -->\n<title>Medzin\u00e1rodn\u00e9 stretnutie o trasovan\u00ed absolventov SO\u0160: Sk\u00fasenosti zo Slovenska - \u0160IOV - \u0161t\u00e1tny in\u0161tit\u00fat odborn\u00e9ho vzdel\u00e1vania<\/title>\n<meta name=\"description\" content=\"D\u0148a 18. \u2013 19. 11. 2024 sa uskuto\u010dnilo online partnersk\u00e9 vzdel\u00e1vacie podujatie s n\u00e1zvom \u201eSk\u00famanie pr\u00edstupov k vyu\u017e\u00edvaniu \u00fadajov o trasovan\u00ed absolventov stredn\u00fdch odborn\u00fdch \u0161k\u00f4l a pri tvorbe vzdel\u00e1vac\u00edch polit\u00edk\u201c\" \/>\n<meta name=\"robots\" content=\"index, follow, max-snippet:-1, max-image-preview:large, max-video-preview:-1\" \/>\n<link rel=\"canonical\" href=\"https:\/\/archiv.siov.sk\/en\/medzinarodne-stretnutie-o-trasovani-absolventov\/\" \/>\n<meta property=\"og:locale\" content=\"en_GB\" \/>\n<meta property=\"og:type\" content=\"article\" \/>\n<meta property=\"og:title\" content=\"Medzin\u00e1rodn\u00e9 stretnutie o trasovan\u00ed absolventov SO\u0160: Sk\u00fasenosti zo Slovenska - \u0160IOV - \u0161t\u00e1tny in\u0161tit\u00fat odborn\u00e9ho vzdel\u00e1vania\" \/>\n<meta property=\"og:description\" content=\"D\u0148a 18. \u2013 19. 11. 2024 sa uskuto\u010dnilo online partnersk\u00e9 vzdel\u00e1vacie podujatie s n\u00e1zvom \u201eSk\u00famanie pr\u00edstupov k vyu\u017e\u00edvaniu \u00fadajov o trasovan\u00ed absolventov stredn\u00fdch odborn\u00fdch \u0161k\u00f4l a pri tvorbe vzdel\u00e1vac\u00edch polit\u00edk\u201c\" \/>\n<meta property=\"og:url\" content=\"https:\/\/archiv.siov.sk\/en\/medzinarodne-stretnutie-o-trasovani-absolventov\/\" \/>\n<meta property=\"og:site_name\" content=\"\u0160IOV - \u0161t\u00e1tny in\u0161tit\u00fat odborn\u00e9ho vzdel\u00e1vania\" \/>\n<meta property=\"article:publisher\" content=\"https:\/\/www.facebook.com\/Statnyinstitutodbornehovzdelavania\" \/>\n<meta property=\"article:published_time\" content=\"2024-11-26T15:00:55+00:00\" \/>\n<meta property=\"article:modified_time\" content=\"2025-07-03T07:50:22+00:00\" \/>\n<meta property=\"og:image\" content=\"https:\/\/archiv.siov.sk\/wp-content\/uploads\/2024\/11\/vljaky-eu-1024x659.png\" \/>\n\t<meta property=\"og:image:width\" content=\"1024\" \/>\n\t<meta property=\"og:image:height\" content=\"659\" \/>\n\t<meta property=\"og:image:type\" content=\"image\/png\" \/>\n<meta name=\"author\" content=\"Gabriela Budayov\u00e1\" \/>\n<meta name=\"twitter:card\" content=\"summary_large_image\" \/>\n<meta name=\"twitter:label1\" content=\"Written by\" \/>\n\t<meta name=\"twitter:data1\" content=\"Gabriela Budayov\u00e1\" \/>\n\t<meta name=\"twitter:label2\" content=\"Estimated reading time\" \/>\n\t<meta name=\"twitter:data2\" content=\"3 minutes\" \/>\n<script type=\"application\/ld+json\" class=\"yoast-schema-graph\">{\"@context\":\"https:\\\/\\\/schema.org\",\"@graph\":[{\"@type\":\"Article\",\"@id\":\"https:\\\/\\\/archiv.siov.sk\\\/medzinarodne-stretnutie-o-trasovani-absolventov\\\/#article\",\"isPartOf\":{\"@id\":\"https:\\\/\\\/archiv.siov.sk\\\/medzinarodne-stretnutie-o-trasovani-absolventov\\\/\"},\"author\":{\"name\":\"Gabriela Budayov\u00e1\",\"@id\":\"https:\\\/\\\/archiv.siov.sk\\\/#\\\/schema\\\/person\\\/2d35146a9c0fa51b027e8ff319cee627\"},\"headline\":\"Medzin\u00e1rodn\u00e9 stretnutie o trasovan\u00ed absolventov SO\u0160: Sk\u00fasenosti zo Slovenska\",\"datePublished\":\"2024-11-26T15:00:55+00:00\",\"dateModified\":\"2025-07-03T07:50:22+00:00\",\"mainEntityOfPage\":{\"@id\":\"https:\\\/\\\/archiv.siov.sk\\\/medzinarodne-stretnutie-o-trasovani-absolventov\\\/\"},\"wordCount\":472,\"publisher\":{\"@id\":\"https:\\\/\\\/archiv.siov.sk\\\/#organization\"},\"image\":{\"@id\":\"https:\\\/\\\/archiv.siov.sk\\\/medzinarodne-stretnutie-o-trasovani-absolventov\\\/#primaryimage\"},\"thumbnailUrl\":\"https:\\\/\\\/archiv.siov.sk\\\/wp-content\\\/uploads\\\/2024\\\/11\\\/vljaky-eu.png\",\"articleSection\":[\"Aktuality\"],\"inLanguage\":\"en-GB\"},{\"@type\":\"WebPage\",\"@id\":\"https:\\\/\\\/archiv.siov.sk\\\/medzinarodne-stretnutie-o-trasovani-absolventov\\\/\",\"url\":\"https:\\\/\\\/archiv.siov.sk\\\/medzinarodne-stretnutie-o-trasovani-absolventov\\\/\",\"name\":\"Medzin\u00e1rodn\u00e9 stretnutie o trasovan\u00ed absolventov SO\u0160: Sk\u00fasenosti zo Slovenska - \u0160IOV - \u0161t\u00e1tny in\u0161tit\u00fat odborn\u00e9ho vzdel\u00e1vania\",\"isPartOf\":{\"@id\":\"https:\\\/\\\/archiv.siov.sk\\\/#website\"},\"primaryImageOfPage\":{\"@id\":\"https:\\\/\\\/archiv.siov.sk\\\/medzinarodne-stretnutie-o-trasovani-absolventov\\\/#primaryimage\"},\"image\":{\"@id\":\"https:\\\/\\\/archiv.siov.sk\\\/medzinarodne-stretnutie-o-trasovani-absolventov\\\/#primaryimage\"},\"thumbnailUrl\":\"https:\\\/\\\/archiv.siov.sk\\\/wp-content\\\/uploads\\\/2024\\\/11\\\/vljaky-eu.png\",\"datePublished\":\"2024-11-26T15:00:55+00:00\",\"dateModified\":\"2025-07-03T07:50:22+00:00\",\"description\":\"D\u0148a 18. \u2013 19. 11. 2024 sa uskuto\u010dnilo online partnersk\u00e9 vzdel\u00e1vacie podujatie s n\u00e1zvom \u201eSk\u00famanie pr\u00edstupov k vyu\u017e\u00edvaniu \u00fadajov o trasovan\u00ed absolventov stredn\u00fdch odborn\u00fdch \u0161k\u00f4l a pri tvorbe vzdel\u00e1vac\u00edch polit\u00edk\u201c\",\"breadcrumb\":{\"@id\":\"https:\\\/\\\/archiv.siov.sk\\\/medzinarodne-stretnutie-o-trasovani-absolventov\\\/#breadcrumb\"},\"inLanguage\":\"en-GB\",\"potentialAction\":[{\"@type\":\"ReadAction\",\"target\":[\"https:\\\/\\\/archiv.siov.sk\\\/medzinarodne-stretnutie-o-trasovani-absolventov\\\/\"]}]},{\"@type\":\"ImageObject\",\"inLanguage\":\"en-GB\",\"@id\":\"https:\\\/\\\/archiv.siov.sk\\\/medzinarodne-stretnutie-o-trasovani-absolventov\\\/#primaryimage\",\"url\":\"https:\\\/\\\/archiv.siov.sk\\\/wp-content\\\/uploads\\\/2024\\\/11\\\/vljaky-eu.png\",\"contentUrl\":\"https:\\\/\\\/archiv.siov.sk\\\/wp-content\\\/uploads\\\/2024\\\/11\\\/vljaky-eu.png\",\"width\":1789,\"height\":1152,\"caption\":\"medzinarodne_stretnutie_siov\"},{\"@type\":\"BreadcrumbList\",\"@id\":\"https:\\\/\\\/archiv.siov.sk\\\/medzinarodne-stretnutie-o-trasovani-absolventov\\\/#breadcrumb\",\"itemListElement\":[{\"@type\":\"ListItem\",\"position\":1,\"name\":\"Home\",\"item\":\"https:\\\/\\\/archiv.siov.sk\\\/\"},{\"@type\":\"ListItem\",\"position\":2,\"name\":\"Medzin\u00e1rodn\u00e9 stretnutie o trasovan\u00ed absolventov SO\u0160: Sk\u00fasenosti zo Slovenska\"}]},{\"@type\":\"WebSite\",\"@id\":\"https:\\\/\\\/archiv.siov.sk\\\/#website\",\"url\":\"https:\\\/\\\/archiv.siov.sk\\\/\",\"name\":\"\u0160IOV - \u0161t\u00e1tny in\u0161tit\u00fat odborn\u00e9ho vzdel\u00e1vania\",\"description\":\"\",\"publisher\":{\"@id\":\"https:\\\/\\\/archiv.siov.sk\\\/#organization\"},\"potentialAction\":[{\"@type\":\"SearchAction\",\"target\":{\"@type\":\"EntryPoint\",\"urlTemplate\":\"https:\\\/\\\/archiv.siov.sk\\\/?s={search_term_string}\"},\"query-input\":{\"@type\":\"PropertyValueSpecification\",\"valueRequired\":true,\"valueName\":\"search_term_string\"}}],\"inLanguage\":\"en-GB\"},{\"@type\":\"Organization\",\"@id\":\"https:\\\/\\\/archiv.siov.sk\\\/#organization\",\"name\":\"\u0160IOV - \u0161t\u00e1tny in\u0161tit\u00fat odborn\u00e9ho vzdel\u00e1vania\",\"url\":\"https:\\\/\\\/archiv.siov.sk\\\/\",\"logo\":{\"@type\":\"ImageObject\",\"inLanguage\":\"en-GB\",\"@id\":\"https:\\\/\\\/archiv.siov.sk\\\/#\\\/schema\\\/logo\\\/image\\\/\",\"url\":\"https:\\\/\\\/archiv.siov.sk\\\/wp-content\\\/uploads\\\/2024\\\/02\\\/logo-SIOV.png\",\"contentUrl\":\"https:\\\/\\\/archiv.siov.sk\\\/wp-content\\\/uploads\\\/2024\\\/02\\\/logo-SIOV.png\",\"width\":431,\"height\":143,\"caption\":\"\u0160IOV - \u0161t\u00e1tny in\u0161tit\u00fat odborn\u00e9ho vzdel\u00e1vania\"},\"image\":{\"@id\":\"https:\\\/\\\/archiv.siov.sk\\\/#\\\/schema\\\/logo\\\/image\\\/\"},\"sameAs\":[\"https:\\\/\\\/www.facebook.com\\\/Statnyinstitutodbornehovzdelavania\"]},{\"@type\":\"Person\",\"@id\":\"https:\\\/\\\/archiv.siov.sk\\\/#\\\/schema\\\/person\\\/2d35146a9c0fa51b027e8ff319cee627\",\"name\":\"Gabriela Budayov\u00e1\",\"url\":\"https:\\\/\\\/archiv.siov.sk\\\/en\\\/author\\\/gabriela-budayova\\\/\"}]}<\/script>\n<!-- \/ Yoast SEO plugin. -->","yoast_head_json":{"title":"Medzin\u00e1rodn\u00e9 stretnutie o trasovan\u00ed absolventov SO\u0160: Sk\u00fasenosti zo Slovenska - \u0160IOV - \u0161t\u00e1tny in\u0161tit\u00fat odborn\u00e9ho vzdel\u00e1vania","description":"D\u0148a 18. \u2013 19. 11. 2024 sa uskuto\u010dnilo online partnersk\u00e9 vzdel\u00e1vacie podujatie s n\u00e1zvom \u201eSk\u00famanie pr\u00edstupov k vyu\u017e\u00edvaniu \u00fadajov o trasovan\u00ed absolventov stredn\u00fdch odborn\u00fdch \u0161k\u00f4l a pri tvorbe vzdel\u00e1vac\u00edch polit\u00edk\u201c","robots":{"index":"index","follow":"follow","max-snippet":"max-snippet:-1","max-image-preview":"max-image-preview:large","max-video-preview":"max-video-preview:-1"},"canonical":"https:\/\/archiv.siov.sk\/en\/medzinarodne-stretnutie-o-trasovani-absolventov\/","og_locale":"en_GB","og_type":"article","og_title":"Medzin\u00e1rodn\u00e9 stretnutie o trasovan\u00ed absolventov SO\u0160: Sk\u00fasenosti zo Slovenska - \u0160IOV - \u0161t\u00e1tny in\u0161tit\u00fat odborn\u00e9ho vzdel\u00e1vania","og_description":"D\u0148a 18. \u2013 19. 11. 2024 sa uskuto\u010dnilo online partnersk\u00e9 vzdel\u00e1vacie podujatie s n\u00e1zvom \u201eSk\u00famanie pr\u00edstupov k vyu\u017e\u00edvaniu \u00fadajov o trasovan\u00ed absolventov stredn\u00fdch odborn\u00fdch \u0161k\u00f4l a pri tvorbe vzdel\u00e1vac\u00edch polit\u00edk\u201c","og_url":"https:\/\/archiv.siov.sk\/en\/medzinarodne-stretnutie-o-trasovani-absolventov\/","og_site_name":"\u0160IOV - \u0161t\u00e1tny in\u0161tit\u00fat odborn\u00e9ho vzdel\u00e1vania","article_publisher":"https:\/\/www.facebook.com\/Statnyinstitutodbornehovzdelavania","article_published_time":"2024-11-26T15:00:55+00:00","article_modified_time":"2025-07-03T07:50:22+00:00","og_image":[{"width":1024,"height":659,"url":"https:\/\/archiv.siov.sk\/wp-content\/uploads\/2024\/11\/vljaky-eu-1024x659.png","type":"image\/png"}],"author":"Gabriela Budayov\u00e1","twitter_card":"summary_large_image","twitter_misc":{"Written by":"Gabriela Budayov\u00e1","Estimated reading time":"3 minutes"},"schema":{"@context":"https:\/\/schema.org","@graph":[{"@type":"Article","@id":"https:\/\/archiv.siov.sk\/medzinarodne-stretnutie-o-trasovani-absolventov\/#article","isPartOf":{"@id":"https:\/\/archiv.siov.sk\/medzinarodne-stretnutie-o-trasovani-absolventov\/"},"author":{"name":"Gabriela Budayov\u00e1","@id":"https:\/\/archiv.siov.sk\/#\/schema\/person\/2d35146a9c0fa51b027e8ff319cee627"},"headline":"Medzin\u00e1rodn\u00e9 stretnutie o trasovan\u00ed absolventov SO\u0160: Sk\u00fasenosti zo Slovenska","datePublished":"2024-11-26T15:00:55+00:00","dateModified":"2025-07-03T07:50:22+00:00","mainEntityOfPage":{"@id":"https:\/\/archiv.siov.sk\/medzinarodne-stretnutie-o-trasovani-absolventov\/"},"wordCount":472,"publisher":{"@id":"https:\/\/archiv.siov.sk\/#organization"},"image":{"@id":"https:\/\/archiv.siov.sk\/medzinarodne-stretnutie-o-trasovani-absolventov\/#primaryimage"},"thumbnailUrl":"https:\/\/archiv.siov.sk\/wp-content\/uploads\/2024\/11\/vljaky-eu.png","articleSection":["Aktuality"],"inLanguage":"en-GB"},{"@type":"WebPage","@id":"https:\/\/archiv.siov.sk\/medzinarodne-stretnutie-o-trasovani-absolventov\/","url":"https:\/\/archiv.siov.sk\/medzinarodne-stretnutie-o-trasovani-absolventov\/","name":"Medzin\u00e1rodn\u00e9 stretnutie o trasovan\u00ed absolventov SO\u0160: Sk\u00fasenosti zo Slovenska - \u0160IOV - \u0161t\u00e1tny in\u0161tit\u00fat odborn\u00e9ho vzdel\u00e1vania","isPartOf":{"@id":"https:\/\/archiv.siov.sk\/#website"},"primaryImageOfPage":{"@id":"https:\/\/archiv.siov.sk\/medzinarodne-stretnutie-o-trasovani-absolventov\/#primaryimage"},"image":{"@id":"https:\/\/archiv.siov.sk\/medzinarodne-stretnutie-o-trasovani-absolventov\/#primaryimage"},"thumbnailUrl":"https:\/\/archiv.siov.sk\/wp-content\/uploads\/2024\/11\/vljaky-eu.png","datePublished":"2024-11-26T15:00:55+00:00","dateModified":"2025-07-03T07:50:22+00:00","description":"D\u0148a 18. \u2013 19. 11. 2024 sa uskuto\u010dnilo online partnersk\u00e9 vzdel\u00e1vacie podujatie s n\u00e1zvom \u201eSk\u00famanie pr\u00edstupov k vyu\u017e\u00edvaniu \u00fadajov o trasovan\u00ed absolventov stredn\u00fdch odborn\u00fdch \u0161k\u00f4l a pri tvorbe vzdel\u00e1vac\u00edch polit\u00edk\u201c","breadcrumb":{"@id":"https:\/\/archiv.siov.sk\/medzinarodne-stretnutie-o-trasovani-absolventov\/#breadcrumb"},"inLanguage":"en-GB","potentialAction":[{"@type":"ReadAction","target":["https:\/\/archiv.siov.sk\/medzinarodne-stretnutie-o-trasovani-absolventov\/"]}]},{"@type":"ImageObject","inLanguage":"en-GB","@id":"https:\/\/archiv.siov.sk\/medzinarodne-stretnutie-o-trasovani-absolventov\/#primaryimage","url":"https:\/\/archiv.siov.sk\/wp-content\/uploads\/2024\/11\/vljaky-eu.png","contentUrl":"https:\/\/archiv.siov.sk\/wp-content\/uploads\/2024\/11\/vljaky-eu.png","width":1789,"height":1152,"caption":"medzinarodne_stretnutie_siov"},{"@type":"BreadcrumbList","@id":"https:\/\/archiv.siov.sk\/medzinarodne-stretnutie-o-trasovani-absolventov\/#breadcrumb","itemListElement":[{"@type":"ListItem","position":1,"name":"Home","item":"https:\/\/archiv.siov.sk\/"},{"@type":"ListItem","position":2,"name":"Medzin\u00e1rodn\u00e9 stretnutie o trasovan\u00ed absolventov SO\u0160: Sk\u00fasenosti zo Slovenska"}]},{"@type":"WebSite","@id":"https:\/\/archiv.siov.sk\/#website","url":"https:\/\/archiv.siov.sk\/","name":"\u0160IOV - \u0161t\u00e1tny in\u0161tit\u00fat odborn\u00e9ho vzdel\u00e1vania","description":"","publisher":{"@id":"https:\/\/archiv.siov.sk\/#organization"},"potentialAction":[{"@type":"SearchAction","target":{"@type":"EntryPoint","urlTemplate":"https:\/\/archiv.siov.sk\/?s={search_term_string}"},"query-input":{"@type":"PropertyValueSpecification","valueRequired":true,"valueName":"search_term_string"}}],"inLanguage":"en-GB"},{"@type":"Organization","@id":"https:\/\/archiv.siov.sk\/#organization","name":"\u0160IOV - \u0161t\u00e1tny in\u0161tit\u00fat odborn\u00e9ho vzdel\u00e1vania","url":"https:\/\/archiv.siov.sk\/","logo":{"@type":"ImageObject","inLanguage":"en-GB","@id":"https:\/\/archiv.siov.sk\/#\/schema\/logo\/image\/","url":"https:\/\/archiv.siov.sk\/wp-content\/uploads\/2024\/02\/logo-SIOV.png","contentUrl":"https:\/\/archiv.siov.sk\/wp-content\/uploads\/2024\/02\/logo-SIOV.png","width":431,"height":143,"caption":"\u0160IOV - \u0161t\u00e1tny in\u0161tit\u00fat odborn\u00e9ho vzdel\u00e1vania"},"image":{"@id":"https:\/\/archiv.siov.sk\/#\/schema\/logo\/image\/"},"sameAs":["https:\/\/www.facebook.com\/Statnyinstitutodbornehovzdelavania"]},{"@type":"Person","@id":"https:\/\/archiv.siov.sk\/#\/schema\/person\/2d35146a9c0fa51b027e8ff319cee627","name":"Gabriela Budayov\u00e1","url":"https:\/\/archiv.siov.sk\/en\/author\/gabriela-budayova\/"}]}},"_links":{"self":[{"href":"https:\/\/archiv.siov.sk\/en\/wp-json\/wp\/v2\/posts\/17361","targetHints":{"allow":["GET"]}}],"collection":[{"href":"https:\/\/archiv.siov.sk\/en\/wp-json\/wp\/v2\/posts"}],"about":[{"href":"https:\/\/archiv.siov.sk\/en\/wp-json\/wp\/v2\/types\/post"}],"author":[{"embeddable":true,"href":"https:\/\/archiv.siov.sk\/en\/wp-json\/wp\/v2\/users\/10"}],"replies":[{"embeddable":true,"href":"https:\/\/archiv.siov.sk\/en\/wp-json\/wp\/v2\/comments?post=17361"}],"version-history":[{"count":30,"href":"https:\/\/archiv.siov.sk\/en\/wp-json\/wp\/v2\/posts\/17361\/revisions"}],"predecessor-version":[{"id":19745,"href":"https:\/\/archiv.siov.sk\/en\/wp-json\/wp\/v2\/posts\/17361\/revisions\/19745"}],"wp:featuredmedia":[{"embeddable":true,"href":"https:\/\/archiv.siov.sk\/en\/wp-json\/wp\/v2\/media\/17376"}],"wp:attachment":[{"href":"https:\/\/archiv.siov.sk\/en\/wp-json\/wp\/v2\/media?parent=17361"}],"wp:term":[{"taxonomy":"category","embeddable":true,"href":"https:\/\/archiv.siov.sk\/en\/wp-json\/wp\/v2\/categories?post=17361"},{"taxonomy":"post_tag","embeddable":true,"href":"https:\/\/archiv.siov.sk\/en\/wp-json\/wp\/v2\/tags?post=17361"}],"curies":[{"name":"wp","href":"https:\/\/api.w.org\/{rel}","templated":true}]}}