{"id":17322,"date":"2024-11-21T20:38:18","date_gmt":"2024-11-21T19:38:18","guid":{"rendered":"https:\/\/archiv.siov.sk\/?p=17322"},"modified":"2024-12-02T12:10:40","modified_gmt":"2024-12-02T11:10:40","slug":"co-ocakavaju-zamestnavatelia-od-mladych-profesionalov-ktori-vstupuju-na-pracovny-trh","status":"publish","type":"post","link":"https:\/\/archiv.siov.sk\/en\/co-ocakavaju-zamestnavatelia-od-mladych-profesionalov-ktori-vstupuju-na-pracovny-trh\/","title":{"rendered":"\u010co o\u010dak\u00e1vaj\u00fa zamestn\u00e1vatelia od mlad\u00fdch profesion\u00e1lov, ktor\u00ed vstupuj\u00fa  na pracovn\u00fd trh?"},"content":{"rendered":"<p>\u0160t\u00e1tny in\u0161tit\u00fat odborn\u00e9ho vzdel\u00e1vania (\u0160IOV) otvoril 19. novembra 2024 dvojd\u0148ov\u00fa diskusiu na <strong>k\u013e\u00fa\u010dov\u00e9 t\u00e9my v\u00a0sektore stavebn\u00edctva<\/strong> v r\u00e1mci projektu \u201e<a href=\"https:\/\/archiv.siov.sk\/en\/projekty\/aktualne-projekty\/zlepsenie-kvality-a-atraktivnosti-ovp-v-sulade-s-potrebami-trhu-prace\/\" target=\"_blank\" rel=\"noopener\">Zlep\u0161enie kvality a atrakt\u00edvnosti odborn\u00e9ho vzdel\u00e1vania a pr\u00edpravy (OVP) v s\u00falade s potrebami trhu pr\u00e1ce<\/a>\u201c, ktor\u00fd je s\u00fa\u010das\u0165ou \u0161vaj\u010diarsko-slovenskej spolupr\u00e1ce. Projektov\u00ed mana\u017e\u00e9ri zo \u0160IOV-u diskutovali so z\u00e1stupcami z odboru \u0161kolstva V\u00daC Pre\u0161ov,\u00a0 pracovn\u00edkmi region\u00e1lnych centier \u0160IOV, z\u00e1stupcami Stavovsk\u00fdch a profesijn\u00fdch organiz\u00e1cii (SaPO) \u2013 S\u017dK \u2013 Slovensk\u00e1 \u017eivnostensk\u00e1 komora, R\u00daZ \u2013 Republikov\u00e1 \u00fania zamestn\u00e1vate\u013eov, a najm\u00e4 \u017eivnostn\u00edkmi a z\u00e1stupcami mal\u00fdch zamestn\u00e1vate\u013eov.<\/p>\n<p><img fetchpriority=\"high\" decoding=\"async\" class=\"size-medium wp-image-17325 alignleft\" src=\"https:\/\/archiv.siov.sk\/wp-content\/uploads\/2024\/11\/IMG-20241119-WA0004-300x225.jpg\" alt=\"\" width=\"300\" height=\"225\" srcset=\"https:\/\/archiv.siov.sk\/wp-content\/uploads\/2024\/11\/IMG-20241119-WA0004-300x225.jpg 300w, https:\/\/archiv.siov.sk\/wp-content\/uploads\/2024\/11\/IMG-20241119-WA0004-1024x768.jpg 1024w, https:\/\/archiv.siov.sk\/wp-content\/uploads\/2024\/11\/IMG-20241119-WA0004-768x576.jpg 768w, https:\/\/archiv.siov.sk\/wp-content\/uploads\/2024\/11\/IMG-20241119-WA0004-1536x1152.jpg 1536w, https:\/\/archiv.siov.sk\/wp-content\/uploads\/2024\/11\/IMG-20241119-WA0004-16x12.jpg 16w, https:\/\/archiv.siov.sk\/wp-content\/uploads\/2024\/11\/IMG-20241119-WA0004.jpg 1600w\" sizes=\"(max-width: 300px) 100vw, 300px\" \/>Diskusia otvorila t\u00e9mu atraktivity odborn\u00e9ho vzdel\u00e1vania. Hovorilo sa o sp\u00f4sobe, ak\u00fdm oslovi\u0165 mlad\u00fdch \u013eud\u00ed a ich rodi\u010dov, a predstavi\u0165 im \u0161irok\u00fa paletu mo\u017enost\u00ed uplatnenia sa na trhu pr\u00e1ce v oblasti stavebn\u00edctva. Ve\u013ek\u00fd d\u00f4raz sa kl\u00e1dol na potrebu intenz\u00edvnej\u0161ieho prepojenia stredn\u00fdch odborn\u00fdch \u0161k\u00f4l s pracovn\u00fdm trhom. \u00da\u010dastn\u00edci h\u013eadali sp\u00f4soby, ako intenz\u00edvnej\u0161ie prepoji\u0165 odborn\u00fdch pedag\u00f3gov s trendmi trhu pr\u00e1ce a z\u00edska\u0165 viac odborn\u00edkov z extern\u00e9ho prostredia do \u0161k\u00f4l.<\/p>\n<p>Aby boli mlad\u00ed profesion\u00e1li \u010do najlep\u0161ie pripraven\u00ed na vstup na pracovn\u00fd trh, diskutuj\u00faci hovorili aj o\u00a0potrebe aktualiz\u00e1cie \u0161t\u00e1tnych a \u0161kolsk\u00fdch vzdel\u00e1vac\u00edch programov. Tie by mali lep\u0161ie odr\u00e1\u017ea\u0165 potreby zamestn\u00e1vate\u013eov a trendy v stavebn\u00edctve. Nevyhnutnos\u0165ou je aj v\u00e4\u010d\u0161ie zapojenie mal\u00fdch \u017eivnostn\u00edkov a zamestn\u00e1vate\u013eov do vzdel\u00e1vacieho procesu. Inkub\u00e1torom tohto prepojenia by mohli by\u0165 pilotn\u00e9 \u0161koly so silnou podporou miestnych komun\u00edt.<\/p>\n<p>N\u00e1js\u0165 rie\u0161enie na v\u00fdzvy spojen\u00e9 s\u00a0n\u00e1ro\u010dn\u00fdm vstupom mal\u00fdch zamestn\u00e1vate\u013eov do OVP pom\u00f4\u017eu aj sk\u00fasenosti zo strany \u0161vaj\u010diarskeho partnera, ktor\u00e9 sa bud\u00fa adaptova\u0165 na slovensk\u00e9 \u0161pecifik\u00e1.<\/p>\n<p>Ur\u010dit\u00e9 aktivity spojen\u00e9 so zvy\u0161ovan\u00edm atrakt\u00edvnosti stredn\u00e9ho odborn\u00e9ho vzdel\u00e1vania u\u017e prebiehaj\u00fa v Pre\u0161ovskom kraji v r\u00e1mci region\u00e1lneho projektu, preto diskutuj\u00faci h\u013eadali mo\u017enosti synergie a prepojenia s n\u00e1rodn\u00fdm projektom na podporu odborn\u00e9ho vzdel\u00e1vania v tomto kraji.<\/p>\n<p>Diskusia o aktu\u00e1lnych v\u00fdzvach a pr\u00edle\u017eitostiach v\u00a0OVP, ktor\u00e1 nadvia\u017ee na t\u00fato \u00favodn\u00fa, bude s\u00a0odborn\u00edkmi zo sektoru po\u013enohospod\u00e1rstva a\u00a0potravin\u00e1rstva za\u010diatkom decembra 2024.<\/p>","protected":false},"excerpt":{"rendered":"<p>\u0160t\u00e1tny in\u0161tit\u00fat odborn\u00e9ho vzdel\u00e1vania (\u0160IOV) otvoril 19. novembra 2024 dvojd\u0148ov\u00fa diskusiu na k\u013e\u00fa\u010dov\u00e9 t\u00e9my v\u00a0sektore stavebn\u00edctva v r\u00e1mci projektu \u201eZlep\u0161enie kvality a atrakt\u00edvnosti odborn\u00e9ho vzdel\u00e1vania a pr\u00edpravy (OVP) v s\u00falade s potrebami trhu pr\u00e1ce\u201c, ktor\u00fd je s\u00fa\u010das\u0165ou \u0161vaj\u010diarsko-slovenskej spolupr\u00e1ce. Projektov\u00ed mana\u017e\u00e9ri zo \u0160IOV-u diskutovali so z\u00e1stupcami z odboru \u0161kolstva V\u00daC Pre\u0161ov,\u00a0 pracovn\u00edkmi region\u00e1lnych centier \u0160IOV, [&hellip;]<\/p>\n","protected":false},"author":11,"featured_media":17324,"comment_status":"closed","ping_status":"closed","sticky":false,"template":"","format":"standard","meta":{"site-sidebar-layout":"default","site-content-layout":"","ast-site-content-layout":"default","site-content-style":"default","site-sidebar-style":"default","ast-global-header-display":"","ast-banner-title-visibility":"","ast-main-header-display":"","ast-hfb-above-header-display":"","ast-hfb-below-header-display":"","ast-hfb-mobile-header-display":"","site-post-title":"","ast-breadcrumbs-content":"","ast-featured-img":"","footer-sml-layout":"","ast-disable-related-posts":"","theme-transparent-header-meta":"default","adv-header-id-meta":"","stick-header-meta":"default","header-above-stick-meta":"","header-main-stick-meta":"","header-below-stick-meta":"","astra-migrate-meta-layouts":"set","ast-page-background-enabled":"default","ast-page-background-meta":{"desktop":{"background-color":"var(--ast-global-color-4)","background-image":"","background-repeat":"repeat","background-position":"center center","background-size":"auto","background-attachment":"scroll","background-type":"","background-media":"","overlay-type":"","overlay-color":"","overlay-opacity":"","overlay-gradient":""},"tablet":{"background-color":"","background-image":"","background-repeat":"repeat","background-position":"center center","background-size":"auto","background-attachment":"scroll","background-type":"","background-media":"","overlay-type":"","overlay-color":"","overlay-opacity":"","overlay-gradient":""},"mobile":{"background-color":"","background-image":"","background-repeat":"repeat","background-position":"center center","background-size":"auto","background-attachment":"scroll","background-type":"","background-media":"","overlay-type":"","overlay-color":"","overlay-opacity":"","overlay-gradient":""}},"ast-content-background-meta":{"desktop":{"background-color":"var(--ast-global-color-5)","background-image":"","background-repeat":"repeat","background-position":"center center","background-size":"auto","background-attachment":"scroll","background-type":"","background-media":"","overlay-type":"","overlay-color":"","overlay-opacity":"","overlay-gradient":""},"tablet":{"background-color":"var(--ast-global-color-5)","background-image":"","background-repeat":"repeat","background-position":"center center","background-size":"auto","background-attachment":"scroll","background-type":"","background-media":"","overlay-type":"","overlay-color":"","overlay-opacity":"","overlay-gradient":""},"mobile":{"background-color":"var(--ast-global-color-5)","background-image":"","background-repeat":"repeat","background-position":"center center","background-size":"auto","background-attachment":"scroll","background-type":"","background-media":"","overlay-type":"","overlay-color":"","overlay-opacity":"","overlay-gradient":""}},"footnotes":""},"categories":[1,30],"tags":[],"class_list":["post-17322","post","type-post","status-publish","format-standard","has-post-thumbnail","hentry","category-aktuality","category-program-svajciarsko-slovenskej-spoluprace"],"yoast_head":"<!-- This site is optimized with the Yoast SEO plugin v27.5 - https:\/\/yoast.com\/product\/yoast-seo-wordpress\/ -->\n<title>\u010co o\u010dak\u00e1vaj\u00fa zamestn\u00e1vatelia od mlad\u00fdch profesion\u00e1lov, ktor\u00ed vstupuj\u00fa na pracovn\u00fd trh? - \u0160IOV - \u0161t\u00e1tny in\u0161tit\u00fat odborn\u00e9ho vzdel\u00e1vania<\/title>\n<meta name=\"description\" content=\"\u0160t\u00e1tny in\u0161tit\u00fat odborn\u00e9ho vzdel\u00e1vania (\u0160IOV) otvoril 19. novembra 2024 dvojd\u0148ov\u00fa diskusiu na k\u013e\u00fa\u010dov\u00e9 t\u00e9my v sektore stavebn\u00edctva v r\u00e1mci projektu &quot;Zlep\u0161enie kvality a atrakt\u00edvnosti odborn\u00e9ho vzdel\u00e1vania a pr\u00edpravy (OVP) v s\u00falade s potrebami trhu pr\u00e1ce&quot;.\" \/>\n<meta name=\"robots\" content=\"index, follow, max-snippet:-1, max-image-preview:large, max-video-preview:-1\" \/>\n<link rel=\"canonical\" href=\"https:\/\/archiv.siov.sk\/en\/co-ocakavaju-zamestnavatelia-od-mladych-profesionalov-ktori-vstupuju-na-pracovny-trh\/\" \/>\n<meta property=\"og:locale\" content=\"en_GB\" \/>\n<meta property=\"og:type\" content=\"article\" \/>\n<meta property=\"og:title\" content=\"\u010co o\u010dak\u00e1vaj\u00fa zamestn\u00e1vatelia od mlad\u00fdch profesion\u00e1lov, ktor\u00ed vstupuj\u00fa na pracovn\u00fd trh? - \u0160IOV - \u0161t\u00e1tny in\u0161tit\u00fat odborn\u00e9ho vzdel\u00e1vania\" \/>\n<meta property=\"og:description\" content=\"\u0160t\u00e1tny in\u0161tit\u00fat odborn\u00e9ho vzdel\u00e1vania (\u0160IOV) otvoril 19. novembra 2024 dvojd\u0148ov\u00fa diskusiu na k\u013e\u00fa\u010dov\u00e9 t\u00e9my v sektore stavebn\u00edctva v r\u00e1mci projektu &quot;Zlep\u0161enie kvality a atrakt\u00edvnosti odborn\u00e9ho vzdel\u00e1vania a pr\u00edpravy (OVP) v s\u00falade s potrebami trhu pr\u00e1ce&quot;.\" \/>\n<meta property=\"og:url\" content=\"https:\/\/archiv.siov.sk\/en\/co-ocakavaju-zamestnavatelia-od-mladych-profesionalov-ktori-vstupuju-na-pracovny-trh\/\" \/>\n<meta property=\"og:site_name\" content=\"\u0160IOV - \u0161t\u00e1tny in\u0161tit\u00fat odborn\u00e9ho vzdel\u00e1vania\" \/>\n<meta property=\"article:publisher\" content=\"https:\/\/www.facebook.com\/Statnyinstitutodbornehovzdelavania\" \/>\n<meta property=\"article:published_time\" content=\"2024-11-21T19:38:18+00:00\" \/>\n<meta property=\"article:modified_time\" content=\"2024-12-02T11:10:40+00:00\" \/>\n<meta property=\"og:image\" content=\"https:\/\/archiv.siov.sk\/wp-content\/uploads\/2024\/11\/IMG-20241120-WA0000-e1732192750104.jpg\" \/>\n\t<meta property=\"og:image:width\" content=\"1600\" \/>\n\t<meta property=\"og:image:height\" content=\"808\" \/>\n\t<meta property=\"og:image:type\" content=\"image\/jpeg\" \/>\n<meta name=\"author\" content=\"Sylvia Hamadejova\" \/>\n<meta name=\"twitter:card\" content=\"summary_large_image\" \/>\n<meta name=\"twitter:label1\" content=\"Written by\" \/>\n\t<meta name=\"twitter:data1\" content=\"Sylvia Hamadejova\" \/>\n\t<meta name=\"twitter:label2\" content=\"Estimated reading time\" \/>\n\t<meta name=\"twitter:data2\" content=\"2 minutes\" \/>\n<script type=\"application\/ld+json\" class=\"yoast-schema-graph\">{\"@context\":\"https:\\\/\\\/schema.org\",\"@graph\":[{\"@type\":\"Article\",\"@id\":\"https:\\\/\\\/archiv.siov.sk\\\/co-ocakavaju-zamestnavatelia-od-mladych-profesionalov-ktori-vstupuju-na-pracovny-trh\\\/#article\",\"isPartOf\":{\"@id\":\"https:\\\/\\\/archiv.siov.sk\\\/co-ocakavaju-zamestnavatelia-od-mladych-profesionalov-ktori-vstupuju-na-pracovny-trh\\\/\"},\"author\":{\"name\":\"Sylvia Hamadejova\",\"@id\":\"https:\\\/\\\/archiv.siov.sk\\\/#\\\/schema\\\/person\\\/70de33c3c88facac4a386ef06f733b92\"},\"headline\":\"\u010co o\u010dak\u00e1vaj\u00fa zamestn\u00e1vatelia od mlad\u00fdch profesion\u00e1lov, ktor\u00ed vstupuj\u00fa na pracovn\u00fd trh?\",\"datePublished\":\"2024-11-21T19:38:18+00:00\",\"dateModified\":\"2024-12-02T11:10:40+00:00\",\"mainEntityOfPage\":{\"@id\":\"https:\\\/\\\/archiv.siov.sk\\\/co-ocakavaju-zamestnavatelia-od-mladych-profesionalov-ktori-vstupuju-na-pracovny-trh\\\/\"},\"wordCount\":433,\"publisher\":{\"@id\":\"https:\\\/\\\/archiv.siov.sk\\\/#organization\"},\"image\":{\"@id\":\"https:\\\/\\\/archiv.siov.sk\\\/co-ocakavaju-zamestnavatelia-od-mladych-profesionalov-ktori-vstupuju-na-pracovny-trh\\\/#primaryimage\"},\"thumbnailUrl\":\"https:\\\/\\\/archiv.siov.sk\\\/wp-content\\\/uploads\\\/2024\\\/11\\\/IMG-20241120-WA0000-e1732192750104.jpg\",\"articleSection\":[\"Aktuality\",\"Program \u0161vaj\u010diarsko-slovenskej spolupr\u00e1ce\"],\"inLanguage\":\"en-GB\"},{\"@type\":\"WebPage\",\"@id\":\"https:\\\/\\\/archiv.siov.sk\\\/co-ocakavaju-zamestnavatelia-od-mladych-profesionalov-ktori-vstupuju-na-pracovny-trh\\\/\",\"url\":\"https:\\\/\\\/archiv.siov.sk\\\/co-ocakavaju-zamestnavatelia-od-mladych-profesionalov-ktori-vstupuju-na-pracovny-trh\\\/\",\"name\":\"\u010co o\u010dak\u00e1vaj\u00fa zamestn\u00e1vatelia od mlad\u00fdch profesion\u00e1lov, ktor\u00ed vstupuj\u00fa na pracovn\u00fd trh? - \u0160IOV - \u0161t\u00e1tny in\u0161tit\u00fat odborn\u00e9ho vzdel\u00e1vania\",\"isPartOf\":{\"@id\":\"https:\\\/\\\/archiv.siov.sk\\\/#website\"},\"primaryImageOfPage\":{\"@id\":\"https:\\\/\\\/archiv.siov.sk\\\/co-ocakavaju-zamestnavatelia-od-mladych-profesionalov-ktori-vstupuju-na-pracovny-trh\\\/#primaryimage\"},\"image\":{\"@id\":\"https:\\\/\\\/archiv.siov.sk\\\/co-ocakavaju-zamestnavatelia-od-mladych-profesionalov-ktori-vstupuju-na-pracovny-trh\\\/#primaryimage\"},\"thumbnailUrl\":\"https:\\\/\\\/archiv.siov.sk\\\/wp-content\\\/uploads\\\/2024\\\/11\\\/IMG-20241120-WA0000-e1732192750104.jpg\",\"datePublished\":\"2024-11-21T19:38:18+00:00\",\"dateModified\":\"2024-12-02T11:10:40+00:00\",\"description\":\"\u0160t\u00e1tny in\u0161tit\u00fat odborn\u00e9ho vzdel\u00e1vania (\u0160IOV) otvoril 19. novembra 2024 dvojd\u0148ov\u00fa diskusiu na k\u013e\u00fa\u010dov\u00e9 t\u00e9my v sektore stavebn\u00edctva v r\u00e1mci projektu \\\"Zlep\u0161enie kvality a atrakt\u00edvnosti odborn\u00e9ho vzdel\u00e1vania a pr\u00edpravy (OVP) v s\u00falade s potrebami trhu pr\u00e1ce\\\".\",\"breadcrumb\":{\"@id\":\"https:\\\/\\\/archiv.siov.sk\\\/co-ocakavaju-zamestnavatelia-od-mladych-profesionalov-ktori-vstupuju-na-pracovny-trh\\\/#breadcrumb\"},\"inLanguage\":\"en-GB\",\"potentialAction\":[{\"@type\":\"ReadAction\",\"target\":[\"https:\\\/\\\/archiv.siov.sk\\\/co-ocakavaju-zamestnavatelia-od-mladych-profesionalov-ktori-vstupuju-na-pracovny-trh\\\/\"]}]},{\"@type\":\"ImageObject\",\"inLanguage\":\"en-GB\",\"@id\":\"https:\\\/\\\/archiv.siov.sk\\\/co-ocakavaju-zamestnavatelia-od-mladych-profesionalov-ktori-vstupuju-na-pracovny-trh\\\/#primaryimage\",\"url\":\"https:\\\/\\\/archiv.siov.sk\\\/wp-content\\\/uploads\\\/2024\\\/11\\\/IMG-20241120-WA0000-e1732192750104.jpg\",\"contentUrl\":\"https:\\\/\\\/archiv.siov.sk\\\/wp-content\\\/uploads\\\/2024\\\/11\\\/IMG-20241120-WA0000-e1732192750104.jpg\",\"width\":1600,\"height\":808},{\"@type\":\"BreadcrumbList\",\"@id\":\"https:\\\/\\\/archiv.siov.sk\\\/co-ocakavaju-zamestnavatelia-od-mladych-profesionalov-ktori-vstupuju-na-pracovny-trh\\\/#breadcrumb\",\"itemListElement\":[{\"@type\":\"ListItem\",\"position\":1,\"name\":\"Home\",\"item\":\"https:\\\/\\\/archiv.siov.sk\\\/\"},{\"@type\":\"ListItem\",\"position\":2,\"name\":\"\u010co o\u010dak\u00e1vaj\u00fa zamestn\u00e1vatelia od mlad\u00fdch profesion\u00e1lov, ktor\u00ed vstupuj\u00fa na pracovn\u00fd trh?\"}]},{\"@type\":\"WebSite\",\"@id\":\"https:\\\/\\\/archiv.siov.sk\\\/#website\",\"url\":\"https:\\\/\\\/archiv.siov.sk\\\/\",\"name\":\"\u0160IOV - \u0161t\u00e1tny in\u0161tit\u00fat odborn\u00e9ho vzdel\u00e1vania\",\"description\":\"\",\"publisher\":{\"@id\":\"https:\\\/\\\/archiv.siov.sk\\\/#organization\"},\"potentialAction\":[{\"@type\":\"SearchAction\",\"target\":{\"@type\":\"EntryPoint\",\"urlTemplate\":\"https:\\\/\\\/archiv.siov.sk\\\/?s={search_term_string}\"},\"query-input\":{\"@type\":\"PropertyValueSpecification\",\"valueRequired\":true,\"valueName\":\"search_term_string\"}}],\"inLanguage\":\"en-GB\"},{\"@type\":\"Organization\",\"@id\":\"https:\\\/\\\/archiv.siov.sk\\\/#organization\",\"name\":\"\u0160IOV - \u0161t\u00e1tny in\u0161tit\u00fat odborn\u00e9ho vzdel\u00e1vania\",\"url\":\"https:\\\/\\\/archiv.siov.sk\\\/\",\"logo\":{\"@type\":\"ImageObject\",\"inLanguage\":\"en-GB\",\"@id\":\"https:\\\/\\\/archiv.siov.sk\\\/#\\\/schema\\\/logo\\\/image\\\/\",\"url\":\"https:\\\/\\\/archiv.siov.sk\\\/wp-content\\\/uploads\\\/2024\\\/02\\\/logo-SIOV.png\",\"contentUrl\":\"https:\\\/\\\/archiv.siov.sk\\\/wp-content\\\/uploads\\\/2024\\\/02\\\/logo-SIOV.png\",\"width\":431,\"height\":143,\"caption\":\"\u0160IOV - \u0161t\u00e1tny in\u0161tit\u00fat odborn\u00e9ho vzdel\u00e1vania\"},\"image\":{\"@id\":\"https:\\\/\\\/archiv.siov.sk\\\/#\\\/schema\\\/logo\\\/image\\\/\"},\"sameAs\":[\"https:\\\/\\\/www.facebook.com\\\/Statnyinstitutodbornehovzdelavania\"]},{\"@type\":\"Person\",\"@id\":\"https:\\\/\\\/archiv.siov.sk\\\/#\\\/schema\\\/person\\\/70de33c3c88facac4a386ef06f733b92\",\"name\":\"Sylvia Hamadejova\",\"url\":\"https:\\\/\\\/archiv.siov.sk\\\/en\\\/author\\\/hamadejovas\\\/\"}]}<\/script>\n<!-- \/ Yoast SEO plugin. -->","yoast_head_json":{"title":"\u010co o\u010dak\u00e1vaj\u00fa zamestn\u00e1vatelia od mlad\u00fdch profesion\u00e1lov, ktor\u00ed vstupuj\u00fa na pracovn\u00fd trh? - \u0160IOV - \u0161t\u00e1tny in\u0161tit\u00fat odborn\u00e9ho vzdel\u00e1vania","description":"\u0160t\u00e1tny in\u0161tit\u00fat odborn\u00e9ho vzdel\u00e1vania (\u0160IOV) otvoril 19. novembra 2024 dvojd\u0148ov\u00fa diskusiu na k\u013e\u00fa\u010dov\u00e9 t\u00e9my v sektore stavebn\u00edctva v r\u00e1mci projektu \"Zlep\u0161enie kvality a atrakt\u00edvnosti odborn\u00e9ho vzdel\u00e1vania a pr\u00edpravy (OVP) v s\u00falade s potrebami trhu pr\u00e1ce\".","robots":{"index":"index","follow":"follow","max-snippet":"max-snippet:-1","max-image-preview":"max-image-preview:large","max-video-preview":"max-video-preview:-1"},"canonical":"https:\/\/archiv.siov.sk\/en\/co-ocakavaju-zamestnavatelia-od-mladych-profesionalov-ktori-vstupuju-na-pracovny-trh\/","og_locale":"en_GB","og_type":"article","og_title":"\u010co o\u010dak\u00e1vaj\u00fa zamestn\u00e1vatelia od mlad\u00fdch profesion\u00e1lov, ktor\u00ed vstupuj\u00fa na pracovn\u00fd trh? - \u0160IOV - \u0161t\u00e1tny in\u0161tit\u00fat odborn\u00e9ho vzdel\u00e1vania","og_description":"\u0160t\u00e1tny in\u0161tit\u00fat odborn\u00e9ho vzdel\u00e1vania (\u0160IOV) otvoril 19. novembra 2024 dvojd\u0148ov\u00fa diskusiu na k\u013e\u00fa\u010dov\u00e9 t\u00e9my v sektore stavebn\u00edctva v r\u00e1mci projektu \"Zlep\u0161enie kvality a atrakt\u00edvnosti odborn\u00e9ho vzdel\u00e1vania a pr\u00edpravy (OVP) v s\u00falade s potrebami trhu pr\u00e1ce\".","og_url":"https:\/\/archiv.siov.sk\/en\/co-ocakavaju-zamestnavatelia-od-mladych-profesionalov-ktori-vstupuju-na-pracovny-trh\/","og_site_name":"\u0160IOV - \u0161t\u00e1tny in\u0161tit\u00fat odborn\u00e9ho vzdel\u00e1vania","article_publisher":"https:\/\/www.facebook.com\/Statnyinstitutodbornehovzdelavania","article_published_time":"2024-11-21T19:38:18+00:00","article_modified_time":"2024-12-02T11:10:40+00:00","og_image":[{"width":1600,"height":808,"url":"https:\/\/archiv.siov.sk\/wp-content\/uploads\/2024\/11\/IMG-20241120-WA0000-e1732192750104.jpg","type":"image\/jpeg"}],"author":"Sylvia Hamadejova","twitter_card":"summary_large_image","twitter_misc":{"Written by":"Sylvia Hamadejova","Estimated reading time":"2 minutes"},"schema":{"@context":"https:\/\/schema.org","@graph":[{"@type":"Article","@id":"https:\/\/archiv.siov.sk\/co-ocakavaju-zamestnavatelia-od-mladych-profesionalov-ktori-vstupuju-na-pracovny-trh\/#article","isPartOf":{"@id":"https:\/\/archiv.siov.sk\/co-ocakavaju-zamestnavatelia-od-mladych-profesionalov-ktori-vstupuju-na-pracovny-trh\/"},"author":{"name":"Sylvia Hamadejova","@id":"https:\/\/archiv.siov.sk\/#\/schema\/person\/70de33c3c88facac4a386ef06f733b92"},"headline":"\u010co o\u010dak\u00e1vaj\u00fa zamestn\u00e1vatelia od mlad\u00fdch profesion\u00e1lov, ktor\u00ed vstupuj\u00fa na pracovn\u00fd trh?","datePublished":"2024-11-21T19:38:18+00:00","dateModified":"2024-12-02T11:10:40+00:00","mainEntityOfPage":{"@id":"https:\/\/archiv.siov.sk\/co-ocakavaju-zamestnavatelia-od-mladych-profesionalov-ktori-vstupuju-na-pracovny-trh\/"},"wordCount":433,"publisher":{"@id":"https:\/\/archiv.siov.sk\/#organization"},"image":{"@id":"https:\/\/archiv.siov.sk\/co-ocakavaju-zamestnavatelia-od-mladych-profesionalov-ktori-vstupuju-na-pracovny-trh\/#primaryimage"},"thumbnailUrl":"https:\/\/archiv.siov.sk\/wp-content\/uploads\/2024\/11\/IMG-20241120-WA0000-e1732192750104.jpg","articleSection":["Aktuality","Program \u0161vaj\u010diarsko-slovenskej spolupr\u00e1ce"],"inLanguage":"en-GB"},{"@type":"WebPage","@id":"https:\/\/archiv.siov.sk\/co-ocakavaju-zamestnavatelia-od-mladych-profesionalov-ktori-vstupuju-na-pracovny-trh\/","url":"https:\/\/archiv.siov.sk\/co-ocakavaju-zamestnavatelia-od-mladych-profesionalov-ktori-vstupuju-na-pracovny-trh\/","name":"\u010co o\u010dak\u00e1vaj\u00fa zamestn\u00e1vatelia od mlad\u00fdch profesion\u00e1lov, ktor\u00ed vstupuj\u00fa na pracovn\u00fd trh? - \u0160IOV - \u0161t\u00e1tny in\u0161tit\u00fat odborn\u00e9ho vzdel\u00e1vania","isPartOf":{"@id":"https:\/\/archiv.siov.sk\/#website"},"primaryImageOfPage":{"@id":"https:\/\/archiv.siov.sk\/co-ocakavaju-zamestnavatelia-od-mladych-profesionalov-ktori-vstupuju-na-pracovny-trh\/#primaryimage"},"image":{"@id":"https:\/\/archiv.siov.sk\/co-ocakavaju-zamestnavatelia-od-mladych-profesionalov-ktori-vstupuju-na-pracovny-trh\/#primaryimage"},"thumbnailUrl":"https:\/\/archiv.siov.sk\/wp-content\/uploads\/2024\/11\/IMG-20241120-WA0000-e1732192750104.jpg","datePublished":"2024-11-21T19:38:18+00:00","dateModified":"2024-12-02T11:10:40+00:00","description":"\u0160t\u00e1tny in\u0161tit\u00fat odborn\u00e9ho vzdel\u00e1vania (\u0160IOV) otvoril 19. novembra 2024 dvojd\u0148ov\u00fa diskusiu na k\u013e\u00fa\u010dov\u00e9 t\u00e9my v sektore stavebn\u00edctva v r\u00e1mci projektu \"Zlep\u0161enie kvality a atrakt\u00edvnosti odborn\u00e9ho vzdel\u00e1vania a pr\u00edpravy (OVP) v s\u00falade s potrebami trhu pr\u00e1ce\".","breadcrumb":{"@id":"https:\/\/archiv.siov.sk\/co-ocakavaju-zamestnavatelia-od-mladych-profesionalov-ktori-vstupuju-na-pracovny-trh\/#breadcrumb"},"inLanguage":"en-GB","potentialAction":[{"@type":"ReadAction","target":["https:\/\/archiv.siov.sk\/co-ocakavaju-zamestnavatelia-od-mladych-profesionalov-ktori-vstupuju-na-pracovny-trh\/"]}]},{"@type":"ImageObject","inLanguage":"en-GB","@id":"https:\/\/archiv.siov.sk\/co-ocakavaju-zamestnavatelia-od-mladych-profesionalov-ktori-vstupuju-na-pracovny-trh\/#primaryimage","url":"https:\/\/archiv.siov.sk\/wp-content\/uploads\/2024\/11\/IMG-20241120-WA0000-e1732192750104.jpg","contentUrl":"https:\/\/archiv.siov.sk\/wp-content\/uploads\/2024\/11\/IMG-20241120-WA0000-e1732192750104.jpg","width":1600,"height":808},{"@type":"BreadcrumbList","@id":"https:\/\/archiv.siov.sk\/co-ocakavaju-zamestnavatelia-od-mladych-profesionalov-ktori-vstupuju-na-pracovny-trh\/#breadcrumb","itemListElement":[{"@type":"ListItem","position":1,"name":"Home","item":"https:\/\/archiv.siov.sk\/"},{"@type":"ListItem","position":2,"name":"\u010co o\u010dak\u00e1vaj\u00fa zamestn\u00e1vatelia od mlad\u00fdch profesion\u00e1lov, ktor\u00ed vstupuj\u00fa na pracovn\u00fd trh?"}]},{"@type":"WebSite","@id":"https:\/\/archiv.siov.sk\/#website","url":"https:\/\/archiv.siov.sk\/","name":"\u0160IOV - \u0161t\u00e1tny in\u0161tit\u00fat odborn\u00e9ho vzdel\u00e1vania","description":"","publisher":{"@id":"https:\/\/archiv.siov.sk\/#organization"},"potentialAction":[{"@type":"SearchAction","target":{"@type":"EntryPoint","urlTemplate":"https:\/\/archiv.siov.sk\/?s={search_term_string}"},"query-input":{"@type":"PropertyValueSpecification","valueRequired":true,"valueName":"search_term_string"}}],"inLanguage":"en-GB"},{"@type":"Organization","@id":"https:\/\/archiv.siov.sk\/#organization","name":"\u0160IOV - \u0161t\u00e1tny in\u0161tit\u00fat odborn\u00e9ho vzdel\u00e1vania","url":"https:\/\/archiv.siov.sk\/","logo":{"@type":"ImageObject","inLanguage":"en-GB","@id":"https:\/\/archiv.siov.sk\/#\/schema\/logo\/image\/","url":"https:\/\/archiv.siov.sk\/wp-content\/uploads\/2024\/02\/logo-SIOV.png","contentUrl":"https:\/\/archiv.siov.sk\/wp-content\/uploads\/2024\/02\/logo-SIOV.png","width":431,"height":143,"caption":"\u0160IOV - \u0161t\u00e1tny in\u0161tit\u00fat odborn\u00e9ho vzdel\u00e1vania"},"image":{"@id":"https:\/\/archiv.siov.sk\/#\/schema\/logo\/image\/"},"sameAs":["https:\/\/www.facebook.com\/Statnyinstitutodbornehovzdelavania"]},{"@type":"Person","@id":"https:\/\/archiv.siov.sk\/#\/schema\/person\/70de33c3c88facac4a386ef06f733b92","name":"Sylvia Hamadejova","url":"https:\/\/archiv.siov.sk\/en\/author\/hamadejovas\/"}]}},"_links":{"self":[{"href":"https:\/\/archiv.siov.sk\/en\/wp-json\/wp\/v2\/posts\/17322","targetHints":{"allow":["GET"]}}],"collection":[{"href":"https:\/\/archiv.siov.sk\/en\/wp-json\/wp\/v2\/posts"}],"about":[{"href":"https:\/\/archiv.siov.sk\/en\/wp-json\/wp\/v2\/types\/post"}],"author":[{"embeddable":true,"href":"https:\/\/archiv.siov.sk\/en\/wp-json\/wp\/v2\/users\/11"}],"replies":[{"embeddable":true,"href":"https:\/\/archiv.siov.sk\/en\/wp-json\/wp\/v2\/comments?post=17322"}],"version-history":[{"count":7,"href":"https:\/\/archiv.siov.sk\/en\/wp-json\/wp\/v2\/posts\/17322\/revisions"}],"predecessor-version":[{"id":17422,"href":"https:\/\/archiv.siov.sk\/en\/wp-json\/wp\/v2\/posts\/17322\/revisions\/17422"}],"wp:featuredmedia":[{"embeddable":true,"href":"https:\/\/archiv.siov.sk\/en\/wp-json\/wp\/v2\/media\/17324"}],"wp:attachment":[{"href":"https:\/\/archiv.siov.sk\/en\/wp-json\/wp\/v2\/media?parent=17322"}],"wp:term":[{"taxonomy":"category","embeddable":true,"href":"https:\/\/archiv.siov.sk\/en\/wp-json\/wp\/v2\/categories?post=17322"},{"taxonomy":"post_tag","embeddable":true,"href":"https:\/\/archiv.siov.sk\/en\/wp-json\/wp\/v2\/tags?post=17322"}],"curies":[{"name":"wp","href":"https:\/\/api.w.org\/{rel}","templated":true}]}}